{"id":262753,"date":"2026-09-06T16:57:00","date_gmt":"2026-09-06T19:57:00","guid":{"rendered":"https:\/\/www.em.com.br\/emfoco\/?p=262753"},"modified":"2026-09-05T12:21:17","modified_gmt":"2026-09-05T15:21:17","slug":"a-parte-escondida-da-geladeira-que-acumula-poeira-dificulta-o-resfriamento-e-quase-nunca-entra-na-limpeza-da-casa","status":"publish","type":"post","link":"https:\/\/www.em.com.br\/emfoco\/2026\/09\/06\/a-parte-escondida-da-geladeira-que-acumula-poeira-dificulta-o-resfriamento-e-quase-nunca-entra-na-limpeza-da-casa\/","title":{"rendered":"A parte escondida da geladeira que acumula poeira, dificulta o resfriamento e quase nunca entra na limpeza da casa"},"content":{"rendered":"\n<div class=\"emf-summary google-auto-ads-ignore\">\n  <style>\n    .emf-summary {\n      --emf-navy:#00245a;\n      --emf-navy-soft:#0b3b70;\n      --emf-ink:#1d2731;\n      --emf-muted:#66727e;\n      --emf-line:#d7dde5;\n      --emf-paper:#ffffff;\n      --emf-wash:#f4f6f8;\n      box-sizing:border-box!important;\n      inline-size:min(1100px,100%)!important;\n      max-inline-size:100%!important;\n      margin-inline:auto!important;\n      overflow:hidden!important;\n      color:var(--emf-ink);\n      background:var(--emf-paper);\n      border:1px solid var(--emf-line);\n      border-block-start:5px solid var(--emf-navy);\n      border-radius:6px!important;\n      box-shadow:0 8px 24px rgba(0,36,90,.08);\n      font-family:Arial,Helvetica,sans-serif;\n    }\n\n    .emf-summary *,\n    .emf-summary *::before,\n    .emf-summary *::after {\n      box-sizing:border-box!important;\n    }\n\n    .emf-summary-brand {\n      display:flex;\n      align-items:center;\n      gap:14px;\n      padding:16px 20px;\n      color:#fff;\n      background:linear-gradient(105deg,var(--emf-navy) 0%,var(--emf-navy-soft) 100%);\n      border-block-end:1px solid rgba(255,255,255,.18);\n    }\n\n    .emf-summary-logo {\n      display:grid;\n      place-items:center;\n      inline-size:58px;\n      block-size:58px;\n      flex:0 0 58px;\n      background:rgba(255,255,255,.08);\n      border:1px solid rgba(255,255,255,.35);\n      border-radius:3px!important;\n    }\n\n    .emf-summary-logo img {\n      display:block;\n      inline-size:46px;\n      block-size:46px;\n      max-inline-size:46px;\n      max-block-size:46px;\n      object-fit:contain;\n    }\n\n    .emf-summary-eyebrow {\n      margin:0 0 3px;\n      font-size:11px;\n      font-weight:700;\n      letter-spacing:.18em;\n      line-height:1.2;\n      text-transform:uppercase;\n      opacity:.78;\n    }\n\n    .emf-summary-title {\n      margin:0;\n      font-family:Georgia,\"Times New Roman\",serif;\n      font-size:25px;\n      font-weight:700;\n      line-height:1.15;\n    }\n\n    .emf-summary-grid {\n      display:grid;\n      grid-template-columns:repeat(3,minmax(0,1fr));\n      gap:0;\n      background:var(--emf-wash);\n    }\n\n    .emf-summary-card {\n      position:relative;\n      min-block-size:190px;\n      padding:24px 20px 20px;\n      overflow:hidden!important;\n      background:#fff;\n      border-inline-end:1px solid var(--emf-line);\n    }\n\n    .emf-summary-card:last-child {\n      border-inline-end:0;\n    }\n\n    .emf-summary-number {\n      position:absolute;\n      inset-block-start:13px;\n      inset-inline-end:15px;\n      color:rgba(0,36,90,.10);\n      font-family:Georgia,\"Times New Roman\",serif;\n      font-size:46px;\n      font-weight:700;\n      line-height:1;\n      pointer-events:none;\n    }\n\n    .emf-summary-card-title {\n      position:relative;\n      z-index:1;\n      margin:0 0 11px;\n      padding-block-end:10px;\n      color:var(--emf-navy);\n      border-block-end:2px solid var(--emf-navy);\n      font-family:Georgia,\"Times New Roman\",serif;\n      font-size:18px;\n      font-weight:700;\n      line-height:1.3;\n      overflow-wrap:anywhere;\n    }\n\n    .emf-summary-card-text {\n      position:relative;\n      z-index:1;\n      color:#485560;\n      font-size:13px;\n      line-height:1.6;\n      overflow-wrap:anywhere;\n    }\n\n    .emf-summary-card-meta {\n      position:relative;\n      z-index:1;\n      display:inline-flex;\n      margin-block-start:16px;\n      padding:5px 8px;\n      color:var(--emf-navy);\n      background:#edf1f5;\n      border:1px solid #d9e0e7;\n      border-radius:2px!important;\n      font-size:10px;\n      font-weight:700;\n      letter-spacing:.08em;\n      line-height:1.2;\n      text-transform:uppercase;\n    }\n\n    @media(max-width:760px) {\n      .emf-summary-grid {\n        grid-template-columns:1fr;\n      }\n\n      .emf-summary-card {\n        min-block-size:0;\n        border-inline-end:0;\n        border-block-end:1px solid var(--emf-line);\n      }\n\n      .emf-summary-card:last-child {\n        border-block-end:0;\n      }\n    }\n\n    @media(max-width:480px) {\n      .emf-summary-brand {\n        padding:14px 15px;\n      }\n\n      .emf-summary-logo {\n        inline-size:52px;\n        block-size:52px;\n        flex-basis:52px;\n      }\n\n      .emf-summary-logo img {\n        inline-size:41px;\n        block-size:41px;\n        max-inline-size:41px;\n        max-block-size:41px;\n      }\n\n      .emf-summary-title {\n        font-size:22px;\n      }\n\n      .emf-summary-card {\n        padding:21px 16px 18px;\n      }\n    }\n  <\/style>\n\n  <div class=\"emf-summary-brand\">\n    <div class=\"emf-summary-logo\">\n      <img\n        alt=\"Logo EM Foco\"\n        decoding=\"async\"\n        fetchpriority=\"high\"\n        height=\"46\"\n        loading=\"eager\"\n        referrerpolicy=\"no-referrer\"\n        src=\"https:\/\/www.em.com.br\/emfoco\/wp-content\/uploads\/2026\/08\/em_transparente_3000px-scaled.png\"\n        width=\"46\"\n      >\n    <\/div>\n\n    <div>\n      <div class=\"emf-summary-eyebrow\">EM FOCO<\/div>\n      <div class=\"emf-summary-title\">Resumo da mat\u00e9ria<\/div>\n    <\/div>\n  <\/div>\n\n  <div class=\"emf-summary-grid\">\n    <div class=\"emf-summary-card\">\n      <span aria-hidden=\"true\" class=\"emf-summary-number\">01<\/span>\n      <div aria-level=\"3\" class=\"emf-summary-card-title\" role=\"heading\">\n        Condensador libera calor\n      <\/div>\n      <div class=\"emf-summary-card-text\">\n        As serpentinas fazem parte do circuito que transfere para o ambiente o calor retirado de dentro da geladeira.\n      <\/div>\n      <div class=\"emf-summary-card-meta\">\n        troca t\u00e9rmica\n      <\/div>\n    <\/div>\n    <div class=\"emf-summary-card\">\n      <span aria-hidden=\"true\" class=\"emf-summary-number\">02<\/span>\n      <div aria-level=\"3\" class=\"emf-summary-card-title\" role=\"heading\">\n        Poeira pode atrapalhar\n      <\/div>\n      <div class=\"emf-summary-card-text\">\n        Quando o modelo possui serpentinas acess\u00edveis, sujeira acumulada reduz a circula\u00e7\u00e3o de ar ao redor da \u00e1rea que precisa dissipar calor.\n      <\/div>\n      <div class=\"emf-summary-card-meta\">\n        efici\u00eancia\n      <\/div>\n    <\/div>\n    <div class=\"emf-summary-card\">\n      <span aria-hidden=\"true\" class=\"emf-summary-number\">03<\/span>\n      <div aria-level=\"3\" class=\"emf-summary-card-title\" role=\"heading\">\n        Nem todo modelo abre\n      <\/div>\n      <div class=\"emf-summary-card-text\">\n        Fabricantes alertam que alguns aparelhos dispensam limpeza rotineira e outros s\u00f3 permitem acesso por t\u00e9cnico, raz\u00e3o para consultar o manual.\n      <\/div>\n      <div class=\"emf-summary-card-meta\">\n        modelo espec\u00edfico\n      <\/div>\n    <\/div>\n  <\/div>\n<\/div>\n\n\n\n<p class=\"wp-block-paragraph\">As <strong>serpentinas do condensador<\/strong> ajudam a geladeira a liberar o calor retirado do interior. Quando ficam cobertas de poeira, a troca de calor pode perder efici\u00eancia. A Energy Star recomenda mant\u00ea-las limpas em modelos antigos e consultar o manual, pois alguns aparelhos novos dispensam limpeza dom\u00e9stica desse componente.<\/p>\n\n\n\n<h2 class=\"wp-block-heading\">O que s\u00e3o as serpentinas escondidas da geladeira?<\/h2>\n\n\n\n<p class=\"wp-block-paragraph\">Uma <a href=\"https:\/\/en.wikipedia.org\/wiki\/Refrigerator\" target=\"_blank\" rel=\"noopener noreferrer\"><strong>geladeira<\/strong><\/a> usa um circuito de refrigera\u00e7\u00e3o para retirar calor do compartimento interno e liber\u00e1-lo no ambiente. O condensador participa dessa etapa externa. Em modelos tradicionais, suas serpentinas podem ficar atr\u00e1s do gabinete ou pr\u00f3ximas da base, protegidas por grade.<\/p>\n\n\n\n<p class=\"wp-block-paragraph\">Quando acess\u00edveis, essas estruturas dependem de <strong>circula\u00e7\u00e3o de ar ao redor<\/strong> para dissipar calor. Poeira, pelos e gordura podem se acumular no local ao longo do tempo. O efeito pr\u00e1tico pode ser maior esfor\u00e7o do sistema para manter a temperatura, especialmente em aparelhos antigos ou instalados em ambiente muito sujo.<\/p>\n\n\n<div class=\"wp-block-image\">\n<figure class=\"aligncenter size-large\"><img decoding=\"async\" width=\"1024\" height=\"576\" src=\"https:\/\/www.em.com.br\/emfoco\/wp-content\/uploads\/2026\/09\/geladeri3-1-1024x576.jpg\" alt=\"\" class=\"wp-image-262794\" srcset=\"https:\/\/www.em.com.br\/emfoco\/wp-content\/uploads\/2026\/09\/geladeri3-1-1024x576.jpg 1024w, https:\/\/www.em.com.br\/emfoco\/wp-content\/uploads\/2026\/09\/geladeri3-1-300x169.jpg 300w, https:\/\/www.em.com.br\/emfoco\/wp-content\/uploads\/2026\/09\/geladeri3-1-768x432.jpg 768w, https:\/\/www.em.com.br\/emfoco\/wp-content\/uploads\/2026\/09\/geladeri3-1-1140x641.jpg 1140w, https:\/\/www.em.com.br\/emfoco\/wp-content\/uploads\/2026\/09\/geladeri3-1-750x421.jpg 750w, https:\/\/www.em.com.br\/emfoco\/wp-content\/uploads\/2026\/09\/geladeri3-1.jpg 1280w\" sizes=\"(max-width: 1024px) 100vw, 1024px\" \/><figcaption class=\"wp-element-caption\">O ac\u00famulo pode dificultar a troca de calor e fazer o sistema trabalhar em condi\u00e7\u00f5es menos favor\u00e1veis<\/figcaption><\/figure>\n<\/div>\n\n\n<h2 class=\"wp-block-heading\">Por que poeira no condensador pode dificultar o resfriamento?<\/h2>\n\n\n\n<p class=\"wp-block-paragraph\">O condensador precisa transferir calor para o ar. Uma camada de sujeira ao redor de serpentinas e grades cria obst\u00e1culo adicional \u00e0 troca t\u00e9rmica e \u00e0 ventila\u00e7\u00e3o. Por isso, <strong>limpeza quando prevista pelo fabricante<\/strong> ajuda o aparelho a resfriar com efici\u00eancia e manter temperaturas mais est\u00e1veis.<\/p>\n\n\n\n<p class=\"wp-block-paragraph\">A <a href=\"https:\/\/producthelp.whirlpool.com\/Refrigeration\/Full-Size_Refrigerators\/Product_Info\/Cleaning_and_Care\/How_and_When_to_Safely_Clean_the_Condenser_Coils\" target=\"_blank\" rel=\"noopener noreferrer\"><strong>Whirlpool<\/strong><\/a> explica que serpentinas limpas ajudam a geladeira a resfriar eficientemente. A fabricante tamb\u00e9m ressalta que a frequ\u00eancia depende do ambiente e que alguns modelos n\u00e3o precisam dessa limpeza ou exigem t\u00e9cnico.<\/p>\n\n\n\n<h2 class=\"wp-block-heading\">Onde procurar as serpentinas antes de come\u00e7ar a limpeza?<\/h2>\n\n\n\n<p class=\"wp-block-paragraph\">N\u00e3o existe uma posi\u00e7\u00e3o \u00fanica. Elas podem ficar <strong>atr\u00e1s, embaixo ou dentro de um compartimento protegido<\/strong>, dependendo do projeto. Antes de puxar a geladeira, procure no manual a se\u00e7\u00e3o de manuten\u00e7\u00e3o e confirme se o condensador \u00e9 acess\u00edvel ao usu\u00e1rio e qual painel pode ser removido.<\/p>\n\n\n\n<p class=\"wp-block-paragraph\">Evite desmontar tampas sem autoriza\u00e7\u00e3o, mexer em tubula\u00e7\u00f5es ou for\u00e7ar grades. Se o manual disser que o componente n\u00e3o exige manuten\u00e7\u00e3o dom\u00e9stica, respeite essa orienta\u00e7\u00e3o. A presen\u00e7a de poeira em uma \u00e1rea externa n\u00e3o significa que <strong>todo condensador deva ser aberto<\/strong> pelo propriet\u00e1rio.<\/p>\n\n\n\n<p class=\"myth-list-bridge wp-block-paragraph\">A seguir listamos <strong>4 verifica\u00e7\u00f5es antes da limpeza<\/strong> que ajudam a evitar desmontagem desnecess\u00e1ria e contato com componentes que n\u00e3o foram feitos para acesso dom\u00e9stico:<\/p>\n\n\n\n<ul class=\"wp-block-list myth-bullet-list\">\n<li><strong>Consulte o manual: <\/strong>confirme localiza\u00e7\u00e3o e necessidade real de limpeza.<\/li>\n\n\n\n<li><strong>Desligue o aparelho: <\/strong>siga a orienta\u00e7\u00e3o el\u00e9trica do fabricante antes de acessar a \u00e1rea.<\/li>\n\n\n\n<li><strong>Proteja tubula\u00e7\u00f5es: <\/strong>n\u00e3o dobre, puxe ou use ferramentas sobre linhas do circuito.<\/li>\n\n\n\n<li><strong>Use ferramenta macia: <\/strong>quando permitido, prefira aspirador ou escova indicada para poeira.<\/li>\n<\/ul>\n\n\n\n<p class=\"wp-block-paragraph\"><strong>Leia tamb\u00e9m: <a href=\"https:\/\/www.em.com.br\/emfoco\/2026\/09\/05\/misturar-limao-sal-e-amido-de-milho-para-que-serve-em-pecas-de-cobre-e-por-que-nao-deve-ser-usado-em-superficies-laqueadas\/\" target=\"_blank\" rel=\"noreferrer noopener\">Misturar lim\u00e3o, sal e amido de milho: para que serve em pe\u00e7as de cobre e por que n\u00e3o deve ser usado em superf\u00edcies laqueadas<\/a><\/strong><\/p>\n\n\n\n<h2 class=\"wp-block-heading\">Como remover poeira quando o manual permite acesso?<\/h2>\n\n\n\n<p class=\"wp-block-paragraph\">Modelos com procedimento dom\u00e9stico costumam pedir que a energia seja desligada antes do servi\u00e7o. Depois, uma <strong>escova macia ou aspirador com bocal adequado<\/strong> pode retirar poeira da grade e da superf\u00edcie acess\u00edvel do condensador. N\u00e3o dobre aletas nem force tubos durante a limpeza.<\/p>\n\n\n\n<p class=\"wp-block-paragraph\">A frequ\u00eancia n\u00e3o \u00e9 universal. Casas com animais, gordura ou muita poeira podem precisar de inspe\u00e7\u00f5es mais frequentes, enquanto outros aparelhos quase n\u00e3o exigem interven\u00e7\u00e3o. O crit\u00e9rio correto \u00e9 <strong>combinar o ambiente com a orienta\u00e7\u00e3o do fabricante<\/strong>, em vez de adotar um calend\u00e1rio fixo para qualquer geladeira.<\/p>\n\n\n\n<p class=\"myth-html-bridge wp-block-paragraph\">A seguir listamos <strong>3 diferen\u00e7as entre modelos<\/strong> que explicam por que uma rotina de limpeza copiada de outra geladeira pode ser inadequada para a sua:<\/p>\n\n\n\n<div class=\"emf-data-table google-auto-ads-ignore\">\n  <style>\n    .emf-data-table {\n      --emf-navy:#00245a;\n      --emf-navy-soft:#0b3b70;\n      --emf-ink:#1d2731;\n      --emf-muted:#66727e;\n      --emf-line:#d7dde5;\n      --emf-wash:#f4f6f8;\n      box-sizing:border-box!important;\n      inline-size:min(1100px,100%)!important;\n      max-inline-size:100%!important;\n      margin-inline:auto!important;\n      overflow:hidden!important;\n      color:var(--emf-ink);\n      background:#fff;\n      border:1px solid var(--emf-line);\n      border-radius:6px!important;\n      box-shadow:0 8px 24px rgba(0,36,90,.08);\n      font-family:Arial,Helvetica,sans-serif;\n    }\n\n    .emf-data-table *,\n    .emf-data-table *::before,\n    .emf-data-table *::after {\n      box-sizing:border-box!important;\n    }\n\n    .emf-data-table-brand {\n      display:flex;\n      align-items:center;\n      gap:13px;\n      min-block-size:72px;\n      padding:10px 17px;\n      color:#fff;\n      background:linear-gradient(105deg,var(--emf-navy) 0%,var(--emf-navy-soft) 100%);\n      border-block-end:4px solid #c5ced8;\n    }\n\n    .emf-data-table-logo {\n      display:grid;\n      place-items:center;\n      inline-size:52px;\n      block-size:52px;\n      flex:0 0 52px;\n      background:rgba(255,255,255,.08);\n      border:1px solid rgba(255,255,255,.35);\n      border-radius:3px!important;\n    }\n\n    .emf-data-table-logo img {\n      display:block;\n      inline-size:41px;\n      block-size:41px;\n      max-inline-size:41px;\n      max-block-size:41px;\n      object-fit:contain;\n    }\n\n    .emf-data-table-kicker {\n      margin:0 0 2px;\n      font-size:10px;\n      font-weight:700;\n      letter-spacing:.16em;\n      line-height:1.2;\n      text-transform:uppercase;\n      opacity:.78;\n    }\n\n    .emf-data-table-title {\n      margin:0;\n      font-family:Georgia,\"Times New Roman\",serif;\n      font-size:21px;\n      font-weight:700;\n      line-height:1.2;\n    }\n\n    .emf-data-table-scroll {\n      display:block!important;\n      inline-size:100%!important;\n      max-inline-size:100%!important;\n      overflow-x:auto!important;\n      overflow-y:hidden!important;\n      -webkit-overflow-scrolling:touch;\n      overscroll-behavior-inline:contain;\n      scrollbar-width:thin;\n      scrollbar-color:#8798aa #edf1f5;\n    }\n\n    .emf-data-table-scroll:focus-visible {\n      outline:3px solid rgba(0,36,90,.35);\n      outline-offset:-3px;\n    }\n\n    .emf-data-table table {\n      display:table!important;\n      inline-size:100%!important;\n      min-inline-size:680px!important;\n      max-inline-size:none!important;\n      margin:0!important;\n      border:0!important;\n      border-collapse:separate!important;\n      border-spacing:0!important;\n      table-layout:auto!important;\n      background:#fff!important;\n    }\n\n    .emf-data-table caption {\n      position:absolute!important;\n      inline-size:1px!important;\n      block-size:1px!important;\n      padding:0!important;\n      margin:-1px!important;\n      overflow:hidden!important;\n      clip:rect(0,0,0,0)!important;\n      white-space:nowrap!important;\n      border:0!important;\n    }\n\n    .emf-data-table thead {\n      display:table-header-group!important;\n    }\n\n    .emf-data-table tbody {\n      display:table-row-group!important;\n    }\n\n    .emf-data-table tr {\n      display:table-row!important;\n    }\n\n    .emf-data-table th,\n    .emf-data-table td {\n      display:table-cell!important;\n      float:none!important;\n      inline-size:auto!important;\n      max-inline-size:none!important;\n      margin:0!important;\n      border-radius:0!important;\n      text-align:left!important;\n      vertical-align:middle!important;\n    }\n\n    .emf-data-table th {\n      padding:14px 17px!important;\n      color:#fff!important;\n      background:var(--emf-navy)!important;\n      border-block-end:1px solid rgba(255,255,255,.22)!important;\n      border-inline-end:1px solid rgba(255,255,255,.12)!important;\n      font-family:Georgia,\"Times New Roman\",serif;\n      font-size:14px!important;\n      font-weight:700!important;\n      line-height:1.35!important;\n      white-space:nowrap!important;\n    }\n\n    .emf-data-table th:last-child {\n      border-inline-end:0!important;\n    }\n\n    .emf-data-table td {\n      padding:14px 17px!important;\n      color:#43515e!important;\n      background:#fff!important;\n      border-block-end:1px solid var(--emf-line)!important;\n      font-size:14px!important;\n      font-weight:400!important;\n      line-height:1.5!important;\n      overflow-wrap:anywhere;\n    }\n\n    .emf-data-table tbody tr:nth-child(even) td {\n      background:var(--emf-wash)!important;\n    }\n\n    .emf-data-table tbody tr:hover td {\n      background:#eaf0f5!important;\n    }\n\n    .emf-data-table tbody tr:last-child td {\n      border-block-end:0!important;\n    }\n\n    .emf-data-table td:first-child {\n      color:var(--emf-navy)!important;\n      font-weight:700!important;\n    }\n\n    @media(max-width:560px) {\n      .emf-data-table-brand {\n        min-block-size:68px;\n        padding:9px 13px;\n      }\n\n      .emf-data-table-title {\n        font-size:19px;\n      }\n\n      .emf-data-table-scroll {\n        overflow:visible!important;\n      }\n\n      .emf-data-table table,\n      .emf-data-table thead,\n      .emf-data-table tbody,\n      .emf-data-table tr,\n      .emf-data-table th,\n      .emf-data-table td {\n        display:block!important;\n        inline-size:100%!important;\n        min-inline-size:0!important;\n        max-inline-size:100%!important;\n      }\n\n      .emf-data-table table {\n        padding:13px!important;\n      }\n\n      .emf-data-table thead {\n        position:absolute!important;\n        inline-size:1px!important;\n        block-size:1px!important;\n        padding:0!important;\n        margin:-1px!important;\n        overflow:hidden!important;\n        clip:rect(0,0,0,0)!important;\n        white-space:nowrap!important;\n      }\n\n      .emf-data-table tbody {\n        display:grid!important;\n        gap:11px;\n      }\n\n      .emf-data-table tr {\n        overflow:hidden!important;\n        background:#fff!important;\n        border:1px solid var(--emf-line)!important;\n        border-block-start:4px solid var(--emf-navy)!important;\n        border-radius:4px!important;\n        box-shadow:0 4px 12px rgba(0,36,90,.06);\n      }\n\n      .emf-data-table td,\n      .emf-data-table tbody tr:nth-child(even) td,\n      .emf-data-table tbody tr:hover td {\n        display:grid!important;\n        grid-template-columns:minmax(105px,38%) minmax(0,1fr)!important;\n        align-items:start;\n        gap:11px;\n        padding:11px 12px!important;\n        background:#fff!important;\n        border-block-end:1px solid #e2e7ec!important;\n      }\n\n      .emf-data-table td::before {\n        content:attr(data-label);\n        color:var(--emf-muted);\n        font-size:10px;\n        font-weight:700;\n        letter-spacing:.06em;\n        line-height:1.35;\n        text-transform:uppercase;\n      }\n\n      .emf-data-table td:first-child {\n        color:var(--emf-navy)!important;\n        background:#edf1f5!important;\n      }\n\n      .emf-data-table td:last-child {\n        border-block-end:0!important;\n      }\n    }\n  <\/style>\n\n  <div class=\"emf-data-table-brand\">\n    <div class=\"emf-data-table-logo\">\n      <img\n        alt=\"Logo EM Foco\"\n        decoding=\"async\"\n        height=\"41\"\n        loading=\"lazy\"\n        referrerpolicy=\"no-referrer\"\n        src=\"https:\/\/www.em.com.br\/emfoco\/wp-content\/uploads\/2026\/08\/em_transparente_3000px-scaled.png\"\n        width=\"41\"\n      >\n    <\/div>\n\n    <div>\n      <div class=\"emf-data-table-kicker\">DADOS EM FOCO<\/div>\n      <div class=\"emf-data-table-title\">Antes de limpar o condensador<\/div>\n    <\/div>\n  <\/div>\n\n  <div aria-label=\"Tabela com situa\u00e7\u00e3o, a\u00e7\u00e3o e cuidado para serpentinas de geladeira\" class=\"emf-data-table-scroll\" role=\"region\" tabindex=\"0\">\n    <table>\n      <caption>Resumo das decis\u00f5es antes de limpar serpentinas do condensador<\/caption>\n      <thead>\n        <tr>\n          <th scope=\"col\">Situa\u00e7\u00e3o<\/th>\n          <th scope=\"col\">A\u00e7\u00e3o<\/th>\n          <th scope=\"col\">Cuidado<\/th>\n        <\/tr>\n      <\/thead>\n      <tbody>\n        <tr>\n          <td data-label=\"Situa\u00e7\u00e3o\">Serpentina acess\u00edvel<\/td>\n          <td data-label=\"A\u00e7\u00e3o\">Remover poeira conforme o manual<\/td>\n          <td data-label=\"Cuidado\">Usar ferramenta macia<\/td>\n        <\/tr>\n        <tr>\n          <td data-label=\"Situa\u00e7\u00e3o\">Modelo sem limpeza rotineira<\/td>\n          <td data-label=\"A\u00e7\u00e3o\">N\u00e3o desmontar<\/td>\n          <td data-label=\"Cuidado\">Respeitar projeto do aparelho<\/td>\n        <\/tr>\n        <tr>\n          <td data-label=\"Situa\u00e7\u00e3o\">Acesso t\u00e9cnico<\/td>\n          <td data-label=\"A\u00e7\u00e3o\">Chamar assist\u00eancia<\/td>\n          <td data-label=\"Cuidado\">Evitar tubula\u00e7\u00f5es e pain\u00e9is internos<\/td>\n        <\/tr>\n      <\/tbody>\n    <\/table>\n  <\/div>\n<\/div>\n\n\n\n<h2 class=\"wp-block-heading\">Quando a limpeza deve ser deixada para assist\u00eancia t\u00e9cnica?<\/h2>\n\n\n\n<p class=\"wp-block-paragraph\">Se o condensador estiver fechado, se o manual exigir profissional ou se houver necessidade de desmontar componentes, pare. Ru\u00eddos anormais, aquecimento excessivo e falha persistente de refrigera\u00e7\u00e3o tamb\u00e9m n\u00e3o devem ser atribu\u00eddos automaticamente \u00e0 poeira. <strong>Problemas de resfriamento t\u00eam v\u00e1rias causas<\/strong> e podem exigir diagn\u00f3stico.<\/p>\n\n\n\n<p class=\"wp-block-paragraph\">As <strong>serpentinas do condensador<\/strong> merecem aten\u00e7\u00e3o porque ficam fora do campo de vis\u00e3o e trabalham justamente para expulsar calor. Em modelos que permitem acesso, retirar poeira pode ajudar a efici\u00eancia; em outros, a melhor manuten\u00e7\u00e3o \u00e9 n\u00e3o abrir nada. O manual define qual dessas duas situa\u00e7\u00f5es vale para o aparelho.<\/p>\n","protected":false},"excerpt":{"rendered":"<p>EM FOCO Resumo da mat\u00e9ria 01 Condensador libera calor As serpentinas fazem parte do circuito que transfere para o ambiente o calor retirado de dentro da geladeira. troca t\u00e9rmica 02 Poeira pode atrapalhar Quando o modelo possui serpentinas acess\u00edveis, sujeira acumulada reduz a circula\u00e7\u00e3o de ar ao redor da \u00e1rea que precisa dissipar calor. efici\u00eancia [&hellip;]<\/p>\n","protected":false},"author":30,"featured_media":262792,"comment_status":"open","ping_status":"open","sticky":false,"template":"","format":"standard","meta":{"jnews-multi-image_gallery":[],"jnews_single_post":{"format":"standard"},"jnews_primary_category":[],"jnews_social_meta":[],"jnews_override_counter":[],"footnotes":""},"categories":[8819],"tags":[35373,7291,3337,3034],"class_list":["post-262753","post","type-post","status-publish","format-standard","has-post-thumbnail","hentry","category-curiosidades","tag-condensador","tag-geladeira","tag-limpeza","tag-manutencao"],"yoast_head":"<!-- This site is optimized with the Yoast SEO plugin v28.3 - https:\/\/yoast.com\/product\/yoast-seo-wordpress\/ -->\n<title>A parte escondida da geladeira que acumula poeira, dificulta o resfriamento e quase nunca entra na limpeza da casa - Estado de Minas - Em foco<\/title>\n<meta name=\"description\" content=\"A poeira nas serpentinas pode atrapalhar a troca de calor, mas nem toda geladeira exige limpeza dom\u00e9stica dessa parte escondida.\" \/>\n<meta name=\"robots\" content=\"index, follow, max-snippet:-1, max-image-preview:large, max-video-preview:-1\" \/>\n<link rel=\"canonical\" href=\"https:\/\/www.em.com.br\/emfoco\/2026\/09\/06\/a-parte-escondida-da-geladeira-que-acumula-poeira-dificulta-o-resfriamento-e-quase-nunca-entra-na-limpeza-da-casa\/\" \/>\n<meta property=\"og:locale\" content=\"pt_BR\" \/>\n<meta property=\"og:type\" content=\"article\" \/>\n<meta property=\"og:title\" content=\"A parte escondida da geladeira que acumula poeira, dificulta o resfriamento e quase nunca entra na limpeza da casa - Estado de Minas - Em foco\" \/>\n<meta property=\"og:description\" content=\"A poeira nas serpentinas pode atrapalhar a troca de calor, mas nem toda geladeira exige limpeza dom\u00e9stica dessa parte escondida.\" \/>\n<meta property=\"og:url\" content=\"https:\/\/www.em.com.br\/emfoco\/2026\/09\/06\/a-parte-escondida-da-geladeira-que-acumula-poeira-dificulta-o-resfriamento-e-quase-nunca-entra-na-limpeza-da-casa\/\" \/>\n<meta property=\"og:site_name\" content=\"Estado de Minas - Em foco\" \/>\n<meta property=\"article:published_time\" content=\"2026-09-06T19:57:00+00:00\" \/>\n<meta property=\"og:image\" content=\"https:\/\/www.em.com.br\/emfoco\/wp-content\/uploads\/2026\/09\/geladeir2.jpg\" \/>\n\t<meta property=\"og:image:width\" content=\"1280\" \/>\n\t<meta property=\"og:image:height\" content=\"720\" \/>\n\t<meta property=\"og:image:type\" content=\"image\/jpeg\" \/>\n<meta name=\"author\" content=\"Guilherme Ara\u00fajo\" \/>\n<meta name=\"twitter:card\" content=\"summary_large_image\" \/>\n<meta name=\"twitter:label1\" content=\"Escrito por\" \/>\n\t<meta name=\"twitter:data1\" content=\"Guilherme Ara\u00fajo\" \/>\n\t<meta name=\"twitter:label2\" content=\"Est. tempo de leitura\" \/>\n\t<meta name=\"twitter:data2\" content=\"6 minutos\" \/>\n<!-- \/ Yoast SEO plugin. -->","yoast_head_json":{"title":"A parte escondida da geladeira que acumula poeira, dificulta o resfriamento e quase nunca entra na limpeza da casa - Estado de Minas - Em foco","description":"A poeira nas serpentinas pode atrapalhar a troca de calor, mas nem toda geladeira exige limpeza dom\u00e9stica dessa parte escondida.","robots":{"index":"index","follow":"follow","max-snippet":"max-snippet:-1","max-image-preview":"max-image-preview:large","max-video-preview":"max-video-preview:-1"},"canonical":"https:\/\/www.em.com.br\/emfoco\/2026\/09\/06\/a-parte-escondida-da-geladeira-que-acumula-poeira-dificulta-o-resfriamento-e-quase-nunca-entra-na-limpeza-da-casa\/","og_locale":"pt_BR","og_type":"article","og_title":"A parte escondida da geladeira que acumula poeira, dificulta o resfriamento e quase nunca entra na limpeza da casa - Estado de Minas - Em foco","og_description":"A poeira nas serpentinas pode atrapalhar a troca de calor, mas nem toda geladeira exige limpeza dom\u00e9stica dessa parte escondida.","og_url":"https:\/\/www.em.com.br\/emfoco\/2026\/09\/06\/a-parte-escondida-da-geladeira-que-acumula-poeira-dificulta-o-resfriamento-e-quase-nunca-entra-na-limpeza-da-casa\/","og_site_name":"Estado de Minas - Em foco","article_published_time":"2026-09-06T19:57:00+00:00","og_image":[{"width":1280,"height":720,"url":"https:\/\/www.em.com.br\/emfoco\/wp-content\/uploads\/2026\/09\/geladeir2.jpg","type":"image\/jpeg"}],"author":"Guilherme Ara\u00fajo","twitter_card":"summary_large_image","twitter_misc":{"Escrito por":"Guilherme Ara\u00fajo","Est. tempo de leitura":"6 minutos"},"schema":{"@context":"https:\/\/schema.org","@graph":[{"@type":"Article","@id":"https:\/\/www.em.com.br\/emfoco\/2026\/09\/06\/a-parte-escondida-da-geladeira-que-acumula-poeira-dificulta-o-resfriamento-e-quase-nunca-entra-na-limpeza-da-casa\/#article","isPartOf":{"@id":"https:\/\/www.em.com.br\/emfoco\/2026\/09\/06\/a-parte-escondida-da-geladeira-que-acumula-poeira-dificulta-o-resfriamento-e-quase-nunca-entra-na-limpeza-da-casa\/"},"author":{"name":"Guilherme Ara\u00fajo","@id":"https:\/\/www.em.com.br\/emfoco\/#\/schema\/person\/5379e929a4b966c775d121e23f9bb421"},"headline":"A parte escondida da geladeira que acumula poeira, dificulta o resfriamento e quase nunca entra na limpeza da casa","datePublished":"2026-09-06T19:57:00+00:00","mainEntityOfPage":{"@id":"https:\/\/www.em.com.br\/emfoco\/2026\/09\/06\/a-parte-escondida-da-geladeira-que-acumula-poeira-dificulta-o-resfriamento-e-quase-nunca-entra-na-limpeza-da-casa\/"},"wordCount":916,"commentCount":0,"image":{"@id":"https:\/\/www.em.com.br\/emfoco\/2026\/09\/06\/a-parte-escondida-da-geladeira-que-acumula-poeira-dificulta-o-resfriamento-e-quase-nunca-entra-na-limpeza-da-casa\/#primaryimage"},"thumbnailUrl":"https:\/\/www.em.com.br\/emfoco\/wp-content\/uploads\/2026\/09\/geladeir2.jpg","keywords":["condensador","geladeira","limpeza","manuten\u00e7\u00e3o"],"articleSection":["Curiosidades"],"inLanguage":"pt-BR","potentialAction":[{"@type":"CommentAction","name":"Comment","target":["https:\/\/www.em.com.br\/emfoco\/2026\/09\/06\/a-parte-escondida-da-geladeira-que-acumula-poeira-dificulta-o-resfriamento-e-quase-nunca-entra-na-limpeza-da-casa\/#respond"]}]},{"@type":"WebPage","@id":"https:\/\/www.em.com.br\/emfoco\/2026\/09\/06\/a-parte-escondida-da-geladeira-que-acumula-poeira-dificulta-o-resfriamento-e-quase-nunca-entra-na-limpeza-da-casa\/","url":"https:\/\/www.em.com.br\/emfoco\/2026\/09\/06\/a-parte-escondida-da-geladeira-que-acumula-poeira-dificulta-o-resfriamento-e-quase-nunca-entra-na-limpeza-da-casa\/","name":"A parte escondida da geladeira que acumula poeira, dificulta o resfriamento e quase nunca entra na limpeza da casa - Estado de Minas - Em foco","isPartOf":{"@id":"https:\/\/www.em.com.br\/emfoco\/#website"},"primaryImageOfPage":{"@id":"https:\/\/www.em.com.br\/emfoco\/2026\/09\/06\/a-parte-escondida-da-geladeira-que-acumula-poeira-dificulta-o-resfriamento-e-quase-nunca-entra-na-limpeza-da-casa\/#primaryimage"},"image":{"@id":"https:\/\/www.em.com.br\/emfoco\/2026\/09\/06\/a-parte-escondida-da-geladeira-que-acumula-poeira-dificulta-o-resfriamento-e-quase-nunca-entra-na-limpeza-da-casa\/#primaryimage"},"thumbnailUrl":"https:\/\/www.em.com.br\/emfoco\/wp-content\/uploads\/2026\/09\/geladeir2.jpg","datePublished":"2026-09-06T19:57:00+00:00","author":{"@id":"https:\/\/www.em.com.br\/emfoco\/#\/schema\/person\/5379e929a4b966c775d121e23f9bb421"},"description":"A poeira nas serpentinas pode atrapalhar a troca de calor, mas nem toda geladeira exige limpeza dom\u00e9stica dessa parte escondida.","breadcrumb":{"@id":"https:\/\/www.em.com.br\/emfoco\/2026\/09\/06\/a-parte-escondida-da-geladeira-que-acumula-poeira-dificulta-o-resfriamento-e-quase-nunca-entra-na-limpeza-da-casa\/#breadcrumb"},"inLanguage":"pt-BR","potentialAction":[{"@type":"ReadAction","target":["https:\/\/www.em.com.br\/emfoco\/2026\/09\/06\/a-parte-escondida-da-geladeira-que-acumula-poeira-dificulta-o-resfriamento-e-quase-nunca-entra-na-limpeza-da-casa\/"]}]},{"@type":"ImageObject","inLanguage":"pt-BR","@id":"https:\/\/www.em.com.br\/emfoco\/2026\/09\/06\/a-parte-escondida-da-geladeira-que-acumula-poeira-dificulta-o-resfriamento-e-quase-nunca-entra-na-limpeza-da-casa\/#primaryimage","url":"https:\/\/www.em.com.br\/emfoco\/wp-content\/uploads\/2026\/09\/geladeir2.jpg","contentUrl":"https:\/\/www.em.com.br\/emfoco\/wp-content\/uploads\/2026\/09\/geladeir2.jpg","width":1280,"height":720,"caption":"A poeira pode se acumular justamente em uma \u00e1rea importante para liberar o calor produzido pelo aparelho"},{"@type":"BreadcrumbList","@id":"https:\/\/www.em.com.br\/emfoco\/2026\/09\/06\/a-parte-escondida-da-geladeira-que-acumula-poeira-dificulta-o-resfriamento-e-quase-nunca-entra-na-limpeza-da-casa\/#breadcrumb","itemListElement":[{"@type":"ListItem","position":1,"name":"In\u00edcio","item":"https:\/\/www.em.com.br\/emfoco\/"},{"@type":"ListItem","position":2,"name":"A parte escondida da geladeira que acumula poeira, dificulta o resfriamento e quase nunca entra na limpeza da casa"}]},{"@type":"WebSite","@id":"https:\/\/www.em.com.br\/emfoco\/#website","url":"https:\/\/www.em.com.br\/emfoco\/","name":"Estado de Minas - Em foco","description":"Acompanhe as \u00faltimas not\u00edcias e fique bem informado sobre tudo o que acontece em Minas Gerais, Brasil e no mundo.","potentialAction":[{"@type":"SearchAction","target":{"@type":"EntryPoint","urlTemplate":"https:\/\/www.em.com.br\/emfoco\/?s={search_term_string}"},"query-input":{"@type":"PropertyValueSpecification","valueRequired":true,"valueName":"search_term_string"}}],"inLanguage":"pt-BR"},{"@type":"Person","@id":"https:\/\/www.em.com.br\/emfoco\/#\/schema\/person\/5379e929a4b966c775d121e23f9bb421","name":"Guilherme Ara\u00fajo","image":{"@type":"ImageObject","inLanguage":"pt-BR","@id":"https:\/\/secure.gravatar.com\/avatar\/063bc96e5a2afd1844386c45bd1360efc771eff011a9fab8cd399e2a104c3ecd?s=96&d=mm&r=g","url":"https:\/\/secure.gravatar.com\/avatar\/063bc96e5a2afd1844386c45bd1360efc771eff011a9fab8cd399e2a104c3ecd?s=96&d=mm&r=g","contentUrl":"https:\/\/secure.gravatar.com\/avatar\/063bc96e5a2afd1844386c45bd1360efc771eff011a9fab8cd399e2a104c3ecd?s=96&d=mm&r=g","caption":"Guilherme Ara\u00fajo"},"sameAs":["https:\/\/www.em.com.br\/emfoco"],"url":"https:\/\/www.em.com.br\/emfoco\/author\/guilhermeamyth\/"}]}},"_links":{"self":[{"href":"https:\/\/www.em.com.br\/emfoco\/wp-json\/wp\/v2\/posts\/262753","targetHints":{"allow":["GET"]}}],"collection":[{"href":"https:\/\/www.em.com.br\/emfoco\/wp-json\/wp\/v2\/posts"}],"about":[{"href":"https:\/\/www.em.com.br\/emfoco\/wp-json\/wp\/v2\/types\/post"}],"author":[{"embeddable":true,"href":"https:\/\/www.em.com.br\/emfoco\/wp-json\/wp\/v2\/users\/30"}],"replies":[{"embeddable":true,"href":"https:\/\/www.em.com.br\/emfoco\/wp-json\/wp\/v2\/comments?post=262753"}],"version-history":[{"count":4,"href":"https:\/\/www.em.com.br\/emfoco\/wp-json\/wp\/v2\/posts\/262753\/revisions"}],"predecessor-version":[{"id":262905,"href":"https:\/\/www.em.com.br\/emfoco\/wp-json\/wp\/v2\/posts\/262753\/revisions\/262905"}],"wp:featuredmedia":[{"embeddable":true,"href":"https:\/\/www.em.com.br\/emfoco\/wp-json\/wp\/v2\/media\/262792"}],"wp:attachment":[{"href":"https:\/\/www.em.com.br\/emfoco\/wp-json\/wp\/v2\/media?parent=262753"}],"wp:term":[{"taxonomy":"category","embeddable":true,"href":"https:\/\/www.em.com.br\/emfoco\/wp-json\/wp\/v2\/categories?post=262753"},{"taxonomy":"post_tag","embeddable":true,"href":"https:\/\/www.em.com.br\/emfoco\/wp-json\/wp\/v2\/tags?post=262753"}],"curies":[{"name":"wp","href":"https:\/\/api.w.org\/{rel}","templated":true}]}}