{"id":262752,"date":"2026-09-06T10:37:00","date_gmt":"2026-09-06T13:37:00","guid":{"rendered":"https:\/\/www.em.com.br\/emfoco\/?p=262752"},"modified":"2026-09-05T12:21:17","modified_gmt":"2026-09-05T15:21:17","slug":"por-que-colocar-um-pacote-antigo-de-farinha-no-freezer-por-pelo-menos-quatro-dias-antes-de-devolve-lo-a-despensa","status":"publish","type":"post","link":"https:\/\/www.em.com.br\/emfoco\/2026\/09\/06\/por-que-colocar-um-pacote-antigo-de-farinha-no-freezer-por-pelo-menos-quatro-dias-antes-de-devolve-lo-a-despensa\/","title":{"rendered":"Por que colocar um pacote antigo de farinha no freezer por pelo menos quatro dias antes de devolv\u00ea-lo \u00e0 despensa"},"content":{"rendered":"\n<div class=\"emf-summary google-auto-ads-ignore\">\n  <style>\n    .emf-summary {\n      --emf-navy:#00245a;\n      --emf-navy-soft:#0b3b70;\n      --emf-ink:#1d2731;\n      --emf-muted:#66727e;\n      --emf-line:#d7dde5;\n      --emf-paper:#ffffff;\n      --emf-wash:#f4f6f8;\n      box-sizing:border-box!important;\n      inline-size:min(1100px,100%)!important;\n      max-inline-size:100%!important;\n      margin-inline:auto!important;\n      overflow:hidden!important;\n      color:var(--emf-ink);\n      background:var(--emf-paper);\n      border:1px solid var(--emf-line);\n      border-block-start:5px solid var(--emf-navy);\n      border-radius:6px!important;\n      box-shadow:0 8px 24px rgba(0,36,90,.08);\n      font-family:Arial,Helvetica,sans-serif;\n    }\n\n    .emf-summary *,\n    .emf-summary *::before,\n    .emf-summary *::after {\n      box-sizing:border-box!important;\n    }\n\n    .emf-summary-brand {\n      display:flex;\n      align-items:center;\n      gap:14px;\n      padding:16px 20px;\n      color:#fff;\n      background:linear-gradient(105deg,var(--emf-navy) 0%,var(--emf-navy-soft) 100%);\n      border-block-end:1px solid rgba(255,255,255,.18);\n    }\n\n    .emf-summary-logo {\n      display:grid;\n      place-items:center;\n      inline-size:58px;\n      block-size:58px;\n      flex:0 0 58px;\n      background:rgba(255,255,255,.08);\n      border:1px solid rgba(255,255,255,.35);\n      border-radius:3px!important;\n    }\n\n    .emf-summary-logo img {\n      display:block;\n      inline-size:46px;\n      block-size:46px;\n      max-inline-size:46px;\n      max-block-size:46px;\n      object-fit:contain;\n    }\n\n    .emf-summary-eyebrow {\n      margin:0 0 3px;\n      font-size:11px;\n      font-weight:700;\n      letter-spacing:.18em;\n      line-height:1.2;\n      text-transform:uppercase;\n      opacity:.78;\n    }\n\n    .emf-summary-title {\n      margin:0;\n      font-family:Georgia,\"Times New Roman\",serif;\n      font-size:25px;\n      font-weight:700;\n      line-height:1.15;\n    }\n\n    .emf-summary-grid {\n      display:grid;\n      grid-template-columns:repeat(3,minmax(0,1fr));\n      gap:0;\n      background:var(--emf-wash);\n    }\n\n    .emf-summary-card {\n      position:relative;\n      min-block-size:190px;\n      padding:24px 20px 20px;\n      overflow:hidden!important;\n      background:#fff;\n      border-inline-end:1px solid var(--emf-line);\n    }\n\n    .emf-summary-card:last-child {\n      border-inline-end:0;\n    }\n\n    .emf-summary-number {\n      position:absolute;\n      inset-block-start:13px;\n      inset-inline-end:15px;\n      color:rgba(0,36,90,.10);\n      font-family:Georgia,\"Times New Roman\",serif;\n      font-size:46px;\n      font-weight:700;\n      line-height:1;\n      pointer-events:none;\n    }\n\n    .emf-summary-card-title {\n      position:relative;\n      z-index:1;\n      margin:0 0 11px;\n      padding-block-end:10px;\n      color:var(--emf-navy);\n      border-block-end:2px solid var(--emf-navy);\n      font-family:Georgia,\"Times New Roman\",serif;\n      font-size:18px;\n      font-weight:700;\n      line-height:1.3;\n      overflow-wrap:anywhere;\n    }\n\n    .emf-summary-card-text {\n      position:relative;\n      z-index:1;\n      color:#485560;\n      font-size:13px;\n      line-height:1.6;\n      overflow-wrap:anywhere;\n    }\n\n    .emf-summary-card-meta {\n      position:relative;\n      z-index:1;\n      display:inline-flex;\n      margin-block-start:16px;\n      padding:5px 8px;\n      color:var(--emf-navy);\n      background:#edf1f5;\n      border:1px solid #d9e0e7;\n      border-radius:2px!important;\n      font-size:10px;\n      font-weight:700;\n      letter-spacing:.08em;\n      line-height:1.2;\n      text-transform:uppercase;\n    }\n\n    @media(max-width:760px) {\n      .emf-summary-grid {\n        grid-template-columns:1fr;\n      }\n\n      .emf-summary-card {\n        min-block-size:0;\n        border-inline-end:0;\n        border-block-end:1px solid var(--emf-line);\n      }\n\n      .emf-summary-card:last-child {\n        border-block-end:0;\n      }\n    }\n\n    @media(max-width:480px) {\n      .emf-summary-brand {\n        padding:14px 15px;\n      }\n\n      .emf-summary-logo {\n        inline-size:52px;\n        block-size:52px;\n        flex-basis:52px;\n      }\n\n      .emf-summary-logo img {\n        inline-size:41px;\n        block-size:41px;\n        max-inline-size:41px;\n        max-block-size:41px;\n      }\n\n      .emf-summary-title {\n        font-size:22px;\n      }\n\n      .emf-summary-card {\n        padding:21px 16px 18px;\n      }\n    }\n  <\/style>\n\n  <div class=\"emf-summary-brand\">\n    <div class=\"emf-summary-logo\">\n      <img\n        alt=\"Logo EM Foco\"\n        decoding=\"async\"\n        fetchpriority=\"high\"\n        height=\"46\"\n        loading=\"eager\"\n        referrerpolicy=\"no-referrer\"\n        src=\"https:\/\/www.em.com.br\/emfoco\/wp-content\/uploads\/2026\/08\/em_transparente_3000px-scaled.png\"\n        width=\"46\"\n      >\n    <\/div>\n\n    <div>\n      <div class=\"emf-summary-eyebrow\">EM FOCO<\/div>\n      <div class=\"emf-summary-title\">Resumo da mat\u00e9ria<\/div>\n    <\/div>\n  <\/div>\n\n  <div class=\"emf-summary-grid\">\n    <div class=\"emf-summary-card\">\n      <span aria-hidden=\"true\" class=\"emf-summary-number\">01<\/span>\n      <div aria-level=\"3\" class=\"emf-summary-card-title\" role=\"heading\">\n        Quatro dias no frio\n      <\/div>\n      <div class=\"emf-summary-card-text\">\n        A Universidade de Minnesota recomenda freezer a 0 \u00b0F por pelo menos quatro dias quando um alimento antigo gera d\u00favida sobre infesta\u00e7\u00e3o.\n      <\/div>\n      <div class=\"emf-summary-card-meta\">\n        tratamento preventivo\n      <\/div>\n    <\/div>\n    <div class=\"emf-summary-card\">\n      <span aria-hidden=\"true\" class=\"emf-summary-number\">02<\/span>\n      <div aria-level=\"3\" class=\"emf-summary-card-title\" role=\"heading\">\n        Infestado vai para descarte\n      <\/div>\n      <div class=\"emf-summary-card-text\">\n        Alimentos claramente infestados devem ser eliminados; congelar n\u00e3o transforma produto deteriorado ou muito contaminado em alimento adequado.\n      <\/div>\n      <div class=\"emf-summary-card-meta\">\n        n\u00e3o \u00e9 recupera\u00e7\u00e3o\n      <\/div>\n    <\/div>\n    <div class=\"emf-summary-card\">\n      <span aria-hidden=\"true\" class=\"emf-summary-number\">03<\/span>\n      <div aria-level=\"3\" class=\"emf-summary-card-title\" role=\"heading\">\n        Recipiente fecha o ciclo\n      <\/div>\n      <div class=\"emf-summary-card-text\">\n        Depois do tratamento, produtos secos devem ficar em recipientes bem vedados para reduzir reinfesta\u00e7\u00e3o e facilitar o controle da despensa.\n      <\/div>\n      <div class=\"emf-summary-card-meta\">\n        armazenamento fechado\n      <\/div>\n    <\/div>\n  <\/div>\n<\/div>\n\n\n\n<p class=\"wp-block-paragraph\">Um pacote antigo de <strong>farinha no freezer<\/strong> pode passar por tratamento a frio quando existe d\u00favida sobre ovos ou pequenos insetos de despensa. A Universidade de Minnesota orienta pelo menos quatro dias a 0 \u00b0F, cerca de -18 \u00b0C. Se houver infesta\u00e7\u00e3o evidente, o alimento deve ser descartado, n\u00e3o recuperado.<\/p>\n\n\n\n<h2 class=\"wp-block-heading\">Por que um pacote antigo de farinha pode esconder insetos?<\/h2>\n\n\n\n<p class=\"wp-block-paragraph\">Produtos secos podem ser infestados em diferentes etapas e permanecer meses guardados antes de o problema ficar vis\u00edvel. Farinha, cereais, massas e sementes est\u00e3o entre os alimentos atacados por <a href=\"https:\/\/en.wikipedia.org\/wiki\/Indianmeal_moth\" target=\"_blank\" rel=\"noopener noreferrer\"><strong>pragas de despensa<\/strong><\/a>, que podem aparecer como besouros, mariposas, larvas ou pequenos fios de seda.<\/p>\n\n\n\n<p class=\"wp-block-paragraph\">O tempo de armazenamento aumenta a oportunidade para desenvolvimento e reprodu\u00e7\u00e3o. Um pacote aparentemente fechado tamb\u00e9m n\u00e3o \u00e9 garantia absoluta, porque algumas pragas atravessam papel\u00e3o fino ou entram por dobras. Por isso, um alimento <strong>antigo e de proced\u00eancia duvidosa<\/strong> merece inspe\u00e7\u00e3o antes de voltar ao arm\u00e1rio.<\/p>\n\n\n<div class=\"wp-block-image\">\n<figure class=\"aligncenter size-large\"><img decoding=\"async\" width=\"1024\" height=\"576\" src=\"https:\/\/www.em.com.br\/emfoco\/wp-content\/uploads\/2026\/09\/fluor2-1-1024x576.jpg\" alt=\"\" class=\"wp-image-262797\" srcset=\"https:\/\/www.em.com.br\/emfoco\/wp-content\/uploads\/2026\/09\/fluor2-1-1024x576.jpg 1024w, https:\/\/www.em.com.br\/emfoco\/wp-content\/uploads\/2026\/09\/fluor2-1-768x432.jpg 768w, https:\/\/www.em.com.br\/emfoco\/wp-content\/uploads\/2026\/09\/fluor2-1-300x169.jpg 300w, https:\/\/www.em.com.br\/emfoco\/wp-content\/uploads\/2026\/09\/fluor2-1-750x421.jpg 750w, https:\/\/www.em.com.br\/emfoco\/wp-content\/uploads\/2026\/09\/fluor2-1-1140x641.jpg 1140w, https:\/\/www.em.com.br\/emfoco\/wp-content\/uploads\/2026\/09\/fluor2-1.jpg 1280w\" sizes=\"(max-width: 1024px) 100vw, 1024px\" \/><figcaption class=\"wp-element-caption\">A baixa temperatura pode interromper o desenvolvimento de pragas antes que elas alcancem outros alimentos<\/figcaption><\/figure>\n<\/div>\n\n\n<h2 class=\"wp-block-heading\">O que quatro dias no freezer fazem com ovos e insetos?<\/h2>\n\n\n\n<p class=\"wp-block-paragraph\">A Universidade de Minnesota orienta colocar alimentos antigos e sem certeza de infesta\u00e7\u00e3o no freezer a <strong>0 \u00b0F por pelo menos quatro dias<\/strong>. Essa temperatura corresponde a aproximadamente -18 \u00b0C. O tratamento busca atingir ovos e insetos presentes no produto antes de ele retornar ao armazenamento comum.<\/p>\n\n\n\n<p class=\"wp-block-paragraph\">A <a href=\"https:\/\/extension.usu.edu\/archive\/winter-pests-in-your-pantry\" target=\"_blank\" rel=\"noopener noreferrer\"><strong>Utah State University Extension<\/strong><\/a> recomenda de quatro a sete dias a 0 \u00b0F ou menos e explica que o frio deve alcan\u00e7ar todo o conte\u00fado. Pacotes maiores podem exigir mais tempo para congelar completamente.<\/p>\n\n\n\n<h2 class=\"wp-block-heading\">Quando a farinha deve ser descartada em vez de congelada?<\/h2>\n\n\n\n<p class=\"wp-block-paragraph\">Se houver <strong>insetos vis\u00edveis, teias, larvas, odor alterado ou infesta\u00e7\u00e3o evidente<\/strong>, a orienta\u00e7\u00e3o principal \u00e9 descartar o alimento. O freezer \u00e9 \u00fatil para um produto antigo sobre o qual existe d\u00favida ou para itens minimamente afetados em algumas orienta\u00e7\u00f5es, n\u00e3o para justificar consumo de material claramente contaminado.<\/p>\n\n\n\n<p class=\"wp-block-paragraph\">Tamb\u00e9m descarte embalagens danificadas e examine alimentos pr\u00f3ximos. Uma infesta\u00e7\u00e3o pode se espalhar por farinha, arroz, macarr\u00e3o, sementes, nozes e ra\u00e7\u00e3o. Depois de retirar a fonte, limpe prateleiras e cantos, preferindo <strong>aspira\u00e7\u00e3o de frestas e remo\u00e7\u00e3o de res\u00edduos<\/strong> em vez de depender de inseticidas no arm\u00e1rio.<\/p>\n\n\n\n<p class=\"myth-list-bridge wp-block-paragraph\">A seguir listamos <strong>4 sinais de infesta\u00e7\u00e3o<\/strong> que indicam quando o problema deixou de ser simples d\u00favida sobre um pacote antigo:<\/p>\n\n\n\n<ul class=\"wp-block-list myth-bullet-list\">\n<li><strong>Insetos no produto: <\/strong>besouros ou larvas vis\u00edveis indicam infesta\u00e7\u00e3o ativa.<\/li>\n\n\n\n<li><strong>Fios de seda: <\/strong>teias dentro do pacote podem denunciar mariposas de alimentos.<\/li>\n\n\n\n<li><strong>Embalagem perfurada: <\/strong>furos ou res\u00edduos ao redor do pacote merecem investiga\u00e7\u00e3o.<\/li>\n\n\n\n<li><strong>Odor ou aspecto alterado: <\/strong>mudan\u00e7a evidente de qualidade favorece o descarte.<\/li>\n<\/ul>\n\n\n\n<p class=\"wp-block-paragraph\"><strong>Leia tamb\u00e9m: <a href=\"https:\/\/www.em.com.br\/emfoco\/2026\/09\/05\/misturar-limao-sal-e-amido-de-milho-para-que-serve-em-pecas-de-cobre-e-por-que-nao-deve-ser-usado-em-superficies-laqueadas\/\" target=\"_blank\" rel=\"noreferrer noopener\">Misturar lim\u00e3o, sal e amido de milho: para que serve em pe\u00e7as de cobre e por que n\u00e3o deve ser usado em superf\u00edcies laqueadas<\/a><\/strong><\/p>\n\n\n<div class=\"wp-block-image\">\n<figure class=\"aligncenter size-large\"><img decoding=\"async\" width=\"1024\" height=\"576\" src=\"https:\/\/www.em.com.br\/emfoco\/wp-content\/uploads\/2026\/09\/flour2-1-1024x576.jpg\" alt=\"\" class=\"wp-image-262798\" srcset=\"https:\/\/www.em.com.br\/emfoco\/wp-content\/uploads\/2026\/09\/flour2-1-1024x576.jpg 1024w, https:\/\/www.em.com.br\/emfoco\/wp-content\/uploads\/2026\/09\/flour2-1-300x169.jpg 300w, https:\/\/www.em.com.br\/emfoco\/wp-content\/uploads\/2026\/09\/flour2-1-768x432.jpg 768w, https:\/\/www.em.com.br\/emfoco\/wp-content\/uploads\/2026\/09\/flour2-1-750x421.jpg 750w, https:\/\/www.em.com.br\/emfoco\/wp-content\/uploads\/2026\/09\/flour2-1-1140x641.jpg 1140w, https:\/\/www.em.com.br\/emfoco\/wp-content\/uploads\/2026\/09\/flour2-1.jpg 1280w\" sizes=\"(max-width: 1024px) 100vw, 1024px\" \/><figcaption class=\"wp-element-caption\">O cuidado \u00e9 especialmente \u00fatil quando um pacote ficou guardado por bastante tempo fora da despensa<\/figcaption><\/figure>\n<\/div>\n\n\n<h2 class=\"wp-block-heading\">Como devolver a farinha \u00e0 despensa depois do tratamento?<\/h2>\n\n\n\n<p class=\"wp-block-paragraph\">Depois do per\u00edodo de frio, deixe o pacote retornar \u00e0 temperatura ambiente ainda protegido e verifique se n\u00e3o h\u00e1 condensa\u00e7\u00e3o atingindo o alimento. Em seguida, transfira para <strong>recipiente limpo e bem vedado<\/strong>, preferencialmente de vidro, metal ou pl\u00e1stico r\u00edgido pr\u00f3prio para alimentos.<\/p>\n\n\n\n<p class=\"wp-block-paragraph\">Manter produtos secos fechados reduz o acesso de novas pragas e facilita perceber atividade no interior. Tamb\u00e9m vale usar primeiro os alimentos mais antigos e comprar quantidades compat\u00edveis com o consumo. O objetivo \u00e9 <strong>encurtar o tempo de armazenamento<\/strong> e diminuir oportunidades para uma nova infesta\u00e7\u00e3o se estabelecer.<\/p>\n\n\n\n<p class=\"myth-html-bridge wp-block-paragraph\">A seguir listamos <strong>3 cuidados depois do freezer<\/strong> que ajudam a evitar que o pacote tratado volte para o mesmo ambiente que favoreceu o problema:<\/p>\n\n\n\n<div class=\"emf-data-table google-auto-ads-ignore\">\n  <style>\n    .emf-data-table {\n      --emf-navy:#00245a;\n      --emf-navy-soft:#0b3b70;\n      --emf-ink:#1d2731;\n      --emf-muted:#66727e;\n      --emf-line:#d7dde5;\n      --emf-wash:#f4f6f8;\n      box-sizing:border-box!important;\n      inline-size:min(1100px,100%)!important;\n      max-inline-size:100%!important;\n      margin-inline:auto!important;\n      overflow:hidden!important;\n      color:var(--emf-ink);\n      background:#fff;\n      border:1px solid var(--emf-line);\n      border-radius:6px!important;\n      box-shadow:0 8px 24px rgba(0,36,90,.08);\n      font-family:Arial,Helvetica,sans-serif;\n    }\n\n    .emf-data-table *,\n    .emf-data-table *::before,\n    .emf-data-table *::after {\n      box-sizing:border-box!important;\n    }\n\n    .emf-data-table-brand {\n      display:flex;\n      align-items:center;\n      gap:13px;\n      min-block-size:72px;\n      padding:10px 17px;\n      color:#fff;\n      background:linear-gradient(105deg,var(--emf-navy) 0%,var(--emf-navy-soft) 100%);\n      border-block-end:4px solid #c5ced8;\n    }\n\n    .emf-data-table-logo {\n      display:grid;\n      place-items:center;\n      inline-size:52px;\n      block-size:52px;\n      flex:0 0 52px;\n      background:rgba(255,255,255,.08);\n      border:1px solid rgba(255,255,255,.35);\n      border-radius:3px!important;\n    }\n\n    .emf-data-table-logo img {\n      display:block;\n      inline-size:41px;\n      block-size:41px;\n      max-inline-size:41px;\n      max-block-size:41px;\n      object-fit:contain;\n    }\n\n    .emf-data-table-kicker {\n      margin:0 0 2px;\n      font-size:10px;\n      font-weight:700;\n      letter-spacing:.16em;\n      line-height:1.2;\n      text-transform:uppercase;\n      opacity:.78;\n    }\n\n    .emf-data-table-title {\n      margin:0;\n      font-family:Georgia,\"Times New Roman\",serif;\n      font-size:21px;\n      font-weight:700;\n      line-height:1.2;\n    }\n\n    .emf-data-table-scroll {\n      display:block!important;\n      inline-size:100%!important;\n      max-inline-size:100%!important;\n      overflow-x:auto!important;\n      overflow-y:hidden!important;\n      -webkit-overflow-scrolling:touch;\n      overscroll-behavior-inline:contain;\n      scrollbar-width:thin;\n      scrollbar-color:#8798aa #edf1f5;\n    }\n\n    .emf-data-table-scroll:focus-visible {\n      outline:3px solid rgba(0,36,90,.35);\n      outline-offset:-3px;\n    }\n\n    .emf-data-table table {\n      display:table!important;\n      inline-size:100%!important;\n      min-inline-size:680px!important;\n      max-inline-size:none!important;\n      margin:0!important;\n      border:0!important;\n      border-collapse:separate!important;\n      border-spacing:0!important;\n      table-layout:auto!important;\n      background:#fff!important;\n    }\n\n    .emf-data-table caption {\n      position:absolute!important;\n      inline-size:1px!important;\n      block-size:1px!important;\n      padding:0!important;\n      margin:-1px!important;\n      overflow:hidden!important;\n      clip:rect(0,0,0,0)!important;\n      white-space:nowrap!important;\n      border:0!important;\n    }\n\n    .emf-data-table thead {\n      display:table-header-group!important;\n    }\n\n    .emf-data-table tbody {\n      display:table-row-group!important;\n    }\n\n    .emf-data-table tr {\n      display:table-row!important;\n    }\n\n    .emf-data-table th,\n    .emf-data-table td {\n      display:table-cell!important;\n      float:none!important;\n      inline-size:auto!important;\n      max-inline-size:none!important;\n      margin:0!important;\n      border-radius:0!important;\n      text-align:left!important;\n      vertical-align:middle!important;\n    }\n\n    .emf-data-table th {\n      padding:14px 17px!important;\n      color:#fff!important;\n      background:var(--emf-navy)!important;\n      border-block-end:1px solid rgba(255,255,255,.22)!important;\n      border-inline-end:1px solid rgba(255,255,255,.12)!important;\n      font-family:Georgia,\"Times New Roman\",serif;\n      font-size:14px!important;\n      font-weight:700!important;\n      line-height:1.35!important;\n      white-space:nowrap!important;\n    }\n\n    .emf-data-table th:last-child {\n      border-inline-end:0!important;\n    }\n\n    .emf-data-table td {\n      padding:14px 17px!important;\n      color:#43515e!important;\n      background:#fff!important;\n      border-block-end:1px solid var(--emf-line)!important;\n      font-size:14px!important;\n      font-weight:400!important;\n      line-height:1.5!important;\n      overflow-wrap:anywhere;\n    }\n\n    .emf-data-table tbody tr:nth-child(even) td {\n      background:var(--emf-wash)!important;\n    }\n\n    .emf-data-table tbody tr:hover td {\n      background:#eaf0f5!important;\n    }\n\n    .emf-data-table tbody tr:last-child td {\n      border-block-end:0!important;\n    }\n\n    .emf-data-table td:first-child {\n      color:var(--emf-navy)!important;\n      font-weight:700!important;\n    }\n\n    @media(max-width:560px) {\n      .emf-data-table-brand {\n        min-block-size:68px;\n        padding:9px 13px;\n      }\n\n      .emf-data-table-title {\n        font-size:19px;\n      }\n\n      .emf-data-table-scroll {\n        overflow:visible!important;\n      }\n\n      .emf-data-table table,\n      .emf-data-table thead,\n      .emf-data-table tbody,\n      .emf-data-table tr,\n      .emf-data-table th,\n      .emf-data-table td {\n        display:block!important;\n        inline-size:100%!important;\n        min-inline-size:0!important;\n        max-inline-size:100%!important;\n      }\n\n      .emf-data-table table {\n        padding:13px!important;\n      }\n\n      .emf-data-table thead {\n        position:absolute!important;\n        inline-size:1px!important;\n        block-size:1px!important;\n        padding:0!important;\n        margin:-1px!important;\n        overflow:hidden!important;\n        clip:rect(0,0,0,0)!important;\n        white-space:nowrap!important;\n      }\n\n      .emf-data-table tbody {\n        display:grid!important;\n        gap:11px;\n      }\n\n      .emf-data-table tr {\n        overflow:hidden!important;\n        background:#fff!important;\n        border:1px solid var(--emf-line)!important;\n        border-block-start:4px solid var(--emf-navy)!important;\n        border-radius:4px!important;\n        box-shadow:0 4px 12px rgba(0,36,90,.06);\n      }\n\n      .emf-data-table td,\n      .emf-data-table tbody tr:nth-child(even) td,\n      .emf-data-table tbody tr:hover td {\n        display:grid!important;\n        grid-template-columns:minmax(105px,38%) minmax(0,1fr)!important;\n        align-items:start;\n        gap:11px;\n        padding:11px 12px!important;\n        background:#fff!important;\n        border-block-end:1px solid #e2e7ec!important;\n      }\n\n      .emf-data-table td::before {\n        content:attr(data-label);\n        color:var(--emf-muted);\n        font-size:10px;\n        font-weight:700;\n        letter-spacing:.06em;\n        line-height:1.35;\n        text-transform:uppercase;\n      }\n\n      .emf-data-table td:first-child {\n        color:var(--emf-navy)!important;\n        background:#edf1f5!important;\n      }\n\n      .emf-data-table td:last-child {\n        border-block-end:0!important;\n      }\n    }\n  <\/style>\n\n  <div class=\"emf-data-table-brand\">\n    <div class=\"emf-data-table-logo\">\n      <img\n        alt=\"Logo EM Foco\"\n        decoding=\"async\"\n        height=\"41\"\n        loading=\"lazy\"\n        referrerpolicy=\"no-referrer\"\n        src=\"https:\/\/www.em.com.br\/emfoco\/wp-content\/uploads\/2026\/08\/em_transparente_3000px-scaled.png\"\n        width=\"41\"\n      >\n    <\/div>\n\n    <div>\n      <div class=\"emf-data-table-kicker\">DADOS EM FOCO<\/div>\n      <div class=\"emf-data-table-title\">Quando congelar e quando descartar<\/div>\n    <\/div>\n  <\/div>\n\n  <div aria-label=\"Tabela com situa\u00e7\u00e3o, a\u00e7\u00e3o e motivo no controle de pragas em farinha\" class=\"emf-data-table-scroll\" role=\"region\" tabindex=\"0\">\n    <table>\n      <caption>Resumo das decis\u00f5es para farinha antiga com poss\u00edvel infesta\u00e7\u00e3o<\/caption>\n      <thead>\n        <tr>\n          <th scope=\"col\">Situa\u00e7\u00e3o<\/th>\n          <th scope=\"col\">A\u00e7\u00e3o<\/th>\n          <th scope=\"col\">Motivo<\/th>\n        <\/tr>\n      <\/thead>\n      <tbody>\n        <tr>\n          <td data-label=\"Situa\u00e7\u00e3o\">Pacote antigo, sem sinais claros<\/td>\n          <td data-label=\"A\u00e7\u00e3o\">Congelar por pelo menos 4 dias<\/td>\n          <td data-label=\"Motivo\">Eliminar poss\u00edveis ovos e insetos<\/td>\n        <\/tr>\n        <tr>\n          <td data-label=\"Situa\u00e7\u00e3o\">Infesta\u00e7\u00e3o evidente<\/td>\n          <td data-label=\"A\u00e7\u00e3o\">Descartar<\/td>\n          <td data-label=\"Motivo\">N\u00e3o tentar recuperar alimento contaminado<\/td>\n        <\/tr>\n        <tr>\n          <td data-label=\"Situa\u00e7\u00e3o\">Produto tratado<\/td>\n          <td data-label=\"A\u00e7\u00e3o\">Guardar bem vedado<\/td>\n          <td data-label=\"Motivo\">Reduzir risco de reinfesta\u00e7\u00e3o<\/td>\n        <\/tr>\n      <\/tbody>\n    <\/table>\n  <\/div>\n<\/div>\n\n\n\n<h2 class=\"wp-block-heading\">O freezer resolve sozinho uma infesta\u00e7\u00e3o da despensa?<\/h2>\n\n\n\n<p class=\"wp-block-paragraph\">N\u00e3o. Se houver pragas em outros pacotes, elas podem reinfestar o alimento tratado. \u00c9 necess\u00e1rio <strong>localizar a fonte<\/strong>, descartar itens claramente comprometidos, aspirar cantos e conferir embalagens pr\u00f3ximas. Inseticidas dom\u00e9sticos n\u00e3o resolvem organismos protegidos dentro dos alimentos e podem criar risco de contamina\u00e7\u00e3o.<\/p>\n\n\n\n<p class=\"wp-block-paragraph\">Colocar <strong>farinha no freezer<\/strong> por pelo menos quatro dias \u00e9 uma ferramenta espec\u00edfica para d\u00favida sobre produto antigo, n\u00e3o um passe livre para salvar qualquer pacote. O procedimento funciona melhor junto de inspe\u00e7\u00e3o, descarte quando necess\u00e1rio, limpeza da despensa e armazenamento posterior em recipiente realmente fechado.<\/p>\n","protected":false},"excerpt":{"rendered":"<p>EM FOCO Resumo da mat\u00e9ria 01 Quatro dias no frio A Universidade de Minnesota recomenda freezer a 0 \u00b0F por pelo menos quatro dias quando um alimento antigo gera d\u00favida sobre infesta\u00e7\u00e3o. tratamento preventivo 02 Infestado vai para descarte Alimentos claramente infestados devem ser eliminados; congelar n\u00e3o transforma produto deteriorado ou muito contaminado em alimento [&hellip;]<\/p>\n","protected":false},"author":30,"featured_media":262795,"comment_status":"open","ping_status":"open","sticky":false,"template":"","format":"standard","meta":{"jnews-multi-image_gallery":[],"jnews_single_post":{"format":"standard"},"jnews_primary_category":[],"jnews_social_meta":[],"jnews_override_counter":[],"footnotes":""},"categories":[8819],"tags":[15428,12801,17839,4898],"class_list":["post-262752","post","type-post","status-publish","format-standard","has-post-thumbnail","hentry","category-curiosidades","tag-despensa","tag-farinha","tag-freezer","tag-insetos"],"yoast_head":"<!-- This site is optimized with the Yoast SEO plugin v28.3 - https:\/\/yoast.com\/product\/yoast-seo-wordpress\/ -->\n<title>Por que colocar um pacote antigo de farinha no freezer por pelo menos quatro dias antes de devolv\u00ea-lo \u00e0 despensa - Estado de Minas - Em foco<\/title>\n<meta name=\"description\" content=\"Um pacote antigo de farinha pode ficar quatro dias no freezer quando h\u00e1 d\u00favida sobre insetos, mas infesta\u00e7\u00e3o evidente pede outra atitude.\" \/>\n<meta name=\"robots\" content=\"index, follow, max-snippet:-1, max-image-preview:large, max-video-preview:-1\" \/>\n<link rel=\"canonical\" href=\"https:\/\/www.em.com.br\/emfoco\/2026\/09\/06\/por-que-colocar-um-pacote-antigo-de-farinha-no-freezer-por-pelo-menos-quatro-dias-antes-de-devolve-lo-a-despensa\/\" \/>\n<meta property=\"og:locale\" content=\"pt_BR\" \/>\n<meta property=\"og:type\" content=\"article\" \/>\n<meta property=\"og:title\" content=\"Por que colocar um pacote antigo de farinha no freezer por pelo menos quatro dias antes de devolv\u00ea-lo \u00e0 despensa - Estado de Minas - Em foco\" \/>\n<meta property=\"og:description\" content=\"Um pacote antigo de farinha pode ficar quatro dias no freezer quando h\u00e1 d\u00favida sobre insetos, mas infesta\u00e7\u00e3o evidente pede outra atitude.\" \/>\n<meta property=\"og:url\" content=\"https:\/\/www.em.com.br\/emfoco\/2026\/09\/06\/por-que-colocar-um-pacote-antigo-de-farinha-no-freezer-por-pelo-menos-quatro-dias-antes-de-devolve-lo-a-despensa\/\" \/>\n<meta property=\"og:site_name\" content=\"Estado de Minas - Em foco\" \/>\n<meta property=\"article:published_time\" content=\"2026-09-06T13:37:00+00:00\" \/>\n<meta property=\"og:image\" content=\"https:\/\/www.em.com.br\/emfoco\/wp-content\/uploads\/2026\/09\/emblalgme.jpg\" \/>\n\t<meta property=\"og:image:width\" content=\"1280\" \/>\n\t<meta property=\"og:image:height\" content=\"720\" \/>\n\t<meta property=\"og:image:type\" content=\"image\/jpeg\" \/>\n<meta name=\"author\" content=\"Guilherme Ara\u00fajo\" \/>\n<meta name=\"twitter:card\" content=\"summary_large_image\" \/>\n<meta name=\"twitter:label1\" content=\"Escrito por\" \/>\n\t<meta name=\"twitter:data1\" content=\"Guilherme Ara\u00fajo\" \/>\n\t<meta name=\"twitter:label2\" content=\"Est. tempo de leitura\" \/>\n\t<meta name=\"twitter:data2\" content=\"6 minutos\" \/>\n<!-- \/ Yoast SEO plugin. -->","yoast_head_json":{"title":"Por que colocar um pacote antigo de farinha no freezer por pelo menos quatro dias antes de devolv\u00ea-lo \u00e0 despensa - Estado de Minas - Em foco","description":"Um pacote antigo de farinha pode ficar quatro dias no freezer quando h\u00e1 d\u00favida sobre insetos, mas infesta\u00e7\u00e3o evidente pede outra atitude.","robots":{"index":"index","follow":"follow","max-snippet":"max-snippet:-1","max-image-preview":"max-image-preview:large","max-video-preview":"max-video-preview:-1"},"canonical":"https:\/\/www.em.com.br\/emfoco\/2026\/09\/06\/por-que-colocar-um-pacote-antigo-de-farinha-no-freezer-por-pelo-menos-quatro-dias-antes-de-devolve-lo-a-despensa\/","og_locale":"pt_BR","og_type":"article","og_title":"Por que colocar um pacote antigo de farinha no freezer por pelo menos quatro dias antes de devolv\u00ea-lo \u00e0 despensa - Estado de Minas - Em foco","og_description":"Um pacote antigo de farinha pode ficar quatro dias no freezer quando h\u00e1 d\u00favida sobre insetos, mas infesta\u00e7\u00e3o evidente pede outra atitude.","og_url":"https:\/\/www.em.com.br\/emfoco\/2026\/09\/06\/por-que-colocar-um-pacote-antigo-de-farinha-no-freezer-por-pelo-menos-quatro-dias-antes-de-devolve-lo-a-despensa\/","og_site_name":"Estado de Minas - Em foco","article_published_time":"2026-09-06T13:37:00+00:00","og_image":[{"width":1280,"height":720,"url":"https:\/\/www.em.com.br\/emfoco\/wp-content\/uploads\/2026\/09\/emblalgme.jpg","type":"image\/jpeg"}],"author":"Guilherme Ara\u00fajo","twitter_card":"summary_large_image","twitter_misc":{"Escrito por":"Guilherme Ara\u00fajo","Est. tempo de leitura":"6 minutos"},"schema":{"@context":"https:\/\/schema.org","@graph":[{"@type":"Article","@id":"https:\/\/www.em.com.br\/emfoco\/2026\/09\/06\/por-que-colocar-um-pacote-antigo-de-farinha-no-freezer-por-pelo-menos-quatro-dias-antes-de-devolve-lo-a-despensa\/#article","isPartOf":{"@id":"https:\/\/www.em.com.br\/emfoco\/2026\/09\/06\/por-que-colocar-um-pacote-antigo-de-farinha-no-freezer-por-pelo-menos-quatro-dias-antes-de-devolve-lo-a-despensa\/"},"author":{"name":"Guilherme Ara\u00fajo","@id":"https:\/\/www.em.com.br\/emfoco\/#\/schema\/person\/5379e929a4b966c775d121e23f9bb421"},"headline":"Por que colocar um pacote antigo de farinha no freezer por pelo menos quatro dias antes de devolv\u00ea-lo \u00e0 despensa","datePublished":"2026-09-06T13:37:00+00:00","mainEntityOfPage":{"@id":"https:\/\/www.em.com.br\/emfoco\/2026\/09\/06\/por-que-colocar-um-pacote-antigo-de-farinha-no-freezer-por-pelo-menos-quatro-dias-antes-de-devolve-lo-a-despensa\/"},"wordCount":907,"commentCount":0,"image":{"@id":"https:\/\/www.em.com.br\/emfoco\/2026\/09\/06\/por-que-colocar-um-pacote-antigo-de-farinha-no-freezer-por-pelo-menos-quatro-dias-antes-de-devolve-lo-a-despensa\/#primaryimage"},"thumbnailUrl":"https:\/\/www.em.com.br\/emfoco\/wp-content\/uploads\/2026\/09\/emblalgme.jpg","keywords":["despensa","Farinha","Freezer","insetos"],"articleSection":["Curiosidades"],"inLanguage":"pt-BR","potentialAction":[{"@type":"CommentAction","name":"Comment","target":["https:\/\/www.em.com.br\/emfoco\/2026\/09\/06\/por-que-colocar-um-pacote-antigo-de-farinha-no-freezer-por-pelo-menos-quatro-dias-antes-de-devolve-lo-a-despensa\/#respond"]}]},{"@type":"WebPage","@id":"https:\/\/www.em.com.br\/emfoco\/2026\/09\/06\/por-que-colocar-um-pacote-antigo-de-farinha-no-freezer-por-pelo-menos-quatro-dias-antes-de-devolve-lo-a-despensa\/","url":"https:\/\/www.em.com.br\/emfoco\/2026\/09\/06\/por-que-colocar-um-pacote-antigo-de-farinha-no-freezer-por-pelo-menos-quatro-dias-antes-de-devolve-lo-a-despensa\/","name":"Por que colocar um pacote antigo de farinha no freezer por pelo menos quatro dias antes de devolv\u00ea-lo \u00e0 despensa - Estado de Minas - Em foco","isPartOf":{"@id":"https:\/\/www.em.com.br\/emfoco\/#website"},"primaryImageOfPage":{"@id":"https:\/\/www.em.com.br\/emfoco\/2026\/09\/06\/por-que-colocar-um-pacote-antigo-de-farinha-no-freezer-por-pelo-menos-quatro-dias-antes-de-devolve-lo-a-despensa\/#primaryimage"},"image":{"@id":"https:\/\/www.em.com.br\/emfoco\/2026\/09\/06\/por-que-colocar-um-pacote-antigo-de-farinha-no-freezer-por-pelo-menos-quatro-dias-antes-de-devolve-lo-a-despensa\/#primaryimage"},"thumbnailUrl":"https:\/\/www.em.com.br\/emfoco\/wp-content\/uploads\/2026\/09\/emblalgme.jpg","datePublished":"2026-09-06T13:37:00+00:00","author":{"@id":"https:\/\/www.em.com.br\/emfoco\/#\/schema\/person\/5379e929a4b966c775d121e23f9bb421"},"description":"Um pacote antigo de farinha pode ficar quatro dias no freezer quando h\u00e1 d\u00favida sobre insetos, mas infesta\u00e7\u00e3o evidente pede outra atitude.","breadcrumb":{"@id":"https:\/\/www.em.com.br\/emfoco\/2026\/09\/06\/por-que-colocar-um-pacote-antigo-de-farinha-no-freezer-por-pelo-menos-quatro-dias-antes-de-devolve-lo-a-despensa\/#breadcrumb"},"inLanguage":"pt-BR","potentialAction":[{"@type":"ReadAction","target":["https:\/\/www.em.com.br\/emfoco\/2026\/09\/06\/por-que-colocar-um-pacote-antigo-de-farinha-no-freezer-por-pelo-menos-quatro-dias-antes-de-devolve-lo-a-despensa\/"]}]},{"@type":"ImageObject","inLanguage":"pt-BR","@id":"https:\/\/www.em.com.br\/emfoco\/2026\/09\/06\/por-que-colocar-um-pacote-antigo-de-farinha-no-freezer-por-pelo-menos-quatro-dias-antes-de-devolve-lo-a-despensa\/#primaryimage","url":"https:\/\/www.em.com.br\/emfoco\/wp-content\/uploads\/2026\/09\/emblalgme.jpg","contentUrl":"https:\/\/www.em.com.br\/emfoco\/wp-content\/uploads\/2026\/09\/emblalgme.jpg","width":1280,"height":720,"caption":"Produtos secos podem carregar ovos ou pequenos insetos sem que o problema seja percebido de imediato"},{"@type":"BreadcrumbList","@id":"https:\/\/www.em.com.br\/emfoco\/2026\/09\/06\/por-que-colocar-um-pacote-antigo-de-farinha-no-freezer-por-pelo-menos-quatro-dias-antes-de-devolve-lo-a-despensa\/#breadcrumb","itemListElement":[{"@type":"ListItem","position":1,"name":"In\u00edcio","item":"https:\/\/www.em.com.br\/emfoco\/"},{"@type":"ListItem","position":2,"name":"Por que colocar um pacote antigo de farinha no freezer por pelo menos quatro dias antes de devolv\u00ea-lo \u00e0 despensa"}]},{"@type":"WebSite","@id":"https:\/\/www.em.com.br\/emfoco\/#website","url":"https:\/\/www.em.com.br\/emfoco\/","name":"Estado de Minas - Em foco","description":"Acompanhe as \u00faltimas not\u00edcias e fique bem informado sobre tudo o que acontece em Minas Gerais, Brasil e no mundo.","potentialAction":[{"@type":"SearchAction","target":{"@type":"EntryPoint","urlTemplate":"https:\/\/www.em.com.br\/emfoco\/?s={search_term_string}"},"query-input":{"@type":"PropertyValueSpecification","valueRequired":true,"valueName":"search_term_string"}}],"inLanguage":"pt-BR"},{"@type":"Person","@id":"https:\/\/www.em.com.br\/emfoco\/#\/schema\/person\/5379e929a4b966c775d121e23f9bb421","name":"Guilherme Ara\u00fajo","image":{"@type":"ImageObject","inLanguage":"pt-BR","@id":"https:\/\/secure.gravatar.com\/avatar\/063bc96e5a2afd1844386c45bd1360efc771eff011a9fab8cd399e2a104c3ecd?s=96&d=mm&r=g","url":"https:\/\/secure.gravatar.com\/avatar\/063bc96e5a2afd1844386c45bd1360efc771eff011a9fab8cd399e2a104c3ecd?s=96&d=mm&r=g","contentUrl":"https:\/\/secure.gravatar.com\/avatar\/063bc96e5a2afd1844386c45bd1360efc771eff011a9fab8cd399e2a104c3ecd?s=96&d=mm&r=g","caption":"Guilherme Ara\u00fajo"},"sameAs":["https:\/\/www.em.com.br\/emfoco"],"url":"https:\/\/www.em.com.br\/emfoco\/author\/guilhermeamyth\/"}]}},"_links":{"self":[{"href":"https:\/\/www.em.com.br\/emfoco\/wp-json\/wp\/v2\/posts\/262752","targetHints":{"allow":["GET"]}}],"collection":[{"href":"https:\/\/www.em.com.br\/emfoco\/wp-json\/wp\/v2\/posts"}],"about":[{"href":"https:\/\/www.em.com.br\/emfoco\/wp-json\/wp\/v2\/types\/post"}],"author":[{"embeddable":true,"href":"https:\/\/www.em.com.br\/emfoco\/wp-json\/wp\/v2\/users\/30"}],"replies":[{"embeddable":true,"href":"https:\/\/www.em.com.br\/emfoco\/wp-json\/wp\/v2\/comments?post=262752"}],"version-history":[{"count":5,"href":"https:\/\/www.em.com.br\/emfoco\/wp-json\/wp\/v2\/posts\/262752\/revisions"}],"predecessor-version":[{"id":262908,"href":"https:\/\/www.em.com.br\/emfoco\/wp-json\/wp\/v2\/posts\/262752\/revisions\/262908"}],"wp:featuredmedia":[{"embeddable":true,"href":"https:\/\/www.em.com.br\/emfoco\/wp-json\/wp\/v2\/media\/262795"}],"wp:attachment":[{"href":"https:\/\/www.em.com.br\/emfoco\/wp-json\/wp\/v2\/media?parent=262752"}],"wp:term":[{"taxonomy":"category","embeddable":true,"href":"https:\/\/www.em.com.br\/emfoco\/wp-json\/wp\/v2\/categories?post=262752"},{"taxonomy":"post_tag","embeddable":true,"href":"https:\/\/www.em.com.br\/emfoco\/wp-json\/wp\/v2\/tags?post=262752"}],"curies":[{"name":"wp","href":"https:\/\/api.w.org\/{rel}","templated":true}]}}