{"id":262709,"date":"2026-09-05T16:59:00","date_gmt":"2026-09-05T19:59:00","guid":{"rendered":"https:\/\/www.em.com.br\/emfoco\/?p=262709"},"modified":"2026-09-05T03:19:01","modified_gmt":"2026-09-05T06:19:01","slug":"cientistas-analisaram-proteinas-formadas-antes-do-nascimento-nos-olhos-deste-tubarao-estimaram-que-uma-femea-de-5-metros-poderia-ter-entre-272-e-512-anos-e-descobriram-o-vertebrado-conhecido-com-uma","status":"publish","type":"post","link":"https:\/\/www.em.com.br\/emfoco\/2026\/09\/05\/cientistas-analisaram-proteinas-formadas-antes-do-nascimento-nos-olhos-deste-tubarao-estimaram-que-uma-femea-de-5-metros-poderia-ter-entre-272-e-512-anos-e-descobriram-o-vertebrado-conhecido-com-uma\/","title":{"rendered":"Cientistas analisaram prote\u00ednas formadas antes do nascimento nos olhos deste tubar\u00e3o, estimaram que uma f\u00eamea de 5 metros poderia ter entre 272 e 512 anos e descobriram o vertebrado conhecido com uma das vidas mais longas do planeta"},"content":{"rendered":"\n<p class=\"wp-block-paragraph\">Uma f\u00eamea de 5 metros ajudou a revelar que um <strong>tubar\u00e3o<\/strong> pode atravessar s\u00e9culos vivo. O <strong>tubar\u00e3o-da-Groenl\u00e2ndia<\/strong> cresce t\u00e3o lentamente que cientistas recorreram \u00e0s prote\u00ednas dos olhos para estimar sua idade, chegando a uma faixa de 272 a 512 anos para o maior exemplar analisado, com ampla margem estat\u00edstica.<\/p>\n\n\n\n<h2 class=\"wp-block-heading\">Por que \u00e9 t\u00e3o dif\u00edcil descobrir a idade desse tubar\u00e3o?<\/h2>\n\n\n\n<p class=\"wp-block-paragraph\">A <a href=\"https:\/\/pt.wikipedia.org\/wiki\/Somniosus_microcephalus\" target=\"_blank\" rel=\"noopener\"><strong>esp\u00e9cie Somniosus microcephalus<\/strong><\/a> n\u00e3o oferece estruturas r\u00edgidas com an\u00e9is anuais f\u00e1ceis de contar, como ocorre em alguns peixes. Seu esqueleto \u00e9 cartilaginoso e o crescimento \u00e9 lento, ent\u00e3o m\u00e9todos comuns de estimativa de idade n\u00e3o resolvem bem o problema.<\/p>\n\n\n\n<p class=\"wp-block-paragraph\">Essa dificuldade levou pesquisadores a procurar uma parte do corpo que preservasse material antigo. A solu\u00e7\u00e3o apareceu no <strong>cristalino dos olhos<\/strong>, cuja regi\u00e3o central cont\u00e9m prote\u00ednas formadas muito cedo na vida e que permanecem relativamente est\u00e1veis ao longo das d\u00e9cadas.<\/p>\n\n\n<div class=\"wp-block-image\">\n<figure class=\"aligncenter size-large\"><img decoding=\"async\" width=\"1024\" height=\"572\" src=\"https:\/\/www.em.com.br\/emfoco\/wp-content\/uploads\/2026\/09\/Greenland_shark_eye_anatomy_202609050308-1024x572.jpeg\" alt=\"Como cientistas estimam a idade do tubar\u00e3o-da-Groenl\u00e2ndia\" class=\"wp-image-262711\" srcset=\"https:\/\/www.em.com.br\/emfoco\/wp-content\/uploads\/2026\/09\/Greenland_shark_eye_anatomy_202609050308-1024x572.jpeg 1024w, https:\/\/www.em.com.br\/emfoco\/wp-content\/uploads\/2026\/09\/Greenland_shark_eye_anatomy_202609050308-300x167.jpeg 300w, https:\/\/www.em.com.br\/emfoco\/wp-content\/uploads\/2026\/09\/Greenland_shark_eye_anatomy_202609050308-768x429.jpeg 768w, https:\/\/www.em.com.br\/emfoco\/wp-content\/uploads\/2026\/09\/Greenland_shark_eye_anatomy_202609050308-750x419.jpeg 750w, https:\/\/www.em.com.br\/emfoco\/wp-content\/uploads\/2026\/09\/Greenland_shark_eye_anatomy_202609050308-1140x636.jpeg 1140w, https:\/\/www.em.com.br\/emfoco\/wp-content\/uploads\/2026\/09\/Greenland_shark_eye_anatomy_202609050308.jpeg 1376w\" sizes=\"(max-width: 1024px) 100vw, 1024px\" \/><figcaption class=\"wp-element-caption\">Como cientistas estimam a idade do tubar\u00e3o-da-Groenl\u00e2ndia<\/figcaption><\/figure>\n<\/div>\n\n\n<h2 class=\"wp-block-heading\">Como prote\u00ednas do olho podem indicar uma idade de s\u00e9culos?<\/h2>\n\n\n\n<p class=\"wp-block-paragraph\">Como aquelas prote\u00ednas foram produzidas antes do nascimento, elas funcionam como uma esp\u00e9cie de marcador temporal. A an\u00e1lise mede <strong>carbono radioativo<\/strong> presente nesse material e compara o resultado com refer\u00eancias conhecidas, produzindo uma estimativa estat\u00edstica para o momento em que o animal come\u00e7ou a vida.<\/p>\n\n\n\n<p class=\"wp-block-paragraph\">A t\u00e9cnica aplicada a 28 f\u00eameas mostrou que o maior exemplar, com cerca de 5 metros, tinha idade central estimada em 392 anos, com intervalo de <a href=\"https:\/\/oceanservice.noaa.gov\/facts\/greenland-shark.html?trk=public_post_comment-text\" target=\"_blank\" rel=\"noopener\"><strong>272 a 512 anos<\/strong><\/a>. Essa faixa expressa incerteza, n\u00e3o uma data de nascimento exata.<\/p>\n\n\n\n<h2 class=\"wp-block-heading\">O que os olhos revelaram sobre o crescimento da esp\u00e9cie?<\/h2>\n\n\n\n<p class=\"wp-block-paragraph\">O resultado combina com outro tra\u00e7o do animal: <strong>crescimento muito lento<\/strong>. Quanto maior o corpo encontrado, maior tende a ser a idade estimada, o que ajuda a explicar por que exemplares com v\u00e1rios metros podem ter vivido por per\u00edodos muito superiores a uma vida humana.<\/p>\n\n\n\n<p class=\"wp-block-paragraph\"><strong>Os principais sinais reunidos foram:<\/strong><\/p>\n\n\n\n<ul class=\"wp-block-list\">\n<li><strong>Prote\u00ednas antigas:<\/strong> ficam preservadas no centro do cristalino.<\/li>\n\n\n\n<li><strong>Data\u00e7\u00e3o por carbono:<\/strong> fornece uma faixa prov\u00e1vel de idade.<\/li>\n\n\n\n<li><strong>Corpo muito grande:<\/strong> combina com d\u00e9cadas ou s\u00e9culos de crescimento lento.<\/li>\n\n\n\n<li><strong>Ampla incerteza:<\/strong> impede tratar o n\u00famero como idade exata.<\/li>\n<\/ul>\n\n\n<div class=\"wp-block-image\">\n<figure class=\"aligncenter size-large\"><img decoding=\"async\" width=\"1024\" height=\"572\" src=\"https:\/\/www.em.com.br\/emfoco\/wp-content\/uploads\/2026\/09\/Biological_sample_in_laboratory_202609050312-1024x572.jpeg\" alt=\"Como cientistas estimam a idade do tubar\u00e3o-da-Groenl\u00e2ndia\" class=\"wp-image-262712\" srcset=\"https:\/\/www.em.com.br\/emfoco\/wp-content\/uploads\/2026\/09\/Biological_sample_in_laboratory_202609050312-1024x572.jpeg 1024w, https:\/\/www.em.com.br\/emfoco\/wp-content\/uploads\/2026\/09\/Biological_sample_in_laboratory_202609050312-300x167.jpeg 300w, https:\/\/www.em.com.br\/emfoco\/wp-content\/uploads\/2026\/09\/Biological_sample_in_laboratory_202609050312-768x429.jpeg 768w, https:\/\/www.em.com.br\/emfoco\/wp-content\/uploads\/2026\/09\/Biological_sample_in_laboratory_202609050312-750x419.jpeg 750w, https:\/\/www.em.com.br\/emfoco\/wp-content\/uploads\/2026\/09\/Biological_sample_in_laboratory_202609050312-1140x636.jpeg 1140w, https:\/\/www.em.com.br\/emfoco\/wp-content\/uploads\/2026\/09\/Biological_sample_in_laboratory_202609050312.jpeg 1376w\" sizes=\"(max-width: 1024px) 100vw, 1024px\" \/><figcaption class=\"wp-element-caption\">Como cientistas estimam a idade do tubar\u00e3o-da-Groenl\u00e2ndia<\/figcaption><\/figure>\n<\/div>\n\n\n<h2 class=\"wp-block-heading\">Por que a estimativa de 272 anos j\u00e1 \u00e9 t\u00e3o impressionante?<\/h2>\n\n\n\n<p class=\"wp-block-paragraph\">Mesmo usando o limite inferior do intervalo, o maior animal analisado teria vivido por <strong>pelo menos cerca de 272 anos<\/strong>. Isso coloca a esp\u00e9cie em um patamar extremo entre vertebrados e mostra como ambientes frios podem abrigar ciclos de vida muito diferentes dos observados em animais mais familiares.<\/p>\n\n\n\n<p class=\"wp-block-paragraph\">O m\u00e9todo tamb\u00e9m indicou maturidade sexual em idade avan\u00e7ada. A explica\u00e7\u00e3o do uso das <a href=\"https:\/\/ocean.si.edu\/ocean-life\/sharks-rays\/eyes-one-shark-age-nothing-fear\" target=\"_blank\" rel=\"noopener\"><strong>prote\u00ednas do cristalino<\/strong><\/a> ajuda a entender por que uma estrutura t\u00e3o pequena do olho pode registrar informa\u00e7\u00f5es que o restante do esqueleto n\u00e3o preserva.<\/p>\n\n\n\n<p class=\"wp-block-paragraph\">Leia tamb\u00e9m: <a href=\"https:\/\/www.em.com.br\/emfoco\/2026\/08\/08\/uma-ilha-da-escocia-e-cercada-por-um-muro-de-21-km-para-manter-ovelhas-na-praia-e-o-motivo-esta-na-dieta-de-algas-que-elas-desenvolveram-ao-longo-de-geracoes\/\" target=\"_blank\" rel=\"noreferrer noopener\">Uma ilha da Esc\u00f3cia \u00e9 cercada por um muro de 21 km para manter ovelhas na praia e o motivo est\u00e1 na dieta de algas que elas desenvolveram ao longo de gera\u00e7\u00f5es<\/a><\/p>\n\n\n\n<h2 class=\"wp-block-heading\">O que essa longevidade muda na forma de olhar para a esp\u00e9cie?<\/h2>\n\n\n\n<p class=\"wp-block-paragraph\">Uma vida que pode atravessar s\u00e9culos significa que cada gera\u00e7\u00e3o demora muito para ser substitu\u00edda. O <strong>animal<\/strong> cresce devagar, amadurece tarde e depende de um ciclo biol\u00f3gico longo, combina\u00e7\u00e3o que torna sua popula\u00e7\u00e3o diferente de esp\u00e9cies capazes de se reproduzir rapidamente.<\/p>\n\n\n\n<p class=\"wp-block-paragraph\">O dado mais importante, portanto, n\u00e3o \u00e9 imaginar um indiv\u00edduo com idade exata de 512 anos, mas compreender a escala. A <strong>longevidade estimada em s\u00e9culos<\/strong> transforma o animal em um dos exemplos mais extremos conhecidos de crescimento lento e vida prolongada entre vertebrados.<\/p>\n\n\n\n<p class=\"wp-block-paragraph\"><\/p>\n","protected":false},"excerpt":{"rendered":"<p>Uma f\u00eamea de 5 metros ajudou a revelar que um tubar\u00e3o pode atravessar s\u00e9culos vivo. O tubar\u00e3o-da-Groenl\u00e2ndia cresce t\u00e3o lentamente que cientistas recorreram \u00e0s prote\u00ednas dos olhos para estimar sua idade, chegando a uma faixa de 272 a 512 anos para o maior exemplar analisado, com ampla margem estat\u00edstica. Por que \u00e9 t\u00e3o dif\u00edcil descobrir [&hellip;]<\/p>\n","protected":false},"author":36,"featured_media":262710,"comment_status":"open","ping_status":"open","sticky":false,"template":"","format":"standard","meta":{"jnews-multi-image_gallery":[],"jnews_single_post":{"format":"standard"},"jnews_primary_category":[],"jnews_social_meta":[],"jnews_override_counter":[],"footnotes":""},"categories":[8819],"tags":[884,2597,10883,6556],"class_list":["post-262709","post","type-post","status-publish","format-standard","has-post-thumbnail","hentry","category-curiosidades","tag-ciencia","tag-longevidade","tag-oceanos","tag-tubarao"],"yoast_head":"<!-- This site is optimized with the Yoast SEO plugin v28.3 - https:\/\/yoast.com\/product\/yoast-seo-wordpress\/ -->\n<title>Cientistas analisaram prote\u00ednas formadas antes do nascimento nos olhos deste tubar\u00e3o, estimaram que uma f\u00eamea de 5 metros poderia ter entre 272 e 512 anos e descobriram o vertebrado conhecido com uma das vidas mais longas do planeta - Estado de Minas - Em foco<\/title>\n<meta name=\"description\" content=\"Como prote\u00ednas formadas antes do nascimento ajudaram a estimar s\u00e9culos de vida em um tubar\u00e3o de 5 metros?\" \/>\n<meta name=\"robots\" content=\"index, follow, max-snippet:-1, max-image-preview:large, max-video-preview:-1\" \/>\n<link rel=\"canonical\" href=\"https:\/\/www.em.com.br\/emfoco\/2026\/09\/05\/cientistas-analisaram-proteinas-formadas-antes-do-nascimento-nos-olhos-deste-tubarao-estimaram-que-uma-femea-de-5-metros-poderia-ter-entre-272-e-512-anos-e-descobriram-o-vertebrado-conhecido-com-uma\/\" \/>\n<meta property=\"og:locale\" content=\"pt_BR\" \/>\n<meta property=\"og:type\" content=\"article\" \/>\n<meta property=\"og:title\" content=\"Cientistas analisaram prote\u00ednas formadas antes do nascimento nos olhos deste tubar\u00e3o, estimaram que uma f\u00eamea de 5 metros poderia ter entre 272 e 512 anos e descobriram o vertebrado conhecido com uma das vidas mais longas do planeta - Estado de Minas - Em foco\" \/>\n<meta property=\"og:description\" content=\"Como prote\u00ednas formadas antes do nascimento ajudaram a estimar s\u00e9culos de vida em um tubar\u00e3o de 5 metros?\" \/>\n<meta property=\"og:url\" content=\"https:\/\/www.em.com.br\/emfoco\/2026\/09\/05\/cientistas-analisaram-proteinas-formadas-antes-do-nascimento-nos-olhos-deste-tubarao-estimaram-que-uma-femea-de-5-metros-poderia-ter-entre-272-e-512-anos-e-descobriram-o-vertebrado-conhecido-com-uma\/\" \/>\n<meta property=\"og:site_name\" content=\"Estado de Minas - Em foco\" \/>\n<meta property=\"article:published_time\" content=\"2026-09-05T19:59:00+00:00\" \/>\n<meta property=\"og:image\" content=\"https:\/\/www.em.com.br\/emfoco\/wp-content\/uploads\/2026\/09\/Greenland_shark_swimming_in_water_202609050308.jpeg\" \/>\n\t<meta property=\"og:image:width\" content=\"1376\" \/>\n\t<meta property=\"og:image:height\" content=\"768\" \/>\n\t<meta property=\"og:image:type\" content=\"image\/jpeg\" \/>\n<meta name=\"author\" content=\"Paulo\" \/>\n<meta name=\"twitter:card\" content=\"summary_large_image\" \/>\n<meta name=\"twitter:label1\" content=\"Escrito por\" \/>\n\t<meta name=\"twitter:data1\" content=\"Paulo\" \/>\n\t<meta name=\"twitter:label2\" content=\"Est. tempo de leitura\" \/>\n\t<meta name=\"twitter:data2\" content=\"4 minutos\" \/>\n<!-- \/ Yoast SEO plugin. -->","yoast_head_json":{"title":"Cientistas analisaram prote\u00ednas formadas antes do nascimento nos olhos deste tubar\u00e3o, estimaram que uma f\u00eamea de 5 metros poderia ter entre 272 e 512 anos e descobriram o vertebrado conhecido com uma das vidas mais longas do planeta - Estado de Minas - Em foco","description":"Como prote\u00ednas formadas antes do nascimento ajudaram a estimar s\u00e9culos de vida em um tubar\u00e3o de 5 metros?","robots":{"index":"index","follow":"follow","max-snippet":"max-snippet:-1","max-image-preview":"max-image-preview:large","max-video-preview":"max-video-preview:-1"},"canonical":"https:\/\/www.em.com.br\/emfoco\/2026\/09\/05\/cientistas-analisaram-proteinas-formadas-antes-do-nascimento-nos-olhos-deste-tubarao-estimaram-que-uma-femea-de-5-metros-poderia-ter-entre-272-e-512-anos-e-descobriram-o-vertebrado-conhecido-com-uma\/","og_locale":"pt_BR","og_type":"article","og_title":"Cientistas analisaram prote\u00ednas formadas antes do nascimento nos olhos deste tubar\u00e3o, estimaram que uma f\u00eamea de 5 metros poderia ter entre 272 e 512 anos e descobriram o vertebrado conhecido com uma das vidas mais longas do planeta - Estado de Minas - Em foco","og_description":"Como prote\u00ednas formadas antes do nascimento ajudaram a estimar s\u00e9culos de vida em um tubar\u00e3o de 5 metros?","og_url":"https:\/\/www.em.com.br\/emfoco\/2026\/09\/05\/cientistas-analisaram-proteinas-formadas-antes-do-nascimento-nos-olhos-deste-tubarao-estimaram-que-uma-femea-de-5-metros-poderia-ter-entre-272-e-512-anos-e-descobriram-o-vertebrado-conhecido-com-uma\/","og_site_name":"Estado de Minas - Em foco","article_published_time":"2026-09-05T19:59:00+00:00","og_image":[{"width":1376,"height":768,"url":"https:\/\/www.em.com.br\/emfoco\/wp-content\/uploads\/2026\/09\/Greenland_shark_swimming_in_water_202609050308.jpeg","type":"image\/jpeg"}],"author":"Paulo","twitter_card":"summary_large_image","twitter_misc":{"Escrito por":"Paulo","Est. tempo de leitura":"4 minutos"},"schema":{"@context":"https:\/\/schema.org","@graph":[{"@type":"Article","@id":"https:\/\/www.em.com.br\/emfoco\/2026\/09\/05\/cientistas-analisaram-proteinas-formadas-antes-do-nascimento-nos-olhos-deste-tubarao-estimaram-que-uma-femea-de-5-metros-poderia-ter-entre-272-e-512-anos-e-descobriram-o-vertebrado-conhecido-com-uma\/#article","isPartOf":{"@id":"https:\/\/www.em.com.br\/emfoco\/2026\/09\/05\/cientistas-analisaram-proteinas-formadas-antes-do-nascimento-nos-olhos-deste-tubarao-estimaram-que-uma-femea-de-5-metros-poderia-ter-entre-272-e-512-anos-e-descobriram-o-vertebrado-conhecido-com-uma\/"},"author":{"name":"Paulo","@id":"https:\/\/www.em.com.br\/emfoco\/#\/schema\/person\/a40efdfe89a3c3c02a66e4188f4757f9"},"headline":"Cientistas analisaram prote\u00ednas formadas antes do nascimento nos olhos deste tubar\u00e3o, estimaram que uma f\u00eamea de 5 metros poderia ter entre 272 e 512 anos e descobriram o vertebrado conhecido com uma das vidas mais longas do planeta","datePublished":"2026-09-05T19:59:00+00:00","mainEntityOfPage":{"@id":"https:\/\/www.em.com.br\/emfoco\/2026\/09\/05\/cientistas-analisaram-proteinas-formadas-antes-do-nascimento-nos-olhos-deste-tubarao-estimaram-que-uma-femea-de-5-metros-poderia-ter-entre-272-e-512-anos-e-descobriram-o-vertebrado-conhecido-com-uma\/"},"wordCount":666,"commentCount":0,"image":{"@id":"https:\/\/www.em.com.br\/emfoco\/2026\/09\/05\/cientistas-analisaram-proteinas-formadas-antes-do-nascimento-nos-olhos-deste-tubarao-estimaram-que-uma-femea-de-5-metros-poderia-ter-entre-272-e-512-anos-e-descobriram-o-vertebrado-conhecido-com-uma\/#primaryimage"},"thumbnailUrl":"https:\/\/www.em.com.br\/emfoco\/wp-content\/uploads\/2026\/09\/Greenland_shark_swimming_in_water_202609050308.jpeg","keywords":["ci\u00eancia","Longevidade","oceanos","tubar\u00e3o"],"articleSection":["Curiosidades"],"inLanguage":"pt-BR","potentialAction":[{"@type":"CommentAction","name":"Comment","target":["https:\/\/www.em.com.br\/emfoco\/2026\/09\/05\/cientistas-analisaram-proteinas-formadas-antes-do-nascimento-nos-olhos-deste-tubarao-estimaram-que-uma-femea-de-5-metros-poderia-ter-entre-272-e-512-anos-e-descobriram-o-vertebrado-conhecido-com-uma\/#respond"]}]},{"@type":"WebPage","@id":"https:\/\/www.em.com.br\/emfoco\/2026\/09\/05\/cientistas-analisaram-proteinas-formadas-antes-do-nascimento-nos-olhos-deste-tubarao-estimaram-que-uma-femea-de-5-metros-poderia-ter-entre-272-e-512-anos-e-descobriram-o-vertebrado-conhecido-com-uma\/","url":"https:\/\/www.em.com.br\/emfoco\/2026\/09\/05\/cientistas-analisaram-proteinas-formadas-antes-do-nascimento-nos-olhos-deste-tubarao-estimaram-que-uma-femea-de-5-metros-poderia-ter-entre-272-e-512-anos-e-descobriram-o-vertebrado-conhecido-com-uma\/","name":"Cientistas analisaram prote\u00ednas formadas antes do nascimento nos olhos deste tubar\u00e3o, estimaram que uma f\u00eamea de 5 metros poderia ter entre 272 e 512 anos e descobriram o vertebrado conhecido com uma das vidas mais longas do planeta - Estado de Minas - Em foco","isPartOf":{"@id":"https:\/\/www.em.com.br\/emfoco\/#website"},"primaryImageOfPage":{"@id":"https:\/\/www.em.com.br\/emfoco\/2026\/09\/05\/cientistas-analisaram-proteinas-formadas-antes-do-nascimento-nos-olhos-deste-tubarao-estimaram-que-uma-femea-de-5-metros-poderia-ter-entre-272-e-512-anos-e-descobriram-o-vertebrado-conhecido-com-uma\/#primaryimage"},"image":{"@id":"https:\/\/www.em.com.br\/emfoco\/2026\/09\/05\/cientistas-analisaram-proteinas-formadas-antes-do-nascimento-nos-olhos-deste-tubarao-estimaram-que-uma-femea-de-5-metros-poderia-ter-entre-272-e-512-anos-e-descobriram-o-vertebrado-conhecido-com-uma\/#primaryimage"},"thumbnailUrl":"https:\/\/www.em.com.br\/emfoco\/wp-content\/uploads\/2026\/09\/Greenland_shark_swimming_in_water_202609050308.jpeg","datePublished":"2026-09-05T19:59:00+00:00","author":{"@id":"https:\/\/www.em.com.br\/emfoco\/#\/schema\/person\/a40efdfe89a3c3c02a66e4188f4757f9"},"description":"Como prote\u00ednas formadas antes do nascimento ajudaram a estimar s\u00e9culos de vida em um tubar\u00e3o de 5 metros?","breadcrumb":{"@id":"https:\/\/www.em.com.br\/emfoco\/2026\/09\/05\/cientistas-analisaram-proteinas-formadas-antes-do-nascimento-nos-olhos-deste-tubarao-estimaram-que-uma-femea-de-5-metros-poderia-ter-entre-272-e-512-anos-e-descobriram-o-vertebrado-conhecido-com-uma\/#breadcrumb"},"inLanguage":"pt-BR","potentialAction":[{"@type":"ReadAction","target":["https:\/\/www.em.com.br\/emfoco\/2026\/09\/05\/cientistas-analisaram-proteinas-formadas-antes-do-nascimento-nos-olhos-deste-tubarao-estimaram-que-uma-femea-de-5-metros-poderia-ter-entre-272-e-512-anos-e-descobriram-o-vertebrado-conhecido-com-uma\/"]}]},{"@type":"ImageObject","inLanguage":"pt-BR","@id":"https:\/\/www.em.com.br\/emfoco\/2026\/09\/05\/cientistas-analisaram-proteinas-formadas-antes-do-nascimento-nos-olhos-deste-tubarao-estimaram-que-uma-femea-de-5-metros-poderia-ter-entre-272-e-512-anos-e-descobriram-o-vertebrado-conhecido-com-uma\/#primaryimage","url":"https:\/\/www.em.com.br\/emfoco\/wp-content\/uploads\/2026\/09\/Greenland_shark_swimming_in_water_202609050308.jpeg","contentUrl":"https:\/\/www.em.com.br\/emfoco\/wp-content\/uploads\/2026\/09\/Greenland_shark_swimming_in_water_202609050308.jpeg","width":1376,"height":768,"caption":"Como cientistas estimam a idade do tubar\u00e3o-da-Groenl\u00e2ndia"},{"@type":"BreadcrumbList","@id":"https:\/\/www.em.com.br\/emfoco\/2026\/09\/05\/cientistas-analisaram-proteinas-formadas-antes-do-nascimento-nos-olhos-deste-tubarao-estimaram-que-uma-femea-de-5-metros-poderia-ter-entre-272-e-512-anos-e-descobriram-o-vertebrado-conhecido-com-uma\/#breadcrumb","itemListElement":[{"@type":"ListItem","position":1,"name":"In\u00edcio","item":"https:\/\/www.em.com.br\/emfoco\/"},{"@type":"ListItem","position":2,"name":"Cientistas analisaram prote\u00ednas formadas antes do nascimento nos olhos deste tubar\u00e3o, estimaram que uma f\u00eamea de 5 metros poderia ter entre 272 e 512 anos e descobriram o vertebrado conhecido com uma das vidas mais longas do planeta"}]},{"@type":"WebSite","@id":"https:\/\/www.em.com.br\/emfoco\/#website","url":"https:\/\/www.em.com.br\/emfoco\/","name":"Estado de Minas - Em foco","description":"Acompanhe as \u00faltimas not\u00edcias e fique bem informado sobre tudo o que acontece em Minas Gerais, Brasil e no mundo.","potentialAction":[{"@type":"SearchAction","target":{"@type":"EntryPoint","urlTemplate":"https:\/\/www.em.com.br\/emfoco\/?s={search_term_string}"},"query-input":{"@type":"PropertyValueSpecification","valueRequired":true,"valueName":"search_term_string"}}],"inLanguage":"pt-BR"},{"@type":"Person","@id":"https:\/\/www.em.com.br\/emfoco\/#\/schema\/person\/a40efdfe89a3c3c02a66e4188f4757f9","name":"Paulo","image":{"@type":"ImageObject","inLanguage":"pt-BR","@id":"https:\/\/secure.gravatar.com\/avatar\/e97035e905aa7c91d0d43cb122ce3d29e6f75e431f9c5f20d3d2e46f1e2f5af4?s=96&d=mm&r=g","url":"https:\/\/secure.gravatar.com\/avatar\/e97035e905aa7c91d0d43cb122ce3d29e6f75e431f9c5f20d3d2e46f1e2f5af4?s=96&d=mm&r=g","contentUrl":"https:\/\/secure.gravatar.com\/avatar\/e97035e905aa7c91d0d43cb122ce3d29e6f75e431f9c5f20d3d2e46f1e2f5af4?s=96&d=mm&r=g","caption":"Paulo"},"sameAs":["https:\/\/www.em.com.br\/emfoco"],"url":"https:\/\/www.em.com.br\/emfoco\/author\/paulomyth\/"}]}},"_links":{"self":[{"href":"https:\/\/www.em.com.br\/emfoco\/wp-json\/wp\/v2\/posts\/262709","targetHints":{"allow":["GET"]}}],"collection":[{"href":"https:\/\/www.em.com.br\/emfoco\/wp-json\/wp\/v2\/posts"}],"about":[{"href":"https:\/\/www.em.com.br\/emfoco\/wp-json\/wp\/v2\/types\/post"}],"author":[{"embeddable":true,"href":"https:\/\/www.em.com.br\/emfoco\/wp-json\/wp\/v2\/users\/36"}],"replies":[{"embeddable":true,"href":"https:\/\/www.em.com.br\/emfoco\/wp-json\/wp\/v2\/comments?post=262709"}],"version-history":[{"count":2,"href":"https:\/\/www.em.com.br\/emfoco\/wp-json\/wp\/v2\/posts\/262709\/revisions"}],"predecessor-version":[{"id":262716,"href":"https:\/\/www.em.com.br\/emfoco\/wp-json\/wp\/v2\/posts\/262709\/revisions\/262716"}],"wp:featuredmedia":[{"embeddable":true,"href":"https:\/\/www.em.com.br\/emfoco\/wp-json\/wp\/v2\/media\/262710"}],"wp:attachment":[{"href":"https:\/\/www.em.com.br\/emfoco\/wp-json\/wp\/v2\/media?parent=262709"}],"wp:term":[{"taxonomy":"category","embeddable":true,"href":"https:\/\/www.em.com.br\/emfoco\/wp-json\/wp\/v2\/categories?post=262709"},{"taxonomy":"post_tag","embeddable":true,"href":"https:\/\/www.em.com.br\/emfoco\/wp-json\/wp\/v2\/tags?post=262709"}],"curies":[{"name":"wp","href":"https:\/\/api.w.org\/{rel}","templated":true}]}}