{"id":262672,"date":"2026-09-05T16:37:00","date_gmt":"2026-09-05T19:37:00","guid":{"rendered":"https:\/\/www.em.com.br\/emfoco\/?p=262672"},"modified":"2026-09-04T21:32:43","modified_gmt":"2026-09-05T00:32:43","slug":"uma-refinaria-de-1968-e-um-polo-capaz-de-produzir-650-mil-carros-por-ano-a-cidade-da-grande-bh-que-lidera-o-pib-por-morador-entre-as-maiores-de-minas","status":"publish","type":"post","link":"https:\/\/www.em.com.br\/emfoco\/2026\/09\/05\/uma-refinaria-de-1968-e-um-polo-capaz-de-produzir-650-mil-carros-por-ano-a-cidade-da-grande-bh-que-lidera-o-pib-por-morador-entre-as-maiores-de-minas\/","title":{"rendered":"Uma refinaria de 1968 e um polo capaz de produzir 650 mil carros por ano: a cidade da Grande BH que lidera o PIB por morador entre as maiores de Minas"},"content":{"rendered":"\n<div class=\"emf-summary google-auto-ads-ignore\">\n  <style>\n    .emf-summary {\n      --emf-navy:#00245a;\n      --emf-navy-soft:#0b3b70;\n      --emf-ink:#1d2731;\n      --emf-muted:#66727e;\n      --emf-line:#d7dde5;\n      --emf-paper:#ffffff;\n      --emf-wash:#f4f6f8;\n      box-sizing:border-box!important;\n      inline-size:min(1100px,100%)!important;\n      max-inline-size:100%!important;\n      margin-inline:auto!important;\n      overflow:hidden!important;\n      color:var(--emf-ink);\n      background:var(--emf-paper);\n      border:1px solid var(--emf-line);\n      border-block-start:5px solid var(--emf-navy);\n      border-radius:6px!important;\n      box-shadow:0 8px 24px rgba(0,36,90,.08);\n      font-family:Arial,Helvetica,sans-serif;\n    }\n\n    .emf-summary *,\n    .emf-summary *::before,\n    .emf-summary *::after {\n      box-sizing:border-box!important;\n    }\n\n    .emf-summary-brand {\n      display:flex;\n      align-items:center;\n      gap:14px;\n      padding:16px 20px;\n      color:#fff;\n      background:linear-gradient(105deg,var(--emf-navy) 0%,var(--emf-navy-soft) 100%);\n      border-block-end:1px solid rgba(255,255,255,.18);\n    }\n\n    .emf-summary-logo {\n      display:grid;\n      place-items:center;\n      inline-size:58px;\n      block-size:58px;\n      flex:0 0 58px;\n      background:rgba(255,255,255,.08);\n      border:1px solid rgba(255,255,255,.35);\n      border-radius:3px!important;\n    }\n\n    .emf-summary-logo img {\n      display:block;\n      inline-size:46px;\n      block-size:46px;\n      max-inline-size:46px;\n      max-block-size:46px;\n      object-fit:contain;\n    }\n\n    .emf-summary-eyebrow {\n      margin:0 0 3px;\n      font-size:11px;\n      font-weight:700;\n      letter-spacing:.18em;\n      line-height:1.2;\n      text-transform:uppercase;\n      opacity:.78;\n    }\n\n    .emf-summary-title {\n      margin:0;\n      font-family:Georgia,\"Times New Roman\",serif;\n      font-size:25px;\n      font-weight:700;\n      line-height:1.15;\n    }\n\n    .emf-summary-grid {\n      display:grid;\n      grid-template-columns:repeat(3,minmax(0,1fr));\n      gap:0;\n      background:var(--emf-wash);\n    }\n\n    .emf-summary-card {\n      position:relative;\n      min-block-size:190px;\n      padding:24px 20px 20px;\n      overflow:hidden!important;\n      background:#fff;\n      border-inline-end:1px solid var(--emf-line);\n    }\n\n    .emf-summary-card:last-child {\n      border-inline-end:0;\n    }\n\n    .emf-summary-number {\n      position:absolute;\n      inset-block-start:13px;\n      inset-inline-end:15px;\n      color:rgba(0,36,90,.10);\n      font-family:Georgia,\"Times New Roman\",serif;\n      font-size:46px;\n      font-weight:700;\n      line-height:1;\n      pointer-events:none;\n    }\n\n    .emf-summary-card-title {\n      position:relative;\n      z-index:1;\n      margin:0 0 11px;\n      padding-block-end:10px;\n      color:var(--emf-navy);\n      border-block-end:2px solid var(--emf-navy);\n      font-family:Georgia,\"Times New Roman\",serif;\n      font-size:18px;\n      font-weight:700;\n      line-height:1.3;\n      overflow-wrap:anywhere;\n    }\n\n    .emf-summary-card-text {\n      position:relative;\n      z-index:1;\n      color:#485560;\n      font-size:13px;\n      line-height:1.6;\n      overflow-wrap:anywhere;\n    }\n\n    .emf-summary-card-meta {\n      position:relative;\n      z-index:1;\n      display:inline-flex;\n      margin-block-start:16px;\n      padding:5px 8px;\n      color:var(--emf-navy);\n      background:#edf1f5;\n      border:1px solid #d9e0e7;\n      border-radius:2px!important;\n      font-size:10px;\n      font-weight:700;\n      letter-spacing:.08em;\n      line-height:1.2;\n      text-transform:uppercase;\n    }\n\n    @media(max-width:760px) {\n      .emf-summary-grid {\n        grid-template-columns:1fr;\n      }\n\n      .emf-summary-card {\n        min-block-size:0;\n        border-inline-end:0;\n        border-block-end:1px solid var(--emf-line);\n      }\n\n      .emf-summary-card:last-child {\n        border-block-end:0;\n      }\n    }\n\n    @media(max-width:480px) {\n      .emf-summary-brand {\n        padding:14px 15px;\n      }\n\n      .emf-summary-logo {\n        inline-size:52px;\n        block-size:52px;\n        flex-basis:52px;\n      }\n\n      .emf-summary-logo img {\n        inline-size:41px;\n        block-size:41px;\n        max-inline-size:41px;\n        max-block-size:41px;\n      }\n\n      .emf-summary-title {\n        font-size:22px;\n      }\n\n      .emf-summary-card {\n        padding:21px 16px 18px;\n      }\n    }\n  <\/style>\n\n  <div class=\"emf-summary-brand\">\n    <div class=\"emf-summary-logo\">\n      <img\n        alt=\"Logo EM Foco\"\n        decoding=\"async\"\n        fetchpriority=\"high\"\n        height=\"46\"\n        loading=\"eager\"\n        referrerpolicy=\"no-referrer\"\n        src=\"https:\/\/www.em.com.br\/emfoco\/wp-content\/uploads\/2026\/08\/em_transparente_3000px-scaled.png\"\n        width=\"46\"\n      >\n    <\/div>\n\n    <div>\n      <div class=\"emf-summary-eyebrow\">EM FOCO<\/div>\n      <div class=\"emf-summary-title\">Resumo da mat\u00e9ria<\/div>\n    <\/div>\n  <\/div>\n\n  <div class=\"emf-summary-grid\">\n    <div class=\"emf-summary-card\">\n      <span aria-hidden=\"true\" class=\"emf-summary-number\">01<\/span>\n      <div aria-level=\"3\" class=\"emf-summary-card-title\" role=\"heading\">\n        Refinaria desde 1968\n      <\/div>\n      <div class=\"emf-summary-card-text\">\n        A Regap come\u00e7ou com capacidade muito menor que a atual e hoje pode processar 157 mil barris de petr\u00f3leo por dia.\n      <\/div>\n      <div class=\"emf-summary-card-meta\">\n        157 mil barris\/dia\n      <\/div>\n    <\/div>\n    <div class=\"emf-summary-card\">\n      <span aria-hidden=\"true\" class=\"emf-summary-number\">02<\/span>\n      <div aria-level=\"3\" class=\"emf-summary-card-title\" role=\"heading\">\n        Polo completa 50 anos\n      <\/div>\n      <div class=\"emf-summary-card-text\">\n        O complexo automotivo inaugurado em 1976 j\u00e1 produziu mais de 18 milh\u00f5es de ve\u00edculos e mant\u00e9m capacidade para at\u00e9 650 mil unidades anuais.\n      <\/div>\n      <div class=\"emf-summary-card-meta\">\n        18 milh\u00f5es produzidos\n      <\/div>\n    <\/div>\n    <div class=\"emf-summary-card\">\n      <span aria-hidden=\"true\" class=\"emf-summary-number\">03<\/span>\n      <div aria-level=\"3\" class=\"emf-summary-card-title\" role=\"heading\">\n        PIB por morador lidera\n      <\/div>\n      <div class=\"emf-summary-card-text\">\n        Betim registrou R$ 127.752,43 por habitante em 2023, maior valor entre munic\u00edpios mineiros com mais de 100 mil moradores.\n      <\/div>\n      <div class=\"emf-summary-card-meta\">\n        R$ 127,7 mil\n      <\/div>\n    <\/div>\n  <\/div>\n<\/div>\n\n\n\n<p class=\"wp-block-paragraph\">A economia de <strong>Betim<\/strong> ganhou escala com gigantes industriais: a Refinaria Gabriel Passos, inaugurada em 1968, e o complexo automotivo, inaugurado em 1976. Em 2023, o munic\u00edpio registrou PIB por morador de R$ 127.752,43, maior valor entre cidades mineiras com mais de 100 mil habitantes, segundo o IBGE.<\/p>\n\n\n\n<h2 class=\"wp-block-heading\">Como Betim virou um dos principais polos industriais de Minas?<\/h2>\n\n\n\n<p class=\"wp-block-paragraph\">Antes da grande industrializa\u00e7\u00e3o, <a href=\"https:\/\/pt.wikipedia.org\/wiki\/Betim\" target=\"_blank\" rel=\"noopener noreferrer\"><strong>Betim<\/strong><\/a> tinha economia muito mais ligada ao territ\u00f3rio rural e \u00e0 posi\u00e7\u00e3o entre Belo Horizonte e o oeste mineiro. A mudan\u00e7a ganhou for\u00e7a a partir das d\u00e9cadas de 1950 e 1960, quando infraestrutura rodovi\u00e1ria e planejamento industrial passaram a atrair grandes empreendimentos.<\/p>\n\n\n\n<p class=\"wp-block-paragraph\">A prefeitura registra que a segunda metade dos anos 1960 marcou a chegada do primeiro grande empreendimento industrial, a refinaria. Na d\u00e9cada seguinte, a instala\u00e7\u00e3o da Fiat e de fornecedores consolidou <strong>uma nova escala urbana e econ\u00f4mica<\/strong>, transformando popula\u00e7\u00e3o, com\u00e9rcio, servi\u00e7os e ocupa\u00e7\u00e3o do territ\u00f3rio.<\/p>\n\n\n<div class=\"wp-block-image\">\n<figure class=\"aligncenter size-large\"><img decoding=\"async\" width=\"1024\" height=\"576\" src=\"https:\/\/www.em.com.br\/emfoco\/wp-content\/uploads\/2026\/09\/image-12-1024x576.png\" alt=\"\" class=\"wp-image-262685\" srcset=\"https:\/\/www.em.com.br\/emfoco\/wp-content\/uploads\/2026\/09\/image-12-1024x576.png 1024w, https:\/\/www.em.com.br\/emfoco\/wp-content\/uploads\/2026\/09\/image-12-300x169.png 300w, https:\/\/www.em.com.br\/emfoco\/wp-content\/uploads\/2026\/09\/image-12-768x432.png 768w, https:\/\/www.em.com.br\/emfoco\/wp-content\/uploads\/2026\/09\/image-12-750x421.png 750w, https:\/\/www.em.com.br\/emfoco\/wp-content\/uploads\/2026\/09\/image-12-1140x641.png 1140w, https:\/\/www.em.com.br\/emfoco\/wp-content\/uploads\/2026\/09\/image-12.png 1280w\" sizes=\"(max-width: 1024px) 100vw, 1024px\" \/><figcaption class=\"wp-element-caption\">Betim re\u00fane grandes ind\u00fastrias, bairros urbanos e vias movimentadas &#8211; Cr\u00e9ditos: Wikipedia \/ Wikimedia Commons<\/figcaption><\/figure>\n<\/div>\n\n\n<h2 class=\"wp-block-heading\">O que a Refinaria Gabriel Passos representa para Betim?<\/h2>\n\n\n\n<p class=\"wp-block-paragraph\">A Regap foi inaugurada em 30 de mar\u00e7o de 1968. Hoje, a unidade tem capacidade para processar <strong>157 mil barris de petr\u00f3leo por dia<\/strong> e atende grande parte do mercado mineiro, al\u00e9m de poder fornecer produtos para Esp\u00edrito Santo e Bras\u00edlia em determinadas situa\u00e7\u00f5es.<\/p>\n\n\n\n<p class=\"wp-block-paragraph\">A estrutura ocupa \u00e1rea total de 12,8 milh\u00f5es de metros quadrados distribu\u00edda entre Betim, Ibirit\u00e9 e Sarzedo. De suas unidades saem diesel, gasolina, GLP, querosene de avia\u00e7\u00e3o, asfaltos e outros produtos. Essa variedade ajuda a explicar <strong>o peso da cadeia de combust\u00edveis<\/strong> na economia regional.<\/p>\n\n\n\n<h2 class=\"wp-block-heading\">Por que o polo automotivo de Betim tem uma escala t\u00e3o grande?<\/h2>\n\n\n\n<p class=\"wp-block-paragraph\">A f\u00e1brica inaugurada em 9 de julho de 1976 evoluiu para um complexo que re\u00fane produ\u00e7\u00e3o, engenharia, desenvolvimento e motores. A <strong>Stellantis<\/strong> informa capacidade instalada para at\u00e9 650 mil ve\u00edculos por ano, numa \u00e1rea total de 2,2 milh\u00f5es de metros quadrados.<\/p>\n\n\n\n<p class=\"wp-block-paragraph\">Em 2026, o polo completou 50 anos com <strong>mais de 18 milh\u00f5es de ve\u00edculos produzidos<\/strong> e mais de 4 milh\u00f5es exportados. A empresa tamb\u00e9m informa cerca de 19 mil empregos diretos e mais de 400 fornecedores, dimens\u00e3o que transforma a f\u00e1brica em centro de uma cadeia industrial muito maior.<\/p>\n\n\n\n<p class=\"myth-list-bridge wp-block-paragraph\">A seguir listamos <strong>4 n\u00fameros do polo automotivo<\/strong> que ajudam a dimensionar o tamanho da opera\u00e7\u00e3o instalada em Betim:<\/p>\n\n\n\n<ul class=\"wp-block-list myth-bullet-list\">\n<li><strong>650 mil ve\u00edculos por ano: <\/strong>\u00e9 a capacidade instalada informada pela Stellantis para a unidade.<\/li>\n\n\n\n<li><strong>18 milh\u00f5es produzidos: <\/strong>marca acumulada superada ao longo de cinco d\u00e9cadas de opera\u00e7\u00e3o.<\/li>\n\n\n\n<li><strong>19 mil colaboradores: <\/strong>n\u00famero informado pela empresa no anivers\u00e1rio de 50 anos do complexo.<\/li>\n\n\n\n<li><strong>400 fornecedores diretos: <\/strong>rede que mostra como a f\u00e1brica movimenta atividades muito al\u00e9m de seus pr\u00f3prios port\u00f5es.<\/li>\n<\/ul>\n\n\n\n<p class=\"wp-block-paragraph\"><strong>Leia tamb\u00e9m: <a href=\"https:\/\/www.em.com.br\/emfoco\/2026\/09\/04\/renda-per-capita-entre-as-10-maiores-do-brasil-e-primeiro-lugar-em-qualidade-de-vida-no-estado-por-que-essa-cidade-virou-paraiso-de-quem-sai-de-bh\/\" target=\"_blank\" rel=\"noreferrer noopener\">Renda per capita entre as 10 maiores do Brasil e primeiro lugar em qualidade de vida no estado: por que essa cidade virou para\u00edso de quem sai de BH<\/a><\/strong><\/p>\n\n\n\n<h2 class=\"wp-block-heading\">Quanto Betim produz por habitante e por que o n\u00famero chama aten\u00e7\u00e3o?<\/h2>\n\n\n\n<p class=\"wp-block-paragraph\">O IBGE registra <strong>PIB per capita de R$ 127.752,43 em 2023<\/strong>. Entre os munic\u00edpios mineiros com mais de 100 mil habitantes, foi o maior valor, acima de Nova Lima e Pouso Alegre. O indicador revela a forte produ\u00e7\u00e3o concentrada no territ\u00f3rio de uma cidade que n\u00e3o \u00e9 capital.<\/p>\n\n\n\n<p class=\"wp-block-paragraph\">O PIB total de Betim chegou a cerca de <strong>R$ 52,6 bilh\u00f5es<\/strong> naquele ano, equivalente a aproximadamente 5,4% da economia mineira. Isso n\u00e3o significa que cada morador receba R$ 127 mil: PIB por habitante divide a produ\u00e7\u00e3o econ\u00f4mica pelo n\u00famero de residentes, sem medir renda individual ou distribui\u00e7\u00e3o.<\/p>\n\n\n\n<p class=\"myth-html-bridge wp-block-paragraph\">A seguir listamos <strong>3 indicadores econ\u00f4micos<\/strong> que mostram por que a concentra\u00e7\u00e3o industrial de Betim se destaca dentro de Minas Gerais:<\/p>\n\n\n\n<div class=\"emf-data-table google-auto-ads-ignore\">\n  <style>\n    .emf-data-table {\n      --emf-navy:#00245a;\n      --emf-navy-soft:#0b3b70;\n      --emf-ink:#1d2731;\n      --emf-muted:#66727e;\n      --emf-line:#d7dde5;\n      --emf-wash:#f4f6f8;\n      box-sizing:border-box!important;\n      inline-size:min(1100px,100%)!important;\n      max-inline-size:100%!important;\n      margin-inline:auto!important;\n      overflow:hidden!important;\n      color:var(--emf-ink);\n      background:#fff;\n      border:1px solid var(--emf-line);\n      border-radius:6px!important;\n      box-shadow:0 8px 24px rgba(0,36,90,.08);\n      font-family:Arial,Helvetica,sans-serif;\n    }\n\n    .emf-data-table *,\n    .emf-data-table *::before,\n    .emf-data-table *::after {\n      box-sizing:border-box!important;\n    }\n\n    .emf-data-table-brand {\n      display:flex;\n      align-items:center;\n      gap:13px;\n      min-block-size:72px;\n      padding:10px 17px;\n      color:#fff;\n      background:linear-gradient(105deg,var(--emf-navy) 0%,var(--emf-navy-soft) 100%);\n      border-block-end:4px solid #c5ced8;\n    }\n\n    .emf-data-table-logo {\n      display:grid;\n      place-items:center;\n      inline-size:52px;\n      block-size:52px;\n      flex:0 0 52px;\n      background:rgba(255,255,255,.08);\n      border:1px solid rgba(255,255,255,.35);\n      border-radius:3px!important;\n    }\n\n    .emf-data-table-logo img {\n      display:block;\n      inline-size:41px;\n      block-size:41px;\n      max-inline-size:41px;\n      max-block-size:41px;\n      object-fit:contain;\n    }\n\n    .emf-data-table-kicker {\n      margin:0 0 2px;\n      font-size:10px;\n      font-weight:700;\n      letter-spacing:.16em;\n      line-height:1.2;\n      text-transform:uppercase;\n      opacity:.78;\n    }\n\n    .emf-data-table-title {\n      margin:0;\n      font-family:Georgia,\"Times New Roman\",serif;\n      font-size:21px;\n      font-weight:700;\n      line-height:1.2;\n    }\n\n    .emf-data-table-scroll {\n      display:block!important;\n      inline-size:100%!important;\n      max-inline-size:100%!important;\n      overflow-x:auto!important;\n      overflow-y:hidden!important;\n      -webkit-overflow-scrolling:touch;\n      overscroll-behavior-inline:contain;\n      scrollbar-width:thin;\n      scrollbar-color:#8798aa #edf1f5;\n    }\n\n    .emf-data-table-scroll:focus-visible {\n      outline:3px solid rgba(0,36,90,.35);\n      outline-offset:-3px;\n    }\n\n    .emf-data-table table {\n      display:table!important;\n      inline-size:100%!important;\n      min-inline-size:680px!important;\n      max-inline-size:none!important;\n      margin:0!important;\n      border:0!important;\n      border-collapse:separate!important;\n      border-spacing:0!important;\n      table-layout:auto!important;\n      background:#fff!important;\n    }\n\n    .emf-data-table caption {\n      position:absolute!important;\n      inline-size:1px!important;\n      block-size:1px!important;\n      padding:0!important;\n      margin:-1px!important;\n      overflow:hidden!important;\n      clip:rect(0,0,0,0)!important;\n      white-space:nowrap!important;\n      border:0!important;\n    }\n\n    .emf-data-table thead {\n      display:table-header-group!important;\n    }\n\n    .emf-data-table tbody {\n      display:table-row-group!important;\n    }\n\n    .emf-data-table tr {\n      display:table-row!important;\n    }\n\n    .emf-data-table th,\n    .emf-data-table td {\n      display:table-cell!important;\n      float:none!important;\n      inline-size:auto!important;\n      max-inline-size:none!important;\n      margin:0!important;\n      border-radius:0!important;\n      text-align:left!important;\n      vertical-align:middle!important;\n    }\n\n    .emf-data-table th {\n      padding:14px 17px!important;\n      color:#fff!important;\n      background:var(--emf-navy)!important;\n      border-block-end:1px solid rgba(255,255,255,.22)!important;\n      border-inline-end:1px solid rgba(255,255,255,.12)!important;\n      font-family:Georgia,\"Times New Roman\",serif;\n      font-size:14px!important;\n      font-weight:700!important;\n      line-height:1.35!important;\n      white-space:nowrap!important;\n    }\n\n    .emf-data-table th:last-child {\n      border-inline-end:0!important;\n    }\n\n    .emf-data-table td {\n      padding:14px 17px!important;\n      color:#43515e!important;\n      background:#fff!important;\n      border-block-end:1px solid var(--emf-line)!important;\n      font-size:14px!important;\n      font-weight:400!important;\n      line-height:1.5!important;\n      overflow-wrap:anywhere;\n    }\n\n    .emf-data-table tbody tr:nth-child(even) td {\n      background:var(--emf-wash)!important;\n    }\n\n    .emf-data-table tbody tr:hover td {\n      background:#eaf0f5!important;\n    }\n\n    .emf-data-table tbody tr:last-child td {\n      border-block-end:0!important;\n    }\n\n    .emf-data-table td:first-child {\n      color:var(--emf-navy)!important;\n      font-weight:700!important;\n    }\n\n    @media(max-width:560px) {\n      .emf-data-table-brand {\n        min-block-size:68px;\n        padding:9px 13px;\n      }\n\n      .emf-data-table-title {\n        font-size:19px;\n      }\n\n      .emf-data-table-scroll {\n        overflow:visible!important;\n      }\n\n      .emf-data-table table,\n      .emf-data-table thead,\n      .emf-data-table tbody,\n      .emf-data-table tr,\n      .emf-data-table th,\n      .emf-data-table td {\n        display:block!important;\n        inline-size:100%!important;\n        min-inline-size:0!important;\n        max-inline-size:100%!important;\n      }\n\n      .emf-data-table table {\n        padding:13px!important;\n      }\n\n      .emf-data-table thead {\n        position:absolute!important;\n        inline-size:1px!important;\n        block-size:1px!important;\n        padding:0!important;\n        margin:-1px!important;\n        overflow:hidden!important;\n        clip:rect(0,0,0,0)!important;\n        white-space:nowrap!important;\n      }\n\n      .emf-data-table tbody {\n        display:grid!important;\n        gap:11px;\n      }\n\n      .emf-data-table tr {\n        overflow:hidden!important;\n        background:#fff!important;\n        border:1px solid var(--emf-line)!important;\n        border-block-start:4px solid var(--emf-navy)!important;\n        border-radius:4px!important;\n        box-shadow:0 4px 12px rgba(0,36,90,.06);\n      }\n\n      .emf-data-table td,\n      .emf-data-table tbody tr:nth-child(even) td,\n      .emf-data-table tbody tr:hover td {\n        display:grid!important;\n        grid-template-columns:minmax(105px,38%) minmax(0,1fr)!important;\n        align-items:start;\n        gap:11px;\n        padding:11px 12px!important;\n        background:#fff!important;\n        border-block-end:1px solid #e2e7ec!important;\n      }\n\n      .emf-data-table td::before {\n        content:attr(data-label);\n        color:var(--emf-muted);\n        font-size:10px;\n        font-weight:700;\n        letter-spacing:.06em;\n        line-height:1.35;\n        text-transform:uppercase;\n      }\n\n      .emf-data-table td:first-child {\n        color:var(--emf-navy)!important;\n        background:#edf1f5!important;\n      }\n\n      .emf-data-table td:last-child {\n        border-block-end:0!important;\n      }\n    }\n  <\/style>\n\n  <div class=\"emf-data-table-brand\">\n    <div class=\"emf-data-table-logo\">\n      <img\n        alt=\"Logo EM Foco\"\n        decoding=\"async\"\n        height=\"41\"\n        loading=\"lazy\"\n        referrerpolicy=\"no-referrer\"\n        src=\"https:\/\/www.em.com.br\/emfoco\/wp-content\/uploads\/2026\/08\/em_transparente_3000px-scaled.png\"\n        width=\"41\"\n      >\n    <\/div>\n\n    <div>\n      <div class=\"emf-data-table-kicker\">DADOS EM FOCO<\/div>\n      <div class=\"emf-data-table-title\">Os n\u00fameros que explicam a escala de Betim<\/div>\n    <\/div>\n  <\/div>\n\n  <div aria-label=\"Tabela com estrutura, n\u00famero e significado econ\u00f4mico em Betim\" class=\"emf-data-table-scroll\" role=\"region\" tabindex=\"0\">\n    <table>\n      <caption>Resumo dos principais indicadores industriais e econ\u00f4micos de Betim<\/caption>\n      <thead>\n        <tr>\n          <th scope=\"col\">Estrutura<\/th>\n          <th scope=\"col\">N\u00famero<\/th>\n          <th scope=\"col\">O que representa<\/th>\n        <\/tr>\n      <\/thead>\n      <tbody>\n        <tr>\n          <td data-label=\"Estrutura\">Regap<\/td>\n          <td data-label=\"N\u00famero\">157 mil barris por dia<\/td>\n          <td data-label=\"O que representa\">Capacidade atual de processamento<\/td>\n        <\/tr>\n        <tr>\n          <td data-label=\"Estrutura\">Polo automotivo<\/td>\n          <td data-label=\"N\u00famero\">650 mil ve\u00edculos por ano<\/td>\n          <td data-label=\"O que representa\">Capacidade instalada da f\u00e1brica<\/td>\n        <\/tr>\n        <tr>\n          <td data-label=\"Estrutura\">PIB per capita<\/td>\n          <td data-label=\"N\u00famero\">R$ 127.752,43<\/td>\n          <td data-label=\"O que representa\">Valor de 2023 por habitante<\/td>\n        <\/tr>\n      <\/tbody>\n    <\/table>\n  <\/div>\n<\/div>\n\n\n\n<h2 class=\"wp-block-heading\">Por que refinaria e autom\u00f3veis continuam definindo a imagem de Betim?<\/h2>\n\n\n\n<p class=\"wp-block-paragraph\">Porque as duas atividades criaram <strong>cadeias de fornecedores, log\u00edstica e empregos<\/strong> que atravessam d\u00e9cadas. A refinaria sustenta opera\u00e7\u00f5es ligadas a combust\u00edveis e derivados, enquanto o polo automotivo re\u00fane fabrica\u00e7\u00e3o, engenharia e desenvolvimento tecnol\u00f3gico. Juntas, elas ajudam a explicar por que a cidade mant\u00e9m um dos maiores PIBs do estado.<\/p>\n\n\n\n<p class=\"wp-block-paragraph\">A combina\u00e7\u00e3o faz de <strong>Betim<\/strong> um caso raro na Regi\u00e3o Metropolitana de Belo Horizonte: mais de 400 mil habitantes convivem com uma refinaria de grande porte e um dos maiores complexos automotivos da Am\u00e9rica do Sul. Os n\u00fameros mostram que a transforma\u00e7\u00e3o iniciada em 1968 continua moldando sua economia.<\/p>\n","protected":false},"excerpt":{"rendered":"<p>EM FOCO Resumo da mat\u00e9ria 01 Refinaria desde 1968 A Regap come\u00e7ou com capacidade muito menor que a atual e hoje pode processar 157 mil barris de petr\u00f3leo por dia. 157 mil barris\/dia 02 Polo completa 50 anos O complexo automotivo inaugurado em 1976 j\u00e1 produziu mais de 18 milh\u00f5es de ve\u00edculos e mant\u00e9m capacidade [&hellip;]<\/p>\n","protected":false},"author":30,"featured_media":262675,"comment_status":"open","ping_status":"open","sticky":false,"template":"","format":"standard","meta":{"jnews-multi-image_gallery":[],"jnews_single_post":{"format":"standard"},"jnews_primary_category":[],"jnews_social_meta":[],"jnews_override_counter":[],"footnotes":""},"categories":[26],"tags":[13655,17314,36018,2281],"class_list":["post-262672","post","type-post","status-publish","format-standard","has-post-thumbnail","hentry","category-cidades","tag-betim","tag-industria-2","tag-regap","tag-stellantis"],"yoast_head":"<!-- This site is optimized with the Yoast SEO plugin v28.3 - https:\/\/yoast.com\/product\/yoast-seo-wordpress\/ -->\n<title>Uma refinaria de 1968 e um polo capaz de produzir 650 mil carros por ano: a cidade da Grande BH que lidera o PIB por morador entre as maiores de Minas - Estado de Minas - Em foco<\/title>\n<meta name=\"description\" content=\"A cidade re\u00fane refinaria, polo automotivo e PIB por morador de R$ 127 mil. Dois complexos ajudam a explicar a for\u00e7a econ\u00f4mica da cidade.\" \/>\n<meta name=\"robots\" content=\"index, follow, max-snippet:-1, max-image-preview:large, max-video-preview:-1\" \/>\n<link rel=\"canonical\" href=\"https:\/\/www.em.com.br\/emfoco\/2026\/09\/05\/uma-refinaria-de-1968-e-um-polo-capaz-de-produzir-650-mil-carros-por-ano-a-cidade-da-grande-bh-que-lidera-o-pib-por-morador-entre-as-maiores-de-minas\/\" \/>\n<meta property=\"og:locale\" content=\"pt_BR\" \/>\n<meta property=\"og:type\" content=\"article\" \/>\n<meta property=\"og:title\" content=\"Uma refinaria de 1968 e um polo capaz de produzir 650 mil carros por ano: a cidade da Grande BH que lidera o PIB por morador entre as maiores de Minas - Estado de Minas - Em foco\" \/>\n<meta property=\"og:description\" content=\"A cidade re\u00fane refinaria, polo automotivo e PIB por morador de R$ 127 mil. Dois complexos ajudam a explicar a for\u00e7a econ\u00f4mica da cidade.\" \/>\n<meta property=\"og:url\" content=\"https:\/\/www.em.com.br\/emfoco\/2026\/09\/05\/uma-refinaria-de-1968-e-um-polo-capaz-de-produzir-650-mil-carros-por-ano-a-cidade-da-grande-bh-que-lidera-o-pib-por-morador-entre-as-maiores-de-minas\/\" \/>\n<meta property=\"og:site_name\" content=\"Estado de Minas - Em foco\" \/>\n<meta property=\"article:published_time\" content=\"2026-09-05T19:37:00+00:00\" \/>\n<meta property=\"og:image\" content=\"https:\/\/www.em.com.br\/emfoco\/wp-content\/uploads\/2026\/09\/content.jpg\" \/>\n\t<meta property=\"og:image:width\" content=\"1280\" \/>\n\t<meta property=\"og:image:height\" content=\"720\" \/>\n\t<meta property=\"og:image:type\" content=\"image\/jpeg\" \/>\n<meta name=\"author\" content=\"Guilherme Ara\u00fajo\" \/>\n<meta name=\"twitter:card\" content=\"summary_large_image\" \/>\n<meta name=\"twitter:label1\" content=\"Escrito por\" \/>\n\t<meta name=\"twitter:data1\" content=\"Guilherme Ara\u00fajo\" \/>\n\t<meta name=\"twitter:label2\" content=\"Est. tempo de leitura\" \/>\n\t<meta name=\"twitter:data2\" content=\"6 minutos\" \/>\n<!-- \/ Yoast SEO plugin. -->","yoast_head_json":{"title":"Uma refinaria de 1968 e um polo capaz de produzir 650 mil carros por ano: a cidade da Grande BH que lidera o PIB por morador entre as maiores de Minas - Estado de Minas - Em foco","description":"A cidade re\u00fane refinaria, polo automotivo e PIB por morador de R$ 127 mil. Dois complexos ajudam a explicar a for\u00e7a econ\u00f4mica da cidade.","robots":{"index":"index","follow":"follow","max-snippet":"max-snippet:-1","max-image-preview":"max-image-preview:large","max-video-preview":"max-video-preview:-1"},"canonical":"https:\/\/www.em.com.br\/emfoco\/2026\/09\/05\/uma-refinaria-de-1968-e-um-polo-capaz-de-produzir-650-mil-carros-por-ano-a-cidade-da-grande-bh-que-lidera-o-pib-por-morador-entre-as-maiores-de-minas\/","og_locale":"pt_BR","og_type":"article","og_title":"Uma refinaria de 1968 e um polo capaz de produzir 650 mil carros por ano: a cidade da Grande BH que lidera o PIB por morador entre as maiores de Minas - Estado de Minas - Em foco","og_description":"A cidade re\u00fane refinaria, polo automotivo e PIB por morador de R$ 127 mil. Dois complexos ajudam a explicar a for\u00e7a econ\u00f4mica da cidade.","og_url":"https:\/\/www.em.com.br\/emfoco\/2026\/09\/05\/uma-refinaria-de-1968-e-um-polo-capaz-de-produzir-650-mil-carros-por-ano-a-cidade-da-grande-bh-que-lidera-o-pib-por-morador-entre-as-maiores-de-minas\/","og_site_name":"Estado de Minas - Em foco","article_published_time":"2026-09-05T19:37:00+00:00","og_image":[{"width":1280,"height":720,"url":"https:\/\/www.em.com.br\/emfoco\/wp-content\/uploads\/2026\/09\/content.jpg","type":"image\/jpeg"}],"author":"Guilherme Ara\u00fajo","twitter_card":"summary_large_image","twitter_misc":{"Escrito por":"Guilherme Ara\u00fajo","Est. tempo de leitura":"6 minutos"},"schema":{"@context":"https:\/\/schema.org","@graph":[{"@type":"Article","@id":"https:\/\/www.em.com.br\/emfoco\/2026\/09\/05\/uma-refinaria-de-1968-e-um-polo-capaz-de-produzir-650-mil-carros-por-ano-a-cidade-da-grande-bh-que-lidera-o-pib-por-morador-entre-as-maiores-de-minas\/#article","isPartOf":{"@id":"https:\/\/www.em.com.br\/emfoco\/2026\/09\/05\/uma-refinaria-de-1968-e-um-polo-capaz-de-produzir-650-mil-carros-por-ano-a-cidade-da-grande-bh-que-lidera-o-pib-por-morador-entre-as-maiores-de-minas\/"},"author":{"name":"Guilherme Ara\u00fajo","@id":"https:\/\/www.em.com.br\/emfoco\/#\/schema\/person\/5379e929a4b966c775d121e23f9bb421"},"headline":"Uma refinaria de 1968 e um polo capaz de produzir 650 mil carros por ano: a cidade da Grande BH que lidera o PIB por morador entre as maiores de Minas","datePublished":"2026-09-05T19:37:00+00:00","mainEntityOfPage":{"@id":"https:\/\/www.em.com.br\/emfoco\/2026\/09\/05\/uma-refinaria-de-1968-e-um-polo-capaz-de-produzir-650-mil-carros-por-ano-a-cidade-da-grande-bh-que-lidera-o-pib-por-morador-entre-as-maiores-de-minas\/"},"wordCount":923,"commentCount":0,"image":{"@id":"https:\/\/www.em.com.br\/emfoco\/2026\/09\/05\/uma-refinaria-de-1968-e-um-polo-capaz-de-produzir-650-mil-carros-por-ano-a-cidade-da-grande-bh-que-lidera-o-pib-por-morador-entre-as-maiores-de-minas\/#primaryimage"},"thumbnailUrl":"https:\/\/www.em.com.br\/emfoco\/wp-content\/uploads\/2026\/09\/content.jpg","keywords":["Betim","ind\u00fastria","Regap","Stellantis"],"articleSection":["Cidades"],"inLanguage":"pt-BR","potentialAction":[{"@type":"CommentAction","name":"Comment","target":["https:\/\/www.em.com.br\/emfoco\/2026\/09\/05\/uma-refinaria-de-1968-e-um-polo-capaz-de-produzir-650-mil-carros-por-ano-a-cidade-da-grande-bh-que-lidera-o-pib-por-morador-entre-as-maiores-de-minas\/#respond"]}]},{"@type":"WebPage","@id":"https:\/\/www.em.com.br\/emfoco\/2026\/09\/05\/uma-refinaria-de-1968-e-um-polo-capaz-de-produzir-650-mil-carros-por-ano-a-cidade-da-grande-bh-que-lidera-o-pib-por-morador-entre-as-maiores-de-minas\/","url":"https:\/\/www.em.com.br\/emfoco\/2026\/09\/05\/uma-refinaria-de-1968-e-um-polo-capaz-de-produzir-650-mil-carros-por-ano-a-cidade-da-grande-bh-que-lidera-o-pib-por-morador-entre-as-maiores-de-minas\/","name":"Uma refinaria de 1968 e um polo capaz de produzir 650 mil carros por ano: a cidade da Grande BH que lidera o PIB por morador entre as maiores de Minas - Estado de Minas - Em foco","isPartOf":{"@id":"https:\/\/www.em.com.br\/emfoco\/#website"},"primaryImageOfPage":{"@id":"https:\/\/www.em.com.br\/emfoco\/2026\/09\/05\/uma-refinaria-de-1968-e-um-polo-capaz-de-produzir-650-mil-carros-por-ano-a-cidade-da-grande-bh-que-lidera-o-pib-por-morador-entre-as-maiores-de-minas\/#primaryimage"},"image":{"@id":"https:\/\/www.em.com.br\/emfoco\/2026\/09\/05\/uma-refinaria-de-1968-e-um-polo-capaz-de-produzir-650-mil-carros-por-ano-a-cidade-da-grande-bh-que-lidera-o-pib-por-morador-entre-as-maiores-de-minas\/#primaryimage"},"thumbnailUrl":"https:\/\/www.em.com.br\/emfoco\/wp-content\/uploads\/2026\/09\/content.jpg","datePublished":"2026-09-05T19:37:00+00:00","author":{"@id":"https:\/\/www.em.com.br\/emfoco\/#\/schema\/person\/5379e929a4b966c775d121e23f9bb421"},"description":"A cidade re\u00fane refinaria, polo automotivo e PIB por morador de R$ 127 mil. Dois complexos ajudam a explicar a for\u00e7a econ\u00f4mica da cidade.","breadcrumb":{"@id":"https:\/\/www.em.com.br\/emfoco\/2026\/09\/05\/uma-refinaria-de-1968-e-um-polo-capaz-de-produzir-650-mil-carros-por-ano-a-cidade-da-grande-bh-que-lidera-o-pib-por-morador-entre-as-maiores-de-minas\/#breadcrumb"},"inLanguage":"pt-BR","potentialAction":[{"@type":"ReadAction","target":["https:\/\/www.em.com.br\/emfoco\/2026\/09\/05\/uma-refinaria-de-1968-e-um-polo-capaz-de-produzir-650-mil-carros-por-ano-a-cidade-da-grande-bh-que-lidera-o-pib-por-morador-entre-as-maiores-de-minas\/"]}]},{"@type":"ImageObject","inLanguage":"pt-BR","@id":"https:\/\/www.em.com.br\/emfoco\/2026\/09\/05\/uma-refinaria-de-1968-e-um-polo-capaz-de-produzir-650-mil-carros-por-ano-a-cidade-da-grande-bh-que-lidera-o-pib-por-morador-entre-as-maiores-de-minas\/#primaryimage","url":"https:\/\/www.em.com.br\/emfoco\/wp-content\/uploads\/2026\/09\/content.jpg","contentUrl":"https:\/\/www.em.com.br\/emfoco\/wp-content\/uploads\/2026\/09\/content.jpg","width":1280,"height":720,"caption":"Betim oferece trabalho, servi\u00e7os e forte atividade industrial (Imagem ilustrativa)"},{"@type":"BreadcrumbList","@id":"https:\/\/www.em.com.br\/emfoco\/2026\/09\/05\/uma-refinaria-de-1968-e-um-polo-capaz-de-produzir-650-mil-carros-por-ano-a-cidade-da-grande-bh-que-lidera-o-pib-por-morador-entre-as-maiores-de-minas\/#breadcrumb","itemListElement":[{"@type":"ListItem","position":1,"name":"In\u00edcio","item":"https:\/\/www.em.com.br\/emfoco\/"},{"@type":"ListItem","position":2,"name":"Uma refinaria de 1968 e um polo capaz de produzir 650 mil carros por ano: a cidade da Grande BH que lidera o PIB por morador entre as maiores de Minas"}]},{"@type":"WebSite","@id":"https:\/\/www.em.com.br\/emfoco\/#website","url":"https:\/\/www.em.com.br\/emfoco\/","name":"Estado de Minas - Em foco","description":"Acompanhe as \u00faltimas not\u00edcias e fique bem informado sobre tudo o que acontece em Minas Gerais, Brasil e no mundo.","potentialAction":[{"@type":"SearchAction","target":{"@type":"EntryPoint","urlTemplate":"https:\/\/www.em.com.br\/emfoco\/?s={search_term_string}"},"query-input":{"@type":"PropertyValueSpecification","valueRequired":true,"valueName":"search_term_string"}}],"inLanguage":"pt-BR"},{"@type":"Person","@id":"https:\/\/www.em.com.br\/emfoco\/#\/schema\/person\/5379e929a4b966c775d121e23f9bb421","name":"Guilherme Ara\u00fajo","image":{"@type":"ImageObject","inLanguage":"pt-BR","@id":"https:\/\/secure.gravatar.com\/avatar\/063bc96e5a2afd1844386c45bd1360efc771eff011a9fab8cd399e2a104c3ecd?s=96&d=mm&r=g","url":"https:\/\/secure.gravatar.com\/avatar\/063bc96e5a2afd1844386c45bd1360efc771eff011a9fab8cd399e2a104c3ecd?s=96&d=mm&r=g","contentUrl":"https:\/\/secure.gravatar.com\/avatar\/063bc96e5a2afd1844386c45bd1360efc771eff011a9fab8cd399e2a104c3ecd?s=96&d=mm&r=g","caption":"Guilherme Ara\u00fajo"},"sameAs":["https:\/\/www.em.com.br\/emfoco"],"url":"https:\/\/www.em.com.br\/emfoco\/author\/guilhermeamyth\/"}]}},"_links":{"self":[{"href":"https:\/\/www.em.com.br\/emfoco\/wp-json\/wp\/v2\/posts\/262672","targetHints":{"allow":["GET"]}}],"collection":[{"href":"https:\/\/www.em.com.br\/emfoco\/wp-json\/wp\/v2\/posts"}],"about":[{"href":"https:\/\/www.em.com.br\/emfoco\/wp-json\/wp\/v2\/types\/post"}],"author":[{"embeddable":true,"href":"https:\/\/www.em.com.br\/emfoco\/wp-json\/wp\/v2\/users\/30"}],"replies":[{"embeddable":true,"href":"https:\/\/www.em.com.br\/emfoco\/wp-json\/wp\/v2\/comments?post=262672"}],"version-history":[{"count":5,"href":"https:\/\/www.em.com.br\/emfoco\/wp-json\/wp\/v2\/posts\/262672\/revisions"}],"predecessor-version":[{"id":262693,"href":"https:\/\/www.em.com.br\/emfoco\/wp-json\/wp\/v2\/posts\/262672\/revisions\/262693"}],"wp:featuredmedia":[{"embeddable":true,"href":"https:\/\/www.em.com.br\/emfoco\/wp-json\/wp\/v2\/media\/262675"}],"wp:attachment":[{"href":"https:\/\/www.em.com.br\/emfoco\/wp-json\/wp\/v2\/media?parent=262672"}],"wp:term":[{"taxonomy":"category","embeddable":true,"href":"https:\/\/www.em.com.br\/emfoco\/wp-json\/wp\/v2\/categories?post=262672"},{"taxonomy":"post_tag","embeddable":true,"href":"https:\/\/www.em.com.br\/emfoco\/wp-json\/wp\/v2\/tags?post=262672"}],"curies":[{"name":"wp","href":"https:\/\/api.w.org\/{rel}","templated":true}]}}