{"id":262504,"date":"2026-09-04T18:29:00","date_gmt":"2026-09-04T21:29:00","guid":{"rendered":"https:\/\/www.em.com.br\/emfoco\/?p=262504"},"modified":"2026-09-04T08:18:06","modified_gmt":"2026-09-04T11:18:06","slug":"durante-o-inverno-este-sapo-congela-por-meses-deixa-de-respirar-e-fica-sem-batimentos-cardiacos-mas-volta-a-atividade-na-primavera-gracas-ao-acucar-produzido-pelo-proprio-corpo-para-proteger-suas-c","status":"publish","type":"post","link":"https:\/\/www.em.com.br\/emfoco\/2026\/09\/04\/durante-o-inverno-este-sapo-congela-por-meses-deixa-de-respirar-e-fica-sem-batimentos-cardiacos-mas-volta-a-atividade-na-primavera-gracas-ao-acucar-produzido-pelo-proprio-corpo-para-proteger-suas-c\/","title":{"rendered":"Durante o inverno, este sapo congela por meses, deixa de respirar e fica sem batimentos card\u00edacos, mas volta \u00e0 atividade na primavera gra\u00e7as ao a\u00e7\u00facar produzido pelo pr\u00f3prio corpo para proteger suas c\u00e9lulas"},"content":{"rendered":"\n<div class=\"emf-summary google-auto-ads-ignore\">\n  <style>\n    .emf-summary {\n      --emf-navy:#00245a;\n      --emf-navy-soft:#0b3b70;\n      --emf-ink:#1d2731;\n      --emf-muted:#66727e;\n      --emf-line:#d7dde5;\n      --emf-paper:#ffffff;\n      --emf-wash:#f4f6f8;\n      box-sizing:border-box!important;\n      inline-size:min(1100px,100%)!important;\n      max-inline-size:100%!important;\n      margin-inline:auto!important;\n      overflow:hidden!important;\n      color:var(--emf-ink);\n      background:var(--emf-paper);\n      border:1px solid var(--emf-line);\n      border-block-start:5px solid var(--emf-navy);\n      border-radius:6px!important;\n      box-shadow:0 8px 24px rgba(0,36,90,.08);\n      font-family:Arial,Helvetica,sans-serif;\n    }\n\n    .emf-summary *,\n    .emf-summary *::before,\n    .emf-summary *::after {\n      box-sizing:border-box!important;\n    }\n\n    .emf-summary-brand {\n      display:flex;\n      align-items:center;\n      gap:14px;\n      padding:16px 20px;\n      color:#fff;\n      background:linear-gradient(105deg,var(--emf-navy) 0%,var(--emf-navy-soft) 100%);\n      border-block-end:1px solid rgba(255,255,255,.18);\n    }\n\n    .emf-summary-logo {\n      display:grid;\n      place-items:center;\n      inline-size:58px;\n      block-size:58px;\n      flex:0 0 58px;\n      background:rgba(255,255,255,.08);\n      border:1px solid rgba(255,255,255,.35);\n      border-radius:3px!important;\n    }\n\n    .emf-summary-logo img {\n      display:block;\n      inline-size:46px;\n      block-size:46px;\n      max-inline-size:46px;\n      max-block-size:46px;\n      object-fit:contain;\n    }\n\n    .emf-summary-eyebrow {\n      margin:0 0 3px;\n      font-size:11px;\n      font-weight:700;\n      letter-spacing:.18em;\n      line-height:1.2;\n      text-transform:uppercase;\n      opacity:.78;\n    }\n\n    .emf-summary-title {\n      margin:0;\n      font-family:Georgia,\"Times New Roman\",serif;\n      font-size:25px;\n      font-weight:700;\n      line-height:1.15;\n    }\n\n    .emf-summary-grid {\n      display:grid;\n      grid-template-columns:repeat(3,minmax(0,1fr));\n      gap:0;\n      background:var(--emf-wash);\n    }\n\n    .emf-summary-card {\n      position:relative;\n      min-block-size:190px;\n      padding:24px 20px 20px;\n      overflow:hidden!important;\n      background:#fff;\n      border-inline-end:1px solid var(--emf-line);\n    }\n\n    .emf-summary-card:last-child {\n      border-inline-end:0;\n    }\n\n    .emf-summary-number {\n      position:absolute;\n      inset-block-start:13px;\n      inset-inline-end:15px;\n      color:rgba(0,36,90,.10);\n      font-family:Georgia,\"Times New Roman\",serif;\n      font-size:46px;\n      font-weight:700;\n      line-height:1;\n      pointer-events:none;\n    }\n\n    .emf-summary-card-title {\n      position:relative;\n      z-index:1;\n      margin:0 0 11px;\n      padding-block-end:10px;\n      color:var(--emf-navy);\n      border-block-end:2px solid var(--emf-navy);\n      font-family:Georgia,\"Times New Roman\",serif;\n      font-size:18px;\n      font-weight:700;\n      line-height:1.3;\n      overflow-wrap:anywhere;\n    }\n\n    .emf-summary-card-text {\n      position:relative;\n      z-index:1;\n      color:#485560;\n      font-size:13px;\n      line-height:1.6;\n      overflow-wrap:anywhere;\n    }\n\n    .emf-summary-card-meta {\n      position:relative;\n      z-index:1;\n      display:inline-flex;\n      margin-block-start:16px;\n      padding:5px 8px;\n      color:var(--emf-navy);\n      background:#edf1f5;\n      border:1px solid #d9e0e7;\n      border-radius:2px!important;\n      font-size:10px;\n      font-weight:700;\n      letter-spacing:.08em;\n      line-height:1.2;\n      text-transform:uppercase;\n    }\n\n    @media(max-width:760px) {\n      .emf-summary-grid {\n        grid-template-columns:1fr;\n      }\n\n      .emf-summary-card {\n        min-block-size:0;\n        border-inline-end:0;\n        border-block-end:1px solid var(--emf-line);\n      }\n\n      .emf-summary-card:last-child {\n        border-block-end:0;\n      }\n    }\n\n    @media(max-width:480px) {\n      .emf-summary-brand {\n        padding:14px 15px;\n      }\n\n      .emf-summary-logo {\n        inline-size:52px;\n        block-size:52px;\n        flex-basis:52px;\n      }\n\n      .emf-summary-logo img {\n        inline-size:41px;\n        block-size:41px;\n        max-inline-size:41px;\n        max-block-size:41px;\n      }\n\n      .emf-summary-title {\n        font-size:22px;\n      }\n\n      .emf-summary-card {\n        padding:21px 16px 18px;\n      }\n    }\n  <\/style>\n\n  <div class=\"emf-summary-brand\">\n    <div class=\"emf-summary-logo\">\n      <img\n        alt=\"Logo EM Foco\"\n        decoding=\"async\"\n        fetchpriority=\"high\"\n        height=\"46\"\n        loading=\"eager\"\n        referrerpolicy=\"no-referrer\"\n        src=\"https:\/\/www.em.com.br\/emfoco\/wp-content\/uploads\/2026\/08\/em_transparente_3000px-scaled.png\"\n        width=\"46\"\n      >\n    <\/div>\n\n    <div>\n      <div class=\"emf-summary-eyebrow\">EM FOCO<\/div>\n      <div class=\"emf-summary-title\">Resumo da mat\u00e9ria<\/div>\n    <\/div>\n  <\/div>\n\n  <div class=\"emf-summary-grid\">\n    <div class=\"emf-summary-card\">\n      <span aria-hidden=\"true\" class=\"emf-summary-number\">01<\/span>\n      <div aria-level=\"3\" class=\"emf-summary-card-title\" role=\"heading\">\n        Corpo congelado\n      <\/div>\n      <div class=\"emf-summary-card-text\">\n        A r\u00e3-da-floresta pode atravessar parte do inverno congelada, sem respira\u00e7\u00e3o ou batimentos, enquanto seu metabolismo fica profundamente reduzido.\n      <\/div>\n      <div class=\"emf-summary-card-meta\">\n        Estado suspenso\n      <\/div>\n    <\/div>\n    <div class=\"emf-summary-card\">\n      <span aria-hidden=\"true\" class=\"emf-summary-number\">02<\/span>\n      <div aria-level=\"3\" class=\"emf-summary-card-title\" role=\"heading\">\n        A\u00e7\u00facar protetor\n      <\/div>\n      <div class=\"emf-summary-card-text\">\n        O f\u00edgado libera muita glicose quando o congelamento come\u00e7a, ajudando a proteger as c\u00e9lulas da desidrata\u00e7\u00e3o e do gelo interno.\n      <\/div>\n      <div class=\"emf-summary-card-meta\">\n        Crioprote\u00e7\u00e3o\n      <\/div>\n    <\/div>\n    <div class=\"emf-summary-card\">\n      <span aria-hidden=\"true\" class=\"emf-summary-number\">03<\/span>\n      <div aria-level=\"3\" class=\"emf-summary-card-title\" role=\"heading\">\n        Retorno na primavera\n      <\/div>\n      <div class=\"emf-summary-card-text\">\n        Quando a temperatura sobe, \u00f3rg\u00e3os vitais descongelam primeiro e as fun\u00e7\u00f5es retornam at\u00e9 o animal recuperar movimento e atividade normal.\n      <\/div>\n      <div class=\"emf-summary-card-meta\">\n        Degelo gradual\n      <\/div>\n    <\/div>\n  <\/div>\n<\/div>\n\n\n\n<p class=\"wp-block-paragraph\">Durante o inverno, a <strong>r\u00e3-da-floresta<\/strong> pode ficar congelada, sem respirar e sem batimentos card\u00edacos, e ainda retornar \u00e0 atividade quando aquece. O segredo envolve a produ\u00e7\u00e3o de <strong>glicose<\/strong> pelo f\u00edgado, que ajuda a proteger as c\u00e9lulas da desidrata\u00e7\u00e3o e do gelo interno enquanto o corpo suporta temperaturas abaixo de zero.<\/p>\n\n\n\n<h2 class=\"wp-block-heading\">Como a r\u00e3-da-floresta consegue passar o inverno congelada?<\/h2>\n\n\n\n<p class=\"wp-block-paragraph\">A <a href=\"https:\/\/pt.wikipedia.org\/wiki\/R%C3%A3-da-floresta\" target=\"_blank\" rel=\"noopener noreferrer\"><strong>r\u00e3-da-floresta<\/strong><\/a>, conhecida em ingl\u00eas como wood frog, passa o inverno escondida sob folhas e material vegetal no solo. Quando a temperatura cai, parte da \u00e1gua corporal congela e o animal entra em um estado no qual <strong>respira\u00e7\u00e3o e circula\u00e7\u00e3o<\/strong> ficam suspensas.<\/p>\n\n\n\n<p class=\"wp-block-paragraph\">Esse congelamento \u00e9 controlado, n\u00e3o uniforme. Gelo se forma principalmente fora das c\u00e9lulas, enquanto \u00f3rg\u00e3os centrais congelam depois e descongelam antes. A estrat\u00e9gia reduz danos em estruturas delicadas e permite que o metabolismo fique extremamente baixo durante <strong>longos per\u00edodos abaixo de zero<\/strong>.<\/p>\n\n\n<div class=\"wp-block-image\">\n<figure class=\"aligncenter size-large\"><img decoding=\"async\" width=\"1024\" height=\"576\" src=\"https:\/\/www.em.com.br\/emfoco\/wp-content\/uploads\/2026\/09\/Frozen_wood_frog_beneath_leaves_202609040016-1024x576.jpg\" alt=\"Como a r\u00e3-da-floresta sobrevive congelada durante o inverno\" class=\"wp-image-262415\" srcset=\"https:\/\/www.em.com.br\/emfoco\/wp-content\/uploads\/2026\/09\/Frozen_wood_frog_beneath_leaves_202609040016-1024x576.jpg 1024w, https:\/\/www.em.com.br\/emfoco\/wp-content\/uploads\/2026\/09\/Frozen_wood_frog_beneath_leaves_202609040016-300x169.jpg 300w, https:\/\/www.em.com.br\/emfoco\/wp-content\/uploads\/2026\/09\/Frozen_wood_frog_beneath_leaves_202609040016-768x432.jpg 768w, https:\/\/www.em.com.br\/emfoco\/wp-content\/uploads\/2026\/09\/Frozen_wood_frog_beneath_leaves_202609040016-750x422.jpg 750w, https:\/\/www.em.com.br\/emfoco\/wp-content\/uploads\/2026\/09\/Frozen_wood_frog_beneath_leaves_202609040016-1140x641.jpg 1140w, https:\/\/www.em.com.br\/emfoco\/wp-content\/uploads\/2026\/09\/Frozen_wood_frog_beneath_leaves_202609040016.jpg 1280w\" sizes=\"(max-width: 1024px) 100vw, 1024px\" \/><figcaption class=\"wp-element-caption\">Como a r\u00e3-da-floresta sobrevive congelada durante o inverno<\/figcaption><\/figure>\n<\/div>\n\n\n<h2 class=\"wp-block-heading\">Qual \u00e9 o papel da glicose quando o corpo come\u00e7a a congelar?<\/h2>\n\n\n\n<p class=\"wp-block-paragraph\">O in\u00edcio do congelamento dispara uma resposta no f\u00edgado, que converte glicog\u00eanio armazenado em <strong>grandes quantidades de glicose<\/strong>. O a\u00e7\u00facar circula pelo sangue e entra nos tecidos, onde ajuda a reduzir a perda de \u00e1gua das c\u00e9lulas e limita a forma\u00e7\u00e3o de gelo no interior delas.<\/p>\n\n\n\n<p class=\"wp-block-paragraph\">Pesquisas da <a href=\"https:\/\/www.uaf.edu\/news\/archives\/news-archives-2010-2021\/alaska-frogs.php\" target=\"_blank\" rel=\"noopener noreferrer\"><strong>University of Alaska Fairbanks<\/strong><\/a> acompanharam animais em condi\u00e7\u00f5es naturais e encontraram concentra\u00e7\u00f5es elevadas de glicose em diferentes tecidos. Ciclos sucessivos de congelamento e descongelamento podem aumentar essa reserva antes de o animal permanecer congelado pelo restante do inverno.<\/p>\n\n\n\n<blockquote class=\"wp-block-quote myth-citacao-fonte\">\n  <span class=\"myth-citacao-contexto\">\n    O servi\u00e7o de parques descreve a pausa fisiol\u00f3gica do inverno\n  <\/span>\n\n  <p>\u201c<a href=\"https:\/\/www.nps.gov\/dena\/learn\/nature\/amphibians.htm#:~:text=Throughout%20the%20entire%20winter%2C%20hibernating%20frogs%20are%20inanimate%3A%20they%20don%E2%80%99t%20breathe%20and%20their%20hearts%20don%E2%80%99t%20beat.\" target=\"_blank\" rel=\"noopener noreferrer\">Durante todo o inverno, as r\u00e3s hibernando ficam inertes: elas n\u00e3o respiram e seus cora\u00e7\u00f5es n\u00e3o batem<\/a>\u201d<\/p>\n\n  <cite>\n    <strong>National Park Service<\/strong>\n    <span>\n      Amphibians, Denali National Park and Preserve, tradu\u00e7\u00e3o livre do original em ingl\u00eas\n    <\/span>\n  <\/cite>\n<\/blockquote>\n\n\n\n<h2 class=\"wp-block-heading\">O cora\u00e7\u00e3o realmente para enquanto o sapo est\u00e1 congelado?<\/h2>\n\n\n\n<p class=\"wp-block-paragraph\">Sim. Durante o estado congelado, n\u00e3o h\u00e1 <strong>batimentos card\u00edacos<\/strong> nem respira\u00e7\u00e3o detect\u00e1vel, e o animal parece completamente inerte. Isso \u00e9 poss\u00edvel porque o metabolismo despenca e os tecidos foram preparados pelo crioprotetor antes que o gelo avance pelo corpo.<\/p>\n\n\n\n<p class=\"wp-block-paragraph\">Quando a temperatura sobe, o processo se inverte. \u00d3rg\u00e3os vitais descongelam primeiro, o <strong>cora\u00e7\u00e3o volta a bater<\/strong> e, depois, atividade cerebral e movimento retornam. Esse rein\u00edcio gradual permite que a r\u00e3 saia do estado congelado e retome a rotina de primavera.<\/p>\n\n\n\n<p class=\"myth-list-bridge wp-block-paragraph\">A seguir listamos <strong>quatro mecanismos do congelamento<\/strong> que ajudam a explicar como a r\u00e3 preserva tecidos durante o inverno:<\/p>\n\n\n\n<ul class=\"wp-block-list myth-bullet-list\">\n<li><strong>F\u00edgado:<\/strong> transforma glicog\u00eanio em glicose quando o congelamento come\u00e7a.<\/li>\n\n\n\n<li><strong>Glicose:<\/strong> entra nos tecidos e ajuda a proteger as c\u00e9lulas contra desidrata\u00e7\u00e3o e gelo interno.<\/li>\n\n\n\n<li><strong>Gelo extracelular:<\/strong> pode se formar ao redor das c\u00e9lulas sem necessariamente congelar seu interior.<\/li>\n\n\n\n<li><strong>Metabolismo reduzido:<\/strong> permite atravessar o per\u00edodo sem respira\u00e7\u00e3o ou circula\u00e7\u00e3o normais.<\/li>\n<\/ul>\n\n\n<div class=\"wp-block-image\">\n<figure class=\"aligncenter size-large\"><img decoding=\"async\" width=\"1024\" height=\"576\" src=\"https:\/\/www.em.com.br\/emfoco\/wp-content\/uploads\/2026\/09\/Wood_frog_leaving_winter_shelter_202609040016-1024x576.jpg\" alt=\"Como a r\u00e3-da-floresta sobrevive congelada durante o inverno\" class=\"wp-image-262414\" srcset=\"https:\/\/www.em.com.br\/emfoco\/wp-content\/uploads\/2026\/09\/Wood_frog_leaving_winter_shelter_202609040016-1024x576.jpg 1024w, https:\/\/www.em.com.br\/emfoco\/wp-content\/uploads\/2026\/09\/Wood_frog_leaving_winter_shelter_202609040016-300x169.jpg 300w, https:\/\/www.em.com.br\/emfoco\/wp-content\/uploads\/2026\/09\/Wood_frog_leaving_winter_shelter_202609040016-768x432.jpg 768w, https:\/\/www.em.com.br\/emfoco\/wp-content\/uploads\/2026\/09\/Wood_frog_leaving_winter_shelter_202609040016-750x422.jpg 750w, https:\/\/www.em.com.br\/emfoco\/wp-content\/uploads\/2026\/09\/Wood_frog_leaving_winter_shelter_202609040016-1140x641.jpg 1140w, https:\/\/www.em.com.br\/emfoco\/wp-content\/uploads\/2026\/09\/Wood_frog_leaving_winter_shelter_202609040016.jpg 1280w\" sizes=\"(max-width: 1024px) 100vw, 1024px\" \/><figcaption class=\"wp-element-caption\">Como a r\u00e3-da-floresta sobrevive congelada durante o inverno<\/figcaption><\/figure>\n<\/div>\n\n\n<h2 class=\"wp-block-heading\">Quanto frio e tempo congelado a r\u00e3-da-floresta suporta?<\/h2>\n\n\n\n<p class=\"wp-block-paragraph\">Popula\u00e7\u00f5es do Alasca suportam condi\u00e7\u00f5es especialmente severas. Em abrigos naturais, a temperatura pode ficar abaixo de zero por <strong>mais de seis meses<\/strong>, com epis\u00f3dios muito frios. Estudos de campo mostram que esses animais atravessam ciclos de congelamento antes de permanecerem congelados por boa parte do inverno.<\/p>\n\n\n\n<p class=\"wp-block-paragraph\">A toler\u00e2ncia depende de prepara\u00e7\u00e3o fisiol\u00f3gica, microambiente e popula\u00e7\u00e3o, por isso n\u00e3o existe um \u00fanico limite v\u00e1lido para todos os indiv\u00edduos. O ponto central \u00e9 que a <strong>glicose crioprotetora<\/strong> e a distribui\u00e7\u00e3o controlada do gelo trabalham juntas para reduzir danos durante a exposi\u00e7\u00e3o prolongada.<\/p>\n\n\n\n<p class=\"myth-html-bridge wp-block-paragraph\">A seguir listamos <strong>tr\u00eas fases do ciclo<\/strong> que resumem o que muda no corpo entre o frio, o congelamento e o degelo:<\/p>\n\n\n\n<div class=\"emf-data-table google-auto-ads-ignore\">\n  <style>\n    .emf-data-table {\n      --emf-navy:#00245a;\n      --emf-navy-soft:#0b3b70;\n      --emf-ink:#1d2731;\n      --emf-muted:#66727e;\n      --emf-line:#d7dde5;\n      --emf-wash:#f4f6f8;\n      box-sizing:border-box!important;\n      inline-size:min(1100px,100%)!important;\n      max-inline-size:100%!important;\n      margin-inline:auto!important;\n      overflow:hidden!important;\n      color:var(--emf-ink);\n      background:#fff;\n      border:1px solid var(--emf-line);\n      border-radius:6px!important;\n      box-shadow:0 8px 24px rgba(0,36,90,.08);\n      font-family:Arial,Helvetica,sans-serif;\n    }\n\n    .emf-data-table *,\n    .emf-data-table *::before,\n    .emf-data-table *::after {\n      box-sizing:border-box!important;\n    }\n\n    .emf-data-table-brand {\n      display:flex;\n      align-items:center;\n      gap:13px;\n      min-block-size:72px;\n      padding:10px 17px;\n      color:#fff;\n      background:linear-gradient(105deg,var(--emf-navy) 0%,var(--emf-navy-soft) 100%);\n      border-block-end:4px solid #c5ced8;\n    }\n\n    .emf-data-table-logo {\n      display:grid;\n      place-items:center;\n      inline-size:52px;\n      block-size:52px;\n      flex:0 0 52px;\n      background:rgba(255,255,255,.08);\n      border:1px solid rgba(255,255,255,.35);\n      border-radius:3px!important;\n    }\n\n    .emf-data-table-logo img {\n      display:block;\n      inline-size:41px;\n      block-size:41px;\n      max-inline-size:41px;\n      max-block-size:41px;\n      object-fit:contain;\n    }\n\n    .emf-data-table-kicker {\n      margin:0 0 2px;\n      font-size:10px;\n      font-weight:700;\n      letter-spacing:.16em;\n      line-height:1.2;\n      text-transform:uppercase;\n      opacity:.78;\n    }\n\n    .emf-data-table-title {\n      margin:0;\n      font-family:Georgia,\"Times New Roman\",serif;\n      font-size:21px;\n      font-weight:700;\n      line-height:1.2;\n    }\n\n    .emf-data-table-scroll {\n      display:block!important;\n      inline-size:100%!important;\n      max-inline-size:100%!important;\n      overflow-x:auto!important;\n      overflow-y:hidden!important;\n      -webkit-overflow-scrolling:touch;\n      overscroll-behavior-inline:contain;\n      scrollbar-width:thin;\n      scrollbar-color:#8798aa #edf1f5;\n    }\n\n    .emf-data-table-scroll:focus-visible {\n      outline:3px solid rgba(0,36,90,.35);\n      outline-offset:-3px;\n    }\n\n    .emf-data-table table {\n      display:table!important;\n      inline-size:100%!important;\n      min-inline-size:680px!important;\n      max-inline-size:none!important;\n      margin:0!important;\n      border:0!important;\n      border-collapse:separate!important;\n      border-spacing:0!important;\n      table-layout:auto!important;\n      background:#fff!important;\n    }\n\n    .emf-data-table caption {\n      position:absolute!important;\n      inline-size:1px!important;\n      block-size:1px!important;\n      padding:0!important;\n      margin:-1px!important;\n      overflow:hidden!important;\n      clip:rect(0,0,0,0)!important;\n      white-space:nowrap!important;\n      border:0!important;\n    }\n\n    .emf-data-table thead {\n      display:table-header-group!important;\n    }\n\n    .emf-data-table tbody {\n      display:table-row-group!important;\n    }\n\n    .emf-data-table tr {\n      display:table-row!important;\n    }\n\n    .emf-data-table th,\n    .emf-data-table td {\n      display:table-cell!important;\n      float:none!important;\n      inline-size:auto!important;\n      max-inline-size:none!important;\n      margin:0!important;\n      border-radius:0!important;\n      text-align:left!important;\n      vertical-align:middle!important;\n    }\n\n    .emf-data-table th {\n      padding:14px 17px!important;\n      color:#fff!important;\n      background:var(--emf-navy)!important;\n      border-block-end:1px solid rgba(255,255,255,.22)!important;\n      border-inline-end:1px solid rgba(255,255,255,.12)!important;\n      font-family:Georgia,\"Times New Roman\",serif;\n      font-size:14px!important;\n      font-weight:700!important;\n      line-height:1.35!important;\n      white-space:nowrap!important;\n    }\n\n    .emf-data-table th:last-child {\n      border-inline-end:0!important;\n    }\n\n    .emf-data-table td {\n      padding:14px 17px!important;\n      color:#43515e!important;\n      background:#fff!important;\n      border-block-end:1px solid var(--emf-line)!important;\n      font-size:14px!important;\n      font-weight:400!important;\n      line-height:1.5!important;\n      overflow-wrap:anywhere;\n    }\n\n    .emf-data-table tbody tr:nth-child(even) td {\n      background:var(--emf-wash)!important;\n    }\n\n    .emf-data-table tbody tr:hover td {\n      background:#eaf0f5!important;\n    }\n\n    .emf-data-table tbody tr:last-child td {\n      border-block-end:0!important;\n    }\n\n    .emf-data-table td:first-child {\n      color:var(--emf-navy)!important;\n      font-weight:700!important;\n    }\n\n    @media(max-width:560px) {\n      .emf-data-table-brand {\n        min-block-size:68px;\n        padding:9px 13px;\n      }\n\n      .emf-data-table-title {\n        font-size:19px;\n      }\n\n      .emf-data-table-scroll {\n        overflow:visible!important;\n      }\n\n      .emf-data-table table,\n      .emf-data-table thead,\n      .emf-data-table tbody,\n      .emf-data-table tr,\n      .emf-data-table th,\n      .emf-data-table td {\n        display:block!important;\n        inline-size:100%!important;\n        min-inline-size:0!important;\n        max-inline-size:100%!important;\n      }\n\n      .emf-data-table table {\n        padding:13px!important;\n      }\n\n      .emf-data-table thead {\n        position:absolute!important;\n        inline-size:1px!important;\n        block-size:1px!important;\n        padding:0!important;\n        margin:-1px!important;\n        overflow:hidden!important;\n        clip:rect(0,0,0,0)!important;\n        white-space:nowrap!important;\n      }\n\n      .emf-data-table tbody {\n        display:grid!important;\n        gap:11px;\n      }\n\n      .emf-data-table tr {\n        overflow:hidden!important;\n        background:#fff!important;\n        border:1px solid var(--emf-line)!important;\n        border-block-start:4px solid var(--emf-navy)!important;\n        border-radius:4px!important;\n        box-shadow:0 4px 12px rgba(0,36,90,.06);\n      }\n\n      .emf-data-table td,\n      .emf-data-table tbody tr:nth-child(even) td,\n      .emf-data-table tbody tr:hover td {\n        display:grid!important;\n        grid-template-columns:minmax(105px,38%) minmax(0,1fr)!important;\n        align-items:start;\n        gap:11px;\n        padding:11px 12px!important;\n        background:#fff!important;\n        border-block-end:1px solid #e2e7ec!important;\n      }\n\n      .emf-data-table td::before {\n        content:attr(data-label);\n        color:var(--emf-muted);\n        font-size:10px;\n        font-weight:700;\n        letter-spacing:.06em;\n        line-height:1.35;\n        text-transform:uppercase;\n      }\n\n      .emf-data-table td:first-child {\n        color:var(--emf-navy)!important;\n        background:#edf1f5!important;\n      }\n\n      .emf-data-table td:last-child {\n        border-block-end:0!important;\n      }\n    }\n  <\/style>\n\n  <div class=\"emf-data-table-brand\">\n    <div class=\"emf-data-table-logo\">\n      <img\n        alt=\"Logo EM Foco\"\n        decoding=\"async\"\n        height=\"41\"\n        loading=\"lazy\"\n        referrerpolicy=\"no-referrer\"\n        src=\"https:\/\/www.em.com.br\/emfoco\/wp-content\/uploads\/2026\/08\/em_transparente_3000px-scaled.png\"\n        width=\"41\"\n      >\n    <\/div>\n\n    <div>\n      <div class=\"emf-data-table-kicker\">DADOS EM FOCO<\/div>\n      <div class=\"emf-data-table-title\">O corpo durante o congelamento<\/div>\n    <\/div>\n  <\/div>\n\n  <div aria-label=\"Mudan\u00e7as fisiol\u00f3gicas da r\u00e3-da-floresta durante congelamento, inverno e degelo\" class=\"emf-data-table-scroll\" role=\"region\" tabindex=\"0\">\n    <table>\n      <caption>Resumo das principais mudan\u00e7as no corpo da r\u00e3-da-floresta ao longo do inverno<\/caption>\n      <thead>\n        <tr>\n          <th scope=\"col\">Fase<\/th>\n          <th scope=\"col\">O que ocorre<\/th>\n          <th scope=\"col\">Fun\u00e7\u00e3o<\/th>\n        <\/tr>\n      <\/thead>\n      <tbody>\n        <tr>\n          <td data-label=\"Fase\">In\u00edcio do frio<\/td>\n          <td data-label=\"O que ocorre\">Glicose aumenta<\/td>\n          <td data-label=\"Fun\u00e7\u00e3o\">Prote\u00e7\u00e3o celular<\/td>\n        <\/tr>\n        <tr>\n          <td data-label=\"Fase\">Congelamento<\/td>\n          <td data-label=\"O que ocorre\">Cora\u00e7\u00e3o e respira\u00e7\u00e3o param<\/td>\n          <td data-label=\"Fun\u00e7\u00e3o\">Economia metab\u00f3lica<\/td>\n        <\/tr>\n        <tr>\n          <td data-label=\"Fase\">Degelo<\/td>\n          <td data-label=\"O que ocorre\">\u00d3rg\u00e3os retomam atividade<\/td>\n          <td data-label=\"Fun\u00e7\u00e3o\">Retorno \u00e0 primavera<\/td>\n        <\/tr>\n      <\/tbody>\n    <\/table>\n  <\/div>\n<\/div>\n\n\n<h2>O que acontece quando chega a primavera?<\/h2>\n<p>Com o aquecimento do ambiente, o gelo corporal derrete e as fun\u00e7\u00f5es retornam em sequ\u00eancia. A <strong>circula\u00e7\u00e3o<\/strong> \u00e9 restabelecida, o sistema nervoso retoma atividade e os m\u00fasculos voltam a responder, permitindo que o animal deixe o abrigo depois de meses praticamente im\u00f3vel.<\/p>\n<p>Logo depois, a r\u00e3-da-floresta segue para \u00e1reas \u00famidas e po\u00e7as tempor\u00e1rias para reprodu\u00e7\u00e3o. O mesmo organismo que passou o inverno sem pulso aparente retorna \u00e0 atividade porque seu corpo combina <strong>glicose, controle do gelo e metabolismo reduzido<\/strong>, uma adapta\u00e7\u00e3o extrema ao frio das florestas do norte.<\/p>\n\n\n<p class=\"wp-block-paragraph\"><\/p>\n","protected":false},"excerpt":{"rendered":"<p>EM FOCO Resumo da mat\u00e9ria 01 Corpo congelado A r\u00e3-da-floresta pode atravessar parte do inverno congelada, sem respira\u00e7\u00e3o ou batimentos, enquanto seu metabolismo fica profundamente reduzido. Estado suspenso 02 A\u00e7\u00facar protetor O f\u00edgado libera muita glicose quando o congelamento come\u00e7a, ajudando a proteger as c\u00e9lulas da desidrata\u00e7\u00e3o e do gelo interno. Crioprote\u00e7\u00e3o 03 Retorno na [&hellip;]<\/p>\n","protected":false},"author":36,"featured_media":262416,"comment_status":"open","ping_status":"open","sticky":false,"template":"","format":"standard","meta":{"jnews-multi-image_gallery":[],"jnews_single_post":{"format":"standard"},"jnews_primary_category":[],"jnews_social_meta":[],"jnews_override_counter":[],"footnotes":""},"categories":[8819],"tags":[36005,6825,1221,318],"class_list":["post-262504","post","type-post","status-publish","format-standard","has-post-thumbnail","hentry","category-curiosidades","tag-anfibios","tag-glicose","tag-inverno","tag-natureza"],"yoast_head":"<!-- This site is optimized with the Yoast SEO plugin v28.3 - https:\/\/yoast.com\/product\/yoast-seo-wordpress\/ -->\n<title>Durante o inverno, este sapo congela por meses, deixa de respirar e fica sem batimentos card\u00edacos, mas volta \u00e0 atividade na primavera gra\u00e7as ao a\u00e7\u00facar produzido pelo pr\u00f3prio corpo para proteger suas c\u00e9lulas - Estado de Minas - Em foco<\/title>\n<meta name=\"description\" content=\"R\u00e3-da-floresta congela por meses sem respirar ou manter batimentos. Como a glicose protege suas c\u00e9lulas at\u00e9 a primavera?\" \/>\n<meta name=\"robots\" content=\"index, follow, max-snippet:-1, max-image-preview:large, max-video-preview:-1\" \/>\n<link rel=\"canonical\" href=\"https:\/\/www.em.com.br\/emfoco\/2026\/09\/04\/durante-o-inverno-este-sapo-congela-por-meses-deixa-de-respirar-e-fica-sem-batimentos-cardiacos-mas-volta-a-atividade-na-primavera-gracas-ao-acucar-produzido-pelo-proprio-corpo-para-proteger-suas-c\/\" \/>\n<meta property=\"og:locale\" content=\"pt_BR\" \/>\n<meta property=\"og:type\" content=\"article\" \/>\n<meta property=\"og:title\" content=\"Durante o inverno, este sapo congela por meses, deixa de respirar e fica sem batimentos card\u00edacos, mas volta \u00e0 atividade na primavera gra\u00e7as ao a\u00e7\u00facar produzido pelo pr\u00f3prio corpo para proteger suas c\u00e9lulas - Estado de Minas - Em foco\" \/>\n<meta property=\"og:description\" content=\"R\u00e3-da-floresta congela por meses sem respirar ou manter batimentos. Como a glicose protege suas c\u00e9lulas at\u00e9 a primavera?\" \/>\n<meta property=\"og:url\" content=\"https:\/\/www.em.com.br\/emfoco\/2026\/09\/04\/durante-o-inverno-este-sapo-congela-por-meses-deixa-de-respirar-e-fica-sem-batimentos-cardiacos-mas-volta-a-atividade-na-primavera-gracas-ao-acucar-produzido-pelo-proprio-corpo-para-proteger-suas-c\/\" \/>\n<meta property=\"og:site_name\" content=\"Estado de Minas - Em foco\" \/>\n<meta property=\"article:published_time\" content=\"2026-09-04T21:29:00+00:00\" \/>\n<meta property=\"og:image\" content=\"https:\/\/www.em.com.br\/emfoco\/wp-content\/uploads\/2026\/09\/Frozen_wood_frog_in_leaves_202609040016.jpg\" \/>\n\t<meta property=\"og:image:width\" content=\"1280\" \/>\n\t<meta property=\"og:image:height\" content=\"720\" \/>\n\t<meta property=\"og:image:type\" content=\"image\/jpeg\" \/>\n<meta name=\"author\" content=\"Paulo\" \/>\n<meta name=\"twitter:card\" content=\"summary_large_image\" \/>\n<meta name=\"twitter:label1\" content=\"Escrito por\" \/>\n\t<meta name=\"twitter:data1\" content=\"Paulo\" \/>\n\t<meta name=\"twitter:label2\" content=\"Est. tempo de leitura\" \/>\n\t<meta name=\"twitter:data2\" content=\"6 minutos\" \/>\n<!-- \/ Yoast SEO plugin. -->","yoast_head_json":{"title":"Durante o inverno, este sapo congela por meses, deixa de respirar e fica sem batimentos card\u00edacos, mas volta \u00e0 atividade na primavera gra\u00e7as ao a\u00e7\u00facar produzido pelo pr\u00f3prio corpo para proteger suas c\u00e9lulas - Estado de Minas - Em foco","description":"R\u00e3-da-floresta congela por meses sem respirar ou manter batimentos. Como a glicose protege suas c\u00e9lulas at\u00e9 a primavera?","robots":{"index":"index","follow":"follow","max-snippet":"max-snippet:-1","max-image-preview":"max-image-preview:large","max-video-preview":"max-video-preview:-1"},"canonical":"https:\/\/www.em.com.br\/emfoco\/2026\/09\/04\/durante-o-inverno-este-sapo-congela-por-meses-deixa-de-respirar-e-fica-sem-batimentos-cardiacos-mas-volta-a-atividade-na-primavera-gracas-ao-acucar-produzido-pelo-proprio-corpo-para-proteger-suas-c\/","og_locale":"pt_BR","og_type":"article","og_title":"Durante o inverno, este sapo congela por meses, deixa de respirar e fica sem batimentos card\u00edacos, mas volta \u00e0 atividade na primavera gra\u00e7as ao a\u00e7\u00facar produzido pelo pr\u00f3prio corpo para proteger suas c\u00e9lulas - Estado de Minas - Em foco","og_description":"R\u00e3-da-floresta congela por meses sem respirar ou manter batimentos. Como a glicose protege suas c\u00e9lulas at\u00e9 a primavera?","og_url":"https:\/\/www.em.com.br\/emfoco\/2026\/09\/04\/durante-o-inverno-este-sapo-congela-por-meses-deixa-de-respirar-e-fica-sem-batimentos-cardiacos-mas-volta-a-atividade-na-primavera-gracas-ao-acucar-produzido-pelo-proprio-corpo-para-proteger-suas-c\/","og_site_name":"Estado de Minas - Em foco","article_published_time":"2026-09-04T21:29:00+00:00","og_image":[{"width":1280,"height":720,"url":"https:\/\/www.em.com.br\/emfoco\/wp-content\/uploads\/2026\/09\/Frozen_wood_frog_in_leaves_202609040016.jpg","type":"image\/jpeg"}],"author":"Paulo","twitter_card":"summary_large_image","twitter_misc":{"Escrito por":"Paulo","Est. tempo de leitura":"6 minutos"},"schema":{"@context":"https:\/\/schema.org","@graph":[{"@type":"Article","@id":"https:\/\/www.em.com.br\/emfoco\/2026\/09\/04\/durante-o-inverno-este-sapo-congela-por-meses-deixa-de-respirar-e-fica-sem-batimentos-cardiacos-mas-volta-a-atividade-na-primavera-gracas-ao-acucar-produzido-pelo-proprio-corpo-para-proteger-suas-c\/#article","isPartOf":{"@id":"https:\/\/www.em.com.br\/emfoco\/2026\/09\/04\/durante-o-inverno-este-sapo-congela-por-meses-deixa-de-respirar-e-fica-sem-batimentos-cardiacos-mas-volta-a-atividade-na-primavera-gracas-ao-acucar-produzido-pelo-proprio-corpo-para-proteger-suas-c\/"},"author":{"name":"Paulo","@id":"https:\/\/www.em.com.br\/emfoco\/#\/schema\/person\/a40efdfe89a3c3c02a66e4188f4757f9"},"headline":"Durante o inverno, este sapo congela por meses, deixa de respirar e fica sem batimentos card\u00edacos, mas volta \u00e0 atividade na primavera gra\u00e7as ao a\u00e7\u00facar produzido pelo pr\u00f3prio corpo para proteger suas c\u00e9lulas","datePublished":"2026-09-04T21:29:00+00:00","mainEntityOfPage":{"@id":"https:\/\/www.em.com.br\/emfoco\/2026\/09\/04\/durante-o-inverno-este-sapo-congela-por-meses-deixa-de-respirar-e-fica-sem-batimentos-cardiacos-mas-volta-a-atividade-na-primavera-gracas-ao-acucar-produzido-pelo-proprio-corpo-para-proteger-suas-c\/"},"wordCount":917,"commentCount":0,"image":{"@id":"https:\/\/www.em.com.br\/emfoco\/2026\/09\/04\/durante-o-inverno-este-sapo-congela-por-meses-deixa-de-respirar-e-fica-sem-batimentos-cardiacos-mas-volta-a-atividade-na-primavera-gracas-ao-acucar-produzido-pelo-proprio-corpo-para-proteger-suas-c\/#primaryimage"},"thumbnailUrl":"https:\/\/www.em.com.br\/emfoco\/wp-content\/uploads\/2026\/09\/Frozen_wood_frog_in_leaves_202609040016.jpg","keywords":["anf\u00edbios","glicose","inverno","natureza"],"articleSection":["Curiosidades"],"inLanguage":"pt-BR","potentialAction":[{"@type":"CommentAction","name":"Comment","target":["https:\/\/www.em.com.br\/emfoco\/2026\/09\/04\/durante-o-inverno-este-sapo-congela-por-meses-deixa-de-respirar-e-fica-sem-batimentos-cardiacos-mas-volta-a-atividade-na-primavera-gracas-ao-acucar-produzido-pelo-proprio-corpo-para-proteger-suas-c\/#respond"]}]},{"@type":"WebPage","@id":"https:\/\/www.em.com.br\/emfoco\/2026\/09\/04\/durante-o-inverno-este-sapo-congela-por-meses-deixa-de-respirar-e-fica-sem-batimentos-cardiacos-mas-volta-a-atividade-na-primavera-gracas-ao-acucar-produzido-pelo-proprio-corpo-para-proteger-suas-c\/","url":"https:\/\/www.em.com.br\/emfoco\/2026\/09\/04\/durante-o-inverno-este-sapo-congela-por-meses-deixa-de-respirar-e-fica-sem-batimentos-cardiacos-mas-volta-a-atividade-na-primavera-gracas-ao-acucar-produzido-pelo-proprio-corpo-para-proteger-suas-c\/","name":"Durante o inverno, este sapo congela por meses, deixa de respirar e fica sem batimentos card\u00edacos, mas volta \u00e0 atividade na primavera gra\u00e7as ao a\u00e7\u00facar produzido pelo pr\u00f3prio corpo para proteger suas c\u00e9lulas - Estado de Minas - Em foco","isPartOf":{"@id":"https:\/\/www.em.com.br\/emfoco\/#website"},"primaryImageOfPage":{"@id":"https:\/\/www.em.com.br\/emfoco\/2026\/09\/04\/durante-o-inverno-este-sapo-congela-por-meses-deixa-de-respirar-e-fica-sem-batimentos-cardiacos-mas-volta-a-atividade-na-primavera-gracas-ao-acucar-produzido-pelo-proprio-corpo-para-proteger-suas-c\/#primaryimage"},"image":{"@id":"https:\/\/www.em.com.br\/emfoco\/2026\/09\/04\/durante-o-inverno-este-sapo-congela-por-meses-deixa-de-respirar-e-fica-sem-batimentos-cardiacos-mas-volta-a-atividade-na-primavera-gracas-ao-acucar-produzido-pelo-proprio-corpo-para-proteger-suas-c\/#primaryimage"},"thumbnailUrl":"https:\/\/www.em.com.br\/emfoco\/wp-content\/uploads\/2026\/09\/Frozen_wood_frog_in_leaves_202609040016.jpg","datePublished":"2026-09-04T21:29:00+00:00","author":{"@id":"https:\/\/www.em.com.br\/emfoco\/#\/schema\/person\/a40efdfe89a3c3c02a66e4188f4757f9"},"description":"R\u00e3-da-floresta congela por meses sem respirar ou manter batimentos. Como a glicose protege suas c\u00e9lulas at\u00e9 a primavera?","breadcrumb":{"@id":"https:\/\/www.em.com.br\/emfoco\/2026\/09\/04\/durante-o-inverno-este-sapo-congela-por-meses-deixa-de-respirar-e-fica-sem-batimentos-cardiacos-mas-volta-a-atividade-na-primavera-gracas-ao-acucar-produzido-pelo-proprio-corpo-para-proteger-suas-c\/#breadcrumb"},"inLanguage":"pt-BR","potentialAction":[{"@type":"ReadAction","target":["https:\/\/www.em.com.br\/emfoco\/2026\/09\/04\/durante-o-inverno-este-sapo-congela-por-meses-deixa-de-respirar-e-fica-sem-batimentos-cardiacos-mas-volta-a-atividade-na-primavera-gracas-ao-acucar-produzido-pelo-proprio-corpo-para-proteger-suas-c\/"]}]},{"@type":"ImageObject","inLanguage":"pt-BR","@id":"https:\/\/www.em.com.br\/emfoco\/2026\/09\/04\/durante-o-inverno-este-sapo-congela-por-meses-deixa-de-respirar-e-fica-sem-batimentos-cardiacos-mas-volta-a-atividade-na-primavera-gracas-ao-acucar-produzido-pelo-proprio-corpo-para-proteger-suas-c\/#primaryimage","url":"https:\/\/www.em.com.br\/emfoco\/wp-content\/uploads\/2026\/09\/Frozen_wood_frog_in_leaves_202609040016.jpg","contentUrl":"https:\/\/www.em.com.br\/emfoco\/wp-content\/uploads\/2026\/09\/Frozen_wood_frog_in_leaves_202609040016.jpg","width":1280,"height":720,"caption":"Como a r\u00e3-da-floresta sobrevive congelada durante o inverno"},{"@type":"BreadcrumbList","@id":"https:\/\/www.em.com.br\/emfoco\/2026\/09\/04\/durante-o-inverno-este-sapo-congela-por-meses-deixa-de-respirar-e-fica-sem-batimentos-cardiacos-mas-volta-a-atividade-na-primavera-gracas-ao-acucar-produzido-pelo-proprio-corpo-para-proteger-suas-c\/#breadcrumb","itemListElement":[{"@type":"ListItem","position":1,"name":"In\u00edcio","item":"https:\/\/www.em.com.br\/emfoco\/"},{"@type":"ListItem","position":2,"name":"Durante o inverno, este sapo congela por meses, deixa de respirar e fica sem batimentos card\u00edacos, mas volta \u00e0 atividade na primavera gra\u00e7as ao a\u00e7\u00facar produzido pelo pr\u00f3prio corpo para proteger suas c\u00e9lulas"}]},{"@type":"WebSite","@id":"https:\/\/www.em.com.br\/emfoco\/#website","url":"https:\/\/www.em.com.br\/emfoco\/","name":"Estado de Minas - Em foco","description":"Acompanhe as \u00faltimas not\u00edcias e fique bem informado sobre tudo o que acontece em Minas Gerais, Brasil e no mundo.","potentialAction":[{"@type":"SearchAction","target":{"@type":"EntryPoint","urlTemplate":"https:\/\/www.em.com.br\/emfoco\/?s={search_term_string}"},"query-input":{"@type":"PropertyValueSpecification","valueRequired":true,"valueName":"search_term_string"}}],"inLanguage":"pt-BR"},{"@type":"Person","@id":"https:\/\/www.em.com.br\/emfoco\/#\/schema\/person\/a40efdfe89a3c3c02a66e4188f4757f9","name":"Paulo","image":{"@type":"ImageObject","inLanguage":"pt-BR","@id":"https:\/\/secure.gravatar.com\/avatar\/e97035e905aa7c91d0d43cb122ce3d29e6f75e431f9c5f20d3d2e46f1e2f5af4?s=96&d=mm&r=g","url":"https:\/\/secure.gravatar.com\/avatar\/e97035e905aa7c91d0d43cb122ce3d29e6f75e431f9c5f20d3d2e46f1e2f5af4?s=96&d=mm&r=g","contentUrl":"https:\/\/secure.gravatar.com\/avatar\/e97035e905aa7c91d0d43cb122ce3d29e6f75e431f9c5f20d3d2e46f1e2f5af4?s=96&d=mm&r=g","caption":"Paulo"},"sameAs":["https:\/\/www.em.com.br\/emfoco"],"url":"https:\/\/www.em.com.br\/emfoco\/author\/paulomyth\/"}]}},"_links":{"self":[{"href":"https:\/\/www.em.com.br\/emfoco\/wp-json\/wp\/v2\/posts\/262504","targetHints":{"allow":["GET"]}}],"collection":[{"href":"https:\/\/www.em.com.br\/emfoco\/wp-json\/wp\/v2\/posts"}],"about":[{"href":"https:\/\/www.em.com.br\/emfoco\/wp-json\/wp\/v2\/types\/post"}],"author":[{"embeddable":true,"href":"https:\/\/www.em.com.br\/emfoco\/wp-json\/wp\/v2\/users\/36"}],"replies":[{"embeddable":true,"href":"https:\/\/www.em.com.br\/emfoco\/wp-json\/wp\/v2\/comments?post=262504"}],"version-history":[{"count":2,"href":"https:\/\/www.em.com.br\/emfoco\/wp-json\/wp\/v2\/posts\/262504\/revisions"}],"predecessor-version":[{"id":262506,"href":"https:\/\/www.em.com.br\/emfoco\/wp-json\/wp\/v2\/posts\/262504\/revisions\/262506"}],"wp:featuredmedia":[{"embeddable":true,"href":"https:\/\/www.em.com.br\/emfoco\/wp-json\/wp\/v2\/media\/262416"}],"wp:attachment":[{"href":"https:\/\/www.em.com.br\/emfoco\/wp-json\/wp\/v2\/media?parent=262504"}],"wp:term":[{"taxonomy":"category","embeddable":true,"href":"https:\/\/www.em.com.br\/emfoco\/wp-json\/wp\/v2\/categories?post=262504"},{"taxonomy":"post_tag","embeddable":true,"href":"https:\/\/www.em.com.br\/emfoco\/wp-json\/wp\/v2\/tags?post=262504"}],"curies":[{"name":"wp","href":"https:\/\/api.w.org\/{rel}","templated":true}]}}