{"id":262481,"date":"2026-09-05T17:37:00","date_gmt":"2026-09-05T20:37:00","guid":{"rendered":"https:\/\/www.em.com.br\/emfoco\/?p=262481"},"modified":"2026-09-04T21:10:30","modified_gmt":"2026-09-05T00:10:30","slug":"agricultor-contrata-um-drone-para-aplicar-herbicida-produto-atinge-a-horta-do-vizinho-e-prestador-culpa-uma-mudanca-repentina-no-vento","status":"publish","type":"post","link":"https:\/\/www.em.com.br\/emfoco\/2026\/09\/05\/agricultor-contrata-um-drone-para-aplicar-herbicida-produto-atinge-a-horta-do-vizinho-e-prestador-culpa-uma-mudanca-repentina-no-vento\/","title":{"rendered":"Agricultor contrata um drone para aplicar herbicida, produto atinge a horta do vizinho e prestador culpa uma mudan\u00e7a repentina no vento"},"content":{"rendered":"\n<div class=\"emf-summary google-auto-ads-ignore\">\n  <style>\n    .emf-summary {\n      --emf-navy:#00245a;\n      --emf-navy-soft:#0b3b70;\n      --emf-ink:#1d2731;\n      --emf-muted:#66727e;\n      --emf-line:#d7dde5;\n      --emf-paper:#ffffff;\n      --emf-wash:#f4f6f8;\n      box-sizing:border-box!important;\n      inline-size:min(1100px,100%)!important;\n      max-inline-size:100%!important;\n      margin-inline:auto!important;\n      overflow:hidden!important;\n      color:var(--emf-ink);\n      background:var(--emf-paper);\n      border:1px solid var(--emf-line);\n      border-block-start:5px solid var(--emf-navy);\n      border-radius:6px!important;\n      box-shadow:0 8px 24px rgba(0,36,90,.08);\n      font-family:Arial,Helvetica,sans-serif;\n    }\n\n    .emf-summary *,\n    .emf-summary *::before,\n    .emf-summary *::after {\n      box-sizing:border-box!important;\n    }\n\n    .emf-summary-brand {\n      display:flex;\n      align-items:center;\n      gap:14px;\n      padding:16px 20px;\n      color:#fff;\n      background:linear-gradient(105deg,var(--emf-navy) 0%,var(--emf-navy-soft) 100%);\n      border-block-end:1px solid rgba(255,255,255,.18);\n    }\n\n    .emf-summary-logo {\n      display:grid;\n      place-items:center;\n      inline-size:58px;\n      block-size:58px;\n      flex:0 0 58px;\n      background:rgba(255,255,255,.08);\n      border:1px solid rgba(255,255,255,.35);\n      border-radius:3px!important;\n    }\n\n    .emf-summary-logo img {\n      display:block;\n      inline-size:46px;\n      block-size:46px;\n      max-inline-size:46px;\n      max-block-size:46px;\n      object-fit:contain;\n    }\n\n    .emf-summary-eyebrow {\n      margin:0 0 3px;\n      font-size:11px;\n      font-weight:700;\n      letter-spacing:.18em;\n      line-height:1.2;\n      text-transform:uppercase;\n      opacity:.78;\n    }\n\n    .emf-summary-title {\n      margin:0;\n      font-family:Georgia,\"Times New Roman\",serif;\n      font-size:25px;\n      font-weight:700;\n      line-height:1.15;\n    }\n\n    .emf-summary-grid {\n      display:grid;\n      grid-template-columns:repeat(3,minmax(0,1fr));\n      gap:0;\n      background:var(--emf-wash);\n    }\n\n    .emf-summary-card {\n      position:relative;\n      min-block-size:190px;\n      padding:24px 20px 20px;\n      overflow:hidden!important;\n      background:#fff;\n      border-inline-end:1px solid var(--emf-line);\n    }\n\n    .emf-summary-card:last-child {\n      border-inline-end:0;\n    }\n\n    .emf-summary-number {\n      position:absolute;\n      inset-block-start:13px;\n      inset-inline-end:15px;\n      color:rgba(0,36,90,.10);\n      font-family:Georgia,\"Times New Roman\",serif;\n      font-size:46px;\n      font-weight:700;\n      line-height:1;\n      pointer-events:none;\n    }\n\n    .emf-summary-card-title {\n      position:relative;\n      z-index:1;\n      margin:0 0 11px;\n      padding-block-end:10px;\n      color:var(--emf-navy);\n      border-block-end:2px solid var(--emf-navy);\n      font-family:Georgia,\"Times New Roman\",serif;\n      font-size:18px;\n      font-weight:700;\n      line-height:1.3;\n      overflow-wrap:anywhere;\n    }\n\n    .emf-summary-card-text {\n      position:relative;\n      z-index:1;\n      color:#485560;\n      font-size:13px;\n      line-height:1.6;\n      overflow-wrap:anywhere;\n    }\n\n    .emf-summary-card-meta {\n      position:relative;\n      z-index:1;\n      display:inline-flex;\n      margin-block-start:16px;\n      padding:5px 8px;\n      color:var(--emf-navy);\n      background:#edf1f5;\n      border:1px solid #d9e0e7;\n      border-radius:2px!important;\n      font-size:10px;\n      font-weight:700;\n      letter-spacing:.08em;\n      line-height:1.2;\n      text-transform:uppercase;\n    }\n\n    @media(max-width:760px) {\n      .emf-summary-grid {\n        grid-template-columns:1fr;\n      }\n\n      .emf-summary-card {\n        min-block-size:0;\n        border-inline-end:0;\n        border-block-end:1px solid var(--emf-line);\n      }\n\n      .emf-summary-card:last-child {\n        border-block-end:0;\n      }\n    }\n\n    @media(max-width:480px) {\n      .emf-summary-brand {\n        padding:14px 15px;\n      }\n\n      .emf-summary-logo {\n        inline-size:52px;\n        block-size:52px;\n        flex-basis:52px;\n      }\n\n      .emf-summary-logo img {\n        inline-size:41px;\n        block-size:41px;\n        max-inline-size:41px;\n        max-block-size:41px;\n      }\n\n      .emf-summary-title {\n        font-size:22px;\n      }\n\n      .emf-summary-card {\n        padding:21px 16px 18px;\n      }\n    }\n  <\/style>\n\n  <div class=\"emf-summary-brand\">\n    <div class=\"emf-summary-logo\">\n      <img\n        alt=\"Logo EM Foco\"\n        decoding=\"async\"\n        fetchpriority=\"high\"\n        height=\"46\"\n        loading=\"eager\"\n        referrerpolicy=\"no-referrer\"\n        src=\"https:\/\/www.em.com.br\/emfoco\/wp-content\/uploads\/2026\/08\/em_transparente_3000px-scaled.png\"\n        width=\"46\"\n      >\n    <\/div>\n\n    <div>\n      <div class=\"emf-summary-eyebrow\">EM FOCO<\/div>\n      <div class=\"emf-summary-title\">Resumo da mat\u00e9ria<\/div>\n    <\/div>\n  <\/div>\n\n  <div class=\"emf-summary-grid\">\n    <div class=\"emf-summary-card\">\n      <span aria-hidden=\"true\" class=\"emf-summary-number\">01<\/span>\n      <div aria-level=\"3\" class=\"emf-summary-card-title\" role=\"heading\">\n        Epis\u00f3dio \u00e9 fict\u00edcio\n      <\/div>\n      <div class=\"emf-summary-card-text\">\n        Produtores, prestador, deriva, horta e preju\u00edzos foram inventados para organizar uma disputa t\u00e9cnica sobre aplica\u00e7\u00e3o aeroagr\u00edcola remota.\n      <\/div>\n      <div class=\"emf-summary-card-meta\">\n        fic\u00e7\u00e3o declarada\n      <\/div>\n    <\/div>\n    <div class=\"emf-summary-card\">\n      <span aria-hidden=\"true\" class=\"emf-summary-number\">02<\/span>\n      <div aria-level=\"3\" class=\"emf-summary-card-title\" role=\"heading\">\n        Clima faz parte da opera\u00e7\u00e3o\n      <\/div>\n      <div class=\"emf-summary-card-text\">\n        Condi\u00e7\u00f5es meteorol\u00f3gicas precisam ser conhecidas antes e durante aplica\u00e7\u00f5es, porque vento e outros fatores influenciam seguran\u00e7a e deslocamento das gotas.\n      <\/div>\n      <div class=\"emf-summary-card-meta\">\n        registro necess\u00e1rio\n      <\/div>\n    <\/div>\n    <div class=\"emf-summary-card\">\n      <span aria-hidden=\"true\" class=\"emf-summary-number\">03<\/span>\n      <div aria-level=\"3\" class=\"emf-summary-card-title\" role=\"heading\">\n        Mapa e laudo importam\n      <\/div>\n      <div class=\"emf-summary-card-text\">\n        Rota do drone, relat\u00f3rio da aplica\u00e7\u00e3o, \u00e1rea-alvo e avalia\u00e7\u00e3o das plantas podem ajudar a diferenciar deriva, outra exposi\u00e7\u00e3o ou causa independente.\n      <\/div>\n      <div class=\"emf-summary-card-meta\">\n        prova t\u00e9cnica\n      <\/div>\n    <\/div>\n  <\/div>\n<\/div>\n\n\n\n<p class=\"wp-block-paragraph\">Em um relato fict\u00edcio, um agricultor contrata <strong>aplica\u00e7\u00e3o de herbicida com drone<\/strong> e o vizinho relata danos na horta. Agricultores, empresa, lavouras e preju\u00edzos s\u00e3o inventados. Num caso real, vento, umidade, temperatura, mapa de voo, produto, operador e laudo agron\u00f4mico precisariam ser comparados antes de apontar a causa.<\/p>\n\n\n\n<h2 class=\"wp-block-heading\">O que teria acontecido com o herbicida nesse relato fict\u00edcio?<\/h2>\n\n\n\n<p class=\"wp-block-paragraph\">Na situa\u00e7\u00e3o inventada, o drone aplica herbicida numa lavoura e, depois, surgem <strong>sintomas na horta vizinha<\/strong>. O prestador afirma que uma mudan\u00e7a repentina no vento desviou gotas para fora da \u00e1rea. O vizinho sustenta que a opera\u00e7\u00e3o deveria ter sido interrompida antes do deslocamento.<\/p>\n\n\n\n<p class=\"wp-block-paragraph\">Nenhuma dessas vers\u00f5es bastaria sozinha. Um caso real exigiria verificar <strong>produto aplicado, hor\u00e1rio, vento, umidade, temperatura e localiza\u00e7\u00e3o dos sintomas<\/strong>. Tamb\u00e9m seria necess\u00e1rio excluir outras causas, como aplica\u00e7\u00e3o anterior, doen\u00e7a, defici\u00eancia nutricional ou contato com subst\u00e2ncia diferente.<\/p>\n\n\n<div class=\"wp-block-image\">\n<figure class=\"aligncenter size-large\"><img decoding=\"async\" width=\"1024\" height=\"576\" src=\"https:\/\/www.em.com.br\/emfoco\/wp-content\/uploads\/2026\/09\/fnzd2-1024x576.jpg\" alt=\"\" class=\"wp-image-262615\" srcset=\"https:\/\/www.em.com.br\/emfoco\/wp-content\/uploads\/2026\/09\/fnzd2-1024x576.jpg 1024w, https:\/\/www.em.com.br\/emfoco\/wp-content\/uploads\/2026\/09\/fnzd2-300x169.jpg 300w, https:\/\/www.em.com.br\/emfoco\/wp-content\/uploads\/2026\/09\/fnzd2-768x432.jpg 768w, https:\/\/www.em.com.br\/emfoco\/wp-content\/uploads\/2026\/09\/fnzd2-750x421.jpg 750w, https:\/\/www.em.com.br\/emfoco\/wp-content\/uploads\/2026\/09\/fnzd2-1140x641.jpg 1140w, https:\/\/www.em.com.br\/emfoco\/wp-content\/uploads\/2026\/09\/fnzd2.jpg 1280w\" sizes=\"(max-width: 1024px) 100vw, 1024px\" \/><figcaption class=\"wp-element-caption\">O planejamento do voo tamb\u00e9m pode ser analisado para saber se havia risco de o produto atingir \u00e1reas vizinhas<\/figcaption><\/figure>\n<\/div>\n\n\n<h2 class=\"wp-block-heading\">Quais regras existem para aplica\u00e7\u00e3o de produtos por drone?<\/h2>\n\n\n\n<p class=\"wp-block-paragraph\">O <a href=\"https:\/\/www.gov.br\/agricultura\/pt-br\/assuntos\/insumos-agropecuarios\/aviacao-agricola\/registro\/registro\" target=\"_blank\" rel=\"noopener noreferrer\"><strong>Minist\u00e9rio da Agricultura e Pecu\u00e1ria<\/strong><\/a> informa que o registro \u00e9 obrigat\u00f3rio para operadores aeroagr\u00edcolas que usam drones. A Portaria MAPA n\u00ba 298\/2021 estabelece regras espec\u00edficas para aplica\u00e7\u00f5es de agrot\u00f3xicos, adjuvantes, fertilizantes e outros produtos por aeronaves remotamente pilotadas.<\/p>\n\n\n\n<p class=\"wp-block-paragraph\">A fiscaliza\u00e7\u00e3o do MAPA destaca que a aplica\u00e7\u00e3o com drone deve ficar <strong>restrita \u00e0 \u00e1rea-alvo<\/strong> e seguir requisitos de seguran\u00e7a operacional. Al\u00e9m disso, a regulamenta\u00e7\u00e3o exige registros das atividades. Esses documentos podem ser essenciais para reconstruir o que realmente ocorreu durante uma aplica\u00e7\u00e3o questionada.<\/p>\n\n\n\n<h2 class=\"wp-block-heading\">Como o vento poderia ser verificado depois da aplica\u00e7\u00e3o?<\/h2>\n\n\n\n<p class=\"wp-block-paragraph\">O ideal \u00e9 reunir <strong>registros meteorol\u00f3gicos do hor\u00e1rio e do local<\/strong>, dados do equipamento e anota\u00e7\u00f5es do operador. A explica\u00e7\u00e3o \u201co vento mudou\u201d precisa ser confrontada com aquilo que estava sendo monitorado e com o momento em que a opera\u00e7\u00e3o continuou ou foi interrompida.<\/p>\n\n\n\n<p class=\"wp-block-paragraph\">A <a href=\"https:\/\/www.anac.gov.br\/assuntos\/legislacao\/legislacao-1\/resolucoes\/2026\/resolucao-806\" target=\"_blank\" rel=\"noopener noreferrer\"><strong>ANAC<\/strong><\/a> determina que opera\u00e7\u00f5es com aeronaves n\u00e3o tripuladas considerem vento e condi\u00e7\u00f5es meteorol\u00f3gicas conhecidas no planejamento do voo. Na aplica\u00e7\u00e3o agr\u00edcola, a an\u00e1lise agron\u00f4mica acrescenta tamanho de gotas, produto e risco de deriva.<\/p>\n\n\n\n<p class=\"myth-list-bridge wp-block-paragraph\">A seguir listamos <strong>5 registros da aplica\u00e7\u00e3o<\/strong> que ajudariam a testar a hip\u00f3tese de mudan\u00e7a repentina do vento:<\/p>\n\n\n\n<ul class=\"wp-block-list myth-bullet-list\">\n<li><strong>Relat\u00f3rio operacional: <\/strong>confirme hor\u00e1rio, produto, \u00e1rea e respons\u00e1vel pela aplica\u00e7\u00e3o.<\/li>\n\n\n\n<li><strong>Mapa de voo: <\/strong>compare trajet\u00f3ria do drone com os limites da \u00e1rea autorizada.<\/li>\n\n\n\n<li><strong>Dados meteorol\u00f3gicos: <\/strong>registre vento, temperatura e umidade no per\u00edodo relevante.<\/li>\n\n\n\n<li><strong>Receita e produto: <\/strong>confira dose, cultura, alvo e orienta\u00e7\u00f5es de uso.<\/li>\n\n\n\n<li><strong>Laudo da horta: <\/strong>documente sintomas, distribui\u00e7\u00e3o espacial e poss\u00edvel compatibilidade com deriva.<\/li>\n<\/ul>\n\n\n\n<p class=\"wp-block-paragraph\"><strong>Leia tamb\u00e9m: <a href=\"https:\/\/www.em.com.br\/emfoco\/2026\/09\/03\/pecuarista-compra-r-38-mil-em-mouroes-tratados-para-durarem-15-anos-mas-a-madeira-comeca-a-apodrecer-oito-meses-depois-e-o-fornecedor-culpa-o-solo\/\" target=\"_blank\" rel=\"noreferrer noopener\">Pecuarista compra R$ 38 mil em moure\u00f5es tratados para durarem 15 anos, mas a madeira come\u00e7a a apodrecer oito meses depois e o fornecedor culpa o solo<\/a><\/strong><\/p>\n\n\n<div class=\"wp-block-image\">\n<figure class=\"aligncenter size-large\"><img decoding=\"async\" width=\"1024\" height=\"576\" src=\"https:\/\/www.em.com.br\/emfoco\/wp-content\/uploads\/2026\/09\/drone2-1024x576.jpg\" alt=\"\" class=\"wp-image-262616\" srcset=\"https:\/\/www.em.com.br\/emfoco\/wp-content\/uploads\/2026\/09\/drone2-1024x576.jpg 1024w, https:\/\/www.em.com.br\/emfoco\/wp-content\/uploads\/2026\/09\/drone2-300x169.jpg 300w, https:\/\/www.em.com.br\/emfoco\/wp-content\/uploads\/2026\/09\/drone2-768x432.jpg 768w, https:\/\/www.em.com.br\/emfoco\/wp-content\/uploads\/2026\/09\/drone2-750x421.jpg 750w, https:\/\/www.em.com.br\/emfoco\/wp-content\/uploads\/2026\/09\/drone2-1140x641.jpg 1140w, https:\/\/www.em.com.br\/emfoco\/wp-content\/uploads\/2026\/09\/drone2.jpg 1280w\" sizes=\"(max-width: 1024px) 100vw, 1024px\" \/><figcaption class=\"wp-element-caption\">Fotografias e laudos da horta ajudam a documentar a extens\u00e3o e a poss\u00edvel origem dos danos<\/figcaption><\/figure>\n<\/div>\n\n\n<h2 class=\"wp-block-heading\">Quem responderia pelo preju\u00edzo na horta do vizinho?<\/h2>\n\n\n\n<p class=\"wp-block-paragraph\">A resposta dependeria de <strong>causa, contrato e conduta de cada envolvido<\/strong>. O produtor contratante pode ter fornecido informa\u00e7\u00f5es ou produto; o prestador controla aspectos operacionais do voo; e o dano precisa ser ligado tecnicamente \u00e0 aplica\u00e7\u00e3o. N\u00e3o \u00e9 seguro atribuir responsabilidade antes de reconstruir esses pap\u00e9is.<\/p>\n\n\n\n<p class=\"wp-block-paragraph\">A p\u00e1gina de <a href=\"https:\/\/www.gov.br\/agricultura\/pt-br\/assuntos\/insumos-agropecuarios\/aviacao-agricola\/fiscalizacao\" target=\"_blank\" rel=\"noopener noreferrer\"><strong>fiscaliza\u00e7\u00e3o do MAPA<\/strong><\/a> ressalta planejamento, condi\u00e7\u00f5es clim\u00e1ticas e relat\u00f3rios nas opera\u00e7\u00f5es aeroagr\u00edcolas. Em uma disputa real, esses registros permitem comparar o procedimento esperado com aquilo que foi efetivamente executado.<\/p>\n\n\n\n<p class=\"myth-html-bridge wp-block-paragraph\">A seguir listamos <strong>3 perguntas de responsabilidade<\/strong> que s\u00f3 podem ser respondidas depois de a causa t\u00e9cnica da les\u00e3o nas plantas estar suficientemente demonstrada:<\/p>\n\n\n\n<div class=\"emf-data-table google-auto-ads-ignore\">\n  <style>\n    .emf-data-table {\n      --emf-navy:#00245a;\n      --emf-navy-soft:#0b3b70;\n      --emf-ink:#1d2731;\n      --emf-muted:#66727e;\n      --emf-line:#d7dde5;\n      --emf-wash:#f4f6f8;\n      box-sizing:border-box!important;\n      inline-size:min(1100px,100%)!important;\n      max-inline-size:100%!important;\n      margin-inline:auto!important;\n      overflow:hidden!important;\n      color:var(--emf-ink);\n      background:#fff;\n      border:1px solid var(--emf-line);\n      border-radius:6px!important;\n      box-shadow:0 8px 24px rgba(0,36,90,.08);\n      font-family:Arial,Helvetica,sans-serif;\n    }\n\n    .emf-data-table *,\n    .emf-data-table *::before,\n    .emf-data-table *::after {\n      box-sizing:border-box!important;\n    }\n\n    .emf-data-table-brand {\n      display:flex;\n      align-items:center;\n      gap:13px;\n      min-block-size:72px;\n      padding:10px 17px;\n      color:#fff;\n      background:linear-gradient(105deg,var(--emf-navy) 0%,var(--emf-navy-soft) 100%);\n      border-block-end:4px solid #c5ced8;\n    }\n\n    .emf-data-table-logo {\n      display:grid;\n      place-items:center;\n      inline-size:52px;\n      block-size:52px;\n      flex:0 0 52px;\n      background:rgba(255,255,255,.08);\n      border:1px solid rgba(255,255,255,.35);\n      border-radius:3px!important;\n    }\n\n    .emf-data-table-logo img {\n      display:block;\n      inline-size:41px;\n      block-size:41px;\n      max-inline-size:41px;\n      max-block-size:41px;\n      object-fit:contain;\n    }\n\n    .emf-data-table-kicker {\n      margin:0 0 2px;\n      font-size:10px;\n      font-weight:700;\n      letter-spacing:.16em;\n      line-height:1.2;\n      text-transform:uppercase;\n      opacity:.78;\n    }\n\n    .emf-data-table-title {\n      margin:0;\n      font-family:Georgia,\"Times New Roman\",serif;\n      font-size:21px;\n      font-weight:700;\n      line-height:1.2;\n    }\n\n    .emf-data-table-scroll {\n      display:block!important;\n      inline-size:100%!important;\n      max-inline-size:100%!important;\n      overflow-x:auto!important;\n      overflow-y:hidden!important;\n      -webkit-overflow-scrolling:touch;\n      overscroll-behavior-inline:contain;\n      scrollbar-width:thin;\n      scrollbar-color:#8798aa #edf1f5;\n    }\n\n    .emf-data-table-scroll:focus-visible {\n      outline:3px solid rgba(0,36,90,.35);\n      outline-offset:-3px;\n    }\n\n    .emf-data-table table {\n      display:table!important;\n      inline-size:100%!important;\n      min-inline-size:680px!important;\n      max-inline-size:none!important;\n      margin:0!important;\n      border:0!important;\n      border-collapse:separate!important;\n      border-spacing:0!important;\n      table-layout:auto!important;\n      background:#fff!important;\n    }\n\n    .emf-data-table caption {\n      position:absolute!important;\n      inline-size:1px!important;\n      block-size:1px!important;\n      padding:0!important;\n      margin:-1px!important;\n      overflow:hidden!important;\n      clip:rect(0,0,0,0)!important;\n      white-space:nowrap!important;\n      border:0!important;\n    }\n\n    .emf-data-table thead {\n      display:table-header-group!important;\n    }\n\n    .emf-data-table tbody {\n      display:table-row-group!important;\n    }\n\n    .emf-data-table tr {\n      display:table-row!important;\n    }\n\n    .emf-data-table th,\n    .emf-data-table td {\n      display:table-cell!important;\n      float:none!important;\n      inline-size:auto!important;\n      max-inline-size:none!important;\n      margin:0!important;\n      border-radius:0!important;\n      text-align:left!important;\n      vertical-align:middle!important;\n    }\n\n    .emf-data-table th {\n      padding:14px 17px!important;\n      color:#fff!important;\n      background:var(--emf-navy)!important;\n      border-block-end:1px solid rgba(255,255,255,.22)!important;\n      border-inline-end:1px solid rgba(255,255,255,.12)!important;\n      font-family:Georgia,\"Times New Roman\",serif;\n      font-size:14px!important;\n      font-weight:700!important;\n      line-height:1.35!important;\n      white-space:nowrap!important;\n    }\n\n    .emf-data-table th:last-child {\n      border-inline-end:0!important;\n    }\n\n    .emf-data-table td {\n      padding:14px 17px!important;\n      color:#43515e!important;\n      background:#fff!important;\n      border-block-end:1px solid var(--emf-line)!important;\n      font-size:14px!important;\n      font-weight:400!important;\n      line-height:1.5!important;\n      overflow-wrap:anywhere;\n    }\n\n    .emf-data-table tbody tr:nth-child(even) td {\n      background:var(--emf-wash)!important;\n    }\n\n    .emf-data-table tbody tr:hover td {\n      background:#eaf0f5!important;\n    }\n\n    .emf-data-table tbody tr:last-child td {\n      border-block-end:0!important;\n    }\n\n    .emf-data-table td:first-child {\n      color:var(--emf-navy)!important;\n      font-weight:700!important;\n    }\n\n    @media(max-width:560px) {\n      .emf-data-table-brand {\n        min-block-size:68px;\n        padding:9px 13px;\n      }\n\n      .emf-data-table-title {\n        font-size:19px;\n      }\n\n      .emf-data-table-scroll {\n        overflow:visible!important;\n      }\n\n      .emf-data-table table,\n      .emf-data-table thead,\n      .emf-data-table tbody,\n      .emf-data-table tr,\n      .emf-data-table th,\n      .emf-data-table td {\n        display:block!important;\n        inline-size:100%!important;\n        min-inline-size:0!important;\n        max-inline-size:100%!important;\n      }\n\n      .emf-data-table table {\n        padding:13px!important;\n      }\n\n      .emf-data-table thead {\n        position:absolute!important;\n        inline-size:1px!important;\n        block-size:1px!important;\n        padding:0!important;\n        margin:-1px!important;\n        overflow:hidden!important;\n        clip:rect(0,0,0,0)!important;\n        white-space:nowrap!important;\n      }\n\n      .emf-data-table tbody {\n        display:grid!important;\n        gap:11px;\n      }\n\n      .emf-data-table tr {\n        overflow:hidden!important;\n        background:#fff!important;\n        border:1px solid var(--emf-line)!important;\n        border-block-start:4px solid var(--emf-navy)!important;\n        border-radius:4px!important;\n        box-shadow:0 4px 12px rgba(0,36,90,.06);\n      }\n\n      .emf-data-table td,\n      .emf-data-table tbody tr:nth-child(even) td,\n      .emf-data-table tbody tr:hover td {\n        display:grid!important;\n        grid-template-columns:minmax(105px,38%) minmax(0,1fr)!important;\n        align-items:start;\n        gap:11px;\n        padding:11px 12px!important;\n        background:#fff!important;\n        border-block-end:1px solid #e2e7ec!important;\n      }\n\n      .emf-data-table td::before {\n        content:attr(data-label);\n        color:var(--emf-muted);\n        font-size:10px;\n        font-weight:700;\n        letter-spacing:.06em;\n        line-height:1.35;\n        text-transform:uppercase;\n      }\n\n      .emf-data-table td:first-child {\n        color:var(--emf-navy)!important;\n        background:#edf1f5!important;\n      }\n\n      .emf-data-table td:last-child {\n        border-block-end:0!important;\n      }\n    }\n  <\/style>\n\n  <div class=\"emf-data-table-brand\">\n    <div class=\"emf-data-table-logo\">\n      <img\n        alt=\"Logo EM Foco\"\n        decoding=\"async\"\n        height=\"41\"\n        loading=\"lazy\"\n        referrerpolicy=\"no-referrer\"\n        src=\"https:\/\/www.em.com.br\/emfoco\/wp-content\/uploads\/2026\/08\/em_transparente_3000px-scaled.png\"\n        width=\"41\"\n      >\n    <\/div>\n\n    <div>\n      <div class=\"emf-data-table-kicker\">DADOS EM FOCO<\/div>\n      <div class=\"emf-data-table-title\">Como investigar poss\u00edvel deriva<\/div>\n    <\/div>\n  <\/div>\n\n  <div aria-label=\"Tabela com evid\u00eancia, fonte e pergunta na an\u00e1lise fict\u00edcia da aplica\u00e7\u00e3o por drone\" class=\"emf-data-table-scroll\" role=\"region\" tabindex=\"0\">\n    <table>\n      <caption>Resumo das provas \u00fateis para investigar dano em lavoura vizinha<\/caption>\n      <thead>\n        <tr>\n          <th scope=\"col\">Evid\u00eancia<\/th>\n          <th scope=\"col\">Fonte<\/th>\n          <th scope=\"col\">Pergunta<\/th>\n        <\/tr>\n      <\/thead>\n      <tbody>\n        <tr>\n          <td data-label=\"Evid\u00eancia\">Clima<\/td>\n          <td data-label=\"Fonte\">Registros do hor\u00e1rio<\/td>\n          <td data-label=\"Pergunta\">O vento estava compat\u00edvel com a opera\u00e7\u00e3o?<\/td>\n        <\/tr>\n        <tr>\n          <td data-label=\"Evid\u00eancia\">Trajet\u00f3ria<\/td>\n          <td data-label=\"Fonte\">Mapa e log do drone<\/td>\n          <td data-label=\"Pergunta\">O voo permaneceu na \u00e1rea-alvo?<\/td>\n        <\/tr>\n        <tr>\n          <td data-label=\"Evid\u00eancia\">Sintomas<\/td>\n          <td data-label=\"Fonte\">Laudo agron\u00f4mico<\/td>\n          <td data-label=\"Pergunta\">O dano \u00e9 compat\u00edvel com o produto aplicado?<\/td>\n        <\/tr>\n      <\/tbody>\n    <\/table>\n  <\/div>\n<\/div>\n\n\n\n<h2 class=\"wp-block-heading\">O que deveria ser feito antes de arrancar ou replantar a horta?<\/h2>\n\n\n\n<p class=\"wp-block-paragraph\">Primeiro, seria importante <strong>fotografar e mapear os sintomas<\/strong> antes de alterar a \u00e1rea. Um engenheiro agr\u00f4nomo poderia avaliar padr\u00e3o das les\u00f5es, coletar amostras quando necess\u00e1rio e comparar o quadro com o herbicida aplicado. Tamb\u00e9m seria \u00fatil preservar recipientes, r\u00f3tulos e registros digitais do drone.<\/p>\n\n\n\n<p class=\"wp-block-paragraph\">Neste relato, <strong>agricultores, empresa, vento e danos s\u00e3o fict\u00edcios<\/strong>. O cen\u00e1rio mostra por que deriva n\u00e3o deve ser confirmada nem descartada apenas por narrativa. Quando h\u00e1 aplica\u00e7\u00e3o por drone, dados meteorol\u00f3gicos, rota, produto e laudo das plantas ajudam a transformar uma discuss\u00e3o de vers\u00f5es em uma an\u00e1lise t\u00e9cnica verific\u00e1vel.<\/p>\n","protected":false},"excerpt":{"rendered":"<p>EM FOCO Resumo da mat\u00e9ria 01 Epis\u00f3dio \u00e9 fict\u00edcio Produtores, prestador, deriva, horta e preju\u00edzos foram inventados para organizar uma disputa t\u00e9cnica sobre aplica\u00e7\u00e3o aeroagr\u00edcola remota. fic\u00e7\u00e3o declarada 02 Clima faz parte da opera\u00e7\u00e3o Condi\u00e7\u00f5es meteorol\u00f3gicas precisam ser conhecidas antes e durante aplica\u00e7\u00f5es, porque vento e outros fatores influenciam seguran\u00e7a e deslocamento das gotas. registro [&hellip;]<\/p>\n","protected":false},"author":30,"featured_media":262614,"comment_status":"open","ping_status":"open","sticky":false,"template":"","format":"standard","meta":{"jnews-multi-image_gallery":[],"jnews_single_post":{"format":"standard"},"jnews_primary_category":[],"jnews_social_meta":[],"jnews_override_counter":[],"footnotes":""},"categories":[8819],"tags":[2746,36016,36014,36015],"class_list":["post-262481","post","type-post","status-publish","format-standard","has-post-thumbnail","hentry","category-curiosidades","tag-agricultura","tag-deriva","tag-drone","tag-herbicida"],"yoast_head":"<!-- This site is optimized with the Yoast SEO plugin v28.3 - https:\/\/yoast.com\/product\/yoast-seo-wordpress\/ -->\n<title>Agricultor contrata um drone para aplicar herbicida, produto atinge a horta do vizinho e prestador culpa uma mudan\u00e7a repentina no vento - Estado de Minas - Em foco<\/title>\n<meta name=\"description\" content=\"Um drone aplica herbicida e a horta ao lado apresenta danos. Vento, mapa do voo e sintomas das plantas podem mostrar o que aconteceu.\" \/>\n<meta name=\"robots\" content=\"index, follow, max-snippet:-1, max-image-preview:large, max-video-preview:-1\" \/>\n<link rel=\"canonical\" href=\"https:\/\/www.em.com.br\/emfoco\/2026\/09\/05\/agricultor-contrata-um-drone-para-aplicar-herbicida-produto-atinge-a-horta-do-vizinho-e-prestador-culpa-uma-mudanca-repentina-no-vento\/\" \/>\n<meta property=\"og:locale\" content=\"pt_BR\" \/>\n<meta property=\"og:type\" content=\"article\" \/>\n<meta property=\"og:title\" content=\"Agricultor contrata um drone para aplicar herbicida, produto atinge a horta do vizinho e prestador culpa uma mudan\u00e7a repentina no vento - Estado de Minas - Em foco\" \/>\n<meta property=\"og:description\" content=\"Um drone aplica herbicida e a horta ao lado apresenta danos. Vento, mapa do voo e sintomas das plantas podem mostrar o que aconteceu.\" \/>\n<meta property=\"og:url\" content=\"https:\/\/www.em.com.br\/emfoco\/2026\/09\/05\/agricultor-contrata-um-drone-para-aplicar-herbicida-produto-atinge-a-horta-do-vizinho-e-prestador-culpa-uma-mudanca-repentina-no-vento\/\" \/>\n<meta property=\"og:site_name\" content=\"Estado de Minas - Em foco\" \/>\n<meta property=\"article:published_time\" content=\"2026-09-05T20:37:00+00:00\" \/>\n<meta property=\"og:image\" content=\"https:\/\/www.em.com.br\/emfoco\/wp-content\/uploads\/2026\/09\/fazenda.jpg\" \/>\n\t<meta property=\"og:image:width\" content=\"1280\" \/>\n\t<meta property=\"og:image:height\" content=\"720\" \/>\n\t<meta property=\"og:image:type\" content=\"image\/jpeg\" \/>\n<meta name=\"author\" content=\"Guilherme Ara\u00fajo\" \/>\n<meta name=\"twitter:card\" content=\"summary_large_image\" \/>\n<meta name=\"twitter:label1\" content=\"Escrito por\" \/>\n\t<meta name=\"twitter:data1\" content=\"Guilherme Ara\u00fajo\" \/>\n\t<meta name=\"twitter:label2\" content=\"Est. tempo de leitura\" \/>\n\t<meta name=\"twitter:data2\" content=\"6 minutos\" \/>\n<!-- \/ Yoast SEO plugin. -->","yoast_head_json":{"title":"Agricultor contrata um drone para aplicar herbicida, produto atinge a horta do vizinho e prestador culpa uma mudan\u00e7a repentina no vento - Estado de Minas - Em foco","description":"Um drone aplica herbicida e a horta ao lado apresenta danos. Vento, mapa do voo e sintomas das plantas podem mostrar o que aconteceu.","robots":{"index":"index","follow":"follow","max-snippet":"max-snippet:-1","max-image-preview":"max-image-preview:large","max-video-preview":"max-video-preview:-1"},"canonical":"https:\/\/www.em.com.br\/emfoco\/2026\/09\/05\/agricultor-contrata-um-drone-para-aplicar-herbicida-produto-atinge-a-horta-do-vizinho-e-prestador-culpa-uma-mudanca-repentina-no-vento\/","og_locale":"pt_BR","og_type":"article","og_title":"Agricultor contrata um drone para aplicar herbicida, produto atinge a horta do vizinho e prestador culpa uma mudan\u00e7a repentina no vento - Estado de Minas - Em foco","og_description":"Um drone aplica herbicida e a horta ao lado apresenta danos. Vento, mapa do voo e sintomas das plantas podem mostrar o que aconteceu.","og_url":"https:\/\/www.em.com.br\/emfoco\/2026\/09\/05\/agricultor-contrata-um-drone-para-aplicar-herbicida-produto-atinge-a-horta-do-vizinho-e-prestador-culpa-uma-mudanca-repentina-no-vento\/","og_site_name":"Estado de Minas - Em foco","article_published_time":"2026-09-05T20:37:00+00:00","og_image":[{"width":1280,"height":720,"url":"https:\/\/www.em.com.br\/emfoco\/wp-content\/uploads\/2026\/09\/fazenda.jpg","type":"image\/jpeg"}],"author":"Guilherme Ara\u00fajo","twitter_card":"summary_large_image","twitter_misc":{"Escrito por":"Guilherme Ara\u00fajo","Est. tempo de leitura":"6 minutos"},"schema":{"@context":"https:\/\/schema.org","@graph":[{"@type":"Article","@id":"https:\/\/www.em.com.br\/emfoco\/2026\/09\/05\/agricultor-contrata-um-drone-para-aplicar-herbicida-produto-atinge-a-horta-do-vizinho-e-prestador-culpa-uma-mudanca-repentina-no-vento\/#article","isPartOf":{"@id":"https:\/\/www.em.com.br\/emfoco\/2026\/09\/05\/agricultor-contrata-um-drone-para-aplicar-herbicida-produto-atinge-a-horta-do-vizinho-e-prestador-culpa-uma-mudanca-repentina-no-vento\/"},"author":{"name":"Guilherme Ara\u00fajo","@id":"https:\/\/www.em.com.br\/emfoco\/#\/schema\/person\/5379e929a4b966c775d121e23f9bb421"},"headline":"Agricultor contrata um drone para aplicar herbicida, produto atinge a horta do vizinho e prestador culpa uma mudan\u00e7a repentina no vento","datePublished":"2026-09-05T20:37:00+00:00","mainEntityOfPage":{"@id":"https:\/\/www.em.com.br\/emfoco\/2026\/09\/05\/agricultor-contrata-um-drone-para-aplicar-herbicida-produto-atinge-a-horta-do-vizinho-e-prestador-culpa-uma-mudanca-repentina-no-vento\/"},"wordCount":938,"commentCount":0,"image":{"@id":"https:\/\/www.em.com.br\/emfoco\/2026\/09\/05\/agricultor-contrata-um-drone-para-aplicar-herbicida-produto-atinge-a-horta-do-vizinho-e-prestador-culpa-uma-mudanca-repentina-no-vento\/#primaryimage"},"thumbnailUrl":"https:\/\/www.em.com.br\/emfoco\/wp-content\/uploads\/2026\/09\/fazenda.jpg","keywords":["agricultura","deriva","drone","herbicida"],"articleSection":["Curiosidades"],"inLanguage":"pt-BR","potentialAction":[{"@type":"CommentAction","name":"Comment","target":["https:\/\/www.em.com.br\/emfoco\/2026\/09\/05\/agricultor-contrata-um-drone-para-aplicar-herbicida-produto-atinge-a-horta-do-vizinho-e-prestador-culpa-uma-mudanca-repentina-no-vento\/#respond"]}]},{"@type":"WebPage","@id":"https:\/\/www.em.com.br\/emfoco\/2026\/09\/05\/agricultor-contrata-um-drone-para-aplicar-herbicida-produto-atinge-a-horta-do-vizinho-e-prestador-culpa-uma-mudanca-repentina-no-vento\/","url":"https:\/\/www.em.com.br\/emfoco\/2026\/09\/05\/agricultor-contrata-um-drone-para-aplicar-herbicida-produto-atinge-a-horta-do-vizinho-e-prestador-culpa-uma-mudanca-repentina-no-vento\/","name":"Agricultor contrata um drone para aplicar herbicida, produto atinge a horta do vizinho e prestador culpa uma mudan\u00e7a repentina no vento - Estado de Minas - Em foco","isPartOf":{"@id":"https:\/\/www.em.com.br\/emfoco\/#website"},"primaryImageOfPage":{"@id":"https:\/\/www.em.com.br\/emfoco\/2026\/09\/05\/agricultor-contrata-um-drone-para-aplicar-herbicida-produto-atinge-a-horta-do-vizinho-e-prestador-culpa-uma-mudanca-repentina-no-vento\/#primaryimage"},"image":{"@id":"https:\/\/www.em.com.br\/emfoco\/2026\/09\/05\/agricultor-contrata-um-drone-para-aplicar-herbicida-produto-atinge-a-horta-do-vizinho-e-prestador-culpa-uma-mudanca-repentina-no-vento\/#primaryimage"},"thumbnailUrl":"https:\/\/www.em.com.br\/emfoco\/wp-content\/uploads\/2026\/09\/fazenda.jpg","datePublished":"2026-09-05T20:37:00+00:00","author":{"@id":"https:\/\/www.em.com.br\/emfoco\/#\/schema\/person\/5379e929a4b966c775d121e23f9bb421"},"description":"Um drone aplica herbicida e a horta ao lado apresenta danos. Vento, mapa do voo e sintomas das plantas podem mostrar o que aconteceu.","breadcrumb":{"@id":"https:\/\/www.em.com.br\/emfoco\/2026\/09\/05\/agricultor-contrata-um-drone-para-aplicar-herbicida-produto-atinge-a-horta-do-vizinho-e-prestador-culpa-uma-mudanca-repentina-no-vento\/#breadcrumb"},"inLanguage":"pt-BR","potentialAction":[{"@type":"ReadAction","target":["https:\/\/www.em.com.br\/emfoco\/2026\/09\/05\/agricultor-contrata-um-drone-para-aplicar-herbicida-produto-atinge-a-horta-do-vizinho-e-prestador-culpa-uma-mudanca-repentina-no-vento\/"]}]},{"@type":"ImageObject","inLanguage":"pt-BR","@id":"https:\/\/www.em.com.br\/emfoco\/2026\/09\/05\/agricultor-contrata-um-drone-para-aplicar-herbicida-produto-atinge-a-horta-do-vizinho-e-prestador-culpa-uma-mudanca-repentina-no-vento\/#primaryimage","url":"https:\/\/www.em.com.br\/emfoco\/wp-content\/uploads\/2026\/09\/fazenda.jpg","contentUrl":"https:\/\/www.em.com.br\/emfoco\/wp-content\/uploads\/2026\/09\/fazenda.jpg","width":1280,"height":720,"caption":"Registros meteorol\u00f3gicos podem ajudar a verificar as condi\u00e7\u00f5es existentes no momento da aplica\u00e7\u00e3o"},{"@type":"BreadcrumbList","@id":"https:\/\/www.em.com.br\/emfoco\/2026\/09\/05\/agricultor-contrata-um-drone-para-aplicar-herbicida-produto-atinge-a-horta-do-vizinho-e-prestador-culpa-uma-mudanca-repentina-no-vento\/#breadcrumb","itemListElement":[{"@type":"ListItem","position":1,"name":"In\u00edcio","item":"https:\/\/www.em.com.br\/emfoco\/"},{"@type":"ListItem","position":2,"name":"Agricultor contrata um drone para aplicar herbicida, produto atinge a horta do vizinho e prestador culpa uma mudan\u00e7a repentina no vento"}]},{"@type":"WebSite","@id":"https:\/\/www.em.com.br\/emfoco\/#website","url":"https:\/\/www.em.com.br\/emfoco\/","name":"Estado de Minas - Em foco","description":"Acompanhe as \u00faltimas not\u00edcias e fique bem informado sobre tudo o que acontece em Minas Gerais, Brasil e no mundo.","potentialAction":[{"@type":"SearchAction","target":{"@type":"EntryPoint","urlTemplate":"https:\/\/www.em.com.br\/emfoco\/?s={search_term_string}"},"query-input":{"@type":"PropertyValueSpecification","valueRequired":true,"valueName":"search_term_string"}}],"inLanguage":"pt-BR"},{"@type":"Person","@id":"https:\/\/www.em.com.br\/emfoco\/#\/schema\/person\/5379e929a4b966c775d121e23f9bb421","name":"Guilherme Ara\u00fajo","image":{"@type":"ImageObject","inLanguage":"pt-BR","@id":"https:\/\/secure.gravatar.com\/avatar\/063bc96e5a2afd1844386c45bd1360efc771eff011a9fab8cd399e2a104c3ecd?s=96&d=mm&r=g","url":"https:\/\/secure.gravatar.com\/avatar\/063bc96e5a2afd1844386c45bd1360efc771eff011a9fab8cd399e2a104c3ecd?s=96&d=mm&r=g","contentUrl":"https:\/\/secure.gravatar.com\/avatar\/063bc96e5a2afd1844386c45bd1360efc771eff011a9fab8cd399e2a104c3ecd?s=96&d=mm&r=g","caption":"Guilherme Ara\u00fajo"},"sameAs":["https:\/\/www.em.com.br\/emfoco"],"url":"https:\/\/www.em.com.br\/emfoco\/author\/guilhermeamyth\/"}]}},"_links":{"self":[{"href":"https:\/\/www.em.com.br\/emfoco\/wp-json\/wp\/v2\/posts\/262481","targetHints":{"allow":["GET"]}}],"collection":[{"href":"https:\/\/www.em.com.br\/emfoco\/wp-json\/wp\/v2\/posts"}],"about":[{"href":"https:\/\/www.em.com.br\/emfoco\/wp-json\/wp\/v2\/types\/post"}],"author":[{"embeddable":true,"href":"https:\/\/www.em.com.br\/emfoco\/wp-json\/wp\/v2\/users\/30"}],"replies":[{"embeddable":true,"href":"https:\/\/www.em.com.br\/emfoco\/wp-json\/wp\/v2\/comments?post=262481"}],"version-history":[{"count":4,"href":"https:\/\/www.em.com.br\/emfoco\/wp-json\/wp\/v2\/posts\/262481\/revisions"}],"predecessor-version":[{"id":262662,"href":"https:\/\/www.em.com.br\/emfoco\/wp-json\/wp\/v2\/posts\/262481\/revisions\/262662"}],"wp:featuredmedia":[{"embeddable":true,"href":"https:\/\/www.em.com.br\/emfoco\/wp-json\/wp\/v2\/media\/262614"}],"wp:attachment":[{"href":"https:\/\/www.em.com.br\/emfoco\/wp-json\/wp\/v2\/media?parent=262481"}],"wp:term":[{"taxonomy":"category","embeddable":true,"href":"https:\/\/www.em.com.br\/emfoco\/wp-json\/wp\/v2\/categories?post=262481"},{"taxonomy":"post_tag","embeddable":true,"href":"https:\/\/www.em.com.br\/emfoco\/wp-json\/wp\/v2\/tags?post=262481"}],"curies":[{"name":"wp","href":"https:\/\/api.w.org\/{rel}","templated":true}]}}