{"id":262457,"date":"2026-09-05T10:37:00","date_gmt":"2026-09-05T13:37:00","guid":{"rendered":"https:\/\/www.em.com.br\/emfoco\/?p=262457"},"modified":"2026-09-04T20:19:15","modified_gmt":"2026-09-04T23:19:15","slug":"fechar-a-maquina-de-lavar-logo-depois-do-ciclo-pode-prender-umidade-o-que-fazer-antes-de-baixar-a-tampa-ou-fechar-a-porta","status":"publish","type":"post","link":"https:\/\/www.em.com.br\/emfoco\/2026\/09\/05\/fechar-a-maquina-de-lavar-logo-depois-do-ciclo-pode-prender-umidade-o-que-fazer-antes-de-baixar-a-tampa-ou-fechar-a-porta\/","title":{"rendered":"Fechar a m\u00e1quina de lavar logo depois do ciclo pode prender umidade: o que fazer antes de baixar a tampa ou fechar a porta"},"content":{"rendered":"\n<div class=\"emf-summary google-auto-ads-ignore\">\n  <style>\n    .emf-summary {\n      --emf-navy:#00245a;\n      --emf-navy-soft:#0b3b70;\n      --emf-ink:#1d2731;\n      --emf-muted:#66727e;\n      --emf-line:#d7dde5;\n      --emf-paper:#ffffff;\n      --emf-wash:#f4f6f8;\n      box-sizing:border-box!important;\n      inline-size:min(1100px,100%)!important;\n      max-inline-size:100%!important;\n      margin-inline:auto!important;\n      overflow:hidden!important;\n      color:var(--emf-ink);\n      background:var(--emf-paper);\n      border:1px solid var(--emf-line);\n      border-block-start:5px solid var(--emf-navy);\n      border-radius:6px!important;\n      box-shadow:0 8px 24px rgba(0,36,90,.08);\n      font-family:Arial,Helvetica,sans-serif;\n    }\n\n    .emf-summary *,\n    .emf-summary *::before,\n    .emf-summary *::after {\n      box-sizing:border-box!important;\n    }\n\n    .emf-summary-brand {\n      display:flex;\n      align-items:center;\n      gap:14px;\n      padding:16px 20px;\n      color:#fff;\n      background:linear-gradient(105deg,var(--emf-navy) 0%,var(--emf-navy-soft) 100%);\n      border-block-end:1px solid rgba(255,255,255,.18);\n    }\n\n    .emf-summary-logo {\n      display:grid;\n      place-items:center;\n      inline-size:58px;\n      block-size:58px;\n      flex:0 0 58px;\n      background:rgba(255,255,255,.08);\n      border:1px solid rgba(255,255,255,.35);\n      border-radius:3px!important;\n    }\n\n    .emf-summary-logo img {\n      display:block;\n      inline-size:46px;\n      block-size:46px;\n      max-inline-size:46px;\n      max-block-size:46px;\n      object-fit:contain;\n    }\n\n    .emf-summary-eyebrow {\n      margin:0 0 3px;\n      font-size:11px;\n      font-weight:700;\n      letter-spacing:.18em;\n      line-height:1.2;\n      text-transform:uppercase;\n      opacity:.78;\n    }\n\n    .emf-summary-title {\n      margin:0;\n      font-family:Georgia,\"Times New Roman\",serif;\n      font-size:25px;\n      font-weight:700;\n      line-height:1.15;\n    }\n\n    .emf-summary-grid {\n      display:grid;\n      grid-template-columns:repeat(3,minmax(0,1fr));\n      gap:0;\n      background:var(--emf-wash);\n    }\n\n    .emf-summary-card {\n      position:relative;\n      min-block-size:190px;\n      padding:24px 20px 20px;\n      overflow:hidden!important;\n      background:#fff;\n      border-inline-end:1px solid var(--emf-line);\n    }\n\n    .emf-summary-card:last-child {\n      border-inline-end:0;\n    }\n\n    .emf-summary-number {\n      position:absolute;\n      inset-block-start:13px;\n      inset-inline-end:15px;\n      color:rgba(0,36,90,.10);\n      font-family:Georgia,\"Times New Roman\",serif;\n      font-size:46px;\n      font-weight:700;\n      line-height:1;\n      pointer-events:none;\n    }\n\n    .emf-summary-card-title {\n      position:relative;\n      z-index:1;\n      margin:0 0 11px;\n      padding-block-end:10px;\n      color:var(--emf-navy);\n      border-block-end:2px solid var(--emf-navy);\n      font-family:Georgia,\"Times New Roman\",serif;\n      font-size:18px;\n      font-weight:700;\n      line-height:1.3;\n      overflow-wrap:anywhere;\n    }\n\n    .emf-summary-card-text {\n      position:relative;\n      z-index:1;\n      color:#485560;\n      font-size:13px;\n      line-height:1.6;\n      overflow-wrap:anywhere;\n    }\n\n    .emf-summary-card-meta {\n      position:relative;\n      z-index:1;\n      display:inline-flex;\n      margin-block-start:16px;\n      padding:5px 8px;\n      color:var(--emf-navy);\n      background:#edf1f5;\n      border:1px solid #d9e0e7;\n      border-radius:2px!important;\n      font-size:10px;\n      font-weight:700;\n      letter-spacing:.08em;\n      line-height:1.2;\n      text-transform:uppercase;\n    }\n\n    @media(max-width:760px) {\n      .emf-summary-grid {\n        grid-template-columns:1fr;\n      }\n\n      .emf-summary-card {\n        min-block-size:0;\n        border-inline-end:0;\n        border-block-end:1px solid var(--emf-line);\n      }\n\n      .emf-summary-card:last-child {\n        border-block-end:0;\n      }\n    }\n\n    @media(max-width:480px) {\n      .emf-summary-brand {\n        padding:14px 15px;\n      }\n\n      .emf-summary-logo {\n        inline-size:52px;\n        block-size:52px;\n        flex-basis:52px;\n      }\n\n      .emf-summary-logo img {\n        inline-size:41px;\n        block-size:41px;\n        max-inline-size:41px;\n        max-block-size:41px;\n      }\n\n      .emf-summary-title {\n        font-size:22px;\n      }\n\n      .emf-summary-card {\n        padding:21px 16px 18px;\n      }\n    }\n  <\/style>\n\n  <div class=\"emf-summary-brand\">\n    <div class=\"emf-summary-logo\">\n      <img\n        alt=\"Logo EM Foco\"\n        decoding=\"async\"\n        fetchpriority=\"high\"\n        height=\"46\"\n        loading=\"eager\"\n        referrerpolicy=\"no-referrer\"\n        src=\"https:\/\/www.em.com.br\/emfoco\/wp-content\/uploads\/2026\/08\/em_transparente_3000px-scaled.png\"\n        width=\"46\"\n      >\n    <\/div>\n\n    <div>\n      <div class=\"emf-summary-eyebrow\">EM FOCO<\/div>\n      <div class=\"emf-summary-title\">Resumo da mat\u00e9ria<\/div>\n    <\/div>\n  <\/div>\n\n  <div class=\"emf-summary-grid\">\n    <div class=\"emf-summary-card\">\n      <span aria-hidden=\"true\" class=\"emf-summary-number\">01<\/span>\n      <div aria-level=\"3\" class=\"emf-summary-card-title\" role=\"heading\">\n        Roupa sai primeiro\n      <\/div>\n      <div class=\"emf-summary-card-text\">\n        Retirar as pe\u00e7as logo ap\u00f3s o ciclo reduz o tempo em que tecido molhado permanece dentro do tambor fechado.\n      <\/div>\n      <div class=\"emf-summary-card-meta\">\n        menos umidade\n      <\/div>\n    <\/div>\n    <div class=\"emf-summary-card\">\n      <span aria-hidden=\"true\" class=\"emf-summary-number\">02<\/span>\n      <div aria-level=\"3\" class=\"emf-summary-card-title\" role=\"heading\">\n        Porta e gaveta respiram\n      <\/div>\n      <div class=\"emf-summary-card-text\">\n        Em modelos compat\u00edveis, deixar porta e compartimento de detergente abertos favorece ventila\u00e7\u00e3o e secagem entre uma lavagem e outra.\n      <\/div>\n      <div class=\"emf-summary-card-meta\">\n        mais circula\u00e7\u00e3o\n      <\/div>\n    <\/div>\n    <div class=\"emf-summary-card\">\n      <span aria-hidden=\"true\" class=\"emf-summary-number\">03<\/span>\n      <div aria-level=\"3\" class=\"emf-summary-card-title\" role=\"heading\">\n        Modelo pode mudar a regra\n      <\/div>\n      <div class=\"emf-summary-card-text\">\n        Algumas lavadoras possuem sistemas pr\u00f3prios de ventila\u00e7\u00e3o, por isso o manual deve prevalecer sobre uma orienta\u00e7\u00e3o geral.\n      <\/div>\n      <div class=\"emf-summary-card-meta\">\n        consulte o manual\n      <\/div>\n    <\/div>\n  <\/div>\n<\/div>\n\n\n\n<p class=\"wp-block-paragraph\">Depois do ciclo, deixar a <strong>m\u00e1quina de lavar aberta<\/strong> temporariamente ajuda a ventilar o tambor e secar a umidade restante. A LG recomenda retirar a roupa logo e manter a gaveta de sab\u00e3o aberta. O cuidado depende do modelo, pois algumas lavadoras modernas t\u00eam ventila\u00e7\u00e3o pr\u00f3pria e instru\u00e7\u00f5es espec\u00edficas.<\/p>\n\n\n\n<h2 class=\"wp-block-heading\">Por que a m\u00e1quina de lavar continua \u00famida depois do ciclo?<\/h2>\n\n\n\n<p class=\"wp-block-paragraph\">Uma <a href=\"https:\/\/pt.wikipedia.org\/wiki\/M%C3%A1quina_de_lavar_roupa\" target=\"_blank\" rel=\"noopener noreferrer\"><strong>m\u00e1quina de lavar<\/strong><\/a> termina o ciclo drenando e centrifugando, mas pequenas quantidades de \u00e1gua permanecem em tambor, borrachas, dispensers e outras \u00e1reas. Se a abertura \u00e9 fechada logo depois, essa umidade evapora mais lentamente.<\/p>\n\n\n\n<p class=\"wp-block-paragraph\">A LG aponta como causas de cheiro de mofo deixar <strong>roupa dentro do tambor<\/strong> e manter porta e gaveta de detergente fechadas ap\u00f3s a lavagem. Em modelos frontais, a veda\u00e7\u00e3o \u00e9 feita para impedir vazamentos durante o funcionamento, o que tamb\u00e9m reduz a troca de ar quando tudo permanece fechado.<\/p>\n\n\n<div class=\"wp-block-image\">\n<figure class=\"aligncenter size-large\"><img decoding=\"async\" width=\"1024\" height=\"576\" src=\"https:\/\/www.em.com.br\/emfoco\/wp-content\/uploads\/2026\/09\/maquina-1-1024x576.jpg\" alt=\"\" class=\"wp-image-262556\" srcset=\"https:\/\/www.em.com.br\/emfoco\/wp-content\/uploads\/2026\/09\/maquina-1-1024x576.jpg 1024w, https:\/\/www.em.com.br\/emfoco\/wp-content\/uploads\/2026\/09\/maquina-1-768x432.jpg 768w, https:\/\/www.em.com.br\/emfoco\/wp-content\/uploads\/2026\/09\/maquina-1-300x169.jpg 300w, https:\/\/www.em.com.br\/emfoco\/wp-content\/uploads\/2026\/09\/maquina-1-750x421.jpg 750w, https:\/\/www.em.com.br\/emfoco\/wp-content\/uploads\/2026\/09\/maquina-1-1140x641.jpg 1140w, https:\/\/www.em.com.br\/emfoco\/wp-content\/uploads\/2026\/09\/maquina-1.jpg 1280w\" sizes=\"(max-width: 1024px) 100vw, 1024px\" \/><figcaption class=\"wp-element-caption\">Manter o aparelho aberto por algum tempo pode ajudar a reduzir odores causados pelo ambiente constantemente \u00famido<\/figcaption><\/figure>\n<\/div>\n\n\n<h2 class=\"wp-block-heading\">O que fazer assim que a lavagem terminar?<\/h2>\n\n\n\n<p class=\"wp-block-paragraph\">O primeiro passo \u00e9 <strong>retirar a roupa prontamente<\/strong>. Pe\u00e7as molhadas mantidas no tambor acrescentam umidade e podem desenvolver cheiro desagrad\u00e1vel. Depois, em modelos cujo fabricante permite, deixe porta ou tampa abertas e puxe a gaveta de sab\u00e3o para aumentar a circula\u00e7\u00e3o de ar.<\/p>\n\n\n\n<p class=\"wp-block-paragraph\">A <a href=\"https:\/\/producthelp.whirlpool.com\/Laundry\/Washers\/Front_Load_Washers\/Wash_Performance_or_Clothing_Results\/Cleaning_and_Maintenance\/Removing_Odors_or_Smells_-_Front_Load_Washer\" target=\"_blank\" rel=\"noopener noreferrer\"><strong>Whirlpool<\/strong><\/a> tamb\u00e9m orienta deixar a porta aberta entre cargas para evaporar a umidade restante. A recomenda\u00e7\u00e3o refor\u00e7a que secar o interior faz parte da rotina de manuten\u00e7\u00e3o, n\u00e3o apenas de uma limpeza profunda.<\/p>\n\n\n\n<h2 class=\"wp-block-heading\">Por quanto tempo a porta precisa ficar aberta?<\/h2>\n\n\n\n<p class=\"wp-block-paragraph\">As fontes consultadas n\u00e3o fixam <strong>um n\u00famero universal de minutos<\/strong> para todos os modelos. O objetivo \u00e9 permitir ventila\u00e7\u00e3o suficiente para o interior perder a umidade residual. O tempo necess\u00e1rio muda com temperatura, ventila\u00e7\u00e3o do ambiente, desenho da m\u00e1quina e quantidade de \u00e1gua que permaneceu ap\u00f3s o ciclo.<\/p>\n\n\n\n<p class=\"wp-block-paragraph\">Uma boa refer\u00eancia pr\u00e1tica \u00e9 observar tambor, borracha e gaveta. Quando essas \u00e1reas estiverem secas, a abertura pode ser fechada conforme o manual. N\u00e3o force uma porta em posi\u00e7\u00e3o inadequada nem deixe a m\u00e1quina acess\u00edvel de forma insegura. A <strong>instru\u00e7\u00e3o do fabricante<\/strong> deve prevalecer.<\/p>\n\n\n\n<p class=\"myth-list-bridge wp-block-paragraph\">A seguir listamos <strong>4 passos ap\u00f3s o ciclo<\/strong> que ajudam a reduzir a umidade retida dentro da lavadora:<\/p>\n\n\n\n<ul class=\"wp-block-list myth-bullet-list\">\n<li><strong>Retire as roupas: <\/strong>n\u00e3o deixe pe\u00e7as molhadas esperando dentro do tambor.<\/li>\n\n\n\n<li><strong>Ventile o interior: <\/strong>deixe porta ou tampa abertas quando o fabricante permitir.<\/li>\n\n\n\n<li><strong>Abra a gaveta: <\/strong>o dispenser tamb\u00e9m precisa perder a umidade acumulada.<\/li>\n\n\n\n<li><strong>Feche quando secar: <\/strong>use o estado do interior e o manual como refer\u00eancia.<\/li>\n<\/ul>\n\n\n\n<p class=\"wp-block-paragraph\"><strong>Leia tamb\u00e9m: <a href=\"https:\/\/www.em.com.br\/emfoco\/2026\/09\/04\/misturar-bicarbonato-com-agua-como-essa-pasta-ajuda-a-soltar-a-sujeira-grudada-dentro-do-forno\/\" target=\"_blank\" rel=\"noreferrer noopener\">Misturar bicarbonato com \u00e1gua: como essa pasta ajuda a soltar a sujeira grudada dentro do forno<\/a><\/strong><\/p>\n\n\n<div class=\"wp-block-image\">\n<figure class=\"aligncenter size-large\"><img decoding=\"async\" width=\"1024\" height=\"576\" src=\"https:\/\/www.em.com.br\/emfoco\/wp-content\/uploads\/2026\/09\/1234-1-1024x576.jpg\" alt=\"\" class=\"wp-image-262558\" srcset=\"https:\/\/www.em.com.br\/emfoco\/wp-content\/uploads\/2026\/09\/1234-1-1024x576.jpg 1024w, https:\/\/www.em.com.br\/emfoco\/wp-content\/uploads\/2026\/09\/1234-1-300x169.jpg 300w, https:\/\/www.em.com.br\/emfoco\/wp-content\/uploads\/2026\/09\/1234-1-768x432.jpg 768w, https:\/\/www.em.com.br\/emfoco\/wp-content\/uploads\/2026\/09\/1234-1-750x421.jpg 750w, https:\/\/www.em.com.br\/emfoco\/wp-content\/uploads\/2026\/09\/1234-1-1140x641.jpg 1140w, https:\/\/www.em.com.br\/emfoco\/wp-content\/uploads\/2026\/09\/1234-1.jpg 1280w\" sizes=\"(max-width: 1024px) 100vw, 1024px\" \/><figcaption class=\"wp-element-caption\">Borrachas e outras \u00e1reas escondidas tamb\u00e9m podem permanecer molhadas mesmo quando o ciclo j\u00e1 terminou<\/figcaption><\/figure>\n<\/div>\n\n\n<h2 class=\"wp-block-heading\">Por que a gaveta de sab\u00e3o tamb\u00e9m deve receber ventila\u00e7\u00e3o?<\/h2>\n\n\n\n<p class=\"wp-block-paragraph\">O dispenser recebe \u00e1gua durante v\u00e1rios ciclos e pode guardar <strong>gotas e restos de detergente<\/strong> em cantos internos. Mant\u00ea-lo fechado reduz a troca de ar. A LG inclui a gaveta na ventila\u00e7\u00e3o porque secar apenas o tambor n\u00e3o elimina a umidade acumulada nas demais \u00e1reas da m\u00e1quina.<\/p>\n\n\n\n<p class=\"wp-block-paragraph\">A limpeza peri\u00f3dica tamb\u00e9m importa. Res\u00edduos de sab\u00e3o e amaciante podem se acumular e exigir remo\u00e7\u00e3o conforme o manual. Ventilar ajuda a secar, mas n\u00e3o substitui <strong>lavagem do dispenser e manuten\u00e7\u00e3o do equipamento<\/strong>. Cada modelo pode ter pe\u00e7as remov\u00edveis, ciclos de limpeza e produtos permitidos diferentes.<\/p>\n\n\n\n<p class=\"myth-html-bridge wp-block-paragraph\">A seguir listamos <strong>3 \u00e1reas que ret\u00eam umidade<\/strong> e merecem aten\u00e7\u00e3o para que a secagem n\u00e3o fique limitada apenas ao centro do tambor:<\/p>\n\n\n\n<div class=\"emf-data-table google-auto-ads-ignore\">\n  <style>\n    .emf-data-table {\n      --emf-navy:#00245a;\n      --emf-navy-soft:#0b3b70;\n      --emf-ink:#1d2731;\n      --emf-muted:#66727e;\n      --emf-line:#d7dde5;\n      --emf-wash:#f4f6f8;\n      box-sizing:border-box!important;\n      inline-size:min(1100px,100%)!important;\n      max-inline-size:100%!important;\n      margin-inline:auto!important;\n      overflow:hidden!important;\n      color:var(--emf-ink);\n      background:#fff;\n      border:1px solid var(--emf-line);\n      border-radius:6px!important;\n      box-shadow:0 8px 24px rgba(0,36,90,.08);\n      font-family:Arial,Helvetica,sans-serif;\n    }\n\n    .emf-data-table *,\n    .emf-data-table *::before,\n    .emf-data-table *::after {\n      box-sizing:border-box!important;\n    }\n\n    .emf-data-table-brand {\n      display:flex;\n      align-items:center;\n      gap:13px;\n      min-block-size:72px;\n      padding:10px 17px;\n      color:#fff;\n      background:linear-gradient(105deg,var(--emf-navy) 0%,var(--emf-navy-soft) 100%);\n      border-block-end:4px solid #c5ced8;\n    }\n\n    .emf-data-table-logo {\n      display:grid;\n      place-items:center;\n      inline-size:52px;\n      block-size:52px;\n      flex:0 0 52px;\n      background:rgba(255,255,255,.08);\n      border:1px solid rgba(255,255,255,.35);\n      border-radius:3px!important;\n    }\n\n    .emf-data-table-logo img {\n      display:block;\n      inline-size:41px;\n      block-size:41px;\n      max-inline-size:41px;\n      max-block-size:41px;\n      object-fit:contain;\n    }\n\n    .emf-data-table-kicker {\n      margin:0 0 2px;\n      font-size:10px;\n      font-weight:700;\n      letter-spacing:.16em;\n      line-height:1.2;\n      text-transform:uppercase;\n      opacity:.78;\n    }\n\n    .emf-data-table-title {\n      margin:0;\n      font-family:Georgia,\"Times New Roman\",serif;\n      font-size:21px;\n      font-weight:700;\n      line-height:1.2;\n    }\n\n    .emf-data-table-scroll {\n      display:block!important;\n      inline-size:100%!important;\n      max-inline-size:100%!important;\n      overflow-x:auto!important;\n      overflow-y:hidden!important;\n      -webkit-overflow-scrolling:touch;\n      overscroll-behavior-inline:contain;\n      scrollbar-width:thin;\n      scrollbar-color:#8798aa #edf1f5;\n    }\n\n    .emf-data-table-scroll:focus-visible {\n      outline:3px solid rgba(0,36,90,.35);\n      outline-offset:-3px;\n    }\n\n    .emf-data-table table {\n      display:table!important;\n      inline-size:100%!important;\n      min-inline-size:680px!important;\n      max-inline-size:none!important;\n      margin:0!important;\n      border:0!important;\n      border-collapse:separate!important;\n      border-spacing:0!important;\n      table-layout:auto!important;\n      background:#fff!important;\n    }\n\n    .emf-data-table caption {\n      position:absolute!important;\n      inline-size:1px!important;\n      block-size:1px!important;\n      padding:0!important;\n      margin:-1px!important;\n      overflow:hidden!important;\n      clip:rect(0,0,0,0)!important;\n      white-space:nowrap!important;\n      border:0!important;\n    }\n\n    .emf-data-table thead {\n      display:table-header-group!important;\n    }\n\n    .emf-data-table tbody {\n      display:table-row-group!important;\n    }\n\n    .emf-data-table tr {\n      display:table-row!important;\n    }\n\n    .emf-data-table th,\n    .emf-data-table td {\n      display:table-cell!important;\n      float:none!important;\n      inline-size:auto!important;\n      max-inline-size:none!important;\n      margin:0!important;\n      border-radius:0!important;\n      text-align:left!important;\n      vertical-align:middle!important;\n    }\n\n    .emf-data-table th {\n      padding:14px 17px!important;\n      color:#fff!important;\n      background:var(--emf-navy)!important;\n      border-block-end:1px solid rgba(255,255,255,.22)!important;\n      border-inline-end:1px solid rgba(255,255,255,.12)!important;\n      font-family:Georgia,\"Times New Roman\",serif;\n      font-size:14px!important;\n      font-weight:700!important;\n      line-height:1.35!important;\n      white-space:nowrap!important;\n    }\n\n    .emf-data-table th:last-child {\n      border-inline-end:0!important;\n    }\n\n    .emf-data-table td {\n      padding:14px 17px!important;\n      color:#43515e!important;\n      background:#fff!important;\n      border-block-end:1px solid var(--emf-line)!important;\n      font-size:14px!important;\n      font-weight:400!important;\n      line-height:1.5!important;\n      overflow-wrap:anywhere;\n    }\n\n    .emf-data-table tbody tr:nth-child(even) td {\n      background:var(--emf-wash)!important;\n    }\n\n    .emf-data-table tbody tr:hover td {\n      background:#eaf0f5!important;\n    }\n\n    .emf-data-table tbody tr:last-child td {\n      border-block-end:0!important;\n    }\n\n    .emf-data-table td:first-child {\n      color:var(--emf-navy)!important;\n      font-weight:700!important;\n    }\n\n    @media(max-width:560px) {\n      .emf-data-table-brand {\n        min-block-size:68px;\n        padding:9px 13px;\n      }\n\n      .emf-data-table-title {\n        font-size:19px;\n      }\n\n      .emf-data-table-scroll {\n        overflow:visible!important;\n      }\n\n      .emf-data-table table,\n      .emf-data-table thead,\n      .emf-data-table tbody,\n      .emf-data-table tr,\n      .emf-data-table th,\n      .emf-data-table td {\n        display:block!important;\n        inline-size:100%!important;\n        min-inline-size:0!important;\n        max-inline-size:100%!important;\n      }\n\n      .emf-data-table table {\n        padding:13px!important;\n      }\n\n      .emf-data-table thead {\n        position:absolute!important;\n        inline-size:1px!important;\n        block-size:1px!important;\n        padding:0!important;\n        margin:-1px!important;\n        overflow:hidden!important;\n        clip:rect(0,0,0,0)!important;\n        white-space:nowrap!important;\n      }\n\n      .emf-data-table tbody {\n        display:grid!important;\n        gap:11px;\n      }\n\n      .emf-data-table tr {\n        overflow:hidden!important;\n        background:#fff!important;\n        border:1px solid var(--emf-line)!important;\n        border-block-start:4px solid var(--emf-navy)!important;\n        border-radius:4px!important;\n        box-shadow:0 4px 12px rgba(0,36,90,.06);\n      }\n\n      .emf-data-table td,\n      .emf-data-table tbody tr:nth-child(even) td,\n      .emf-data-table tbody tr:hover td {\n        display:grid!important;\n        grid-template-columns:minmax(105px,38%) minmax(0,1fr)!important;\n        align-items:start;\n        gap:11px;\n        padding:11px 12px!important;\n        background:#fff!important;\n        border-block-end:1px solid #e2e7ec!important;\n      }\n\n      .emf-data-table td::before {\n        content:attr(data-label);\n        color:var(--emf-muted);\n        font-size:10px;\n        font-weight:700;\n        letter-spacing:.06em;\n        line-height:1.35;\n        text-transform:uppercase;\n      }\n\n      .emf-data-table td:first-child {\n        color:var(--emf-navy)!important;\n        background:#edf1f5!important;\n      }\n\n      .emf-data-table td:last-child {\n        border-block-end:0!important;\n      }\n    }\n  <\/style>\n\n  <div class=\"emf-data-table-brand\">\n    <div class=\"emf-data-table-logo\">\n      <img\n        alt=\"Logo EM Foco\"\n        decoding=\"async\"\n        height=\"41\"\n        loading=\"lazy\"\n        referrerpolicy=\"no-referrer\"\n        src=\"https:\/\/www.em.com.br\/emfoco\/wp-content\/uploads\/2026\/08\/em_transparente_3000px-scaled.png\"\n        width=\"41\"\n      >\n    <\/div>\n\n    <div>\n      <div class=\"emf-data-table-kicker\">DADOS EM FOCO<\/div>\n      <div class=\"emf-data-table-title\">O que fazer depois do ciclo<\/div>\n    <\/div>\n  <\/div>\n\n  <div aria-label=\"Tabela com \u00e1rea, a\u00e7\u00e3o e objetivo ap\u00f3s usar a m\u00e1quina de lavar\" class=\"emf-data-table-scroll\" role=\"region\" tabindex=\"0\">\n    <table>\n      <caption>Resumo dos cuidados de ventila\u00e7\u00e3o da m\u00e1quina de lavar ap\u00f3s o ciclo<\/caption>\n      <thead>\n        <tr>\n          <th scope=\"col\">\u00c1rea<\/th>\n          <th scope=\"col\">A\u00e7\u00e3o<\/th>\n          <th scope=\"col\">Objetivo<\/th>\n        <\/tr>\n      <\/thead>\n      <tbody>\n        <tr>\n          <td data-label=\"\u00c1rea\">Tambor<\/td>\n          <td data-label=\"A\u00e7\u00e3o\">Retirar roupa e ventilar<\/td>\n          <td data-label=\"Objetivo\">Reduzir umidade residual<\/td>\n        <\/tr>\n        <tr>\n          <td data-label=\"\u00c1rea\">Porta ou tampa<\/td>\n          <td data-label=\"A\u00e7\u00e3o\">Deixar aberta se o manual permitir<\/td>\n          <td data-label=\"Objetivo\">Favorecer circula\u00e7\u00e3o de ar<\/td>\n        <\/tr>\n        <tr>\n          <td data-label=\"\u00c1rea\">Gaveta de sab\u00e3o<\/td>\n          <td data-label=\"A\u00e7\u00e3o\">Manter aberta durante a secagem<\/td>\n          <td data-label=\"Objetivo\">Evitar umidade presa no dispenser<\/td>\n        <\/tr>\n      <\/tbody>\n    <\/table>\n  <\/div>\n<\/div>\n\n\n\n<h2 class=\"wp-block-heading\">Toda m\u00e1quina precisa ficar aberta entre as lavagens?<\/h2>\n\n\n\n<p class=\"wp-block-paragraph\">Nem sempre da mesma forma. Alguns modelos t\u00eam <strong>ventila\u00e7\u00e3o pr\u00f3pria ou recursos de secagem<\/strong> que mudam a rotina. Por isso, a orienta\u00e7\u00e3o geral deve ser conferida no manual. Fechar imediatamente uma lavadora convencional ainda \u00famida \u00e9 diferente de usar um sistema projetado para secar com a porta fechada.<\/p>\n\n\n\n<p class=\"wp-block-paragraph\">Na maioria das situa\u00e7\u00f5es compat\u00edveis, <strong>retirar a roupa e ventilar a m\u00e1quina<\/strong> \u00e9 um h\u00e1bito simples para reduzir umidade entre ciclos. O ponto n\u00e3o \u00e9 deixar a porta aberta indefinidamente, mas dar tempo para tambor, veda\u00e7\u00e3o e dispenser secarem antes de manter tudo fechado novamente.<\/p>\n","protected":false},"excerpt":{"rendered":"<p>EM FOCO Resumo da mat\u00e9ria 01 Roupa sai primeiro Retirar as pe\u00e7as logo ap\u00f3s o ciclo reduz o tempo em que tecido molhado permanece dentro do tambor fechado. menos umidade 02 Porta e gaveta respiram Em modelos compat\u00edveis, deixar porta e compartimento de detergente abertos favorece ventila\u00e7\u00e3o e secagem entre uma lavagem e outra. mais [&hellip;]<\/p>\n","protected":false},"author":30,"featured_media":262554,"comment_status":"open","ping_status":"open","sticky":false,"template":"","format":"standard","meta":{"jnews-multi-image_gallery":[],"jnews_single_post":{"format":"standard"},"jnews_primary_category":[],"jnews_social_meta":[],"jnews_override_counter":[],"footnotes":""},"categories":[8819],"tags":[13620,2040,4952,2000],"class_list":["post-262457","post","type-post","status-publish","format-standard","has-post-thumbnail","hentry","category-curiosidades","tag-lavadora","tag-lavanderia","tag-roupas","tag-umidade"],"yoast_head":"<!-- This site is optimized with the Yoast SEO plugin v28.3 - https:\/\/yoast.com\/product\/yoast-seo-wordpress\/ -->\n<title>Fechar a m\u00e1quina de lavar logo depois do ciclo pode prender umidade: o que fazer antes de baixar a tampa ou fechar a porta - Estado de Minas - Em foco<\/title>\n<meta name=\"description\" content=\"Fechar a lavadora logo ap\u00f3s o ciclo pode prender umidade. Porta, tambor e gaveta de sab\u00e3o precisam de aten\u00e7\u00e3o antes de tudo ser fechado.\" \/>\n<meta name=\"robots\" content=\"index, follow, max-snippet:-1, max-image-preview:large, max-video-preview:-1\" \/>\n<link rel=\"canonical\" href=\"https:\/\/www.em.com.br\/emfoco\/2026\/09\/05\/fechar-a-maquina-de-lavar-logo-depois-do-ciclo-pode-prender-umidade-o-que-fazer-antes-de-baixar-a-tampa-ou-fechar-a-porta\/\" \/>\n<meta property=\"og:locale\" content=\"pt_BR\" \/>\n<meta property=\"og:type\" content=\"article\" \/>\n<meta property=\"og:title\" content=\"Fechar a m\u00e1quina de lavar logo depois do ciclo pode prender umidade: o que fazer antes de baixar a tampa ou fechar a porta - Estado de Minas - Em foco\" \/>\n<meta property=\"og:description\" content=\"Fechar a lavadora logo ap\u00f3s o ciclo pode prender umidade. Porta, tambor e gaveta de sab\u00e3o precisam de aten\u00e7\u00e3o antes de tudo ser fechado.\" \/>\n<meta property=\"og:url\" content=\"https:\/\/www.em.com.br\/emfoco\/2026\/09\/05\/fechar-a-maquina-de-lavar-logo-depois-do-ciclo-pode-prender-umidade-o-que-fazer-antes-de-baixar-a-tampa-ou-fechar-a-porta\/\" \/>\n<meta property=\"og:site_name\" content=\"Estado de Minas - Em foco\" \/>\n<meta property=\"article:published_time\" content=\"2026-09-05T13:37:00+00:00\" \/>\n<meta property=\"og:image\" content=\"https:\/\/www.em.com.br\/emfoco\/wp-content\/uploads\/2026\/09\/lavanddar.jpg\" \/>\n\t<meta property=\"og:image:width\" content=\"1280\" \/>\n\t<meta property=\"og:image:height\" content=\"720\" \/>\n\t<meta property=\"og:image:type\" content=\"image\/jpeg\" \/>\n<meta name=\"author\" content=\"Guilherme Ara\u00fajo\" \/>\n<meta name=\"twitter:card\" content=\"summary_large_image\" \/>\n<meta name=\"twitter:label1\" content=\"Escrito por\" \/>\n\t<meta name=\"twitter:data1\" content=\"Guilherme Ara\u00fajo\" \/>\n\t<meta name=\"twitter:label2\" content=\"Est. tempo de leitura\" \/>\n\t<meta name=\"twitter:data2\" content=\"6 minutos\" \/>\n<!-- \/ Yoast SEO plugin. -->","yoast_head_json":{"title":"Fechar a m\u00e1quina de lavar logo depois do ciclo pode prender umidade: o que fazer antes de baixar a tampa ou fechar a porta - Estado de Minas - Em foco","description":"Fechar a lavadora logo ap\u00f3s o ciclo pode prender umidade. Porta, tambor e gaveta de sab\u00e3o precisam de aten\u00e7\u00e3o antes de tudo ser fechado.","robots":{"index":"index","follow":"follow","max-snippet":"max-snippet:-1","max-image-preview":"max-image-preview:large","max-video-preview":"max-video-preview:-1"},"canonical":"https:\/\/www.em.com.br\/emfoco\/2026\/09\/05\/fechar-a-maquina-de-lavar-logo-depois-do-ciclo-pode-prender-umidade-o-que-fazer-antes-de-baixar-a-tampa-ou-fechar-a-porta\/","og_locale":"pt_BR","og_type":"article","og_title":"Fechar a m\u00e1quina de lavar logo depois do ciclo pode prender umidade: o que fazer antes de baixar a tampa ou fechar a porta - Estado de Minas - Em foco","og_description":"Fechar a lavadora logo ap\u00f3s o ciclo pode prender umidade. Porta, tambor e gaveta de sab\u00e3o precisam de aten\u00e7\u00e3o antes de tudo ser fechado.","og_url":"https:\/\/www.em.com.br\/emfoco\/2026\/09\/05\/fechar-a-maquina-de-lavar-logo-depois-do-ciclo-pode-prender-umidade-o-que-fazer-antes-de-baixar-a-tampa-ou-fechar-a-porta\/","og_site_name":"Estado de Minas - Em foco","article_published_time":"2026-09-05T13:37:00+00:00","og_image":[{"width":1280,"height":720,"url":"https:\/\/www.em.com.br\/emfoco\/wp-content\/uploads\/2026\/09\/lavanddar.jpg","type":"image\/jpeg"}],"author":"Guilherme Ara\u00fajo","twitter_card":"summary_large_image","twitter_misc":{"Escrito por":"Guilherme Ara\u00fajo","Est. tempo de leitura":"6 minutos"},"schema":{"@context":"https:\/\/schema.org","@graph":[{"@type":"Article","@id":"https:\/\/www.em.com.br\/emfoco\/2026\/09\/05\/fechar-a-maquina-de-lavar-logo-depois-do-ciclo-pode-prender-umidade-o-que-fazer-antes-de-baixar-a-tampa-ou-fechar-a-porta\/#article","isPartOf":{"@id":"https:\/\/www.em.com.br\/emfoco\/2026\/09\/05\/fechar-a-maquina-de-lavar-logo-depois-do-ciclo-pode-prender-umidade-o-que-fazer-antes-de-baixar-a-tampa-ou-fechar-a-porta\/"},"author":{"name":"Guilherme Ara\u00fajo","@id":"https:\/\/www.em.com.br\/emfoco\/#\/schema\/person\/5379e929a4b966c775d121e23f9bb421"},"headline":"Fechar a m\u00e1quina de lavar logo depois do ciclo pode prender umidade: o que fazer antes de baixar a tampa ou fechar a porta","datePublished":"2026-09-05T13:37:00+00:00","mainEntityOfPage":{"@id":"https:\/\/www.em.com.br\/emfoco\/2026\/09\/05\/fechar-a-maquina-de-lavar-logo-depois-do-ciclo-pode-prender-umidade-o-que-fazer-antes-de-baixar-a-tampa-ou-fechar-a-porta\/"},"wordCount":912,"commentCount":0,"image":{"@id":"https:\/\/www.em.com.br\/emfoco\/2026\/09\/05\/fechar-a-maquina-de-lavar-logo-depois-do-ciclo-pode-prender-umidade-o-que-fazer-antes-de-baixar-a-tampa-ou-fechar-a-porta\/#primaryimage"},"thumbnailUrl":"https:\/\/www.em.com.br\/emfoco\/wp-content\/uploads\/2026\/09\/lavanddar.jpg","keywords":["lavadora","lavanderia","Roupas","umidade"],"articleSection":["Curiosidades"],"inLanguage":"pt-BR","potentialAction":[{"@type":"CommentAction","name":"Comment","target":["https:\/\/www.em.com.br\/emfoco\/2026\/09\/05\/fechar-a-maquina-de-lavar-logo-depois-do-ciclo-pode-prender-umidade-o-que-fazer-antes-de-baixar-a-tampa-ou-fechar-a-porta\/#respond"]}]},{"@type":"WebPage","@id":"https:\/\/www.em.com.br\/emfoco\/2026\/09\/05\/fechar-a-maquina-de-lavar-logo-depois-do-ciclo-pode-prender-umidade-o-que-fazer-antes-de-baixar-a-tampa-ou-fechar-a-porta\/","url":"https:\/\/www.em.com.br\/emfoco\/2026\/09\/05\/fechar-a-maquina-de-lavar-logo-depois-do-ciclo-pode-prender-umidade-o-que-fazer-antes-de-baixar-a-tampa-ou-fechar-a-porta\/","name":"Fechar a m\u00e1quina de lavar logo depois do ciclo pode prender umidade: o que fazer antes de baixar a tampa ou fechar a porta - Estado de Minas - Em foco","isPartOf":{"@id":"https:\/\/www.em.com.br\/emfoco\/#website"},"primaryImageOfPage":{"@id":"https:\/\/www.em.com.br\/emfoco\/2026\/09\/05\/fechar-a-maquina-de-lavar-logo-depois-do-ciclo-pode-prender-umidade-o-que-fazer-antes-de-baixar-a-tampa-ou-fechar-a-porta\/#primaryimage"},"image":{"@id":"https:\/\/www.em.com.br\/emfoco\/2026\/09\/05\/fechar-a-maquina-de-lavar-logo-depois-do-ciclo-pode-prender-umidade-o-que-fazer-antes-de-baixar-a-tampa-ou-fechar-a-porta\/#primaryimage"},"thumbnailUrl":"https:\/\/www.em.com.br\/emfoco\/wp-content\/uploads\/2026\/09\/lavanddar.jpg","datePublished":"2026-09-05T13:37:00+00:00","author":{"@id":"https:\/\/www.em.com.br\/emfoco\/#\/schema\/person\/5379e929a4b966c775d121e23f9bb421"},"description":"Fechar a lavadora logo ap\u00f3s o ciclo pode prender umidade. Porta, tambor e gaveta de sab\u00e3o precisam de aten\u00e7\u00e3o antes de tudo ser fechado.","breadcrumb":{"@id":"https:\/\/www.em.com.br\/emfoco\/2026\/09\/05\/fechar-a-maquina-de-lavar-logo-depois-do-ciclo-pode-prender-umidade-o-que-fazer-antes-de-baixar-a-tampa-ou-fechar-a-porta\/#breadcrumb"},"inLanguage":"pt-BR","potentialAction":[{"@type":"ReadAction","target":["https:\/\/www.em.com.br\/emfoco\/2026\/09\/05\/fechar-a-maquina-de-lavar-logo-depois-do-ciclo-pode-prender-umidade-o-que-fazer-antes-de-baixar-a-tampa-ou-fechar-a-porta\/"]}]},{"@type":"ImageObject","inLanguage":"pt-BR","@id":"https:\/\/www.em.com.br\/emfoco\/2026\/09\/05\/fechar-a-maquina-de-lavar-logo-depois-do-ciclo-pode-prender-umidade-o-que-fazer-antes-de-baixar-a-tampa-ou-fechar-a-porta\/#primaryimage","url":"https:\/\/www.em.com.br\/emfoco\/wp-content\/uploads\/2026\/09\/lavanddar.jpg","contentUrl":"https:\/\/www.em.com.br\/emfoco\/wp-content\/uploads\/2026\/09\/lavanddar.jpg","width":1280,"height":720,"caption":"A \u00e1gua que permanece no interior precisa de tempo e circula\u00e7\u00e3o de ar para evaporar com mais facilidade"},{"@type":"BreadcrumbList","@id":"https:\/\/www.em.com.br\/emfoco\/2026\/09\/05\/fechar-a-maquina-de-lavar-logo-depois-do-ciclo-pode-prender-umidade-o-que-fazer-antes-de-baixar-a-tampa-ou-fechar-a-porta\/#breadcrumb","itemListElement":[{"@type":"ListItem","position":1,"name":"In\u00edcio","item":"https:\/\/www.em.com.br\/emfoco\/"},{"@type":"ListItem","position":2,"name":"Fechar a m\u00e1quina de lavar logo depois do ciclo pode prender umidade: o que fazer antes de baixar a tampa ou fechar a porta"}]},{"@type":"WebSite","@id":"https:\/\/www.em.com.br\/emfoco\/#website","url":"https:\/\/www.em.com.br\/emfoco\/","name":"Estado de Minas - Em foco","description":"Acompanhe as \u00faltimas not\u00edcias e fique bem informado sobre tudo o que acontece em Minas Gerais, Brasil e no mundo.","potentialAction":[{"@type":"SearchAction","target":{"@type":"EntryPoint","urlTemplate":"https:\/\/www.em.com.br\/emfoco\/?s={search_term_string}"},"query-input":{"@type":"PropertyValueSpecification","valueRequired":true,"valueName":"search_term_string"}}],"inLanguage":"pt-BR"},{"@type":"Person","@id":"https:\/\/www.em.com.br\/emfoco\/#\/schema\/person\/5379e929a4b966c775d121e23f9bb421","name":"Guilherme Ara\u00fajo","image":{"@type":"ImageObject","inLanguage":"pt-BR","@id":"https:\/\/secure.gravatar.com\/avatar\/063bc96e5a2afd1844386c45bd1360efc771eff011a9fab8cd399e2a104c3ecd?s=96&d=mm&r=g","url":"https:\/\/secure.gravatar.com\/avatar\/063bc96e5a2afd1844386c45bd1360efc771eff011a9fab8cd399e2a104c3ecd?s=96&d=mm&r=g","contentUrl":"https:\/\/secure.gravatar.com\/avatar\/063bc96e5a2afd1844386c45bd1360efc771eff011a9fab8cd399e2a104c3ecd?s=96&d=mm&r=g","caption":"Guilherme Ara\u00fajo"},"sameAs":["https:\/\/www.em.com.br\/emfoco"],"url":"https:\/\/www.em.com.br\/emfoco\/author\/guilhermeamyth\/"}]}},"_links":{"self":[{"href":"https:\/\/www.em.com.br\/emfoco\/wp-json\/wp\/v2\/posts\/262457","targetHints":{"allow":["GET"]}}],"collection":[{"href":"https:\/\/www.em.com.br\/emfoco\/wp-json\/wp\/v2\/posts"}],"about":[{"href":"https:\/\/www.em.com.br\/emfoco\/wp-json\/wp\/v2\/types\/post"}],"author":[{"embeddable":true,"href":"https:\/\/www.em.com.br\/emfoco\/wp-json\/wp\/v2\/users\/30"}],"replies":[{"embeddable":true,"href":"https:\/\/www.em.com.br\/emfoco\/wp-json\/wp\/v2\/comments?post=262457"}],"version-history":[{"count":4,"href":"https:\/\/www.em.com.br\/emfoco\/wp-json\/wp\/v2\/posts\/262457\/revisions"}],"predecessor-version":[{"id":262581,"href":"https:\/\/www.em.com.br\/emfoco\/wp-json\/wp\/v2\/posts\/262457\/revisions\/262581"}],"wp:featuredmedia":[{"embeddable":true,"href":"https:\/\/www.em.com.br\/emfoco\/wp-json\/wp\/v2\/media\/262554"}],"wp:attachment":[{"href":"https:\/\/www.em.com.br\/emfoco\/wp-json\/wp\/v2\/media?parent=262457"}],"wp:term":[{"taxonomy":"category","embeddable":true,"href":"https:\/\/www.em.com.br\/emfoco\/wp-json\/wp\/v2\/categories?post=262457"},{"taxonomy":"post_tag","embeddable":true,"href":"https:\/\/www.em.com.br\/emfoco\/wp-json\/wp\/v2\/tags?post=262457"}],"curies":[{"name":"wp","href":"https:\/\/api.w.org\/{rel}","templated":true}]}}