{"id":262456,"date":"2026-09-05T09:07:00","date_gmt":"2026-09-05T12:07:00","guid":{"rendered":"https:\/\/www.em.com.br\/emfoco\/?p=262456"},"modified":"2026-09-04T20:19:14","modified_gmt":"2026-09-04T23:19:14","slug":"nao-lave-panos-de-microfibra-com-amaciante-o-produto-pode-cobrir-as-fibras-e-diminuir-o-poder-de-limpeza","status":"publish","type":"post","link":"https:\/\/www.em.com.br\/emfoco\/2026\/09\/05\/nao-lave-panos-de-microfibra-com-amaciante-o-produto-pode-cobrir-as-fibras-e-diminuir-o-poder-de-limpeza\/","title":{"rendered":"O que voc\u00ea coloca na lavagem pode estar estragando seus panos de microfibra sem perceber"},"content":{"rendered":"\n<div class=\"emf-summary google-auto-ads-ignore\">\n  <style>\n    .emf-summary {\n      --emf-navy:#00245a;\n      --emf-navy-soft:#0b3b70;\n      --emf-ink:#1d2731;\n      --emf-muted:#66727e;\n      --emf-line:#d7dde5;\n      --emf-paper:#ffffff;\n      --emf-wash:#f4f6f8;\n      box-sizing:border-box!important;\n      inline-size:min(1100px,100%)!important;\n      max-inline-size:100%!important;\n      margin-inline:auto!important;\n      overflow:hidden!important;\n      color:var(--emf-ink);\n      background:var(--emf-paper);\n      border:1px solid var(--emf-line);\n      border-block-start:5px solid var(--emf-navy);\n      border-radius:6px!important;\n      box-shadow:0 8px 24px rgba(0,36,90,.08);\n      font-family:Arial,Helvetica,sans-serif;\n    }\n\n    .emf-summary *,\n    .emf-summary *::before,\n    .emf-summary *::after {\n      box-sizing:border-box!important;\n    }\n\n    .emf-summary-brand {\n      display:flex;\n      align-items:center;\n      gap:14px;\n      padding:16px 20px;\n      color:#fff;\n      background:linear-gradient(105deg,var(--emf-navy) 0%,var(--emf-navy-soft) 100%);\n      border-block-end:1px solid rgba(255,255,255,.18);\n    }\n\n    .emf-summary-logo {\n      display:grid;\n      place-items:center;\n      inline-size:58px;\n      block-size:58px;\n      flex:0 0 58px;\n      background:rgba(255,255,255,.08);\n      border:1px solid rgba(255,255,255,.35);\n      border-radius:3px!important;\n    }\n\n    .emf-summary-logo img {\n      display:block;\n      inline-size:46px;\n      block-size:46px;\n      max-inline-size:46px;\n      max-block-size:46px;\n      object-fit:contain;\n    }\n\n    .emf-summary-eyebrow {\n      margin:0 0 3px;\n      font-size:11px;\n      font-weight:700;\n      letter-spacing:.18em;\n      line-height:1.2;\n      text-transform:uppercase;\n      opacity:.78;\n    }\n\n    .emf-summary-title {\n      margin:0;\n      font-family:Georgia,\"Times New Roman\",serif;\n      font-size:25px;\n      font-weight:700;\n      line-height:1.15;\n    }\n\n    .emf-summary-grid {\n      display:grid;\n      grid-template-columns:repeat(3,minmax(0,1fr));\n      gap:0;\n      background:var(--emf-wash);\n    }\n\n    .emf-summary-card {\n      position:relative;\n      min-block-size:190px;\n      padding:24px 20px 20px;\n      overflow:hidden!important;\n      background:#fff;\n      border-inline-end:1px solid var(--emf-line);\n    }\n\n    .emf-summary-card:last-child {\n      border-inline-end:0;\n    }\n\n    .emf-summary-number {\n      position:absolute;\n      inset-block-start:13px;\n      inset-inline-end:15px;\n      color:rgba(0,36,90,.10);\n      font-family:Georgia,\"Times New Roman\",serif;\n      font-size:46px;\n      font-weight:700;\n      line-height:1;\n      pointer-events:none;\n    }\n\n    .emf-summary-card-title {\n      position:relative;\n      z-index:1;\n      margin:0 0 11px;\n      padding-block-end:10px;\n      color:var(--emf-navy);\n      border-block-end:2px solid var(--emf-navy);\n      font-family:Georgia,\"Times New Roman\",serif;\n      font-size:18px;\n      font-weight:700;\n      line-height:1.3;\n      overflow-wrap:anywhere;\n    }\n\n    .emf-summary-card-text {\n      position:relative;\n      z-index:1;\n      color:#485560;\n      font-size:13px;\n      line-height:1.6;\n      overflow-wrap:anywhere;\n    }\n\n    .emf-summary-card-meta {\n      position:relative;\n      z-index:1;\n      display:inline-flex;\n      margin-block-start:16px;\n      padding:5px 8px;\n      color:var(--emf-navy);\n      background:#edf1f5;\n      border:1px solid #d9e0e7;\n      border-radius:2px!important;\n      font-size:10px;\n      font-weight:700;\n      letter-spacing:.08em;\n      line-height:1.2;\n      text-transform:uppercase;\n    }\n\n    @media(max-width:760px) {\n      .emf-summary-grid {\n        grid-template-columns:1fr;\n      }\n\n      .emf-summary-card {\n        min-block-size:0;\n        border-inline-end:0;\n        border-block-end:1px solid var(--emf-line);\n      }\n\n      .emf-summary-card:last-child {\n        border-block-end:0;\n      }\n    }\n\n    @media(max-width:480px) {\n      .emf-summary-brand {\n        padding:14px 15px;\n      }\n\n      .emf-summary-logo {\n        inline-size:52px;\n        block-size:52px;\n        flex-basis:52px;\n      }\n\n      .emf-summary-logo img {\n        inline-size:41px;\n        block-size:41px;\n        max-inline-size:41px;\n        max-block-size:41px;\n      }\n\n      .emf-summary-title {\n        font-size:22px;\n      }\n\n      .emf-summary-card {\n        padding:21px 16px 18px;\n      }\n    }\n  <\/style>\n\n  <div class=\"emf-summary-brand\">\n    <div class=\"emf-summary-logo\">\n      <img\n        alt=\"Logo EM Foco\"\n        decoding=\"async\"\n        fetchpriority=\"high\"\n        height=\"46\"\n        loading=\"eager\"\n        referrerpolicy=\"no-referrer\"\n        src=\"https:\/\/www.em.com.br\/emfoco\/wp-content\/uploads\/2026\/08\/em_transparente_3000px-scaled.png\"\n        width=\"46\"\n      >\n    <\/div>\n\n    <div>\n      <div class=\"emf-summary-eyebrow\">EM FOCO<\/div>\n      <div class=\"emf-summary-title\">Resumo da mat\u00e9ria<\/div>\n    <\/div>\n  <\/div>\n\n  <div class=\"emf-summary-grid\">\n    <div class=\"emf-summary-card\">\n      <span aria-hidden=\"true\" class=\"emf-summary-number\">01<\/span>\n      <div aria-level=\"3\" class=\"emf-summary-card-title\" role=\"heading\">\n        Amaciante deixa camada\n      <\/div>\n      <div class=\"emf-summary-card-text\">\n        Fabricantes alertam que o produto pode revestir as fibras sint\u00e9ticas e reduzir a capacidade do pano de agarrar sujeira e umidade.\n      <\/div>\n      <div class=\"emf-summary-card-meta\">\n        menos desempenho\n      <\/div>\n    <\/div>\n    <div class=\"emf-summary-card\">\n      <span aria-hidden=\"true\" class=\"emf-summary-number\">02<\/span>\n      <div aria-level=\"3\" class=\"emf-summary-card-title\" role=\"heading\">\n        Sab\u00e3o pede dosagem\n      <\/div>\n      <div class=\"emf-summary-card-text\">\n        A recomenda\u00e7\u00e3o \u00e9 usar detergente adequado na quantidade indicada pelo r\u00f3tulo, sem aumentar a dose para tentar limpar melhor.\n      <\/div>\n      <div class=\"emf-summary-card-meta\">\n        quantidade certa\n      <\/div>\n    <\/div>\n    <div class=\"emf-summary-card\">\n      <span aria-hidden=\"true\" class=\"emf-summary-number\">03<\/span>\n      <div aria-level=\"3\" class=\"emf-summary-card-title\" role=\"heading\">\n        Etiqueta ainda manda\n      <\/div>\n      <div class=\"emf-summary-card-text\">\n        Temperatura, ciclo e secagem podem variar entre panos, por isso as instru\u00e7\u00f5es do fabricante devem ser conferidas antes da lavagem.\n      <\/div>\n      <div class=\"emf-summary-card-meta\">\n        cuidado espec\u00edfico\n      <\/div>\n    <\/div>\n  <\/div>\n<\/div>\n\n\n\n<p class=\"wp-block-paragraph\">Panos de <strong>microfibra com amaciante<\/strong> podem absorver menos \u00e1gua e recolher menos sujeira, porque o produto pode deixar uma camada sobre os fios finos. A Whirlpool orienta evitar amaciante e detergentes perfumados, usar a dose correta de sab\u00e3o e conferir a etiqueta antes da lavagem para preservar o desempenho.<\/p>\n\n\n\n<h2 class=\"wp-block-heading\">Por que o amaciante atrapalha o pano de microfibra?<\/h2>\n\n\n\n<p class=\"wp-block-paragraph\">A <a href=\"https:\/\/pt.wikipedia.org\/wiki\/Microfibra\" target=\"_blank\" rel=\"noopener noreferrer\"><strong>microfibra<\/strong><\/a> \u00e9 formada por fios sint\u00e9ticos muito finos capazes de reter poeira, l\u00edquidos e part\u00edculas. Quando uma subst\u00e2ncia deixa pel\u00edcula sobre esses fios, parte da superf\u00edcie que normalmente entra em contato com a sujeira pode ficar menos dispon\u00edvel.<\/p>\n\n\n\n<p class=\"wp-block-paragraph\">A Whirlpool orienta evitar <strong>amaciante e detergentes perfumados<\/strong> porque essas f\u00f3rmulas podem revestir as fibras e reduzir o desempenho de limpeza. Isso ajuda a explicar por que um pano aparentemente macio e limpo pode come\u00e7ar a absorver menos ou apenas empurrar sujeira sobre a superf\u00edcie.<\/p>\n\n\n<div class=\"wp-block-image\">\n<figure class=\"aligncenter size-large\"><img decoding=\"async\" width=\"1024\" height=\"576\" src=\"https:\/\/www.em.com.br\/emfoco\/wp-content\/uploads\/2026\/09\/lavandaria-1024x576.jpg\" alt=\"\" class=\"wp-image-262546\" srcset=\"https:\/\/www.em.com.br\/emfoco\/wp-content\/uploads\/2026\/09\/lavandaria-1024x576.jpg 1024w, https:\/\/www.em.com.br\/emfoco\/wp-content\/uploads\/2026\/09\/lavandaria-300x169.jpg 300w, https:\/\/www.em.com.br\/emfoco\/wp-content\/uploads\/2026\/09\/lavandaria-768x432.jpg 768w, https:\/\/www.em.com.br\/emfoco\/wp-content\/uploads\/2026\/09\/lavandaria-750x421.jpg 750w, https:\/\/www.em.com.br\/emfoco\/wp-content\/uploads\/2026\/09\/lavandaria-1140x641.jpg 1140w, https:\/\/www.em.com.br\/emfoco\/wp-content\/uploads\/2026\/09\/lavandaria.jpg 1280w\" sizes=\"(max-width: 1024px) 100vw, 1024px\" \/><figcaption class=\"wp-element-caption\">Res\u00edduos deixados por alguns produtos podem interferir na capacidade de agarrar poeira e sujeira<\/figcaption><\/figure>\n<\/div>\n\n\n<h2 class=\"wp-block-heading\">Como lavar panos de microfibra sem perder desempenho?<\/h2>\n\n\n\n<p class=\"wp-block-paragraph\">A orienta\u00e7\u00e3o \u00e9 usar <strong>detergente sem fragr\u00e2ncia<\/strong> e respeitar a quantidade indicada no r\u00f3tulo. Panos levemente sujos podem ser lavados em \u00e1gua fria; os usados em sujeira pesada podem aceitar \u00e1gua morna, desde que a etiqueta do produto n\u00e3o estabele\u00e7a outra temperatura ou ciclo.<\/p>\n\n\n\n<p class=\"wp-block-paragraph\">A <a href=\"https:\/\/www.maytag.com\/blog\/washers-and-dryers\/how-to-wash-microfiber-towels-cloths.html\" target=\"_blank\" rel=\"noopener noreferrer\"><strong>Maytag<\/strong><\/a> tamb\u00e9m recomenda lavar microfibra sem amaciante e explica que ele pode cobrir as fibras e torn\u00e1-las menos eficazes na limpeza. A marca orienta ainda separar esses panos de tecidos que soltam fiapos.<\/p>\n\n\n\n<h2 class=\"wp-block-heading\">Por que \u00e9 melhor separar microfibra de toalhas de algod\u00e3o?<\/h2>\n\n\n\n<p class=\"wp-block-paragraph\">A microfibra foi feita justamente para capturar part\u00edculas. Durante a lavagem, isso inclui <strong>fiapos liberados por outros tecidos<\/strong>. Toalhas e roupas de algod\u00e3o podem soltar fibras que ficam presas no pano, diminuindo a superf\u00edcie limpa dispon\u00edvel para o pr\u00f3ximo uso.<\/p>\n\n\n\n<p class=\"wp-block-paragraph\">Separar tamb\u00e9m evita transferir sujeira pesada entre panos com fun\u00e7\u00f5es diferentes. Um tecido usado em gordura pode contaminar outro reservado para vidro ou eletr\u00f4nicos. A Whirlpool recomenda ainda sacudir os panos antes da lavagem para remover <strong>poeira e part\u00edculas soltas<\/strong> que j\u00e1 ficaram presas entre as fibras.<\/p>\n\n\n\n<p class=\"myth-list-bridge wp-block-paragraph\">A seguir listamos <strong>4 cuidados na lavagem<\/strong> que ajudam a preservar a capacidade de limpeza dos panos de microfibra:<\/p>\n\n\n\n<ul class=\"wp-block-list myth-bullet-list\">\n<li><strong>Sem amaciante: <\/strong>evite produtos que possam deixar revestimento sobre os fios.<\/li>\n\n\n\n<li><strong>Sab\u00e3o na medida: <\/strong>siga a dosagem indicada no r\u00f3tulo do detergente.<\/li>\n\n\n\n<li><strong>Lave separadamente: <\/strong>reduza a transfer\u00eancia de fiapos de algod\u00e3o e outros tecidos.<\/li>\n\n\n\n<li><strong>Confira a etiqueta: <\/strong>temperatura, ciclo e secagem podem variar conforme o fabricante.<\/li>\n<\/ul>\n\n\n\n<p class=\"wp-block-paragraph\"><strong>Leia tamb\u00e9m: <a href=\"https:\/\/www.em.com.br\/emfoco\/2026\/09\/04\/misturar-bicarbonato-com-agua-como-essa-pasta-ajuda-a-soltar-a-sujeira-grudada-dentro-do-forno\/\" target=\"_blank\" rel=\"noreferrer noopener\">Misturar bicarbonato com \u00e1gua: como essa pasta ajuda a soltar a sujeira grudada dentro do forno<\/a><\/strong><\/p>\n\n\n<div class=\"wp-block-image\">\n<figure class=\"aligncenter size-large\"><img decoding=\"async\" width=\"1024\" height=\"576\" src=\"https:\/\/www.em.com.br\/emfoco\/wp-content\/uploads\/2026\/09\/panos-1-1024x576.jpg\" alt=\"\" class=\"wp-image-262551\" srcset=\"https:\/\/www.em.com.br\/emfoco\/wp-content\/uploads\/2026\/09\/panos-1-1024x576.jpg 1024w, https:\/\/www.em.com.br\/emfoco\/wp-content\/uploads\/2026\/09\/panos-1-300x169.jpg 300w, https:\/\/www.em.com.br\/emfoco\/wp-content\/uploads\/2026\/09\/panos-1-768x432.jpg 768w, https:\/\/www.em.com.br\/emfoco\/wp-content\/uploads\/2026\/09\/panos-1-750x421.jpg 750w, https:\/\/www.em.com.br\/emfoco\/wp-content\/uploads\/2026\/09\/panos-1-1140x641.jpg 1140w, https:\/\/www.em.com.br\/emfoco\/wp-content\/uploads\/2026\/09\/panos-1.jpg 1280w\" sizes=\"(max-width: 1024px) 100vw, 1024px\" \/><figcaption class=\"wp-element-caption\">Uma lavagem aparentemente mais cuidadosa pode acabar diminuindo o desempenho do material<\/figcaption><\/figure>\n<\/div>\n\n\n<h2 class=\"wp-block-heading\">A secadora tamb\u00e9m pode diminuir a vida \u00fatil da microfibra?<\/h2>\n\n\n\n<p class=\"wp-block-paragraph\">Pode, principalmente quando h\u00e1 <strong>calor alto<\/strong>. A Whirlpool orienta secagem em baixa temperatura ou ao ar e tamb\u00e9m recomenda evitar folhas para secadora. Como a microfibra \u00e9 sint\u00e9tica, temperaturas excessivas podem alterar os fios e prejudicar a estrutura respons\u00e1vel pelo desempenho do pano.<\/p>\n\n\n\n<p class=\"wp-block-paragraph\">Se houver espa\u00e7o, secar ao ar costuma ser simples. Na secadora, mantenha o pano separado de tecidos que soltam fiapos e use a configura\u00e7\u00e3o permitida pela etiqueta. O objetivo \u00e9 evitar <strong>calor e res\u00edduos desnecess\u00e1rios<\/strong>, preservando a absor\u00e7\u00e3o e a capacidade de recolher part\u00edculas por mais lavagens.<\/p>\n\n\n\n<p class=\"myth-html-bridge wp-block-paragraph\">A seguir listamos <strong>3 fatores que prejudicam o desempenho<\/strong> e ajudam a entender por que alguns panos parecem perder efici\u00eancia com o tempo:<\/p>\n\n\n\n<div class=\"emf-data-table google-auto-ads-ignore\">\n  <style>\n    .emf-data-table {\n      --emf-navy:#00245a;\n      --emf-navy-soft:#0b3b70;\n      --emf-ink:#1d2731;\n      --emf-muted:#66727e;\n      --emf-line:#d7dde5;\n      --emf-wash:#f4f6f8;\n      box-sizing:border-box!important;\n      inline-size:min(1100px,100%)!important;\n      max-inline-size:100%!important;\n      margin-inline:auto!important;\n      overflow:hidden!important;\n      color:var(--emf-ink);\n      background:#fff;\n      border:1px solid var(--emf-line);\n      border-radius:6px!important;\n      box-shadow:0 8px 24px rgba(0,36,90,.08);\n      font-family:Arial,Helvetica,sans-serif;\n    }\n\n    .emf-data-table *,\n    .emf-data-table *::before,\n    .emf-data-table *::after {\n      box-sizing:border-box!important;\n    }\n\n    .emf-data-table-brand {\n      display:flex;\n      align-items:center;\n      gap:13px;\n      min-block-size:72px;\n      padding:10px 17px;\n      color:#fff;\n      background:linear-gradient(105deg,var(--emf-navy) 0%,var(--emf-navy-soft) 100%);\n      border-block-end:4px solid #c5ced8;\n    }\n\n    .emf-data-table-logo {\n      display:grid;\n      place-items:center;\n      inline-size:52px;\n      block-size:52px;\n      flex:0 0 52px;\n      background:rgba(255,255,255,.08);\n      border:1px solid rgba(255,255,255,.35);\n      border-radius:3px!important;\n    }\n\n    .emf-data-table-logo img {\n      display:block;\n      inline-size:41px;\n      block-size:41px;\n      max-inline-size:41px;\n      max-block-size:41px;\n      object-fit:contain;\n    }\n\n    .emf-data-table-kicker {\n      margin:0 0 2px;\n      font-size:10px;\n      font-weight:700;\n      letter-spacing:.16em;\n      line-height:1.2;\n      text-transform:uppercase;\n      opacity:.78;\n    }\n\n    .emf-data-table-title {\n      margin:0;\n      font-family:Georgia,\"Times New Roman\",serif;\n      font-size:21px;\n      font-weight:700;\n      line-height:1.2;\n    }\n\n    .emf-data-table-scroll {\n      display:block!important;\n      inline-size:100%!important;\n      max-inline-size:100%!important;\n      overflow-x:auto!important;\n      overflow-y:hidden!important;\n      -webkit-overflow-scrolling:touch;\n      overscroll-behavior-inline:contain;\n      scrollbar-width:thin;\n      scrollbar-color:#8798aa #edf1f5;\n    }\n\n    .emf-data-table-scroll:focus-visible {\n      outline:3px solid rgba(0,36,90,.35);\n      outline-offset:-3px;\n    }\n\n    .emf-data-table table {\n      display:table!important;\n      inline-size:100%!important;\n      min-inline-size:680px!important;\n      max-inline-size:none!important;\n      margin:0!important;\n      border:0!important;\n      border-collapse:separate!important;\n      border-spacing:0!important;\n      table-layout:auto!important;\n      background:#fff!important;\n    }\n\n    .emf-data-table caption {\n      position:absolute!important;\n      inline-size:1px!important;\n      block-size:1px!important;\n      padding:0!important;\n      margin:-1px!important;\n      overflow:hidden!important;\n      clip:rect(0,0,0,0)!important;\n      white-space:nowrap!important;\n      border:0!important;\n    }\n\n    .emf-data-table thead {\n      display:table-header-group!important;\n    }\n\n    .emf-data-table tbody {\n      display:table-row-group!important;\n    }\n\n    .emf-data-table tr {\n      display:table-row!important;\n    }\n\n    .emf-data-table th,\n    .emf-data-table td {\n      display:table-cell!important;\n      float:none!important;\n      inline-size:auto!important;\n      max-inline-size:none!important;\n      margin:0!important;\n      border-radius:0!important;\n      text-align:left!important;\n      vertical-align:middle!important;\n    }\n\n    .emf-data-table th {\n      padding:14px 17px!important;\n      color:#fff!important;\n      background:var(--emf-navy)!important;\n      border-block-end:1px solid rgba(255,255,255,.22)!important;\n      border-inline-end:1px solid rgba(255,255,255,.12)!important;\n      font-family:Georgia,\"Times New Roman\",serif;\n      font-size:14px!important;\n      font-weight:700!important;\n      line-height:1.35!important;\n      white-space:nowrap!important;\n    }\n\n    .emf-data-table th:last-child {\n      border-inline-end:0!important;\n    }\n\n    .emf-data-table td {\n      padding:14px 17px!important;\n      color:#43515e!important;\n      background:#fff!important;\n      border-block-end:1px solid var(--emf-line)!important;\n      font-size:14px!important;\n      font-weight:400!important;\n      line-height:1.5!important;\n      overflow-wrap:anywhere;\n    }\n\n    .emf-data-table tbody tr:nth-child(even) td {\n      background:var(--emf-wash)!important;\n    }\n\n    .emf-data-table tbody tr:hover td {\n      background:#eaf0f5!important;\n    }\n\n    .emf-data-table tbody tr:last-child td {\n      border-block-end:0!important;\n    }\n\n    .emf-data-table td:first-child {\n      color:var(--emf-navy)!important;\n      font-weight:700!important;\n    }\n\n    @media(max-width:560px) {\n      .emf-data-table-brand {\n        min-block-size:68px;\n        padding:9px 13px;\n      }\n\n      .emf-data-table-title {\n        font-size:19px;\n      }\n\n      .emf-data-table-scroll {\n        overflow:visible!important;\n      }\n\n      .emf-data-table table,\n      .emf-data-table thead,\n      .emf-data-table tbody,\n      .emf-data-table tr,\n      .emf-data-table th,\n      .emf-data-table td {\n        display:block!important;\n        inline-size:100%!important;\n        min-inline-size:0!important;\n        max-inline-size:100%!important;\n      }\n\n      .emf-data-table table {\n        padding:13px!important;\n      }\n\n      .emf-data-table thead {\n        position:absolute!important;\n        inline-size:1px!important;\n        block-size:1px!important;\n        padding:0!important;\n        margin:-1px!important;\n        overflow:hidden!important;\n        clip:rect(0,0,0,0)!important;\n        white-space:nowrap!important;\n      }\n\n      .emf-data-table tbody {\n        display:grid!important;\n        gap:11px;\n      }\n\n      .emf-data-table tr {\n        overflow:hidden!important;\n        background:#fff!important;\n        border:1px solid var(--emf-line)!important;\n        border-block-start:4px solid var(--emf-navy)!important;\n        border-radius:4px!important;\n        box-shadow:0 4px 12px rgba(0,36,90,.06);\n      }\n\n      .emf-data-table td,\n      .emf-data-table tbody tr:nth-child(even) td,\n      .emf-data-table tbody tr:hover td {\n        display:grid!important;\n        grid-template-columns:minmax(105px,38%) minmax(0,1fr)!important;\n        align-items:start;\n        gap:11px;\n        padding:11px 12px!important;\n        background:#fff!important;\n        border-block-end:1px solid #e2e7ec!important;\n      }\n\n      .emf-data-table td::before {\n        content:attr(data-label);\n        color:var(--emf-muted);\n        font-size:10px;\n        font-weight:700;\n        letter-spacing:.06em;\n        line-height:1.35;\n        text-transform:uppercase;\n      }\n\n      .emf-data-table td:first-child {\n        color:var(--emf-navy)!important;\n        background:#edf1f5!important;\n      }\n\n      .emf-data-table td:last-child {\n        border-block-end:0!important;\n      }\n    }\n  <\/style>\n\n  <div class=\"emf-data-table-brand\">\n    <div class=\"emf-data-table-logo\">\n      <img\n        alt=\"Logo EM Foco\"\n        decoding=\"async\"\n        height=\"41\"\n        loading=\"lazy\"\n        referrerpolicy=\"no-referrer\"\n        src=\"https:\/\/www.em.com.br\/emfoco\/wp-content\/uploads\/2026\/08\/em_transparente_3000px-scaled.png\"\n        width=\"41\"\n      >\n    <\/div>\n\n    <div>\n      <div class=\"emf-data-table-kicker\">DADOS EM FOCO<\/div>\n      <div class=\"emf-data-table-title\">Como lavar a microfibra<\/div>\n    <\/div>\n  <\/div>\n\n  <div aria-label=\"Tabela com item, orienta\u00e7\u00e3o e motivo para preservar panos de microfibra\" class=\"emf-data-table-scroll\" role=\"region\" tabindex=\"0\">\n    <table>\n      <caption>Resumo dos cuidados na lavagem e secagem de panos de microfibra<\/caption>\n      <thead>\n        <tr>\n          <th scope=\"col\">Item<\/th>\n          <th scope=\"col\">Orienta\u00e7\u00e3o<\/th>\n          <th scope=\"col\">Motivo<\/th>\n        <\/tr>\n      <\/thead>\n      <tbody>\n        <tr>\n          <td data-label=\"Item\">Amaciante<\/td>\n          <td data-label=\"Orienta\u00e7\u00e3o\">N\u00e3o usar<\/td>\n          <td data-label=\"Motivo\">Pode revestir as fibras<\/td>\n        <\/tr>\n        <tr>\n          <td data-label=\"Item\">Detergente<\/td>\n          <td data-label=\"Orienta\u00e7\u00e3o\">Usar a dose do r\u00f3tulo<\/td>\n          <td data-label=\"Motivo\">Evitar excesso de res\u00edduo<\/td>\n        <\/tr>\n        <tr>\n          <td data-label=\"Item\">Secagem<\/td>\n          <td data-label=\"Orienta\u00e7\u00e3o\">Baixo calor ou ar<\/td>\n          <td data-label=\"Motivo\">Preservar a estrutura sint\u00e9tica<\/td>\n        <\/tr>\n      <\/tbody>\n    <\/table>\n  <\/div>\n<\/div>\n\n\n\n<h2 class=\"wp-block-heading\">Como saber se um pano de microfibra est\u00e1 sendo lavado corretamente?<\/h2>\n\n\n\n<p class=\"wp-block-paragraph\">Observe se ele continua <strong>absorvendo \u00e1gua e recolhendo poeira<\/strong> sem espalhar res\u00edduos. Um pano que come\u00e7a a repelir l\u00edquido ou deixa marcas pode estar acumulando produto, \u00f3leo ou fiapos. Antes de descart\u00e1-lo, revise sab\u00e3o, separa\u00e7\u00e3o das cargas, temperatura e produtos usados na lavagem.<\/p>\n\n\n\n<p class=\"wp-block-paragraph\">A regra principal \u00e9 simples: <strong>microfibra sem amaciante<\/strong>, sab\u00e3o na dose correta e cuidado com calor e fiapos. O pano n\u00e3o precisa sair perfumado para estar limpo. Preservar a estrutura fina das fibras \u00e9 mais importante para seu desempenho do que buscar maciez ou cheiro de roupa rec\u00e9m-lavada.<\/p>\n","protected":false},"excerpt":{"rendered":"<p>EM FOCO Resumo da mat\u00e9ria 01 Amaciante deixa camada Fabricantes alertam que o produto pode revestir as fibras sint\u00e9ticas e reduzir a capacidade do pano de agarrar sujeira e umidade. menos desempenho 02 Sab\u00e3o pede dosagem A recomenda\u00e7\u00e3o \u00e9 usar detergente adequado na quantidade indicada pelo r\u00f3tulo, sem aumentar a dose para tentar limpar melhor. [&hellip;]<\/p>\n","protected":false},"author":30,"featured_media":262545,"comment_status":"open","ping_status":"open","sticky":false,"template":"","format":"standard","meta":{"jnews-multi-image_gallery":[],"jnews_single_post":{"format":"standard"},"jnews_primary_category":[],"jnews_social_meta":[],"jnews_override_counter":[],"footnotes":""},"categories":[8819],"tags":[16425,13274,3337,16528],"class_list":["post-262456","post","type-post","status-publish","format-standard","has-post-thumbnail","hentry","category-curiosidades","tag-amaciante","tag-lavagem","tag-limpeza","tag-microfibra"],"yoast_head":"<!-- This site is optimized with the Yoast SEO plugin v28.3 - https:\/\/yoast.com\/product\/yoast-seo-wordpress\/ -->\n<title>O que voc\u00ea coloca na lavagem pode estar estragando seus panos de microfibra sem perceber - Estado de Minas - Em foco<\/title>\n<meta name=\"description\" content=\"O amaciante pode deixar uma camada sobre a microfibra e reduzir seu desempenho. A forma de lavar faz diferen\u00e7a na absor\u00e7\u00e3o e na limpeza.\" \/>\n<meta name=\"robots\" content=\"index, follow, max-snippet:-1, max-image-preview:large, max-video-preview:-1\" \/>\n<link rel=\"canonical\" href=\"https:\/\/www.em.com.br\/emfoco\/2026\/09\/05\/nao-lave-panos-de-microfibra-com-amaciante-o-produto-pode-cobrir-as-fibras-e-diminuir-o-poder-de-limpeza\/\" \/>\n<meta property=\"og:locale\" content=\"pt_BR\" \/>\n<meta property=\"og:type\" content=\"article\" \/>\n<meta property=\"og:title\" content=\"O que voc\u00ea coloca na lavagem pode estar estragando seus panos de microfibra sem perceber - Estado de Minas - Em foco\" \/>\n<meta property=\"og:description\" content=\"O amaciante pode deixar uma camada sobre a microfibra e reduzir seu desempenho. A forma de lavar faz diferen\u00e7a na absor\u00e7\u00e3o e na limpeza.\" \/>\n<meta property=\"og:url\" content=\"https:\/\/www.em.com.br\/emfoco\/2026\/09\/05\/nao-lave-panos-de-microfibra-com-amaciante-o-produto-pode-cobrir-as-fibras-e-diminuir-o-poder-de-limpeza\/\" \/>\n<meta property=\"og:site_name\" content=\"Estado de Minas - Em foco\" \/>\n<meta property=\"article:published_time\" content=\"2026-09-05T12:07:00+00:00\" \/>\n<meta property=\"og:image\" content=\"https:\/\/www.em.com.br\/emfoco\/wp-content\/uploads\/2026\/09\/pano1.jpg\" \/>\n\t<meta property=\"og:image:width\" content=\"1280\" \/>\n\t<meta property=\"og:image:height\" content=\"720\" \/>\n\t<meta property=\"og:image:type\" content=\"image\/jpeg\" \/>\n<meta name=\"author\" content=\"Guilherme Ara\u00fajo\" \/>\n<meta name=\"twitter:card\" content=\"summary_large_image\" \/>\n<meta name=\"twitter:label1\" content=\"Escrito por\" \/>\n\t<meta name=\"twitter:data1\" content=\"Guilherme Ara\u00fajo\" \/>\n\t<meta name=\"twitter:label2\" content=\"Est. tempo de leitura\" \/>\n\t<meta name=\"twitter:data2\" content=\"6 minutos\" \/>\n<!-- \/ Yoast SEO plugin. -->","yoast_head_json":{"title":"O que voc\u00ea coloca na lavagem pode estar estragando seus panos de microfibra sem perceber - Estado de Minas - Em foco","description":"O amaciante pode deixar uma camada sobre a microfibra e reduzir seu desempenho. A forma de lavar faz diferen\u00e7a na absor\u00e7\u00e3o e na limpeza.","robots":{"index":"index","follow":"follow","max-snippet":"max-snippet:-1","max-image-preview":"max-image-preview:large","max-video-preview":"max-video-preview:-1"},"canonical":"https:\/\/www.em.com.br\/emfoco\/2026\/09\/05\/nao-lave-panos-de-microfibra-com-amaciante-o-produto-pode-cobrir-as-fibras-e-diminuir-o-poder-de-limpeza\/","og_locale":"pt_BR","og_type":"article","og_title":"O que voc\u00ea coloca na lavagem pode estar estragando seus panos de microfibra sem perceber - Estado de Minas - Em foco","og_description":"O amaciante pode deixar uma camada sobre a microfibra e reduzir seu desempenho. A forma de lavar faz diferen\u00e7a na absor\u00e7\u00e3o e na limpeza.","og_url":"https:\/\/www.em.com.br\/emfoco\/2026\/09\/05\/nao-lave-panos-de-microfibra-com-amaciante-o-produto-pode-cobrir-as-fibras-e-diminuir-o-poder-de-limpeza\/","og_site_name":"Estado de Minas - Em foco","article_published_time":"2026-09-05T12:07:00+00:00","og_image":[{"width":1280,"height":720,"url":"https:\/\/www.em.com.br\/emfoco\/wp-content\/uploads\/2026\/09\/pano1.jpg","type":"image\/jpeg"}],"author":"Guilherme Ara\u00fajo","twitter_card":"summary_large_image","twitter_misc":{"Escrito por":"Guilherme Ara\u00fajo","Est. tempo de leitura":"6 minutos"},"schema":{"@context":"https:\/\/schema.org","@graph":[{"@type":"Article","@id":"https:\/\/www.em.com.br\/emfoco\/2026\/09\/05\/nao-lave-panos-de-microfibra-com-amaciante-o-produto-pode-cobrir-as-fibras-e-diminuir-o-poder-de-limpeza\/#article","isPartOf":{"@id":"https:\/\/www.em.com.br\/emfoco\/2026\/09\/05\/nao-lave-panos-de-microfibra-com-amaciante-o-produto-pode-cobrir-as-fibras-e-diminuir-o-poder-de-limpeza\/"},"author":{"name":"Guilherme Ara\u00fajo","@id":"https:\/\/www.em.com.br\/emfoco\/#\/schema\/person\/5379e929a4b966c775d121e23f9bb421"},"headline":"O que voc\u00ea coloca na lavagem pode estar estragando seus panos de microfibra sem perceber","datePublished":"2026-09-05T12:07:00+00:00","mainEntityOfPage":{"@id":"https:\/\/www.em.com.br\/emfoco\/2026\/09\/05\/nao-lave-panos-de-microfibra-com-amaciante-o-produto-pode-cobrir-as-fibras-e-diminuir-o-poder-de-limpeza\/"},"wordCount":857,"commentCount":0,"image":{"@id":"https:\/\/www.em.com.br\/emfoco\/2026\/09\/05\/nao-lave-panos-de-microfibra-com-amaciante-o-produto-pode-cobrir-as-fibras-e-diminuir-o-poder-de-limpeza\/#primaryimage"},"thumbnailUrl":"https:\/\/www.em.com.br\/emfoco\/wp-content\/uploads\/2026\/09\/pano1.jpg","keywords":["amaciante","lavagem","limpeza","microfibra"],"articleSection":["Curiosidades"],"inLanguage":"pt-BR","potentialAction":[{"@type":"CommentAction","name":"Comment","target":["https:\/\/www.em.com.br\/emfoco\/2026\/09\/05\/nao-lave-panos-de-microfibra-com-amaciante-o-produto-pode-cobrir-as-fibras-e-diminuir-o-poder-de-limpeza\/#respond"]}]},{"@type":"WebPage","@id":"https:\/\/www.em.com.br\/emfoco\/2026\/09\/05\/nao-lave-panos-de-microfibra-com-amaciante-o-produto-pode-cobrir-as-fibras-e-diminuir-o-poder-de-limpeza\/","url":"https:\/\/www.em.com.br\/emfoco\/2026\/09\/05\/nao-lave-panos-de-microfibra-com-amaciante-o-produto-pode-cobrir-as-fibras-e-diminuir-o-poder-de-limpeza\/","name":"O que voc\u00ea coloca na lavagem pode estar estragando seus panos de microfibra sem perceber - Estado de Minas - Em foco","isPartOf":{"@id":"https:\/\/www.em.com.br\/emfoco\/#website"},"primaryImageOfPage":{"@id":"https:\/\/www.em.com.br\/emfoco\/2026\/09\/05\/nao-lave-panos-de-microfibra-com-amaciante-o-produto-pode-cobrir-as-fibras-e-diminuir-o-poder-de-limpeza\/#primaryimage"},"image":{"@id":"https:\/\/www.em.com.br\/emfoco\/2026\/09\/05\/nao-lave-panos-de-microfibra-com-amaciante-o-produto-pode-cobrir-as-fibras-e-diminuir-o-poder-de-limpeza\/#primaryimage"},"thumbnailUrl":"https:\/\/www.em.com.br\/emfoco\/wp-content\/uploads\/2026\/09\/pano1.jpg","datePublished":"2026-09-05T12:07:00+00:00","author":{"@id":"https:\/\/www.em.com.br\/emfoco\/#\/schema\/person\/5379e929a4b966c775d121e23f9bb421"},"description":"O amaciante pode deixar uma camada sobre a microfibra e reduzir seu desempenho. A forma de lavar faz diferen\u00e7a na absor\u00e7\u00e3o e na limpeza.","breadcrumb":{"@id":"https:\/\/www.em.com.br\/emfoco\/2026\/09\/05\/nao-lave-panos-de-microfibra-com-amaciante-o-produto-pode-cobrir-as-fibras-e-diminuir-o-poder-de-limpeza\/#breadcrumb"},"inLanguage":"pt-BR","potentialAction":[{"@type":"ReadAction","target":["https:\/\/www.em.com.br\/emfoco\/2026\/09\/05\/nao-lave-panos-de-microfibra-com-amaciante-o-produto-pode-cobrir-as-fibras-e-diminuir-o-poder-de-limpeza\/"]}]},{"@type":"ImageObject","inLanguage":"pt-BR","@id":"https:\/\/www.em.com.br\/emfoco\/2026\/09\/05\/nao-lave-panos-de-microfibra-com-amaciante-o-produto-pode-cobrir-as-fibras-e-diminuir-o-poder-de-limpeza\/#primaryimage","url":"https:\/\/www.em.com.br\/emfoco\/wp-content\/uploads\/2026\/09\/pano1.jpg","contentUrl":"https:\/\/www.em.com.br\/emfoco\/wp-content\/uploads\/2026\/09\/pano1.jpg","width":1280,"height":720,"caption":"A efici\u00eancia do pano depende justamente da estrutura das pequenas fibras que formam o tecido"},{"@type":"BreadcrumbList","@id":"https:\/\/www.em.com.br\/emfoco\/2026\/09\/05\/nao-lave-panos-de-microfibra-com-amaciante-o-produto-pode-cobrir-as-fibras-e-diminuir-o-poder-de-limpeza\/#breadcrumb","itemListElement":[{"@type":"ListItem","position":1,"name":"In\u00edcio","item":"https:\/\/www.em.com.br\/emfoco\/"},{"@type":"ListItem","position":2,"name":"O que voc\u00ea coloca na lavagem pode estar estragando seus panos de microfibra sem perceber"}]},{"@type":"WebSite","@id":"https:\/\/www.em.com.br\/emfoco\/#website","url":"https:\/\/www.em.com.br\/emfoco\/","name":"Estado de Minas - Em foco","description":"Acompanhe as \u00faltimas not\u00edcias e fique bem informado sobre tudo o que acontece em Minas Gerais, Brasil e no mundo.","potentialAction":[{"@type":"SearchAction","target":{"@type":"EntryPoint","urlTemplate":"https:\/\/www.em.com.br\/emfoco\/?s={search_term_string}"},"query-input":{"@type":"PropertyValueSpecification","valueRequired":true,"valueName":"search_term_string"}}],"inLanguage":"pt-BR"},{"@type":"Person","@id":"https:\/\/www.em.com.br\/emfoco\/#\/schema\/person\/5379e929a4b966c775d121e23f9bb421","name":"Guilherme Ara\u00fajo","image":{"@type":"ImageObject","inLanguage":"pt-BR","@id":"https:\/\/secure.gravatar.com\/avatar\/063bc96e5a2afd1844386c45bd1360efc771eff011a9fab8cd399e2a104c3ecd?s=96&d=mm&r=g","url":"https:\/\/secure.gravatar.com\/avatar\/063bc96e5a2afd1844386c45bd1360efc771eff011a9fab8cd399e2a104c3ecd?s=96&d=mm&r=g","contentUrl":"https:\/\/secure.gravatar.com\/avatar\/063bc96e5a2afd1844386c45bd1360efc771eff011a9fab8cd399e2a104c3ecd?s=96&d=mm&r=g","caption":"Guilherme Ara\u00fajo"},"sameAs":["https:\/\/www.em.com.br\/emfoco"],"url":"https:\/\/www.em.com.br\/emfoco\/author\/guilhermeamyth\/"}]}},"_links":{"self":[{"href":"https:\/\/www.em.com.br\/emfoco\/wp-json\/wp\/v2\/posts\/262456","targetHints":{"allow":["GET"]}}],"collection":[{"href":"https:\/\/www.em.com.br\/emfoco\/wp-json\/wp\/v2\/posts"}],"about":[{"href":"https:\/\/www.em.com.br\/emfoco\/wp-json\/wp\/v2\/types\/post"}],"author":[{"embeddable":true,"href":"https:\/\/www.em.com.br\/emfoco\/wp-json\/wp\/v2\/users\/30"}],"replies":[{"embeddable":true,"href":"https:\/\/www.em.com.br\/emfoco\/wp-json\/wp\/v2\/comments?post=262456"}],"version-history":[{"count":5,"href":"https:\/\/www.em.com.br\/emfoco\/wp-json\/wp\/v2\/posts\/262456\/revisions"}],"predecessor-version":[{"id":262584,"href":"https:\/\/www.em.com.br\/emfoco\/wp-json\/wp\/v2\/posts\/262456\/revisions\/262584"}],"wp:featuredmedia":[{"embeddable":true,"href":"https:\/\/www.em.com.br\/emfoco\/wp-json\/wp\/v2\/media\/262545"}],"wp:attachment":[{"href":"https:\/\/www.em.com.br\/emfoco\/wp-json\/wp\/v2\/media?parent=262456"}],"wp:term":[{"taxonomy":"category","embeddable":true,"href":"https:\/\/www.em.com.br\/emfoco\/wp-json\/wp\/v2\/categories?post=262456"},{"taxonomy":"post_tag","embeddable":true,"href":"https:\/\/www.em.com.br\/emfoco\/wp-json\/wp\/v2\/tags?post=262456"}],"curies":[{"name":"wp","href":"https:\/\/api.w.org\/{rel}","templated":true}]}}