{"id":262454,"date":"2026-09-05T08:07:00","date_gmt":"2026-09-05T11:07:00","guid":{"rendered":"https:\/\/www.em.com.br\/emfoco\/?p=262454"},"modified":"2026-09-04T20:19:14","modified_gmt":"2026-09-04T23:19:14","slug":"misturar-limao-sal-e-amido-de-milho-para-que-serve-em-pecas-de-cobre-e-por-que-nao-deve-ser-usado-em-superficies-laqueadas","status":"publish","type":"post","link":"https:\/\/www.em.com.br\/emfoco\/2026\/09\/05\/misturar-limao-sal-e-amido-de-milho-para-que-serve-em-pecas-de-cobre-e-por-que-nao-deve-ser-usado-em-superficies-laqueadas\/","title":{"rendered":"Misturar lim\u00e3o, sal e amido de milho: para que serve em pe\u00e7as de cobre e por que n\u00e3o deve ser usado em superf\u00edcies laqueadas"},"content":{"rendered":"\n<div class=\"emf-summary google-auto-ads-ignore\">\n  <style>\n    .emf-summary {\n      --emf-navy:#00245a;\n      --emf-navy-soft:#0b3b70;\n      --emf-ink:#1d2731;\n      --emf-muted:#66727e;\n      --emf-line:#d7dde5;\n      --emf-paper:#ffffff;\n      --emf-wash:#f4f6f8;\n      box-sizing:border-box!important;\n      inline-size:min(1100px,100%)!important;\n      max-inline-size:100%!important;\n      margin-inline:auto!important;\n      overflow:hidden!important;\n      color:var(--emf-ink);\n      background:var(--emf-paper);\n      border:1px solid var(--emf-line);\n      border-block-start:5px solid var(--emf-navy);\n      border-radius:6px!important;\n      box-shadow:0 8px 24px rgba(0,36,90,.08);\n      font-family:Arial,Helvetica,sans-serif;\n    }\n\n    .emf-summary *,\n    .emf-summary *::before,\n    .emf-summary *::after {\n      box-sizing:border-box!important;\n    }\n\n    .emf-summary-brand {\n      display:flex;\n      align-items:center;\n      gap:14px;\n      padding:16px 20px;\n      color:#fff;\n      background:linear-gradient(105deg,var(--emf-navy) 0%,var(--emf-navy-soft) 100%);\n      border-block-end:1px solid rgba(255,255,255,.18);\n    }\n\n    .emf-summary-logo {\n      display:grid;\n      place-items:center;\n      inline-size:58px;\n      block-size:58px;\n      flex:0 0 58px;\n      background:rgba(255,255,255,.08);\n      border:1px solid rgba(255,255,255,.35);\n      border-radius:3px!important;\n    }\n\n    .emf-summary-logo img {\n      display:block;\n      inline-size:46px;\n      block-size:46px;\n      max-inline-size:46px;\n      max-block-size:46px;\n      object-fit:contain;\n    }\n\n    .emf-summary-eyebrow {\n      margin:0 0 3px;\n      font-size:11px;\n      font-weight:700;\n      letter-spacing:.18em;\n      line-height:1.2;\n      text-transform:uppercase;\n      opacity:.78;\n    }\n\n    .emf-summary-title {\n      margin:0;\n      font-family:Georgia,\"Times New Roman\",serif;\n      font-size:25px;\n      font-weight:700;\n      line-height:1.15;\n    }\n\n    .emf-summary-grid {\n      display:grid;\n      grid-template-columns:repeat(3,minmax(0,1fr));\n      gap:0;\n      background:var(--emf-wash);\n    }\n\n    .emf-summary-card {\n      position:relative;\n      min-block-size:190px;\n      padding:24px 20px 20px;\n      overflow:hidden!important;\n      background:#fff;\n      border-inline-end:1px solid var(--emf-line);\n    }\n\n    .emf-summary-card:last-child {\n      border-inline-end:0;\n    }\n\n    .emf-summary-number {\n      position:absolute;\n      inset-block-start:13px;\n      inset-inline-end:15px;\n      color:rgba(0,36,90,.10);\n      font-family:Georgia,\"Times New Roman\",serif;\n      font-size:46px;\n      font-weight:700;\n      line-height:1;\n      pointer-events:none;\n    }\n\n    .emf-summary-card-title {\n      position:relative;\n      z-index:1;\n      margin:0 0 11px;\n      padding-block-end:10px;\n      color:var(--emf-navy);\n      border-block-end:2px solid var(--emf-navy);\n      font-family:Georgia,\"Times New Roman\",serif;\n      font-size:18px;\n      font-weight:700;\n      line-height:1.3;\n      overflow-wrap:anywhere;\n    }\n\n    .emf-summary-card-text {\n      position:relative;\n      z-index:1;\n      color:#485560;\n      font-size:13px;\n      line-height:1.6;\n      overflow-wrap:anywhere;\n    }\n\n    .emf-summary-card-meta {\n      position:relative;\n      z-index:1;\n      display:inline-flex;\n      margin-block-start:16px;\n      padding:5px 8px;\n      color:var(--emf-navy);\n      background:#edf1f5;\n      border:1px solid #d9e0e7;\n      border-radius:2px!important;\n      font-size:10px;\n      font-weight:700;\n      letter-spacing:.08em;\n      line-height:1.2;\n      text-transform:uppercase;\n    }\n\n    @media(max-width:760px) {\n      .emf-summary-grid {\n        grid-template-columns:1fr;\n      }\n\n      .emf-summary-card {\n        min-block-size:0;\n        border-inline-end:0;\n        border-block-end:1px solid var(--emf-line);\n      }\n\n      .emf-summary-card:last-child {\n        border-block-end:0;\n      }\n    }\n\n    @media(max-width:480px) {\n      .emf-summary-brand {\n        padding:14px 15px;\n      }\n\n      .emf-summary-logo {\n        inline-size:52px;\n        block-size:52px;\n        flex-basis:52px;\n      }\n\n      .emf-summary-logo img {\n        inline-size:41px;\n        block-size:41px;\n        max-inline-size:41px;\n        max-block-size:41px;\n      }\n\n      .emf-summary-title {\n        font-size:22px;\n      }\n\n      .emf-summary-card {\n        padding:21px 16px 18px;\n      }\n    }\n  <\/style>\n\n  <div class=\"emf-summary-brand\">\n    <div class=\"emf-summary-logo\">\n      <img\n        alt=\"Logo EM Foco\"\n        decoding=\"async\"\n        fetchpriority=\"high\"\n        height=\"46\"\n        loading=\"eager\"\n        referrerpolicy=\"no-referrer\"\n        src=\"https:\/\/www.em.com.br\/emfoco\/wp-content\/uploads\/2026\/08\/em_transparente_3000px-scaled.png\"\n        width=\"46\"\n      >\n    <\/div>\n\n    <div>\n      <div class=\"emf-summary-eyebrow\">EM FOCO<\/div>\n      <div class=\"emf-summary-title\">Resumo da mat\u00e9ria<\/div>\n    <\/div>\n  <\/div>\n\n  <div class=\"emf-summary-grid\">\n    <div class=\"emf-summary-card\">\n      <span aria-hidden=\"true\" class=\"emf-summary-number\">01<\/span>\n      <div aria-level=\"3\" class=\"emf-summary-card-title\" role=\"heading\">\n        Pasta para metal cru\n      <\/div>\n      <div class=\"emf-summary-card-text\">\n        Sal e amido formam a pasta, enquanto o suco de lim\u00e3o fornece a parte \u00e1cida usada para trabalhar o escurecimento superficial.\n      <\/div>\n      <div class=\"emf-summary-card-meta\">\n        limpeza suave\n      <\/div>\n    <\/div>\n    <div class=\"emf-summary-card\">\n      <span aria-hidden=\"true\" class=\"emf-summary-number\">02<\/span>\n      <div aria-level=\"3\" class=\"emf-summary-card-title\" role=\"heading\">\n        Pano macio e enx\u00e1gue\n      <\/div>\n      <div class=\"emf-summary-card-text\">\n        A aplica\u00e7\u00e3o \u00e9 feita com pano macio, sem esfregar de forma agressiva, seguida por \u00e1gua morna, sab\u00e3o suave e secagem.\n      <\/div>\n      <div class=\"emf-summary-card-meta\">\n        passo a passo\n      <\/div>\n    <\/div>\n    <div class=\"emf-summary-card\">\n      <span aria-hidden=\"true\" class=\"emf-summary-number\">03<\/span>\n      <div aria-level=\"3\" class=\"emf-summary-card-title\" role=\"heading\">\n        Laqueado fica de fora\n      <\/div>\n      <div class=\"emf-summary-card-text\">\n        A receita da Universidade da Ge\u00f3rgia declara que o m\u00e9todo n\u00e3o deve ser aplicado em acabamentos laqueados.\n      <\/div>\n      <div class=\"emf-summary-card-meta\">\n        restri\u00e7\u00e3o clara\n      <\/div>\n    <\/div>\n  <\/div>\n<\/div>\n\n\n\n<p class=\"wp-block-paragraph\">Uma pasta de <strong>lim\u00e3o, sal e amido<\/strong> pode remover escurecimento de cobre sem acabamento laqueado. A receita universit\u00e1ria combina partes iguais de sal e amido com suco de lim\u00e3o, aplica com pano macio e manda enxaguar. Em pe\u00e7as revestidas, a orienta\u00e7\u00e3o muda: o m\u00e9todo \u00e9 contraindicado para superf\u00edcies laqueadas.<\/p>\n\n\n\n<h2 class=\"wp-block-heading\">Para que serve a pasta de lim\u00e3o, sal e amido no cobre?<\/h2>\n\n\n\n<p class=\"wp-block-paragraph\">O <a href=\"https:\/\/pt.wikipedia.org\/wiki\/Cobre\" target=\"_blank\" rel=\"noopener noreferrer\"><strong>cobre<\/strong><\/a> pode perder brilho e desenvolver uma camada escurecida com o tempo. A receita universit\u00e1ria combina lim\u00e3o, sal e amido para formar uma pasta aplicada sobre o metal, ajudando a remover esse aspecto superficial sem recorrer imediatamente a um polidor comercial.<\/p>\n\n\n\n<p class=\"wp-block-paragraph\">O suco de lim\u00e3o fornece acidez, enquanto o sal participa da limpeza e o <strong>amido d\u00e1 corpo \u00e0 mistura<\/strong>, facilitando a perman\u00eancia sobre a superf\u00edcie. A orienta\u00e7\u00e3o \u00e9 esfregar suavemente, n\u00e3o transformar os gr\u00e3os em abrasivo pesado. O objetivo \u00e9 trabalhar o escurecimento sem riscar desnecessariamente a pe\u00e7a.<\/p>\n\n\n<div class=\"wp-block-image\">\n<figure class=\"aligncenter size-large\"><img decoding=\"async\" width=\"1024\" height=\"576\" src=\"https:\/\/www.em.com.br\/emfoco\/wp-content\/uploads\/2026\/09\/panela2-2-1024x576.jpg\" alt=\"\" class=\"wp-image-262538\" srcset=\"https:\/\/www.em.com.br\/emfoco\/wp-content\/uploads\/2026\/09\/panela2-2-1024x576.jpg 1024w, https:\/\/www.em.com.br\/emfoco\/wp-content\/uploads\/2026\/09\/panela2-2-300x169.jpg 300w, https:\/\/www.em.com.br\/emfoco\/wp-content\/uploads\/2026\/09\/panela2-2-768x432.jpg 768w, https:\/\/www.em.com.br\/emfoco\/wp-content\/uploads\/2026\/09\/panela2-2-750x421.jpg 750w, https:\/\/www.em.com.br\/emfoco\/wp-content\/uploads\/2026\/09\/panela2-2-1140x641.jpg 1140w, https:\/\/www.em.com.br\/emfoco\/wp-content\/uploads\/2026\/09\/panela2-2.jpg 1280w\" sizes=\"(max-width: 1024px) 100vw, 1024px\" \/><figcaption class=\"wp-element-caption\">O amido d\u00e1 consist\u00eancia \u00e0 mistura e facilita sua perman\u00eancia sobre a pe\u00e7a durante a limpeza<\/figcaption><\/figure>\n<\/div>\n\n\n<h2 class=\"wp-block-heading\">Qual \u00e9 a propor\u00e7\u00e3o indicada para preparar essa mistura?<\/h2>\n\n\n\n<p class=\"wp-block-paragraph\">O livreto da <a href=\"https:\/\/www.fcs.uga.edu\/docs\/June_2015_Recipe_Cards_Green_Cleaning_Booklet.pdf\" target=\"_blank\" rel=\"noopener noreferrer\"><strong>University of Georgia Cooperative Extension<\/strong><\/a> orienta misturar <strong>partes iguais de sal e amido de milho<\/strong> e acrescentar suco de lim\u00e3o suficiente para formar uma pasta. A mesma receita \u00e9 apresentada para cobre e lat\u00e3o.<\/p>\n\n\n\n<p class=\"wp-block-paragraph\">N\u00e3o h\u00e1 uma quantidade \u00fanica de lim\u00e3o porque a fun\u00e7\u00e3o \u00e9 chegar \u00e0 textura de pasta. Comece com pouco l\u00edquido e ajuste aos poucos. Depois, aplique com <strong>pano macio<\/strong>, fa\u00e7a movimentos leves e enx\u00e1gue com \u00e1gua morna e sab\u00e3o suave antes de secar completamente.<\/p>\n\n\n\n<h2 class=\"wp-block-heading\">Como aplicar a pasta sem marcar a superf\u00edcie do metal?<\/h2>\n\n\n\n<p class=\"wp-block-paragraph\">Antes de come\u00e7ar, remova poeira solta e escolha uma \u00e1rea pequena para testar. Espalhe uma camada fina com <strong>pano macio<\/strong> e esfregue delicadamente. Se a pe\u00e7a apresentar mudan\u00e7a indesejada de brilho, cor ou acabamento, interrompa o m\u00e9todo em vez de aumentar a for\u00e7a.<\/p>\n\n\n\n<p class=\"wp-block-paragraph\">Ap\u00f3s a limpeza, a receita manda enxaguar com \u00e1gua morna e sab\u00e3o suave. A secagem tamb\u00e9m importa porque gotas deixadas sobre o metal podem formar novas marcas. Use outro pano macio e seco, evitando <strong>esponjas \u00e1speras e palha de a\u00e7o<\/strong> durante esse processo dom\u00e9stico.<\/p>\n\n\n\n<p class=\"myth-list-bridge wp-block-paragraph\">A seguir listamos <strong>4 etapas de aplica\u00e7\u00e3o<\/strong> que ajudam a usar a pasta sem aumentar o atrito sobre a pe\u00e7a:<\/p>\n\n\n\n<ul class=\"wp-block-list myth-bullet-list\">\n<li><strong>Teste escondido: <\/strong>comece em uma \u00e1rea pequena antes de tratar toda a superf\u00edcie.<\/li>\n\n\n\n<li><strong>Pasta ajustada: <\/strong>misture sal e amido em partes iguais e adicione lim\u00e3o aos poucos.<\/li>\n\n\n\n<li><strong>Movimento leve: <\/strong>use pano macio e evite press\u00e3o excessiva durante a limpeza.<\/li>\n\n\n\n<li><strong>Enx\u00e1gue e secagem: <\/strong>retire res\u00edduos com \u00e1gua morna e sab\u00e3o suave e seque bem.<\/li>\n<\/ul>\n\n\n\n<p class=\"wp-block-paragraph\"><strong>Leia tamb\u00e9m: <a href=\"https:\/\/www.em.com.br\/emfoco\/2026\/09\/04\/misturar-bicarbonato-com-agua-como-essa-pasta-ajuda-a-soltar-a-sujeira-grudada-dentro-do-forno\/\" target=\"_blank\" rel=\"noreferrer noopener\">Misturar bicarbonato com \u00e1gua: como essa pasta ajuda a soltar a sujeira grudada dentro do forno<\/a><\/strong><\/p>\n\n\n<div class=\"wp-block-image\">\n<figure class=\"aligncenter size-large\"><img decoding=\"async\" width=\"1024\" height=\"576\" src=\"https:\/\/www.em.com.br\/emfoco\/wp-content\/uploads\/2026\/09\/pano2-5-1024x576.jpg\" alt=\"\" class=\"wp-image-262540\" srcset=\"https:\/\/www.em.com.br\/emfoco\/wp-content\/uploads\/2026\/09\/pano2-5-1024x576.jpg 1024w, https:\/\/www.em.com.br\/emfoco\/wp-content\/uploads\/2026\/09\/pano2-5-300x169.jpg 300w, https:\/\/www.em.com.br\/emfoco\/wp-content\/uploads\/2026\/09\/pano2-5-768x432.jpg 768w, https:\/\/www.em.com.br\/emfoco\/wp-content\/uploads\/2026\/09\/pano2-5-750x421.jpg 750w, https:\/\/www.em.com.br\/emfoco\/wp-content\/uploads\/2026\/09\/pano2-5-1140x641.jpg 1140w, https:\/\/www.em.com.br\/emfoco\/wp-content\/uploads\/2026\/09\/pano2-5.jpg 1280w\" sizes=\"(max-width: 1024px) 100vw, 1024px\" \/><figcaption class=\"wp-element-caption\">Nem todo objeto com apar\u00eancia de cobre possui uma superf\u00edcie adequada para esse tipo de aplica\u00e7\u00e3o<\/figcaption><\/figure>\n<\/div>\n\n\n<h2 class=\"wp-block-heading\">Por que a mistura n\u00e3o deve ser usada em cobre laqueado?<\/h2>\n\n\n\n<p class=\"wp-block-paragraph\">A receita da Universidade da Ge\u00f3rgia traz a restri\u00e7\u00e3o de forma direta: <strong>n\u00e3o usar em acabamentos laqueados<\/strong>. Nesses objetos, a superf\u00edcie aparente n\u00e3o \u00e9 apenas metal exposto. Existe uma camada protetora que pode exigir produto e t\u00e9cnica pr\u00f3prios definidos pelo fabricante.<\/p>\n\n\n\n<p class=\"wp-block-paragraph\">Por isso, identifique o acabamento antes de usar \u00e1cido ou pasta abrasiva. Se houver verniz, laca ou revestimento desconhecido, a limpeza deve seguir <strong>a orienta\u00e7\u00e3o espec\u00edfica da pe\u00e7a<\/strong>. O m\u00e9todo de lim\u00e3o, sal e amido \u00e9 destinado ao cobre ou lat\u00e3o compat\u00edvel, n\u00e3o a toda superf\u00edcie met\u00e1lica.<\/p>\n\n\n\n<p class=\"myth-html-bridge wp-block-paragraph\">A seguir listamos <strong>3 situa\u00e7\u00f5es de aten\u00e7\u00e3o<\/strong> que indicam quando a pasta deve ser evitada ou testada com ainda mais cuidado:<\/p>\n\n\n\n<div class=\"emf-data-table google-auto-ads-ignore\">\n  <style>\n    .emf-data-table {\n      --emf-navy:#00245a;\n      --emf-navy-soft:#0b3b70;\n      --emf-ink:#1d2731;\n      --emf-muted:#66727e;\n      --emf-line:#d7dde5;\n      --emf-wash:#f4f6f8;\n      box-sizing:border-box!important;\n      inline-size:min(1100px,100%)!important;\n      max-inline-size:100%!important;\n      margin-inline:auto!important;\n      overflow:hidden!important;\n      color:var(--emf-ink);\n      background:#fff;\n      border:1px solid var(--emf-line);\n      border-radius:6px!important;\n      box-shadow:0 8px 24px rgba(0,36,90,.08);\n      font-family:Arial,Helvetica,sans-serif;\n    }\n\n    .emf-data-table *,\n    .emf-data-table *::before,\n    .emf-data-table *::after {\n      box-sizing:border-box!important;\n    }\n\n    .emf-data-table-brand {\n      display:flex;\n      align-items:center;\n      gap:13px;\n      min-block-size:72px;\n      padding:10px 17px;\n      color:#fff;\n      background:linear-gradient(105deg,var(--emf-navy) 0%,var(--emf-navy-soft) 100%);\n      border-block-end:4px solid #c5ced8;\n    }\n\n    .emf-data-table-logo {\n      display:grid;\n      place-items:center;\n      inline-size:52px;\n      block-size:52px;\n      flex:0 0 52px;\n      background:rgba(255,255,255,.08);\n      border:1px solid rgba(255,255,255,.35);\n      border-radius:3px!important;\n    }\n\n    .emf-data-table-logo img {\n      display:block;\n      inline-size:41px;\n      block-size:41px;\n      max-inline-size:41px;\n      max-block-size:41px;\n      object-fit:contain;\n    }\n\n    .emf-data-table-kicker {\n      margin:0 0 2px;\n      font-size:10px;\n      font-weight:700;\n      letter-spacing:.16em;\n      line-height:1.2;\n      text-transform:uppercase;\n      opacity:.78;\n    }\n\n    .emf-data-table-title {\n      margin:0;\n      font-family:Georgia,\"Times New Roman\",serif;\n      font-size:21px;\n      font-weight:700;\n      line-height:1.2;\n    }\n\n    .emf-data-table-scroll {\n      display:block!important;\n      inline-size:100%!important;\n      max-inline-size:100%!important;\n      overflow-x:auto!important;\n      overflow-y:hidden!important;\n      -webkit-overflow-scrolling:touch;\n      overscroll-behavior-inline:contain;\n      scrollbar-width:thin;\n      scrollbar-color:#8798aa #edf1f5;\n    }\n\n    .emf-data-table-scroll:focus-visible {\n      outline:3px solid rgba(0,36,90,.35);\n      outline-offset:-3px;\n    }\n\n    .emf-data-table table {\n      display:table!important;\n      inline-size:100%!important;\n      min-inline-size:680px!important;\n      max-inline-size:none!important;\n      margin:0!important;\n      border:0!important;\n      border-collapse:separate!important;\n      border-spacing:0!important;\n      table-layout:auto!important;\n      background:#fff!important;\n    }\n\n    .emf-data-table caption {\n      position:absolute!important;\n      inline-size:1px!important;\n      block-size:1px!important;\n      padding:0!important;\n      margin:-1px!important;\n      overflow:hidden!important;\n      clip:rect(0,0,0,0)!important;\n      white-space:nowrap!important;\n      border:0!important;\n    }\n\n    .emf-data-table thead {\n      display:table-header-group!important;\n    }\n\n    .emf-data-table tbody {\n      display:table-row-group!important;\n    }\n\n    .emf-data-table tr {\n      display:table-row!important;\n    }\n\n    .emf-data-table th,\n    .emf-data-table td {\n      display:table-cell!important;\n      float:none!important;\n      inline-size:auto!important;\n      max-inline-size:none!important;\n      margin:0!important;\n      border-radius:0!important;\n      text-align:left!important;\n      vertical-align:middle!important;\n    }\n\n    .emf-data-table th {\n      padding:14px 17px!important;\n      color:#fff!important;\n      background:var(--emf-navy)!important;\n      border-block-end:1px solid rgba(255,255,255,.22)!important;\n      border-inline-end:1px solid rgba(255,255,255,.12)!important;\n      font-family:Georgia,\"Times New Roman\",serif;\n      font-size:14px!important;\n      font-weight:700!important;\n      line-height:1.35!important;\n      white-space:nowrap!important;\n    }\n\n    .emf-data-table th:last-child {\n      border-inline-end:0!important;\n    }\n\n    .emf-data-table td {\n      padding:14px 17px!important;\n      color:#43515e!important;\n      background:#fff!important;\n      border-block-end:1px solid var(--emf-line)!important;\n      font-size:14px!important;\n      font-weight:400!important;\n      line-height:1.5!important;\n      overflow-wrap:anywhere;\n    }\n\n    .emf-data-table tbody tr:nth-child(even) td {\n      background:var(--emf-wash)!important;\n    }\n\n    .emf-data-table tbody tr:hover td {\n      background:#eaf0f5!important;\n    }\n\n    .emf-data-table tbody tr:last-child td {\n      border-block-end:0!important;\n    }\n\n    .emf-data-table td:first-child {\n      color:var(--emf-navy)!important;\n      font-weight:700!important;\n    }\n\n    @media(max-width:560px) {\n      .emf-data-table-brand {\n        min-block-size:68px;\n        padding:9px 13px;\n      }\n\n      .emf-data-table-title {\n        font-size:19px;\n      }\n\n      .emf-data-table-scroll {\n        overflow:visible!important;\n      }\n\n      .emf-data-table table,\n      .emf-data-table thead,\n      .emf-data-table tbody,\n      .emf-data-table tr,\n      .emf-data-table th,\n      .emf-data-table td {\n        display:block!important;\n        inline-size:100%!important;\n        min-inline-size:0!important;\n        max-inline-size:100%!important;\n      }\n\n      .emf-data-table table {\n        padding:13px!important;\n      }\n\n      .emf-data-table thead {\n        position:absolute!important;\n        inline-size:1px!important;\n        block-size:1px!important;\n        padding:0!important;\n        margin:-1px!important;\n        overflow:hidden!important;\n        clip:rect(0,0,0,0)!important;\n        white-space:nowrap!important;\n      }\n\n      .emf-data-table tbody {\n        display:grid!important;\n        gap:11px;\n      }\n\n      .emf-data-table tr {\n        overflow:hidden!important;\n        background:#fff!important;\n        border:1px solid var(--emf-line)!important;\n        border-block-start:4px solid var(--emf-navy)!important;\n        border-radius:4px!important;\n        box-shadow:0 4px 12px rgba(0,36,90,.06);\n      }\n\n      .emf-data-table td,\n      .emf-data-table tbody tr:nth-child(even) td,\n      .emf-data-table tbody tr:hover td {\n        display:grid!important;\n        grid-template-columns:minmax(105px,38%) minmax(0,1fr)!important;\n        align-items:start;\n        gap:11px;\n        padding:11px 12px!important;\n        background:#fff!important;\n        border-block-end:1px solid #e2e7ec!important;\n      }\n\n      .emf-data-table td::before {\n        content:attr(data-label);\n        color:var(--emf-muted);\n        font-size:10px;\n        font-weight:700;\n        letter-spacing:.06em;\n        line-height:1.35;\n        text-transform:uppercase;\n      }\n\n      .emf-data-table td:first-child {\n        color:var(--emf-navy)!important;\n        background:#edf1f5!important;\n      }\n\n      .emf-data-table td:last-child {\n        border-block-end:0!important;\n      }\n    }\n  <\/style>\n\n  <div class=\"emf-data-table-brand\">\n    <div class=\"emf-data-table-logo\">\n      <img\n        alt=\"Logo EM Foco\"\n        decoding=\"async\"\n        height=\"41\"\n        loading=\"lazy\"\n        referrerpolicy=\"no-referrer\"\n        src=\"https:\/\/www.em.com.br\/emfoco\/wp-content\/uploads\/2026\/08\/em_transparente_3000px-scaled.png\"\n        width=\"41\"\n      >\n    <\/div>\n\n    <div>\n      <div class=\"emf-data-table-kicker\">DADOS EM FOCO<\/div>\n      <div class=\"emf-data-table-title\">Quando usar a pasta<\/div>\n    <\/div>\n  <\/div>\n\n  <div aria-label=\"Tabela com tipo de superf\u00edcie, a\u00e7\u00e3o e cuidado no uso de lim\u00e3o, sal e amido\" class=\"emf-data-table-scroll\" role=\"region\" tabindex=\"0\">\n    <table>\n      <caption>Resumo de aplica\u00e7\u00e3o da pasta em cobre e restri\u00e7\u00e3o para acabamentos<\/caption>\n      <thead>\n        <tr>\n          <th scope=\"col\">Superf\u00edcie<\/th>\n          <th scope=\"col\">A\u00e7\u00e3o<\/th>\n          <th scope=\"col\">Cuidado<\/th>\n        <\/tr>\n      <\/thead>\n      <tbody>\n        <tr>\n          <td data-label=\"Superf\u00edcie\">Cobre compat\u00edvel<\/td>\n          <td data-label=\"A\u00e7\u00e3o\">Aplicar pasta com pano macio<\/td>\n          <td data-label=\"Cuidado\">Testar antes em \u00e1rea escondida<\/td>\n        <\/tr>\n        <tr>\n          <td data-label=\"Superf\u00edcie\">Lat\u00e3o compat\u00edvel<\/td>\n          <td data-label=\"A\u00e7\u00e3o\">Usar a mesma receita universit\u00e1ria<\/td>\n          <td data-label=\"Cuidado\">Enxaguar e secar ap\u00f3s limpar<\/td>\n        <\/tr>\n        <tr>\n          <td data-label=\"Superf\u00edcie\">Acabamento laqueado<\/td>\n          <td data-label=\"A\u00e7\u00e3o\">N\u00e3o aplicar a pasta<\/td>\n          <td data-label=\"Cuidado\">Seguir orienta\u00e7\u00e3o do fabricante<\/td>\n        <\/tr>\n      <\/tbody>\n    <\/table>\n  <\/div>\n<\/div>\n\n\n\n<h2 class=\"wp-block-heading\">Quando vale abandonar a mistura e usar outro m\u00e9todo de limpeza?<\/h2>\n\n\n\n<p class=\"wp-block-paragraph\">Se a pe\u00e7a tiver <strong>laca, pintura, revestimento delicado ou valor hist\u00f3rico<\/strong>, n\u00e3o trate a receita caseira como solu\u00e7\u00e3o universal. O mesmo vale quando n\u00e3o \u00e9 poss\u00edvel confirmar se o objeto \u00e9 cobre maci\u00e7o, cobreado ou outro material com apar\u00eancia semelhante. O acabamento deve ser identificado primeiro.<\/p>\n\n\n\n<p class=\"wp-block-paragraph\">Em cobre compat\u00edvel, a <strong>pasta de lim\u00e3o, sal e amido<\/strong> oferece uma op\u00e7\u00e3o simples para escurecimento superficial. O ponto decisivo \u00e9 preservar a superf\u00edcie: testar antes, aplicar com pano macio, enxaguar e secar. Em pe\u00e7as laqueadas, a melhor escolha \u00e9 respeitar a restri\u00e7\u00e3o e seguir outro m\u00e9todo.<\/p>\n","protected":false},"excerpt":{"rendered":"<p>EM FOCO Resumo da mat\u00e9ria 01 Pasta para metal cru Sal e amido formam a pasta, enquanto o suco de lim\u00e3o fornece a parte \u00e1cida usada para trabalhar o escurecimento superficial. limpeza suave 02 Pano macio e enx\u00e1gue A aplica\u00e7\u00e3o \u00e9 feita com pano macio, sem esfregar de forma agressiva, seguida por \u00e1gua morna, sab\u00e3o [&hellip;]<\/p>\n","protected":false},"author":30,"featured_media":262536,"comment_status":"open","ping_status":"open","sticky":false,"template":"","format":"standard","meta":{"jnews-multi-image_gallery":[],"jnews_single_post":{"format":"standard"},"jnews_primary_category":[],"jnews_social_meta":[],"jnews_override_counter":[],"footnotes":""},"categories":[8819,1],"tags":[10529,3108,3337,23518],"class_list":["post-262454","post","type-post","status-publish","format-standard","has-post-thumbnail","hentry","category-curiosidades","category-noticias","tag-cobre","tag-limao","tag-limpeza","tag-metais"],"yoast_head":"<!-- This site is optimized with the Yoast SEO plugin v28.3 - https:\/\/yoast.com\/product\/yoast-seo-wordpress\/ -->\n<title>Misturar lim\u00e3o, sal e amido de milho: para que serve em pe\u00e7as de cobre e por que n\u00e3o deve ser usado em superf\u00edcies laqueadas - Estado de Minas - Em foco<\/title>\n<meta name=\"description\" content=\"Lim\u00e3o, sal e amido formam uma pasta para cobre, mas h\u00e1 um acabamento em que a pr\u00f3pria orienta\u00e7\u00e3o universit\u00e1ria pro\u00edbe o uso.\" \/>\n<meta name=\"robots\" content=\"index, follow, max-snippet:-1, max-image-preview:large, max-video-preview:-1\" \/>\n<link rel=\"canonical\" href=\"https:\/\/www.em.com.br\/emfoco\/2026\/09\/05\/misturar-limao-sal-e-amido-de-milho-para-que-serve-em-pecas-de-cobre-e-por-que-nao-deve-ser-usado-em-superficies-laqueadas\/\" \/>\n<meta property=\"og:locale\" content=\"pt_BR\" \/>\n<meta property=\"og:type\" content=\"article\" \/>\n<meta property=\"og:title\" content=\"Misturar lim\u00e3o, sal e amido de milho: para que serve em pe\u00e7as de cobre e por que n\u00e3o deve ser usado em superf\u00edcies laqueadas - Estado de Minas - Em foco\" \/>\n<meta property=\"og:description\" content=\"Lim\u00e3o, sal e amido formam uma pasta para cobre, mas h\u00e1 um acabamento em que a pr\u00f3pria orienta\u00e7\u00e3o universit\u00e1ria pro\u00edbe o uso.\" \/>\n<meta property=\"og:url\" content=\"https:\/\/www.em.com.br\/emfoco\/2026\/09\/05\/misturar-limao-sal-e-amido-de-milho-para-que-serve-em-pecas-de-cobre-e-por-que-nao-deve-ser-usado-em-superficies-laqueadas\/\" \/>\n<meta property=\"og:site_name\" content=\"Estado de Minas - Em foco\" \/>\n<meta property=\"article:published_time\" content=\"2026-09-05T11:07:00+00:00\" \/>\n<meta property=\"og:image\" content=\"https:\/\/www.em.com.br\/emfoco\/wp-content\/uploads\/2026\/09\/panela1-1.jpg\" \/>\n\t<meta property=\"og:image:width\" content=\"1280\" \/>\n\t<meta property=\"og:image:height\" content=\"720\" \/>\n\t<meta property=\"og:image:type\" content=\"image\/jpeg\" \/>\n<meta name=\"author\" content=\"Guilherme Ara\u00fajo\" \/>\n<meta name=\"twitter:card\" content=\"summary_large_image\" \/>\n<meta name=\"twitter:label1\" content=\"Escrito por\" \/>\n\t<meta name=\"twitter:data1\" content=\"Guilherme Ara\u00fajo\" \/>\n\t<meta name=\"twitter:label2\" content=\"Est. tempo de leitura\" \/>\n\t<meta name=\"twitter:data2\" content=\"6 minutos\" \/>\n<!-- \/ Yoast SEO plugin. -->","yoast_head_json":{"title":"Misturar lim\u00e3o, sal e amido de milho: para que serve em pe\u00e7as de cobre e por que n\u00e3o deve ser usado em superf\u00edcies laqueadas - Estado de Minas - Em foco","description":"Lim\u00e3o, sal e amido formam uma pasta para cobre, mas h\u00e1 um acabamento em que a pr\u00f3pria orienta\u00e7\u00e3o universit\u00e1ria pro\u00edbe o uso.","robots":{"index":"index","follow":"follow","max-snippet":"max-snippet:-1","max-image-preview":"max-image-preview:large","max-video-preview":"max-video-preview:-1"},"canonical":"https:\/\/www.em.com.br\/emfoco\/2026\/09\/05\/misturar-limao-sal-e-amido-de-milho-para-que-serve-em-pecas-de-cobre-e-por-que-nao-deve-ser-usado-em-superficies-laqueadas\/","og_locale":"pt_BR","og_type":"article","og_title":"Misturar lim\u00e3o, sal e amido de milho: para que serve em pe\u00e7as de cobre e por que n\u00e3o deve ser usado em superf\u00edcies laqueadas - Estado de Minas - Em foco","og_description":"Lim\u00e3o, sal e amido formam uma pasta para cobre, mas h\u00e1 um acabamento em que a pr\u00f3pria orienta\u00e7\u00e3o universit\u00e1ria pro\u00edbe o uso.","og_url":"https:\/\/www.em.com.br\/emfoco\/2026\/09\/05\/misturar-limao-sal-e-amido-de-milho-para-que-serve-em-pecas-de-cobre-e-por-que-nao-deve-ser-usado-em-superficies-laqueadas\/","og_site_name":"Estado de Minas - Em foco","article_published_time":"2026-09-05T11:07:00+00:00","og_image":[{"width":1280,"height":720,"url":"https:\/\/www.em.com.br\/emfoco\/wp-content\/uploads\/2026\/09\/panela1-1.jpg","type":"image\/jpeg"}],"author":"Guilherme Ara\u00fajo","twitter_card":"summary_large_image","twitter_misc":{"Escrito por":"Guilherme Ara\u00fajo","Est. tempo de leitura":"6 minutos"},"schema":{"@context":"https:\/\/schema.org","@graph":[{"@type":"Article","@id":"https:\/\/www.em.com.br\/emfoco\/2026\/09\/05\/misturar-limao-sal-e-amido-de-milho-para-que-serve-em-pecas-de-cobre-e-por-que-nao-deve-ser-usado-em-superficies-laqueadas\/#article","isPartOf":{"@id":"https:\/\/www.em.com.br\/emfoco\/2026\/09\/05\/misturar-limao-sal-e-amido-de-milho-para-que-serve-em-pecas-de-cobre-e-por-que-nao-deve-ser-usado-em-superficies-laqueadas\/"},"author":{"name":"Guilherme Ara\u00fajo","@id":"https:\/\/www.em.com.br\/emfoco\/#\/schema\/person\/5379e929a4b966c775d121e23f9bb421"},"headline":"Misturar lim\u00e3o, sal e amido de milho: para que serve em pe\u00e7as de cobre e por que n\u00e3o deve ser usado em superf\u00edcies laqueadas","datePublished":"2026-09-05T11:07:00+00:00","mainEntityOfPage":{"@id":"https:\/\/www.em.com.br\/emfoco\/2026\/09\/05\/misturar-limao-sal-e-amido-de-milho-para-que-serve-em-pecas-de-cobre-e-por-que-nao-deve-ser-usado-em-superficies-laqueadas\/"},"wordCount":941,"commentCount":0,"image":{"@id":"https:\/\/www.em.com.br\/emfoco\/2026\/09\/05\/misturar-limao-sal-e-amido-de-milho-para-que-serve-em-pecas-de-cobre-e-por-que-nao-deve-ser-usado-em-superficies-laqueadas\/#primaryimage"},"thumbnailUrl":"https:\/\/www.em.com.br\/emfoco\/wp-content\/uploads\/2026\/09\/panela1-1.jpg","keywords":["cobre","Lim\u00e3o","limpeza","metais"],"articleSection":["Curiosidades","Not\u00edcias"],"inLanguage":"pt-BR","potentialAction":[{"@type":"CommentAction","name":"Comment","target":["https:\/\/www.em.com.br\/emfoco\/2026\/09\/05\/misturar-limao-sal-e-amido-de-milho-para-que-serve-em-pecas-de-cobre-e-por-que-nao-deve-ser-usado-em-superficies-laqueadas\/#respond"]}]},{"@type":"WebPage","@id":"https:\/\/www.em.com.br\/emfoco\/2026\/09\/05\/misturar-limao-sal-e-amido-de-milho-para-que-serve-em-pecas-de-cobre-e-por-que-nao-deve-ser-usado-em-superficies-laqueadas\/","url":"https:\/\/www.em.com.br\/emfoco\/2026\/09\/05\/misturar-limao-sal-e-amido-de-milho-para-que-serve-em-pecas-de-cobre-e-por-que-nao-deve-ser-usado-em-superficies-laqueadas\/","name":"Misturar lim\u00e3o, sal e amido de milho: para que serve em pe\u00e7as de cobre e por que n\u00e3o deve ser usado em superf\u00edcies laqueadas - Estado de Minas - Em foco","isPartOf":{"@id":"https:\/\/www.em.com.br\/emfoco\/#website"},"primaryImageOfPage":{"@id":"https:\/\/www.em.com.br\/emfoco\/2026\/09\/05\/misturar-limao-sal-e-amido-de-milho-para-que-serve-em-pecas-de-cobre-e-por-que-nao-deve-ser-usado-em-superficies-laqueadas\/#primaryimage"},"image":{"@id":"https:\/\/www.em.com.br\/emfoco\/2026\/09\/05\/misturar-limao-sal-e-amido-de-milho-para-que-serve-em-pecas-de-cobre-e-por-que-nao-deve-ser-usado-em-superficies-laqueadas\/#primaryimage"},"thumbnailUrl":"https:\/\/www.em.com.br\/emfoco\/wp-content\/uploads\/2026\/09\/panela1-1.jpg","datePublished":"2026-09-05T11:07:00+00:00","author":{"@id":"https:\/\/www.em.com.br\/emfoco\/#\/schema\/person\/5379e929a4b966c775d121e23f9bb421"},"description":"Lim\u00e3o, sal e amido formam uma pasta para cobre, mas h\u00e1 um acabamento em que a pr\u00f3pria orienta\u00e7\u00e3o universit\u00e1ria pro\u00edbe o uso.","breadcrumb":{"@id":"https:\/\/www.em.com.br\/emfoco\/2026\/09\/05\/misturar-limao-sal-e-amido-de-milho-para-que-serve-em-pecas-de-cobre-e-por-que-nao-deve-ser-usado-em-superficies-laqueadas\/#breadcrumb"},"inLanguage":"pt-BR","potentialAction":[{"@type":"ReadAction","target":["https:\/\/www.em.com.br\/emfoco\/2026\/09\/05\/misturar-limao-sal-e-amido-de-milho-para-que-serve-em-pecas-de-cobre-e-por-que-nao-deve-ser-usado-em-superficies-laqueadas\/"]}]},{"@type":"ImageObject","inLanguage":"pt-BR","@id":"https:\/\/www.em.com.br\/emfoco\/2026\/09\/05\/misturar-limao-sal-e-amido-de-milho-para-que-serve-em-pecas-de-cobre-e-por-que-nao-deve-ser-usado-em-superficies-laqueadas\/#primaryimage","url":"https:\/\/www.em.com.br\/emfoco\/wp-content\/uploads\/2026\/09\/panela1-1.jpg","contentUrl":"https:\/\/www.em.com.br\/emfoco\/wp-content\/uploads\/2026\/09\/panela1-1.jpg","width":1280,"height":720,"caption":"A combina\u00e7\u00e3o ajuda a agir sobre manchas e res\u00edduos que alteram a apar\u00eancia do cobre"},{"@type":"BreadcrumbList","@id":"https:\/\/www.em.com.br\/emfoco\/2026\/09\/05\/misturar-limao-sal-e-amido-de-milho-para-que-serve-em-pecas-de-cobre-e-por-que-nao-deve-ser-usado-em-superficies-laqueadas\/#breadcrumb","itemListElement":[{"@type":"ListItem","position":1,"name":"In\u00edcio","item":"https:\/\/www.em.com.br\/emfoco\/"},{"@type":"ListItem","position":2,"name":"Misturar lim\u00e3o, sal e amido de milho: para que serve em pe\u00e7as de cobre e por que n\u00e3o deve ser usado em superf\u00edcies laqueadas"}]},{"@type":"WebSite","@id":"https:\/\/www.em.com.br\/emfoco\/#website","url":"https:\/\/www.em.com.br\/emfoco\/","name":"Estado de Minas - Em foco","description":"Acompanhe as \u00faltimas not\u00edcias e fique bem informado sobre tudo o que acontece em Minas Gerais, Brasil e no mundo.","potentialAction":[{"@type":"SearchAction","target":{"@type":"EntryPoint","urlTemplate":"https:\/\/www.em.com.br\/emfoco\/?s={search_term_string}"},"query-input":{"@type":"PropertyValueSpecification","valueRequired":true,"valueName":"search_term_string"}}],"inLanguage":"pt-BR"},{"@type":"Person","@id":"https:\/\/www.em.com.br\/emfoco\/#\/schema\/person\/5379e929a4b966c775d121e23f9bb421","name":"Guilherme Ara\u00fajo","image":{"@type":"ImageObject","inLanguage":"pt-BR","@id":"https:\/\/secure.gravatar.com\/avatar\/063bc96e5a2afd1844386c45bd1360efc771eff011a9fab8cd399e2a104c3ecd?s=96&d=mm&r=g","url":"https:\/\/secure.gravatar.com\/avatar\/063bc96e5a2afd1844386c45bd1360efc771eff011a9fab8cd399e2a104c3ecd?s=96&d=mm&r=g","contentUrl":"https:\/\/secure.gravatar.com\/avatar\/063bc96e5a2afd1844386c45bd1360efc771eff011a9fab8cd399e2a104c3ecd?s=96&d=mm&r=g","caption":"Guilherme Ara\u00fajo"},"sameAs":["https:\/\/www.em.com.br\/emfoco"],"url":"https:\/\/www.em.com.br\/emfoco\/author\/guilhermeamyth\/"}]}},"_links":{"self":[{"href":"https:\/\/www.em.com.br\/emfoco\/wp-json\/wp\/v2\/posts\/262454","targetHints":{"allow":["GET"]}}],"collection":[{"href":"https:\/\/www.em.com.br\/emfoco\/wp-json\/wp\/v2\/posts"}],"about":[{"href":"https:\/\/www.em.com.br\/emfoco\/wp-json\/wp\/v2\/types\/post"}],"author":[{"embeddable":true,"href":"https:\/\/www.em.com.br\/emfoco\/wp-json\/wp\/v2\/users\/30"}],"replies":[{"embeddable":true,"href":"https:\/\/www.em.com.br\/emfoco\/wp-json\/wp\/v2\/comments?post=262454"}],"version-history":[{"count":5,"href":"https:\/\/www.em.com.br\/emfoco\/wp-json\/wp\/v2\/posts\/262454\/revisions"}],"predecessor-version":[{"id":262582,"href":"https:\/\/www.em.com.br\/emfoco\/wp-json\/wp\/v2\/posts\/262454\/revisions\/262582"}],"wp:featuredmedia":[{"embeddable":true,"href":"https:\/\/www.em.com.br\/emfoco\/wp-json\/wp\/v2\/media\/262536"}],"wp:attachment":[{"href":"https:\/\/www.em.com.br\/emfoco\/wp-json\/wp\/v2\/media?parent=262454"}],"wp:term":[{"taxonomy":"category","embeddable":true,"href":"https:\/\/www.em.com.br\/emfoco\/wp-json\/wp\/v2\/categories?post=262454"},{"taxonomy":"post_tag","embeddable":true,"href":"https:\/\/www.em.com.br\/emfoco\/wp-json\/wp\/v2\/tags?post=262454"}],"curies":[{"name":"wp","href":"https:\/\/api.w.org\/{rel}","templated":true}]}}