{"id":262453,"date":"2026-09-05T16:57:00","date_gmt":"2026-09-05T19:57:00","guid":{"rendered":"https:\/\/www.em.com.br\/emfoco\/?p=262453"},"modified":"2026-09-04T20:19:16","modified_gmt":"2026-09-04T23:19:16","slug":"a-batata-pode-escurecer-na-panela-depois-de-passar-dias-na-geladeira-entenda-onde-guardar-para-conservar-melhor","status":"publish","type":"post","link":"https:\/\/www.em.com.br\/emfoco\/2026\/09\/05\/a-batata-pode-escurecer-na-panela-depois-de-passar-dias-na-geladeira-entenda-onde-guardar-para-conservar-melhor\/","title":{"rendered":"A batata pode escurecer na panela depois de passar dias na geladeira: entenda onde guardar para conservar melhor"},"content":{"rendered":"\n<div class=\"emf-summary google-auto-ads-ignore\">\n  <style>\n    .emf-summary {\n      --emf-navy:#00245a;\n      --emf-navy-soft:#0b3b70;\n      --emf-ink:#1d2731;\n      --emf-muted:#66727e;\n      --emf-line:#d7dde5;\n      --emf-paper:#ffffff;\n      --emf-wash:#f4f6f8;\n      box-sizing:border-box!important;\n      inline-size:min(1100px,100%)!important;\n      max-inline-size:100%!important;\n      margin-inline:auto!important;\n      overflow:hidden!important;\n      color:var(--emf-ink);\n      background:var(--emf-paper);\n      border:1px solid var(--emf-line);\n      border-block-start:5px solid var(--emf-navy);\n      border-radius:6px!important;\n      box-shadow:0 8px 24px rgba(0,36,90,.08);\n      font-family:Arial,Helvetica,sans-serif;\n    }\n\n    .emf-summary *,\n    .emf-summary *::before,\n    .emf-summary *::after {\n      box-sizing:border-box!important;\n    }\n\n    .emf-summary-brand {\n      display:flex;\n      align-items:center;\n      gap:14px;\n      padding:16px 20px;\n      color:#fff;\n      background:linear-gradient(105deg,var(--emf-navy) 0%,var(--emf-navy-soft) 100%);\n      border-block-end:1px solid rgba(255,255,255,.18);\n    }\n\n    .emf-summary-logo {\n      display:grid;\n      place-items:center;\n      inline-size:58px;\n      block-size:58px;\n      flex:0 0 58px;\n      background:rgba(255,255,255,.08);\n      border:1px solid rgba(255,255,255,.35);\n      border-radius:3px!important;\n    }\n\n    .emf-summary-logo img {\n      display:block;\n      inline-size:46px;\n      block-size:46px;\n      max-inline-size:46px;\n      max-block-size:46px;\n      object-fit:contain;\n    }\n\n    .emf-summary-eyebrow {\n      margin:0 0 3px;\n      font-size:11px;\n      font-weight:700;\n      letter-spacing:.18em;\n      line-height:1.2;\n      text-transform:uppercase;\n      opacity:.78;\n    }\n\n    .emf-summary-title {\n      margin:0;\n      font-family:Georgia,\"Times New Roman\",serif;\n      font-size:25px;\n      font-weight:700;\n      line-height:1.15;\n    }\n\n    .emf-summary-grid {\n      display:grid;\n      grid-template-columns:repeat(3,minmax(0,1fr));\n      gap:0;\n      background:var(--emf-wash);\n    }\n\n    .emf-summary-card {\n      position:relative;\n      min-block-size:190px;\n      padding:24px 20px 20px;\n      overflow:hidden!important;\n      background:#fff;\n      border-inline-end:1px solid var(--emf-line);\n    }\n\n    .emf-summary-card:last-child {\n      border-inline-end:0;\n    }\n\n    .emf-summary-number {\n      position:absolute;\n      inset-block-start:13px;\n      inset-inline-end:15px;\n      color:rgba(0,36,90,.10);\n      font-family:Georgia,\"Times New Roman\",serif;\n      font-size:46px;\n      font-weight:700;\n      line-height:1;\n      pointer-events:none;\n    }\n\n    .emf-summary-card-title {\n      position:relative;\n      z-index:1;\n      margin:0 0 11px;\n      padding-block-end:10px;\n      color:var(--emf-navy);\n      border-block-end:2px solid var(--emf-navy);\n      font-family:Georgia,\"Times New Roman\",serif;\n      font-size:18px;\n      font-weight:700;\n      line-height:1.3;\n      overflow-wrap:anywhere;\n    }\n\n    .emf-summary-card-text {\n      position:relative;\n      z-index:1;\n      color:#485560;\n      font-size:13px;\n      line-height:1.6;\n      overflow-wrap:anywhere;\n    }\n\n    .emf-summary-card-meta {\n      position:relative;\n      z-index:1;\n      display:inline-flex;\n      margin-block-start:16px;\n      padding:5px 8px;\n      color:var(--emf-navy);\n      background:#edf1f5;\n      border:1px solid #d9e0e7;\n      border-radius:2px!important;\n      font-size:10px;\n      font-weight:700;\n      letter-spacing:.08em;\n      line-height:1.2;\n      text-transform:uppercase;\n    }\n\n    @media(max-width:760px) {\n      .emf-summary-grid {\n        grid-template-columns:1fr;\n      }\n\n      .emf-summary-card {\n        min-block-size:0;\n        border-inline-end:0;\n        border-block-end:1px solid var(--emf-line);\n      }\n\n      .emf-summary-card:last-child {\n        border-block-end:0;\n      }\n    }\n\n    @media(max-width:480px) {\n      .emf-summary-brand {\n        padding:14px 15px;\n      }\n\n      .emf-summary-logo {\n        inline-size:52px;\n        block-size:52px;\n        flex-basis:52px;\n      }\n\n      .emf-summary-logo img {\n        inline-size:41px;\n        block-size:41px;\n        max-inline-size:41px;\n        max-block-size:41px;\n      }\n\n      .emf-summary-title {\n        font-size:22px;\n      }\n\n      .emf-summary-card {\n        padding:21px 16px 18px;\n      }\n    }\n  <\/style>\n\n  <div class=\"emf-summary-brand\">\n    <div class=\"emf-summary-logo\">\n      <img\n        alt=\"Logo EM Foco\"\n        decoding=\"async\"\n        fetchpriority=\"high\"\n        height=\"46\"\n        loading=\"eager\"\n        referrerpolicy=\"no-referrer\"\n        src=\"https:\/\/www.em.com.br\/emfoco\/wp-content\/uploads\/2026\/08\/em_transparente_3000px-scaled.png\"\n        width=\"46\"\n      >\n    <\/div>\n\n    <div>\n      <div class=\"emf-summary-eyebrow\">EM FOCO<\/div>\n      <div class=\"emf-summary-title\">Resumo da mat\u00e9ria<\/div>\n    <\/div>\n  <\/div>\n\n  <div class=\"emf-summary-grid\">\n    <div class=\"emf-summary-card\">\n      <span aria-hidden=\"true\" class=\"emf-summary-number\">01<\/span>\n      <div aria-level=\"3\" class=\"emf-summary-card-title\" role=\"heading\">\n        Geladeira ado\u00e7a o amido\n      <\/div>\n      <div class=\"emf-summary-card-text\">\n        Temperaturas baixas favorecem a convers\u00e3o de parte do amido em a\u00e7\u00facar, alterando sabor e comportamento da batata quando \u00e9 cozida.\n      <\/div>\n      <div class=\"emf-summary-card-meta\">\n        frio excessivo\n      <\/div>\n    <\/div>\n    <div class=\"emf-summary-card\">\n      <span aria-hidden=\"true\" class=\"emf-summary-number\">02<\/span>\n      <div aria-level=\"3\" class=\"emf-summary-card-title\" role=\"heading\">\n        A\u00e7\u00facar favorece escurecimento\n      <\/div>\n      <div class=\"emf-summary-card-text\">\n        O aumento de a\u00e7\u00facares pode fazer a batata ficar mais escura no preparo, especialmente quando passa por temperaturas elevadas.\n      <\/div>\n      <div class=\"emf-summary-card-meta\">\n        mudan\u00e7a no cozimento\n      <\/div>\n    <\/div>\n    <div class=\"emf-summary-card\">\n      <span aria-hidden=\"true\" class=\"emf-summary-number\">03<\/span>\n      <div aria-level=\"3\" class=\"emf-summary-card-title\" role=\"heading\">\n        Escuro e ventilado\n      <\/div>\n      <div class=\"emf-summary-card-text\">\n        O armazenamento recomendado fica em local escuro, fresco e com circula\u00e7\u00e3o de ar, usando embalagem que n\u00e3o abafe os tub\u00e9rculos.\n      <\/div>\n      <div class=\"emf-summary-card-meta\">\n        despensa adequada\n      <\/div>\n    <\/div>\n  <\/div>\n<\/div>\n\n\n\n<p class=\"wp-block-paragraph\">Guardar <strong>batata na geladeira<\/strong> pode transformar parte do amido em a\u00e7\u00facar e favorecer escurecimento durante o preparo. A Universidade Estadual de Utah recomenda um local escuro, fresco e ventilado, entre 4 e 13 \u00b0C. Sacos de papel ou pl\u00e1sticos perfurados ajudam a manter circula\u00e7\u00e3o de ar sem abafar os tub\u00e9rculos.<\/p>\n\n\n\n<h2 class=\"wp-block-heading\">Por que a batata pode escurecer depois de ficar na geladeira?<\/h2>\n\n\n\n<p class=\"wp-block-paragraph\">A <a href=\"https:\/\/pt.wikipedia.org\/wiki\/Batata\" target=\"_blank\" rel=\"noopener noreferrer\"><strong>batata<\/strong><\/a> armazena grande parte de sua energia na forma de amido. Em temperaturas muito baixas, parte desse amido pode ser convertida em a\u00e7\u00facares. Essa mudan\u00e7a \u00e9 conhecida no armazenamento como ado\u00e7amento induzido pelo frio.<\/p>\n\n\n\n<p class=\"wp-block-paragraph\">Quando a batata mais a\u00e7ucarada \u00e9 preparada, especialmente sob calor intenso, ela pode <strong>escurecer mais facilmente<\/strong>. A Utah State University liga o armazenamento em geladeira ao sabor mais doce e ao escurecimento no cozimento. A mudan\u00e7a come\u00e7a durante o armazenamento, antes de panela ou forno entrarem em cena.<\/p>\n\n\n<div class=\"wp-block-image\">\n<figure class=\"aligncenter size-large\"><img decoding=\"async\" width=\"1024\" height=\"576\" src=\"https:\/\/www.em.com.br\/emfoco\/wp-content\/uploads\/2026\/09\/bata1-1-1024x576.jpg\" alt=\"\" class=\"wp-image-262562\" srcset=\"https:\/\/www.em.com.br\/emfoco\/wp-content\/uploads\/2026\/09\/bata1-1-1024x576.jpg 1024w, https:\/\/www.em.com.br\/emfoco\/wp-content\/uploads\/2026\/09\/bata1-1-300x169.jpg 300w, https:\/\/www.em.com.br\/emfoco\/wp-content\/uploads\/2026\/09\/bata1-1-768x432.jpg 768w, https:\/\/www.em.com.br\/emfoco\/wp-content\/uploads\/2026\/09\/bata1-1-750x421.jpg 750w, https:\/\/www.em.com.br\/emfoco\/wp-content\/uploads\/2026\/09\/bata1-1-1140x641.jpg 1140w, https:\/\/www.em.com.br\/emfoco\/wp-content\/uploads\/2026\/09\/bata1-1.jpg 1280w\" sizes=\"(max-width: 1024px) 100vw, 1024px\" \/><figcaption class=\"wp-element-caption\">O efeito pode ficar mais evidente somente quando a batata \u00e9 levada ao fogo<\/figcaption><\/figure>\n<\/div>\n\n\n<h2 class=\"wp-block-heading\">Qual \u00e9 o lugar indicado para guardar batatas inteiras?<\/h2>\n\n\n\n<p class=\"wp-block-paragraph\">A Utah State University recomenda ambiente <strong>escuro, frio e ventilado<\/strong>, entre 40 e 55 \u00b0F, aproximadamente 4 a 13 \u00b0C. O local precisa permitir circula\u00e7\u00e3o de ar porque isso ajuda a reduzir apodrecimento e brota\u00e7\u00e3o durante per\u00edodos mais longos de armazenamento.<\/p>\n\n\n\n<p class=\"wp-block-paragraph\">A <a href=\"https:\/\/extension.psu.edu\/canning-potatoes\" target=\"_blank\" rel=\"noopener noreferrer\"><strong>Penn State Extension<\/strong><\/a> recomenda guardar batatas frescas em ambiente escuro, bem ventilado, fresco e \u00famido sem estar molhado. A institui\u00e7\u00e3o tamb\u00e9m explica que abaixo de 40 \u00b0F o frio converte amido em a\u00e7\u00facar e aumenta o escurecimento no preparo.<\/p>\n\n\n\n<h2 class=\"wp-block-heading\">Que tipo de saco ajuda a conservar as batatas?<\/h2>\n\n\n\n<p class=\"wp-block-paragraph\">Sacos de papel ou embalagens pl\u00e1sticas perfuradas podem ajudar porque permitem <strong>troca de ar<\/strong>. O objetivo n\u00e3o \u00e9 vedar a batata como um alimento cozido. Em recipiente fechado e abafado, a umidade pode se acumular e favorecer deteriora\u00e7\u00e3o, especialmente se algum tub\u00e9rculo j\u00e1 estiver machucado.<\/p>\n\n\n\n<p class=\"wp-block-paragraph\">Antes de guardar, separe batatas moles, \u00famidas ou com \u00e1reas deterioradas. Evite lavar com muita anteced\u00eancia, pois a umidade externa encurta a conserva\u00e7\u00e3o. A Utah State University recomenda <strong>lavar apenas perto do preparo<\/strong>, usando escova e \u00e1gua corrente antes de cozinhar.<\/p>\n\n\n\n<p class=\"myth-list-bridge wp-block-paragraph\">A seguir listamos <strong>4 condi\u00e7\u00f5es de armazenamento<\/strong> que ajudam a conservar batatas inteiras sem recorrer \u00e0 geladeira:<\/p>\n\n\n\n<ul class=\"wp-block-list myth-bullet-list\">\n<li><strong>Lugar escuro: <\/strong>proteja os tub\u00e9rculos da luz durante o armazenamento.<\/li>\n\n\n\n<li><strong>Temperatura fresca: <\/strong>evite calor excessivo e frio intenso de geladeira.<\/li>\n\n\n\n<li><strong>Circula\u00e7\u00e3o de ar: <\/strong>use papel ou embalagem perfurada em vez de veda\u00e7\u00e3o total.<\/li>\n\n\n\n<li><strong>Batata seca: <\/strong>n\u00e3o lave muito antes de guardar o produto inteiro.<\/li>\n<\/ul>\n\n\n\n<p class=\"wp-block-paragraph\"><strong>Leia tamb\u00e9m: <a href=\"https:\/\/www.em.com.br\/emfoco\/2026\/09\/04\/misturar-bicarbonato-com-agua-como-essa-pasta-ajuda-a-soltar-a-sujeira-grudada-dentro-do-forno\/\" target=\"_blank\" rel=\"noreferrer noopener\">Misturar bicarbonato com \u00e1gua: como essa pasta ajuda a soltar a sujeira grudada dentro do forno<\/a><\/strong><\/p>\n\n\n<div class=\"wp-block-image\">\n<figure class=\"aligncenter size-large\"><img decoding=\"async\" width=\"1024\" height=\"576\" src=\"https:\/\/www.em.com.br\/emfoco\/wp-content\/uploads\/2026\/09\/batra2-1024x576.jpg\" alt=\"\" class=\"wp-image-262563\" srcset=\"https:\/\/www.em.com.br\/emfoco\/wp-content\/uploads\/2026\/09\/batra2-1024x576.jpg 1024w, https:\/\/www.em.com.br\/emfoco\/wp-content\/uploads\/2026\/09\/batra2-300x169.jpg 300w, https:\/\/www.em.com.br\/emfoco\/wp-content\/uploads\/2026\/09\/batra2-768x432.jpg 768w, https:\/\/www.em.com.br\/emfoco\/wp-content\/uploads\/2026\/09\/batra2-750x421.jpg 750w, https:\/\/www.em.com.br\/emfoco\/wp-content\/uploads\/2026\/09\/batra2-1140x641.jpg 1140w, https:\/\/www.em.com.br\/emfoco\/wp-content\/uploads\/2026\/09\/batra2.jpg 1280w\" sizes=\"(max-width: 1024px) 100vw, 1024px\" \/><figcaption class=\"wp-element-caption\">Um ambiente fresco, seco e protegido da luz costuma ser mais adequado para o armazenamento<\/figcaption><\/figure>\n<\/div>\n\n\n<h2 class=\"wp-block-heading\">Por que luz e falta de ventila\u00e7\u00e3o tamb\u00e9m atrapalham a conserva\u00e7\u00e3o?<\/h2>\n\n\n\n<p class=\"wp-block-paragraph\">Luz e armazenamento inadequado afetam a qualidade por caminhos diferentes. A exposi\u00e7\u00e3o luminosa pode favorecer <strong>esverdeamento<\/strong>, enquanto pouca circula\u00e7\u00e3o de ar ajuda a reter umidade. Por isso, a recomenda\u00e7\u00e3o combina escurid\u00e3o e ventila\u00e7\u00e3o, em vez de depender apenas de temperatura mais baixa.<\/p>\n\n\n\n<p class=\"wp-block-paragraph\">Tamb\u00e9m \u00e9 melhor n\u00e3o guardar batatas junto de ma\u00e7\u00e3s ou peras, segundo a Utah State University, porque o etileno liberado por essas frutas pode favorecer brota\u00e7\u00e3o. Um espa\u00e7o dedicado, escuro e ventilado reduz <strong>fontes extras de deteriora\u00e7\u00e3o<\/strong> e facilita retirar rapidamente unidades que come\u00e7am a amolecer.<\/p>\n\n\n\n<p class=\"myth-html-bridge wp-block-paragraph\">A seguir listamos <strong>3 fatores de conserva\u00e7\u00e3o<\/strong> que mostram por que temperatura, luz e circula\u00e7\u00e3o de ar precisam ser considerados em conjunto:<\/p>\n\n\n\n<div class=\"emf-data-table google-auto-ads-ignore\">\n  <style>\n    .emf-data-table {\n      --emf-navy:#00245a;\n      --emf-navy-soft:#0b3b70;\n      --emf-ink:#1d2731;\n      --emf-muted:#66727e;\n      --emf-line:#d7dde5;\n      --emf-wash:#f4f6f8;\n      box-sizing:border-box!important;\n      inline-size:min(1100px,100%)!important;\n      max-inline-size:100%!important;\n      margin-inline:auto!important;\n      overflow:hidden!important;\n      color:var(--emf-ink);\n      background:#fff;\n      border:1px solid var(--emf-line);\n      border-radius:6px!important;\n      box-shadow:0 8px 24px rgba(0,36,90,.08);\n      font-family:Arial,Helvetica,sans-serif;\n    }\n\n    .emf-data-table *,\n    .emf-data-table *::before,\n    .emf-data-table *::after {\n      box-sizing:border-box!important;\n    }\n\n    .emf-data-table-brand {\n      display:flex;\n      align-items:center;\n      gap:13px;\n      min-block-size:72px;\n      padding:10px 17px;\n      color:#fff;\n      background:linear-gradient(105deg,var(--emf-navy) 0%,var(--emf-navy-soft) 100%);\n      border-block-end:4px solid #c5ced8;\n    }\n\n    .emf-data-table-logo {\n      display:grid;\n      place-items:center;\n      inline-size:52px;\n      block-size:52px;\n      flex:0 0 52px;\n      background:rgba(255,255,255,.08);\n      border:1px solid rgba(255,255,255,.35);\n      border-radius:3px!important;\n    }\n\n    .emf-data-table-logo img {\n      display:block;\n      inline-size:41px;\n      block-size:41px;\n      max-inline-size:41px;\n      max-block-size:41px;\n      object-fit:contain;\n    }\n\n    .emf-data-table-kicker {\n      margin:0 0 2px;\n      font-size:10px;\n      font-weight:700;\n      letter-spacing:.16em;\n      line-height:1.2;\n      text-transform:uppercase;\n      opacity:.78;\n    }\n\n    .emf-data-table-title {\n      margin:0;\n      font-family:Georgia,\"Times New Roman\",serif;\n      font-size:21px;\n      font-weight:700;\n      line-height:1.2;\n    }\n\n    .emf-data-table-scroll {\n      display:block!important;\n      inline-size:100%!important;\n      max-inline-size:100%!important;\n      overflow-x:auto!important;\n      overflow-y:hidden!important;\n      -webkit-overflow-scrolling:touch;\n      overscroll-behavior-inline:contain;\n      scrollbar-width:thin;\n      scrollbar-color:#8798aa #edf1f5;\n    }\n\n    .emf-data-table-scroll:focus-visible {\n      outline:3px solid rgba(0,36,90,.35);\n      outline-offset:-3px;\n    }\n\n    .emf-data-table table {\n      display:table!important;\n      inline-size:100%!important;\n      min-inline-size:680px!important;\n      max-inline-size:none!important;\n      margin:0!important;\n      border:0!important;\n      border-collapse:separate!important;\n      border-spacing:0!important;\n      table-layout:auto!important;\n      background:#fff!important;\n    }\n\n    .emf-data-table caption {\n      position:absolute!important;\n      inline-size:1px!important;\n      block-size:1px!important;\n      padding:0!important;\n      margin:-1px!important;\n      overflow:hidden!important;\n      clip:rect(0,0,0,0)!important;\n      white-space:nowrap!important;\n      border:0!important;\n    }\n\n    .emf-data-table thead {\n      display:table-header-group!important;\n    }\n\n    .emf-data-table tbody {\n      display:table-row-group!important;\n    }\n\n    .emf-data-table tr {\n      display:table-row!important;\n    }\n\n    .emf-data-table th,\n    .emf-data-table td {\n      display:table-cell!important;\n      float:none!important;\n      inline-size:auto!important;\n      max-inline-size:none!important;\n      margin:0!important;\n      border-radius:0!important;\n      text-align:left!important;\n      vertical-align:middle!important;\n    }\n\n    .emf-data-table th {\n      padding:14px 17px!important;\n      color:#fff!important;\n      background:var(--emf-navy)!important;\n      border-block-end:1px solid rgba(255,255,255,.22)!important;\n      border-inline-end:1px solid rgba(255,255,255,.12)!important;\n      font-family:Georgia,\"Times New Roman\",serif;\n      font-size:14px!important;\n      font-weight:700!important;\n      line-height:1.35!important;\n      white-space:nowrap!important;\n    }\n\n    .emf-data-table th:last-child {\n      border-inline-end:0!important;\n    }\n\n    .emf-data-table td {\n      padding:14px 17px!important;\n      color:#43515e!important;\n      background:#fff!important;\n      border-block-end:1px solid var(--emf-line)!important;\n      font-size:14px!important;\n      font-weight:400!important;\n      line-height:1.5!important;\n      overflow-wrap:anywhere;\n    }\n\n    .emf-data-table tbody tr:nth-child(even) td {\n      background:var(--emf-wash)!important;\n    }\n\n    .emf-data-table tbody tr:hover td {\n      background:#eaf0f5!important;\n    }\n\n    .emf-data-table tbody tr:last-child td {\n      border-block-end:0!important;\n    }\n\n    .emf-data-table td:first-child {\n      color:var(--emf-navy)!important;\n      font-weight:700!important;\n    }\n\n    @media(max-width:560px) {\n      .emf-data-table-brand {\n        min-block-size:68px;\n        padding:9px 13px;\n      }\n\n      .emf-data-table-title {\n        font-size:19px;\n      }\n\n      .emf-data-table-scroll {\n        overflow:visible!important;\n      }\n\n      .emf-data-table table,\n      .emf-data-table thead,\n      .emf-data-table tbody,\n      .emf-data-table tr,\n      .emf-data-table th,\n      .emf-data-table td {\n        display:block!important;\n        inline-size:100%!important;\n        min-inline-size:0!important;\n        max-inline-size:100%!important;\n      }\n\n      .emf-data-table table {\n        padding:13px!important;\n      }\n\n      .emf-data-table thead {\n        position:absolute!important;\n        inline-size:1px!important;\n        block-size:1px!important;\n        padding:0!important;\n        margin:-1px!important;\n        overflow:hidden!important;\n        clip:rect(0,0,0,0)!important;\n        white-space:nowrap!important;\n      }\n\n      .emf-data-table tbody {\n        display:grid!important;\n        gap:11px;\n      }\n\n      .emf-data-table tr {\n        overflow:hidden!important;\n        background:#fff!important;\n        border:1px solid var(--emf-line)!important;\n        border-block-start:4px solid var(--emf-navy)!important;\n        border-radius:4px!important;\n        box-shadow:0 4px 12px rgba(0,36,90,.06);\n      }\n\n      .emf-data-table td,\n      .emf-data-table tbody tr:nth-child(even) td,\n      .emf-data-table tbody tr:hover td {\n        display:grid!important;\n        grid-template-columns:minmax(105px,38%) minmax(0,1fr)!important;\n        align-items:start;\n        gap:11px;\n        padding:11px 12px!important;\n        background:#fff!important;\n        border-block-end:1px solid #e2e7ec!important;\n      }\n\n      .emf-data-table td::before {\n        content:attr(data-label);\n        color:var(--emf-muted);\n        font-size:10px;\n        font-weight:700;\n        letter-spacing:.06em;\n        line-height:1.35;\n        text-transform:uppercase;\n      }\n\n      .emf-data-table td:first-child {\n        color:var(--emf-navy)!important;\n        background:#edf1f5!important;\n      }\n\n      .emf-data-table td:last-child {\n        border-block-end:0!important;\n      }\n    }\n  <\/style>\n\n  <div class=\"emf-data-table-brand\">\n    <div class=\"emf-data-table-logo\">\n      <img\n        alt=\"Logo EM Foco\"\n        decoding=\"async\"\n        height=\"41\"\n        loading=\"lazy\"\n        referrerpolicy=\"no-referrer\"\n        src=\"https:\/\/www.em.com.br\/emfoco\/wp-content\/uploads\/2026\/08\/em_transparente_3000px-scaled.png\"\n        width=\"41\"\n      >\n    <\/div>\n\n    <div>\n      <div class=\"emf-data-table-kicker\">DADOS EM FOCO<\/div>\n      <div class=\"emf-data-table-title\">Onde guardar a batata<\/div>\n    <\/div>\n  <\/div>\n\n  <div aria-label=\"Tabela com condi\u00e7\u00e3o, efeito e orienta\u00e7\u00e3o para armazenamento de batatas\" class=\"emf-data-table-scroll\" role=\"region\" tabindex=\"0\">\n    <table>\n      <caption>Resumo das condi\u00e7\u00f5es de armazenamento recomendadas para batatas inteiras<\/caption>\n      <thead>\n        <tr>\n          <th scope=\"col\">Condi\u00e7\u00e3o<\/th>\n          <th scope=\"col\">Efeito poss\u00edvel<\/th>\n          <th scope=\"col\">Orienta\u00e7\u00e3o<\/th>\n        <\/tr>\n      <\/thead>\n      <tbody>\n        <tr>\n          <td data-label=\"Condi\u00e7\u00e3o\">Geladeira<\/td>\n          <td data-label=\"Efeito poss\u00edvel\">Aumento de a\u00e7\u00facar e escurecimento<\/td>\n          <td data-label=\"Orienta\u00e7\u00e3o\">Evitar como armazenamento padr\u00e3o<\/td>\n        <\/tr>\n        <tr>\n          <td data-label=\"Condi\u00e7\u00e3o\">Luz<\/td>\n          <td data-label=\"Efeito poss\u00edvel\">Esverdeamento<\/td>\n          <td data-label=\"Orienta\u00e7\u00e3o\">Preferir local escuro<\/td>\n        <\/tr>\n        <tr>\n          <td data-label=\"Condi\u00e7\u00e3o\">Pouco ar<\/td>\n          <td data-label=\"Efeito poss\u00edvel\">Reten\u00e7\u00e3o de umidade<\/td>\n          <td data-label=\"Orienta\u00e7\u00e3o\">Usar saco de papel ou perfurado<\/td>\n        <\/tr>\n      <\/tbody>\n    <\/table>\n  <\/div>\n<\/div>\n\n\n\n<h2 class=\"wp-block-heading\">O que fazer se as batatas j\u00e1 passaram alguns dias na geladeira?<\/h2>\n\n\n\n<p class=\"wp-block-paragraph\">O escurecimento no preparo pode ser uma consequ\u00eancia do <strong>aumento de a\u00e7\u00facares<\/strong>, mas a apar\u00eancia final varia conforme variedade, tempo, temperatura e m\u00e9todo culin\u00e1rio. Para as pr\u00f3ximas compras, prefira armazenamento nas condi\u00e7\u00f5es recomendadas, sem usar a geladeira como padr\u00e3o para batatas inteiras.<\/p>\n\n\n\n<p class=\"wp-block-paragraph\">A regra dom\u00e9stica fica simples: <strong>batata em lugar fresco, escuro e ventilado<\/strong>, com ar passando pela embalagem. A geladeira parece uma escolha intuitiva, mas neste caso o frio pode mudar a qu\u00edmica do tub\u00e9rculo e favorecer a cor mais escura que aparece apenas durante o preparo.<\/p>\n","protected":false},"excerpt":{"rendered":"<p>EM FOCO Resumo da mat\u00e9ria 01 Geladeira ado\u00e7a o amido Temperaturas baixas favorecem a convers\u00e3o de parte do amido em a\u00e7\u00facar, alterando sabor e comportamento da batata quando \u00e9 cozida. frio excessivo 02 A\u00e7\u00facar favorece escurecimento O aumento de a\u00e7\u00facares pode fazer a batata ficar mais escura no preparo, especialmente quando passa por temperaturas elevadas. [&hellip;]<\/p>\n","protected":false},"author":30,"featured_media":262560,"comment_status":"open","ping_status":"open","sticky":false,"template":"","format":"standard","meta":{"jnews-multi-image_gallery":[],"jnews_single_post":{"format":"standard"},"jnews_primary_category":[],"jnews_social_meta":[],"jnews_override_counter":[],"footnotes":""},"categories":[8819],"tags":[4818,6157,3563,7291],"class_list":["post-262453","post","type-post","status-publish","format-standard","has-post-thumbnail","hentry","category-curiosidades","tag-armazenamento","tag-batata","tag-cozinha","tag-geladeira"],"yoast_head":"<!-- This site is optimized with the Yoast SEO plugin v28.3 - https:\/\/yoast.com\/product\/yoast-seo-wordpress\/ -->\n<title>A batata pode escurecer na panela depois de passar dias na geladeira: entenda onde guardar para conservar melhor - Estado de Minas - Em foco<\/title>\n<meta name=\"description\" content=\"O frio da geladeira pode transformar amido em a\u00e7\u00facar e favorecer o escurecimento da batata. O melhor lugar de armazenamento \u00e9 outro.\" \/>\n<meta name=\"robots\" content=\"index, follow, max-snippet:-1, max-image-preview:large, max-video-preview:-1\" \/>\n<link rel=\"canonical\" href=\"https:\/\/www.em.com.br\/emfoco\/2026\/09\/05\/a-batata-pode-escurecer-na-panela-depois-de-passar-dias-na-geladeira-entenda-onde-guardar-para-conservar-melhor\/\" \/>\n<meta property=\"og:locale\" content=\"pt_BR\" \/>\n<meta property=\"og:type\" content=\"article\" \/>\n<meta property=\"og:title\" content=\"A batata pode escurecer na panela depois de passar dias na geladeira: entenda onde guardar para conservar melhor - Estado de Minas - Em foco\" \/>\n<meta property=\"og:description\" content=\"O frio da geladeira pode transformar amido em a\u00e7\u00facar e favorecer o escurecimento da batata. O melhor lugar de armazenamento \u00e9 outro.\" \/>\n<meta property=\"og:url\" content=\"https:\/\/www.em.com.br\/emfoco\/2026\/09\/05\/a-batata-pode-escurecer-na-panela-depois-de-passar-dias-na-geladeira-entenda-onde-guardar-para-conservar-melhor\/\" \/>\n<meta property=\"og:site_name\" content=\"Estado de Minas - Em foco\" \/>\n<meta property=\"article:published_time\" content=\"2026-09-05T19:57:00+00:00\" \/>\n<meta property=\"og:image\" content=\"https:\/\/www.em.com.br\/emfoco\/wp-content\/uploads\/2026\/09\/saco-de-bata.jpg\" \/>\n\t<meta property=\"og:image:width\" content=\"1280\" \/>\n\t<meta property=\"og:image:height\" content=\"720\" \/>\n\t<meta property=\"og:image:type\" content=\"image\/jpeg\" \/>\n<meta name=\"author\" content=\"Guilherme Ara\u00fajo\" \/>\n<meta name=\"twitter:card\" content=\"summary_large_image\" \/>\n<meta name=\"twitter:label1\" content=\"Escrito por\" \/>\n\t<meta name=\"twitter:data1\" content=\"Guilherme Ara\u00fajo\" \/>\n\t<meta name=\"twitter:label2\" content=\"Est. tempo de leitura\" \/>\n\t<meta name=\"twitter:data2\" content=\"6 minutos\" \/>\n<!-- \/ Yoast SEO plugin. -->","yoast_head_json":{"title":"A batata pode escurecer na panela depois de passar dias na geladeira: entenda onde guardar para conservar melhor - Estado de Minas - Em foco","description":"O frio da geladeira pode transformar amido em a\u00e7\u00facar e favorecer o escurecimento da batata. O melhor lugar de armazenamento \u00e9 outro.","robots":{"index":"index","follow":"follow","max-snippet":"max-snippet:-1","max-image-preview":"max-image-preview:large","max-video-preview":"max-video-preview:-1"},"canonical":"https:\/\/www.em.com.br\/emfoco\/2026\/09\/05\/a-batata-pode-escurecer-na-panela-depois-de-passar-dias-na-geladeira-entenda-onde-guardar-para-conservar-melhor\/","og_locale":"pt_BR","og_type":"article","og_title":"A batata pode escurecer na panela depois de passar dias na geladeira: entenda onde guardar para conservar melhor - Estado de Minas - Em foco","og_description":"O frio da geladeira pode transformar amido em a\u00e7\u00facar e favorecer o escurecimento da batata. O melhor lugar de armazenamento \u00e9 outro.","og_url":"https:\/\/www.em.com.br\/emfoco\/2026\/09\/05\/a-batata-pode-escurecer-na-panela-depois-de-passar-dias-na-geladeira-entenda-onde-guardar-para-conservar-melhor\/","og_site_name":"Estado de Minas - Em foco","article_published_time":"2026-09-05T19:57:00+00:00","og_image":[{"width":1280,"height":720,"url":"https:\/\/www.em.com.br\/emfoco\/wp-content\/uploads\/2026\/09\/saco-de-bata.jpg","type":"image\/jpeg"}],"author":"Guilherme Ara\u00fajo","twitter_card":"summary_large_image","twitter_misc":{"Escrito por":"Guilherme Ara\u00fajo","Est. tempo de leitura":"6 minutos"},"schema":{"@context":"https:\/\/schema.org","@graph":[{"@type":"Article","@id":"https:\/\/www.em.com.br\/emfoco\/2026\/09\/05\/a-batata-pode-escurecer-na-panela-depois-de-passar-dias-na-geladeira-entenda-onde-guardar-para-conservar-melhor\/#article","isPartOf":{"@id":"https:\/\/www.em.com.br\/emfoco\/2026\/09\/05\/a-batata-pode-escurecer-na-panela-depois-de-passar-dias-na-geladeira-entenda-onde-guardar-para-conservar-melhor\/"},"author":{"name":"Guilherme Ara\u00fajo","@id":"https:\/\/www.em.com.br\/emfoco\/#\/schema\/person\/5379e929a4b966c775d121e23f9bb421"},"headline":"A batata pode escurecer na panela depois de passar dias na geladeira: entenda onde guardar para conservar melhor","datePublished":"2026-09-05T19:57:00+00:00","mainEntityOfPage":{"@id":"https:\/\/www.em.com.br\/emfoco\/2026\/09\/05\/a-batata-pode-escurecer-na-panela-depois-de-passar-dias-na-geladeira-entenda-onde-guardar-para-conservar-melhor\/"},"wordCount":859,"commentCount":0,"image":{"@id":"https:\/\/www.em.com.br\/emfoco\/2026\/09\/05\/a-batata-pode-escurecer-na-panela-depois-de-passar-dias-na-geladeira-entenda-onde-guardar-para-conservar-melhor\/#primaryimage"},"thumbnailUrl":"https:\/\/www.em.com.br\/emfoco\/wp-content\/uploads\/2026\/09\/saco-de-bata.jpg","keywords":["armazenamento","batata","cozinha","geladeira"],"articleSection":["Curiosidades"],"inLanguage":"pt-BR","potentialAction":[{"@type":"CommentAction","name":"Comment","target":["https:\/\/www.em.com.br\/emfoco\/2026\/09\/05\/a-batata-pode-escurecer-na-panela-depois-de-passar-dias-na-geladeira-entenda-onde-guardar-para-conservar-melhor\/#respond"]}]},{"@type":"WebPage","@id":"https:\/\/www.em.com.br\/emfoco\/2026\/09\/05\/a-batata-pode-escurecer-na-panela-depois-de-passar-dias-na-geladeira-entenda-onde-guardar-para-conservar-melhor\/","url":"https:\/\/www.em.com.br\/emfoco\/2026\/09\/05\/a-batata-pode-escurecer-na-panela-depois-de-passar-dias-na-geladeira-entenda-onde-guardar-para-conservar-melhor\/","name":"A batata pode escurecer na panela depois de passar dias na geladeira: entenda onde guardar para conservar melhor - Estado de Minas - Em foco","isPartOf":{"@id":"https:\/\/www.em.com.br\/emfoco\/#website"},"primaryImageOfPage":{"@id":"https:\/\/www.em.com.br\/emfoco\/2026\/09\/05\/a-batata-pode-escurecer-na-panela-depois-de-passar-dias-na-geladeira-entenda-onde-guardar-para-conservar-melhor\/#primaryimage"},"image":{"@id":"https:\/\/www.em.com.br\/emfoco\/2026\/09\/05\/a-batata-pode-escurecer-na-panela-depois-de-passar-dias-na-geladeira-entenda-onde-guardar-para-conservar-melhor\/#primaryimage"},"thumbnailUrl":"https:\/\/www.em.com.br\/emfoco\/wp-content\/uploads\/2026\/09\/saco-de-bata.jpg","datePublished":"2026-09-05T19:57:00+00:00","author":{"@id":"https:\/\/www.em.com.br\/emfoco\/#\/schema\/person\/5379e929a4b966c775d121e23f9bb421"},"description":"O frio da geladeira pode transformar amido em a\u00e7\u00facar e favorecer o escurecimento da batata. O melhor lugar de armazenamento \u00e9 outro.","breadcrumb":{"@id":"https:\/\/www.em.com.br\/emfoco\/2026\/09\/05\/a-batata-pode-escurecer-na-panela-depois-de-passar-dias-na-geladeira-entenda-onde-guardar-para-conservar-melhor\/#breadcrumb"},"inLanguage":"pt-BR","potentialAction":[{"@type":"ReadAction","target":["https:\/\/www.em.com.br\/emfoco\/2026\/09\/05\/a-batata-pode-escurecer-na-panela-depois-de-passar-dias-na-geladeira-entenda-onde-guardar-para-conservar-melhor\/"]}]},{"@type":"ImageObject","inLanguage":"pt-BR","@id":"https:\/\/www.em.com.br\/emfoco\/2026\/09\/05\/a-batata-pode-escurecer-na-panela-depois-de-passar-dias-na-geladeira-entenda-onde-guardar-para-conservar-melhor\/#primaryimage","url":"https:\/\/www.em.com.br\/emfoco\/wp-content\/uploads\/2026\/09\/saco-de-bata.jpg","contentUrl":"https:\/\/www.em.com.br\/emfoco\/wp-content\/uploads\/2026\/09\/saco-de-bata.jpg","width":1280,"height":720,"caption":"Temperaturas muito baixas podem provocar mudan\u00e7as no tub\u00e9rculo antes mesmo de qualquer sinal aparecer por fora"},{"@type":"BreadcrumbList","@id":"https:\/\/www.em.com.br\/emfoco\/2026\/09\/05\/a-batata-pode-escurecer-na-panela-depois-de-passar-dias-na-geladeira-entenda-onde-guardar-para-conservar-melhor\/#breadcrumb","itemListElement":[{"@type":"ListItem","position":1,"name":"In\u00edcio","item":"https:\/\/www.em.com.br\/emfoco\/"},{"@type":"ListItem","position":2,"name":"A batata pode escurecer na panela depois de passar dias na geladeira: entenda onde guardar para conservar melhor"}]},{"@type":"WebSite","@id":"https:\/\/www.em.com.br\/emfoco\/#website","url":"https:\/\/www.em.com.br\/emfoco\/","name":"Estado de Minas - Em foco","description":"Acompanhe as \u00faltimas not\u00edcias e fique bem informado sobre tudo o que acontece em Minas Gerais, Brasil e no mundo.","potentialAction":[{"@type":"SearchAction","target":{"@type":"EntryPoint","urlTemplate":"https:\/\/www.em.com.br\/emfoco\/?s={search_term_string}"},"query-input":{"@type":"PropertyValueSpecification","valueRequired":true,"valueName":"search_term_string"}}],"inLanguage":"pt-BR"},{"@type":"Person","@id":"https:\/\/www.em.com.br\/emfoco\/#\/schema\/person\/5379e929a4b966c775d121e23f9bb421","name":"Guilherme Ara\u00fajo","image":{"@type":"ImageObject","inLanguage":"pt-BR","@id":"https:\/\/secure.gravatar.com\/avatar\/063bc96e5a2afd1844386c45bd1360efc771eff011a9fab8cd399e2a104c3ecd?s=96&d=mm&r=g","url":"https:\/\/secure.gravatar.com\/avatar\/063bc96e5a2afd1844386c45bd1360efc771eff011a9fab8cd399e2a104c3ecd?s=96&d=mm&r=g","contentUrl":"https:\/\/secure.gravatar.com\/avatar\/063bc96e5a2afd1844386c45bd1360efc771eff011a9fab8cd399e2a104c3ecd?s=96&d=mm&r=g","caption":"Guilherme Ara\u00fajo"},"sameAs":["https:\/\/www.em.com.br\/emfoco"],"url":"https:\/\/www.em.com.br\/emfoco\/author\/guilhermeamyth\/"}]}},"_links":{"self":[{"href":"https:\/\/www.em.com.br\/emfoco\/wp-json\/wp\/v2\/posts\/262453","targetHints":{"allow":["GET"]}}],"collection":[{"href":"https:\/\/www.em.com.br\/emfoco\/wp-json\/wp\/v2\/posts"}],"about":[{"href":"https:\/\/www.em.com.br\/emfoco\/wp-json\/wp\/v2\/types\/post"}],"author":[{"embeddable":true,"href":"https:\/\/www.em.com.br\/emfoco\/wp-json\/wp\/v2\/users\/30"}],"replies":[{"embeddable":true,"href":"https:\/\/www.em.com.br\/emfoco\/wp-json\/wp\/v2\/comments?post=262453"}],"version-history":[{"count":4,"href":"https:\/\/www.em.com.br\/emfoco\/wp-json\/wp\/v2\/posts\/262453\/revisions"}],"predecessor-version":[{"id":262585,"href":"https:\/\/www.em.com.br\/emfoco\/wp-json\/wp\/v2\/posts\/262453\/revisions\/262585"}],"wp:featuredmedia":[{"embeddable":true,"href":"https:\/\/www.em.com.br\/emfoco\/wp-json\/wp\/v2\/media\/262560"}],"wp:attachment":[{"href":"https:\/\/www.em.com.br\/emfoco\/wp-json\/wp\/v2\/media?parent=262453"}],"wp:term":[{"taxonomy":"category","embeddable":true,"href":"https:\/\/www.em.com.br\/emfoco\/wp-json\/wp\/v2\/categories?post=262453"},{"taxonomy":"post_tag","embeddable":true,"href":"https:\/\/www.em.com.br\/emfoco\/wp-json\/wp\/v2\/tags?post=262453"}],"curies":[{"name":"wp","href":"https:\/\/api.w.org\/{rel}","templated":true}]}}