{"id":262430,"date":"2026-09-04T10:59:00","date_gmt":"2026-09-04T13:59:00","guid":{"rendered":"https:\/\/www.em.com.br\/emfoco\/?p=262430"},"modified":"2026-09-04T00:50:55","modified_gmt":"2026-09-04T03:50:55","slug":"a-apenas-61-milhoes-de-km-da-superficie-do-sol-uma-sonda-construida-na-terra-atravessou-a-atmosfera-solar-a-cerca-de-692-mil-km-h-sobreviveu-ao-calor-extremo-e-se-tornou-o-objeto-humano-mais-rapido","status":"publish","type":"post","link":"https:\/\/www.em.com.br\/emfoco\/2026\/09\/04\/a-apenas-61-milhoes-de-km-da-superficie-do-sol-uma-sonda-construida-na-terra-atravessou-a-atmosfera-solar-a-cerca-de-692-mil-km-h-sobreviveu-ao-calor-extremo-e-se-tornou-o-objeto-humano-mais-rapido\/","title":{"rendered":"O telesc\u00f3pio James Webb encontrou um buraco negro supermassivo que parece ter surgido antes de sua pr\u00f3pria gal\u00e1xia, desafiando a ordem tradicional usada para explicar como essas estruturas cresceram no Universo jovem"},"content":{"rendered":"\n<div class=\"emf-summary google-auto-ads-ignore\">\n  <style>\n    .emf-summary {\n      --emf-navy:#00245a;\n      --emf-navy-soft:#0b3b70;\n      --emf-ink:#1d2731;\n      --emf-muted:#66727e;\n      --emf-line:#d7dde5;\n      --emf-paper:#ffffff;\n      --emf-wash:#f4f6f8;\n      box-sizing:border-box!important;\n      inline-size:min(1100px,100%)!important;\n      max-inline-size:100%!important;\n      margin-inline:auto!important;\n      overflow:hidden!important;\n      color:var(--emf-ink);\n      background:var(--emf-paper);\n      border:1px solid var(--emf-line);\n      border-block-start:5px solid var(--emf-navy);\n      border-radius:6px!important;\n      box-shadow:0 8px 24px rgba(0,36,90,.08);\n      font-family:Arial,Helvetica,sans-serif;\n    }\n\n    .emf-summary *,\n    .emf-summary *::before,\n    .emf-summary *::after {\n      box-sizing:border-box!important;\n    }\n\n    .emf-summary-brand {\n      display:flex;\n      align-items:center;\n      gap:14px;\n      padding:16px 20px;\n      color:#fff;\n      background:linear-gradient(105deg,var(--emf-navy) 0%,var(--emf-navy-soft) 100%);\n      border-block-end:1px solid rgba(255,255,255,.18);\n    }\n\n    .emf-summary-logo {\n      display:grid;\n      place-items:center;\n      inline-size:58px;\n      block-size:58px;\n      flex:0 0 58px;\n      background:rgba(255,255,255,.08);\n      border:1px solid rgba(255,255,255,.35);\n      border-radius:3px!important;\n    }\n\n    .emf-summary-logo img {\n      display:block;\n      inline-size:46px;\n      block-size:46px;\n      max-inline-size:46px;\n      max-block-size:46px;\n      object-fit:contain;\n    }\n\n    .emf-summary-eyebrow {\n      margin:0 0 3px;\n      font-size:11px;\n      font-weight:700;\n      letter-spacing:.18em;\n      line-height:1.2;\n      text-transform:uppercase;\n      opacity:.78;\n    }\n\n    .emf-summary-title {\n      margin:0;\n      font-family:Georgia,\"Times New Roman\",serif;\n      font-size:25px;\n      font-weight:700;\n      line-height:1.15;\n    }\n\n    .emf-summary-grid {\n      display:grid;\n      grid-template-columns:repeat(3,minmax(0,1fr));\n      gap:0;\n      background:var(--emf-wash);\n    }\n\n    .emf-summary-card {\n      position:relative;\n      min-block-size:190px;\n      padding:24px 20px 20px;\n      overflow:hidden!important;\n      background:#fff;\n      border-inline-end:1px solid var(--emf-line);\n    }\n\n    .emf-summary-card:last-child {\n      border-inline-end:0;\n    }\n\n    .emf-summary-number {\n      position:absolute;\n      inset-block-start:13px;\n      inset-inline-end:15px;\n      color:rgba(0,36,90,.10);\n      font-family:Georgia,\"Times New Roman\",serif;\n      font-size:46px;\n      font-weight:700;\n      line-height:1;\n      pointer-events:none;\n    }\n\n    .emf-summary-card-title {\n      position:relative;\n      z-index:1;\n      margin:0 0 11px;\n      padding-block-end:10px;\n      color:var(--emf-navy);\n      border-block-end:2px solid var(--emf-navy);\n      font-family:Georgia,\"Times New Roman\",serif;\n      font-size:18px;\n      font-weight:700;\n      line-height:1.3;\n      overflow-wrap:anywhere;\n    }\n\n    .emf-summary-card-text {\n      position:relative;\n      z-index:1;\n      color:#485560;\n      font-size:13px;\n      line-height:1.6;\n      overflow-wrap:anywhere;\n    }\n\n    .emf-summary-card-meta {\n      position:relative;\n      z-index:1;\n      display:inline-flex;\n      margin-block-start:16px;\n      padding:5px 8px;\n      color:var(--emf-navy);\n      background:#edf1f5;\n      border:1px solid #d9e0e7;\n      border-radius:2px!important;\n      font-size:10px;\n      font-weight:700;\n      letter-spacing:.08em;\n      line-height:1.2;\n      text-transform:uppercase;\n    }\n\n    @media(max-width:760px) {\n      .emf-summary-grid {\n        grid-template-columns:1fr;\n      }\n\n      .emf-summary-card {\n        min-block-size:0;\n        border-inline-end:0;\n        border-block-end:1px solid var(--emf-line);\n      }\n\n      .emf-summary-card:last-child {\n        border-block-end:0;\n      }\n    }\n\n    @media(max-width:480px) {\n      .emf-summary-brand {\n        padding:14px 15px;\n      }\n\n      .emf-summary-logo {\n        inline-size:52px;\n        block-size:52px;\n        flex-basis:52px;\n      }\n\n      .emf-summary-logo img {\n        inline-size:41px;\n        block-size:41px;\n        max-inline-size:41px;\n        max-block-size:41px;\n      }\n\n      .emf-summary-title {\n        font-size:22px;\n      }\n\n      .emf-summary-card {\n        padding:21px 16px 18px;\n      }\n    }\n  <\/style>\n\n  <div class=\"emf-summary-brand\">\n    <div class=\"emf-summary-logo\">\n      <img\n        alt=\"Logo EM Foco\"\n        decoding=\"async\"\n        fetchpriority=\"high\"\n        height=\"46\"\n        loading=\"eager\"\n        referrerpolicy=\"no-referrer\"\n        src=\"https:\/\/www.em.com.br\/emfoco\/wp-content\/uploads\/2026\/08\/em_transparente_3000px-scaled.png\"\n        width=\"46\"\n      >\n    <\/div>\n\n    <div>\n      <div class=\"emf-summary-eyebrow\">EM FOCO<\/div>\n      <div class=\"emf-summary-title\">Resumo da mat\u00e9ria<\/div>\n    <\/div>\n  <\/div>\n\n  <div class=\"emf-summary-grid\">\n    <div class=\"emf-summary-card\">\n      <span aria-hidden=\"true\" class=\"emf-summary-number\">01<\/span>\n      <div aria-level=\"3\" class=\"emf-summary-card-title\" role=\"heading\">\n        N\u00facleo enorme\n      <\/div>\n      <div class=\"emf-summary-card-text\">\n        O Webb mediu um buraco negro de cerca de 50 milh\u00f5es de massas solares dentro de uma gal\u00e1xia muito pequena do Universo jovem.\n      <\/div>\n      <div class=\"emf-summary-card-meta\">\n        Massa direta\n      <\/div>\n    <\/div>\n    <div class=\"emf-summary-card\">\n      <span aria-hidden=\"true\" class=\"emf-summary-number\">02<\/span>\n      <div aria-level=\"3\" class=\"emf-summary-card-title\" role=\"heading\">\n        Ordem invertida\n      <\/div>\n      <div class=\"emf-summary-card-text\">\n        A rela\u00e7\u00e3o entre o n\u00facleo e sua hospedeira sugere que o buraco negro pode ter crescido antes de a gal\u00e1xia formar muitas estrelas.\n      <\/div>\n      <div class=\"emf-summary-card-meta\">\n        Hip\u00f3tese forte\n      <\/div>\n    <\/div>\n    <div class=\"emf-summary-card\">\n      <span aria-hidden=\"true\" class=\"emf-summary-number\">03<\/span>\n      <div aria-level=\"3\" class=\"emf-summary-card-title\" role=\"heading\">\n        Origem em aberto\n      <\/div>\n      <div class=\"emf-summary-card-text\">\n        Colapso direto de g\u00e1s e buracos negros primordiais est\u00e3o entre os cen\u00e1rios discutidos para explicar uma semente t\u00e3o pesada.\n      <\/div>\n      <div class=\"emf-summary-card-meta\">\n        Modelos testados\n      <\/div>\n    <\/div>\n  <\/div>\n<\/div>\n\n\n\n<p class=\"wp-block-paragraph\">O <strong>James Webb<\/strong> observou o <strong>Abell2744-QSO1<\/strong>, objeto do Universo jovem com um buraco negro de cerca de 50 milh\u00f5es de massas solares. A medi\u00e7\u00e3o direta indica que ele j\u00e1 era enorme quando a gal\u00e1xia hospedeira ainda era pequena, refor\u00e7ando a hip\u00f3tese de forma\u00e7\u00e3o anterior aos principais componentes estelares da gal\u00e1xia.<\/p>\n\n\n\n<h2 class=\"wp-block-heading\">O que o James Webb encontrou no objeto Abell2744-QSO1?<\/h2>\n\n\n\n<p class=\"wp-block-paragraph\">O <a href=\"https:\/\/en.wikipedia.org\/wiki\/Abell_2744-QSO1\" target=\"_blank\" rel=\"noopener noreferrer\"><strong>Abell2744-QSO1<\/strong><\/a> \u00e9 um pequeno objeto vermelho observado quando o Universo tinha cerca de 700 milh\u00f5es de anos. O James Webb conseguiu mapear o g\u00e1s ao redor de seu n\u00facleo e fazer uma <strong>medi\u00e7\u00e3o direta da massa<\/strong> do buraco negro central.<\/p>\n\n\n\n<p class=\"wp-block-paragraph\">O resultado aponta para um buraco negro com aproximadamente <strong>50 milh\u00f5es de massas solares<\/strong>, inserido em uma gal\u00e1xia muito pequena e pobre em estrelas. Essa combina\u00e7\u00e3o \u00e9 incomum porque, nos cen\u00e1rios cl\u00e1ssicos, uma estrutura t\u00e3o massiva costuma ser associada a uma hospedeira estelar muito mais desenvolvida.<\/p>\n\n\n<div class=\"wp-block-image\">\n<figure class=\"aligncenter size-large\"><img decoding=\"async\" width=\"1024\" height=\"576\" src=\"https:\/\/www.em.com.br\/emfoco\/wp-content\/uploads\/2026\/09\/Reconstructing_Abell2744-QSO1_gr\u2026_202609040015-1024x576.jpg\" alt=\"Buraco negro de QSO1 pode ter surgido antes da gal\u00e1xia\" class=\"wp-image-262409\" srcset=\"https:\/\/www.em.com.br\/emfoco\/wp-content\/uploads\/2026\/09\/Reconstructing_Abell2744-QSO1_gr\u2026_202609040015-1024x576.jpg 1024w, https:\/\/www.em.com.br\/emfoco\/wp-content\/uploads\/2026\/09\/Reconstructing_Abell2744-QSO1_gr\u2026_202609040015-300x169.jpg 300w, https:\/\/www.em.com.br\/emfoco\/wp-content\/uploads\/2026\/09\/Reconstructing_Abell2744-QSO1_gr\u2026_202609040015-768x432.jpg 768w, https:\/\/www.em.com.br\/emfoco\/wp-content\/uploads\/2026\/09\/Reconstructing_Abell2744-QSO1_gr\u2026_202609040015-750x422.jpg 750w, https:\/\/www.em.com.br\/emfoco\/wp-content\/uploads\/2026\/09\/Reconstructing_Abell2744-QSO1_gr\u2026_202609040015-1140x641.jpg 1140w, https:\/\/www.em.com.br\/emfoco\/wp-content\/uploads\/2026\/09\/Reconstructing_Abell2744-QSO1_gr\u2026_202609040015.jpg 1280w\" sizes=\"(max-width: 1024px) 100vw, 1024px\" \/><figcaption class=\"wp-element-caption\">Buraco negro de QSO1 pode ter surgido antes da gal\u00e1xia<\/figcaption><\/figure>\n<\/div>\n\n\n<h2 class=\"wp-block-heading\">Por que os dados sugerem que o buraco negro veio primeiro?<\/h2>\n\n\n\n<p class=\"wp-block-paragraph\">A massa do buraco negro \u00e9 grande demais em rela\u00e7\u00e3o ao limite observado para a massa estelar da gal\u00e1xia. Isso favorece a leitura de que o <strong>buraco negro j\u00e1 nasceu grande<\/strong> e pode ter come\u00e7ado a crescer antes de a hospedeira formar a popula\u00e7\u00e3o de estrelas esperada.<\/p>\n\n\n\n<p class=\"wp-block-paragraph\">A <strong>equipe respons\u00e1vel pela an\u00e1lise<\/strong> explica que QSO1 pode representar um buraco negro primordial ou uma semente pesada formada pelo colapso direto de g\u00e1s. As observa\u00e7\u00f5es n\u00e3o fecham qual mecanismo ocorreu, mas pressionam modelos baseados apenas em remanescentes estelares pequenos.<\/p>\n\n\n\n<blockquote class=\"wp-block-quote myth-citacao-fonte\">\n  <span class=\"myth-citacao-contexto\">\n    A equipe destacou o impacto sobre os modelos cl\u00e1ssicos\n  <\/span>\n\n  <p>\u201c<a href=\"https:\/\/www.cam.ac.uk\/research\/news\/astronomers-spot-black-hole-that-formed-before-its-galaxy#:~:text=It%E2%80%99s%20a%20total%20revisiting%20of%20the%20classical%20scenarios%20of%20how%20black%20holes%20form%20and%20grow.\" target=\"_blank\" rel=\"noopener noreferrer\">\u00c9 uma revis\u00e3o completa dos cen\u00e1rios cl\u00e1ssicos de como os buracos negros se formam e crescem<\/a>\u201d<\/p>\n\n  <cite>\n    <strong>Roberto Maiolino<\/strong>\n    <span>\n      Universidade de Cambridge, declara\u00e7\u00e3o sobre Abell2744-QSO1, tradu\u00e7\u00e3o livre do original em ingl\u00eas\n    <\/span>\n  <\/cite>\n<\/blockquote>\n\n\n\n<h2 class=\"wp-block-heading\">Que pistas do QSO1 tornam esse caso t\u00e3o incomum?<\/h2>\n\n\n\n<p class=\"wp-block-paragraph\">O objeto est\u00e1 a mais de <strong>13 bilh\u00f5es de anos-luz<\/strong> e aparece ampliado por lente gravitacional do aglomerado Abell 2744. Essa amplia\u00e7\u00e3o natural ajudou o Webb a separar informa\u00e7\u00f5es do g\u00e1s e estimar a massa central com mais precis\u00e3o do que seria poss\u00edvel para muitos objetos semelhantes.<\/p>\n\n\n\n<p class=\"wp-block-paragraph\">Outra pista \u00e9 a composi\u00e7\u00e3o ao redor do n\u00facleo: o sistema cont\u00e9m principalmente <strong>hidrog\u00eanio e h\u00e9lio<\/strong>, com pouca contribui\u00e7\u00e3o de elementos mais pesados produzidos por gera\u00e7\u00f5es de estrelas. Isso combina com uma gal\u00e1xia ainda pouco desenvolvida em torno de um buraco negro j\u00e1 enorme.<\/p>\n\n\n\n<p class=\"myth-list-bridge wp-block-paragraph\">A seguir listamos <strong>quatro pistas observacionais<\/strong> que tornam o QSO1 diferente de uma gal\u00e1xia jovem com crescimento convencional:<\/p>\n\n\n\n<ul class=\"wp-block-list myth-bullet-list\">\n<li><strong>Massa extrema:<\/strong> o buraco negro chega a cerca de 50 milh\u00f5es de massas solares em uma \u00e9poca muito jovem do Universo.<\/li>\n\n\n\n<li><strong>Gal\u00e1xia pequena:<\/strong> a hospedeira n\u00e3o apresenta a massa estelar esperada para acompanhar um n\u00facleo t\u00e3o pesado.<\/li>\n\n\n\n<li><strong>Qu\u00edmica simples:<\/strong> o g\u00e1s ao redor \u00e9 dominado por hidrog\u00eanio e h\u00e9lio, com poucos elementos produzidos por estrelas.<\/li>\n\n\n\n<li><strong>Lente gravitacional:<\/strong> o aglomerado Abell 2744 amplia o objeto e torna as medi\u00e7\u00f5es do Webb mais detalhadas.<\/li>\n<\/ul>\n\n\n<div class=\"wp-block-image\">\n<figure class=\"aligncenter size-large\"><img decoding=\"async\" width=\"1024\" height=\"576\" src=\"https:\/\/www.em.com.br\/emfoco\/wp-content\/uploads\/2026\/09\/Black_hole_gas_reconstruction_202609040015-1024x576.jpg\" alt=\"Buraco negro de QSO1 pode ter surgido antes da gal\u00e1xia\" class=\"wp-image-262411\" srcset=\"https:\/\/www.em.com.br\/emfoco\/wp-content\/uploads\/2026\/09\/Black_hole_gas_reconstruction_202609040015-1024x576.jpg 1024w, https:\/\/www.em.com.br\/emfoco\/wp-content\/uploads\/2026\/09\/Black_hole_gas_reconstruction_202609040015-300x169.jpg 300w, https:\/\/www.em.com.br\/emfoco\/wp-content\/uploads\/2026\/09\/Black_hole_gas_reconstruction_202609040015-768x432.jpg 768w, https:\/\/www.em.com.br\/emfoco\/wp-content\/uploads\/2026\/09\/Black_hole_gas_reconstruction_202609040015-750x422.jpg 750w, https:\/\/www.em.com.br\/emfoco\/wp-content\/uploads\/2026\/09\/Black_hole_gas_reconstruction_202609040015-1140x641.jpg 1140w, https:\/\/www.em.com.br\/emfoco\/wp-content\/uploads\/2026\/09\/Black_hole_gas_reconstruction_202609040015.jpg 1280w\" sizes=\"(max-width: 1024px) 100vw, 1024px\" \/><figcaption class=\"wp-element-caption\">Buraco negro de QSO1 pode ter surgido antes da gal\u00e1xia<\/figcaption><\/figure>\n<\/div>\n\n\n<p class=\"wp-block-paragraph\">Leia tamb\u00e9m: <a href=\"https:\/\/www.em.com.br\/emfoco\/2026\/08\/08\/uma-ilha-da-escocia-e-cercada-por-um-muro-de-21-km-para-manter-ovelhas-na-praia-e-o-motivo-esta-na-dieta-de-algas-que-elas-desenvolveram-ao-longo-de-geracoes\/\" target=\"_blank\" rel=\"noreferrer noopener\">Uma ilha da Esc\u00f3cia \u00e9 cercada por um muro de 21 km para manter ovelhas na praia e o motivo est\u00e1 na dieta de algas que elas desenvolveram ao longo de gera\u00e7\u00f5es<\/a><\/p>\n\n\n\n<h2 class=\"wp-block-heading\">Quais cen\u00e1rios podem explicar um buraco negro t\u00e3o grande t\u00e3o cedo?<\/h2>\n\n\n\n<p class=\"wp-block-paragraph\">Uma possibilidade \u00e9 a forma\u00e7\u00e3o por <strong>colapso direto<\/strong> de uma nuvem gigante de g\u00e1s, criando uma semente inicial muito mais pesada do que um buraco negro de origem estelar. Outra hip\u00f3tese discutida envolve buracos negros primordiais formados em condi\u00e7\u00f5es extremas do Universo muito jovem.<\/p>\n\n\n\n<p class=\"wp-block-paragraph\">A an\u00e1lise divulgada pela <a href=\"https:\/\/esawebb.org\/news\/weic2609\/\" target=\"_blank\" rel=\"noopener noreferrer\"><strong>ESA\/Webb<\/strong><\/a> afirma que o objeto provavelmente nasceu grande, mas deixa aberta a origem exata. Essa distin\u00e7\u00e3o importa porque cada cen\u00e1rio prev\u00ea \u00e9pocas, massas iniciais e ambientes diferentes para o nascimento dos primeiros buracos negros.<\/p>\n\n\n\n<p class=\"myth-html-bridge wp-block-paragraph\">A seguir listamos <strong>tr\u00eas observa\u00e7\u00f5es centrais<\/strong> que ligam os dados do Webb \u00e0s hip\u00f3teses sobre a origem desse buraco negro:<\/p>\n\n\n\n<div class=\"emf-data-table google-auto-ads-ignore\">\n  <style>\n    .emf-data-table {\n      --emf-navy:#00245a;\n      --emf-navy-soft:#0b3b70;\n      --emf-ink:#1d2731;\n      --emf-muted:#66727e;\n      --emf-line:#d7dde5;\n      --emf-wash:#f4f6f8;\n      box-sizing:border-box!important;\n      inline-size:min(1100px,100%)!important;\n      max-inline-size:100%!important;\n      margin-inline:auto!important;\n      overflow:hidden!important;\n      color:var(--emf-ink);\n      background:#fff;\n      border:1px solid var(--emf-line);\n      border-radius:6px!important;\n      box-shadow:0 8px 24px rgba(0,36,90,.08);\n      font-family:Arial,Helvetica,sans-serif;\n    }\n\n    .emf-data-table *,\n    .emf-data-table *::before,\n    .emf-data-table *::after {\n      box-sizing:border-box!important;\n    }\n\n    .emf-data-table-brand {\n      display:flex;\n      align-items:center;\n      gap:13px;\n      min-block-size:72px;\n      padding:10px 17px;\n      color:#fff;\n      background:linear-gradient(105deg,var(--emf-navy) 0%,var(--emf-navy-soft) 100%);\n      border-block-end:4px solid #c5ced8;\n    }\n\n    .emf-data-table-logo {\n      display:grid;\n      place-items:center;\n      inline-size:52px;\n      block-size:52px;\n      flex:0 0 52px;\n      background:rgba(255,255,255,.08);\n      border:1px solid rgba(255,255,255,.35);\n      border-radius:3px!important;\n    }\n\n    .emf-data-table-logo img {\n      display:block;\n      inline-size:41px;\n      block-size:41px;\n      max-inline-size:41px;\n      max-block-size:41px;\n      object-fit:contain;\n    }\n\n    .emf-data-table-kicker {\n      margin:0 0 2px;\n      font-size:10px;\n      font-weight:700;\n      letter-spacing:.16em;\n      line-height:1.2;\n      text-transform:uppercase;\n      opacity:.78;\n    }\n\n    .emf-data-table-title {\n      margin:0;\n      font-family:Georgia,\"Times New Roman\",serif;\n      font-size:21px;\n      font-weight:700;\n      line-height:1.2;\n    }\n\n    .emf-data-table-scroll {\n      display:block!important;\n      inline-size:100%!important;\n      max-inline-size:100%!important;\n      overflow-x:auto!important;\n      overflow-y:hidden!important;\n      -webkit-overflow-scrolling:touch;\n      overscroll-behavior-inline:contain;\n      scrollbar-width:thin;\n      scrollbar-color:#8798aa #edf1f5;\n    }\n\n    .emf-data-table-scroll:focus-visible {\n      outline:3px solid rgba(0,36,90,.35);\n      outline-offset:-3px;\n    }\n\n    .emf-data-table table {\n      display:table!important;\n      inline-size:100%!important;\n      min-inline-size:680px!important;\n      max-inline-size:none!important;\n      margin:0!important;\n      border:0!important;\n      border-collapse:separate!important;\n      border-spacing:0!important;\n      table-layout:auto!important;\n      background:#fff!important;\n    }\n\n    .emf-data-table caption {\n      position:absolute!important;\n      inline-size:1px!important;\n      block-size:1px!important;\n      padding:0!important;\n      margin:-1px!important;\n      overflow:hidden!important;\n      clip:rect(0,0,0,0)!important;\n      white-space:nowrap!important;\n      border:0!important;\n    }\n\n    .emf-data-table thead {\n      display:table-header-group!important;\n    }\n\n    .emf-data-table tbody {\n      display:table-row-group!important;\n    }\n\n    .emf-data-table tr {\n      display:table-row!important;\n    }\n\n    .emf-data-table th,\n    .emf-data-table td {\n      display:table-cell!important;\n      float:none!important;\n      inline-size:auto!important;\n      max-inline-size:none!important;\n      margin:0!important;\n      border-radius:0!important;\n      text-align:left!important;\n      vertical-align:middle!important;\n    }\n\n    .emf-data-table th {\n      padding:14px 17px!important;\n      color:#fff!important;\n      background:var(--emf-navy)!important;\n      border-block-end:1px solid rgba(255,255,255,.22)!important;\n      border-inline-end:1px solid rgba(255,255,255,.12)!important;\n      font-family:Georgia,\"Times New Roman\",serif;\n      font-size:14px!important;\n      font-weight:700!important;\n      line-height:1.35!important;\n      white-space:nowrap!important;\n    }\n\n    .emf-data-table th:last-child {\n      border-inline-end:0!important;\n    }\n\n    .emf-data-table td {\n      padding:14px 17px!important;\n      color:#43515e!important;\n      background:#fff!important;\n      border-block-end:1px solid var(--emf-line)!important;\n      font-size:14px!important;\n      font-weight:400!important;\n      line-height:1.5!important;\n      overflow-wrap:anywhere;\n    }\n\n    .emf-data-table tbody tr:nth-child(even) td {\n      background:var(--emf-wash)!important;\n    }\n\n    .emf-data-table tbody tr:hover td {\n      background:#eaf0f5!important;\n    }\n\n    .emf-data-table tbody tr:last-child td {\n      border-block-end:0!important;\n    }\n\n    .emf-data-table td:first-child {\n      color:var(--emf-navy)!important;\n      font-weight:700!important;\n    }\n\n    @media(max-width:560px) {\n      .emf-data-table-brand {\n        min-block-size:68px;\n        padding:9px 13px;\n      }\n\n      .emf-data-table-title {\n        font-size:19px;\n      }\n\n      .emf-data-table-scroll {\n        overflow:visible!important;\n      }\n\n      .emf-data-table table,\n      .emf-data-table thead,\n      .emf-data-table tbody,\n      .emf-data-table tr,\n      .emf-data-table th,\n      .emf-data-table td {\n        display:block!important;\n        inline-size:100%!important;\n        min-inline-size:0!important;\n        max-inline-size:100%!important;\n      }\n\n      .emf-data-table table {\n        padding:13px!important;\n      }\n\n      .emf-data-table thead {\n        position:absolute!important;\n        inline-size:1px!important;\n        block-size:1px!important;\n        padding:0!important;\n        margin:-1px!important;\n        overflow:hidden!important;\n        clip:rect(0,0,0,0)!important;\n        white-space:nowrap!important;\n      }\n\n      .emf-data-table tbody {\n        display:grid!important;\n        gap:11px;\n      }\n\n      .emf-data-table tr {\n        overflow:hidden!important;\n        background:#fff!important;\n        border:1px solid var(--emf-line)!important;\n        border-block-start:4px solid var(--emf-navy)!important;\n        border-radius:4px!important;\n        box-shadow:0 4px 12px rgba(0,36,90,.06);\n      }\n\n      .emf-data-table td,\n      .emf-data-table tbody tr:nth-child(even) td,\n      .emf-data-table tbody tr:hover td {\n        display:grid!important;\n        grid-template-columns:minmax(105px,38%) minmax(0,1fr)!important;\n        align-items:start;\n        gap:11px;\n        padding:11px 12px!important;\n        background:#fff!important;\n        border-block-end:1px solid #e2e7ec!important;\n      }\n\n      .emf-data-table td::before {\n        content:attr(data-label);\n        color:var(--emf-muted);\n        font-size:10px;\n        font-weight:700;\n        letter-spacing:.06em;\n        line-height:1.35;\n        text-transform:uppercase;\n      }\n\n      .emf-data-table td:first-child {\n        color:var(--emf-navy)!important;\n        background:#edf1f5!important;\n      }\n\n      .emf-data-table td:last-child {\n        border-block-end:0!important;\n      }\n    }\n  <\/style>\n\n  <div class=\"emf-data-table-brand\">\n    <div class=\"emf-data-table-logo\">\n      <img\n        alt=\"Logo EM Foco\"\n        decoding=\"async\"\n        height=\"41\"\n        loading=\"lazy\"\n        referrerpolicy=\"no-referrer\"\n        src=\"https:\/\/www.em.com.br\/emfoco\/wp-content\/uploads\/2026\/08\/em_transparente_3000px-scaled.png\"\n        width=\"41\"\n      >\n    <\/div>\n\n    <div>\n      <div class=\"emf-data-table-kicker\">DADOS EM FOCO<\/div>\n      <div class=\"emf-data-table-title\">O que o QSO1 coloca em debate<\/div>\n    <\/div>\n  <\/div>\n\n  <div aria-label=\"Compara\u00e7\u00e3o entre as observa\u00e7\u00f5es de Abell2744-QSO1 e suas implica\u00e7\u00f5es para a forma\u00e7\u00e3o de buracos negros\" class=\"emf-data-table-scroll\" role=\"region\" tabindex=\"0\">\n    <table>\n      <caption>Principais observa\u00e7\u00f5es do QSO1 e o que elas indicam sobre sua forma\u00e7\u00e3o<\/caption>\n      <thead>\n        <tr>\n          <th scope=\"col\">Observa\u00e7\u00e3o<\/th>\n          <th scope=\"col\">Dado<\/th>\n          <th scope=\"col\">Implica\u00e7\u00e3o<\/th>\n        <\/tr>\n      <\/thead>\n      <tbody>\n        <tr>\n          <td data-label=\"Observa\u00e7\u00e3o\">Buraco negro<\/td>\n          <td data-label=\"Dado\">~50 milh\u00f5es de s\u00f3is<\/td>\n          <td data-label=\"Implica\u00e7\u00e3o\">Semente inicial grande<\/td>\n        <\/tr>\n        <tr>\n          <td data-label=\"Observa\u00e7\u00e3o\">Hospedeira<\/td>\n          <td data-label=\"Dado\">Pouca massa estelar<\/td>\n          <td data-label=\"Implica\u00e7\u00e3o\">Gal\u00e1xia ainda jovem<\/td>\n        <\/tr>\n        <tr>\n          <td data-label=\"Observa\u00e7\u00e3o\">Composi\u00e7\u00e3o<\/td>\n          <td data-label=\"Dado\">Hidrog\u00eanio e h\u00e9lio<\/td>\n          <td data-label=\"Implica\u00e7\u00e3o\">Pouco enriquecimento estelar<\/td>\n        <\/tr>\n      <\/tbody>\n    <\/table>\n  <\/div>\n<\/div>\n\n\n<h2>O QSO1 muda a explica\u00e7\u00e3o sobre gal\u00e1xias e buracos negros?<\/h2>\n<p>Um \u00fanico objeto n\u00e3o encerra a discuss\u00e3o, mas o QSO1 fornece uma medi\u00e7\u00e3o direta que favorece uma ordem antes dif\u00edcil de demonstrar: <strong>buraco negro antes da gal\u00e1xia<\/strong>. O resultado mostra que pelo menos alguns n\u00facleos supermassivos podem n\u00e3o precisar esperar uma grande popula\u00e7\u00e3o estelar para alcan\u00e7ar massas enormes.<\/p>\n<p>O pr\u00f3ximo teste \u00e9 encontrar mais objetos semelhantes e medir suas massas com o mesmo rigor. Se o padr\u00e3o se repetir, os modelos do <strong>Universo jovem<\/strong> ter\u00e3o de acomodar sementes muito maiores e umrela\u00e7\u00e3o mais complexa entre crescimento gal\u00e1ctico e crescimento de buracos negros do que a sequ\u00eancia tradicional sugeria.<\/p>\n\n\n<p class=\"wp-block-paragraph\"><\/p>\n","protected":false},"excerpt":{"rendered":"<p>EM FOCO Resumo da mat\u00e9ria 01 N\u00facleo enorme O Webb mediu um buraco negro de cerca de 50 milh\u00f5es de massas solares dentro de uma gal\u00e1xia muito pequena do Universo jovem. Massa direta 02 Ordem invertida A rela\u00e7\u00e3o entre o n\u00facleo e sua hospedeira sugere que o buraco negro pode ter crescido antes de a [&hellip;]<\/p>\n","protected":false},"author":36,"featured_media":262410,"comment_status":"open","ping_status":"open","sticky":false,"template":"","format":"standard","meta":{"jnews-multi-image_gallery":[],"jnews_single_post":{"format":"standard"},"jnews_primary_category":[],"jnews_social_meta":[],"jnews_override_counter":[],"footnotes":""},"categories":[8819],"tags":[1708,36003,8269,36004],"class_list":["post-262430","post","type-post","status-publish","format-standard","has-post-thumbnail","hentry","category-curiosidades","tag-astronomia","tag-qso1","tag-universo","tag-webb"],"yoast_head":"<!-- This site is optimized with the Yoast SEO plugin v28.3 - https:\/\/yoast.com\/product\/yoast-seo-wordpress\/ -->\n<title>O telesc\u00f3pio James Webb encontrou um buraco negro supermassivo que parece ter surgido antes de sua pr\u00f3pria gal\u00e1xia, desafiando a ordem tradicional usada para explicar como essas estruturas cresceram no Universo jovem - Estado de Minas - Em foco<\/title>\n<meta name=\"description\" content=\"Parker Solar Probe chegou a 6,1 milh\u00f5es de km do Sol e bateu recorde de velocidade. Como o escudo t\u00e9rmico manteve a sonda ativa?\" \/>\n<meta name=\"robots\" content=\"index, follow, max-snippet:-1, max-image-preview:large, max-video-preview:-1\" \/>\n<link rel=\"canonical\" href=\"https:\/\/www.em.com.br\/emfoco\/2026\/09\/04\/a-apenas-61-milhoes-de-km-da-superficie-do-sol-uma-sonda-construida-na-terra-atravessou-a-atmosfera-solar-a-cerca-de-692-mil-km-h-sobreviveu-ao-calor-extremo-e-se-tornou-o-objeto-humano-mais-rapido\/\" \/>\n<meta property=\"og:locale\" content=\"pt_BR\" \/>\n<meta property=\"og:type\" content=\"article\" \/>\n<meta property=\"og:title\" content=\"O telesc\u00f3pio James Webb encontrou um buraco negro supermassivo que parece ter surgido antes de sua pr\u00f3pria gal\u00e1xia, desafiando a ordem tradicional usada para explicar como essas estruturas cresceram no Universo jovem - Estado de Minas - Em foco\" \/>\n<meta property=\"og:description\" content=\"Parker Solar Probe chegou a 6,1 milh\u00f5es de km do Sol e bateu recorde de velocidade. Como o escudo t\u00e9rmico manteve a sonda ativa?\" \/>\n<meta property=\"og:url\" content=\"https:\/\/www.em.com.br\/emfoco\/2026\/09\/04\/a-apenas-61-milhoes-de-km-da-superficie-do-sol-uma-sonda-construida-na-terra-atravessou-a-atmosfera-solar-a-cerca-de-692-mil-km-h-sobreviveu-ao-calor-extremo-e-se-tornou-o-objeto-humano-mais-rapido\/\" \/>\n<meta property=\"og:site_name\" content=\"Estado de Minas - Em foco\" \/>\n<meta property=\"article:published_time\" content=\"2026-09-04T13:59:00+00:00\" \/>\n<meta property=\"og:image\" content=\"https:\/\/www.em.com.br\/emfoco\/wp-content\/uploads\/2026\/09\/Black_hole_reconstructing_young_\u2026_202609040015.jpg\" \/>\n\t<meta property=\"og:image:width\" content=\"1280\" \/>\n\t<meta property=\"og:image:height\" content=\"720\" \/>\n\t<meta property=\"og:image:type\" content=\"image\/jpeg\" \/>\n<meta name=\"author\" content=\"Paulo\" \/>\n<meta name=\"twitter:card\" content=\"summary_large_image\" \/>\n<meta name=\"twitter:label1\" content=\"Escrito por\" \/>\n\t<meta name=\"twitter:data1\" content=\"Paulo\" \/>\n\t<meta name=\"twitter:label2\" content=\"Est. tempo de leitura\" \/>\n\t<meta name=\"twitter:data2\" content=\"6 minutos\" \/>\n<!-- \/ Yoast SEO plugin. -->","yoast_head_json":{"title":"O telesc\u00f3pio James Webb encontrou um buraco negro supermassivo que parece ter surgido antes de sua pr\u00f3pria gal\u00e1xia, desafiando a ordem tradicional usada para explicar como essas estruturas cresceram no Universo jovem - Estado de Minas - Em foco","description":"Parker Solar Probe chegou a 6,1 milh\u00f5es de km do Sol e bateu recorde de velocidade. Como o escudo t\u00e9rmico manteve a sonda ativa?","robots":{"index":"index","follow":"follow","max-snippet":"max-snippet:-1","max-image-preview":"max-image-preview:large","max-video-preview":"max-video-preview:-1"},"canonical":"https:\/\/www.em.com.br\/emfoco\/2026\/09\/04\/a-apenas-61-milhoes-de-km-da-superficie-do-sol-uma-sonda-construida-na-terra-atravessou-a-atmosfera-solar-a-cerca-de-692-mil-km-h-sobreviveu-ao-calor-extremo-e-se-tornou-o-objeto-humano-mais-rapido\/","og_locale":"pt_BR","og_type":"article","og_title":"O telesc\u00f3pio James Webb encontrou um buraco negro supermassivo que parece ter surgido antes de sua pr\u00f3pria gal\u00e1xia, desafiando a ordem tradicional usada para explicar como essas estruturas cresceram no Universo jovem - Estado de Minas - Em foco","og_description":"Parker Solar Probe chegou a 6,1 milh\u00f5es de km do Sol e bateu recorde de velocidade. Como o escudo t\u00e9rmico manteve a sonda ativa?","og_url":"https:\/\/www.em.com.br\/emfoco\/2026\/09\/04\/a-apenas-61-milhoes-de-km-da-superficie-do-sol-uma-sonda-construida-na-terra-atravessou-a-atmosfera-solar-a-cerca-de-692-mil-km-h-sobreviveu-ao-calor-extremo-e-se-tornou-o-objeto-humano-mais-rapido\/","og_site_name":"Estado de Minas - Em foco","article_published_time":"2026-09-04T13:59:00+00:00","og_image":[{"width":1280,"height":720,"url":"https:\/\/www.em.com.br\/emfoco\/wp-content\/uploads\/2026\/09\/Black_hole_reconstructing_young_\u2026_202609040015.jpg","type":"image\/jpeg"}],"author":"Paulo","twitter_card":"summary_large_image","twitter_misc":{"Escrito por":"Paulo","Est. tempo de leitura":"6 minutos"},"schema":{"@context":"https:\/\/schema.org","@graph":[{"@type":"Article","@id":"https:\/\/www.em.com.br\/emfoco\/2026\/09\/04\/a-apenas-61-milhoes-de-km-da-superficie-do-sol-uma-sonda-construida-na-terra-atravessou-a-atmosfera-solar-a-cerca-de-692-mil-km-h-sobreviveu-ao-calor-extremo-e-se-tornou-o-objeto-humano-mais-rapido\/#article","isPartOf":{"@id":"https:\/\/www.em.com.br\/emfoco\/2026\/09\/04\/a-apenas-61-milhoes-de-km-da-superficie-do-sol-uma-sonda-construida-na-terra-atravessou-a-atmosfera-solar-a-cerca-de-692-mil-km-h-sobreviveu-ao-calor-extremo-e-se-tornou-o-objeto-humano-mais-rapido\/"},"author":{"name":"Paulo","@id":"https:\/\/www.em.com.br\/emfoco\/#\/schema\/person\/a40efdfe89a3c3c02a66e4188f4757f9"},"headline":"O telesc\u00f3pio James Webb encontrou um buraco negro supermassivo que parece ter surgido antes de sua pr\u00f3pria gal\u00e1xia, desafiando a ordem tradicional usada para explicar como essas estruturas cresceram no Universo jovem","datePublished":"2026-09-04T13:59:00+00:00","mainEntityOfPage":{"@id":"https:\/\/www.em.com.br\/emfoco\/2026\/09\/04\/a-apenas-61-milhoes-de-km-da-superficie-do-sol-uma-sonda-construida-na-terra-atravessou-a-atmosfera-solar-a-cerca-de-692-mil-km-h-sobreviveu-ao-calor-extremo-e-se-tornou-o-objeto-humano-mais-rapido\/"},"wordCount":1016,"commentCount":0,"image":{"@id":"https:\/\/www.em.com.br\/emfoco\/2026\/09\/04\/a-apenas-61-milhoes-de-km-da-superficie-do-sol-uma-sonda-construida-na-terra-atravessou-a-atmosfera-solar-a-cerca-de-692-mil-km-h-sobreviveu-ao-calor-extremo-e-se-tornou-o-objeto-humano-mais-rapido\/#primaryimage"},"thumbnailUrl":"https:\/\/www.em.com.br\/emfoco\/wp-content\/uploads\/2026\/09\/Black_hole_reconstructing_young_\u2026_202609040015.jpg","keywords":["astronomia","QSO1","universo","Webb"],"articleSection":["Curiosidades"],"inLanguage":"pt-BR","potentialAction":[{"@type":"CommentAction","name":"Comment","target":["https:\/\/www.em.com.br\/emfoco\/2026\/09\/04\/a-apenas-61-milhoes-de-km-da-superficie-do-sol-uma-sonda-construida-na-terra-atravessou-a-atmosfera-solar-a-cerca-de-692-mil-km-h-sobreviveu-ao-calor-extremo-e-se-tornou-o-objeto-humano-mais-rapido\/#respond"]}]},{"@type":"WebPage","@id":"https:\/\/www.em.com.br\/emfoco\/2026\/09\/04\/a-apenas-61-milhoes-de-km-da-superficie-do-sol-uma-sonda-construida-na-terra-atravessou-a-atmosfera-solar-a-cerca-de-692-mil-km-h-sobreviveu-ao-calor-extremo-e-se-tornou-o-objeto-humano-mais-rapido\/","url":"https:\/\/www.em.com.br\/emfoco\/2026\/09\/04\/a-apenas-61-milhoes-de-km-da-superficie-do-sol-uma-sonda-construida-na-terra-atravessou-a-atmosfera-solar-a-cerca-de-692-mil-km-h-sobreviveu-ao-calor-extremo-e-se-tornou-o-objeto-humano-mais-rapido\/","name":"O telesc\u00f3pio James Webb encontrou um buraco negro supermassivo que parece ter surgido antes de sua pr\u00f3pria gal\u00e1xia, desafiando a ordem tradicional usada para explicar como essas estruturas cresceram no Universo jovem - Estado de Minas - Em foco","isPartOf":{"@id":"https:\/\/www.em.com.br\/emfoco\/#website"},"primaryImageOfPage":{"@id":"https:\/\/www.em.com.br\/emfoco\/2026\/09\/04\/a-apenas-61-milhoes-de-km-da-superficie-do-sol-uma-sonda-construida-na-terra-atravessou-a-atmosfera-solar-a-cerca-de-692-mil-km-h-sobreviveu-ao-calor-extremo-e-se-tornou-o-objeto-humano-mais-rapido\/#primaryimage"},"image":{"@id":"https:\/\/www.em.com.br\/emfoco\/2026\/09\/04\/a-apenas-61-milhoes-de-km-da-superficie-do-sol-uma-sonda-construida-na-terra-atravessou-a-atmosfera-solar-a-cerca-de-692-mil-km-h-sobreviveu-ao-calor-extremo-e-se-tornou-o-objeto-humano-mais-rapido\/#primaryimage"},"thumbnailUrl":"https:\/\/www.em.com.br\/emfoco\/wp-content\/uploads\/2026\/09\/Black_hole_reconstructing_young_\u2026_202609040015.jpg","datePublished":"2026-09-04T13:59:00+00:00","author":{"@id":"https:\/\/www.em.com.br\/emfoco\/#\/schema\/person\/a40efdfe89a3c3c02a66e4188f4757f9"},"description":"Parker Solar Probe chegou a 6,1 milh\u00f5es de km do Sol e bateu recorde de velocidade. Como o escudo t\u00e9rmico manteve a sonda ativa?","breadcrumb":{"@id":"https:\/\/www.em.com.br\/emfoco\/2026\/09\/04\/a-apenas-61-milhoes-de-km-da-superficie-do-sol-uma-sonda-construida-na-terra-atravessou-a-atmosfera-solar-a-cerca-de-692-mil-km-h-sobreviveu-ao-calor-extremo-e-se-tornou-o-objeto-humano-mais-rapido\/#breadcrumb"},"inLanguage":"pt-BR","potentialAction":[{"@type":"ReadAction","target":["https:\/\/www.em.com.br\/emfoco\/2026\/09\/04\/a-apenas-61-milhoes-de-km-da-superficie-do-sol-uma-sonda-construida-na-terra-atravessou-a-atmosfera-solar-a-cerca-de-692-mil-km-h-sobreviveu-ao-calor-extremo-e-se-tornou-o-objeto-humano-mais-rapido\/"]}]},{"@type":"ImageObject","inLanguage":"pt-BR","@id":"https:\/\/www.em.com.br\/emfoco\/2026\/09\/04\/a-apenas-61-milhoes-de-km-da-superficie-do-sol-uma-sonda-construida-na-terra-atravessou-a-atmosfera-solar-a-cerca-de-692-mil-km-h-sobreviveu-ao-calor-extremo-e-se-tornou-o-objeto-humano-mais-rapido\/#primaryimage","url":"https:\/\/www.em.com.br\/emfoco\/wp-content\/uploads\/2026\/09\/Black_hole_reconstructing_young_\u2026_202609040015.jpg","contentUrl":"https:\/\/www.em.com.br\/emfoco\/wp-content\/uploads\/2026\/09\/Black_hole_reconstructing_young_\u2026_202609040015.jpg","width":1280,"height":720,"caption":"Buraco negro de QSO1 pode ter surgido antes da gal\u00e1xia"},{"@type":"BreadcrumbList","@id":"https:\/\/www.em.com.br\/emfoco\/2026\/09\/04\/a-apenas-61-milhoes-de-km-da-superficie-do-sol-uma-sonda-construida-na-terra-atravessou-a-atmosfera-solar-a-cerca-de-692-mil-km-h-sobreviveu-ao-calor-extremo-e-se-tornou-o-objeto-humano-mais-rapido\/#breadcrumb","itemListElement":[{"@type":"ListItem","position":1,"name":"In\u00edcio","item":"https:\/\/www.em.com.br\/emfoco\/"},{"@type":"ListItem","position":2,"name":"O telesc\u00f3pio James Webb encontrou um buraco negro supermassivo que parece ter surgido antes de sua pr\u00f3pria gal\u00e1xia, desafiando a ordem tradicional usada para explicar como essas estruturas cresceram no Universo jovem"}]},{"@type":"WebSite","@id":"https:\/\/www.em.com.br\/emfoco\/#website","url":"https:\/\/www.em.com.br\/emfoco\/","name":"Estado de Minas - Em foco","description":"Acompanhe as \u00faltimas not\u00edcias e fique bem informado sobre tudo o que acontece em Minas Gerais, Brasil e no mundo.","potentialAction":[{"@type":"SearchAction","target":{"@type":"EntryPoint","urlTemplate":"https:\/\/www.em.com.br\/emfoco\/?s={search_term_string}"},"query-input":{"@type":"PropertyValueSpecification","valueRequired":true,"valueName":"search_term_string"}}],"inLanguage":"pt-BR"},{"@type":"Person","@id":"https:\/\/www.em.com.br\/emfoco\/#\/schema\/person\/a40efdfe89a3c3c02a66e4188f4757f9","name":"Paulo","image":{"@type":"ImageObject","inLanguage":"pt-BR","@id":"https:\/\/secure.gravatar.com\/avatar\/e97035e905aa7c91d0d43cb122ce3d29e6f75e431f9c5f20d3d2e46f1e2f5af4?s=96&d=mm&r=g","url":"https:\/\/secure.gravatar.com\/avatar\/e97035e905aa7c91d0d43cb122ce3d29e6f75e431f9c5f20d3d2e46f1e2f5af4?s=96&d=mm&r=g","contentUrl":"https:\/\/secure.gravatar.com\/avatar\/e97035e905aa7c91d0d43cb122ce3d29e6f75e431f9c5f20d3d2e46f1e2f5af4?s=96&d=mm&r=g","caption":"Paulo"},"sameAs":["https:\/\/www.em.com.br\/emfoco"],"url":"https:\/\/www.em.com.br\/emfoco\/author\/paulomyth\/"}]}},"_links":{"self":[{"href":"https:\/\/www.em.com.br\/emfoco\/wp-json\/wp\/v2\/posts\/262430","targetHints":{"allow":["GET"]}}],"collection":[{"href":"https:\/\/www.em.com.br\/emfoco\/wp-json\/wp\/v2\/posts"}],"about":[{"href":"https:\/\/www.em.com.br\/emfoco\/wp-json\/wp\/v2\/types\/post"}],"author":[{"embeddable":true,"href":"https:\/\/www.em.com.br\/emfoco\/wp-json\/wp\/v2\/users\/36"}],"replies":[{"embeddable":true,"href":"https:\/\/www.em.com.br\/emfoco\/wp-json\/wp\/v2\/comments?post=262430"}],"version-history":[{"count":2,"href":"https:\/\/www.em.com.br\/emfoco\/wp-json\/wp\/v2\/posts\/262430\/revisions"}],"predecessor-version":[{"id":262433,"href":"https:\/\/www.em.com.br\/emfoco\/wp-json\/wp\/v2\/posts\/262430\/revisions\/262433"}],"wp:featuredmedia":[{"embeddable":true,"href":"https:\/\/www.em.com.br\/emfoco\/wp-json\/wp\/v2\/media\/262410"}],"wp:attachment":[{"href":"https:\/\/www.em.com.br\/emfoco\/wp-json\/wp\/v2\/media?parent=262430"}],"wp:term":[{"taxonomy":"category","embeddable":true,"href":"https:\/\/www.em.com.br\/emfoco\/wp-json\/wp\/v2\/categories?post=262430"},{"taxonomy":"post_tag","embeddable":true,"href":"https:\/\/www.em.com.br\/emfoco\/wp-json\/wp\/v2\/tags?post=262430"}],"curies":[{"name":"wp","href":"https:\/\/api.w.org\/{rel}","templated":true}]}}