{"id":262384,"date":"2026-09-04T16:37:00","date_gmt":"2026-09-04T19:37:00","guid":{"rendered":"https:\/\/www.em.com.br\/emfoco\/?p=262384"},"modified":"2026-09-03T21:47:00","modified_gmt":"2026-09-04T00:47:00","slug":"12-fontes-minerais-e-o-unico-geiser-natural-do-brasil-a-cidade-da-mantiqueira-que-a-princesa-isabel-conheceu-em-1868-e-virou-o-19o-melhor-lugar-para-viver-no-pais","status":"publish","type":"post","link":"https:\/\/www.em.com.br\/emfoco\/2026\/09\/04\/12-fontes-minerais-e-o-unico-geiser-natural-do-brasil-a-cidade-da-mantiqueira-que-a-princesa-isabel-conheceu-em-1868-e-virou-o-19o-melhor-lugar-para-viver-no-pais\/","title":{"rendered":"12 fontes minerais e o \u00fanico g\u00eaiser natural do Brasil: a cidade da Mantiqueira que a Princesa Isabel conheceu em 1868 e virou o 19\u00ba melhor lugar para viver no pa\u00eds"},"content":{"rendered":"\n<p class=\"wp-block-paragraph\">Entre as montanhas do sul de <strong>Minas Gerais<\/strong>, <strong>Caxambu<\/strong> re\u00fane cerca de 21 mil habitantes e guarda um recorde mundial. A cidade concentra o maior complexo hidromineral do planeta em um \u00fanico parque urbano, com \u00e1guas que brotam naturalmente e um fen\u00f4meno raro que entra em atividade em hor\u00e1rio certo todas as manh\u00e3s.<\/p>\n\n\n\n<h2 class=\"wp-block-heading\">Como o \u00fanico g\u00eaiser em atividade no pa\u00eds funciona dentro de um parque tombado<\/h2>\n\n\n\n<p class=\"wp-block-paragraph\">Na \u00e1rea central do <a href=\"https:\/\/www.mg.gov.br\/servico\/visitar-o-parque-das-aguas-de-caxambu\" target=\"_blank\" rel=\"noreferrer noopener\"><strong>Parque das \u00c1guas Dr. Lysandro Carneiro Guimar\u00e3es<\/strong><\/a>, o G\u00eaiser Floriano de Lemos lan\u00e7a jatos de \u00e1gua mineral sulfurosa que podem atingir 8 metros de altura, segundo a Secretaria de Estado de Turismo de Minas Gerais. O fen\u00f4meno \u00e9 apontado como o \u00fanico g\u00eaiser existente em territ\u00f3rio brasileiro.<\/p>\n\n\n\n<p class=\"wp-block-paragraph\">A explica\u00e7\u00e3o est\u00e1 na geologia, e n\u00e3o no calor. A press\u00e3o \u00e9 provocada pelo g\u00e1s carb\u00f4nico dissolvido no subsolo, o que classifica o fen\u00f4meno como um po\u00e7o intermitente hipotermal, com temperatura m\u00e9dia de 27\u00b0C. A erup\u00e7\u00e3o acontece em hor\u00e1rio informado pelo parque, geralmente pela manh\u00e3, e se tornou um dos momentos mais fotografados de Caxambu.<\/p>\n\n\n<div class=\"wp-block-image\">\n<figure class=\"aligncenter size-large\"><img decoding=\"async\" width=\"1024\" height=\"576\" src=\"https:\/\/www.em.com.br\/emfoco\/wp-content\/uploads\/2026\/01\/Caxambu3-1024x576.jpg\" alt=\"12 fontes minerais e o \u00fanico g\u00eaiser natural do Brasil: a cidade da Mantiqueira que a Princesa Isabel visitou em 1868 e virou o 19\u00ba melhor lugar para viver no pa\u00eds\" class=\"wp-image-152072\" srcset=\"https:\/\/www.em.com.br\/emfoco\/wp-content\/uploads\/2026\/01\/Caxambu3-1024x576.jpg 1024w, https:\/\/www.em.com.br\/emfoco\/wp-content\/uploads\/2026\/01\/Caxambu3-300x169.jpg 300w, https:\/\/www.em.com.br\/emfoco\/wp-content\/uploads\/2026\/01\/Caxambu3-768x432.jpg 768w, https:\/\/www.em.com.br\/emfoco\/wp-content\/uploads\/2026\/01\/Caxambu3-750x422.jpg 750w, https:\/\/www.em.com.br\/emfoco\/wp-content\/uploads\/2026\/01\/Caxambu3-1140x641.jpg 1140w, https:\/\/www.em.com.br\/emfoco\/wp-content\/uploads\/2026\/01\/Caxambu3.jpg 1280w\" sizes=\"(max-width: 1024px) 100vw, 1024px\" \/><figcaption class=\"wp-element-caption\">Caxambu abriga o maior complexo hidromineral carbogasoso do mundo \/\/ Cr\u00e9ditos: Wikipedia<\/figcaption><\/figure>\n<\/div>\n\n\n<h2 class=\"wp-block-heading\">Como Caxambu chegou ao 19\u00ba lugar em qualidade de vida no Brasil<\/h2>\n\n\n\n<p class=\"wp-block-paragraph\">Em fevereiro de 2026, Caxambu foi apontada como a 19\u00aa cidade em qualidade de vida no Brasil pelo <strong>\u00cdndice de Progresso Social (IPS 2024)<\/strong>, estudo do <strong>Instituto do Homem e Meio Ambiente da Amaz\u00f4nia (Imazon)<\/strong> que analisou 5.570 munic\u00edpios em 53 indicadores socioambientais.<\/p>\n\n\n\n<p class=\"wp-block-paragraph\">O munic\u00edpio alcan\u00e7ou 69,69 pontos de 100 e ficou \u00e0 frente de <strong>S\u00e3o Paulo<\/strong> e <strong>Belo Horizonte<\/strong> nas tr\u00eas dimens\u00f5es avaliadas: necessidades humanas b\u00e1sicas, fundamentos do bem-estar e oportunidades. O clima ameno da Serra da Mantiqueira e a rotina tranquila de cidade pequena atraem especialmente aposentados do Sudeste em busca de sossego.<\/p>\n\n\n<div class=\"wp-block-image\">\n<figure class=\"aligncenter size-large\"><img decoding=\"async\" width=\"1024\" height=\"576\" src=\"https:\/\/www.em.com.br\/emfoco\/wp-content\/uploads\/2026\/01\/Caxambu6-1024x576.jpg\" alt=\"v12 fontes minerais e o \u00fanico g\u00eaiser natural do Brasil: a cidade da Mantiqueira que a Princesa Isabel visitou em 1868 e virou o 19\u00ba melhor lugar para viver no pa\u00eds\" class=\"wp-image-152069\" srcset=\"https:\/\/www.em.com.br\/emfoco\/wp-content\/uploads\/2026\/01\/Caxambu6-1024x576.jpg 1024w, https:\/\/www.em.com.br\/emfoco\/wp-content\/uploads\/2026\/01\/Caxambu6-300x169.jpg 300w, https:\/\/www.em.com.br\/emfoco\/wp-content\/uploads\/2026\/01\/Caxambu6-768x432.jpg 768w, https:\/\/www.em.com.br\/emfoco\/wp-content\/uploads\/2026\/01\/Caxambu6-750x422.jpg 750w, https:\/\/www.em.com.br\/emfoco\/wp-content\/uploads\/2026\/01\/Caxambu6-1140x641.jpg 1140w, https:\/\/www.em.com.br\/emfoco\/wp-content\/uploads\/2026\/01\/Caxambu6.jpg 1280w\" sizes=\"(max-width: 1024px) 100vw, 1024px\" \/><figcaption class=\"wp-element-caption\">Caxambu \u00e9 ref\u00fagio de bem-estar e longevidade no sul de Minas \/\/ Cr\u00e9ditos: Wikipedia<\/figcaption><\/figure>\n<\/div>\n\n\n<h2 class=\"wp-block-heading\">O que conhecer em Caxambu al\u00e9m das fontes minerais?<\/h2>\n\n\n\n<p class=\"wp-block-paragraph\">Caxambu \u00e9 compacta e grande parte das atra\u00e7\u00f5es fica a poucos minutos do centro. O parque re\u00fane a maior parte dos pontos tur\u00edsticos em uma \u00e1rea de 210 mil m\u00b2, enquanto os arredores tamb\u00e9m preservam hist\u00f3ria, arquitetura e belas vistas da serra.<\/p>\n\n\n\n<ul class=\"wp-block-list has-medium-font-size\">\n<li><strong>Parque das \u00c1guas<\/strong>: 12 fontes minerais, g\u00eaiser, piscina de \u00e1gua mineral, lago com pedalinhos e balne\u00e1rio hist\u00f3rico. Ingresso a partir de R$ 5 pela <a href=\"https:\/\/codemge.com.br\/cultura-e-turismo\/parque-das-aguas-de-caxambu\/\" target=\"_blank\" rel=\"noreferrer noopener\"><strong>Codemge<\/strong><\/a>.<\/li>\n\n\n\n<li><strong>Balne\u00e1rio Hidroter\u00e1pico<\/strong>: pr\u00e9dio neocl\u00e1ssico de 1912 com vitrais franceses e azulejos portugueses. Oferece mais de 50 servi\u00e7os entre banhos, duchas Vichy e massagens.<\/li>\n\n\n\n<li><strong>Telef\u00e9rico do Morro Caxambu<\/strong>: sobe at\u00e9 1.090 metros com vista panor\u00e2mica da Mantiqueira e da Serra do Papagaio.<\/li>\n\n\n\n<li><strong>Igreja de Santa Isabel da Hungria<\/strong>: templo neog\u00f3tico erguido pela promessa da Princesa Isabel ap\u00f3s a cura de sua anemia em 1868.<\/li>\n\n\n\n<li><strong>Fonte Dom Pedro<\/strong>: a mais simb\u00f3lica do parque, em estilo greco-romano, com r\u00e9plica da coroa imperial na c\u00fapula.<\/li>\n\n\n\n<li><strong>Passeio de charrete<\/strong>: sai do entorno do parque e cruza o centro hist\u00f3rico, ideal para quem viaja com crian\u00e7as.<\/li>\n<\/ul>\n\n\n\n<p class=\"wp-block-paragraph\">Quem quer conhecer melhor o <strong>Circuito das \u00c1guas<\/strong> pode acompanhar este v\u00eddeo selecionado do canal <strong>De fora em Juiz de Fora<\/strong>, com mais de <strong>146 mil<\/strong> visualiza\u00e7\u00f5es, no qual <strong>Tati Marmon<\/strong> mostra o <strong>Parque das \u00c1guas<\/strong>, o telef\u00e9rico e as principais fontes minerais de <strong>Caxambu<\/strong>:<\/p>\n\n\n\n<figure class=\"wp-block-embed is-type-video is-provider-youtube wp-block-embed-youtube wp-embed-aspect-16-9 wp-has-aspect-ratio\"><div class=\"wp-block-embed__wrapper\">\n<div class=\"jeg_video_container jeg_video_content\"><iframe loading=\"lazy\" title=\"CONHE\u00c7A CAXAMBU - MG: Cidade Tur\u00edstica de Minas Gerais - Circuito das \u00c1guas - com Tati Marmon\" width=\"500\" height=\"281\" src=\"https:\/\/www.youtube.com\/embed\/sV07smNacdQ?feature=oembed\" frameborder=\"0\" allow=\"accelerometer; autoplay; clipboard-write; encrypted-media; gyroscope; picture-in-picture; web-share\" referrerpolicy=\"strict-origin-when-cross-origin\" allowfullscreen><\/iframe><\/div>\n<\/div><\/figure>\n\n\n\n<h2 class=\"wp-block-heading\">Como uma promessa da Princesa Isabel deixou uma igreja em Caxambu<\/h2>\n\n\n\n<p class=\"wp-block-paragraph\">Em 17 de novembro de 1868, <strong>Dona Isabel<\/strong> chegou \u00e0 ent\u00e3o vila em busca de tratamento para uma anemia profunda que a impedia de engravidar. Durante a estadia, passou dias bebendo a \u00e1gua ferruginosa da fonte que hoje leva seu nome e a do <strong>Conde D\u2019Eu<\/strong>.<\/p>\n\n\n\n<p class=\"wp-block-paragraph\">Em promessa registrada em ata, jurou construir uma igreja caso conseguisse conceber. Sete anos depois nasceu o pr\u00edncipe Pedro de Alc\u00e2ntara, e a Igreja de Santa Isabel da Hungria foi erguida em estilo neog\u00f3tico, hoje tombada pelo <a href=\"https:\/\/camaracaxambu.mg.gov.br\/v2\/caxambu\/\" target=\"_blank\" rel=\"noreferrer noopener\"><strong>Instituto Estadual do Patrim\u00f4nio Hist\u00f3rico e Art\u00edstico de Minas Gerais (IEPHA)<\/strong><\/a>. O epis\u00f3dio ajudou a dar origem ao termalismo, tratamento com \u00e1guas minerais, no Brasil.<\/p>\n\n\n\n<p class=\"wp-block-paragraph\"><strong>Leia tamb\u00e9m: <a href=\"https:\/\/www.em.com.br\/emfoco\/2026\/04\/10\/com-mais-de-1-milhao-de-arvores-essa-cidade-no-brasil-conquista-o-posto-de-mais-arborizada-do-planeta\/\" target=\"_blank\" rel=\"noreferrer noopener\">Com mais de 1 milh\u00e3o de \u00e1rvores, essa cidade no Brasil conquista o posto de mais arborizada do planeta<\/a><\/strong><\/p>\n\n\n\n<h2 class=\"wp-block-heading\">Qual \u00e9 o caminho para chegar a Caxambu saindo de Belo Horizonte<\/h2>\n\n\n\n<p class=\"wp-block-paragraph\">De carro, o percurso tem cerca de 370 km pela BR-381 (Fern\u00e3o Dias), com continua\u00e7\u00e3o pela BR-267, em aproximadamente 5 horas de viagem. A rota atravessa o sul de Minas e passa pela regi\u00e3o de Tr\u00eas Cora\u00e7\u00f5es.<\/p>\n\n\n\n<p class=\"wp-block-paragraph\">De \u00f4nibus, h\u00e1 linhas regulares partindo da rodovi\u00e1ria de <strong>Belo Horizonte<\/strong>, com viagens entre 5 e 8 horas, dependendo das conex\u00f5es. A cidade n\u00e3o possui aeroporto: quem chega de avi\u00e3o normalmente desembarca em BH ou no <strong>Rio de Janeiro<\/strong> e completa o trajeto por estrada.<\/p>\n\n\n\n<iframe src=\"https:\/\/www.google.com\/maps\/embed?pb=!1m28!1m12!1m3!1d2702601.753562452!2d-46.121558175106976!3d-21.222242067901494!2m3!1f0!2f0!3f0!3m2!1i1024!2i768!4f13.1!4m13!3e0!4m5!1s0xa690cacacf2c33%3A0x5b35795e3ad23997!2sBelo%20Horizonte%2C%20MG!3m2!1d-19.919052!2d-43.9386685!4m5!1s0x9e242003f0aca3%3A0x5c2ea57693d11d8a!2sCaxambu%2C%20Minas%20Gerais!3m2!1d-21.977971699999998!2d-44.9331679!5e1!3m2!1spt-BR!2sbr!4v1783284210641!5m2!1spt-BR!2sbr\" width=\"600\" height=\"450\" style=\"border:0;\" allowfullscreen=\"\" loading=\"lazy\" referrerpolicy=\"strict-origin-when-cross-origin\"><\/iframe>\n\n\n\n<h2 class=\"wp-block-heading\">Conhe\u00e7a a cidade das \u00e1guas ligadas \u00e0 hist\u00f3ria de uma princesa<\/h2>\n\n\n\n<p class=\"wp-block-paragraph\">Caxambu \u00e9 um daqueles lugares onde ci\u00eancia, hist\u00f3ria e descanso aparecem praticamente no mesmo endere\u00e7o. O g\u00eaiser entra em atividade em hor\u00e1rio marcado, o balne\u00e1rio preserva seus vitrais hist\u00f3ricos e o clima da Mantiqueira completa a experi\u00eancia.<\/p>\n\n\n\n<p class=\"wp-block-paragraph\">Conhecer Caxambu tamb\u00e9m significa provar, uma a uma, as 12 \u00e1guas minerais que h\u00e1 mais de 150 anos fazem parte da rotina de moradores e viajantes que passam pelo sul de Minas.<\/p>\n","protected":false},"excerpt":{"rendered":"<p>Entre as montanhas do sul de Minas Gerais, Caxambu re\u00fane cerca de 21 mil habitantes e guarda um recorde mundial. A cidade concentra o maior complexo hidromineral do planeta em um \u00fanico parque urbano, com \u00e1guas que brotam naturalmente e um fen\u00f4meno raro que entra em atividade em hor\u00e1rio certo todas as manh\u00e3s. Como o [&hellip;]<\/p>\n","protected":false},"author":30,"featured_media":262394,"comment_status":"open","ping_status":"open","sticky":false,"template":"","format":"standard","meta":{"jnews-multi-image_gallery":[],"jnews_single_post":{"format":"standard"},"jnews_primary_category":[],"jnews_social_meta":[],"jnews_override_counter":[],"footnotes":""},"categories":[26],"tags":[1534,11179,207],"class_list":["post-262384","post","type-post","status-publish","format-standard","has-post-thumbnail","hentry","category-cidades","tag-caxambu","tag-cidade-2","tag-minas-gerais"],"yoast_head":"<!-- This site is optimized with the Yoast SEO plugin v28.3 - https:\/\/yoast.com\/product\/yoast-seo-wordpress\/ -->\n<title>12 fontes minerais e o \u00fanico g\u00eaiser natural do Brasil: a cidade da Mantiqueira que a Princesa Isabel conheceu em 1868 e virou o 19\u00ba melhor lugar para viver no pa\u00eds - Estado de Minas - Em foco<\/title>\n<meta name=\"description\" content=\"Uma cidade da Mantiqueira re\u00fane fontes minerais, um fen\u00f4meno natural raro e uma hist\u00f3ria ligada \u00e0 realeza. Veja por que ela se destaca.\" \/>\n<meta name=\"robots\" content=\"index, follow, max-snippet:-1, max-image-preview:large, max-video-preview:-1\" \/>\n<link rel=\"canonical\" href=\"https:\/\/www.em.com.br\/emfoco\/2026\/09\/04\/12-fontes-minerais-e-o-unico-geiser-natural-do-brasil-a-cidade-da-mantiqueira-que-a-princesa-isabel-conheceu-em-1868-e-virou-o-19o-melhor-lugar-para-viver-no-pais\/\" \/>\n<meta property=\"og:locale\" content=\"pt_BR\" \/>\n<meta property=\"og:type\" content=\"article\" \/>\n<meta property=\"og:title\" content=\"12 fontes minerais e o \u00fanico g\u00eaiser natural do Brasil: a cidade da Mantiqueira que a Princesa Isabel conheceu em 1868 e virou o 19\u00ba melhor lugar para viver no pa\u00eds - Estado de Minas - Em foco\" \/>\n<meta property=\"og:description\" content=\"Uma cidade da Mantiqueira re\u00fane fontes minerais, um fen\u00f4meno natural raro e uma hist\u00f3ria ligada \u00e0 realeza. Veja por que ela se destaca.\" \/>\n<meta property=\"og:url\" content=\"https:\/\/www.em.com.br\/emfoco\/2026\/09\/04\/12-fontes-minerais-e-o-unico-geiser-natural-do-brasil-a-cidade-da-mantiqueira-que-a-princesa-isabel-conheceu-em-1868-e-virou-o-19o-melhor-lugar-para-viver-no-pais\/\" \/>\n<meta property=\"og:site_name\" content=\"Estado de Minas - Em foco\" \/>\n<meta property=\"article:published_time\" content=\"2026-09-04T19:37:00+00:00\" \/>\n<meta property=\"og:image\" content=\"https:\/\/www.em.com.br\/emfoco\/wp-content\/uploads\/2026\/09\/image-7.png\" \/>\n\t<meta property=\"og:image:width\" content=\"1280\" \/>\n\t<meta property=\"og:image:height\" content=\"720\" \/>\n\t<meta property=\"og:image:type\" content=\"image\/png\" \/>\n<meta name=\"author\" content=\"Guilherme Ara\u00fajo\" \/>\n<meta name=\"twitter:card\" content=\"summary_large_image\" \/>\n<meta name=\"twitter:label1\" content=\"Escrito por\" \/>\n\t<meta name=\"twitter:data1\" content=\"Guilherme Ara\u00fajo\" \/>\n\t<meta name=\"twitter:label2\" content=\"Est. tempo de leitura\" \/>\n\t<meta name=\"twitter:data2\" content=\"6 minutos\" \/>\n<!-- \/ Yoast SEO plugin. -->","yoast_head_json":{"title":"12 fontes minerais e o \u00fanico g\u00eaiser natural do Brasil: a cidade da Mantiqueira que a Princesa Isabel conheceu em 1868 e virou o 19\u00ba melhor lugar para viver no pa\u00eds - Estado de Minas - Em foco","description":"Uma cidade da Mantiqueira re\u00fane fontes minerais, um fen\u00f4meno natural raro e uma hist\u00f3ria ligada \u00e0 realeza. Veja por que ela se destaca.","robots":{"index":"index","follow":"follow","max-snippet":"max-snippet:-1","max-image-preview":"max-image-preview:large","max-video-preview":"max-video-preview:-1"},"canonical":"https:\/\/www.em.com.br\/emfoco\/2026\/09\/04\/12-fontes-minerais-e-o-unico-geiser-natural-do-brasil-a-cidade-da-mantiqueira-que-a-princesa-isabel-conheceu-em-1868-e-virou-o-19o-melhor-lugar-para-viver-no-pais\/","og_locale":"pt_BR","og_type":"article","og_title":"12 fontes minerais e o \u00fanico g\u00eaiser natural do Brasil: a cidade da Mantiqueira que a Princesa Isabel conheceu em 1868 e virou o 19\u00ba melhor lugar para viver no pa\u00eds - Estado de Minas - Em foco","og_description":"Uma cidade da Mantiqueira re\u00fane fontes minerais, um fen\u00f4meno natural raro e uma hist\u00f3ria ligada \u00e0 realeza. Veja por que ela se destaca.","og_url":"https:\/\/www.em.com.br\/emfoco\/2026\/09\/04\/12-fontes-minerais-e-o-unico-geiser-natural-do-brasil-a-cidade-da-mantiqueira-que-a-princesa-isabel-conheceu-em-1868-e-virou-o-19o-melhor-lugar-para-viver-no-pais\/","og_site_name":"Estado de Minas - Em foco","article_published_time":"2026-09-04T19:37:00+00:00","og_image":[{"width":1280,"height":720,"url":"https:\/\/www.em.com.br\/emfoco\/wp-content\/uploads\/2026\/09\/image-7.png","type":"image\/png"}],"author":"Guilherme Ara\u00fajo","twitter_card":"summary_large_image","twitter_misc":{"Escrito por":"Guilherme Ara\u00fajo","Est. tempo de leitura":"6 minutos"},"schema":{"@context":"https:\/\/schema.org","@graph":[{"@type":"Article","@id":"https:\/\/www.em.com.br\/emfoco\/2026\/09\/04\/12-fontes-minerais-e-o-unico-geiser-natural-do-brasil-a-cidade-da-mantiqueira-que-a-princesa-isabel-conheceu-em-1868-e-virou-o-19o-melhor-lugar-para-viver-no-pais\/#article","isPartOf":{"@id":"https:\/\/www.em.com.br\/emfoco\/2026\/09\/04\/12-fontes-minerais-e-o-unico-geiser-natural-do-brasil-a-cidade-da-mantiqueira-que-a-princesa-isabel-conheceu-em-1868-e-virou-o-19o-melhor-lugar-para-viver-no-pais\/"},"author":{"name":"Guilherme Ara\u00fajo","@id":"https:\/\/www.em.com.br\/emfoco\/#\/schema\/person\/5379e929a4b966c775d121e23f9bb421"},"headline":"12 fontes minerais e o \u00fanico g\u00eaiser natural do Brasil: a cidade da Mantiqueira que a Princesa Isabel conheceu em 1868 e virou o 19\u00ba melhor lugar para viver no pa\u00eds","datePublished":"2026-09-04T19:37:00+00:00","mainEntityOfPage":{"@id":"https:\/\/www.em.com.br\/emfoco\/2026\/09\/04\/12-fontes-minerais-e-o-unico-geiser-natural-do-brasil-a-cidade-da-mantiqueira-que-a-princesa-isabel-conheceu-em-1868-e-virou-o-19o-melhor-lugar-para-viver-no-pais\/"},"wordCount":938,"commentCount":0,"image":{"@id":"https:\/\/www.em.com.br\/emfoco\/2026\/09\/04\/12-fontes-minerais-e-o-unico-geiser-natural-do-brasil-a-cidade-da-mantiqueira-que-a-princesa-isabel-conheceu-em-1868-e-virou-o-19o-melhor-lugar-para-viver-no-pais\/#primaryimage"},"thumbnailUrl":"https:\/\/www.em.com.br\/emfoco\/wp-content\/uploads\/2026\/09\/image-7.png","keywords":["Caxambu","Cidade","Minas Gerais"],"articleSection":["Cidades"],"inLanguage":"pt-BR","potentialAction":[{"@type":"CommentAction","name":"Comment","target":["https:\/\/www.em.com.br\/emfoco\/2026\/09\/04\/12-fontes-minerais-e-o-unico-geiser-natural-do-brasil-a-cidade-da-mantiqueira-que-a-princesa-isabel-conheceu-em-1868-e-virou-o-19o-melhor-lugar-para-viver-no-pais\/#respond"]}]},{"@type":"WebPage","@id":"https:\/\/www.em.com.br\/emfoco\/2026\/09\/04\/12-fontes-minerais-e-o-unico-geiser-natural-do-brasil-a-cidade-da-mantiqueira-que-a-princesa-isabel-conheceu-em-1868-e-virou-o-19o-melhor-lugar-para-viver-no-pais\/","url":"https:\/\/www.em.com.br\/emfoco\/2026\/09\/04\/12-fontes-minerais-e-o-unico-geiser-natural-do-brasil-a-cidade-da-mantiqueira-que-a-princesa-isabel-conheceu-em-1868-e-virou-o-19o-melhor-lugar-para-viver-no-pais\/","name":"12 fontes minerais e o \u00fanico g\u00eaiser natural do Brasil: a cidade da Mantiqueira que a Princesa Isabel conheceu em 1868 e virou o 19\u00ba melhor lugar para viver no pa\u00eds - Estado de Minas - Em foco","isPartOf":{"@id":"https:\/\/www.em.com.br\/emfoco\/#website"},"primaryImageOfPage":{"@id":"https:\/\/www.em.com.br\/emfoco\/2026\/09\/04\/12-fontes-minerais-e-o-unico-geiser-natural-do-brasil-a-cidade-da-mantiqueira-que-a-princesa-isabel-conheceu-em-1868-e-virou-o-19o-melhor-lugar-para-viver-no-pais\/#primaryimage"},"image":{"@id":"https:\/\/www.em.com.br\/emfoco\/2026\/09\/04\/12-fontes-minerais-e-o-unico-geiser-natural-do-brasil-a-cidade-da-mantiqueira-que-a-princesa-isabel-conheceu-em-1868-e-virou-o-19o-melhor-lugar-para-viver-no-pais\/#primaryimage"},"thumbnailUrl":"https:\/\/www.em.com.br\/emfoco\/wp-content\/uploads\/2026\/09\/image-7.png","datePublished":"2026-09-04T19:37:00+00:00","author":{"@id":"https:\/\/www.em.com.br\/emfoco\/#\/schema\/person\/5379e929a4b966c775d121e23f9bb421"},"description":"Uma cidade da Mantiqueira re\u00fane fontes minerais, um fen\u00f4meno natural raro e uma hist\u00f3ria ligada \u00e0 realeza. Veja por que ela se destaca.","breadcrumb":{"@id":"https:\/\/www.em.com.br\/emfoco\/2026\/09\/04\/12-fontes-minerais-e-o-unico-geiser-natural-do-brasil-a-cidade-da-mantiqueira-que-a-princesa-isabel-conheceu-em-1868-e-virou-o-19o-melhor-lugar-para-viver-no-pais\/#breadcrumb"},"inLanguage":"pt-BR","potentialAction":[{"@type":"ReadAction","target":["https:\/\/www.em.com.br\/emfoco\/2026\/09\/04\/12-fontes-minerais-e-o-unico-geiser-natural-do-brasil-a-cidade-da-mantiqueira-que-a-princesa-isabel-conheceu-em-1868-e-virou-o-19o-melhor-lugar-para-viver-no-pais\/"]}]},{"@type":"ImageObject","inLanguage":"pt-BR","@id":"https:\/\/www.em.com.br\/emfoco\/2026\/09\/04\/12-fontes-minerais-e-o-unico-geiser-natural-do-brasil-a-cidade-da-mantiqueira-que-a-princesa-isabel-conheceu-em-1868-e-virou-o-19o-melhor-lugar-para-viver-no-pais\/#primaryimage","url":"https:\/\/www.em.com.br\/emfoco\/wp-content\/uploads\/2026\/09\/image-7.png","contentUrl":"https:\/\/www.em.com.br\/emfoco\/wp-content\/uploads\/2026\/09\/image-7.png","width":1280,"height":720,"caption":"As \u00e1guas minerais ajudaram a construir uma identidade que atravessa gera\u00e7\u00f5es e ainda movimenta o turismo"},{"@type":"BreadcrumbList","@id":"https:\/\/www.em.com.br\/emfoco\/2026\/09\/04\/12-fontes-minerais-e-o-unico-geiser-natural-do-brasil-a-cidade-da-mantiqueira-que-a-princesa-isabel-conheceu-em-1868-e-virou-o-19o-melhor-lugar-para-viver-no-pais\/#breadcrumb","itemListElement":[{"@type":"ListItem","position":1,"name":"In\u00edcio","item":"https:\/\/www.em.com.br\/emfoco\/"},{"@type":"ListItem","position":2,"name":"12 fontes minerais e o \u00fanico g\u00eaiser natural do Brasil: a cidade da Mantiqueira que a Princesa Isabel conheceu em 1868 e virou o 19\u00ba melhor lugar para viver no pa\u00eds"}]},{"@type":"WebSite","@id":"https:\/\/www.em.com.br\/emfoco\/#website","url":"https:\/\/www.em.com.br\/emfoco\/","name":"Estado de Minas - Em foco","description":"Acompanhe as \u00faltimas not\u00edcias e fique bem informado sobre tudo o que acontece em Minas Gerais, Brasil e no mundo.","potentialAction":[{"@type":"SearchAction","target":{"@type":"EntryPoint","urlTemplate":"https:\/\/www.em.com.br\/emfoco\/?s={search_term_string}"},"query-input":{"@type":"PropertyValueSpecification","valueRequired":true,"valueName":"search_term_string"}}],"inLanguage":"pt-BR"},{"@type":"Person","@id":"https:\/\/www.em.com.br\/emfoco\/#\/schema\/person\/5379e929a4b966c775d121e23f9bb421","name":"Guilherme Ara\u00fajo","image":{"@type":"ImageObject","inLanguage":"pt-BR","@id":"https:\/\/secure.gravatar.com\/avatar\/063bc96e5a2afd1844386c45bd1360efc771eff011a9fab8cd399e2a104c3ecd?s=96&d=mm&r=g","url":"https:\/\/secure.gravatar.com\/avatar\/063bc96e5a2afd1844386c45bd1360efc771eff011a9fab8cd399e2a104c3ecd?s=96&d=mm&r=g","contentUrl":"https:\/\/secure.gravatar.com\/avatar\/063bc96e5a2afd1844386c45bd1360efc771eff011a9fab8cd399e2a104c3ecd?s=96&d=mm&r=g","caption":"Guilherme Ara\u00fajo"},"sameAs":["https:\/\/www.em.com.br\/emfoco"],"url":"https:\/\/www.em.com.br\/emfoco\/author\/guilhermeamyth\/"}]}},"_links":{"self":[{"href":"https:\/\/www.em.com.br\/emfoco\/wp-json\/wp\/v2\/posts\/262384","targetHints":{"allow":["GET"]}}],"collection":[{"href":"https:\/\/www.em.com.br\/emfoco\/wp-json\/wp\/v2\/posts"}],"about":[{"href":"https:\/\/www.em.com.br\/emfoco\/wp-json\/wp\/v2\/types\/post"}],"author":[{"embeddable":true,"href":"https:\/\/www.em.com.br\/emfoco\/wp-json\/wp\/v2\/users\/30"}],"replies":[{"embeddable":true,"href":"https:\/\/www.em.com.br\/emfoco\/wp-json\/wp\/v2\/comments?post=262384"}],"version-history":[{"count":2,"href":"https:\/\/www.em.com.br\/emfoco\/wp-json\/wp\/v2\/posts\/262384\/revisions"}],"predecessor-version":[{"id":262390,"href":"https:\/\/www.em.com.br\/emfoco\/wp-json\/wp\/v2\/posts\/262384\/revisions\/262390"}],"wp:featuredmedia":[{"embeddable":true,"href":"https:\/\/www.em.com.br\/emfoco\/wp-json\/wp\/v2\/media\/262394"}],"wp:attachment":[{"href":"https:\/\/www.em.com.br\/emfoco\/wp-json\/wp\/v2\/media?parent=262384"}],"wp:term":[{"taxonomy":"category","embeddable":true,"href":"https:\/\/www.em.com.br\/emfoco\/wp-json\/wp\/v2\/categories?post=262384"},{"taxonomy":"post_tag","embeddable":true,"href":"https:\/\/www.em.com.br\/emfoco\/wp-json\/wp\/v2\/tags?post=262384"}],"curies":[{"name":"wp","href":"https:\/\/api.w.org\/{rel}","templated":true}]}}