{"id":262383,"date":"2026-09-04T14:07:00","date_gmt":"2026-09-04T17:07:00","guid":{"rendered":"https:\/\/www.em.com.br\/emfoco\/?p=262383"},"modified":"2026-09-03T21:46:59","modified_gmt":"2026-09-04T00:46:59","slug":"renda-per-capita-entre-as-10-maiores-do-brasil-e-primeiro-lugar-em-qualidade-de-vida-no-estado-por-que-essa-cidade-virou-paraiso-de-quem-sai-de-bh","status":"publish","type":"post","link":"https:\/\/www.em.com.br\/emfoco\/2026\/09\/04\/renda-per-capita-entre-as-10-maiores-do-brasil-e-primeiro-lugar-em-qualidade-de-vida-no-estado-por-que-essa-cidade-virou-paraiso-de-quem-sai-de-bh\/","title":{"rendered":"Renda per capita entre as 10 maiores do Brasil e primeiro lugar em qualidade de vida no estado: por que essa cidade virou para\u00edso de quem sai de BH"},"content":{"rendered":"\n<p class=\"wp-block-paragraph\">A apenas 22 km de <strong>Belo Horizonte<\/strong>, <strong>Nova Lima<\/strong> re\u00fane o maior desenvolvimento humano do estado, uma das maiores rendas m\u00e9dias do pa\u00eds e uma queda hist\u00f3rica nos \u00edndices de criminalidade. Com 111 mil habitantes, a cidade cresceu 38% em 12 anos e virou destino de quem troca a capital por serra, condom\u00ednios fechados e servi\u00e7os de alto padr\u00e3o.<\/p>\n\n\n\n<h2 class=\"wp-block-heading\">Como Nova Lima chegou ao 6\u00ba lugar em qualidade de vida no Brasil<\/h2>\n\n\n\n<p class=\"wp-block-paragraph\">Em maio de 2026, <strong>Nova Lima<\/strong> apareceu como a 6\u00aa cidade brasileira em qualidade de vida no <strong>\u00cdndice de Progresso Social (IPS) 2026<\/strong>, levantamento que avaliou 5.570 munic\u00edpios em 57 indicadores sociais e ambientais. \u00c9 a \u00fanica cidade de <strong>Minas Gerais<\/strong> entre as 20 primeiras do pa\u00eds, com 71,22 pontos em uma escala que vai de 0 a 100.<\/p>\n\n\n\n<p class=\"wp-block-paragraph\">O <a href=\"https:\/\/novalima.mg.gov.br\/inicio\/noticias\/nova_lima_sobe_para_6a_melhor_qualidade_de_vida_do_brasil_e_mantem_lideranca_em_minas\" target=\"_blank\" rel=\"noreferrer noopener\"><strong>relat\u00f3rio oficial da Prefeitura<\/strong><\/a> mostra que o munic\u00edpio avan\u00e7ou tr\u00eas posi\u00e7\u00f5es em apenas um ano, passando da 9\u00aa para a 6\u00aa coloca\u00e7\u00e3o. O ranking considera sa\u00fade, educa\u00e7\u00e3o, seguran\u00e7a, moradia, saneamento e oportunidades, deixando <strong>Belo Horizonte<\/strong>, que aparece em 48\u00ba, bem atr\u00e1s.<\/p>\n\n\n<div class=\"wp-block-image\">\n<figure class=\"aligncenter size-large\"><img decoding=\"async\" width=\"1024\" height=\"576\" src=\"https:\/\/www.em.com.br\/emfoco\/wp-content\/uploads\/2026\/03\/ngz-ngz-Panorama_do_Pastinho_em_Nova_Lima-35559-57995-1024x576.webp\" alt=\"A cidade mineira com a melhor qualidade de vida do estado e uma das melhores do Brasil\" class=\"wp-image-184089\" srcset=\"https:\/\/www.em.com.br\/emfoco\/wp-content\/uploads\/2026\/03\/ngz-ngz-Panorama_do_Pastinho_em_Nova_Lima-35559-57995-1024x576.webp 1024w, https:\/\/www.em.com.br\/emfoco\/wp-content\/uploads\/2026\/03\/ngz-ngz-Panorama_do_Pastinho_em_Nova_Lima-35559-57995-300x169.webp 300w, https:\/\/www.em.com.br\/emfoco\/wp-content\/uploads\/2026\/03\/ngz-ngz-Panorama_do_Pastinho_em_Nova_Lima-35559-57995-768x432.webp 768w, https:\/\/www.em.com.br\/emfoco\/wp-content\/uploads\/2026\/03\/ngz-ngz-Panorama_do_Pastinho_em_Nova_Lima-35559-57995-750x422.webp 750w, https:\/\/www.em.com.br\/emfoco\/wp-content\/uploads\/2026\/03\/ngz-ngz-Panorama_do_Pastinho_em_Nova_Lima-35559-57995-1140x641.webp 1140w, https:\/\/www.em.com.br\/emfoco\/wp-content\/uploads\/2026\/03\/ngz-ngz-Panorama_do_Pastinho_em_Nova_Lima-35559-57995.webp 1280w\" sizes=\"(max-width: 1024px) 100vw, 1024px\" \/><figcaption class=\"wp-element-caption\">Nova Lima destaca-se na divisa com Belo Horizonte como a cidade que det\u00e9m o maior \u00cdndice de Desenvolvimento Humano (IDH) de Minas Gerais \/\/ Cr\u00e9ditos: Wikipedia \/ Wikimedia Commons<\/figcaption><\/figure>\n<\/div>\n\n\n<p class=\"wp-block-paragraph\"><strong>Leia tamb\u00e9m: <a href=\"https:\/\/www.em.com.br\/emfoco\/2026\/04\/10\/com-mais-de-1-milhao-de-arvores-essa-cidade-no-brasil-conquista-o-posto-de-mais-arborizada-do-planeta\/\" target=\"_blank\" rel=\"noreferrer noopener\">Com mais de 1 milh\u00e3o de \u00e1rvores, essa cidade no Brasil conquista o posto de mais arborizada do planeta<\/a><\/strong><\/p>\n\n\n\n<h2 class=\"wp-block-heading\">IDH de 0,813 e uma das maiores rendas per capita do pa\u00eds<\/h2>\n\n\n\n<p class=\"wp-block-paragraph\">O desempenho tamb\u00e9m aparece em outros indicadores. O \u00cdndice de Desenvolvimento Humano Municipal (IDHM) de Nova Lima \u00e9 0,813, o maior de <strong>Minas Gerais<\/strong> e o 17\u00ba do <strong>Brasil<\/strong>, segundo o <a href=\"https:\/\/cidades.ibge.gov.br\/brasil\/mg\/nova-lima\/panorama\" target=\"_blank\" rel=\"noreferrer noopener\"><strong>Instituto Brasileiro de Geografia e Estat\u00edstica (IBGE)<\/strong><\/a>.<\/p>\n\n\n\n<p class=\"wp-block-paragraph\">O componente de renda \u00e9 um dos principais destaques: com \u00edndice de 0,864, a cidade ocupa a 7\u00aa posi\u00e7\u00e3o em renda per capita entre os 5.570 munic\u00edpios brasileiros. A renda m\u00e9dia do trabalhador chega a 3,8 sal\u00e1rios m\u00ednimos, a quarta maior do estado, enquanto 98,3% das crian\u00e7as e adolescentes est\u00e3o matriculados na escola.<\/p>\n\n\n\n<p class=\"wp-block-paragraph\">Quem quer conhecer as diferentes faces da cidade e suas curiosidades pode acompanhar este v\u00eddeo selecionado do canal <strong>Viajando com Toledo<\/strong>, com mais de <strong>22 mil<\/strong> visualiza\u00e7\u00f5es, no qual o apresentador percorre o centro hist\u00f3rico, os distritos de <strong>Macacos<\/strong> e <strong>Hon\u00f3rio Bicalho<\/strong>, al\u00e9m do bairro <strong>Vila da Serra<\/strong> em <strong>Nova Lima<\/strong>:<\/p>\n\n\n\n<figure class=\"wp-block-embed is-type-video is-provider-youtube wp-block-embed-youtube wp-embed-aspect-16-9 wp-has-aspect-ratio\"><div class=\"wp-block-embed__wrapper\">\n<div class=\"jeg_video_container jeg_video_content\"><iframe loading=\"lazy\" title=\"Nova Lima: A cidade mais rica do Brasil!\" width=\"500\" height=\"281\" src=\"https:\/\/www.youtube.com\/embed\/avQq-Qygpuw?feature=oembed\" frameborder=\"0\" allow=\"accelerometer; autoplay; clipboard-write; encrypted-media; gyroscope; picture-in-picture; web-share\" referrerpolicy=\"strict-origin-when-cross-origin\" allowfullscreen><\/iframe><\/div>\n<\/div><\/figure>\n\n\n\n<h2 class=\"wp-block-heading\">Como Nova Lima reduziu em 46% os crimes violentos<\/h2>\n\n\n\n<p class=\"wp-block-paragraph\">A seguran\u00e7a p\u00fablica tamb\u00e9m contribui para o bom desempenho da cidade. Dados da Pol\u00edcia Militar de Minas Gerais compilados pela <a href=\"https:\/\/novalima.mg.gov.br\/inicio\/noticias\/nova_lima_registra_numeros_positivos_na_seguranca_publica\" target=\"_blank\" rel=\"noreferrer noopener\"><strong>Prefeitura de Nova Lima<\/strong><\/a> apontam queda de 46% nos crimes violentos em 2023 na compara\u00e7\u00e3o com 2022, al\u00e9m da continuidade dessa redu\u00e7\u00e3o em 2024, resultado que colocou o munic\u00edpio como a 4\u00aa cidade mais segura de MG.<\/p>\n\n\n\n<p class=\"wp-block-paragraph\">Os roubos de ve\u00edculos tamb\u00e9m diminu\u00edram de forma expressiva: passaram de 93 registros em 2017 para apenas 12 em 2023, segundo levantamento da Gazeta do Povo com base no Atlas da Viol\u00eancia. A cidade conta com Guarda Civil Municipal integrada \u00e0 PM e \u00e0 Pol\u00edcia Civil, monitoramento por c\u00e2meras e patrulhamento refor\u00e7ado nas \u00e1reas pr\u00f3ximas \u00e0 capital.<\/p>\n\n\n<div class=\"wp-block-image\">\n<figure class=\"aligncenter size-large\"><img decoding=\"async\" width=\"1024\" height=\"576\" src=\"https:\/\/www.em.com.br\/emfoco\/wp-content\/uploads\/2026\/03\/ngz-ngz-Vista_do_Vila_da_Serra_pela_MG-030_Nova_Lima-15637-99677-1024x576.webp\" alt=\"A cidade mineira com a melhor qualidade de vida do estado e uma das melhores do Brasil\" class=\"wp-image-184088\" srcset=\"https:\/\/www.em.com.br\/emfoco\/wp-content\/uploads\/2026\/03\/ngz-ngz-Vista_do_Vila_da_Serra_pela_MG-030_Nova_Lima-15637-99677-1024x576.webp 1024w, https:\/\/www.em.com.br\/emfoco\/wp-content\/uploads\/2026\/03\/ngz-ngz-Vista_do_Vila_da_Serra_pela_MG-030_Nova_Lima-15637-99677-300x169.webp 300w, https:\/\/www.em.com.br\/emfoco\/wp-content\/uploads\/2026\/03\/ngz-ngz-Vista_do_Vila_da_Serra_pela_MG-030_Nova_Lima-15637-99677-768x432.webp 768w, https:\/\/www.em.com.br\/emfoco\/wp-content\/uploads\/2026\/03\/ngz-ngz-Vista_do_Vila_da_Serra_pela_MG-030_Nova_Lima-15637-99677-750x422.webp 750w, https:\/\/www.em.com.br\/emfoco\/wp-content\/uploads\/2026\/03\/ngz-ngz-Vista_do_Vila_da_Serra_pela_MG-030_Nova_Lima-15637-99677-1140x641.webp 1140w, https:\/\/www.em.com.br\/emfoco\/wp-content\/uploads\/2026\/03\/ngz-ngz-Vista_do_Vila_da_Serra_pela_MG-030_Nova_Lima-15637-99677.webp 1280w\" sizes=\"(max-width: 1024px) 100vw, 1024px\" \/><figcaption class=\"wp-element-caption\">Nova Lima, a melhor cidade de Minas Gerais \/\/ Cr\u00e9ditos: Wikipedia \/ Wikimedia Commons<\/figcaption><\/figure>\n<\/div>\n\n\n<h2 class=\"wp-block-heading\">Quanto custa morar em Nova Lima e quais bairros s\u00e3o mais valorizados?<\/h2>\n\n\n\n<p class=\"wp-block-paragraph\">O mercado imobili\u00e1rio acompanha a procura por seguran\u00e7a, localiza\u00e7\u00e3o e servi\u00e7os. Vila da Serra, Vale do Sereno e Alphaville concentram boa parte dos empreendimentos de alto padr\u00e3o, com edif\u00edcios assinados, com\u00e9rcio de rua e condom\u00ednios fechados.<\/p>\n\n\n\n<style>\n.nova-lima-tbl {\n    --cor-primaria: #1a2a57;\n    --cor-secundaria: #1a2a57;\n    --cor-destaque: #e6ecf7;\n    --cor-borda: #d8deea;\n    --cor-texto: #1a1a1a;\n    --cor-texto-sec: #5f6675;\n    --cor-txt-secundaria: #ffffff;\n\n    box-sizing: border-box;\n    width: 100%;\n    max-width: 760px;\n    margin: 24px auto;\n    border: 1px solid var(--cor-borda);\n    border-radius: 18px;\n    overflow: hidden;\n    background: #ffffff;\n    box-shadow: 0 10px 26px rgba(0,0,0,0.08);\n    font-family: 'Segoe UI', Roboto, Helvetica, Arial, sans-serif;\n}\n\n.nova-lima-tbl .tbl-title {\n    background: var(--cor-primaria);\n    color: var(--cor-txt-secundaria);\n    padding: 16px 18px;\n    text-align: left;\n}\n\n.nova-lima-tbl .tbl-title strong {\n    display: block;\n    font-size: 17px;\n    line-height: 1.35;\n    font-weight: 800;\n    color: #ffffff;\n}\n\n.nova-lima-tbl .tbl-title span {\n    display: block;\n    margin-top: 4px;\n    font-size: 12px;\n    line-height: 1.45;\n    color: #dbe4f7;\n}\n\n.nova-lima-tbl table {\n    width: 100%;\n    border-collapse: collapse;\n}\n\n.nova-lima-tbl thead tr {\n    background: #eef2f8;\n}\n\n.nova-lima-tbl th {\n    padding: 13px 14px;\n    text-align: left;\n    font-size: 11px;\n    text-transform: uppercase;\n    letter-spacing: 0.05em;\n    color: var(--cor-primaria);\n    font-weight: 900;\n    border-bottom: 1px solid var(--cor-borda);\n}\n\n.nova-lima-tbl td {\n    padding: 14px;\n    font-size: 13px;\n    line-height: 1.45;\n    color: var(--cor-texto);\n    border-bottom: 1px solid #edf0f5;\n    vertical-align: top;\n}\n\n.nova-lima-tbl tbody tr:nth-child(even) {\n    background: #f8faff;\n}\n\n.nova-lima-tbl tbody tr:last-child td {\n    border-bottom: none;\n}\n\n.nova-lima-tbl .bairro {\n    font-weight: 800;\n    color: var(--cor-primaria);\n}\n\n.nova-lima-tbl .valor {\n    display: inline-flex;\n    align-items: center;\n    justify-content: center;\n    background: var(--cor-destaque);\n    color: var(--cor-primaria);\n    padding: 5px 10px;\n    border-radius: 999px;\n    font-weight: 900;\n    white-space: nowrap;\n}\n\n.nova-lima-tbl .faixa {\n    color: var(--cor-texto);\n    font-weight: 600;\n}\n\n.nova-lima-tbl .fonte {\n    display: inline-flex;\n    align-items: center;\n    justify-content: center;\n    background: #f3f5f9;\n    color: var(--cor-texto-sec);\n    padding: 5px 9px;\n    border-radius: 8px;\n    font-size: 12px;\n    font-weight: 800;\n}\n\n@media (max-width: 640px) {\n    .nova-lima-tbl {\n        border-radius: 0;\n        border-left: none;\n        border-right: none;\n        box-shadow: none;\n        background: transparent;\n    }\n\n    .nova-lima-tbl table,\n    .nova-lima-tbl thead,\n    .nova-lima-tbl tbody,\n    .nova-lima-tbl tr,\n    .nova-lima-tbl td {\n        display: block;\n        width: 100%;\n    }\n\n    .nova-lima-tbl thead {\n        display: none;\n    }\n\n    .nova-lima-tbl tbody {\n        display: flex;\n        flex-direction: column;\n        gap: 12px;\n        padding: 12px;\n        background: #f6f8fc;\n    }\n\n    .nova-lima-tbl tr {\n        box-sizing: border-box;\n        background: #ffffff !important;\n        border: 1px solid var(--cor-borda);\n        border-radius: 16px;\n        overflow: hidden;\n        box-shadow: 0 6px 18px rgba(0,0,0,0.06);\n    }\n\n    .nova-lima-tbl td {\n        box-sizing: border-box;\n        display: flex;\n        justify-content: space-between;\n        gap: 14px;\n        padding: 12px 14px;\n        text-align: right;\n        border-bottom: 1px solid #edf0f5;\n    }\n\n    .nova-lima-tbl td:last-child {\n        border-bottom: none;\n    }\n\n    .nova-lima-tbl td::before {\n        content: attr(data-label);\n        min-width: 105px;\n        text-align: left;\n        font-size: 10px;\n        font-weight: 900;\n        color: var(--cor-texto-sec);\n        text-transform: uppercase;\n        letter-spacing: 0.04em;\n    }\n\n    .nova-lima-tbl .bairro,\n    .nova-lima-tbl .faixa {\n        max-width: 190px;\n    }\n}\n<\/style>\n\n<div class=\"google-auto-ads-ignore nova-lima-tbl\">\n    <div class=\"tbl-title\">\n        <strong>Quanto custa morar em Nova Lima?<\/strong>\n        <span>Bairros mais valorizados concentram pr\u00e9dios de alto padr\u00e3o, com\u00e9rcio de rua e condom\u00ednios fechados.<\/span>\n    <\/div>\n\n    <table>\n        <thead>\n            <tr>\n                <th>Bairro<\/th>\n                <th>Valor m\u00e9dio do m\u00b2<\/th>\n                <th>Faixa de pre\u00e7o<\/th>\n                <th>Fonte<\/th>\n            <\/tr>\n        <\/thead>\n        <tbody>\n            <tr>\n                <td data-label=\"Bairro\"><span class=\"bairro\">Vila da Serra<\/span><\/td>\n                <td data-label=\"Valor m\u00e9dio\"><span class=\"valor\">R$ 13.600<\/span><\/td>\n                <td data-label=\"Faixa\"><span class=\"faixa\">R$ 970 mil a R$ 4,3 mi<\/span><\/td>\n                <td data-label=\"Fonte\"><span class=\"fonte\">Loft<\/span><\/td>\n            <\/tr>\n            <tr>\n                <td data-label=\"Bairro\"><span class=\"bairro\">Vila da Serra, apartamentos<\/span><\/td>\n                <td data-label=\"Valor m\u00e9dio\"><span class=\"valor\">R$ 15.120<\/span><\/td>\n                <td data-label=\"Faixa\"><span class=\"faixa\">Consultar an\u00fancios<\/span><\/td>\n                <td data-label=\"Fonte\"><span class=\"fonte\">QuintoAndar<\/span><\/td>\n            <\/tr>\n            <tr>\n                <td data-label=\"Bairro\"><span class=\"bairro\">Vale do Sereno<\/span><\/td>\n                <td data-label=\"Valor m\u00e9dio\"><span class=\"valor\">R$ 13.010<\/span><\/td>\n                <td data-label=\"Faixa\"><span class=\"faixa\">R$ 745 mil a R$ 8,8 mi<\/span><\/td>\n                <td data-label=\"Fonte\"><span class=\"fonte\">Loft<\/span><\/td>\n            <\/tr>\n        <\/tbody>\n    <\/table>\n<\/div>\n\n\n\n<p class=\"wp-block-paragraph\"><em>Valores m\u00e9dios atualizados em 2026, com base nas plataformas <a href=\"https:\/\/loft.com.br\/onde-morar\/mg\/nova-lima\/vila-da-serra\/B6DB3F72\" target=\"_blank\" rel=\"noreferrer noopener\"><strong>Loft<\/strong><\/a> e <a href=\"https:\/\/www.quintoandar.com.br\/comprar\/imovel\/vila-da-serra-nova-lima-mg-brasil\/apartamento\" target=\"_blank\" rel=\"noreferrer noopener\"><strong>QuintoAndar<\/strong><\/a>. Pre\u00e7os variam por tipo de im\u00f3vel e localiza\u00e7\u00e3o exata.<\/em><\/p>\n\n\n\n<h2 class=\"wp-block-heading\">O que faz tanta gente trocar Belo Horizonte por Nova Lima?<\/h2>\n\n\n\n<p class=\"wp-block-paragraph\">A divisa entre <strong>Nova Lima<\/strong> e <strong>Belo Horizonte<\/strong> passa pela regi\u00e3o do BH Shopping, o que permite morar em condom\u00ednios na serra e trabalhar na capital sem encarar deslocamentos muito longos. Entre 2010 e 2022, a popula\u00e7\u00e3o avan\u00e7ou de 80 mil para 111 mil habitantes, crescimento de 38% no per\u00edodo, segundo o Censo do IBGE.<\/p>\n\n\n\n<p class=\"wp-block-paragraph\">Cerca de 60% do territ\u00f3rio municipal \u00e9 formado por \u00e1reas preservadas de <strong>Mata Atl\u00e2ntica<\/strong> e de transi\u00e7\u00e3o para o <strong>Cerrado<\/strong>, com altitude m\u00e9dia elevada e noites mais frescas mesmo no ver\u00e3o. Servi\u00e7os privados de sa\u00fade, escolas bil\u00edngues e com\u00e9rcio de alto padr\u00e3o ajudam a completar o cen\u00e1rio que atrai fam\u00edlias, executivos e aposentados do Sudeste.<\/p>\n\n\n\n<iframe src=\"https:\/\/www.google.com\/maps\/embed?pb=!1m28!1m12!1m3!1d403465.13508176553!2d-43.99080388799413!3d-19.994850910312042!2m3!1f0!2f0!3f0!3m2!1i1024!2i768!4f13.1!4m13!3e0!4m5!1s0xa690cacacf2c33%3A0x5b35795e3ad23997!2sBelo%20Horizonte%2C%20MG!3m2!1d-19.919052!2d-43.9386685!4m5!1s0xa6a30042cd1f59%3A0xa317953d89263640!2sNova%20Lima%2C%20MG!3m2!1d-19.9849058!2d-43.8469634!5e1!3m2!1spt-BR!2sbr!4v1783286544575!5m2!1spt-BR!2sbr\" width=\"600\" height=\"450\" style=\"border:0;\" allowfullscreen=\"\" loading=\"lazy\" referrerpolicy=\"strict-origin-when-cross-origin\"><\/iframe>\n\n\n\n<h2 class=\"wp-block-heading\">Conhe\u00e7a a cidade que virou extens\u00e3o da zona sul de Belo Horizonte<\/h2>\n\n\n\n<p class=\"wp-block-paragraph\">Nova Lima ganhou novo impulso ao transformar parte da heran\u00e7a ligada \u00e0 minera\u00e7\u00e3o em servi\u00e7os, seguran\u00e7a e um mercado imobili\u00e1rio valorizado. Os rankings ajudam a mostrar por que tanta gente escolheu morar a poucos minutos de uma capital sem abrir m\u00e3o da serra, do verde e de uma rotina mais silenciosa.<\/p>\n\n\n\n<p class=\"wp-block-paragraph\">Uma volta pela Vila da Serra no fim da tarde ajuda a entender por que Nova Lima se tornou um dos principais destinos de quem decide deixar Belo Horizonte em busca de outra rotina.<\/p>\n","protected":false},"excerpt":{"rendered":"<p>A apenas 22 km de Belo Horizonte, Nova Lima re\u00fane o maior desenvolvimento humano do estado, uma das maiores rendas m\u00e9dias do pa\u00eds e uma queda hist\u00f3rica nos \u00edndices de criminalidade. Com 111 mil habitantes, a cidade cresceu 38% em 12 anos e virou destino de quem troca a capital por serra, condom\u00ednios fechados e [&hellip;]<\/p>\n","protected":false},"author":30,"featured_media":262396,"comment_status":"open","ping_status":"open","sticky":false,"template":"","format":"standard","meta":{"jnews-multi-image_gallery":[],"jnews_single_post":{"format":"standard"},"jnews_primary_category":[],"jnews_social_meta":[],"jnews_override_counter":[],"footnotes":""},"categories":[26],"tags":[154,11179,689],"class_list":["post-262383","post","type-post","status-publish","format-standard","has-post-thumbnail","hentry","category-cidades","tag-belo-horizonte","tag-cidade-2","tag-nova-lima"],"yoast_head":"<!-- This site is optimized with the Yoast SEO plugin v28.3 - https:\/\/yoast.com\/product\/yoast-seo-wordpress\/ -->\n<title>Renda per capita entre as 10 maiores do Brasil e primeiro lugar em qualidade de vida no estado: por que essa cidade virou para\u00edso de quem sai de BH - Estado de Minas - Em foco<\/title>\n<meta name=\"description\" content=\"Perto de BH, uma cidade combina renda elevada, bons indicadores e vida tranquila. Veja por que tanta gente passou a escolher o munic\u00edpio.\" \/>\n<meta name=\"robots\" content=\"index, follow, max-snippet:-1, max-image-preview:large, max-video-preview:-1\" \/>\n<link rel=\"canonical\" href=\"https:\/\/www.em.com.br\/emfoco\/2026\/09\/04\/renda-per-capita-entre-as-10-maiores-do-brasil-e-primeiro-lugar-em-qualidade-de-vida-no-estado-por-que-essa-cidade-virou-paraiso-de-quem-sai-de-bh\/\" \/>\n<meta property=\"og:locale\" content=\"pt_BR\" \/>\n<meta property=\"og:type\" content=\"article\" \/>\n<meta property=\"og:title\" content=\"Renda per capita entre as 10 maiores do Brasil e primeiro lugar em qualidade de vida no estado: por que essa cidade virou para\u00edso de quem sai de BH - Estado de Minas - Em foco\" \/>\n<meta property=\"og:description\" content=\"Perto de BH, uma cidade combina renda elevada, bons indicadores e vida tranquila. Veja por que tanta gente passou a escolher o munic\u00edpio.\" \/>\n<meta property=\"og:url\" content=\"https:\/\/www.em.com.br\/emfoco\/2026\/09\/04\/renda-per-capita-entre-as-10-maiores-do-brasil-e-primeiro-lugar-em-qualidade-de-vida-no-estado-por-que-essa-cidade-virou-paraiso-de-quem-sai-de-bh\/\" \/>\n<meta property=\"og:site_name\" content=\"Estado de Minas - Em foco\" \/>\n<meta property=\"article:published_time\" content=\"2026-09-04T17:07:00+00:00\" \/>\n<meta property=\"og:image\" content=\"https:\/\/www.em.com.br\/emfoco\/wp-content\/uploads\/2026\/09\/image-9.png\" \/>\n\t<meta property=\"og:image:width\" content=\"1280\" \/>\n\t<meta property=\"og:image:height\" content=\"720\" \/>\n\t<meta property=\"og:image:type\" content=\"image\/png\" \/>\n<meta name=\"author\" content=\"Guilherme Ara\u00fajo\" \/>\n<meta name=\"twitter:card\" content=\"summary_large_image\" \/>\n<meta name=\"twitter:label1\" content=\"Escrito por\" \/>\n\t<meta name=\"twitter:data1\" content=\"Guilherme Ara\u00fajo\" \/>\n\t<meta name=\"twitter:label2\" content=\"Est. tempo de leitura\" \/>\n\t<meta name=\"twitter:data2\" content=\"6 minutos\" \/>\n<!-- \/ Yoast SEO plugin. -->","yoast_head_json":{"title":"Renda per capita entre as 10 maiores do Brasil e primeiro lugar em qualidade de vida no estado: por que essa cidade virou para\u00edso de quem sai de BH - Estado de Minas - Em foco","description":"Perto de BH, uma cidade combina renda elevada, bons indicadores e vida tranquila. Veja por que tanta gente passou a escolher o munic\u00edpio.","robots":{"index":"index","follow":"follow","max-snippet":"max-snippet:-1","max-image-preview":"max-image-preview:large","max-video-preview":"max-video-preview:-1"},"canonical":"https:\/\/www.em.com.br\/emfoco\/2026\/09\/04\/renda-per-capita-entre-as-10-maiores-do-brasil-e-primeiro-lugar-em-qualidade-de-vida-no-estado-por-que-essa-cidade-virou-paraiso-de-quem-sai-de-bh\/","og_locale":"pt_BR","og_type":"article","og_title":"Renda per capita entre as 10 maiores do Brasil e primeiro lugar em qualidade de vida no estado: por que essa cidade virou para\u00edso de quem sai de BH - Estado de Minas - Em foco","og_description":"Perto de BH, uma cidade combina renda elevada, bons indicadores e vida tranquila. Veja por que tanta gente passou a escolher o munic\u00edpio.","og_url":"https:\/\/www.em.com.br\/emfoco\/2026\/09\/04\/renda-per-capita-entre-as-10-maiores-do-brasil-e-primeiro-lugar-em-qualidade-de-vida-no-estado-por-que-essa-cidade-virou-paraiso-de-quem-sai-de-bh\/","og_site_name":"Estado de Minas - Em foco","article_published_time":"2026-09-04T17:07:00+00:00","og_image":[{"width":1280,"height":720,"url":"https:\/\/www.em.com.br\/emfoco\/wp-content\/uploads\/2026\/09\/image-9.png","type":"image\/png"}],"author":"Guilherme Ara\u00fajo","twitter_card":"summary_large_image","twitter_misc":{"Escrito por":"Guilherme Ara\u00fajo","Est. tempo de leitura":"6 minutos"},"schema":{"@context":"https:\/\/schema.org","@graph":[{"@type":"Article","@id":"https:\/\/www.em.com.br\/emfoco\/2026\/09\/04\/renda-per-capita-entre-as-10-maiores-do-brasil-e-primeiro-lugar-em-qualidade-de-vida-no-estado-por-que-essa-cidade-virou-paraiso-de-quem-sai-de-bh\/#article","isPartOf":{"@id":"https:\/\/www.em.com.br\/emfoco\/2026\/09\/04\/renda-per-capita-entre-as-10-maiores-do-brasil-e-primeiro-lugar-em-qualidade-de-vida-no-estado-por-que-essa-cidade-virou-paraiso-de-quem-sai-de-bh\/"},"author":{"name":"Guilherme Ara\u00fajo","@id":"https:\/\/www.em.com.br\/emfoco\/#\/schema\/person\/5379e929a4b966c775d121e23f9bb421"},"headline":"Renda per capita entre as 10 maiores do Brasil e primeiro lugar em qualidade de vida no estado: por que essa cidade virou para\u00edso de quem sai de BH","datePublished":"2026-09-04T17:07:00+00:00","mainEntityOfPage":{"@id":"https:\/\/www.em.com.br\/emfoco\/2026\/09\/04\/renda-per-capita-entre-as-10-maiores-do-brasil-e-primeiro-lugar-em-qualidade-de-vida-no-estado-por-que-essa-cidade-virou-paraiso-de-quem-sai-de-bh\/"},"wordCount":945,"commentCount":0,"image":{"@id":"https:\/\/www.em.com.br\/emfoco\/2026\/09\/04\/renda-per-capita-entre-as-10-maiores-do-brasil-e-primeiro-lugar-em-qualidade-de-vida-no-estado-por-que-essa-cidade-virou-paraiso-de-quem-sai-de-bh\/#primaryimage"},"thumbnailUrl":"https:\/\/www.em.com.br\/emfoco\/wp-content\/uploads\/2026\/09\/image-9.png","keywords":["Belo Horizonte","Cidade","Nova Lima"],"articleSection":["Cidades"],"inLanguage":"pt-BR","potentialAction":[{"@type":"CommentAction","name":"Comment","target":["https:\/\/www.em.com.br\/emfoco\/2026\/09\/04\/renda-per-capita-entre-as-10-maiores-do-brasil-e-primeiro-lugar-em-qualidade-de-vida-no-estado-por-que-essa-cidade-virou-paraiso-de-quem-sai-de-bh\/#respond"]}]},{"@type":"WebPage","@id":"https:\/\/www.em.com.br\/emfoco\/2026\/09\/04\/renda-per-capita-entre-as-10-maiores-do-brasil-e-primeiro-lugar-em-qualidade-de-vida-no-estado-por-que-essa-cidade-virou-paraiso-de-quem-sai-de-bh\/","url":"https:\/\/www.em.com.br\/emfoco\/2026\/09\/04\/renda-per-capita-entre-as-10-maiores-do-brasil-e-primeiro-lugar-em-qualidade-de-vida-no-estado-por-que-essa-cidade-virou-paraiso-de-quem-sai-de-bh\/","name":"Renda per capita entre as 10 maiores do Brasil e primeiro lugar em qualidade de vida no estado: por que essa cidade virou para\u00edso de quem sai de BH - Estado de Minas - Em foco","isPartOf":{"@id":"https:\/\/www.em.com.br\/emfoco\/#website"},"primaryImageOfPage":{"@id":"https:\/\/www.em.com.br\/emfoco\/2026\/09\/04\/renda-per-capita-entre-as-10-maiores-do-brasil-e-primeiro-lugar-em-qualidade-de-vida-no-estado-por-que-essa-cidade-virou-paraiso-de-quem-sai-de-bh\/#primaryimage"},"image":{"@id":"https:\/\/www.em.com.br\/emfoco\/2026\/09\/04\/renda-per-capita-entre-as-10-maiores-do-brasil-e-primeiro-lugar-em-qualidade-de-vida-no-estado-por-que-essa-cidade-virou-paraiso-de-quem-sai-de-bh\/#primaryimage"},"thumbnailUrl":"https:\/\/www.em.com.br\/emfoco\/wp-content\/uploads\/2026\/09\/image-9.png","datePublished":"2026-09-04T17:07:00+00:00","author":{"@id":"https:\/\/www.em.com.br\/emfoco\/#\/schema\/person\/5379e929a4b966c775d121e23f9bb421"},"description":"Perto de BH, uma cidade combina renda elevada, bons indicadores e vida tranquila. Veja por que tanta gente passou a escolher o munic\u00edpio.","breadcrumb":{"@id":"https:\/\/www.em.com.br\/emfoco\/2026\/09\/04\/renda-per-capita-entre-as-10-maiores-do-brasil-e-primeiro-lugar-em-qualidade-de-vida-no-estado-por-que-essa-cidade-virou-paraiso-de-quem-sai-de-bh\/#breadcrumb"},"inLanguage":"pt-BR","potentialAction":[{"@type":"ReadAction","target":["https:\/\/www.em.com.br\/emfoco\/2026\/09\/04\/renda-per-capita-entre-as-10-maiores-do-brasil-e-primeiro-lugar-em-qualidade-de-vida-no-estado-por-que-essa-cidade-virou-paraiso-de-quem-sai-de-bh\/"]}]},{"@type":"ImageObject","inLanguage":"pt-BR","@id":"https:\/\/www.em.com.br\/emfoco\/2026\/09\/04\/renda-per-capita-entre-as-10-maiores-do-brasil-e-primeiro-lugar-em-qualidade-de-vida-no-estado-por-que-essa-cidade-virou-paraiso-de-quem-sai-de-bh\/#primaryimage","url":"https:\/\/www.em.com.br\/emfoco\/wp-content\/uploads\/2026\/09\/image-9.png","contentUrl":"https:\/\/www.em.com.br\/emfoco\/wp-content\/uploads\/2026\/09\/image-9.png","width":1280,"height":720,"caption":"Bons indicadores ajudam a explicar por que o munic\u00edpio ganhou espa\u00e7o entre quem pensa em mudar de cidade"},{"@type":"BreadcrumbList","@id":"https:\/\/www.em.com.br\/emfoco\/2026\/09\/04\/renda-per-capita-entre-as-10-maiores-do-brasil-e-primeiro-lugar-em-qualidade-de-vida-no-estado-por-que-essa-cidade-virou-paraiso-de-quem-sai-de-bh\/#breadcrumb","itemListElement":[{"@type":"ListItem","position":1,"name":"In\u00edcio","item":"https:\/\/www.em.com.br\/emfoco\/"},{"@type":"ListItem","position":2,"name":"Renda per capita entre as 10 maiores do Brasil e primeiro lugar em qualidade de vida no estado: por que essa cidade virou para\u00edso de quem sai de BH"}]},{"@type":"WebSite","@id":"https:\/\/www.em.com.br\/emfoco\/#website","url":"https:\/\/www.em.com.br\/emfoco\/","name":"Estado de Minas - Em foco","description":"Acompanhe as \u00faltimas not\u00edcias e fique bem informado sobre tudo o que acontece em Minas Gerais, Brasil e no mundo.","potentialAction":[{"@type":"SearchAction","target":{"@type":"EntryPoint","urlTemplate":"https:\/\/www.em.com.br\/emfoco\/?s={search_term_string}"},"query-input":{"@type":"PropertyValueSpecification","valueRequired":true,"valueName":"search_term_string"}}],"inLanguage":"pt-BR"},{"@type":"Person","@id":"https:\/\/www.em.com.br\/emfoco\/#\/schema\/person\/5379e929a4b966c775d121e23f9bb421","name":"Guilherme Ara\u00fajo","image":{"@type":"ImageObject","inLanguage":"pt-BR","@id":"https:\/\/secure.gravatar.com\/avatar\/063bc96e5a2afd1844386c45bd1360efc771eff011a9fab8cd399e2a104c3ecd?s=96&d=mm&r=g","url":"https:\/\/secure.gravatar.com\/avatar\/063bc96e5a2afd1844386c45bd1360efc771eff011a9fab8cd399e2a104c3ecd?s=96&d=mm&r=g","contentUrl":"https:\/\/secure.gravatar.com\/avatar\/063bc96e5a2afd1844386c45bd1360efc771eff011a9fab8cd399e2a104c3ecd?s=96&d=mm&r=g","caption":"Guilherme Ara\u00fajo"},"sameAs":["https:\/\/www.em.com.br\/emfoco"],"url":"https:\/\/www.em.com.br\/emfoco\/author\/guilhermeamyth\/"}]}},"_links":{"self":[{"href":"https:\/\/www.em.com.br\/emfoco\/wp-json\/wp\/v2\/posts\/262383","targetHints":{"allow":["GET"]}}],"collection":[{"href":"https:\/\/www.em.com.br\/emfoco\/wp-json\/wp\/v2\/posts"}],"about":[{"href":"https:\/\/www.em.com.br\/emfoco\/wp-json\/wp\/v2\/types\/post"}],"author":[{"embeddable":true,"href":"https:\/\/www.em.com.br\/emfoco\/wp-json\/wp\/v2\/users\/30"}],"replies":[{"embeddable":true,"href":"https:\/\/www.em.com.br\/emfoco\/wp-json\/wp\/v2\/comments?post=262383"}],"version-history":[{"count":5,"href":"https:\/\/www.em.com.br\/emfoco\/wp-json\/wp\/v2\/posts\/262383\/revisions"}],"predecessor-version":[{"id":262398,"href":"https:\/\/www.em.com.br\/emfoco\/wp-json\/wp\/v2\/posts\/262383\/revisions\/262398"}],"wp:featuredmedia":[{"embeddable":true,"href":"https:\/\/www.em.com.br\/emfoco\/wp-json\/wp\/v2\/media\/262396"}],"wp:attachment":[{"href":"https:\/\/www.em.com.br\/emfoco\/wp-json\/wp\/v2\/media?parent=262383"}],"wp:term":[{"taxonomy":"category","embeddable":true,"href":"https:\/\/www.em.com.br\/emfoco\/wp-json\/wp\/v2\/categories?post=262383"},{"taxonomy":"post_tag","embeddable":true,"href":"https:\/\/www.em.com.br\/emfoco\/wp-json\/wp\/v2\/tags?post=262383"}],"curies":[{"name":"wp","href":"https:\/\/api.w.org\/{rel}","templated":true}]}}