{"id":262214,"date":"2026-09-04T17:37:00","date_gmt":"2026-09-04T20:37:00","guid":{"rendered":"https:\/\/www.em.com.br\/emfoco\/?p=262214"},"modified":"2026-09-03T21:22:04","modified_gmt":"2026-09-04T00:22:04","slug":"familia-paga-r-22-mil-por-portas-vendidas-como-madeira-macica-mas-uma-delas-quebra-e-revela-o-interior-oco","status":"publish","type":"post","link":"https:\/\/www.em.com.br\/emfoco\/2026\/09\/04\/familia-paga-r-22-mil-por-portas-vendidas-como-madeira-macica-mas-uma-delas-quebra-e-revela-o-interior-oco\/","title":{"rendered":"Fam\u00edlia paga R$ 22 mil por portas vendidas como madeira maci\u00e7a, mas uma delas quebra e revela o interior oco"},"content":{"rendered":"\n<div class=\"emf-summary google-auto-ads-ignore\">\n  <style>\n    .emf-summary {\n      --emf-navy:#00245a;\n      --emf-navy-soft:#0b3b70;\n      --emf-ink:#1d2731;\n      --emf-muted:#66727e;\n      --emf-line:#d7dde5;\n      --emf-paper:#ffffff;\n      --emf-wash:#f4f6f8;\n      box-sizing:border-box!important;\n      inline-size:min(1100px,100%)!important;\n      max-inline-size:100%!important;\n      margin-inline:auto!important;\n      overflow:hidden!important;\n      color:var(--emf-ink);\n      background:var(--emf-paper);\n      border:1px solid var(--emf-line);\n      border-block-start:5px solid var(--emf-navy);\n      border-radius:6px!important;\n      box-shadow:0 8px 24px rgba(0,36,90,.08);\n      font-family:Arial,Helvetica,sans-serif;\n    }\n\n    .emf-summary *,\n    .emf-summary *::before,\n    .emf-summary *::after {\n      box-sizing:border-box!important;\n    }\n\n    .emf-summary-brand {\n      display:flex;\n      align-items:center;\n      gap:14px;\n      padding:16px 20px;\n      color:#fff;\n      background:linear-gradient(105deg,var(--emf-navy) 0%,var(--emf-navy-soft) 100%);\n      border-block-end:1px solid rgba(255,255,255,.18);\n    }\n\n    .emf-summary-logo {\n      display:grid;\n      place-items:center;\n      inline-size:58px;\n      block-size:58px;\n      flex:0 0 58px;\n      background:rgba(255,255,255,.08);\n      border:1px solid rgba(255,255,255,.35);\n      border-radius:3px!important;\n    }\n\n    .emf-summary-logo img {\n      display:block;\n      inline-size:46px;\n      block-size:46px;\n      max-inline-size:46px;\n      max-block-size:46px;\n      object-fit:contain;\n    }\n\n    .emf-summary-eyebrow {\n      margin:0 0 3px;\n      font-size:11px;\n      font-weight:700;\n      letter-spacing:.18em;\n      line-height:1.2;\n      text-transform:uppercase;\n      opacity:.78;\n    }\n\n    .emf-summary-title {\n      margin:0;\n      font-family:Georgia,\"Times New Roman\",serif;\n      font-size:25px;\n      font-weight:700;\n      line-height:1.15;\n    }\n\n    .emf-summary-grid {\n      display:grid;\n      grid-template-columns:repeat(3,minmax(0,1fr));\n      gap:0;\n      background:var(--emf-wash);\n    }\n\n    .emf-summary-card {\n      position:relative;\n      min-block-size:190px;\n      padding:24px 20px 20px;\n      overflow:hidden!important;\n      background:#fff;\n      border-inline-end:1px solid var(--emf-line);\n    }\n\n    .emf-summary-card:last-child {\n      border-inline-end:0;\n    }\n\n    .emf-summary-number {\n      position:absolute;\n      inset-block-start:13px;\n      inset-inline-end:15px;\n      color:rgba(0,36,90,.10);\n      font-family:Georgia,\"Times New Roman\",serif;\n      font-size:46px;\n      font-weight:700;\n      line-height:1;\n      pointer-events:none;\n    }\n\n    .emf-summary-card-title {\n      position:relative;\n      z-index:1;\n      margin:0 0 11px;\n      padding-block-end:10px;\n      color:var(--emf-navy);\n      border-block-end:2px solid var(--emf-navy);\n      font-family:Georgia,\"Times New Roman\",serif;\n      font-size:18px;\n      font-weight:700;\n      line-height:1.3;\n      overflow-wrap:anywhere;\n    }\n\n    .emf-summary-card-text {\n      position:relative;\n      z-index:1;\n      color:#485560;\n      font-size:13px;\n      line-height:1.6;\n      overflow-wrap:anywhere;\n    }\n\n    .emf-summary-card-meta {\n      position:relative;\n      z-index:1;\n      display:inline-flex;\n      margin-block-start:16px;\n      padding:5px 8px;\n      color:var(--emf-navy);\n      background:#edf1f5;\n      border:1px solid #d9e0e7;\n      border-radius:2px!important;\n      font-size:10px;\n      font-weight:700;\n      letter-spacing:.08em;\n      line-height:1.2;\n      text-transform:uppercase;\n    }\n\n    @media(max-width:760px) {\n      .emf-summary-grid {\n        grid-template-columns:1fr;\n      }\n\n      .emf-summary-card {\n        min-block-size:0;\n        border-inline-end:0;\n        border-block-end:1px solid var(--emf-line);\n      }\n\n      .emf-summary-card:last-child {\n        border-block-end:0;\n      }\n    }\n\n    @media(max-width:480px) {\n      .emf-summary-brand {\n        padding:14px 15px;\n      }\n\n      .emf-summary-logo {\n        inline-size:52px;\n        block-size:52px;\n        flex-basis:52px;\n      }\n\n      .emf-summary-logo img {\n        inline-size:41px;\n        block-size:41px;\n        max-inline-size:41px;\n        max-block-size:41px;\n      }\n\n      .emf-summary-title {\n        font-size:22px;\n      }\n\n      .emf-summary-card {\n        padding:21px 16px 18px;\n      }\n    }\n  <\/style>\n\n  <div class=\"emf-summary-brand\">\n    <div class=\"emf-summary-logo\">\n      <img\n        alt=\"Logo EM Foco\"\n        decoding=\"async\"\n        fetchpriority=\"high\"\n        height=\"46\"\n        loading=\"eager\"\n        referrerpolicy=\"no-referrer\"\n        src=\"https:\/\/www.em.com.br\/emfoco\/wp-content\/uploads\/2026\/08\/em_transparente_3000px-scaled.png\"\n        width=\"46\"\n      >\n    <\/div>\n\n    <div>\n      <div class=\"emf-summary-eyebrow\">EM FOCO<\/div>\n      <div class=\"emf-summary-title\">Resumo da mat\u00e9ria<\/div>\n    <\/div>\n  <\/div>\n\n  <div class=\"emf-summary-grid\">\n    <div class=\"emf-summary-card\">\n      <span aria-hidden=\"true\" class=\"emf-summary-number\">01<\/span>\n      <div aria-level=\"3\" class=\"emf-summary-card-title\" role=\"heading\">\n        Todo o caso \u00e9 fict\u00edcio\n      <\/div>\n      <div class=\"emf-summary-card-text\">\n        Fam\u00edlia, loja, R$ 22 mil, portas e quebra foram inventados para discutir como a composi\u00e7\u00e3o anunciada poderia ser conferida.\n      <\/div>\n      <div class=\"emf-summary-card-meta\">\n        fic\u00e7\u00e3o declarada\n      <\/div>\n    <\/div>\n    <div class=\"emf-summary-card\">\n      <span aria-hidden=\"true\" class=\"emf-summary-number\">02<\/span>\n      <div aria-level=\"3\" class=\"emf-summary-card-title\" role=\"heading\">\n        Maci\u00e7a tem peso na oferta\n      <\/div>\n      <div class=\"emf-summary-card-text\">\n        Quando a express\u00e3o aparece na venda, an\u00fancio, amostra e descri\u00e7\u00e3o t\u00e9cnica precisam mostrar exatamente a qual parte do produto ela se refere.\n      <\/div>\n      <div class=\"emf-summary-card-meta\">\n        informa\u00e7\u00e3o clara\n      <\/div>\n    <\/div>\n    <div class=\"emf-summary-card\">\n      <span aria-hidden=\"true\" class=\"emf-summary-number\">03<\/span>\n      <div aria-level=\"3\" class=\"emf-summary-card-title\" role=\"heading\">\n        Interior revela constru\u00e7\u00e3o\n      <\/div>\n      <div class=\"emf-summary-card-text\">\n        Uma porta quebrada pode expor n\u00facleo, l\u00e2minas, pain\u00e9is e outros elementos que permitem comparar o produto real com aquilo que foi apresentado na compra.\n      <\/div>\n      <div class=\"emf-summary-card-meta\">\n        composi\u00e7\u00e3o\n      <\/div>\n    <\/div>\n  <\/div>\n<\/div>\n\n\n\n<p class=\"wp-block-paragraph\">Em relato fict\u00edcio, uma fam\u00edlia paga R$ 22 mil por <strong>portas de madeira maci\u00e7a<\/strong>, mas uma folha quebrada revela interior oco. Fam\u00edlia, loja, valor e ocorr\u00eancia s\u00e3o inventados. Num caso real, an\u00fancio, amostra, nota, ficha t\u00e9cnica e composi\u00e7\u00e3o precisariam ser comparados para verificar se oferta e produto coincidem.<\/p>\n\n\n\n<h2 class=\"wp-block-heading\">O que teria acontecido com as portas nesse relato fict\u00edcio?<\/h2>\n\n\n\n<p class=\"wp-block-paragraph\">Na situa\u00e7\u00e3o inventada, a fam\u00edlia compra v\u00e1rias portas descritas como <strong>madeira maci\u00e7a<\/strong>. Depois da instala\u00e7\u00e3o, uma folha sofre uma quebra e deixa vis\u00edvel um interior oco. A loja afirma que a express\u00e3o usada na venda se referia apenas \u00e0 camada externa e n\u00e3o ao conjunto completo.<\/p>\n\n\n\n<p class=\"wp-block-paragraph\">A descoberta f\u00edsica n\u00e3o resolve sozinha a discuss\u00e3o. Seria preciso comparar <a href=\"https:\/\/pt.wikipedia.org\/wiki\/Madeira\" target=\"_blank\" rel=\"noopener noreferrer\"><strong>madeira<\/strong><\/a>, n\u00facleo, l\u00e2minas e revestimentos encontrados com a descri\u00e7\u00e3o comercial. Tamb\u00e9m importaria verificar se o an\u00fancio explicava alguma constru\u00e7\u00e3o composta ou se a express\u00e3o \u201cmaci\u00e7a\u201d aparecia sem limita\u00e7\u00e3o.<\/p>\n\n\n<div class=\"wp-block-image\">\n<figure class=\"aligncenter size-large\"><img decoding=\"async\" width=\"1024\" height=\"576\" src=\"https:\/\/www.em.com.br\/emfoco\/wp-content\/uploads\/2026\/09\/madeira-1024x576.jpg\" alt=\"\" class=\"wp-image-262338\" srcset=\"https:\/\/www.em.com.br\/emfoco\/wp-content\/uploads\/2026\/09\/madeira-1024x576.jpg 1024w, https:\/\/www.em.com.br\/emfoco\/wp-content\/uploads\/2026\/09\/madeira-300x169.jpg 300w, https:\/\/www.em.com.br\/emfoco\/wp-content\/uploads\/2026\/09\/madeira-768x432.jpg 768w, https:\/\/www.em.com.br\/emfoco\/wp-content\/uploads\/2026\/09\/madeira-750x421.jpg 750w, https:\/\/www.em.com.br\/emfoco\/wp-content\/uploads\/2026\/09\/madeira-1140x641.jpg 1140w, https:\/\/www.em.com.br\/emfoco\/wp-content\/uploads\/2026\/09\/madeira.jpg 1280w\" sizes=\"(max-width: 1024px) 100vw, 1024px\" \/><figcaption class=\"wp-element-caption\">Or\u00e7amento, nota fiscal e material publicit\u00e1rio ajudam a mostrar exatamente o que foi prometido<\/figcaption><\/figure>\n<\/div>\n\n\n<h2 class=\"wp-block-heading\">O que \u201cmadeira maci\u00e7a\u201d pode significar em uma descri\u00e7\u00e3o t\u00e9cnica?<\/h2>\n\n\n\n<p class=\"wp-block-paragraph\">O <a href=\"https:\/\/portalead.ibama.gov.br\/component\/legislacao\/?legislacao=139202&amp;view=legislacao\" target=\"_blank\" rel=\"noopener noreferrer\"><strong>Ibama<\/strong><\/a> usa, em sua classifica\u00e7\u00e3o de produtos florestais, a express\u00e3o \u201cporta lisa maci\u00e7a\u201d para um produto composto por madeira s\u00f3lida. Essa defini\u00e7\u00e3o administrativa n\u00e3o resolve qualquer modelo de porta, mas mostra que o termo pode ter significado t\u00e9cnico concreto.<\/p>\n\n\n\n<p class=\"wp-block-paragraph\">Por isso, dizer depois que \u201cmaci\u00e7a\u201d descrevia somente o exterior exigiria confrontar essa explica\u00e7\u00e3o com <strong>o material de venda entregue ao consumidor<\/strong>. Uma porta pode usar diferentes sistemas construtivos, mas a composi\u00e7\u00e3o precisa corresponder ao que foi especificado e ao que uma amostra eventualmente apresentou.<\/p>\n\n\n\n<h2 class=\"wp-block-heading\">Que documentos ajudariam a comparar a porta oferecida com a entregue?<\/h2>\n\n\n\n<p class=\"wp-block-paragraph\">O an\u00fancio original, a proposta e a nota fiscal podem mostrar <strong>qual express\u00e3o comercial foi usada<\/strong>. Cat\u00e1logo, ficha t\u00e9cnica e amostra de showroom ajudam a identificar se havia indica\u00e7\u00e3o de n\u00facleo oco, enchimento, l\u00e2mina natural, madeira s\u00f3lida ou outra combina\u00e7\u00e3o de materiais.<\/p>\n\n\n\n<p class=\"wp-block-paragraph\">A folha quebrada tamb\u00e9m deve ser fotografada antes de descarte ou reparo. Uma avalia\u00e7\u00e3o independente pode identificar componentes vis\u00edveis e comparar espessura, n\u00facleo e revestimentos com outras portas do mesmo pedido. O objetivo \u00e9 verificar <strong>composi\u00e7\u00e3o real e informa\u00e7\u00e3o fornecida<\/strong>, n\u00e3o apenas discutir o significado da palavra depois do problema.<\/p>\n\n\n\n<p class=\"myth-list-bridge wp-block-paragraph\">A seguir listamos <strong>5 elementos de compara\u00e7\u00e3o<\/strong> que ajudariam a verificar se a porta entregue corresponde ao que foi vendido:<\/p>\n\n\n\n<ul class=\"wp-block-list myth-bullet-list\">\n<li><strong>An\u00fancio original: <\/strong>preserve a descri\u00e7\u00e3o exata usada para apresentar o produto.<\/li>\n\n\n\n<li><strong>Ficha t\u00e9cnica: <\/strong>procure informa\u00e7\u00e3o sobre n\u00facleo, revestimento e materiais.<\/li>\n\n\n\n<li><strong>Amostra apresentada: <\/strong>registre se o modelo de exposi\u00e7\u00e3o correspondia ao pedido.<\/li>\n\n\n\n<li><strong>Porta danificada: <\/strong>fotografe o interior antes de qualquer descarte ou reparo.<\/li>\n\n\n\n<li><strong>Nota fiscal: <\/strong>confira a identifica\u00e7\u00e3o comercial e o modelo efetivamente faturado.<\/li>\n<\/ul>\n\n\n\n<p class=\"wp-block-paragraph\"><strong>Leia tamb\u00e9m: <a href=\"https:\/\/www.em.com.br\/emfoco\/2026\/09\/02\/casal-paga-r-17-mil-por-portas-e-janelas-sob-medida-mas-empresa-deixa-vaos-de-8-centimetros-e-tenta-esconder-o-erro-com-espuma\/\" target=\"_blank\" rel=\"noreferrer noopener\">Casal paga R$ 17 mil por portas e janelas sob medida, mas empresa deixa v\u00e3os de 8 cent\u00edmetros e tenta esconder o erro com espuma<\/a><\/strong><\/p>\n\n\n<div class=\"wp-block-image\">\n<figure class=\"aligncenter size-large\"><img decoding=\"async\" width=\"1024\" height=\"576\" src=\"https:\/\/www.em.com.br\/emfoco\/wp-content\/uploads\/2026\/09\/bloco2-1-1024x576.jpg\" alt=\"\" class=\"wp-image-262340\" srcset=\"https:\/\/www.em.com.br\/emfoco\/wp-content\/uploads\/2026\/09\/bloco2-1-1024x576.jpg 1024w, https:\/\/www.em.com.br\/emfoco\/wp-content\/uploads\/2026\/09\/bloco2-1-300x169.jpg 300w, https:\/\/www.em.com.br\/emfoco\/wp-content\/uploads\/2026\/09\/bloco2-1-768x432.jpg 768w, https:\/\/www.em.com.br\/emfoco\/wp-content\/uploads\/2026\/09\/bloco2-1-750x421.jpg 750w, https:\/\/www.em.com.br\/emfoco\/wp-content\/uploads\/2026\/09\/bloco2-1-1140x641.jpg 1140w, https:\/\/www.em.com.br\/emfoco\/wp-content\/uploads\/2026\/09\/bloco2-1.jpg 1280w\" sizes=\"(max-width: 1024px) 100vw, 1024px\" \/><figcaption class=\"wp-element-caption\">O problema vai al\u00e9m da pe\u00e7a quebrada quando existe d\u00favida sobre o material usado nas demais portas<\/figcaption><\/figure>\n<\/div>\n\n\n<h2 class=\"wp-block-heading\">A loja poderia redefinir \u201cmadeira maci\u00e7a\u201d depois da venda?<\/h2>\n\n\n\n<p class=\"wp-block-paragraph\">Em uma rela\u00e7\u00e3o de consumo real, o ponto central seria <strong>o que foi informado antes da contrata\u00e7\u00e3o<\/strong>. Se o an\u00fancio usou uma express\u00e3o sem explicar que ela se limitava a uma camada, essa omiss\u00e3o pode ser relevante. Se a ficha t\u00e9cnica era clara sobre a constru\u00e7\u00e3o, a an\u00e1lise muda.<\/p>\n\n\n\n<p class=\"wp-block-paragraph\">O <strong>CDC<\/strong> exige informa\u00e7\u00e3o correta e clara sobre caracter\u00edsticas e composi\u00e7\u00e3o. A regra n\u00e3o determina que toda porta precise ser feita de madeira s\u00f3lida, mas exige que o consumidor saiba o que est\u00e1 comprando. Assim, responsabilidade depende de comparar oferta, documento t\u00e9cnico e produto recebido.<\/p>\n\n\n\n<p class=\"myth-html-bridge wp-block-paragraph\">A seguir listamos <strong>3 perguntas sobre a oferta<\/strong> que ajudariam a separar descri\u00e7\u00e3o clara de uma informa\u00e7\u00e3o amb\u00edgua ou incompleta:<\/p>\n\n\n\n<div class=\"emf-data-table google-auto-ads-ignore\">\n  <style>\n    .emf-data-table {\n      --emf-navy:#00245a;\n      --emf-navy-soft:#0b3b70;\n      --emf-ink:#1d2731;\n      --emf-muted:#66727e;\n      --emf-line:#d7dde5;\n      --emf-wash:#f4f6f8;\n      box-sizing:border-box!important;\n      inline-size:min(1100px,100%)!important;\n      max-inline-size:100%!important;\n      margin-inline:auto!important;\n      overflow:hidden!important;\n      color:var(--emf-ink);\n      background:#fff;\n      border:1px solid var(--emf-line);\n      border-radius:6px!important;\n      box-shadow:0 8px 24px rgba(0,36,90,.08);\n      font-family:Arial,Helvetica,sans-serif;\n    }\n\n    .emf-data-table *,\n    .emf-data-table *::before,\n    .emf-data-table *::after {\n      box-sizing:border-box!important;\n    }\n\n    .emf-data-table-brand {\n      display:flex;\n      align-items:center;\n      gap:13px;\n      min-block-size:72px;\n      padding:10px 17px;\n      color:#fff;\n      background:linear-gradient(105deg,var(--emf-navy) 0%,var(--emf-navy-soft) 100%);\n      border-block-end:4px solid #c5ced8;\n    }\n\n    .emf-data-table-logo {\n      display:grid;\n      place-items:center;\n      inline-size:52px;\n      block-size:52px;\n      flex:0 0 52px;\n      background:rgba(255,255,255,.08);\n      border:1px solid rgba(255,255,255,.35);\n      border-radius:3px!important;\n    }\n\n    .emf-data-table-logo img {\n      display:block;\n      inline-size:41px;\n      block-size:41px;\n      max-inline-size:41px;\n      max-block-size:41px;\n      object-fit:contain;\n    }\n\n    .emf-data-table-kicker {\n      margin:0 0 2px;\n      font-size:10px;\n      font-weight:700;\n      letter-spacing:.16em;\n      line-height:1.2;\n      text-transform:uppercase;\n      opacity:.78;\n    }\n\n    .emf-data-table-title {\n      margin:0;\n      font-family:Georgia,\"Times New Roman\",serif;\n      font-size:21px;\n      font-weight:700;\n      line-height:1.2;\n    }\n\n    .emf-data-table-scroll {\n      display:block!important;\n      inline-size:100%!important;\n      max-inline-size:100%!important;\n      overflow-x:auto!important;\n      overflow-y:hidden!important;\n      -webkit-overflow-scrolling:touch;\n      overscroll-behavior-inline:contain;\n      scrollbar-width:thin;\n      scrollbar-color:#8798aa #edf1f5;\n    }\n\n    .emf-data-table-scroll:focus-visible {\n      outline:3px solid rgba(0,36,90,.35);\n      outline-offset:-3px;\n    }\n\n    .emf-data-table table {\n      display:table!important;\n      inline-size:100%!important;\n      min-inline-size:680px!important;\n      max-inline-size:none!important;\n      margin:0!important;\n      border:0!important;\n      border-collapse:separate!important;\n      border-spacing:0!important;\n      table-layout:auto!important;\n      background:#fff!important;\n    }\n\n    .emf-data-table caption {\n      position:absolute!important;\n      inline-size:1px!important;\n      block-size:1px!important;\n      padding:0!important;\n      margin:-1px!important;\n      overflow:hidden!important;\n      clip:rect(0,0,0,0)!important;\n      white-space:nowrap!important;\n      border:0!important;\n    }\n\n    .emf-data-table thead {\n      display:table-header-group!important;\n    }\n\n    .emf-data-table tbody {\n      display:table-row-group!important;\n    }\n\n    .emf-data-table tr {\n      display:table-row!important;\n    }\n\n    .emf-data-table th,\n    .emf-data-table td {\n      display:table-cell!important;\n      float:none!important;\n      inline-size:auto!important;\n      max-inline-size:none!important;\n      margin:0!important;\n      border-radius:0!important;\n      text-align:left!important;\n      vertical-align:middle!important;\n    }\n\n    .emf-data-table th {\n      padding:14px 17px!important;\n      color:#fff!important;\n      background:var(--emf-navy)!important;\n      border-block-end:1px solid rgba(255,255,255,.22)!important;\n      border-inline-end:1px solid rgba(255,255,255,.12)!important;\n      font-family:Georgia,\"Times New Roman\",serif;\n      font-size:14px!important;\n      font-weight:700!important;\n      line-height:1.35!important;\n      white-space:nowrap!important;\n    }\n\n    .emf-data-table th:last-child {\n      border-inline-end:0!important;\n    }\n\n    .emf-data-table td {\n      padding:14px 17px!important;\n      color:#43515e!important;\n      background:#fff!important;\n      border-block-end:1px solid var(--emf-line)!important;\n      font-size:14px!important;\n      font-weight:400!important;\n      line-height:1.5!important;\n      overflow-wrap:anywhere;\n    }\n\n    .emf-data-table tbody tr:nth-child(even) td {\n      background:var(--emf-wash)!important;\n    }\n\n    .emf-data-table tbody tr:hover td {\n      background:#eaf0f5!important;\n    }\n\n    .emf-data-table tbody tr:last-child td {\n      border-block-end:0!important;\n    }\n\n    .emf-data-table td:first-child {\n      color:var(--emf-navy)!important;\n      font-weight:700!important;\n    }\n\n    @media(max-width:560px) {\n      .emf-data-table-brand {\n        min-block-size:68px;\n        padding:9px 13px;\n      }\n\n      .emf-data-table-title {\n        font-size:19px;\n      }\n\n      .emf-data-table-scroll {\n        overflow:visible!important;\n      }\n\n      .emf-data-table table,\n      .emf-data-table thead,\n      .emf-data-table tbody,\n      .emf-data-table tr,\n      .emf-data-table th,\n      .emf-data-table td {\n        display:block!important;\n        inline-size:100%!important;\n        min-inline-size:0!important;\n        max-inline-size:100%!important;\n      }\n\n      .emf-data-table table {\n        padding:13px!important;\n      }\n\n      .emf-data-table thead {\n        position:absolute!important;\n        inline-size:1px!important;\n        block-size:1px!important;\n        padding:0!important;\n        margin:-1px!important;\n        overflow:hidden!important;\n        clip:rect(0,0,0,0)!important;\n        white-space:nowrap!important;\n      }\n\n      .emf-data-table tbody {\n        display:grid!important;\n        gap:11px;\n      }\n\n      .emf-data-table tr {\n        overflow:hidden!important;\n        background:#fff!important;\n        border:1px solid var(--emf-line)!important;\n        border-block-start:4px solid var(--emf-navy)!important;\n        border-radius:4px!important;\n        box-shadow:0 4px 12px rgba(0,36,90,.06);\n      }\n\n      .emf-data-table td,\n      .emf-data-table tbody tr:nth-child(even) td,\n      .emf-data-table tbody tr:hover td {\n        display:grid!important;\n        grid-template-columns:minmax(105px,38%) minmax(0,1fr)!important;\n        align-items:start;\n        gap:11px;\n        padding:11px 12px!important;\n        background:#fff!important;\n        border-block-end:1px solid #e2e7ec!important;\n      }\n\n      .emf-data-table td::before {\n        content:attr(data-label);\n        color:var(--emf-muted);\n        font-size:10px;\n        font-weight:700;\n        letter-spacing:.06em;\n        line-height:1.35;\n        text-transform:uppercase;\n      }\n\n      .emf-data-table td:first-child {\n        color:var(--emf-navy)!important;\n        background:#edf1f5!important;\n      }\n\n      .emf-data-table td:last-child {\n        border-block-end:0!important;\n      }\n    }\n  <\/style>\n\n  <div class=\"emf-data-table-brand\">\n    <div class=\"emf-data-table-logo\">\n      <img\n        alt=\"Logo EM Foco\"\n        decoding=\"async\"\n        height=\"41\"\n        loading=\"lazy\"\n        referrerpolicy=\"no-referrer\"\n        src=\"https:\/\/www.em.com.br\/emfoco\/wp-content\/uploads\/2026\/08\/em_transparente_3000px-scaled.png\"\n        width=\"41\"\n      >\n    <\/div>\n\n    <div>\n      <div class=\"emf-data-table-kicker\">DADOS EM FOCO<\/div>\n      <div class=\"emf-data-table-title\">Como conferir a composi\u00e7\u00e3o<\/div>\n    <\/div>\n  <\/div>\n\n  <div aria-label=\"Tabela com elemento, prova e pergunta na an\u00e1lise fict\u00edcia das portas\" class=\"emf-data-table-scroll\" role=\"region\" tabindex=\"0\">\n    <table>\n      <caption>Resumo das provas para comparar a oferta de portas com a composi\u00e7\u00e3o entregue<\/caption>\n      <thead>\n        <tr>\n          <th scope=\"col\">Elemento<\/th>\n          <th scope=\"col\">Prova principal<\/th>\n          <th scope=\"col\">Pergunta<\/th>\n        <\/tr>\n      <\/thead>\n      <tbody>\n        <tr>\n          <td data-label=\"Elemento\">Oferta<\/td>\n          <td data-label=\"Prova principal\">An\u00fancio e or\u00e7amento<\/td>\n          <td data-label=\"Pergunta\">Como a express\u00e3o maci\u00e7a foi apresentada?<\/td>\n        <\/tr>\n        <tr>\n          <td data-label=\"Elemento\">Produto<\/td>\n          <td data-label=\"Prova principal\">Porta quebrada e ficha t\u00e9cnica<\/td>\n          <td data-label=\"Pergunta\">Qual \u00e9 a composi\u00e7\u00e3o real da folha?<\/td>\n        <\/tr>\n        <tr>\n          <td data-label=\"Elemento\">Amostra<\/td>\n          <td data-label=\"Prova principal\">Fotos ou pe\u00e7a de exposi\u00e7\u00e3o<\/td>\n          <td data-label=\"Pergunta\">O exemplo mostrado tinha a mesma constru\u00e7\u00e3o?<\/td>\n        <\/tr>\n      <\/tbody>\n    <\/table>\n  <\/div>\n<\/div>\n\n\n\n<h2 class=\"wp-block-heading\">Como esse conflito deveria ser resolvido se acontecesse de verdade?<\/h2>\n\n\n\n<p class=\"wp-block-paragraph\">Primeiro seria necess\u00e1rio <strong>identificar a composi\u00e7\u00e3o da porta<\/strong> e preservar a publicidade usada na venda. Depois se compara o que foi entregue com aquilo que a fam\u00edlia poderia razoavelmente compreender a partir da oferta. A quebra apenas revelou o interior; a discuss\u00e3o jur\u00eddica depende da informa\u00e7\u00e3o anterior.<\/p>\n\n\n\n<p class=\"wp-block-paragraph\">Neste relato, <strong>fam\u00edlia, loja, R$ 22 mil e portas s\u00e3o fict\u00edcios<\/strong>. O cen\u00e1rio mostra por que nomes comerciais precisam vir acompanhados de descri\u00e7\u00e3o t\u00e9cnica quando podem gerar interpreta\u00e7\u00f5es diferentes. Quanto melhor estiver documentada a composi\u00e7\u00e3o, menor o espa\u00e7o para redefinir o produto apenas depois de surgir um problema.<\/p>\n","protected":false},"excerpt":{"rendered":"<p>EM FOCO Resumo da mat\u00e9ria 01 Todo o caso \u00e9 fict\u00edcio Fam\u00edlia, loja, R$ 22 mil, portas e quebra foram inventados para discutir como a composi\u00e7\u00e3o anunciada poderia ser conferida. fic\u00e7\u00e3o declarada 02 Maci\u00e7a tem peso na oferta Quando a express\u00e3o aparece na venda, an\u00fancio, amostra e descri\u00e7\u00e3o t\u00e9cnica precisam mostrar exatamente a qual parte [&hellip;]<\/p>\n","protected":false},"author":30,"featured_media":262337,"comment_status":"open","ping_status":"open","sticky":false,"template":"","format":"standard","meta":{"jnews-multi-image_gallery":[],"jnews_single_post":{"format":"standard"},"jnews_primary_category":[],"jnews_social_meta":[],"jnews_override_counter":[],"footnotes":""},"categories":[29],"tags":[8949,1333,17223,12864],"class_list":["post-262214","post","type-post","status-publish","format-standard","has-post-thumbnail","hentry","category-entretenimento","tag-construcao","tag-consumidor","tag-madeira","tag-portas"],"yoast_head":"<!-- This site is optimized with the Yoast SEO plugin v28.3 - https:\/\/yoast.com\/product\/yoast-seo-wordpress\/ -->\n<title>Fam\u00edlia paga R$ 22 mil por portas vendidas como madeira maci\u00e7a, mas uma delas quebra e revela o interior oco - Estado de Minas - Em foco<\/title>\n<meta name=\"description\" content=\"Uma porta quebra e revela um interior oco depois de ter sido vendida como madeira maci\u00e7a. A descri\u00e7\u00e3o usada na venda passa a ser decisiva.\" \/>\n<meta name=\"robots\" content=\"index, follow, max-snippet:-1, max-image-preview:large, max-video-preview:-1\" \/>\n<link rel=\"canonical\" href=\"https:\/\/www.em.com.br\/emfoco\/2026\/09\/04\/familia-paga-r-22-mil-por-portas-vendidas-como-madeira-macica-mas-uma-delas-quebra-e-revela-o-interior-oco\/\" \/>\n<meta property=\"og:locale\" content=\"pt_BR\" \/>\n<meta property=\"og:type\" content=\"article\" \/>\n<meta property=\"og:title\" content=\"Fam\u00edlia paga R$ 22 mil por portas vendidas como madeira maci\u00e7a, mas uma delas quebra e revela o interior oco - Estado de Minas - Em foco\" \/>\n<meta property=\"og:description\" content=\"Uma porta quebra e revela um interior oco depois de ter sido vendida como madeira maci\u00e7a. A descri\u00e7\u00e3o usada na venda passa a ser decisiva.\" \/>\n<meta property=\"og:url\" content=\"https:\/\/www.em.com.br\/emfoco\/2026\/09\/04\/familia-paga-r-22-mil-por-portas-vendidas-como-madeira-macica-mas-uma-delas-quebra-e-revela-o-interior-oco\/\" \/>\n<meta property=\"og:site_name\" content=\"Estado de Minas - Em foco\" \/>\n<meta property=\"article:published_time\" content=\"2026-09-04T20:37:00+00:00\" \/>\n<meta property=\"og:image\" content=\"https:\/\/www.em.com.br\/emfoco\/wp-content\/uploads\/2026\/09\/porta1.jpg\" \/>\n\t<meta property=\"og:image:width\" content=\"1280\" \/>\n\t<meta property=\"og:image:height\" content=\"720\" \/>\n\t<meta property=\"og:image:type\" content=\"image\/jpeg\" \/>\n<meta name=\"author\" content=\"Guilherme Ara\u00fajo\" \/>\n<meta name=\"twitter:card\" content=\"summary_large_image\" \/>\n<meta name=\"twitter:label1\" content=\"Escrito por\" \/>\n\t<meta name=\"twitter:data1\" content=\"Guilherme Ara\u00fajo\" \/>\n\t<meta name=\"twitter:label2\" content=\"Est. tempo de leitura\" \/>\n\t<meta name=\"twitter:data2\" content=\"6 minutos\" \/>\n<!-- \/ Yoast SEO plugin. -->","yoast_head_json":{"title":"Fam\u00edlia paga R$ 22 mil por portas vendidas como madeira maci\u00e7a, mas uma delas quebra e revela o interior oco - Estado de Minas - Em foco","description":"Uma porta quebra e revela um interior oco depois de ter sido vendida como madeira maci\u00e7a. A descri\u00e7\u00e3o usada na venda passa a ser decisiva.","robots":{"index":"index","follow":"follow","max-snippet":"max-snippet:-1","max-image-preview":"max-image-preview:large","max-video-preview":"max-video-preview:-1"},"canonical":"https:\/\/www.em.com.br\/emfoco\/2026\/09\/04\/familia-paga-r-22-mil-por-portas-vendidas-como-madeira-macica-mas-uma-delas-quebra-e-revela-o-interior-oco\/","og_locale":"pt_BR","og_type":"article","og_title":"Fam\u00edlia paga R$ 22 mil por portas vendidas como madeira maci\u00e7a, mas uma delas quebra e revela o interior oco - Estado de Minas - Em foco","og_description":"Uma porta quebra e revela um interior oco depois de ter sido vendida como madeira maci\u00e7a. A descri\u00e7\u00e3o usada na venda passa a ser decisiva.","og_url":"https:\/\/www.em.com.br\/emfoco\/2026\/09\/04\/familia-paga-r-22-mil-por-portas-vendidas-como-madeira-macica-mas-uma-delas-quebra-e-revela-o-interior-oco\/","og_site_name":"Estado de Minas - Em foco","article_published_time":"2026-09-04T20:37:00+00:00","og_image":[{"width":1280,"height":720,"url":"https:\/\/www.em.com.br\/emfoco\/wp-content\/uploads\/2026\/09\/porta1.jpg","type":"image\/jpeg"}],"author":"Guilherme Ara\u00fajo","twitter_card":"summary_large_image","twitter_misc":{"Escrito por":"Guilherme Ara\u00fajo","Est. tempo de leitura":"6 minutos"},"schema":{"@context":"https:\/\/schema.org","@graph":[{"@type":"Article","@id":"https:\/\/www.em.com.br\/emfoco\/2026\/09\/04\/familia-paga-r-22-mil-por-portas-vendidas-como-madeira-macica-mas-uma-delas-quebra-e-revela-o-interior-oco\/#article","isPartOf":{"@id":"https:\/\/www.em.com.br\/emfoco\/2026\/09\/04\/familia-paga-r-22-mil-por-portas-vendidas-como-madeira-macica-mas-uma-delas-quebra-e-revela-o-interior-oco\/"},"author":{"name":"Guilherme Ara\u00fajo","@id":"https:\/\/www.em.com.br\/emfoco\/#\/schema\/person\/5379e929a4b966c775d121e23f9bb421"},"headline":"Fam\u00edlia paga R$ 22 mil por portas vendidas como madeira maci\u00e7a, mas uma delas quebra e revela o interior oco","datePublished":"2026-09-04T20:37:00+00:00","mainEntityOfPage":{"@id":"https:\/\/www.em.com.br\/emfoco\/2026\/09\/04\/familia-paga-r-22-mil-por-portas-vendidas-como-madeira-macica-mas-uma-delas-quebra-e-revela-o-interior-oco\/"},"wordCount":993,"commentCount":0,"image":{"@id":"https:\/\/www.em.com.br\/emfoco\/2026\/09\/04\/familia-paga-r-22-mil-por-portas-vendidas-como-madeira-macica-mas-uma-delas-quebra-e-revela-o-interior-oco\/#primaryimage"},"thumbnailUrl":"https:\/\/www.em.com.br\/emfoco\/wp-content\/uploads\/2026\/09\/porta1.jpg","keywords":["constru\u00e7\u00e3o","consumidor","madeira","portas"],"articleSection":["Entretenimento"],"inLanguage":"pt-BR","potentialAction":[{"@type":"CommentAction","name":"Comment","target":["https:\/\/www.em.com.br\/emfoco\/2026\/09\/04\/familia-paga-r-22-mil-por-portas-vendidas-como-madeira-macica-mas-uma-delas-quebra-e-revela-o-interior-oco\/#respond"]}]},{"@type":"WebPage","@id":"https:\/\/www.em.com.br\/emfoco\/2026\/09\/04\/familia-paga-r-22-mil-por-portas-vendidas-como-madeira-macica-mas-uma-delas-quebra-e-revela-o-interior-oco\/","url":"https:\/\/www.em.com.br\/emfoco\/2026\/09\/04\/familia-paga-r-22-mil-por-portas-vendidas-como-madeira-macica-mas-uma-delas-quebra-e-revela-o-interior-oco\/","name":"Fam\u00edlia paga R$ 22 mil por portas vendidas como madeira maci\u00e7a, mas uma delas quebra e revela o interior oco - Estado de Minas - Em foco","isPartOf":{"@id":"https:\/\/www.em.com.br\/emfoco\/#website"},"primaryImageOfPage":{"@id":"https:\/\/www.em.com.br\/emfoco\/2026\/09\/04\/familia-paga-r-22-mil-por-portas-vendidas-como-madeira-macica-mas-uma-delas-quebra-e-revela-o-interior-oco\/#primaryimage"},"image":{"@id":"https:\/\/www.em.com.br\/emfoco\/2026\/09\/04\/familia-paga-r-22-mil-por-portas-vendidas-como-madeira-macica-mas-uma-delas-quebra-e-revela-o-interior-oco\/#primaryimage"},"thumbnailUrl":"https:\/\/www.em.com.br\/emfoco\/wp-content\/uploads\/2026\/09\/porta1.jpg","datePublished":"2026-09-04T20:37:00+00:00","author":{"@id":"https:\/\/www.em.com.br\/emfoco\/#\/schema\/person\/5379e929a4b966c775d121e23f9bb421"},"description":"Uma porta quebra e revela um interior oco depois de ter sido vendida como madeira maci\u00e7a. A descri\u00e7\u00e3o usada na venda passa a ser decisiva.","breadcrumb":{"@id":"https:\/\/www.em.com.br\/emfoco\/2026\/09\/04\/familia-paga-r-22-mil-por-portas-vendidas-como-madeira-macica-mas-uma-delas-quebra-e-revela-o-interior-oco\/#breadcrumb"},"inLanguage":"pt-BR","potentialAction":[{"@type":"ReadAction","target":["https:\/\/www.em.com.br\/emfoco\/2026\/09\/04\/familia-paga-r-22-mil-por-portas-vendidas-como-madeira-macica-mas-uma-delas-quebra-e-revela-o-interior-oco\/"]}]},{"@type":"ImageObject","inLanguage":"pt-BR","@id":"https:\/\/www.em.com.br\/emfoco\/2026\/09\/04\/familia-paga-r-22-mil-por-portas-vendidas-como-madeira-macica-mas-uma-delas-quebra-e-revela-o-interior-oco\/#primaryimage","url":"https:\/\/www.em.com.br\/emfoco\/wp-content\/uploads\/2026\/09\/porta1.jpg","contentUrl":"https:\/\/www.em.com.br\/emfoco\/wp-content\/uploads\/2026\/09\/porta1.jpg","width":1280,"height":720,"caption":"A descri\u00e7\u00e3o usada na venda pode ser comparada diretamente \u00e0 estrutura encontrada dentro da porta"},{"@type":"BreadcrumbList","@id":"https:\/\/www.em.com.br\/emfoco\/2026\/09\/04\/familia-paga-r-22-mil-por-portas-vendidas-como-madeira-macica-mas-uma-delas-quebra-e-revela-o-interior-oco\/#breadcrumb","itemListElement":[{"@type":"ListItem","position":1,"name":"In\u00edcio","item":"https:\/\/www.em.com.br\/emfoco\/"},{"@type":"ListItem","position":2,"name":"Fam\u00edlia paga R$ 22 mil por portas vendidas como madeira maci\u00e7a, mas uma delas quebra e revela o interior oco"}]},{"@type":"WebSite","@id":"https:\/\/www.em.com.br\/emfoco\/#website","url":"https:\/\/www.em.com.br\/emfoco\/","name":"Estado de Minas - Em foco","description":"Acompanhe as \u00faltimas not\u00edcias e fique bem informado sobre tudo o que acontece em Minas Gerais, Brasil e no mundo.","potentialAction":[{"@type":"SearchAction","target":{"@type":"EntryPoint","urlTemplate":"https:\/\/www.em.com.br\/emfoco\/?s={search_term_string}"},"query-input":{"@type":"PropertyValueSpecification","valueRequired":true,"valueName":"search_term_string"}}],"inLanguage":"pt-BR"},{"@type":"Person","@id":"https:\/\/www.em.com.br\/emfoco\/#\/schema\/person\/5379e929a4b966c775d121e23f9bb421","name":"Guilherme Ara\u00fajo","image":{"@type":"ImageObject","inLanguage":"pt-BR","@id":"https:\/\/secure.gravatar.com\/avatar\/063bc96e5a2afd1844386c45bd1360efc771eff011a9fab8cd399e2a104c3ecd?s=96&d=mm&r=g","url":"https:\/\/secure.gravatar.com\/avatar\/063bc96e5a2afd1844386c45bd1360efc771eff011a9fab8cd399e2a104c3ecd?s=96&d=mm&r=g","contentUrl":"https:\/\/secure.gravatar.com\/avatar\/063bc96e5a2afd1844386c45bd1360efc771eff011a9fab8cd399e2a104c3ecd?s=96&d=mm&r=g","caption":"Guilherme Ara\u00fajo"},"sameAs":["https:\/\/www.em.com.br\/emfoco"],"url":"https:\/\/www.em.com.br\/emfoco\/author\/guilhermeamyth\/"}]}},"_links":{"self":[{"href":"https:\/\/www.em.com.br\/emfoco\/wp-json\/wp\/v2\/posts\/262214","targetHints":{"allow":["GET"]}}],"collection":[{"href":"https:\/\/www.em.com.br\/emfoco\/wp-json\/wp\/v2\/posts"}],"about":[{"href":"https:\/\/www.em.com.br\/emfoco\/wp-json\/wp\/v2\/types\/post"}],"author":[{"embeddable":true,"href":"https:\/\/www.em.com.br\/emfoco\/wp-json\/wp\/v2\/users\/30"}],"replies":[{"embeddable":true,"href":"https:\/\/www.em.com.br\/emfoco\/wp-json\/wp\/v2\/comments?post=262214"}],"version-history":[{"count":4,"href":"https:\/\/www.em.com.br\/emfoco\/wp-json\/wp\/v2\/posts\/262214\/revisions"}],"predecessor-version":[{"id":262379,"href":"https:\/\/www.em.com.br\/emfoco\/wp-json\/wp\/v2\/posts\/262214\/revisions\/262379"}],"wp:featuredmedia":[{"embeddable":true,"href":"https:\/\/www.em.com.br\/emfoco\/wp-json\/wp\/v2\/media\/262337"}],"wp:attachment":[{"href":"https:\/\/www.em.com.br\/emfoco\/wp-json\/wp\/v2\/media?parent=262214"}],"wp:term":[{"taxonomy":"category","embeddable":true,"href":"https:\/\/www.em.com.br\/emfoco\/wp-json\/wp\/v2\/categories?post=262214"},{"taxonomy":"post_tag","embeddable":true,"href":"https:\/\/www.em.com.br\/emfoco\/wp-json\/wp\/v2\/tags?post=262214"}],"curies":[{"name":"wp","href":"https:\/\/api.w.org\/{rel}","templated":true}]}}