{"id":262207,"date":"2026-09-04T21:17:00","date_gmt":"2026-09-05T00:17:00","guid":{"rendered":"https:\/\/www.em.com.br\/emfoco\/?p=262207"},"modified":"2026-09-03T21:22:03","modified_gmt":"2026-09-04T00:22:03","slug":"repita-a-mesma-palavra-sem-parar-e-ela-podera-comecar-a-soar-como-outra-um-efeito-estudado-pela-psicologia","status":"publish","type":"post","link":"https:\/\/www.em.com.br\/emfoco\/2026\/09\/04\/repita-a-mesma-palavra-sem-parar-e-ela-podera-comecar-a-soar-como-outra-um-efeito-estudado-pela-psicologia\/","title":{"rendered":"Repita a mesma palavra sem parar e ela poder\u00e1 come\u00e7ar a soar como outra, um efeito estudado pela psicologia"},"content":{"rendered":"\n<div class=\"emf-summary google-auto-ads-ignore\">\n  <style>\n    .emf-summary {\n      --emf-navy:#00245a;\n      --emf-navy-soft:#0b3b70;\n      --emf-ink:#1d2731;\n      --emf-muted:#66727e;\n      --emf-line:#d7dde5;\n      --emf-paper:#ffffff;\n      --emf-wash:#f4f6f8;\n      box-sizing:border-box!important;\n      inline-size:min(1100px,100%)!important;\n      max-inline-size:100%!important;\n      margin-inline:auto!important;\n      overflow:hidden!important;\n      color:var(--emf-ink);\n      background:var(--emf-paper);\n      border:1px solid var(--emf-line);\n      border-block-start:5px solid var(--emf-navy);\n      border-radius:6px!important;\n      box-shadow:0 8px 24px rgba(0,36,90,.08);\n      font-family:Arial,Helvetica,sans-serif;\n    }\n\n    .emf-summary *,\n    .emf-summary *::before,\n    .emf-summary *::after {\n      box-sizing:border-box!important;\n    }\n\n    .emf-summary-brand {\n      display:flex;\n      align-items:center;\n      gap:14px;\n      padding:16px 20px;\n      color:#fff;\n      background:linear-gradient(105deg,var(--emf-navy) 0%,var(--emf-navy-soft) 100%);\n      border-block-end:1px solid rgba(255,255,255,.18);\n    }\n\n    .emf-summary-logo {\n      display:grid;\n      place-items:center;\n      inline-size:58px;\n      block-size:58px;\n      flex:0 0 58px;\n      background:rgba(255,255,255,.08);\n      border:1px solid rgba(255,255,255,.35);\n      border-radius:3px!important;\n    }\n\n    .emf-summary-logo img {\n      display:block;\n      inline-size:46px;\n      block-size:46px;\n      max-inline-size:46px;\n      max-block-size:46px;\n      object-fit:contain;\n    }\n\n    .emf-summary-eyebrow {\n      margin:0 0 3px;\n      font-size:11px;\n      font-weight:700;\n      letter-spacing:.18em;\n      line-height:1.2;\n      text-transform:uppercase;\n      opacity:.78;\n    }\n\n    .emf-summary-title {\n      margin:0;\n      font-family:Georgia,\"Times New Roman\",serif;\n      font-size:25px;\n      font-weight:700;\n      line-height:1.15;\n    }\n\n    .emf-summary-grid {\n      display:grid;\n      grid-template-columns:repeat(3,minmax(0,1fr));\n      gap:0;\n      background:var(--emf-wash);\n    }\n\n    .emf-summary-card {\n      position:relative;\n      min-block-size:190px;\n      padding:24px 20px 20px;\n      overflow:hidden!important;\n      background:#fff;\n      border-inline-end:1px solid var(--emf-line);\n    }\n\n    .emf-summary-card:last-child {\n      border-inline-end:0;\n    }\n\n    .emf-summary-number {\n      position:absolute;\n      inset-block-start:13px;\n      inset-inline-end:15px;\n      color:rgba(0,36,90,.10);\n      font-family:Georgia,\"Times New Roman\",serif;\n      font-size:46px;\n      font-weight:700;\n      line-height:1;\n      pointer-events:none;\n    }\n\n    .emf-summary-card-title {\n      position:relative;\n      z-index:1;\n      margin:0 0 11px;\n      padding-block-end:10px;\n      color:var(--emf-navy);\n      border-block-end:2px solid var(--emf-navy);\n      font-family:Georgia,\"Times New Roman\",serif;\n      font-size:18px;\n      font-weight:700;\n      line-height:1.3;\n      overflow-wrap:anywhere;\n    }\n\n    .emf-summary-card-text {\n      position:relative;\n      z-index:1;\n      color:#485560;\n      font-size:13px;\n      line-height:1.6;\n      overflow-wrap:anywhere;\n    }\n\n    .emf-summary-card-meta {\n      position:relative;\n      z-index:1;\n      display:inline-flex;\n      margin-block-start:16px;\n      padding:5px 8px;\n      color:var(--emf-navy);\n      background:#edf1f5;\n      border:1px solid #d9e0e7;\n      border-radius:2px!important;\n      font-size:10px;\n      font-weight:700;\n      letter-spacing:.08em;\n      line-height:1.2;\n      text-transform:uppercase;\n    }\n\n    @media(max-width:760px) {\n      .emf-summary-grid {\n        grid-template-columns:1fr;\n      }\n\n      .emf-summary-card {\n        min-block-size:0;\n        border-inline-end:0;\n        border-block-end:1px solid var(--emf-line);\n      }\n\n      .emf-summary-card:last-child {\n        border-block-end:0;\n      }\n    }\n\n    @media(max-width:480px) {\n      .emf-summary-brand {\n        padding:14px 15px;\n      }\n\n      .emf-summary-logo {\n        inline-size:52px;\n        block-size:52px;\n        flex-basis:52px;\n      }\n\n      .emf-summary-logo img {\n        inline-size:41px;\n        block-size:41px;\n        max-inline-size:41px;\n        max-block-size:41px;\n      }\n\n      .emf-summary-title {\n        font-size:22px;\n      }\n\n      .emf-summary-card {\n        padding:21px 16px 18px;\n      }\n    }\n  <\/style>\n\n  <div class=\"emf-summary-brand\">\n    <div class=\"emf-summary-logo\">\n      <img\n        alt=\"Logo EM Foco\"\n        decoding=\"async\"\n        fetchpriority=\"high\"\n        height=\"46\"\n        loading=\"eager\"\n        referrerpolicy=\"no-referrer\"\n        src=\"https:\/\/www.em.com.br\/emfoco\/wp-content\/uploads\/2026\/08\/em_transparente_3000px-scaled.png\"\n        width=\"46\"\n      >\n    <\/div>\n\n    <div>\n      <div class=\"emf-summary-eyebrow\">EM FOCO<\/div>\n      <div class=\"emf-summary-title\">Resumo da mat\u00e9ria<\/div>\n    <\/div>\n  <\/div>\n\n  <div class=\"emf-summary-grid\">\n    <div class=\"emf-summary-card\">\n      <span aria-hidden=\"true\" class=\"emf-summary-number\">01<\/span>\n      <div aria-level=\"3\" class=\"emf-summary-card-title\" role=\"heading\">\n        O \u00e1udio continua igual\n      <\/div>\n      <div class=\"emf-summary-card-text\">\n        A palavra gravada pode ser repetida sem altera\u00e7\u00e3o f\u00edsica enquanto a percep\u00e7\u00e3o do ouvinte come\u00e7a a alternar entre formas verbais diferentes.\n      <\/div>\n      <div class=\"emf-summary-card-meta\">\n        mesmo est\u00edmulo\n      <\/div>\n    <\/div>\n    <div class=\"emf-summary-card\">\n      <span aria-hidden=\"true\" class=\"emf-summary-number\">02<\/span>\n      <div aria-level=\"3\" class=\"emf-summary-card-title\" role=\"heading\">\n        A mente reorganiza sons\n      <\/div>\n      <div class=\"emf-summary-card-text\">\n        Segmenta\u00e7\u00e3o fon\u00e9tica, ritmo, mem\u00f3ria auditiva e conhecimento do ouvinte podem influenciar qual palavra ou forma passa a ser percebida.\n      <\/div>\n      <div class=\"emf-summary-card-meta\">\n        percep\u00e7\u00e3o ativa\n      <\/div>\n    <\/div>\n    <div class=\"emf-summary-card\">\n      <span aria-hidden=\"true\" class=\"emf-summary-number\">03<\/span>\n      <div aria-level=\"3\" class=\"emf-summary-card-title\" role=\"heading\">\n        Nem todos ouvem igual\n      <\/div>\n      <div class=\"emf-summary-card-text\">\n        As transforma\u00e7\u00f5es variam entre pessoas e est\u00edmulos; o efeito n\u00e3o significa que qualquer palavra sempre mudar\u00e1 ap\u00f3s um n\u00famero fixo de repeti\u00e7\u00f5es.\n      <\/div>\n      <div class=\"emf-summary-card-meta\">\n        varia\u00e7\u00e3o individual\n      <\/div>\n    <\/div>\n  <\/div>\n<\/div>\n\n\n\n<p class=\"wp-block-paragraph\">Ouvir a mesma palavra repetida pode produzir experi\u00eancia estranha: o \u00e1udio continua igual, mas a palavra parece mudar. O <strong>efeito de transforma\u00e7\u00e3o verbal<\/strong> \u00e9 estudado como percep\u00e7\u00e3o auditiva multist\u00e1vel. Pesquisas indicam que mem\u00f3ria auditiva, agrupamento dos sons e interpreta\u00e7\u00e3o verbal participam das mudan\u00e7as percebidas.<\/p>\n\n\n\n<h2 class=\"wp-block-heading\">O que acontece quando uma palavra \u00e9 repetida continuamente?<\/h2>\n\n\n\n<p class=\"wp-block-paragraph\">Em certas condi\u00e7\u00f5es, uma grava\u00e7\u00e3o repetida pode produzir <a href=\"https:\/\/en.wikipedia.org\/wiki\/Multistable_auditory_perception\" target=\"_blank\" rel=\"noopener noreferrer\"><strong>percep\u00e7\u00e3o auditiva multist\u00e1vel<\/strong><\/a>. O som f\u00edsico permanece igual, mas a experi\u00eancia muda. A pessoa pode come\u00e7ar ouvindo uma palavra e, depois de v\u00e1rias repeti\u00e7\u00f5es, perceber outra forma verbal ou alternar entre interpreta\u00e7\u00f5es.<\/p>\n\n\n\n<p class=\"wp-block-paragraph\">Esse fen\u00f4meno \u00e9 chamado de <strong>transforma\u00e7\u00e3o verbal<\/strong>. Ele n\u00e3o depende de algu\u00e9m alterar escondido a grava\u00e7\u00e3o. A mudan\u00e7a est\u00e1 na organiza\u00e7\u00e3o perceptiva do som recebido. Como a fala \u00e9 dividida em s\u00edlabas, fonemas e palavras pela pr\u00f3pria mente, a repeti\u00e7\u00e3o pode favorecer novas formas de agrupar a mesma sequ\u00eancia.<\/p>\n\n\n<div class=\"wp-block-image\">\n<figure class=\"aligncenter size-large\"><img decoding=\"async\" width=\"1024\" height=\"576\" src=\"https:\/\/www.em.com.br\/emfoco\/wp-content\/uploads\/2026\/09\/audio23-1-1024x576.jpg\" alt=\"\" class=\"wp-image-262318\" srcset=\"https:\/\/www.em.com.br\/emfoco\/wp-content\/uploads\/2026\/09\/audio23-1-1024x576.jpg 1024w, https:\/\/www.em.com.br\/emfoco\/wp-content\/uploads\/2026\/09\/audio23-1-300x169.jpg 300w, https:\/\/www.em.com.br\/emfoco\/wp-content\/uploads\/2026\/09\/audio23-1-768x432.jpg 768w, https:\/\/www.em.com.br\/emfoco\/wp-content\/uploads\/2026\/09\/audio23-1-750x421.jpg 750w, https:\/\/www.em.com.br\/emfoco\/wp-content\/uploads\/2026\/09\/audio23-1-1140x641.jpg 1140w, https:\/\/www.em.com.br\/emfoco\/wp-content\/uploads\/2026\/09\/audio23-1.jpg 1280w\" sizes=\"(max-width: 1024px) 100vw, 1024px\" \/><figcaption class=\"wp-element-caption\">Em certos casos, o som come\u00e7a a chamar mais aten\u00e7\u00e3o do que o significado normalmente associado a ele<\/figcaption><\/figure>\n<\/div>\n\n\n<h2 class=\"wp-block-heading\">O que o estudo recente encontrou sobre mem\u00f3ria auditiva?<\/h2>\n\n\n\n<p class=\"wp-block-paragraph\">O estudo publicado em 2024 na <strong>Scientific Reports<\/strong> investigou a rela\u00e7\u00e3o entre transforma\u00e7\u00f5es verbais e mem\u00f3ria auditiva. Os autores observaram que a capacidade de manter informa\u00e7\u00e3o sonora por curto tempo estava ligada ao modo como as pessoas experimentavam mudan\u00e7as perceptivas durante a repeti\u00e7\u00e3o cont\u00ednua de palavras.<\/p>\n\n\n\n<p class=\"wp-block-paragraph\">O banco de pesquisadores da <a href=\"https:\/\/kenkyu-db.chukyo-u.ac.jp\/search\/detail.html?lang=en&amp;systemId=403d737b1fe9f18e\" target=\"_blank\" rel=\"noopener noreferrer\"><strong>Chukyo University<\/strong><\/a> registra Hirohito Kondo como professor da Escola de Psicologia e autor principal do trabalho. A pesquisa conecta <strong>mem\u00f3ria auditiva e organiza\u00e7\u00e3o perceptiva<\/strong>, sem reduzir o efeito a uma \u00fanica causa.<\/p>\n\n\n\n<h2 class=\"wp-block-heading\">Por que a mesma grava\u00e7\u00e3o pode parecer uma palavra diferente?<\/h2>\n\n\n\n<p class=\"wp-block-paragraph\">A fala n\u00e3o chega \u00e0 mente com divis\u00f5es vis\u00edveis entre cada unidade. O sistema auditivo precisa agrupar sons e comparar padr\u00f5es com palavras conhecidas. Com repeti\u00e7\u00e3o cont\u00ednua, pequenas ambiguidades podem favorecer <strong>uma nova segmenta\u00e7\u00e3o<\/strong>. O resultado \u00e9 uma palavra percebida diferente, embora o arquivo reproduzido continue id\u00eantico.<\/p>\n\n\n\n<p class=\"wp-block-paragraph\">O estudo cita v\u00e1rios fatores j\u00e1 associados \u00e0s transforma\u00e7\u00f5es, como distor\u00e7\u00f5es fon\u00e9ticas, reorganiza\u00e7\u00e3o de segmentos, mudan\u00e7as lexicais e conhecimento do ouvinte. Isso indica que o efeito nasce de uma combina\u00e7\u00e3o de <strong>sinal ac\u00fastico e interpreta\u00e7\u00e3o<\/strong>, e n\u00e3o simplesmente de \u201ccansa\u00e7o do ouvido\u201d ou perda permanente do significado.<\/p>\n\n\n\n<p class=\"myth-list-bridge wp-block-paragraph\">A seguir listamos <strong>4 elementos da percep\u00e7\u00e3o<\/strong> que ajudam a entender por que uma repeti\u00e7\u00e3o id\u00eantica pode produzir formas verbais diferentes:<\/p>\n\n\n\n<ul class=\"wp-block-list myth-bullet-list\">\n<li><strong>Segmenta\u00e7\u00e3o: <\/strong>a mente pode reorganizar onde percebe os limites entre partes do som.<\/li>\n\n\n\n<li><strong>Ritmo: <\/strong>a repeti\u00e7\u00e3o cria padr\u00f5es temporais que favorecem novos agrupamentos.<\/li>\n\n\n\n<li><strong>Mem\u00f3ria auditiva: <\/strong>tra\u00e7os recentes do som participam da organiza\u00e7\u00e3o do que \u00e9 ouvido.<\/li>\n\n\n\n<li><strong>Conhecimento verbal: <\/strong>palavras familiares podem influenciar quais interpreta\u00e7\u00f5es se tornam dispon\u00edveis.<\/li>\n<\/ul>\n\n\n\n<p class=\"wp-block-paragraph\"><strong>Leia tamb\u00e9m: <a href=\"https:\/\/www.em.com.br\/emfoco\/2026\/09\/02\/psicologia-explica-por-que-voce-pode-copiar-gestos-expressoes-e-postura-de-outra-pessoa-sem-perceber\/\" target=\"_blank\" rel=\"noreferrer noopener\">Psicologia explica por que voc\u00ea pode copiar gestos, express\u00f5es e postura de outra pessoa sem perceber<\/a><\/strong><\/p>\n\n\n<div class=\"wp-block-image\">\n<figure class=\"aligncenter size-large\"><img decoding=\"async\" width=\"1024\" height=\"576\" src=\"https:\/\/www.em.com.br\/emfoco\/wp-content\/uploads\/2026\/09\/audio2345-1024x576.jpg\" alt=\"\" class=\"wp-image-262319\" srcset=\"https:\/\/www.em.com.br\/emfoco\/wp-content\/uploads\/2026\/09\/audio2345-1024x576.jpg 1024w, https:\/\/www.em.com.br\/emfoco\/wp-content\/uploads\/2026\/09\/audio2345-300x169.jpg 300w, https:\/\/www.em.com.br\/emfoco\/wp-content\/uploads\/2026\/09\/audio2345-768x432.jpg 768w, https:\/\/www.em.com.br\/emfoco\/wp-content\/uploads\/2026\/09\/audio2345-750x421.jpg 750w, https:\/\/www.em.com.br\/emfoco\/wp-content\/uploads\/2026\/09\/audio2345-1140x641.jpg 1140w, https:\/\/www.em.com.br\/emfoco\/wp-content\/uploads\/2026\/09\/audio2345.jpg 1280w\" sizes=\"(max-width: 1024px) 100vw, 1024px\" \/><figcaption class=\"wp-element-caption\">O efeito mostra como a percep\u00e7\u00e3o pode mudar mesmo quando o est\u00edmulo permanece exatamente igual<\/figcaption><\/figure>\n<\/div>\n\n\n<h2 class=\"wp-block-heading\">Isso \u00e9 o mesmo que uma palavra perder o sentido de tanto repetir?<\/h2>\n\n\n\n<p class=\"wp-block-paragraph\">N\u00e3o exatamente. A chamada saciedade sem\u00e2ntica envolve a sensa\u00e7\u00e3o de que uma palavra repetida perde temporariamente seu significado. Na <strong>transforma\u00e7\u00e3o verbal<\/strong>, o destaque est\u00e1 na mudan\u00e7a daquilo que parece ser ouvido. Os fen\u00f4menos podem compartilhar a repeti\u00e7\u00e3o, mas descrevem experi\u00eancias diferentes e n\u00e3o devem ser tratados como sin\u00f4nimos.<\/p>\n\n\n\n<p class=\"wp-block-paragraph\">Tamb\u00e9m \u00e9 diferente de uma grava\u00e7\u00e3o realmente modificada. No experimento, o interesse est\u00e1 justamente no contraste entre <strong>est\u00edmulo f\u00edsico est\u00e1vel e percep\u00e7\u00e3o vari\u00e1vel<\/strong>. Essa diferen\u00e7a ajuda pesquisadores a estudar como o c\u00e9rebro organiza objetos auditivos e por que a experi\u00eancia consciente pode mudar mesmo quando a entrada sonora n\u00e3o muda.<\/p>\n\n\n\n<p class=\"myth-html-bridge wp-block-paragraph\">A seguir listamos <strong>3 fen\u00f4menos parecidos<\/strong> que ajudam a separar transforma\u00e7\u00e3o verbal, perda de significado e mudan\u00e7a real no \u00e1udio:<\/p>\n\n\n\n<div class=\"emf-data-table google-auto-ads-ignore\">\n  <style>\n    .emf-data-table {\n      --emf-navy:#00245a;\n      --emf-navy-soft:#0b3b70;\n      --emf-ink:#1d2731;\n      --emf-muted:#66727e;\n      --emf-line:#d7dde5;\n      --emf-wash:#f4f6f8;\n      box-sizing:border-box!important;\n      inline-size:min(1100px,100%)!important;\n      max-inline-size:100%!important;\n      margin-inline:auto!important;\n      overflow:hidden!important;\n      color:var(--emf-ink);\n      background:#fff;\n      border:1px solid var(--emf-line);\n      border-radius:6px!important;\n      box-shadow:0 8px 24px rgba(0,36,90,.08);\n      font-family:Arial,Helvetica,sans-serif;\n    }\n\n    .emf-data-table *,\n    .emf-data-table *::before,\n    .emf-data-table *::after {\n      box-sizing:border-box!important;\n    }\n\n    .emf-data-table-brand {\n      display:flex;\n      align-items:center;\n      gap:13px;\n      min-block-size:72px;\n      padding:10px 17px;\n      color:#fff;\n      background:linear-gradient(105deg,var(--emf-navy) 0%,var(--emf-navy-soft) 100%);\n      border-block-end:4px solid #c5ced8;\n    }\n\n    .emf-data-table-logo {\n      display:grid;\n      place-items:center;\n      inline-size:52px;\n      block-size:52px;\n      flex:0 0 52px;\n      background:rgba(255,255,255,.08);\n      border:1px solid rgba(255,255,255,.35);\n      border-radius:3px!important;\n    }\n\n    .emf-data-table-logo img {\n      display:block;\n      inline-size:41px;\n      block-size:41px;\n      max-inline-size:41px;\n      max-block-size:41px;\n      object-fit:contain;\n    }\n\n    .emf-data-table-kicker {\n      margin:0 0 2px;\n      font-size:10px;\n      font-weight:700;\n      letter-spacing:.16em;\n      line-height:1.2;\n      text-transform:uppercase;\n      opacity:.78;\n    }\n\n    .emf-data-table-title {\n      margin:0;\n      font-family:Georgia,\"Times New Roman\",serif;\n      font-size:21px;\n      font-weight:700;\n      line-height:1.2;\n    }\n\n    .emf-data-table-scroll {\n      display:block!important;\n      inline-size:100%!important;\n      max-inline-size:100%!important;\n      overflow-x:auto!important;\n      overflow-y:hidden!important;\n      -webkit-overflow-scrolling:touch;\n      overscroll-behavior-inline:contain;\n      scrollbar-width:thin;\n      scrollbar-color:#8798aa #edf1f5;\n    }\n\n    .emf-data-table-scroll:focus-visible {\n      outline:3px solid rgba(0,36,90,.35);\n      outline-offset:-3px;\n    }\n\n    .emf-data-table table {\n      display:table!important;\n      inline-size:100%!important;\n      min-inline-size:680px!important;\n      max-inline-size:none!important;\n      margin:0!important;\n      border:0!important;\n      border-collapse:separate!important;\n      border-spacing:0!important;\n      table-layout:auto!important;\n      background:#fff!important;\n    }\n\n    .emf-data-table caption {\n      position:absolute!important;\n      inline-size:1px!important;\n      block-size:1px!important;\n      padding:0!important;\n      margin:-1px!important;\n      overflow:hidden!important;\n      clip:rect(0,0,0,0)!important;\n      white-space:nowrap!important;\n      border:0!important;\n    }\n\n    .emf-data-table thead {\n      display:table-header-group!important;\n    }\n\n    .emf-data-table tbody {\n      display:table-row-group!important;\n    }\n\n    .emf-data-table tr {\n      display:table-row!important;\n    }\n\n    .emf-data-table th,\n    .emf-data-table td {\n      display:table-cell!important;\n      float:none!important;\n      inline-size:auto!important;\n      max-inline-size:none!important;\n      margin:0!important;\n      border-radius:0!important;\n      text-align:left!important;\n      vertical-align:middle!important;\n    }\n\n    .emf-data-table th {\n      padding:14px 17px!important;\n      color:#fff!important;\n      background:var(--emf-navy)!important;\n      border-block-end:1px solid rgba(255,255,255,.22)!important;\n      border-inline-end:1px solid rgba(255,255,255,.12)!important;\n      font-family:Georgia,\"Times New Roman\",serif;\n      font-size:14px!important;\n      font-weight:700!important;\n      line-height:1.35!important;\n      white-space:nowrap!important;\n    }\n\n    .emf-data-table th:last-child {\n      border-inline-end:0!important;\n    }\n\n    .emf-data-table td {\n      padding:14px 17px!important;\n      color:#43515e!important;\n      background:#fff!important;\n      border-block-end:1px solid var(--emf-line)!important;\n      font-size:14px!important;\n      font-weight:400!important;\n      line-height:1.5!important;\n      overflow-wrap:anywhere;\n    }\n\n    .emf-data-table tbody tr:nth-child(even) td {\n      background:var(--emf-wash)!important;\n    }\n\n    .emf-data-table tbody tr:hover td {\n      background:#eaf0f5!important;\n    }\n\n    .emf-data-table tbody tr:last-child td {\n      border-block-end:0!important;\n    }\n\n    .emf-data-table td:first-child {\n      color:var(--emf-navy)!important;\n      font-weight:700!important;\n    }\n\n    @media(max-width:560px) {\n      .emf-data-table-brand {\n        min-block-size:68px;\n        padding:9px 13px;\n      }\n\n      .emf-data-table-title {\n        font-size:19px;\n      }\n\n      .emf-data-table-scroll {\n        overflow:visible!important;\n      }\n\n      .emf-data-table table,\n      .emf-data-table thead,\n      .emf-data-table tbody,\n      .emf-data-table tr,\n      .emf-data-table th,\n      .emf-data-table td {\n        display:block!important;\n        inline-size:100%!important;\n        min-inline-size:0!important;\n        max-inline-size:100%!important;\n      }\n\n      .emf-data-table table {\n        padding:13px!important;\n      }\n\n      .emf-data-table thead {\n        position:absolute!important;\n        inline-size:1px!important;\n        block-size:1px!important;\n        padding:0!important;\n        margin:-1px!important;\n        overflow:hidden!important;\n        clip:rect(0,0,0,0)!important;\n        white-space:nowrap!important;\n      }\n\n      .emf-data-table tbody {\n        display:grid!important;\n        gap:11px;\n      }\n\n      .emf-data-table tr {\n        overflow:hidden!important;\n        background:#fff!important;\n        border:1px solid var(--emf-line)!important;\n        border-block-start:4px solid var(--emf-navy)!important;\n        border-radius:4px!important;\n        box-shadow:0 4px 12px rgba(0,36,90,.06);\n      }\n\n      .emf-data-table td,\n      .emf-data-table tbody tr:nth-child(even) td,\n      .emf-data-table tbody tr:hover td {\n        display:grid!important;\n        grid-template-columns:minmax(105px,38%) minmax(0,1fr)!important;\n        align-items:start;\n        gap:11px;\n        padding:11px 12px!important;\n        background:#fff!important;\n        border-block-end:1px solid #e2e7ec!important;\n      }\n\n      .emf-data-table td::before {\n        content:attr(data-label);\n        color:var(--emf-muted);\n        font-size:10px;\n        font-weight:700;\n        letter-spacing:.06em;\n        line-height:1.35;\n        text-transform:uppercase;\n      }\n\n      .emf-data-table td:first-child {\n        color:var(--emf-navy)!important;\n        background:#edf1f5!important;\n      }\n\n      .emf-data-table td:last-child {\n        border-block-end:0!important;\n      }\n    }\n  <\/style>\n\n  <div class=\"emf-data-table-brand\">\n    <div class=\"emf-data-table-logo\">\n      <img\n        alt=\"Logo EM Foco\"\n        decoding=\"async\"\n        height=\"41\"\n        loading=\"lazy\"\n        referrerpolicy=\"no-referrer\"\n        src=\"https:\/\/www.em.com.br\/emfoco\/wp-content\/uploads\/2026\/08\/em_transparente_3000px-scaled.png\"\n        width=\"41\"\n      >\n    <\/div>\n\n    <div>\n      <div class=\"emf-data-table-kicker\">DADOS EM FOCO<\/div>\n      <div class=\"emf-data-table-title\">O que muda na repeti\u00e7\u00e3o<\/div>\n    <\/div>\n  <\/div>\n\n  <div aria-label=\"Tabela com est\u00edmulo, processo perceptivo e experi\u00eancia no efeito de transforma\u00e7\u00e3o verbal\" class=\"emf-data-table-scroll\" role=\"region\" tabindex=\"0\">\n    <table>\n      <caption>Resumo dos elementos envolvidos na transforma\u00e7\u00e3o verbal durante repeti\u00e7\u00e3o de palavras<\/caption>\n      <thead>\n        <tr>\n          <th scope=\"col\">Elemento<\/th>\n          <th scope=\"col\">O que permanece<\/th>\n          <th scope=\"col\">O que pode mudar<\/th>\n        <\/tr>\n      <\/thead>\n      <tbody>\n        <tr>\n          <td data-label=\"Elemento\">Grava\u00e7\u00e3o<\/td>\n          <td data-label=\"O que permanece\">Sinal f\u00edsico repetido<\/td>\n          <td data-label=\"O que pode mudar\">N\u00e3o precisa ser alterado<\/td>\n        <\/tr>\n        <tr>\n          <td data-label=\"Elemento\">Percep\u00e7\u00e3o<\/td>\n          <td data-label=\"O que permanece\">Ouvinte recebe o mesmo \u00e1udio<\/td>\n          <td data-label=\"O que pode mudar\">Forma verbal percebida pode alternar<\/td>\n        <\/tr>\n        <tr>\n          <td data-label=\"Elemento\">Mem\u00f3ria<\/td>\n          <td data-label=\"O que permanece\">Mant\u00e9m tra\u00e7os recentes do som<\/td>\n          <td data-label=\"O que pode mudar\">Pode influenciar a reorganiza\u00e7\u00e3o perceptiva<\/td>\n        <\/tr>\n      <\/tbody>\n    <\/table>\n  <\/div>\n<\/div>\n\n\n\n<h2 class=\"wp-block-heading\">Qual \u00e9 o jeito mais simples de entender essa ilus\u00e3o auditiva?<\/h2>\n\n\n\n<p class=\"wp-block-paragraph\">Imagine uma palavra curta tocando em ciclo, sem pausa e sem edi\u00e7\u00e3o. No come\u00e7o, ela parece est\u00e1vel. Depois, voc\u00ea pode come\u00e7ar a ouvir outra combina\u00e7\u00e3o. Se isso acontecer, a <strong>grava\u00e7\u00e3o n\u00e3o necessariamente mudou<\/strong>; o que mudou foi a maneira como seu sistema perceptivo agrupou e interpretou a sequ\u00eancia repetida.<\/p>\n\n\n\n<p class=\"wp-block-paragraph\">O <strong>efeito de transforma\u00e7\u00e3o verbal<\/strong> mostra que ouvir n\u00e3o \u00e9 apenas receber som. A percep\u00e7\u00e3o organiza, compara e interpreta aquilo que chega aos ouvidos. Por isso, uma palavra fisicamente id\u00eantica pode ganhar formas diferentes ao longo da repeti\u00e7\u00e3o, oferecendo aos pesquisadores uma janela simples para estudar mem\u00f3ria e organiza\u00e7\u00e3o auditiva.<\/p>\n","protected":false},"excerpt":{"rendered":"<p>EM FOCO Resumo da mat\u00e9ria 01 O \u00e1udio continua igual A palavra gravada pode ser repetida sem altera\u00e7\u00e3o f\u00edsica enquanto a percep\u00e7\u00e3o do ouvinte come\u00e7a a alternar entre formas verbais diferentes. mesmo est\u00edmulo 02 A mente reorganiza sons Segmenta\u00e7\u00e3o fon\u00e9tica, ritmo, mem\u00f3ria auditiva e conhecimento do ouvinte podem influenciar qual palavra ou forma passa a [&hellip;]<\/p>\n","protected":false},"author":30,"featured_media":262316,"comment_status":"open","ping_status":"open","sticky":false,"template":"","format":"standard","meta":{"jnews-multi-image_gallery":[],"jnews_single_post":{"format":"standard"},"jnews_primary_category":[],"jnews_social_meta":[],"jnews_override_counter":[],"footnotes":""},"categories":[8819],"tags":[13536,5153,9302,5155],"class_list":["post-262207","post","type-post","status-publish","format-standard","has-post-thumbnail","hentry","category-curiosidades","tag-audicao","tag-palavras","tag-percepcao","tag-psicologia"],"yoast_head":"<!-- This site is optimized with the Yoast SEO plugin v28.3 - https:\/\/yoast.com\/product\/yoast-seo-wordpress\/ -->\n<title>Repita a mesma palavra sem parar e ela poder\u00e1 come\u00e7ar a soar como outra, um efeito estudado pela psicologia - Estado de Minas - Em foco<\/title>\n<meta name=\"description\" content=\"A grava\u00e7\u00e3o continua id\u00eantica, mas a palavra pode come\u00e7ar a soar diferente. A psicologia estuda como essa transforma\u00e7\u00e3o perceptiva acontece.\" \/>\n<meta name=\"robots\" content=\"index, follow, max-snippet:-1, max-image-preview:large, max-video-preview:-1\" \/>\n<link rel=\"canonical\" href=\"https:\/\/www.em.com.br\/emfoco\/2026\/09\/04\/repita-a-mesma-palavra-sem-parar-e-ela-podera-comecar-a-soar-como-outra-um-efeito-estudado-pela-psicologia\/\" \/>\n<meta property=\"og:locale\" content=\"pt_BR\" \/>\n<meta property=\"og:type\" content=\"article\" \/>\n<meta property=\"og:title\" content=\"Repita a mesma palavra sem parar e ela poder\u00e1 come\u00e7ar a soar como outra, um efeito estudado pela psicologia - Estado de Minas - Em foco\" \/>\n<meta property=\"og:description\" content=\"A grava\u00e7\u00e3o continua id\u00eantica, mas a palavra pode come\u00e7ar a soar diferente. A psicologia estuda como essa transforma\u00e7\u00e3o perceptiva acontece.\" \/>\n<meta property=\"og:url\" content=\"https:\/\/www.em.com.br\/emfoco\/2026\/09\/04\/repita-a-mesma-palavra-sem-parar-e-ela-podera-comecar-a-soar-como-outra-um-efeito-estudado-pela-psicologia\/\" \/>\n<meta property=\"og:site_name\" content=\"Estado de Minas - Em foco\" \/>\n<meta property=\"article:published_time\" content=\"2026-09-05T00:17:00+00:00\" \/>\n<meta property=\"og:image\" content=\"https:\/\/www.em.com.br\/emfoco\/wp-content\/uploads\/2026\/09\/voz-alta1.jpg\" \/>\n\t<meta property=\"og:image:width\" content=\"1280\" \/>\n\t<meta property=\"og:image:height\" content=\"720\" \/>\n\t<meta property=\"og:image:type\" content=\"image\/jpeg\" \/>\n<meta name=\"author\" content=\"Guilherme Ara\u00fajo\" \/>\n<meta name=\"twitter:card\" content=\"summary_large_image\" \/>\n<meta name=\"twitter:label1\" content=\"Escrito por\" \/>\n\t<meta name=\"twitter:data1\" content=\"Guilherme Ara\u00fajo\" \/>\n\t<meta name=\"twitter:label2\" content=\"Est. tempo de leitura\" \/>\n\t<meta name=\"twitter:data2\" content=\"6 minutos\" \/>\n<!-- \/ Yoast SEO plugin. -->","yoast_head_json":{"title":"Repita a mesma palavra sem parar e ela poder\u00e1 come\u00e7ar a soar como outra, um efeito estudado pela psicologia - Estado de Minas - Em foco","description":"A grava\u00e7\u00e3o continua id\u00eantica, mas a palavra pode come\u00e7ar a soar diferente. A psicologia estuda como essa transforma\u00e7\u00e3o perceptiva acontece.","robots":{"index":"index","follow":"follow","max-snippet":"max-snippet:-1","max-image-preview":"max-image-preview:large","max-video-preview":"max-video-preview:-1"},"canonical":"https:\/\/www.em.com.br\/emfoco\/2026\/09\/04\/repita-a-mesma-palavra-sem-parar-e-ela-podera-comecar-a-soar-como-outra-um-efeito-estudado-pela-psicologia\/","og_locale":"pt_BR","og_type":"article","og_title":"Repita a mesma palavra sem parar e ela poder\u00e1 come\u00e7ar a soar como outra, um efeito estudado pela psicologia - Estado de Minas - Em foco","og_description":"A grava\u00e7\u00e3o continua id\u00eantica, mas a palavra pode come\u00e7ar a soar diferente. A psicologia estuda como essa transforma\u00e7\u00e3o perceptiva acontece.","og_url":"https:\/\/www.em.com.br\/emfoco\/2026\/09\/04\/repita-a-mesma-palavra-sem-parar-e-ela-podera-comecar-a-soar-como-outra-um-efeito-estudado-pela-psicologia\/","og_site_name":"Estado de Minas - Em foco","article_published_time":"2026-09-05T00:17:00+00:00","og_image":[{"width":1280,"height":720,"url":"https:\/\/www.em.com.br\/emfoco\/wp-content\/uploads\/2026\/09\/voz-alta1.jpg","type":"image\/jpeg"}],"author":"Guilherme Ara\u00fajo","twitter_card":"summary_large_image","twitter_misc":{"Escrito por":"Guilherme Ara\u00fajo","Est. tempo de leitura":"6 minutos"},"schema":{"@context":"https:\/\/schema.org","@graph":[{"@type":"Article","@id":"https:\/\/www.em.com.br\/emfoco\/2026\/09\/04\/repita-a-mesma-palavra-sem-parar-e-ela-podera-comecar-a-soar-como-outra-um-efeito-estudado-pela-psicologia\/#article","isPartOf":{"@id":"https:\/\/www.em.com.br\/emfoco\/2026\/09\/04\/repita-a-mesma-palavra-sem-parar-e-ela-podera-comecar-a-soar-como-outra-um-efeito-estudado-pela-psicologia\/"},"author":{"name":"Guilherme Ara\u00fajo","@id":"https:\/\/www.em.com.br\/emfoco\/#\/schema\/person\/5379e929a4b966c775d121e23f9bb421"},"headline":"Repita a mesma palavra sem parar e ela poder\u00e1 come\u00e7ar a soar como outra, um efeito estudado pela psicologia","datePublished":"2026-09-05T00:17:00+00:00","mainEntityOfPage":{"@id":"https:\/\/www.em.com.br\/emfoco\/2026\/09\/04\/repita-a-mesma-palavra-sem-parar-e-ela-podera-comecar-a-soar-como-outra-um-efeito-estudado-pela-psicologia\/"},"wordCount":989,"commentCount":0,"image":{"@id":"https:\/\/www.em.com.br\/emfoco\/2026\/09\/04\/repita-a-mesma-palavra-sem-parar-e-ela-podera-comecar-a-soar-como-outra-um-efeito-estudado-pela-psicologia\/#primaryimage"},"thumbnailUrl":"https:\/\/www.em.com.br\/emfoco\/wp-content\/uploads\/2026\/09\/voz-alta1.jpg","keywords":["audi\u00e7\u00e3o","palavras","Percep\u00e7\u00e3o","psicologia"],"articleSection":["Curiosidades"],"inLanguage":"pt-BR","potentialAction":[{"@type":"CommentAction","name":"Comment","target":["https:\/\/www.em.com.br\/emfoco\/2026\/09\/04\/repita-a-mesma-palavra-sem-parar-e-ela-podera-comecar-a-soar-como-outra-um-efeito-estudado-pela-psicologia\/#respond"]}]},{"@type":"WebPage","@id":"https:\/\/www.em.com.br\/emfoco\/2026\/09\/04\/repita-a-mesma-palavra-sem-parar-e-ela-podera-comecar-a-soar-como-outra-um-efeito-estudado-pela-psicologia\/","url":"https:\/\/www.em.com.br\/emfoco\/2026\/09\/04\/repita-a-mesma-palavra-sem-parar-e-ela-podera-comecar-a-soar-como-outra-um-efeito-estudado-pela-psicologia\/","name":"Repita a mesma palavra sem parar e ela poder\u00e1 come\u00e7ar a soar como outra, um efeito estudado pela psicologia - Estado de Minas - Em foco","isPartOf":{"@id":"https:\/\/www.em.com.br\/emfoco\/#website"},"primaryImageOfPage":{"@id":"https:\/\/www.em.com.br\/emfoco\/2026\/09\/04\/repita-a-mesma-palavra-sem-parar-e-ela-podera-comecar-a-soar-como-outra-um-efeito-estudado-pela-psicologia\/#primaryimage"},"image":{"@id":"https:\/\/www.em.com.br\/emfoco\/2026\/09\/04\/repita-a-mesma-palavra-sem-parar-e-ela-podera-comecar-a-soar-como-outra-um-efeito-estudado-pela-psicologia\/#primaryimage"},"thumbnailUrl":"https:\/\/www.em.com.br\/emfoco\/wp-content\/uploads\/2026\/09\/voz-alta1.jpg","datePublished":"2026-09-05T00:17:00+00:00","author":{"@id":"https:\/\/www.em.com.br\/emfoco\/#\/schema\/person\/5379e929a4b966c775d121e23f9bb421"},"description":"A grava\u00e7\u00e3o continua id\u00eantica, mas a palavra pode come\u00e7ar a soar diferente. A psicologia estuda como essa transforma\u00e7\u00e3o perceptiva acontece.","breadcrumb":{"@id":"https:\/\/www.em.com.br\/emfoco\/2026\/09\/04\/repita-a-mesma-palavra-sem-parar-e-ela-podera-comecar-a-soar-como-outra-um-efeito-estudado-pela-psicologia\/#breadcrumb"},"inLanguage":"pt-BR","potentialAction":[{"@type":"ReadAction","target":["https:\/\/www.em.com.br\/emfoco\/2026\/09\/04\/repita-a-mesma-palavra-sem-parar-e-ela-podera-comecar-a-soar-como-outra-um-efeito-estudado-pela-psicologia\/"]}]},{"@type":"ImageObject","inLanguage":"pt-BR","@id":"https:\/\/www.em.com.br\/emfoco\/2026\/09\/04\/repita-a-mesma-palavra-sem-parar-e-ela-podera-comecar-a-soar-como-outra-um-efeito-estudado-pela-psicologia\/#primaryimage","url":"https:\/\/www.em.com.br\/emfoco\/wp-content\/uploads\/2026\/09\/voz-alta1.jpg","contentUrl":"https:\/\/www.em.com.br\/emfoco\/wp-content\/uploads\/2026\/09\/voz-alta1.jpg","width":1280,"height":720,"caption":"A repeti\u00e7\u00e3o intensa pode fazer uma palavra familiar parecer estranha por alguns instantes"},{"@type":"BreadcrumbList","@id":"https:\/\/www.em.com.br\/emfoco\/2026\/09\/04\/repita-a-mesma-palavra-sem-parar-e-ela-podera-comecar-a-soar-como-outra-um-efeito-estudado-pela-psicologia\/#breadcrumb","itemListElement":[{"@type":"ListItem","position":1,"name":"In\u00edcio","item":"https:\/\/www.em.com.br\/emfoco\/"},{"@type":"ListItem","position":2,"name":"Repita a mesma palavra sem parar e ela poder\u00e1 come\u00e7ar a soar como outra, um efeito estudado pela psicologia"}]},{"@type":"WebSite","@id":"https:\/\/www.em.com.br\/emfoco\/#website","url":"https:\/\/www.em.com.br\/emfoco\/","name":"Estado de Minas - Em foco","description":"Acompanhe as \u00faltimas not\u00edcias e fique bem informado sobre tudo o que acontece em Minas Gerais, Brasil e no mundo.","potentialAction":[{"@type":"SearchAction","target":{"@type":"EntryPoint","urlTemplate":"https:\/\/www.em.com.br\/emfoco\/?s={search_term_string}"},"query-input":{"@type":"PropertyValueSpecification","valueRequired":true,"valueName":"search_term_string"}}],"inLanguage":"pt-BR"},{"@type":"Person","@id":"https:\/\/www.em.com.br\/emfoco\/#\/schema\/person\/5379e929a4b966c775d121e23f9bb421","name":"Guilherme Ara\u00fajo","image":{"@type":"ImageObject","inLanguage":"pt-BR","@id":"https:\/\/secure.gravatar.com\/avatar\/063bc96e5a2afd1844386c45bd1360efc771eff011a9fab8cd399e2a104c3ecd?s=96&d=mm&r=g","url":"https:\/\/secure.gravatar.com\/avatar\/063bc96e5a2afd1844386c45bd1360efc771eff011a9fab8cd399e2a104c3ecd?s=96&d=mm&r=g","contentUrl":"https:\/\/secure.gravatar.com\/avatar\/063bc96e5a2afd1844386c45bd1360efc771eff011a9fab8cd399e2a104c3ecd?s=96&d=mm&r=g","caption":"Guilherme Ara\u00fajo"},"sameAs":["https:\/\/www.em.com.br\/emfoco"],"url":"https:\/\/www.em.com.br\/emfoco\/author\/guilhermeamyth\/"}]}},"_links":{"self":[{"href":"https:\/\/www.em.com.br\/emfoco\/wp-json\/wp\/v2\/posts\/262207","targetHints":{"allow":["GET"]}}],"collection":[{"href":"https:\/\/www.em.com.br\/emfoco\/wp-json\/wp\/v2\/posts"}],"about":[{"href":"https:\/\/www.em.com.br\/emfoco\/wp-json\/wp\/v2\/types\/post"}],"author":[{"embeddable":true,"href":"https:\/\/www.em.com.br\/emfoco\/wp-json\/wp\/v2\/users\/30"}],"replies":[{"embeddable":true,"href":"https:\/\/www.em.com.br\/emfoco\/wp-json\/wp\/v2\/comments?post=262207"}],"version-history":[{"count":4,"href":"https:\/\/www.em.com.br\/emfoco\/wp-json\/wp\/v2\/posts\/262207\/revisions"}],"predecessor-version":[{"id":262375,"href":"https:\/\/www.em.com.br\/emfoco\/wp-json\/wp\/v2\/posts\/262207\/revisions\/262375"}],"wp:featuredmedia":[{"embeddable":true,"href":"https:\/\/www.em.com.br\/emfoco\/wp-json\/wp\/v2\/media\/262316"}],"wp:attachment":[{"href":"https:\/\/www.em.com.br\/emfoco\/wp-json\/wp\/v2\/media?parent=262207"}],"wp:term":[{"taxonomy":"category","embeddable":true,"href":"https:\/\/www.em.com.br\/emfoco\/wp-json\/wp\/v2\/categories?post=262207"},{"taxonomy":"post_tag","embeddable":true,"href":"https:\/\/www.em.com.br\/emfoco\/wp-json\/wp\/v2\/tags?post=262207"}],"curies":[{"name":"wp","href":"https:\/\/api.w.org\/{rel}","templated":true}]}}