{"id":262182,"date":"2026-09-04T08:07:00","date_gmt":"2026-09-04T11:07:00","guid":{"rendered":"https:\/\/www.em.com.br\/emfoco\/?p=262182"},"modified":"2026-09-03T20:50:59","modified_gmt":"2026-09-03T23:50:59","slug":"misturar-bicarbonato-com-agua-como-essa-pasta-ajuda-a-soltar-a-sujeira-grudada-dentro-do-forno","status":"publish","type":"post","link":"https:\/\/www.em.com.br\/emfoco\/2026\/09\/04\/misturar-bicarbonato-com-agua-como-essa-pasta-ajuda-a-soltar-a-sujeira-grudada-dentro-do-forno\/","title":{"rendered":"Misturar bicarbonato com \u00e1gua: como essa pasta ajuda a soltar a sujeira grudada dentro do forno"},"content":{"rendered":"\n<div class=\"emf-summary google-auto-ads-ignore\">\n  <style>\n    .emf-summary {\n      --emf-navy:#00245a;\n      --emf-navy-soft:#0b3b70;\n      --emf-ink:#1d2731;\n      --emf-muted:#66727e;\n      --emf-line:#d7dde5;\n      --emf-paper:#ffffff;\n      --emf-wash:#f4f6f8;\n      box-sizing:border-box!important;\n      inline-size:min(1100px,100%)!important;\n      max-inline-size:100%!important;\n      margin-inline:auto!important;\n      overflow:hidden!important;\n      color:var(--emf-ink);\n      background:var(--emf-paper);\n      border:1px solid var(--emf-line);\n      border-block-start:5px solid var(--emf-navy);\n      border-radius:6px!important;\n      box-shadow:0 8px 24px rgba(0,36,90,.08);\n      font-family:Arial,Helvetica,sans-serif;\n    }\n\n    .emf-summary *,\n    .emf-summary *::before,\n    .emf-summary *::after {\n      box-sizing:border-box!important;\n    }\n\n    .emf-summary-brand {\n      display:flex;\n      align-items:center;\n      gap:14px;\n      padding:16px 20px;\n      color:#fff;\n      background:linear-gradient(105deg,var(--emf-navy) 0%,var(--emf-navy-soft) 100%);\n      border-block-end:1px solid rgba(255,255,255,.18);\n    }\n\n    .emf-summary-logo {\n      display:grid;\n      place-items:center;\n      inline-size:58px;\n      block-size:58px;\n      flex:0 0 58px;\n      background:rgba(255,255,255,.08);\n      border:1px solid rgba(255,255,255,.35);\n      border-radius:3px!important;\n    }\n\n    .emf-summary-logo img {\n      display:block;\n      inline-size:46px;\n      block-size:46px;\n      max-inline-size:46px;\n      max-block-size:46px;\n      object-fit:contain;\n    }\n\n    .emf-summary-eyebrow {\n      margin:0 0 3px;\n      font-size:11px;\n      font-weight:700;\n      letter-spacing:.18em;\n      line-height:1.2;\n      text-transform:uppercase;\n      opacity:.78;\n    }\n\n    .emf-summary-title {\n      margin:0;\n      font-family:Georgia,\"Times New Roman\",serif;\n      font-size:25px;\n      font-weight:700;\n      line-height:1.15;\n    }\n\n    .emf-summary-grid {\n      display:grid;\n      grid-template-columns:repeat(3,minmax(0,1fr));\n      gap:0;\n      background:var(--emf-wash);\n    }\n\n    .emf-summary-card {\n      position:relative;\n      min-block-size:190px;\n      padding:24px 20px 20px;\n      overflow:hidden!important;\n      background:#fff;\n      border-inline-end:1px solid var(--emf-line);\n    }\n\n    .emf-summary-card:last-child {\n      border-inline-end:0;\n    }\n\n    .emf-summary-number {\n      position:absolute;\n      inset-block-start:13px;\n      inset-inline-end:15px;\n      color:rgba(0,36,90,.10);\n      font-family:Georgia,\"Times New Roman\",serif;\n      font-size:46px;\n      font-weight:700;\n      line-height:1;\n      pointer-events:none;\n    }\n\n    .emf-summary-card-title {\n      position:relative;\n      z-index:1;\n      margin:0 0 11px;\n      padding-block-end:10px;\n      color:var(--emf-navy);\n      border-block-end:2px solid var(--emf-navy);\n      font-family:Georgia,\"Times New Roman\",serif;\n      font-size:18px;\n      font-weight:700;\n      line-height:1.3;\n      overflow-wrap:anywhere;\n    }\n\n    .emf-summary-card-text {\n      position:relative;\n      z-index:1;\n      color:#485560;\n      font-size:13px;\n      line-height:1.6;\n      overflow-wrap:anywhere;\n    }\n\n    .emf-summary-card-meta {\n      position:relative;\n      z-index:1;\n      display:inline-flex;\n      margin-block-start:16px;\n      padding:5px 8px;\n      color:var(--emf-navy);\n      background:#edf1f5;\n      border:1px solid #d9e0e7;\n      border-radius:2px!important;\n      font-size:10px;\n      font-weight:700;\n      letter-spacing:.08em;\n      line-height:1.2;\n      text-transform:uppercase;\n    }\n\n    @media(max-width:760px) {\n      .emf-summary-grid {\n        grid-template-columns:1fr;\n      }\n\n      .emf-summary-card {\n        min-block-size:0;\n        border-inline-end:0;\n        border-block-end:1px solid var(--emf-line);\n      }\n\n      .emf-summary-card:last-child {\n        border-block-end:0;\n      }\n    }\n\n    @media(max-width:480px) {\n      .emf-summary-brand {\n        padding:14px 15px;\n      }\n\n      .emf-summary-logo {\n        inline-size:52px;\n        block-size:52px;\n        flex-basis:52px;\n      }\n\n      .emf-summary-logo img {\n        inline-size:41px;\n        block-size:41px;\n        max-inline-size:41px;\n        max-block-size:41px;\n      }\n\n      .emf-summary-title {\n        font-size:22px;\n      }\n\n      .emf-summary-card {\n        padding:21px 16px 18px;\n      }\n    }\n  <\/style>\n\n  <div class=\"emf-summary-brand\">\n    <div class=\"emf-summary-logo\">\n      <img\n        alt=\"Logo EM Foco\"\n        decoding=\"async\"\n        fetchpriority=\"high\"\n        height=\"46\"\n        loading=\"eager\"\n        referrerpolicy=\"no-referrer\"\n        src=\"https:\/\/www.em.com.br\/emfoco\/wp-content\/uploads\/2026\/08\/em_transparente_3000px-scaled.png\"\n        width=\"46\"\n      >\n    <\/div>\n\n    <div>\n      <div class=\"emf-summary-eyebrow\">EM FOCO<\/div>\n      <div class=\"emf-summary-title\">Resumo da mat\u00e9ria<\/div>\n    <\/div>\n  <\/div>\n\n  <div class=\"emf-summary-grid\">\n    <div class=\"emf-summary-card\">\n      <span aria-hidden=\"true\" class=\"emf-summary-number\">01<\/span>\n      <div aria-level=\"3\" class=\"emf-summary-card-title\" role=\"heading\">\n        Pasta simples\n      <\/div>\n      <div class=\"emf-summary-card-text\">\n        Meia x\u00edcara de bicarbonato com tr\u00eas colheres de \u00e1gua forma uma pasta espalh\u00e1vel para agir sobre res\u00edduos do forno j\u00e1 frio.\n      <\/div>\n      <div class=\"emf-summary-card-meta\">\n        propor\u00e7\u00e3o\n      <\/div>\n    <\/div>\n    <div class=\"emf-summary-card\">\n      <span aria-hidden=\"true\" class=\"emf-summary-number\">02<\/span>\n      <div aria-level=\"3\" class=\"emf-summary-card-title\" role=\"heading\">\n        Tempo depende da sujeira\n      <\/div>\n      <div class=\"emf-summary-card-text\">\n        A orienta\u00e7\u00e3o permite deixar a pasta por pelo menos 20 minutos, chegando a v\u00e1rias horas em res\u00edduos mais dif\u00edceis.\n      <\/div>\n      <div class=\"emf-summary-card-meta\">\n        tempo de a\u00e7\u00e3o\n      <\/div>\n    <\/div>\n    <div class=\"emf-summary-card\">\n      <span aria-hidden=\"true\" class=\"emf-summary-number\">03<\/span>\n      <div aria-level=\"3\" class=\"emf-summary-card-title\" role=\"heading\">\n        Manual vem primeiro\n      <\/div>\n      <div class=\"emf-summary-card-text\">\n        Ciclos especiais, revestimentos e veda\u00e7\u00f5es podem ter regras pr\u00f3prias, por isso o modelo do forno precisa ser conferido antes.\n      <\/div>\n      <div class=\"emf-summary-card-meta\">\n        cuidado\n      <\/div>\n    <\/div>\n  <\/div>\n<\/div>\n\n\n\n<p class=\"wp-block-paragraph\">Uma pasta feita com <strong>bicarbonato e \u00e1gua<\/strong> pode ajudar a amolecer res\u00edduos grudados no forno frio antes da remo\u00e7\u00e3o com pano ou raspador pl\u00e1stico. A propor\u00e7\u00e3o usada na orienta\u00e7\u00e3o consultada \u00e9 de meia x\u00edcara para tr\u00eas colheres de \u00e1gua. O tempo varia conforme a sujeira, mas o manual do aparelho vem primeiro.<\/p>\n\n\n\n<h2 class=\"wp-block-heading\">Por que a pasta de bicarbonato ajuda na limpeza do forno?<\/h2>\n\n\n\n<p class=\"wp-block-paragraph\">O <a href=\"https:\/\/pt.wikipedia.org\/wiki\/Bicarbonato_de_s%C3%B3dio\" target=\"_blank\" rel=\"noopener noreferrer\"><strong>bicarbonato de s\u00f3dio<\/strong><\/a> \u00e9 um p\u00f3 fino que pode ser misturado com pouca \u00e1gua at\u00e9 ganhar textura espalh\u00e1vel. Na limpeza, a pasta permanece sobre a sujeira e permite trabalhar o res\u00edduo sem recorrer imediatamente a produtos mais agressivos.<\/p>\n\n\n\n<p class=\"wp-block-paragraph\">A orienta\u00e7\u00e3o consultada usa <strong>meia x\u00edcara de bicarbonato e tr\u00eas colheres de \u00e1gua<\/strong>. A mistura deve ficar fina o bastante para espalhar, mas sem escorrer demais. O forno precisa estar frio e vazio antes do processo, com grades e acess\u00f3rios retirados conforme as instru\u00e7\u00f5es do aparelho.<\/p>\n\n\n<div class=\"wp-block-image\">\n<figure class=\"aligncenter size-large\"><img decoding=\"async\" width=\"1024\" height=\"576\" src=\"https:\/\/www.em.com.br\/emfoco\/wp-content\/uploads\/2026\/09\/bincarnot-1-1024x576.jpg\" alt=\"\" class=\"wp-image-262246\" srcset=\"https:\/\/www.em.com.br\/emfoco\/wp-content\/uploads\/2026\/09\/bincarnot-1-1024x576.jpg 1024w, https:\/\/www.em.com.br\/emfoco\/wp-content\/uploads\/2026\/09\/bincarnot-1-300x169.jpg 300w, https:\/\/www.em.com.br\/emfoco\/wp-content\/uploads\/2026\/09\/bincarnot-1-768x432.jpg 768w, https:\/\/www.em.com.br\/emfoco\/wp-content\/uploads\/2026\/09\/bincarnot-1-750x421.jpg 750w, https:\/\/www.em.com.br\/emfoco\/wp-content\/uploads\/2026\/09\/bincarnot-1-1140x641.jpg 1140w, https:\/\/www.em.com.br\/emfoco\/wp-content\/uploads\/2026\/09\/bincarnot-1.jpg 1280w\" sizes=\"(max-width: 1024px) 100vw, 1024px\" \/><figcaption class=\"wp-element-caption\">Deixar a mistura agir pode facilitar a remo\u00e7\u00e3o de res\u00edduos que ficaram presos \u00e0 superf\u00edcie<\/figcaption><\/figure>\n<\/div>\n\n\n<h2 class=\"wp-block-heading\">Quanto tempo a mistura deve ficar sobre a sujeira?<\/h2>\n\n\n\n<p class=\"wp-block-paragraph\">Para sujeira comum, o tempo indicado come\u00e7a em <strong>20 minutos<\/strong>. Res\u00edduos mais queimados podem exigir algumas horas, e a orienta\u00e7\u00e3o do fabricante consultado chega a permitir a\u00e7\u00e3o at\u00e9 a noite seguinte. O tempo maior n\u00e3o substitui a remo\u00e7\u00e3o cuidadosa com pano, esponja adequada ou raspador pl\u00e1stico.<\/p>\n\n\n\n<p class=\"wp-block-paragraph\">O objetivo \u00e9 dar tempo para a \u00e1gua umedecer a crosta e para a pasta permanecer em contato com ela. Depois, retire o excesso com <strong>pano \u00famido<\/strong>, repetindo o processo se necess\u00e1rio. Evite ferramentas pontiagudas ou abrasivas quando o revestimento interno n\u00e3o permitir esse tipo de contato.<\/p>\n\n\n\n<h2 class=\"wp-block-heading\">Como aplicar a pasta sem espalhar sujeira pelo forno?<\/h2>\n\n\n\n<p class=\"wp-block-paragraph\">Comece removendo migalhas e res\u00edduos soltos. Em seguida, espalhe uma camada fina de <strong>pasta de bicarbonato<\/strong> nas \u00e1reas sujas com esp\u00e1tula flex\u00edvel ou escova macia. Trabalhar por partes facilita enxergar onde a crosta j\u00e1 amoleceu e evita aplicar produto onde n\u00e3o h\u00e1 necessidade.<\/p>\n\n\n\n<p class=\"wp-block-paragraph\">Na retirada, use pano \u00famido e, quando autorizado, um <strong>raspador pl\u00e1stico<\/strong> para pontos resistentes. Troque ou enx\u00e1gue o pano conforme ele acumula gordura. O forno s\u00f3 deve voltar ao uso depois que restos da mistura e da umidade forem removidos das superf\u00edcies tratadas.<\/p>\n\n\n\n<p class=\"myth-list-bridge wp-block-paragraph\">A seguir listamos <strong>4 etapas de aplica\u00e7\u00e3o<\/strong> que ajudam a usar a pasta de forma organizada e sem excesso:<\/p>\n\n\n\n<ul class=\"wp-block-list myth-bullet-list\">\n<li><strong>Forno frio: <\/strong>retire grades e acess\u00f3rios apenas conforme o manual do modelo.<\/li>\n\n\n\n<li><strong>Pasta espalh\u00e1vel: <\/strong>misture meia x\u00edcara de bicarbonato com tr\u00eas colheres de \u00e1gua.<\/li>\n\n\n\n<li><strong>Tempo de contato: <\/strong>deixe agir por 20 minutos ou mais, conforme o n\u00edvel de sujeira.<\/li>\n\n\n\n<li><strong>Remo\u00e7\u00e3o suave: <\/strong>use pano, esponja n\u00e3o abrasiva ou raspador pl\u00e1stico quando permitido.<\/li>\n<\/ul>\n\n\n\n<p class=\"wp-block-paragraph\"><strong>Leia tamb\u00e9m: <a href=\"https:\/\/www.em.com.br\/emfoco\/2026\/09\/03\/forrar-o-fundo-do-forno-com-papel-aluminio-facilita-a-limpeza-mas-pode-danificar-o-aparelho-e-deixar-os-alimentos-assados-de-maneira-desigual\/\" target=\"_blank\" rel=\"noreferrer noopener\">Forrar o fundo do forno com papel-alum\u00ednio facilita a limpeza, mas pode danificar o aparelho e deixar os alimentos assados de maneira desigual<\/a><\/strong><\/p>\n\n\n<div class=\"wp-block-image\">\n<figure class=\"aligncenter size-large\"><img decoding=\"async\" width=\"1024\" height=\"576\" src=\"https:\/\/www.em.com.br\/emfoco\/wp-content\/uploads\/2026\/09\/colher1-1-1024x576.jpg\" alt=\"\" class=\"wp-image-262248\" srcset=\"https:\/\/www.em.com.br\/emfoco\/wp-content\/uploads\/2026\/09\/colher1-1-1024x576.jpg 1024w, https:\/\/www.em.com.br\/emfoco\/wp-content\/uploads\/2026\/09\/colher1-1-300x169.jpg 300w, https:\/\/www.em.com.br\/emfoco\/wp-content\/uploads\/2026\/09\/colher1-1-768x432.jpg 768w, https:\/\/www.em.com.br\/emfoco\/wp-content\/uploads\/2026\/09\/colher1-1-750x421.jpg 750w, https:\/\/www.em.com.br\/emfoco\/wp-content\/uploads\/2026\/09\/colher1-1-1140x641.jpg 1140w, https:\/\/www.em.com.br\/emfoco\/wp-content\/uploads\/2026\/09\/colher1-1.jpg 1280w\" sizes=\"(max-width: 1024px) 100vw, 1024px\" \/><figcaption class=\"wp-element-caption\">O bicarbonato oferece uma a\u00e7\u00e3o levemente abrasiva que pode ajudar sem exigir tanta for\u00e7a<\/figcaption><\/figure>\n<\/div>\n\n\n<h2 class=\"wp-block-heading\">Onde a pasta n\u00e3o deve ser aplicada sem conferir o manual?<\/h2>\n\n\n\n<p class=\"wp-block-paragraph\">Veda\u00e7\u00f5es, elementos de aquecimento, sensores e revestimentos especiais podem pedir cuidados diferentes. A pr\u00f3pria <strong>GE Appliances<\/strong> orienta evitar \u00e1gua e limpadores sobre a veda\u00e7\u00e3o da porta. Por isso, n\u00e3o \u00e9 seguro transformar uma receita geral de limpeza em regra para todas as partes internas do forno.<\/p>\n\n\n\n<p class=\"wp-block-paragraph\">Modelos com sistemas especiais de limpeza tamb\u00e9m podem ter restri\u00e7\u00f5es. A <a href=\"https:\/\/producthelp.whirlpool.com\/Cooking\/Wall_Ovens_and_Ranges\/Product_Info\/Oven_Cleaning_and_Care\/How_to_Perform_an_AquaLift_Clean_Cycle\" target=\"_blank\" rel=\"noopener noreferrer\"><strong>Whirlpool<\/strong><\/a> orienta, no ciclo AquaLift, usar apenas \u00e1gua destilada ou filtrada e n\u00e3o adicionar produtos. O <strong>manual espec\u00edfico<\/strong> deve prevalecer sobre qualquer m\u00e9todo caseiro.<\/p>\n\n\n\n<p class=\"myth-html-bridge wp-block-paragraph\">A seguir listamos <strong>3 pontos de aten\u00e7\u00e3o<\/strong> que mostram por que a mesma pasta n\u00e3o deve ser espalhada indiscriminadamente:<\/p>\n\n\n\n<div class=\"emf-data-table google-auto-ads-ignore\">\n  <style>\n    .emf-data-table {\n      --emf-navy:#00245a;\n      --emf-navy-soft:#0b3b70;\n      --emf-ink:#1d2731;\n      --emf-muted:#66727e;\n      --emf-line:#d7dde5;\n      --emf-wash:#f4f6f8;\n      box-sizing:border-box!important;\n      inline-size:min(1100px,100%)!important;\n      max-inline-size:100%!important;\n      margin-inline:auto!important;\n      overflow:hidden!important;\n      color:var(--emf-ink);\n      background:#fff;\n      border:1px solid var(--emf-line);\n      border-radius:6px!important;\n      box-shadow:0 8px 24px rgba(0,36,90,.08);\n      font-family:Arial,Helvetica,sans-serif;\n    }\n\n    .emf-data-table *,\n    .emf-data-table *::before,\n    .emf-data-table *::after {\n      box-sizing:border-box!important;\n    }\n\n    .emf-data-table-brand {\n      display:flex;\n      align-items:center;\n      gap:13px;\n      min-block-size:72px;\n      padding:10px 17px;\n      color:#fff;\n      background:linear-gradient(105deg,var(--emf-navy) 0%,var(--emf-navy-soft) 100%);\n      border-block-end:4px solid #c5ced8;\n    }\n\n    .emf-data-table-logo {\n      display:grid;\n      place-items:center;\n      inline-size:52px;\n      block-size:52px;\n      flex:0 0 52px;\n      background:rgba(255,255,255,.08);\n      border:1px solid rgba(255,255,255,.35);\n      border-radius:3px!important;\n    }\n\n    .emf-data-table-logo img {\n      display:block;\n      inline-size:41px;\n      block-size:41px;\n      max-inline-size:41px;\n      max-block-size:41px;\n      object-fit:contain;\n    }\n\n    .emf-data-table-kicker {\n      margin:0 0 2px;\n      font-size:10px;\n      font-weight:700;\n      letter-spacing:.16em;\n      line-height:1.2;\n      text-transform:uppercase;\n      opacity:.78;\n    }\n\n    .emf-data-table-title {\n      margin:0;\n      font-family:Georgia,\"Times New Roman\",serif;\n      font-size:21px;\n      font-weight:700;\n      line-height:1.2;\n    }\n\n    .emf-data-table-scroll {\n      display:block!important;\n      inline-size:100%!important;\n      max-inline-size:100%!important;\n      overflow-x:auto!important;\n      overflow-y:hidden!important;\n      -webkit-overflow-scrolling:touch;\n      overscroll-behavior-inline:contain;\n      scrollbar-width:thin;\n      scrollbar-color:#8798aa #edf1f5;\n    }\n\n    .emf-data-table-scroll:focus-visible {\n      outline:3px solid rgba(0,36,90,.35);\n      outline-offset:-3px;\n    }\n\n    .emf-data-table table {\n      display:table!important;\n      inline-size:100%!important;\n      min-inline-size:680px!important;\n      max-inline-size:none!important;\n      margin:0!important;\n      border:0!important;\n      border-collapse:separate!important;\n      border-spacing:0!important;\n      table-layout:auto!important;\n      background:#fff!important;\n    }\n\n    .emf-data-table caption {\n      position:absolute!important;\n      inline-size:1px!important;\n      block-size:1px!important;\n      padding:0!important;\n      margin:-1px!important;\n      overflow:hidden!important;\n      clip:rect(0,0,0,0)!important;\n      white-space:nowrap!important;\n      border:0!important;\n    }\n\n    .emf-data-table thead {\n      display:table-header-group!important;\n    }\n\n    .emf-data-table tbody {\n      display:table-row-group!important;\n    }\n\n    .emf-data-table tr {\n      display:table-row!important;\n    }\n\n    .emf-data-table th,\n    .emf-data-table td {\n      display:table-cell!important;\n      float:none!important;\n      inline-size:auto!important;\n      max-inline-size:none!important;\n      margin:0!important;\n      border-radius:0!important;\n      text-align:left!important;\n      vertical-align:middle!important;\n    }\n\n    .emf-data-table th {\n      padding:14px 17px!important;\n      color:#fff!important;\n      background:var(--emf-navy)!important;\n      border-block-end:1px solid rgba(255,255,255,.22)!important;\n      border-inline-end:1px solid rgba(255,255,255,.12)!important;\n      font-family:Georgia,\"Times New Roman\",serif;\n      font-size:14px!important;\n      font-weight:700!important;\n      line-height:1.35!important;\n      white-space:nowrap!important;\n    }\n\n    .emf-data-table th:last-child {\n      border-inline-end:0!important;\n    }\n\n    .emf-data-table td {\n      padding:14px 17px!important;\n      color:#43515e!important;\n      background:#fff!important;\n      border-block-end:1px solid var(--emf-line)!important;\n      font-size:14px!important;\n      font-weight:400!important;\n      line-height:1.5!important;\n      overflow-wrap:anywhere;\n    }\n\n    .emf-data-table tbody tr:nth-child(even) td {\n      background:var(--emf-wash)!important;\n    }\n\n    .emf-data-table tbody tr:hover td {\n      background:#eaf0f5!important;\n    }\n\n    .emf-data-table tbody tr:last-child td {\n      border-block-end:0!important;\n    }\n\n    .emf-data-table td:first-child {\n      color:var(--emf-navy)!important;\n      font-weight:700!important;\n    }\n\n    @media(max-width:560px) {\n      .emf-data-table-brand {\n        min-block-size:68px;\n        padding:9px 13px;\n      }\n\n      .emf-data-table-title {\n        font-size:19px;\n      }\n\n      .emf-data-table-scroll {\n        overflow:visible!important;\n      }\n\n      .emf-data-table table,\n      .emf-data-table thead,\n      .emf-data-table tbody,\n      .emf-data-table tr,\n      .emf-data-table th,\n      .emf-data-table td {\n        display:block!important;\n        inline-size:100%!important;\n        min-inline-size:0!important;\n        max-inline-size:100%!important;\n      }\n\n      .emf-data-table table {\n        padding:13px!important;\n      }\n\n      .emf-data-table thead {\n        position:absolute!important;\n        inline-size:1px!important;\n        block-size:1px!important;\n        padding:0!important;\n        margin:-1px!important;\n        overflow:hidden!important;\n        clip:rect(0,0,0,0)!important;\n        white-space:nowrap!important;\n      }\n\n      .emf-data-table tbody {\n        display:grid!important;\n        gap:11px;\n      }\n\n      .emf-data-table tr {\n        overflow:hidden!important;\n        background:#fff!important;\n        border:1px solid var(--emf-line)!important;\n        border-block-start:4px solid var(--emf-navy)!important;\n        border-radius:4px!important;\n        box-shadow:0 4px 12px rgba(0,36,90,.06);\n      }\n\n      .emf-data-table td,\n      .emf-data-table tbody tr:nth-child(even) td,\n      .emf-data-table tbody tr:hover td {\n        display:grid!important;\n        grid-template-columns:minmax(105px,38%) minmax(0,1fr)!important;\n        align-items:start;\n        gap:11px;\n        padding:11px 12px!important;\n        background:#fff!important;\n        border-block-end:1px solid #e2e7ec!important;\n      }\n\n      .emf-data-table td::before {\n        content:attr(data-label);\n        color:var(--emf-muted);\n        font-size:10px;\n        font-weight:700;\n        letter-spacing:.06em;\n        line-height:1.35;\n        text-transform:uppercase;\n      }\n\n      .emf-data-table td:first-child {\n        color:var(--emf-navy)!important;\n        background:#edf1f5!important;\n      }\n\n      .emf-data-table td:last-child {\n        border-block-end:0!important;\n      }\n    }\n  <\/style>\n\n  <div class=\"emf-data-table-brand\">\n    <div class=\"emf-data-table-logo\">\n      <img\n        alt=\"Logo EM Foco\"\n        decoding=\"async\"\n        height=\"41\"\n        loading=\"lazy\"\n        referrerpolicy=\"no-referrer\"\n        src=\"https:\/\/www.em.com.br\/emfoco\/wp-content\/uploads\/2026\/08\/em_transparente_3000px-scaled.png\"\n        width=\"41\"\n      >\n    <\/div>\n\n    <div>\n      <div class=\"emf-data-table-kicker\">DADOS EM FOCO<\/div>\n      <div class=\"emf-data-table-title\">Como usar a pasta<\/div>\n    <\/div>\n  <\/div>\n\n  <div aria-label=\"Tabela com propor\u00e7\u00e3o, tempo e cuidado para limpeza do forno com bicarbonato\" class=\"emf-data-table-scroll\" role=\"region\" tabindex=\"0\">\n    <table>\n      <caption>Resumo da prepara\u00e7\u00e3o e aplica\u00e7\u00e3o da pasta de bicarbonato para limpar o forno<\/caption>\n      <thead>\n        <tr>\n          <th scope=\"col\">Etapa<\/th>\n          <th scope=\"col\">Refer\u00eancia<\/th>\n          <th scope=\"col\">Cuidado<\/th>\n        <\/tr>\n      <\/thead>\n      <tbody>\n        <tr>\n          <td data-label=\"Etapa\">Mistura<\/td>\n          <td data-label=\"Refer\u00eancia\">\u00bd x\u00edcara + 3 colheres de \u00e1gua<\/td>\n          <td data-label=\"Cuidado\">Formar pasta espalh\u00e1vel<\/td>\n        <\/tr>\n        <tr>\n          <td data-label=\"Etapa\">A\u00e7\u00e3o<\/td>\n          <td data-label=\"Refer\u00eancia\">20 minutos ou mais<\/td>\n          <td data-label=\"Cuidado\">Ajustar conforme a sujeira<\/td>\n        <\/tr>\n        <tr>\n          <td data-label=\"Etapa\">Remo\u00e7\u00e3o<\/td>\n          <td data-label=\"Refer\u00eancia\">Pano ou raspador pl\u00e1stico<\/td>\n          <td data-label=\"Cuidado\">Evitar \u00e1reas proibidas pelo manual<\/td>\n        <\/tr>\n      <\/tbody>\n    <\/table>\n  <\/div>\n<\/div>\n\n\n\n<h2 class=\"wp-block-heading\">Quando vale repetir o processo em vez de esfregar com for\u00e7a?<\/h2>\n\n\n\n<p class=\"wp-block-paragraph\">Se a crosta n\u00e3o sair na primeira tentativa, prefira <strong>novo tempo de contato<\/strong> antes de aumentar a for\u00e7a. Res\u00edduos muito secos costumam exigir repeti\u00e7\u00e3o. Esfregar com objeto met\u00e1lico ou abrasivo pode transformar uma sujeira simples em risco de arranhar acabamento, vidro ou revestimento.<\/p>\n\n\n\n<p class=\"wp-block-paragraph\">A ideia \u00e9 combinar <strong>pouca \u00e1gua, tempo e remo\u00e7\u00e3o suave<\/strong>. A pasta pode ser \u00fatil em sujeira grudada, mas n\u00e3o substitui as instru\u00e7\u00f5es do fabricante. Conferindo o manual e preservando veda\u00e7\u00f5es, sensores e acabamentos, a limpeza fica mais controlada e com menos chance de causar dano.<\/p>\n","protected":false},"excerpt":{"rendered":"<p>EM FOCO Resumo da mat\u00e9ria 01 Pasta simples Meia x\u00edcara de bicarbonato com tr\u00eas colheres de \u00e1gua forma uma pasta espalh\u00e1vel para agir sobre res\u00edduos do forno j\u00e1 frio. propor\u00e7\u00e3o 02 Tempo depende da sujeira A orienta\u00e7\u00e3o permite deixar a pasta por pelo menos 20 minutos, chegando a v\u00e1rias horas em res\u00edduos mais dif\u00edceis. tempo [&hellip;]<\/p>\n","protected":false},"author":30,"featured_media":262244,"comment_status":"open","ping_status":"open","sticky":false,"template":"","format":"standard","meta":{"jnews-multi-image_gallery":[],"jnews_single_post":{"format":"standard"},"jnews_primary_category":[],"jnews_social_meta":[],"jnews_override_counter":[],"footnotes":""},"categories":[8691],"tags":[12835,14569,3337],"class_list":["post-262182","post","type-post","status-publish","format-standard","has-post-thumbnail","hentry","category-bem-estar","tag-bicarbonato","tag-forno","tag-limpeza"],"yoast_head":"<!-- This site is optimized with the Yoast SEO plugin v28.3 - https:\/\/yoast.com\/product\/yoast-seo-wordpress\/ -->\n<title>Misturar bicarbonato com \u00e1gua: como essa pasta ajuda a soltar a sujeira grudada dentro do forno - Estado de Minas - Em foco<\/title>\n<meta name=\"description\" content=\"Meia x\u00edcara de bicarbonato e tr\u00eas colheres de \u00e1gua formam uma pasta simples, mas h\u00e1 \u00e1reas do forno onde o manual precisa vir primeiro.\" \/>\n<meta name=\"robots\" content=\"index, follow, max-snippet:-1, max-image-preview:large, max-video-preview:-1\" \/>\n<link rel=\"canonical\" href=\"https:\/\/www.em.com.br\/emfoco\/2026\/09\/04\/misturar-bicarbonato-com-agua-como-essa-pasta-ajuda-a-soltar-a-sujeira-grudada-dentro-do-forno\/\" \/>\n<meta property=\"og:locale\" content=\"pt_BR\" \/>\n<meta property=\"og:type\" content=\"article\" \/>\n<meta property=\"og:title\" content=\"Misturar bicarbonato com \u00e1gua: como essa pasta ajuda a soltar a sujeira grudada dentro do forno - Estado de Minas - Em foco\" \/>\n<meta property=\"og:description\" content=\"Meia x\u00edcara de bicarbonato e tr\u00eas colheres de \u00e1gua formam uma pasta simples, mas h\u00e1 \u00e1reas do forno onde o manual precisa vir primeiro.\" \/>\n<meta property=\"og:url\" content=\"https:\/\/www.em.com.br\/emfoco\/2026\/09\/04\/misturar-bicarbonato-com-agua-como-essa-pasta-ajuda-a-soltar-a-sujeira-grudada-dentro-do-forno\/\" \/>\n<meta property=\"og:site_name\" content=\"Estado de Minas - Em foco\" \/>\n<meta property=\"article:published_time\" content=\"2026-09-04T11:07:00+00:00\" \/>\n<meta property=\"og:image\" content=\"https:\/\/www.em.com.br\/emfoco\/wp-content\/uploads\/2026\/09\/bicarbonato1.jpg\" \/>\n\t<meta property=\"og:image:width\" content=\"1280\" \/>\n\t<meta property=\"og:image:height\" content=\"720\" \/>\n\t<meta property=\"og:image:type\" content=\"image\/jpeg\" \/>\n<meta name=\"author\" content=\"Guilherme Ara\u00fajo\" \/>\n<meta name=\"twitter:card\" content=\"summary_large_image\" \/>\n<meta name=\"twitter:label1\" content=\"Escrito por\" \/>\n\t<meta name=\"twitter:data1\" content=\"Guilherme Ara\u00fajo\" \/>\n\t<meta name=\"twitter:label2\" content=\"Est. tempo de leitura\" \/>\n\t<meta name=\"twitter:data2\" content=\"6 minutos\" \/>\n<!-- \/ Yoast SEO plugin. -->","yoast_head_json":{"title":"Misturar bicarbonato com \u00e1gua: como essa pasta ajuda a soltar a sujeira grudada dentro do forno - Estado de Minas - Em foco","description":"Meia x\u00edcara de bicarbonato e tr\u00eas colheres de \u00e1gua formam uma pasta simples, mas h\u00e1 \u00e1reas do forno onde o manual precisa vir primeiro.","robots":{"index":"index","follow":"follow","max-snippet":"max-snippet:-1","max-image-preview":"max-image-preview:large","max-video-preview":"max-video-preview:-1"},"canonical":"https:\/\/www.em.com.br\/emfoco\/2026\/09\/04\/misturar-bicarbonato-com-agua-como-essa-pasta-ajuda-a-soltar-a-sujeira-grudada-dentro-do-forno\/","og_locale":"pt_BR","og_type":"article","og_title":"Misturar bicarbonato com \u00e1gua: como essa pasta ajuda a soltar a sujeira grudada dentro do forno - Estado de Minas - Em foco","og_description":"Meia x\u00edcara de bicarbonato e tr\u00eas colheres de \u00e1gua formam uma pasta simples, mas h\u00e1 \u00e1reas do forno onde o manual precisa vir primeiro.","og_url":"https:\/\/www.em.com.br\/emfoco\/2026\/09\/04\/misturar-bicarbonato-com-agua-como-essa-pasta-ajuda-a-soltar-a-sujeira-grudada-dentro-do-forno\/","og_site_name":"Estado de Minas - Em foco","article_published_time":"2026-09-04T11:07:00+00:00","og_image":[{"width":1280,"height":720,"url":"https:\/\/www.em.com.br\/emfoco\/wp-content\/uploads\/2026\/09\/bicarbonato1.jpg","type":"image\/jpeg"}],"author":"Guilherme Ara\u00fajo","twitter_card":"summary_large_image","twitter_misc":{"Escrito por":"Guilherme Ara\u00fajo","Est. tempo de leitura":"6 minutos"},"schema":{"@context":"https:\/\/schema.org","@graph":[{"@type":"Article","@id":"https:\/\/www.em.com.br\/emfoco\/2026\/09\/04\/misturar-bicarbonato-com-agua-como-essa-pasta-ajuda-a-soltar-a-sujeira-grudada-dentro-do-forno\/#article","isPartOf":{"@id":"https:\/\/www.em.com.br\/emfoco\/2026\/09\/04\/misturar-bicarbonato-com-agua-como-essa-pasta-ajuda-a-soltar-a-sujeira-grudada-dentro-do-forno\/"},"author":{"name":"Guilherme Ara\u00fajo","@id":"https:\/\/www.em.com.br\/emfoco\/#\/schema\/person\/5379e929a4b966c775d121e23f9bb421"},"headline":"Misturar bicarbonato com \u00e1gua: como essa pasta ajuda a soltar a sujeira grudada dentro do forno","datePublished":"2026-09-04T11:07:00+00:00","mainEntityOfPage":{"@id":"https:\/\/www.em.com.br\/emfoco\/2026\/09\/04\/misturar-bicarbonato-com-agua-como-essa-pasta-ajuda-a-soltar-a-sujeira-grudada-dentro-do-forno\/"},"wordCount":902,"commentCount":0,"image":{"@id":"https:\/\/www.em.com.br\/emfoco\/2026\/09\/04\/misturar-bicarbonato-com-agua-como-essa-pasta-ajuda-a-soltar-a-sujeira-grudada-dentro-do-forno\/#primaryimage"},"thumbnailUrl":"https:\/\/www.em.com.br\/emfoco\/wp-content\/uploads\/2026\/09\/bicarbonato1.jpg","keywords":["bicarbonato","forno","limpeza"],"articleSection":["Bem Estar"],"inLanguage":"pt-BR","potentialAction":[{"@type":"CommentAction","name":"Comment","target":["https:\/\/www.em.com.br\/emfoco\/2026\/09\/04\/misturar-bicarbonato-com-agua-como-essa-pasta-ajuda-a-soltar-a-sujeira-grudada-dentro-do-forno\/#respond"]}]},{"@type":"WebPage","@id":"https:\/\/www.em.com.br\/emfoco\/2026\/09\/04\/misturar-bicarbonato-com-agua-como-essa-pasta-ajuda-a-soltar-a-sujeira-grudada-dentro-do-forno\/","url":"https:\/\/www.em.com.br\/emfoco\/2026\/09\/04\/misturar-bicarbonato-com-agua-como-essa-pasta-ajuda-a-soltar-a-sujeira-grudada-dentro-do-forno\/","name":"Misturar bicarbonato com \u00e1gua: como essa pasta ajuda a soltar a sujeira grudada dentro do forno - Estado de Minas - Em foco","isPartOf":{"@id":"https:\/\/www.em.com.br\/emfoco\/#website"},"primaryImageOfPage":{"@id":"https:\/\/www.em.com.br\/emfoco\/2026\/09\/04\/misturar-bicarbonato-com-agua-como-essa-pasta-ajuda-a-soltar-a-sujeira-grudada-dentro-do-forno\/#primaryimage"},"image":{"@id":"https:\/\/www.em.com.br\/emfoco\/2026\/09\/04\/misturar-bicarbonato-com-agua-como-essa-pasta-ajuda-a-soltar-a-sujeira-grudada-dentro-do-forno\/#primaryimage"},"thumbnailUrl":"https:\/\/www.em.com.br\/emfoco\/wp-content\/uploads\/2026\/09\/bicarbonato1.jpg","datePublished":"2026-09-04T11:07:00+00:00","author":{"@id":"https:\/\/www.em.com.br\/emfoco\/#\/schema\/person\/5379e929a4b966c775d121e23f9bb421"},"description":"Meia x\u00edcara de bicarbonato e tr\u00eas colheres de \u00e1gua formam uma pasta simples, mas h\u00e1 \u00e1reas do forno onde o manual precisa vir primeiro.","breadcrumb":{"@id":"https:\/\/www.em.com.br\/emfoco\/2026\/09\/04\/misturar-bicarbonato-com-agua-como-essa-pasta-ajuda-a-soltar-a-sujeira-grudada-dentro-do-forno\/#breadcrumb"},"inLanguage":"pt-BR","potentialAction":[{"@type":"ReadAction","target":["https:\/\/www.em.com.br\/emfoco\/2026\/09\/04\/misturar-bicarbonato-com-agua-como-essa-pasta-ajuda-a-soltar-a-sujeira-grudada-dentro-do-forno\/"]}]},{"@type":"ImageObject","inLanguage":"pt-BR","@id":"https:\/\/www.em.com.br\/emfoco\/2026\/09\/04\/misturar-bicarbonato-com-agua-como-essa-pasta-ajuda-a-soltar-a-sujeira-grudada-dentro-do-forno\/#primaryimage","url":"https:\/\/www.em.com.br\/emfoco\/wp-content\/uploads\/2026\/09\/bicarbonato1.jpg","contentUrl":"https:\/\/www.em.com.br\/emfoco\/wp-content\/uploads\/2026\/09\/bicarbonato1.jpg","width":1280,"height":720,"caption":"A consist\u00eancia da pasta ajuda a manter o bicarbonato em contato com a sujeira por mais tempo"},{"@type":"BreadcrumbList","@id":"https:\/\/www.em.com.br\/emfoco\/2026\/09\/04\/misturar-bicarbonato-com-agua-como-essa-pasta-ajuda-a-soltar-a-sujeira-grudada-dentro-do-forno\/#breadcrumb","itemListElement":[{"@type":"ListItem","position":1,"name":"In\u00edcio","item":"https:\/\/www.em.com.br\/emfoco\/"},{"@type":"ListItem","position":2,"name":"Misturar bicarbonato com \u00e1gua: como essa pasta ajuda a soltar a sujeira grudada dentro do forno"}]},{"@type":"WebSite","@id":"https:\/\/www.em.com.br\/emfoco\/#website","url":"https:\/\/www.em.com.br\/emfoco\/","name":"Estado de Minas - Em foco","description":"Acompanhe as \u00faltimas not\u00edcias e fique bem informado sobre tudo o que acontece em Minas Gerais, Brasil e no mundo.","potentialAction":[{"@type":"SearchAction","target":{"@type":"EntryPoint","urlTemplate":"https:\/\/www.em.com.br\/emfoco\/?s={search_term_string}"},"query-input":{"@type":"PropertyValueSpecification","valueRequired":true,"valueName":"search_term_string"}}],"inLanguage":"pt-BR"},{"@type":"Person","@id":"https:\/\/www.em.com.br\/emfoco\/#\/schema\/person\/5379e929a4b966c775d121e23f9bb421","name":"Guilherme Ara\u00fajo","image":{"@type":"ImageObject","inLanguage":"pt-BR","@id":"https:\/\/secure.gravatar.com\/avatar\/063bc96e5a2afd1844386c45bd1360efc771eff011a9fab8cd399e2a104c3ecd?s=96&d=mm&r=g","url":"https:\/\/secure.gravatar.com\/avatar\/063bc96e5a2afd1844386c45bd1360efc771eff011a9fab8cd399e2a104c3ecd?s=96&d=mm&r=g","contentUrl":"https:\/\/secure.gravatar.com\/avatar\/063bc96e5a2afd1844386c45bd1360efc771eff011a9fab8cd399e2a104c3ecd?s=96&d=mm&r=g","caption":"Guilherme Ara\u00fajo"},"sameAs":["https:\/\/www.em.com.br\/emfoco"],"url":"https:\/\/www.em.com.br\/emfoco\/author\/guilhermeamyth\/"}]}},"_links":{"self":[{"href":"https:\/\/www.em.com.br\/emfoco\/wp-json\/wp\/v2\/posts\/262182","targetHints":{"allow":["GET"]}}],"collection":[{"href":"https:\/\/www.em.com.br\/emfoco\/wp-json\/wp\/v2\/posts"}],"about":[{"href":"https:\/\/www.em.com.br\/emfoco\/wp-json\/wp\/v2\/types\/post"}],"author":[{"embeddable":true,"href":"https:\/\/www.em.com.br\/emfoco\/wp-json\/wp\/v2\/users\/30"}],"replies":[{"embeddable":true,"href":"https:\/\/www.em.com.br\/emfoco\/wp-json\/wp\/v2\/comments?post=262182"}],"version-history":[{"count":3,"href":"https:\/\/www.em.com.br\/emfoco\/wp-json\/wp\/v2\/posts\/262182\/revisions"}],"predecessor-version":[{"id":262280,"href":"https:\/\/www.em.com.br\/emfoco\/wp-json\/wp\/v2\/posts\/262182\/revisions\/262280"}],"wp:featuredmedia":[{"embeddable":true,"href":"https:\/\/www.em.com.br\/emfoco\/wp-json\/wp\/v2\/media\/262244"}],"wp:attachment":[{"href":"https:\/\/www.em.com.br\/emfoco\/wp-json\/wp\/v2\/media?parent=262182"}],"wp:term":[{"taxonomy":"category","embeddable":true,"href":"https:\/\/www.em.com.br\/emfoco\/wp-json\/wp\/v2\/categories?post=262182"},{"taxonomy":"post_tag","embeddable":true,"href":"https:\/\/www.em.com.br\/emfoco\/wp-json\/wp\/v2\/tags?post=262182"}],"curies":[{"name":"wp","href":"https:\/\/api.w.org\/{rel}","templated":true}]}}