{"id":262167,"date":"2026-09-04T18:49:25","date_gmt":"2026-09-04T21:49:25","guid":{"rendered":"https:\/\/www.em.com.br\/emfoco\/?p=262167"},"modified":"2026-09-03T20:46:36","modified_gmt":"2026-09-03T23:46:36","slug":"um-esqui-de-1-300-anos-apareceu-no-gelo-e-seu-par-foi-encontrado-a-apenas-cinco-metros-de-distancia-sete-anos-depois","status":"publish","type":"post","link":"https:\/\/www.em.com.br\/emfoco\/2026\/09\/04\/um-esqui-de-1-300-anos-apareceu-no-gelo-e-seu-par-foi-encontrado-a-apenas-cinco-metros-de-distancia-sete-anos-depois\/","title":{"rendered":"Um esqui de 1.300 anos apareceu no gelo e seu par foi encontrado a apenas cinco metros de dist\u00e2ncia sete anos depois"},"content":{"rendered":"\n<div class=\"emf-summary google-auto-ads-ignore\">\n  <style>\n    .emf-summary {\n      --emf-navy:#00245a;\n      --emf-navy-soft:#0b3b70;\n      --emf-ink:#1d2731;\n      --emf-muted:#66727e;\n      --emf-line:#d7dde5;\n      --emf-paper:#ffffff;\n      --emf-wash:#f4f6f8;\n      box-sizing:border-box!important;\n      inline-size:min(1100px,100%)!important;\n      max-inline-size:100%!important;\n      margin-inline:auto!important;\n      overflow:hidden!important;\n      color:var(--emf-ink);\n      background:var(--emf-paper);\n      border:1px solid var(--emf-line);\n      border-block-start:5px solid var(--emf-navy);\n      border-radius:6px!important;\n      box-shadow:0 8px 24px rgba(0,36,90,.08);\n      font-family:Arial,Helvetica,sans-serif;\n    }\n\n    .emf-summary *,\n    .emf-summary *::before,\n    .emf-summary *::after {\n      box-sizing:border-box!important;\n    }\n\n    .emf-summary-brand {\n      display:flex;\n      align-items:center;\n      gap:14px;\n      padding:16px 20px;\n      color:#fff;\n      background:linear-gradient(105deg,var(--emf-navy) 0%,var(--emf-navy-soft) 100%);\n      border-block-end:1px solid rgba(255,255,255,.18);\n    }\n\n    .emf-summary-logo {\n      display:grid;\n      place-items:center;\n      inline-size:58px;\n      block-size:58px;\n      flex:0 0 58px;\n      background:rgba(255,255,255,.08);\n      border:1px solid rgba(255,255,255,.35);\n      border-radius:3px!important;\n    }\n\n    .emf-summary-logo img {\n      display:block;\n      inline-size:46px;\n      block-size:46px;\n      max-inline-size:46px;\n      max-block-size:46px;\n      object-fit:contain;\n    }\n\n    .emf-summary-eyebrow {\n      margin:0 0 3px;\n      font-size:11px;\n      font-weight:700;\n      letter-spacing:.18em;\n      line-height:1.2;\n      text-transform:uppercase;\n      opacity:.78;\n    }\n\n    .emf-summary-title {\n      margin:0;\n      font-family:Georgia,\"Times New Roman\",serif;\n      font-size:25px;\n      font-weight:700;\n      line-height:1.15;\n    }\n\n    .emf-summary-grid {\n      display:grid;\n      grid-template-columns:repeat(3,minmax(0,1fr));\n      gap:0;\n      background:var(--emf-wash);\n    }\n\n    .emf-summary-card {\n      position:relative;\n      min-block-size:190px;\n      padding:24px 20px 20px;\n      overflow:hidden!important;\n      background:#fff;\n      border-inline-end:1px solid var(--emf-line);\n    }\n\n    .emf-summary-card:last-child {\n      border-inline-end:0;\n    }\n\n    .emf-summary-number {\n      position:absolute;\n      inset-block-start:13px;\n      inset-inline-end:15px;\n      color:rgba(0,36,90,.10);\n      font-family:Georgia,\"Times New Roman\",serif;\n      font-size:46px;\n      font-weight:700;\n      line-height:1;\n      pointer-events:none;\n    }\n\n    .emf-summary-card-title {\n      position:relative;\n      z-index:1;\n      margin:0 0 11px;\n      padding-block-end:10px;\n      color:var(--emf-navy);\n      border-block-end:2px solid var(--emf-navy);\n      font-family:Georgia,\"Times New Roman\",serif;\n      font-size:18px;\n      font-weight:700;\n      line-height:1.3;\n      overflow-wrap:anywhere;\n    }\n\n    .emf-summary-card-text {\n      position:relative;\n      z-index:1;\n      color:#485560;\n      font-size:13px;\n      line-height:1.6;\n      overflow-wrap:anywhere;\n    }\n\n    .emf-summary-card-meta {\n      position:relative;\n      z-index:1;\n      display:inline-flex;\n      margin-block-start:16px;\n      padding:5px 8px;\n      color:var(--emf-navy);\n      background:#edf1f5;\n      border:1px solid #d9e0e7;\n      border-radius:2px!important;\n      font-size:10px;\n      font-weight:700;\n      letter-spacing:.08em;\n      line-height:1.2;\n      text-transform:uppercase;\n    }\n\n    @media(max-width:760px) {\n      .emf-summary-grid {\n        grid-template-columns:1fr;\n      }\n\n      .emf-summary-card {\n        min-block-size:0;\n        border-inline-end:0;\n        border-block-end:1px solid var(--emf-line);\n      }\n\n      .emf-summary-card:last-child {\n        border-block-end:0;\n      }\n    }\n\n    @media(max-width:480px) {\n      .emf-summary-brand {\n        padding:14px 15px;\n      }\n\n      .emf-summary-logo {\n        inline-size:52px;\n        block-size:52px;\n        flex-basis:52px;\n      }\n\n      .emf-summary-logo img {\n        inline-size:41px;\n        block-size:41px;\n        max-inline-size:41px;\n        max-block-size:41px;\n      }\n\n      .emf-summary-title {\n        font-size:22px;\n      }\n\n      .emf-summary-card {\n        padding:21px 16px 18px;\n      }\n    }\n  <\/style>\n\n  <div class=\"emf-summary-brand\">\n    <div class=\"emf-summary-logo\">\n      <img\n        alt=\"Logo EM Foco\"\n        decoding=\"async\"\n        fetchpriority=\"high\"\n        height=\"46\"\n        loading=\"eager\"\n        referrerpolicy=\"no-referrer\"\n        src=\"https:\/\/www.em.com.br\/emfoco\/wp-content\/uploads\/2026\/08\/em_transparente_3000px-scaled.png\"\n        width=\"46\"\n      >\n    <\/div>\n\n    <div>\n      <div class=\"emf-summary-eyebrow\">EM FOCO<\/div>\n      <div class=\"emf-summary-title\">Resumo da mat\u00e9ria<\/div>\n    <\/div>\n  <\/div>\n\n  <div class=\"emf-summary-grid\">\n    <div class=\"emf-summary-card\">\n      <span aria-hidden=\"true\" class=\"emf-summary-number\">01<\/span>\n      <div aria-level=\"3\" class=\"emf-summary-card-title\" role=\"heading\">\n        Primeiro surgiu em 2014\n      <\/div>\n      <div class=\"emf-summary-card-text\">\n        O primeiro esqui apareceu no gelo com parte da amarra\u00e7\u00e3o preservada, algo extremamente raro em pe\u00e7as pr\u00e9-hist\u00f3ricas desse tipo.\n      <\/div>\n      <div class=\"emf-summary-card-meta\">\n        primeiro achado\n      <\/div>\n    <\/div>\n    <div class=\"emf-summary-card\">\n      <span aria-hidden=\"true\" class=\"emf-summary-number\">02<\/span>\n      <div aria-level=\"3\" class=\"emf-summary-card-title\" role=\"heading\">\n        Segundo veio sete anos depois\n      <\/div>\n      <div class=\"emf-summary-card-text\">\n        Em 2021, imagens de sat\u00e9lite mostraram maior recuo do gelo e uma nova busca encontrou o outro esqui a cinco metros do primeiro.\n      <\/div>\n      <div class=\"emf-summary-card-meta\">\n        par completo\n      <\/div>\n    <\/div>\n    <div class=\"emf-summary-card\">\n      <span aria-hidden=\"true\" class=\"emf-summary-number\">03<\/span>\n      <div aria-level=\"3\" class=\"emf-summary-card-title\" role=\"heading\">\n        Amarra\u00e7\u00f5es sobreviveram\n      <\/div>\n      <div class=\"emf-summary-card-text\">\n        Couro, fibras torcidas de b\u00e9tula e um pequeno pino de madeira ficaram preservados no segundo exemplar, revelando como o p\u00e9 era preso.\n      <\/div>\n      <div class=\"emf-summary-card-meta\">\n        tecnologia antiga\n      <\/div>\n    <\/div>\n  <\/div>\n<\/div>\n\n\n\n<p class=\"wp-block-paragraph\">No gelo de Digervarden, na Noruega, um <strong>esqui de 1.300 anos<\/strong> apareceu em 2014 ainda com parte da amarra\u00e7\u00e3o. Sete anos depois, o recuo do gelo revelou outro exemplar a s\u00f3 cinco metros. A segunda pe\u00e7a media 1,87 metro e conservava couro e fibras de b\u00e9tula, formando um par arqueol\u00f3gico excepcional no alto da montanha.<\/p>\n\n\n\n<h2 class=\"wp-block-heading\">Como o primeiro esqui de 1.300 anos apareceu no gelo?<\/h2>\n\n\n\n<p class=\"wp-block-paragraph\">O primeiro <strong>esqui de 1.300 anos<\/strong> foi encontrado em 2014 na mancha de gelo de Digervarden, nas montanhas de Reinheimen, na Noruega. A pe\u00e7a tinha cerca de 1,72 metro e conservava parte da amarra\u00e7\u00e3o, combina\u00e7\u00e3o muito rara entre esquis arqueol\u00f3gicos encontrados em gelo ou turfeiras.<\/p>\n\n\n\n<p class=\"wp-block-paragraph\">Achados desse tipo ajudam a reconstruir a <a href=\"https:\/\/en.wikipedia.org\/wiki\/History_of_skiing\" target=\"_blank\" rel=\"noopener noreferrer\"><strong>hist\u00f3ria do esqui<\/strong><\/a> como ferramenta de transporte, ca\u00e7a e deslocamento. O objeto de Digervarden chamou aten\u00e7\u00e3o porque a madeira n\u00e3o apareceu sozinha: elementos que prendiam o p\u00e9 tamb\u00e9m tinham sobrevivido.<\/p>\n\n\n<div class=\"wp-block-image\">\n<figure class=\"aligncenter size-large\"><img decoding=\"async\" width=\"1024\" height=\"576\" src=\"https:\/\/www.em.com.br\/emfoco\/wp-content\/uploads\/2026\/09\/paoie2-1024x576.jpg\" alt=\"\" class=\"wp-image-262239\" srcset=\"https:\/\/www.em.com.br\/emfoco\/wp-content\/uploads\/2026\/09\/paoie2-1024x576.jpg 1024w, https:\/\/www.em.com.br\/emfoco\/wp-content\/uploads\/2026\/09\/paoie2-300x169.jpg 300w, https:\/\/www.em.com.br\/emfoco\/wp-content\/uploads\/2026\/09\/paoie2-768x432.jpg 768w, https:\/\/www.em.com.br\/emfoco\/wp-content\/uploads\/2026\/09\/paoie2-750x421.jpg 750w, https:\/\/www.em.com.br\/emfoco\/wp-content\/uploads\/2026\/09\/paoie2-1140x641.jpg 1140w, https:\/\/www.em.com.br\/emfoco\/wp-content\/uploads\/2026\/09\/paoie2.jpg 1280w\" sizes=\"(max-width: 1024px) 100vw, 1024px\" \/><figcaption class=\"wp-element-caption\">Encontrar o par permitiu comparar detalhes que um \u00fanico esqui jamais conseguiria mostrar<\/figcaption><\/figure>\n<\/div>\n\n\n<h2 class=\"wp-block-heading\">Por que os arque\u00f3logos voltaram ao local sete anos depois?<\/h2>\n\n\n\n<p class=\"wp-block-paragraph\">A equipe monitorou o gelo durante anos porque havia chance de o segundo esqui estar pr\u00f3ximo. Em 2021, imagens de sat\u00e9lite mostraram que <strong>a mancha de gelo havia recuado<\/strong> em rela\u00e7\u00e3o a 2014. Um arque\u00f3logo foi enviado novamente para verificar a \u00e1rea onde a primeira pe\u00e7a apareceu.<\/p>\n\n\n\n<p class=\"wp-block-paragraph\">A busca funcionou. O segundo esqui estava apenas <strong>cinco metros distante do primeiro ponto<\/strong>, ainda preso ao gelo. Depois de uma tempestade e nova neve, uma equipe retornou com ferramentas e \u00e1gua morna para libertar a pe\u00e7a sem danificar madeira e amarra\u00e7\u00f5es preservadas.<\/p>\n\n\n\n<h2 class=\"wp-block-heading\">O que o segundo esqui preservou depois de 1.300 anos?<\/h2>\n\n\n\n<p class=\"wp-block-paragraph\">A nova pe\u00e7a mede <strong>1,87 metro de comprimento e 17 cent\u00edmetros de largura<\/strong>. No apoio do p\u00e9, tr\u00eas fibras torcidas de b\u00e9tula, uma tira de couro e um pino de madeira atravessavam o orif\u00edcio da amarra\u00e7\u00e3o. O conjunto mostra muito mais do sistema original do que o primeiro esqui.<\/p>\n\n\n\n<p class=\"wp-block-paragraph\">Os dois objetos n\u00e3o s\u00e3o id\u00eanticos, o que \u00e9 esperado em pe\u00e7as feitas \u00e0 m\u00e3o. O segundo \u00e9 maior e melhor preservado, possivelmente porque ficou alguns metros mais para dentro do gelo. Marcas de reparo indicam <strong>uso prolongado<\/strong>, mostrando que n\u00e3o eram objetos cerimoniais novos abandonados no local.<\/p>\n\n\n\n<p class=\"myth-list-bridge wp-block-paragraph\">A seguir listamos <strong>5 detalhes preservados<\/strong> que permitem comparar os dois esquis e reconstruir melhor sua tecnologia:<\/p>\n\n\n\n<ul class=\"wp-block-list myth-bullet-list\">\n<li><strong>Comprimento: <\/strong>o segundo esqui mede 1,87 metro, 17 cent\u00edmetros a mais que o primeiro.<\/li>\n\n\n\n<li><strong>Largura: <\/strong>a nova pe\u00e7a chega a 17 cent\u00edmetros, tamb\u00e9m um pouco mais larga.<\/li>\n\n\n\n<li><strong>Fibras de b\u00e9tula: <\/strong>tr\u00eas cord\u00f5es torcidos atravessam o apoio do p\u00e9.<\/li>\n\n\n\n<li><strong>Tira de couro: <\/strong>parte do sistema de fixa\u00e7\u00e3o do calcanhar permaneceu junto ao esqui.<\/li>\n\n\n\n<li><strong>Marcas de reparo: <\/strong>o apoio mostra que a pe\u00e7a foi usada e consertada antes de ser perdida.<\/li>\n<\/ul>\n\n\n<div class=\"wp-block-image\">\n<figure class=\"aligncenter size-large\"><img decoding=\"async\" width=\"1024\" height=\"576\" src=\"https:\/\/www.em.com.br\/emfoco\/wp-content\/uploads\/2026\/09\/montanh23-1024x576.jpg\" alt=\"\" class=\"wp-image-262240\" srcset=\"https:\/\/www.em.com.br\/emfoco\/wp-content\/uploads\/2026\/09\/montanh23-1024x576.jpg 1024w, https:\/\/www.em.com.br\/emfoco\/wp-content\/uploads\/2026\/09\/montanh23-300x169.jpg 300w, https:\/\/www.em.com.br\/emfoco\/wp-content\/uploads\/2026\/09\/montanh23-768x432.jpg 768w, https:\/\/www.em.com.br\/emfoco\/wp-content\/uploads\/2026\/09\/montanh23-750x421.jpg 750w, https:\/\/www.em.com.br\/emfoco\/wp-content\/uploads\/2026\/09\/montanh23-1140x641.jpg 1140w, https:\/\/www.em.com.br\/emfoco\/wp-content\/uploads\/2026\/09\/montanh23.jpg 1280w\" sizes=\"(max-width: 1024px) 100vw, 1024px\" \/><figcaption class=\"wp-element-caption\">O estado de conserva\u00e7\u00e3o ajuda a entender como esse tipo de equipamento era constru\u00eddo e utilizado<\/figcaption><\/figure>\n<\/div>\n\n\n<p class=\"wp-block-paragraph\"><strong>Leia tamb\u00e9m: <a href=\"https:\/\/www.em.com.br\/emfoco\/2026\/09\/03\/cacadores-chegaram-a-malta-ha-8-500-anos-depois-de-atravessar-pelo-menos-100-quilometros-de-mar-aberto-em-embarcacoes-desconhecidas\/\" target=\"_blank\" rel=\"noreferrer noopener\">Ca\u00e7adores chegaram a Malta h\u00e1 8.500 anos depois de atravessar pelo menos 100 quil\u00f4metros de mar aberto em embarca\u00e7\u00f5es desconhecidas<\/a><\/strong><\/p>\n\n\n\n<h2 class=\"wp-block-heading\">Por que esse par \u00e9 t\u00e3o importante para a arqueologia do gelo?<\/h2>\n\n\n\n<p class=\"wp-block-paragraph\">Esquis antigos de madeira n\u00e3o s\u00e3o desconhecidos, mas <strong>amarra\u00e7\u00f5es completas s\u00e3o muito raras<\/strong>. Sem elas, \u00e9 dif\u00edcil entender como o p\u00e9 ficava preso e como o equipamento era usado. O par de Digervarden conserva justamente esse detalhe, transformando duas t\u00e1buas antigas em um conjunto tecnol\u00f3gico muito mais informativo.<\/p>\n\n\n\n<p class=\"wp-block-paragraph\">A <a href=\"https:\/\/innlandetfylke.no\/tjenester\/kulturarv\/nyheter-kulturarv\/brearkeologiske-funn-prydar-frimerke.59856.aspx\" target=\"_blank\" rel=\"noopener noreferrer\"><strong>Innlandet fylkeskommune<\/strong><\/a> confirma que o par de 1.300 anos foi encontrado em Digervarden, em Reinheimen. As pe\u00e7as hoje fazem parte do trabalho do programa regional de arqueologia glacial, que recupera objetos expostos pelo recuo do gelo.<\/p>\n\n\n\n<p class=\"myth-html-bridge wp-block-paragraph\">A seguir listamos <strong>3 raz\u00f5es arqueol\u00f3gicas<\/strong> que explicam por que um par com amarra\u00e7\u00f5es preservadas oferece muito mais informa\u00e7\u00e3o que um esqui isolado:<\/p>\n\n\n\n<div class=\"emf-data-table google-auto-ads-ignore\">\n  <style>\n    .emf-data-table {\n      --emf-navy:#00245a;\n      --emf-navy-soft:#0b3b70;\n      --emf-ink:#1d2731;\n      --emf-muted:#66727e;\n      --emf-line:#d7dde5;\n      --emf-wash:#f4f6f8;\n      box-sizing:border-box!important;\n      inline-size:min(1100px,100%)!important;\n      max-inline-size:100%!important;\n      margin-inline:auto!important;\n      overflow:hidden!important;\n      color:var(--emf-ink);\n      background:#fff;\n      border:1px solid var(--emf-line);\n      border-radius:6px!important;\n      box-shadow:0 8px 24px rgba(0,36,90,.08);\n      font-family:Arial,Helvetica,sans-serif;\n    }\n\n    .emf-data-table *,\n    .emf-data-table *::before,\n    .emf-data-table *::after {\n      box-sizing:border-box!important;\n    }\n\n    .emf-data-table-brand {\n      display:flex;\n      align-items:center;\n      gap:13px;\n      min-block-size:72px;\n      padding:10px 17px;\n      color:#fff;\n      background:linear-gradient(105deg,var(--emf-navy) 0%,var(--emf-navy-soft) 100%);\n      border-block-end:4px solid #c5ced8;\n    }\n\n    .emf-data-table-logo {\n      display:grid;\n      place-items:center;\n      inline-size:52px;\n      block-size:52px;\n      flex:0 0 52px;\n      background:rgba(255,255,255,.08);\n      border:1px solid rgba(255,255,255,.35);\n      border-radius:3px!important;\n    }\n\n    .emf-data-table-logo img {\n      display:block;\n      inline-size:41px;\n      block-size:41px;\n      max-inline-size:41px;\n      max-block-size:41px;\n      object-fit:contain;\n    }\n\n    .emf-data-table-kicker {\n      margin:0 0 2px;\n      font-size:10px;\n      font-weight:700;\n      letter-spacing:.16em;\n      line-height:1.2;\n      text-transform:uppercase;\n      opacity:.78;\n    }\n\n    .emf-data-table-title {\n      margin:0;\n      font-family:Georgia,\"Times New Roman\",serif;\n      font-size:21px;\n      font-weight:700;\n      line-height:1.2;\n    }\n\n    .emf-data-table-scroll {\n      display:block!important;\n      inline-size:100%!important;\n      max-inline-size:100%!important;\n      overflow-x:auto!important;\n      overflow-y:hidden!important;\n      -webkit-overflow-scrolling:touch;\n      overscroll-behavior-inline:contain;\n      scrollbar-width:thin;\n      scrollbar-color:#8798aa #edf1f5;\n    }\n\n    .emf-data-table-scroll:focus-visible {\n      outline:3px solid rgba(0,36,90,.35);\n      outline-offset:-3px;\n    }\n\n    .emf-data-table table {\n      display:table!important;\n      inline-size:100%!important;\n      min-inline-size:680px!important;\n      max-inline-size:none!important;\n      margin:0!important;\n      border:0!important;\n      border-collapse:separate!important;\n      border-spacing:0!important;\n      table-layout:auto!important;\n      background:#fff!important;\n    }\n\n    .emf-data-table caption {\n      position:absolute!important;\n      inline-size:1px!important;\n      block-size:1px!important;\n      padding:0!important;\n      margin:-1px!important;\n      overflow:hidden!important;\n      clip:rect(0,0,0,0)!important;\n      white-space:nowrap!important;\n      border:0!important;\n    }\n\n    .emf-data-table thead {\n      display:table-header-group!important;\n    }\n\n    .emf-data-table tbody {\n      display:table-row-group!important;\n    }\n\n    .emf-data-table tr {\n      display:table-row!important;\n    }\n\n    .emf-data-table th,\n    .emf-data-table td {\n      display:table-cell!important;\n      float:none!important;\n      inline-size:auto!important;\n      max-inline-size:none!important;\n      margin:0!important;\n      border-radius:0!important;\n      text-align:left!important;\n      vertical-align:middle!important;\n    }\n\n    .emf-data-table th {\n      padding:14px 17px!important;\n      color:#fff!important;\n      background:var(--emf-navy)!important;\n      border-block-end:1px solid rgba(255,255,255,.22)!important;\n      border-inline-end:1px solid rgba(255,255,255,.12)!important;\n      font-family:Georgia,\"Times New Roman\",serif;\n      font-size:14px!important;\n      font-weight:700!important;\n      line-height:1.35!important;\n      white-space:nowrap!important;\n    }\n\n    .emf-data-table th:last-child {\n      border-inline-end:0!important;\n    }\n\n    .emf-data-table td {\n      padding:14px 17px!important;\n      color:#43515e!important;\n      background:#fff!important;\n      border-block-end:1px solid var(--emf-line)!important;\n      font-size:14px!important;\n      font-weight:400!important;\n      line-height:1.5!important;\n      overflow-wrap:anywhere;\n    }\n\n    .emf-data-table tbody tr:nth-child(even) td {\n      background:var(--emf-wash)!important;\n    }\n\n    .emf-data-table tbody tr:hover td {\n      background:#eaf0f5!important;\n    }\n\n    .emf-data-table tbody tr:last-child td {\n      border-block-end:0!important;\n    }\n\n    .emf-data-table td:first-child {\n      color:var(--emf-navy)!important;\n      font-weight:700!important;\n    }\n\n    @media(max-width:560px) {\n      .emf-data-table-brand {\n        min-block-size:68px;\n        padding:9px 13px;\n      }\n\n      .emf-data-table-title {\n        font-size:19px;\n      }\n\n      .emf-data-table-scroll {\n        overflow:visible!important;\n      }\n\n      .emf-data-table table,\n      .emf-data-table thead,\n      .emf-data-table tbody,\n      .emf-data-table tr,\n      .emf-data-table th,\n      .emf-data-table td {\n        display:block!important;\n        inline-size:100%!important;\n        min-inline-size:0!important;\n        max-inline-size:100%!important;\n      }\n\n      .emf-data-table table {\n        padding:13px!important;\n      }\n\n      .emf-data-table thead {\n        position:absolute!important;\n        inline-size:1px!important;\n        block-size:1px!important;\n        padding:0!important;\n        margin:-1px!important;\n        overflow:hidden!important;\n        clip:rect(0,0,0,0)!important;\n        white-space:nowrap!important;\n      }\n\n      .emf-data-table tbody {\n        display:grid!important;\n        gap:11px;\n      }\n\n      .emf-data-table tr {\n        overflow:hidden!important;\n        background:#fff!important;\n        border:1px solid var(--emf-line)!important;\n        border-block-start:4px solid var(--emf-navy)!important;\n        border-radius:4px!important;\n        box-shadow:0 4px 12px rgba(0,36,90,.06);\n      }\n\n      .emf-data-table td,\n      .emf-data-table tbody tr:nth-child(even) td,\n      .emf-data-table tbody tr:hover td {\n        display:grid!important;\n        grid-template-columns:minmax(105px,38%) minmax(0,1fr)!important;\n        align-items:start;\n        gap:11px;\n        padding:11px 12px!important;\n        background:#fff!important;\n        border-block-end:1px solid #e2e7ec!important;\n      }\n\n      .emf-data-table td::before {\n        content:attr(data-label);\n        color:var(--emf-muted);\n        font-size:10px;\n        font-weight:700;\n        letter-spacing:.06em;\n        line-height:1.35;\n        text-transform:uppercase;\n      }\n\n      .emf-data-table td:first-child {\n        color:var(--emf-navy)!important;\n        background:#edf1f5!important;\n      }\n\n      .emf-data-table td:last-child {\n        border-block-end:0!important;\n      }\n    }\n  <\/style>\n\n  <div class=\"emf-data-table-brand\">\n    <div class=\"emf-data-table-logo\">\n      <img\n        alt=\"Logo EM Foco\"\n        decoding=\"async\"\n        height=\"41\"\n        loading=\"lazy\"\n        referrerpolicy=\"no-referrer\"\n        src=\"https:\/\/www.em.com.br\/emfoco\/wp-content\/uploads\/2026\/08\/em_transparente_3000px-scaled.png\"\n        width=\"41\"\n      >\n    <\/div>\n\n    <div>\n      <div class=\"emf-data-table-kicker\">DADOS EM FOCO<\/div>\n      <div class=\"emf-data-table-title\">Os dois esquis de Digervarden<\/div>\n    <\/div>\n  <\/div>\n\n  <div aria-label=\"Tabela comparando o primeiro e o segundo esqui encontrados em Digervarden\" class=\"emf-data-table-scroll\" role=\"region\" tabindex=\"0\">\n    <table>\n      <caption>Resumo das diferen\u00e7as e semelhan\u00e7as entre os dois esquis arqueol\u00f3gicos<\/caption>\n      <thead>\n        <tr>\n          <th scope=\"col\">Caracter\u00edstica<\/th>\n          <th scope=\"col\">Primeiro esqui<\/th>\n          <th scope=\"col\">Segundo esqui<\/th>\n        <\/tr>\n      <\/thead>\n      <tbody>\n        <tr>\n          <td data-label=\"Caracter\u00edstica\">Descoberta<\/td>\n          <td data-label=\"Primeiro esqui\">2014<\/td>\n          <td data-label=\"Segundo esqui\">2021<\/td>\n        <\/tr>\n        <tr>\n          <td data-label=\"Caracter\u00edstica\">Comprimento<\/td>\n          <td data-label=\"Primeiro esqui\">Cerca de 1,70 metro<\/td>\n          <td data-label=\"Segundo esqui\">1,87 metro<\/td>\n        <\/tr>\n        <tr>\n          <td data-label=\"Caracter\u00edstica\">Amarra\u00e7\u00e3o<\/td>\n          <td data-label=\"Primeiro esqui\">B\u00e9tula e couro preservados<\/td>\n          <td data-label=\"Segundo esqui\">Tr\u00eas fibras de b\u00e9tula, couro e pino<\/td>\n        <\/tr>\n      <\/tbody>\n    <\/table>\n  <\/div>\n<\/div>\n\n\n\n<h2 class=\"wp-block-heading\">Quem perdeu esses esquis no alto da montanha?<\/h2>\n\n\n\n<p class=\"wp-block-paragraph\">Essa pergunta continua sem resposta. O local cont\u00e9m vest\u00edgios ligados \u00e0 ca\u00e7a de renas, mas a equipe tamb\u00e9m identificou montes de pedras que podem marcar uma antiga rota de montanha. O dono poderia ser <strong>ca\u00e7ador, viajante ou ambos<\/strong>, e nenhuma dessas possibilidades foi comprovada at\u00e9 agora.<\/p>\n\n\n\n<p class=\"wp-block-paragraph\">O que se sabe \u00e9 que os dois esquis foram usados juntos e terminaram no gelo h\u00e1 cerca de 1.300 anos. O reencontro, separado por <strong>sete anos e apenas cinco metros<\/strong>, mostra por que \u00e1reas congeladas s\u00e3o acompanhadas continuamente: quando o gelo recua, uma pe\u00e7a perdida pode reaparecer e completar uma hist\u00f3ria que parecia incompleta.<\/p>\n","protected":false},"excerpt":{"rendered":"<p>EM FOCO Resumo da mat\u00e9ria 01 Primeiro surgiu em 2014 O primeiro esqui apareceu no gelo com parte da amarra\u00e7\u00e3o preservada, algo extremamente raro em pe\u00e7as pr\u00e9-hist\u00f3ricas desse tipo. primeiro achado 02 Segundo veio sete anos depois Em 2021, imagens de sat\u00e9lite mostraram maior recuo do gelo e uma nova busca encontrou o outro esqui [&hellip;]<\/p>\n","protected":false},"author":30,"featured_media":262238,"comment_status":"open","ping_status":"open","sticky":false,"template":"","format":"standard","meta":{"jnews-multi-image_gallery":[],"jnews_single_post":{"format":"standard"},"jnews_primary_category":[],"jnews_social_meta":[],"jnews_override_counter":[],"footnotes":""},"categories":[29],"tags":[675,9861,6564,4609],"class_list":["post-262167","post","type-post","status-publish","format-standard","has-post-thumbnail","hentry","category-entretenimento","tag-arqueologia","tag-esqui","tag-gelo","tag-noruega"],"yoast_head":"<!-- This site is optimized with the Yoast SEO plugin v28.3 - https:\/\/yoast.com\/product\/yoast-seo-wordpress\/ -->\n<title>Um esqui de 1.300 anos apareceu no gelo e seu par foi encontrado a apenas cinco metros de dist\u00e2ncia sete anos depois - Estado de Minas - Em foco<\/title>\n<meta name=\"description\" content=\"Um esqui apareceu em 2014. Sete anos depois, outra pe\u00e7a surgiu a s\u00f3 cinco metros e completou um raro conjunto preservado no gelo.\" \/>\n<meta name=\"robots\" content=\"index, follow, max-snippet:-1, max-image-preview:large, max-video-preview:-1\" \/>\n<link rel=\"canonical\" href=\"https:\/\/www.em.com.br\/emfoco\/2026\/09\/04\/um-esqui-de-1-300-anos-apareceu-no-gelo-e-seu-par-foi-encontrado-a-apenas-cinco-metros-de-distancia-sete-anos-depois\/\" \/>\n<meta property=\"og:locale\" content=\"pt_BR\" \/>\n<meta property=\"og:type\" content=\"article\" \/>\n<meta property=\"og:title\" content=\"Um esqui de 1.300 anos apareceu no gelo e seu par foi encontrado a apenas cinco metros de dist\u00e2ncia sete anos depois - Estado de Minas - Em foco\" \/>\n<meta property=\"og:description\" content=\"Um esqui apareceu em 2014. Sete anos depois, outra pe\u00e7a surgiu a s\u00f3 cinco metros e completou um raro conjunto preservado no gelo.\" \/>\n<meta property=\"og:url\" content=\"https:\/\/www.em.com.br\/emfoco\/2026\/09\/04\/um-esqui-de-1-300-anos-apareceu-no-gelo-e-seu-par-foi-encontrado-a-apenas-cinco-metros-de-distancia-sete-anos-depois\/\" \/>\n<meta property=\"og:site_name\" content=\"Estado de Minas - Em foco\" \/>\n<meta property=\"article:published_time\" content=\"2026-09-04T21:49:25+00:00\" \/>\n<meta property=\"og:image\" content=\"https:\/\/www.em.com.br\/emfoco\/wp-content\/uploads\/2026\/09\/peo2.jpg\" \/>\n\t<meta property=\"og:image:width\" content=\"1280\" \/>\n\t<meta property=\"og:image:height\" content=\"720\" \/>\n\t<meta property=\"og:image:type\" content=\"image\/jpeg\" \/>\n<meta name=\"author\" content=\"Guilherme Ara\u00fajo\" \/>\n<meta name=\"twitter:card\" content=\"summary_large_image\" \/>\n<meta name=\"twitter:label1\" content=\"Escrito por\" \/>\n\t<meta name=\"twitter:data1\" content=\"Guilherme Ara\u00fajo\" \/>\n\t<meta name=\"twitter:label2\" content=\"Est. tempo de leitura\" \/>\n\t<meta name=\"twitter:data2\" content=\"6 minutos\" \/>\n<!-- \/ Yoast SEO plugin. -->","yoast_head_json":{"title":"Um esqui de 1.300 anos apareceu no gelo e seu par foi encontrado a apenas cinco metros de dist\u00e2ncia sete anos depois - Estado de Minas - Em foco","description":"Um esqui apareceu em 2014. Sete anos depois, outra pe\u00e7a surgiu a s\u00f3 cinco metros e completou um raro conjunto preservado no gelo.","robots":{"index":"index","follow":"follow","max-snippet":"max-snippet:-1","max-image-preview":"max-image-preview:large","max-video-preview":"max-video-preview:-1"},"canonical":"https:\/\/www.em.com.br\/emfoco\/2026\/09\/04\/um-esqui-de-1-300-anos-apareceu-no-gelo-e-seu-par-foi-encontrado-a-apenas-cinco-metros-de-distancia-sete-anos-depois\/","og_locale":"pt_BR","og_type":"article","og_title":"Um esqui de 1.300 anos apareceu no gelo e seu par foi encontrado a apenas cinco metros de dist\u00e2ncia sete anos depois - Estado de Minas - Em foco","og_description":"Um esqui apareceu em 2014. Sete anos depois, outra pe\u00e7a surgiu a s\u00f3 cinco metros e completou um raro conjunto preservado no gelo.","og_url":"https:\/\/www.em.com.br\/emfoco\/2026\/09\/04\/um-esqui-de-1-300-anos-apareceu-no-gelo-e-seu-par-foi-encontrado-a-apenas-cinco-metros-de-distancia-sete-anos-depois\/","og_site_name":"Estado de Minas - Em foco","article_published_time":"2026-09-04T21:49:25+00:00","og_image":[{"width":1280,"height":720,"url":"https:\/\/www.em.com.br\/emfoco\/wp-content\/uploads\/2026\/09\/peo2.jpg","type":"image\/jpeg"}],"author":"Guilherme Ara\u00fajo","twitter_card":"summary_large_image","twitter_misc":{"Escrito por":"Guilherme Ara\u00fajo","Est. tempo de leitura":"6 minutos"},"schema":{"@context":"https:\/\/schema.org","@graph":[{"@type":"Article","@id":"https:\/\/www.em.com.br\/emfoco\/2026\/09\/04\/um-esqui-de-1-300-anos-apareceu-no-gelo-e-seu-par-foi-encontrado-a-apenas-cinco-metros-de-distancia-sete-anos-depois\/#article","isPartOf":{"@id":"https:\/\/www.em.com.br\/emfoco\/2026\/09\/04\/um-esqui-de-1-300-anos-apareceu-no-gelo-e-seu-par-foi-encontrado-a-apenas-cinco-metros-de-distancia-sete-anos-depois\/"},"author":{"name":"Guilherme Ara\u00fajo","@id":"https:\/\/www.em.com.br\/emfoco\/#\/schema\/person\/5379e929a4b966c775d121e23f9bb421"},"headline":"Um esqui de 1.300 anos apareceu no gelo e seu par foi encontrado a apenas cinco metros de dist\u00e2ncia sete anos depois","datePublished":"2026-09-04T21:49:25+00:00","mainEntityOfPage":{"@id":"https:\/\/www.em.com.br\/emfoco\/2026\/09\/04\/um-esqui-de-1-300-anos-apareceu-no-gelo-e-seu-par-foi-encontrado-a-apenas-cinco-metros-de-distancia-sete-anos-depois\/"},"wordCount":924,"commentCount":0,"image":{"@id":"https:\/\/www.em.com.br\/emfoco\/2026\/09\/04\/um-esqui-de-1-300-anos-apareceu-no-gelo-e-seu-par-foi-encontrado-a-apenas-cinco-metros-de-distancia-sete-anos-depois\/#primaryimage"},"thumbnailUrl":"https:\/\/www.em.com.br\/emfoco\/wp-content\/uploads\/2026\/09\/peo2.jpg","keywords":["arqueologia","Esqui","gelo","Noruega"],"articleSection":["Entretenimento"],"inLanguage":"pt-BR","potentialAction":[{"@type":"CommentAction","name":"Comment","target":["https:\/\/www.em.com.br\/emfoco\/2026\/09\/04\/um-esqui-de-1-300-anos-apareceu-no-gelo-e-seu-par-foi-encontrado-a-apenas-cinco-metros-de-distancia-sete-anos-depois\/#respond"]}]},{"@type":"WebPage","@id":"https:\/\/www.em.com.br\/emfoco\/2026\/09\/04\/um-esqui-de-1-300-anos-apareceu-no-gelo-e-seu-par-foi-encontrado-a-apenas-cinco-metros-de-distancia-sete-anos-depois\/","url":"https:\/\/www.em.com.br\/emfoco\/2026\/09\/04\/um-esqui-de-1-300-anos-apareceu-no-gelo-e-seu-par-foi-encontrado-a-apenas-cinco-metros-de-distancia-sete-anos-depois\/","name":"Um esqui de 1.300 anos apareceu no gelo e seu par foi encontrado a apenas cinco metros de dist\u00e2ncia sete anos depois - Estado de Minas - Em foco","isPartOf":{"@id":"https:\/\/www.em.com.br\/emfoco\/#website"},"primaryImageOfPage":{"@id":"https:\/\/www.em.com.br\/emfoco\/2026\/09\/04\/um-esqui-de-1-300-anos-apareceu-no-gelo-e-seu-par-foi-encontrado-a-apenas-cinco-metros-de-distancia-sete-anos-depois\/#primaryimage"},"image":{"@id":"https:\/\/www.em.com.br\/emfoco\/2026\/09\/04\/um-esqui-de-1-300-anos-apareceu-no-gelo-e-seu-par-foi-encontrado-a-apenas-cinco-metros-de-distancia-sete-anos-depois\/#primaryimage"},"thumbnailUrl":"https:\/\/www.em.com.br\/emfoco\/wp-content\/uploads\/2026\/09\/peo2.jpg","datePublished":"2026-09-04T21:49:25+00:00","author":{"@id":"https:\/\/www.em.com.br\/emfoco\/#\/schema\/person\/5379e929a4b966c775d121e23f9bb421"},"description":"Um esqui apareceu em 2014. Sete anos depois, outra pe\u00e7a surgiu a s\u00f3 cinco metros e completou um raro conjunto preservado no gelo.","breadcrumb":{"@id":"https:\/\/www.em.com.br\/emfoco\/2026\/09\/04\/um-esqui-de-1-300-anos-apareceu-no-gelo-e-seu-par-foi-encontrado-a-apenas-cinco-metros-de-distancia-sete-anos-depois\/#breadcrumb"},"inLanguage":"pt-BR","potentialAction":[{"@type":"ReadAction","target":["https:\/\/www.em.com.br\/emfoco\/2026\/09\/04\/um-esqui-de-1-300-anos-apareceu-no-gelo-e-seu-par-foi-encontrado-a-apenas-cinco-metros-de-distancia-sete-anos-depois\/"]}]},{"@type":"ImageObject","inLanguage":"pt-BR","@id":"https:\/\/www.em.com.br\/emfoco\/2026\/09\/04\/um-esqui-de-1-300-anos-apareceu-no-gelo-e-seu-par-foi-encontrado-a-apenas-cinco-metros-de-distancia-sete-anos-depois\/#primaryimage","url":"https:\/\/www.em.com.br\/emfoco\/wp-content\/uploads\/2026\/09\/peo2.jpg","contentUrl":"https:\/\/www.em.com.br\/emfoco\/wp-content\/uploads\/2026\/09\/peo2.jpg","width":1280,"height":720,"caption":"O derretimento do gelo revelou em momentos diferentes duas pe\u00e7as que permaneceram pr\u00f3ximas por s\u00e9culos"},{"@type":"BreadcrumbList","@id":"https:\/\/www.em.com.br\/emfoco\/2026\/09\/04\/um-esqui-de-1-300-anos-apareceu-no-gelo-e-seu-par-foi-encontrado-a-apenas-cinco-metros-de-distancia-sete-anos-depois\/#breadcrumb","itemListElement":[{"@type":"ListItem","position":1,"name":"In\u00edcio","item":"https:\/\/www.em.com.br\/emfoco\/"},{"@type":"ListItem","position":2,"name":"Um esqui de 1.300 anos apareceu no gelo e seu par foi encontrado a apenas cinco metros de dist\u00e2ncia sete anos depois"}]},{"@type":"WebSite","@id":"https:\/\/www.em.com.br\/emfoco\/#website","url":"https:\/\/www.em.com.br\/emfoco\/","name":"Estado de Minas - Em foco","description":"Acompanhe as \u00faltimas not\u00edcias e fique bem informado sobre tudo o que acontece em Minas Gerais, Brasil e no mundo.","potentialAction":[{"@type":"SearchAction","target":{"@type":"EntryPoint","urlTemplate":"https:\/\/www.em.com.br\/emfoco\/?s={search_term_string}"},"query-input":{"@type":"PropertyValueSpecification","valueRequired":true,"valueName":"search_term_string"}}],"inLanguage":"pt-BR"},{"@type":"Person","@id":"https:\/\/www.em.com.br\/emfoco\/#\/schema\/person\/5379e929a4b966c775d121e23f9bb421","name":"Guilherme Ara\u00fajo","image":{"@type":"ImageObject","inLanguage":"pt-BR","@id":"https:\/\/secure.gravatar.com\/avatar\/063bc96e5a2afd1844386c45bd1360efc771eff011a9fab8cd399e2a104c3ecd?s=96&d=mm&r=g","url":"https:\/\/secure.gravatar.com\/avatar\/063bc96e5a2afd1844386c45bd1360efc771eff011a9fab8cd399e2a104c3ecd?s=96&d=mm&r=g","contentUrl":"https:\/\/secure.gravatar.com\/avatar\/063bc96e5a2afd1844386c45bd1360efc771eff011a9fab8cd399e2a104c3ecd?s=96&d=mm&r=g","caption":"Guilherme Ara\u00fajo"},"sameAs":["https:\/\/www.em.com.br\/emfoco"],"url":"https:\/\/www.em.com.br\/emfoco\/author\/guilhermeamyth\/"}]}},"_links":{"self":[{"href":"https:\/\/www.em.com.br\/emfoco\/wp-json\/wp\/v2\/posts\/262167","targetHints":{"allow":["GET"]}}],"collection":[{"href":"https:\/\/www.em.com.br\/emfoco\/wp-json\/wp\/v2\/posts"}],"about":[{"href":"https:\/\/www.em.com.br\/emfoco\/wp-json\/wp\/v2\/types\/post"}],"author":[{"embeddable":true,"href":"https:\/\/www.em.com.br\/emfoco\/wp-json\/wp\/v2\/users\/30"}],"replies":[{"embeddable":true,"href":"https:\/\/www.em.com.br\/emfoco\/wp-json\/wp\/v2\/comments?post=262167"}],"version-history":[{"count":3,"href":"https:\/\/www.em.com.br\/emfoco\/wp-json\/wp\/v2\/posts\/262167\/revisions"}],"predecessor-version":[{"id":262268,"href":"https:\/\/www.em.com.br\/emfoco\/wp-json\/wp\/v2\/posts\/262167\/revisions\/262268"}],"wp:featuredmedia":[{"embeddable":true,"href":"https:\/\/www.em.com.br\/emfoco\/wp-json\/wp\/v2\/media\/262238"}],"wp:attachment":[{"href":"https:\/\/www.em.com.br\/emfoco\/wp-json\/wp\/v2\/media?parent=262167"}],"wp:term":[{"taxonomy":"category","embeddable":true,"href":"https:\/\/www.em.com.br\/emfoco\/wp-json\/wp\/v2\/categories?post=262167"},{"taxonomy":"post_tag","embeddable":true,"href":"https:\/\/www.em.com.br\/emfoco\/wp-json\/wp\/v2\/tags?post=262167"}],"curies":[{"name":"wp","href":"https:\/\/api.w.org\/{rel}","templated":true}]}}