{"id":26214,"date":"2025-03-08T16:00:36","date_gmt":"2025-03-08T19:00:36","guid":{"rendered":"https:\/\/www.em.com.br\/emfoco\/?p=26214"},"modified":"2025-03-07T11:24:47","modified_gmt":"2025-03-07T14:24:47","slug":"honor-vai-mudar-a-forma-de-compartilhar-dados-entre-android-e-ios","status":"publish","type":"post","link":"https:\/\/www.em.com.br\/emfoco\/2025\/03\/08\/honor-vai-mudar-a-forma-de-compartilhar-dados-entre-android-e-ios\/","title":{"rendered":"Honor vai mudar a forma de compartilhar dados entre Android e iOS"},"content":{"rendered":"\n<p>A empresa <strong>chinesa Honor <\/strong>est\u00e1 prestes a transformar a forma como os usu\u00e1rios compartilham dados entre dispositivos <strong>Android e iOS<\/strong>. Durante a edi\u00e7\u00e3o de 2025 do <strong>Mobile World Congress (MWC) em Barcelona<\/strong>, a marca revelar\u00e1 uma solu\u00e7\u00e3o inovadora que promete facilitar a transfer\u00eancia de informa\u00e7\u00f5es entre os dois sistemas operacionais. Esta iniciativa \u00e9 parte do esfor\u00e7o cont\u00ednuo da Honor para criar um ecossistema de dispositivos interconectados e inteligentes.<\/p>\n\n\n\n<p>Com apenas <strong>teasers <\/strong>divulgados at\u00e9 o momento, a expectativa \u00e9 alta para o an\u00fancio oficial. A nova ferramenta de conectividade transversal visa eliminar a necessidade de aplicativos de terceiros para a transfer\u00eancia de arquivos entre Android e iOS, uma dificuldade comum enfrentada por muitos usu\u00e1rios. A Honor est\u00e1 <strong>determinada a aprimorar a experi\u00eancia do usu\u00e1rio<\/strong>, simplificando tarefas cotidianas e promovendo uma integra\u00e7\u00e3o mais fluida entre diferentes plataformas.<\/p>\n\n\n\n<h2 class=\"wp-block-heading\">Como a nova solu\u00e7\u00e3o de conectividade funciona?<\/h2>\n\n\n\n<p>Embora a <a href=\"https:\/\/www.honor.com\/br\/\" target=\"_blank\" rel=\"noreferrer noopener\">Honor <\/a><strong>ainda n\u00e3o tenha fornecido detalhes t\u00e9cnicos completos<\/strong>, a promessa \u00e9 de que a nova solu\u00e7\u00e3o permitir\u00e1 o compartilhamento de dados, arquivos e at\u00e9 a gest\u00e3o de notifica\u00e7\u00f5es entre dispositivos Android e iOS. Esta inova\u00e7\u00e3o pode representar um avan\u00e7o significativo para usu\u00e1rios que possuem dispositivos de ambas as plataformas, oferecendo uma experi\u00eancia mais integrada e eficiente.<\/p>\n\n\n\n<p>Atualmente, muitos usu\u00e1rios recorrem a aplicativos de terceiros para realizar transfer\u00eancias entre Android e iOS, o que pode ser um processo complicado e demorado. Com a solu\u00e7\u00e3o da Honor, espera-se que essa barreira seja eliminada, pelo menos para os propriet\u00e1rios de celulares da marca, facilitando a vida de quem precisa gerenciar dados em diferentes sistemas operacionais.<\/p>\n\n\n\n<blockquote class=\"twitter-tweet\"><p lang=\"en\" dir=\"ltr\">We believe in connecting everyone &#8211; which is why the first all-ecosystem exchange lets you share files seamlessly across devices with anyone&#8230; well, almost everyone.<br>Hey Sam, just let us know if you change your mind \ud83d\udc40<a href=\"https:\/\/twitter.com\/hashtag\/HONORALPHA?src=hash&amp;ref_src=twsrc%5Etfw\">#HONORALPHA<\/a> <a href=\"https:\/\/twitter.com\/hashtag\/HONORMWC2025?src=hash&amp;ref_src=twsrc%5Etfw\">#HONORMWC2025<\/a> <a href=\"https:\/\/twitter.com\/hashtag\/HONORAI?src=hash&amp;ref_src=twsrc%5Etfw\">#HONORAI<\/a> <a href=\"https:\/\/t.co\/qM5VbmNKL2\">pic.twitter.com\/qM5VbmNKL2<\/a><\/p>&mdash; HONOR (@Honorglobal) <a href=\"https:\/\/twitter.com\/Honorglobal\/status\/1894311378938466570?ref_src=twsrc%5Etfw\">February 25, 2025<\/a><\/blockquote> <script async src=\"https:\/\/platform.twitter.com\/widgets.js\" charset=\"utf-8\"><\/script>\n\n\n\n<h2 class=\"wp-block-heading\">O que esperar da Honor no MWC 2025?<\/h2>\n\n\n\n<p>Al\u00e9m da nova solu\u00e7\u00e3o de conectividade, a Honor trar\u00e1 outras inova\u00e7\u00f5es para o<strong> MWC 2025<\/strong>. Um dos destaques ser\u00e1 o detector de <a href=\"https:\/\/www.em.com.br\/emfoco\/2025\/02\/27\/o-impacto-dos-deepfakes-um-mergulho-no-abismo-da-desinformacao-impulsionada-pela-ia\/\" target=\"_blank\" rel=\"noreferrer noopener\">deepfake <\/a>por intelig\u00eancia artificial, previsto para ser lan\u00e7ado em abril. Esta tecnologia ser\u00e1 capaz de analisar fotos e v\u00eddeos, identificando elementos manipulados e ajudando a proteger os usu\u00e1rios contra conte\u00fados falsos.<\/p>\n\n\n\n<p>A presen\u00e7a da Honor no MWC 2025 refor\u00e7a seu compromisso com a inova\u00e7\u00e3o e a expans\u00e3o global. Recentemente, a empresa anunciou sua entrada oficial no mercado brasileiro, trazendo produtos como os celulares<strong> Honor Magic 7 Pro e Honor Magic V3<\/strong>. Com lan\u00e7amentos simult\u00e2neos e assist\u00eancia t\u00e9cnica local, a Honor busca conquistar uma fatia significativa do mercado de smartphones no Brasil.<\/p>\n\n\n\n<h2 class=\"wp-block-heading\">Quais s\u00e3o os pr\u00f3ximos passos para a Honor?<\/h2>\n\n\n\n<p>Com a introdu\u00e7\u00e3o de novas tecnologias e a expans\u00e3o para novos mercados, a Honor est\u00e1 posicionada para se tornar uma das principais for\u00e7as no setor de tecnologia m\u00f3vel. A conectividade entre Android e iOS \u00e9 apenas o come\u00e7o de uma s\u00e9rie de inova\u00e7\u00f5es que a empresa planeja lan\u00e7ar nos pr\u00f3ximos anos.<\/p>\n\n\n\n<p>O compromisso da Honor com a cria\u00e7\u00e3o de um ecossistema interconectado e inteligente demonstra sua vis\u00e3o de futuro, onde a tecnologia n\u00e3o apenas facilita a vida dos usu\u00e1rios, mas tamb\u00e9m promove uma integra\u00e7\u00e3o mais harmoniosa entre diferentes dispositivos e plataformas. \u00c0 medida que a empresa continua a inovar, os consumidores podem esperar por solu\u00e7\u00f5es cada vez mais avan\u00e7adas e acess\u00edveis.<\/p>\n","protected":false},"excerpt":{"rendered":"<p>A empresa chinesa Honor est\u00e1 prestes a transformar a forma como os usu\u00e1rios compartilham dados entre dispositivos Android e iOS. Durante a edi\u00e7\u00e3o de 2025 do Mobile World Congress (MWC) em Barcelona, a marca revelar\u00e1 uma solu\u00e7\u00e3o inovadora que promete facilitar a transfer\u00eancia de informa\u00e7\u00f5es entre os dois sistemas operacionais. Esta iniciativa \u00e9 parte do [&hellip;]<\/p>\n","protected":false},"author":9,"featured_media":26311,"comment_status":"open","ping_status":"open","sticky":false,"template":"","format":"standard","meta":{"jnews-multi-image_gallery":[],"jnews_single_post":{"format":"standard"},"jnews_primary_category":[],"jnews_social_meta":[],"jnews_override_counter":[],"footnotes":""},"categories":[1,4204],"tags":[2951,328,4463,3857],"class_list":["post-26214","post","type-post","status-publish","format-standard","has-post-thumbnail","hentry","category-noticias","category-tecnologia","tag-android","tag-conectividade","tag-honor","tag-ios"],"yoast_head":"<!-- This site is optimized with the Yoast SEO plugin v23.8 - https:\/\/yoast.com\/wordpress\/plugins\/seo\/ -->\n<title>Honor vai mudar a forma de compartilhar dados entre Android e iOS<\/title>\n<meta name=\"description\" content=\"Nova solu\u00e7\u00e3o da Honor promete facilitar a transfer\u00eancia de dados entre Android e iOS sem apps de terceiros.\" \/>\n<meta name=\"robots\" content=\"index, follow, max-snippet:-1, max-image-preview:large, max-video-preview:-1\" \/>\n<link rel=\"canonical\" href=\"https:\/\/www.em.com.br\/emfoco\/2025\/03\/08\/honor-vai-mudar-a-forma-de-compartilhar-dados-entre-android-e-ios\/\" \/>\n<meta property=\"og:locale\" content=\"pt_BR\" \/>\n<meta property=\"og:type\" content=\"article\" \/>\n<meta property=\"og:title\" content=\"Honor vai mudar a forma de compartilhar dados entre Android e iOS\" \/>\n<meta property=\"og:description\" content=\"Nova solu\u00e7\u00e3o da Honor promete facilitar a transfer\u00eancia de dados entre Android e iOS sem apps de terceiros.\" \/>\n<meta property=\"og:url\" content=\"https:\/\/www.em.com.br\/emfoco\/2025\/03\/08\/honor-vai-mudar-a-forma-de-compartilhar-dados-entre-android-e-ios\/\" \/>\n<meta property=\"og:site_name\" content=\"Estado de Minas - Em foco\" \/>\n<meta property=\"article:published_time\" content=\"2025-03-08T19:00:36+00:00\" \/>\n<meta property=\"article:modified_time\" content=\"2025-03-07T14:24:47+00:00\" \/>\n<meta property=\"og:image\" content=\"https:\/\/www.em.com.br\/emfoco\/wp-content\/uploads\/2025\/03\/android-e-apple_1741357213453.jpg\" \/>\n\t<meta property=\"og:image:width\" content=\"1280\" \/>\n\t<meta property=\"og:image:height\" content=\"720\" \/>\n\t<meta property=\"og:image:type\" content=\"image\/jpeg\" \/>\n<meta name=\"author\" content=\"Daniely Cardoso\" \/>\n<meta name=\"twitter:card\" content=\"summary_large_image\" \/>\n<meta name=\"twitter:label1\" content=\"Escrito por\" \/>\n\t<meta name=\"twitter:data1\" content=\"Daniely Cardoso\" \/>\n\t<meta name=\"twitter:label2\" content=\"Est. tempo de leitura\" \/>\n\t<meta name=\"twitter:data2\" content=\"3 minutos\" \/>\n<!-- \/ Yoast SEO plugin. -->","yoast_head_json":{"title":"Honor vai mudar a forma de compartilhar dados entre Android e iOS","description":"Nova solu\u00e7\u00e3o da Honor promete facilitar a transfer\u00eancia de dados entre Android e iOS sem apps de terceiros.","robots":{"index":"index","follow":"follow","max-snippet":"max-snippet:-1","max-image-preview":"max-image-preview:large","max-video-preview":"max-video-preview:-1"},"canonical":"https:\/\/www.em.com.br\/emfoco\/2025\/03\/08\/honor-vai-mudar-a-forma-de-compartilhar-dados-entre-android-e-ios\/","og_locale":"pt_BR","og_type":"article","og_title":"Honor vai mudar a forma de compartilhar dados entre Android e iOS","og_description":"Nova solu\u00e7\u00e3o da Honor promete facilitar a transfer\u00eancia de dados entre Android e iOS sem apps de terceiros.","og_url":"https:\/\/www.em.com.br\/emfoco\/2025\/03\/08\/honor-vai-mudar-a-forma-de-compartilhar-dados-entre-android-e-ios\/","og_site_name":"Estado de Minas - Em foco","article_published_time":"2025-03-08T19:00:36+00:00","article_modified_time":"2025-03-07T14:24:47+00:00","og_image":[{"width":1280,"height":720,"url":"https:\/\/www.em.com.br\/emfoco\/wp-content\/uploads\/2025\/03\/android-e-apple_1741357213453.jpg","type":"image\/jpeg"}],"author":"Daniely Cardoso","twitter_card":"summary_large_image","twitter_misc":{"Escrito por":"Daniely Cardoso","Est. tempo de leitura":"3 minutos"},"schema":{"@context":"https:\/\/schema.org","@graph":[{"@type":"WebPage","@id":"https:\/\/www.em.com.br\/emfoco\/2025\/03\/08\/honor-vai-mudar-a-forma-de-compartilhar-dados-entre-android-e-ios\/","url":"https:\/\/www.em.com.br\/emfoco\/2025\/03\/08\/honor-vai-mudar-a-forma-de-compartilhar-dados-entre-android-e-ios\/","name":"Honor vai mudar a forma de compartilhar dados entre Android e iOS","isPartOf":{"@id":"https:\/\/www.em.com.br\/emfoco\/#website"},"primaryImageOfPage":{"@id":"https:\/\/www.em.com.br\/emfoco\/2025\/03\/08\/honor-vai-mudar-a-forma-de-compartilhar-dados-entre-android-e-ios\/#primaryimage"},"image":{"@id":"https:\/\/www.em.com.br\/emfoco\/2025\/03\/08\/honor-vai-mudar-a-forma-de-compartilhar-dados-entre-android-e-ios\/#primaryimage"},"thumbnailUrl":"https:\/\/www.em.com.br\/emfoco\/wp-content\/uploads\/2025\/03\/android-e-apple_1741357213453.jpg","datePublished":"2025-03-08T19:00:36+00:00","dateModified":"2025-03-07T14:24:47+00:00","author":{"@id":"https:\/\/www.em.com.br\/emfoco\/#\/schema\/person\/0a8186d72f2c3a5c6276d90b41f271a0"},"description":"Nova solu\u00e7\u00e3o da Honor promete facilitar a transfer\u00eancia de dados entre Android e iOS sem apps de terceiros.","breadcrumb":{"@id":"https:\/\/www.em.com.br\/emfoco\/2025\/03\/08\/honor-vai-mudar-a-forma-de-compartilhar-dados-entre-android-e-ios\/#breadcrumb"},"inLanguage":"pt-BR","potentialAction":[{"@type":"ReadAction","target":["https:\/\/www.em.com.br\/emfoco\/2025\/03\/08\/honor-vai-mudar-a-forma-de-compartilhar-dados-entre-android-e-ios\/"]}]},{"@type":"ImageObject","inLanguage":"pt-BR","@id":"https:\/\/www.em.com.br\/emfoco\/2025\/03\/08\/honor-vai-mudar-a-forma-de-compartilhar-dados-entre-android-e-ios\/#primaryimage","url":"https:\/\/www.em.com.br\/emfoco\/wp-content\/uploads\/2025\/03\/android-e-apple_1741357213453.jpg","contentUrl":"https:\/\/www.em.com.br\/emfoco\/wp-content\/uploads\/2025\/03\/android-e-apple_1741357213453.jpg","width":1280,"height":720,"caption":"Android e Apple - Cr\u00e9ditos: depositphotos.com \/ lucidwaters"},{"@type":"BreadcrumbList","@id":"https:\/\/www.em.com.br\/emfoco\/2025\/03\/08\/honor-vai-mudar-a-forma-de-compartilhar-dados-entre-android-e-ios\/#breadcrumb","itemListElement":[{"@type":"ListItem","position":1,"name":"In\u00edcio","item":"https:\/\/www.em.com.br\/emfoco\/"},{"@type":"ListItem","position":2,"name":"Honor vai mudar a forma de compartilhar dados entre Android e iOS"}]},{"@type":"WebSite","@id":"https:\/\/www.em.com.br\/emfoco\/#website","url":"https:\/\/www.em.com.br\/emfoco\/","name":"Estado de Minas - Em foco","description":"Acompanhe as \u00faltimas not\u00edcias e fique bem informado sobre tudo o que acontece em Minas Gerais, Brasil e no mundo.","potentialAction":[{"@type":"SearchAction","target":{"@type":"EntryPoint","urlTemplate":"https:\/\/www.em.com.br\/emfoco\/?s={search_term_string}"},"query-input":{"@type":"PropertyValueSpecification","valueRequired":true,"valueName":"search_term_string"}}],"inLanguage":"pt-BR"},{"@type":"Person","@id":"https:\/\/www.em.com.br\/emfoco\/#\/schema\/person\/0a8186d72f2c3a5c6276d90b41f271a0","name":"Daniely Cardoso","image":{"@type":"ImageObject","inLanguage":"pt-BR","@id":"https:\/\/www.em.com.br\/emfoco\/#\/schema\/person\/image\/","url":"https:\/\/secure.gravatar.com\/avatar\/4b80ddbd124d1f071b626d52d62e5dff?s=96&d=mm&r=g","contentUrl":"https:\/\/secure.gravatar.com\/avatar\/4b80ddbd124d1f071b626d52d62e5dff?s=96&d=mm&r=g","caption":"Daniely Cardoso"},"url":"https:\/\/www.em.com.br\/emfoco\/author\/danielymyth\/"}]}},"_links":{"self":[{"href":"https:\/\/www.em.com.br\/emfoco\/wp-json\/wp\/v2\/posts\/26214","targetHints":{"allow":["GET"]}}],"collection":[{"href":"https:\/\/www.em.com.br\/emfoco\/wp-json\/wp\/v2\/posts"}],"about":[{"href":"https:\/\/www.em.com.br\/emfoco\/wp-json\/wp\/v2\/types\/post"}],"author":[{"embeddable":true,"href":"https:\/\/www.em.com.br\/emfoco\/wp-json\/wp\/v2\/users\/9"}],"replies":[{"embeddable":true,"href":"https:\/\/www.em.com.br\/emfoco\/wp-json\/wp\/v2\/comments?post=26214"}],"version-history":[{"count":2,"href":"https:\/\/www.em.com.br\/emfoco\/wp-json\/wp\/v2\/posts\/26214\/revisions"}],"predecessor-version":[{"id":26312,"href":"https:\/\/www.em.com.br\/emfoco\/wp-json\/wp\/v2\/posts\/26214\/revisions\/26312"}],"wp:featuredmedia":[{"embeddable":true,"href":"https:\/\/www.em.com.br\/emfoco\/wp-json\/wp\/v2\/media\/26311"}],"wp:attachment":[{"href":"https:\/\/www.em.com.br\/emfoco\/wp-json\/wp\/v2\/media?parent=26214"}],"wp:term":[{"taxonomy":"category","embeddable":true,"href":"https:\/\/www.em.com.br\/emfoco\/wp-json\/wp\/v2\/categories?post=26214"},{"taxonomy":"post_tag","embeddable":true,"href":"https:\/\/www.em.com.br\/emfoco\/wp-json\/wp\/v2\/tags?post=26214"}],"curies":[{"name":"wp","href":"https:\/\/api.w.org\/{rel}","templated":true}]}}