{"id":262091,"date":"2026-09-03T20:37:00","date_gmt":"2026-09-03T23:37:00","guid":{"rendered":"https:\/\/www.em.com.br\/emfoco\/?p=262091"},"modified":"2026-09-02T21:28:03","modified_gmt":"2026-09-03T00:28:03","slug":"paredoes-de-30-metros-praias-com-mar-verde-esmeralda-que-aparecem-em-filmes-e-voo-direto-o-vilarejo-que-virou-o-novo-destino-mineiro-no-ceara","status":"publish","type":"post","link":"https:\/\/www.em.com.br\/emfoco\/2026\/09\/03\/paredoes-de-30-metros-praias-com-mar-verde-esmeralda-que-aparecem-em-filmes-e-voo-direto-o-vilarejo-que-virou-o-novo-destino-mineiro-no-ceara\/","title":{"rendered":"Pared\u00f5es de 30 metros, praias com mar verde-esmeralda que aparecem em filmes e voo direto: o vilarejo que virou o novo destino mineiro no Cear\u00e1"},"content":{"rendered":"\n<p class=\"wp-block-paragraph\">A 157 km de <strong>Fortaleza<\/strong>, no munic\u00edpio de <strong>Aracati<\/strong>, <strong>Canoa Quebrada<\/strong> re\u00fane fal\u00e9sias de areia avermelhada moldadas pelo vento e um mar verde-esmeralda que aparece em novelas e filmes h\u00e1 d\u00e9cadas. A partir de 8 de outubro de 2026, a vila passa a contar com voo direto saindo de <strong>Belo Horizonte<\/strong>, novidade que deve tornar o antigo vilarejo de pescadores ainda mais acess\u00edvel para o turista mineiro.<\/p>\n\n\n\n<h2 class=\"wp-block-heading\">Como as fal\u00e9sias vermelhas viraram cart\u00e3o-postal do Cear\u00e1<\/h2>\n\n\n\n<p class=\"wp-block-paragraph\">As fal\u00e9sias que cercam a praia chegam a at\u00e9 30 metros de altura e mudam de cor conforme a luz do dia, passando do laranja intenso ao vermelho escuro no fim da tarde. Segundo a <a href=\"https:\/\/www.semace.ce.gov.br\/2010\/12\/09\/area-de-protecao-ambiental-de-canoa-quebrada\/\" target=\"_blank\" rel=\"noreferrer noopener\"><strong>Superintend\u00eancia Estadual do Meio Ambiente (SEMACE)<\/strong><\/a>, toda a \u00e1rea est\u00e1 protegida por uma <strong>\u00c1rea de Prote\u00e7\u00e3o Ambiental (APA)<\/strong> criada em 1998, que ajuda a conservar dunas m\u00f3veis, manguezais e o carnaubal espalhado atr\u00e1s dos pared\u00f5es.<\/p>\n\n\n\n<p class=\"wp-block-paragraph\">Foi nessas forma\u00e7\u00f5es que o artes\u00e3o local <strong>Chico<\/strong> gravou o s\u00edmbolo da lua e da estrela nos anos 70, imagem que hoje est\u00e1 entre as mais fotografadas da vila. O desenho representa o encontro da lua crescente com o planeta V\u00eanus, fen\u00f4meno que costuma ocorrer em outubro no c\u00e9u cearense.<\/p>\n\n\n<div class=\"wp-block-image\">\n<figure class=\"aligncenter size-large\"><img decoding=\"async\" width=\"1024\" height=\"576\" src=\"https:\/\/www.em.com.br\/emfoco\/wp-content\/uploads\/2025\/12\/Canoa-Quebrada_1761382076778-1024x576.jpg\" alt=\"Uma lua e uma estrela esculpidas em pared\u00f5es de 30 metros: a vila de pescadores do Cear\u00e1 que cineastas franceses revelaram ao mundo\" class=\"wp-image-141590\" srcset=\"https:\/\/www.em.com.br\/emfoco\/wp-content\/uploads\/2025\/12\/Canoa-Quebrada_1761382076778-1024x576.jpg 1024w, https:\/\/www.em.com.br\/emfoco\/wp-content\/uploads\/2025\/12\/Canoa-Quebrada_1761382076778-300x169.jpg 300w, https:\/\/www.em.com.br\/emfoco\/wp-content\/uploads\/2025\/12\/Canoa-Quebrada_1761382076778-768x432.jpg 768w, https:\/\/www.em.com.br\/emfoco\/wp-content\/uploads\/2025\/12\/Canoa-Quebrada_1761382076778-750x422.jpg 750w, https:\/\/www.em.com.br\/emfoco\/wp-content\/uploads\/2025\/12\/Canoa-Quebrada_1761382076778-1140x641.jpg 1140w, https:\/\/www.em.com.br\/emfoco\/wp-content\/uploads\/2025\/12\/Canoa-Quebrada_1761382076778.jpg 1280w\" sizes=\"(max-width: 1024px) 100vw, 1024px\" \/><figcaption class=\"wp-element-caption\">Canoa Quebrada encanta com fal\u00e9sias vermelhas e ventos ideais para o kitesurf no Cear\u00e1 \/\/ Cr\u00e9ditos: depositphotos.com \/ phaelnogueira<\/figcaption><\/figure>\n<\/div>\n\n\n<p class=\"wp-block-paragraph\"><strong>Leia tamb\u00e9m: <a href=\"https:\/\/www.em.com.br\/emfoco\/2026\/04\/10\/com-mais-de-1-milhao-de-arvores-essa-cidade-no-brasil-conquista-o-posto-de-mais-arborizada-do-planeta\/\" target=\"_blank\" rel=\"noreferrer noopener\">Com mais de 1 milh\u00e3o de \u00e1rvores, essa cidade no Brasil conquista o posto de mais arborizada do planeta<\/a><\/strong><\/p>\n\n\n\n<h2 class=\"wp-block-heading\">O que vale a pena fazer em Canoa Quebrada?<\/h2>\n\n\n\n<p class=\"wp-block-paragraph\">O roteiro pode ser resumido em praia pela manh\u00e3, aventura \u00e0 tarde e Broadway \u00e0 noite. A vila re\u00fane bares, pousadas e barracas distribu\u00eddas por mais de 15 km de faixa de areia, desde o centrinho at\u00e9 a divisa com o <strong>Rio Grande do Norte<\/strong>.<\/p>\n\n\n\n<ul class=\"wp-block-list has-medium-font-size\">\n<li><strong>Passeio de buggy at\u00e9 Ponta Grossa<\/strong>: cerca de 2h30 pela praia, com paradas em lagoas, tirolesa e esquibunda nas dunas, um dos mais procurados da regi\u00e3o.<\/li>\n\n\n\n<li><strong>Duna do P\u00f4r do Sol<\/strong>: ponto mais alto da vila, onde a <a href=\"https:\/\/www.ceara.gov.br\/2026\/03\/23\/ceara-ganha-novo-voo-da-azul-conectando-belo-horizonte-fortaleza-e-aracati\/\" target=\"_blank\" rel=\"noreferrer noopener\"><strong>Prefeitura de Aracati<\/strong><\/a> promove luaus e apresenta\u00e7\u00f5es musicais ao entardecer.<\/li>\n\n\n\n<li><strong>Voo de parapente<\/strong>: correntes ascendentes de ar quente sobre as fal\u00e9sias permitem voos duplos de cerca de 15 minutos, com vista a\u00e9rea das fal\u00e9sias e do mar esverdeado.<\/li>\n\n\n\n<li><strong>Kitesurf e windsurf<\/strong>: ventos de leste de at\u00e9 20 n\u00f3s entre julho e dezembro fazem da praia um dos endere\u00e7os mais procurados por praticantes desses esportes no pa\u00eds.<\/li>\n\n\n\n<li><strong>S\u00edmbolo da Lua e Estrela<\/strong>: gravado na fal\u00e9sia, virou o retrato obrigat\u00f3rio da viagem, com piscinas naturais que se formam por perto na mar\u00e9 baixa.<\/li>\n\n\n\n<li><strong>Praia do Estev\u00e3o<\/strong>: prolongamento tranquilo de Canoa, com piscinas naturais na mar\u00e9 baixa, boa para caminhadas fora do agito do centro.<\/li>\n\n\n\n<li><strong>Broadway<\/strong>: rua principal fechada para carros, cheia de bares, restaurantes e m\u00fasica ao vivo, homenagem ao jangadeiro abolicionista Drag\u00e3o do Mar.<\/li>\n<\/ul>\n\n\n\n<h2 class=\"wp-block-heading\">Como Canoa Quebrada virou ponto central da Rota das Fal\u00e9sias<\/h2>\n\n\n\n<p class=\"wp-block-paragraph\">Reconhecida pelo <strong>Minist\u00e9rio do Turismo<\/strong> dentro do <strong>Programa de Regionaliza\u00e7\u00e3o do Turismo<\/strong>, a <strong>Rota das Fal\u00e9sias<\/strong> foi organizada em parceria com o <strong>Servi\u00e7o Brasileiro de Apoio \u00e0s Micro e Pequenas Empresas (Sebrae)<\/strong> e conecta 13 cidades do <strong>Cear\u00e1<\/strong> e do Rio Grande do Norte ao longo de cerca de 240 km, reunindo 45 praias entre fal\u00e9sias coloridas e dunas m\u00f3veis.<\/p>\n\n\n\n<p class=\"wp-block-paragraph\">Canoa Quebrada funciona como um dos principais pontos desse trajeto e tamb\u00e9m como base para hospedagem. A partir da vila, \u00e9 poss\u00edvel conhecer <strong>Morro Branco<\/strong>, com o conhecido <strong>Labirinto das Fal\u00e9sias<\/strong>, a <strong>Praia das Fontes<\/strong> e a <strong>Praia de Majorl\u00e2ndia<\/strong>, todas a menos de 90 minutos de carro, segundo o <a href=\"https:\/\/www.viajenaviagem.com\/destino\/canoa-quebrada\/\" target=\"_blank\" rel=\"noreferrer noopener\"><strong>Viaje na Viagem<\/strong><\/a>.<\/p>\n\n\n<div class=\"wp-block-image\">\n<figure class=\"aligncenter size-large\"><img decoding=\"async\" width=\"1024\" height=\"576\" src=\"https:\/\/www.em.com.br\/emfoco\/wp-content\/uploads\/2025\/12\/Canoa-Quebrada_1761437457348-1024x576.jpg\" alt=\"\" class=\"wp-image-141594\" srcset=\"https:\/\/www.em.com.br\/emfoco\/wp-content\/uploads\/2025\/12\/Canoa-Quebrada_1761437457348-1024x576.jpg 1024w, https:\/\/www.em.com.br\/emfoco\/wp-content\/uploads\/2025\/12\/Canoa-Quebrada_1761437457348-300x169.jpg 300w, https:\/\/www.em.com.br\/emfoco\/wp-content\/uploads\/2025\/12\/Canoa-Quebrada_1761437457348-768x432.jpg 768w, https:\/\/www.em.com.br\/emfoco\/wp-content\/uploads\/2025\/12\/Canoa-Quebrada_1761437457348-750x422.jpg 750w, https:\/\/www.em.com.br\/emfoco\/wp-content\/uploads\/2025\/12\/Canoa-Quebrada_1761437457348-1140x641.jpg 1140w, https:\/\/www.em.com.br\/emfoco\/wp-content\/uploads\/2025\/12\/Canoa-Quebrada_1761437457348.jpg 1280w\" sizes=\"(max-width: 1024px) 100vw, 1024px\" \/><figcaption class=\"wp-element-caption\">No litoral do Cear\u00e1, Canoa Quebrada \u00e9 destino ideal para relaxar e se encantar com a natureza \/\/ Cr\u00e9ditos: depositphotos.com \/ RudiErnst<\/figcaption><\/figure>\n<\/div>\n\n\n<h2 class=\"wp-block-heading\">Como a Broadway mant\u00e9m viva a noite de Canoa Quebrada<\/h2>\n\n\n\n<p class=\"wp-block-paragraph\">A principal rua da vila, oficialmente chamada Rua Drag\u00e3o do Mar, passou a ser conhecida como <strong>Broadway<\/strong> desde os anos 70, quando os primeiros hippies europeus come\u00e7aram a se instalar na regi\u00e3o. Hoje, o trecho re\u00fane bares, restaurantes internacionais, lojas de artesanato e boates que ficam mais movimentados principalmente entre julho e dezembro, per\u00edodo de alta temporada dos ventos e da chegada de visitantes europeus.<\/p>\n\n\n\n<p class=\"wp-block-paragraph\">O ambiente bo\u00eamio continuou vivo porque muitos daqueles viajantes decidiram ficar, formaram fam\u00edlias e passaram a fazer parte da comunidade local. Ainda \u00e9 comum encontrar descendentes de su\u00ed\u00e7os, franceses e italianos trabalhando em restaurantes e estabelecimentos do cal\u00e7ad\u00e3o, uma caracter\u00edstica cultural pouco comum entre destinos do Nordeste.<\/p>\n\n\n\n<p class=\"wp-block-paragraph\">Quem quer conhecer a vida noturna do Cear\u00e1 pode acompanhar este v\u00eddeo selecionado do canal <strong>Vamos Fugir Blog<\/strong>, com mais de <strong>30 mil<\/strong> visualiza\u00e7\u00f5es, no qual os apresentadores mostram o movimento e os restaurantes da <strong>Broadway Brasileira<\/strong> em <strong>Canoa Quebrada<\/strong>:<\/p>\n\n\n\n<figure class=\"wp-block-embed is-type-video is-provider-youtube wp-block-embed-youtube wp-embed-aspect-16-9 wp-has-aspect-ratio\"><div class=\"wp-block-embed__wrapper\">\n<div class=\"jeg_video_container jeg_video_content\"><iframe loading=\"lazy\" title=\"Canoa Quebrada a noite! Conhe\u00e7a a Broadway Brasileira!\" width=\"500\" height=\"281\" src=\"https:\/\/www.youtube.com\/embed\/KhBQV2Hnmqs?feature=oembed\" frameborder=\"0\" allow=\"accelerometer; autoplay; clipboard-write; encrypted-media; gyroscope; picture-in-picture; web-share\" referrerpolicy=\"strict-origin-when-cross-origin\" allowfullscreen><\/iframe><\/div>\n<\/div><\/figure>\n\n\n\n<h2 class=\"wp-block-heading\">Qual \u00e9 a melhor forma de chegar a Canoa Quebrada saindo de Belo Horizonte<\/h2>\n\n\n\n<p class=\"wp-block-paragraph\">A principal novidade \u00e9 o voo direto anunciado pelo <a href=\"https:\/\/www.setur.ce.gov.br\/2026\/03\/23\/ceara-ganha-novo-voo-da-azul-conectando-belo-horizonte-fortaleza-e-aracati\/\" target=\"_blank\" rel=\"noreferrer noopener\"><strong>Governo do Estado do Cear\u00e1<\/strong><\/a>: a partir de 8 de outubro de 2026, a <strong>Azul<\/strong> passa a operar duas vezes por semana, \u00e0s quintas e domingos, ligando o <strong>Aeroporto Internacional Tancredo Neves (Confins)<\/strong> diretamente ao <strong>Aeroporto de Aracati<\/strong>, localizado a cerca de 13 km da vila.<\/p>\n\n\n\n<p class=\"wp-block-paragraph\">Quem opta por chegar via Fortaleza desembarca no <strong>Aeroporto Internacional Pinto Martins<\/strong> e segue por aproximadamente 2h30 de carro pelas rodovias <strong>CE-040<\/strong> e <strong>BR-304<\/strong>. De \u00f4nibus, a via\u00e7\u00e3o <strong>S\u00e3o Benedito<\/strong> oferece sa\u00eddas di\u00e1rias do Terminal Rodovi\u00e1rio de Fortaleza com destino direto a Canoa Quebrada, em uma viagem de cerca de 3h30.<\/p>\n\n\n\n<iframe src=\"https:\/\/www.google.com\/maps\/embed?pb=!1m28!1m12!1m3!1d19004540.29470148!2d-46.47417298099747!3d-9.721222284568423!2m3!1f0!2f0!3f0!3m2!1i1024!2i768!4f13.1!4m13!3e0!4m5!1s0xa690cacacf2c33%3A0x5b35795e3ad23997!2sBelo%20Horizonte%2C%20MG!3m2!1d-19.919052!2d-43.9386685!4m5!1s0x7b84b3b26eac955%3A0xadd5f8faff3b42b7!2sCanoa%20Quebrada%20-%20Aracati%2C%20CE!3m2!1d-4.5258382!2d-37.705643599999995!5e1!3m2!1spt-BR!2sbr!4v1783254300381!5m2!1spt-BR!2sbr\" width=\"600\" height=\"450\" style=\"border:0;\" allowfullscreen=\"\" loading=\"lazy\" referrerpolicy=\"strict-origin-when-cross-origin\"><\/iframe>\n\n\n\n<p class=\"wp-block-paragraph\"><strong>Leia tamb\u00e9m: <a href=\"https:\/\/www.em.com.br\/emfoco\/2026\/04\/10\/com-mais-de-1-milhao-de-arvores-essa-cidade-no-brasil-conquista-o-posto-de-mais-arborizada-do-planeta\/\" target=\"_blank\" rel=\"noreferrer noopener\">Com mais de 1 milh\u00e3o de \u00e1rvores, essa cidade no Brasil conquista o posto de mais arborizada do planeta<\/a><\/strong><\/p>\n\n\n\n<h2 class=\"wp-block-heading\">Por que vale a pena conhecer Canoa Quebrada<\/h2>\n\n\n\n<p class=\"wp-block-paragraph\">Poucos destinos brasileiros conseguem reunir fal\u00e9sias monumentais, mar quente durante todo o ano e uma vila cosmopolita que atravessou d\u00e9cadas sem perder o clima dos anos 70. Com o voo direto de <strong>BH<\/strong>, o vilarejo cearense passa a ficar mais acess\u00edvel para quem parte de Minas Gerais.<\/p>\n\n\n\n<p class=\"wp-block-paragraph\">Conhecer Canoa Quebrada \u00e9 sentir de perto o vento nas fal\u00e9sias vermelhas e entender por que essa antiga vila de pescadores continua sendo um dos ref\u00fagios mais conhecidos de quem percorre o Nordeste em busca de praia, paisagem e liberdade.<\/p>\n","protected":false},"excerpt":{"rendered":"<p>A 157 km de Fortaleza, no munic\u00edpio de Aracati, Canoa Quebrada re\u00fane fal\u00e9sias de areia avermelhada moldadas pelo vento e um mar verde-esmeralda que aparece em novelas e filmes h\u00e1 d\u00e9cadas. A partir de 8 de outubro de 2026, a vila passa a contar com voo direto saindo de Belo Horizonte, novidade que deve tornar [&hellip;]<\/p>\n","protected":false},"author":30,"featured_media":262102,"comment_status":"open","ping_status":"open","sticky":false,"template":"","format":"standard","meta":{"jnews-multi-image_gallery":[],"jnews_single_post":{"format":"standard"},"jnews_primary_category":[],"jnews_social_meta":[],"jnews_override_counter":[],"footnotes":""},"categories":[26,1],"tags":[3260,11179,1189,1184],"class_list":["post-262091","post","type-post","status-publish","format-standard","has-post-thumbnail","hentry","category-cidades","category-noticias","tag-ceara","tag-cidade-2","tag-fortaleza","tag-nordeste"],"yoast_head":"<!-- This site is optimized with the Yoast SEO plugin v28.3 - https:\/\/yoast.com\/product\/yoast-seo-wordpress\/ -->\n<title>Pared\u00f5es de 30 metros, praias com mar verde-esmeralda que aparecem em filmes e voo direto: o vilarejo que virou o novo destino mineiro no Cear\u00e1 - Estado de Minas - Em foco<\/title>\n<meta name=\"description\" content=\"Com praias cinematogr\u00e1ficas, fal\u00e9sias imponentes e acesso a\u00e9reo mais f\u00e1cil, este vilarejo cearense entrou de vez no radar dos turistas.\" \/>\n<meta name=\"robots\" content=\"index, follow, max-snippet:-1, max-image-preview:large, max-video-preview:-1\" \/>\n<link rel=\"canonical\" href=\"https:\/\/www.em.com.br\/emfoco\/2026\/09\/03\/paredoes-de-30-metros-praias-com-mar-verde-esmeralda-que-aparecem-em-filmes-e-voo-direto-o-vilarejo-que-virou-o-novo-destino-mineiro-no-ceara\/\" \/>\n<meta property=\"og:locale\" content=\"pt_BR\" \/>\n<meta property=\"og:type\" content=\"article\" \/>\n<meta property=\"og:title\" content=\"Pared\u00f5es de 30 metros, praias com mar verde-esmeralda que aparecem em filmes e voo direto: o vilarejo que virou o novo destino mineiro no Cear\u00e1 - Estado de Minas - Em foco\" \/>\n<meta property=\"og:description\" content=\"Com praias cinematogr\u00e1ficas, fal\u00e9sias imponentes e acesso a\u00e9reo mais f\u00e1cil, este vilarejo cearense entrou de vez no radar dos turistas.\" \/>\n<meta property=\"og:url\" content=\"https:\/\/www.em.com.br\/emfoco\/2026\/09\/03\/paredoes-de-30-metros-praias-com-mar-verde-esmeralda-que-aparecem-em-filmes-e-voo-direto-o-vilarejo-que-virou-o-novo-destino-mineiro-no-ceara\/\" \/>\n<meta property=\"og:site_name\" content=\"Estado de Minas - Em foco\" \/>\n<meta property=\"article:published_time\" content=\"2026-09-03T23:37:00+00:00\" \/>\n<meta property=\"og:image\" content=\"https:\/\/www.em.com.br\/emfoco\/wp-content\/uploads\/2026\/09\/image-6.png\" \/>\n\t<meta property=\"og:image:width\" content=\"1280\" \/>\n\t<meta property=\"og:image:height\" content=\"720\" \/>\n\t<meta property=\"og:image:type\" content=\"image\/png\" \/>\n<meta name=\"author\" content=\"Guilherme Ara\u00fajo\" \/>\n<meta name=\"twitter:card\" content=\"summary_large_image\" \/>\n<meta name=\"twitter:label1\" content=\"Escrito por\" \/>\n\t<meta name=\"twitter:data1\" content=\"Guilherme Ara\u00fajo\" \/>\n\t<meta name=\"twitter:label2\" content=\"Est. tempo de leitura\" \/>\n\t<meta name=\"twitter:data2\" content=\"7 minutos\" \/>\n<!-- \/ Yoast SEO plugin. -->","yoast_head_json":{"title":"Pared\u00f5es de 30 metros, praias com mar verde-esmeralda que aparecem em filmes e voo direto: o vilarejo que virou o novo destino mineiro no Cear\u00e1 - Estado de Minas - Em foco","description":"Com praias cinematogr\u00e1ficas, fal\u00e9sias imponentes e acesso a\u00e9reo mais f\u00e1cil, este vilarejo cearense entrou de vez no radar dos turistas.","robots":{"index":"index","follow":"follow","max-snippet":"max-snippet:-1","max-image-preview":"max-image-preview:large","max-video-preview":"max-video-preview:-1"},"canonical":"https:\/\/www.em.com.br\/emfoco\/2026\/09\/03\/paredoes-de-30-metros-praias-com-mar-verde-esmeralda-que-aparecem-em-filmes-e-voo-direto-o-vilarejo-que-virou-o-novo-destino-mineiro-no-ceara\/","og_locale":"pt_BR","og_type":"article","og_title":"Pared\u00f5es de 30 metros, praias com mar verde-esmeralda que aparecem em filmes e voo direto: o vilarejo que virou o novo destino mineiro no Cear\u00e1 - Estado de Minas - Em foco","og_description":"Com praias cinematogr\u00e1ficas, fal\u00e9sias imponentes e acesso a\u00e9reo mais f\u00e1cil, este vilarejo cearense entrou de vez no radar dos turistas.","og_url":"https:\/\/www.em.com.br\/emfoco\/2026\/09\/03\/paredoes-de-30-metros-praias-com-mar-verde-esmeralda-que-aparecem-em-filmes-e-voo-direto-o-vilarejo-que-virou-o-novo-destino-mineiro-no-ceara\/","og_site_name":"Estado de Minas - Em foco","article_published_time":"2026-09-03T23:37:00+00:00","og_image":[{"width":1280,"height":720,"url":"https:\/\/www.em.com.br\/emfoco\/wp-content\/uploads\/2026\/09\/image-6.png","type":"image\/png"}],"author":"Guilherme Ara\u00fajo","twitter_card":"summary_large_image","twitter_misc":{"Escrito por":"Guilherme Ara\u00fajo","Est. tempo de leitura":"7 minutos"},"schema":{"@context":"https:\/\/schema.org","@graph":[{"@type":"Article","@id":"https:\/\/www.em.com.br\/emfoco\/2026\/09\/03\/paredoes-de-30-metros-praias-com-mar-verde-esmeralda-que-aparecem-em-filmes-e-voo-direto-o-vilarejo-que-virou-o-novo-destino-mineiro-no-ceara\/#article","isPartOf":{"@id":"https:\/\/www.em.com.br\/emfoco\/2026\/09\/03\/paredoes-de-30-metros-praias-com-mar-verde-esmeralda-que-aparecem-em-filmes-e-voo-direto-o-vilarejo-que-virou-o-novo-destino-mineiro-no-ceara\/"},"author":{"name":"Guilherme Ara\u00fajo","@id":"https:\/\/www.em.com.br\/emfoco\/#\/schema\/person\/5379e929a4b966c775d121e23f9bb421"},"headline":"Pared\u00f5es de 30 metros, praias com mar verde-esmeralda que aparecem em filmes e voo direto: o vilarejo que virou o novo destino mineiro no Cear\u00e1","datePublished":"2026-09-03T23:37:00+00:00","mainEntityOfPage":{"@id":"https:\/\/www.em.com.br\/emfoco\/2026\/09\/03\/paredoes-de-30-metros-praias-com-mar-verde-esmeralda-que-aparecem-em-filmes-e-voo-direto-o-vilarejo-que-virou-o-novo-destino-mineiro-no-ceara\/"},"wordCount":1091,"commentCount":0,"image":{"@id":"https:\/\/www.em.com.br\/emfoco\/2026\/09\/03\/paredoes-de-30-metros-praias-com-mar-verde-esmeralda-que-aparecem-em-filmes-e-voo-direto-o-vilarejo-que-virou-o-novo-destino-mineiro-no-ceara\/#primaryimage"},"thumbnailUrl":"https:\/\/www.em.com.br\/emfoco\/wp-content\/uploads\/2026\/09\/image-6.png","keywords":["Cear\u00e1","Cidade","Fortaleza","Nordeste"],"articleSection":["Cidades","Not\u00edcias"],"inLanguage":"pt-BR","potentialAction":[{"@type":"CommentAction","name":"Comment","target":["https:\/\/www.em.com.br\/emfoco\/2026\/09\/03\/paredoes-de-30-metros-praias-com-mar-verde-esmeralda-que-aparecem-em-filmes-e-voo-direto-o-vilarejo-que-virou-o-novo-destino-mineiro-no-ceara\/#respond"]}]},{"@type":"WebPage","@id":"https:\/\/www.em.com.br\/emfoco\/2026\/09\/03\/paredoes-de-30-metros-praias-com-mar-verde-esmeralda-que-aparecem-em-filmes-e-voo-direto-o-vilarejo-que-virou-o-novo-destino-mineiro-no-ceara\/","url":"https:\/\/www.em.com.br\/emfoco\/2026\/09\/03\/paredoes-de-30-metros-praias-com-mar-verde-esmeralda-que-aparecem-em-filmes-e-voo-direto-o-vilarejo-que-virou-o-novo-destino-mineiro-no-ceara\/","name":"Pared\u00f5es de 30 metros, praias com mar verde-esmeralda que aparecem em filmes e voo direto: o vilarejo que virou o novo destino mineiro no Cear\u00e1 - Estado de Minas - Em foco","isPartOf":{"@id":"https:\/\/www.em.com.br\/emfoco\/#website"},"primaryImageOfPage":{"@id":"https:\/\/www.em.com.br\/emfoco\/2026\/09\/03\/paredoes-de-30-metros-praias-com-mar-verde-esmeralda-que-aparecem-em-filmes-e-voo-direto-o-vilarejo-que-virou-o-novo-destino-mineiro-no-ceara\/#primaryimage"},"image":{"@id":"https:\/\/www.em.com.br\/emfoco\/2026\/09\/03\/paredoes-de-30-metros-praias-com-mar-verde-esmeralda-que-aparecem-em-filmes-e-voo-direto-o-vilarejo-que-virou-o-novo-destino-mineiro-no-ceara\/#primaryimage"},"thumbnailUrl":"https:\/\/www.em.com.br\/emfoco\/wp-content\/uploads\/2026\/09\/image-6.png","datePublished":"2026-09-03T23:37:00+00:00","author":{"@id":"https:\/\/www.em.com.br\/emfoco\/#\/schema\/person\/5379e929a4b966c775d121e23f9bb421"},"description":"Com praias cinematogr\u00e1ficas, fal\u00e9sias imponentes e acesso a\u00e9reo mais f\u00e1cil, este vilarejo cearense entrou de vez no radar dos turistas.","breadcrumb":{"@id":"https:\/\/www.em.com.br\/emfoco\/2026\/09\/03\/paredoes-de-30-metros-praias-com-mar-verde-esmeralda-que-aparecem-em-filmes-e-voo-direto-o-vilarejo-que-virou-o-novo-destino-mineiro-no-ceara\/#breadcrumb"},"inLanguage":"pt-BR","potentialAction":[{"@type":"ReadAction","target":["https:\/\/www.em.com.br\/emfoco\/2026\/09\/03\/paredoes-de-30-metros-praias-com-mar-verde-esmeralda-que-aparecem-em-filmes-e-voo-direto-o-vilarejo-que-virou-o-novo-destino-mineiro-no-ceara\/"]}]},{"@type":"ImageObject","inLanguage":"pt-BR","@id":"https:\/\/www.em.com.br\/emfoco\/2026\/09\/03\/paredoes-de-30-metros-praias-com-mar-verde-esmeralda-que-aparecem-em-filmes-e-voo-direto-o-vilarejo-que-virou-o-novo-destino-mineiro-no-ceara\/#primaryimage","url":"https:\/\/www.em.com.br\/emfoco\/wp-content\/uploads\/2026\/09\/image-6.png","contentUrl":"https:\/\/www.em.com.br\/emfoco\/wp-content\/uploads\/2026\/09\/image-6.png","width":1280,"height":720,"caption":"O voo direto encurtou a dist\u00e2ncia entre os mineiros e um dos cen\u00e1rios mais marcantes do litoral nordestino (imagem ilustrativa)"},{"@type":"BreadcrumbList","@id":"https:\/\/www.em.com.br\/emfoco\/2026\/09\/03\/paredoes-de-30-metros-praias-com-mar-verde-esmeralda-que-aparecem-em-filmes-e-voo-direto-o-vilarejo-que-virou-o-novo-destino-mineiro-no-ceara\/#breadcrumb","itemListElement":[{"@type":"ListItem","position":1,"name":"In\u00edcio","item":"https:\/\/www.em.com.br\/emfoco\/"},{"@type":"ListItem","position":2,"name":"Pared\u00f5es de 30 metros, praias com mar verde-esmeralda que aparecem em filmes e voo direto: o vilarejo que virou o novo destino mineiro no Cear\u00e1"}]},{"@type":"WebSite","@id":"https:\/\/www.em.com.br\/emfoco\/#website","url":"https:\/\/www.em.com.br\/emfoco\/","name":"Estado de Minas - Em foco","description":"Acompanhe as \u00faltimas not\u00edcias e fique bem informado sobre tudo o que acontece em Minas Gerais, Brasil e no mundo.","potentialAction":[{"@type":"SearchAction","target":{"@type":"EntryPoint","urlTemplate":"https:\/\/www.em.com.br\/emfoco\/?s={search_term_string}"},"query-input":{"@type":"PropertyValueSpecification","valueRequired":true,"valueName":"search_term_string"}}],"inLanguage":"pt-BR"},{"@type":"Person","@id":"https:\/\/www.em.com.br\/emfoco\/#\/schema\/person\/5379e929a4b966c775d121e23f9bb421","name":"Guilherme Ara\u00fajo","image":{"@type":"ImageObject","inLanguage":"pt-BR","@id":"https:\/\/secure.gravatar.com\/avatar\/063bc96e5a2afd1844386c45bd1360efc771eff011a9fab8cd399e2a104c3ecd?s=96&d=mm&r=g","url":"https:\/\/secure.gravatar.com\/avatar\/063bc96e5a2afd1844386c45bd1360efc771eff011a9fab8cd399e2a104c3ecd?s=96&d=mm&r=g","contentUrl":"https:\/\/secure.gravatar.com\/avatar\/063bc96e5a2afd1844386c45bd1360efc771eff011a9fab8cd399e2a104c3ecd?s=96&d=mm&r=g","caption":"Guilherme Ara\u00fajo"},"sameAs":["https:\/\/www.em.com.br\/emfoco"],"url":"https:\/\/www.em.com.br\/emfoco\/author\/guilhermeamyth\/"}]}},"_links":{"self":[{"href":"https:\/\/www.em.com.br\/emfoco\/wp-json\/wp\/v2\/posts\/262091","targetHints":{"allow":["GET"]}}],"collection":[{"href":"https:\/\/www.em.com.br\/emfoco\/wp-json\/wp\/v2\/posts"}],"about":[{"href":"https:\/\/www.em.com.br\/emfoco\/wp-json\/wp\/v2\/types\/post"}],"author":[{"embeddable":true,"href":"https:\/\/www.em.com.br\/emfoco\/wp-json\/wp\/v2\/users\/30"}],"replies":[{"embeddable":true,"href":"https:\/\/www.em.com.br\/emfoco\/wp-json\/wp\/v2\/comments?post=262091"}],"version-history":[{"count":3,"href":"https:\/\/www.em.com.br\/emfoco\/wp-json\/wp\/v2\/posts\/262091\/revisions"}],"predecessor-version":[{"id":262096,"href":"https:\/\/www.em.com.br\/emfoco\/wp-json\/wp\/v2\/posts\/262091\/revisions\/262096"}],"wp:featuredmedia":[{"embeddable":true,"href":"https:\/\/www.em.com.br\/emfoco\/wp-json\/wp\/v2\/media\/262102"}],"wp:attachment":[{"href":"https:\/\/www.em.com.br\/emfoco\/wp-json\/wp\/v2\/media?parent=262091"}],"wp:term":[{"taxonomy":"category","embeddable":true,"href":"https:\/\/www.em.com.br\/emfoco\/wp-json\/wp\/v2\/categories?post=262091"},{"taxonomy":"post_tag","embeddable":true,"href":"https:\/\/www.em.com.br\/emfoco\/wp-json\/wp\/v2\/tags?post=262091"}],"curies":[{"name":"wp","href":"https:\/\/api.w.org\/{rel}","templated":true}]}}