{"id":262090,"date":"2026-09-03T16:37:00","date_gmt":"2026-09-03T19:37:00","guid":{"rendered":"https:\/\/www.em.com.br\/emfoco\/?p=262090"},"modified":"2026-09-02T21:28:02","modified_gmt":"2026-09-03T00:28:02","slug":"dubai-brasileira-a-cidade-de-46-km%c2%b2-com-o-skyline-mais-alto-e-a-praia-mais-elogiada-das-americas","status":"publish","type":"post","link":"https:\/\/www.em.com.br\/emfoco\/2026\/09\/03\/dubai-brasileira-a-cidade-de-46-km%c2%b2-com-o-skyline-mais-alto-e-a-praia-mais-elogiada-das-americas\/","title":{"rendered":"Dubai brasileira, a cidade de 46 km\u00b2 com o skyline mais alto e a praia mais elogiada das Am\u00e9ricas"},"content":{"rendered":"\n<p class=\"wp-block-paragraph\">No litoral norte de <strong>Santa Catarina<\/strong>, <strong>Balne\u00e1rio Cambori\u00fa<\/strong> re\u00fane alguns dos edif\u00edcios mais altos do pa\u00eds e uma orla reconhecida em rankings internacionais. A cidade ocupa apenas 46 km\u00b2, mas concentra sete dos dez maiores arranha-c\u00e9us do <strong>Brasil<\/strong> e tamb\u00e9m aparece entre os munic\u00edpios mais bem avaliados em qualidade de vida.<\/p>\n\n\n\n<h2 class=\"wp-block-heading\">Como Balne\u00e1rio Cambori\u00fa ganhou o apelido de Dubai brasileira<\/h2>\n\n\n\n<p class=\"wp-block-paragraph\">O apelido surgiu principalmente por causa do skyline. As duas torres do <strong>Yachthouse by Pininfarina<\/strong> alcan\u00e7am 294 metros de altura e formam o edif\u00edcio residencial mais alto j\u00e1 entregue no pa\u00eds, segundo levantamento da <a href=\"https:\/\/exame.com\/mercado-imobiliario\/qual-e-o-predio-mais-alto-do-brasil\/\" target=\"_blank\" rel=\"noreferrer noopener\"><strong>Exame<\/strong><\/a>. Na mesma faixa de orla, o One Tower chega a 290 metros e a Infinity Coast Tower alcan\u00e7a 234,8 metros.<\/p>\n\n\n\n<p class=\"wp-block-paragraph\">Essa concentra\u00e7\u00e3o de edif\u00edcios altos tamb\u00e9m aparece nos registros internacionais do Council on Tall Buildings and Urban Habitat, conselho global respons\u00e1vel por medir arranha-c\u00e9us. A cidade ainda abriga o \u00fanico bondinho do mundo que conecta duas praias, no <a href=\"https:\/\/www.unipraias.com.br\/\" target=\"_blank\" rel=\"noreferrer noopener\"><strong>Parque Unipraias<\/strong><\/a>, misturando o cen\u00e1rio urbano verticalizado com \u00e1reas preservadas de <strong>Mata Atl\u00e2ntica<\/strong>.<\/p>\n\n\n<div class=\"wp-block-image\">\n<figure class=\"aligncenter size-large\"><img decoding=\"async\" width=\"1024\" height=\"576\" src=\"https:\/\/www.em.com.br\/emfoco\/wp-content\/uploads\/2025\/12\/Balneario-Camboriu_1738712722583-1024x576.jpg\" alt=\"Essa cidade \u00e9 conhecida como a \u201cDubai Brasileira\u201d e redefine luxo ao lado do mar\" class=\"wp-image-147374\" srcset=\"https:\/\/www.em.com.br\/emfoco\/wp-content\/uploads\/2025\/12\/Balneario-Camboriu_1738712722583-1024x576.jpg 1024w, https:\/\/www.em.com.br\/emfoco\/wp-content\/uploads\/2025\/12\/Balneario-Camboriu_1738712722583-300x169.jpg 300w, https:\/\/www.em.com.br\/emfoco\/wp-content\/uploads\/2025\/12\/Balneario-Camboriu_1738712722583-768x432.jpg 768w, https:\/\/www.em.com.br\/emfoco\/wp-content\/uploads\/2025\/12\/Balneario-Camboriu_1738712722583-750x422.jpg 750w, https:\/\/www.em.com.br\/emfoco\/wp-content\/uploads\/2025\/12\/Balneario-Camboriu_1738712722583-1140x641.jpg 1140w, https:\/\/www.em.com.br\/emfoco\/wp-content\/uploads\/2025\/12\/Balneario-Camboriu_1738712722583.jpg 1280w\" sizes=\"(max-width: 1024px) 100vw, 1024px\" \/><figcaption class=\"wp-element-caption\">Balne\u00e1rio Cambori\u00fa encanta com arranha-c\u00e9us e orla moderna \/\/ Cr\u00e9ditos: depositphotos.com \/ alexeys<\/figcaption><\/figure>\n<\/div>\n\n\n<p class=\"wp-block-paragraph\"><strong>Leia tamb\u00e9m: <a href=\"https:\/\/www.em.com.br\/emfoco\/2026\/04\/10\/com-mais-de-1-milhao-de-arvores-essa-cidade-no-brasil-conquista-o-posto-de-mais-arborizada-do-planeta\/\" target=\"_blank\" rel=\"noreferrer noopener\">Com mais de 1 milh\u00e3o de \u00e1rvores, essa cidade no Brasil conquista o posto de mais arborizada do planeta<\/a><\/strong><\/p>\n\n\n\n<h2 class=\"wp-block-heading\">Como Balne\u00e1rio Cambori\u00fa se destaca nos rankings de qualidade de vida<\/h2>\n\n\n\n<p class=\"wp-block-paragraph\">Os rankings ajudam a sustentar essa reputa\u00e7\u00e3o. No <a href=\"https:\/\/portal.connectedsmartcities.com.br\/2024\/09\/03\/balneario-camboriu-conquista-a-sexta-posicao-entre-as-cidades-mais-inteligentes-e-conectadas-do-pais\/\" target=\"_blank\" rel=\"noreferrer noopener\"><strong>Ranking Connected Smart Cities 2024<\/strong><\/a>, elaborado pela consultoria Urban Systems, BC ficou em 6\u00ba lugar geral entre 656 munic\u00edpios brasileiros e liderou o eixo de Meio Ambiente pelo quarto ano consecutivo. A cidade tamb\u00e9m apareceu em 3\u00ba lugar em Sa\u00fade e em 5\u00ba em Mobilidade e Governan\u00e7a.<\/p>\n\n\n\n<p class=\"wp-block-paragraph\">Os indicadores ajudam a explicar o desempenho: 100% de rede de \u00e1gua encanada, 95% de coleta de esgoto e somente 7% de perdas na distribui\u00e7\u00e3o, percentual bem inferior \u00e0 m\u00e9dia nacional. Balne\u00e1rio Cambori\u00fa tamb\u00e9m registra nota 9,75 na Escala Brasil Transparente e \u00cdndice Firjan de Desenvolvimento Municipal de 0,858, considerado alto.<\/p>\n\n\n<div class=\"wp-block-image\">\n<figure class=\"aligncenter size-large\"><img decoding=\"async\" width=\"1024\" height=\"576\" src=\"https:\/\/www.em.com.br\/emfoco\/wp-content\/uploads\/2025\/12\/Balneario-Camboriu_1732930272136-1024x576.jpg\" alt=\"Essa cidade \u00e9 conhecida como a \u201cDubai Brasileira\u201d e redefine luxo ao lado do mar\" class=\"wp-image-147373\" srcset=\"https:\/\/www.em.com.br\/emfoco\/wp-content\/uploads\/2025\/12\/Balneario-Camboriu_1732930272136-1024x576.jpg 1024w, https:\/\/www.em.com.br\/emfoco\/wp-content\/uploads\/2025\/12\/Balneario-Camboriu_1732930272136-300x169.jpg 300w, https:\/\/www.em.com.br\/emfoco\/wp-content\/uploads\/2025\/12\/Balneario-Camboriu_1732930272136-768x432.jpg 768w, https:\/\/www.em.com.br\/emfoco\/wp-content\/uploads\/2025\/12\/Balneario-Camboriu_1732930272136-750x422.jpg 750w, https:\/\/www.em.com.br\/emfoco\/wp-content\/uploads\/2025\/12\/Balneario-Camboriu_1732930272136-1140x641.jpg 1140w, https:\/\/www.em.com.br\/emfoco\/wp-content\/uploads\/2025\/12\/Balneario-Camboriu_1732930272136.jpg 1280w\" sizes=\"(max-width: 1024px) 100vw, 1024px\" \/><figcaption class=\"wp-element-caption\">Balne\u00e1rio Cambori\u00fa \u00e9 destino premium a 80 km de Florian\u00f3polis \/\/ Cr\u00e9ditos: depositphotos.com \/ sergio_pulp<\/figcaption><\/figure>\n<\/div>\n\n\n<h2 class=\"wp-block-heading\">Como \u00e9 viver em uma cidade que recebe novos moradores todos os meses<\/h2>\n\n\n\n<p class=\"wp-block-paragraph\">A rotina em BC combina orla urbanizada com uma estrutura de servi\u00e7os que lembra cidades maiores. O munic\u00edpio re\u00fane cerca de 139 mil moradores fixos no <a href=\"https:\/\/www.ibge.gov.br\/cidades-e-estados\/sc\/balneario-camboriu.html\" target=\"_blank\" rel=\"noreferrer noopener\"><strong>Censo 2022 do IBGE<\/strong><\/a>, mas a popula\u00e7\u00e3o flutuante pode se aproximar de 1 milh\u00e3o durante o ver\u00e3o. A expectativa de vida chega a 78,6 anos, acima da m\u00e9dia brasileira.<\/p>\n\n\n\n<p class=\"wp-block-paragraph\">Quem decide morar na cidade encontra ciclovia cont\u00ednua junto \u00e0 orla, cal\u00e7ad\u00e3o reformado ap\u00f3s o alargamento da faixa de areia da Praia Central, hospitais de refer\u00eancia regional e um mercado imobili\u00e1rio fortemente voltado ao alto padr\u00e3o. Esse cen\u00e1rio ajuda a elevar o pre\u00e7o do m\u00b2 aos n\u00edveis mais caros do pa\u00eds e acompanha o movimento que fez <strong>Santa Catarina<\/strong> ser o estado que mais recebeu novos moradores no \u00faltimo Censo.<\/p>\n\n\n\n<h2 class=\"wp-block-heading\">O que conhecer em Balne\u00e1rio Cambori\u00fa al\u00e9m da Avenida Atl\u00e2ntica<\/h2>\n\n\n\n<p class=\"wp-block-paragraph\">As op\u00e7\u00f5es de lazer funcionam durante praticamente todo o ano e combinam arranha-c\u00e9us, mata e mar. Os principais atrativos ficam a poucos quil\u00f4metros uns dos outros, facilitando a montagem de roteiros para quem viaja em fam\u00edlia.<\/p>\n\n\n\n<ul class=\"wp-block-list has-medium-font-size\">\n<li><strong>Parque Unipraias<\/strong>: complexo com 43 bondinhos que ligam a Barra Sul, o Morro da Aguada e a Praia de Laranjeiras. \u00danico do mundo a conectar duas praias, com tirolesa ZipRider, tren\u00f3 Youhooo e mirantes na <strong>Mata Atl\u00e2ntica<\/strong>.<\/li>\n\n\n\n<li><strong>FG Big Wheel<\/strong>: roda-gigante \u00e0 beira-mar na Barra Norte, com vista panor\u00e2mica da orla e dos arranha-c\u00e9us. Espet\u00e1culo de luzes \u00e0 noite.<\/li>\n\n\n\n<li><strong>Cristo Luz<\/strong>: monumento de 33 metros no topo do morro, com mirante 360 graus, restaurante e show de luzes coloridas.<\/li>\n\n\n\n<li><strong>Praia do Estaleiro<\/strong>: eleita a melhor praia de vila das Am\u00e9ricas e da Pen\u00ednsula Ib\u00e9rica pelo <a href=\"https:\/\/www.bc.sc.gov.br\/imprensa_detalhe.cfm?codigo=38916\" target=\"_blank\" rel=\"noreferrer noopener\"><strong>Centro Internacional de Forma\u00e7\u00e3o em Gest\u00e3o e Certifica\u00e7\u00e3o de Praias (CIF Playas)<\/strong><\/a>, com nota 0,90.<\/li>\n\n\n\n<li><strong>Molhe da Barra Sul<\/strong>: passarela de 452 metros mar adentro, com vista para toda a orla e o rio Cambori\u00fa.<\/li>\n\n\n\n<li><strong>Praia de Laranjeiras<\/strong>: \u00e1guas calmas, cercada pela mata, acesso por bondinho ou barco. \u00d3tima para fam\u00edlias com crian\u00e7as.<\/li>\n<\/ul>\n\n\n\n<p class=\"wp-block-paragraph\">Quem pretende montar uma viagem completa por Santa Catarina pode acompanhar este v\u00eddeo selecionado do canal <strong>Casal Alencar<\/strong>, com mais de <strong>880 mil<\/strong> visualiza\u00e7\u00f5es, no qual <strong>Bruna Alencar<\/strong> e <strong>Adriana Alencar<\/strong> apresentam um roteiro de 4 dias com pre\u00e7os e novidades em <strong>Balne\u00e1rio Cambori\u00fa<\/strong>:<\/p>\n\n\n\n<figure class=\"wp-block-embed is-type-video is-provider-youtube wp-block-embed-youtube wp-embed-aspect-16-9 wp-has-aspect-ratio\"><div class=\"wp-block-embed__wrapper\">\n<div class=\"jeg_video_container jeg_video_content\"><iframe loading=\"lazy\" title=\"BALNE\u00c1RIO CAMBORI\u00da - ROTEIRO COMPLETO DE 4 DIAS (COM PRE\u00c7OS)\" width=\"500\" height=\"281\" src=\"https:\/\/www.youtube.com\/embed\/5bXamRtTvxw?start=100&amp;feature=oembed\" frameborder=\"0\" allow=\"accelerometer; autoplay; clipboard-write; encrypted-media; gyroscope; picture-in-picture; web-share\" referrerpolicy=\"strict-origin-when-cross-origin\" allowfullscreen><\/iframe><\/div>\n<\/div><\/figure>\n\n\n\n<h2 class=\"wp-block-heading\">Por que a Praia do Estaleiro se destaca entre as melhores das Am\u00e9ricas<\/h2>\n\n\n\n<p class=\"wp-block-paragraph\">O contraste com a \u00e1rea central \u00e9 um dos maiores destaques. A poucos quil\u00f4metros dos arranha-c\u00e9us, a <strong>Praia do Estaleiro<\/strong> restringe constru\u00e7\u00f5es muito altas e mant\u00e9m \u00e1reas de <strong>Mata Atl\u00e2ntica<\/strong> praticamente encostadas na areia. Foi justamente essa praia, e n\u00e3o a Central, que recebeu a maior nota entre 57 praias de vila avaliadas em 11 pa\u00edses.<\/p>\n\n\n\n<p class=\"wp-block-paragraph\">O levantamento do CIF Playas analisou crit\u00e9rios como recrea\u00e7\u00e3o, conserva\u00e7\u00e3o, qualidade sanit\u00e1ria e prote\u00e7\u00e3o contra eventos extremos. A Estaleiro ficou em 3\u00ba lugar no ranking geral do Atl\u00e2ntico, que avaliou 92 praias, e recebe todos os anos o selo <strong>Bandeira Azul<\/strong>, certifica\u00e7\u00e3o internacional de qualidade ambiental. \u00c9 uma praia de tombo, com ondas fortes, mas de \u00e1gua limpa e cristalina.<\/p>\n\n\n<div class=\"wp-block-image\">\n<figure class=\"aligncenter size-large\"><img decoding=\"async\" width=\"1024\" height=\"576\" src=\"https:\/\/www.em.com.br\/emfoco\/wp-content\/uploads\/2025\/12\/Balneario-Camboriu_1747535024253-1024x576.jpg\" alt=\"Essa cidade \u00e9 conhecida como a \u201cDubai Brasileira\u201d e redefine luxo ao lado do mar\" class=\"wp-image-147375\" srcset=\"https:\/\/www.em.com.br\/emfoco\/wp-content\/uploads\/2025\/12\/Balneario-Camboriu_1747535024253-1024x576.jpg 1024w, https:\/\/www.em.com.br\/emfoco\/wp-content\/uploads\/2025\/12\/Balneario-Camboriu_1747535024253-300x169.jpg 300w, https:\/\/www.em.com.br\/emfoco\/wp-content\/uploads\/2025\/12\/Balneario-Camboriu_1747535024253-768x432.jpg 768w, https:\/\/www.em.com.br\/emfoco\/wp-content\/uploads\/2025\/12\/Balneario-Camboriu_1747535024253-750x422.jpg 750w, https:\/\/www.em.com.br\/emfoco\/wp-content\/uploads\/2025\/12\/Balneario-Camboriu_1747535024253-1140x641.jpg 1140w, https:\/\/www.em.com.br\/emfoco\/wp-content\/uploads\/2025\/12\/Balneario-Camboriu_1747535024253.jpg 1280w\" sizes=\"(max-width: 1024px) 100vw, 1024px\" \/><figcaption class=\"wp-element-caption\">Balne\u00e1rio Cambori\u00fa une luxo praias urbanas e vida cosmopolita \/\/ Cr\u00e9ditos: depositphotos.com \/ Cristian_Lourenco<\/figcaption><\/figure>\n<\/div>\n\n\n<h2 class=\"wp-block-heading\">Qual \u00e9 a melhor forma de chegar a Balne\u00e1rio Cambori\u00fa saindo de Belo Horizonte<\/h2>\n\n\n\n<p class=\"wp-block-paragraph\">Saindo de <strong>Belo Horizonte<\/strong>, a maneira mais r\u00e1pida de chegar \u00e9 de avi\u00e3o. O <a href=\"https:\/\/www.rome2rio.com\/pt\/s\/Belo-Horizonte\/Balne%C3%A1rio-Cambori%C3%BA\" target=\"_blank\" rel=\"noreferrer noopener\"><strong>Rome2Rio<\/strong><\/a> indica voos diretos para o Aeroporto Internacional de Navegantes, localizado a 15 km da cidade, com dura\u00e7\u00e3o a partir de 1h50. Outra possibilidade \u00e9 desembarcar em Florian\u00f3polis, a 80 km de BC pela BR-101.<\/p>\n\n\n\n<p class=\"wp-block-paragraph\">De carro, o trajeto tem cerca de 1.190 km pelas rodovias BR-381 (Fern\u00e3o Dias), BR-116 (R\u00e9gis Bittencourt) e BR-101, com tempo m\u00e9dio de 15 horas de viagem. De \u00f4nibus, o percurso ultrapassa 16 horas e normalmente exige conex\u00e3o em cidades como Curitiba ou S\u00e3o Paulo.<\/p>\n\n\n\n<iframe src=\"https:\/\/www.google.com\/maps\/embed?pb=!1m28!1m12!1m3!1d11579243.591875186!2d-47.793406087686684!3d-20.25330862158626!2m3!1f0!2f0!3f0!3m2!1i1024!2i768!4f13.1!4m13!3e0!4m5!1s0xa690cacacf2c33%3A0x5b35795e3ad23997!2sBelo%20Horizonte%2C%20MG!3m2!1d-19.919052!2d-43.9386685!4m5!1s0x94d8b65cc2e52aad%3A0x2dc004f5e6adebc4!2zQmFsbmXDoXJpbyBDYW1ib3Jpw7osIFND!3m2!1d-26.997983899999998!2d-48.63258!5e1!3m2!1spt-BR!2sbr!4v1783198035557!5m2!1spt-BR!2sbr\" width=\"600\" height=\"450\" style=\"border:0;\" allowfullscreen=\"\" loading=\"lazy\" referrerpolicy=\"strict-origin-when-cross-origin\"><\/iframe>\n\n\n\n<p class=\"wp-block-paragraph\"><strong>Leia tamb\u00e9m: <a href=\"https:\/\/www.em.com.br\/emfoco\/2026\/04\/10\/com-mais-de-1-milhao-de-arvores-essa-cidade-no-brasil-conquista-o-posto-de-mais-arborizada-do-planeta\/\" target=\"_blank\" rel=\"noreferrer noopener\">Com mais de 1 milh\u00e3o de \u00e1rvores, essa cidade no Brasil conquista o posto de mais arborizada do planeta<\/a><\/strong><\/p>\n\n\n\n<h2 class=\"wp-block-heading\">Conhe\u00e7a a cidade que transformou seu skyline em cart\u00e3o-postal<\/h2>\n\n\n\n<p class=\"wp-block-paragraph\">Balne\u00e1rio Cambori\u00fa mostra como mar, pr\u00e9dios gigantes e bons indicadores urbanos podem coexistir em um territ\u00f3rio pequeno. Poucos munic\u00edpios brasileiros re\u00fanem skyline reconhecido internacionalmente, praia premiada e saneamento pr\u00f3ximo da universaliza\u00e7\u00e3o em apenas 46 km\u00b2.<\/p>\n\n\n\n<p class=\"wp-block-paragraph\">Subir em um dos bondinhos sobre o mar, acompanhar o p\u00f4r do sol atr\u00e1s das torres da Barra Sul e caminhar pela orla ajuda a entender por que tanta gente decidiu trocar grandes capitais por esse trecho do litoral catarinense.<\/p>\n\n\n<p>&#8220;`<\/p>","protected":false},"excerpt":{"rendered":"<p>No litoral norte de Santa Catarina, Balne\u00e1rio Cambori\u00fa re\u00fane alguns dos edif\u00edcios mais altos do pa\u00eds e uma orla reconhecida em rankings internacionais. A cidade ocupa apenas 46 km\u00b2, mas concentra sete dos dez maiores arranha-c\u00e9us do Brasil e tamb\u00e9m aparece entre os munic\u00edpios mais bem avaliados em qualidade de vida. Como Balne\u00e1rio Cambori\u00fa ganhou [&hellip;]<\/p>\n","protected":false},"author":30,"featured_media":262100,"comment_status":"open","ping_status":"open","sticky":false,"template":"","format":"standard","meta":{"jnews-multi-image_gallery":[],"jnews_single_post":{"format":"standard"},"jnews_primary_category":[],"jnews_social_meta":[],"jnews_override_counter":[],"footnotes":""},"categories":[26],"tags":[1398,183],"class_list":["post-262090","post","type-post","status-publish","format-standard","has-post-thumbnail","hentry","category-cidades","tag-balneario-camboriu","tag-cidades"],"yoast_head":"<!-- This site is optimized with the Yoast SEO plugin v28.3 - https:\/\/yoast.com\/product\/yoast-seo-wordpress\/ -->\n<title>Dubai brasileira, a cidade de 46 km\u00b2 com o skyline mais alto e a praia mais elogiada das Am\u00e9ricas - Estado de Minas - Em foco<\/title>\n<meta name=\"description\" content=\"Em apenas 46 km\u00b2, uma cidade brasileira re\u00fane arranha-c\u00e9us impressionantes e uma praia reconhecida entre as melhores. Veja o que h\u00e1 por l\u00e1.\" \/>\n<meta name=\"robots\" content=\"index, follow, max-snippet:-1, max-image-preview:large, max-video-preview:-1\" \/>\n<link rel=\"canonical\" href=\"https:\/\/www.em.com.br\/emfoco\/2026\/09\/03\/dubai-brasileira-a-cidade-de-46-km\u00b2-com-o-skyline-mais-alto-e-a-praia-mais-elogiada-das-americas\/\" \/>\n<meta property=\"og:locale\" content=\"pt_BR\" \/>\n<meta property=\"og:type\" content=\"article\" \/>\n<meta property=\"og:title\" content=\"Dubai brasileira, a cidade de 46 km\u00b2 com o skyline mais alto e a praia mais elogiada das Am\u00e9ricas - Estado de Minas - Em foco\" \/>\n<meta property=\"og:description\" content=\"Em apenas 46 km\u00b2, uma cidade brasileira re\u00fane arranha-c\u00e9us impressionantes e uma praia reconhecida entre as melhores. Veja o que h\u00e1 por l\u00e1.\" \/>\n<meta property=\"og:url\" content=\"https:\/\/www.em.com.br\/emfoco\/2026\/09\/03\/dubai-brasileira-a-cidade-de-46-km\u00b2-com-o-skyline-mais-alto-e-a-praia-mais-elogiada-das-americas\/\" \/>\n<meta property=\"og:site_name\" content=\"Estado de Minas - Em foco\" \/>\n<meta property=\"article:published_time\" content=\"2026-09-03T19:37:00+00:00\" \/>\n<meta property=\"og:image\" content=\"https:\/\/www.em.com.br\/emfoco\/wp-content\/uploads\/2026\/09\/image-4.png\" \/>\n\t<meta property=\"og:image:width\" content=\"1280\" \/>\n\t<meta property=\"og:image:height\" content=\"720\" \/>\n\t<meta property=\"og:image:type\" content=\"image\/png\" \/>\n<meta name=\"author\" content=\"Guilherme Ara\u00fajo\" \/>\n<meta name=\"twitter:card\" content=\"summary_large_image\" \/>\n<meta name=\"twitter:label1\" content=\"Escrito por\" \/>\n\t<meta name=\"twitter:data1\" content=\"Guilherme Ara\u00fajo\" \/>\n\t<meta name=\"twitter:label2\" content=\"Est. tempo de leitura\" \/>\n\t<meta name=\"twitter:data2\" content=\"7 minutos\" \/>\n<!-- \/ Yoast SEO plugin. -->","yoast_head_json":{"title":"Dubai brasileira, a cidade de 46 km\u00b2 com o skyline mais alto e a praia mais elogiada das Am\u00e9ricas - Estado de Minas - Em foco","description":"Em apenas 46 km\u00b2, uma cidade brasileira re\u00fane arranha-c\u00e9us impressionantes e uma praia reconhecida entre as melhores. Veja o que h\u00e1 por l\u00e1.","robots":{"index":"index","follow":"follow","max-snippet":"max-snippet:-1","max-image-preview":"max-image-preview:large","max-video-preview":"max-video-preview:-1"},"canonical":"https:\/\/www.em.com.br\/emfoco\/2026\/09\/03\/dubai-brasileira-a-cidade-de-46-km\u00b2-com-o-skyline-mais-alto-e-a-praia-mais-elogiada-das-americas\/","og_locale":"pt_BR","og_type":"article","og_title":"Dubai brasileira, a cidade de 46 km\u00b2 com o skyline mais alto e a praia mais elogiada das Am\u00e9ricas - Estado de Minas - Em foco","og_description":"Em apenas 46 km\u00b2, uma cidade brasileira re\u00fane arranha-c\u00e9us impressionantes e uma praia reconhecida entre as melhores. Veja o que h\u00e1 por l\u00e1.","og_url":"https:\/\/www.em.com.br\/emfoco\/2026\/09\/03\/dubai-brasileira-a-cidade-de-46-km\u00b2-com-o-skyline-mais-alto-e-a-praia-mais-elogiada-das-americas\/","og_site_name":"Estado de Minas - Em foco","article_published_time":"2026-09-03T19:37:00+00:00","og_image":[{"width":1280,"height":720,"url":"https:\/\/www.em.com.br\/emfoco\/wp-content\/uploads\/2026\/09\/image-4.png","type":"image\/png"}],"author":"Guilherme Ara\u00fajo","twitter_card":"summary_large_image","twitter_misc":{"Escrito por":"Guilherme Ara\u00fajo","Est. tempo de leitura":"7 minutos"},"schema":{"@context":"https:\/\/schema.org","@graph":[{"@type":"Article","@id":"https:\/\/www.em.com.br\/emfoco\/2026\/09\/03\/dubai-brasileira-a-cidade-de-46-km%c2%b2-com-o-skyline-mais-alto-e-a-praia-mais-elogiada-das-americas\/#article","isPartOf":{"@id":"https:\/\/www.em.com.br\/emfoco\/2026\/09\/03\/dubai-brasileira-a-cidade-de-46-km%c2%b2-com-o-skyline-mais-alto-e-a-praia-mais-elogiada-das-americas\/"},"author":{"name":"Guilherme Ara\u00fajo","@id":"https:\/\/www.em.com.br\/emfoco\/#\/schema\/person\/5379e929a4b966c775d121e23f9bb421"},"headline":"Dubai brasileira, a cidade de 46 km\u00b2 com o skyline mais alto e a praia mais elogiada das Am\u00e9ricas","datePublished":"2026-09-03T19:37:00+00:00","mainEntityOfPage":{"@id":"https:\/\/www.em.com.br\/emfoco\/2026\/09\/03\/dubai-brasileira-a-cidade-de-46-km%c2%b2-com-o-skyline-mais-alto-e-a-praia-mais-elogiada-das-americas\/"},"wordCount":1168,"commentCount":0,"image":{"@id":"https:\/\/www.em.com.br\/emfoco\/2026\/09\/03\/dubai-brasileira-a-cidade-de-46-km%c2%b2-com-o-skyline-mais-alto-e-a-praia-mais-elogiada-das-americas\/#primaryimage"},"thumbnailUrl":"https:\/\/www.em.com.br\/emfoco\/wp-content\/uploads\/2026\/09\/image-4.png","keywords":["Balne\u00e1rio Cambori\u00fa","cidades"],"articleSection":["Cidades"],"inLanguage":"pt-BR","potentialAction":[{"@type":"CommentAction","name":"Comment","target":["https:\/\/www.em.com.br\/emfoco\/2026\/09\/03\/dubai-brasileira-a-cidade-de-46-km%c2%b2-com-o-skyline-mais-alto-e-a-praia-mais-elogiada-das-americas\/#respond"]}]},{"@type":"WebPage","@id":"https:\/\/www.em.com.br\/emfoco\/2026\/09\/03\/dubai-brasileira-a-cidade-de-46-km%c2%b2-com-o-skyline-mais-alto-e-a-praia-mais-elogiada-das-americas\/","url":"https:\/\/www.em.com.br\/emfoco\/2026\/09\/03\/dubai-brasileira-a-cidade-de-46-km%c2%b2-com-o-skyline-mais-alto-e-a-praia-mais-elogiada-das-americas\/","name":"Dubai brasileira, a cidade de 46 km\u00b2 com o skyline mais alto e a praia mais elogiada das Am\u00e9ricas - Estado de Minas - Em foco","isPartOf":{"@id":"https:\/\/www.em.com.br\/emfoco\/#website"},"primaryImageOfPage":{"@id":"https:\/\/www.em.com.br\/emfoco\/2026\/09\/03\/dubai-brasileira-a-cidade-de-46-km%c2%b2-com-o-skyline-mais-alto-e-a-praia-mais-elogiada-das-americas\/#primaryimage"},"image":{"@id":"https:\/\/www.em.com.br\/emfoco\/2026\/09\/03\/dubai-brasileira-a-cidade-de-46-km%c2%b2-com-o-skyline-mais-alto-e-a-praia-mais-elogiada-das-americas\/#primaryimage"},"thumbnailUrl":"https:\/\/www.em.com.br\/emfoco\/wp-content\/uploads\/2026\/09\/image-4.png","datePublished":"2026-09-03T19:37:00+00:00","author":{"@id":"https:\/\/www.em.com.br\/emfoco\/#\/schema\/person\/5379e929a4b966c775d121e23f9bb421"},"description":"Em apenas 46 km\u00b2, uma cidade brasileira re\u00fane arranha-c\u00e9us impressionantes e uma praia reconhecida entre as melhores. Veja o que h\u00e1 por l\u00e1.","breadcrumb":{"@id":"https:\/\/www.em.com.br\/emfoco\/2026\/09\/03\/dubai-brasileira-a-cidade-de-46-km%c2%b2-com-o-skyline-mais-alto-e-a-praia-mais-elogiada-das-americas\/#breadcrumb"},"inLanguage":"pt-BR","potentialAction":[{"@type":"ReadAction","target":["https:\/\/www.em.com.br\/emfoco\/2026\/09\/03\/dubai-brasileira-a-cidade-de-46-km%c2%b2-com-o-skyline-mais-alto-e-a-praia-mais-elogiada-das-americas\/"]}]},{"@type":"ImageObject","inLanguage":"pt-BR","@id":"https:\/\/www.em.com.br\/emfoco\/2026\/09\/03\/dubai-brasileira-a-cidade-de-46-km%c2%b2-com-o-skyline-mais-alto-e-a-praia-mais-elogiada-das-americas\/#primaryimage","url":"https:\/\/www.em.com.br\/emfoco\/wp-content\/uploads\/2026\/09\/image-4.png","contentUrl":"https:\/\/www.em.com.br\/emfoco\/wp-content\/uploads\/2026\/09\/image-4.png","width":1280,"height":720,"caption":"A combina\u00e7\u00e3o de pr\u00e9dios gigantes e mar criou uma paisagem urbana dif\u00edcil de confundir com qualquer outra (imagem gerada)"},{"@type":"BreadcrumbList","@id":"https:\/\/www.em.com.br\/emfoco\/2026\/09\/03\/dubai-brasileira-a-cidade-de-46-km%c2%b2-com-o-skyline-mais-alto-e-a-praia-mais-elogiada-das-americas\/#breadcrumb","itemListElement":[{"@type":"ListItem","position":1,"name":"In\u00edcio","item":"https:\/\/www.em.com.br\/emfoco\/"},{"@type":"ListItem","position":2,"name":"Dubai brasileira, a cidade de 46 km\u00b2 com o skyline mais alto e a praia mais elogiada das Am\u00e9ricas"}]},{"@type":"WebSite","@id":"https:\/\/www.em.com.br\/emfoco\/#website","url":"https:\/\/www.em.com.br\/emfoco\/","name":"Estado de Minas - Em foco","description":"Acompanhe as \u00faltimas not\u00edcias e fique bem informado sobre tudo o que acontece em Minas Gerais, Brasil e no mundo.","potentialAction":[{"@type":"SearchAction","target":{"@type":"EntryPoint","urlTemplate":"https:\/\/www.em.com.br\/emfoco\/?s={search_term_string}"},"query-input":{"@type":"PropertyValueSpecification","valueRequired":true,"valueName":"search_term_string"}}],"inLanguage":"pt-BR"},{"@type":"Person","@id":"https:\/\/www.em.com.br\/emfoco\/#\/schema\/person\/5379e929a4b966c775d121e23f9bb421","name":"Guilherme Ara\u00fajo","image":{"@type":"ImageObject","inLanguage":"pt-BR","@id":"https:\/\/secure.gravatar.com\/avatar\/063bc96e5a2afd1844386c45bd1360efc771eff011a9fab8cd399e2a104c3ecd?s=96&d=mm&r=g","url":"https:\/\/secure.gravatar.com\/avatar\/063bc96e5a2afd1844386c45bd1360efc771eff011a9fab8cd399e2a104c3ecd?s=96&d=mm&r=g","contentUrl":"https:\/\/secure.gravatar.com\/avatar\/063bc96e5a2afd1844386c45bd1360efc771eff011a9fab8cd399e2a104c3ecd?s=96&d=mm&r=g","caption":"Guilherme Ara\u00fajo"},"sameAs":["https:\/\/www.em.com.br\/emfoco"],"url":"https:\/\/www.em.com.br\/emfoco\/author\/guilhermeamyth\/"}]}},"_links":{"self":[{"href":"https:\/\/www.em.com.br\/emfoco\/wp-json\/wp\/v2\/posts\/262090","targetHints":{"allow":["GET"]}}],"collection":[{"href":"https:\/\/www.em.com.br\/emfoco\/wp-json\/wp\/v2\/posts"}],"about":[{"href":"https:\/\/www.em.com.br\/emfoco\/wp-json\/wp\/v2\/types\/post"}],"author":[{"embeddable":true,"href":"https:\/\/www.em.com.br\/emfoco\/wp-json\/wp\/v2\/users\/30"}],"replies":[{"embeddable":true,"href":"https:\/\/www.em.com.br\/emfoco\/wp-json\/wp\/v2\/comments?post=262090"}],"version-history":[{"count":2,"href":"https:\/\/www.em.com.br\/emfoco\/wp-json\/wp\/v2\/posts\/262090\/revisions"}],"predecessor-version":[{"id":262097,"href":"https:\/\/www.em.com.br\/emfoco\/wp-json\/wp\/v2\/posts\/262090\/revisions\/262097"}],"wp:featuredmedia":[{"embeddable":true,"href":"https:\/\/www.em.com.br\/emfoco\/wp-json\/wp\/v2\/media\/262100"}],"wp:attachment":[{"href":"https:\/\/www.em.com.br\/emfoco\/wp-json\/wp\/v2\/media?parent=262090"}],"wp:term":[{"taxonomy":"category","embeddable":true,"href":"https:\/\/www.em.com.br\/emfoco\/wp-json\/wp\/v2\/categories?post=262090"},{"taxonomy":"post_tag","embeddable":true,"href":"https:\/\/www.em.com.br\/emfoco\/wp-json\/wp\/v2\/tags?post=262090"}],"curies":[{"name":"wp","href":"https:\/\/api.w.org\/{rel}","templated":true}]}}