{"id":262033,"date":"2026-09-03T21:17:00","date_gmt":"2026-09-04T00:17:00","guid":{"rendered":"https:\/\/www.em.com.br\/emfoco\/?p=262033"},"modified":"2026-09-02T21:53:43","modified_gmt":"2026-09-03T00:53:43","slug":"eu-ja-contei-isso-para-voce-a-psicologia-explica-por-que-lembramos-da-historia-mas-esquecemos-para-quem-a-contamos","status":"publish","type":"post","link":"https:\/\/www.em.com.br\/emfoco\/2026\/09\/03\/eu-ja-contei-isso-para-voce-a-psicologia-explica-por-que-lembramos-da-historia-mas-esquecemos-para-quem-a-contamos\/","title":{"rendered":"\u201cEu j\u00e1 contei isso para voc\u00ea?\u201d A psicologia explica por que lembramos da hist\u00f3ria, mas esquecemos para quem a contamos"},"content":{"rendered":"\n<div class=\"emf-summary google-auto-ads-ignore\">\n  <style>\n    .emf-summary {\n      --emf-navy:#00245a;\n      --emf-navy-soft:#0b3b70;\n      --emf-ink:#1d2731;\n      --emf-muted:#66727e;\n      --emf-line:#d7dde5;\n      --emf-paper:#ffffff;\n      --emf-wash:#f4f6f8;\n      box-sizing:border-box!important;\n      inline-size:min(1100px,100%)!important;\n      max-inline-size:100%!important;\n      margin-inline:auto!important;\n      overflow:hidden!important;\n      color:var(--emf-ink);\n      background:var(--emf-paper);\n      border:1px solid var(--emf-line);\n      border-block-start:5px solid var(--emf-navy);\n      border-radius:6px!important;\n      box-shadow:0 8px 24px rgba(0,36,90,.08);\n      font-family:Arial,Helvetica,sans-serif;\n    }\n\n    .emf-summary *,\n    .emf-summary *::before,\n    .emf-summary *::after {\n      box-sizing:border-box!important;\n    }\n\n    .emf-summary-brand {\n      display:flex;\n      align-items:center;\n      gap:14px;\n      padding:16px 20px;\n      color:#fff;\n      background:linear-gradient(105deg,var(--emf-navy) 0%,var(--emf-navy-soft) 100%);\n      border-block-end:1px solid rgba(255,255,255,.18);\n    }\n\n    .emf-summary-logo {\n      display:grid;\n      place-items:center;\n      inline-size:58px;\n      block-size:58px;\n      flex:0 0 58px;\n      background:rgba(255,255,255,.08);\n      border:1px solid rgba(255,255,255,.35);\n      border-radius:3px!important;\n    }\n\n    .emf-summary-logo img {\n      display:block;\n      inline-size:46px;\n      block-size:46px;\n      max-inline-size:46px;\n      max-block-size:46px;\n      object-fit:contain;\n    }\n\n    .emf-summary-eyebrow {\n      margin:0 0 3px;\n      font-size:11px;\n      font-weight:700;\n      letter-spacing:.18em;\n      line-height:1.2;\n      text-transform:uppercase;\n      opacity:.78;\n    }\n\n    .emf-summary-title {\n      margin:0;\n      font-family:Georgia,\"Times New Roman\",serif;\n      font-size:25px;\n      font-weight:700;\n      line-height:1.15;\n    }\n\n    .emf-summary-grid {\n      display:grid;\n      grid-template-columns:repeat(3,minmax(0,1fr));\n      gap:0;\n      background:var(--emf-wash);\n    }\n\n    .emf-summary-card {\n      position:relative;\n      min-block-size:190px;\n      padding:24px 20px 20px;\n      overflow:hidden!important;\n      background:#fff;\n      border-inline-end:1px solid var(--emf-line);\n    }\n\n    .emf-summary-card:last-child {\n      border-inline-end:0;\n    }\n\n    .emf-summary-number {\n      position:absolute;\n      inset-block-start:13px;\n      inset-inline-end:15px;\n      color:rgba(0,36,90,.10);\n      font-family:Georgia,\"Times New Roman\",serif;\n      font-size:46px;\n      font-weight:700;\n      line-height:1;\n      pointer-events:none;\n    }\n\n    .emf-summary-card-title {\n      position:relative;\n      z-index:1;\n      margin:0 0 11px;\n      padding-block-end:10px;\n      color:var(--emf-navy);\n      border-block-end:2px solid var(--emf-navy);\n      font-family:Georgia,\"Times New Roman\",serif;\n      font-size:18px;\n      font-weight:700;\n      line-height:1.3;\n      overflow-wrap:anywhere;\n    }\n\n    .emf-summary-card-text {\n      position:relative;\n      z-index:1;\n      color:#485560;\n      font-size:13px;\n      line-height:1.6;\n      overflow-wrap:anywhere;\n    }\n\n    .emf-summary-card-meta {\n      position:relative;\n      z-index:1;\n      display:inline-flex;\n      margin-block-start:16px;\n      padding:5px 8px;\n      color:var(--emf-navy);\n      background:#edf1f5;\n      border:1px solid #d9e0e7;\n      border-radius:2px!important;\n      font-size:10px;\n      font-weight:700;\n      letter-spacing:.08em;\n      line-height:1.2;\n      text-transform:uppercase;\n    }\n\n    @media(max-width:760px) {\n      .emf-summary-grid {\n        grid-template-columns:1fr;\n      }\n\n      .emf-summary-card {\n        min-block-size:0;\n        border-inline-end:0;\n        border-block-end:1px solid var(--emf-line);\n      }\n\n      .emf-summary-card:last-child {\n        border-block-end:0;\n      }\n    }\n\n    @media(max-width:480px) {\n      .emf-summary-brand {\n        padding:14px 15px;\n      }\n\n      .emf-summary-logo {\n        inline-size:52px;\n        block-size:52px;\n        flex-basis:52px;\n      }\n\n      .emf-summary-logo img {\n        inline-size:41px;\n        block-size:41px;\n        max-inline-size:41px;\n        max-block-size:41px;\n      }\n\n      .emf-summary-title {\n        font-size:22px;\n      }\n\n      .emf-summary-card {\n        padding:21px 16px 18px;\n      }\n    }\n  <\/style>\n\n  <div class=\"emf-summary-brand\">\n    <div class=\"emf-summary-logo\">\n      <img\n        alt=\"Logo EM Foco\"\n        decoding=\"async\"\n        fetchpriority=\"high\"\n        height=\"46\"\n        loading=\"eager\"\n        referrerpolicy=\"no-referrer\"\n        src=\"https:\/\/www.em.com.br\/emfoco\/wp-content\/uploads\/2026\/08\/em_transparente_3000px-scaled.png\"\n        width=\"46\"\n      >\n    <\/div>\n\n    <div>\n      <div class=\"emf-summary-eyebrow\">EM FOCO<\/div>\n      <div class=\"emf-summary-title\">Resumo da mat\u00e9ria<\/div>\n    <\/div>\n  <\/div>\n\n  <div class=\"emf-summary-grid\">\n    <div class=\"emf-summary-card\">\n      <span aria-hidden=\"true\" class=\"emf-summary-number\">01<\/span>\n      <div aria-level=\"3\" class=\"emf-summary-card-title\" role=\"heading\">\n        Informa\u00e7\u00e3o e pessoa se ligam\n      <\/div>\n      <div class=\"emf-summary-card-text\">\n        A mem\u00f3ria de destino registra a rela\u00e7\u00e3o entre o que foi dito e quem recebeu aquela informa\u00e7\u00e3o em uma conversa.\n      <\/div>\n      <div class=\"emf-summary-card-meta\">\n        Associa\u00e7\u00e3o social\n      <\/div>\n    <\/div>\n    <div class=\"emf-summary-card\">\n      <span aria-hidden=\"true\" class=\"emf-summary-number\">02<\/span>\n      <div aria-level=\"3\" class=\"emf-summary-card-title\" role=\"heading\">\n        A fala chama aten\u00e7\u00e3o\n      <\/div>\n      <div class=\"emf-summary-card-text\">\n        Quem conta pode se concentrar no conte\u00fado, na escolha das palavras e na pr\u00f3pria rea\u00e7\u00e3o, deixando menos aten\u00e7\u00e3o para o ouvinte.\n      <\/div>\n      <div class=\"emf-summary-card-meta\">\n        Divis\u00e3o de aten\u00e7\u00e3o\n      <\/div>\n    <\/div>\n    <div class=\"emf-summary-card\">\n      <span aria-hidden=\"true\" class=\"emf-summary-number\">03<\/span>\n      <div aria-level=\"3\" class=\"emf-summary-card-title\" role=\"heading\">\n        Repetir n\u00e3o prova descaso\n      <\/div>\n      <div class=\"emf-summary-card-text\">\n        Familiaridade, emo\u00e7\u00e3o, tra\u00e7os do rosto e import\u00e2ncia pessoal do assunto tamb\u00e9m podem mudar a lembran\u00e7a do destinat\u00e1rio.\n      <\/div>\n      <div class=\"emf-summary-card-meta\">\n        V\u00e1rios fatores\n      <\/div>\n    <\/div>\n  <\/div>\n<\/div>\n\n\n\n<p class=\"wp-block-paragraph\">A hist\u00f3ria est\u00e1 clara, mas falta uma parte: quem j\u00e1 a ouviu? A <strong>Psicologia<\/strong> chama essa associa\u00e7\u00e3o de <strong>mem\u00f3ria de destino<\/strong>, respons\u00e1vel por ligar uma informa\u00e7\u00e3o \u00e0 pessoa que a recebeu. Quando o conte\u00fado ocupa quase toda a aten\u00e7\u00e3o, o rosto do ouvinte pode ficar menos unido ao relato e abrir espa\u00e7o para repeti\u00e7\u00f5es.<\/p>\n\n\n\n<h2 class=\"wp-block-heading\">O que \u00e9 mem\u00f3ria de destino na Psicologia?<\/h2>\n\n\n\n<p class=\"wp-block-paragraph\">A <a href=\"https:\/\/en.wikipedia.org\/wiki\/Destination_memory\" target=\"_blank\" rel=\"noopener noreferrer\"><strong>mem\u00f3ria de destino<\/strong><\/a> \u00e9 a capacidade de lembrar para quem uma informa\u00e7\u00e3o foi enviada ou contada. Ela liga dois elementos: o conte\u00fado da mensagem e a pessoa que o recebeu. Quando essa uni\u00e3o falha, a hist\u00f3ria permanece, mas seu destino fica incerto.<\/p>\n\n\n\n<p class=\"wp-block-paragraph\">Ela \u00e9 diferente da mem\u00f3ria de fonte, usada para lembrar <strong>de onde recebemos uma informa\u00e7\u00e3o<\/strong>. Na fonte, a pessoa escuta; no destino, ela fala ou envia. As duas exigem associa\u00e7\u00e3o, por\u00e9m ocupam lados diferentes da comunica\u00e7\u00e3o e podem falhar de maneiras diferentes no cotidiano.<\/p>\n\n\n<div class=\"wp-block-image\">\n<figure class=\"aligncenter size-large\"><img decoding=\"async\" width=\"1024\" height=\"576\" src=\"https:\/\/www.em.com.br\/emfoco\/wp-content\/uploads\/2026\/09\/memorias-1-1024x576.jpg\" alt=\"\" class=\"wp-image-262074\" srcset=\"https:\/\/www.em.com.br\/emfoco\/wp-content\/uploads\/2026\/09\/memorias-1-1024x576.jpg 1024w, https:\/\/www.em.com.br\/emfoco\/wp-content\/uploads\/2026\/09\/memorias-1-300x169.jpg 300w, https:\/\/www.em.com.br\/emfoco\/wp-content\/uploads\/2026\/09\/memorias-1-768x432.jpg 768w, https:\/\/www.em.com.br\/emfoco\/wp-content\/uploads\/2026\/09\/memorias-1-750x421.jpg 750w, https:\/\/www.em.com.br\/emfoco\/wp-content\/uploads\/2026\/09\/memorias-1-1140x641.jpg 1140w, https:\/\/www.em.com.br\/emfoco\/wp-content\/uploads\/2026\/09\/memorias-1.jpg 1280w\" sizes=\"(max-width: 1024px) 100vw, 1024px\" \/><figcaption class=\"wp-element-caption\">Saber o que aconteceu n\u00e3o garante lembrar em qual conversa aquilo j\u00e1 apareceu<\/figcaption><\/figure>\n<\/div>\n\n\n<h2 class=\"wp-block-heading\">Como a ci\u00eancia descreve essa mem\u00f3ria social?<\/h2>\n\n\n\n<p class=\"wp-block-paragraph\">Publicada em <strong>Frontiers in Psychology<\/strong>, a revis\u00e3o <em>Destination memory: memory associated with social interactions<\/em> re\u00fane pesquisas sobre a capacidade de lembrar quem recebeu uma mensagem. O trabalho relaciona essa mem\u00f3ria \u00e0 cogni\u00e7\u00e3o social, nome dado aos processos usados para perceber e interpretar outras pessoas.<\/p>\n\n\n\n<p class=\"wp-block-paragraph\">A revis\u00e3o mostra que <strong>caracter\u00edsticas do remetente e do destinat\u00e1rio<\/strong> podem influenciar o resultado. Familiaridade, estado emocional, tra\u00e7os marcantes do rosto e valor pessoal da informa\u00e7\u00e3o aparecem entre os fatores examinados. Portanto, n\u00e3o existe uma \u00fanica causa capaz de explicar toda repeti\u00e7\u00e3o de hist\u00f3ria.<\/p>\n\n\n\n<h2 class=\"wp-block-heading\">Por que lembramos da hist\u00f3ria e esquecemos o ouvinte?<\/h2>\n\n\n\n<p class=\"wp-block-paragraph\">Quem fala costuma dedicar aten\u00e7\u00e3o ao <strong>conte\u00fado que deseja transmitir<\/strong>. \u00c9 preciso escolher palavras, organizar a ordem e observar se a hist\u00f3ria faz sentido. Enquanto isso, o rosto do ouvinte pode receber menos processamento, deixando mais fraca a liga\u00e7\u00e3o entre pessoa e mensagem.<\/p>\n\n\n\n<p class=\"wp-block-paragraph\">H\u00e1 tamb\u00e9m um foco natural em <strong>informa\u00e7\u00f5es produzidas por n\u00f3s mesmos<\/strong>. A fala, a opini\u00e3o e a emo\u00e7\u00e3o de contar podem ocupar o centro da experi\u00eancia. Se o destinat\u00e1rio n\u00e3o tem um tra\u00e7o marcante ou se v\u00e1rias conversas ocorreram em ambientes parecidos, a associa\u00e7\u00e3o pode se misturar.<\/p>\n\n\n\n<p class=\"myth-list-bridge wp-block-paragraph\">A seguir listamos <strong>quatro partes da conversa<\/strong> que disputam aten\u00e7\u00e3o durante a forma\u00e7\u00e3o dessa lembran\u00e7a:<\/p>\n\n\n\n<ul class=\"wp-block-list myth-bullet-list\">\n<li><strong>Conte\u00fado:<\/strong> a hist\u00f3ria precisa ser organizada e colocada em palavras.<\/li>\n\n\n\n<li><strong>Destinat\u00e1rio:<\/strong> o rosto deve ser ligado \u00e0 informa\u00e7\u00e3o transmitida.<\/li>\n\n\n\n<li><strong>Contexto:<\/strong> lugar e momento ajudam a separar conversas parecidas.<\/li>\n\n\n\n<li><strong>Rea\u00e7\u00e3o:<\/strong> a resposta do ouvinte pode fortalecer a associa\u00e7\u00e3o criada.<\/li>\n<\/ul>\n\n\n\n<p class=\"wp-block-paragraph\"><strong>Leia tamb\u00e9m: <a href=\"https:\/\/www.em.com.br\/emfoco\/2026\/09\/02\/psicologia-explica-por-que-certas-musicas-ficam-presas-na-cabeca-por-horas-mesmo-quando-voce-nao-gosta-delas\/\" target=\"_blank\" rel=\"noreferrer noopener\">Psicologia explica por que certas m\u00fasicas ficam presas na cabe\u00e7a por horas, mesmo quando voc\u00ea n\u00e3o gosta delas<\/a><\/strong><\/p>\n\n\n<div class=\"wp-block-image\">\n<figure class=\"aligncenter size-large\"><img decoding=\"async\" width=\"1024\" height=\"576\" src=\"https:\/\/www.em.com.br\/emfoco\/wp-content\/uploads\/2026\/09\/memorias34-1024x576.jpg\" alt=\"\" class=\"wp-image-262075\" srcset=\"https:\/\/www.em.com.br\/emfoco\/wp-content\/uploads\/2026\/09\/memorias34-1024x576.jpg 1024w, https:\/\/www.em.com.br\/emfoco\/wp-content\/uploads\/2026\/09\/memorias34-300x169.jpg 300w, https:\/\/www.em.com.br\/emfoco\/wp-content\/uploads\/2026\/09\/memorias34-768x432.jpg 768w, https:\/\/www.em.com.br\/emfoco\/wp-content\/uploads\/2026\/09\/memorias34-750x421.jpg 750w, https:\/\/www.em.com.br\/emfoco\/wp-content\/uploads\/2026\/09\/memorias34-1140x641.jpg 1140w, https:\/\/www.em.com.br\/emfoco\/wp-content\/uploads\/2026\/09\/memorias34.jpg 1280w\" sizes=\"(max-width: 1024px) 100vw, 1024px\" \/><figcaption class=\"wp-element-caption\">Esse tipo de confus\u00e3o ajuda a explicar por que repetimos hist\u00f3rias para as mesmas pessoas<\/figcaption><\/figure>\n<\/div>\n\n\n<h2 class=\"wp-block-heading\">Quando a mesma hist\u00f3ria pode ser repetida?<\/h2>\n\n\n\n<p class=\"wp-block-paragraph\">A repeti\u00e7\u00e3o fica mais prov\u00e1vel quando <strong>muitas pessoas recebem relatos parecidos<\/strong> ou quando as conversas acontecem em sequ\u00eancia. Tamb\u00e9m pode surgir quando o assunto chama mais aten\u00e7\u00e3o do que quem escuta. Isso explica situa\u00e7\u00f5es comuns em fam\u00edlias, grupos de trabalho e encontros com v\u00e1rios amigos.<\/p>\n\n\n\n<p class=\"wp-block-paragraph\">O <a href=\"https:\/\/uwaterloo.ca\/memory-attention-cognition-lab\/publications\" target=\"_blank\" rel=\"noopener noreferrer\"><strong>laborat\u00f3rio de mem\u00f3ria da Universidade de Waterloo<\/strong><\/a> registra entre suas publica\u00e7\u00f5es o trabalho que ajudou a nomear essa capacidade. O t\u00edtulo usa justamente a pergunta \u201cpare se eu j\u00e1 contei isso\u201d, mostrando como uma falha experimental tamb\u00e9m aparece em conversas comuns.<\/p>\n\n\n\n<p class=\"myth-html-bridge wp-block-paragraph\">A seguir listamos <strong>tr\u00eas cen\u00e1rios cotidianos<\/strong> em que conte\u00fado e destinat\u00e1rio podem acabar separados na mem\u00f3ria:<\/p>\n\n\n\n<div class=\"emf-data-table google-auto-ads-ignore\">\n  <style>\n    .emf-data-table {\n      --emf-navy:#00245a;\n      --emf-navy-soft:#0b3b70;\n      --emf-ink:#1d2731;\n      --emf-muted:#66727e;\n      --emf-line:#d7dde5;\n      --emf-wash:#f4f6f8;\n      box-sizing:border-box!important;\n      inline-size:min(1100px,100%)!important;\n      max-inline-size:100%!important;\n      margin-inline:auto!important;\n      overflow:hidden!important;\n      color:var(--emf-ink);\n      background:#fff;\n      border:1px solid var(--emf-line);\n      border-radius:6px!important;\n      box-shadow:0 8px 24px rgba(0,36,90,.08);\n      font-family:Arial,Helvetica,sans-serif;\n    }\n\n    .emf-data-table *,\n    .emf-data-table *::before,\n    .emf-data-table *::after {\n      box-sizing:border-box!important;\n    }\n\n    .emf-data-table-brand {\n      display:flex;\n      align-items:center;\n      gap:13px;\n      min-block-size:72px;\n      padding:10px 17px;\n      color:#fff;\n      background:linear-gradient(105deg,var(--emf-navy) 0%,var(--emf-navy-soft) 100%);\n      border-block-end:4px solid #c5ced8;\n    }\n\n    .emf-data-table-logo {\n      display:grid;\n      place-items:center;\n      inline-size:52px;\n      block-size:52px;\n      flex:0 0 52px;\n      background:rgba(255,255,255,.08);\n      border:1px solid rgba(255,255,255,.35);\n      border-radius:3px!important;\n    }\n\n    .emf-data-table-logo img {\n      display:block;\n      inline-size:41px;\n      block-size:41px;\n      max-inline-size:41px;\n      max-block-size:41px;\n      object-fit:contain;\n    }\n\n    .emf-data-table-kicker {\n      margin:0 0 2px;\n      font-size:10px;\n      font-weight:700;\n      letter-spacing:.16em;\n      line-height:1.2;\n      text-transform:uppercase;\n      opacity:.78;\n    }\n\n    .emf-data-table-title {\n      margin:0;\n      font-family:Georgia,\"Times New Roman\",serif;\n      font-size:21px;\n      font-weight:700;\n      line-height:1.2;\n    }\n\n    .emf-data-table-scroll {\n      display:block!important;\n      inline-size:100%!important;\n      max-inline-size:100%!important;\n      overflow-x:auto!important;\n      overflow-y:hidden!important;\n      -webkit-overflow-scrolling:touch;\n      overscroll-behavior-inline:contain;\n      scrollbar-width:thin;\n      scrollbar-color:#8798aa #edf1f5;\n    }\n\n    .emf-data-table-scroll:focus-visible {\n      outline:3px solid rgba(0,36,90,.35);\n      outline-offset:-3px;\n    }\n\n    .emf-data-table table {\n      display:table!important;\n      inline-size:100%!important;\n      min-inline-size:680px!important;\n      max-inline-size:none!important;\n      margin:0!important;\n      border:0!important;\n      border-collapse:separate!important;\n      border-spacing:0!important;\n      table-layout:auto!important;\n      background:#fff!important;\n    }\n\n    .emf-data-table caption {\n      position:absolute!important;\n      inline-size:1px!important;\n      block-size:1px!important;\n      padding:0!important;\n      margin:-1px!important;\n      overflow:hidden!important;\n      clip:rect(0,0,0,0)!important;\n      white-space:nowrap!important;\n      border:0!important;\n    }\n\n    .emf-data-table thead {\n      display:table-header-group!important;\n    }\n\n    .emf-data-table tbody {\n      display:table-row-group!important;\n    }\n\n    .emf-data-table tr {\n      display:table-row!important;\n    }\n\n    .emf-data-table th,\n    .emf-data-table td {\n      display:table-cell!important;\n      float:none!important;\n      inline-size:auto!important;\n      max-inline-size:none!important;\n      margin:0!important;\n      border-radius:0!important;\n      text-align:left!important;\n      vertical-align:middle!important;\n    }\n\n    .emf-data-table th {\n      padding:14px 17px!important;\n      color:#fff!important;\n      background:var(--emf-navy)!important;\n      border-block-end:1px solid rgba(255,255,255,.22)!important;\n      border-inline-end:1px solid rgba(255,255,255,.12)!important;\n      font-family:Georgia,\"Times New Roman\",serif;\n      font-size:14px!important;\n      font-weight:700!important;\n      line-height:1.35!important;\n      white-space:nowrap!important;\n    }\n\n    .emf-data-table th:last-child {\n      border-inline-end:0!important;\n    }\n\n    .emf-data-table td {\n      padding:14px 17px!important;\n      color:#43515e!important;\n      background:#fff!important;\n      border-block-end:1px solid var(--emf-line)!important;\n      font-size:14px!important;\n      font-weight:400!important;\n      line-height:1.5!important;\n      overflow-wrap:anywhere;\n    }\n\n    .emf-data-table tbody tr:nth-child(even) td {\n      background:var(--emf-wash)!important;\n    }\n\n    .emf-data-table tbody tr:hover td {\n      background:#eaf0f5!important;\n    }\n\n    .emf-data-table tbody tr:last-child td {\n      border-block-end:0!important;\n    }\n\n    .emf-data-table td:first-child {\n      color:var(--emf-navy)!important;\n      font-weight:700!important;\n    }\n\n    @media(max-width:560px) {\n      .emf-data-table-brand {\n        min-block-size:68px;\n        padding:9px 13px;\n      }\n\n      .emf-data-table-title {\n        font-size:19px;\n      }\n\n      .emf-data-table-scroll {\n        overflow:visible!important;\n      }\n\n      .emf-data-table table,\n      .emf-data-table thead,\n      .emf-data-table tbody,\n      .emf-data-table tr,\n      .emf-data-table th,\n      .emf-data-table td {\n        display:block!important;\n        inline-size:100%!important;\n        min-inline-size:0!important;\n        max-inline-size:100%!important;\n      }\n\n      .emf-data-table table {\n        padding:13px!important;\n      }\n\n      .emf-data-table thead {\n        position:absolute!important;\n        inline-size:1px!important;\n        block-size:1px!important;\n        padding:0!important;\n        margin:-1px!important;\n        overflow:hidden!important;\n        clip:rect(0,0,0,0)!important;\n        white-space:nowrap!important;\n      }\n\n      .emf-data-table tbody {\n        display:grid!important;\n        gap:11px;\n      }\n\n      .emf-data-table tr {\n        overflow:hidden!important;\n        background:#fff!important;\n        border:1px solid var(--emf-line)!important;\n        border-block-start:4px solid var(--emf-navy)!important;\n        border-radius:4px!important;\n        box-shadow:0 4px 12px rgba(0,36,90,.06);\n      }\n\n      .emf-data-table td,\n      .emf-data-table tbody tr:nth-child(even) td,\n      .emf-data-table tbody tr:hover td {\n        display:grid!important;\n        grid-template-columns:minmax(105px,38%) minmax(0,1fr)!important;\n        align-items:start;\n        gap:11px;\n        padding:11px 12px!important;\n        background:#fff!important;\n        border-block-end:1px solid #e2e7ec!important;\n      }\n\n      .emf-data-table td::before {\n        content:attr(data-label);\n        color:var(--emf-muted);\n        font-size:10px;\n        font-weight:700;\n        letter-spacing:.06em;\n        line-height:1.35;\n        text-transform:uppercase;\n      }\n\n      .emf-data-table td:first-child {\n        color:var(--emf-navy)!important;\n        background:#edf1f5!important;\n      }\n\n      .emf-data-table td:last-child {\n        border-block-end:0!important;\n      }\n    }\n  <\/style>\n\n  <div class=\"emf-data-table-brand\">\n    <div class=\"emf-data-table-logo\">\n      <img\n        alt=\"Logo EM Foco\"\n        decoding=\"async\"\n        height=\"41\"\n        loading=\"lazy\"\n        referrerpolicy=\"no-referrer\"\n        src=\"https:\/\/www.em.com.br\/emfoco\/wp-content\/uploads\/2026\/08\/em_transparente_3000px-scaled.png\"\n        width=\"41\"\n      >\n    <\/div>\n\n    <div>\n      <div class=\"emf-data-table-kicker\">DADOS EM FOCO<\/div>\n      <div class=\"emf-data-table-title\">Quando a hist\u00f3ria perde o destino<\/div>\n    <\/div>\n  <\/div>\n\n  <div aria-label=\"Tabela com cen\u00e1rios de conversa, dificuldades de associa\u00e7\u00e3o e resultados poss\u00edveis\" class=\"emf-data-table-scroll\" role=\"region\" tabindex=\"0\">\n    <table>\n      <caption>Situa\u00e7\u00f5es cotidianas que podem dificultar lembrar para quem uma hist\u00f3ria foi contada.<\/caption>\n      <thead>\n        <tr>\n          <th scope=\"col\">Cen\u00e1rio<\/th>\n          <th scope=\"col\">Dificuldade<\/th>\n          <th scope=\"col\">Resultado poss\u00edvel<\/th>\n        <\/tr>\n      <\/thead>\n      <tbody>\n        <tr>\n          <td data-label=\"Cen\u00e1rio\">Grupo grande<\/td>\n          <td data-label=\"Dificuldade\">Muitos rostos e respostas<\/td>\n          <td data-label=\"Resultado poss\u00edvel\">Destinat\u00e1rio fica incerto<\/td>\n        <\/tr>\n        <tr>\n          <td data-label=\"Cen\u00e1rio\">Relato repetido<\/td>\n          <td data-label=\"Dificuldade\">Conte\u00fado muda pouco<\/td>\n          <td data-label=\"Resultado poss\u00edvel\">Conversas se misturam<\/td>\n        <\/tr>\n        <tr>\n          <td data-label=\"Cen\u00e1rio\">Assunto envolvente<\/td>\n          <td data-label=\"Dificuldade\">A hist\u00f3ria domina a aten\u00e7\u00e3o<\/td>\n          <td data-label=\"Resultado poss\u00edvel\">O ouvinte recebe menos destaque<\/td>\n        <\/tr>\n      <\/tbody>\n    <\/table>\n  <\/div>\n<\/div>\n\n\n\n<h2 class=\"wp-block-heading\">Esquecer para quem contamos significa falta de interesse?<\/h2>\n\n\n\n<p class=\"wp-block-paragraph\">N\u00e3o necessariamente. Uma falha de <strong>mem\u00f3ria de destino n\u00e3o prova desaten\u00e7\u00e3o afetiva<\/strong> nem falta de respeito. Ela pode refletir a dificuldade de unir conte\u00fado e pessoa em uma conversa espec\u00edfica. Um epis\u00f3dio isolado tamb\u00e9m n\u00e3o permite concluir que exista um problema geral de mem\u00f3ria.<\/p>\n\n\n\n<p class=\"wp-block-paragraph\">Da hist\u00f3ria bem lembrada ao rosto incerto, o que falha \u00e9 <strong>a liga\u00e7\u00e3o entre duas informa\u00e7\u00f5es<\/strong>. A mem\u00f3ria de destino explica por que podemos guardar o relato e ainda perguntar quem j\u00e1 o ouviu. Repetir uma hist\u00f3ria pode ser constrangedor, mas tamb\u00e9m revela como lembrar depende de associa\u00e7\u00f5es, n\u00e3o apenas de conte\u00fado.<\/p>\n","protected":false},"excerpt":{"rendered":"<p>EM FOCO Resumo da mat\u00e9ria 01 Informa\u00e7\u00e3o e pessoa se ligam A mem\u00f3ria de destino registra a rela\u00e7\u00e3o entre o que foi dito e quem recebeu aquela informa\u00e7\u00e3o em uma conversa. Associa\u00e7\u00e3o social 02 A fala chama aten\u00e7\u00e3o Quem conta pode se concentrar no conte\u00fado, na escolha das palavras e na pr\u00f3pria rea\u00e7\u00e3o, deixando menos [&hellip;]<\/p>\n","protected":false},"author":30,"featured_media":262072,"comment_status":"open","ping_status":"open","sticky":false,"template":"","format":"standard","meta":{"jnews-multi-image_gallery":[],"jnews_single_post":{"format":"standard"},"jnews_primary_category":[],"jnews_social_meta":[],"jnews_override_counter":[],"footnotes":""},"categories":[8819],"tags":[668,7916,5381,5155],"class_list":["post-262033","post","type-post","status-publish","format-standard","has-post-thumbnail","hentry","category-curiosidades","tag-comunicacao","tag-conversas","tag-memoria","tag-psicologia"],"yoast_head":"<!-- This site is optimized with the Yoast SEO plugin v28.3 - https:\/\/yoast.com\/product\/yoast-seo-wordpress\/ -->\n<title>\u201cEu j\u00e1 contei isso para voc\u00ea?\u201d A psicologia explica por que lembramos da hist\u00f3ria, mas esquecemos para quem a contamos - Estado de Minas - Em foco<\/title>\n<meta name=\"description\" content=\"Lembrar da hist\u00f3ria n\u00e3o significa lembrar para quem ela j\u00e1 foi contada. Entenda por que a psicologia separa conte\u00fado e fonte na mem\u00f3ria.\" \/>\n<meta name=\"robots\" content=\"index, follow, max-snippet:-1, max-image-preview:large, max-video-preview:-1\" \/>\n<link rel=\"canonical\" href=\"https:\/\/www.em.com.br\/emfoco\/2026\/09\/03\/eu-ja-contei-isso-para-voce-a-psicologia-explica-por-que-lembramos-da-historia-mas-esquecemos-para-quem-a-contamos\/\" \/>\n<meta property=\"og:locale\" content=\"pt_BR\" \/>\n<meta property=\"og:type\" content=\"article\" \/>\n<meta property=\"og:title\" content=\"\u201cEu j\u00e1 contei isso para voc\u00ea?\u201d A psicologia explica por que lembramos da hist\u00f3ria, mas esquecemos para quem a contamos - Estado de Minas - Em foco\" \/>\n<meta property=\"og:description\" content=\"Lembrar da hist\u00f3ria n\u00e3o significa lembrar para quem ela j\u00e1 foi contada. Entenda por que a psicologia separa conte\u00fado e fonte na mem\u00f3ria.\" \/>\n<meta property=\"og:url\" content=\"https:\/\/www.em.com.br\/emfoco\/2026\/09\/03\/eu-ja-contei-isso-para-voce-a-psicologia-explica-por-que-lembramos-da-historia-mas-esquecemos-para-quem-a-contamos\/\" \/>\n<meta property=\"og:site_name\" content=\"Estado de Minas - Em foco\" \/>\n<meta property=\"article:published_time\" content=\"2026-09-04T00:17:00+00:00\" \/>\n<meta property=\"og:image\" content=\"https:\/\/www.em.com.br\/emfoco\/wp-content\/uploads\/2026\/09\/conversa.jpg\" \/>\n\t<meta property=\"og:image:width\" content=\"1280\" \/>\n\t<meta property=\"og:image:height\" content=\"720\" \/>\n\t<meta property=\"og:image:type\" content=\"image\/jpeg\" \/>\n<meta name=\"author\" content=\"Guilherme Ara\u00fajo\" \/>\n<meta name=\"twitter:card\" content=\"summary_large_image\" \/>\n<meta name=\"twitter:label1\" content=\"Escrito por\" \/>\n\t<meta name=\"twitter:data1\" content=\"Guilherme Ara\u00fajo\" \/>\n\t<meta name=\"twitter:label2\" content=\"Est. tempo de leitura\" \/>\n\t<meta name=\"twitter:data2\" content=\"6 minutos\" \/>\n<!-- \/ Yoast SEO plugin. -->","yoast_head_json":{"title":"\u201cEu j\u00e1 contei isso para voc\u00ea?\u201d A psicologia explica por que lembramos da hist\u00f3ria, mas esquecemos para quem a contamos - Estado de Minas - Em foco","description":"Lembrar da hist\u00f3ria n\u00e3o significa lembrar para quem ela j\u00e1 foi contada. Entenda por que a psicologia separa conte\u00fado e fonte na mem\u00f3ria.","robots":{"index":"index","follow":"follow","max-snippet":"max-snippet:-1","max-image-preview":"max-image-preview:large","max-video-preview":"max-video-preview:-1"},"canonical":"https:\/\/www.em.com.br\/emfoco\/2026\/09\/03\/eu-ja-contei-isso-para-voce-a-psicologia-explica-por-que-lembramos-da-historia-mas-esquecemos-para-quem-a-contamos\/","og_locale":"pt_BR","og_type":"article","og_title":"\u201cEu j\u00e1 contei isso para voc\u00ea?\u201d A psicologia explica por que lembramos da hist\u00f3ria, mas esquecemos para quem a contamos - Estado de Minas - Em foco","og_description":"Lembrar da hist\u00f3ria n\u00e3o significa lembrar para quem ela j\u00e1 foi contada. Entenda por que a psicologia separa conte\u00fado e fonte na mem\u00f3ria.","og_url":"https:\/\/www.em.com.br\/emfoco\/2026\/09\/03\/eu-ja-contei-isso-para-voce-a-psicologia-explica-por-que-lembramos-da-historia-mas-esquecemos-para-quem-a-contamos\/","og_site_name":"Estado de Minas - Em foco","article_published_time":"2026-09-04T00:17:00+00:00","og_image":[{"width":1280,"height":720,"url":"https:\/\/www.em.com.br\/emfoco\/wp-content\/uploads\/2026\/09\/conversa.jpg","type":"image\/jpeg"}],"author":"Guilherme Ara\u00fajo","twitter_card":"summary_large_image","twitter_misc":{"Escrito por":"Guilherme Ara\u00fajo","Est. tempo de leitura":"6 minutos"},"schema":{"@context":"https:\/\/schema.org","@graph":[{"@type":"Article","@id":"https:\/\/www.em.com.br\/emfoco\/2026\/09\/03\/eu-ja-contei-isso-para-voce-a-psicologia-explica-por-que-lembramos-da-historia-mas-esquecemos-para-quem-a-contamos\/#article","isPartOf":{"@id":"https:\/\/www.em.com.br\/emfoco\/2026\/09\/03\/eu-ja-contei-isso-para-voce-a-psicologia-explica-por-que-lembramos-da-historia-mas-esquecemos-para-quem-a-contamos\/"},"author":{"name":"Guilherme Ara\u00fajo","@id":"https:\/\/www.em.com.br\/emfoco\/#\/schema\/person\/5379e929a4b966c775d121e23f9bb421"},"headline":"\u201cEu j\u00e1 contei isso para voc\u00ea?\u201d A psicologia explica por que lembramos da hist\u00f3ria, mas esquecemos para quem a contamos","datePublished":"2026-09-04T00:17:00+00:00","mainEntityOfPage":{"@id":"https:\/\/www.em.com.br\/emfoco\/2026\/09\/03\/eu-ja-contei-isso-para-voce-a-psicologia-explica-por-que-lembramos-da-historia-mas-esquecemos-para-quem-a-contamos\/"},"wordCount":942,"commentCount":0,"image":{"@id":"https:\/\/www.em.com.br\/emfoco\/2026\/09\/03\/eu-ja-contei-isso-para-voce-a-psicologia-explica-por-que-lembramos-da-historia-mas-esquecemos-para-quem-a-contamos\/#primaryimage"},"thumbnailUrl":"https:\/\/www.em.com.br\/emfoco\/wp-content\/uploads\/2026\/09\/conversa.jpg","keywords":["comunica\u00e7\u00e3o","conversas","mem\u00f3ria","psicologia"],"articleSection":["Curiosidades"],"inLanguage":"pt-BR","potentialAction":[{"@type":"CommentAction","name":"Comment","target":["https:\/\/www.em.com.br\/emfoco\/2026\/09\/03\/eu-ja-contei-isso-para-voce-a-psicologia-explica-por-que-lembramos-da-historia-mas-esquecemos-para-quem-a-contamos\/#respond"]}]},{"@type":"WebPage","@id":"https:\/\/www.em.com.br\/emfoco\/2026\/09\/03\/eu-ja-contei-isso-para-voce-a-psicologia-explica-por-que-lembramos-da-historia-mas-esquecemos-para-quem-a-contamos\/","url":"https:\/\/www.em.com.br\/emfoco\/2026\/09\/03\/eu-ja-contei-isso-para-voce-a-psicologia-explica-por-que-lembramos-da-historia-mas-esquecemos-para-quem-a-contamos\/","name":"\u201cEu j\u00e1 contei isso para voc\u00ea?\u201d A psicologia explica por que lembramos da hist\u00f3ria, mas esquecemos para quem a contamos - Estado de Minas - Em foco","isPartOf":{"@id":"https:\/\/www.em.com.br\/emfoco\/#website"},"primaryImageOfPage":{"@id":"https:\/\/www.em.com.br\/emfoco\/2026\/09\/03\/eu-ja-contei-isso-para-voce-a-psicologia-explica-por-que-lembramos-da-historia-mas-esquecemos-para-quem-a-contamos\/#primaryimage"},"image":{"@id":"https:\/\/www.em.com.br\/emfoco\/2026\/09\/03\/eu-ja-contei-isso-para-voce-a-psicologia-explica-por-que-lembramos-da-historia-mas-esquecemos-para-quem-a-contamos\/#primaryimage"},"thumbnailUrl":"https:\/\/www.em.com.br\/emfoco\/wp-content\/uploads\/2026\/09\/conversa.jpg","datePublished":"2026-09-04T00:17:00+00:00","author":{"@id":"https:\/\/www.em.com.br\/emfoco\/#\/schema\/person\/5379e929a4b966c775d121e23f9bb421"},"description":"Lembrar da hist\u00f3ria n\u00e3o significa lembrar para quem ela j\u00e1 foi contada. Entenda por que a psicologia separa conte\u00fado e fonte na mem\u00f3ria.","breadcrumb":{"@id":"https:\/\/www.em.com.br\/emfoco\/2026\/09\/03\/eu-ja-contei-isso-para-voce-a-psicologia-explica-por-que-lembramos-da-historia-mas-esquecemos-para-quem-a-contamos\/#breadcrumb"},"inLanguage":"pt-BR","potentialAction":[{"@type":"ReadAction","target":["https:\/\/www.em.com.br\/emfoco\/2026\/09\/03\/eu-ja-contei-isso-para-voce-a-psicologia-explica-por-que-lembramos-da-historia-mas-esquecemos-para-quem-a-contamos\/"]}]},{"@type":"ImageObject","inLanguage":"pt-BR","@id":"https:\/\/www.em.com.br\/emfoco\/2026\/09\/03\/eu-ja-contei-isso-para-voce-a-psicologia-explica-por-que-lembramos-da-historia-mas-esquecemos-para-quem-a-contamos\/#primaryimage","url":"https:\/\/www.em.com.br\/emfoco\/wp-content\/uploads\/2026\/09\/conversa.jpg","contentUrl":"https:\/\/www.em.com.br\/emfoco\/wp-content\/uploads\/2026\/09\/conversa.jpg","width":1280,"height":720,"caption":"O conte\u00fado de uma lembran\u00e7a pode permanecer forte enquanto sua origem ou destino ficam menos claros"},{"@type":"BreadcrumbList","@id":"https:\/\/www.em.com.br\/emfoco\/2026\/09\/03\/eu-ja-contei-isso-para-voce-a-psicologia-explica-por-que-lembramos-da-historia-mas-esquecemos-para-quem-a-contamos\/#breadcrumb","itemListElement":[{"@type":"ListItem","position":1,"name":"In\u00edcio","item":"https:\/\/www.em.com.br\/emfoco\/"},{"@type":"ListItem","position":2,"name":"\u201cEu j\u00e1 contei isso para voc\u00ea?\u201d A psicologia explica por que lembramos da hist\u00f3ria, mas esquecemos para quem a contamos"}]},{"@type":"WebSite","@id":"https:\/\/www.em.com.br\/emfoco\/#website","url":"https:\/\/www.em.com.br\/emfoco\/","name":"Estado de Minas - Em foco","description":"Acompanhe as \u00faltimas not\u00edcias e fique bem informado sobre tudo o que acontece em Minas Gerais, Brasil e no mundo.","potentialAction":[{"@type":"SearchAction","target":{"@type":"EntryPoint","urlTemplate":"https:\/\/www.em.com.br\/emfoco\/?s={search_term_string}"},"query-input":{"@type":"PropertyValueSpecification","valueRequired":true,"valueName":"search_term_string"}}],"inLanguage":"pt-BR"},{"@type":"Person","@id":"https:\/\/www.em.com.br\/emfoco\/#\/schema\/person\/5379e929a4b966c775d121e23f9bb421","name":"Guilherme Ara\u00fajo","image":{"@type":"ImageObject","inLanguage":"pt-BR","@id":"https:\/\/secure.gravatar.com\/avatar\/063bc96e5a2afd1844386c45bd1360efc771eff011a9fab8cd399e2a104c3ecd?s=96&d=mm&r=g","url":"https:\/\/secure.gravatar.com\/avatar\/063bc96e5a2afd1844386c45bd1360efc771eff011a9fab8cd399e2a104c3ecd?s=96&d=mm&r=g","contentUrl":"https:\/\/secure.gravatar.com\/avatar\/063bc96e5a2afd1844386c45bd1360efc771eff011a9fab8cd399e2a104c3ecd?s=96&d=mm&r=g","caption":"Guilherme Ara\u00fajo"},"sameAs":["https:\/\/www.em.com.br\/emfoco"],"url":"https:\/\/www.em.com.br\/emfoco\/author\/guilhermeamyth\/"}]}},"_links":{"self":[{"href":"https:\/\/www.em.com.br\/emfoco\/wp-json\/wp\/v2\/posts\/262033","targetHints":{"allow":["GET"]}}],"collection":[{"href":"https:\/\/www.em.com.br\/emfoco\/wp-json\/wp\/v2\/posts"}],"about":[{"href":"https:\/\/www.em.com.br\/emfoco\/wp-json\/wp\/v2\/types\/post"}],"author":[{"embeddable":true,"href":"https:\/\/www.em.com.br\/emfoco\/wp-json\/wp\/v2\/users\/30"}],"replies":[{"embeddable":true,"href":"https:\/\/www.em.com.br\/emfoco\/wp-json\/wp\/v2\/comments?post=262033"}],"version-history":[{"count":4,"href":"https:\/\/www.em.com.br\/emfoco\/wp-json\/wp\/v2\/posts\/262033\/revisions"}],"predecessor-version":[{"id":262154,"href":"https:\/\/www.em.com.br\/emfoco\/wp-json\/wp\/v2\/posts\/262033\/revisions\/262154"}],"wp:featuredmedia":[{"embeddable":true,"href":"https:\/\/www.em.com.br\/emfoco\/wp-json\/wp\/v2\/media\/262072"}],"wp:attachment":[{"href":"https:\/\/www.em.com.br\/emfoco\/wp-json\/wp\/v2\/media?parent=262033"}],"wp:term":[{"taxonomy":"category","embeddable":true,"href":"https:\/\/www.em.com.br\/emfoco\/wp-json\/wp\/v2\/categories?post=262033"},{"taxonomy":"post_tag","embeddable":true,"href":"https:\/\/www.em.com.br\/emfoco\/wp-json\/wp\/v2\/tags?post=262033"}],"curies":[{"name":"wp","href":"https:\/\/api.w.org\/{rel}","templated":true}]}}