{"id":262031,"date":"2026-09-03T07:07:00","date_gmt":"2026-09-03T10:07:00","guid":{"rendered":"https:\/\/www.em.com.br\/emfoco\/?p=262031"},"modified":"2026-09-02T21:53:42","modified_gmt":"2026-09-03T00:53:42","slug":"por-que-uma-viagem-inteira-pode-ser-lembrada-pelo-pior-momento-e-pelos-ultimos-minutos-a-psicologia-explica-a-regra-do-pico-fim","status":"publish","type":"post","link":"https:\/\/www.em.com.br\/emfoco\/2026\/09\/03\/por-que-uma-viagem-inteira-pode-ser-lembrada-pelo-pior-momento-e-pelos-ultimos-minutos-a-psicologia-explica-a-regra-do-pico-fim\/","title":{"rendered":"Por que uma viagem inteira pode ser lembrada pelo pior momento e pelos \u00faltimos minutos? A psicologia explica a regra do pico-fim"},"content":{"rendered":"\n<div class=\"emf-summary google-auto-ads-ignore\">\n  <style>\n    .emf-summary {\n      --emf-navy:#00245a;\n      --emf-navy-soft:#0b3b70;\n      --emf-ink:#1d2731;\n      --emf-muted:#66727e;\n      --emf-line:#d7dde5;\n      --emf-paper:#ffffff;\n      --emf-wash:#f4f6f8;\n      box-sizing:border-box!important;\n      inline-size:min(1100px,100%)!important;\n      max-inline-size:100%!important;\n      margin-inline:auto!important;\n      overflow:hidden!important;\n      color:var(--emf-ink);\n      background:var(--emf-paper);\n      border:1px solid var(--emf-line);\n      border-block-start:5px solid var(--emf-navy);\n      border-radius:6px!important;\n      box-shadow:0 8px 24px rgba(0,36,90,.08);\n      font-family:Arial,Helvetica,sans-serif;\n    }\n\n    .emf-summary *,\n    .emf-summary *::before,\n    .emf-summary *::after {\n      box-sizing:border-box!important;\n    }\n\n    .emf-summary-brand {\n      display:flex;\n      align-items:center;\n      gap:14px;\n      padding:16px 20px;\n      color:#fff;\n      background:linear-gradient(105deg,var(--emf-navy) 0%,var(--emf-navy-soft) 100%);\n      border-block-end:1px solid rgba(255,255,255,.18);\n    }\n\n    .emf-summary-logo {\n      display:grid;\n      place-items:center;\n      inline-size:58px;\n      block-size:58px;\n      flex:0 0 58px;\n      background:rgba(255,255,255,.08);\n      border:1px solid rgba(255,255,255,.35);\n      border-radius:3px!important;\n    }\n\n    .emf-summary-logo img {\n      display:block;\n      inline-size:46px;\n      block-size:46px;\n      max-inline-size:46px;\n      max-block-size:46px;\n      object-fit:contain;\n    }\n\n    .emf-summary-eyebrow {\n      margin:0 0 3px;\n      font-size:11px;\n      font-weight:700;\n      letter-spacing:.18em;\n      line-height:1.2;\n      text-transform:uppercase;\n      opacity:.78;\n    }\n\n    .emf-summary-title {\n      margin:0;\n      font-family:Georgia,\"Times New Roman\",serif;\n      font-size:25px;\n      font-weight:700;\n      line-height:1.15;\n    }\n\n    .emf-summary-grid {\n      display:grid;\n      grid-template-columns:repeat(3,minmax(0,1fr));\n      gap:0;\n      background:var(--emf-wash);\n    }\n\n    .emf-summary-card {\n      position:relative;\n      min-block-size:190px;\n      padding:24px 20px 20px;\n      overflow:hidden!important;\n      background:#fff;\n      border-inline-end:1px solid var(--emf-line);\n    }\n\n    .emf-summary-card:last-child {\n      border-inline-end:0;\n    }\n\n    .emf-summary-number {\n      position:absolute;\n      inset-block-start:13px;\n      inset-inline-end:15px;\n      color:rgba(0,36,90,.10);\n      font-family:Georgia,\"Times New Roman\",serif;\n      font-size:46px;\n      font-weight:700;\n      line-height:1;\n      pointer-events:none;\n    }\n\n    .emf-summary-card-title {\n      position:relative;\n      z-index:1;\n      margin:0 0 11px;\n      padding-block-end:10px;\n      color:var(--emf-navy);\n      border-block-end:2px solid var(--emf-navy);\n      font-family:Georgia,\"Times New Roman\",serif;\n      font-size:18px;\n      font-weight:700;\n      line-height:1.3;\n      overflow-wrap:anywhere;\n    }\n\n    .emf-summary-card-text {\n      position:relative;\n      z-index:1;\n      color:#485560;\n      font-size:13px;\n      line-height:1.6;\n      overflow-wrap:anywhere;\n    }\n\n    .emf-summary-card-meta {\n      position:relative;\n      z-index:1;\n      display:inline-flex;\n      margin-block-start:16px;\n      padding:5px 8px;\n      color:var(--emf-navy);\n      background:#edf1f5;\n      border:1px solid #d9e0e7;\n      border-radius:2px!important;\n      font-size:10px;\n      font-weight:700;\n      letter-spacing:.08em;\n      line-height:1.2;\n      text-transform:uppercase;\n    }\n\n    @media(max-width:760px) {\n      .emf-summary-grid {\n        grid-template-columns:1fr;\n      }\n\n      .emf-summary-card {\n        min-block-size:0;\n        border-inline-end:0;\n        border-block-end:1px solid var(--emf-line);\n      }\n\n      .emf-summary-card:last-child {\n        border-block-end:0;\n      }\n    }\n\n    @media(max-width:480px) {\n      .emf-summary-brand {\n        padding:14px 15px;\n      }\n\n      .emf-summary-logo {\n        inline-size:52px;\n        block-size:52px;\n        flex-basis:52px;\n      }\n\n      .emf-summary-logo img {\n        inline-size:41px;\n        block-size:41px;\n        max-inline-size:41px;\n        max-block-size:41px;\n      }\n\n      .emf-summary-title {\n        font-size:22px;\n      }\n\n      .emf-summary-card {\n        padding:21px 16px 18px;\n      }\n    }\n  <\/style>\n\n  <div class=\"emf-summary-brand\">\n    <div class=\"emf-summary-logo\">\n      <img\n        alt=\"Logo EM Foco\"\n        decoding=\"async\"\n        fetchpriority=\"high\"\n        height=\"46\"\n        loading=\"eager\"\n        referrerpolicy=\"no-referrer\"\n        src=\"https:\/\/www.em.com.br\/emfoco\/wp-content\/uploads\/2026\/08\/em_transparente_3000px-scaled.png\"\n        width=\"46\"\n      >\n    <\/div>\n\n    <div>\n      <div class=\"emf-summary-eyebrow\">EM FOCO<\/div>\n      <div class=\"emf-summary-title\">Resumo da mat\u00e9ria<\/div>\n    <\/div>\n  <\/div>\n\n  <div class=\"emf-summary-grid\">\n    <div class=\"emf-summary-card\">\n      <span aria-hidden=\"true\" class=\"emf-summary-number\">01<\/span>\n      <div aria-level=\"3\" class=\"emf-summary-card-title\" role=\"heading\">\n        Dois momentos ganham peso\n      <\/div>\n      <div class=\"emf-summary-card-text\">\n        O ponto emocional mais intenso e o encerramento podem influenciar de forma desigual a avalia\u00e7\u00e3o feita depois da experi\u00eancia.\n      <\/div>\n      <div class=\"emf-summary-card-meta\">\n        Pico e fim\n      <\/div>\n    <\/div>\n    <div class=\"emf-summary-card\">\n      <span aria-hidden=\"true\" class=\"emf-summary-number\">02<\/span>\n      <div aria-level=\"3\" class=\"emf-summary-card-title\" role=\"heading\">\n        Dura\u00e7\u00e3o pode perder espa\u00e7o\n      <\/div>\n      <div class=\"emf-summary-card-text\">\n        Em alguns testes, acrescentar tempo moderado n\u00e3o piorou a lembran\u00e7a e chegou a mudar a escolha dos participantes.\n      <\/div>\n      <div class=\"emf-summary-card-meta\">\n        Mem\u00f3ria posterior\n      <\/div>\n    <\/div>\n    <div class=\"emf-summary-card\">\n      <span aria-hidden=\"true\" class=\"emf-summary-number\">03<\/span>\n      <div aria-level=\"3\" class=\"emf-summary-card-title\" role=\"heading\">\n        A regra tem limites\n      <\/div>\n      <div class=\"emf-summary-card-text\">\n        Expectativas, tipo de experi\u00eancia, passagem do tempo e outros momentos marcantes tamb\u00e9m podem alterar o julgamento final.\n      <\/div>\n      <div class=\"emf-summary-card-meta\">\n        N\u00e3o \u00e9 universal\n      <\/div>\n    <\/div>\n  <\/div>\n<\/div>\n\n\n\n<p class=\"wp-block-paragraph\">Uma viagem pode durar v\u00e1rios dias, mas o pior epis\u00f3dio e a despedida ainda dominarem a lembran\u00e7a. A <strong>Psicologia<\/strong> chama essa tend\u00eancia de <strong>regra do pico-fim<\/strong>: em certas experi\u00eancias, o momento mais intenso e o encerramento pesam mais na avalia\u00e7\u00e3o posterior do que toda a dura\u00e7\u00e3o que foi vivida naquele per\u00edodo.<\/p>\n\n\n\n<h2 class=\"wp-block-heading\">O que \u00e9 a regra do pico-fim na Psicologia?<\/h2>\n\n\n\n<p class=\"wp-block-paragraph\">Esse <a href=\"https:\/\/en.wikipedia.org\/wiki\/Peak%E2%80%93end_rule\" target=\"_blank\" rel=\"noopener noreferrer\"><strong>vi\u00e9s de mem\u00f3ria<\/strong><\/a> descreve uma tend\u00eancia na avalia\u00e7\u00e3o de experi\u00eancias passadas. Em vez de somar cada minuto com o mesmo peso, a lembran\u00e7a pode destacar o ponto de maior intensidade emocional e o modo como tudo terminou.<\/p>\n\n\n\n<p class=\"wp-block-paragraph\">O \u201cpico\u201d n\u00e3o precisa ser agrad\u00e1vel. Ele pode ser <strong>o melhor ou o pior momento<\/strong>, conforme a experi\u00eancia. O \u201cfim\u201d \u00e9 a parte final dispon\u00edvel na mem\u00f3ria. Juntos, esses trechos podem funcionar como amostras usadas para formar uma impress\u00e3o geral, sem apagar completamente o restante.<\/p>\n\n\n<div class=\"wp-block-image\">\n<figure class=\"aligncenter size-large\"><img decoding=\"async\" width=\"1024\" height=\"576\" src=\"https:\/\/www.em.com.br\/emfoco\/wp-content\/uploads\/2026\/09\/trajetoria34-1-1024x576.jpg\" alt=\"\" class=\"wp-image-262079\" srcset=\"https:\/\/www.em.com.br\/emfoco\/wp-content\/uploads\/2026\/09\/trajetoria34-1-1024x576.jpg 1024w, https:\/\/www.em.com.br\/emfoco\/wp-content\/uploads\/2026\/09\/trajetoria34-1-300x169.jpg 300w, https:\/\/www.em.com.br\/emfoco\/wp-content\/uploads\/2026\/09\/trajetoria34-1-768x432.jpg 768w, https:\/\/www.em.com.br\/emfoco\/wp-content\/uploads\/2026\/09\/trajetoria34-1-750x421.jpg 750w, https:\/\/www.em.com.br\/emfoco\/wp-content\/uploads\/2026\/09\/trajetoria34-1-1140x641.jpg 1140w, https:\/\/www.em.com.br\/emfoco\/wp-content\/uploads\/2026\/09\/trajetoria34-1.jpg 1280w\" sizes=\"(max-width: 1024px) 100vw, 1024px\" \/><figcaption class=\"wp-element-caption\">A dura\u00e7\u00e3o total de uma experi\u00eancia nem sempre determina a forma como ela ser\u00e1 lembrada<\/figcaption><\/figure>\n<\/div>\n\n\n<p class=\"wp-block-paragraph\"><strong>Leia tamb\u00e9m: <a href=\"https:\/\/www.em.com.br\/emfoco\/2026\/09\/02\/falar-que-vai-fazer-e-bem-diferente-de-comecar-como-ensina-este-proverbio-italiano-entre-o-dizer-e-o-fazer-ha-um-mar\/\" target=\"_blank\" rel=\"noreferrer noopener\">Falar que vai fazer \u00e9 bem diferente de come\u00e7ar, como ensina este prov\u00e9rbio italiano: \u201cEntre o dizer e o fazer h\u00e1 um mar\u201d<\/a><\/strong><\/p>\n\n\n\n<h2 class=\"wp-block-heading\">O que o experimento mostrou sobre o encerramento?<\/h2>\n\n\n\n<p class=\"wp-block-paragraph\">Publicado no <strong>Journal of Experimental Psychology: Learning, Memory, and Cognition<\/strong>, o estudo <em>Ending on a high note: adding a better end to effortful study<\/em> apresentou listas de palavras muito dif\u00edceis. Em algumas tarefas, os pesquisadores acrescentaram no final itens menos dif\u00edceis, prolongando a atividade.<\/p>\n\n\n\n<p class=\"wp-block-paragraph\">Mesmo com mais tempo de esfor\u00e7o, participantes <strong>preferiram a vers\u00e3o prolongada<\/strong> com final moderado \u00e0 vers\u00e3o curta. O resultado tamb\u00e9m influenciou escolhas futuras de estudo. O teste n\u00e3o reproduziu uma viagem, mas ajuda a mostrar como um encerramento pode mudar a avalia\u00e7\u00e3o posterior de uma experi\u00eancia cansativa.<\/p>\n\n\n\n<h2 class=\"wp-block-heading\">Por que um momento ruim pode dominar uma viagem?<\/h2>\n\n\n\n<p class=\"wp-block-paragraph\">Em uma viagem, um atraso grave, uma discuss\u00e3o ou um susto pode se tornar <strong>o pico emocional<\/strong>. Se os \u00faltimos minutos tamb\u00e9m forem frustrantes, os dois pontos ficam dispon\u00edveis quando algu\u00e9m resume tudo. Dias tranquilos podem receber menos aten\u00e7\u00e3o nessa avalia\u00e7\u00e3o r\u00e1pida, mesmo tendo ocupado mais tempo.<\/p>\n\n\n\n<p class=\"wp-block-paragraph\">Isso n\u00e3o significa que <strong>a mem\u00f3ria apagou os dias bons<\/strong>. A regra trata principalmente do julgamento geral, como dizer se a viagem foi boa ou ruim. Ao lembrar cenas espec\u00edficas, fotos, conversas e lugares podem recuperar partes que n\u00e3o apareceram na primeira resposta sobre a experi\u00eancia inteira.<\/p>\n\n\n\n<p class=\"myth-list-bridge wp-block-paragraph\">A seguir listamos <strong>quatro partes da experi\u00eancia<\/strong> que podem receber pesos diferentes na lembran\u00e7a:<\/p>\n\n\n\n<ul class=\"wp-block-list myth-bullet-list\">\n<li><strong>Pico negativo:<\/strong> o epis\u00f3dio mais desagrad\u00e1vel pode ganhar grande destaque.<\/li>\n\n\n\n<li><strong>Pico positivo:<\/strong> o melhor momento tamb\u00e9m pode representar toda a viagem.<\/li>\n\n\n\n<li><strong>Encerramento:<\/strong> os \u00faltimos minutos ajudam a formar a impress\u00e3o final.<\/li>\n\n\n\n<li><strong>Dura\u00e7\u00e3o:<\/strong> o n\u00famero total de dias nem sempre recebe o mesmo peso.<\/li>\n<\/ul>\n\n\n<div class=\"wp-block-image\">\n<figure class=\"aligncenter size-large\"><img decoding=\"async\" width=\"1024\" height=\"576\" src=\"https:\/\/www.em.com.br\/emfoco\/wp-content\/uploads\/2026\/09\/ruas-1024x576.jpg\" alt=\"\" class=\"wp-image-262080\" srcset=\"https:\/\/www.em.com.br\/emfoco\/wp-content\/uploads\/2026\/09\/ruas-1024x576.jpg 1024w, https:\/\/www.em.com.br\/emfoco\/wp-content\/uploads\/2026\/09\/ruas-300x169.jpg 300w, https:\/\/www.em.com.br\/emfoco\/wp-content\/uploads\/2026\/09\/ruas-768x432.jpg 768w, https:\/\/www.em.com.br\/emfoco\/wp-content\/uploads\/2026\/09\/ruas-750x421.jpg 750w, https:\/\/www.em.com.br\/emfoco\/wp-content\/uploads\/2026\/09\/ruas-1140x641.jpg 1140w, https:\/\/www.em.com.br\/emfoco\/wp-content\/uploads\/2026\/09\/ruas.jpg 1280w\" sizes=\"(max-width: 1024px) 100vw, 1024px\" \/><figcaption class=\"wp-element-caption\">O encerramento tamb\u00e9m pode influenciar bastante a avalia\u00e7\u00e3o feita algum tempo depois<\/figcaption><\/figure>\n<\/div>\n\n\n<h2 class=\"wp-block-heading\">Quando a dura\u00e7\u00e3o tamb\u00e9m pesa na avalia\u00e7\u00e3o?<\/h2>\n\n\n\n<p class=\"wp-block-paragraph\">A dura\u00e7\u00e3o pode importar quando traz <strong>repeti\u00e7\u00e3o, cansa\u00e7o ou muitos acontecimentos distintos<\/strong>. Uma semana com v\u00e1rios problemas n\u00e3o se torna automaticamente boa por terminar bem. Da mesma forma, uma despedida ruim n\u00e3o transforma toda viagem em fracasso para todas as pessoas e em qualquer momento.<\/p>\n\n\n\n<p class=\"wp-block-paragraph\">A <a href=\"https:\/\/www.psychologicalscience.org\/news\/were-only-human\/labors-lost-memories-of-childbirth.html\" target=\"_blank\" rel=\"noopener noreferrer\"><strong>Association for Psychological Science<\/strong><\/a> relata que experi\u00eancia anterior e conhecimento pr\u00e9vio podem reduzir o poder do pico e do fim com o tempo. Isso refor\u00e7a o limite: a tend\u00eancia ajuda a explicar avalia\u00e7\u00f5es, mas n\u00e3o prev\u00ea cada lembran\u00e7a de modo fixo.<\/p>\n\n\n\n<p class=\"myth-html-bridge wp-block-paragraph\">A seguir listamos <strong>tr\u00eas fatores de compara\u00e7\u00e3o<\/strong> que ajudam a entender quando a lembran\u00e7a pode mudar:<\/p>\n\n\n\n<div class=\"emf-data-table google-auto-ads-ignore\">\n  <style>\n    .emf-data-table {\n      --emf-navy:#00245a;\n      --emf-navy-soft:#0b3b70;\n      --emf-ink:#1d2731;\n      --emf-muted:#66727e;\n      --emf-line:#d7dde5;\n      --emf-wash:#f4f6f8;\n      box-sizing:border-box!important;\n      inline-size:min(1100px,100%)!important;\n      max-inline-size:100%!important;\n      margin-inline:auto!important;\n      overflow:hidden!important;\n      color:var(--emf-ink);\n      background:#fff;\n      border:1px solid var(--emf-line);\n      border-radius:6px!important;\n      box-shadow:0 8px 24px rgba(0,36,90,.08);\n      font-family:Arial,Helvetica,sans-serif;\n    }\n\n    .emf-data-table *,\n    .emf-data-table *::before,\n    .emf-data-table *::after {\n      box-sizing:border-box!important;\n    }\n\n    .emf-data-table-brand {\n      display:flex;\n      align-items:center;\n      gap:13px;\n      min-block-size:72px;\n      padding:10px 17px;\n      color:#fff;\n      background:linear-gradient(105deg,var(--emf-navy) 0%,var(--emf-navy-soft) 100%);\n      border-block-end:4px solid #c5ced8;\n    }\n\n    .emf-data-table-logo {\n      display:grid;\n      place-items:center;\n      inline-size:52px;\n      block-size:52px;\n      flex:0 0 52px;\n      background:rgba(255,255,255,.08);\n      border:1px solid rgba(255,255,255,.35);\n      border-radius:3px!important;\n    }\n\n    .emf-data-table-logo img {\n      display:block;\n      inline-size:41px;\n      block-size:41px;\n      max-inline-size:41px;\n      max-block-size:41px;\n      object-fit:contain;\n    }\n\n    .emf-data-table-kicker {\n      margin:0 0 2px;\n      font-size:10px;\n      font-weight:700;\n      letter-spacing:.16em;\n      line-height:1.2;\n      text-transform:uppercase;\n      opacity:.78;\n    }\n\n    .emf-data-table-title {\n      margin:0;\n      font-family:Georgia,\"Times New Roman\",serif;\n      font-size:21px;\n      font-weight:700;\n      line-height:1.2;\n    }\n\n    .emf-data-table-scroll {\n      display:block!important;\n      inline-size:100%!important;\n      max-inline-size:100%!important;\n      overflow-x:auto!important;\n      overflow-y:hidden!important;\n      -webkit-overflow-scrolling:touch;\n      overscroll-behavior-inline:contain;\n      scrollbar-width:thin;\n      scrollbar-color:#8798aa #edf1f5;\n    }\n\n    .emf-data-table-scroll:focus-visible {\n      outline:3px solid rgba(0,36,90,.35);\n      outline-offset:-3px;\n    }\n\n    .emf-data-table table {\n      display:table!important;\n      inline-size:100%!important;\n      min-inline-size:680px!important;\n      max-inline-size:none!important;\n      margin:0!important;\n      border:0!important;\n      border-collapse:separate!important;\n      border-spacing:0!important;\n      table-layout:auto!important;\n      background:#fff!important;\n    }\n\n    .emf-data-table caption {\n      position:absolute!important;\n      inline-size:1px!important;\n      block-size:1px!important;\n      padding:0!important;\n      margin:-1px!important;\n      overflow:hidden!important;\n      clip:rect(0,0,0,0)!important;\n      white-space:nowrap!important;\n      border:0!important;\n    }\n\n    .emf-data-table thead {\n      display:table-header-group!important;\n    }\n\n    .emf-data-table tbody {\n      display:table-row-group!important;\n    }\n\n    .emf-data-table tr {\n      display:table-row!important;\n    }\n\n    .emf-data-table th,\n    .emf-data-table td {\n      display:table-cell!important;\n      float:none!important;\n      inline-size:auto!important;\n      max-inline-size:none!important;\n      margin:0!important;\n      border-radius:0!important;\n      text-align:left!important;\n      vertical-align:middle!important;\n    }\n\n    .emf-data-table th {\n      padding:14px 17px!important;\n      color:#fff!important;\n      background:var(--emf-navy)!important;\n      border-block-end:1px solid rgba(255,255,255,.22)!important;\n      border-inline-end:1px solid rgba(255,255,255,.12)!important;\n      font-family:Georgia,\"Times New Roman\",serif;\n      font-size:14px!important;\n      font-weight:700!important;\n      line-height:1.35!important;\n      white-space:nowrap!important;\n    }\n\n    .emf-data-table th:last-child {\n      border-inline-end:0!important;\n    }\n\n    .emf-data-table td {\n      padding:14px 17px!important;\n      color:#43515e!important;\n      background:#fff!important;\n      border-block-end:1px solid var(--emf-line)!important;\n      font-size:14px!important;\n      font-weight:400!important;\n      line-height:1.5!important;\n      overflow-wrap:anywhere;\n    }\n\n    .emf-data-table tbody tr:nth-child(even) td {\n      background:var(--emf-wash)!important;\n    }\n\n    .emf-data-table tbody tr:hover td {\n      background:#eaf0f5!important;\n    }\n\n    .emf-data-table tbody tr:last-child td {\n      border-block-end:0!important;\n    }\n\n    .emf-data-table td:first-child {\n      color:var(--emf-navy)!important;\n      font-weight:700!important;\n    }\n\n    @media(max-width:560px) {\n      .emf-data-table-brand {\n        min-block-size:68px;\n        padding:9px 13px;\n      }\n\n      .emf-data-table-title {\n        font-size:19px;\n      }\n\n      .emf-data-table-scroll {\n        overflow:visible!important;\n      }\n\n      .emf-data-table table,\n      .emf-data-table thead,\n      .emf-data-table tbody,\n      .emf-data-table tr,\n      .emf-data-table th,\n      .emf-data-table td {\n        display:block!important;\n        inline-size:100%!important;\n        min-inline-size:0!important;\n        max-inline-size:100%!important;\n      }\n\n      .emf-data-table table {\n        padding:13px!important;\n      }\n\n      .emf-data-table thead {\n        position:absolute!important;\n        inline-size:1px!important;\n        block-size:1px!important;\n        padding:0!important;\n        margin:-1px!important;\n        overflow:hidden!important;\n        clip:rect(0,0,0,0)!important;\n        white-space:nowrap!important;\n      }\n\n      .emf-data-table tbody {\n        display:grid!important;\n        gap:11px;\n      }\n\n      .emf-data-table tr {\n        overflow:hidden!important;\n        background:#fff!important;\n        border:1px solid var(--emf-line)!important;\n        border-block-start:4px solid var(--emf-navy)!important;\n        border-radius:4px!important;\n        box-shadow:0 4px 12px rgba(0,36,90,.06);\n      }\n\n      .emf-data-table td,\n      .emf-data-table tbody tr:nth-child(even) td,\n      .emf-data-table tbody tr:hover td {\n        display:grid!important;\n        grid-template-columns:minmax(105px,38%) minmax(0,1fr)!important;\n        align-items:start;\n        gap:11px;\n        padding:11px 12px!important;\n        background:#fff!important;\n        border-block-end:1px solid #e2e7ec!important;\n      }\n\n      .emf-data-table td::before {\n        content:attr(data-label);\n        color:var(--emf-muted);\n        font-size:10px;\n        font-weight:700;\n        letter-spacing:.06em;\n        line-height:1.35;\n        text-transform:uppercase;\n      }\n\n      .emf-data-table td:first-child {\n        color:var(--emf-navy)!important;\n        background:#edf1f5!important;\n      }\n\n      .emf-data-table td:last-child {\n        border-block-end:0!important;\n      }\n    }\n  <\/style>\n\n  <div class=\"emf-data-table-brand\">\n    <div class=\"emf-data-table-logo\">\n      <img\n        alt=\"Logo EM Foco\"\n        decoding=\"async\"\n        height=\"41\"\n        loading=\"lazy\"\n        referrerpolicy=\"no-referrer\"\n        src=\"https:\/\/www.em.com.br\/emfoco\/wp-content\/uploads\/2026\/08\/em_transparente_3000px-scaled.png\"\n        width=\"41\"\n      >\n    <\/div>\n\n    <div>\n      <div class=\"emf-data-table-kicker\">DADOS EM FOCO<\/div>\n      <div class=\"emf-data-table-title\">O que pode pesar na lembran\u00e7a<\/div>\n    <\/div>\n  <\/div>\n\n  <div aria-label=\"Tabela que compara fatores, exemplos em uma viagem e poss\u00edveis efeitos na avalia\u00e7\u00e3o\" class=\"emf-data-table-scroll\" role=\"region\" tabindex=\"0\">\n    <table>\n      <caption>Fatores que podem influenciar a avalia\u00e7\u00e3o posterior de uma viagem ou outra experi\u00eancia.<\/caption>\n      <thead>\n        <tr>\n          <th scope=\"col\">Fator<\/th>\n          <th scope=\"col\">Exemplo<\/th>\n          <th scope=\"col\">Poss\u00edvel efeito<\/th>\n        <\/tr>\n      <\/thead>\n      <tbody>\n        <tr>\n          <td data-label=\"Fator\">Pico emocional<\/td>\n          <td data-label=\"Exemplo\">Perda de documento<\/td>\n          <td data-label=\"Poss\u00edvel efeito\">Grande destaque posterior<\/td>\n        <\/tr>\n        <tr>\n          <td data-label=\"Fator\">Final<\/td>\n          <td data-label=\"Exemplo\">Volta tranquila ou confusa<\/td>\n          <td data-label=\"Poss\u00edvel efeito\">Muda a impress\u00e3o recente<\/td>\n        <\/tr>\n        <tr>\n          <td data-label=\"Fator\">Conjunto vivido<\/td>\n          <td data-label=\"Exemplo\">V\u00e1rios dias e acontecimentos<\/td>\n          <td data-label=\"Poss\u00edvel efeito\">Oferece outras lembran\u00e7as<\/td>\n        <\/tr>\n      <\/tbody>\n    <\/table>\n  <\/div>\n<\/div>\n\n\n\n<h2 class=\"wp-block-heading\">Por que essa tend\u00eancia n\u00e3o funciona sempre igual?<\/h2>\n\n\n\n<p class=\"wp-block-paragraph\">A lembran\u00e7a depende de <strong>mais elementos do que pico e fim<\/strong>. Expectativas, import\u00e2ncia pessoal, repeti\u00e7\u00e3o, tempo passado e forma da pergunta podem alterar a resposta. Algumas experi\u00eancias tamb\u00e9m n\u00e3o t\u00eam come\u00e7o e t\u00e9rmino claros, o que torna o modelo menos adequado para explicar a avalia\u00e7\u00e3o.<\/p>\n\n\n\n<p class=\"wp-block-paragraph\">Da tarefa dif\u00edcil \u00e0 viagem longa, a ideia \u00fatil \u00e9 simples: <strong>dura\u00e7\u00e3o e mem\u00f3ria n\u00e3o s\u00e3o medidas id\u00eanticas<\/strong>. O pico e o encerramento podem pesar muito, mas n\u00e3o s\u00e3o donos absolutos do passado. Essa tend\u00eancia explica uma forma de julgamento, n\u00e3o uma f\u00f3rmula capaz de reescrever toda experi\u00eancia.<\/p>\n","protected":false},"excerpt":{"rendered":"<p>EM FOCO Resumo da mat\u00e9ria 01 Dois momentos ganham peso O ponto emocional mais intenso e o encerramento podem influenciar de forma desigual a avalia\u00e7\u00e3o feita depois da experi\u00eancia. Pico e fim 02 Dura\u00e7\u00e3o pode perder espa\u00e7o Em alguns testes, acrescentar tempo moderado n\u00e3o piorou a lembran\u00e7a e chegou a mudar a escolha dos participantes. [&hellip;]<\/p>\n","protected":false},"author":30,"featured_media":262077,"comment_status":"open","ping_status":"open","sticky":false,"template":"","format":"standard","meta":{"jnews-multi-image_gallery":[],"jnews_single_post":{"format":"standard"},"jnews_primary_category":[],"jnews_social_meta":[],"jnews_override_counter":[],"footnotes":""},"categories":[8819],"tags":[5381,35989,5155,643],"class_list":["post-262031","post","type-post","status-publish","format-standard","has-post-thumbnail","hentry","category-curiosidades","tag-memoria","tag-pico-fim","tag-psicologia","tag-viagens"],"yoast_head":"<!-- This site is optimized with the Yoast SEO plugin v28.3 - https:\/\/yoast.com\/product\/yoast-seo-wordpress\/ -->\n<title>Por que uma viagem inteira pode ser lembrada pelo pior momento e pelos \u00faltimos minutos? A psicologia explica a regra do pico-fim - Estado de Minas - Em foco<\/title>\n<meta name=\"description\" content=\"Uma viagem longa pode acabar resumida a poucos minutos na mem\u00f3ria. Entenda por que o pico emocional e o encerramento pesam tanto depois.\" \/>\n<meta name=\"robots\" content=\"index, follow, max-snippet:-1, max-image-preview:large, max-video-preview:-1\" \/>\n<link rel=\"canonical\" href=\"https:\/\/www.em.com.br\/emfoco\/2026\/09\/03\/por-que-uma-viagem-inteira-pode-ser-lembrada-pelo-pior-momento-e-pelos-ultimos-minutos-a-psicologia-explica-a-regra-do-pico-fim\/\" \/>\n<meta property=\"og:locale\" content=\"pt_BR\" \/>\n<meta property=\"og:type\" content=\"article\" \/>\n<meta property=\"og:title\" content=\"Por que uma viagem inteira pode ser lembrada pelo pior momento e pelos \u00faltimos minutos? A psicologia explica a regra do pico-fim - Estado de Minas - Em foco\" \/>\n<meta property=\"og:description\" content=\"Uma viagem longa pode acabar resumida a poucos minutos na mem\u00f3ria. Entenda por que o pico emocional e o encerramento pesam tanto depois.\" \/>\n<meta property=\"og:url\" content=\"https:\/\/www.em.com.br\/emfoco\/2026\/09\/03\/por-que-uma-viagem-inteira-pode-ser-lembrada-pelo-pior-momento-e-pelos-ultimos-minutos-a-psicologia-explica-a-regra-do-pico-fim\/\" \/>\n<meta property=\"og:site_name\" content=\"Estado de Minas - Em foco\" \/>\n<meta property=\"article:published_time\" content=\"2026-09-03T10:07:00+00:00\" \/>\n<meta property=\"og:image\" content=\"https:\/\/www.em.com.br\/emfoco\/wp-content\/uploads\/2026\/09\/memorias23.jpg\" \/>\n\t<meta property=\"og:image:width\" content=\"1280\" \/>\n\t<meta property=\"og:image:height\" content=\"720\" \/>\n\t<meta property=\"og:image:type\" content=\"image\/jpeg\" \/>\n<meta name=\"author\" content=\"Guilherme Ara\u00fajo\" \/>\n<meta name=\"twitter:card\" content=\"summary_large_image\" \/>\n<meta name=\"twitter:label1\" content=\"Escrito por\" \/>\n\t<meta name=\"twitter:data1\" content=\"Guilherme Ara\u00fajo\" \/>\n\t<meta name=\"twitter:label2\" content=\"Est. tempo de leitura\" \/>\n\t<meta name=\"twitter:data2\" content=\"6 minutos\" \/>\n<!-- \/ Yoast SEO plugin. -->","yoast_head_json":{"title":"Por que uma viagem inteira pode ser lembrada pelo pior momento e pelos \u00faltimos minutos? A psicologia explica a regra do pico-fim - Estado de Minas - Em foco","description":"Uma viagem longa pode acabar resumida a poucos minutos na mem\u00f3ria. Entenda por que o pico emocional e o encerramento pesam tanto depois.","robots":{"index":"index","follow":"follow","max-snippet":"max-snippet:-1","max-image-preview":"max-image-preview:large","max-video-preview":"max-video-preview:-1"},"canonical":"https:\/\/www.em.com.br\/emfoco\/2026\/09\/03\/por-que-uma-viagem-inteira-pode-ser-lembrada-pelo-pior-momento-e-pelos-ultimos-minutos-a-psicologia-explica-a-regra-do-pico-fim\/","og_locale":"pt_BR","og_type":"article","og_title":"Por que uma viagem inteira pode ser lembrada pelo pior momento e pelos \u00faltimos minutos? A psicologia explica a regra do pico-fim - Estado de Minas - Em foco","og_description":"Uma viagem longa pode acabar resumida a poucos minutos na mem\u00f3ria. Entenda por que o pico emocional e o encerramento pesam tanto depois.","og_url":"https:\/\/www.em.com.br\/emfoco\/2026\/09\/03\/por-que-uma-viagem-inteira-pode-ser-lembrada-pelo-pior-momento-e-pelos-ultimos-minutos-a-psicologia-explica-a-regra-do-pico-fim\/","og_site_name":"Estado de Minas - Em foco","article_published_time":"2026-09-03T10:07:00+00:00","og_image":[{"width":1280,"height":720,"url":"https:\/\/www.em.com.br\/emfoco\/wp-content\/uploads\/2026\/09\/memorias23.jpg","type":"image\/jpeg"}],"author":"Guilherme Ara\u00fajo","twitter_card":"summary_large_image","twitter_misc":{"Escrito por":"Guilherme Ara\u00fajo","Est. tempo de leitura":"6 minutos"},"schema":{"@context":"https:\/\/schema.org","@graph":[{"@type":"Article","@id":"https:\/\/www.em.com.br\/emfoco\/2026\/09\/03\/por-que-uma-viagem-inteira-pode-ser-lembrada-pelo-pior-momento-e-pelos-ultimos-minutos-a-psicologia-explica-a-regra-do-pico-fim\/#article","isPartOf":{"@id":"https:\/\/www.em.com.br\/emfoco\/2026\/09\/03\/por-que-uma-viagem-inteira-pode-ser-lembrada-pelo-pior-momento-e-pelos-ultimos-minutos-a-psicologia-explica-a-regra-do-pico-fim\/"},"author":{"name":"Guilherme Ara\u00fajo","@id":"https:\/\/www.em.com.br\/emfoco\/#\/schema\/person\/5379e929a4b966c775d121e23f9bb421"},"headline":"Por que uma viagem inteira pode ser lembrada pelo pior momento e pelos \u00faltimos minutos? A psicologia explica a regra do pico-fim","datePublished":"2026-09-03T10:07:00+00:00","mainEntityOfPage":{"@id":"https:\/\/www.em.com.br\/emfoco\/2026\/09\/03\/por-que-uma-viagem-inteira-pode-ser-lembrada-pelo-pior-momento-e-pelos-ultimos-minutos-a-psicologia-explica-a-regra-do-pico-fim\/"},"wordCount":928,"commentCount":0,"image":{"@id":"https:\/\/www.em.com.br\/emfoco\/2026\/09\/03\/por-que-uma-viagem-inteira-pode-ser-lembrada-pelo-pior-momento-e-pelos-ultimos-minutos-a-psicologia-explica-a-regra-do-pico-fim\/#primaryimage"},"thumbnailUrl":"https:\/\/www.em.com.br\/emfoco\/wp-content\/uploads\/2026\/09\/memorias23.jpg","keywords":["mem\u00f3ria","pico-fim","psicologia","Viagens"],"articleSection":["Curiosidades"],"inLanguage":"pt-BR","potentialAction":[{"@type":"CommentAction","name":"Comment","target":["https:\/\/www.em.com.br\/emfoco\/2026\/09\/03\/por-que-uma-viagem-inteira-pode-ser-lembrada-pelo-pior-momento-e-pelos-ultimos-minutos-a-psicologia-explica-a-regra-do-pico-fim\/#respond"]}]},{"@type":"WebPage","@id":"https:\/\/www.em.com.br\/emfoco\/2026\/09\/03\/por-que-uma-viagem-inteira-pode-ser-lembrada-pelo-pior-momento-e-pelos-ultimos-minutos-a-psicologia-explica-a-regra-do-pico-fim\/","url":"https:\/\/www.em.com.br\/emfoco\/2026\/09\/03\/por-que-uma-viagem-inteira-pode-ser-lembrada-pelo-pior-momento-e-pelos-ultimos-minutos-a-psicologia-explica-a-regra-do-pico-fim\/","name":"Por que uma viagem inteira pode ser lembrada pelo pior momento e pelos \u00faltimos minutos? A psicologia explica a regra do pico-fim - Estado de Minas - Em foco","isPartOf":{"@id":"https:\/\/www.em.com.br\/emfoco\/#website"},"primaryImageOfPage":{"@id":"https:\/\/www.em.com.br\/emfoco\/2026\/09\/03\/por-que-uma-viagem-inteira-pode-ser-lembrada-pelo-pior-momento-e-pelos-ultimos-minutos-a-psicologia-explica-a-regra-do-pico-fim\/#primaryimage"},"image":{"@id":"https:\/\/www.em.com.br\/emfoco\/2026\/09\/03\/por-que-uma-viagem-inteira-pode-ser-lembrada-pelo-pior-momento-e-pelos-ultimos-minutos-a-psicologia-explica-a-regra-do-pico-fim\/#primaryimage"},"thumbnailUrl":"https:\/\/www.em.com.br\/emfoco\/wp-content\/uploads\/2026\/09\/memorias23.jpg","datePublished":"2026-09-03T10:07:00+00:00","author":{"@id":"https:\/\/www.em.com.br\/emfoco\/#\/schema\/person\/5379e929a4b966c775d121e23f9bb421"},"description":"Uma viagem longa pode acabar resumida a poucos minutos na mem\u00f3ria. Entenda por que o pico emocional e o encerramento pesam tanto depois.","breadcrumb":{"@id":"https:\/\/www.em.com.br\/emfoco\/2026\/09\/03\/por-que-uma-viagem-inteira-pode-ser-lembrada-pelo-pior-momento-e-pelos-ultimos-minutos-a-psicologia-explica-a-regra-do-pico-fim\/#breadcrumb"},"inLanguage":"pt-BR","potentialAction":[{"@type":"ReadAction","target":["https:\/\/www.em.com.br\/emfoco\/2026\/09\/03\/por-que-uma-viagem-inteira-pode-ser-lembrada-pelo-pior-momento-e-pelos-ultimos-minutos-a-psicologia-explica-a-regra-do-pico-fim\/"]}]},{"@type":"ImageObject","inLanguage":"pt-BR","@id":"https:\/\/www.em.com.br\/emfoco\/2026\/09\/03\/por-que-uma-viagem-inteira-pode-ser-lembrada-pelo-pior-momento-e-pelos-ultimos-minutos-a-psicologia-explica-a-regra-do-pico-fim\/#primaryimage","url":"https:\/\/www.em.com.br\/emfoco\/wp-content\/uploads\/2026\/09\/memorias23.jpg","contentUrl":"https:\/\/www.em.com.br\/emfoco\/wp-content\/uploads\/2026\/09\/memorias23.jpg","width":1280,"height":720,"caption":"O prov\u00e9rbio atravessou gera\u00e7\u00f5es como uma advert\u00eancia simples sobre discri\u00e7\u00e3o"},{"@type":"BreadcrumbList","@id":"https:\/\/www.em.com.br\/emfoco\/2026\/09\/03\/por-que-uma-viagem-inteira-pode-ser-lembrada-pelo-pior-momento-e-pelos-ultimos-minutos-a-psicologia-explica-a-regra-do-pico-fim\/#breadcrumb","itemListElement":[{"@type":"ListItem","position":1,"name":"In\u00edcio","item":"https:\/\/www.em.com.br\/emfoco\/"},{"@type":"ListItem","position":2,"name":"Por que uma viagem inteira pode ser lembrada pelo pior momento e pelos \u00faltimos minutos? A psicologia explica a regra do pico-fim"}]},{"@type":"WebSite","@id":"https:\/\/www.em.com.br\/emfoco\/#website","url":"https:\/\/www.em.com.br\/emfoco\/","name":"Estado de Minas - Em foco","description":"Acompanhe as \u00faltimas not\u00edcias e fique bem informado sobre tudo o que acontece em Minas Gerais, Brasil e no mundo.","potentialAction":[{"@type":"SearchAction","target":{"@type":"EntryPoint","urlTemplate":"https:\/\/www.em.com.br\/emfoco\/?s={search_term_string}"},"query-input":{"@type":"PropertyValueSpecification","valueRequired":true,"valueName":"search_term_string"}}],"inLanguage":"pt-BR"},{"@type":"Person","@id":"https:\/\/www.em.com.br\/emfoco\/#\/schema\/person\/5379e929a4b966c775d121e23f9bb421","name":"Guilherme Ara\u00fajo","image":{"@type":"ImageObject","inLanguage":"pt-BR","@id":"https:\/\/secure.gravatar.com\/avatar\/063bc96e5a2afd1844386c45bd1360efc771eff011a9fab8cd399e2a104c3ecd?s=96&d=mm&r=g","url":"https:\/\/secure.gravatar.com\/avatar\/063bc96e5a2afd1844386c45bd1360efc771eff011a9fab8cd399e2a104c3ecd?s=96&d=mm&r=g","contentUrl":"https:\/\/secure.gravatar.com\/avatar\/063bc96e5a2afd1844386c45bd1360efc771eff011a9fab8cd399e2a104c3ecd?s=96&d=mm&r=g","caption":"Guilherme Ara\u00fajo"},"sameAs":["https:\/\/www.em.com.br\/emfoco"],"url":"https:\/\/www.em.com.br\/emfoco\/author\/guilhermeamyth\/"}]}},"_links":{"self":[{"href":"https:\/\/www.em.com.br\/emfoco\/wp-json\/wp\/v2\/posts\/262031","targetHints":{"allow":["GET"]}}],"collection":[{"href":"https:\/\/www.em.com.br\/emfoco\/wp-json\/wp\/v2\/posts"}],"about":[{"href":"https:\/\/www.em.com.br\/emfoco\/wp-json\/wp\/v2\/types\/post"}],"author":[{"embeddable":true,"href":"https:\/\/www.em.com.br\/emfoco\/wp-json\/wp\/v2\/users\/30"}],"replies":[{"embeddable":true,"href":"https:\/\/www.em.com.br\/emfoco\/wp-json\/wp\/v2\/comments?post=262031"}],"version-history":[{"count":5,"href":"https:\/\/www.em.com.br\/emfoco\/wp-json\/wp\/v2\/posts\/262031\/revisions"}],"predecessor-version":[{"id":262153,"href":"https:\/\/www.em.com.br\/emfoco\/wp-json\/wp\/v2\/posts\/262031\/revisions\/262153"}],"wp:featuredmedia":[{"embeddable":true,"href":"https:\/\/www.em.com.br\/emfoco\/wp-json\/wp\/v2\/media\/262077"}],"wp:attachment":[{"href":"https:\/\/www.em.com.br\/emfoco\/wp-json\/wp\/v2\/media?parent=262031"}],"wp:term":[{"taxonomy":"category","embeddable":true,"href":"https:\/\/www.em.com.br\/emfoco\/wp-json\/wp\/v2\/categories?post=262031"},{"taxonomy":"post_tag","embeddable":true,"href":"https:\/\/www.em.com.br\/emfoco\/wp-json\/wp\/v2\/tags?post=262031"}],"curies":[{"name":"wp","href":"https:\/\/api.w.org\/{rel}","templated":true}]}}