{"id":262028,"date":"2026-09-03T17:37:00","date_gmt":"2026-09-03T20:37:00","guid":{"rendered":"https:\/\/www.em.com.br\/emfoco\/?p=262028"},"modified":"2026-09-02T21:53:43","modified_gmt":"2026-09-03T00:53:43","slug":"familia-fecha-a-sacada-com-paineis-de-vidro-duas-placas-estouram-numa-tarde-de-calor-e-a-empresa-afirma-que-choque-termico-nao-esta-coberto-pela-garantia","status":"publish","type":"post","link":"https:\/\/www.em.com.br\/emfoco\/2026\/09\/03\/familia-fecha-a-sacada-com-paineis-de-vidro-duas-placas-estouram-numa-tarde-de-calor-e-a-empresa-afirma-que-choque-termico-nao-esta-coberto-pela-garantia\/","title":{"rendered":"Fam\u00edlia fecha a sacada com pain\u00e9is de vidro, duas placas estouram numa tarde de calor e a empresa afirma que \u201cchoque t\u00e9rmico\u201d n\u00e3o est\u00e1 coberto pela garantia"},"content":{"rendered":"\n<div class=\"emf-summary google-auto-ads-ignore\">\n  <style>\n    .emf-summary {\n      --emf-navy:#00245a;\n      --emf-navy-soft:#0b3b70;\n      --emf-ink:#1d2731;\n      --emf-muted:#66727e;\n      --emf-line:#d7dde5;\n      --emf-paper:#ffffff;\n      --emf-wash:#f4f6f8;\n      box-sizing:border-box!important;\n      inline-size:min(1100px,100%)!important;\n      max-inline-size:100%!important;\n      margin-inline:auto!important;\n      overflow:hidden!important;\n      color:var(--emf-ink);\n      background:var(--emf-paper);\n      border:1px solid var(--emf-line);\n      border-block-start:5px solid var(--emf-navy);\n      border-radius:6px!important;\n      box-shadow:0 8px 24px rgba(0,36,90,.08);\n      font-family:Arial,Helvetica,sans-serif;\n    }\n\n    .emf-summary *,\n    .emf-summary *::before,\n    .emf-summary *::after {\n      box-sizing:border-box!important;\n    }\n\n    .emf-summary-brand {\n      display:flex;\n      align-items:center;\n      gap:14px;\n      padding:16px 20px;\n      color:#fff;\n      background:linear-gradient(105deg,var(--emf-navy) 0%,var(--emf-navy-soft) 100%);\n      border-block-end:1px solid rgba(255,255,255,.18);\n    }\n\n    .emf-summary-logo {\n      display:grid;\n      place-items:center;\n      inline-size:58px;\n      block-size:58px;\n      flex:0 0 58px;\n      background:rgba(255,255,255,.08);\n      border:1px solid rgba(255,255,255,.35);\n      border-radius:3px!important;\n    }\n\n    .emf-summary-logo img {\n      display:block;\n      inline-size:46px;\n      block-size:46px;\n      max-inline-size:46px;\n      max-block-size:46px;\n      object-fit:contain;\n    }\n\n    .emf-summary-eyebrow {\n      margin:0 0 3px;\n      font-size:11px;\n      font-weight:700;\n      letter-spacing:.18em;\n      line-height:1.2;\n      text-transform:uppercase;\n      opacity:.78;\n    }\n\n    .emf-summary-title {\n      margin:0;\n      font-family:Georgia,\"Times New Roman\",serif;\n      font-size:25px;\n      font-weight:700;\n      line-height:1.15;\n    }\n\n    .emf-summary-grid {\n      display:grid;\n      grid-template-columns:repeat(3,minmax(0,1fr));\n      gap:0;\n      background:var(--emf-wash);\n    }\n\n    .emf-summary-card {\n      position:relative;\n      min-block-size:190px;\n      padding:24px 20px 20px;\n      overflow:hidden!important;\n      background:#fff;\n      border-inline-end:1px solid var(--emf-line);\n    }\n\n    .emf-summary-card:last-child {\n      border-inline-end:0;\n    }\n\n    .emf-summary-number {\n      position:absolute;\n      inset-block-start:13px;\n      inset-inline-end:15px;\n      color:rgba(0,36,90,.10);\n      font-family:Georgia,\"Times New Roman\",serif;\n      font-size:46px;\n      font-weight:700;\n      line-height:1;\n      pointer-events:none;\n    }\n\n    .emf-summary-card-title {\n      position:relative;\n      z-index:1;\n      margin:0 0 11px;\n      padding-block-end:10px;\n      color:var(--emf-navy);\n      border-block-end:2px solid var(--emf-navy);\n      font-family:Georgia,\"Times New Roman\",serif;\n      font-size:18px;\n      font-weight:700;\n      line-height:1.3;\n      overflow-wrap:anywhere;\n    }\n\n    .emf-summary-card-text {\n      position:relative;\n      z-index:1;\n      color:#485560;\n      font-size:13px;\n      line-height:1.6;\n      overflow-wrap:anywhere;\n    }\n\n    .emf-summary-card-meta {\n      position:relative;\n      z-index:1;\n      display:inline-flex;\n      margin-block-start:16px;\n      padding:5px 8px;\n      color:var(--emf-navy);\n      background:#edf1f5;\n      border:1px solid #d9e0e7;\n      border-radius:2px!important;\n      font-size:10px;\n      font-weight:700;\n      letter-spacing:.08em;\n      line-height:1.2;\n      text-transform:uppercase;\n    }\n\n    @media(max-width:760px) {\n      .emf-summary-grid {\n        grid-template-columns:1fr;\n      }\n\n      .emf-summary-card {\n        min-block-size:0;\n        border-inline-end:0;\n        border-block-end:1px solid var(--emf-line);\n      }\n\n      .emf-summary-card:last-child {\n        border-block-end:0;\n      }\n    }\n\n    @media(max-width:480px) {\n      .emf-summary-brand {\n        padding:14px 15px;\n      }\n\n      .emf-summary-logo {\n        inline-size:52px;\n        block-size:52px;\n        flex-basis:52px;\n      }\n\n      .emf-summary-logo img {\n        inline-size:41px;\n        block-size:41px;\n        max-inline-size:41px;\n        max-block-size:41px;\n      }\n\n      .emf-summary-title {\n        font-size:22px;\n      }\n\n      .emf-summary-card {\n        padding:21px 16px 18px;\n      }\n    }\n  <\/style>\n\n  <div class=\"emf-summary-brand\">\n    <div class=\"emf-summary-logo\">\n      <img\n        alt=\"Logo EM Foco\"\n        decoding=\"async\"\n        fetchpriority=\"high\"\n        height=\"46\"\n        loading=\"eager\"\n        referrerpolicy=\"no-referrer\"\n        src=\"https:\/\/www.em.com.br\/emfoco\/wp-content\/uploads\/2026\/08\/em_transparente_3000px-scaled.png\"\n        width=\"46\"\n      >\n    <\/div>\n\n    <div>\n      <div class=\"emf-summary-eyebrow\">EM FOCO<\/div>\n      <div class=\"emf-summary-title\">Resumo da mat\u00e9ria<\/div>\n    <\/div>\n  <\/div>\n\n  <div class=\"emf-summary-grid\">\n    <div class=\"emf-summary-card\">\n      <span aria-hidden=\"true\" class=\"emf-summary-number\">01<\/span>\n      <div aria-level=\"3\" class=\"emf-summary-card-title\" role=\"heading\">\n        Calor n\u00e3o fecha a causa\n      <\/div>\n      <div class=\"emf-summary-card-text\">\n        A quebra numa tarde quente \u00e9 apenas um dado da hist\u00f3ria fict\u00edcia e n\u00e3o demonstra, sem per\u00edcia, que houve choque t\u00e9rmico.\n      <\/div>\n      <div class=\"emf-summary-card-meta\">\n        sem presun\u00e7\u00e3o\n      <\/div>\n    <\/div>\n    <div class=\"emf-summary-card\">\n      <span aria-hidden=\"true\" class=\"emf-summary-number\">02<\/span>\n      <div aria-level=\"3\" class=\"emf-summary-card-title\" role=\"heading\">\n        Instala\u00e7\u00e3o entra na an\u00e1lise\n      <\/div>\n      <div class=\"emf-summary-card-text\">\n        Bordas, folgas, apoio, ferragens, dimensionamento e eventuais danos anteriores podem ser examinados junto com a exposi\u00e7\u00e3o t\u00e9rmica.\n      <\/div>\n      <div class=\"emf-summary-card-meta\">\n        olhar t\u00e9cnico\n      <\/div>\n    <\/div>\n    <div class=\"emf-summary-card\">\n      <span aria-hidden=\"true\" class=\"emf-summary-number\">03<\/span>\n      <div aria-level=\"3\" class=\"emf-summary-card-title\" role=\"heading\">\n        Garantia n\u00e3o decide tudo\n      <\/div>\n      <div class=\"emf-summary-card-text\">\n        Uma exclus\u00e3o escrita pode ser discutida conforme a causa comprovada, a informa\u00e7\u00e3o dada antes da contrata\u00e7\u00e3o e as regras legais aplic\u00e1veis.\n      <\/div>\n      <div class=\"emf-summary-card-meta\">\n        direitos separados\n      <\/div>\n    <\/div>\n  <\/div>\n<\/div>\n\n\n\n<p class=\"wp-block-paragraph\">Em um relato totalmente fict\u00edcio, uma fam\u00edlia fecha a sacada com <strong>pain\u00e9is de vidro<\/strong> e duas placas se quebram numa tarde quente. Fam\u00edlia, im\u00f3vel, empresa e acidente s\u00e3o inventados. O calor sozinho n\u00e3o prova choque t\u00e9rmico: num caso real, tipo de vidro, bordas, folgas, fixa\u00e7\u00e3o, sombras e instala\u00e7\u00e3o precisariam de per\u00edcia.<\/p>\n\n\n\n<h2 class=\"wp-block-heading\">O que acontece com os pain\u00e9is de vidro nessa hist\u00f3ria fict\u00edcia?<\/h2>\n\n\n\n<p class=\"wp-block-paragraph\">Na situa\u00e7\u00e3o inventada, a fam\u00edlia instala um fechamento de sacada com <a href=\"https:\/\/pt.wikipedia.org\/wiki\/Vidro_temperado\" target=\"_blank\" rel=\"noopener noreferrer\"><strong>vidro temperado<\/strong><\/a>. Meses depois, duas placas se fragmentam numa tarde de calor. A empresa fict\u00edcia usa a express\u00e3o <strong>\u201cchoque t\u00e9rmico\u201d<\/strong> e afirma que esse evento estaria fora da garantia.<\/p>\n\n\n\n<p class=\"wp-block-paragraph\">O problema \u00e9 que hor\u00e1rio e temperatura ambiente n\u00e3o bastam para fechar a causa. Um vidro pode quebrar por diferentes mecanismos, e o exame deveria considerar <strong>bordas, fixa\u00e7\u00e3o e dimensionamento<\/strong>, al\u00e9m de impactos anteriores, contato r\u00edgido com ferragens e diferen\u00e7as de temperatura entre regi\u00f5es da mesma placa.<\/p>\n\n\n<div class=\"wp-block-image\">\n<figure class=\"aligncenter size-large\"><img decoding=\"async\" width=\"1024\" height=\"576\" src=\"https:\/\/www.em.com.br\/emfoco\/wp-content\/uploads\/2026\/09\/vidro3-1024x576.jpg\" alt=\"\" class=\"wp-image-262056\" srcset=\"https:\/\/www.em.com.br\/emfoco\/wp-content\/uploads\/2026\/09\/vidro3-1024x576.jpg 1024w, https:\/\/www.em.com.br\/emfoco\/wp-content\/uploads\/2026\/09\/vidro3-300x169.jpg 300w, https:\/\/www.em.com.br\/emfoco\/wp-content\/uploads\/2026\/09\/vidro3-768x432.jpg 768w, https:\/\/www.em.com.br\/emfoco\/wp-content\/uploads\/2026\/09\/vidro3-750x421.jpg 750w, https:\/\/www.em.com.br\/emfoco\/wp-content\/uploads\/2026\/09\/vidro3-1140x641.jpg 1140w, https:\/\/www.em.com.br\/emfoco\/wp-content\/uploads\/2026\/09\/vidro3.jpg 1280w\" sizes=\"(max-width: 1024px) 100vw, 1024px\" \/><figcaption class=\"wp-element-caption\">A garantia precisa ser comparada ao defeito identificado e \u00e0s condi\u00e7\u00f5es em que o problema ocorreu<\/figcaption><\/figure>\n<\/div>\n\n\n<h2 class=\"wp-block-heading\">Que fatores t\u00e9cnicos deveriam ser verificados antes de culpar o calor?<\/h2>\n\n\n\n<p class=\"wp-block-paragraph\">Um caderno t\u00e9cnico oficial do <a href=\"https:\/\/www.rj.gov.br\/seiop\/sites\/default\/files\/arquivos_pagina_basica\/CADERNO%20DE%20ESPECIFICACOES%20TECNICAS.pdf\" target=\"_blank\" rel=\"noopener noreferrer\"><strong>Governo do Rio de Janeiro<\/strong><\/a> cita normas para vidro na constru\u00e7\u00e3o e alerta para quebra espont\u00e2nea ligada a choque indevido, instala\u00e7\u00e3o ou mau dimensionamento. Isso mostra por que a causa precisa ser investigada.<\/p>\n\n\n\n<p class=\"wp-block-paragraph\">A per\u00edcia poderia verificar <strong>folgas entre vidro e ferragens<\/strong>, apoio das placas, lascas nas bordas, prumo, interfer\u00eancias e pontos de sombra ou aquecimento desigual. Tamb\u00e9m seria importante identificar exatamente o tipo de vidro instalado e conferir se a solu\u00e7\u00e3o usada corresponde ao projeto e \u00e0 aplica\u00e7\u00e3o prevista.<\/p>\n\n\n\n<h2 class=\"wp-block-heading\">Quais registros ajudariam a preservar a prova depois da quebra?<\/h2>\n\n\n\n<p class=\"wp-block-paragraph\">O primeiro cuidado seria isolar a \u00e1rea e guardar, quando for seguro, <strong>fotografias dos fragmentos e das ferragens<\/strong>. Imagens da placa antes da quebra, do ponto de origem aparente e da fachada ao longo do dia podem ajudar a reconstruir o que ocorreu sem depender apenas da vers\u00e3o das partes.<\/p>\n\n\n\n<p class=\"wp-block-paragraph\">Contrato, nota fiscal, projeto, memorial e termo de garantia tamb\u00e9m devem ser preservados. Eles mostram <strong>qual vidro foi especificado<\/strong>, quem mediu, quem instalou e quando a exclus\u00e3o de garantia foi apresentada. Uma cl\u00e1usula entregue somente depois da contrata\u00e7\u00e3o teria contexto diferente de uma condi\u00e7\u00e3o informada previamente.<\/p>\n\n\n\n<p class=\"myth-list-bridge wp-block-paragraph\">A seguir listamos <strong>5 registros importantes<\/strong> que ajudariam uma per\u00edcia a investigar a quebra sem presumir choque t\u00e9rmico:<\/p>\n\n\n\n<ul class=\"wp-block-list myth-bullet-list\">\n<li><strong>Fotos do ponto de quebra: <\/strong>registre ferragens, bordas e posi\u00e7\u00e3o original da placa.<\/li>\n\n\n\n<li><strong>Projeto e medidas: <\/strong>confira dimens\u00f5es, folgas, apoios e sistema de fixa\u00e7\u00e3o previsto.<\/li>\n\n\n\n<li><strong>Identifica\u00e7\u00e3o do vidro: <\/strong>guarde nota fiscal, marca\u00e7\u00f5es e especifica\u00e7\u00e3o entregue pela empresa.<\/li>\n\n\n\n<li><strong>Termo de garantia: <\/strong>verifique quando e como as exclus\u00f5es foram apresentadas.<\/li>\n\n\n\n<li><strong>Laudo t\u00e9cnico: <\/strong>pe\u00e7a an\u00e1lise independente antes de aceitar uma causa definitiva.<\/li>\n<\/ul>\n\n\n\n<p class=\"wp-block-paragraph\"><strong>Leia tamb\u00e9m: <a href=\"https:\/\/www.em.com.br\/emalta\/2026\/09\/01\/familia-chega-a-casa-nova-mas-empresa-de-mudanca-mantem-os-moveis-dentro-do-caminhao-e-exige-mais-r-4-500-para-descarregar\/\" target=\"_blank\" rel=\"noreferrer noopener\">Fam\u00edlia chega \u00e0 casa nova, mas empresa de mudan\u00e7a mant\u00e9m os m\u00f3veis dentro do caminh\u00e3o e exige mais R$ 4.500 para descarregar<\/a><\/strong><\/p>\n\n\n\n<h2 class=\"wp-block-heading\">A frase \u201cchoque t\u00e9rmico n\u00e3o tem garantia\u201d encerraria a discuss\u00e3o?<\/h2>\n\n\n\n<p class=\"wp-block-paragraph\">N\u00e3o necessariamente. Em uma rela\u00e7\u00e3o de consumo real, uma cl\u00e1usula de garantia n\u00e3o substitui a an\u00e1lise sobre <strong>v\u00edcio, defeito ou falha de informa\u00e7\u00e3o<\/strong>. Primeiro seria preciso descobrir a causa prov\u00e1vel da quebra. Depois, a exclus\u00e3o pode ser comparada com o contrato e com a garantia legal.<\/p>\n\n\n\n<p class=\"wp-block-paragraph\">O <strong>CDC<\/strong> estabelece que a garantia legal de adequa\u00e7\u00e3o existe mesmo sem termo expresso. Isso n\u00e3o transforma toda quebra em responsabilidade autom\u00e1tica da empresa. Se a per\u00edcia apontar uma causa externa ou uso incompat\u00edvel, o resultado pode ser diferente de uma falha de fabrica\u00e7\u00e3o, projeto ou instala\u00e7\u00e3o.<\/p>\n\n\n\n<p class=\"myth-html-bridge wp-block-paragraph\">A seguir listamos <strong>3 etapas de an\u00e1lise<\/strong> que mant\u00eam a causa t\u00e9cnica separada da discuss\u00e3o sobre garantia:<\/p>\n\n\n\n<div class=\"emf-data-table google-auto-ads-ignore\">\n  <style>\n    .emf-data-table {\n      --emf-navy:#00245a;\n      --emf-navy-soft:#0b3b70;\n      --emf-ink:#1d2731;\n      --emf-muted:#66727e;\n      --emf-line:#d7dde5;\n      --emf-wash:#f4f6f8;\n      box-sizing:border-box!important;\n      inline-size:min(1100px,100%)!important;\n      max-inline-size:100%!important;\n      margin-inline:auto!important;\n      overflow:hidden!important;\n      color:var(--emf-ink);\n      background:#fff;\n      border:1px solid var(--emf-line);\n      border-radius:6px!important;\n      box-shadow:0 8px 24px rgba(0,36,90,.08);\n      font-family:Arial,Helvetica,sans-serif;\n    }\n\n    .emf-data-table *,\n    .emf-data-table *::before,\n    .emf-data-table *::after {\n      box-sizing:border-box!important;\n    }\n\n    .emf-data-table-brand {\n      display:flex;\n      align-items:center;\n      gap:13px;\n      min-block-size:72px;\n      padding:10px 17px;\n      color:#fff;\n      background:linear-gradient(105deg,var(--emf-navy) 0%,var(--emf-navy-soft) 100%);\n      border-block-end:4px solid #c5ced8;\n    }\n\n    .emf-data-table-logo {\n      display:grid;\n      place-items:center;\n      inline-size:52px;\n      block-size:52px;\n      flex:0 0 52px;\n      background:rgba(255,255,255,.08);\n      border:1px solid rgba(255,255,255,.35);\n      border-radius:3px!important;\n    }\n\n    .emf-data-table-logo img {\n      display:block;\n      inline-size:41px;\n      block-size:41px;\n      max-inline-size:41px;\n      max-block-size:41px;\n      object-fit:contain;\n    }\n\n    .emf-data-table-kicker {\n      margin:0 0 2px;\n      font-size:10px;\n      font-weight:700;\n      letter-spacing:.16em;\n      line-height:1.2;\n      text-transform:uppercase;\n      opacity:.78;\n    }\n\n    .emf-data-table-title {\n      margin:0;\n      font-family:Georgia,\"Times New Roman\",serif;\n      font-size:21px;\n      font-weight:700;\n      line-height:1.2;\n    }\n\n    .emf-data-table-scroll {\n      display:block!important;\n      inline-size:100%!important;\n      max-inline-size:100%!important;\n      overflow-x:auto!important;\n      overflow-y:hidden!important;\n      -webkit-overflow-scrolling:touch;\n      overscroll-behavior-inline:contain;\n      scrollbar-width:thin;\n      scrollbar-color:#8798aa #edf1f5;\n    }\n\n    .emf-data-table-scroll:focus-visible {\n      outline:3px solid rgba(0,36,90,.35);\n      outline-offset:-3px;\n    }\n\n    .emf-data-table table {\n      display:table!important;\n      inline-size:100%!important;\n      min-inline-size:680px!important;\n      max-inline-size:none!important;\n      margin:0!important;\n      border:0!important;\n      border-collapse:separate!important;\n      border-spacing:0!important;\n      table-layout:auto!important;\n      background:#fff!important;\n    }\n\n    .emf-data-table caption {\n      position:absolute!important;\n      inline-size:1px!important;\n      block-size:1px!important;\n      padding:0!important;\n      margin:-1px!important;\n      overflow:hidden!important;\n      clip:rect(0,0,0,0)!important;\n      white-space:nowrap!important;\n      border:0!important;\n    }\n\n    .emf-data-table thead {\n      display:table-header-group!important;\n    }\n\n    .emf-data-table tbody {\n      display:table-row-group!important;\n    }\n\n    .emf-data-table tr {\n      display:table-row!important;\n    }\n\n    .emf-data-table th,\n    .emf-data-table td {\n      display:table-cell!important;\n      float:none!important;\n      inline-size:auto!important;\n      max-inline-size:none!important;\n      margin:0!important;\n      border-radius:0!important;\n      text-align:left!important;\n      vertical-align:middle!important;\n    }\n\n    .emf-data-table th {\n      padding:14px 17px!important;\n      color:#fff!important;\n      background:var(--emf-navy)!important;\n      border-block-end:1px solid rgba(255,255,255,.22)!important;\n      border-inline-end:1px solid rgba(255,255,255,.12)!important;\n      font-family:Georgia,\"Times New Roman\",serif;\n      font-size:14px!important;\n      font-weight:700!important;\n      line-height:1.35!important;\n      white-space:nowrap!important;\n    }\n\n    .emf-data-table th:last-child {\n      border-inline-end:0!important;\n    }\n\n    .emf-data-table td {\n      padding:14px 17px!important;\n      color:#43515e!important;\n      background:#fff!important;\n      border-block-end:1px solid var(--emf-line)!important;\n      font-size:14px!important;\n      font-weight:400!important;\n      line-height:1.5!important;\n      overflow-wrap:anywhere;\n    }\n\n    .emf-data-table tbody tr:nth-child(even) td {\n      background:var(--emf-wash)!important;\n    }\n\n    .emf-data-table tbody tr:hover td {\n      background:#eaf0f5!important;\n    }\n\n    .emf-data-table tbody tr:last-child td {\n      border-block-end:0!important;\n    }\n\n    .emf-data-table td:first-child {\n      color:var(--emf-navy)!important;\n      font-weight:700!important;\n    }\n\n    @media(max-width:560px) {\n      .emf-data-table-brand {\n        min-block-size:68px;\n        padding:9px 13px;\n      }\n\n      .emf-data-table-title {\n        font-size:19px;\n      }\n\n      .emf-data-table-scroll {\n        overflow:visible!important;\n      }\n\n      .emf-data-table table,\n      .emf-data-table thead,\n      .emf-data-table tbody,\n      .emf-data-table tr,\n      .emf-data-table th,\n      .emf-data-table td {\n        display:block!important;\n        inline-size:100%!important;\n        min-inline-size:0!important;\n        max-inline-size:100%!important;\n      }\n\n      .emf-data-table table {\n        padding:13px!important;\n      }\n\n      .emf-data-table thead {\n        position:absolute!important;\n        inline-size:1px!important;\n        block-size:1px!important;\n        padding:0!important;\n        margin:-1px!important;\n        overflow:hidden!important;\n        clip:rect(0,0,0,0)!important;\n        white-space:nowrap!important;\n      }\n\n      .emf-data-table tbody {\n        display:grid!important;\n        gap:11px;\n      }\n\n      .emf-data-table tr {\n        overflow:hidden!important;\n        background:#fff!important;\n        border:1px solid var(--emf-line)!important;\n        border-block-start:4px solid var(--emf-navy)!important;\n        border-radius:4px!important;\n        box-shadow:0 4px 12px rgba(0,36,90,.06);\n      }\n\n      .emf-data-table td,\n      .emf-data-table tbody tr:nth-child(even) td,\n      .emf-data-table tbody tr:hover td {\n        display:grid!important;\n        grid-template-columns:minmax(105px,38%) minmax(0,1fr)!important;\n        align-items:start;\n        gap:11px;\n        padding:11px 12px!important;\n        background:#fff!important;\n        border-block-end:1px solid #e2e7ec!important;\n      }\n\n      .emf-data-table td::before {\n        content:attr(data-label);\n        color:var(--emf-muted);\n        font-size:10px;\n        font-weight:700;\n        letter-spacing:.06em;\n        line-height:1.35;\n        text-transform:uppercase;\n      }\n\n      .emf-data-table td:first-child {\n        color:var(--emf-navy)!important;\n        background:#edf1f5!important;\n      }\n\n      .emf-data-table td:last-child {\n        border-block-end:0!important;\n      }\n    }\n  <\/style>\n\n  <div class=\"emf-data-table-brand\">\n    <div class=\"emf-data-table-logo\">\n      <img\n        alt=\"Logo EM Foco\"\n        decoding=\"async\"\n        height=\"41\"\n        loading=\"lazy\"\n        referrerpolicy=\"no-referrer\"\n        src=\"https:\/\/www.em.com.br\/emfoco\/wp-content\/uploads\/2026\/08\/em_transparente_3000px-scaled.png\"\n        width=\"41\"\n      >\n    <\/div>\n\n    <div>\n      <div class=\"emf-data-table-kicker\">DADOS EM FOCO<\/div>\n      <div class=\"emf-data-table-title\">Como separar causa e garantia<\/div>\n    <\/div>\n  <\/div>\n\n  <div aria-label=\"Tabela com etapa, evid\u00eancia e objetivo na an\u00e1lise da quebra fict\u00edcia dos vidros\" class=\"emf-data-table-scroll\" role=\"region\" tabindex=\"0\">\n    <table>\n      <caption>Resumo das etapas para investigar quebra de pain\u00e9is de vidro antes de discutir garantia<\/caption>\n      <thead>\n        <tr>\n          <th scope=\"col\">Etapa<\/th>\n          <th scope=\"col\">Evid\u00eancia<\/th>\n          <th scope=\"col\">Objetivo<\/th>\n        <\/tr>\n      <\/thead>\n      <tbody>\n        <tr>\n          <td data-label=\"Etapa\">Causa t\u00e9cnica<\/td>\n          <td data-label=\"Evid\u00eancia\">Fragmentos, bordas e fixa\u00e7\u00e3o<\/td>\n          <td data-label=\"Objetivo\">Identificar o mecanismo prov\u00e1vel<\/td>\n        <\/tr>\n        <tr>\n          <td data-label=\"Etapa\">Instala\u00e7\u00e3o<\/td>\n          <td data-label=\"Evid\u00eancia\">Projeto, medidas e ferragens<\/td>\n          <td data-label=\"Objetivo\">Verificar dimensionamento e montagem<\/td>\n        <\/tr>\n        <tr>\n          <td data-label=\"Etapa\">Garantia<\/td>\n          <td data-label=\"Evid\u00eancia\">Contrato e termo entregue<\/td>\n          <td data-label=\"Objetivo\">Comparar exclus\u00e3o com a causa comprovada<\/td>\n        <\/tr>\n      <\/tbody>\n    <\/table>\n  <\/div>\n<\/div>\n\n\n\n<h2 class=\"wp-block-heading\">Como esse caso deveria ser tratado se tivesse acontecido de verdade?<\/h2>\n\n\n\n<p class=\"wp-block-paragraph\">A ordem mais segura seria <strong>proteger as pessoas e preservar a prova<\/strong>, depois identificar o vidro e examinar a instala\u00e7\u00e3o. S\u00f3 ent\u00e3o faria sentido discutir garantia, substitui\u00e7\u00e3o das placas e eventual preju\u00edzo. O calor registrado naquele dia seria uma informa\u00e7\u00e3o, n\u00e3o uma senten\u00e7a sobre a causa.<\/p>\n\n\n\n<p class=\"wp-block-paragraph\">Neste relato, <strong>fam\u00edlia, im\u00f3vel, empresa, placas e acidente s\u00e3o fict\u00edcios<\/strong>. O cen\u00e1rio serve para mostrar que \u201cchoque t\u00e9rmico\u201d n\u00e3o deve ser aceito nem descartado por palpite. Quando vidro se rompe, a conclus\u00e3o precisa nascer de documenta\u00e7\u00e3o, inspe\u00e7\u00e3o e rela\u00e7\u00e3o entre os sinais encontrados.<\/p>\n","protected":false},"excerpt":{"rendered":"<p>EM FOCO Resumo da mat\u00e9ria 01 Calor n\u00e3o fecha a causa A quebra numa tarde quente \u00e9 apenas um dado da hist\u00f3ria fict\u00edcia e n\u00e3o demonstra, sem per\u00edcia, que houve choque t\u00e9rmico. sem presun\u00e7\u00e3o 02 Instala\u00e7\u00e3o entra na an\u00e1lise Bordas, folgas, apoio, ferragens, dimensionamento e eventuais danos anteriores podem ser examinados junto com a exposi\u00e7\u00e3o [&hellip;]<\/p>\n","protected":false},"author":30,"featured_media":262055,"comment_status":"open","ping_status":"open","sticky":false,"template":"","format":"standard","meta":{"jnews-multi-image_gallery":[],"jnews_single_post":{"format":"standard"},"jnews_primary_category":[],"jnews_social_meta":[],"jnews_override_counter":[],"footnotes":""},"categories":[29],"tags":[8949,4589,11924,15040],"class_list":["post-262028","post","type-post","status-publish","format-standard","has-post-thumbnail","hentry","category-entretenimento","tag-construcao","tag-garantia","tag-sacada","tag-vidro"],"yoast_head":"<!-- This site is optimized with the Yoast SEO plugin v28.3 - https:\/\/yoast.com\/product\/yoast-seo-wordpress\/ -->\n<title>Fam\u00edlia fecha a sacada com pain\u00e9is de vidro, duas placas estouram numa tarde de calor e a empresa afirma que \u201cchoque t\u00e9rmico\u201d n\u00e3o est\u00e1 coberto pela garantia - Estado de Minas - Em foco<\/title>\n<meta name=\"description\" content=\"A empresa culpou o choque t\u00e9rmico ap\u00f3s placas de vidro estourarem na sacada. Saiba quais provas podem esclarecer quem responde pelo caso.\" \/>\n<meta name=\"robots\" content=\"index, follow, max-snippet:-1, max-image-preview:large, max-video-preview:-1\" \/>\n<link rel=\"canonical\" href=\"https:\/\/www.em.com.br\/emfoco\/2026\/09\/03\/familia-fecha-a-sacada-com-paineis-de-vidro-duas-placas-estouram-numa-tarde-de-calor-e-a-empresa-afirma-que-choque-termico-nao-esta-coberto-pela-garantia\/\" \/>\n<meta property=\"og:locale\" content=\"pt_BR\" \/>\n<meta property=\"og:type\" content=\"article\" \/>\n<meta property=\"og:title\" content=\"Fam\u00edlia fecha a sacada com pain\u00e9is de vidro, duas placas estouram numa tarde de calor e a empresa afirma que \u201cchoque t\u00e9rmico\u201d n\u00e3o est\u00e1 coberto pela garantia - Estado de Minas - Em foco\" \/>\n<meta property=\"og:description\" content=\"A empresa culpou o choque t\u00e9rmico ap\u00f3s placas de vidro estourarem na sacada. Saiba quais provas podem esclarecer quem responde pelo caso.\" \/>\n<meta property=\"og:url\" content=\"https:\/\/www.em.com.br\/emfoco\/2026\/09\/03\/familia-fecha-a-sacada-com-paineis-de-vidro-duas-placas-estouram-numa-tarde-de-calor-e-a-empresa-afirma-que-choque-termico-nao-esta-coberto-pela-garantia\/\" \/>\n<meta property=\"og:site_name\" content=\"Estado de Minas - Em foco\" \/>\n<meta property=\"article:published_time\" content=\"2026-09-03T20:37:00+00:00\" \/>\n<meta property=\"og:image\" content=\"https:\/\/www.em.com.br\/emfoco\/wp-content\/uploads\/2026\/09\/vidro2.jpg\" \/>\n\t<meta property=\"og:image:width\" content=\"1280\" \/>\n\t<meta property=\"og:image:height\" content=\"720\" \/>\n\t<meta property=\"og:image:type\" content=\"image\/jpeg\" \/>\n<meta name=\"author\" content=\"Guilherme Ara\u00fajo\" \/>\n<meta name=\"twitter:card\" content=\"summary_large_image\" \/>\n<meta name=\"twitter:label1\" content=\"Escrito por\" \/>\n\t<meta name=\"twitter:data1\" content=\"Guilherme Ara\u00fajo\" \/>\n\t<meta name=\"twitter:label2\" content=\"Est. tempo de leitura\" \/>\n\t<meta name=\"twitter:data2\" content=\"6 minutos\" \/>\n<!-- \/ Yoast SEO plugin. -->","yoast_head_json":{"title":"Fam\u00edlia fecha a sacada com pain\u00e9is de vidro, duas placas estouram numa tarde de calor e a empresa afirma que \u201cchoque t\u00e9rmico\u201d n\u00e3o est\u00e1 coberto pela garantia - Estado de Minas - Em foco","description":"A empresa culpou o choque t\u00e9rmico ap\u00f3s placas de vidro estourarem na sacada. Saiba quais provas podem esclarecer quem responde pelo caso.","robots":{"index":"index","follow":"follow","max-snippet":"max-snippet:-1","max-image-preview":"max-image-preview:large","max-video-preview":"max-video-preview:-1"},"canonical":"https:\/\/www.em.com.br\/emfoco\/2026\/09\/03\/familia-fecha-a-sacada-com-paineis-de-vidro-duas-placas-estouram-numa-tarde-de-calor-e-a-empresa-afirma-que-choque-termico-nao-esta-coberto-pela-garantia\/","og_locale":"pt_BR","og_type":"article","og_title":"Fam\u00edlia fecha a sacada com pain\u00e9is de vidro, duas placas estouram numa tarde de calor e a empresa afirma que \u201cchoque t\u00e9rmico\u201d n\u00e3o est\u00e1 coberto pela garantia - Estado de Minas - Em foco","og_description":"A empresa culpou o choque t\u00e9rmico ap\u00f3s placas de vidro estourarem na sacada. Saiba quais provas podem esclarecer quem responde pelo caso.","og_url":"https:\/\/www.em.com.br\/emfoco\/2026\/09\/03\/familia-fecha-a-sacada-com-paineis-de-vidro-duas-placas-estouram-numa-tarde-de-calor-e-a-empresa-afirma-que-choque-termico-nao-esta-coberto-pela-garantia\/","og_site_name":"Estado de Minas - Em foco","article_published_time":"2026-09-03T20:37:00+00:00","og_image":[{"width":1280,"height":720,"url":"https:\/\/www.em.com.br\/emfoco\/wp-content\/uploads\/2026\/09\/vidro2.jpg","type":"image\/jpeg"}],"author":"Guilherme Ara\u00fajo","twitter_card":"summary_large_image","twitter_misc":{"Escrito por":"Guilherme Ara\u00fajo","Est. tempo de leitura":"6 minutos"},"schema":{"@context":"https:\/\/schema.org","@graph":[{"@type":"Article","@id":"https:\/\/www.em.com.br\/emfoco\/2026\/09\/03\/familia-fecha-a-sacada-com-paineis-de-vidro-duas-placas-estouram-numa-tarde-de-calor-e-a-empresa-afirma-que-choque-termico-nao-esta-coberto-pela-garantia\/#article","isPartOf":{"@id":"https:\/\/www.em.com.br\/emfoco\/2026\/09\/03\/familia-fecha-a-sacada-com-paineis-de-vidro-duas-placas-estouram-numa-tarde-de-calor-e-a-empresa-afirma-que-choque-termico-nao-esta-coberto-pela-garantia\/"},"author":{"name":"Guilherme Ara\u00fajo","@id":"https:\/\/www.em.com.br\/emfoco\/#\/schema\/person\/5379e929a4b966c775d121e23f9bb421"},"headline":"Fam\u00edlia fecha a sacada com pain\u00e9is de vidro, duas placas estouram numa tarde de calor e a empresa afirma que \u201cchoque t\u00e9rmico\u201d n\u00e3o est\u00e1 coberto pela garantia","datePublished":"2026-09-03T20:37:00+00:00","mainEntityOfPage":{"@id":"https:\/\/www.em.com.br\/emfoco\/2026\/09\/03\/familia-fecha-a-sacada-com-paineis-de-vidro-duas-placas-estouram-numa-tarde-de-calor-e-a-empresa-afirma-que-choque-termico-nao-esta-coberto-pela-garantia\/"},"wordCount":977,"commentCount":0,"image":{"@id":"https:\/\/www.em.com.br\/emfoco\/2026\/09\/03\/familia-fecha-a-sacada-com-paineis-de-vidro-duas-placas-estouram-numa-tarde-de-calor-e-a-empresa-afirma-que-choque-termico-nao-esta-coberto-pela-garantia\/#primaryimage"},"thumbnailUrl":"https:\/\/www.em.com.br\/emfoco\/wp-content\/uploads\/2026\/09\/vidro2.jpg","keywords":["constru\u00e7\u00e3o","garantia","sacada","vidro"],"articleSection":["Entretenimento"],"inLanguage":"pt-BR","potentialAction":[{"@type":"CommentAction","name":"Comment","target":["https:\/\/www.em.com.br\/emfoco\/2026\/09\/03\/familia-fecha-a-sacada-com-paineis-de-vidro-duas-placas-estouram-numa-tarde-de-calor-e-a-empresa-afirma-que-choque-termico-nao-esta-coberto-pela-garantia\/#respond"]}]},{"@type":"WebPage","@id":"https:\/\/www.em.com.br\/emfoco\/2026\/09\/03\/familia-fecha-a-sacada-com-paineis-de-vidro-duas-placas-estouram-numa-tarde-de-calor-e-a-empresa-afirma-que-choque-termico-nao-esta-coberto-pela-garantia\/","url":"https:\/\/www.em.com.br\/emfoco\/2026\/09\/03\/familia-fecha-a-sacada-com-paineis-de-vidro-duas-placas-estouram-numa-tarde-de-calor-e-a-empresa-afirma-que-choque-termico-nao-esta-coberto-pela-garantia\/","name":"Fam\u00edlia fecha a sacada com pain\u00e9is de vidro, duas placas estouram numa tarde de calor e a empresa afirma que \u201cchoque t\u00e9rmico\u201d n\u00e3o est\u00e1 coberto pela garantia - Estado de Minas - Em foco","isPartOf":{"@id":"https:\/\/www.em.com.br\/emfoco\/#website"},"primaryImageOfPage":{"@id":"https:\/\/www.em.com.br\/emfoco\/2026\/09\/03\/familia-fecha-a-sacada-com-paineis-de-vidro-duas-placas-estouram-numa-tarde-de-calor-e-a-empresa-afirma-que-choque-termico-nao-esta-coberto-pela-garantia\/#primaryimage"},"image":{"@id":"https:\/\/www.em.com.br\/emfoco\/2026\/09\/03\/familia-fecha-a-sacada-com-paineis-de-vidro-duas-placas-estouram-numa-tarde-de-calor-e-a-empresa-afirma-que-choque-termico-nao-esta-coberto-pela-garantia\/#primaryimage"},"thumbnailUrl":"https:\/\/www.em.com.br\/emfoco\/wp-content\/uploads\/2026\/09\/vidro2.jpg","datePublished":"2026-09-03T20:37:00+00:00","author":{"@id":"https:\/\/www.em.com.br\/emfoco\/#\/schema\/person\/5379e929a4b966c775d121e23f9bb421"},"description":"A empresa culpou o choque t\u00e9rmico ap\u00f3s placas de vidro estourarem na sacada. Saiba quais provas podem esclarecer quem responde pelo caso.","breadcrumb":{"@id":"https:\/\/www.em.com.br\/emfoco\/2026\/09\/03\/familia-fecha-a-sacada-com-paineis-de-vidro-duas-placas-estouram-numa-tarde-de-calor-e-a-empresa-afirma-que-choque-termico-nao-esta-coberto-pela-garantia\/#breadcrumb"},"inLanguage":"pt-BR","potentialAction":[{"@type":"ReadAction","target":["https:\/\/www.em.com.br\/emfoco\/2026\/09\/03\/familia-fecha-a-sacada-com-paineis-de-vidro-duas-placas-estouram-numa-tarde-de-calor-e-a-empresa-afirma-que-choque-termico-nao-esta-coberto-pela-garantia\/"]}]},{"@type":"ImageObject","inLanguage":"pt-BR","@id":"https:\/\/www.em.com.br\/emfoco\/2026\/09\/03\/familia-fecha-a-sacada-com-paineis-de-vidro-duas-placas-estouram-numa-tarde-de-calor-e-a-empresa-afirma-que-choque-termico-nao-esta-coberto-pela-garantia\/#primaryimage","url":"https:\/\/www.em.com.br\/emfoco\/wp-content\/uploads\/2026\/09\/vidro2.jpg","contentUrl":"https:\/\/www.em.com.br\/emfoco\/wp-content\/uploads\/2026\/09\/vidro2.jpg","width":1280,"height":720,"caption":"Nem todo vidro que estoura em um dia quente sofreu necessariamente um choque t\u00e9rmico inevit\u00e1vel"},{"@type":"BreadcrumbList","@id":"https:\/\/www.em.com.br\/emfoco\/2026\/09\/03\/familia-fecha-a-sacada-com-paineis-de-vidro-duas-placas-estouram-numa-tarde-de-calor-e-a-empresa-afirma-que-choque-termico-nao-esta-coberto-pela-garantia\/#breadcrumb","itemListElement":[{"@type":"ListItem","position":1,"name":"In\u00edcio","item":"https:\/\/www.em.com.br\/emfoco\/"},{"@type":"ListItem","position":2,"name":"Fam\u00edlia fecha a sacada com pain\u00e9is de vidro, duas placas estouram numa tarde de calor e a empresa afirma que \u201cchoque t\u00e9rmico\u201d n\u00e3o est\u00e1 coberto pela garantia"}]},{"@type":"WebSite","@id":"https:\/\/www.em.com.br\/emfoco\/#website","url":"https:\/\/www.em.com.br\/emfoco\/","name":"Estado de Minas - Em foco","description":"Acompanhe as \u00faltimas not\u00edcias e fique bem informado sobre tudo o que acontece em Minas Gerais, Brasil e no mundo.","potentialAction":[{"@type":"SearchAction","target":{"@type":"EntryPoint","urlTemplate":"https:\/\/www.em.com.br\/emfoco\/?s={search_term_string}"},"query-input":{"@type":"PropertyValueSpecification","valueRequired":true,"valueName":"search_term_string"}}],"inLanguage":"pt-BR"},{"@type":"Person","@id":"https:\/\/www.em.com.br\/emfoco\/#\/schema\/person\/5379e929a4b966c775d121e23f9bb421","name":"Guilherme Ara\u00fajo","image":{"@type":"ImageObject","inLanguage":"pt-BR","@id":"https:\/\/secure.gravatar.com\/avatar\/063bc96e5a2afd1844386c45bd1360efc771eff011a9fab8cd399e2a104c3ecd?s=96&d=mm&r=g","url":"https:\/\/secure.gravatar.com\/avatar\/063bc96e5a2afd1844386c45bd1360efc771eff011a9fab8cd399e2a104c3ecd?s=96&d=mm&r=g","contentUrl":"https:\/\/secure.gravatar.com\/avatar\/063bc96e5a2afd1844386c45bd1360efc771eff011a9fab8cd399e2a104c3ecd?s=96&d=mm&r=g","caption":"Guilherme Ara\u00fajo"},"sameAs":["https:\/\/www.em.com.br\/emfoco"],"url":"https:\/\/www.em.com.br\/emfoco\/author\/guilhermeamyth\/"}]}},"_links":{"self":[{"href":"https:\/\/www.em.com.br\/emfoco\/wp-json\/wp\/v2\/posts\/262028","targetHints":{"allow":["GET"]}}],"collection":[{"href":"https:\/\/www.em.com.br\/emfoco\/wp-json\/wp\/v2\/posts"}],"about":[{"href":"https:\/\/www.em.com.br\/emfoco\/wp-json\/wp\/v2\/types\/post"}],"author":[{"embeddable":true,"href":"https:\/\/www.em.com.br\/emfoco\/wp-json\/wp\/v2\/users\/30"}],"replies":[{"embeddable":true,"href":"https:\/\/www.em.com.br\/emfoco\/wp-json\/wp\/v2\/comments?post=262028"}],"version-history":[{"count":4,"href":"https:\/\/www.em.com.br\/emfoco\/wp-json\/wp\/v2\/posts\/262028\/revisions"}],"predecessor-version":[{"id":262159,"href":"https:\/\/www.em.com.br\/emfoco\/wp-json\/wp\/v2\/posts\/262028\/revisions\/262159"}],"wp:featuredmedia":[{"embeddable":true,"href":"https:\/\/www.em.com.br\/emfoco\/wp-json\/wp\/v2\/media\/262055"}],"wp:attachment":[{"href":"https:\/\/www.em.com.br\/emfoco\/wp-json\/wp\/v2\/media?parent=262028"}],"wp:term":[{"taxonomy":"category","embeddable":true,"href":"https:\/\/www.em.com.br\/emfoco\/wp-json\/wp\/v2\/categories?post=262028"},{"taxonomy":"post_tag","embeddable":true,"href":"https:\/\/www.em.com.br\/emfoco\/wp-json\/wp\/v2\/tags?post=262028"}],"curies":[{"name":"wp","href":"https:\/\/api.w.org\/{rel}","templated":true}]}}