{"id":262027,"date":"2026-09-03T17:17:00","date_gmt":"2026-09-03T20:17:00","guid":{"rendered":"https:\/\/www.em.com.br\/emfoco\/?p=262027"},"modified":"2026-09-02T21:53:43","modified_gmt":"2026-09-03T00:53:43","slug":"pecuarista-compra-r-38-mil-em-mouroes-tratados-para-durarem-15-anos-mas-a-madeira-comeca-a-apodrecer-oito-meses-depois-e-o-fornecedor-culpa-o-solo","status":"publish","type":"post","link":"https:\/\/www.em.com.br\/emfoco\/2026\/09\/03\/pecuarista-compra-r-38-mil-em-mouroes-tratados-para-durarem-15-anos-mas-a-madeira-comeca-a-apodrecer-oito-meses-depois-e-o-fornecedor-culpa-o-solo\/","title":{"rendered":"Pecuarista compra R$ 38 mil em mour\u00f5es tratados para durarem 15 anos, mas a madeira come\u00e7a a apodrecer oito meses depois e o fornecedor culpa o solo"},"content":{"rendered":"\n<div class=\"emf-summary google-auto-ads-ignore\">\n  <style>\n    .emf-summary {\n      --emf-navy:#00245a;\n      --emf-navy-soft:#0b3b70;\n      --emf-ink:#1d2731;\n      --emf-muted:#66727e;\n      --emf-line:#d7dde5;\n      --emf-paper:#ffffff;\n      --emf-wash:#f4f6f8;\n      box-sizing:border-box!important;\n      inline-size:min(1100px,100%)!important;\n      max-inline-size:100%!important;\n      margin-inline:auto!important;\n      overflow:hidden!important;\n      color:var(--emf-ink);\n      background:var(--emf-paper);\n      border:1px solid var(--emf-line);\n      border-block-start:5px solid var(--emf-navy);\n      border-radius:6px!important;\n      box-shadow:0 8px 24px rgba(0,36,90,.08);\n      font-family:Arial,Helvetica,sans-serif;\n    }\n\n    .emf-summary *,\n    .emf-summary *::before,\n    .emf-summary *::after {\n      box-sizing:border-box!important;\n    }\n\n    .emf-summary-brand {\n      display:flex;\n      align-items:center;\n      gap:14px;\n      padding:16px 20px;\n      color:#fff;\n      background:linear-gradient(105deg,var(--emf-navy) 0%,var(--emf-navy-soft) 100%);\n      border-block-end:1px solid rgba(255,255,255,.18);\n    }\n\n    .emf-summary-logo {\n      display:grid;\n      place-items:center;\n      inline-size:58px;\n      block-size:58px;\n      flex:0 0 58px;\n      background:rgba(255,255,255,.08);\n      border:1px solid rgba(255,255,255,.35);\n      border-radius:3px!important;\n    }\n\n    .emf-summary-logo img {\n      display:block;\n      inline-size:46px;\n      block-size:46px;\n      max-inline-size:46px;\n      max-block-size:46px;\n      object-fit:contain;\n    }\n\n    .emf-summary-eyebrow {\n      margin:0 0 3px;\n      font-size:11px;\n      font-weight:700;\n      letter-spacing:.18em;\n      line-height:1.2;\n      text-transform:uppercase;\n      opacity:.78;\n    }\n\n    .emf-summary-title {\n      margin:0;\n      font-family:Georgia,\"Times New Roman\",serif;\n      font-size:25px;\n      font-weight:700;\n      line-height:1.15;\n    }\n\n    .emf-summary-grid {\n      display:grid;\n      grid-template-columns:repeat(3,minmax(0,1fr));\n      gap:0;\n      background:var(--emf-wash);\n    }\n\n    .emf-summary-card {\n      position:relative;\n      min-block-size:190px;\n      padding:24px 20px 20px;\n      overflow:hidden!important;\n      background:#fff;\n      border-inline-end:1px solid var(--emf-line);\n    }\n\n    .emf-summary-card:last-child {\n      border-inline-end:0;\n    }\n\n    .emf-summary-number {\n      position:absolute;\n      inset-block-start:13px;\n      inset-inline-end:15px;\n      color:rgba(0,36,90,.10);\n      font-family:Georgia,\"Times New Roman\",serif;\n      font-size:46px;\n      font-weight:700;\n      line-height:1;\n      pointer-events:none;\n    }\n\n    .emf-summary-card-title {\n      position:relative;\n      z-index:1;\n      margin:0 0 11px;\n      padding-block-end:10px;\n      color:var(--emf-navy);\n      border-block-end:2px solid var(--emf-navy);\n      font-family:Georgia,\"Times New Roman\",serif;\n      font-size:18px;\n      font-weight:700;\n      line-height:1.3;\n      overflow-wrap:anywhere;\n    }\n\n    .emf-summary-card-text {\n      position:relative;\n      z-index:1;\n      color:#485560;\n      font-size:13px;\n      line-height:1.6;\n      overflow-wrap:anywhere;\n    }\n\n    .emf-summary-card-meta {\n      position:relative;\n      z-index:1;\n      display:inline-flex;\n      margin-block-start:16px;\n      padding:5px 8px;\n      color:var(--emf-navy);\n      background:#edf1f5;\n      border:1px solid #d9e0e7;\n      border-radius:2px!important;\n      font-size:10px;\n      font-weight:700;\n      letter-spacing:.08em;\n      line-height:1.2;\n      text-transform:uppercase;\n    }\n\n    @media(max-width:760px) {\n      .emf-summary-grid {\n        grid-template-columns:1fr;\n      }\n\n      .emf-summary-card {\n        min-block-size:0;\n        border-inline-end:0;\n        border-block-end:1px solid var(--emf-line);\n      }\n\n      .emf-summary-card:last-child {\n        border-block-end:0;\n      }\n    }\n\n    @media(max-width:480px) {\n      .emf-summary-brand {\n        padding:14px 15px;\n      }\n\n      .emf-summary-logo {\n        inline-size:52px;\n        block-size:52px;\n        flex-basis:52px;\n      }\n\n      .emf-summary-logo img {\n        inline-size:41px;\n        block-size:41px;\n        max-inline-size:41px;\n        max-block-size:41px;\n      }\n\n      .emf-summary-title {\n        font-size:22px;\n      }\n\n      .emf-summary-card {\n        padding:21px 16px 18px;\n      }\n    }\n  <\/style>\n\n  <div class=\"emf-summary-brand\">\n    <div class=\"emf-summary-logo\">\n      <img\n        alt=\"Logo EM Foco\"\n        decoding=\"async\"\n        fetchpriority=\"high\"\n        height=\"46\"\n        loading=\"eager\"\n        referrerpolicy=\"no-referrer\"\n        src=\"https:\/\/www.em.com.br\/emfoco\/wp-content\/uploads\/2026\/08\/em_transparente_3000px-scaled.png\"\n        width=\"46\"\n      >\n    <\/div>\n\n    <div>\n      <div class=\"emf-summary-eyebrow\">EM FOCO<\/div>\n      <div class=\"emf-summary-title\">Resumo da mat\u00e9ria<\/div>\n    <\/div>\n  <\/div>\n\n  <div class=\"emf-summary-grid\">\n    <div class=\"emf-summary-card\">\n      <span aria-hidden=\"true\" class=\"emf-summary-number\">01<\/span>\n      <div aria-level=\"3\" class=\"emf-summary-card-title\" role=\"heading\">\n        Promessa tamb\u00e9m \u00e9 fict\u00edcia\n      <\/div>\n      <div class=\"emf-summary-card-text\">\n        Os R$ 38 mil, os 15 anos anunciados, os oito meses e o fornecedor foram inventados apenas para montar o conflito.\n      <\/div>\n      <div class=\"emf-summary-card-meta\">\n        fic\u00e7\u00e3o declarada\n      <\/div>\n    <\/div>\n    <div class=\"emf-summary-card\">\n      <span aria-hidden=\"true\" class=\"emf-summary-number\">02<\/span>\n      <div aria-level=\"3\" class=\"emf-summary-card-title\" role=\"heading\">\n        Solo n\u00e3o explica sozinho\n      <\/div>\n      <div class=\"emf-summary-card-text\">\n        Contato com o solo influencia a degrada\u00e7\u00e3o, mas tratamento preservativo, esp\u00e9cie, reten\u00e7\u00e3o do produto e condi\u00e7\u00f5es de instala\u00e7\u00e3o tamb\u00e9m precisariam ser examinados.\n      <\/div>\n      <div class=\"emf-summary-card-meta\">\n        causa t\u00e9cnica\n      <\/div>\n    <\/div>\n    <div class=\"emf-summary-card\">\n      <span aria-hidden=\"true\" class=\"emf-summary-number\">03<\/span>\n      <div aria-level=\"3\" class=\"emf-summary-card-title\" role=\"heading\">\n        Rela\u00e7\u00e3o rural pede cuidado\n      <\/div>\n      <div class=\"emf-summary-card-text\">\n        Como os mour\u00f5es podem integrar a atividade produtiva, n\u00e3o \u00e9 correto presumir automaticamente a aplica\u00e7\u00e3o das regras de consumo sem analisar a situa\u00e7\u00e3o.\n      <\/div>\n      <div class=\"emf-summary-card-meta\">\n        regime jur\u00eddico\n      <\/div>\n    <\/div>\n  <\/div>\n<\/div>\n\n\n\n<p class=\"wp-block-paragraph\">Em um relato totalmente fict\u00edcio, um pecuarista paga R$ 38 mil por <strong>mour\u00f5es tratados<\/strong> anunciados para durar 15 anos e percebe apodrecimento ap\u00f3s oito meses. Pecuarista, fornecedor, valores, promessa e preju\u00edzo s\u00e3o inventados. Num caso real, madeira, tratamento, solo, nota fiscal e laudo precisariam ser comparados.<\/p>\n\n\n\n<h2 class=\"wp-block-heading\">Como come\u00e7a o problema dos mour\u00f5es nesse relato inventado?<\/h2>\n\n\n\n<p class=\"wp-block-paragraph\">Na hist\u00f3ria fict\u00edcia, o pecuarista compra R$ 38 mil em <a href=\"https:\/\/pt.wikipedia.org\/wiki\/Madeira\" target=\"_blank\" rel=\"noopener noreferrer\"><strong>mour\u00f5es de madeira<\/strong><\/a> tratados e guarda um an\u00fancio prometendo <strong>15 anos de durabilidade<\/strong>. Oito meses depois da instala\u00e7\u00e3o, algumas pe\u00e7as apresentam amolecimento e perda de material junto \u00e0 linha do solo.<\/p>\n\n\n\n<p class=\"wp-block-paragraph\">O fornecedor inventado responde que o terreno seria \u00famido demais. Essa explica\u00e7\u00e3o poderia fazer parte de uma investiga\u00e7\u00e3o, mas n\u00e3o deveria encerrar o assunto. A <strong>condi\u00e7\u00e3o do solo<\/strong> precisaria ser confrontada com o tratamento informado, a esp\u00e9cie usada, a profundidade de instala\u00e7\u00e3o e o padr\u00e3o do dano.<\/p>\n\n\n<div class=\"wp-block-image\">\n<figure class=\"aligncenter size-large\"><img decoding=\"async\" width=\"1024\" height=\"576\" src=\"https:\/\/www.em.com.br\/emfoco\/wp-content\/uploads\/2026\/09\/fazende3-1024x576.jpg\" alt=\"\" class=\"wp-image-262051\" srcset=\"https:\/\/www.em.com.br\/emfoco\/wp-content\/uploads\/2026\/09\/fazende3-1024x576.jpg 1024w, https:\/\/www.em.com.br\/emfoco\/wp-content\/uploads\/2026\/09\/fazende3-300x169.jpg 300w, https:\/\/www.em.com.br\/emfoco\/wp-content\/uploads\/2026\/09\/fazende3-768x432.jpg 768w, https:\/\/www.em.com.br\/emfoco\/wp-content\/uploads\/2026\/09\/fazende3-750x421.jpg 750w, https:\/\/www.em.com.br\/emfoco\/wp-content\/uploads\/2026\/09\/fazende3-1140x641.jpg 1140w, https:\/\/www.em.com.br\/emfoco\/wp-content\/uploads\/2026\/09\/fazende3.jpg 1280w\" sizes=\"(max-width: 1024px) 100vw, 1024px\" \/><figcaption class=\"wp-element-caption\">Condi\u00e7\u00f5es do solo tamb\u00e9m precisam ser consideradas antes de apontar a origem da deteriora\u00e7\u00e3o<\/figcaption><\/figure>\n<\/div>\n\n\n<h2 class=\"wp-block-heading\">Por que o contato com o solo n\u00e3o basta para explicar o apodrecimento?<\/h2>\n\n\n\n<p class=\"wp-block-paragraph\">O <strong>Servi\u00e7o Florestal Brasileiro<\/strong> estuda justamente a durabilidade natural e a preserva\u00e7\u00e3o de madeiras em campos de apodrecimento. O contato com um ambiente favor\u00e1vel a organismos degradadores importa, mas o desempenho tamb\u00e9m depende das caracter\u00edsticas da madeira e do sistema de preserva\u00e7\u00e3o aplicado.<\/p>\n\n\n\n<p class=\"wp-block-paragraph\">A Embrapa Florestas mant\u00e9m trabalhos com <strong>mour\u00f5es tratados em ensaio de campo<\/strong>, o que refor\u00e7a a necessidade de avaliar o material em condi\u00e7\u00f5es reais de exposi\u00e7\u00e3o. Num conflito concreto, amostras retiradas de pe\u00e7as deterioradas e preservadas poderiam ajudar a comparar tratamento, penetra\u00e7\u00e3o e padr\u00e3o de ataque.<\/p>\n\n\n\n<h2 class=\"wp-block-heading\">Que documentos e amostras fariam diferen\u00e7a em uma per\u00edcia?<\/h2>\n\n\n\n<p class=\"wp-block-paragraph\">A primeira prova seria a <strong>nota fiscal com descri\u00e7\u00e3o do produto<\/strong>, acompanhada do an\u00fancio, pedido e qualquer certificado entregue. Esses documentos mostram qual madeira foi vendida, que tratamento foi prometido e se os 15 anos eram garantia, estimativa condicionada ou apenas frase publicit\u00e1ria.<\/p>\n\n\n\n<p class=\"wp-block-paragraph\">Tamb\u00e9m seria importante separar <strong>amostras representativas<\/strong> de mour\u00f5es deteriorados e aparentemente \u00edntegros. Um laudo poderia observar a regi\u00e3o enterrada, o padr\u00e3o de perda de madeira e sinais do tratamento. Fotografias do terreno e da instala\u00e7\u00e3o ajudam a reconstruir as condi\u00e7\u00f5es sem depender apenas de mem\u00f3ria.<\/p>\n\n\n\n<p class=\"myth-list-bridge wp-block-paragraph\">A seguir listamos <strong>5 elementos de prova<\/strong> que ajudariam a testar a vers\u00e3o do fornecedor e a condi\u00e7\u00e3o real dos mour\u00f5es:<\/p>\n\n\n\n<ul class=\"wp-block-list myth-bullet-list\">\n<li><strong>Nota fiscal: <\/strong>confirme esp\u00e9cie, tratamento, quantidade e identifica\u00e7\u00e3o comercial do material.<\/li>\n\n\n\n<li><strong>An\u00fancio da durabilidade: <\/strong>preserve a forma exata como os 15 anos foram apresentados.<\/li>\n\n\n\n<li><strong>Amostras da madeira: <\/strong>compare pe\u00e7as deterioradas e pe\u00e7as ainda aparentemente \u00edntegras.<\/li>\n\n\n\n<li><strong>Registro do solo: <\/strong>fotografe drenagem, umidade aparente e profundidade de instala\u00e7\u00e3o.<\/li>\n\n\n\n<li><strong>Laudo t\u00e9cnico: <\/strong>pe\u00e7a an\u00e1lise que diferencie deteriora\u00e7\u00e3o, tratamento e condi\u00e7\u00e3o de uso.<\/li>\n<\/ul>\n\n\n\n<p class=\"wp-block-paragraph\"><strong>Leia tamb\u00e9m: <a href=\"https:\/\/www.em.com.br\/emalta\/2026\/09\/01\/familia-chega-a-casa-nova-mas-empresa-de-mudanca-mantem-os-moveis-dentro-do-caminhao-e-exige-mais-r-4-500-para-descarregar\/\" target=\"_blank\" rel=\"noreferrer noopener\">Fam\u00edlia chega \u00e0 casa nova, mas empresa de mudan\u00e7a mant\u00e9m os m\u00f3veis dentro do caminh\u00e3o e exige mais R$ 4.500 para descarregar<\/a><\/strong><\/p>\n\n\n<div class=\"wp-block-image\">\n<figure class=\"aligncenter size-large\"><img decoding=\"async\" width=\"1024\" height=\"576\" src=\"https:\/\/www.em.com.br\/emfoco\/wp-content\/uploads\/2026\/09\/paus-1-1024x576.jpg\" alt=\"\" class=\"wp-image-262053\" srcset=\"https:\/\/www.em.com.br\/emfoco\/wp-content\/uploads\/2026\/09\/paus-1-1024x576.jpg 1024w, https:\/\/www.em.com.br\/emfoco\/wp-content\/uploads\/2026\/09\/paus-1-300x169.jpg 300w, https:\/\/www.em.com.br\/emfoco\/wp-content\/uploads\/2026\/09\/paus-1-768x432.jpg 768w, https:\/\/www.em.com.br\/emfoco\/wp-content\/uploads\/2026\/09\/paus-1-750x421.jpg 750w, https:\/\/www.em.com.br\/emfoco\/wp-content\/uploads\/2026\/09\/paus-1-1140x641.jpg 1140w, https:\/\/www.em.com.br\/emfoco\/wp-content\/uploads\/2026\/09\/paus-1.jpg 1280w\" sizes=\"(max-width: 1024px) 100vw, 1024px\" \/><figcaption class=\"wp-element-caption\">Amostras dos mour\u00f5es podem ajudar uma an\u00e1lise t\u00e9cnica sobre tratamento e apodrecimento<\/figcaption><\/figure>\n<\/div>\n\n\n<h2 class=\"wp-block-heading\">A promessa de 15 anos obrigaria o fornecedor em qualquer situa\u00e7\u00e3o?<\/h2>\n\n\n\n<p class=\"wp-block-paragraph\">Uma promessa objetiva escrita pode ter peso contratual, mas o alcance depende de <strong>como ela foi oferecida e condicionada<\/strong>. Se havia limites de uso, eles precisariam estar claros. J\u00e1 atribuir todo o dano ao solo exigiria demonstrar que as condi\u00e7\u00f5es encontradas explicam a deteriora\u00e7\u00e3o observada.<\/p>\n\n\n\n<p class=\"wp-block-paragraph\">H\u00e1 outro cuidado: sendo compra ligada \u00e0 pecu\u00e1ria, a rela\u00e7\u00e3o n\u00e3o deve ser chamada automaticamente de consumo. O <a href=\"https:\/\/scon.stj.jus.br\/SCON\/GetInteiroTeorDoAcordao?num_registro=202500394064\" target=\"_blank\" rel=\"noopener noreferrer\"><strong>STJ<\/strong><\/a> admite aplica\u00e7\u00e3o excepcional do CDC em atividade produtiva quando h\u00e1 vulnerabilidade demonstrada. O enquadramento jur\u00eddico, portanto, depende do caso concreto.<\/p>\n\n\n\n<p class=\"myth-html-bridge wp-block-paragraph\">A seguir listamos <strong>3 pontos de compara\u00e7\u00e3o<\/strong> que ajudariam a separar promessa comercial, condi\u00e7\u00e3o de uso e causa t\u00e9cnica:<\/p>\n\n\n\n<div class=\"emf-data-table google-auto-ads-ignore\">\n  <style>\n    .emf-data-table {\n      --emf-navy:#00245a;\n      --emf-navy-soft:#0b3b70;\n      --emf-ink:#1d2731;\n      --emf-muted:#66727e;\n      --emf-line:#d7dde5;\n      --emf-wash:#f4f6f8;\n      box-sizing:border-box!important;\n      inline-size:min(1100px,100%)!important;\n      max-inline-size:100%!important;\n      margin-inline:auto!important;\n      overflow:hidden!important;\n      color:var(--emf-ink);\n      background:#fff;\n      border:1px solid var(--emf-line);\n      border-radius:6px!important;\n      box-shadow:0 8px 24px rgba(0,36,90,.08);\n      font-family:Arial,Helvetica,sans-serif;\n    }\n\n    .emf-data-table *,\n    .emf-data-table *::before,\n    .emf-data-table *::after {\n      box-sizing:border-box!important;\n    }\n\n    .emf-data-table-brand {\n      display:flex;\n      align-items:center;\n      gap:13px;\n      min-block-size:72px;\n      padding:10px 17px;\n      color:#fff;\n      background:linear-gradient(105deg,var(--emf-navy) 0%,var(--emf-navy-soft) 100%);\n      border-block-end:4px solid #c5ced8;\n    }\n\n    .emf-data-table-logo {\n      display:grid;\n      place-items:center;\n      inline-size:52px;\n      block-size:52px;\n      flex:0 0 52px;\n      background:rgba(255,255,255,.08);\n      border:1px solid rgba(255,255,255,.35);\n      border-radius:3px!important;\n    }\n\n    .emf-data-table-logo img {\n      display:block;\n      inline-size:41px;\n      block-size:41px;\n      max-inline-size:41px;\n      max-block-size:41px;\n      object-fit:contain;\n    }\n\n    .emf-data-table-kicker {\n      margin:0 0 2px;\n      font-size:10px;\n      font-weight:700;\n      letter-spacing:.16em;\n      line-height:1.2;\n      text-transform:uppercase;\n      opacity:.78;\n    }\n\n    .emf-data-table-title {\n      margin:0;\n      font-family:Georgia,\"Times New Roman\",serif;\n      font-size:21px;\n      font-weight:700;\n      line-height:1.2;\n    }\n\n    .emf-data-table-scroll {\n      display:block!important;\n      inline-size:100%!important;\n      max-inline-size:100%!important;\n      overflow-x:auto!important;\n      overflow-y:hidden!important;\n      -webkit-overflow-scrolling:touch;\n      overscroll-behavior-inline:contain;\n      scrollbar-width:thin;\n      scrollbar-color:#8798aa #edf1f5;\n    }\n\n    .emf-data-table-scroll:focus-visible {\n      outline:3px solid rgba(0,36,90,.35);\n      outline-offset:-3px;\n    }\n\n    .emf-data-table table {\n      display:table!important;\n      inline-size:100%!important;\n      min-inline-size:680px!important;\n      max-inline-size:none!important;\n      margin:0!important;\n      border:0!important;\n      border-collapse:separate!important;\n      border-spacing:0!important;\n      table-layout:auto!important;\n      background:#fff!important;\n    }\n\n    .emf-data-table caption {\n      position:absolute!important;\n      inline-size:1px!important;\n      block-size:1px!important;\n      padding:0!important;\n      margin:-1px!important;\n      overflow:hidden!important;\n      clip:rect(0,0,0,0)!important;\n      white-space:nowrap!important;\n      border:0!important;\n    }\n\n    .emf-data-table thead {\n      display:table-header-group!important;\n    }\n\n    .emf-data-table tbody {\n      display:table-row-group!important;\n    }\n\n    .emf-data-table tr {\n      display:table-row!important;\n    }\n\n    .emf-data-table th,\n    .emf-data-table td {\n      display:table-cell!important;\n      float:none!important;\n      inline-size:auto!important;\n      max-inline-size:none!important;\n      margin:0!important;\n      border-radius:0!important;\n      text-align:left!important;\n      vertical-align:middle!important;\n    }\n\n    .emf-data-table th {\n      padding:14px 17px!important;\n      color:#fff!important;\n      background:var(--emf-navy)!important;\n      border-block-end:1px solid rgba(255,255,255,.22)!important;\n      border-inline-end:1px solid rgba(255,255,255,.12)!important;\n      font-family:Georgia,\"Times New Roman\",serif;\n      font-size:14px!important;\n      font-weight:700!important;\n      line-height:1.35!important;\n      white-space:nowrap!important;\n    }\n\n    .emf-data-table th:last-child {\n      border-inline-end:0!important;\n    }\n\n    .emf-data-table td {\n      padding:14px 17px!important;\n      color:#43515e!important;\n      background:#fff!important;\n      border-block-end:1px solid var(--emf-line)!important;\n      font-size:14px!important;\n      font-weight:400!important;\n      line-height:1.5!important;\n      overflow-wrap:anywhere;\n    }\n\n    .emf-data-table tbody tr:nth-child(even) td {\n      background:var(--emf-wash)!important;\n    }\n\n    .emf-data-table tbody tr:hover td {\n      background:#eaf0f5!important;\n    }\n\n    .emf-data-table tbody tr:last-child td {\n      border-block-end:0!important;\n    }\n\n    .emf-data-table td:first-child {\n      color:var(--emf-navy)!important;\n      font-weight:700!important;\n    }\n\n    @media(max-width:560px) {\n      .emf-data-table-brand {\n        min-block-size:68px;\n        padding:9px 13px;\n      }\n\n      .emf-data-table-title {\n        font-size:19px;\n      }\n\n      .emf-data-table-scroll {\n        overflow:visible!important;\n      }\n\n      .emf-data-table table,\n      .emf-data-table thead,\n      .emf-data-table tbody,\n      .emf-data-table tr,\n      .emf-data-table th,\n      .emf-data-table td {\n        display:block!important;\n        inline-size:100%!important;\n        min-inline-size:0!important;\n        max-inline-size:100%!important;\n      }\n\n      .emf-data-table table {\n        padding:13px!important;\n      }\n\n      .emf-data-table thead {\n        position:absolute!important;\n        inline-size:1px!important;\n        block-size:1px!important;\n        padding:0!important;\n        margin:-1px!important;\n        overflow:hidden!important;\n        clip:rect(0,0,0,0)!important;\n        white-space:nowrap!important;\n      }\n\n      .emf-data-table tbody {\n        display:grid!important;\n        gap:11px;\n      }\n\n      .emf-data-table tr {\n        overflow:hidden!important;\n        background:#fff!important;\n        border:1px solid var(--emf-line)!important;\n        border-block-start:4px solid var(--emf-navy)!important;\n        border-radius:4px!important;\n        box-shadow:0 4px 12px rgba(0,36,90,.06);\n      }\n\n      .emf-data-table td,\n      .emf-data-table tbody tr:nth-child(even) td,\n      .emf-data-table tbody tr:hover td {\n        display:grid!important;\n        grid-template-columns:minmax(105px,38%) minmax(0,1fr)!important;\n        align-items:start;\n        gap:11px;\n        padding:11px 12px!important;\n        background:#fff!important;\n        border-block-end:1px solid #e2e7ec!important;\n      }\n\n      .emf-data-table td::before {\n        content:attr(data-label);\n        color:var(--emf-muted);\n        font-size:10px;\n        font-weight:700;\n        letter-spacing:.06em;\n        line-height:1.35;\n        text-transform:uppercase;\n      }\n\n      .emf-data-table td:first-child {\n        color:var(--emf-navy)!important;\n        background:#edf1f5!important;\n      }\n\n      .emf-data-table td:last-child {\n        border-block-end:0!important;\n      }\n    }\n  <\/style>\n\n  <div class=\"emf-data-table-brand\">\n    <div class=\"emf-data-table-logo\">\n      <img\n        alt=\"Logo EM Foco\"\n        decoding=\"async\"\n        height=\"41\"\n        loading=\"lazy\"\n        referrerpolicy=\"no-referrer\"\n        src=\"https:\/\/www.em.com.br\/emfoco\/wp-content\/uploads\/2026\/08\/em_transparente_3000px-scaled.png\"\n        width=\"41\"\n      >\n    <\/div>\n\n    <div>\n      <div class=\"emf-data-table-kicker\">DADOS EM FOCO<\/div>\n      <div class=\"emf-data-table-title\">O que comparar nos mour\u00f5es<\/div>\n    <\/div>\n  <\/div>\n\n  <div aria-label=\"Tabela com elemento, prova e fun\u00e7\u00e3o na an\u00e1lise dos mour\u00f5es fict\u00edcios\" class=\"emf-data-table-scroll\" role=\"region\" tabindex=\"0\">\n    <table>\n      <caption>Resumo das provas que ajudariam a investigar deteriora\u00e7\u00e3o precoce de mour\u00f5es tratados<\/caption>\n      <thead>\n        <tr>\n          <th scope=\"col\">Elemento<\/th>\n          <th scope=\"col\">Prova<\/th>\n          <th scope=\"col\">O que esclarece<\/th>\n        <\/tr>\n      <\/thead>\n      <tbody>\n        <tr>\n          <td data-label=\"Elemento\">Material vendido<\/td>\n          <td data-label=\"Prova\">Nota fiscal e pedido<\/td>\n          <td data-label=\"O que esclarece\">Qual madeira e tratamento foram prometidos<\/td>\n        <\/tr>\n        <tr>\n          <td data-label=\"Elemento\">Deteriora\u00e7\u00e3o<\/td>\n          <td data-label=\"Prova\">Amostras e fotos<\/td>\n          <td data-label=\"O que esclarece\">Onde e como a perda ocorreu<\/td>\n        <\/tr>\n        <tr>\n          <td data-label=\"Elemento\">Condi\u00e7\u00e3o de uso<\/td>\n          <td data-label=\"Prova\">Solo e instala\u00e7\u00e3o<\/td>\n          <td data-label=\"O que esclarece\">Se a exposi\u00e7\u00e3o explica o padr\u00e3o observado<\/td>\n        <\/tr>\n      <\/tbody>\n    <\/table>\n  <\/div>\n<\/div>\n\n\n\n<h2 class=\"wp-block-heading\">O que precisaria ser resolvido antes de cobrar o preju\u00edzo?<\/h2>\n\n\n\n<p class=\"wp-block-paragraph\">Seria necess\u00e1rio determinar <strong>qual material foi entregue<\/strong>, qual tratamento foi aplicado e se o estado do solo estava dentro das condi\u00e7\u00f5es prometidas para uso. S\u00f3 depois faria sentido calcular substitui\u00e7\u00e3o, m\u00e3o de obra, cercas afetadas e eventual perda relacionada ao defeito comprovado.<\/p>\n\n\n\n<p class=\"wp-block-paragraph\">Neste caso, nada \u00e9 real: <strong>pecuarista, fornecedor, R$ 38 mil, 15 anos e oito meses s\u00e3o fict\u00edcios<\/strong>. A situa\u00e7\u00e3o mostra apenas como uma promessa de durabilidade e uma explica\u00e7\u00e3o baseada no solo precisariam passar por documentos, amostras e an\u00e1lise t\u00e9cnica antes de virar conclus\u00e3o.<\/p>\n","protected":false},"excerpt":{"rendered":"<p>EM FOCO Resumo da mat\u00e9ria 01 Promessa tamb\u00e9m \u00e9 fict\u00edcia Os R$ 38 mil, os 15 anos anunciados, os oito meses e o fornecedor foram inventados apenas para montar o conflito. fic\u00e7\u00e3o declarada 02 Solo n\u00e3o explica sozinho Contato com o solo influencia a degrada\u00e7\u00e3o, mas tratamento preservativo, esp\u00e9cie, reten\u00e7\u00e3o do produto e condi\u00e7\u00f5es de [&hellip;]<\/p>\n","protected":false},"author":30,"featured_media":262050,"comment_status":"open","ping_status":"open","sticky":false,"template":"","format":"standard","meta":{"jnews-multi-image_gallery":[],"jnews_single_post":{"format":"standard"},"jnews_primary_category":[],"jnews_social_meta":[],"jnews_override_counter":[],"footnotes":""},"categories":[8819,29],"tags":[35991,17223,35990,29238],"class_list":["post-262027","post","type-post","status-publish","format-standard","has-post-thumbnail","hentry","category-curiosidades","category-entretenimento","tag-cercas","tag-madeira","tag-mouroes","tag-pecuaria"],"yoast_head":"<!-- This site is optimized with the Yoast SEO plugin v28.3 - https:\/\/yoast.com\/product\/yoast-seo-wordpress\/ -->\n<title>Pecuarista compra R$ 38 mil em mour\u00f5es tratados para durarem 15 anos, mas a madeira come\u00e7a a apodrecer oito meses depois e o fornecedor culpa o solo - Estado de Minas - Em foco<\/title>\n<meta name=\"description\" content=\"O fornecedor culpou o solo depois que mour\u00f5es tratados apodreceram cedo demais. Veja quais provas podem mostrar se o tratamento falhou.\" \/>\n<meta name=\"robots\" content=\"index, follow, max-snippet:-1, max-image-preview:large, max-video-preview:-1\" \/>\n<link rel=\"canonical\" href=\"https:\/\/www.em.com.br\/emfoco\/2026\/09\/03\/pecuarista-compra-r-38-mil-em-mouroes-tratados-para-durarem-15-anos-mas-a-madeira-comeca-a-apodrecer-oito-meses-depois-e-o-fornecedor-culpa-o-solo\/\" \/>\n<meta property=\"og:locale\" content=\"pt_BR\" \/>\n<meta property=\"og:type\" content=\"article\" \/>\n<meta property=\"og:title\" content=\"Pecuarista compra R$ 38 mil em mour\u00f5es tratados para durarem 15 anos, mas a madeira come\u00e7a a apodrecer oito meses depois e o fornecedor culpa o solo - Estado de Minas - Em foco\" \/>\n<meta property=\"og:description\" content=\"O fornecedor culpou o solo depois que mour\u00f5es tratados apodreceram cedo demais. Veja quais provas podem mostrar se o tratamento falhou.\" \/>\n<meta property=\"og:url\" content=\"https:\/\/www.em.com.br\/emfoco\/2026\/09\/03\/pecuarista-compra-r-38-mil-em-mouroes-tratados-para-durarem-15-anos-mas-a-madeira-comeca-a-apodrecer-oito-meses-depois-e-o-fornecedor-culpa-o-solo\/\" \/>\n<meta property=\"og:site_name\" content=\"Estado de Minas - Em foco\" \/>\n<meta property=\"article:published_time\" content=\"2026-09-03T20:17:00+00:00\" \/>\n<meta property=\"og:image\" content=\"https:\/\/www.em.com.br\/emfoco\/wp-content\/uploads\/2026\/09\/fazenda2.jpg\" \/>\n\t<meta property=\"og:image:width\" content=\"1280\" \/>\n\t<meta property=\"og:image:height\" content=\"720\" \/>\n\t<meta property=\"og:image:type\" content=\"image\/jpeg\" \/>\n<meta name=\"author\" content=\"Guilherme Ara\u00fajo\" \/>\n<meta name=\"twitter:card\" content=\"summary_large_image\" \/>\n<meta name=\"twitter:label1\" content=\"Escrito por\" \/>\n\t<meta name=\"twitter:data1\" content=\"Guilherme Ara\u00fajo\" \/>\n\t<meta name=\"twitter:label2\" content=\"Est. tempo de leitura\" \/>\n\t<meta name=\"twitter:data2\" content=\"6 minutos\" \/>\n<!-- \/ Yoast SEO plugin. -->","yoast_head_json":{"title":"Pecuarista compra R$ 38 mil em mour\u00f5es tratados para durarem 15 anos, mas a madeira come\u00e7a a apodrecer oito meses depois e o fornecedor culpa o solo - Estado de Minas - Em foco","description":"O fornecedor culpou o solo depois que mour\u00f5es tratados apodreceram cedo demais. Veja quais provas podem mostrar se o tratamento falhou.","robots":{"index":"index","follow":"follow","max-snippet":"max-snippet:-1","max-image-preview":"max-image-preview:large","max-video-preview":"max-video-preview:-1"},"canonical":"https:\/\/www.em.com.br\/emfoco\/2026\/09\/03\/pecuarista-compra-r-38-mil-em-mouroes-tratados-para-durarem-15-anos-mas-a-madeira-comeca-a-apodrecer-oito-meses-depois-e-o-fornecedor-culpa-o-solo\/","og_locale":"pt_BR","og_type":"article","og_title":"Pecuarista compra R$ 38 mil em mour\u00f5es tratados para durarem 15 anos, mas a madeira come\u00e7a a apodrecer oito meses depois e o fornecedor culpa o solo - Estado de Minas - Em foco","og_description":"O fornecedor culpou o solo depois que mour\u00f5es tratados apodreceram cedo demais. Veja quais provas podem mostrar se o tratamento falhou.","og_url":"https:\/\/www.em.com.br\/emfoco\/2026\/09\/03\/pecuarista-compra-r-38-mil-em-mouroes-tratados-para-durarem-15-anos-mas-a-madeira-comeca-a-apodrecer-oito-meses-depois-e-o-fornecedor-culpa-o-solo\/","og_site_name":"Estado de Minas - Em foco","article_published_time":"2026-09-03T20:17:00+00:00","og_image":[{"width":1280,"height":720,"url":"https:\/\/www.em.com.br\/emfoco\/wp-content\/uploads\/2026\/09\/fazenda2.jpg","type":"image\/jpeg"}],"author":"Guilherme Ara\u00fajo","twitter_card":"summary_large_image","twitter_misc":{"Escrito por":"Guilherme Ara\u00fajo","Est. tempo de leitura":"6 minutos"},"schema":{"@context":"https:\/\/schema.org","@graph":[{"@type":"Article","@id":"https:\/\/www.em.com.br\/emfoco\/2026\/09\/03\/pecuarista-compra-r-38-mil-em-mouroes-tratados-para-durarem-15-anos-mas-a-madeira-comeca-a-apodrecer-oito-meses-depois-e-o-fornecedor-culpa-o-solo\/#article","isPartOf":{"@id":"https:\/\/www.em.com.br\/emfoco\/2026\/09\/03\/pecuarista-compra-r-38-mil-em-mouroes-tratados-para-durarem-15-anos-mas-a-madeira-comeca-a-apodrecer-oito-meses-depois-e-o-fornecedor-culpa-o-solo\/"},"author":{"name":"Guilherme Ara\u00fajo","@id":"https:\/\/www.em.com.br\/emfoco\/#\/schema\/person\/5379e929a4b966c775d121e23f9bb421"},"headline":"Pecuarista compra R$ 38 mil em mour\u00f5es tratados para durarem 15 anos, mas a madeira come\u00e7a a apodrecer oito meses depois e o fornecedor culpa o solo","datePublished":"2026-09-03T20:17:00+00:00","mainEntityOfPage":{"@id":"https:\/\/www.em.com.br\/emfoco\/2026\/09\/03\/pecuarista-compra-r-38-mil-em-mouroes-tratados-para-durarem-15-anos-mas-a-madeira-comeca-a-apodrecer-oito-meses-depois-e-o-fornecedor-culpa-o-solo\/"},"wordCount":959,"commentCount":0,"image":{"@id":"https:\/\/www.em.com.br\/emfoco\/2026\/09\/03\/pecuarista-compra-r-38-mil-em-mouroes-tratados-para-durarem-15-anos-mas-a-madeira-comeca-a-apodrecer-oito-meses-depois-e-o-fornecedor-culpa-o-solo\/#primaryimage"},"thumbnailUrl":"https:\/\/www.em.com.br\/emfoco\/wp-content\/uploads\/2026\/09\/fazenda2.jpg","keywords":["cercas","madeira","mour\u00f5es","pecu\u00e1ria"],"articleSection":["Curiosidades","Entretenimento"],"inLanguage":"pt-BR","potentialAction":[{"@type":"CommentAction","name":"Comment","target":["https:\/\/www.em.com.br\/emfoco\/2026\/09\/03\/pecuarista-compra-r-38-mil-em-mouroes-tratados-para-durarem-15-anos-mas-a-madeira-comeca-a-apodrecer-oito-meses-depois-e-o-fornecedor-culpa-o-solo\/#respond"]}]},{"@type":"WebPage","@id":"https:\/\/www.em.com.br\/emfoco\/2026\/09\/03\/pecuarista-compra-r-38-mil-em-mouroes-tratados-para-durarem-15-anos-mas-a-madeira-comeca-a-apodrecer-oito-meses-depois-e-o-fornecedor-culpa-o-solo\/","url":"https:\/\/www.em.com.br\/emfoco\/2026\/09\/03\/pecuarista-compra-r-38-mil-em-mouroes-tratados-para-durarem-15-anos-mas-a-madeira-comeca-a-apodrecer-oito-meses-depois-e-o-fornecedor-culpa-o-solo\/","name":"Pecuarista compra R$ 38 mil em mour\u00f5es tratados para durarem 15 anos, mas a madeira come\u00e7a a apodrecer oito meses depois e o fornecedor culpa o solo - Estado de Minas - Em foco","isPartOf":{"@id":"https:\/\/www.em.com.br\/emfoco\/#website"},"primaryImageOfPage":{"@id":"https:\/\/www.em.com.br\/emfoco\/2026\/09\/03\/pecuarista-compra-r-38-mil-em-mouroes-tratados-para-durarem-15-anos-mas-a-madeira-comeca-a-apodrecer-oito-meses-depois-e-o-fornecedor-culpa-o-solo\/#primaryimage"},"image":{"@id":"https:\/\/www.em.com.br\/emfoco\/2026\/09\/03\/pecuarista-compra-r-38-mil-em-mouroes-tratados-para-durarem-15-anos-mas-a-madeira-comeca-a-apodrecer-oito-meses-depois-e-o-fornecedor-culpa-o-solo\/#primaryimage"},"thumbnailUrl":"https:\/\/www.em.com.br\/emfoco\/wp-content\/uploads\/2026\/09\/fazenda2.jpg","datePublished":"2026-09-03T20:17:00+00:00","author":{"@id":"https:\/\/www.em.com.br\/emfoco\/#\/schema\/person\/5379e929a4b966c775d121e23f9bb421"},"description":"O fornecedor culpou o solo depois que mour\u00f5es tratados apodreceram cedo demais. Veja quais provas podem mostrar se o tratamento falhou.","breadcrumb":{"@id":"https:\/\/www.em.com.br\/emfoco\/2026\/09\/03\/pecuarista-compra-r-38-mil-em-mouroes-tratados-para-durarem-15-anos-mas-a-madeira-comeca-a-apodrecer-oito-meses-depois-e-o-fornecedor-culpa-o-solo\/#breadcrumb"},"inLanguage":"pt-BR","potentialAction":[{"@type":"ReadAction","target":["https:\/\/www.em.com.br\/emfoco\/2026\/09\/03\/pecuarista-compra-r-38-mil-em-mouroes-tratados-para-durarem-15-anos-mas-a-madeira-comeca-a-apodrecer-oito-meses-depois-e-o-fornecedor-culpa-o-solo\/"]}]},{"@type":"ImageObject","inLanguage":"pt-BR","@id":"https:\/\/www.em.com.br\/emfoco\/2026\/09\/03\/pecuarista-compra-r-38-mil-em-mouroes-tratados-para-durarem-15-anos-mas-a-madeira-comeca-a-apodrecer-oito-meses-depois-e-o-fornecedor-culpa-o-solo\/#primaryimage","url":"https:\/\/www.em.com.br\/emfoco\/wp-content\/uploads\/2026\/09\/fazenda2.jpg","contentUrl":"https:\/\/www.em.com.br\/emfoco\/wp-content\/uploads\/2026\/09\/fazenda2.jpg","width":1280,"height":720,"caption":"O tipo de tratamento aplicado \u00e0 madeira pode ser comparado \u00e0 durabilidade prometida na venda"},{"@type":"BreadcrumbList","@id":"https:\/\/www.em.com.br\/emfoco\/2026\/09\/03\/pecuarista-compra-r-38-mil-em-mouroes-tratados-para-durarem-15-anos-mas-a-madeira-comeca-a-apodrecer-oito-meses-depois-e-o-fornecedor-culpa-o-solo\/#breadcrumb","itemListElement":[{"@type":"ListItem","position":1,"name":"In\u00edcio","item":"https:\/\/www.em.com.br\/emfoco\/"},{"@type":"ListItem","position":2,"name":"Pecuarista compra R$ 38 mil em mour\u00f5es tratados para durarem 15 anos, mas a madeira come\u00e7a a apodrecer oito meses depois e o fornecedor culpa o solo"}]},{"@type":"WebSite","@id":"https:\/\/www.em.com.br\/emfoco\/#website","url":"https:\/\/www.em.com.br\/emfoco\/","name":"Estado de Minas - Em foco","description":"Acompanhe as \u00faltimas not\u00edcias e fique bem informado sobre tudo o que acontece em Minas Gerais, Brasil e no mundo.","potentialAction":[{"@type":"SearchAction","target":{"@type":"EntryPoint","urlTemplate":"https:\/\/www.em.com.br\/emfoco\/?s={search_term_string}"},"query-input":{"@type":"PropertyValueSpecification","valueRequired":true,"valueName":"search_term_string"}}],"inLanguage":"pt-BR"},{"@type":"Person","@id":"https:\/\/www.em.com.br\/emfoco\/#\/schema\/person\/5379e929a4b966c775d121e23f9bb421","name":"Guilherme Ara\u00fajo","image":{"@type":"ImageObject","inLanguage":"pt-BR","@id":"https:\/\/secure.gravatar.com\/avatar\/063bc96e5a2afd1844386c45bd1360efc771eff011a9fab8cd399e2a104c3ecd?s=96&d=mm&r=g","url":"https:\/\/secure.gravatar.com\/avatar\/063bc96e5a2afd1844386c45bd1360efc771eff011a9fab8cd399e2a104c3ecd?s=96&d=mm&r=g","contentUrl":"https:\/\/secure.gravatar.com\/avatar\/063bc96e5a2afd1844386c45bd1360efc771eff011a9fab8cd399e2a104c3ecd?s=96&d=mm&r=g","caption":"Guilherme Ara\u00fajo"},"sameAs":["https:\/\/www.em.com.br\/emfoco"],"url":"https:\/\/www.em.com.br\/emfoco\/author\/guilhermeamyth\/"}]}},"_links":{"self":[{"href":"https:\/\/www.em.com.br\/emfoco\/wp-json\/wp\/v2\/posts\/262027","targetHints":{"allow":["GET"]}}],"collection":[{"href":"https:\/\/www.em.com.br\/emfoco\/wp-json\/wp\/v2\/posts"}],"about":[{"href":"https:\/\/www.em.com.br\/emfoco\/wp-json\/wp\/v2\/types\/post"}],"author":[{"embeddable":true,"href":"https:\/\/www.em.com.br\/emfoco\/wp-json\/wp\/v2\/users\/30"}],"replies":[{"embeddable":true,"href":"https:\/\/www.em.com.br\/emfoco\/wp-json\/wp\/v2\/comments?post=262027"}],"version-history":[{"count":4,"href":"https:\/\/www.em.com.br\/emfoco\/wp-json\/wp\/v2\/posts\/262027\/revisions"}],"predecessor-version":[{"id":262157,"href":"https:\/\/www.em.com.br\/emfoco\/wp-json\/wp\/v2\/posts\/262027\/revisions\/262157"}],"wp:featuredmedia":[{"embeddable":true,"href":"https:\/\/www.em.com.br\/emfoco\/wp-json\/wp\/v2\/media\/262050"}],"wp:attachment":[{"href":"https:\/\/www.em.com.br\/emfoco\/wp-json\/wp\/v2\/media?parent=262027"}],"wp:term":[{"taxonomy":"category","embeddable":true,"href":"https:\/\/www.em.com.br\/emfoco\/wp-json\/wp\/v2\/categories?post=262027"},{"taxonomy":"post_tag","embeddable":true,"href":"https:\/\/www.em.com.br\/emfoco\/wp-json\/wp\/v2\/tags?post=262027"}],"curies":[{"name":"wp","href":"https:\/\/api.w.org\/{rel}","templated":true}]}}