{"id":261996,"date":"2026-09-03T20:57:00","date_gmt":"2026-09-03T23:57:00","guid":{"rendered":"https:\/\/www.em.com.br\/emfoco\/?p=261996"},"modified":"2026-09-02T21:53:41","modified_gmt":"2026-09-03T00:53:41","slug":"as-paredes-tem-ouvidos-por-que-este-antigo-proverbio-aconselha-cuidado-ate-quando-parece-nao-haver-ninguem-escutando","status":"publish","type":"post","link":"https:\/\/www.em.com.br\/emfoco\/2026\/09\/03\/as-paredes-tem-ouvidos-por-que-este-antigo-proverbio-aconselha-cuidado-ate-quando-parece-nao-haver-ninguem-escutando\/","title":{"rendered":"\u201cAs paredes t\u00eam ouvidos\u201d: por que este antigo prov\u00e9rbio aconselha cuidado at\u00e9 quando parece n\u00e3o haver ningu\u00e9m escutando"},"content":{"rendered":"\n<div class=\"emf-summary google-auto-ads-ignore\">\n  <style>\n    .emf-summary {\n      --emf-navy:#00245a;\n      --emf-navy-soft:#0b3b70;\n      --emf-ink:#1d2731;\n      --emf-muted:#66727e;\n      --emf-line:#d7dde5;\n      --emf-paper:#ffffff;\n      --emf-wash:#f4f6f8;\n      box-sizing:border-box!important;\n      inline-size:min(1100px,100%)!important;\n      max-inline-size:100%!important;\n      margin-inline:auto!important;\n      overflow:hidden!important;\n      color:var(--emf-ink);\n      background:var(--emf-paper);\n      border:1px solid var(--emf-line);\n      border-block-start:5px solid var(--emf-navy);\n      border-radius:6px!important;\n      box-shadow:0 8px 24px rgba(0,36,90,.08);\n      font-family:Arial,Helvetica,sans-serif;\n    }\n\n    .emf-summary *,\n    .emf-summary *::before,\n    .emf-summary *::after {\n      box-sizing:border-box!important;\n    }\n\n    .emf-summary-brand {\n      display:flex;\n      align-items:center;\n      gap:14px;\n      padding:16px 20px;\n      color:#fff;\n      background:linear-gradient(105deg,var(--emf-navy) 0%,var(--emf-navy-soft) 100%);\n      border-block-end:1px solid rgba(255,255,255,.18);\n    }\n\n    .emf-summary-logo {\n      display:grid;\n      place-items:center;\n      inline-size:58px;\n      block-size:58px;\n      flex:0 0 58px;\n      background:rgba(255,255,255,.08);\n      border:1px solid rgba(255,255,255,.35);\n      border-radius:3px!important;\n    }\n\n    .emf-summary-logo img {\n      display:block;\n      inline-size:46px;\n      block-size:46px;\n      max-inline-size:46px;\n      max-block-size:46px;\n      object-fit:contain;\n    }\n\n    .emf-summary-eyebrow {\n      margin:0 0 3px;\n      font-size:11px;\n      font-weight:700;\n      letter-spacing:.18em;\n      line-height:1.2;\n      text-transform:uppercase;\n      opacity:.78;\n    }\n\n    .emf-summary-title {\n      margin:0;\n      font-family:Georgia,\"Times New Roman\",serif;\n      font-size:25px;\n      font-weight:700;\n      line-height:1.15;\n    }\n\n    .emf-summary-grid {\n      display:grid;\n      grid-template-columns:repeat(3,minmax(0,1fr));\n      gap:0;\n      background:var(--emf-wash);\n    }\n\n    .emf-summary-card {\n      position:relative;\n      min-block-size:190px;\n      padding:24px 20px 20px;\n      overflow:hidden!important;\n      background:#fff;\n      border-inline-end:1px solid var(--emf-line);\n    }\n\n    .emf-summary-card:last-child {\n      border-inline-end:0;\n    }\n\n    .emf-summary-number {\n      position:absolute;\n      inset-block-start:13px;\n      inset-inline-end:15px;\n      color:rgba(0,36,90,.10);\n      font-family:Georgia,\"Times New Roman\",serif;\n      font-size:46px;\n      font-weight:700;\n      line-height:1;\n      pointer-events:none;\n    }\n\n    .emf-summary-card-title {\n      position:relative;\n      z-index:1;\n      margin:0 0 11px;\n      padding-block-end:10px;\n      color:var(--emf-navy);\n      border-block-end:2px solid var(--emf-navy);\n      font-family:Georgia,\"Times New Roman\",serif;\n      font-size:18px;\n      font-weight:700;\n      line-height:1.3;\n      overflow-wrap:anywhere;\n    }\n\n    .emf-summary-card-text {\n      position:relative;\n      z-index:1;\n      color:#485560;\n      font-size:13px;\n      line-height:1.6;\n      overflow-wrap:anywhere;\n    }\n\n    .emf-summary-card-meta {\n      position:relative;\n      z-index:1;\n      display:inline-flex;\n      margin-block-start:16px;\n      padding:5px 8px;\n      color:var(--emf-navy);\n      background:#edf1f5;\n      border:1px solid #d9e0e7;\n      border-radius:2px!important;\n      font-size:10px;\n      font-weight:700;\n      letter-spacing:.08em;\n      line-height:1.2;\n      text-transform:uppercase;\n    }\n\n    @media(max-width:760px) {\n      .emf-summary-grid {\n        grid-template-columns:1fr;\n      }\n\n      .emf-summary-card {\n        min-block-size:0;\n        border-inline-end:0;\n        border-block-end:1px solid var(--emf-line);\n      }\n\n      .emf-summary-card:last-child {\n        border-block-end:0;\n      }\n    }\n\n    @media(max-width:480px) {\n      .emf-summary-brand {\n        padding:14px 15px;\n      }\n\n      .emf-summary-logo {\n        inline-size:52px;\n        block-size:52px;\n        flex-basis:52px;\n      }\n\n      .emf-summary-logo img {\n        inline-size:41px;\n        block-size:41px;\n        max-inline-size:41px;\n        max-block-size:41px;\n      }\n\n      .emf-summary-title {\n        font-size:22px;\n      }\n\n      .emf-summary-card {\n        padding:21px 16px 18px;\n      }\n    }\n  <\/style>\n\n  <div class=\"emf-summary-brand\">\n    <div class=\"emf-summary-logo\">\n      <img\n        alt=\"Logo EM Foco\"\n        decoding=\"async\"\n        fetchpriority=\"high\"\n        height=\"46\"\n        loading=\"eager\"\n        referrerpolicy=\"no-referrer\"\n        src=\"https:\/\/www.em.com.br\/emfoco\/wp-content\/uploads\/2026\/08\/em_transparente_3000px-scaled.png\"\n        width=\"46\"\n      >\n    <\/div>\n\n    <div>\n      <div class=\"emf-summary-eyebrow\">EM FOCO<\/div>\n      <div class=\"emf-summary-title\">Resumo da mat\u00e9ria<\/div>\n    <\/div>\n  <\/div>\n\n  <div class=\"emf-summary-grid\">\n    <div class=\"emf-summary-card\">\n      <span aria-hidden=\"true\" class=\"emf-summary-number\">01<\/span>\n      <div aria-level=\"3\" class=\"emf-summary-card-title\" role=\"heading\">\n        Segredo pode escapar\n      <\/div>\n      <div class=\"emf-summary-card-text\">\n        A frase alerta que uma conversa reservada pode chegar a terceiros mesmo quando n\u00e3o percebemos ningu\u00e9m prestando aten\u00e7\u00e3o.\n      <\/div>\n      <div class=\"emf-summary-card-meta\">\n        prud\u00eancia\n      <\/div>\n    <\/div>\n    <div class=\"emf-summary-card\">\n      <span aria-hidden=\"true\" class=\"emf-summary-number\">02<\/span>\n      <div aria-level=\"3\" class=\"emf-summary-card-title\" role=\"heading\">\n        Uso atravessa o tempo\n      <\/div>\n      <div class=\"emf-summary-card-text\">\n        Formas equivalentes aparecem em registros antigos do espanhol e continuam documentadas como express\u00f5es de uso atual.\n      <\/div>\n      <div class=\"emf-summary-card-meta\">\n        longa hist\u00f3ria\n      <\/div>\n    <\/div>\n    <div class=\"emf-summary-card\">\n      <span aria-hidden=\"true\" class=\"emf-summary-number\">03<\/span>\n      <div aria-level=\"3\" class=\"emf-summary-card-title\" role=\"heading\">\n        H\u00e1 v\u00e1rias vers\u00f5es\n      <\/div>\n      <div class=\"emf-summary-card-text\">\n        O portugu\u00eas registra variantes com janelas, matos, montes, olhos e ouvidos, todas ligadas \u00e0 ideia de discri\u00e7\u00e3o.\n      <\/div>\n      <div class=\"emf-summary-card-meta\">\n        muitas formas\n      <\/div>\n    <\/div>\n  <\/div>\n<\/div>\n\n\n\n<p class=\"wp-block-paragraph\">Uma conversa pode parecer privada, mas o prov\u00e9rbio <strong>\u201cAs paredes t\u00eam ouvidos\u201d<\/strong> lembra que segredos tamb\u00e9m escapam por descuido, proximidade e terceiros. A frase n\u00e3o fala de paredes de verdade. Ela recomenda <strong>prud\u00eancia ao falar<\/strong> quando uma informa\u00e7\u00e3o n\u00e3o deve circular al\u00e9m de quem est\u00e1 presente naquele local.<\/p>\n\n\n\n<h2 class=\"wp-block-heading\">O que significa \u201cAs paredes t\u00eam ouvidos\u201d?<\/h2>\n\n\n\n<p class=\"wp-block-paragraph\">O <a href=\"https:\/\/pt.wikipedia.org\/wiki\/Prov%C3%A9rbio\" target=\"_blank\" rel=\"noopener noreferrer\"><strong>prov\u00e9rbio<\/strong><\/a> usa uma imagem imposs\u00edvel de modo intencional. Paredes n\u00e3o escutam, mas pessoas pr\u00f3ximas podem ouvir, repetir ou descobrir uma conversa. Por isso, a frase funciona como aviso de <strong>discri\u00e7\u00e3o diante de assuntos reservados<\/strong>.<\/p>\n\n\n\n<p class=\"wp-block-paragraph\">O sentido n\u00e3o \u00e9 viver desconfiando de todos. A mensagem \u00e9 mais simples: <strong>n\u00e3o trate como secreto aquilo que voc\u00ea fala sem cuidado<\/strong>. Uma porta aberta, uma pessoa no c\u00f4modo ao lado ou algu\u00e9m que repete a conversa pode fazer uma informa\u00e7\u00e3o circular al\u00e9m do esperado.<\/p>\n\n\n<div class=\"wp-block-image\">\n<figure class=\"aligncenter size-large\"><img decoding=\"async\" width=\"1024\" height=\"576\" src=\"https:\/\/www.em.com.br\/emfoco\/wp-content\/uploads\/2026\/09\/pardesws-1024x576.jpg\" alt=\"\" class=\"wp-image-262010\" srcset=\"https:\/\/www.em.com.br\/emfoco\/wp-content\/uploads\/2026\/09\/pardesws-1024x576.jpg 1024w, https:\/\/www.em.com.br\/emfoco\/wp-content\/uploads\/2026\/09\/pardesws-300x169.jpg 300w, https:\/\/www.em.com.br\/emfoco\/wp-content\/uploads\/2026\/09\/pardesws-768x432.jpg 768w, https:\/\/www.em.com.br\/emfoco\/wp-content\/uploads\/2026\/09\/pardesws-750x421.jpg 750w, https:\/\/www.em.com.br\/emfoco\/wp-content\/uploads\/2026\/09\/pardesws-1140x641.jpg 1140w, https:\/\/www.em.com.br\/emfoco\/wp-content\/uploads\/2026\/09\/pardesws.jpg 1280w\" sizes=\"(max-width: 1024px) 100vw, 1024px\" \/><figcaption class=\"wp-element-caption\">Segredos deixam de estar sob nosso controle no momento em que s\u00e3o compartilhados<\/figcaption><\/figure>\n<\/div>\n\n\n<h2 class=\"wp-block-heading\">Por que esse prov\u00e9rbio \u00e9 considerado antigo?<\/h2>\n\n\n\n<p class=\"wp-block-paragraph\">A forma espanhola equivalente, \u201cLas paredes oyen\u201d, aparece no repert\u00f3rio do Cervantes com refer\u00eancia a <strong>Dom Quixote, parte II, cap\u00edtulo 48<\/strong>. A mesma ficha registra que a express\u00e3o serviu de t\u00edtulo a uma com\u00e9dia de <strong>1628<\/strong>, mostrando uma circula\u00e7\u00e3o bem anterior ao uso moderno.<\/p>\n\n\n\n<p class=\"wp-block-paragraph\">O registro portugu\u00eas do <a href=\"https:\/\/cvc.cervantes.es\/lengua\/refranero\/Ficha.aspx?Lng=6&amp;Par=58936\" target=\"_blank\" rel=\"noopener noreferrer\"><strong>Refranero multiling\u00fce<\/strong><\/a> marca \u201cAs paredes t\u00eam ouvidos\u201d como <strong>de uso atual<\/strong>. Assim, a express\u00e3o combina duas caracter\u00edsticas: longa presen\u00e7a documental e perman\u00eancia no vocabul\u00e1rio cotidiano.<\/p>\n\n\n\n<h2 class=\"wp-block-heading\">Que variantes existem em portugu\u00eas?<\/h2>\n\n\n\n<p class=\"wp-block-paragraph\">O repert\u00f3rio registra vers\u00f5es como <strong>\u201cMatos t\u00eam olhos, paredes t\u00eam ouvidos\u201d<\/strong>, \u201cAs paredes t\u00eam olhos e ouvidos\u201d e \u201cJanelas veem, paredes ouvem\u201d. As imagens mudam, mas todas ampliam a mesma ideia: lugares aparentemente silenciosos podem esconder algu\u00e9m capaz de perceber o que foi dito.<\/p>\n\n\n\n<p class=\"wp-block-paragraph\">Essas variantes mostram como <strong>um mesmo conselho pode ganhar formas diferentes<\/strong> sem perder a fun\u00e7\u00e3o. Olhos representam quem observa; ouvidos, quem escuta. O cen\u00e1rio pode ser uma casa, uma janela ou o mato, mas o aviso continua ligado \u00e0 prud\u00eancia com informa\u00e7\u00e3o sens\u00edvel.<\/p>\n\n\n\n<p class=\"myth-list-bridge wp-block-paragraph\">A seguir listamos <strong>4 variantes documentadas<\/strong> que conservam a ideia de cuidado com aquilo que se fala:<\/p>\n\n\n\n<ul class=\"wp-block-list myth-bullet-list\">\n<li><strong>Matos t\u00eam olhos, paredes t\u00eam ouvidos: <\/strong>combina observa\u00e7\u00e3o e escuta em uma \u00fanica advert\u00eancia.<\/li>\n\n\n\n<li><strong>As paredes t\u00eam olhos e ouvidos: <\/strong>refor\u00e7a que algu\u00e9m pode tanto ver quanto ouvir.<\/li>\n\n\n\n<li><strong>Janelas veem, paredes ouvem: <\/strong>leva o aviso para diferentes partes da casa.<\/li>\n\n\n\n<li><strong>Montes veem, paredes ouvem: <\/strong>amplia a imagem para lugares abertos e fechados.<\/li>\n<\/ul>\n\n\n<div class=\"wp-block-image\">\n<figure class=\"aligncenter size-large\"><img decoding=\"async\" width=\"1024\" height=\"576\" src=\"https:\/\/www.em.com.br\/emfoco\/wp-content\/uploads\/2026\/09\/paredes3-1024x576.jpg\" alt=\"\" class=\"wp-image-262011\" srcset=\"https:\/\/www.em.com.br\/emfoco\/wp-content\/uploads\/2026\/09\/paredes3-1024x576.jpg 1024w, https:\/\/www.em.com.br\/emfoco\/wp-content\/uploads\/2026\/09\/paredes3-300x169.jpg 300w, https:\/\/www.em.com.br\/emfoco\/wp-content\/uploads\/2026\/09\/paredes3-768x432.jpg 768w, https:\/\/www.em.com.br\/emfoco\/wp-content\/uploads\/2026\/09\/paredes3-750x421.jpg 750w, https:\/\/www.em.com.br\/emfoco\/wp-content\/uploads\/2026\/09\/paredes3-1140x641.jpg 1140w, https:\/\/www.em.com.br\/emfoco\/wp-content\/uploads\/2026\/09\/paredes3.jpg 1280w\" sizes=\"(max-width: 1024px) 100vw, 1024px\" \/><figcaption class=\"wp-element-caption\">O prov\u00e9rbio atravessou gera\u00e7\u00f5es como uma advert\u00eancia simples sobre discri\u00e7\u00e3o<\/figcaption><\/figure>\n<\/div>\n\n\n<p class=\"wp-block-paragraph\"><strong>Leia tamb\u00e9m: <a href=\"https:\/\/www.em.com.br\/emfoco\/2026\/09\/02\/falar-que-vai-fazer-e-bem-diferente-de-comecar-como-ensina-este-proverbio-italiano-entre-o-dizer-e-o-fazer-ha-um-mar\/\" target=\"_blank\" rel=\"noreferrer noopener\">Falar que vai fazer \u00e9 bem diferente de come\u00e7ar, como ensina este prov\u00e9rbio italiano: \u201cEntre o dizer e o fazer h\u00e1 um mar\u201d<\/a><\/strong><\/p>\n\n\n\n<h2 class=\"wp-block-heading\">Quando esse aviso faz sentido no dia a dia?<\/h2>\n\n\n\n<p class=\"wp-block-paragraph\">A frase continua \u00fatil em situa\u00e7\u00f5es simples, como falar de <strong>senhas, dados pessoais, conflitos ou informa\u00e7\u00f5es de trabalho<\/strong> em locais compartilhados. O risco n\u00e3o precisa ser uma escuta planejada. Muitas vezes, basta algu\u00e9m estar perto, ouvir um trecho e completar o restante depois.<\/p>\n\n\n\n<p class=\"wp-block-paragraph\">Tamb\u00e9m vale para ambientes digitais. Uma conversa enviada ao grupo errado, uma tela vis\u00edvel ou um \u00e1udio reproduzido em p\u00fablico lembram a mesma regra: <strong>segredo depende do modo como a informa\u00e7\u00e3o \u00e9 tratada<\/strong>. A tecnologia mudou, mas a necessidade de discri\u00e7\u00e3o continua parecida.<\/p>\n\n\n\n<p class=\"myth-html-bridge wp-block-paragraph\">A seguir listamos <strong>3 situa\u00e7\u00f5es atuais<\/strong> em que o conselho do prov\u00e9rbio ainda funciona como um lembrete simples de prud\u00eancia:<\/p>\n\n\n\n<div class=\"emf-data-table google-auto-ads-ignore\">\n  <style>\n    .emf-data-table {\n      --emf-navy:#00245a;\n      --emf-navy-soft:#0b3b70;\n      --emf-ink:#1d2731;\n      --emf-muted:#66727e;\n      --emf-line:#d7dde5;\n      --emf-wash:#f4f6f8;\n      box-sizing:border-box!important;\n      inline-size:min(1100px,100%)!important;\n      max-inline-size:100%!important;\n      margin-inline:auto!important;\n      overflow:hidden!important;\n      color:var(--emf-ink);\n      background:#fff;\n      border:1px solid var(--emf-line);\n      border-radius:6px!important;\n      box-shadow:0 8px 24px rgba(0,36,90,.08);\n      font-family:Arial,Helvetica,sans-serif;\n    }\n\n    .emf-data-table *,\n    .emf-data-table *::before,\n    .emf-data-table *::after {\n      box-sizing:border-box!important;\n    }\n\n    .emf-data-table-brand {\n      display:flex;\n      align-items:center;\n      gap:13px;\n      min-block-size:72px;\n      padding:10px 17px;\n      color:#fff;\n      background:linear-gradient(105deg,var(--emf-navy) 0%,var(--emf-navy-soft) 100%);\n      border-block-end:4px solid #c5ced8;\n    }\n\n    .emf-data-table-logo {\n      display:grid;\n      place-items:center;\n      inline-size:52px;\n      block-size:52px;\n      flex:0 0 52px;\n      background:rgba(255,255,255,.08);\n      border:1px solid rgba(255,255,255,.35);\n      border-radius:3px!important;\n    }\n\n    .emf-data-table-logo img {\n      display:block;\n      inline-size:41px;\n      block-size:41px;\n      max-inline-size:41px;\n      max-block-size:41px;\n      object-fit:contain;\n    }\n\n    .emf-data-table-kicker {\n      margin:0 0 2px;\n      font-size:10px;\n      font-weight:700;\n      letter-spacing:.16em;\n      line-height:1.2;\n      text-transform:uppercase;\n      opacity:.78;\n    }\n\n    .emf-data-table-title {\n      margin:0;\n      font-family:Georgia,\"Times New Roman\",serif;\n      font-size:21px;\n      font-weight:700;\n      line-height:1.2;\n    }\n\n    .emf-data-table-scroll {\n      display:block!important;\n      inline-size:100%!important;\n      max-inline-size:100%!important;\n      overflow-x:auto!important;\n      overflow-y:hidden!important;\n      -webkit-overflow-scrolling:touch;\n      overscroll-behavior-inline:contain;\n      scrollbar-width:thin;\n      scrollbar-color:#8798aa #edf1f5;\n    }\n\n    .emf-data-table-scroll:focus-visible {\n      outline:3px solid rgba(0,36,90,.35);\n      outline-offset:-3px;\n    }\n\n    .emf-data-table table {\n      display:table!important;\n      inline-size:100%!important;\n      min-inline-size:680px!important;\n      max-inline-size:none!important;\n      margin:0!important;\n      border:0!important;\n      border-collapse:separate!important;\n      border-spacing:0!important;\n      table-layout:auto!important;\n      background:#fff!important;\n    }\n\n    .emf-data-table caption {\n      position:absolute!important;\n      inline-size:1px!important;\n      block-size:1px!important;\n      padding:0!important;\n      margin:-1px!important;\n      overflow:hidden!important;\n      clip:rect(0,0,0,0)!important;\n      white-space:nowrap!important;\n      border:0!important;\n    }\n\n    .emf-data-table thead {\n      display:table-header-group!important;\n    }\n\n    .emf-data-table tbody {\n      display:table-row-group!important;\n    }\n\n    .emf-data-table tr {\n      display:table-row!important;\n    }\n\n    .emf-data-table th,\n    .emf-data-table td {\n      display:table-cell!important;\n      float:none!important;\n      inline-size:auto!important;\n      max-inline-size:none!important;\n      margin:0!important;\n      border-radius:0!important;\n      text-align:left!important;\n      vertical-align:middle!important;\n    }\n\n    .emf-data-table th {\n      padding:14px 17px!important;\n      color:#fff!important;\n      background:var(--emf-navy)!important;\n      border-block-end:1px solid rgba(255,255,255,.22)!important;\n      border-inline-end:1px solid rgba(255,255,255,.12)!important;\n      font-family:Georgia,\"Times New Roman\",serif;\n      font-size:14px!important;\n      font-weight:700!important;\n      line-height:1.35!important;\n      white-space:nowrap!important;\n    }\n\n    .emf-data-table th:last-child {\n      border-inline-end:0!important;\n    }\n\n    .emf-data-table td {\n      padding:14px 17px!important;\n      color:#43515e!important;\n      background:#fff!important;\n      border-block-end:1px solid var(--emf-line)!important;\n      font-size:14px!important;\n      font-weight:400!important;\n      line-height:1.5!important;\n      overflow-wrap:anywhere;\n    }\n\n    .emf-data-table tbody tr:nth-child(even) td {\n      background:var(--emf-wash)!important;\n    }\n\n    .emf-data-table tbody tr:hover td {\n      background:#eaf0f5!important;\n    }\n\n    .emf-data-table tbody tr:last-child td {\n      border-block-end:0!important;\n    }\n\n    .emf-data-table td:first-child {\n      color:var(--emf-navy)!important;\n      font-weight:700!important;\n    }\n\n    @media(max-width:560px) {\n      .emf-data-table-brand {\n        min-block-size:68px;\n        padding:9px 13px;\n      }\n\n      .emf-data-table-title {\n        font-size:19px;\n      }\n\n      .emf-data-table-scroll {\n        overflow:visible!important;\n      }\n\n      .emf-data-table table,\n      .emf-data-table thead,\n      .emf-data-table tbody,\n      .emf-data-table tr,\n      .emf-data-table th,\n      .emf-data-table td {\n        display:block!important;\n        inline-size:100%!important;\n        min-inline-size:0!important;\n        max-inline-size:100%!important;\n      }\n\n      .emf-data-table table {\n        padding:13px!important;\n      }\n\n      .emf-data-table thead {\n        position:absolute!important;\n        inline-size:1px!important;\n        block-size:1px!important;\n        padding:0!important;\n        margin:-1px!important;\n        overflow:hidden!important;\n        clip:rect(0,0,0,0)!important;\n        white-space:nowrap!important;\n      }\n\n      .emf-data-table tbody {\n        display:grid!important;\n        gap:11px;\n      }\n\n      .emf-data-table tr {\n        overflow:hidden!important;\n        background:#fff!important;\n        border:1px solid var(--emf-line)!important;\n        border-block-start:4px solid var(--emf-navy)!important;\n        border-radius:4px!important;\n        box-shadow:0 4px 12px rgba(0,36,90,.06);\n      }\n\n      .emf-data-table td,\n      .emf-data-table tbody tr:nth-child(even) td,\n      .emf-data-table tbody tr:hover td {\n        display:grid!important;\n        grid-template-columns:minmax(105px,38%) minmax(0,1fr)!important;\n        align-items:start;\n        gap:11px;\n        padding:11px 12px!important;\n        background:#fff!important;\n        border-block-end:1px solid #e2e7ec!important;\n      }\n\n      .emf-data-table td::before {\n        content:attr(data-label);\n        color:var(--emf-muted);\n        font-size:10px;\n        font-weight:700;\n        letter-spacing:.06em;\n        line-height:1.35;\n        text-transform:uppercase;\n      }\n\n      .emf-data-table td:first-child {\n        color:var(--emf-navy)!important;\n        background:#edf1f5!important;\n      }\n\n      .emf-data-table td:last-child {\n        border-block-end:0!important;\n      }\n    }\n  <\/style>\n\n  <div class=\"emf-data-table-brand\">\n    <div class=\"emf-data-table-logo\">\n      <img\n        alt=\"Logo EM Foco\"\n        decoding=\"async\"\n        height=\"41\"\n        loading=\"lazy\"\n        referrerpolicy=\"no-referrer\"\n        src=\"https:\/\/www.em.com.br\/emfoco\/wp-content\/uploads\/2026\/08\/em_transparente_3000px-scaled.png\"\n        width=\"41\"\n      >\n    <\/div>\n\n    <div>\n      <div class=\"emf-data-table-kicker\">DADOS EM FOCO<\/div>\n      <div class=\"emf-data-table-title\">Onde o cuidado importa<\/div>\n    <\/div>\n  <\/div>\n\n  <div aria-label=\"Tabela com contexto, risco e atitude prudente\" class=\"emf-data-table-scroll\" role=\"region\" tabindex=\"0\">\n    <table>\n      <caption>Situa\u00e7\u00f5es em que o prov\u00e9rbio pode ser aplicado hoje<\/caption>\n      <thead>\n        <tr>\n          <th scope=\"col\">Contexto<\/th>\n          <th scope=\"col\">Risco<\/th>\n          <th scope=\"col\">Cuidado<\/th>\n        <\/tr>\n      <\/thead>\n      <tbody>\n        <tr>\n          <td data-label=\"Contexto\">Ambiente compartilhado<\/td>\n          <td data-label=\"Risco\">Outra pessoa ouvir sem inten\u00e7\u00e3o<\/td>\n          <td data-label=\"Cuidado\">Evitar detalhes sens\u00edveis<\/td>\n        <\/tr>\n        <tr>\n          <td data-label=\"Contexto\">Trabalho<\/td>\n          <td data-label=\"Risco\">Informa\u00e7\u00e3o chegar a quem n\u00e3o deveria<\/td>\n          <td data-label=\"Cuidado\">Escolher local e destinat\u00e1rio<\/td>\n        <\/tr>\n        <tr>\n          <td data-label=\"Contexto\">Meio digital<\/td>\n          <td data-label=\"Risco\">Mensagem ou \u00e1udio circular al\u00e9m do grupo<\/td>\n          <td data-label=\"Cuidado\">Conferir antes de enviar ou reproduzir<\/td>\n        <\/tr>\n      <\/tbody>\n    <\/table>\n  <\/div>\n<\/div>\n\n\n\n<h2 class=\"wp-block-heading\">Qual \u00e9 a ideia que continua atual por tr\u00e1s da frase?<\/h2>\n\n\n\n<p class=\"wp-block-paragraph\">O prov\u00e9rbio sobrevive porque resume um limite f\u00e1cil de esquecer: <strong>n\u00e3o controlamos totalmente o caminho de uma informa\u00e7\u00e3o depois que ela \u00e9 dita<\/strong>. Quanto mais sens\u00edvel o assunto, maior a import\u00e2ncia de escolher local, pessoa e momento antes de falar.<\/p>\n\n\n\n<p class=\"wp-block-paragraph\">Assim, <strong>\u201cAs paredes t\u00eam ouvidos\u201d<\/strong> continua atual sem precisar ser levado ao p\u00e9 da letra. Seu conselho \u00e9 sobre discri\u00e7\u00e3o: se algo realmente precisa permanecer reservado, a melhor prote\u00e7\u00e3o n\u00e3o \u00e9 confiar no sil\u00eancio ao redor, mas cuidar de quando, onde e para quem a informa\u00e7\u00e3o \u00e9 revelada.<\/p>\n","protected":false},"excerpt":{"rendered":"<p>EM FOCO Resumo da mat\u00e9ria 01 Segredo pode escapar A frase alerta que uma conversa reservada pode chegar a terceiros mesmo quando n\u00e3o percebemos ningu\u00e9m prestando aten\u00e7\u00e3o. prud\u00eancia 02 Uso atravessa o tempo Formas equivalentes aparecem em registros antigos do espanhol e continuam documentadas como express\u00f5es de uso atual. longa hist\u00f3ria 03 H\u00e1 v\u00e1rias vers\u00f5es [&hellip;]<\/p>\n","protected":false},"author":30,"featured_media":262009,"comment_status":"open","ping_status":"open","sticky":false,"template":"","format":"standard","meta":{"jnews-multi-image_gallery":[],"jnews_single_post":{"format":"standard"},"jnews_primary_category":[],"jnews_social_meta":[],"jnews_override_counter":[],"footnotes":""},"categories":[8819],"tags":[35988,27679,12160,4441],"class_list":["post-261996","post","type-post","status-publish","format-standard","has-post-thumbnail","hentry","category-curiosidades","tag-discricao","tag-portugues","tag-proverbios","tag-segredos"],"yoast_head":"<!-- This site is optimized with the Yoast SEO plugin v28.3 - https:\/\/yoast.com\/product\/yoast-seo-wordpress\/ -->\n<title>\u201cAs paredes t\u00eam ouvidos\u201d: por que este antigo prov\u00e9rbio aconselha cuidado at\u00e9 quando parece n\u00e3o haver ningu\u00e9m escutando - Estado de Minas - Em foco<\/title>\n<meta name=\"description\" content=\"Mesmo quando parece n\u00e3o haver ningu\u00e9m por perto, certas conversas podem escapar do controle. Veja por que este prov\u00e9rbio ainda pede cuidado.\" \/>\n<meta name=\"robots\" content=\"index, follow, max-snippet:-1, max-image-preview:large, max-video-preview:-1\" \/>\n<link rel=\"canonical\" href=\"https:\/\/www.em.com.br\/emfoco\/2026\/09\/03\/as-paredes-tem-ouvidos-por-que-este-antigo-proverbio-aconselha-cuidado-ate-quando-parece-nao-haver-ninguem-escutando\/\" \/>\n<meta property=\"og:locale\" content=\"pt_BR\" \/>\n<meta property=\"og:type\" content=\"article\" \/>\n<meta property=\"og:title\" content=\"\u201cAs paredes t\u00eam ouvidos\u201d: por que este antigo prov\u00e9rbio aconselha cuidado at\u00e9 quando parece n\u00e3o haver ningu\u00e9m escutando - Estado de Minas - Em foco\" \/>\n<meta property=\"og:description\" content=\"Mesmo quando parece n\u00e3o haver ningu\u00e9m por perto, certas conversas podem escapar do controle. Veja por que este prov\u00e9rbio ainda pede cuidado.\" \/>\n<meta property=\"og:url\" content=\"https:\/\/www.em.com.br\/emfoco\/2026\/09\/03\/as-paredes-tem-ouvidos-por-que-este-antigo-proverbio-aconselha-cuidado-ate-quando-parece-nao-haver-ninguem-escutando\/\" \/>\n<meta property=\"og:site_name\" content=\"Estado de Minas - Em foco\" \/>\n<meta property=\"article:published_time\" content=\"2026-09-03T23:57:00+00:00\" \/>\n<meta property=\"og:image\" content=\"https:\/\/www.em.com.br\/emfoco\/wp-content\/uploads\/2026\/09\/casa1.jpg\" \/>\n\t<meta property=\"og:image:width\" content=\"1280\" \/>\n\t<meta property=\"og:image:height\" content=\"720\" \/>\n\t<meta property=\"og:image:type\" content=\"image\/jpeg\" \/>\n<meta name=\"author\" content=\"Guilherme Ara\u00fajo\" \/>\n<meta name=\"twitter:card\" content=\"summary_large_image\" \/>\n<meta name=\"twitter:label1\" content=\"Escrito por\" \/>\n\t<meta name=\"twitter:data1\" content=\"Guilherme Ara\u00fajo\" \/>\n\t<meta name=\"twitter:label2\" content=\"Est. tempo de leitura\" \/>\n\t<meta name=\"twitter:data2\" content=\"6 minutos\" \/>\n<!-- \/ Yoast SEO plugin. -->","yoast_head_json":{"title":"\u201cAs paredes t\u00eam ouvidos\u201d: por que este antigo prov\u00e9rbio aconselha cuidado at\u00e9 quando parece n\u00e3o haver ningu\u00e9m escutando - Estado de Minas - Em foco","description":"Mesmo quando parece n\u00e3o haver ningu\u00e9m por perto, certas conversas podem escapar do controle. Veja por que este prov\u00e9rbio ainda pede cuidado.","robots":{"index":"index","follow":"follow","max-snippet":"max-snippet:-1","max-image-preview":"max-image-preview:large","max-video-preview":"max-video-preview:-1"},"canonical":"https:\/\/www.em.com.br\/emfoco\/2026\/09\/03\/as-paredes-tem-ouvidos-por-que-este-antigo-proverbio-aconselha-cuidado-ate-quando-parece-nao-haver-ninguem-escutando\/","og_locale":"pt_BR","og_type":"article","og_title":"\u201cAs paredes t\u00eam ouvidos\u201d: por que este antigo prov\u00e9rbio aconselha cuidado at\u00e9 quando parece n\u00e3o haver ningu\u00e9m escutando - Estado de Minas - Em foco","og_description":"Mesmo quando parece n\u00e3o haver ningu\u00e9m por perto, certas conversas podem escapar do controle. Veja por que este prov\u00e9rbio ainda pede cuidado.","og_url":"https:\/\/www.em.com.br\/emfoco\/2026\/09\/03\/as-paredes-tem-ouvidos-por-que-este-antigo-proverbio-aconselha-cuidado-ate-quando-parece-nao-haver-ninguem-escutando\/","og_site_name":"Estado de Minas - Em foco","article_published_time":"2026-09-03T23:57:00+00:00","og_image":[{"width":1280,"height":720,"url":"https:\/\/www.em.com.br\/emfoco\/wp-content\/uploads\/2026\/09\/casa1.jpg","type":"image\/jpeg"}],"author":"Guilherme Ara\u00fajo","twitter_card":"summary_large_image","twitter_misc":{"Escrito por":"Guilherme Ara\u00fajo","Est. tempo de leitura":"6 minutos"},"schema":{"@context":"https:\/\/schema.org","@graph":[{"@type":"Article","@id":"https:\/\/www.em.com.br\/emfoco\/2026\/09\/03\/as-paredes-tem-ouvidos-por-que-este-antigo-proverbio-aconselha-cuidado-ate-quando-parece-nao-haver-ninguem-escutando\/#article","isPartOf":{"@id":"https:\/\/www.em.com.br\/emfoco\/2026\/09\/03\/as-paredes-tem-ouvidos-por-que-este-antigo-proverbio-aconselha-cuidado-ate-quando-parece-nao-haver-ninguem-escutando\/"},"author":{"name":"Guilherme Ara\u00fajo","@id":"https:\/\/www.em.com.br\/emfoco\/#\/schema\/person\/5379e929a4b966c775d121e23f9bb421"},"headline":"\u201cAs paredes t\u00eam ouvidos\u201d: por que este antigo prov\u00e9rbio aconselha cuidado at\u00e9 quando parece n\u00e3o haver ningu\u00e9m escutando","datePublished":"2026-09-03T23:57:00+00:00","mainEntityOfPage":{"@id":"https:\/\/www.em.com.br\/emfoco\/2026\/09\/03\/as-paredes-tem-ouvidos-por-que-este-antigo-proverbio-aconselha-cuidado-ate-quando-parece-nao-haver-ninguem-escutando\/"},"wordCount":878,"commentCount":0,"image":{"@id":"https:\/\/www.em.com.br\/emfoco\/2026\/09\/03\/as-paredes-tem-ouvidos-por-que-este-antigo-proverbio-aconselha-cuidado-ate-quando-parece-nao-haver-ninguem-escutando\/#primaryimage"},"thumbnailUrl":"https:\/\/www.em.com.br\/emfoco\/wp-content\/uploads\/2026\/09\/casa1.jpg","keywords":["discri\u00e7\u00e3o","portugu\u00eas","prov\u00e9rbios","segredos"],"articleSection":["Curiosidades"],"inLanguage":"pt-BR","potentialAction":[{"@type":"CommentAction","name":"Comment","target":["https:\/\/www.em.com.br\/emfoco\/2026\/09\/03\/as-paredes-tem-ouvidos-por-que-este-antigo-proverbio-aconselha-cuidado-ate-quando-parece-nao-haver-ninguem-escutando\/#respond"]}]},{"@type":"WebPage","@id":"https:\/\/www.em.com.br\/emfoco\/2026\/09\/03\/as-paredes-tem-ouvidos-por-que-este-antigo-proverbio-aconselha-cuidado-ate-quando-parece-nao-haver-ninguem-escutando\/","url":"https:\/\/www.em.com.br\/emfoco\/2026\/09\/03\/as-paredes-tem-ouvidos-por-que-este-antigo-proverbio-aconselha-cuidado-ate-quando-parece-nao-haver-ninguem-escutando\/","name":"\u201cAs paredes t\u00eam ouvidos\u201d: por que este antigo prov\u00e9rbio aconselha cuidado at\u00e9 quando parece n\u00e3o haver ningu\u00e9m escutando - Estado de Minas - Em foco","isPartOf":{"@id":"https:\/\/www.em.com.br\/emfoco\/#website"},"primaryImageOfPage":{"@id":"https:\/\/www.em.com.br\/emfoco\/2026\/09\/03\/as-paredes-tem-ouvidos-por-que-este-antigo-proverbio-aconselha-cuidado-ate-quando-parece-nao-haver-ninguem-escutando\/#primaryimage"},"image":{"@id":"https:\/\/www.em.com.br\/emfoco\/2026\/09\/03\/as-paredes-tem-ouvidos-por-que-este-antigo-proverbio-aconselha-cuidado-ate-quando-parece-nao-haver-ninguem-escutando\/#primaryimage"},"thumbnailUrl":"https:\/\/www.em.com.br\/emfoco\/wp-content\/uploads\/2026\/09\/casa1.jpg","datePublished":"2026-09-03T23:57:00+00:00","author":{"@id":"https:\/\/www.em.com.br\/emfoco\/#\/schema\/person\/5379e929a4b966c775d121e23f9bb421"},"description":"Mesmo quando parece n\u00e3o haver ningu\u00e9m por perto, certas conversas podem escapar do controle. Veja por que este prov\u00e9rbio ainda pede cuidado.","breadcrumb":{"@id":"https:\/\/www.em.com.br\/emfoco\/2026\/09\/03\/as-paredes-tem-ouvidos-por-que-este-antigo-proverbio-aconselha-cuidado-ate-quando-parece-nao-haver-ninguem-escutando\/#breadcrumb"},"inLanguage":"pt-BR","potentialAction":[{"@type":"ReadAction","target":["https:\/\/www.em.com.br\/emfoco\/2026\/09\/03\/as-paredes-tem-ouvidos-por-que-este-antigo-proverbio-aconselha-cuidado-ate-quando-parece-nao-haver-ninguem-escutando\/"]}]},{"@type":"ImageObject","inLanguage":"pt-BR","@id":"https:\/\/www.em.com.br\/emfoco\/2026\/09\/03\/as-paredes-tem-ouvidos-por-que-este-antigo-proverbio-aconselha-cuidado-ate-quando-parece-nao-haver-ninguem-escutando\/#primaryimage","url":"https:\/\/www.em.com.br\/emfoco\/wp-content\/uploads\/2026\/09\/casa1.jpg","contentUrl":"https:\/\/www.em.com.br\/emfoco\/wp-content\/uploads\/2026\/09\/casa1.jpg","width":1280,"height":720,"caption":"A express\u00e3o lembra que uma conversa pode alcan\u00e7ar muito al\u00e9m das pessoas que estavam presentes"},{"@type":"BreadcrumbList","@id":"https:\/\/www.em.com.br\/emfoco\/2026\/09\/03\/as-paredes-tem-ouvidos-por-que-este-antigo-proverbio-aconselha-cuidado-ate-quando-parece-nao-haver-ninguem-escutando\/#breadcrumb","itemListElement":[{"@type":"ListItem","position":1,"name":"In\u00edcio","item":"https:\/\/www.em.com.br\/emfoco\/"},{"@type":"ListItem","position":2,"name":"\u201cAs paredes t\u00eam ouvidos\u201d: por que este antigo prov\u00e9rbio aconselha cuidado at\u00e9 quando parece n\u00e3o haver ningu\u00e9m escutando"}]},{"@type":"WebSite","@id":"https:\/\/www.em.com.br\/emfoco\/#website","url":"https:\/\/www.em.com.br\/emfoco\/","name":"Estado de Minas - Em foco","description":"Acompanhe as \u00faltimas not\u00edcias e fique bem informado sobre tudo o que acontece em Minas Gerais, Brasil e no mundo.","potentialAction":[{"@type":"SearchAction","target":{"@type":"EntryPoint","urlTemplate":"https:\/\/www.em.com.br\/emfoco\/?s={search_term_string}"},"query-input":{"@type":"PropertyValueSpecification","valueRequired":true,"valueName":"search_term_string"}}],"inLanguage":"pt-BR"},{"@type":"Person","@id":"https:\/\/www.em.com.br\/emfoco\/#\/schema\/person\/5379e929a4b966c775d121e23f9bb421","name":"Guilherme Ara\u00fajo","image":{"@type":"ImageObject","inLanguage":"pt-BR","@id":"https:\/\/secure.gravatar.com\/avatar\/063bc96e5a2afd1844386c45bd1360efc771eff011a9fab8cd399e2a104c3ecd?s=96&d=mm&r=g","url":"https:\/\/secure.gravatar.com\/avatar\/063bc96e5a2afd1844386c45bd1360efc771eff011a9fab8cd399e2a104c3ecd?s=96&d=mm&r=g","contentUrl":"https:\/\/secure.gravatar.com\/avatar\/063bc96e5a2afd1844386c45bd1360efc771eff011a9fab8cd399e2a104c3ecd?s=96&d=mm&r=g","caption":"Guilherme Ara\u00fajo"},"sameAs":["https:\/\/www.em.com.br\/emfoco"],"url":"https:\/\/www.em.com.br\/emfoco\/author\/guilhermeamyth\/"}]}},"_links":{"self":[{"href":"https:\/\/www.em.com.br\/emfoco\/wp-json\/wp\/v2\/posts\/261996","targetHints":{"allow":["GET"]}}],"collection":[{"href":"https:\/\/www.em.com.br\/emfoco\/wp-json\/wp\/v2\/posts"}],"about":[{"href":"https:\/\/www.em.com.br\/emfoco\/wp-json\/wp\/v2\/types\/post"}],"author":[{"embeddable":true,"href":"https:\/\/www.em.com.br\/emfoco\/wp-json\/wp\/v2\/users\/30"}],"replies":[{"embeddable":true,"href":"https:\/\/www.em.com.br\/emfoco\/wp-json\/wp\/v2\/comments?post=261996"}],"version-history":[{"count":4,"href":"https:\/\/www.em.com.br\/emfoco\/wp-json\/wp\/v2\/posts\/261996\/revisions"}],"predecessor-version":[{"id":262161,"href":"https:\/\/www.em.com.br\/emfoco\/wp-json\/wp\/v2\/posts\/261996\/revisions\/262161"}],"wp:featuredmedia":[{"embeddable":true,"href":"https:\/\/www.em.com.br\/emfoco\/wp-json\/wp\/v2\/media\/262009"}],"wp:attachment":[{"href":"https:\/\/www.em.com.br\/emfoco\/wp-json\/wp\/v2\/media?parent=261996"}],"wp:term":[{"taxonomy":"category","embeddable":true,"href":"https:\/\/www.em.com.br\/emfoco\/wp-json\/wp\/v2\/categories?post=261996"},{"taxonomy":"post_tag","embeddable":true,"href":"https:\/\/www.em.com.br\/emfoco\/wp-json\/wp\/v2\/tags?post=261996"}],"curies":[{"name":"wp","href":"https:\/\/api.w.org\/{rel}","templated":true}]}}