{"id":261994,"date":"2026-09-03T13:07:00","date_gmt":"2026-09-03T16:07:00","guid":{"rendered":"https:\/\/www.em.com.br\/emfoco\/?p=261994"},"modified":"2026-09-02T21:53:41","modified_gmt":"2026-09-03T00:53:41","slug":"a-mal-tiempo-buena-cara-o-proverbio-espanhol-que-nao-manda-ignorar-o-problema-mas-escolher-como-enfrenta-lo","status":"publish","type":"post","link":"https:\/\/www.em.com.br\/emfoco\/2026\/09\/03\/a-mal-tiempo-buena-cara-o-proverbio-espanhol-que-nao-manda-ignorar-o-problema-mas-escolher-como-enfrenta-lo\/","title":{"rendered":"\u201cA mal tiempo, buena cara\u201d: o prov\u00e9rbio espanhol que n\u00e3o manda ignorar o problema, mas escolher como enfrent\u00e1-lo"},"content":{"rendered":"\n<div class=\"emf-summary google-auto-ads-ignore\">\n  <style>\n    .emf-summary {\n      --emf-navy:#00245a;\n      --emf-navy-soft:#0b3b70;\n      --emf-ink:#1d2731;\n      --emf-muted:#66727e;\n      --emf-line:#d7dde5;\n      --emf-paper:#ffffff;\n      --emf-wash:#f4f6f8;\n      box-sizing:border-box!important;\n      inline-size:min(1100px,100%)!important;\n      max-inline-size:100%!important;\n      margin-inline:auto!important;\n      overflow:hidden!important;\n      color:var(--emf-ink);\n      background:var(--emf-paper);\n      border:1px solid var(--emf-line);\n      border-block-start:5px solid var(--emf-navy);\n      border-radius:6px!important;\n      box-shadow:0 8px 24px rgba(0,36,90,.08);\n      font-family:Arial,Helvetica,sans-serif;\n    }\n\n    .emf-summary *,\n    .emf-summary *::before,\n    .emf-summary *::after {\n      box-sizing:border-box!important;\n    }\n\n    .emf-summary-brand {\n      display:flex;\n      align-items:center;\n      gap:14px;\n      padding:16px 20px;\n      color:#fff;\n      background:linear-gradient(105deg,var(--emf-navy) 0%,var(--emf-navy-soft) 100%);\n      border-block-end:1px solid rgba(255,255,255,.18);\n    }\n\n    .emf-summary-logo {\n      display:grid;\n      place-items:center;\n      inline-size:58px;\n      block-size:58px;\n      flex:0 0 58px;\n      background:rgba(255,255,255,.08);\n      border:1px solid rgba(255,255,255,.35);\n      border-radius:3px!important;\n    }\n\n    .emf-summary-logo img {\n      display:block;\n      inline-size:46px;\n      block-size:46px;\n      max-inline-size:46px;\n      max-block-size:46px;\n      object-fit:contain;\n    }\n\n    .emf-summary-eyebrow {\n      margin:0 0 3px;\n      font-size:11px;\n      font-weight:700;\n      letter-spacing:.18em;\n      line-height:1.2;\n      text-transform:uppercase;\n      opacity:.78;\n    }\n\n    .emf-summary-title {\n      margin:0;\n      font-family:Georgia,\"Times New Roman\",serif;\n      font-size:25px;\n      font-weight:700;\n      line-height:1.15;\n    }\n\n    .emf-summary-grid {\n      display:grid;\n      grid-template-columns:repeat(3,minmax(0,1fr));\n      gap:0;\n      background:var(--emf-wash);\n    }\n\n    .emf-summary-card {\n      position:relative;\n      min-block-size:190px;\n      padding:24px 20px 20px;\n      overflow:hidden!important;\n      background:#fff;\n      border-inline-end:1px solid var(--emf-line);\n    }\n\n    .emf-summary-card:last-child {\n      border-inline-end:0;\n    }\n\n    .emf-summary-number {\n      position:absolute;\n      inset-block-start:13px;\n      inset-inline-end:15px;\n      color:rgba(0,36,90,.10);\n      font-family:Georgia,\"Times New Roman\",serif;\n      font-size:46px;\n      font-weight:700;\n      line-height:1;\n      pointer-events:none;\n    }\n\n    .emf-summary-card-title {\n      position:relative;\n      z-index:1;\n      margin:0 0 11px;\n      padding-block-end:10px;\n      color:var(--emf-navy);\n      border-block-end:2px solid var(--emf-navy);\n      font-family:Georgia,\"Times New Roman\",serif;\n      font-size:18px;\n      font-weight:700;\n      line-height:1.3;\n      overflow-wrap:anywhere;\n    }\n\n    .emf-summary-card-text {\n      position:relative;\n      z-index:1;\n      color:#485560;\n      font-size:13px;\n      line-height:1.6;\n      overflow-wrap:anywhere;\n    }\n\n    .emf-summary-card-meta {\n      position:relative;\n      z-index:1;\n      display:inline-flex;\n      margin-block-start:16px;\n      padding:5px 8px;\n      color:var(--emf-navy);\n      background:#edf1f5;\n      border:1px solid #d9e0e7;\n      border-radius:2px!important;\n      font-size:10px;\n      font-weight:700;\n      letter-spacing:.08em;\n      line-height:1.2;\n      text-transform:uppercase;\n    }\n\n    @media(max-width:760px) {\n      .emf-summary-grid {\n        grid-template-columns:1fr;\n      }\n\n      .emf-summary-card {\n        min-block-size:0;\n        border-inline-end:0;\n        border-block-end:1px solid var(--emf-line);\n      }\n\n      .emf-summary-card:last-child {\n        border-block-end:0;\n      }\n    }\n\n    @media(max-width:480px) {\n      .emf-summary-brand {\n        padding:14px 15px;\n      }\n\n      .emf-summary-logo {\n        inline-size:52px;\n        block-size:52px;\n        flex-basis:52px;\n      }\n\n      .emf-summary-logo img {\n        inline-size:41px;\n        block-size:41px;\n        max-inline-size:41px;\n        max-block-size:41px;\n      }\n\n      .emf-summary-title {\n        font-size:22px;\n      }\n\n      .emf-summary-card {\n        padding:21px 16px 18px;\n      }\n    }\n  <\/style>\n\n  <div class=\"emf-summary-brand\">\n    <div class=\"emf-summary-logo\">\n      <img\n        alt=\"Logo EM Foco\"\n        decoding=\"async\"\n        fetchpriority=\"high\"\n        height=\"46\"\n        loading=\"eager\"\n        referrerpolicy=\"no-referrer\"\n        src=\"https:\/\/www.em.com.br\/emfoco\/wp-content\/uploads\/2026\/08\/em_transparente_3000px-scaled.png\"\n        width=\"46\"\n      >\n    <\/div>\n\n    <div>\n      <div class=\"emf-summary-eyebrow\">EM FOCO<\/div>\n      <div class=\"emf-summary-title\">Resumo da mat\u00e9ria<\/div>\n    <\/div>\n  <\/div>\n\n  <div class=\"emf-summary-grid\">\n    <div class=\"emf-summary-card\">\n      <span aria-hidden=\"true\" class=\"emf-summary-number\">01<\/span>\n      <div aria-level=\"3\" class=\"emf-summary-card-title\" role=\"heading\">\n        Mudar a atitude\n      <\/div>\n      <div class=\"emf-summary-card-text\">\n        A frase reconhece que h\u00e1 situa\u00e7\u00f5es que n\u00e3o mudam imediatamente, mas lembra que a rea\u00e7\u00e3o pessoal ainda pode ser escolhida.\n      <\/div>\n      <div class=\"emf-summary-card-meta\">\n        firmeza\n      <\/div>\n    <\/div>\n    <div class=\"emf-summary-card\">\n      <span aria-hidden=\"true\" class=\"emf-summary-number\">02<\/span>\n      <div aria-level=\"3\" class=\"emf-summary-card-title\" role=\"heading\">\n        Sem negar o problema\n      <\/div>\n      <div class=\"emf-summary-card-text\">\n        Manter boa cara n\u00e3o significa fingir felicidade. O sentido \u00e9 conservar o \u00e2nimo e evitar que a dificuldade determine toda a resposta.\n      <\/div>\n      <div class=\"emf-summary-card-meta\">\n        sem fingimento\n      <\/div>\n    <\/div>\n    <div class=\"emf-summary-card\">\n      <span aria-hidden=\"true\" class=\"emf-summary-number\">03<\/span>\n      <div aria-level=\"3\" class=\"emf-summary-card-title\" role=\"heading\">\n        Foco no poss\u00edvel\n      <\/div>\n      <div class=\"emf-summary-card-text\">\n        Quando o cen\u00e1rio foge do controle, o prov\u00e9rbio desloca a aten\u00e7\u00e3o para postura, decis\u00e3o e pr\u00f3ximos passos que ainda dependem de voc\u00ea.\n      <\/div>\n      <div class=\"emf-summary-card-meta\">\n        a\u00e7\u00e3o poss\u00edvel\n      <\/div>\n    <\/div>\n  <\/div>\n<\/div>\n\n\n\n<p class=\"wp-block-paragraph\">Quando a situa\u00e7\u00e3o n\u00e3o muda na hora, o prov\u00e9rbio espanhol <strong>\u201cA mal tiempo, buena cara\u201d<\/strong> prop\u00f5e uma escolha simples: manter a firmeza e ajustar a pr\u00f3pria atitude. A frase n\u00e3o pede sorriso falso nem nega a dificuldade. Ela lembra que, diante do que n\u00e3o controlamos, ainda podemos escolher <strong>como reagir<\/strong> com calma.<\/p>\n\n\n\n<h2 class=\"wp-block-heading\">O que significa \u201cA mal tiempo, buena cara\u201d?<\/h2>\n\n\n\n<p class=\"wp-block-paragraph\">Como todo <a href=\"https:\/\/pt.wikipedia.org\/wiki\/Prov%C3%A9rbio\" target=\"_blank\" rel=\"noopener noreferrer\"><strong>prov\u00e9rbio<\/strong><\/a>, a frase resume uma orienta\u00e7\u00e3o em poucas palavras. Aqui, \u201cmau tempo\u201d funciona como imagem para <strong>contratempos e momentos dif\u00edceis<\/strong>, enquanto \u201cboa cara\u201d aponta para a postura escolhida diante deles.<\/p>\n\n\n\n<p class=\"wp-block-paragraph\">O sentido central \u00e9 <strong>manter o equil\u00edbrio quando a situa\u00e7\u00e3o n\u00e3o pode ser mudada de imediato<\/strong>. Isso n\u00e3o elimina tristeza, frustra\u00e7\u00e3o ou preocupa\u00e7\u00e3o. A express\u00e3o apenas separa o problema externo da forma como cada pessoa decide responder a ele.<\/p>\n\n\n<div class=\"wp-block-image\">\n<figure class=\"aligncenter size-large\"><img decoding=\"async\" width=\"1024\" height=\"576\" src=\"https:\/\/www.em.com.br\/emfoco\/wp-content\/uploads\/2026\/09\/calendario2-1-1024x576.jpg\" alt=\"\" class=\"wp-image-262004\" srcset=\"https:\/\/www.em.com.br\/emfoco\/wp-content\/uploads\/2026\/09\/calendario2-1-1024x576.jpg 1024w, https:\/\/www.em.com.br\/emfoco\/wp-content\/uploads\/2026\/09\/calendario2-1-300x169.jpg 300w, https:\/\/www.em.com.br\/emfoco\/wp-content\/uploads\/2026\/09\/calendario2-1-768x432.jpg 768w, https:\/\/www.em.com.br\/emfoco\/wp-content\/uploads\/2026\/09\/calendario2-1-750x421.jpg 750w, https:\/\/www.em.com.br\/emfoco\/wp-content\/uploads\/2026\/09\/calendario2-1-1140x641.jpg 1140w, https:\/\/www.em.com.br\/emfoco\/wp-content\/uploads\/2026\/09\/calendario2-1.jpg 1280w\" sizes=\"(max-width: 1024px) 100vw, 1024px\" \/><figcaption class=\"wp-element-caption\">Enfrentar um problema com firmeza n\u00e3o significa fingir que ele deixou de existir<\/figcaption><\/figure>\n<\/div>\n\n\n<h2 class=\"wp-block-heading\">Por que o prov\u00e9rbio n\u00e3o manda fingir que est\u00e1 tudo bem?<\/h2>\n\n\n\n<p class=\"wp-block-paragraph\">A frase n\u00e3o pede que algu\u00e9m sorria diante de qualquer dor. Ela recomenda <strong>n\u00e3o se deixar vencer pelo des\u00e2nimo<\/strong> quando o problema j\u00e1 est\u00e1 presente. Reconhecer a dificuldade e ainda assim buscar uma rea\u00e7\u00e3o \u00fatil s\u00e3o coisas que podem acontecer ao mesmo tempo.<\/p>\n\n\n\n<p class=\"wp-block-paragraph\">O <a href=\"https:\/\/cvc.cervantes.es\/lengua\/refranero\/presentacion.htm\" target=\"_blank\" rel=\"noopener noreferrer\"><strong>Refranero multiling\u00fce<\/strong><\/a> re\u00fane pesquisas de especialistas em fraseologia e paremiologia. Na ficha dessa express\u00e3o, o sentido apresentado \u00e9 justamente mudar a atitude quando <strong>n\u00e3o \u00e9 poss\u00edvel mudar a situa\u00e7\u00e3o<\/strong>.<\/p>\n\n\n\n<h2 class=\"wp-block-heading\">Em quais situa\u00e7\u00f5es essa frase pode ajudar?<\/h2>\n\n\n\n<p class=\"wp-block-paragraph\">O prov\u00e9rbio costuma fazer sentido diante de <strong>imprevistos que exigem adapta\u00e7\u00e3o<\/strong>, como uma mudan\u00e7a de plano, uma espera inevit\u00e1vel ou uma not\u00edcia frustrante. A frase n\u00e3o resolve o fato, mas pode servir como lembrete para evitar uma rea\u00e7\u00e3o que piore o momento.<\/p>\n\n\n\n<p class=\"wp-block-paragraph\">Tamb\u00e9m pode aparecer quando uma pessoa precisa seguir em frente mesmo sem ter todas as respostas. O ponto \u00fatil \u00e9 perguntar <strong>qual parte ainda depende de mim<\/strong>. A partir da\u00ed, a energia deixa de ficar apenas no inc\u00f4modo e passa para uma a\u00e7\u00e3o poss\u00edvel.<\/p>\n\n\n\n<p class=\"myth-list-bridge wp-block-paragraph\">A seguir listamos <strong>4 situa\u00e7\u00f5es comuns<\/strong> em que o sentido do prov\u00e9rbio pode ser aplicado sem ignorar a dificuldade:<\/p>\n\n\n\n<ul class=\"wp-block-list myth-bullet-list\">\n<li><strong>Plano cancelado: <\/strong>aceitar o imprevisto e reorganizar o que ainda pode ser feito.<\/li>\n\n\n\n<li><strong>Espera inevit\u00e1vel: <\/strong>usar o tempo dispon\u00edvel sem transformar a demora em irrita\u00e7\u00e3o constante.<\/li>\n\n\n\n<li><strong>Not\u00edcia frustrante: <\/strong>reconhecer a decep\u00e7\u00e3o e decidir o pr\u00f3ximo passo com calma.<\/li>\n\n\n\n<li><strong>Problema sem solu\u00e7\u00e3o imediata: <\/strong>preservar energia para agir quando surgir uma possibilidade real.<\/li>\n<\/ul>\n\n\n<div class=\"wp-block-image\">\n<figure class=\"aligncenter size-large\"><img decoding=\"async\" width=\"1024\" height=\"576\" src=\"https:\/\/www.em.com.br\/emfoco\/wp-content\/uploads\/2026\/09\/arvore-1024x576.jpg\" alt=\"\" class=\"wp-image-262005\" srcset=\"https:\/\/www.em.com.br\/emfoco\/wp-content\/uploads\/2026\/09\/arvore-1024x576.jpg 1024w, https:\/\/www.em.com.br\/emfoco\/wp-content\/uploads\/2026\/09\/arvore-300x169.jpg 300w, https:\/\/www.em.com.br\/emfoco\/wp-content\/uploads\/2026\/09\/arvore-768x432.jpg 768w, https:\/\/www.em.com.br\/emfoco\/wp-content\/uploads\/2026\/09\/arvore-750x421.jpg 750w, https:\/\/www.em.com.br\/emfoco\/wp-content\/uploads\/2026\/09\/arvore-1140x641.jpg 1140w, https:\/\/www.em.com.br\/emfoco\/wp-content\/uploads\/2026\/09\/arvore.jpg 1280w\" sizes=\"(max-width: 1024px) 100vw, 1024px\" \/><figcaption class=\"wp-element-caption\">H\u00e1 situa\u00e7\u00f5es que n\u00e3o controlamos, mas ainda podemos decidir como reagir a elas<\/figcaption><\/figure>\n<\/div>\n\n\n<p class=\"wp-block-paragraph\"><strong>Leia tamb\u00e9m: <a href=\"https:\/\/www.em.com.br\/emfoco\/2026\/09\/02\/falar-que-vai-fazer-e-bem-diferente-de-comecar-como-ensina-este-proverbio-italiano-entre-o-dizer-e-o-fazer-ha-um-mar\/\" target=\"_blank\" rel=\"noreferrer noopener\">Falar que vai fazer \u00e9 bem diferente de come\u00e7ar, como ensina este prov\u00e9rbio italiano: \u201cEntre o dizer e o fazer h\u00e1 um mar\u201d<\/a><\/strong><\/p>\n\n\n\n<h2 class=\"wp-block-heading\">Qual \u00e9 a diferen\u00e7a entre aceitar o problema e se conformar?<\/h2>\n\n\n\n<p class=\"wp-block-paragraph\">Aceitar, nesse contexto, \u00e9 reconhecer <strong>o que j\u00e1 est\u00e1 acontecendo<\/strong> para decidir com mais clareza. Conformar-se seria abandonar toda tentativa poss\u00edvel de mudan\u00e7a. O prov\u00e9rbio fala mais da primeira atitude: enxergar o limite atual sem entregar a pr\u00f3pria rea\u00e7\u00e3o a ele.<\/p>\n\n\n\n<p class=\"wp-block-paragraph\">Por isso, \u201cboa cara\u201d funciona melhor como <strong>firmeza e disposi\u00e7\u00e3o<\/strong> do que como alegria obrigat\u00f3ria. Uma pessoa pode estar chateada e ainda assim agir bem. O valor da express\u00e3o aparece quando ela ajuda a preservar lucidez, n\u00e3o quando vira cobran\u00e7a para esconder sentimentos.<\/p>\n\n\n\n<p class=\"myth-html-bridge wp-block-paragraph\">A seguir listamos <strong>3 diferen\u00e7as pr\u00e1ticas<\/strong> que ajudam a separar uma rea\u00e7\u00e3o firme de uma postura que apenas esconde o problema:<\/p>\n\n\n\n<div class=\"emf-data-table google-auto-ads-ignore\">\n  <style>\n    .emf-data-table {\n      --emf-navy:#00245a;\n      --emf-navy-soft:#0b3b70;\n      --emf-ink:#1d2731;\n      --emf-muted:#66727e;\n      --emf-line:#d7dde5;\n      --emf-wash:#f4f6f8;\n      box-sizing:border-box!important;\n      inline-size:min(1100px,100%)!important;\n      max-inline-size:100%!important;\n      margin-inline:auto!important;\n      overflow:hidden!important;\n      color:var(--emf-ink);\n      background:#fff;\n      border:1px solid var(--emf-line);\n      border-radius:6px!important;\n      box-shadow:0 8px 24px rgba(0,36,90,.08);\n      font-family:Arial,Helvetica,sans-serif;\n    }\n\n    .emf-data-table *,\n    .emf-data-table *::before,\n    .emf-data-table *::after {\n      box-sizing:border-box!important;\n    }\n\n    .emf-data-table-brand {\n      display:flex;\n      align-items:center;\n      gap:13px;\n      min-block-size:72px;\n      padding:10px 17px;\n      color:#fff;\n      background:linear-gradient(105deg,var(--emf-navy) 0%,var(--emf-navy-soft) 100%);\n      border-block-end:4px solid #c5ced8;\n    }\n\n    .emf-data-table-logo {\n      display:grid;\n      place-items:center;\n      inline-size:52px;\n      block-size:52px;\n      flex:0 0 52px;\n      background:rgba(255,255,255,.08);\n      border:1px solid rgba(255,255,255,.35);\n      border-radius:3px!important;\n    }\n\n    .emf-data-table-logo img {\n      display:block;\n      inline-size:41px;\n      block-size:41px;\n      max-inline-size:41px;\n      max-block-size:41px;\n      object-fit:contain;\n    }\n\n    .emf-data-table-kicker {\n      margin:0 0 2px;\n      font-size:10px;\n      font-weight:700;\n      letter-spacing:.16em;\n      line-height:1.2;\n      text-transform:uppercase;\n      opacity:.78;\n    }\n\n    .emf-data-table-title {\n      margin:0;\n      font-family:Georgia,\"Times New Roman\",serif;\n      font-size:21px;\n      font-weight:700;\n      line-height:1.2;\n    }\n\n    .emf-data-table-scroll {\n      display:block!important;\n      inline-size:100%!important;\n      max-inline-size:100%!important;\n      overflow-x:auto!important;\n      overflow-y:hidden!important;\n      -webkit-overflow-scrolling:touch;\n      overscroll-behavior-inline:contain;\n      scrollbar-width:thin;\n      scrollbar-color:#8798aa #edf1f5;\n    }\n\n    .emf-data-table-scroll:focus-visible {\n      outline:3px solid rgba(0,36,90,.35);\n      outline-offset:-3px;\n    }\n\n    .emf-data-table table {\n      display:table!important;\n      inline-size:100%!important;\n      min-inline-size:680px!important;\n      max-inline-size:none!important;\n      margin:0!important;\n      border:0!important;\n      border-collapse:separate!important;\n      border-spacing:0!important;\n      table-layout:auto!important;\n      background:#fff!important;\n    }\n\n    .emf-data-table caption {\n      position:absolute!important;\n      inline-size:1px!important;\n      block-size:1px!important;\n      padding:0!important;\n      margin:-1px!important;\n      overflow:hidden!important;\n      clip:rect(0,0,0,0)!important;\n      white-space:nowrap!important;\n      border:0!important;\n    }\n\n    .emf-data-table thead {\n      display:table-header-group!important;\n    }\n\n    .emf-data-table tbody {\n      display:table-row-group!important;\n    }\n\n    .emf-data-table tr {\n      display:table-row!important;\n    }\n\n    .emf-data-table th,\n    .emf-data-table td {\n      display:table-cell!important;\n      float:none!important;\n      inline-size:auto!important;\n      max-inline-size:none!important;\n      margin:0!important;\n      border-radius:0!important;\n      text-align:left!important;\n      vertical-align:middle!important;\n    }\n\n    .emf-data-table th {\n      padding:14px 17px!important;\n      color:#fff!important;\n      background:var(--emf-navy)!important;\n      border-block-end:1px solid rgba(255,255,255,.22)!important;\n      border-inline-end:1px solid rgba(255,255,255,.12)!important;\n      font-family:Georgia,\"Times New Roman\",serif;\n      font-size:14px!important;\n      font-weight:700!important;\n      line-height:1.35!important;\n      white-space:nowrap!important;\n    }\n\n    .emf-data-table th:last-child {\n      border-inline-end:0!important;\n    }\n\n    .emf-data-table td {\n      padding:14px 17px!important;\n      color:#43515e!important;\n      background:#fff!important;\n      border-block-end:1px solid var(--emf-line)!important;\n      font-size:14px!important;\n      font-weight:400!important;\n      line-height:1.5!important;\n      overflow-wrap:anywhere;\n    }\n\n    .emf-data-table tbody tr:nth-child(even) td {\n      background:var(--emf-wash)!important;\n    }\n\n    .emf-data-table tbody tr:hover td {\n      background:#eaf0f5!important;\n    }\n\n    .emf-data-table tbody tr:last-child td {\n      border-block-end:0!important;\n    }\n\n    .emf-data-table td:first-child {\n      color:var(--emf-navy)!important;\n      font-weight:700!important;\n    }\n\n    @media(max-width:560px) {\n      .emf-data-table-brand {\n        min-block-size:68px;\n        padding:9px 13px;\n      }\n\n      .emf-data-table-title {\n        font-size:19px;\n      }\n\n      .emf-data-table-scroll {\n        overflow:visible!important;\n      }\n\n      .emf-data-table table,\n      .emf-data-table thead,\n      .emf-data-table tbody,\n      .emf-data-table tr,\n      .emf-data-table th,\n      .emf-data-table td {\n        display:block!important;\n        inline-size:100%!important;\n        min-inline-size:0!important;\n        max-inline-size:100%!important;\n      }\n\n      .emf-data-table table {\n        padding:13px!important;\n      }\n\n      .emf-data-table thead {\n        position:absolute!important;\n        inline-size:1px!important;\n        block-size:1px!important;\n        padding:0!important;\n        margin:-1px!important;\n        overflow:hidden!important;\n        clip:rect(0,0,0,0)!important;\n        white-space:nowrap!important;\n      }\n\n      .emf-data-table tbody {\n        display:grid!important;\n        gap:11px;\n      }\n\n      .emf-data-table tr {\n        overflow:hidden!important;\n        background:#fff!important;\n        border:1px solid var(--emf-line)!important;\n        border-block-start:4px solid var(--emf-navy)!important;\n        border-radius:4px!important;\n        box-shadow:0 4px 12px rgba(0,36,90,.06);\n      }\n\n      .emf-data-table td,\n      .emf-data-table tbody tr:nth-child(even) td,\n      .emf-data-table tbody tr:hover td {\n        display:grid!important;\n        grid-template-columns:minmax(105px,38%) minmax(0,1fr)!important;\n        align-items:start;\n        gap:11px;\n        padding:11px 12px!important;\n        background:#fff!important;\n        border-block-end:1px solid #e2e7ec!important;\n      }\n\n      .emf-data-table td::before {\n        content:attr(data-label);\n        color:var(--emf-muted);\n        font-size:10px;\n        font-weight:700;\n        letter-spacing:.06em;\n        line-height:1.35;\n        text-transform:uppercase;\n      }\n\n      .emf-data-table td:first-child {\n        color:var(--emf-navy)!important;\n        background:#edf1f5!important;\n      }\n\n      .emf-data-table td:last-child {\n        border-block-end:0!important;\n      }\n    }\n  <\/style>\n\n  <div class=\"emf-data-table-brand\">\n    <div class=\"emf-data-table-logo\">\n      <img\n        alt=\"Logo EM Foco\"\n        decoding=\"async\"\n        height=\"41\"\n        loading=\"lazy\"\n        referrerpolicy=\"no-referrer\"\n        src=\"https:\/\/www.em.com.br\/emfoco\/wp-content\/uploads\/2026\/08\/em_transparente_3000px-scaled.png\"\n        width=\"41\"\n      >\n    <\/div>\n\n    <div>\n      <div class=\"emf-data-table-kicker\">DADOS EM FOCO<\/div>\n      <div class=\"emf-data-table-title\">Como aplicar a ideia<\/div>\n    <\/div>\n  <\/div>\n\n  <div aria-label=\"Tabela com situa\u00e7\u00e3o, rea\u00e7\u00e3o poss\u00edvel e cuidado\" class=\"emf-data-table-scroll\" role=\"region\" tabindex=\"0\">\n    <table>\n      <caption>Formas de interpretar o prov\u00e9rbio em situa\u00e7\u00f5es comuns<\/caption>\n      <thead>\n        <tr>\n          <th scope=\"col\">Situa\u00e7\u00e3o<\/th>\n          <th scope=\"col\">Rea\u00e7\u00e3o poss\u00edvel<\/th>\n          <th scope=\"col\">Evitar<\/th>\n        <\/tr>\n      <\/thead>\n      <tbody>\n        <tr>\n          <td data-label=\"Situa\u00e7\u00e3o\">Imprevisto<\/td>\n          <td data-label=\"Rea\u00e7\u00e3o poss\u00edvel\">Reorganizar o que ainda depende de voc\u00ea<\/td>\n          <td data-label=\"Evitar\">Fingir que nada aconteceu<\/td>\n        <\/tr>\n        <tr>\n          <td data-label=\"Situa\u00e7\u00e3o\">Problema sem solu\u00e7\u00e3o imediata<\/td>\n          <td data-label=\"Rea\u00e7\u00e3o poss\u00edvel\">Preservar calma para o pr\u00f3ximo passo<\/td>\n          <td data-label=\"Evitar\">Gastar energia s\u00f3 reclamando<\/td>\n        <\/tr>\n        <tr>\n          <td data-label=\"Situa\u00e7\u00e3o\">Frustra\u00e7\u00e3o<\/td>\n          <td data-label=\"Rea\u00e7\u00e3o poss\u00edvel\">Reconhecer o inc\u00f4modo e seguir com lucidez<\/td>\n          <td data-label=\"Evitar\">Cobrar alegria obrigat\u00f3ria<\/td>\n        <\/tr>\n      <\/tbody>\n    <\/table>\n  <\/div>\n<\/div>\n\n\n\n<h2 class=\"wp-block-heading\">Como usar o prov\u00e9rbio sem transformar dificuldade em positividade for\u00e7ada?<\/h2>\n\n\n\n<p class=\"wp-block-paragraph\">A aplica\u00e7\u00e3o mais equilibrada come\u00e7a por admitir <strong>o que realmente est\u00e1 ruim<\/strong>. Depois, vale identificar o que n\u00e3o pode ser alterado agora e o que ainda pode receber alguma a\u00e7\u00e3o. Essa sequ\u00eancia evita que a frase seja usada como ordem para sorrir ou silenciar desconfortos.<\/p>\n\n\n\n<p class=\"wp-block-paragraph\">No fim, <strong>\u201cA mal tiempo, buena cara\u201d<\/strong> n\u00e3o apaga o mau momento. A ideia \u00e9 menor e mais pr\u00e1tica: quando o cen\u00e1rio n\u00e3o obedece \u00e0 nossa vontade, ainda podemos escolher uma resposta que preserve energia, clareza e capacidade de seguir em frente.<\/p>\n","protected":false},"excerpt":{"rendered":"<p>EM FOCO Resumo da mat\u00e9ria 01 Mudar a atitude A frase reconhece que h\u00e1 situa\u00e7\u00f5es que n\u00e3o mudam imediatamente, mas lembra que a rea\u00e7\u00e3o pessoal ainda pode ser escolhida. firmeza 02 Sem negar o problema Manter boa cara n\u00e3o significa fingir felicidade. O sentido \u00e9 conservar o \u00e2nimo e evitar que a dificuldade determine toda [&hellip;]<\/p>\n","protected":false},"author":30,"featured_media":262002,"comment_status":"open","ping_status":"open","sticky":false,"template":"","format":"standard","meta":{"jnews-multi-image_gallery":[],"jnews_single_post":{"format":"standard"},"jnews_primary_category":[],"jnews_social_meta":[],"jnews_override_counter":[],"footnotes":""},"categories":[8819],"tags":[12112,2239,11460,12160],"class_list":["post-261994","post","type-post","status-publish","format-standard","has-post-thumbnail","hentry","category-curiosidades","tag-atitude","tag-espanha","tag-frases","tag-proverbios"],"yoast_head":"<!-- This site is optimized with the Yoast SEO plugin v28.3 - https:\/\/yoast.com\/product\/yoast-seo-wordpress\/ -->\n<title>\u201cA mal tiempo, buena cara\u201d: o prov\u00e9rbio espanhol que n\u00e3o manda ignorar o problema, mas escolher como enfrent\u00e1-lo - Estado de Minas - Em foco<\/title>\n<meta name=\"description\" content=\"Um prov\u00e9rbio espanhol ensina que enfrentar tempos ruins n\u00e3o \u00e9 fingir que nada houve. Veja o sentido real de \u201cA mal tiempo, buena cara\u201d.\" \/>\n<meta name=\"robots\" content=\"index, follow, max-snippet:-1, max-image-preview:large, max-video-preview:-1\" \/>\n<link rel=\"canonical\" href=\"https:\/\/www.em.com.br\/emfoco\/2026\/09\/03\/a-mal-tiempo-buena-cara-o-proverbio-espanhol-que-nao-manda-ignorar-o-problema-mas-escolher-como-enfrenta-lo\/\" \/>\n<meta property=\"og:locale\" content=\"pt_BR\" \/>\n<meta property=\"og:type\" content=\"article\" \/>\n<meta property=\"og:title\" content=\"\u201cA mal tiempo, buena cara\u201d: o prov\u00e9rbio espanhol que n\u00e3o manda ignorar o problema, mas escolher como enfrent\u00e1-lo - Estado de Minas - Em foco\" \/>\n<meta property=\"og:description\" content=\"Um prov\u00e9rbio espanhol ensina que enfrentar tempos ruins n\u00e3o \u00e9 fingir que nada houve. Veja o sentido real de \u201cA mal tiempo, buena cara\u201d.\" \/>\n<meta property=\"og:url\" content=\"https:\/\/www.em.com.br\/emfoco\/2026\/09\/03\/a-mal-tiempo-buena-cara-o-proverbio-espanhol-que-nao-manda-ignorar-o-problema-mas-escolher-como-enfrenta-lo\/\" \/>\n<meta property=\"og:site_name\" content=\"Estado de Minas - Em foco\" \/>\n<meta property=\"article:published_time\" content=\"2026-09-03T16:07:00+00:00\" \/>\n<meta property=\"og:image\" content=\"https:\/\/www.em.com.br\/emfoco\/wp-content\/uploads\/2026\/09\/chuva1.jpg\" \/>\n\t<meta property=\"og:image:width\" content=\"1280\" \/>\n\t<meta property=\"og:image:height\" content=\"720\" \/>\n\t<meta property=\"og:image:type\" content=\"image\/jpeg\" \/>\n<meta name=\"author\" content=\"Guilherme Ara\u00fajo\" \/>\n<meta name=\"twitter:card\" content=\"summary_large_image\" \/>\n<meta name=\"twitter:label1\" content=\"Escrito por\" \/>\n\t<meta name=\"twitter:data1\" content=\"Guilherme Ara\u00fajo\" \/>\n\t<meta name=\"twitter:label2\" content=\"Est. tempo de leitura\" \/>\n\t<meta name=\"twitter:data2\" content=\"6 minutos\" \/>\n<!-- \/ Yoast SEO plugin. -->","yoast_head_json":{"title":"\u201cA mal tiempo, buena cara\u201d: o prov\u00e9rbio espanhol que n\u00e3o manda ignorar o problema, mas escolher como enfrent\u00e1-lo - Estado de Minas - Em foco","description":"Um prov\u00e9rbio espanhol ensina que enfrentar tempos ruins n\u00e3o \u00e9 fingir que nada houve. Veja o sentido real de \u201cA mal tiempo, buena cara\u201d.","robots":{"index":"index","follow":"follow","max-snippet":"max-snippet:-1","max-image-preview":"max-image-preview:large","max-video-preview":"max-video-preview:-1"},"canonical":"https:\/\/www.em.com.br\/emfoco\/2026\/09\/03\/a-mal-tiempo-buena-cara-o-proverbio-espanhol-que-nao-manda-ignorar-o-problema-mas-escolher-como-enfrenta-lo\/","og_locale":"pt_BR","og_type":"article","og_title":"\u201cA mal tiempo, buena cara\u201d: o prov\u00e9rbio espanhol que n\u00e3o manda ignorar o problema, mas escolher como enfrent\u00e1-lo - Estado de Minas - Em foco","og_description":"Um prov\u00e9rbio espanhol ensina que enfrentar tempos ruins n\u00e3o \u00e9 fingir que nada houve. Veja o sentido real de \u201cA mal tiempo, buena cara\u201d.","og_url":"https:\/\/www.em.com.br\/emfoco\/2026\/09\/03\/a-mal-tiempo-buena-cara-o-proverbio-espanhol-que-nao-manda-ignorar-o-problema-mas-escolher-como-enfrenta-lo\/","og_site_name":"Estado de Minas - Em foco","article_published_time":"2026-09-03T16:07:00+00:00","og_image":[{"width":1280,"height":720,"url":"https:\/\/www.em.com.br\/emfoco\/wp-content\/uploads\/2026\/09\/chuva1.jpg","type":"image\/jpeg"}],"author":"Guilherme Ara\u00fajo","twitter_card":"summary_large_image","twitter_misc":{"Escrito por":"Guilherme Ara\u00fajo","Est. tempo de leitura":"6 minutos"},"schema":{"@context":"https:\/\/schema.org","@graph":[{"@type":"Article","@id":"https:\/\/www.em.com.br\/emfoco\/2026\/09\/03\/a-mal-tiempo-buena-cara-o-proverbio-espanhol-que-nao-manda-ignorar-o-problema-mas-escolher-como-enfrenta-lo\/#article","isPartOf":{"@id":"https:\/\/www.em.com.br\/emfoco\/2026\/09\/03\/a-mal-tiempo-buena-cara-o-proverbio-espanhol-que-nao-manda-ignorar-o-problema-mas-escolher-como-enfrenta-lo\/"},"author":{"name":"Guilherme Ara\u00fajo","@id":"https:\/\/www.em.com.br\/emfoco\/#\/schema\/person\/5379e929a4b966c775d121e23f9bb421"},"headline":"\u201cA mal tiempo, buena cara\u201d: o prov\u00e9rbio espanhol que n\u00e3o manda ignorar o problema, mas escolher como enfrent\u00e1-lo","datePublished":"2026-09-03T16:07:00+00:00","mainEntityOfPage":{"@id":"https:\/\/www.em.com.br\/emfoco\/2026\/09\/03\/a-mal-tiempo-buena-cara-o-proverbio-espanhol-que-nao-manda-ignorar-o-problema-mas-escolher-como-enfrenta-lo\/"},"wordCount":897,"commentCount":0,"image":{"@id":"https:\/\/www.em.com.br\/emfoco\/2026\/09\/03\/a-mal-tiempo-buena-cara-o-proverbio-espanhol-que-nao-manda-ignorar-o-problema-mas-escolher-como-enfrenta-lo\/#primaryimage"},"thumbnailUrl":"https:\/\/www.em.com.br\/emfoco\/wp-content\/uploads\/2026\/09\/chuva1.jpg","keywords":["Atitude","Espanha","frases","prov\u00e9rbios"],"articleSection":["Curiosidades"],"inLanguage":"pt-BR","potentialAction":[{"@type":"CommentAction","name":"Comment","target":["https:\/\/www.em.com.br\/emfoco\/2026\/09\/03\/a-mal-tiempo-buena-cara-o-proverbio-espanhol-que-nao-manda-ignorar-o-problema-mas-escolher-como-enfrenta-lo\/#respond"]}]},{"@type":"WebPage","@id":"https:\/\/www.em.com.br\/emfoco\/2026\/09\/03\/a-mal-tiempo-buena-cara-o-proverbio-espanhol-que-nao-manda-ignorar-o-problema-mas-escolher-como-enfrenta-lo\/","url":"https:\/\/www.em.com.br\/emfoco\/2026\/09\/03\/a-mal-tiempo-buena-cara-o-proverbio-espanhol-que-nao-manda-ignorar-o-problema-mas-escolher-como-enfrenta-lo\/","name":"\u201cA mal tiempo, buena cara\u201d: o prov\u00e9rbio espanhol que n\u00e3o manda ignorar o problema, mas escolher como enfrent\u00e1-lo - Estado de Minas - Em foco","isPartOf":{"@id":"https:\/\/www.em.com.br\/emfoco\/#website"},"primaryImageOfPage":{"@id":"https:\/\/www.em.com.br\/emfoco\/2026\/09\/03\/a-mal-tiempo-buena-cara-o-proverbio-espanhol-que-nao-manda-ignorar-o-problema-mas-escolher-como-enfrenta-lo\/#primaryimage"},"image":{"@id":"https:\/\/www.em.com.br\/emfoco\/2026\/09\/03\/a-mal-tiempo-buena-cara-o-proverbio-espanhol-que-nao-manda-ignorar-o-problema-mas-escolher-como-enfrenta-lo\/#primaryimage"},"thumbnailUrl":"https:\/\/www.em.com.br\/emfoco\/wp-content\/uploads\/2026\/09\/chuva1.jpg","datePublished":"2026-09-03T16:07:00+00:00","author":{"@id":"https:\/\/www.em.com.br\/emfoco\/#\/schema\/person\/5379e929a4b966c775d121e23f9bb421"},"description":"Um prov\u00e9rbio espanhol ensina que enfrentar tempos ruins n\u00e3o \u00e9 fingir que nada houve. Veja o sentido real de \u201cA mal tiempo, buena cara\u201d.","breadcrumb":{"@id":"https:\/\/www.em.com.br\/emfoco\/2026\/09\/03\/a-mal-tiempo-buena-cara-o-proverbio-espanhol-que-nao-manda-ignorar-o-problema-mas-escolher-como-enfrenta-lo\/#breadcrumb"},"inLanguage":"pt-BR","potentialAction":[{"@type":"ReadAction","target":["https:\/\/www.em.com.br\/emfoco\/2026\/09\/03\/a-mal-tiempo-buena-cara-o-proverbio-espanhol-que-nao-manda-ignorar-o-problema-mas-escolher-como-enfrenta-lo\/"]}]},{"@type":"ImageObject","inLanguage":"pt-BR","@id":"https:\/\/www.em.com.br\/emfoco\/2026\/09\/03\/a-mal-tiempo-buena-cara-o-proverbio-espanhol-que-nao-manda-ignorar-o-problema-mas-escolher-como-enfrenta-lo\/#primaryimage","url":"https:\/\/www.em.com.br\/emfoco\/wp-content\/uploads\/2026\/09\/chuva1.jpg","contentUrl":"https:\/\/www.em.com.br\/emfoco\/wp-content\/uploads\/2026\/09\/chuva1.jpg","width":1280,"height":720,"caption":"A express\u00e3o fala menos sobre sorrir e mais sobre escolher a postura diante da dificuldade"},{"@type":"BreadcrumbList","@id":"https:\/\/www.em.com.br\/emfoco\/2026\/09\/03\/a-mal-tiempo-buena-cara-o-proverbio-espanhol-que-nao-manda-ignorar-o-problema-mas-escolher-como-enfrenta-lo\/#breadcrumb","itemListElement":[{"@type":"ListItem","position":1,"name":"In\u00edcio","item":"https:\/\/www.em.com.br\/emfoco\/"},{"@type":"ListItem","position":2,"name":"\u201cA mal tiempo, buena cara\u201d: o prov\u00e9rbio espanhol que n\u00e3o manda ignorar o problema, mas escolher como enfrent\u00e1-lo"}]},{"@type":"WebSite","@id":"https:\/\/www.em.com.br\/emfoco\/#website","url":"https:\/\/www.em.com.br\/emfoco\/","name":"Estado de Minas - Em foco","description":"Acompanhe as \u00faltimas not\u00edcias e fique bem informado sobre tudo o que acontece em Minas Gerais, Brasil e no mundo.","potentialAction":[{"@type":"SearchAction","target":{"@type":"EntryPoint","urlTemplate":"https:\/\/www.em.com.br\/emfoco\/?s={search_term_string}"},"query-input":{"@type":"PropertyValueSpecification","valueRequired":true,"valueName":"search_term_string"}}],"inLanguage":"pt-BR"},{"@type":"Person","@id":"https:\/\/www.em.com.br\/emfoco\/#\/schema\/person\/5379e929a4b966c775d121e23f9bb421","name":"Guilherme Ara\u00fajo","image":{"@type":"ImageObject","inLanguage":"pt-BR","@id":"https:\/\/secure.gravatar.com\/avatar\/063bc96e5a2afd1844386c45bd1360efc771eff011a9fab8cd399e2a104c3ecd?s=96&d=mm&r=g","url":"https:\/\/secure.gravatar.com\/avatar\/063bc96e5a2afd1844386c45bd1360efc771eff011a9fab8cd399e2a104c3ecd?s=96&d=mm&r=g","contentUrl":"https:\/\/secure.gravatar.com\/avatar\/063bc96e5a2afd1844386c45bd1360efc771eff011a9fab8cd399e2a104c3ecd?s=96&d=mm&r=g","caption":"Guilherme Ara\u00fajo"},"sameAs":["https:\/\/www.em.com.br\/emfoco"],"url":"https:\/\/www.em.com.br\/emfoco\/author\/guilhermeamyth\/"}]}},"_links":{"self":[{"href":"https:\/\/www.em.com.br\/emfoco\/wp-json\/wp\/v2\/posts\/261994","targetHints":{"allow":["GET"]}}],"collection":[{"href":"https:\/\/www.em.com.br\/emfoco\/wp-json\/wp\/v2\/posts"}],"about":[{"href":"https:\/\/www.em.com.br\/emfoco\/wp-json\/wp\/v2\/types\/post"}],"author":[{"embeddable":true,"href":"https:\/\/www.em.com.br\/emfoco\/wp-json\/wp\/v2\/users\/30"}],"replies":[{"embeddable":true,"href":"https:\/\/www.em.com.br\/emfoco\/wp-json\/wp\/v2\/comments?post=261994"}],"version-history":[{"count":4,"href":"https:\/\/www.em.com.br\/emfoco\/wp-json\/wp\/v2\/posts\/261994\/revisions"}],"predecessor-version":[{"id":262148,"href":"https:\/\/www.em.com.br\/emfoco\/wp-json\/wp\/v2\/posts\/261994\/revisions\/262148"}],"wp:featuredmedia":[{"embeddable":true,"href":"https:\/\/www.em.com.br\/emfoco\/wp-json\/wp\/v2\/media\/262002"}],"wp:attachment":[{"href":"https:\/\/www.em.com.br\/emfoco\/wp-json\/wp\/v2\/media?parent=261994"}],"wp:term":[{"taxonomy":"category","embeddable":true,"href":"https:\/\/www.em.com.br\/emfoco\/wp-json\/wp\/v2\/categories?post=261994"},{"taxonomy":"post_tag","embeddable":true,"href":"https:\/\/www.em.com.br\/emfoco\/wp-json\/wp\/v2\/tags?post=261994"}],"curies":[{"name":"wp","href":"https:\/\/api.w.org\/{rel}","templated":true}]}}