{"id":261993,"date":"2026-09-03T11:27:00","date_gmt":"2026-09-03T14:27:00","guid":{"rendered":"https:\/\/www.em.com.br\/emfoco\/?p=261993"},"modified":"2026-09-02T21:53:40","modified_gmt":"2026-09-03T00:53:40","slug":"para-quem-acredita-que-precisa-continuar-sendo-exatamente-quem-sempre-foi-cecilia-meireles-escreveu-a-vida-so-e-possivel-reinventada","status":"publish","type":"post","link":"https:\/\/www.em.com.br\/emfoco\/2026\/09\/03\/para-quem-acredita-que-precisa-continuar-sendo-exatamente-quem-sempre-foi-cecilia-meireles-escreveu-a-vida-so-e-possivel-reinventada\/","title":{"rendered":"Para quem acredita que precisa continuar sendo exatamente quem sempre foi, Cec\u00edlia Meireles escreveu: \u201cA vida s\u00f3 \u00e9 poss\u00edvel reinventada\u201d"},"content":{"rendered":"\n<div class=\"emf-summary google-auto-ads-ignore\">\n  <style>\n    .emf-summary {\n      --emf-navy:#00245a;\n      --emf-navy-soft:#0b3b70;\n      --emf-ink:#1d2731;\n      --emf-muted:#66727e;\n      --emf-line:#d7dde5;\n      --emf-paper:#ffffff;\n      --emf-wash:#f4f6f8;\n      box-sizing:border-box!important;\n      inline-size:min(1100px,100%)!important;\n      max-inline-size:100%!important;\n      margin-inline:auto!important;\n      overflow:hidden!important;\n      color:var(--emf-ink);\n      background:var(--emf-paper);\n      border:1px solid var(--emf-line);\n      border-block-start:5px solid var(--emf-navy);\n      border-radius:6px!important;\n      box-shadow:0 8px 24px rgba(0,36,90,.08);\n      font-family:Arial,Helvetica,sans-serif;\n    }\n\n    .emf-summary *,\n    .emf-summary *::before,\n    .emf-summary *::after {\n      box-sizing:border-box!important;\n    }\n\n    .emf-summary-brand {\n      display:flex;\n      align-items:center;\n      gap:14px;\n      padding:16px 20px;\n      color:#fff;\n      background:linear-gradient(105deg,var(--emf-navy) 0%,var(--emf-navy-soft) 100%);\n      border-block-end:1px solid rgba(255,255,255,.18);\n    }\n\n    .emf-summary-logo {\n      display:grid;\n      place-items:center;\n      inline-size:58px;\n      block-size:58px;\n      flex:0 0 58px;\n      background:rgba(255,255,255,.08);\n      border:1px solid rgba(255,255,255,.35);\n      border-radius:3px!important;\n    }\n\n    .emf-summary-logo img {\n      display:block;\n      inline-size:46px;\n      block-size:46px;\n      max-inline-size:46px;\n      max-block-size:46px;\n      object-fit:contain;\n    }\n\n    .emf-summary-eyebrow {\n      margin:0 0 3px;\n      font-size:11px;\n      font-weight:700;\n      letter-spacing:.18em;\n      line-height:1.2;\n      text-transform:uppercase;\n      opacity:.78;\n    }\n\n    .emf-summary-title {\n      margin:0;\n      font-family:Georgia,\"Times New Roman\",serif;\n      font-size:25px;\n      font-weight:700;\n      line-height:1.15;\n    }\n\n    .emf-summary-grid {\n      display:grid;\n      grid-template-columns:repeat(3,minmax(0,1fr));\n      gap:0;\n      background:var(--emf-wash);\n    }\n\n    .emf-summary-card {\n      position:relative;\n      min-block-size:190px;\n      padding:24px 20px 20px;\n      overflow:hidden!important;\n      background:#fff;\n      border-inline-end:1px solid var(--emf-line);\n    }\n\n    .emf-summary-card:last-child {\n      border-inline-end:0;\n    }\n\n    .emf-summary-number {\n      position:absolute;\n      inset-block-start:13px;\n      inset-inline-end:15px;\n      color:rgba(0,36,90,.10);\n      font-family:Georgia,\"Times New Roman\",serif;\n      font-size:46px;\n      font-weight:700;\n      line-height:1;\n      pointer-events:none;\n    }\n\n    .emf-summary-card-title {\n      position:relative;\n      z-index:1;\n      margin:0 0 11px;\n      padding-block-end:10px;\n      color:var(--emf-navy);\n      border-block-end:2px solid var(--emf-navy);\n      font-family:Georgia,\"Times New Roman\",serif;\n      font-size:18px;\n      font-weight:700;\n      line-height:1.3;\n      overflow-wrap:anywhere;\n    }\n\n    .emf-summary-card-text {\n      position:relative;\n      z-index:1;\n      color:#485560;\n      font-size:13px;\n      line-height:1.6;\n      overflow-wrap:anywhere;\n    }\n\n    .emf-summary-card-meta {\n      position:relative;\n      z-index:1;\n      display:inline-flex;\n      margin-block-start:16px;\n      padding:5px 8px;\n      color:var(--emf-navy);\n      background:#edf1f5;\n      border:1px solid #d9e0e7;\n      border-radius:2px!important;\n      font-size:10px;\n      font-weight:700;\n      letter-spacing:.08em;\n      line-height:1.2;\n      text-transform:uppercase;\n    }\n\n    @media(max-width:760px) {\n      .emf-summary-grid {\n        grid-template-columns:1fr;\n      }\n\n      .emf-summary-card {\n        min-block-size:0;\n        border-inline-end:0;\n        border-block-end:1px solid var(--emf-line);\n      }\n\n      .emf-summary-card:last-child {\n        border-block-end:0;\n      }\n    }\n\n    @media(max-width:480px) {\n      .emf-summary-brand {\n        padding:14px 15px;\n      }\n\n      .emf-summary-logo {\n        inline-size:52px;\n        block-size:52px;\n        flex-basis:52px;\n      }\n\n      .emf-summary-logo img {\n        inline-size:41px;\n        block-size:41px;\n        max-inline-size:41px;\n        max-block-size:41px;\n      }\n\n      .emf-summary-title {\n        font-size:22px;\n      }\n\n      .emf-summary-card {\n        padding:21px 16px 18px;\n      }\n    }\n  <\/style>\n\n  <div class=\"emf-summary-brand\">\n    <div class=\"emf-summary-logo\">\n      <img\n        alt=\"Logo EM Foco\"\n        decoding=\"async\"\n        fetchpriority=\"high\"\n        height=\"46\"\n        loading=\"eager\"\n        referrerpolicy=\"no-referrer\"\n        src=\"https:\/\/www.em.com.br\/emfoco\/wp-content\/uploads\/2026\/08\/em_transparente_3000px-scaled.png\"\n        width=\"46\"\n      >\n    <\/div>\n\n    <div>\n      <div class=\"emf-summary-eyebrow\">EM FOCO<\/div>\n      <div class=\"emf-summary-title\">Resumo da mat\u00e9ria<\/div>\n    <\/div>\n  <\/div>\n\n  <div class=\"emf-summary-grid\">\n    <div class=\"emf-summary-card\">\n      <span aria-hidden=\"true\" class=\"emf-summary-number\">01<\/span>\n      <div aria-level=\"3\" class=\"emf-summary-card-title\" role=\"heading\">\n        Verso dentro de um poema\n      <\/div>\n      <div class=\"emf-summary-card-text\">\n        A frase pertence a \u201cReinven\u00e7\u00e3o\u201d, poema publicado no livro Vaga M\u00fasica, em 1940.\n      <\/div>\n      <div class=\"emf-summary-card-meta\">\n        Vaga M\u00fasica\n      <\/div>\n    <\/div>\n    <div class=\"emf-summary-card\">\n      <span aria-hidden=\"true\" class=\"emf-summary-number\">02<\/span>\n      <div aria-level=\"3\" class=\"emf-summary-card-title\" role=\"heading\">\n        Mudar sem se apagar\n      <\/div>\n      <div class=\"emf-summary-card-text\">\n        Reinventar n\u00e3o precisa negar o passado, pois experi\u00eancias anteriores tamb\u00e9m podem ganhar outro lugar e outro sentido.\n      <\/div>\n      <div class=\"emf-summary-card-meta\">\n        Continuidade\n      <\/div>\n    <\/div>\n    <div class=\"emf-summary-card\">\n      <span aria-hidden=\"true\" class=\"emf-summary-number\">03<\/span>\n      <div aria-level=\"3\" class=\"emf-summary-card-title\" role=\"heading\">\n        Recome\u00e7os cotidianos\n      <\/div>\n      <div class=\"emf-summary-card-text\">\n        Trabalho, rela\u00e7\u00f5es e projetos pessoais mudam quando escolhas antigas deixam de responder ao momento atual.\n      <\/div>\n      <div class=\"emf-summary-card-meta\">\n        Novos caminhos\n      <\/div>\n    <\/div>\n  <\/div>\n<\/div>\n\n\n\n<p class=\"wp-block-paragraph\">Quando mudar parece uma trai\u00e7\u00e3o ao pr\u00f3prio passado, a poeta brasileira <strong>Cec\u00edlia Meireles<\/strong> oferece outra imagem: <strong>\u201cA vida s\u00f3 \u00e9 poss\u00edvel reinventada\u201d<\/strong>. O verso do poema \u201cReinven\u00e7\u00e3o\u201d permite pensar que recome\u00e7ar n\u00e3o exige apagar quem fomos, mas criar novas formas de seguir com aquilo que vivemos com liberdade.<\/p>\n\n\n\n<h2 class=\"wp-block-heading\">Onde Cec\u00edlia Meireles escreveu esse verso?<\/h2>\n\n\n\n<p class=\"wp-block-paragraph\">A frase pertence ao poema <strong>\u201cReinven\u00e7\u00e3o\u201d<\/strong>, inclu\u00eddo em <strong>Vaga M\u00fasica<\/strong>. A poeta \u00e9 uma das figuras centrais da literatura brasileira do s\u00e9culo 20. Seu perfil re\u00fane tamb\u00e9m atividades como professora, jornalista e escritora, al\u00e9m da obra pela qual se tornou amplamente conhecida.<\/p>\n\n\n\n<p class=\"wp-block-paragraph\">A trajet\u00f3ria de <a href=\"https:\/\/pt.wikipedia.org\/wiki\/Cec%C3%ADlia_Meireles\" target=\"_blank\" rel=\"noopener noreferrer\"><strong>Cec\u00edlia Meireles<\/strong><\/a> costuma ser ligada ao modernismo brasileiro, com uma voz pr\u00f3pria e contemplativa. No poema, a reinven\u00e7\u00e3o n\u00e3o aparece como simples troca de apar\u00eancia, mas como condi\u00e7\u00e3o para a vida continuar em movimento diante do tempo.<\/p>\n\n\n<div class=\"wp-block-image\">\n<figure class=\"aligncenter size-large\"><img decoding=\"async\" width=\"1024\" height=\"576\" src=\"https:\/\/www.em.com.br\/emfoco\/wp-content\/uploads\/2026\/09\/cartas-1024x576.jpg\" alt=\"\" class=\"wp-image-262021\" srcset=\"https:\/\/www.em.com.br\/emfoco\/wp-content\/uploads\/2026\/09\/cartas-1024x576.jpg 1024w, https:\/\/www.em.com.br\/emfoco\/wp-content\/uploads\/2026\/09\/cartas-300x169.jpg 300w, https:\/\/www.em.com.br\/emfoco\/wp-content\/uploads\/2026\/09\/cartas-768x432.jpg 768w, https:\/\/www.em.com.br\/emfoco\/wp-content\/uploads\/2026\/09\/cartas-750x421.jpg 750w, https:\/\/www.em.com.br\/emfoco\/wp-content\/uploads\/2026\/09\/cartas-1140x641.jpg 1140w, https:\/\/www.em.com.br\/emfoco\/wp-content\/uploads\/2026\/09\/cartas.jpg 1280w\" sizes=\"(max-width: 1024px) 100vw, 1024px\" \/><figcaption class=\"wp-element-caption\">Algumas fases da vida exigem respostas diferentes daquelas que funcionaram no passado<\/figcaption><\/figure>\n<\/div>\n\n\n<h2 class=\"wp-block-heading\">O que significa uma vida reinventada?<\/h2>\n\n\n\n<p class=\"wp-block-paragraph\">No verso, reinventar pode ser lido como <strong>dar outra forma ao que continua vivo<\/strong>. N\u00e3o se trata necessariamente de come\u00e7ar do zero. Mem\u00f3rias, capacidades, afetos e escolhas anteriores permanecem, mas deixam de funcionar como uma ordem r\u00edgida sobre tudo o que ainda podemos fazer.<\/p>\n\n\n\n<p class=\"wp-block-paragraph\">A imagem ganha for\u00e7a porque une duas ideias: <strong>mudan\u00e7a e continuidade<\/strong>. Uma pessoa pode conservar valores importantes e, ao mesmo tempo, mudar profiss\u00e3o, rotina ou projeto. O passado participa da nova etapa, por\u00e9m j\u00e1 n\u00e3o decide sozinho qual identidade ser\u00e1 poss\u00edvel no presente.<\/p>\n\n\n\n<h2 class=\"wp-block-heading\">Como mudar sem negar quem j\u00e1 fomos?<\/h2>\n\n\n\n<p class=\"wp-block-paragraph\">O primeiro passo dessa interpreta\u00e7\u00e3o \u00e9 trocar a pergunta \u201cquem sempre fui?\u201d por <strong>\u201co que ainda faz sentido?\u201d<\/strong>. A resposta n\u00e3o apaga a hist\u00f3ria pessoal. Ela apenas permite reconhecer h\u00e1bitos mantidos por costume, expectativas recebidas de outras pessoas e caminhos que j\u00e1 cumpriram sua fun\u00e7\u00e3o.<\/p>\n\n\n\n<p class=\"wp-block-paragraph\">Reinventar tamb\u00e9m n\u00e3o exige uma transforma\u00e7\u00e3o p\u00fablica ou repentina. <strong>Mudan\u00e7as pequenas podem abrir dire\u00e7\u00e3o<\/strong>: aprender algo, reorganizar um compromisso, retomar um interesse ou abandonar uma regra antiga. O verso acolhe o movimento sem determinar uma \u00fanica forma correta de recome\u00e7ar.<\/p>\n\n\n\n<p class=\"myth-list-bridge wp-block-paragraph\">A seguir listamos <strong>quatro movimentos de reinven\u00e7\u00e3o<\/strong> que preservam o passado sem ficar presos a ele:<\/p>\n\n\n\n<ul class=\"wp-block-list myth-bullet-list\">\n<li><strong>Reconhecer:<\/strong> nomear o que j\u00e1 n\u00e3o responde \u00e0 vida atual. <\/li>\n\n\n\n<li><strong>Preservar:<\/strong> manter valores e v\u00ednculos que ainda oferecem sentido.<\/li>\n\n\n\n<li><strong>Experimentar:<\/strong> testar uma mudan\u00e7a pequena antes de decidir algo maior.<\/li>\n\n\n\n<li><strong>Reformular:<\/strong> dar outro uso ao que foi aprendido em etapas anteriores.<\/li>\n<\/ul>\n\n\n\n<p class=\"wp-block-paragraph\"><strong>Leia tamb\u00e9m: <a href=\"https:\/\/www.em.com.br\/emfoco\/2026\/09\/02\/guimaraes-rosa-resumiu-o-que-precisamos-quando-o-medo-tenta-decidir-por-nos-o-que-a-vida-quer-da-gente-e-coragem\/\" target=\"_blank\" rel=\"noreferrer noopener\">Guimar\u00e3es Rosa resumiu o que precisamos quando o medo tenta decidir por n\u00f3s: \u201cO que a vida quer da gente \u00e9 coragem\u201d<\/a><\/strong><\/p>\n\n\n<div class=\"wp-block-image\">\n<figure class=\"aligncenter size-large\"><img decoding=\"async\" width=\"1024\" height=\"576\" src=\"https:\/\/www.em.com.br\/emfoco\/wp-content\/uploads\/2026\/09\/arvores2-1-1024x576.jpg\" alt=\"\" class=\"wp-image-262023\" srcset=\"https:\/\/www.em.com.br\/emfoco\/wp-content\/uploads\/2026\/09\/arvores2-1-1024x576.jpg 1024w, https:\/\/www.em.com.br\/emfoco\/wp-content\/uploads\/2026\/09\/arvores2-1-300x169.jpg 300w, https:\/\/www.em.com.br\/emfoco\/wp-content\/uploads\/2026\/09\/arvores2-1-768x432.jpg 768w, https:\/\/www.em.com.br\/emfoco\/wp-content\/uploads\/2026\/09\/arvores2-1-750x421.jpg 750w, https:\/\/www.em.com.br\/emfoco\/wp-content\/uploads\/2026\/09\/arvores2-1-1140x641.jpg 1140w, https:\/\/www.em.com.br\/emfoco\/wp-content\/uploads\/2026\/09\/arvores2-1.jpg 1280w\" sizes=\"(max-width: 1024px) 100vw, 1024px\" \/><figcaption class=\"wp-element-caption\">A frase transforma reinven\u00e7\u00e3o em parte natural da experi\u00eancia de continuar vivendo<\/figcaption><\/figure>\n<\/div>\n\n\n<h2 class=\"wp-block-heading\">Onde a reinven\u00e7\u00e3o aparece na vida comum?<\/h2>\n\n\n\n<p class=\"wp-block-paragraph\">A reinven\u00e7\u00e3o aparece quando uma experi\u00eancia conhecida recebe <strong>uma forma inesperada<\/strong>. Uma habilidade de outro emprego pode sustentar nova profiss\u00e3o. Um v\u00ednculo afetivo pode ganhar limites diferentes. Um projeto interrompido pode voltar menor, mais simples e mais adequado ao tempo dispon\u00edvel.<\/p>\n\n\n\n<p class=\"wp-block-paragraph\">A <a href=\"https:\/\/www.academia.org.br\/artigos\/poesia-palavra-feminina\" target=\"_blank\" rel=\"noopener noreferrer\"><strong>Academia Brasileira de Letras<\/strong><\/a> registra a presen\u00e7a desse verso em uma homenagem po\u00e9tica posterior. Essa circula\u00e7\u00e3o mostra como poucas palavras permitem leituras variadas. Ainda assim, cada aplica\u00e7\u00e3o \u00e9 interpreta\u00e7\u00e3o, n\u00e3o uma instru\u00e7\u00e3o deixada pela autora para casos espec\u00edficos.<\/p>\n\n\n\n<p class=\"myth-html-bridge wp-block-paragraph\">A seguir listamos <strong>tr\u00eas \u00e1reas cotidianas<\/strong> em que mudar pode significar reorganizar, e n\u00e3o apagar, a pr\u00f3pria hist\u00f3ria:<\/p>\n\n\n\n<div class=\"emf-data-table google-auto-ads-ignore\">\n  <style>\n    .emf-data-table {\n      --emf-navy:#00245a;\n      --emf-navy-soft:#0b3b70;\n      --emf-ink:#1d2731;\n      --emf-muted:#66727e;\n      --emf-line:#d7dde5;\n      --emf-wash:#f4f6f8;\n      box-sizing:border-box!important;\n      inline-size:min(1100px,100%)!important;\n      max-inline-size:100%!important;\n      margin-inline:auto!important;\n      overflow:hidden!important;\n      color:var(--emf-ink);\n      background:#fff;\n      border:1px solid var(--emf-line);\n      border-radius:6px!important;\n      box-shadow:0 8px 24px rgba(0,36,90,.08);\n      font-family:Arial,Helvetica,sans-serif;\n    }\n\n    .emf-data-table *,\n    .emf-data-table *::before,\n    .emf-data-table *::after {\n      box-sizing:border-box!important;\n    }\n\n    .emf-data-table-brand {\n      display:flex;\n      align-items:center;\n      gap:13px;\n      min-block-size:72px;\n      padding:10px 17px;\n      color:#fff;\n      background:linear-gradient(105deg,var(--emf-navy) 0%,var(--emf-navy-soft) 100%);\n      border-block-end:4px solid #c5ced8;\n    }\n\n    .emf-data-table-logo {\n      display:grid;\n      place-items:center;\n      inline-size:52px;\n      block-size:52px;\n      flex:0 0 52px;\n      background:rgba(255,255,255,.08);\n      border:1px solid rgba(255,255,255,.35);\n      border-radius:3px!important;\n    }\n\n    .emf-data-table-logo img {\n      display:block;\n      inline-size:41px;\n      block-size:41px;\n      max-inline-size:41px;\n      max-block-size:41px;\n      object-fit:contain;\n    }\n\n    .emf-data-table-kicker {\n      margin:0 0 2px;\n      font-size:10px;\n      font-weight:700;\n      letter-spacing:.16em;\n      line-height:1.2;\n      text-transform:uppercase;\n      opacity:.78;\n    }\n\n    .emf-data-table-title {\n      margin:0;\n      font-family:Georgia,\"Times New Roman\",serif;\n      font-size:21px;\n      font-weight:700;\n      line-height:1.2;\n    }\n\n    .emf-data-table-scroll {\n      display:block!important;\n      inline-size:100%!important;\n      max-inline-size:100%!important;\n      overflow-x:auto!important;\n      overflow-y:hidden!important;\n      -webkit-overflow-scrolling:touch;\n      overscroll-behavior-inline:contain;\n      scrollbar-width:thin;\n      scrollbar-color:#8798aa #edf1f5;\n    }\n\n    .emf-data-table-scroll:focus-visible {\n      outline:3px solid rgba(0,36,90,.35);\n      outline-offset:-3px;\n    }\n\n    .emf-data-table table {\n      display:table!important;\n      inline-size:100%!important;\n      min-inline-size:680px!important;\n      max-inline-size:none!important;\n      margin:0!important;\n      border:0!important;\n      border-collapse:separate!important;\n      border-spacing:0!important;\n      table-layout:auto!important;\n      background:#fff!important;\n    }\n\n    .emf-data-table caption {\n      position:absolute!important;\n      inline-size:1px!important;\n      block-size:1px!important;\n      padding:0!important;\n      margin:-1px!important;\n      overflow:hidden!important;\n      clip:rect(0,0,0,0)!important;\n      white-space:nowrap!important;\n      border:0!important;\n    }\n\n    .emf-data-table thead {\n      display:table-header-group!important;\n    }\n\n    .emf-data-table tbody {\n      display:table-row-group!important;\n    }\n\n    .emf-data-table tr {\n      display:table-row!important;\n    }\n\n    .emf-data-table th,\n    .emf-data-table td {\n      display:table-cell!important;\n      float:none!important;\n      inline-size:auto!important;\n      max-inline-size:none!important;\n      margin:0!important;\n      border-radius:0!important;\n      text-align:left!important;\n      vertical-align:middle!important;\n    }\n\n    .emf-data-table th {\n      padding:14px 17px!important;\n      color:#fff!important;\n      background:var(--emf-navy)!important;\n      border-block-end:1px solid rgba(255,255,255,.22)!important;\n      border-inline-end:1px solid rgba(255,255,255,.12)!important;\n      font-family:Georgia,\"Times New Roman\",serif;\n      font-size:14px!important;\n      font-weight:700!important;\n      line-height:1.35!important;\n      white-space:nowrap!important;\n    }\n\n    .emf-data-table th:last-child {\n      border-inline-end:0!important;\n    }\n\n    .emf-data-table td {\n      padding:14px 17px!important;\n      color:#43515e!important;\n      background:#fff!important;\n      border-block-end:1px solid var(--emf-line)!important;\n      font-size:14px!important;\n      font-weight:400!important;\n      line-height:1.5!important;\n      overflow-wrap:anywhere;\n    }\n\n    .emf-data-table tbody tr:nth-child(even) td {\n      background:var(--emf-wash)!important;\n    }\n\n    .emf-data-table tbody tr:hover td {\n      background:#eaf0f5!important;\n    }\n\n    .emf-data-table tbody tr:last-child td {\n      border-block-end:0!important;\n    }\n\n    .emf-data-table td:first-child {\n      color:var(--emf-navy)!important;\n      font-weight:700!important;\n    }\n\n    @media(max-width:560px) {\n      .emf-data-table-brand {\n        min-block-size:68px;\n        padding:9px 13px;\n      }\n\n      .emf-data-table-title {\n        font-size:19px;\n      }\n\n      .emf-data-table-scroll {\n        overflow:visible!important;\n      }\n\n      .emf-data-table table,\n      .emf-data-table thead,\n      .emf-data-table tbody,\n      .emf-data-table tr,\n      .emf-data-table th,\n      .emf-data-table td {\n        display:block!important;\n        inline-size:100%!important;\n        min-inline-size:0!important;\n        max-inline-size:100%!important;\n      }\n\n      .emf-data-table table {\n        padding:13px!important;\n      }\n\n      .emf-data-table thead {\n        position:absolute!important;\n        inline-size:1px!important;\n        block-size:1px!important;\n        padding:0!important;\n        margin:-1px!important;\n        overflow:hidden!important;\n        clip:rect(0,0,0,0)!important;\n        white-space:nowrap!important;\n      }\n\n      .emf-data-table tbody {\n        display:grid!important;\n        gap:11px;\n      }\n\n      .emf-data-table tr {\n        overflow:hidden!important;\n        background:#fff!important;\n        border:1px solid var(--emf-line)!important;\n        border-block-start:4px solid var(--emf-navy)!important;\n        border-radius:4px!important;\n        box-shadow:0 4px 12px rgba(0,36,90,.06);\n      }\n\n      .emf-data-table td,\n      .emf-data-table tbody tr:nth-child(even) td,\n      .emf-data-table tbody tr:hover td {\n        display:grid!important;\n        grid-template-columns:minmax(105px,38%) minmax(0,1fr)!important;\n        align-items:start;\n        gap:11px;\n        padding:11px 12px!important;\n        background:#fff!important;\n        border-block-end:1px solid #e2e7ec!important;\n      }\n\n      .emf-data-table td::before {\n        content:attr(data-label);\n        color:var(--emf-muted);\n        font-size:10px;\n        font-weight:700;\n        letter-spacing:.06em;\n        line-height:1.35;\n        text-transform:uppercase;\n      }\n\n      .emf-data-table td:first-child {\n        color:var(--emf-navy)!important;\n        background:#edf1f5!important;\n      }\n\n      .emf-data-table td:last-child {\n        border-block-end:0!important;\n      }\n    }\n  <\/style>\n\n  <div class=\"emf-data-table-brand\">\n    <div class=\"emf-data-table-logo\">\n      <img\n        alt=\"Logo EM Foco\"\n        decoding=\"async\"\n        height=\"41\"\n        loading=\"lazy\"\n        referrerpolicy=\"no-referrer\"\n        src=\"https:\/\/www.em.com.br\/emfoco\/wp-content\/uploads\/2026\/08\/em_transparente_3000px-scaled.png\"\n        width=\"41\"\n      >\n    <\/div>\n\n    <div>\n      <div class=\"emf-data-table-kicker\">DADOS EM FOCO<\/div>\n      <div class=\"emf-data-table-title\">Reinven\u00e7\u00e3o na vida cotidiana<\/div>\n    <\/div>\n  <\/div>\n\n  <div aria-label=\"Tabela com \u00e1reas da vida, continuidades e possibilidades de mudan\u00e7a\" class=\"emf-data-table-scroll\" role=\"region\" tabindex=\"0\">\n    <table>\n      <caption>Exemplos de como uma mudan\u00e7a pode aproveitar experi\u00eancias anteriores sem repeti-las.<\/caption>\n      <thead>\n        <tr>\n          <th scope=\"col\">\u00c1rea<\/th>\n          <th scope=\"col\">O que permanece<\/th>\n          <th scope=\"col\">O que pode mudar<\/th>\n        <\/tr>\n      <\/thead>\n      <tbody>\n        <tr>\n          <td data-label=\"\u00c1rea\">Trabalho<\/td>\n          <td data-label=\"O que permanece\">Experi\u00eancia e habilidades<\/td>\n          <td data-label=\"O que pode mudar\">Fun\u00e7\u00e3o, ritmo ou dire\u00e7\u00e3o<\/td>\n        <\/tr>\n        <tr>\n          <td data-label=\"\u00c1rea\">Rela\u00e7\u00f5es<\/td>\n          <td data-label=\"O que permanece\">Afeto e aprendizado<\/td>\n          <td data-label=\"O que pode mudar\">Limites e acordos<\/td>\n        <\/tr>\n        <tr>\n          <td data-label=\"\u00c1rea\">Projetos pessoais<\/td>\n          <td data-label=\"O que permanece\">Interesse e mem\u00f3ria<\/td>\n          <td data-label=\"O que pode mudar\">Escala e forma de realizar<\/td>\n        <\/tr>\n      <\/tbody>\n    <\/table>\n  <\/div>\n<\/div>\n\n\n\n<h2 class=\"wp-block-heading\">Por que esse verso ainda encontra leitores?<\/h2>\n\n\n\n<p class=\"wp-block-paragraph\">O verso continua pr\u00f3ximo porque muitas mudan\u00e7as despertam a sensa\u00e7\u00e3o de estar deixando uma vers\u00e3o de si para tr\u00e1s. <strong>A autora condensa esse conflito<\/strong> sem oferecer uma f\u00f3rmula. A vida poss\u00edvel n\u00e3o \u00e9 im\u00f3vel, e a identidade pode comportar revis\u00f5es, retornos e escolhas diferentes.<\/p>\n\n\n\n<p class=\"wp-block-paragraph\">Do poema aos recome\u00e7os comuns, a ideia central permanece: <strong>mudar n\u00e3o precisa destruir a continuidade<\/strong>. Reinventar pode ser levar o vivido para outra dire\u00e7\u00e3o, com espa\u00e7o para conservar, ajustar e abandonar. A frase n\u00e3o fecha uma resposta, mas torna poss\u00edvel imaginar quem ainda podemos ser.<\/p>\n","protected":false},"excerpt":{"rendered":"<p>EM FOCO Resumo da mat\u00e9ria 01 Verso dentro de um poema A frase pertence a \u201cReinven\u00e7\u00e3o\u201d, poema publicado no livro Vaga M\u00fasica, em 1940. Vaga M\u00fasica 02 Mudar sem se apagar Reinventar n\u00e3o precisa negar o passado, pois experi\u00eancias anteriores tamb\u00e9m podem ganhar outro lugar e outro sentido. Continuidade 03 Recome\u00e7os cotidianos Trabalho, rela\u00e7\u00f5es e [&hellip;]<\/p>\n","protected":false},"author":30,"featured_media":262020,"comment_status":"open","ping_status":"open","sticky":false,"template":"","format":"standard","meta":{"jnews-multi-image_gallery":[],"jnews_single_post":{"format":"standard"},"jnews_primary_category":[],"jnews_social_meta":[],"jnews_override_counter":[],"footnotes":""},"categories":[8819],"tags":[35987,5407,20704,22704],"class_list":["post-261993","post","type-post","status-publish","format-standard","has-post-thumbnail","hentry","category-curiosidades","tag-cecilia-meireles","tag-poesia","tag-recomecos","tag-reinvencao"],"yoast_head":"<!-- This site is optimized with the Yoast SEO plugin v28.3 - https:\/\/yoast.com\/product\/yoast-seo-wordpress\/ -->\n<title>Para quem acredita que precisa continuar sendo exatamente quem sempre foi, Cec\u00edlia Meireles escreveu: \u201cA vida s\u00f3 \u00e9 poss\u00edvel reinventada\u201d - Estado de Minas - Em foco<\/title>\n<meta name=\"description\" content=\"Continuar sendo exatamente quem sempre fomos nem sempre \u00e9 poss\u00edvel. Entenda a reflex\u00e3o de Cec\u00edlia Meireles sobre mudan\u00e7a, vida e reinven\u00e7\u00e3o.\" \/>\n<meta name=\"robots\" content=\"index, follow, max-snippet:-1, max-image-preview:large, max-video-preview:-1\" \/>\n<link rel=\"canonical\" href=\"https:\/\/www.em.com.br\/emfoco\/2026\/09\/03\/para-quem-acredita-que-precisa-continuar-sendo-exatamente-quem-sempre-foi-cecilia-meireles-escreveu-a-vida-so-e-possivel-reinventada\/\" \/>\n<meta property=\"og:locale\" content=\"pt_BR\" \/>\n<meta property=\"og:type\" content=\"article\" \/>\n<meta property=\"og:title\" content=\"Para quem acredita que precisa continuar sendo exatamente quem sempre foi, Cec\u00edlia Meireles escreveu: \u201cA vida s\u00f3 \u00e9 poss\u00edvel reinventada\u201d - Estado de Minas - Em foco\" \/>\n<meta property=\"og:description\" content=\"Continuar sendo exatamente quem sempre fomos nem sempre \u00e9 poss\u00edvel. Entenda a reflex\u00e3o de Cec\u00edlia Meireles sobre mudan\u00e7a, vida e reinven\u00e7\u00e3o.\" \/>\n<meta property=\"og:url\" content=\"https:\/\/www.em.com.br\/emfoco\/2026\/09\/03\/para-quem-acredita-que-precisa-continuar-sendo-exatamente-quem-sempre-foi-cecilia-meireles-escreveu-a-vida-so-e-possivel-reinventada\/\" \/>\n<meta property=\"og:site_name\" content=\"Estado de Minas - Em foco\" \/>\n<meta property=\"article:published_time\" content=\"2026-09-03T14:27:00+00:00\" \/>\n<meta property=\"og:image\" content=\"https:\/\/www.em.com.br\/emfoco\/wp-content\/uploads\/2026\/09\/celulia.jpg\" \/>\n\t<meta property=\"og:image:width\" content=\"1280\" \/>\n\t<meta property=\"og:image:height\" content=\"720\" \/>\n\t<meta property=\"og:image:type\" content=\"image\/jpeg\" \/>\n<meta name=\"author\" content=\"Guilherme Ara\u00fajo\" \/>\n<meta name=\"twitter:card\" content=\"summary_large_image\" \/>\n<meta name=\"twitter:label1\" content=\"Escrito por\" \/>\n\t<meta name=\"twitter:data1\" content=\"Guilherme Ara\u00fajo\" \/>\n\t<meta name=\"twitter:label2\" content=\"Est. tempo de leitura\" \/>\n\t<meta name=\"twitter:data2\" content=\"6 minutos\" \/>\n<!-- \/ Yoast SEO plugin. -->","yoast_head_json":{"title":"Para quem acredita que precisa continuar sendo exatamente quem sempre foi, Cec\u00edlia Meireles escreveu: \u201cA vida s\u00f3 \u00e9 poss\u00edvel reinventada\u201d - Estado de Minas - Em foco","description":"Continuar sendo exatamente quem sempre fomos nem sempre \u00e9 poss\u00edvel. Entenda a reflex\u00e3o de Cec\u00edlia Meireles sobre mudan\u00e7a, vida e reinven\u00e7\u00e3o.","robots":{"index":"index","follow":"follow","max-snippet":"max-snippet:-1","max-image-preview":"max-image-preview:large","max-video-preview":"max-video-preview:-1"},"canonical":"https:\/\/www.em.com.br\/emfoco\/2026\/09\/03\/para-quem-acredita-que-precisa-continuar-sendo-exatamente-quem-sempre-foi-cecilia-meireles-escreveu-a-vida-so-e-possivel-reinventada\/","og_locale":"pt_BR","og_type":"article","og_title":"Para quem acredita que precisa continuar sendo exatamente quem sempre foi, Cec\u00edlia Meireles escreveu: \u201cA vida s\u00f3 \u00e9 poss\u00edvel reinventada\u201d - Estado de Minas - Em foco","og_description":"Continuar sendo exatamente quem sempre fomos nem sempre \u00e9 poss\u00edvel. Entenda a reflex\u00e3o de Cec\u00edlia Meireles sobre mudan\u00e7a, vida e reinven\u00e7\u00e3o.","og_url":"https:\/\/www.em.com.br\/emfoco\/2026\/09\/03\/para-quem-acredita-que-precisa-continuar-sendo-exatamente-quem-sempre-foi-cecilia-meireles-escreveu-a-vida-so-e-possivel-reinventada\/","og_site_name":"Estado de Minas - Em foco","article_published_time":"2026-09-03T14:27:00+00:00","og_image":[{"width":1280,"height":720,"url":"https:\/\/www.em.com.br\/emfoco\/wp-content\/uploads\/2026\/09\/celulia.jpg","type":"image\/jpeg"}],"author":"Guilherme Ara\u00fajo","twitter_card":"summary_large_image","twitter_misc":{"Escrito por":"Guilherme Ara\u00fajo","Est. tempo de leitura":"6 minutos"},"schema":{"@context":"https:\/\/schema.org","@graph":[{"@type":"Article","@id":"https:\/\/www.em.com.br\/emfoco\/2026\/09\/03\/para-quem-acredita-que-precisa-continuar-sendo-exatamente-quem-sempre-foi-cecilia-meireles-escreveu-a-vida-so-e-possivel-reinventada\/#article","isPartOf":{"@id":"https:\/\/www.em.com.br\/emfoco\/2026\/09\/03\/para-quem-acredita-que-precisa-continuar-sendo-exatamente-quem-sempre-foi-cecilia-meireles-escreveu-a-vida-so-e-possivel-reinventada\/"},"author":{"name":"Guilherme Ara\u00fajo","@id":"https:\/\/www.em.com.br\/emfoco\/#\/schema\/person\/5379e929a4b966c775d121e23f9bb421"},"headline":"Para quem acredita que precisa continuar sendo exatamente quem sempre foi, Cec\u00edlia Meireles escreveu: \u201cA vida s\u00f3 \u00e9 poss\u00edvel reinventada\u201d","datePublished":"2026-09-03T14:27:00+00:00","mainEntityOfPage":{"@id":"https:\/\/www.em.com.br\/emfoco\/2026\/09\/03\/para-quem-acredita-que-precisa-continuar-sendo-exatamente-quem-sempre-foi-cecilia-meireles-escreveu-a-vida-so-e-possivel-reinventada\/"},"wordCount":859,"commentCount":0,"image":{"@id":"https:\/\/www.em.com.br\/emfoco\/2026\/09\/03\/para-quem-acredita-que-precisa-continuar-sendo-exatamente-quem-sempre-foi-cecilia-meireles-escreveu-a-vida-so-e-possivel-reinventada\/#primaryimage"},"thumbnailUrl":"https:\/\/www.em.com.br\/emfoco\/wp-content\/uploads\/2026\/09\/celulia.jpg","keywords":["Cec\u00edlia Meireles","poesia","Recome\u00e7os","Reinven\u00e7\u00e3o"],"articleSection":["Curiosidades"],"inLanguage":"pt-BR","potentialAction":[{"@type":"CommentAction","name":"Comment","target":["https:\/\/www.em.com.br\/emfoco\/2026\/09\/03\/para-quem-acredita-que-precisa-continuar-sendo-exatamente-quem-sempre-foi-cecilia-meireles-escreveu-a-vida-so-e-possivel-reinventada\/#respond"]}]},{"@type":"WebPage","@id":"https:\/\/www.em.com.br\/emfoco\/2026\/09\/03\/para-quem-acredita-que-precisa-continuar-sendo-exatamente-quem-sempre-foi-cecilia-meireles-escreveu-a-vida-so-e-possivel-reinventada\/","url":"https:\/\/www.em.com.br\/emfoco\/2026\/09\/03\/para-quem-acredita-que-precisa-continuar-sendo-exatamente-quem-sempre-foi-cecilia-meireles-escreveu-a-vida-so-e-possivel-reinventada\/","name":"Para quem acredita que precisa continuar sendo exatamente quem sempre foi, Cec\u00edlia Meireles escreveu: \u201cA vida s\u00f3 \u00e9 poss\u00edvel reinventada\u201d - Estado de Minas - Em foco","isPartOf":{"@id":"https:\/\/www.em.com.br\/emfoco\/#website"},"primaryImageOfPage":{"@id":"https:\/\/www.em.com.br\/emfoco\/2026\/09\/03\/para-quem-acredita-que-precisa-continuar-sendo-exatamente-quem-sempre-foi-cecilia-meireles-escreveu-a-vida-so-e-possivel-reinventada\/#primaryimage"},"image":{"@id":"https:\/\/www.em.com.br\/emfoco\/2026\/09\/03\/para-quem-acredita-que-precisa-continuar-sendo-exatamente-quem-sempre-foi-cecilia-meireles-escreveu-a-vida-so-e-possivel-reinventada\/#primaryimage"},"thumbnailUrl":"https:\/\/www.em.com.br\/emfoco\/wp-content\/uploads\/2026\/09\/celulia.jpg","datePublished":"2026-09-03T14:27:00+00:00","author":{"@id":"https:\/\/www.em.com.br\/emfoco\/#\/schema\/person\/5379e929a4b966c775d121e23f9bb421"},"description":"Continuar sendo exatamente quem sempre fomos nem sempre \u00e9 poss\u00edvel. Entenda a reflex\u00e3o de Cec\u00edlia Meireles sobre mudan\u00e7a, vida e reinven\u00e7\u00e3o.","breadcrumb":{"@id":"https:\/\/www.em.com.br\/emfoco\/2026\/09\/03\/para-quem-acredita-que-precisa-continuar-sendo-exatamente-quem-sempre-foi-cecilia-meireles-escreveu-a-vida-so-e-possivel-reinventada\/#breadcrumb"},"inLanguage":"pt-BR","potentialAction":[{"@type":"ReadAction","target":["https:\/\/www.em.com.br\/emfoco\/2026\/09\/03\/para-quem-acredita-que-precisa-continuar-sendo-exatamente-quem-sempre-foi-cecilia-meireles-escreveu-a-vida-so-e-possivel-reinventada\/"]}]},{"@type":"ImageObject","inLanguage":"pt-BR","@id":"https:\/\/www.em.com.br\/emfoco\/2026\/09\/03\/para-quem-acredita-que-precisa-continuar-sendo-exatamente-quem-sempre-foi-cecilia-meireles-escreveu-a-vida-so-e-possivel-reinventada\/#primaryimage","url":"https:\/\/www.em.com.br\/emfoco\/wp-content\/uploads\/2026\/09\/celulia.jpg","contentUrl":"https:\/\/www.em.com.br\/emfoco\/wp-content\/uploads\/2026\/09\/celulia.jpg","width":1280,"height":720,"caption":"Mudar n\u00e3o significa abandonar quem fomos, mas permitir que novas vers\u00f5es tenham espa\u00e7o"},{"@type":"BreadcrumbList","@id":"https:\/\/www.em.com.br\/emfoco\/2026\/09\/03\/para-quem-acredita-que-precisa-continuar-sendo-exatamente-quem-sempre-foi-cecilia-meireles-escreveu-a-vida-so-e-possivel-reinventada\/#breadcrumb","itemListElement":[{"@type":"ListItem","position":1,"name":"In\u00edcio","item":"https:\/\/www.em.com.br\/emfoco\/"},{"@type":"ListItem","position":2,"name":"Para quem acredita que precisa continuar sendo exatamente quem sempre foi, Cec\u00edlia Meireles escreveu: \u201cA vida s\u00f3 \u00e9 poss\u00edvel reinventada\u201d"}]},{"@type":"WebSite","@id":"https:\/\/www.em.com.br\/emfoco\/#website","url":"https:\/\/www.em.com.br\/emfoco\/","name":"Estado de Minas - Em foco","description":"Acompanhe as \u00faltimas not\u00edcias e fique bem informado sobre tudo o que acontece em Minas Gerais, Brasil e no mundo.","potentialAction":[{"@type":"SearchAction","target":{"@type":"EntryPoint","urlTemplate":"https:\/\/www.em.com.br\/emfoco\/?s={search_term_string}"},"query-input":{"@type":"PropertyValueSpecification","valueRequired":true,"valueName":"search_term_string"}}],"inLanguage":"pt-BR"},{"@type":"Person","@id":"https:\/\/www.em.com.br\/emfoco\/#\/schema\/person\/5379e929a4b966c775d121e23f9bb421","name":"Guilherme Ara\u00fajo","image":{"@type":"ImageObject","inLanguage":"pt-BR","@id":"https:\/\/secure.gravatar.com\/avatar\/063bc96e5a2afd1844386c45bd1360efc771eff011a9fab8cd399e2a104c3ecd?s=96&d=mm&r=g","url":"https:\/\/secure.gravatar.com\/avatar\/063bc96e5a2afd1844386c45bd1360efc771eff011a9fab8cd399e2a104c3ecd?s=96&d=mm&r=g","contentUrl":"https:\/\/secure.gravatar.com\/avatar\/063bc96e5a2afd1844386c45bd1360efc771eff011a9fab8cd399e2a104c3ecd?s=96&d=mm&r=g","caption":"Guilherme Ara\u00fajo"},"sameAs":["https:\/\/www.em.com.br\/emfoco"],"url":"https:\/\/www.em.com.br\/emfoco\/author\/guilhermeamyth\/"}]}},"_links":{"self":[{"href":"https:\/\/www.em.com.br\/emfoco\/wp-json\/wp\/v2\/posts\/261993","targetHints":{"allow":["GET"]}}],"collection":[{"href":"https:\/\/www.em.com.br\/emfoco\/wp-json\/wp\/v2\/posts"}],"about":[{"href":"https:\/\/www.em.com.br\/emfoco\/wp-json\/wp\/v2\/types\/post"}],"author":[{"embeddable":true,"href":"https:\/\/www.em.com.br\/emfoco\/wp-json\/wp\/v2\/users\/30"}],"replies":[{"embeddable":true,"href":"https:\/\/www.em.com.br\/emfoco\/wp-json\/wp\/v2\/comments?post=261993"}],"version-history":[{"count":4,"href":"https:\/\/www.em.com.br\/emfoco\/wp-json\/wp\/v2\/posts\/261993\/revisions"}],"predecessor-version":[{"id":262147,"href":"https:\/\/www.em.com.br\/emfoco\/wp-json\/wp\/v2\/posts\/261993\/revisions\/262147"}],"wp:featuredmedia":[{"embeddable":true,"href":"https:\/\/www.em.com.br\/emfoco\/wp-json\/wp\/v2\/media\/262020"}],"wp:attachment":[{"href":"https:\/\/www.em.com.br\/emfoco\/wp-json\/wp\/v2\/media?parent=261993"}],"wp:term":[{"taxonomy":"category","embeddable":true,"href":"https:\/\/www.em.com.br\/emfoco\/wp-json\/wp\/v2\/categories?post=261993"},{"taxonomy":"post_tag","embeddable":true,"href":"https:\/\/www.em.com.br\/emfoco\/wp-json\/wp\/v2\/tags?post=261993"}],"curies":[{"name":"wp","href":"https:\/\/api.w.org\/{rel}","templated":true}]}}