{"id":261992,"date":"2026-09-03T11:07:00","date_gmt":"2026-09-03T14:07:00","guid":{"rendered":"https:\/\/www.em.com.br\/emfoco\/?p=261992"},"modified":"2026-09-02T21:53:40","modified_gmt":"2026-09-03T00:53:40","slug":"para-quem-sofre-antecipadamente-por-coisas-que-talvez-nunca-acontecam-seneca-deixou-esta-frase-sofremos-mais-frequentemente-na-imaginacao-do-que-na-realidade","status":"publish","type":"post","link":"https:\/\/www.em.com.br\/emfoco\/2026\/09\/03\/para-quem-sofre-antecipadamente-por-coisas-que-talvez-nunca-acontecam-seneca-deixou-esta-frase-sofremos-mais-frequentemente-na-imaginacao-do-que-na-realidade\/","title":{"rendered":"Para quem sofre antecipadamente por coisas que talvez nunca aconte\u00e7am, S\u00eaneca deixou esta frase: \u201cSofremos mais frequentemente na imagina\u00e7\u00e3o do que na realidade\u201d"},"content":{"rendered":"\n<div class=\"emf-summary google-auto-ads-ignore\">\n  <style>\n    .emf-summary {\n      --emf-navy:#00245a;\n      --emf-navy-soft:#0b3b70;\n      --emf-ink:#1d2731;\n      --emf-muted:#66727e;\n      --emf-line:#d7dde5;\n      --emf-paper:#ffffff;\n      --emf-wash:#f4f6f8;\n      box-sizing:border-box!important;\n      inline-size:min(1100px,100%)!important;\n      max-inline-size:100%!important;\n      margin-inline:auto!important;\n      overflow:hidden!important;\n      color:var(--emf-ink);\n      background:var(--emf-paper);\n      border:1px solid var(--emf-line);\n      border-block-start:5px solid var(--emf-navy);\n      border-radius:6px!important;\n      box-shadow:0 8px 24px rgba(0,36,90,.08);\n      font-family:Arial,Helvetica,sans-serif;\n    }\n\n    .emf-summary *,\n    .emf-summary *::before,\n    .emf-summary *::after {\n      box-sizing:border-box!important;\n    }\n\n    .emf-summary-brand {\n      display:flex;\n      align-items:center;\n      gap:14px;\n      padding:16px 20px;\n      color:#fff;\n      background:linear-gradient(105deg,var(--emf-navy) 0%,var(--emf-navy-soft) 100%);\n      border-block-end:1px solid rgba(255,255,255,.18);\n    }\n\n    .emf-summary-logo {\n      display:grid;\n      place-items:center;\n      inline-size:58px;\n      block-size:58px;\n      flex:0 0 58px;\n      background:rgba(255,255,255,.08);\n      border:1px solid rgba(255,255,255,.35);\n      border-radius:3px!important;\n    }\n\n    .emf-summary-logo img {\n      display:block;\n      inline-size:46px;\n      block-size:46px;\n      max-inline-size:46px;\n      max-block-size:46px;\n      object-fit:contain;\n    }\n\n    .emf-summary-eyebrow {\n      margin:0 0 3px;\n      font-size:11px;\n      font-weight:700;\n      letter-spacing:.18em;\n      line-height:1.2;\n      text-transform:uppercase;\n      opacity:.78;\n    }\n\n    .emf-summary-title {\n      margin:0;\n      font-family:Georgia,\"Times New Roman\",serif;\n      font-size:25px;\n      font-weight:700;\n      line-height:1.15;\n    }\n\n    .emf-summary-grid {\n      display:grid;\n      grid-template-columns:repeat(3,minmax(0,1fr));\n      gap:0;\n      background:var(--emf-wash);\n    }\n\n    .emf-summary-card {\n      position:relative;\n      min-block-size:190px;\n      padding:24px 20px 20px;\n      overflow:hidden!important;\n      background:#fff;\n      border-inline-end:1px solid var(--emf-line);\n    }\n\n    .emf-summary-card:last-child {\n      border-inline-end:0;\n    }\n\n    .emf-summary-number {\n      position:absolute;\n      inset-block-start:13px;\n      inset-inline-end:15px;\n      color:rgba(0,36,90,.10);\n      font-family:Georgia,\"Times New Roman\",serif;\n      font-size:46px;\n      font-weight:700;\n      line-height:1;\n      pointer-events:none;\n    }\n\n    .emf-summary-card-title {\n      position:relative;\n      z-index:1;\n      margin:0 0 11px;\n      padding-block-end:10px;\n      color:var(--emf-navy);\n      border-block-end:2px solid var(--emf-navy);\n      font-family:Georgia,\"Times New Roman\",serif;\n      font-size:18px;\n      font-weight:700;\n      line-height:1.3;\n      overflow-wrap:anywhere;\n    }\n\n    .emf-summary-card-text {\n      position:relative;\n      z-index:1;\n      color:#485560;\n      font-size:13px;\n      line-height:1.6;\n      overflow-wrap:anywhere;\n    }\n\n    .emf-summary-card-meta {\n      position:relative;\n      z-index:1;\n      display:inline-flex;\n      margin-block-start:16px;\n      padding:5px 8px;\n      color:var(--emf-navy);\n      background:#edf1f5;\n      border:1px solid #d9e0e7;\n      border-radius:2px!important;\n      font-size:10px;\n      font-weight:700;\n      letter-spacing:.08em;\n      line-height:1.2;\n      text-transform:uppercase;\n    }\n\n    @media(max-width:760px) {\n      .emf-summary-grid {\n        grid-template-columns:1fr;\n      }\n\n      .emf-summary-card {\n        min-block-size:0;\n        border-inline-end:0;\n        border-block-end:1px solid var(--emf-line);\n      }\n\n      .emf-summary-card:last-child {\n        border-block-end:0;\n      }\n    }\n\n    @media(max-width:480px) {\n      .emf-summary-brand {\n        padding:14px 15px;\n      }\n\n      .emf-summary-logo {\n        inline-size:52px;\n        block-size:52px;\n        flex-basis:52px;\n      }\n\n      .emf-summary-logo img {\n        inline-size:41px;\n        block-size:41px;\n        max-inline-size:41px;\n        max-block-size:41px;\n      }\n\n      .emf-summary-title {\n        font-size:22px;\n      }\n\n      .emf-summary-card {\n        padding:21px 16px 18px;\n      }\n    }\n  <\/style>\n\n  <div class=\"emf-summary-brand\">\n    <div class=\"emf-summary-logo\">\n      <img\n        alt=\"Logo EM Foco\"\n        decoding=\"async\"\n        fetchpriority=\"high\"\n        height=\"46\"\n        loading=\"eager\"\n        referrerpolicy=\"no-referrer\"\n        src=\"https:\/\/www.em.com.br\/emfoco\/wp-content\/uploads\/2026\/08\/em_transparente_3000px-scaled.png\"\n        width=\"46\"\n      >\n    <\/div>\n\n    <div>\n      <div class=\"emf-summary-eyebrow\">EM FOCO<\/div>\n      <div class=\"emf-summary-title\">Resumo da mat\u00e9ria<\/div>\n    <\/div>\n  <\/div>\n\n  <div class=\"emf-summary-grid\">\n    <div class=\"emf-summary-card\">\n      <span aria-hidden=\"true\" class=\"emf-summary-number\">01<\/span>\n      <div aria-level=\"3\" class=\"emf-summary-card-title\" role=\"heading\">\n        O medo chega primeiro\n      <\/div>\n      <div class=\"emf-summary-card-text\">\n        O autor observa que previs\u00f5es assustadoras podem causar sofrimento antes de qualquer perigo realmente se apresentar.\n      <\/div>\n      <div class=\"emf-summary-card-meta\">\n        Carta 13\n      <\/div>\n    <\/div>\n    <div class=\"emf-summary-card\">\n      <span aria-hidden=\"true\" class=\"emf-summary-number\">02<\/span>\n      <div aria-level=\"3\" class=\"emf-summary-card-title\" role=\"heading\">\n        Realidade n\u00e3o \u00e9 negada\n      <\/div>\n      <div class=\"emf-summary-card-text\">\n        A frase n\u00e3o diminui problemas concretos, mas questiona a certeza dada a cen\u00e1rios que ainda dependem do futuro.\n      <\/div>\n      <div class=\"emf-summary-card-meta\">\n        Limite importante\n      <\/div>\n    <\/div>\n    <div class=\"emf-summary-card\">\n      <span aria-hidden=\"true\" class=\"emf-summary-number\">03<\/span>\n      <div aria-level=\"3\" class=\"emf-summary-card-title\" role=\"heading\">\n        Presente como medida\n      <\/div>\n      <div class=\"emf-summary-card-text\">\n        Separar fatos, suposi\u00e7\u00f5es e respostas poss\u00edveis ajuda a devolver cada preocupa\u00e7\u00e3o ao tempo a que ela pertence.\n      <\/div>\n      <div class=\"emf-summary-card-meta\">\n        Leitura pr\u00e1tica\n      <\/div>\n    <\/div>\n  <\/div>\n<\/div>\n\n\n\n<p class=\"wp-block-paragraph\">Diante de perigos que ainda n\u00e3o chegaram, o fil\u00f3sofo romano <strong>S\u00eaneca<\/strong> deixou uma frase sobre o <strong>medo antecipado<\/strong>. Na Carta 13 a Luc\u00edlio, ele explica que a imagina\u00e7\u00e3o pode produzir sofrimento antes dos fatos, sem negar que problemas reais existem e precisam ser enfrentados no momento certo e com mais clareza.<\/p>\n\n\n\n<h2 class=\"wp-block-heading\">Em que contexto S\u00eaneca escreveu essa frase?<\/h2>\n\n\n\n<p class=\"wp-block-paragraph\">A frase aparece na <strong>Carta 13 a Luc\u00edlio<\/strong>, intitulada \u201cSobre medos sem fundamento\u201d na tradu\u00e7\u00e3o inglesa consultada. O autor, apresentado como um importante <a href=\"https:\/\/pt.wikipedia.org\/wiki\/S%C3%A9neca\" target=\"_blank\" rel=\"noopener noreferrer\"><strong>fil\u00f3sofo estoico romano<\/strong><\/a>, escreve a um amigo sobre coragem, incerteza e dificuldades que ainda n\u00e3o aconteceram.<\/p>\n\n\n\n<p class=\"wp-block-paragraph\">O ponto de partida n\u00e3o \u00e9 uma vida protegida de perdas. <strong>O fil\u00f3sofo reconhece dificuldades reais<\/strong> e lembra que a firmeza \u00e9 testada quando elas chegam. Sua cr\u00edtica se dirige ao sofrimento criado antes da crise, quando uma possibilidade futura \u00e9 tratada como fato confirmado no presente.<\/p>\n\n\n<div class=\"wp-block-image\">\n<figure class=\"aligncenter size-large\"><img decoding=\"async\" width=\"1024\" height=\"576\" src=\"https:\/\/www.em.com.br\/emfoco\/wp-content\/uploads\/2026\/09\/mente-1-1024x576.jpg\" alt=\"\" class=\"wp-image-262017\" srcset=\"https:\/\/www.em.com.br\/emfoco\/wp-content\/uploads\/2026\/09\/mente-1-1024x576.jpg 1024w, https:\/\/www.em.com.br\/emfoco\/wp-content\/uploads\/2026\/09\/mente-1-300x169.jpg 300w, https:\/\/www.em.com.br\/emfoco\/wp-content\/uploads\/2026\/09\/mente-1-768x432.jpg 768w, https:\/\/www.em.com.br\/emfoco\/wp-content\/uploads\/2026\/09\/mente-1-750x421.jpg 750w, https:\/\/www.em.com.br\/emfoco\/wp-content\/uploads\/2026\/09\/mente-1-1140x641.jpg 1140w, https:\/\/www.em.com.br\/emfoco\/wp-content\/uploads\/2026\/09\/mente-1.jpg 1280w\" sizes=\"(max-width: 1024px) 100vw, 1024px\" \/><figcaption class=\"wp-element-caption\">A imagina\u00e7\u00e3o pode transformar possibilidades distantes em preocupa\u00e7\u00f5es que parecem presentes<\/figcaption><\/figure>\n<\/div>\n\n\n<h2 class=\"wp-block-heading\">O que significa sofrer mais na imagina\u00e7\u00e3o?<\/h2>\n\n\n\n<p class=\"wp-block-paragraph\">Sofrer na imagina\u00e7\u00e3o \u00e9 <strong>reagir a uma previs\u00e3o como se ela j\u00e1 fosse realidade<\/strong>. Uma conversa dif\u00edcil, uma resposta que demora ou uma mudan\u00e7a incerta podem ganhar desfechos completos na mente. O corpo est\u00e1 no presente, mas o pensamento j\u00e1 vive uma perda que talvez nunca ocorra.<\/p>\n\n\n\n<p class=\"wp-block-paragraph\">Essa leitura combina com a explica\u00e7\u00e3o da <a href=\"https:\/\/plato.stanford.edu\/entries\/seneca\/\" target=\"_blank\" rel=\"noopener noreferrer\"><strong>Enciclop\u00e9dia de Filosofia de Stanford<\/strong><\/a> sobre as impress\u00f5es no estoicismo. Para essa tradi\u00e7\u00e3o, uma impress\u00e3o pode ser aceita, negada ou deixada em suspenso. Portanto, sentir o primeiro alarme n\u00e3o obriga ningu\u00e9m a transformar sua hip\u00f3tese em certeza.<\/p>\n\n\n\n<h2 class=\"wp-block-heading\">Como essa frase separa fato e previs\u00e3o?<\/h2>\n\n\n\n<p class=\"wp-block-paragraph\">A distin\u00e7\u00e3o come\u00e7a com uma pergunta simples: <strong>o que est\u00e1 acontecendo agora<\/strong>? Um fato tem sinais presentes e verific\u00e1veis. Uma previs\u00e3o usa palavras como \u201cvai\u201d, \u201ccertamente\u201d ou \u201cn\u00e3o haver\u00e1 sa\u00edda\u201d, embora ainda dependa de acontecimentos que n\u00e3o controlamos nem conhecemos por inteiro.<\/p>\n\n\n\n<p class=\"wp-block-paragraph\">Depois vem outra pergunta: <strong>h\u00e1 algo poss\u00edvel de fazer hoje<\/strong>? Se existe uma a\u00e7\u00e3o concreta, ela pode receber aten\u00e7\u00e3o. Se nada pode ser decidido agora, o conselho filos\u00f3fico convida a suspender a senten\u00e7a sobre o futuro, sem fingir tranquilidade nem declarar vit\u00f3ria antes do tempo.<\/p>\n\n\n\n<p class=\"myth-list-bridge wp-block-paragraph\">A seguir listamos <strong>quatro perguntas de leitura<\/strong> que ajudam a distinguir o presente da previs\u00e3o:<\/p>\n\n\n\n<ul class=\"wp-block-list myth-bullet-list\">\n<li><strong>Fato presente:<\/strong> qual informa\u00e7\u00e3o j\u00e1 pode ser observada ou confirmada?<\/li>\n\n\n\n<li><strong>Hip\u00f3tese futura:<\/strong> qual parte foi completada apenas pela imagina\u00e7\u00e3o?<\/li>\n\n\n\n<li><strong>A\u00e7\u00e3o poss\u00edvel:<\/strong> existe alguma provid\u00eancia concreta que cabe hoje?<\/li>\n\n\n\n<li><strong>Espera necess\u00e1ria:<\/strong> o que s\u00f3 poder\u00e1 ser conhecido quando o tempo passar?<\/li>\n<\/ul>\n\n\n\n<p class=\"wp-block-paragraph\"><strong>Leia tamb\u00e9m: <a href=\"https:\/\/www.em.com.br\/emfoco\/2026\/09\/02\/guimaraes-rosa-resumiu-o-que-precisamos-quando-o-medo-tenta-decidir-por-nos-o-que-a-vida-quer-da-gente-e-coragem\/\" target=\"_blank\" rel=\"noreferrer noopener\">Guimar\u00e3es Rosa resumiu o que precisamos quando o medo tenta decidir por n\u00f3s: \u201cO que a vida quer da gente \u00e9 coragem\u201d<\/a><\/strong><\/p>\n\n\n<div class=\"wp-block-image\">\n<figure class=\"aligncenter size-large\"><img decoding=\"async\" width=\"1024\" height=\"576\" src=\"https:\/\/www.em.com.br\/emfoco\/wp-content\/uploads\/2026\/09\/quarto-1024x576.jpg\" alt=\"\" class=\"wp-image-262018\" srcset=\"https:\/\/www.em.com.br\/emfoco\/wp-content\/uploads\/2026\/09\/quarto-1024x576.jpg 1024w, https:\/\/www.em.com.br\/emfoco\/wp-content\/uploads\/2026\/09\/quarto-300x169.jpg 300w, https:\/\/www.em.com.br\/emfoco\/wp-content\/uploads\/2026\/09\/quarto-768x432.jpg 768w, https:\/\/www.em.com.br\/emfoco\/wp-content\/uploads\/2026\/09\/quarto-750x421.jpg 750w, https:\/\/www.em.com.br\/emfoco\/wp-content\/uploads\/2026\/09\/quarto-1140x641.jpg 1140w, https:\/\/www.em.com.br\/emfoco\/wp-content\/uploads\/2026\/09\/quarto.jpg 1280w\" sizes=\"(max-width: 1024px) 100vw, 1024px\" \/><figcaption class=\"wp-element-caption\">A frase chama aten\u00e7\u00e3o para o sofrimento criado antes mesmo de algo realmente acontecer<\/figcaption><\/figure>\n<\/div>\n\n\n<h2 class=\"wp-block-heading\">O que muda quando um problema realmente existe?<\/h2>\n\n\n\n<p class=\"wp-block-paragraph\">Quando o problema j\u00e1 est\u00e1 presente, a frase n\u00e3o manda ignor\u00e1-lo. Ela prop\u00f5e <strong>retirar o excesso criado pela antecipa\u00e7\u00e3o<\/strong> e olhar para o tamanho real da tarefa. Assim, uma dificuldade deixa de carregar tamb\u00e9m todas as vers\u00f5es piores que poderiam, mas n\u00e3o necessariamente v\u00e3o, acontecer.<\/p>\n\n\n\n<p class=\"wp-block-paragraph\">Tamb\u00e9m existe um limite importante: <strong>nem todo sofrimento \u00e9 imagin\u00e1rio<\/strong>. Perdas, conflitos e decis\u00f5es dif\u00edceis pedem resposta compat\u00edvel com cada situa\u00e7\u00e3o. O conselho filos\u00f3fico serve para examinar julgamentos precipitados, n\u00e3o para culpar quem sente medo ou diminuir uma experi\u00eancia concreta.<\/p>\n\n\n\n<p class=\"myth-html-bridge wp-block-paragraph\">A seguir listamos <strong>tr\u00eas situa\u00e7\u00f5es poss\u00edveis<\/strong> que mostram como aplicar essa diferen\u00e7a sem apagar a realidade:<\/p>\n\n\n\n<div class=\"emf-data-table google-auto-ads-ignore\">\n  <style>\n    .emf-data-table {\n      --emf-navy:#00245a;\n      --emf-navy-soft:#0b3b70;\n      --emf-ink:#1d2731;\n      --emf-muted:#66727e;\n      --emf-line:#d7dde5;\n      --emf-wash:#f4f6f8;\n      box-sizing:border-box!important;\n      inline-size:min(1100px,100%)!important;\n      max-inline-size:100%!important;\n      margin-inline:auto!important;\n      overflow:hidden!important;\n      color:var(--emf-ink);\n      background:#fff;\n      border:1px solid var(--emf-line);\n      border-radius:6px!important;\n      box-shadow:0 8px 24px rgba(0,36,90,.08);\n      font-family:Arial,Helvetica,sans-serif;\n    }\n\n    .emf-data-table *,\n    .emf-data-table *::before,\n    .emf-data-table *::after {\n      box-sizing:border-box!important;\n    }\n\n    .emf-data-table-brand {\n      display:flex;\n      align-items:center;\n      gap:13px;\n      min-block-size:72px;\n      padding:10px 17px;\n      color:#fff;\n      background:linear-gradient(105deg,var(--emf-navy) 0%,var(--emf-navy-soft) 100%);\n      border-block-end:4px solid #c5ced8;\n    }\n\n    .emf-data-table-logo {\n      display:grid;\n      place-items:center;\n      inline-size:52px;\n      block-size:52px;\n      flex:0 0 52px;\n      background:rgba(255,255,255,.08);\n      border:1px solid rgba(255,255,255,.35);\n      border-radius:3px!important;\n    }\n\n    .emf-data-table-logo img {\n      display:block;\n      inline-size:41px;\n      block-size:41px;\n      max-inline-size:41px;\n      max-block-size:41px;\n      object-fit:contain;\n    }\n\n    .emf-data-table-kicker {\n      margin:0 0 2px;\n      font-size:10px;\n      font-weight:700;\n      letter-spacing:.16em;\n      line-height:1.2;\n      text-transform:uppercase;\n      opacity:.78;\n    }\n\n    .emf-data-table-title {\n      margin:0;\n      font-family:Georgia,\"Times New Roman\",serif;\n      font-size:21px;\n      font-weight:700;\n      line-height:1.2;\n    }\n\n    .emf-data-table-scroll {\n      display:block!important;\n      inline-size:100%!important;\n      max-inline-size:100%!important;\n      overflow-x:auto!important;\n      overflow-y:hidden!important;\n      -webkit-overflow-scrolling:touch;\n      overscroll-behavior-inline:contain;\n      scrollbar-width:thin;\n      scrollbar-color:#8798aa #edf1f5;\n    }\n\n    .emf-data-table-scroll:focus-visible {\n      outline:3px solid rgba(0,36,90,.35);\n      outline-offset:-3px;\n    }\n\n    .emf-data-table table {\n      display:table!important;\n      inline-size:100%!important;\n      min-inline-size:680px!important;\n      max-inline-size:none!important;\n      margin:0!important;\n      border:0!important;\n      border-collapse:separate!important;\n      border-spacing:0!important;\n      table-layout:auto!important;\n      background:#fff!important;\n    }\n\n    .emf-data-table caption {\n      position:absolute!important;\n      inline-size:1px!important;\n      block-size:1px!important;\n      padding:0!important;\n      margin:-1px!important;\n      overflow:hidden!important;\n      clip:rect(0,0,0,0)!important;\n      white-space:nowrap!important;\n      border:0!important;\n    }\n\n    .emf-data-table thead {\n      display:table-header-group!important;\n    }\n\n    .emf-data-table tbody {\n      display:table-row-group!important;\n    }\n\n    .emf-data-table tr {\n      display:table-row!important;\n    }\n\n    .emf-data-table th,\n    .emf-data-table td {\n      display:table-cell!important;\n      float:none!important;\n      inline-size:auto!important;\n      max-inline-size:none!important;\n      margin:0!important;\n      border-radius:0!important;\n      text-align:left!important;\n      vertical-align:middle!important;\n    }\n\n    .emf-data-table th {\n      padding:14px 17px!important;\n      color:#fff!important;\n      background:var(--emf-navy)!important;\n      border-block-end:1px solid rgba(255,255,255,.22)!important;\n      border-inline-end:1px solid rgba(255,255,255,.12)!important;\n      font-family:Georgia,\"Times New Roman\",serif;\n      font-size:14px!important;\n      font-weight:700!important;\n      line-height:1.35!important;\n      white-space:nowrap!important;\n    }\n\n    .emf-data-table th:last-child {\n      border-inline-end:0!important;\n    }\n\n    .emf-data-table td {\n      padding:14px 17px!important;\n      color:#43515e!important;\n      background:#fff!important;\n      border-block-end:1px solid var(--emf-line)!important;\n      font-size:14px!important;\n      font-weight:400!important;\n      line-height:1.5!important;\n      overflow-wrap:anywhere;\n    }\n\n    .emf-data-table tbody tr:nth-child(even) td {\n      background:var(--emf-wash)!important;\n    }\n\n    .emf-data-table tbody tr:hover td {\n      background:#eaf0f5!important;\n    }\n\n    .emf-data-table tbody tr:last-child td {\n      border-block-end:0!important;\n    }\n\n    .emf-data-table td:first-child {\n      color:var(--emf-navy)!important;\n      font-weight:700!important;\n    }\n\n    @media(max-width:560px) {\n      .emf-data-table-brand {\n        min-block-size:68px;\n        padding:9px 13px;\n      }\n\n      .emf-data-table-title {\n        font-size:19px;\n      }\n\n      .emf-data-table-scroll {\n        overflow:visible!important;\n      }\n\n      .emf-data-table table,\n      .emf-data-table thead,\n      .emf-data-table tbody,\n      .emf-data-table tr,\n      .emf-data-table th,\n      .emf-data-table td {\n        display:block!important;\n        inline-size:100%!important;\n        min-inline-size:0!important;\n        max-inline-size:100%!important;\n      }\n\n      .emf-data-table table {\n        padding:13px!important;\n      }\n\n      .emf-data-table thead {\n        position:absolute!important;\n        inline-size:1px!important;\n        block-size:1px!important;\n        padding:0!important;\n        margin:-1px!important;\n        overflow:hidden!important;\n        clip:rect(0,0,0,0)!important;\n        white-space:nowrap!important;\n      }\n\n      .emf-data-table tbody {\n        display:grid!important;\n        gap:11px;\n      }\n\n      .emf-data-table tr {\n        overflow:hidden!important;\n        background:#fff!important;\n        border:1px solid var(--emf-line)!important;\n        border-block-start:4px solid var(--emf-navy)!important;\n        border-radius:4px!important;\n        box-shadow:0 4px 12px rgba(0,36,90,.06);\n      }\n\n      .emf-data-table td,\n      .emf-data-table tbody tr:nth-child(even) td,\n      .emf-data-table tbody tr:hover td {\n        display:grid!important;\n        grid-template-columns:minmax(105px,38%) minmax(0,1fr)!important;\n        align-items:start;\n        gap:11px;\n        padding:11px 12px!important;\n        background:#fff!important;\n        border-block-end:1px solid #e2e7ec!important;\n      }\n\n      .emf-data-table td::before {\n        content:attr(data-label);\n        color:var(--emf-muted);\n        font-size:10px;\n        font-weight:700;\n        letter-spacing:.06em;\n        line-height:1.35;\n        text-transform:uppercase;\n      }\n\n      .emf-data-table td:first-child {\n        color:var(--emf-navy)!important;\n        background:#edf1f5!important;\n      }\n\n      .emf-data-table td:last-child {\n        border-block-end:0!important;\n      }\n    }\n  <\/style>\n\n  <div class=\"emf-data-table-brand\">\n    <div class=\"emf-data-table-logo\">\n      <img\n        alt=\"Logo EM Foco\"\n        decoding=\"async\"\n        height=\"41\"\n        loading=\"lazy\"\n        referrerpolicy=\"no-referrer\"\n        src=\"https:\/\/www.em.com.br\/emfoco\/wp-content\/uploads\/2026\/08\/em_transparente_3000px-scaled.png\"\n        width=\"41\"\n      >\n    <\/div>\n\n    <div>\n      <div class=\"emf-data-table-kicker\">DADOS EM FOCO<\/div>\n      <div class=\"emf-data-table-title\">Fato, previs\u00e3o e resposta<\/div>\n    <\/div>\n  <\/div>\n\n  <div aria-label=\"Tabela que compara situa\u00e7\u00f5es presentes, previs\u00f5es e respostas poss\u00edveis\" class=\"emf-data-table-scroll\" role=\"region\" tabindex=\"0\">\n    <table>\n      <caption>Diferen\u00e7as entre um fato presente, uma previs\u00e3o incerta e uma resposta poss\u00edvel.<\/caption>\n      <thead>\n        <tr>\n          <th scope=\"col\">Situa\u00e7\u00e3o<\/th>\n          <th scope=\"col\">Leitura precipitada<\/th>\n          <th scope=\"col\">Resposta poss\u00edvel<\/th>\n        <\/tr>\n      <\/thead>\n      <tbody>\n        <tr>\n          <td data-label=\"Situa\u00e7\u00e3o\">Resposta atrasada<\/td>\n          <td data-label=\"Leitura precipitada\">Algo ruim certamente ocorreu<\/td>\n          <td data-label=\"Resposta poss\u00edvel\">Esperar ou pedir confirma\u00e7\u00e3o<\/td>\n        <\/tr>\n        <tr>\n          <td data-label=\"Situa\u00e7\u00e3o\">Mudan\u00e7a anunciada<\/td>\n          <td data-label=\"Leitura precipitada\">Tudo dar\u00e1 errado<\/td>\n          <td data-label=\"Resposta poss\u00edvel\">Separar decis\u00f5es e d\u00favidas<\/td>\n        <\/tr>\n        <tr>\n          <td data-label=\"Situa\u00e7\u00e3o\">Problema confirmado<\/td>\n          <td data-label=\"Leitura precipitada\">O pior ser\u00e1 inevit\u00e1vel<\/td>\n          <td data-label=\"Resposta poss\u00edvel\">Agir sobre a parte concreta<\/td>\n        <\/tr>\n      <\/tbody>\n    <\/table>\n  <\/div>\n<\/div>\n\n\n\n<h2 class=\"wp-block-heading\">Por que esse ensinamento continua atual?<\/h2>\n\n\n\n<p class=\"wp-block-paragraph\">A frase permanece reconhec\u00edvel porque a <strong>mente completa informa\u00e7\u00f5es ausentes<\/strong> com muita rapidez. Mensagens sem resposta, planos profissionais e rela\u00e7\u00f5es afetivas oferecem espa\u00e7o para previs\u00f5es. O fil\u00f3sofo n\u00e3o promete controlar o futuro, mas lembra que imaginar um desfecho n\u00e3o equivale a receber uma not\u00edcia sobre ele.<\/p>\n\n\n\n<p class=\"wp-block-paragraph\">Da Carta 13 \u00e0 vida cotidiana, o caminho \u00e9 o mesmo: <strong>distinguir perigo, previs\u00e3o e a\u00e7\u00e3o<\/strong>. O futuro continuar\u00e1 incerto, por\u00e9m n\u00e3o precisa ser vivido inteiro antes de chegar. Essa \u00e9 a for\u00e7a da formula\u00e7\u00e3o, devolver ao presente apenas o peso que realmente pertence a ele.<\/p>\n","protected":false},"excerpt":{"rendered":"<p>EM FOCO Resumo da mat\u00e9ria 01 O medo chega primeiro O autor observa que previs\u00f5es assustadoras podem causar sofrimento antes de qualquer perigo realmente se apresentar. Carta 13 02 Realidade n\u00e3o \u00e9 negada A frase n\u00e3o diminui problemas concretos, mas questiona a certeza dada a cen\u00e1rios que ainda dependem do futuro. Limite importante 03 Presente [&hellip;]<\/p>\n","protected":false},"author":30,"featured_media":262015,"comment_status":"open","ping_status":"open","sticky":false,"template":"","format":"standard","meta":{"jnews-multi-image_gallery":[],"jnews_single_post":{"format":"standard"},"jnews_primary_category":[],"jnews_social_meta":[],"jnews_override_counter":[],"footnotes":""},"categories":[8819,1],"tags":[20925,5023,30754],"class_list":["post-261992","post","type-post","status-publish","format-standard","has-post-thumbnail","hentry","category-curiosidades","category-noticias","tag-estoicismo","tag-medo","tag-seneca"],"yoast_head":"<!-- This site is optimized with the Yoast SEO plugin v28.3 - https:\/\/yoast.com\/product\/yoast-seo-wordpress\/ -->\n<title>Para quem sofre antecipadamente por coisas que talvez nunca aconte\u00e7am, S\u00eaneca deixou esta frase: \u201cSofremos mais frequentemente na imagina\u00e7\u00e3o do que na realidade\u201d - Estado de Minas - Em foco<\/title>\n<meta name=\"description\" content=\"Antes mesmo de o problema existir, a mente pode criar cen\u00e1rios e sofrimento. Entenda a reflex\u00e3o de S\u00eaneca sobre medo, imagina\u00e7\u00e3o e o real.\" \/>\n<meta name=\"robots\" content=\"index, follow, max-snippet:-1, max-image-preview:large, max-video-preview:-1\" \/>\n<link rel=\"canonical\" href=\"https:\/\/www.em.com.br\/emfoco\/2026\/09\/03\/para-quem-sofre-antecipadamente-por-coisas-que-talvez-nunca-acontecam-seneca-deixou-esta-frase-sofremos-mais-frequentemente-na-imaginacao-do-que-na-realidade\/\" \/>\n<meta property=\"og:locale\" content=\"pt_BR\" \/>\n<meta property=\"og:type\" content=\"article\" \/>\n<meta property=\"og:title\" content=\"Para quem sofre antecipadamente por coisas que talvez nunca aconte\u00e7am, S\u00eaneca deixou esta frase: \u201cSofremos mais frequentemente na imagina\u00e7\u00e3o do que na realidade\u201d - Estado de Minas - Em foco\" \/>\n<meta property=\"og:description\" content=\"Antes mesmo de o problema existir, a mente pode criar cen\u00e1rios e sofrimento. Entenda a reflex\u00e3o de S\u00eaneca sobre medo, imagina\u00e7\u00e3o e o real.\" \/>\n<meta property=\"og:url\" content=\"https:\/\/www.em.com.br\/emfoco\/2026\/09\/03\/para-quem-sofre-antecipadamente-por-coisas-que-talvez-nunca-acontecam-seneca-deixou-esta-frase-sofremos-mais-frequentemente-na-imaginacao-do-que-na-realidade\/\" \/>\n<meta property=\"og:site_name\" content=\"Estado de Minas - Em foco\" \/>\n<meta property=\"article:published_time\" content=\"2026-09-03T14:07:00+00:00\" \/>\n<meta property=\"og:image\" content=\"https:\/\/www.em.com.br\/emfoco\/wp-content\/uploads\/2026\/09\/socratas.jpg\" \/>\n\t<meta property=\"og:image:width\" content=\"1280\" \/>\n\t<meta property=\"og:image:height\" content=\"720\" \/>\n\t<meta property=\"og:image:type\" content=\"image\/jpeg\" \/>\n<meta name=\"author\" content=\"Guilherme Ara\u00fajo\" \/>\n<meta name=\"twitter:card\" content=\"summary_large_image\" \/>\n<meta name=\"twitter:label1\" content=\"Escrito por\" \/>\n\t<meta name=\"twitter:data1\" content=\"Guilherme Ara\u00fajo\" \/>\n\t<meta name=\"twitter:label2\" content=\"Est. tempo de leitura\" \/>\n\t<meta name=\"twitter:data2\" content=\"6 minutos\" \/>\n<!-- \/ Yoast SEO plugin. -->","yoast_head_json":{"title":"Para quem sofre antecipadamente por coisas que talvez nunca aconte\u00e7am, S\u00eaneca deixou esta frase: \u201cSofremos mais frequentemente na imagina\u00e7\u00e3o do que na realidade\u201d - Estado de Minas - Em foco","description":"Antes mesmo de o problema existir, a mente pode criar cen\u00e1rios e sofrimento. Entenda a reflex\u00e3o de S\u00eaneca sobre medo, imagina\u00e7\u00e3o e o real.","robots":{"index":"index","follow":"follow","max-snippet":"max-snippet:-1","max-image-preview":"max-image-preview:large","max-video-preview":"max-video-preview:-1"},"canonical":"https:\/\/www.em.com.br\/emfoco\/2026\/09\/03\/para-quem-sofre-antecipadamente-por-coisas-que-talvez-nunca-acontecam-seneca-deixou-esta-frase-sofremos-mais-frequentemente-na-imaginacao-do-que-na-realidade\/","og_locale":"pt_BR","og_type":"article","og_title":"Para quem sofre antecipadamente por coisas que talvez nunca aconte\u00e7am, S\u00eaneca deixou esta frase: \u201cSofremos mais frequentemente na imagina\u00e7\u00e3o do que na realidade\u201d - Estado de Minas - Em foco","og_description":"Antes mesmo de o problema existir, a mente pode criar cen\u00e1rios e sofrimento. Entenda a reflex\u00e3o de S\u00eaneca sobre medo, imagina\u00e7\u00e3o e o real.","og_url":"https:\/\/www.em.com.br\/emfoco\/2026\/09\/03\/para-quem-sofre-antecipadamente-por-coisas-que-talvez-nunca-acontecam-seneca-deixou-esta-frase-sofremos-mais-frequentemente-na-imaginacao-do-que-na-realidade\/","og_site_name":"Estado de Minas - Em foco","article_published_time":"2026-09-03T14:07:00+00:00","og_image":[{"width":1280,"height":720,"url":"https:\/\/www.em.com.br\/emfoco\/wp-content\/uploads\/2026\/09\/socratas.jpg","type":"image\/jpeg"}],"author":"Guilherme Ara\u00fajo","twitter_card":"summary_large_image","twitter_misc":{"Escrito por":"Guilherme Ara\u00fajo","Est. tempo de leitura":"6 minutos"},"schema":{"@context":"https:\/\/schema.org","@graph":[{"@type":"Article","@id":"https:\/\/www.em.com.br\/emfoco\/2026\/09\/03\/para-quem-sofre-antecipadamente-por-coisas-que-talvez-nunca-acontecam-seneca-deixou-esta-frase-sofremos-mais-frequentemente-na-imaginacao-do-que-na-realidade\/#article","isPartOf":{"@id":"https:\/\/www.em.com.br\/emfoco\/2026\/09\/03\/para-quem-sofre-antecipadamente-por-coisas-que-talvez-nunca-acontecam-seneca-deixou-esta-frase-sofremos-mais-frequentemente-na-imaginacao-do-que-na-realidade\/"},"author":{"name":"Guilherme Ara\u00fajo","@id":"https:\/\/www.em.com.br\/emfoco\/#\/schema\/person\/5379e929a4b966c775d121e23f9bb421"},"headline":"Para quem sofre antecipadamente por coisas que talvez nunca aconte\u00e7am, S\u00eaneca deixou esta frase: \u201cSofremos mais frequentemente na imagina\u00e7\u00e3o do que na realidade\u201d","datePublished":"2026-09-03T14:07:00+00:00","mainEntityOfPage":{"@id":"https:\/\/www.em.com.br\/emfoco\/2026\/09\/03\/para-quem-sofre-antecipadamente-por-coisas-que-talvez-nunca-acontecam-seneca-deixou-esta-frase-sofremos-mais-frequentemente-na-imaginacao-do-que-na-realidade\/"},"wordCount":896,"commentCount":0,"image":{"@id":"https:\/\/www.em.com.br\/emfoco\/2026\/09\/03\/para-quem-sofre-antecipadamente-por-coisas-que-talvez-nunca-acontecam-seneca-deixou-esta-frase-sofremos-mais-frequentemente-na-imaginacao-do-que-na-realidade\/#primaryimage"},"thumbnailUrl":"https:\/\/www.em.com.br\/emfoco\/wp-content\/uploads\/2026\/09\/socratas.jpg","keywords":["estoicismo","medo","S\u00eaneca"],"articleSection":["Curiosidades","Not\u00edcias"],"inLanguage":"pt-BR","potentialAction":[{"@type":"CommentAction","name":"Comment","target":["https:\/\/www.em.com.br\/emfoco\/2026\/09\/03\/para-quem-sofre-antecipadamente-por-coisas-que-talvez-nunca-acontecam-seneca-deixou-esta-frase-sofremos-mais-frequentemente-na-imaginacao-do-que-na-realidade\/#respond"]}]},{"@type":"WebPage","@id":"https:\/\/www.em.com.br\/emfoco\/2026\/09\/03\/para-quem-sofre-antecipadamente-por-coisas-que-talvez-nunca-acontecam-seneca-deixou-esta-frase-sofremos-mais-frequentemente-na-imaginacao-do-que-na-realidade\/","url":"https:\/\/www.em.com.br\/emfoco\/2026\/09\/03\/para-quem-sofre-antecipadamente-por-coisas-que-talvez-nunca-acontecam-seneca-deixou-esta-frase-sofremos-mais-frequentemente-na-imaginacao-do-que-na-realidade\/","name":"Para quem sofre antecipadamente por coisas que talvez nunca aconte\u00e7am, S\u00eaneca deixou esta frase: \u201cSofremos mais frequentemente na imagina\u00e7\u00e3o do que na realidade\u201d - Estado de Minas - Em foco","isPartOf":{"@id":"https:\/\/www.em.com.br\/emfoco\/#website"},"primaryImageOfPage":{"@id":"https:\/\/www.em.com.br\/emfoco\/2026\/09\/03\/para-quem-sofre-antecipadamente-por-coisas-que-talvez-nunca-acontecam-seneca-deixou-esta-frase-sofremos-mais-frequentemente-na-imaginacao-do-que-na-realidade\/#primaryimage"},"image":{"@id":"https:\/\/www.em.com.br\/emfoco\/2026\/09\/03\/para-quem-sofre-antecipadamente-por-coisas-que-talvez-nunca-acontecam-seneca-deixou-esta-frase-sofremos-mais-frequentemente-na-imaginacao-do-que-na-realidade\/#primaryimage"},"thumbnailUrl":"https:\/\/www.em.com.br\/emfoco\/wp-content\/uploads\/2026\/09\/socratas.jpg","datePublished":"2026-09-03T14:07:00+00:00","author":{"@id":"https:\/\/www.em.com.br\/emfoco\/#\/schema\/person\/5379e929a4b966c775d121e23f9bb421"},"description":"Antes mesmo de o problema existir, a mente pode criar cen\u00e1rios e sofrimento. Entenda a reflex\u00e3o de S\u00eaneca sobre medo, imagina\u00e7\u00e3o e o real.","breadcrumb":{"@id":"https:\/\/www.em.com.br\/emfoco\/2026\/09\/03\/para-quem-sofre-antecipadamente-por-coisas-que-talvez-nunca-acontecam-seneca-deixou-esta-frase-sofremos-mais-frequentemente-na-imaginacao-do-que-na-realidade\/#breadcrumb"},"inLanguage":"pt-BR","potentialAction":[{"@type":"ReadAction","target":["https:\/\/www.em.com.br\/emfoco\/2026\/09\/03\/para-quem-sofre-antecipadamente-por-coisas-que-talvez-nunca-acontecam-seneca-deixou-esta-frase-sofremos-mais-frequentemente-na-imaginacao-do-que-na-realidade\/"]}]},{"@type":"ImageObject","inLanguage":"pt-BR","@id":"https:\/\/www.em.com.br\/emfoco\/2026\/09\/03\/para-quem-sofre-antecipadamente-por-coisas-que-talvez-nunca-acontecam-seneca-deixou-esta-frase-sofremos-mais-frequentemente-na-imaginacao-do-que-na-realidade\/#primaryimage","url":"https:\/\/www.em.com.br\/emfoco\/wp-content\/uploads\/2026\/09\/socratas.jpg","contentUrl":"https:\/\/www.em.com.br\/emfoco\/wp-content\/uploads\/2026\/09\/socratas.jpg","width":1280,"height":720,"caption":"Sofrer por algo que talvez nem aconte\u00e7a pode consumir o presente. Veja por que a frase de S\u00eaneca continua atual quando a ansiedade aperta."},{"@type":"BreadcrumbList","@id":"https:\/\/www.em.com.br\/emfoco\/2026\/09\/03\/para-quem-sofre-antecipadamente-por-coisas-que-talvez-nunca-acontecam-seneca-deixou-esta-frase-sofremos-mais-frequentemente-na-imaginacao-do-que-na-realidade\/#breadcrumb","itemListElement":[{"@type":"ListItem","position":1,"name":"In\u00edcio","item":"https:\/\/www.em.com.br\/emfoco\/"},{"@type":"ListItem","position":2,"name":"Para quem sofre antecipadamente por coisas que talvez nunca aconte\u00e7am, S\u00eaneca deixou esta frase: \u201cSofremos mais frequentemente na imagina\u00e7\u00e3o do que na realidade\u201d"}]},{"@type":"WebSite","@id":"https:\/\/www.em.com.br\/emfoco\/#website","url":"https:\/\/www.em.com.br\/emfoco\/","name":"Estado de Minas - Em foco","description":"Acompanhe as \u00faltimas not\u00edcias e fique bem informado sobre tudo o que acontece em Minas Gerais, Brasil e no mundo.","potentialAction":[{"@type":"SearchAction","target":{"@type":"EntryPoint","urlTemplate":"https:\/\/www.em.com.br\/emfoco\/?s={search_term_string}"},"query-input":{"@type":"PropertyValueSpecification","valueRequired":true,"valueName":"search_term_string"}}],"inLanguage":"pt-BR"},{"@type":"Person","@id":"https:\/\/www.em.com.br\/emfoco\/#\/schema\/person\/5379e929a4b966c775d121e23f9bb421","name":"Guilherme Ara\u00fajo","image":{"@type":"ImageObject","inLanguage":"pt-BR","@id":"https:\/\/secure.gravatar.com\/avatar\/063bc96e5a2afd1844386c45bd1360efc771eff011a9fab8cd399e2a104c3ecd?s=96&d=mm&r=g","url":"https:\/\/secure.gravatar.com\/avatar\/063bc96e5a2afd1844386c45bd1360efc771eff011a9fab8cd399e2a104c3ecd?s=96&d=mm&r=g","contentUrl":"https:\/\/secure.gravatar.com\/avatar\/063bc96e5a2afd1844386c45bd1360efc771eff011a9fab8cd399e2a104c3ecd?s=96&d=mm&r=g","caption":"Guilherme Ara\u00fajo"},"sameAs":["https:\/\/www.em.com.br\/emfoco"],"url":"https:\/\/www.em.com.br\/emfoco\/author\/guilhermeamyth\/"}]}},"_links":{"self":[{"href":"https:\/\/www.em.com.br\/emfoco\/wp-json\/wp\/v2\/posts\/261992","targetHints":{"allow":["GET"]}}],"collection":[{"href":"https:\/\/www.em.com.br\/emfoco\/wp-json\/wp\/v2\/posts"}],"about":[{"href":"https:\/\/www.em.com.br\/emfoco\/wp-json\/wp\/v2\/types\/post"}],"author":[{"embeddable":true,"href":"https:\/\/www.em.com.br\/emfoco\/wp-json\/wp\/v2\/users\/30"}],"replies":[{"embeddable":true,"href":"https:\/\/www.em.com.br\/emfoco\/wp-json\/wp\/v2\/comments?post=261992"}],"version-history":[{"count":4,"href":"https:\/\/www.em.com.br\/emfoco\/wp-json\/wp\/v2\/posts\/261992\/revisions"}],"predecessor-version":[{"id":262146,"href":"https:\/\/www.em.com.br\/emfoco\/wp-json\/wp\/v2\/posts\/261992\/revisions\/262146"}],"wp:featuredmedia":[{"embeddable":true,"href":"https:\/\/www.em.com.br\/emfoco\/wp-json\/wp\/v2\/media\/262015"}],"wp:attachment":[{"href":"https:\/\/www.em.com.br\/emfoco\/wp-json\/wp\/v2\/media?parent=261992"}],"wp:term":[{"taxonomy":"category","embeddable":true,"href":"https:\/\/www.em.com.br\/emfoco\/wp-json\/wp\/v2\/categories?post=261992"},{"taxonomy":"post_tag","embeddable":true,"href":"https:\/\/www.em.com.br\/emfoco\/wp-json\/wp\/v2\/tags?post=261992"}],"curies":[{"name":"wp","href":"https:\/\/api.w.org\/{rel}","templated":true}]}}