{"id":261936,"date":"2026-09-03T10:37:00","date_gmt":"2026-09-03T13:37:00","guid":{"rendered":"https:\/\/www.em.com.br\/emfoco\/?p=261936"},"modified":"2026-09-02T21:38:19","modified_gmt":"2026-09-03T00:38:19","slug":"as-pontas-marrons-das-plantas-nao-significam-automaticamente-falta-de-agua-regar-ainda-mais-pode-piorar-o-problema","status":"publish","type":"post","link":"https:\/\/www.em.com.br\/emfoco\/2026\/09\/03\/as-pontas-marrons-das-plantas-nao-significam-automaticamente-falta-de-agua-regar-ainda-mais-pode-piorar-o-problema\/","title":{"rendered":"As pontas marrons das plantas n\u00e3o significam automaticamente falta de \u00e1gua: regar ainda mais pode piorar o problema"},"content":{"rendered":"\n<div class=\"emf-summary google-auto-ads-ignore\">\n  <style>\n    .emf-summary {\n      --emf-navy:#00245a;\n      --emf-navy-soft:#0b3b70;\n      --emf-ink:#1d2731;\n      --emf-muted:#66727e;\n      --emf-line:#d7dde5;\n      --emf-paper:#ffffff;\n      --emf-wash:#f4f6f8;\n      box-sizing:border-box!important;\n      inline-size:min(1100px,100%)!important;\n      max-inline-size:100%!important;\n      margin-inline:auto!important;\n      overflow:hidden!important;\n      color:var(--emf-ink);\n      background:var(--emf-paper);\n      border:1px solid var(--emf-line);\n      border-block-start:5px solid var(--emf-navy);\n      border-radius:6px!important;\n      box-shadow:0 8px 24px rgba(0,36,90,.08);\n      font-family:Arial,Helvetica,sans-serif;\n    }\n\n    .emf-summary *,\n    .emf-summary *::before,\n    .emf-summary *::after {\n      box-sizing:border-box!important;\n    }\n\n    .emf-summary-brand {\n      display:flex;\n      align-items:center;\n      gap:14px;\n      padding:16px 20px;\n      color:#fff;\n      background:linear-gradient(105deg,var(--emf-navy) 0%,var(--emf-navy-soft) 100%);\n      border-block-end:1px solid rgba(255,255,255,.18);\n    }\n\n    .emf-summary-logo {\n      display:grid;\n      place-items:center;\n      inline-size:58px;\n      block-size:58px;\n      flex:0 0 58px;\n      background:rgba(255,255,255,.08);\n      border:1px solid rgba(255,255,255,.35);\n      border-radius:3px!important;\n    }\n\n    .emf-summary-logo img {\n      display:block;\n      inline-size:46px;\n      block-size:46px;\n      max-inline-size:46px;\n      max-block-size:46px;\n      object-fit:contain;\n    }\n\n    .emf-summary-eyebrow {\n      margin:0 0 3px;\n      font-size:11px;\n      font-weight:700;\n      letter-spacing:.18em;\n      line-height:1.2;\n      text-transform:uppercase;\n      opacity:.78;\n    }\n\n    .emf-summary-title {\n      margin:0;\n      font-family:Georgia,\"Times New Roman\",serif;\n      font-size:25px;\n      font-weight:700;\n      line-height:1.15;\n    }\n\n    .emf-summary-grid {\n      display:grid;\n      grid-template-columns:repeat(3,minmax(0,1fr));\n      gap:0;\n      background:var(--emf-wash);\n    }\n\n    .emf-summary-card {\n      position:relative;\n      min-block-size:190px;\n      padding:24px 20px 20px;\n      overflow:hidden!important;\n      background:#fff;\n      border-inline-end:1px solid var(--emf-line);\n    }\n\n    .emf-summary-card:last-child {\n      border-inline-end:0;\n    }\n\n    .emf-summary-number {\n      position:absolute;\n      inset-block-start:13px;\n      inset-inline-end:15px;\n      color:rgba(0,36,90,.10);\n      font-family:Georgia,\"Times New Roman\",serif;\n      font-size:46px;\n      font-weight:700;\n      line-height:1;\n      pointer-events:none;\n    }\n\n    .emf-summary-card-title {\n      position:relative;\n      z-index:1;\n      margin:0 0 11px;\n      padding-block-end:10px;\n      color:var(--emf-navy);\n      border-block-end:2px solid var(--emf-navy);\n      font-family:Georgia,\"Times New Roman\",serif;\n      font-size:18px;\n      font-weight:700;\n      line-height:1.3;\n      overflow-wrap:anywhere;\n    }\n\n    .emf-summary-card-text {\n      position:relative;\n      z-index:1;\n      color:#485560;\n      font-size:13px;\n      line-height:1.6;\n      overflow-wrap:anywhere;\n    }\n\n    .emf-summary-card-meta {\n      position:relative;\n      z-index:1;\n      display:inline-flex;\n      margin-block-start:16px;\n      padding:5px 8px;\n      color:var(--emf-navy);\n      background:#edf1f5;\n      border:1px solid #d9e0e7;\n      border-radius:2px!important;\n      font-size:10px;\n      font-weight:700;\n      letter-spacing:.08em;\n      line-height:1.2;\n      text-transform:uppercase;\n    }\n\n    @media(max-width:760px) {\n      .emf-summary-grid {\n        grid-template-columns:1fr;\n      }\n\n      .emf-summary-card {\n        min-block-size:0;\n        border-inline-end:0;\n        border-block-end:1px solid var(--emf-line);\n      }\n\n      .emf-summary-card:last-child {\n        border-block-end:0;\n      }\n    }\n\n    @media(max-width:480px) {\n      .emf-summary-brand {\n        padding:14px 15px;\n      }\n\n      .emf-summary-logo {\n        inline-size:52px;\n        block-size:52px;\n        flex-basis:52px;\n      }\n\n      .emf-summary-logo img {\n        inline-size:41px;\n        block-size:41px;\n        max-inline-size:41px;\n        max-block-size:41px;\n      }\n\n      .emf-summary-title {\n        font-size:22px;\n      }\n\n      .emf-summary-card {\n        padding:21px 16px 18px;\n      }\n    }\n  <\/style>\n\n  <div class=\"emf-summary-brand\">\n    <div class=\"emf-summary-logo\">\n      <img\n        alt=\"Logo EM Foco\"\n        decoding=\"async\"\n        fetchpriority=\"high\"\n        height=\"46\"\n        loading=\"eager\"\n        referrerpolicy=\"no-referrer\"\n        src=\"https:\/\/www.em.com.br\/emfoco\/wp-content\/uploads\/2026\/08\/em_transparente_3000px-scaled.png\"\n        width=\"46\"\n      >\n    <\/div>\n\n    <div>\n      <div class=\"emf-summary-eyebrow\">EM FOCO<\/div>\n      <div class=\"emf-summary-title\">Resumo da mat\u00e9ria<\/div>\n    <\/div>\n  <\/div>\n\n  <div class=\"emf-summary-grid\">\n    <div class=\"emf-summary-card\">\n      <span aria-hidden=\"true\" class=\"emf-summary-number\">01<\/span>\n      <div aria-level=\"3\" class=\"emf-summary-card-title\" role=\"heading\">\n        Um sinal, v\u00e1rias causas\n      <\/div>\n      <div class=\"emf-summary-card-text\">\n        Pontas marrons podem nascer de baixa umidade, rega irregular, excesso de sais, adubo em excesso ou problemas no solo.\n      <\/div>\n      <div class=\"emf-summary-card-meta\">\n        n\u00e3o adivinhe\n      <\/div>\n    <\/div>\n    <div class=\"emf-summary-card\">\n      <span aria-hidden=\"true\" class=\"emf-summary-number\">02<\/span>\n      <div aria-level=\"3\" class=\"emf-summary-card-title\" role=\"heading\">\n        Mais \u00e1gua pode piorar\n      <\/div>\n      <div class=\"emf-summary-card-text\">\n        Se o substrato j\u00e1 estiver encharcado, regar novamente reduz o ar nas ra\u00edzes e pode aumentar o estresse da planta.\n      <\/div>\n      <div class=\"emf-summary-card-meta\">\n        teste o solo\n      <\/div>\n    <\/div>\n    <div class=\"emf-summary-card\">\n      <span aria-hidden=\"true\" class=\"emf-summary-number\">03<\/span>\n      <div aria-level=\"3\" class=\"emf-summary-card-title\" role=\"heading\">\n        Olhe a rotina\n      <\/div>\n      <div class=\"emf-summary-card-text\">\n        Cor da folha, drenagem, crostas no vaso e frequ\u00eancia de aduba\u00e7\u00e3o ajudam a separar falta de \u00e1gua de outros problemas.\n      <\/div>\n      <div class=\"emf-summary-card-meta\">\n        diagn\u00f3stico simples\n      <\/div>\n    <\/div>\n  <\/div>\n<\/div>\n\n\n\n<p class=\"wp-block-paragraph\">Ver <strong>pontas marrons nas plantas<\/strong> n\u00e3o significa que o vaso esteja simplesmente com sede. O mesmo sinal pode aparecer com baixa umidade do ar, regas irregulares, excesso de fertilizante ou sais acumulados no substrato. Antes de molhar de novo, vale conferir solo, drenagem, ra\u00edzes e a aduba\u00e7\u00e3o para achar a causa real.<\/p>\n\n\n\n<h2 class=\"wp-block-heading\">Por que pontas marrons n\u00e3o indicam apenas falta de \u00e1gua?<\/h2>\n\n\n\n<p class=\"wp-block-paragraph\">Em uma <a href=\"https:\/\/es.wikipedia.org\/wiki\/Planta_de_interior\" target=\"_blank\" rel=\"noopener noreferrer\"><strong>planta de interior<\/strong><\/a>, a mesma apar\u00eancia pode nascer de causas diferentes. Pontas secas aparecem quando o equil\u00edbrio de \u00e1gua nas folhas \u00e9 afetado por <strong>baixa umidade<\/strong>, per\u00edodos longos de seca, excesso de sais ou ra\u00edzes sob estresse.<\/p>\n\n\n\n<p class=\"wp-block-paragraph\">Isso explica por que molhar por impulso pode falhar. Se o vaso estiver \u00famido demais, acrescentar \u00e1gua n\u00e3o corrige o problema e ainda pode reduzir a oxigena\u00e7\u00e3o do substrato. O primeiro passo \u00e9 <strong>identificar o que mudou<\/strong> na rotina antes de alterar a rega.<\/p>\n\n\n<div class=\"wp-block-image\">\n<figure class=\"aligncenter size-large\"><img decoding=\"async\" width=\"1024\" height=\"576\" src=\"https:\/\/www.em.com.br\/emfoco\/wp-content\/uploads\/2026\/09\/planta23-1-1024x576.jpg\" alt=\"\" class=\"wp-image-261964\" srcset=\"https:\/\/www.em.com.br\/emfoco\/wp-content\/uploads\/2026\/09\/planta23-1-1024x576.jpg 1024w, https:\/\/www.em.com.br\/emfoco\/wp-content\/uploads\/2026\/09\/planta23-1-300x169.jpg 300w, https:\/\/www.em.com.br\/emfoco\/wp-content\/uploads\/2026\/09\/planta23-1-768x432.jpg 768w, https:\/\/www.em.com.br\/emfoco\/wp-content\/uploads\/2026\/09\/planta23-1-750x421.jpg 750w, https:\/\/www.em.com.br\/emfoco\/wp-content\/uploads\/2026\/09\/planta23-1-1140x641.jpg 1140w, https:\/\/www.em.com.br\/emfoco\/wp-content\/uploads\/2026\/09\/planta23-1.jpg 1280w\" sizes=\"(max-width: 1024px) 100vw, 1024px\" \/><figcaption class=\"wp-element-caption\">Excesso de \u00e1gua pode prejudicar as ra\u00edzes e dificultar ainda mais a recupera\u00e7\u00e3o da planta<\/figcaption><\/figure>\n<\/div>\n\n\n<h2 class=\"wp-block-heading\">O que o adubo e os sais t\u00eam a ver com as folhas?<\/h2>\n\n\n\n<p class=\"wp-block-paragraph\">A <strong>Iowa State University Extension and Outreach<\/strong> aponta que o excesso de fertilizante pode acumular sais no solo e levar ao escurecimento das pontas. O risco aumenta quando a planta recebe adubo com frequ\u00eancia maior do que a recomendada para esp\u00e9cie, esta\u00e7\u00e3o e tamanho do vaso.<\/p>\n\n\n\n<p class=\"wp-block-paragraph\">A <a href=\"https:\/\/ipm.ucanr.edu\/home-and-landscape\/houseplant-problems\/\" target=\"_blank\" rel=\"noopener noreferrer\"><strong>University of California IPM<\/strong><\/a> tamb\u00e9m relaciona pontas marrons a aduba\u00e7\u00e3o excessiva, sais, solo muito seco ou \u00famido e baixa umidade. Esse conjunto mostra por que um \u00fanico sintoma n\u00e3o fecha o diagn\u00f3stico.<\/p>\n\n\n\n<h2 class=\"wp-block-heading\">Como verificar o vaso antes de regar novamente?<\/h2>\n\n\n\n<p class=\"wp-block-paragraph\">Toque o substrato alguns cent\u00edmetros abaixo da superf\u00edcie. Se estiver <strong>\u00famido e frio<\/strong>, provavelmente n\u00e3o h\u00e1 motivo para regar naquele momento. Confira se os furos de drenagem est\u00e3o livres e se o pratinho n\u00e3o mant\u00e9m \u00e1gua acumulada sob o vaso por longos per\u00edodos.<\/p>\n\n\n\n<p class=\"wp-block-paragraph\">Observe ainda crosta branca na borda, cheiro desagrad\u00e1vel no solo e ra\u00edzes escuras ou moles. Esses sinais ajudam a separar <strong>ac\u00famulo de sais e excesso de \u00e1gua<\/strong> de uma simples falta de umidade. A an\u00e1lise deve considerar o comportamento da planta ao longo dos \u00faltimos dias.<\/p>\n\n\n\n<p class=\"myth-list-bridge wp-block-paragraph\">A seguir listamos <strong>4 pistas visuais<\/strong> que ajudam a investigar a causa antes de aumentar a quantidade de \u00e1gua:<\/p>\n\n\n\n<ul class=\"wp-block-list myth-bullet-list\">\n<li><strong>Solo \u00famido: <\/strong>se continua molhado por muitos dias, adiar a rega pode ser mais prudente.<\/li>\n\n\n\n<li><strong>Crosta branca: <\/strong>dep\u00f3sitos no vaso podem indicar concentra\u00e7\u00e3o de sais do fertilizante ou da \u00e1gua.<\/li>\n\n\n\n<li><strong>Ra\u00edzes escuras: <\/strong>tecido mole e cheiro ruim sugerem problema de drenagem e excesso de umidade.<\/li>\n\n\n\n<li><strong>Ar muito seco: <\/strong>baixa umidade pode ressecar pontas mesmo quando o substrato recebe \u00e1gua suficiente.<\/li>\n<\/ul>\n\n\n\n<p class=\"wp-block-paragraph\"><strong>Leia tamb\u00e9m: <a href=\"https:\/\/www.em.com.br\/emfoco\/2026\/09\/02\/po-branco-na-parede-nem-sempre-e-mofo-pode-ser-sinal-de-umidade\/\" target=\"_blank\" rel=\"noreferrer noopener\">P\u00f3 branco na parede nem sempre \u00e9 mofo: pode ser sinal de umidade<\/a><\/strong><\/p>\n\n\n<div class=\"wp-block-image\">\n<figure class=\"aligncenter size-large\"><img decoding=\"async\" width=\"1024\" height=\"576\" src=\"https:\/\/www.em.com.br\/emfoco\/wp-content\/uploads\/2026\/09\/planta234-1-1024x576.jpg\" alt=\"\" class=\"wp-image-261966\" srcset=\"https:\/\/www.em.com.br\/emfoco\/wp-content\/uploads\/2026\/09\/planta234-1-1024x576.jpg 1024w, https:\/\/www.em.com.br\/emfoco\/wp-content\/uploads\/2026\/09\/planta234-1-300x169.jpg 300w, https:\/\/www.em.com.br\/emfoco\/wp-content\/uploads\/2026\/09\/planta234-1-768x432.jpg 768w, https:\/\/www.em.com.br\/emfoco\/wp-content\/uploads\/2026\/09\/planta234-1-750x421.jpg 750w, https:\/\/www.em.com.br\/emfoco\/wp-content\/uploads\/2026\/09\/planta234-1-1140x641.jpg 1140w, https:\/\/www.em.com.br\/emfoco\/wp-content\/uploads\/2026\/09\/planta234-1.jpg 1280w\" sizes=\"(max-width: 1024px) 100vw, 1024px\" \/><figcaption class=\"wp-element-caption\">Ac\u00famulo de sais, baixa umidade e problemas nas ra\u00edzes tamb\u00e9m podem afetar as pontas das folhas<\/figcaption><\/figure>\n<\/div>\n\n\n<h2 class=\"wp-block-heading\">Quando a rotina de aduba\u00e7\u00e3o precisa ser revista?<\/h2>\n\n\n\n<p class=\"wp-block-paragraph\">Se as pontas come\u00e7aram a escurecer ap\u00f3s uma aduba\u00e7\u00e3o mais forte, reduza novas aplica\u00e7\u00f5es e confira a orienta\u00e7\u00e3o do produto. Fertilizante em excesso n\u00e3o acelera o crescimento de forma segura. Ele pode elevar a <strong>concentra\u00e7\u00e3o de sais<\/strong> ao redor das ra\u00edzes.<\/p>\n\n\n\n<p class=\"wp-block-paragraph\">Quando houver suspeita de sais, algumas esp\u00e9cies toleram uma lavagem cuidadosa do substrato, desde que o vaso drene livremente. Se a planta n\u00e3o suporta muita \u00e1gua ou o solo est\u00e1 compactado, o manejo muda. O importante \u00e9 <strong>n\u00e3o repetir adubo automaticamente<\/strong> enquanto o problema \u00e9 investigado.<\/p>\n\n\n\n<p class=\"myth-html-bridge wp-block-paragraph\">A seguir listamos <strong>3 causas frequentes<\/strong> que ajudam a comparar o sinal nas folhas com o que est\u00e1 acontecendo no vaso:<\/p>\n\n\n\n<div class=\"emf-data-table google-auto-ads-ignore\">\n  <style>\n    .emf-data-table {\n      --emf-navy:#00245a;\n      --emf-navy-soft:#0b3b70;\n      --emf-ink:#1d2731;\n      --emf-muted:#66727e;\n      --emf-line:#d7dde5;\n      --emf-wash:#f4f6f8;\n      box-sizing:border-box!important;\n      inline-size:min(1100px,100%)!important;\n      max-inline-size:100%!important;\n      margin-inline:auto!important;\n      overflow:hidden!important;\n      color:var(--emf-ink);\n      background:#fff;\n      border:1px solid var(--emf-line);\n      border-radius:6px!important;\n      box-shadow:0 8px 24px rgba(0,36,90,.08);\n      font-family:Arial,Helvetica,sans-serif;\n    }\n\n    .emf-data-table *,\n    .emf-data-table *::before,\n    .emf-data-table *::after {\n      box-sizing:border-box!important;\n    }\n\n    .emf-data-table-brand {\n      display:flex;\n      align-items:center;\n      gap:13px;\n      min-block-size:72px;\n      padding:10px 17px;\n      color:#fff;\n      background:linear-gradient(105deg,var(--emf-navy) 0%,var(--emf-navy-soft) 100%);\n      border-block-end:4px solid #c5ced8;\n    }\n\n    .emf-data-table-logo {\n      display:grid;\n      place-items:center;\n      inline-size:52px;\n      block-size:52px;\n      flex:0 0 52px;\n      background:rgba(255,255,255,.08);\n      border:1px solid rgba(255,255,255,.35);\n      border-radius:3px!important;\n    }\n\n    .emf-data-table-logo img {\n      display:block;\n      inline-size:41px;\n      block-size:41px;\n      max-inline-size:41px;\n      max-block-size:41px;\n      object-fit:contain;\n    }\n\n    .emf-data-table-kicker {\n      margin:0 0 2px;\n      font-size:10px;\n      font-weight:700;\n      letter-spacing:.16em;\n      line-height:1.2;\n      text-transform:uppercase;\n      opacity:.78;\n    }\n\n    .emf-data-table-title {\n      margin:0;\n      font-family:Georgia,\"Times New Roman\",serif;\n      font-size:21px;\n      font-weight:700;\n      line-height:1.2;\n    }\n\n    .emf-data-table-scroll {\n      display:block!important;\n      inline-size:100%!important;\n      max-inline-size:100%!important;\n      overflow-x:auto!important;\n      overflow-y:hidden!important;\n      -webkit-overflow-scrolling:touch;\n      overscroll-behavior-inline:contain;\n      scrollbar-width:thin;\n      scrollbar-color:#8798aa #edf1f5;\n    }\n\n    .emf-data-table-scroll:focus-visible {\n      outline:3px solid rgba(0,36,90,.35);\n      outline-offset:-3px;\n    }\n\n    .emf-data-table table {\n      display:table!important;\n      inline-size:100%!important;\n      min-inline-size:680px!important;\n      max-inline-size:none!important;\n      margin:0!important;\n      border:0!important;\n      border-collapse:separate!important;\n      border-spacing:0!important;\n      table-layout:auto!important;\n      background:#fff!important;\n    }\n\n    .emf-data-table caption {\n      position:absolute!important;\n      inline-size:1px!important;\n      block-size:1px!important;\n      padding:0!important;\n      margin:-1px!important;\n      overflow:hidden!important;\n      clip:rect(0,0,0,0)!important;\n      white-space:nowrap!important;\n      border:0!important;\n    }\n\n    .emf-data-table thead {\n      display:table-header-group!important;\n    }\n\n    .emf-data-table tbody {\n      display:table-row-group!important;\n    }\n\n    .emf-data-table tr {\n      display:table-row!important;\n    }\n\n    .emf-data-table th,\n    .emf-data-table td {\n      display:table-cell!important;\n      float:none!important;\n      inline-size:auto!important;\n      max-inline-size:none!important;\n      margin:0!important;\n      border-radius:0!important;\n      text-align:left!important;\n      vertical-align:middle!important;\n    }\n\n    .emf-data-table th {\n      padding:14px 17px!important;\n      color:#fff!important;\n      background:var(--emf-navy)!important;\n      border-block-end:1px solid rgba(255,255,255,.22)!important;\n      border-inline-end:1px solid rgba(255,255,255,.12)!important;\n      font-family:Georgia,\"Times New Roman\",serif;\n      font-size:14px!important;\n      font-weight:700!important;\n      line-height:1.35!important;\n      white-space:nowrap!important;\n    }\n\n    .emf-data-table th:last-child {\n      border-inline-end:0!important;\n    }\n\n    .emf-data-table td {\n      padding:14px 17px!important;\n      color:#43515e!important;\n      background:#fff!important;\n      border-block-end:1px solid var(--emf-line)!important;\n      font-size:14px!important;\n      font-weight:400!important;\n      line-height:1.5!important;\n      overflow-wrap:anywhere;\n    }\n\n    .emf-data-table tbody tr:nth-child(even) td {\n      background:var(--emf-wash)!important;\n    }\n\n    .emf-data-table tbody tr:hover td {\n      background:#eaf0f5!important;\n    }\n\n    .emf-data-table tbody tr:last-child td {\n      border-block-end:0!important;\n    }\n\n    .emf-data-table td:first-child {\n      color:var(--emf-navy)!important;\n      font-weight:700!important;\n    }\n\n    @media(max-width:560px) {\n      .emf-data-table-brand {\n        min-block-size:68px;\n        padding:9px 13px;\n      }\n\n      .emf-data-table-title {\n        font-size:19px;\n      }\n\n      .emf-data-table-scroll {\n        overflow:visible!important;\n      }\n\n      .emf-data-table table,\n      .emf-data-table thead,\n      .emf-data-table tbody,\n      .emf-data-table tr,\n      .emf-data-table th,\n      .emf-data-table td {\n        display:block!important;\n        inline-size:100%!important;\n        min-inline-size:0!important;\n        max-inline-size:100%!important;\n      }\n\n      .emf-data-table table {\n        padding:13px!important;\n      }\n\n      .emf-data-table thead {\n        position:absolute!important;\n        inline-size:1px!important;\n        block-size:1px!important;\n        padding:0!important;\n        margin:-1px!important;\n        overflow:hidden!important;\n        clip:rect(0,0,0,0)!important;\n        white-space:nowrap!important;\n      }\n\n      .emf-data-table tbody {\n        display:grid!important;\n        gap:11px;\n      }\n\n      .emf-data-table tr {\n        overflow:hidden!important;\n        background:#fff!important;\n        border:1px solid var(--emf-line)!important;\n        border-block-start:4px solid var(--emf-navy)!important;\n        border-radius:4px!important;\n        box-shadow:0 4px 12px rgba(0,36,90,.06);\n      }\n\n      .emf-data-table td,\n      .emf-data-table tbody tr:nth-child(even) td,\n      .emf-data-table tbody tr:hover td {\n        display:grid!important;\n        grid-template-columns:minmax(105px,38%) minmax(0,1fr)!important;\n        align-items:start;\n        gap:11px;\n        padding:11px 12px!important;\n        background:#fff!important;\n        border-block-end:1px solid #e2e7ec!important;\n      }\n\n      .emf-data-table td::before {\n        content:attr(data-label);\n        color:var(--emf-muted);\n        font-size:10px;\n        font-weight:700;\n        letter-spacing:.06em;\n        line-height:1.35;\n        text-transform:uppercase;\n      }\n\n      .emf-data-table td:first-child {\n        color:var(--emf-navy)!important;\n        background:#edf1f5!important;\n      }\n\n      .emf-data-table td:last-child {\n        border-block-end:0!important;\n      }\n    }\n  <\/style>\n\n  <div class=\"emf-data-table-brand\">\n    <div class=\"emf-data-table-logo\">\n      <img\n        alt=\"Logo EM Foco\"\n        decoding=\"async\"\n        height=\"41\"\n        loading=\"lazy\"\n        referrerpolicy=\"no-referrer\"\n        src=\"https:\/\/www.em.com.br\/emfoco\/wp-content\/uploads\/2026\/08\/em_transparente_3000px-scaled.png\"\n        width=\"41\"\n      >\n    <\/div>\n\n    <div>\n      <div class=\"emf-data-table-kicker\">DADOS EM FOCO<\/div>\n      <div class=\"emf-data-table-title\">O que observar no vaso<\/div>\n    <\/div>\n  <\/div>\n\n  <div aria-label=\"Tabela com sinal, poss\u00edvel causa e primeira checagem\" class=\"emf-data-table-scroll\" role=\"region\" tabindex=\"0\">\n    <table>\n      <caption>Sinais associados a pontas marrons em plantas de interior<\/caption>\n      <thead>\n        <tr>\n          <th scope=\"col\">Sinal<\/th>\n          <th scope=\"col\">Poss\u00edvel causa<\/th>\n          <th scope=\"col\">Primeira checagem<\/th>\n        <\/tr>\n      <\/thead>\n      <tbody>\n        <tr>\n          <td data-label=\"Sinal\">Solo seco por muito tempo<\/td>\n          <td data-label=\"Poss\u00edvel causa\">Rega irregular<\/td>\n          <td data-label=\"Primeira checagem\">Verificar umidade em profundidade<\/td>\n        <\/tr>\n        <tr>\n          <td data-label=\"Sinal\">Crosta branca<\/td>\n          <td data-label=\"Poss\u00edvel causa\">Ac\u00famulo de sais<\/td>\n          <td data-label=\"Primeira checagem\">Rever \u00e1gua e fertiliza\u00e7\u00e3o<\/td>\n        <\/tr>\n        <tr>\n          <td data-label=\"Sinal\">Solo sempre encharcado<\/td>\n          <td data-label=\"Poss\u00edvel causa\">Excesso de \u00e1gua<\/td>\n          <td data-label=\"Primeira checagem\">Conferir drenagem e ra\u00edzes<\/td>\n        <\/tr>\n      <\/tbody>\n    <\/table>\n  <\/div>\n<\/div>\n\n\n\n<h2 class=\"wp-block-heading\">O que fazer com as partes que j\u00e1 ficaram marrons?<\/h2>\n\n\n\n<p class=\"wp-block-paragraph\">A \u00e1rea que secou n\u00e3o volta a ficar verde. Se a planta estiver saud\u00e1vel no restante, voc\u00ea pode aparar apenas a parte seca com <strong>tesoura limpa<\/strong>, preservando o m\u00e1ximo de tecido vivo. A melhora real ser\u00e1 percebida nas folhas novas, depois que a causa for corrigida.<\/p>\n\n\n\n<p class=\"wp-block-paragraph\">O caminho mais \u00fatil \u00e9 trocar a pergunta \u201cquanto devo regar?\u201d por <strong>\u201ccomo est\u00e3o solo, ra\u00edzes e ambiente?\u201d<\/strong>. Pontas marrons s\u00e3o um sinal para investigar. Quando a causa \u00e9 identificada antes de acrescentar \u00e1gua ou adubo, fica mais f\u00e1cil recuperar uma rotina equilibrada.<\/p>\n","protected":false},"excerpt":{"rendered":"<p>EM FOCO Resumo da mat\u00e9ria 01 Um sinal, v\u00e1rias causas Pontas marrons podem nascer de baixa umidade, rega irregular, excesso de sais, adubo em excesso ou problemas no solo. n\u00e3o adivinhe 02 Mais \u00e1gua pode piorar Se o substrato j\u00e1 estiver encharcado, regar novamente reduz o ar nas ra\u00edzes e pode aumentar o estresse da [&hellip;]<\/p>\n","protected":false},"author":30,"featured_media":261962,"comment_status":"open","ping_status":"open","sticky":false,"template":"","format":"standard","meta":{"jnews-multi-image_gallery":[],"jnews_single_post":{"format":"standard"},"jnews_primary_category":[],"jnews_social_meta":[],"jnews_override_counter":[],"footnotes":""},"categories":[8691],"tags":[26837,6075,3324,12064],"class_list":["post-261936","post","type-post","status-publish","format-standard","has-post-thumbnail","hentry","category-bem-estar","tag-adubacao","tag-folhas","tag-plantas","tag-rega"],"yoast_head":"<!-- This site is optimized with the Yoast SEO plugin v28.3 - https:\/\/yoast.com\/product\/yoast-seo-wordpress\/ -->\n<title>As pontas marrons das plantas n\u00e3o significam automaticamente falta de \u00e1gua: regar ainda mais pode piorar o problema - Estado de Minas - Em foco<\/title>\n<meta name=\"description\" content=\"Ver folhas com pontas secas pode levar muita gente a regar demais. Veja por que esse sinal pode ter outras causas al\u00e9m da falta de \u00e1gua.\" \/>\n<meta name=\"robots\" content=\"index, follow, max-snippet:-1, max-image-preview:large, max-video-preview:-1\" \/>\n<link rel=\"canonical\" href=\"https:\/\/www.em.com.br\/emfoco\/2026\/09\/03\/as-pontas-marrons-das-plantas-nao-significam-automaticamente-falta-de-agua-regar-ainda-mais-pode-piorar-o-problema\/\" \/>\n<meta property=\"og:locale\" content=\"pt_BR\" \/>\n<meta property=\"og:type\" content=\"article\" \/>\n<meta property=\"og:title\" content=\"As pontas marrons das plantas n\u00e3o significam automaticamente falta de \u00e1gua: regar ainda mais pode piorar o problema - Estado de Minas - Em foco\" \/>\n<meta property=\"og:description\" content=\"Ver folhas com pontas secas pode levar muita gente a regar demais. Veja por que esse sinal pode ter outras causas al\u00e9m da falta de \u00e1gua.\" \/>\n<meta property=\"og:url\" content=\"https:\/\/www.em.com.br\/emfoco\/2026\/09\/03\/as-pontas-marrons-das-plantas-nao-significam-automaticamente-falta-de-agua-regar-ainda-mais-pode-piorar-o-problema\/\" \/>\n<meta property=\"og:site_name\" content=\"Estado de Minas - Em foco\" \/>\n<meta property=\"article:published_time\" content=\"2026-09-03T13:37:00+00:00\" \/>\n<meta property=\"og:image\" content=\"https:\/\/www.em.com.br\/emfoco\/wp-content\/uploads\/2026\/09\/planta1.jpg\" \/>\n\t<meta property=\"og:image:width\" content=\"1280\" \/>\n\t<meta property=\"og:image:height\" content=\"720\" \/>\n\t<meta property=\"og:image:type\" content=\"image\/jpeg\" \/>\n<meta name=\"author\" content=\"Guilherme Ara\u00fajo\" \/>\n<meta name=\"twitter:card\" content=\"summary_large_image\" \/>\n<meta name=\"twitter:label1\" content=\"Escrito por\" \/>\n\t<meta name=\"twitter:data1\" content=\"Guilherme Ara\u00fajo\" \/>\n\t<meta name=\"twitter:label2\" content=\"Est. tempo de leitura\" \/>\n\t<meta name=\"twitter:data2\" content=\"6 minutos\" \/>\n<!-- \/ Yoast SEO plugin. -->","yoast_head_json":{"title":"As pontas marrons das plantas n\u00e3o significam automaticamente falta de \u00e1gua: regar ainda mais pode piorar o problema - Estado de Minas - Em foco","description":"Ver folhas com pontas secas pode levar muita gente a regar demais. Veja por que esse sinal pode ter outras causas al\u00e9m da falta de \u00e1gua.","robots":{"index":"index","follow":"follow","max-snippet":"max-snippet:-1","max-image-preview":"max-image-preview:large","max-video-preview":"max-video-preview:-1"},"canonical":"https:\/\/www.em.com.br\/emfoco\/2026\/09\/03\/as-pontas-marrons-das-plantas-nao-significam-automaticamente-falta-de-agua-regar-ainda-mais-pode-piorar-o-problema\/","og_locale":"pt_BR","og_type":"article","og_title":"As pontas marrons das plantas n\u00e3o significam automaticamente falta de \u00e1gua: regar ainda mais pode piorar o problema - Estado de Minas - Em foco","og_description":"Ver folhas com pontas secas pode levar muita gente a regar demais. Veja por que esse sinal pode ter outras causas al\u00e9m da falta de \u00e1gua.","og_url":"https:\/\/www.em.com.br\/emfoco\/2026\/09\/03\/as-pontas-marrons-das-plantas-nao-significam-automaticamente-falta-de-agua-regar-ainda-mais-pode-piorar-o-problema\/","og_site_name":"Estado de Minas - Em foco","article_published_time":"2026-09-03T13:37:00+00:00","og_image":[{"width":1280,"height":720,"url":"https:\/\/www.em.com.br\/emfoco\/wp-content\/uploads\/2026\/09\/planta1.jpg","type":"image\/jpeg"}],"author":"Guilherme Ara\u00fajo","twitter_card":"summary_large_image","twitter_misc":{"Escrito por":"Guilherme Ara\u00fajo","Est. tempo de leitura":"6 minutos"},"schema":{"@context":"https:\/\/schema.org","@graph":[{"@type":"Article","@id":"https:\/\/www.em.com.br\/emfoco\/2026\/09\/03\/as-pontas-marrons-das-plantas-nao-significam-automaticamente-falta-de-agua-regar-ainda-mais-pode-piorar-o-problema\/#article","isPartOf":{"@id":"https:\/\/www.em.com.br\/emfoco\/2026\/09\/03\/as-pontas-marrons-das-plantas-nao-significam-automaticamente-falta-de-agua-regar-ainda-mais-pode-piorar-o-problema\/"},"author":{"name":"Guilherme Ara\u00fajo","@id":"https:\/\/www.em.com.br\/emfoco\/#\/schema\/person\/5379e929a4b966c775d121e23f9bb421"},"headline":"As pontas marrons das plantas n\u00e3o significam automaticamente falta de \u00e1gua: regar ainda mais pode piorar o problema","datePublished":"2026-09-03T13:37:00+00:00","mainEntityOfPage":{"@id":"https:\/\/www.em.com.br\/emfoco\/2026\/09\/03\/as-pontas-marrons-das-plantas-nao-significam-automaticamente-falta-de-agua-regar-ainda-mais-pode-piorar-o-problema\/"},"wordCount":886,"commentCount":0,"image":{"@id":"https:\/\/www.em.com.br\/emfoco\/2026\/09\/03\/as-pontas-marrons-das-plantas-nao-significam-automaticamente-falta-de-agua-regar-ainda-mais-pode-piorar-o-problema\/#primaryimage"},"thumbnailUrl":"https:\/\/www.em.com.br\/emfoco\/wp-content\/uploads\/2026\/09\/planta1.jpg","keywords":["Aduba\u00e7\u00e3o","folhas","plantas","rega"],"articleSection":["Bem Estar"],"inLanguage":"pt-BR","potentialAction":[{"@type":"CommentAction","name":"Comment","target":["https:\/\/www.em.com.br\/emfoco\/2026\/09\/03\/as-pontas-marrons-das-plantas-nao-significam-automaticamente-falta-de-agua-regar-ainda-mais-pode-piorar-o-problema\/#respond"]}]},{"@type":"WebPage","@id":"https:\/\/www.em.com.br\/emfoco\/2026\/09\/03\/as-pontas-marrons-das-plantas-nao-significam-automaticamente-falta-de-agua-regar-ainda-mais-pode-piorar-o-problema\/","url":"https:\/\/www.em.com.br\/emfoco\/2026\/09\/03\/as-pontas-marrons-das-plantas-nao-significam-automaticamente-falta-de-agua-regar-ainda-mais-pode-piorar-o-problema\/","name":"As pontas marrons das plantas n\u00e3o significam automaticamente falta de \u00e1gua: regar ainda mais pode piorar o problema - Estado de Minas - Em foco","isPartOf":{"@id":"https:\/\/www.em.com.br\/emfoco\/#website"},"primaryImageOfPage":{"@id":"https:\/\/www.em.com.br\/emfoco\/2026\/09\/03\/as-pontas-marrons-das-plantas-nao-significam-automaticamente-falta-de-agua-regar-ainda-mais-pode-piorar-o-problema\/#primaryimage"},"image":{"@id":"https:\/\/www.em.com.br\/emfoco\/2026\/09\/03\/as-pontas-marrons-das-plantas-nao-significam-automaticamente-falta-de-agua-regar-ainda-mais-pode-piorar-o-problema\/#primaryimage"},"thumbnailUrl":"https:\/\/www.em.com.br\/emfoco\/wp-content\/uploads\/2026\/09\/planta1.jpg","datePublished":"2026-09-03T13:37:00+00:00","author":{"@id":"https:\/\/www.em.com.br\/emfoco\/#\/schema\/person\/5379e929a4b966c775d121e23f9bb421"},"description":"Ver folhas com pontas secas pode levar muita gente a regar demais. Veja por que esse sinal pode ter outras causas al\u00e9m da falta de \u00e1gua.","breadcrumb":{"@id":"https:\/\/www.em.com.br\/emfoco\/2026\/09\/03\/as-pontas-marrons-das-plantas-nao-significam-automaticamente-falta-de-agua-regar-ainda-mais-pode-piorar-o-problema\/#breadcrumb"},"inLanguage":"pt-BR","potentialAction":[{"@type":"ReadAction","target":["https:\/\/www.em.com.br\/emfoco\/2026\/09\/03\/as-pontas-marrons-das-plantas-nao-significam-automaticamente-falta-de-agua-regar-ainda-mais-pode-piorar-o-problema\/"]}]},{"@type":"ImageObject","inLanguage":"pt-BR","@id":"https:\/\/www.em.com.br\/emfoco\/2026\/09\/03\/as-pontas-marrons-das-plantas-nao-significam-automaticamente-falta-de-agua-regar-ainda-mais-pode-piorar-o-problema\/#primaryimage","url":"https:\/\/www.em.com.br\/emfoco\/wp-content\/uploads\/2026\/09\/planta1.jpg","contentUrl":"https:\/\/www.em.com.br\/emfoco\/wp-content\/uploads\/2026\/09\/planta1.jpg","width":1280,"height":720,"caption":"O mesmo sinal visual pode aparecer por motivos bem diferentes"},{"@type":"BreadcrumbList","@id":"https:\/\/www.em.com.br\/emfoco\/2026\/09\/03\/as-pontas-marrons-das-plantas-nao-significam-automaticamente-falta-de-agua-regar-ainda-mais-pode-piorar-o-problema\/#breadcrumb","itemListElement":[{"@type":"ListItem","position":1,"name":"In\u00edcio","item":"https:\/\/www.em.com.br\/emfoco\/"},{"@type":"ListItem","position":2,"name":"As pontas marrons das plantas n\u00e3o significam automaticamente falta de \u00e1gua: regar ainda mais pode piorar o problema"}]},{"@type":"WebSite","@id":"https:\/\/www.em.com.br\/emfoco\/#website","url":"https:\/\/www.em.com.br\/emfoco\/","name":"Estado de Minas - Em foco","description":"Acompanhe as \u00faltimas not\u00edcias e fique bem informado sobre tudo o que acontece em Minas Gerais, Brasil e no mundo.","potentialAction":[{"@type":"SearchAction","target":{"@type":"EntryPoint","urlTemplate":"https:\/\/www.em.com.br\/emfoco\/?s={search_term_string}"},"query-input":{"@type":"PropertyValueSpecification","valueRequired":true,"valueName":"search_term_string"}}],"inLanguage":"pt-BR"},{"@type":"Person","@id":"https:\/\/www.em.com.br\/emfoco\/#\/schema\/person\/5379e929a4b966c775d121e23f9bb421","name":"Guilherme Ara\u00fajo","image":{"@type":"ImageObject","inLanguage":"pt-BR","@id":"https:\/\/secure.gravatar.com\/avatar\/063bc96e5a2afd1844386c45bd1360efc771eff011a9fab8cd399e2a104c3ecd?s=96&d=mm&r=g","url":"https:\/\/secure.gravatar.com\/avatar\/063bc96e5a2afd1844386c45bd1360efc771eff011a9fab8cd399e2a104c3ecd?s=96&d=mm&r=g","contentUrl":"https:\/\/secure.gravatar.com\/avatar\/063bc96e5a2afd1844386c45bd1360efc771eff011a9fab8cd399e2a104c3ecd?s=96&d=mm&r=g","caption":"Guilherme Ara\u00fajo"},"sameAs":["https:\/\/www.em.com.br\/emfoco"],"url":"https:\/\/www.em.com.br\/emfoco\/author\/guilhermeamyth\/"}]}},"_links":{"self":[{"href":"https:\/\/www.em.com.br\/emfoco\/wp-json\/wp\/v2\/posts\/261936","targetHints":{"allow":["GET"]}}],"collection":[{"href":"https:\/\/www.em.com.br\/emfoco\/wp-json\/wp\/v2\/posts"}],"about":[{"href":"https:\/\/www.em.com.br\/emfoco\/wp-json\/wp\/v2\/types\/post"}],"author":[{"embeddable":true,"href":"https:\/\/www.em.com.br\/emfoco\/wp-json\/wp\/v2\/users\/30"}],"replies":[{"embeddable":true,"href":"https:\/\/www.em.com.br\/emfoco\/wp-json\/wp\/v2\/comments?post=261936"}],"version-history":[{"count":4,"href":"https:\/\/www.em.com.br\/emfoco\/wp-json\/wp\/v2\/posts\/261936\/revisions"}],"predecessor-version":[{"id":262126,"href":"https:\/\/www.em.com.br\/emfoco\/wp-json\/wp\/v2\/posts\/261936\/revisions\/262126"}],"wp:featuredmedia":[{"embeddable":true,"href":"https:\/\/www.em.com.br\/emfoco\/wp-json\/wp\/v2\/media\/261962"}],"wp:attachment":[{"href":"https:\/\/www.em.com.br\/emfoco\/wp-json\/wp\/v2\/media?parent=261936"}],"wp:term":[{"taxonomy":"category","embeddable":true,"href":"https:\/\/www.em.com.br\/emfoco\/wp-json\/wp\/v2\/categories?post=261936"},{"taxonomy":"post_tag","embeddable":true,"href":"https:\/\/www.em.com.br\/emfoco\/wp-json\/wp\/v2\/tags?post=261936"}],"curies":[{"name":"wp","href":"https:\/\/api.w.org\/{rel}","templated":true}]}}