{"id":261933,"date":"2026-09-03T08:07:00","date_gmt":"2026-09-03T11:07:00","guid":{"rendered":"https:\/\/www.em.com.br\/emfoco\/?p=261933"},"modified":"2026-09-02T21:38:18","modified_gmt":"2026-09-03T00:38:18","slug":"seu-ventilador-de-teto-pode-estar-girando-para-o-lado-errado-quando-inverter-o-sentido-das-pas-realmente-muda-o-conforto-do-ambiente","status":"publish","type":"post","link":"https:\/\/www.em.com.br\/emfoco\/2026\/09\/03\/seu-ventilador-de-teto-pode-estar-girando-para-o-lado-errado-quando-inverter-o-sentido-das-pas-realmente-muda-o-conforto-do-ambiente\/","title":{"rendered":"Seu ventilador de teto pode estar girando para o lado errado: quando inverter o sentido das p\u00e1s realmente muda o conforto do ambiente"},"content":{"rendered":"\n<div class=\"emf-summary google-auto-ads-ignore\">\n  <style>\n    .emf-summary {\n      --emf-navy:#00245a;\n      --emf-navy-soft:#0b3b70;\n      --emf-ink:#1d2731;\n      --emf-muted:#66727e;\n      --emf-line:#d7dde5;\n      --emf-paper:#ffffff;\n      --emf-wash:#f4f6f8;\n      box-sizing:border-box!important;\n      inline-size:min(1100px,100%)!important;\n      max-inline-size:100%!important;\n      margin-inline:auto!important;\n      overflow:hidden!important;\n      color:var(--emf-ink);\n      background:var(--emf-paper);\n      border:1px solid var(--emf-line);\n      border-block-start:5px solid var(--emf-navy);\n      border-radius:6px!important;\n      box-shadow:0 8px 24px rgba(0,36,90,.08);\n      font-family:Arial,Helvetica,sans-serif;\n    }\n\n    .emf-summary *,\n    .emf-summary *::before,\n    .emf-summary *::after {\n      box-sizing:border-box!important;\n    }\n\n    .emf-summary-brand {\n      display:flex;\n      align-items:center;\n      gap:14px;\n      padding:16px 20px;\n      color:#fff;\n      background:linear-gradient(105deg,var(--emf-navy) 0%,var(--emf-navy-soft) 100%);\n      border-block-end:1px solid rgba(255,255,255,.18);\n    }\n\n    .emf-summary-logo {\n      display:grid;\n      place-items:center;\n      inline-size:58px;\n      block-size:58px;\n      flex:0 0 58px;\n      background:rgba(255,255,255,.08);\n      border:1px solid rgba(255,255,255,.35);\n      border-radius:3px!important;\n    }\n\n    .emf-summary-logo img {\n      display:block;\n      inline-size:46px;\n      block-size:46px;\n      max-inline-size:46px;\n      max-block-size:46px;\n      object-fit:contain;\n    }\n\n    .emf-summary-eyebrow {\n      margin:0 0 3px;\n      font-size:11px;\n      font-weight:700;\n      letter-spacing:.18em;\n      line-height:1.2;\n      text-transform:uppercase;\n      opacity:.78;\n    }\n\n    .emf-summary-title {\n      margin:0;\n      font-family:Georgia,\"Times New Roman\",serif;\n      font-size:25px;\n      font-weight:700;\n      line-height:1.15;\n    }\n\n    .emf-summary-grid {\n      display:grid;\n      grid-template-columns:repeat(3,minmax(0,1fr));\n      gap:0;\n      background:var(--emf-wash);\n    }\n\n    .emf-summary-card {\n      position:relative;\n      min-block-size:190px;\n      padding:24px 20px 20px;\n      overflow:hidden!important;\n      background:#fff;\n      border-inline-end:1px solid var(--emf-line);\n    }\n\n    .emf-summary-card:last-child {\n      border-inline-end:0;\n    }\n\n    .emf-summary-number {\n      position:absolute;\n      inset-block-start:13px;\n      inset-inline-end:15px;\n      color:rgba(0,36,90,.10);\n      font-family:Georgia,\"Times New Roman\",serif;\n      font-size:46px;\n      font-weight:700;\n      line-height:1;\n      pointer-events:none;\n    }\n\n    .emf-summary-card-title {\n      position:relative;\n      z-index:1;\n      margin:0 0 11px;\n      padding-block-end:10px;\n      color:var(--emf-navy);\n      border-block-end:2px solid var(--emf-navy);\n      font-family:Georgia,\"Times New Roman\",serif;\n      font-size:18px;\n      font-weight:700;\n      line-height:1.3;\n      overflow-wrap:anywhere;\n    }\n\n    .emf-summary-card-text {\n      position:relative;\n      z-index:1;\n      color:#485560;\n      font-size:13px;\n      line-height:1.6;\n      overflow-wrap:anywhere;\n    }\n\n    .emf-summary-card-meta {\n      position:relative;\n      z-index:1;\n      display:inline-flex;\n      margin-block-start:16px;\n      padding:5px 8px;\n      color:var(--emf-navy);\n      background:#edf1f5;\n      border:1px solid #d9e0e7;\n      border-radius:2px!important;\n      font-size:10px;\n      font-weight:700;\n      letter-spacing:.08em;\n      line-height:1.2;\n      text-transform:uppercase;\n    }\n\n    @media(max-width:760px) {\n      .emf-summary-grid {\n        grid-template-columns:1fr;\n      }\n\n      .emf-summary-card {\n        min-block-size:0;\n        border-inline-end:0;\n        border-block-end:1px solid var(--emf-line);\n      }\n\n      .emf-summary-card:last-child {\n        border-block-end:0;\n      }\n    }\n\n    @media(max-width:480px) {\n      .emf-summary-brand {\n        padding:14px 15px;\n      }\n\n      .emf-summary-logo {\n        inline-size:52px;\n        block-size:52px;\n        flex-basis:52px;\n      }\n\n      .emf-summary-logo img {\n        inline-size:41px;\n        block-size:41px;\n        max-inline-size:41px;\n        max-block-size:41px;\n      }\n\n      .emf-summary-title {\n        font-size:22px;\n      }\n\n      .emf-summary-card {\n        padding:21px 16px 18px;\n      }\n    }\n  <\/style>\n\n  <div class=\"emf-summary-brand\">\n    <div class=\"emf-summary-logo\">\n      <img\n        alt=\"Logo EM Foco\"\n        decoding=\"async\"\n        fetchpriority=\"high\"\n        height=\"46\"\n        loading=\"eager\"\n        referrerpolicy=\"no-referrer\"\n        src=\"https:\/\/www.em.com.br\/emfoco\/wp-content\/uploads\/2026\/08\/em_transparente_3000px-scaled.png\"\n        width=\"46\"\n      >\n    <\/div>\n\n    <div>\n      <div class=\"emf-summary-eyebrow\">EM FOCO<\/div>\n      <div class=\"emf-summary-title\">Resumo da mat\u00e9ria<\/div>\n    <\/div>\n  <\/div>\n\n  <div class=\"emf-summary-grid\">\n    <div class=\"emf-summary-card\">\n      <span aria-hidden=\"true\" class=\"emf-summary-number\">01<\/span>\n      <div aria-level=\"3\" class=\"emf-summary-card-title\" role=\"heading\">\n        Brisa no calor\n      <\/div>\n      <div class=\"emf-summary-card-text\">\n        No tempo quente, o melhor ajuste \u00e9 aquele que envia o ar para baixo e cria uma brisa percept\u00edvel sobre quem est\u00e1 no c\u00f4modo.\n      <\/div>\n      <div class=\"emf-summary-card-meta\">\n        modo ver\u00e3o\n      <\/div>\n    <\/div>\n    <div class=\"emf-summary-card\">\n      <span aria-hidden=\"true\" class=\"emf-summary-number\">02<\/span>\n      <div aria-level=\"3\" class=\"emf-summary-card-title\" role=\"heading\">\n        Ar quente no alto\n      <\/div>\n      <div class=\"emf-summary-card-text\">\n        No frio, a revers\u00e3o em baixa velocidade ajuda a misturar o ar aquecido que se concentra perto do teto.\n      <\/div>\n      <div class=\"emf-summary-card-meta\">\n        modo inverno\n      <\/div>\n    <\/div>\n    <div class=\"emf-summary-card\">\n      <span aria-hidden=\"true\" class=\"emf-summary-number\">03<\/span>\n      <div aria-level=\"3\" class=\"emf-summary-card-title\" role=\"heading\">\n        Olhe para as p\u00e1s\n      <\/div>\n      <div class=\"emf-summary-card-text\">\n        O sentido hor\u00e1rio ou anti-hor\u00e1rio \u00e9 uma refer\u00eancia comum, mas a inclina\u00e7\u00e3o e o desenho das p\u00e1s determinam o fluxo real.\n      <\/div>\n      <div class=\"emf-summary-card-meta\">\n        teste pr\u00e1tico\n      <\/div>\n    <\/div>\n  <\/div>\n<\/div>\n\n\n\n<p class=\"wp-block-paragraph\">Em dias muito quentes ou frios, o <strong>ventilador de teto<\/strong> pode ajudar mais quando o fluxo de ar est\u00e1 na dire\u00e7\u00e3o certa. No calor, a brisa deve chegar \u00e0s pessoas; no frio, o ideal \u00e9 redistribuir o ar quente acumulado no alto. A <strong>inclina\u00e7\u00e3o das p\u00e1s<\/strong> define como esse efeito acontece e impede confiar s\u00f3 no sentido visual do giro.<\/p>\n\n\n\n<h2 class=\"wp-block-heading\">Por que o ventilador de teto muda a sensa\u00e7\u00e3o de conforto?<\/h2>\n\n\n\n<p class=\"wp-block-paragraph\">O <a href=\"https:\/\/pt.wikipedia.org\/wiki\/Ventilador_de_teto\" target=\"_blank\" rel=\"noopener noreferrer\"><strong>ventilador de teto<\/strong><\/a> n\u00e3o precisa baixar a temperatura do ar para aliviar o calor. O movimento aumenta a troca de calor na pele e cria uma <strong>sensa\u00e7\u00e3o de frescor<\/strong>, especialmente quando a corrente de ar desce at\u00e9 a \u00e1rea ocupada.<\/p>\n\n\n\n<p class=\"wp-block-paragraph\">No frio, a l\u00f3gica muda. Como o <strong>ar aquecido tende a ficar mais alto<\/strong>, uma circula\u00e7\u00e3o suave pode mistur\u00e1-lo com o restante do ambiente. O objetivo n\u00e3o \u00e9 criar vento forte sobre as pessoas, mas reduzir a diferen\u00e7a de temperatura entre teto e zona ocupada.<\/p>\n\n\n<div class=\"wp-block-image\">\n<figure class=\"aligncenter size-large\"><img decoding=\"async\" width=\"1024\" height=\"576\" src=\"https:\/\/www.em.com.br\/emfoco\/wp-content\/uploads\/2026\/09\/teto-1024x576.jpg\" alt=\"\" class=\"wp-image-261951\" srcset=\"https:\/\/www.em.com.br\/emfoco\/wp-content\/uploads\/2026\/09\/teto-1024x576.jpg 1024w, https:\/\/www.em.com.br\/emfoco\/wp-content\/uploads\/2026\/09\/teto-300x169.jpg 300w, https:\/\/www.em.com.br\/emfoco\/wp-content\/uploads\/2026\/09\/teto-768x432.jpg 768w, https:\/\/www.em.com.br\/emfoco\/wp-content\/uploads\/2026\/09\/teto-750x421.jpg 750w, https:\/\/www.em.com.br\/emfoco\/wp-content\/uploads\/2026\/09\/teto-1140x641.jpg 1140w, https:\/\/www.em.com.br\/emfoco\/wp-content\/uploads\/2026\/09\/teto.jpg 1280w\" sizes=\"(max-width: 1024px) 100vw, 1024px\" \/><figcaption class=\"wp-element-caption\">Uma configura\u00e7\u00e3o pode criar vento direto enquanto a outra favorece uma circula\u00e7\u00e3o mais suave<\/figcaption><\/figure>\n<\/div>\n\n\n<h2 class=\"wp-block-heading\">Qual sentido das p\u00e1s deve ser usado no ver\u00e3o e no inverno?<\/h2>\n\n\n\n<p class=\"wp-block-paragraph\">Em muitos modelos revers\u00edveis, o ajuste de ver\u00e3o corresponde ao giro <strong>anti-hor\u00e1rio visto de baixo<\/strong>, formando corrente descendente. J\u00e1 no inverno, o giro hor\u00e1rio em velocidade baixa costuma produzir corrente ascendente e recircular o <strong>ar quente<\/strong> pelas laterais do c\u00f4modo.<\/p>\n\n\n\n<p class=\"wp-block-paragraph\">A regra, por\u00e9m, depende do projeto. A <a href=\"https:\/\/www.energystar.gov\/products\/ceiling_fans\/performance_components_count\" target=\"_blank\" rel=\"noopener noreferrer\"><strong>ENERGY STAR<\/strong><\/a> explica que o \u00e2ngulo, o formato, o n\u00famero e o comprimento das p\u00e1s influenciam o fluxo. Por isso, vale observar a dire\u00e7\u00e3o do ar, n\u00e3o apenas decorar o sentido do giro.<\/p>\n\n\n\n<h2 class=\"wp-block-heading\">Como saber se o ventilador est\u00e1 no ajuste certo?<\/h2>\n\n\n\n<p class=\"wp-block-paragraph\">Comece com o aparelho desligado e espere as p\u00e1s pararem. Depois, acione a <strong>menor velocidade<\/strong> e fique abaixo do ventilador. No modo de calor, voc\u00ea deve perceber uma corrente clara descendo. Se quase n\u00e3o houver brisa, teste a revers\u00e3o e compare.<\/p>\n\n\n\n<p class=\"wp-block-paragraph\">No per\u00edodo frio, o ajuste correto costuma ser mais discreto. Voc\u00ea procura <strong>mistura de ar sem vento forte<\/strong> sobre o corpo. Caso o ventilador tenha controle remoto, aplicativo ou chave no corpo do motor, siga a indica\u00e7\u00e3o do fabricante para alternar o modo.<\/p>\n\n\n\n<p class=\"myth-list-bridge wp-block-paragraph\">A seguir listamos <strong>4 sinais simples<\/strong> que ajudam a conferir o ajuste sem depender apenas do sentido visual:<\/p>\n\n\n\n<ul class=\"wp-block-list myth-bullet-list\">\n<li><strong>Brisa para baixo: <\/strong>no calor, o fluxo deve chegar com facilidade \u00e0 \u00e1rea onde as pessoas ficam.<\/li>\n\n\n\n<li><strong>Velocidade baixa: <\/strong>no frio, uma rota\u00e7\u00e3o suave reduz a chance de criar sensa\u00e7\u00e3o de vento gelado.<\/li>\n\n\n\n<li><strong>Chave reversora: <\/strong>muitos modelos trazem um seletor no corpo do motor ou no controle remoto.<\/li>\n\n\n\n<li><strong>Manual do aparelho: <\/strong>o documento confirma como aquele projeto espec\u00edfico movimenta o ar.<\/li>\n<\/ul>\n\n\n<div class=\"wp-block-image\">\n<figure class=\"aligncenter size-large\"><img decoding=\"async\" width=\"1024\" height=\"576\" src=\"https:\/\/www.em.com.br\/emfoco\/wp-content\/uploads\/2026\/09\/ventilador2-1-1024x576.jpg\" alt=\"\" class=\"wp-image-261953\" srcset=\"https:\/\/www.em.com.br\/emfoco\/wp-content\/uploads\/2026\/09\/ventilador2-1-1024x576.jpg 1024w, https:\/\/www.em.com.br\/emfoco\/wp-content\/uploads\/2026\/09\/ventilador2-1-300x169.jpg 300w, https:\/\/www.em.com.br\/emfoco\/wp-content\/uploads\/2026\/09\/ventilador2-1-768x432.jpg 768w, https:\/\/www.em.com.br\/emfoco\/wp-content\/uploads\/2026\/09\/ventilador2-1-750x421.jpg 750w, https:\/\/www.em.com.br\/emfoco\/wp-content\/uploads\/2026\/09\/ventilador2-1-1140x641.jpg 1140w, https:\/\/www.em.com.br\/emfoco\/wp-content\/uploads\/2026\/09\/ventilador2-1.jpg 1280w\" sizes=\"(max-width: 1024px) 100vw, 1024px\" \/><figcaption class=\"wp-element-caption\">O recurso costuma ser mais \u00fatil em modelos que possuem chave espec\u00edfica para inverter a rota\u00e7\u00e3o<\/figcaption><\/figure>\n<\/div>\n\n\n<p class=\"wp-block-paragraph\"><strong>Leia tamb\u00e9m: <a href=\"https:\/\/www.em.com.br\/emfoco\/2026\/09\/02\/po-branco-na-parede-nem-sempre-e-mofo-pode-ser-sinal-de-umidade\/\" target=\"_blank\" rel=\"noreferrer noopener\">P\u00f3 branco na parede nem sempre \u00e9 mofo: pode ser sinal de umidade<\/a><\/strong><\/p>\n\n\n\n<h2 class=\"wp-block-heading\">Quando inverter o ventilador realmente faz diferen\u00e7a?<\/h2>\n\n\n\n<p class=\"wp-block-paragraph\">A invers\u00e3o tende a ser mais \u00fatil quando h\u00e1 <strong>diferen\u00e7a percept\u00edvel entre o teto e a \u00e1rea ocupada<\/strong>, comum em ambientes altos ou aquecidos. No ver\u00e3o, a prioridade \u00e9 outra: criar movimento de ar diretamente onde h\u00e1 pessoas, em vez de apenas misturar o c\u00f4modo.<\/p>\n\n\n\n<p class=\"wp-block-paragraph\">Tamb\u00e9m importa a geometria das p\u00e1s. Um ventilador com <strong>inclina\u00e7\u00e3o diferente<\/strong> pode empurrar o ar em dire\u00e7\u00e3o oposta ao esperado por uma regra gen\u00e9rica. A melhor confer\u00eancia \u00e9 combinar o manual com o teste de fluxo feito abaixo do aparelho, sempre com cuidado.<\/p>\n\n\n\n<p class=\"myth-html-bridge wp-block-paragraph\">A seguir listamos <strong>3 situa\u00e7\u00f5es de uso<\/strong> que resumem qual efeito buscar em cada condi\u00e7\u00e3o:<\/p>\n\n\n\n<div class=\"emf-data-table google-auto-ads-ignore\">\n  <style>\n    .emf-data-table {\n      --emf-navy:#00245a;\n      --emf-navy-soft:#0b3b70;\n      --emf-ink:#1d2731;\n      --emf-muted:#66727e;\n      --emf-line:#d7dde5;\n      --emf-wash:#f4f6f8;\n      box-sizing:border-box!important;\n      inline-size:min(1100px,100%)!important;\n      max-inline-size:100%!important;\n      margin-inline:auto!important;\n      overflow:hidden!important;\n      color:var(--emf-ink);\n      background:#fff;\n      border:1px solid var(--emf-line);\n      border-radius:6px!important;\n      box-shadow:0 8px 24px rgba(0,36,90,.08);\n      font-family:Arial,Helvetica,sans-serif;\n    }\n\n    .emf-data-table *,\n    .emf-data-table *::before,\n    .emf-data-table *::after {\n      box-sizing:border-box!important;\n    }\n\n    .emf-data-table-brand {\n      display:flex;\n      align-items:center;\n      gap:13px;\n      min-block-size:72px;\n      padding:10px 17px;\n      color:#fff;\n      background:linear-gradient(105deg,var(--emf-navy) 0%,var(--emf-navy-soft) 100%);\n      border-block-end:4px solid #c5ced8;\n    }\n\n    .emf-data-table-logo {\n      display:grid;\n      place-items:center;\n      inline-size:52px;\n      block-size:52px;\n      flex:0 0 52px;\n      background:rgba(255,255,255,.08);\n      border:1px solid rgba(255,255,255,.35);\n      border-radius:3px!important;\n    }\n\n    .emf-data-table-logo img {\n      display:block;\n      inline-size:41px;\n      block-size:41px;\n      max-inline-size:41px;\n      max-block-size:41px;\n      object-fit:contain;\n    }\n\n    .emf-data-table-kicker {\n      margin:0 0 2px;\n      font-size:10px;\n      font-weight:700;\n      letter-spacing:.16em;\n      line-height:1.2;\n      text-transform:uppercase;\n      opacity:.78;\n    }\n\n    .emf-data-table-title {\n      margin:0;\n      font-family:Georgia,\"Times New Roman\",serif;\n      font-size:21px;\n      font-weight:700;\n      line-height:1.2;\n    }\n\n    .emf-data-table-scroll {\n      display:block!important;\n      inline-size:100%!important;\n      max-inline-size:100%!important;\n      overflow-x:auto!important;\n      overflow-y:hidden!important;\n      -webkit-overflow-scrolling:touch;\n      overscroll-behavior-inline:contain;\n      scrollbar-width:thin;\n      scrollbar-color:#8798aa #edf1f5;\n    }\n\n    .emf-data-table-scroll:focus-visible {\n      outline:3px solid rgba(0,36,90,.35);\n      outline-offset:-3px;\n    }\n\n    .emf-data-table table {\n      display:table!important;\n      inline-size:100%!important;\n      min-inline-size:680px!important;\n      max-inline-size:none!important;\n      margin:0!important;\n      border:0!important;\n      border-collapse:separate!important;\n      border-spacing:0!important;\n      table-layout:auto!important;\n      background:#fff!important;\n    }\n\n    .emf-data-table caption {\n      position:absolute!important;\n      inline-size:1px!important;\n      block-size:1px!important;\n      padding:0!important;\n      margin:-1px!important;\n      overflow:hidden!important;\n      clip:rect(0,0,0,0)!important;\n      white-space:nowrap!important;\n      border:0!important;\n    }\n\n    .emf-data-table thead {\n      display:table-header-group!important;\n    }\n\n    .emf-data-table tbody {\n      display:table-row-group!important;\n    }\n\n    .emf-data-table tr {\n      display:table-row!important;\n    }\n\n    .emf-data-table th,\n    .emf-data-table td {\n      display:table-cell!important;\n      float:none!important;\n      inline-size:auto!important;\n      max-inline-size:none!important;\n      margin:0!important;\n      border-radius:0!important;\n      text-align:left!important;\n      vertical-align:middle!important;\n    }\n\n    .emf-data-table th {\n      padding:14px 17px!important;\n      color:#fff!important;\n      background:var(--emf-navy)!important;\n      border-block-end:1px solid rgba(255,255,255,.22)!important;\n      border-inline-end:1px solid rgba(255,255,255,.12)!important;\n      font-family:Georgia,\"Times New Roman\",serif;\n      font-size:14px!important;\n      font-weight:700!important;\n      line-height:1.35!important;\n      white-space:nowrap!important;\n    }\n\n    .emf-data-table th:last-child {\n      border-inline-end:0!important;\n    }\n\n    .emf-data-table td {\n      padding:14px 17px!important;\n      color:#43515e!important;\n      background:#fff!important;\n      border-block-end:1px solid var(--emf-line)!important;\n      font-size:14px!important;\n      font-weight:400!important;\n      line-height:1.5!important;\n      overflow-wrap:anywhere;\n    }\n\n    .emf-data-table tbody tr:nth-child(even) td {\n      background:var(--emf-wash)!important;\n    }\n\n    .emf-data-table tbody tr:hover td {\n      background:#eaf0f5!important;\n    }\n\n    .emf-data-table tbody tr:last-child td {\n      border-block-end:0!important;\n    }\n\n    .emf-data-table td:first-child {\n      color:var(--emf-navy)!important;\n      font-weight:700!important;\n    }\n\n    @media(max-width:560px) {\n      .emf-data-table-brand {\n        min-block-size:68px;\n        padding:9px 13px;\n      }\n\n      .emf-data-table-title {\n        font-size:19px;\n      }\n\n      .emf-data-table-scroll {\n        overflow:visible!important;\n      }\n\n      .emf-data-table table,\n      .emf-data-table thead,\n      .emf-data-table tbody,\n      .emf-data-table tr,\n      .emf-data-table th,\n      .emf-data-table td {\n        display:block!important;\n        inline-size:100%!important;\n        min-inline-size:0!important;\n        max-inline-size:100%!important;\n      }\n\n      .emf-data-table table {\n        padding:13px!important;\n      }\n\n      .emf-data-table thead {\n        position:absolute!important;\n        inline-size:1px!important;\n        block-size:1px!important;\n        padding:0!important;\n        margin:-1px!important;\n        overflow:hidden!important;\n        clip:rect(0,0,0,0)!important;\n        white-space:nowrap!important;\n      }\n\n      .emf-data-table tbody {\n        display:grid!important;\n        gap:11px;\n      }\n\n      .emf-data-table tr {\n        overflow:hidden!important;\n        background:#fff!important;\n        border:1px solid var(--emf-line)!important;\n        border-block-start:4px solid var(--emf-navy)!important;\n        border-radius:4px!important;\n        box-shadow:0 4px 12px rgba(0,36,90,.06);\n      }\n\n      .emf-data-table td,\n      .emf-data-table tbody tr:nth-child(even) td,\n      .emf-data-table tbody tr:hover td {\n        display:grid!important;\n        grid-template-columns:minmax(105px,38%) minmax(0,1fr)!important;\n        align-items:start;\n        gap:11px;\n        padding:11px 12px!important;\n        background:#fff!important;\n        border-block-end:1px solid #e2e7ec!important;\n      }\n\n      .emf-data-table td::before {\n        content:attr(data-label);\n        color:var(--emf-muted);\n        font-size:10px;\n        font-weight:700;\n        letter-spacing:.06em;\n        line-height:1.35;\n        text-transform:uppercase;\n      }\n\n      .emf-data-table td:first-child {\n        color:var(--emf-navy)!important;\n        background:#edf1f5!important;\n      }\n\n      .emf-data-table td:last-child {\n        border-block-end:0!important;\n      }\n    }\n  <\/style>\n\n  <div class=\"emf-data-table-brand\">\n    <div class=\"emf-data-table-logo\">\n      <img\n        alt=\"Logo EM Foco\"\n        decoding=\"async\"\n        height=\"41\"\n        loading=\"lazy\"\n        referrerpolicy=\"no-referrer\"\n        src=\"https:\/\/www.em.com.br\/emfoco\/wp-content\/uploads\/2026\/08\/em_transparente_3000px-scaled.png\"\n        width=\"41\"\n      >\n    <\/div>\n\n    <div>\n      <div class=\"emf-data-table-kicker\">DADOS EM FOCO<\/div>\n      <div class=\"emf-data-table-title\">Como escolher o ajuste<\/div>\n    <\/div>\n  <\/div>\n\n  <div aria-label=\"Tabela com efeito desejado, ajuste do fluxo e verifica\u00e7\u00e3o pr\u00e1tica\" class=\"emf-data-table-scroll\" role=\"region\" tabindex=\"0\">\n    <table>\n      <caption>Resumo dos ajustes do ventilador de teto por situa\u00e7\u00e3o<\/caption>\n      <thead>\n        <tr>\n          <th scope=\"col\">Situa\u00e7\u00e3o<\/th>\n          <th scope=\"col\">Efeito desejado<\/th>\n          <th scope=\"col\">Como conferir<\/th>\n        <\/tr>\n      <\/thead>\n      <tbody>\n        <tr>\n          <td data-label=\"Situa\u00e7\u00e3o\">Calor<\/td>\n          <td data-label=\"Efeito desejado\">Ar descendo sobre as pessoas<\/td>\n          <td data-label=\"Como conferir\">Sentir brisa abaixo do ventilador<\/td>\n        <\/tr>\n        <tr>\n          <td data-label=\"Situa\u00e7\u00e3o\">Frio<\/td>\n          <td data-label=\"Efeito desejado\">Recircular ar quente do teto<\/td>\n          <td data-label=\"Como conferir\">Usar baixa velocidade e evitar vento forte<\/td>\n        <\/tr>\n        <tr>\n          <td data-label=\"Situa\u00e7\u00e3o\">D\u00favida no modelo<\/td>\n          <td data-label=\"Efeito desejado\">Confirmar dire\u00e7\u00e3o real do fluxo<\/td>\n          <td data-label=\"Como conferir\">Consultar manual e testar abaixo do aparelho<\/td>\n        <\/tr>\n      <\/tbody>\n    <\/table>\n  <\/div>\n<\/div>\n\n\n\n<h2 class=\"wp-block-heading\">O que vale fazer antes de mudar o sentido das p\u00e1s?<\/h2>\n\n\n\n<p class=\"wp-block-paragraph\">Desligue o aparelho, espere a parada completa e confirme no <strong>manual do fabricante<\/strong> onde fica a revers\u00e3o. N\u00e3o tente tocar na chave com as p\u00e1s girando. Se houver ac\u00famulo de poeira, a troca de sentido tamb\u00e9m pode soltar sujeira que estava na face superior.<\/p>\n\n\n\n<p class=\"wp-block-paragraph\">A decis\u00e3o mais segura \u00e9 simples: use o <strong>fluxo de ar percebido<\/strong> como refer\u00eancia principal. No calor, procure brisa descendente; no frio, circula\u00e7\u00e3o suave que redistribua o ar quente. Assim, a invers\u00e3o deixa de ser um ritual de esta\u00e7\u00e3o e passa a ter uma fun\u00e7\u00e3o pr\u00e1tica.<\/p>\n","protected":false},"excerpt":{"rendered":"<p>EM FOCO Resumo da mat\u00e9ria 01 Brisa no calor No tempo quente, o melhor ajuste \u00e9 aquele que envia o ar para baixo e cria uma brisa percept\u00edvel sobre quem est\u00e1 no c\u00f4modo. modo ver\u00e3o 02 Ar quente no alto No frio, a revers\u00e3o em baixa velocidade ajuda a misturar o ar aquecido que se [&hellip;]<\/p>\n","protected":false},"author":30,"featured_media":261950,"comment_status":"open","ping_status":"open","sticky":false,"template":"","format":"standard","meta":{"jnews-multi-image_gallery":[],"jnews_single_post":{"format":"standard"},"jnews_primary_category":[],"jnews_social_meta":[],"jnews_override_counter":[],"footnotes":""},"categories":[8691],"tags":[2911,5960,868,5619],"class_list":["post-261933","post","type-post","status-publish","format-standard","has-post-thumbnail","hentry","category-bem-estar","tag-casa","tag-conforto","tag-energia","tag-ventilador"],"yoast_head":"<!-- This site is optimized with the Yoast SEO plugin v28.3 - https:\/\/yoast.com\/product\/yoast-seo-wordpress\/ -->\n<title>Seu ventilador de teto pode estar girando para o lado errado: quando inverter o sentido das p\u00e1s realmente muda o conforto do ambiente - Estado de Minas - Em foco<\/title>\n<meta name=\"description\" content=\"O sentido das p\u00e1s do ventilador de teto pode mudar a circula\u00e7\u00e3o do ar e o conforto. Veja quando vale a pena inverter a rota\u00e7\u00e3o do aparelho.\" \/>\n<meta name=\"robots\" content=\"index, follow, max-snippet:-1, max-image-preview:large, max-video-preview:-1\" \/>\n<link rel=\"canonical\" href=\"https:\/\/www.em.com.br\/emfoco\/2026\/09\/03\/seu-ventilador-de-teto-pode-estar-girando-para-o-lado-errado-quando-inverter-o-sentido-das-pas-realmente-muda-o-conforto-do-ambiente\/\" \/>\n<meta property=\"og:locale\" content=\"pt_BR\" \/>\n<meta property=\"og:type\" content=\"article\" \/>\n<meta property=\"og:title\" content=\"Seu ventilador de teto pode estar girando para o lado errado: quando inverter o sentido das p\u00e1s realmente muda o conforto do ambiente - Estado de Minas - Em foco\" \/>\n<meta property=\"og:description\" content=\"O sentido das p\u00e1s do ventilador de teto pode mudar a circula\u00e7\u00e3o do ar e o conforto. Veja quando vale a pena inverter a rota\u00e7\u00e3o do aparelho.\" \/>\n<meta property=\"og:url\" content=\"https:\/\/www.em.com.br\/emfoco\/2026\/09\/03\/seu-ventilador-de-teto-pode-estar-girando-para-o-lado-errado-quando-inverter-o-sentido-das-pas-realmente-muda-o-conforto-do-ambiente\/\" \/>\n<meta property=\"og:site_name\" content=\"Estado de Minas - Em foco\" \/>\n<meta property=\"article:published_time\" content=\"2026-09-03T11:07:00+00:00\" \/>\n<meta property=\"og:image\" content=\"https:\/\/www.em.com.br\/emfoco\/wp-content\/uploads\/2026\/09\/ventialdro2.jpg\" \/>\n\t<meta property=\"og:image:width\" content=\"1280\" \/>\n\t<meta property=\"og:image:height\" content=\"720\" \/>\n\t<meta property=\"og:image:type\" content=\"image\/jpeg\" \/>\n<meta name=\"author\" content=\"Guilherme Ara\u00fajo\" \/>\n<meta name=\"twitter:card\" content=\"summary_large_image\" \/>\n<meta name=\"twitter:label1\" content=\"Escrito por\" \/>\n\t<meta name=\"twitter:data1\" content=\"Guilherme Ara\u00fajo\" \/>\n\t<meta name=\"twitter:label2\" content=\"Est. tempo de leitura\" \/>\n\t<meta name=\"twitter:data2\" content=\"6 minutos\" \/>\n<!-- \/ Yoast SEO plugin. -->","yoast_head_json":{"title":"Seu ventilador de teto pode estar girando para o lado errado: quando inverter o sentido das p\u00e1s realmente muda o conforto do ambiente - Estado de Minas - Em foco","description":"O sentido das p\u00e1s do ventilador de teto pode mudar a circula\u00e7\u00e3o do ar e o conforto. Veja quando vale a pena inverter a rota\u00e7\u00e3o do aparelho.","robots":{"index":"index","follow":"follow","max-snippet":"max-snippet:-1","max-image-preview":"max-image-preview:large","max-video-preview":"max-video-preview:-1"},"canonical":"https:\/\/www.em.com.br\/emfoco\/2026\/09\/03\/seu-ventilador-de-teto-pode-estar-girando-para-o-lado-errado-quando-inverter-o-sentido-das-pas-realmente-muda-o-conforto-do-ambiente\/","og_locale":"pt_BR","og_type":"article","og_title":"Seu ventilador de teto pode estar girando para o lado errado: quando inverter o sentido das p\u00e1s realmente muda o conforto do ambiente - Estado de Minas - Em foco","og_description":"O sentido das p\u00e1s do ventilador de teto pode mudar a circula\u00e7\u00e3o do ar e o conforto. Veja quando vale a pena inverter a rota\u00e7\u00e3o do aparelho.","og_url":"https:\/\/www.em.com.br\/emfoco\/2026\/09\/03\/seu-ventilador-de-teto-pode-estar-girando-para-o-lado-errado-quando-inverter-o-sentido-das-pas-realmente-muda-o-conforto-do-ambiente\/","og_site_name":"Estado de Minas - Em foco","article_published_time":"2026-09-03T11:07:00+00:00","og_image":[{"width":1280,"height":720,"url":"https:\/\/www.em.com.br\/emfoco\/wp-content\/uploads\/2026\/09\/ventialdro2.jpg","type":"image\/jpeg"}],"author":"Guilherme Ara\u00fajo","twitter_card":"summary_large_image","twitter_misc":{"Escrito por":"Guilherme Ara\u00fajo","Est. tempo de leitura":"6 minutos"},"schema":{"@context":"https:\/\/schema.org","@graph":[{"@type":"Article","@id":"https:\/\/www.em.com.br\/emfoco\/2026\/09\/03\/seu-ventilador-de-teto-pode-estar-girando-para-o-lado-errado-quando-inverter-o-sentido-das-pas-realmente-muda-o-conforto-do-ambiente\/#article","isPartOf":{"@id":"https:\/\/www.em.com.br\/emfoco\/2026\/09\/03\/seu-ventilador-de-teto-pode-estar-girando-para-o-lado-errado-quando-inverter-o-sentido-das-pas-realmente-muda-o-conforto-do-ambiente\/"},"author":{"name":"Guilherme Ara\u00fajo","@id":"https:\/\/www.em.com.br\/emfoco\/#\/schema\/person\/5379e929a4b966c775d121e23f9bb421"},"headline":"Seu ventilador de teto pode estar girando para o lado errado: quando inverter o sentido das p\u00e1s realmente muda o conforto do ambiente","datePublished":"2026-09-03T11:07:00+00:00","mainEntityOfPage":{"@id":"https:\/\/www.em.com.br\/emfoco\/2026\/09\/03\/seu-ventilador-de-teto-pode-estar-girando-para-o-lado-errado-quando-inverter-o-sentido-das-pas-realmente-muda-o-conforto-do-ambiente\/"},"wordCount":915,"commentCount":0,"image":{"@id":"https:\/\/www.em.com.br\/emfoco\/2026\/09\/03\/seu-ventilador-de-teto-pode-estar-girando-para-o-lado-errado-quando-inverter-o-sentido-das-pas-realmente-muda-o-conforto-do-ambiente\/#primaryimage"},"thumbnailUrl":"https:\/\/www.em.com.br\/emfoco\/wp-content\/uploads\/2026\/09\/ventialdro2.jpg","keywords":["Casa","conforto","energia","ventilador"],"articleSection":["Bem Estar"],"inLanguage":"pt-BR","potentialAction":[{"@type":"CommentAction","name":"Comment","target":["https:\/\/www.em.com.br\/emfoco\/2026\/09\/03\/seu-ventilador-de-teto-pode-estar-girando-para-o-lado-errado-quando-inverter-o-sentido-das-pas-realmente-muda-o-conforto-do-ambiente\/#respond"]}]},{"@type":"WebPage","@id":"https:\/\/www.em.com.br\/emfoco\/2026\/09\/03\/seu-ventilador-de-teto-pode-estar-girando-para-o-lado-errado-quando-inverter-o-sentido-das-pas-realmente-muda-o-conforto-do-ambiente\/","url":"https:\/\/www.em.com.br\/emfoco\/2026\/09\/03\/seu-ventilador-de-teto-pode-estar-girando-para-o-lado-errado-quando-inverter-o-sentido-das-pas-realmente-muda-o-conforto-do-ambiente\/","name":"Seu ventilador de teto pode estar girando para o lado errado: quando inverter o sentido das p\u00e1s realmente muda o conforto do ambiente - Estado de Minas - Em foco","isPartOf":{"@id":"https:\/\/www.em.com.br\/emfoco\/#website"},"primaryImageOfPage":{"@id":"https:\/\/www.em.com.br\/emfoco\/2026\/09\/03\/seu-ventilador-de-teto-pode-estar-girando-para-o-lado-errado-quando-inverter-o-sentido-das-pas-realmente-muda-o-conforto-do-ambiente\/#primaryimage"},"image":{"@id":"https:\/\/www.em.com.br\/emfoco\/2026\/09\/03\/seu-ventilador-de-teto-pode-estar-girando-para-o-lado-errado-quando-inverter-o-sentido-das-pas-realmente-muda-o-conforto-do-ambiente\/#primaryimage"},"thumbnailUrl":"https:\/\/www.em.com.br\/emfoco\/wp-content\/uploads\/2026\/09\/ventialdro2.jpg","datePublished":"2026-09-03T11:07:00+00:00","author":{"@id":"https:\/\/www.em.com.br\/emfoco\/#\/schema\/person\/5379e929a4b966c775d121e23f9bb421"},"description":"O sentido das p\u00e1s do ventilador de teto pode mudar a circula\u00e7\u00e3o do ar e o conforto. Veja quando vale a pena inverter a rota\u00e7\u00e3o do aparelho.","breadcrumb":{"@id":"https:\/\/www.em.com.br\/emfoco\/2026\/09\/03\/seu-ventilador-de-teto-pode-estar-girando-para-o-lado-errado-quando-inverter-o-sentido-das-pas-realmente-muda-o-conforto-do-ambiente\/#breadcrumb"},"inLanguage":"pt-BR","potentialAction":[{"@type":"ReadAction","target":["https:\/\/www.em.com.br\/emfoco\/2026\/09\/03\/seu-ventilador-de-teto-pode-estar-girando-para-o-lado-errado-quando-inverter-o-sentido-das-pas-realmente-muda-o-conforto-do-ambiente\/"]}]},{"@type":"ImageObject","inLanguage":"pt-BR","@id":"https:\/\/www.em.com.br\/emfoco\/2026\/09\/03\/seu-ventilador-de-teto-pode-estar-girando-para-o-lado-errado-quando-inverter-o-sentido-das-pas-realmente-muda-o-conforto-do-ambiente\/#primaryimage","url":"https:\/\/www.em.com.br\/emfoco\/wp-content\/uploads\/2026\/09\/ventialdro2.jpg","contentUrl":"https:\/\/www.em.com.br\/emfoco\/wp-content\/uploads\/2026\/09\/ventialdro2.jpg","width":1280,"height":720,"caption":"A dire\u00e7\u00e3o das p\u00e1s altera a forma como o ar se movimenta dentro do c\u00f4modo"},{"@type":"BreadcrumbList","@id":"https:\/\/www.em.com.br\/emfoco\/2026\/09\/03\/seu-ventilador-de-teto-pode-estar-girando-para-o-lado-errado-quando-inverter-o-sentido-das-pas-realmente-muda-o-conforto-do-ambiente\/#breadcrumb","itemListElement":[{"@type":"ListItem","position":1,"name":"In\u00edcio","item":"https:\/\/www.em.com.br\/emfoco\/"},{"@type":"ListItem","position":2,"name":"Seu ventilador de teto pode estar girando para o lado errado: quando inverter o sentido das p\u00e1s realmente muda o conforto do ambiente"}]},{"@type":"WebSite","@id":"https:\/\/www.em.com.br\/emfoco\/#website","url":"https:\/\/www.em.com.br\/emfoco\/","name":"Estado de Minas - Em foco","description":"Acompanhe as \u00faltimas not\u00edcias e fique bem informado sobre tudo o que acontece em Minas Gerais, Brasil e no mundo.","potentialAction":[{"@type":"SearchAction","target":{"@type":"EntryPoint","urlTemplate":"https:\/\/www.em.com.br\/emfoco\/?s={search_term_string}"},"query-input":{"@type":"PropertyValueSpecification","valueRequired":true,"valueName":"search_term_string"}}],"inLanguage":"pt-BR"},{"@type":"Person","@id":"https:\/\/www.em.com.br\/emfoco\/#\/schema\/person\/5379e929a4b966c775d121e23f9bb421","name":"Guilherme Ara\u00fajo","image":{"@type":"ImageObject","inLanguage":"pt-BR","@id":"https:\/\/secure.gravatar.com\/avatar\/063bc96e5a2afd1844386c45bd1360efc771eff011a9fab8cd399e2a104c3ecd?s=96&d=mm&r=g","url":"https:\/\/secure.gravatar.com\/avatar\/063bc96e5a2afd1844386c45bd1360efc771eff011a9fab8cd399e2a104c3ecd?s=96&d=mm&r=g","contentUrl":"https:\/\/secure.gravatar.com\/avatar\/063bc96e5a2afd1844386c45bd1360efc771eff011a9fab8cd399e2a104c3ecd?s=96&d=mm&r=g","caption":"Guilherme Ara\u00fajo"},"sameAs":["https:\/\/www.em.com.br\/emfoco"],"url":"https:\/\/www.em.com.br\/emfoco\/author\/guilhermeamyth\/"}]}},"_links":{"self":[{"href":"https:\/\/www.em.com.br\/emfoco\/wp-json\/wp\/v2\/posts\/261933","targetHints":{"allow":["GET"]}}],"collection":[{"href":"https:\/\/www.em.com.br\/emfoco\/wp-json\/wp\/v2\/posts"}],"about":[{"href":"https:\/\/www.em.com.br\/emfoco\/wp-json\/wp\/v2\/types\/post"}],"author":[{"embeddable":true,"href":"https:\/\/www.em.com.br\/emfoco\/wp-json\/wp\/v2\/users\/30"}],"replies":[{"embeddable":true,"href":"https:\/\/www.em.com.br\/emfoco\/wp-json\/wp\/v2\/comments?post=261933"}],"version-history":[{"count":4,"href":"https:\/\/www.em.com.br\/emfoco\/wp-json\/wp\/v2\/posts\/261933\/revisions"}],"predecessor-version":[{"id":262122,"href":"https:\/\/www.em.com.br\/emfoco\/wp-json\/wp\/v2\/posts\/261933\/revisions\/262122"}],"wp:featuredmedia":[{"embeddable":true,"href":"https:\/\/www.em.com.br\/emfoco\/wp-json\/wp\/v2\/media\/261950"}],"wp:attachment":[{"href":"https:\/\/www.em.com.br\/emfoco\/wp-json\/wp\/v2\/media?parent=261933"}],"wp:term":[{"taxonomy":"category","embeddable":true,"href":"https:\/\/www.em.com.br\/emfoco\/wp-json\/wp\/v2\/categories?post=261933"},{"taxonomy":"post_tag","embeddable":true,"href":"https:\/\/www.em.com.br\/emfoco\/wp-json\/wp\/v2\/tags?post=261933"}],"curies":[{"name":"wp","href":"https:\/\/api.w.org\/{rel}","templated":true}]}}