{"id":261931,"date":"2026-09-03T22:57:00","date_gmt":"2026-09-04T01:57:00","guid":{"rendered":"https:\/\/www.em.com.br\/emfoco\/?p=261931"},"modified":"2026-09-02T21:38:17","modified_gmt":"2026-09-03T00:38:17","slug":"pesquisadores-analisam-fossos-de-6-000-anos-que-podem-guardar-sinais-de-uma-das-primeiras-celebracoes-de-vitoria-da-europa","status":"publish","type":"post","link":"https:\/\/www.em.com.br\/emfoco\/2026\/09\/03\/pesquisadores-analisam-fossos-de-6-000-anos-que-podem-guardar-sinais-de-uma-das-primeiras-celebracoes-de-vitoria-da-europa\/","title":{"rendered":"Pesquisadores analisam fossos de 6.000 anos que podem guardar sinais de uma das primeiras celebra\u00e7\u00f5es de vit\u00f3ria da Europa"},"content":{"rendered":"\n<div class=\"emf-summary google-auto-ads-ignore\">\n  <style>\n    .emf-summary {\n      --emf-navy:#00245a;\n      --emf-navy-soft:#0b3b70;\n      --emf-ink:#1d2731;\n      --emf-muted:#66727e;\n      --emf-line:#d7dde5;\n      --emf-paper:#ffffff;\n      --emf-wash:#f4f6f8;\n      box-sizing:border-box!important;\n      inline-size:min(1100px,100%)!important;\n      max-inline-size:100%!important;\n      margin-inline:auto!important;\n      overflow:hidden!important;\n      color:var(--emf-ink);\n      background:var(--emf-paper);\n      border:1px solid var(--emf-line);\n      border-block-start:5px solid var(--emf-navy);\n      border-radius:6px!important;\n      box-shadow:0 8px 24px rgba(0,36,90,.08);\n      font-family:Arial,Helvetica,sans-serif;\n    }\n\n    .emf-summary *,\n    .emf-summary *::before,\n    .emf-summary *::after {\n      box-sizing:border-box!important;\n    }\n\n    .emf-summary-brand {\n      display:flex;\n      align-items:center;\n      gap:14px;\n      padding:16px 20px;\n      color:#fff;\n      background:linear-gradient(105deg,var(--emf-navy) 0%,var(--emf-navy-soft) 100%);\n      border-block-end:1px solid rgba(255,255,255,.18);\n    }\n\n    .emf-summary-logo {\n      display:grid;\n      place-items:center;\n      inline-size:58px;\n      block-size:58px;\n      flex:0 0 58px;\n      background:rgba(255,255,255,.08);\n      border:1px solid rgba(255,255,255,.35);\n      border-radius:3px!important;\n    }\n\n    .emf-summary-logo img {\n      display:block;\n      inline-size:46px;\n      block-size:46px;\n      max-inline-size:46px;\n      max-block-size:46px;\n      object-fit:contain;\n    }\n\n    .emf-summary-eyebrow {\n      margin:0 0 3px;\n      font-size:11px;\n      font-weight:700;\n      letter-spacing:.18em;\n      line-height:1.2;\n      text-transform:uppercase;\n      opacity:.78;\n    }\n\n    .emf-summary-title {\n      margin:0;\n      font-family:Georgia,\"Times New Roman\",serif;\n      font-size:25px;\n      font-weight:700;\n      line-height:1.15;\n    }\n\n    .emf-summary-grid {\n      display:grid;\n      grid-template-columns:repeat(3,minmax(0,1fr));\n      gap:0;\n      background:var(--emf-wash);\n    }\n\n    .emf-summary-card {\n      position:relative;\n      min-block-size:190px;\n      padding:24px 20px 20px;\n      overflow:hidden!important;\n      background:#fff;\n      border-inline-end:1px solid var(--emf-line);\n    }\n\n    .emf-summary-card:last-child {\n      border-inline-end:0;\n    }\n\n    .emf-summary-number {\n      position:absolute;\n      inset-block-start:13px;\n      inset-inline-end:15px;\n      color:rgba(0,36,90,.10);\n      font-family:Georgia,\"Times New Roman\",serif;\n      font-size:46px;\n      font-weight:700;\n      line-height:1;\n      pointer-events:none;\n    }\n\n    .emf-summary-card-title {\n      position:relative;\n      z-index:1;\n      margin:0 0 11px;\n      padding-block-end:10px;\n      color:var(--emf-navy);\n      border-block-end:2px solid var(--emf-navy);\n      font-family:Georgia,\"Times New Roman\",serif;\n      font-size:18px;\n      font-weight:700;\n      line-height:1.3;\n      overflow-wrap:anywhere;\n    }\n\n    .emf-summary-card-text {\n      position:relative;\n      z-index:1;\n      color:#485560;\n      font-size:13px;\n      line-height:1.6;\n      overflow-wrap:anywhere;\n    }\n\n    .emf-summary-card-meta {\n      position:relative;\n      z-index:1;\n      display:inline-flex;\n      margin-block-start:16px;\n      padding:5px 8px;\n      color:var(--emf-navy);\n      background:#edf1f5;\n      border:1px solid #d9e0e7;\n      border-radius:2px!important;\n      font-size:10px;\n      font-weight:700;\n      letter-spacing:.08em;\n      line-height:1.2;\n      text-transform:uppercase;\n    }\n\n    @media(max-width:760px) {\n      .emf-summary-grid {\n        grid-template-columns:1fr;\n      }\n\n      .emf-summary-card {\n        min-block-size:0;\n        border-inline-end:0;\n        border-block-end:1px solid var(--emf-line);\n      }\n\n      .emf-summary-card:last-child {\n        border-block-end:0;\n      }\n    }\n\n    @media(max-width:480px) {\n      .emf-summary-brand {\n        padding:14px 15px;\n      }\n\n      .emf-summary-logo {\n        inline-size:52px;\n        block-size:52px;\n        flex-basis:52px;\n      }\n\n      .emf-summary-logo img {\n        inline-size:41px;\n        block-size:41px;\n        max-inline-size:41px;\n        max-block-size:41px;\n      }\n\n      .emf-summary-title {\n        font-size:22px;\n      }\n\n      .emf-summary-card {\n        padding:21px 16px 18px;\n      }\n    }\n  <\/style>\n\n  <div class=\"emf-summary-brand\">\n    <div class=\"emf-summary-logo\">\n      <img\n        alt=\"Logo EM Foco\"\n        decoding=\"async\"\n        fetchpriority=\"high\"\n        height=\"46\"\n        loading=\"eager\"\n        referrerpolicy=\"no-referrer\"\n        src=\"https:\/\/www.em.com.br\/emfoco\/wp-content\/uploads\/2026\/08\/em_transparente_3000px-scaled.png\"\n        width=\"46\"\n      >\n    <\/div>\n\n    <div>\n      <div class=\"emf-summary-eyebrow\">EM FOCO<\/div>\n      <div class=\"emf-summary-title\">Resumo da mat\u00e9ria<\/div>\n    <\/div>\n  <\/div>\n\n  <div class=\"emf-summary-grid\">\n    <div class=\"emf-summary-card\">\n      <span aria-hidden=\"true\" class=\"emf-summary-number\">01<\/span>\n      <div aria-level=\"3\" class=\"emf-summary-card-title\" role=\"heading\">\n        Dois fossos violentos\n      <\/div>\n      <div class=\"emf-summary-card-text\">\n        Achenheim e Bergheim guardavam esqueletos com ferimentos extremos ao lado de bra\u00e7os esquerdos separados de outros indiv\u00edduos.\n      <\/div>\n      <div class=\"emf-summary-card-meta\">\n        Als\u00e1cia\n      <\/div>\n    <\/div>\n    <div class=\"emf-summary-card\">\n      <span aria-hidden=\"true\" class=\"emf-summary-number\">02<\/span>\n      <div aria-level=\"3\" class=\"emf-summary-card-title\" role=\"heading\">\n        Qu\u00edmica revela deslocamentos\n      <\/div>\n      <div class=\"emf-summary-card-text\">\n        Is\u00f3topos dos dentes e ossos mostraram diferen\u00e7as de origem, alimenta\u00e7\u00e3o, mobilidade e condi\u00e7\u00f5es vividas durante a inf\u00e2ncia.\n      <\/div>\n      <div class=\"emf-summary-card-meta\">\n        Vidas reconstru\u00eddas\n      <\/div>\n    <\/div>\n    <div class=\"emf-summary-card\">\n      <span aria-hidden=\"true\" class=\"emf-summary-number\">03<\/span>\n      <div aria-level=\"3\" class=\"emf-summary-card-title\" role=\"heading\">\n        Trof\u00e9us ainda s\u00e3o hip\u00f3tese\n      <\/div>\n      <div class=\"emf-summary-card-text\">\n        Os bra\u00e7os podem ter vindo de inimigos mortos, enquanto corpos completos podem pertencer a cativos, mas existem outras explica\u00e7\u00f5es.\n      <\/div>\n      <div class=\"emf-summary-card-meta\">\n        Interpreta\u00e7\u00e3o\n      <\/div>\n    <\/div>\n  <\/div>\n<\/div>\n\n\n\n<p class=\"wp-block-paragraph\">Na regi\u00e3o francesa da Als\u00e1cia, <strong>corpos mutilados<\/strong> e bra\u00e7os esquerdos separados foram colocados em fossos h\u00e1 mais de 6.000 anos. Ferimentos e an\u00e1lises qu\u00edmicas indicam v\u00edtimas de origens distintas, apoiando a hip\u00f3tese de <strong>trof\u00e9us de guerra<\/strong> e execu\u00e7\u00f5es em um poss\u00edvel ritual coletivo de vit\u00f3ria na aldeia.<\/p>\n\n\n\n<h2 class=\"wp-block-heading\">O que os corpos mutilados revelaram nos fossos?<\/h2>\n\n\n\n<p class=\"wp-block-paragraph\">Os dep\u00f3sitos foram encontrados em Achenheim e Bergheim, na Als\u00e1cia, nordeste da Fran\u00e7a. Datados de aproximadamente <strong>4300 a 4150 a.C.<\/strong>, eles pertencem ao <a href=\"https:\/\/pt.wikipedia.org\/wiki\/Neol%C3%ADtico\" target=\"_blank\" rel=\"noopener noreferrer\"><strong>Neol\u00edtico<\/strong><\/a>, fase marcada por aldeias agr\u00edcolas e grandes mudan\u00e7as na vida coletiva.<\/p>\n\n\n\n<p class=\"wp-block-paragraph\">No fosso de Achenheim havia seis indiv\u00edduos, e no de Bergheim, oito. Os corpos foram colocados de modo desordenado e apresentavam <strong>ferimentos sem cicatriza\u00e7\u00e3o<\/strong>. Junto deles apareceram quatro e sete segmentos extras de bra\u00e7os esquerdos, separados de pessoas que n\u00e3o estavam completas nos dep\u00f3sitos.<\/p>\n\n\n<div class=\"wp-block-image\">\n<figure class=\"aligncenter size-large\"><img decoding=\"async\" width=\"1024\" height=\"576\" src=\"https:\/\/www.em.com.br\/emfoco\/wp-content\/uploads\/2026\/09\/manchas-1-1024x576.jpg\" alt=\"\" class=\"wp-image-261987\" srcset=\"https:\/\/www.em.com.br\/emfoco\/wp-content\/uploads\/2026\/09\/manchas-1-1024x576.jpg 1024w, https:\/\/www.em.com.br\/emfoco\/wp-content\/uploads\/2026\/09\/manchas-1-300x169.jpg 300w, https:\/\/www.em.com.br\/emfoco\/wp-content\/uploads\/2026\/09\/manchas-1-768x432.jpg 768w, https:\/\/www.em.com.br\/emfoco\/wp-content\/uploads\/2026\/09\/manchas-1-750x421.jpg 750w, https:\/\/www.em.com.br\/emfoco\/wp-content\/uploads\/2026\/09\/manchas-1-1140x641.jpg 1140w, https:\/\/www.em.com.br\/emfoco\/wp-content\/uploads\/2026\/09\/manchas-1.jpg 1280w\" sizes=\"(max-width: 1024px) 100vw, 1024px\" \/><figcaption class=\"wp-element-caption\">A hip\u00f3tese sugere uma reuni\u00e3o coletiva ligada a um acontecimento importante para a comunidade<\/figcaption><\/figure>\n<\/div>\n\n\n<h2 class=\"wp-block-heading\">Por que a viol\u00eancia foi considerada fora do comum?<\/h2>\n\n\n\n<p class=\"wp-block-paragraph\">Alguns esqueletos tinham muitos golpes no cr\u00e2nio, na mand\u00edbula, nas costelas e nos membros. Esse excesso recebeu o nome de <strong>overkill<\/strong>, viol\u00eancia muito maior do que a necess\u00e1ria para matar. A combina\u00e7\u00e3o com membros cortados n\u00e3o segue o padr\u00e3o comum de sepultamentos ou massacres neol\u00edticos conhecidos.<\/p>\n\n\n\n<p class=\"wp-block-paragraph\">Os bra\u00e7os foram retirados entre o ombro e o cotovelo. Em alguns casos, ossos das m\u00e3os faltavam ou estavam espalhados no fundo do fosso, sinal compat\u00edvel com <strong>exposi\u00e7\u00e3o e conserva\u00e7\u00e3o tempor\u00e1ria<\/strong> antes do dep\u00f3sito final. Ainda assim, o modo exato de preparo n\u00e3o p\u00f4de ser determinado.<\/p>\n\n\n\n<h2 class=\"wp-block-heading\">Como os dentes e ossos revelaram a origem das v\u00edtimas?<\/h2>\n\n\n\n<p class=\"wp-block-paragraph\">A equipe mediu is\u00f3topos, vers\u00f5es qu\u00edmicas de elementos presentes nos tecidos. Carbono, nitrog\u00eanio e enxofre no col\u00e1geno, al\u00e9m de oxig\u00eanio e estr\u00f4ncio no esmalte dos dentes, registraram <strong>alimenta\u00e7\u00e3o, mobilidade e regi\u00e3o de crescimento<\/strong> em diferentes fases da vida.<\/p>\n\n\n\n<p class=\"wp-block-paragraph\">O <a href=\"https:\/\/pmc.ncbi.nlm.nih.gov\/articles\/PMC12366695\/\" target=\"_blank\" rel=\"noopener noreferrer\"><strong>estudo em acesso aberto<\/strong><\/a> encontrou maior varia\u00e7\u00e3o entre v\u00edtimas do que entre pessoas enterradas de modo comum. Os esqueletos completos parecem ter vindo principalmente do sul da Als\u00e1cia, enquanto os bra\u00e7os mostraram valores mais pr\u00f3ximos do norte, sugerindo grupos distintos.<\/p>\n\n\n\n<p class=\"myth-list-bridge wp-block-paragraph\">A seguir listamos <strong>quatro sinais analisados<\/strong> que ajudaram a reconstruir a vida das v\u00edtimas:<\/p>\n\n\n\n<ul class=\"wp-block-list myth-bullet-list\">\n<li><strong>Carbono:<\/strong> mostrou mudan\u00e7as de dieta e uso de paisagens diferentes.<\/li>\n\n\n\n<li><strong>Nitrog\u00eanio:<\/strong> ajudou a identificar alimenta\u00e7\u00e3o e fases de poss\u00edvel car\u00eancia.<\/li>\n\n\n\n<li><strong>Enxofre:<\/strong> separou perfis dos corpos completos e dos bra\u00e7os cortados.<\/li>\n\n\n\n<li><strong>Estr\u00f4ncio:<\/strong> indicou maior deslocamento durante a inf\u00e2ncia de algumas v\u00edtimas.<\/li>\n<\/ul>\n\n\n\n<p class=\"wp-block-paragraph\"><strong>Leia tamb\u00e9m: <a href=\"https:\/\/www.em.com.br\/emfoco\/2026\/09\/02\/uma-impressao-completa-de-mao-ficou-escondida-sob-uma-peca-funeraria-egipcia-durante-cerca-de-4-000-anos\/\" target=\"_blank\" rel=\"noreferrer noopener\">Uma impress\u00e3o completa de m\u00e3o ficou escondida sob uma pe\u00e7a funer\u00e1ria eg\u00edpcia durante cerca de 4.000 anos<\/a><\/strong><\/p>\n\n\n\n<h2 class=\"wp-block-heading\">Por que os bra\u00e7os podem ter sido trof\u00e9us de guerra?<\/h2>\n\n\n\n<p class=\"wp-block-paragraph\">A hip\u00f3tese mais direta diz que <strong>bra\u00e7os de inimigos mortos<\/strong> foram levados para a aldeia ap\u00f3s combates. J\u00e1 os corpos completos poderiam ser de cativos trazidos vivos, mortos com viol\u00eancia p\u00fablica e colocados no mesmo fosso durante ritos usados para celebrar a vit\u00f3ria e unir a comunidade.<\/p>\n\n\n\n<p class=\"wp-block-paragraph\">Existe outra possibilidade: todos poderiam ter chegado vivos e recebido tratamentos diferentes por raz\u00f5es hoje desconhecidas. Os autores tamb\u00e9m admitem que diferen\u00e7as qu\u00edmicas n\u00e3o provam, sozinhas, quem era invasor. A leitura como <strong>celebra\u00e7\u00e3o de vit\u00f3ria<\/strong> re\u00fane ferimentos, origem e modo de dep\u00f3sito em um cen\u00e1rio poss\u00edvel.<\/p>\n\n\n\n<p class=\"myth-html-bridge wp-block-paragraph\">A seguir listamos <strong>tr\u00eas grupos de evid\u00eancias<\/strong> que sustentam e limitam a interpreta\u00e7\u00e3o:<\/p>\n\n\n\n<div class=\"emf-data-table google-auto-ads-ignore\">\n  <style>\n    .emf-data-table {\n      --emf-navy:#00245a;\n      --emf-navy-soft:#0b3b70;\n      --emf-ink:#1d2731;\n      --emf-muted:#66727e;\n      --emf-line:#d7dde5;\n      --emf-wash:#f4f6f8;\n      box-sizing:border-box!important;\n      inline-size:min(1100px,100%)!important;\n      max-inline-size:100%!important;\n      margin-inline:auto!important;\n      overflow:hidden!important;\n      color:var(--emf-ink);\n      background:#fff;\n      border:1px solid var(--emf-line);\n      border-radius:6px!important;\n      box-shadow:0 8px 24px rgba(0,36,90,.08);\n      font-family:Arial,Helvetica,sans-serif;\n    }\n\n    .emf-data-table *,\n    .emf-data-table *::before,\n    .emf-data-table *::after {\n      box-sizing:border-box!important;\n    }\n\n    .emf-data-table-brand {\n      display:flex;\n      align-items:center;\n      gap:13px;\n      min-block-size:72px;\n      padding:10px 17px;\n      color:#fff;\n      background:linear-gradient(105deg,var(--emf-navy) 0%,var(--emf-navy-soft) 100%);\n      border-block-end:4px solid #c5ced8;\n    }\n\n    .emf-data-table-logo {\n      display:grid;\n      place-items:center;\n      inline-size:52px;\n      block-size:52px;\n      flex:0 0 52px;\n      background:rgba(255,255,255,.08);\n      border:1px solid rgba(255,255,255,.35);\n      border-radius:3px!important;\n    }\n\n    .emf-data-table-logo img {\n      display:block;\n      inline-size:41px;\n      block-size:41px;\n      max-inline-size:41px;\n      max-block-size:41px;\n      object-fit:contain;\n    }\n\n    .emf-data-table-kicker {\n      margin:0 0 2px;\n      font-size:10px;\n      font-weight:700;\n      letter-spacing:.16em;\n      line-height:1.2;\n      text-transform:uppercase;\n      opacity:.78;\n    }\n\n    .emf-data-table-title {\n      margin:0;\n      font-family:Georgia,\"Times New Roman\",serif;\n      font-size:21px;\n      font-weight:700;\n      line-height:1.2;\n    }\n\n    .emf-data-table-scroll {\n      display:block!important;\n      inline-size:100%!important;\n      max-inline-size:100%!important;\n      overflow-x:auto!important;\n      overflow-y:hidden!important;\n      -webkit-overflow-scrolling:touch;\n      overscroll-behavior-inline:contain;\n      scrollbar-width:thin;\n      scrollbar-color:#8798aa #edf1f5;\n    }\n\n    .emf-data-table-scroll:focus-visible {\n      outline:3px solid rgba(0,36,90,.35);\n      outline-offset:-3px;\n    }\n\n    .emf-data-table table {\n      display:table!important;\n      inline-size:100%!important;\n      min-inline-size:680px!important;\n      max-inline-size:none!important;\n      margin:0!important;\n      border:0!important;\n      border-collapse:separate!important;\n      border-spacing:0!important;\n      table-layout:auto!important;\n      background:#fff!important;\n    }\n\n    .emf-data-table caption {\n      position:absolute!important;\n      inline-size:1px!important;\n      block-size:1px!important;\n      padding:0!important;\n      margin:-1px!important;\n      overflow:hidden!important;\n      clip:rect(0,0,0,0)!important;\n      white-space:nowrap!important;\n      border:0!important;\n    }\n\n    .emf-data-table thead {\n      display:table-header-group!important;\n    }\n\n    .emf-data-table tbody {\n      display:table-row-group!important;\n    }\n\n    .emf-data-table tr {\n      display:table-row!important;\n    }\n\n    .emf-data-table th,\n    .emf-data-table td {\n      display:table-cell!important;\n      float:none!important;\n      inline-size:auto!important;\n      max-inline-size:none!important;\n      margin:0!important;\n      border-radius:0!important;\n      text-align:left!important;\n      vertical-align:middle!important;\n    }\n\n    .emf-data-table th {\n      padding:14px 17px!important;\n      color:#fff!important;\n      background:var(--emf-navy)!important;\n      border-block-end:1px solid rgba(255,255,255,.22)!important;\n      border-inline-end:1px solid rgba(255,255,255,.12)!important;\n      font-family:Georgia,\"Times New Roman\",serif;\n      font-size:14px!important;\n      font-weight:700!important;\n      line-height:1.35!important;\n      white-space:nowrap!important;\n    }\n\n    .emf-data-table th:last-child {\n      border-inline-end:0!important;\n    }\n\n    .emf-data-table td {\n      padding:14px 17px!important;\n      color:#43515e!important;\n      background:#fff!important;\n      border-block-end:1px solid var(--emf-line)!important;\n      font-size:14px!important;\n      font-weight:400!important;\n      line-height:1.5!important;\n      overflow-wrap:anywhere;\n    }\n\n    .emf-data-table tbody tr:nth-child(even) td {\n      background:var(--emf-wash)!important;\n    }\n\n    .emf-data-table tbody tr:hover td {\n      background:#eaf0f5!important;\n    }\n\n    .emf-data-table tbody tr:last-child td {\n      border-block-end:0!important;\n    }\n\n    .emf-data-table td:first-child {\n      color:var(--emf-navy)!important;\n      font-weight:700!important;\n    }\n\n    @media(max-width:560px) {\n      .emf-data-table-brand {\n        min-block-size:68px;\n        padding:9px 13px;\n      }\n\n      .emf-data-table-title {\n        font-size:19px;\n      }\n\n      .emf-data-table-scroll {\n        overflow:visible!important;\n      }\n\n      .emf-data-table table,\n      .emf-data-table thead,\n      .emf-data-table tbody,\n      .emf-data-table tr,\n      .emf-data-table th,\n      .emf-data-table td {\n        display:block!important;\n        inline-size:100%!important;\n        min-inline-size:0!important;\n        max-inline-size:100%!important;\n      }\n\n      .emf-data-table table {\n        padding:13px!important;\n      }\n\n      .emf-data-table thead {\n        position:absolute!important;\n        inline-size:1px!important;\n        block-size:1px!important;\n        padding:0!important;\n        margin:-1px!important;\n        overflow:hidden!important;\n        clip:rect(0,0,0,0)!important;\n        white-space:nowrap!important;\n      }\n\n      .emf-data-table tbody {\n        display:grid!important;\n        gap:11px;\n      }\n\n      .emf-data-table tr {\n        overflow:hidden!important;\n        background:#fff!important;\n        border:1px solid var(--emf-line)!important;\n        border-block-start:4px solid var(--emf-navy)!important;\n        border-radius:4px!important;\n        box-shadow:0 4px 12px rgba(0,36,90,.06);\n      }\n\n      .emf-data-table td,\n      .emf-data-table tbody tr:nth-child(even) td,\n      .emf-data-table tbody tr:hover td {\n        display:grid!important;\n        grid-template-columns:minmax(105px,38%) minmax(0,1fr)!important;\n        align-items:start;\n        gap:11px;\n        padding:11px 12px!important;\n        background:#fff!important;\n        border-block-end:1px solid #e2e7ec!important;\n      }\n\n      .emf-data-table td::before {\n        content:attr(data-label);\n        color:var(--emf-muted);\n        font-size:10px;\n        font-weight:700;\n        letter-spacing:.06em;\n        line-height:1.35;\n        text-transform:uppercase;\n      }\n\n      .emf-data-table td:first-child {\n        color:var(--emf-navy)!important;\n        background:#edf1f5!important;\n      }\n\n      .emf-data-table td:last-child {\n        border-block-end:0!important;\n      }\n    }\n  <\/style>\n\n  <div class=\"emf-data-table-brand\">\n    <div class=\"emf-data-table-logo\">\n      <img\n        alt=\"Logo EM Foco\"\n        decoding=\"async\"\n        height=\"41\"\n        loading=\"lazy\"\n        referrerpolicy=\"no-referrer\"\n        src=\"https:\/\/www.em.com.br\/emfoco\/wp-content\/uploads\/2026\/08\/em_transparente_3000px-scaled.png\"\n        width=\"41\"\n      >\n    <\/div>\n\n    <div>\n      <div class=\"emf-data-table-kicker\">DADOS EM FOCO<\/div>\n      <div class=\"emf-data-table-title\">Evid\u00eancias dos fossos neol\u00edticos<\/div>\n    <\/div>\n  <\/div>\n\n  <div aria-label=\"Tabela com evid\u00eancias, observa\u00e7\u00f5es e interpreta\u00e7\u00f5es dos fossos de Achenheim e Bergheim\" class=\"emf-data-table-scroll\" role=\"region\" tabindex=\"0\">\n    <table>\n      <caption>Evid\u00eancias encontradas nos fossos neol\u00edticos e os limites de sua interpreta\u00e7\u00e3o.<\/caption>\n      <thead>\n        <tr>\n          <th scope=\"col\">Evid\u00eancia<\/th>\n          <th scope=\"col\">Observa\u00e7\u00e3o<\/th>\n          <th scope=\"col\">Interpreta\u00e7\u00e3o<\/th>\n        <\/tr>\n      <\/thead>\n      <tbody>\n        <tr>\n          <td data-label=\"Evid\u00eancia\">Corpos completos<\/td>\n          <td data-label=\"Observa\u00e7\u00e3o\">Ferimentos em excesso<\/td>\n          <td data-label=\"Interpreta\u00e7\u00e3o\">Poss\u00edveis cativos executados<\/td>\n        <\/tr>\n        <tr>\n          <td data-label=\"Evid\u00eancia\">Bra\u00e7os esquerdos<\/td>\n          <td data-label=\"Observa\u00e7\u00e3o\">Membros isolados<\/td>\n          <td data-label=\"Interpreta\u00e7\u00e3o\">Poss\u00edveis trof\u00e9us de batalha<\/td>\n        <\/tr>\n        <tr>\n          <td data-label=\"Evid\u00eancia\">Perfis qu\u00edmicos<\/td>\n          <td data-label=\"Observa\u00e7\u00e3o\">Origens diferentes<\/td>\n          <td data-label=\"Interpreta\u00e7\u00e3o\">Grupos com trajet\u00f3rias distintas<\/td>\n        <\/tr>\n      <\/tbody>\n    <\/table>\n  <\/div>\n<\/div>\n\n\n\n<h2 class=\"wp-block-heading\">O que o estudo acrescenta sobre a guerra neol\u00edtica?<\/h2>\n\n\n\n<p class=\"wp-block-paragraph\">Os fossos mostram que a <strong>viol\u00eancia neol\u00edtica<\/strong> podia ultrapassar a morte no combate. Corpos, membros e espa\u00e7os da aldeia talvez fossem usados para exibir poder, vingar perdas e separar simbolicamente o grupo local de seus inimigos durante eventos p\u00fablicos de grande impacto social.<\/p>\n\n\n\n<p class=\"wp-block-paragraph\">Da mutila\u00e7\u00e3o aos is\u00f3topos, cada pista reduz parte da d\u00favida, mas n\u00e3o transforma hip\u00f3tese em certeza. A for\u00e7a do achado est\u00e1 na <strong>combina\u00e7\u00e3o das evid\u00eancias<\/strong>: dois lugares pr\u00f3ximos, o mesmo foco em bra\u00e7os esquerdos, v\u00edtimas com trajet\u00f3rias diferentes e sinais de viol\u00eancia feita para ser vista.<\/p>\n","protected":false},"excerpt":{"rendered":"<p>EM FOCO Resumo da mat\u00e9ria 01 Dois fossos violentos Achenheim e Bergheim guardavam esqueletos com ferimentos extremos ao lado de bra\u00e7os esquerdos separados de outros indiv\u00edduos. Als\u00e1cia 02 Qu\u00edmica revela deslocamentos Is\u00f3topos dos dentes e ossos mostraram diferen\u00e7as de origem, alimenta\u00e7\u00e3o, mobilidade e condi\u00e7\u00f5es vividas durante a inf\u00e2ncia. Vidas reconstru\u00eddas 03 Trof\u00e9us ainda s\u00e3o hip\u00f3tese [&hellip;]<\/p>\n","protected":false},"author":30,"featured_media":261988,"comment_status":"open","ping_status":"open","sticky":false,"template":"","format":"standard","meta":{"jnews-multi-image_gallery":[],"jnews_single_post":{"format":"standard"},"jnews_primary_category":[],"jnews_social_meta":[],"jnews_override_counter":[],"footnotes":""},"categories":[29],"tags":[35986,675,4290,9749],"class_list":["post-261931","post","type-post","status-publish","format-standard","has-post-thumbnail","hentry","category-entretenimento","tag-alsacia","tag-arqueologia","tag-guerra","tag-neolitico"],"yoast_head":"<!-- This site is optimized with the Yoast SEO plugin v28.3 - https:\/\/yoast.com\/product\/yoast-seo-wordpress\/ -->\n<title>Pesquisadores analisam fossos de 6.000 anos que podem guardar sinais de uma das primeiras celebra\u00e7\u00f5es de vit\u00f3ria da Europa - Estado de Minas - Em foco<\/title>\n<meta name=\"description\" content=\"Fossos pr\u00e9-hist\u00f3ricos podem ter sido palco de uma celebra\u00e7\u00e3o de vit\u00f3ria. Veja quais sinais levaram pesquisadores a considerar essa hip\u00f3tese.\" \/>\n<meta name=\"robots\" content=\"index, follow, max-snippet:-1, max-image-preview:large, max-video-preview:-1\" \/>\n<link rel=\"canonical\" href=\"https:\/\/www.em.com.br\/emfoco\/2026\/09\/03\/pesquisadores-analisam-fossos-de-6-000-anos-que-podem-guardar-sinais-de-uma-das-primeiras-celebracoes-de-vitoria-da-europa\/\" \/>\n<meta property=\"og:locale\" content=\"pt_BR\" \/>\n<meta property=\"og:type\" content=\"article\" \/>\n<meta property=\"og:title\" content=\"Pesquisadores analisam fossos de 6.000 anos que podem guardar sinais de uma das primeiras celebra\u00e7\u00f5es de vit\u00f3ria da Europa - Estado de Minas - Em foco\" \/>\n<meta property=\"og:description\" content=\"Fossos pr\u00e9-hist\u00f3ricos podem ter sido palco de uma celebra\u00e7\u00e3o de vit\u00f3ria. Veja quais sinais levaram pesquisadores a considerar essa hip\u00f3tese.\" \/>\n<meta property=\"og:url\" content=\"https:\/\/www.em.com.br\/emfoco\/2026\/09\/03\/pesquisadores-analisam-fossos-de-6-000-anos-que-podem-guardar-sinais-de-uma-das-primeiras-celebracoes-de-vitoria-da-europa\/\" \/>\n<meta property=\"og:site_name\" content=\"Estado de Minas - Em foco\" \/>\n<meta property=\"article:published_time\" content=\"2026-09-04T01:57:00+00:00\" \/>\n<meta property=\"og:image\" content=\"https:\/\/www.em.com.br\/emfoco\/wp-content\/uploads\/2026\/09\/foosol.jpg\" \/>\n\t<meta property=\"og:image:width\" content=\"1280\" \/>\n\t<meta property=\"og:image:height\" content=\"720\" \/>\n\t<meta property=\"og:image:type\" content=\"image\/jpeg\" \/>\n<meta name=\"author\" content=\"Guilherme Ara\u00fajo\" \/>\n<meta name=\"twitter:card\" content=\"summary_large_image\" \/>\n<meta name=\"twitter:label1\" content=\"Escrito por\" \/>\n\t<meta name=\"twitter:data1\" content=\"Guilherme Ara\u00fajo\" \/>\n\t<meta name=\"twitter:label2\" content=\"Est. tempo de leitura\" \/>\n\t<meta name=\"twitter:data2\" content=\"5 minutos\" \/>\n<!-- \/ Yoast SEO plugin. -->","yoast_head_json":{"title":"Pesquisadores analisam fossos de 6.000 anos que podem guardar sinais de uma das primeiras celebra\u00e7\u00f5es de vit\u00f3ria da Europa - Estado de Minas - Em foco","description":"Fossos pr\u00e9-hist\u00f3ricos podem ter sido palco de uma celebra\u00e7\u00e3o de vit\u00f3ria. Veja quais sinais levaram pesquisadores a considerar essa hip\u00f3tese.","robots":{"index":"index","follow":"follow","max-snippet":"max-snippet:-1","max-image-preview":"max-image-preview:large","max-video-preview":"max-video-preview:-1"},"canonical":"https:\/\/www.em.com.br\/emfoco\/2026\/09\/03\/pesquisadores-analisam-fossos-de-6-000-anos-que-podem-guardar-sinais-de-uma-das-primeiras-celebracoes-de-vitoria-da-europa\/","og_locale":"pt_BR","og_type":"article","og_title":"Pesquisadores analisam fossos de 6.000 anos que podem guardar sinais de uma das primeiras celebra\u00e7\u00f5es de vit\u00f3ria da Europa - Estado de Minas - Em foco","og_description":"Fossos pr\u00e9-hist\u00f3ricos podem ter sido palco de uma celebra\u00e7\u00e3o de vit\u00f3ria. Veja quais sinais levaram pesquisadores a considerar essa hip\u00f3tese.","og_url":"https:\/\/www.em.com.br\/emfoco\/2026\/09\/03\/pesquisadores-analisam-fossos-de-6-000-anos-que-podem-guardar-sinais-de-uma-das-primeiras-celebracoes-de-vitoria-da-europa\/","og_site_name":"Estado de Minas - Em foco","article_published_time":"2026-09-04T01:57:00+00:00","og_image":[{"width":1280,"height":720,"url":"https:\/\/www.em.com.br\/emfoco\/wp-content\/uploads\/2026\/09\/foosol.jpg","type":"image\/jpeg"}],"author":"Guilherme Ara\u00fajo","twitter_card":"summary_large_image","twitter_misc":{"Escrito por":"Guilherme Ara\u00fajo","Est. tempo de leitura":"5 minutos"},"schema":{"@context":"https:\/\/schema.org","@graph":[{"@type":"Article","@id":"https:\/\/www.em.com.br\/emfoco\/2026\/09\/03\/pesquisadores-analisam-fossos-de-6-000-anos-que-podem-guardar-sinais-de-uma-das-primeiras-celebracoes-de-vitoria-da-europa\/#article","isPartOf":{"@id":"https:\/\/www.em.com.br\/emfoco\/2026\/09\/03\/pesquisadores-analisam-fossos-de-6-000-anos-que-podem-guardar-sinais-de-uma-das-primeiras-celebracoes-de-vitoria-da-europa\/"},"author":{"name":"Guilherme Ara\u00fajo","@id":"https:\/\/www.em.com.br\/emfoco\/#\/schema\/person\/5379e929a4b966c775d121e23f9bb421"},"headline":"Pesquisadores analisam fossos de 6.000 anos que podem guardar sinais de uma das primeiras celebra\u00e7\u00f5es de vit\u00f3ria da Europa","datePublished":"2026-09-04T01:57:00+00:00","mainEntityOfPage":{"@id":"https:\/\/www.em.com.br\/emfoco\/2026\/09\/03\/pesquisadores-analisam-fossos-de-6-000-anos-que-podem-guardar-sinais-de-uma-das-primeiras-celebracoes-de-vitoria-da-europa\/"},"wordCount":904,"commentCount":0,"image":{"@id":"https:\/\/www.em.com.br\/emfoco\/2026\/09\/03\/pesquisadores-analisam-fossos-de-6-000-anos-que-podem-guardar-sinais-de-uma-das-primeiras-celebracoes-de-vitoria-da-europa\/#primaryimage"},"thumbnailUrl":"https:\/\/www.em.com.br\/emfoco\/wp-content\/uploads\/2026\/09\/foosol.jpg","keywords":["Als\u00e1cia","arqueologia","guerra","Neol\u00edtico"],"articleSection":["Entretenimento"],"inLanguage":"pt-BR","potentialAction":[{"@type":"CommentAction","name":"Comment","target":["https:\/\/www.em.com.br\/emfoco\/2026\/09\/03\/pesquisadores-analisam-fossos-de-6-000-anos-que-podem-guardar-sinais-de-uma-das-primeiras-celebracoes-de-vitoria-da-europa\/#respond"]}]},{"@type":"WebPage","@id":"https:\/\/www.em.com.br\/emfoco\/2026\/09\/03\/pesquisadores-analisam-fossos-de-6-000-anos-que-podem-guardar-sinais-de-uma-das-primeiras-celebracoes-de-vitoria-da-europa\/","url":"https:\/\/www.em.com.br\/emfoco\/2026\/09\/03\/pesquisadores-analisam-fossos-de-6-000-anos-que-podem-guardar-sinais-de-uma-das-primeiras-celebracoes-de-vitoria-da-europa\/","name":"Pesquisadores analisam fossos de 6.000 anos que podem guardar sinais de uma das primeiras celebra\u00e7\u00f5es de vit\u00f3ria da Europa - Estado de Minas - Em foco","isPartOf":{"@id":"https:\/\/www.em.com.br\/emfoco\/#website"},"primaryImageOfPage":{"@id":"https:\/\/www.em.com.br\/emfoco\/2026\/09\/03\/pesquisadores-analisam-fossos-de-6-000-anos-que-podem-guardar-sinais-de-uma-das-primeiras-celebracoes-de-vitoria-da-europa\/#primaryimage"},"image":{"@id":"https:\/\/www.em.com.br\/emfoco\/2026\/09\/03\/pesquisadores-analisam-fossos-de-6-000-anos-que-podem-guardar-sinais-de-uma-das-primeiras-celebracoes-de-vitoria-da-europa\/#primaryimage"},"thumbnailUrl":"https:\/\/www.em.com.br\/emfoco\/wp-content\/uploads\/2026\/09\/foosol.jpg","datePublished":"2026-09-04T01:57:00+00:00","author":{"@id":"https:\/\/www.em.com.br\/emfoco\/#\/schema\/person\/5379e929a4b966c775d121e23f9bb421"},"description":"Fossos pr\u00e9-hist\u00f3ricos podem ter sido palco de uma celebra\u00e7\u00e3o de vit\u00f3ria. Veja quais sinais levaram pesquisadores a considerar essa hip\u00f3tese.","breadcrumb":{"@id":"https:\/\/www.em.com.br\/emfoco\/2026\/09\/03\/pesquisadores-analisam-fossos-de-6-000-anos-que-podem-guardar-sinais-de-uma-das-primeiras-celebracoes-de-vitoria-da-europa\/#breadcrumb"},"inLanguage":"pt-BR","potentialAction":[{"@type":"ReadAction","target":["https:\/\/www.em.com.br\/emfoco\/2026\/09\/03\/pesquisadores-analisam-fossos-de-6-000-anos-que-podem-guardar-sinais-de-uma-das-primeiras-celebracoes-de-vitoria-da-europa\/"]}]},{"@type":"ImageObject","inLanguage":"pt-BR","@id":"https:\/\/www.em.com.br\/emfoco\/2026\/09\/03\/pesquisadores-analisam-fossos-de-6-000-anos-que-podem-guardar-sinais-de-uma-das-primeiras-celebracoes-de-vitoria-da-europa\/#primaryimage","url":"https:\/\/www.em.com.br\/emfoco\/wp-content\/uploads\/2026\/09\/foosol.jpg","contentUrl":"https:\/\/www.em.com.br\/emfoco\/wp-content\/uploads\/2026\/09\/foosol.jpg","width":1280,"height":720,"caption":"Os vest\u00edgios encontrados levantaram uma interpreta\u00e7\u00e3o diferente para estruturas que pareciam ter outra fun\u00e7\u00e3o"},{"@type":"BreadcrumbList","@id":"https:\/\/www.em.com.br\/emfoco\/2026\/09\/03\/pesquisadores-analisam-fossos-de-6-000-anos-que-podem-guardar-sinais-de-uma-das-primeiras-celebracoes-de-vitoria-da-europa\/#breadcrumb","itemListElement":[{"@type":"ListItem","position":1,"name":"In\u00edcio","item":"https:\/\/www.em.com.br\/emfoco\/"},{"@type":"ListItem","position":2,"name":"Pesquisadores analisam fossos de 6.000 anos que podem guardar sinais de uma das primeiras celebra\u00e7\u00f5es de vit\u00f3ria da Europa"}]},{"@type":"WebSite","@id":"https:\/\/www.em.com.br\/emfoco\/#website","url":"https:\/\/www.em.com.br\/emfoco\/","name":"Estado de Minas - Em foco","description":"Acompanhe as \u00faltimas not\u00edcias e fique bem informado sobre tudo o que acontece em Minas Gerais, Brasil e no mundo.","potentialAction":[{"@type":"SearchAction","target":{"@type":"EntryPoint","urlTemplate":"https:\/\/www.em.com.br\/emfoco\/?s={search_term_string}"},"query-input":{"@type":"PropertyValueSpecification","valueRequired":true,"valueName":"search_term_string"}}],"inLanguage":"pt-BR"},{"@type":"Person","@id":"https:\/\/www.em.com.br\/emfoco\/#\/schema\/person\/5379e929a4b966c775d121e23f9bb421","name":"Guilherme Ara\u00fajo","image":{"@type":"ImageObject","inLanguage":"pt-BR","@id":"https:\/\/secure.gravatar.com\/avatar\/063bc96e5a2afd1844386c45bd1360efc771eff011a9fab8cd399e2a104c3ecd?s=96&d=mm&r=g","url":"https:\/\/secure.gravatar.com\/avatar\/063bc96e5a2afd1844386c45bd1360efc771eff011a9fab8cd399e2a104c3ecd?s=96&d=mm&r=g","contentUrl":"https:\/\/secure.gravatar.com\/avatar\/063bc96e5a2afd1844386c45bd1360efc771eff011a9fab8cd399e2a104c3ecd?s=96&d=mm&r=g","caption":"Guilherme Ara\u00fajo"},"sameAs":["https:\/\/www.em.com.br\/emfoco"],"url":"https:\/\/www.em.com.br\/emfoco\/author\/guilhermeamyth\/"}]}},"_links":{"self":[{"href":"https:\/\/www.em.com.br\/emfoco\/wp-json\/wp\/v2\/posts\/261931","targetHints":{"allow":["GET"]}}],"collection":[{"href":"https:\/\/www.em.com.br\/emfoco\/wp-json\/wp\/v2\/posts"}],"about":[{"href":"https:\/\/www.em.com.br\/emfoco\/wp-json\/wp\/v2\/types\/post"}],"author":[{"embeddable":true,"href":"https:\/\/www.em.com.br\/emfoco\/wp-json\/wp\/v2\/users\/30"}],"replies":[{"embeddable":true,"href":"https:\/\/www.em.com.br\/emfoco\/wp-json\/wp\/v2\/comments?post=261931"}],"version-history":[{"count":6,"href":"https:\/\/www.em.com.br\/emfoco\/wp-json\/wp\/v2\/posts\/261931\/revisions"}],"predecessor-version":[{"id":262121,"href":"https:\/\/www.em.com.br\/emfoco\/wp-json\/wp\/v2\/posts\/261931\/revisions\/262121"}],"wp:featuredmedia":[{"embeddable":true,"href":"https:\/\/www.em.com.br\/emfoco\/wp-json\/wp\/v2\/media\/261988"}],"wp:attachment":[{"href":"https:\/\/www.em.com.br\/emfoco\/wp-json\/wp\/v2\/media?parent=261931"}],"wp:term":[{"taxonomy":"category","embeddable":true,"href":"https:\/\/www.em.com.br\/emfoco\/wp-json\/wp\/v2\/categories?post=261931"},{"taxonomy":"post_tag","embeddable":true,"href":"https:\/\/www.em.com.br\/emfoco\/wp-json\/wp\/v2\/tags?post=261931"}],"curies":[{"name":"wp","href":"https:\/\/api.w.org\/{rel}","templated":true}]}}