{"id":261930,"date":"2026-09-03T22:17:00","date_gmt":"2026-09-04T01:17:00","guid":{"rendered":"https:\/\/www.em.com.br\/emfoco\/?p=261930"},"modified":"2026-09-02T21:37:33","modified_gmt":"2026-09-03T00:37:33","slug":"pessoas-gravaram-130-camelos-cabras-e-outros-animais-em-tamanho-natural-no-deserto-ha-quase-12-000-anos-para-indicar-caminhos-ate-a-agua","status":"publish","type":"post","link":"https:\/\/www.em.com.br\/emfoco\/2026\/09\/03\/pessoas-gravaram-130-camelos-cabras-e-outros-animais-em-tamanho-natural-no-deserto-ha-quase-12-000-anos-para-indicar-caminhos-ate-a-agua\/","title":{"rendered":"Pessoas gravaram 130 camelos, cabras e outros animais em tamanho natural no deserto h\u00e1 quase 12.000 anos para indicar caminhos at\u00e9 a \u00e1gua"},"content":{"rendered":"\n<div class=\"emf-summary google-auto-ads-ignore\">\n  <style>\n    .emf-summary {\n      --emf-navy:#00245a;\n      --emf-navy-soft:#0b3b70;\n      --emf-ink:#1d2731;\n      --emf-muted:#66727e;\n      --emf-line:#d7dde5;\n      --emf-paper:#ffffff;\n      --emf-wash:#f4f6f8;\n      box-sizing:border-box!important;\n      inline-size:min(1100px,100%)!important;\n      max-inline-size:100%!important;\n      margin-inline:auto!important;\n      overflow:hidden!important;\n      color:var(--emf-ink);\n      background:var(--emf-paper);\n      border:1px solid var(--emf-line);\n      border-block-start:5px solid var(--emf-navy);\n      border-radius:6px!important;\n      box-shadow:0 8px 24px rgba(0,36,90,.08);\n      font-family:Arial,Helvetica,sans-serif;\n    }\n\n    .emf-summary *,\n    .emf-summary *::before,\n    .emf-summary *::after {\n      box-sizing:border-box!important;\n    }\n\n    .emf-summary-brand {\n      display:flex;\n      align-items:center;\n      gap:14px;\n      padding:16px 20px;\n      color:#fff;\n      background:linear-gradient(105deg,var(--emf-navy) 0%,var(--emf-navy-soft) 100%);\n      border-block-end:1px solid rgba(255,255,255,.18);\n    }\n\n    .emf-summary-logo {\n      display:grid;\n      place-items:center;\n      inline-size:58px;\n      block-size:58px;\n      flex:0 0 58px;\n      background:rgba(255,255,255,.08);\n      border:1px solid rgba(255,255,255,.35);\n      border-radius:3px!important;\n    }\n\n    .emf-summary-logo img {\n      display:block;\n      inline-size:46px;\n      block-size:46px;\n      max-inline-size:46px;\n      max-block-size:46px;\n      object-fit:contain;\n    }\n\n    .emf-summary-eyebrow {\n      margin:0 0 3px;\n      font-size:11px;\n      font-weight:700;\n      letter-spacing:.18em;\n      line-height:1.2;\n      text-transform:uppercase;\n      opacity:.78;\n    }\n\n    .emf-summary-title {\n      margin:0;\n      font-family:Georgia,\"Times New Roman\",serif;\n      font-size:25px;\n      font-weight:700;\n      line-height:1.15;\n    }\n\n    .emf-summary-grid {\n      display:grid;\n      grid-template-columns:repeat(3,minmax(0,1fr));\n      gap:0;\n      background:var(--emf-wash);\n    }\n\n    .emf-summary-card {\n      position:relative;\n      min-block-size:190px;\n      padding:24px 20px 20px;\n      overflow:hidden!important;\n      background:#fff;\n      border-inline-end:1px solid var(--emf-line);\n    }\n\n    .emf-summary-card:last-child {\n      border-inline-end:0;\n    }\n\n    .emf-summary-number {\n      position:absolute;\n      inset-block-start:13px;\n      inset-inline-end:15px;\n      color:rgba(0,36,90,.10);\n      font-family:Georgia,\"Times New Roman\",serif;\n      font-size:46px;\n      font-weight:700;\n      line-height:1;\n      pointer-events:none;\n    }\n\n    .emf-summary-card-title {\n      position:relative;\n      z-index:1;\n      margin:0 0 11px;\n      padding-block-end:10px;\n      color:var(--emf-navy);\n      border-block-end:2px solid var(--emf-navy);\n      font-family:Georgia,\"Times New Roman\",serif;\n      font-size:18px;\n      font-weight:700;\n      line-height:1.3;\n      overflow-wrap:anywhere;\n    }\n\n    .emf-summary-card-text {\n      position:relative;\n      z-index:1;\n      color:#485560;\n      font-size:13px;\n      line-height:1.6;\n      overflow-wrap:anywhere;\n    }\n\n    .emf-summary-card-meta {\n      position:relative;\n      z-index:1;\n      display:inline-flex;\n      margin-block-start:16px;\n      padding:5px 8px;\n      color:var(--emf-navy);\n      background:#edf1f5;\n      border:1px solid #d9e0e7;\n      border-radius:2px!important;\n      font-size:10px;\n      font-weight:700;\n      letter-spacing:.08em;\n      line-height:1.2;\n      text-transform:uppercase;\n    }\n\n    @media(max-width:760px) {\n      .emf-summary-grid {\n        grid-template-columns:1fr;\n      }\n\n      .emf-summary-card {\n        min-block-size:0;\n        border-inline-end:0;\n        border-block-end:1px solid var(--emf-line);\n      }\n\n      .emf-summary-card:last-child {\n        border-block-end:0;\n      }\n    }\n\n    @media(max-width:480px) {\n      .emf-summary-brand {\n        padding:14px 15px;\n      }\n\n      .emf-summary-logo {\n        inline-size:52px;\n        block-size:52px;\n        flex-basis:52px;\n      }\n\n      .emf-summary-logo img {\n        inline-size:41px;\n        block-size:41px;\n        max-inline-size:41px;\n        max-block-size:41px;\n      }\n\n      .emf-summary-title {\n        font-size:22px;\n      }\n\n      .emf-summary-card {\n        padding:21px 16px 18px;\n      }\n    }\n  <\/style>\n\n  <div class=\"emf-summary-brand\">\n    <div class=\"emf-summary-logo\">\n      <img\n        alt=\"Logo EM Foco\"\n        decoding=\"async\"\n        fetchpriority=\"high\"\n        height=\"46\"\n        loading=\"eager\"\n        referrerpolicy=\"no-referrer\"\n        src=\"https:\/\/www.em.com.br\/emfoco\/wp-content\/uploads\/2026\/08\/em_transparente_3000px-scaled.png\"\n        width=\"46\"\n      >\n    <\/div>\n\n    <div>\n      <div class=\"emf-summary-eyebrow\">EM FOCO<\/div>\n      <div class=\"emf-summary-title\">Resumo da mat\u00e9ria<\/div>\n    <\/div>\n  <\/div>\n\n  <div class=\"emf-summary-grid\">\n    <div class=\"emf-summary-card\">\n      <span aria-hidden=\"true\" class=\"emf-summary-number\">01<\/span>\n      <div aria-level=\"3\" class=\"emf-summary-card-title\" role=\"heading\">\n        Pain\u00e9is espalhados no deserto\n      <\/div>\n      <div class=\"emf-summary-card-text\">\n        A equipe registrou 176 gravuras em 62 pain\u00e9is distribu\u00eddos por tr\u00eas \u00e1reas antes pouco estudadas no norte da Ar\u00e1bia.\n      <\/div>\n      <div class=\"emf-summary-card-meta\">\n        176 gravuras\n      <\/div>\n    <\/div>\n    <div class=\"emf-summary-card\">\n      <span aria-hidden=\"true\" class=\"emf-summary-number\">02<\/span>\n      <div aria-level=\"3\" class=\"emf-summary-card-title\" role=\"heading\">\n        Animais em tamanho natural\n      <\/div>\n      <div class=\"emf-summary-card-text\">\n        Entre as figuras, 130 mostram camelos, cabras-selvagens, equ\u00eddeos, gazelas e auroques em grandes dimens\u00f5es.\n      <\/div>\n      <div class=\"emf-summary-card-meta\">\n        At\u00e9 3 metros\n      <\/div>\n    <\/div>\n    <div class=\"emf-summary-card\">\n      <span aria-hidden=\"true\" class=\"emf-summary-number\">03<\/span>\n      <div aria-level=\"3\" class=\"emf-summary-card-title\" role=\"heading\">\n        \u00c1gua guiava os caminhos\n      <\/div>\n      <div class=\"emf-summary-card-text\">\n        A posi\u00e7\u00e3o perto de lagos sazonais sustenta a ideia de que as imagens marcavam recursos, rotas e mem\u00f3ria coletiva.\n      <\/div>\n      <div class=\"emf-summary-card-meta\">\n        Hip\u00f3tese central\n      <\/div>\n    <\/div>\n  <\/div>\n<\/div>\n\n\n\n<p class=\"wp-block-paragraph\">Na Ar\u00e1bia Saudita, <strong>gravuras rupestres<\/strong> de quase 12.000 anos mostram 130 animais em tamanho natural. As imagens ficam perto de antigos lagos sazonais e, conforme a interpreta\u00e7\u00e3o dos autores, marcavam <strong>fontes de \u00e1gua e caminhos<\/strong> usados por grupos humanos na borda do deserto de Nefud, em uma paisagem seca.<\/p>\n\n\n\n<h2 class=\"wp-block-heading\">Onde estavam as gravuras rupestres gigantes?<\/h2>\n\n\n\n<p class=\"wp-block-paragraph\">As imagens apareceram em Jebel Arnaan, Jebel Mleiha e Jebel Misma, ao sul do deserto de Nefud. A equipe registrou <strong>62 pain\u00e9is com 176 gravuras<\/strong> em pared\u00f5es e blocos de arenito, incluindo superf\u00edcies altas e vis\u00edveis de longe.<\/p>\n\n\n\n<p class=\"wp-block-paragraph\">Esse conjunto \u00e9 um tipo de <a href=\"https:\/\/pt.wikipedia.org\/wiki\/Arte_rupestre\" target=\"_blank\" rel=\"noopener noreferrer\"><strong>arte rupestre<\/strong><\/a>, nome dado a figuras feitas diretamente na rocha. Diferente de uma pintura com pigmento, muitas imagens foram abertas por cortes e batidas, deixando o contorno dos animais marcado na pedra.<\/p>\n\n\n<div class=\"wp-block-image\">\n<figure class=\"aligncenter size-large\"><img decoding=\"async\" width=\"1024\" height=\"576\" src=\"https:\/\/www.em.com.br\/emfoco\/wp-content\/uploads\/2026\/09\/capa2-2-1024x576.jpg\" alt=\"\" class=\"wp-image-261983\" srcset=\"https:\/\/www.em.com.br\/emfoco\/wp-content\/uploads\/2026\/09\/capa2-2-1024x576.jpg 1024w, https:\/\/www.em.com.br\/emfoco\/wp-content\/uploads\/2026\/09\/capa2-2-300x169.jpg 300w, https:\/\/www.em.com.br\/emfoco\/wp-content\/uploads\/2026\/09\/capa2-2-768x432.jpg 768w, https:\/\/www.em.com.br\/emfoco\/wp-content\/uploads\/2026\/09\/capa2-2-750x421.jpg 750w, https:\/\/www.em.com.br\/emfoco\/wp-content\/uploads\/2026\/09\/capa2-2-1140x641.jpg 1140w, https:\/\/www.em.com.br\/emfoco\/wp-content\/uploads\/2026\/09\/capa2-2.jpg 1280w\" sizes=\"(max-width: 1024px) 100vw, 1024px\" \/><figcaption class=\"wp-element-caption\">A localiza\u00e7\u00e3o das gravuras ajuda a explicar por que elas podem ter rela\u00e7\u00e3o com fontes de \u00e1gua<\/figcaption><\/figure>\n<\/div>\n\n\n<h2 class=\"wp-block-heading\">Como foi calculada a idade de quase 12.000 anos?<\/h2>\n\n\n\n<p class=\"wp-block-paragraph\">A rocha gravada n\u00e3o podia ser datada diretamente. A pista veio de uma camada de sedimento intacta sob um painel, onde apareceu uma <strong>ferramenta usada para gravar<\/strong>. Pequenas pontas de flecha, contas de pedra e uma conta feita de concha estavam no mesmo n\u00edvel.<\/p>\n\n\n\n<p class=\"wp-block-paragraph\">A luminesc\u00eancia mediu quando o sedimento foi exposto \u00e0 luz pela \u00faltima vez. O resultado colocou a camada e a ocupa\u00e7\u00e3o entre <strong>12.800 e 11.400 anos atr\u00e1s<\/strong>. Essa faixa coincide com a volta de \u00e1gua superficial ap\u00f3s uma fase de seca extrema no fim da Era do Gelo.<\/p>\n\n\n\n<h2 class=\"wp-block-heading\">Por que as imagens podem ter indicado \u00e1gua?<\/h2>\n\n\n\n<p class=\"wp-block-paragraph\">Os pain\u00e9is n\u00e3o estavam distribu\u00eddos ao acaso. Eles ficavam junto de antigos <strong>lagos sazonais<\/strong> ou em acessos usados para chegar a esses pontos. An\u00e1lises do sedimento confirmaram que a \u00e1gua voltou \u00e0 regi\u00e3o quando grupos humanos passaram a ocupar novamente o interior \u00e1rido.<\/p>\n\n\n\n<p class=\"wp-block-paragraph\">A rela\u00e7\u00e3o espacial sustenta a interpreta\u00e7\u00e3o de que as figuras funcionavam como <strong>marcas de presen\u00e7a e passagem<\/strong>. Elas podiam preservar a mem\u00f3ria de caminhos, avisar sobre fontes tempor\u00e1rias e at\u00e9 indicar direitos territoriais, mas esses sentidos sociais continuam apresentados como possibilidades.<\/p>\n\n\n\n<p class=\"myth-list-bridge wp-block-paragraph\">A seguir listamos <strong>quatro pistas do terreno<\/strong> que apoiam a interpreta\u00e7\u00e3o ligada \u00e0 \u00e1gua:<\/p>\n\n\n\n<ul class=\"wp-block-list myth-bullet-list\">\n<li><strong>Lagos antigos:<\/strong> sedimentos confirmaram \u00e1gua sazonal perto das gravuras.<\/li>\n\n\n\n<li><strong>Rotas de acesso:<\/strong> pain\u00e9is marcavam passagens usadas para alcan\u00e7ar esses pontos.<\/li>\n\n\n\n<li><strong>Grande visibilidade:<\/strong> muitas figuras ocupavam pared\u00f5es f\u00e1ceis de notar \u00e0 dist\u00e2ncia.<\/li>\n\n\n\n<li><strong>Ocupa\u00e7\u00e3o humana:<\/strong> ferramentas e objetos apareceram junto das superf\u00edcies gravadas.<\/li>\n<\/ul>\n\n\n<div class=\"wp-block-image\">\n<figure class=\"aligncenter size-large\"><img decoding=\"async\" width=\"1024\" height=\"576\" src=\"https:\/\/www.em.com.br\/emfoco\/wp-content\/uploads\/2026\/09\/capa3-1-1024x576.jpg\" alt=\"\" class=\"wp-image-261984\" srcset=\"https:\/\/www.em.com.br\/emfoco\/wp-content\/uploads\/2026\/09\/capa3-1-1024x576.jpg 1024w, https:\/\/www.em.com.br\/emfoco\/wp-content\/uploads\/2026\/09\/capa3-1-300x169.jpg 300w, https:\/\/www.em.com.br\/emfoco\/wp-content\/uploads\/2026\/09\/capa3-1-768x432.jpg 768w, https:\/\/www.em.com.br\/emfoco\/wp-content\/uploads\/2026\/09\/capa3-1-750x421.jpg 750w, https:\/\/www.em.com.br\/emfoco\/wp-content\/uploads\/2026\/09\/capa3-1-1140x641.jpg 1140w, https:\/\/www.em.com.br\/emfoco\/wp-content\/uploads\/2026\/09\/capa3-1.jpg 1280w\" sizes=\"(max-width: 1024px) 100vw, 1024px\" \/><figcaption class=\"wp-element-caption\">Algumas imagens foram feitas em tamanho natural e exigiram grande esfor\u00e7o para serem produzidas<\/figcaption><\/figure>\n<\/div>\n\n\n<p class=\"wp-block-paragraph\"><strong>Leia tamb\u00e9m: <a href=\"https:\/\/www.em.com.br\/emfoco\/2026\/09\/02\/uma-impressao-completa-de-mao-ficou-escondida-sob-uma-peca-funeraria-egipcia-durante-cerca-de-4-000-anos\/\" target=\"_blank\" rel=\"noreferrer noopener\">Uma impress\u00e3o completa de m\u00e3o ficou escondida sob uma pe\u00e7a funer\u00e1ria eg\u00edpcia durante cerca de 4.000 anos<\/a><\/strong><\/p>\n\n\n\n<h2 class=\"wp-block-heading\">Quais animais foram talhados nos pared\u00f5es?<\/h2>\n\n\n\n<p class=\"wp-block-paragraph\">Das 176 figuras, <strong>130 eram grandes e naturalistas<\/strong>. O conjunto inclui camelos, cabras-selvagens, equ\u00eddeos, gazelas e auroques, antigos bovinos selvagens. Algumas imagens alcan\u00e7am quase tr\u00eas metros de comprimento e mais de dois metros de altura, aproximando-se do tamanho real.<\/p>\n\n\n\n<p class=\"wp-block-paragraph\">O <a href=\"https:\/\/pmc.ncbi.nlm.nih.gov\/articles\/PMC12485027\/\" target=\"_blank\" rel=\"noopener noreferrer\"><strong>estudo publicado na Nature Communications<\/strong><\/a> tamb\u00e9m descreve pain\u00e9is em faces de penhasco. Um deles exigiu trabalho sobre uma borda estreita e inclinada, mostrando esfor\u00e7o t\u00e9cnico mesmo quando o gravador n\u00e3o conseguia ver a figura inteira.<\/p>\n\n\n\n<p class=\"myth-html-bridge wp-block-paragraph\">A seguir listamos <strong>tr\u00eas medidas do conjunto<\/strong> que mostram a escala das gravuras:<\/p>\n\n\n\n<div class=\"emf-data-table google-auto-ads-ignore\">\n  <style>\n    .emf-data-table {\n      --emf-navy:#00245a;\n      --emf-navy-soft:#0b3b70;\n      --emf-ink:#1d2731;\n      --emf-muted:#66727e;\n      --emf-line:#d7dde5;\n      --emf-wash:#f4f6f8;\n      box-sizing:border-box!important;\n      inline-size:min(1100px,100%)!important;\n      max-inline-size:100%!important;\n      margin-inline:auto!important;\n      overflow:hidden!important;\n      color:var(--emf-ink);\n      background:#fff;\n      border:1px solid var(--emf-line);\n      border-radius:6px!important;\n      box-shadow:0 8px 24px rgba(0,36,90,.08);\n      font-family:Arial,Helvetica,sans-serif;\n    }\n\n    .emf-data-table *,\n    .emf-data-table *::before,\n    .emf-data-table *::after {\n      box-sizing:border-box!important;\n    }\n\n    .emf-data-table-brand {\n      display:flex;\n      align-items:center;\n      gap:13px;\n      min-block-size:72px;\n      padding:10px 17px;\n      color:#fff;\n      background:linear-gradient(105deg,var(--emf-navy) 0%,var(--emf-navy-soft) 100%);\n      border-block-end:4px solid #c5ced8;\n    }\n\n    .emf-data-table-logo {\n      display:grid;\n      place-items:center;\n      inline-size:52px;\n      block-size:52px;\n      flex:0 0 52px;\n      background:rgba(255,255,255,.08);\n      border:1px solid rgba(255,255,255,.35);\n      border-radius:3px!important;\n    }\n\n    .emf-data-table-logo img {\n      display:block;\n      inline-size:41px;\n      block-size:41px;\n      max-inline-size:41px;\n      max-block-size:41px;\n      object-fit:contain;\n    }\n\n    .emf-data-table-kicker {\n      margin:0 0 2px;\n      font-size:10px;\n      font-weight:700;\n      letter-spacing:.16em;\n      line-height:1.2;\n      text-transform:uppercase;\n      opacity:.78;\n    }\n\n    .emf-data-table-title {\n      margin:0;\n      font-family:Georgia,\"Times New Roman\",serif;\n      font-size:21px;\n      font-weight:700;\n      line-height:1.2;\n    }\n\n    .emf-data-table-scroll {\n      display:block!important;\n      inline-size:100%!important;\n      max-inline-size:100%!important;\n      overflow-x:auto!important;\n      overflow-y:hidden!important;\n      -webkit-overflow-scrolling:touch;\n      overscroll-behavior-inline:contain;\n      scrollbar-width:thin;\n      scrollbar-color:#8798aa #edf1f5;\n    }\n\n    .emf-data-table-scroll:focus-visible {\n      outline:3px solid rgba(0,36,90,.35);\n      outline-offset:-3px;\n    }\n\n    .emf-data-table table {\n      display:table!important;\n      inline-size:100%!important;\n      min-inline-size:680px!important;\n      max-inline-size:none!important;\n      margin:0!important;\n      border:0!important;\n      border-collapse:separate!important;\n      border-spacing:0!important;\n      table-layout:auto!important;\n      background:#fff!important;\n    }\n\n    .emf-data-table caption {\n      position:absolute!important;\n      inline-size:1px!important;\n      block-size:1px!important;\n      padding:0!important;\n      margin:-1px!important;\n      overflow:hidden!important;\n      clip:rect(0,0,0,0)!important;\n      white-space:nowrap!important;\n      border:0!important;\n    }\n\n    .emf-data-table thead {\n      display:table-header-group!important;\n    }\n\n    .emf-data-table tbody {\n      display:table-row-group!important;\n    }\n\n    .emf-data-table tr {\n      display:table-row!important;\n    }\n\n    .emf-data-table th,\n    .emf-data-table td {\n      display:table-cell!important;\n      float:none!important;\n      inline-size:auto!important;\n      max-inline-size:none!important;\n      margin:0!important;\n      border-radius:0!important;\n      text-align:left!important;\n      vertical-align:middle!important;\n    }\n\n    .emf-data-table th {\n      padding:14px 17px!important;\n      color:#fff!important;\n      background:var(--emf-navy)!important;\n      border-block-end:1px solid rgba(255,255,255,.22)!important;\n      border-inline-end:1px solid rgba(255,255,255,.12)!important;\n      font-family:Georgia,\"Times New Roman\",serif;\n      font-size:14px!important;\n      font-weight:700!important;\n      line-height:1.35!important;\n      white-space:nowrap!important;\n    }\n\n    .emf-data-table th:last-child {\n      border-inline-end:0!important;\n    }\n\n    .emf-data-table td {\n      padding:14px 17px!important;\n      color:#43515e!important;\n      background:#fff!important;\n      border-block-end:1px solid var(--emf-line)!important;\n      font-size:14px!important;\n      font-weight:400!important;\n      line-height:1.5!important;\n      overflow-wrap:anywhere;\n    }\n\n    .emf-data-table tbody tr:nth-child(even) td {\n      background:var(--emf-wash)!important;\n    }\n\n    .emf-data-table tbody tr:hover td {\n      background:#eaf0f5!important;\n    }\n\n    .emf-data-table tbody tr:last-child td {\n      border-block-end:0!important;\n    }\n\n    .emf-data-table td:first-child {\n      color:var(--emf-navy)!important;\n      font-weight:700!important;\n    }\n\n    @media(max-width:560px) {\n      .emf-data-table-brand {\n        min-block-size:68px;\n        padding:9px 13px;\n      }\n\n      .emf-data-table-title {\n        font-size:19px;\n      }\n\n      .emf-data-table-scroll {\n        overflow:visible!important;\n      }\n\n      .emf-data-table table,\n      .emf-data-table thead,\n      .emf-data-table tbody,\n      .emf-data-table tr,\n      .emf-data-table th,\n      .emf-data-table td {\n        display:block!important;\n        inline-size:100%!important;\n        min-inline-size:0!important;\n        max-inline-size:100%!important;\n      }\n\n      .emf-data-table table {\n        padding:13px!important;\n      }\n\n      .emf-data-table thead {\n        position:absolute!important;\n        inline-size:1px!important;\n        block-size:1px!important;\n        padding:0!important;\n        margin:-1px!important;\n        overflow:hidden!important;\n        clip:rect(0,0,0,0)!important;\n        white-space:nowrap!important;\n      }\n\n      .emf-data-table tbody {\n        display:grid!important;\n        gap:11px;\n      }\n\n      .emf-data-table tr {\n        overflow:hidden!important;\n        background:#fff!important;\n        border:1px solid var(--emf-line)!important;\n        border-block-start:4px solid var(--emf-navy)!important;\n        border-radius:4px!important;\n        box-shadow:0 4px 12px rgba(0,36,90,.06);\n      }\n\n      .emf-data-table td,\n      .emf-data-table tbody tr:nth-child(even) td,\n      .emf-data-table tbody tr:hover td {\n        display:grid!important;\n        grid-template-columns:minmax(105px,38%) minmax(0,1fr)!important;\n        align-items:start;\n        gap:11px;\n        padding:11px 12px!important;\n        background:#fff!important;\n        border-block-end:1px solid #e2e7ec!important;\n      }\n\n      .emf-data-table td::before {\n        content:attr(data-label);\n        color:var(--emf-muted);\n        font-size:10px;\n        font-weight:700;\n        letter-spacing:.06em;\n        line-height:1.35;\n        text-transform:uppercase;\n      }\n\n      .emf-data-table td:first-child {\n        color:var(--emf-navy)!important;\n        background:#edf1f5!important;\n      }\n\n      .emf-data-table td:last-child {\n        border-block-end:0!important;\n      }\n    }\n  <\/style>\n\n  <div class=\"emf-data-table-brand\">\n    <div class=\"emf-data-table-logo\">\n      <img\n        alt=\"Logo EM Foco\"\n        decoding=\"async\"\n        height=\"41\"\n        loading=\"lazy\"\n        referrerpolicy=\"no-referrer\"\n        src=\"https:\/\/www.em.com.br\/emfoco\/wp-content\/uploads\/2026\/08\/em_transparente_3000px-scaled.png\"\n        width=\"41\"\n      >\n    <\/div>\n\n    <div>\n      <div class=\"emf-data-table-kicker\">DADOS EM FOCO<\/div>\n      <div class=\"emf-data-table-title\">Escala das gravuras do Nefud<\/div>\n    <\/div>\n  <\/div>\n\n  <div aria-label=\"Tabela com elementos, quantidades e caracter\u00edsticas das gravuras do deserto de Nefud\" class=\"emf-data-table-scroll\" role=\"region\" tabindex=\"0\">\n    <table>\n      <caption>N\u00fameros e caracter\u00edsticas das gravuras rupestres encontradas ao sul do deserto de Nefud.<\/caption>\n      <thead>\n        <tr>\n          <th scope=\"col\">Elemento<\/th>\n          <th scope=\"col\">Quantidade ou medida<\/th>\n          <th scope=\"col\">Caracter\u00edstica<\/th>\n        <\/tr>\n      <\/thead>\n      <tbody>\n        <tr>\n          <td data-label=\"Elemento\">Pain\u00e9is<\/td>\n          <td data-label=\"Quantidade ou medida\">62<\/td>\n          <td data-label=\"Caracter\u00edstica\">Tr\u00eas \u00e1reas pesquisadas<\/td>\n        <\/tr>\n        <tr>\n          <td data-label=\"Elemento\">Gravuras<\/td>\n          <td data-label=\"Quantidade ou medida\">176<\/td>\n          <td data-label=\"Caracter\u00edstica\">Animais e outras figuras<\/td>\n        <\/tr>\n        <tr>\n          <td data-label=\"Elemento\">Animais naturalistas<\/td>\n          <td data-label=\"Quantidade ou medida\">130<\/td>\n          <td data-label=\"Caracter\u00edstica\">Alguns com quase 3 metros<\/td>\n        <\/tr>\n      <\/tbody>\n    <\/table>\n  <\/div>\n<\/div>\n\n\n\n<h2 class=\"wp-block-heading\">O que essas gravuras ainda n\u00e3o conseguem provar?<\/h2>\n\n\n\n<p class=\"wp-block-paragraph\">A proximidade com a \u00e1gua \u00e9 forte, mas a <strong>fun\u00e7\u00e3o exata das imagens<\/strong> n\u00e3o ficou escrita em nenhum documento. Elas tamb\u00e9m podem ter expressado identidade, tradi\u00e7\u00e3o ou valor simb\u00f3lico. Por isso, a liga\u00e7\u00e3o com rotas e fontes deve ser entendida como interpreta\u00e7\u00e3o arqueol\u00f3gica apoiada pelo lugar.<\/p>\n\n\n\n<p class=\"wp-block-paragraph\">A combina\u00e7\u00e3o de data\u00e7\u00e3o, objetos e paisagem revela o ponto seguro: h\u00e1 quase 12.000 anos, <strong>comunidades conheciam o deserto<\/strong>, usavam lagos tempor\u00e1rios e criavam imagens enormes. Os pain\u00e9is transformaram caminhos de sobreviv\u00eancia em marcas vis\u00edveis, capazes de permanecer na rocha por milhares de anos.<\/p>\n","protected":false},"excerpt":{"rendered":"<p>EM FOCO Resumo da mat\u00e9ria 01 Pain\u00e9is espalhados no deserto A equipe registrou 176 gravuras em 62 pain\u00e9is distribu\u00eddos por tr\u00eas \u00e1reas antes pouco estudadas no norte da Ar\u00e1bia. 176 gravuras 02 Animais em tamanho natural Entre as figuras, 130 mostram camelos, cabras-selvagens, equ\u00eddeos, gazelas e auroques em grandes dimens\u00f5es. At\u00e9 3 metros 03 \u00c1gua [&hellip;]<\/p>\n","protected":false},"author":30,"featured_media":261982,"comment_status":"open","ping_status":"open","sticky":false,"template":"","format":"standard","meta":{"jnews-multi-image_gallery":[],"jnews_single_post":{"format":"standard"},"jnews_primary_category":[],"jnews_social_meta":[],"jnews_override_counter":[],"footnotes":""},"categories":[29],"tags":[35985,675,3580,35984],"class_list":["post-261930","post","type-post","status-publish","format-standard","has-post-thumbnail","hentry","category-entretenimento","tag-arabia","tag-arqueologia","tag-deserto","tag-gravuras"],"yoast_head":"<!-- This site is optimized with the Yoast SEO plugin v28.3 - https:\/\/yoast.com\/product\/yoast-seo-wordpress\/ -->\n<title>Pessoas gravaram 130 camelos, cabras e outros animais em tamanho natural no deserto h\u00e1 quase 12.000 anos para indicar caminhos at\u00e9 a \u00e1gua - Estado de Minas - Em foco<\/title>\n<meta name=\"description\" content=\"Gravuras rupestres gigantes surgiram perto de antigos lagos no deserto. Por que camelos de pedra podem ter guiado pessoas at\u00e9 a \u00e1gua?\" \/>\n<meta name=\"robots\" content=\"index, follow, max-snippet:-1, max-image-preview:large, max-video-preview:-1\" \/>\n<link rel=\"canonical\" href=\"https:\/\/www.em.com.br\/emfoco\/2026\/09\/03\/pessoas-gravaram-130-camelos-cabras-e-outros-animais-em-tamanho-natural-no-deserto-ha-quase-12-000-anos-para-indicar-caminhos-ate-a-agua\/\" \/>\n<meta property=\"og:locale\" content=\"pt_BR\" \/>\n<meta property=\"og:type\" content=\"article\" \/>\n<meta property=\"og:title\" content=\"Pessoas gravaram 130 camelos, cabras e outros animais em tamanho natural no deserto h\u00e1 quase 12.000 anos para indicar caminhos at\u00e9 a \u00e1gua - Estado de Minas - Em foco\" \/>\n<meta property=\"og:description\" content=\"Gravuras rupestres gigantes surgiram perto de antigos lagos no deserto. Por que camelos de pedra podem ter guiado pessoas at\u00e9 a \u00e1gua?\" \/>\n<meta property=\"og:url\" content=\"https:\/\/www.em.com.br\/emfoco\/2026\/09\/03\/pessoas-gravaram-130-camelos-cabras-e-outros-animais-em-tamanho-natural-no-deserto-ha-quase-12-000-anos-para-indicar-caminhos-ate-a-agua\/\" \/>\n<meta property=\"og:site_name\" content=\"Estado de Minas - Em foco\" \/>\n<meta property=\"article:published_time\" content=\"2026-09-04T01:17:00+00:00\" \/>\n<meta property=\"og:image\" content=\"https:\/\/www.em.com.br\/emfoco\/wp-content\/uploads\/2026\/09\/capa1-1.jpg\" \/>\n\t<meta property=\"og:image:width\" content=\"1280\" \/>\n\t<meta property=\"og:image:height\" content=\"720\" \/>\n\t<meta property=\"og:image:type\" content=\"image\/jpeg\" \/>\n<meta name=\"author\" content=\"Guilherme Ara\u00fajo\" \/>\n<meta name=\"twitter:card\" content=\"summary_large_image\" \/>\n<meta name=\"twitter:label1\" content=\"Escrito por\" \/>\n\t<meta name=\"twitter:data1\" content=\"Guilherme Ara\u00fajo\" \/>\n\t<meta name=\"twitter:label2\" content=\"Est. tempo de leitura\" \/>\n\t<meta name=\"twitter:data2\" content=\"6 minutos\" \/>\n<!-- \/ Yoast SEO plugin. -->","yoast_head_json":{"title":"Pessoas gravaram 130 camelos, cabras e outros animais em tamanho natural no deserto h\u00e1 quase 12.000 anos para indicar caminhos at\u00e9 a \u00e1gua - Estado de Minas - Em foco","description":"Gravuras rupestres gigantes surgiram perto de antigos lagos no deserto. Por que camelos de pedra podem ter guiado pessoas at\u00e9 a \u00e1gua?","robots":{"index":"index","follow":"follow","max-snippet":"max-snippet:-1","max-image-preview":"max-image-preview:large","max-video-preview":"max-video-preview:-1"},"canonical":"https:\/\/www.em.com.br\/emfoco\/2026\/09\/03\/pessoas-gravaram-130-camelos-cabras-e-outros-animais-em-tamanho-natural-no-deserto-ha-quase-12-000-anos-para-indicar-caminhos-ate-a-agua\/","og_locale":"pt_BR","og_type":"article","og_title":"Pessoas gravaram 130 camelos, cabras e outros animais em tamanho natural no deserto h\u00e1 quase 12.000 anos para indicar caminhos at\u00e9 a \u00e1gua - Estado de Minas - Em foco","og_description":"Gravuras rupestres gigantes surgiram perto de antigos lagos no deserto. Por que camelos de pedra podem ter guiado pessoas at\u00e9 a \u00e1gua?","og_url":"https:\/\/www.em.com.br\/emfoco\/2026\/09\/03\/pessoas-gravaram-130-camelos-cabras-e-outros-animais-em-tamanho-natural-no-deserto-ha-quase-12-000-anos-para-indicar-caminhos-ate-a-agua\/","og_site_name":"Estado de Minas - Em foco","article_published_time":"2026-09-04T01:17:00+00:00","og_image":[{"width":1280,"height":720,"url":"https:\/\/www.em.com.br\/emfoco\/wp-content\/uploads\/2026\/09\/capa1-1.jpg","type":"image\/jpeg"}],"author":"Guilherme Ara\u00fajo","twitter_card":"summary_large_image","twitter_misc":{"Escrito por":"Guilherme Ara\u00fajo","Est. tempo de leitura":"6 minutos"},"schema":{"@context":"https:\/\/schema.org","@graph":[{"@type":"Article","@id":"https:\/\/www.em.com.br\/emfoco\/2026\/09\/03\/pessoas-gravaram-130-camelos-cabras-e-outros-animais-em-tamanho-natural-no-deserto-ha-quase-12-000-anos-para-indicar-caminhos-ate-a-agua\/#article","isPartOf":{"@id":"https:\/\/www.em.com.br\/emfoco\/2026\/09\/03\/pessoas-gravaram-130-camelos-cabras-e-outros-animais-em-tamanho-natural-no-deserto-ha-quase-12-000-anos-para-indicar-caminhos-ate-a-agua\/"},"author":{"name":"Guilherme Ara\u00fajo","@id":"https:\/\/www.em.com.br\/emfoco\/#\/schema\/person\/5379e929a4b966c775d121e23f9bb421"},"headline":"Pessoas gravaram 130 camelos, cabras e outros animais em tamanho natural no deserto h\u00e1 quase 12.000 anos para indicar caminhos at\u00e9 a \u00e1gua","datePublished":"2026-09-04T01:17:00+00:00","mainEntityOfPage":{"@id":"https:\/\/www.em.com.br\/emfoco\/2026\/09\/03\/pessoas-gravaram-130-camelos-cabras-e-outros-animais-em-tamanho-natural-no-deserto-ha-quase-12-000-anos-para-indicar-caminhos-ate-a-agua\/"},"wordCount":817,"commentCount":0,"image":{"@id":"https:\/\/www.em.com.br\/emfoco\/2026\/09\/03\/pessoas-gravaram-130-camelos-cabras-e-outros-animais-em-tamanho-natural-no-deserto-ha-quase-12-000-anos-para-indicar-caminhos-ate-a-agua\/#primaryimage"},"thumbnailUrl":"https:\/\/www.em.com.br\/emfoco\/wp-content\/uploads\/2026\/09\/capa1-1.jpg","keywords":["Ar\u00e1bia","arqueologia","deserto","gravuras"],"articleSection":["Entretenimento"],"inLanguage":"pt-BR","potentialAction":[{"@type":"CommentAction","name":"Comment","target":["https:\/\/www.em.com.br\/emfoco\/2026\/09\/03\/pessoas-gravaram-130-camelos-cabras-e-outros-animais-em-tamanho-natural-no-deserto-ha-quase-12-000-anos-para-indicar-caminhos-ate-a-agua\/#respond"]}]},{"@type":"WebPage","@id":"https:\/\/www.em.com.br\/emfoco\/2026\/09\/03\/pessoas-gravaram-130-camelos-cabras-e-outros-animais-em-tamanho-natural-no-deserto-ha-quase-12-000-anos-para-indicar-caminhos-ate-a-agua\/","url":"https:\/\/www.em.com.br\/emfoco\/2026\/09\/03\/pessoas-gravaram-130-camelos-cabras-e-outros-animais-em-tamanho-natural-no-deserto-ha-quase-12-000-anos-para-indicar-caminhos-ate-a-agua\/","name":"Pessoas gravaram 130 camelos, cabras e outros animais em tamanho natural no deserto h\u00e1 quase 12.000 anos para indicar caminhos at\u00e9 a \u00e1gua - Estado de Minas - Em foco","isPartOf":{"@id":"https:\/\/www.em.com.br\/emfoco\/#website"},"primaryImageOfPage":{"@id":"https:\/\/www.em.com.br\/emfoco\/2026\/09\/03\/pessoas-gravaram-130-camelos-cabras-e-outros-animais-em-tamanho-natural-no-deserto-ha-quase-12-000-anos-para-indicar-caminhos-ate-a-agua\/#primaryimage"},"image":{"@id":"https:\/\/www.em.com.br\/emfoco\/2026\/09\/03\/pessoas-gravaram-130-camelos-cabras-e-outros-animais-em-tamanho-natural-no-deserto-ha-quase-12-000-anos-para-indicar-caminhos-ate-a-agua\/#primaryimage"},"thumbnailUrl":"https:\/\/www.em.com.br\/emfoco\/wp-content\/uploads\/2026\/09\/capa1-1.jpg","datePublished":"2026-09-04T01:17:00+00:00","author":{"@id":"https:\/\/www.em.com.br\/emfoco\/#\/schema\/person\/5379e929a4b966c775d121e23f9bb421"},"description":"Gravuras rupestres gigantes surgiram perto de antigos lagos no deserto. Por que camelos de pedra podem ter guiado pessoas at\u00e9 a \u00e1gua?","breadcrumb":{"@id":"https:\/\/www.em.com.br\/emfoco\/2026\/09\/03\/pessoas-gravaram-130-camelos-cabras-e-outros-animais-em-tamanho-natural-no-deserto-ha-quase-12-000-anos-para-indicar-caminhos-ate-a-agua\/#breadcrumb"},"inLanguage":"pt-BR","potentialAction":[{"@type":"ReadAction","target":["https:\/\/www.em.com.br\/emfoco\/2026\/09\/03\/pessoas-gravaram-130-camelos-cabras-e-outros-animais-em-tamanho-natural-no-deserto-ha-quase-12-000-anos-para-indicar-caminhos-ate-a-agua\/"]}]},{"@type":"ImageObject","inLanguage":"pt-BR","@id":"https:\/\/www.em.com.br\/emfoco\/2026\/09\/03\/pessoas-gravaram-130-camelos-cabras-e-outros-animais-em-tamanho-natural-no-deserto-ha-quase-12-000-anos-para-indicar-caminhos-ate-a-agua\/#primaryimage","url":"https:\/\/www.em.com.br\/emfoco\/wp-content\/uploads\/2026\/09\/capa1-1.jpg","contentUrl":"https:\/\/www.em.com.br\/emfoco\/wp-content\/uploads\/2026\/09\/capa1-1.jpg","width":1280,"height":720,"caption":"As figuras podem ter funcionado como refer\u00eancias visuais em uma paisagem dif\u00edcil de atravessar"},{"@type":"BreadcrumbList","@id":"https:\/\/www.em.com.br\/emfoco\/2026\/09\/03\/pessoas-gravaram-130-camelos-cabras-e-outros-animais-em-tamanho-natural-no-deserto-ha-quase-12-000-anos-para-indicar-caminhos-ate-a-agua\/#breadcrumb","itemListElement":[{"@type":"ListItem","position":1,"name":"In\u00edcio","item":"https:\/\/www.em.com.br\/emfoco\/"},{"@type":"ListItem","position":2,"name":"Pessoas gravaram 130 camelos, cabras e outros animais em tamanho natural no deserto h\u00e1 quase 12.000 anos para indicar caminhos at\u00e9 a \u00e1gua"}]},{"@type":"WebSite","@id":"https:\/\/www.em.com.br\/emfoco\/#website","url":"https:\/\/www.em.com.br\/emfoco\/","name":"Estado de Minas - Em foco","description":"Acompanhe as \u00faltimas not\u00edcias e fique bem informado sobre tudo o que acontece em Minas Gerais, Brasil e no mundo.","potentialAction":[{"@type":"SearchAction","target":{"@type":"EntryPoint","urlTemplate":"https:\/\/www.em.com.br\/emfoco\/?s={search_term_string}"},"query-input":{"@type":"PropertyValueSpecification","valueRequired":true,"valueName":"search_term_string"}}],"inLanguage":"pt-BR"},{"@type":"Person","@id":"https:\/\/www.em.com.br\/emfoco\/#\/schema\/person\/5379e929a4b966c775d121e23f9bb421","name":"Guilherme Ara\u00fajo","image":{"@type":"ImageObject","inLanguage":"pt-BR","@id":"https:\/\/secure.gravatar.com\/avatar\/063bc96e5a2afd1844386c45bd1360efc771eff011a9fab8cd399e2a104c3ecd?s=96&d=mm&r=g","url":"https:\/\/secure.gravatar.com\/avatar\/063bc96e5a2afd1844386c45bd1360efc771eff011a9fab8cd399e2a104c3ecd?s=96&d=mm&r=g","contentUrl":"https:\/\/secure.gravatar.com\/avatar\/063bc96e5a2afd1844386c45bd1360efc771eff011a9fab8cd399e2a104c3ecd?s=96&d=mm&r=g","caption":"Guilherme Ara\u00fajo"},"sameAs":["https:\/\/www.em.com.br\/emfoco"],"url":"https:\/\/www.em.com.br\/emfoco\/author\/guilhermeamyth\/"}]}},"_links":{"self":[{"href":"https:\/\/www.em.com.br\/emfoco\/wp-json\/wp\/v2\/posts\/261930","targetHints":{"allow":["GET"]}}],"collection":[{"href":"https:\/\/www.em.com.br\/emfoco\/wp-json\/wp\/v2\/posts"}],"about":[{"href":"https:\/\/www.em.com.br\/emfoco\/wp-json\/wp\/v2\/types\/post"}],"author":[{"embeddable":true,"href":"https:\/\/www.em.com.br\/emfoco\/wp-json\/wp\/v2\/users\/30"}],"replies":[{"embeddable":true,"href":"https:\/\/www.em.com.br\/emfoco\/wp-json\/wp\/v2\/comments?post=261930"}],"version-history":[{"count":4,"href":"https:\/\/www.em.com.br\/emfoco\/wp-json\/wp\/v2\/posts\/261930\/revisions"}],"predecessor-version":[{"id":262120,"href":"https:\/\/www.em.com.br\/emfoco\/wp-json\/wp\/v2\/posts\/261930\/revisions\/262120"}],"wp:featuredmedia":[{"embeddable":true,"href":"https:\/\/www.em.com.br\/emfoco\/wp-json\/wp\/v2\/media\/261982"}],"wp:attachment":[{"href":"https:\/\/www.em.com.br\/emfoco\/wp-json\/wp\/v2\/media?parent=261930"}],"wp:term":[{"taxonomy":"category","embeddable":true,"href":"https:\/\/www.em.com.br\/emfoco\/wp-json\/wp\/v2\/categories?post=261930"},{"taxonomy":"post_tag","embeddable":true,"href":"https:\/\/www.em.com.br\/emfoco\/wp-json\/wp\/v2\/tags?post=261930"}],"curies":[{"name":"wp","href":"https:\/\/api.w.org\/{rel}","templated":true}]}}