{"id":261929,"date":"2026-09-03T14:37:00","date_gmt":"2026-09-03T17:37:00","guid":{"rendered":"https:\/\/www.em.com.br\/emfoco\/?p=261929"},"modified":"2026-09-02T21:37:33","modified_gmt":"2026-09-03T00:37:33","slug":"cacadores-chegaram-a-malta-ha-8-500-anos-depois-de-atravessar-pelo-menos-100-quilometros-de-mar-aberto-em-embarcacoes-desconhecidas","status":"publish","type":"post","link":"https:\/\/www.em.com.br\/emfoco\/2026\/09\/03\/cacadores-chegaram-a-malta-ha-8-500-anos-depois-de-atravessar-pelo-menos-100-quilometros-de-mar-aberto-em-embarcacoes-desconhecidas\/","title":{"rendered":"Ca\u00e7adores chegaram a Malta h\u00e1 8.500 anos depois de atravessar pelo menos 100 quil\u00f4metros de mar aberto em embarca\u00e7\u00f5es desconhecidas"},"content":{"rendered":"\n<div class=\"emf-summary google-auto-ads-ignore\">\n  <style>\n    .emf-summary {\n      --emf-navy:#00245a;\n      --emf-navy-soft:#0b3b70;\n      --emf-ink:#1d2731;\n      --emf-muted:#66727e;\n      --emf-line:#d7dde5;\n      --emf-paper:#ffffff;\n      --emf-wash:#f4f6f8;\n      box-sizing:border-box!important;\n      inline-size:min(1100px,100%)!important;\n      max-inline-size:100%!important;\n      margin-inline:auto!important;\n      overflow:hidden!important;\n      color:var(--emf-ink);\n      background:var(--emf-paper);\n      border:1px solid var(--emf-line);\n      border-block-start:5px solid var(--emf-navy);\n      border-radius:6px!important;\n      box-shadow:0 8px 24px rgba(0,36,90,.08);\n      font-family:Arial,Helvetica,sans-serif;\n    }\n\n    .emf-summary *,\n    .emf-summary *::before,\n    .emf-summary *::after {\n      box-sizing:border-box!important;\n    }\n\n    .emf-summary-brand {\n      display:flex;\n      align-items:center;\n      gap:14px;\n      padding:16px 20px;\n      color:#fff;\n      background:linear-gradient(105deg,var(--emf-navy) 0%,var(--emf-navy-soft) 100%);\n      border-block-end:1px solid rgba(255,255,255,.18);\n    }\n\n    .emf-summary-logo {\n      display:grid;\n      place-items:center;\n      inline-size:58px;\n      block-size:58px;\n      flex:0 0 58px;\n      background:rgba(255,255,255,.08);\n      border:1px solid rgba(255,255,255,.35);\n      border-radius:3px!important;\n    }\n\n    .emf-summary-logo img {\n      display:block;\n      inline-size:46px;\n      block-size:46px;\n      max-inline-size:46px;\n      max-block-size:46px;\n      object-fit:contain;\n    }\n\n    .emf-summary-eyebrow {\n      margin:0 0 3px;\n      font-size:11px;\n      font-weight:700;\n      letter-spacing:.18em;\n      line-height:1.2;\n      text-transform:uppercase;\n      opacity:.78;\n    }\n\n    .emf-summary-title {\n      margin:0;\n      font-family:Georgia,\"Times New Roman\",serif;\n      font-size:25px;\n      font-weight:700;\n      line-height:1.15;\n    }\n\n    .emf-summary-grid {\n      display:grid;\n      grid-template-columns:repeat(3,minmax(0,1fr));\n      gap:0;\n      background:var(--emf-wash);\n    }\n\n    .emf-summary-card {\n      position:relative;\n      min-block-size:190px;\n      padding:24px 20px 20px;\n      overflow:hidden!important;\n      background:#fff;\n      border-inline-end:1px solid var(--emf-line);\n    }\n\n    .emf-summary-card:last-child {\n      border-inline-end:0;\n    }\n\n    .emf-summary-number {\n      position:absolute;\n      inset-block-start:13px;\n      inset-inline-end:15px;\n      color:rgba(0,36,90,.10);\n      font-family:Georgia,\"Times New Roman\",serif;\n      font-size:46px;\n      font-weight:700;\n      line-height:1;\n      pointer-events:none;\n    }\n\n    .emf-summary-card-title {\n      position:relative;\n      z-index:1;\n      margin:0 0 11px;\n      padding-block-end:10px;\n      color:var(--emf-navy);\n      border-block-end:2px solid var(--emf-navy);\n      font-family:Georgia,\"Times New Roman\",serif;\n      font-size:18px;\n      font-weight:700;\n      line-height:1.3;\n      overflow-wrap:anywhere;\n    }\n\n    .emf-summary-card-text {\n      position:relative;\n      z-index:1;\n      color:#485560;\n      font-size:13px;\n      line-height:1.6;\n      overflow-wrap:anywhere;\n    }\n\n    .emf-summary-card-meta {\n      position:relative;\n      z-index:1;\n      display:inline-flex;\n      margin-block-start:16px;\n      padding:5px 8px;\n      color:var(--emf-navy);\n      background:#edf1f5;\n      border:1px solid #d9e0e7;\n      border-radius:2px!important;\n      font-size:10px;\n      font-weight:700;\n      letter-spacing:.08em;\n      line-height:1.2;\n      text-transform:uppercase;\n    }\n\n    @media(max-width:760px) {\n      .emf-summary-grid {\n        grid-template-columns:1fr;\n      }\n\n      .emf-summary-card {\n        min-block-size:0;\n        border-inline-end:0;\n        border-block-end:1px solid var(--emf-line);\n      }\n\n      .emf-summary-card:last-child {\n        border-block-end:0;\n      }\n    }\n\n    @media(max-width:480px) {\n      .emf-summary-brand {\n        padding:14px 15px;\n      }\n\n      .emf-summary-logo {\n        inline-size:52px;\n        block-size:52px;\n        flex-basis:52px;\n      }\n\n      .emf-summary-logo img {\n        inline-size:41px;\n        block-size:41px;\n        max-inline-size:41px;\n        max-block-size:41px;\n      }\n\n      .emf-summary-title {\n        font-size:22px;\n      }\n\n      .emf-summary-card {\n        padding:21px 16px 18px;\n      }\n    }\n  <\/style>\n\n  <div class=\"emf-summary-brand\">\n    <div class=\"emf-summary-logo\">\n      <img\n        alt=\"Logo EM Foco\"\n        decoding=\"async\"\n        fetchpriority=\"high\"\n        height=\"46\"\n        loading=\"eager\"\n        referrerpolicy=\"no-referrer\"\n        src=\"https:\/\/www.em.com.br\/emfoco\/wp-content\/uploads\/2026\/08\/em_transparente_3000px-scaled.png\"\n        width=\"46\"\n      >\n    <\/div>\n\n    <div>\n      <div class=\"emf-summary-eyebrow\">EM FOCO<\/div>\n      <div class=\"emf-summary-title\">Resumo da mat\u00e9ria<\/div>\n    <\/div>\n  <\/div>\n\n  <div class=\"emf-summary-grid\">\n    <div class=\"emf-summary-card\">\n      <span aria-hidden=\"true\" class=\"emf-summary-number\">01<\/span>\n      <div aria-level=\"3\" class=\"emf-summary-card-title\" role=\"heading\">\n        Chegada antes da agricultura\n      <\/div>\n      <div class=\"emf-summary-card-text\">\n        Ferramentas, fogueiras e restos de comida mostram uma ocupa\u00e7\u00e3o iniciada cerca de mil anos antes da chegada dos primeiros agricultores.\n      <\/div>\n      <div class=\"emf-summary-card-meta\">\n        8.500 anos\n      <\/div>\n    <\/div>\n    <div class=\"emf-summary-card\">\n      <span aria-hidden=\"true\" class=\"emf-summary-number\">02<\/span>\n      <div aria-level=\"3\" class=\"emf-summary-card-title\" role=\"heading\">\n        Travessia em mar aberto\n      <\/div>\n      <div class=\"emf-summary-card-text\">\n        A dist\u00e2ncia pr\u00f3xima de 100 quil\u00f4metros desde a Sic\u00edlia exigiu navega\u00e7\u00e3o longa e algumas horas no escuro.\n      <\/div>\n      <div class=\"emf-summary-card-meta\">\n        100 quil\u00f4metros\n      <\/div>\n    <\/div>\n    <div class=\"emf-summary-card\">\n      <span aria-hidden=\"true\" class=\"emf-summary-number\">03<\/span>\n      <div aria-level=\"3\" class=\"emf-summary-card-title\" role=\"heading\">\n        Comida da terra e mar\n      <\/div>\n      <div class=\"emf-summary-card-text\">\n        Os grupos cozinharam cervos, aves, peixes, focas, caranguejos, ouri\u00e7os e milhares de moluscos marinhos.\n      <\/div>\n      <div class=\"emf-summary-card-meta\">\n        Dieta variada\n      <\/div>\n    <\/div>\n  <\/div>\n<\/div>\n\n\n\n<p class=\"wp-block-paragraph\">Em <strong>Malta<\/strong>, vest\u00edgios de ca\u00e7adores-coletores com 8.500 anos mudaram a data da primeira ocupa\u00e7\u00e3o humana conhecida. Eles cruzaram pelo menos <strong>100 quil\u00f4metros de mar aberto<\/strong>, provavelmente saindo da Sic\u00edlia, e chegaram ao arquip\u00e9lago cerca de mil anos antes dos primeiros agricultores, em plena Pr\u00e9-Hist\u00f3ria.<\/p>\n\n\n\n<h2 class=\"wp-block-heading\">O que foi encontrado na caverna de Latnija?<\/h2>\n\n\n\n<p class=\"wp-block-paragraph\">A prova veio da caverna de Latnija, na regi\u00e3o de Mellie\u0127a, ao norte de <a href=\"https:\/\/pt.wikipedia.org\/wiki\/Hist%C3%B3ria_de_Malta\" target=\"_blank\" rel=\"noopener noreferrer\"><strong>Malta<\/strong><\/a>. Camadas escavadas guardavam ferramentas de pedra, pontos de fogueira e restos de alimentos cozidos, sinais diretos de pessoas vivendo no local.<\/p>\n\n\n\n<p class=\"wp-block-paragraph\">Esses materiais registram <strong>ocupa\u00e7\u00f5es de ca\u00e7adores-coletores<\/strong>, grupos que obtinham comida sem depender de lavouras ou rebanhos. A presen\u00e7a n\u00e3o foi deduzida de um objeto isolado: diferentes vest\u00edgios apareceram juntos e permitiram ligar moradia, preparo de comida e uso de recursos locais.<\/p>\n\n\n<div class=\"wp-block-image\">\n<figure class=\"aligncenter size-large\"><img decoding=\"async\" width=\"1024\" height=\"576\" src=\"https:\/\/www.em.com.br\/emfoco\/wp-content\/uploads\/2026\/09\/caverna23-1-1024x576.jpg\" alt=\"\" class=\"wp-image-261979\" srcset=\"https:\/\/www.em.com.br\/emfoco\/wp-content\/uploads\/2026\/09\/caverna23-1-1024x576.jpg 1024w, https:\/\/www.em.com.br\/emfoco\/wp-content\/uploads\/2026\/09\/caverna23-1-300x169.jpg 300w, https:\/\/www.em.com.br\/emfoco\/wp-content\/uploads\/2026\/09\/caverna23-1-768x432.jpg 768w, https:\/\/www.em.com.br\/emfoco\/wp-content\/uploads\/2026\/09\/caverna23-1-750x421.jpg 750w, https:\/\/www.em.com.br\/emfoco\/wp-content\/uploads\/2026\/09\/caverna23-1-1140x641.jpg 1140w, https:\/\/www.em.com.br\/emfoco\/wp-content\/uploads\/2026\/09\/caverna23-1.jpg 1280w\" sizes=\"(max-width: 1024px) 100vw, 1024px\" \/><figcaption class=\"wp-element-caption\">Nenhuma embarca\u00e7\u00e3o usada na travessia chegou at\u00e9 os dias atuais<\/figcaption><\/figure>\n<\/div>\n\n\n<h2 class=\"wp-block-heading\">Como os vest\u00edgios mudaram a pr\u00e9-hist\u00f3ria de Malta?<\/h2>\n\n\n\n<p class=\"wp-block-paragraph\">Antes da escava\u00e7\u00e3o, a ocupa\u00e7\u00e3o permanente das pequenas ilhas era associada \u00e0 chegada de agricultores, por volta de <strong>7.500 anos atr\u00e1s<\/strong>. A nova cronologia empurrou esse come\u00e7o para aproximadamente 8.500 anos, ampliando em cerca de um mil\u00eanio a presen\u00e7a humana conhecida no arquip\u00e9lago.<\/p>\n\n\n\n<p class=\"wp-block-paragraph\">O <a href=\"https:\/\/www.nature.com\/articles\/s41586-025-08780-y\" target=\"_blank\" rel=\"noopener noreferrer\"><strong>estudo publicado na Nature<\/strong><\/a> reuniu data\u00e7\u00e3o, arqueologia, restos de animais e plantas. O conjunto indica ocupa\u00e7\u00f5es entre cerca de 8.500 e 7.500 anos atr\u00e1s, quando a forma das ilhas e o n\u00edvel do mar j\u00e1 eram pr\u00f3ximos dos atuais.<\/p>\n\n\n\n<h2 class=\"wp-block-heading\">Como seria uma travessia de 100 quil\u00f4metros?<\/h2>\n\n\n\n<p class=\"wp-block-paragraph\">A rota mais curta partiria da <strong>Sic\u00edlia<\/strong>, a massa de terra mais pr\u00f3xima. Com uma velocidade estimada em cerca de quatro quil\u00f4metros por hora, os viajantes precisariam passar muitas horas remando. Mesmo no dia mais longo do ano, parte do caminho ocorreria ap\u00f3s o anoitecer.<\/p>\n\n\n\n<p class=\"wp-block-paragraph\">Nenhuma embarca\u00e7\u00e3o foi preservada, por isso o tipo usado continua desconhecido. Uma hip\u00f3tese \u00e9 a canoa escavada em tronco, mas <strong>correntes, ventos, estrelas e pontos vis\u00edveis<\/strong> tamb\u00e9m teriam ajudado. O resultado mostra capacidade de planejar uma viagem para uma ilha pequena e distante.<\/p>\n\n\n\n<p class=\"myth-list-bridge wp-block-paragraph\">A seguir listamos <strong>quatro desafios da travessia<\/strong> que precisavam ser vencidos durante o percurso:<\/p>\n\n\n\n<ul class=\"wp-block-list myth-bullet-list\">\n<li><strong>Dist\u00e2ncia longa:<\/strong> cerca de 100 quil\u00f4metros separavam a Sic\u00edlia de Malta.<\/li>\n\n\n\n<li><strong>Horas no escuro:<\/strong> nem o dia mais longo bastaria para completar a rota com luz.<\/li>\n\n\n\n<li><strong>Ilha pequena:<\/strong> o destino oferecia uma faixa limitada para ser avistada.<\/li>\n\n\n\n<li><strong>Recursos incertos:<\/strong> os viajantes precisavam encontrar \u00e1gua e alimento ap\u00f3s chegar.<\/li>\n<\/ul>\n\n\n<div class=\"wp-block-image\">\n<figure class=\"aligncenter size-large\"><img decoding=\"async\" width=\"1024\" height=\"576\" src=\"https:\/\/www.em.com.br\/emfoco\/wp-content\/uploads\/2026\/09\/malta-1024x576.jpg\" alt=\"\" class=\"wp-image-261980\" srcset=\"https:\/\/www.em.com.br\/emfoco\/wp-content\/uploads\/2026\/09\/malta-1024x576.jpg 1024w, https:\/\/www.em.com.br\/emfoco\/wp-content\/uploads\/2026\/09\/malta-300x169.jpg 300w, https:\/\/www.em.com.br\/emfoco\/wp-content\/uploads\/2026\/09\/malta-768x432.jpg 768w, https:\/\/www.em.com.br\/emfoco\/wp-content\/uploads\/2026\/09\/malta-750x421.jpg 750w, https:\/\/www.em.com.br\/emfoco\/wp-content\/uploads\/2026\/09\/malta-1140x641.jpg 1140w, https:\/\/www.em.com.br\/emfoco\/wp-content\/uploads\/2026\/09\/malta.jpg 1280w\" sizes=\"(max-width: 1024px) 100vw, 1024px\" \/><figcaption class=\"wp-element-caption\">O percurso exigia avan\u00e7ar por mar aberto sem depender apenas da costa como refer\u00eancia<\/figcaption><\/figure>\n<\/div>\n\n\n<p class=\"wp-block-paragraph\"><strong>Leia tamb\u00e9m: <a href=\"https:\/\/www.em.com.br\/emfoco\/2026\/09\/02\/uma-impressao-completa-de-mao-ficou-escondida-sob-uma-peca-funeraria-egipcia-durante-cerca-de-4-000-anos\/\" target=\"_blank\" rel=\"noreferrer noopener\">Uma impress\u00e3o completa de m\u00e3o ficou escondida sob uma pe\u00e7a funer\u00e1ria eg\u00edpcia durante cerca de 4.000 anos<\/a><\/strong><\/p>\n\n\n\n<h2 class=\"wp-block-heading\">Como esses grupos conseguiram viver na ilha?<\/h2>\n\n\n\n<p class=\"wp-block-paragraph\">A sobreviv\u00eancia dependia de uma <strong>dieta muito variada<\/strong>. Nas fogueiras apareceram restos de cervos-vermelhos, tartarugas e aves, inclusive esp\u00e9cies grandes hoje extintas. Isso mostra que os habitantes exploravam diferentes ambientes terrestres em vez de depender de um \u00fanico animal.<\/p>\n\n\n\n<p class=\"wp-block-paragraph\">O mar completava a alimenta\u00e7\u00e3o. Foram encontrados <strong>peixes, focas e milhares de moluscos<\/strong>, al\u00e9m de caranguejos e ouri\u00e7os, todos com sinais de cozimento. Essa mistura de recursos ajudaria um grupo pequeno a permanecer em uma ilha com pouca \u00e1rea e oferta terrestre limitada.<\/p>\n\n\n\n<p class=\"myth-html-bridge wp-block-paragraph\">A seguir listamos <strong>tr\u00eas grupos de achados<\/strong> que mostram como era a vida em Latnija:<\/p>\n\n\n\n<div class=\"emf-data-table google-auto-ads-ignore\">\n  <style>\n    .emf-data-table {\n      --emf-navy:#00245a;\n      --emf-navy-soft:#0b3b70;\n      --emf-ink:#1d2731;\n      --emf-muted:#66727e;\n      --emf-line:#d7dde5;\n      --emf-wash:#f4f6f8;\n      box-sizing:border-box!important;\n      inline-size:min(1100px,100%)!important;\n      max-inline-size:100%!important;\n      margin-inline:auto!important;\n      overflow:hidden!important;\n      color:var(--emf-ink);\n      background:#fff;\n      border:1px solid var(--emf-line);\n      border-radius:6px!important;\n      box-shadow:0 8px 24px rgba(0,36,90,.08);\n      font-family:Arial,Helvetica,sans-serif;\n    }\n\n    .emf-data-table *,\n    .emf-data-table *::before,\n    .emf-data-table *::after {\n      box-sizing:border-box!important;\n    }\n\n    .emf-data-table-brand {\n      display:flex;\n      align-items:center;\n      gap:13px;\n      min-block-size:72px;\n      padding:10px 17px;\n      color:#fff;\n      background:linear-gradient(105deg,var(--emf-navy) 0%,var(--emf-navy-soft) 100%);\n      border-block-end:4px solid #c5ced8;\n    }\n\n    .emf-data-table-logo {\n      display:grid;\n      place-items:center;\n      inline-size:52px;\n      block-size:52px;\n      flex:0 0 52px;\n      background:rgba(255,255,255,.08);\n      border:1px solid rgba(255,255,255,.35);\n      border-radius:3px!important;\n    }\n\n    .emf-data-table-logo img {\n      display:block;\n      inline-size:41px;\n      block-size:41px;\n      max-inline-size:41px;\n      max-block-size:41px;\n      object-fit:contain;\n    }\n\n    .emf-data-table-kicker {\n      margin:0 0 2px;\n      font-size:10px;\n      font-weight:700;\n      letter-spacing:.16em;\n      line-height:1.2;\n      text-transform:uppercase;\n      opacity:.78;\n    }\n\n    .emf-data-table-title {\n      margin:0;\n      font-family:Georgia,\"Times New Roman\",serif;\n      font-size:21px;\n      font-weight:700;\n      line-height:1.2;\n    }\n\n    .emf-data-table-scroll {\n      display:block!important;\n      inline-size:100%!important;\n      max-inline-size:100%!important;\n      overflow-x:auto!important;\n      overflow-y:hidden!important;\n      -webkit-overflow-scrolling:touch;\n      overscroll-behavior-inline:contain;\n      scrollbar-width:thin;\n      scrollbar-color:#8798aa #edf1f5;\n    }\n\n    .emf-data-table-scroll:focus-visible {\n      outline:3px solid rgba(0,36,90,.35);\n      outline-offset:-3px;\n    }\n\n    .emf-data-table table {\n      display:table!important;\n      inline-size:100%!important;\n      min-inline-size:680px!important;\n      max-inline-size:none!important;\n      margin:0!important;\n      border:0!important;\n      border-collapse:separate!important;\n      border-spacing:0!important;\n      table-layout:auto!important;\n      background:#fff!important;\n    }\n\n    .emf-data-table caption {\n      position:absolute!important;\n      inline-size:1px!important;\n      block-size:1px!important;\n      padding:0!important;\n      margin:-1px!important;\n      overflow:hidden!important;\n      clip:rect(0,0,0,0)!important;\n      white-space:nowrap!important;\n      border:0!important;\n    }\n\n    .emf-data-table thead {\n      display:table-header-group!important;\n    }\n\n    .emf-data-table tbody {\n      display:table-row-group!important;\n    }\n\n    .emf-data-table tr {\n      display:table-row!important;\n    }\n\n    .emf-data-table th,\n    .emf-data-table td {\n      display:table-cell!important;\n      float:none!important;\n      inline-size:auto!important;\n      max-inline-size:none!important;\n      margin:0!important;\n      border-radius:0!important;\n      text-align:left!important;\n      vertical-align:middle!important;\n    }\n\n    .emf-data-table th {\n      padding:14px 17px!important;\n      color:#fff!important;\n      background:var(--emf-navy)!important;\n      border-block-end:1px solid rgba(255,255,255,.22)!important;\n      border-inline-end:1px solid rgba(255,255,255,.12)!important;\n      font-family:Georgia,\"Times New Roman\",serif;\n      font-size:14px!important;\n      font-weight:700!important;\n      line-height:1.35!important;\n      white-space:nowrap!important;\n    }\n\n    .emf-data-table th:last-child {\n      border-inline-end:0!important;\n    }\n\n    .emf-data-table td {\n      padding:14px 17px!important;\n      color:#43515e!important;\n      background:#fff!important;\n      border-block-end:1px solid var(--emf-line)!important;\n      font-size:14px!important;\n      font-weight:400!important;\n      line-height:1.5!important;\n      overflow-wrap:anywhere;\n    }\n\n    .emf-data-table tbody tr:nth-child(even) td {\n      background:var(--emf-wash)!important;\n    }\n\n    .emf-data-table tbody tr:hover td {\n      background:#eaf0f5!important;\n    }\n\n    .emf-data-table tbody tr:last-child td {\n      border-block-end:0!important;\n    }\n\n    .emf-data-table td:first-child {\n      color:var(--emf-navy)!important;\n      font-weight:700!important;\n    }\n\n    @media(max-width:560px) {\n      .emf-data-table-brand {\n        min-block-size:68px;\n        padding:9px 13px;\n      }\n\n      .emf-data-table-title {\n        font-size:19px;\n      }\n\n      .emf-data-table-scroll {\n        overflow:visible!important;\n      }\n\n      .emf-data-table table,\n      .emf-data-table thead,\n      .emf-data-table tbody,\n      .emf-data-table tr,\n      .emf-data-table th,\n      .emf-data-table td {\n        display:block!important;\n        inline-size:100%!important;\n        min-inline-size:0!important;\n        max-inline-size:100%!important;\n      }\n\n      .emf-data-table table {\n        padding:13px!important;\n      }\n\n      .emf-data-table thead {\n        position:absolute!important;\n        inline-size:1px!important;\n        block-size:1px!important;\n        padding:0!important;\n        margin:-1px!important;\n        overflow:hidden!important;\n        clip:rect(0,0,0,0)!important;\n        white-space:nowrap!important;\n      }\n\n      .emf-data-table tbody {\n        display:grid!important;\n        gap:11px;\n      }\n\n      .emf-data-table tr {\n        overflow:hidden!important;\n        background:#fff!important;\n        border:1px solid var(--emf-line)!important;\n        border-block-start:4px solid var(--emf-navy)!important;\n        border-radius:4px!important;\n        box-shadow:0 4px 12px rgba(0,36,90,.06);\n      }\n\n      .emf-data-table td,\n      .emf-data-table tbody tr:nth-child(even) td,\n      .emf-data-table tbody tr:hover td {\n        display:grid!important;\n        grid-template-columns:minmax(105px,38%) minmax(0,1fr)!important;\n        align-items:start;\n        gap:11px;\n        padding:11px 12px!important;\n        background:#fff!important;\n        border-block-end:1px solid #e2e7ec!important;\n      }\n\n      .emf-data-table td::before {\n        content:attr(data-label);\n        color:var(--emf-muted);\n        font-size:10px;\n        font-weight:700;\n        letter-spacing:.06em;\n        line-height:1.35;\n        text-transform:uppercase;\n      }\n\n      .emf-data-table td:first-child {\n        color:var(--emf-navy)!important;\n        background:#edf1f5!important;\n      }\n\n      .emf-data-table td:last-child {\n        border-block-end:0!important;\n      }\n    }\n  <\/style>\n\n  <div class=\"emf-data-table-brand\">\n    <div class=\"emf-data-table-logo\">\n      <img\n        alt=\"Logo EM Foco\"\n        decoding=\"async\"\n        height=\"41\"\n        loading=\"lazy\"\n        referrerpolicy=\"no-referrer\"\n        src=\"https:\/\/www.em.com.br\/emfoco\/wp-content\/uploads\/2026\/08\/em_transparente_3000px-scaled.png\"\n        width=\"41\"\n      >\n    <\/div>\n\n    <div>\n      <div class=\"emf-data-table-kicker\">DADOS EM FOCO<\/div>\n      <div class=\"emf-data-table-title\">Vest\u00edgios da ocupa\u00e7\u00e3o de Latnija<\/div>\n    <\/div>\n  <\/div>\n\n  <div aria-label=\"Tabela com grupos de vest\u00edgios, exemplos e informa\u00e7\u00f5es reveladas em Latnija\" class=\"emf-data-table-scroll\" role=\"region\" tabindex=\"0\">\n    <table>\n      <caption>Vest\u00edgios arqueol\u00f3gicos de Latnija e o que revelam sobre os ca\u00e7adores-coletores de Malta.<\/caption>\n      <thead>\n        <tr>\n          <th scope=\"col\">Grupo<\/th>\n          <th scope=\"col\">Exemplos<\/th>\n          <th scope=\"col\">O que revela<\/th>\n        <\/tr>\n      <\/thead>\n      <tbody>\n        <tr>\n          <td data-label=\"Grupo\">Atividades humanas<\/td>\n          <td data-label=\"Exemplos\">Ferramentas e fogueiras<\/td>\n          <td data-label=\"O que revela\">Ocupa\u00e7\u00e3o da caverna<\/td>\n        <\/tr>\n        <tr>\n          <td data-label=\"Grupo\">Recursos terrestres<\/td>\n          <td data-label=\"Exemplos\">Cervos, aves e tartarugas<\/td>\n          <td data-label=\"O que revela\">Ca\u00e7a e preparo de comida<\/td>\n        <\/tr>\n        <tr>\n          <td data-label=\"Grupo\">Recursos marinhos<\/td>\n          <td data-label=\"Exemplos\">Peixes, moluscos e ouri\u00e7os<\/td>\n          <td data-label=\"O que revela\">Uso amplo do litoral<\/td>\n        <\/tr>\n      <\/tbody>\n    <\/table>\n  <\/div>\n<\/div>\n\n\n\n<h2 class=\"wp-block-heading\">Por que a descoberta importa para outras ilhas?<\/h2>\n\n\n\n<p class=\"wp-block-paragraph\">A viagem representa a <strong>mais longa travessia mar\u00edtima conhecida<\/strong> entre ca\u00e7adores-coletores no Mediterr\u00e2neo. Ela sugere que grupos anteriores \u00e0 agricultura podiam manter contatos pelo mar e alcan\u00e7ar ilhas consideradas pequenas demais para sustentar pessoas com os meios dispon\u00edveis naquela \u00e9poca.<\/p>\n\n\n\n<p class=\"wp-block-paragraph\">Ferramentas, fogueiras e comida formam uma resposta concreta: os <strong>ca\u00e7adores de Malta<\/strong> n\u00e3o apenas chegaram, mas aprenderam a usar terra e mar durante s\u00e9culos. A travessia amplia a imagem dessas comunidades, que planejavam rotas longas e viviam em ambientes isolados muito antes da agricultura.<\/p>\n","protected":false},"excerpt":{"rendered":"<p>EM FOCO Resumo da mat\u00e9ria 01 Chegada antes da agricultura Ferramentas, fogueiras e restos de comida mostram uma ocupa\u00e7\u00e3o iniciada cerca de mil anos antes da chegada dos primeiros agricultores. 8.500 anos 02 Travessia em mar aberto A dist\u00e2ncia pr\u00f3xima de 100 quil\u00f4metros desde a Sic\u00edlia exigiu navega\u00e7\u00e3o longa e algumas horas no escuro. 100 [&hellip;]<\/p>\n","protected":false},"author":30,"featured_media":261977,"comment_status":"open","ping_status":"open","sticky":false,"template":"","format":"standard","meta":{"jnews-multi-image_gallery":[],"jnews_single_post":{"format":"standard"},"jnews_primary_category":[],"jnews_social_meta":[],"jnews_override_counter":[],"footnotes":""},"categories":[29],"tags":[675,30714,7191,4675],"class_list":["post-261929","post","type-post","status-publish","format-standard","has-post-thumbnail","hentry","category-entretenimento","tag-arqueologia","tag-malta","tag-mediterraneo","tag-navegacao"],"yoast_head":"<!-- This site is optimized with the Yoast SEO plugin v28.3 - https:\/\/yoast.com\/product\/yoast-seo-wordpress\/ -->\n<title>Ca\u00e7adores chegaram a Malta h\u00e1 8.500 anos depois de atravessar pelo menos 100 quil\u00f4metros de mar aberto em embarca\u00e7\u00f5es desconhecidas - Estado de Minas - Em foco<\/title>\n<meta name=\"description\" content=\"Uma travessia de 100 quil\u00f4metros levou ca\u00e7adores at\u00e9 Malta h\u00e1 milhares de anos. Entenda por que esse feito surpreendeu tantos pesquisadores.\" \/>\n<meta name=\"robots\" content=\"index, follow, max-snippet:-1, max-image-preview:large, max-video-preview:-1\" \/>\n<link rel=\"canonical\" href=\"https:\/\/www.em.com.br\/emfoco\/2026\/09\/03\/cacadores-chegaram-a-malta-ha-8-500-anos-depois-de-atravessar-pelo-menos-100-quilometros-de-mar-aberto-em-embarcacoes-desconhecidas\/\" \/>\n<meta property=\"og:locale\" content=\"pt_BR\" \/>\n<meta property=\"og:type\" content=\"article\" \/>\n<meta property=\"og:title\" content=\"Ca\u00e7adores chegaram a Malta h\u00e1 8.500 anos depois de atravessar pelo menos 100 quil\u00f4metros de mar aberto em embarca\u00e7\u00f5es desconhecidas - Estado de Minas - Em foco\" \/>\n<meta property=\"og:description\" content=\"Uma travessia de 100 quil\u00f4metros levou ca\u00e7adores at\u00e9 Malta h\u00e1 milhares de anos. Entenda por que esse feito surpreendeu tantos pesquisadores.\" \/>\n<meta property=\"og:url\" content=\"https:\/\/www.em.com.br\/emfoco\/2026\/09\/03\/cacadores-chegaram-a-malta-ha-8-500-anos-depois-de-atravessar-pelo-menos-100-quilometros-de-mar-aberto-em-embarcacoes-desconhecidas\/\" \/>\n<meta property=\"og:site_name\" content=\"Estado de Minas - Em foco\" \/>\n<meta property=\"article:published_time\" content=\"2026-09-03T17:37:00+00:00\" \/>\n<meta property=\"og:image\" content=\"https:\/\/www.em.com.br\/emfoco\/wp-content\/uploads\/2026\/09\/canao1.jpg\" \/>\n\t<meta property=\"og:image:width\" content=\"1280\" \/>\n\t<meta property=\"og:image:height\" content=\"720\" \/>\n\t<meta property=\"og:image:type\" content=\"image\/jpeg\" \/>\n<meta name=\"author\" content=\"Guilherme Ara\u00fajo\" \/>\n<meta name=\"twitter:card\" content=\"summary_large_image\" \/>\n<meta name=\"twitter:label1\" content=\"Escrito por\" \/>\n\t<meta name=\"twitter:data1\" content=\"Guilherme Ara\u00fajo\" \/>\n\t<meta name=\"twitter:label2\" content=\"Est. tempo de leitura\" \/>\n\t<meta name=\"twitter:data2\" content=\"6 minutos\" \/>\n<!-- \/ Yoast SEO plugin. -->","yoast_head_json":{"title":"Ca\u00e7adores chegaram a Malta h\u00e1 8.500 anos depois de atravessar pelo menos 100 quil\u00f4metros de mar aberto em embarca\u00e7\u00f5es desconhecidas - Estado de Minas - Em foco","description":"Uma travessia de 100 quil\u00f4metros levou ca\u00e7adores at\u00e9 Malta h\u00e1 milhares de anos. Entenda por que esse feito surpreendeu tantos pesquisadores.","robots":{"index":"index","follow":"follow","max-snippet":"max-snippet:-1","max-image-preview":"max-image-preview:large","max-video-preview":"max-video-preview:-1"},"canonical":"https:\/\/www.em.com.br\/emfoco\/2026\/09\/03\/cacadores-chegaram-a-malta-ha-8-500-anos-depois-de-atravessar-pelo-menos-100-quilometros-de-mar-aberto-em-embarcacoes-desconhecidas\/","og_locale":"pt_BR","og_type":"article","og_title":"Ca\u00e7adores chegaram a Malta h\u00e1 8.500 anos depois de atravessar pelo menos 100 quil\u00f4metros de mar aberto em embarca\u00e7\u00f5es desconhecidas - Estado de Minas - Em foco","og_description":"Uma travessia de 100 quil\u00f4metros levou ca\u00e7adores at\u00e9 Malta h\u00e1 milhares de anos. Entenda por que esse feito surpreendeu tantos pesquisadores.","og_url":"https:\/\/www.em.com.br\/emfoco\/2026\/09\/03\/cacadores-chegaram-a-malta-ha-8-500-anos-depois-de-atravessar-pelo-menos-100-quilometros-de-mar-aberto-em-embarcacoes-desconhecidas\/","og_site_name":"Estado de Minas - Em foco","article_published_time":"2026-09-03T17:37:00+00:00","og_image":[{"width":1280,"height":720,"url":"https:\/\/www.em.com.br\/emfoco\/wp-content\/uploads\/2026\/09\/canao1.jpg","type":"image\/jpeg"}],"author":"Guilherme Ara\u00fajo","twitter_card":"summary_large_image","twitter_misc":{"Escrito por":"Guilherme Ara\u00fajo","Est. tempo de leitura":"6 minutos"},"schema":{"@context":"https:\/\/schema.org","@graph":[{"@type":"Article","@id":"https:\/\/www.em.com.br\/emfoco\/2026\/09\/03\/cacadores-chegaram-a-malta-ha-8-500-anos-depois-de-atravessar-pelo-menos-100-quilometros-de-mar-aberto-em-embarcacoes-desconhecidas\/#article","isPartOf":{"@id":"https:\/\/www.em.com.br\/emfoco\/2026\/09\/03\/cacadores-chegaram-a-malta-ha-8-500-anos-depois-de-atravessar-pelo-menos-100-quilometros-de-mar-aberto-em-embarcacoes-desconhecidas\/"},"author":{"name":"Guilherme Ara\u00fajo","@id":"https:\/\/www.em.com.br\/emfoco\/#\/schema\/person\/5379e929a4b966c775d121e23f9bb421"},"headline":"Ca\u00e7adores chegaram a Malta h\u00e1 8.500 anos depois de atravessar pelo menos 100 quil\u00f4metros de mar aberto em embarca\u00e7\u00f5es desconhecidas","datePublished":"2026-09-03T17:37:00+00:00","mainEntityOfPage":{"@id":"https:\/\/www.em.com.br\/emfoco\/2026\/09\/03\/cacadores-chegaram-a-malta-ha-8-500-anos-depois-de-atravessar-pelo-menos-100-quilometros-de-mar-aberto-em-embarcacoes-desconhecidas\/"},"wordCount":835,"commentCount":0,"image":{"@id":"https:\/\/www.em.com.br\/emfoco\/2026\/09\/03\/cacadores-chegaram-a-malta-ha-8-500-anos-depois-de-atravessar-pelo-menos-100-quilometros-de-mar-aberto-em-embarcacoes-desconhecidas\/#primaryimage"},"thumbnailUrl":"https:\/\/www.em.com.br\/emfoco\/wp-content\/uploads\/2026\/09\/canao1.jpg","keywords":["arqueologia","malta","mediterr\u00e2neo","Navega\u00e7\u00e3o"],"articleSection":["Entretenimento"],"inLanguage":"pt-BR","potentialAction":[{"@type":"CommentAction","name":"Comment","target":["https:\/\/www.em.com.br\/emfoco\/2026\/09\/03\/cacadores-chegaram-a-malta-ha-8-500-anos-depois-de-atravessar-pelo-menos-100-quilometros-de-mar-aberto-em-embarcacoes-desconhecidas\/#respond"]}]},{"@type":"WebPage","@id":"https:\/\/www.em.com.br\/emfoco\/2026\/09\/03\/cacadores-chegaram-a-malta-ha-8-500-anos-depois-de-atravessar-pelo-menos-100-quilometros-de-mar-aberto-em-embarcacoes-desconhecidas\/","url":"https:\/\/www.em.com.br\/emfoco\/2026\/09\/03\/cacadores-chegaram-a-malta-ha-8-500-anos-depois-de-atravessar-pelo-menos-100-quilometros-de-mar-aberto-em-embarcacoes-desconhecidas\/","name":"Ca\u00e7adores chegaram a Malta h\u00e1 8.500 anos depois de atravessar pelo menos 100 quil\u00f4metros de mar aberto em embarca\u00e7\u00f5es desconhecidas - Estado de Minas - Em foco","isPartOf":{"@id":"https:\/\/www.em.com.br\/emfoco\/#website"},"primaryImageOfPage":{"@id":"https:\/\/www.em.com.br\/emfoco\/2026\/09\/03\/cacadores-chegaram-a-malta-ha-8-500-anos-depois-de-atravessar-pelo-menos-100-quilometros-de-mar-aberto-em-embarcacoes-desconhecidas\/#primaryimage"},"image":{"@id":"https:\/\/www.em.com.br\/emfoco\/2026\/09\/03\/cacadores-chegaram-a-malta-ha-8-500-anos-depois-de-atravessar-pelo-menos-100-quilometros-de-mar-aberto-em-embarcacoes-desconhecidas\/#primaryimage"},"thumbnailUrl":"https:\/\/www.em.com.br\/emfoco\/wp-content\/uploads\/2026\/09\/canao1.jpg","datePublished":"2026-09-03T17:37:00+00:00","author":{"@id":"https:\/\/www.em.com.br\/emfoco\/#\/schema\/person\/5379e929a4b966c775d121e23f9bb421"},"description":"Uma travessia de 100 quil\u00f4metros levou ca\u00e7adores at\u00e9 Malta h\u00e1 milhares de anos. Entenda por que esse feito surpreendeu tantos pesquisadores.","breadcrumb":{"@id":"https:\/\/www.em.com.br\/emfoco\/2026\/09\/03\/cacadores-chegaram-a-malta-ha-8-500-anos-depois-de-atravessar-pelo-menos-100-quilometros-de-mar-aberto-em-embarcacoes-desconhecidas\/#breadcrumb"},"inLanguage":"pt-BR","potentialAction":[{"@type":"ReadAction","target":["https:\/\/www.em.com.br\/emfoco\/2026\/09\/03\/cacadores-chegaram-a-malta-ha-8-500-anos-depois-de-atravessar-pelo-menos-100-quilometros-de-mar-aberto-em-embarcacoes-desconhecidas\/"]}]},{"@type":"ImageObject","inLanguage":"pt-BR","@id":"https:\/\/www.em.com.br\/emfoco\/2026\/09\/03\/cacadores-chegaram-a-malta-ha-8-500-anos-depois-de-atravessar-pelo-menos-100-quilometros-de-mar-aberto-em-embarcacoes-desconhecidas\/#primaryimage","url":"https:\/\/www.em.com.br\/emfoco\/wp-content\/uploads\/2026\/09\/canao1.jpg","contentUrl":"https:\/\/www.em.com.br\/emfoco\/wp-content\/uploads\/2026\/09\/canao1.jpg","width":1280,"height":720,"caption":"A dist\u00e2ncia percorrida indica uma capacidade de navega\u00e7\u00e3o maior do que se imaginava para aquela \u00e9poca"},{"@type":"BreadcrumbList","@id":"https:\/\/www.em.com.br\/emfoco\/2026\/09\/03\/cacadores-chegaram-a-malta-ha-8-500-anos-depois-de-atravessar-pelo-menos-100-quilometros-de-mar-aberto-em-embarcacoes-desconhecidas\/#breadcrumb","itemListElement":[{"@type":"ListItem","position":1,"name":"In\u00edcio","item":"https:\/\/www.em.com.br\/emfoco\/"},{"@type":"ListItem","position":2,"name":"Ca\u00e7adores chegaram a Malta h\u00e1 8.500 anos depois de atravessar pelo menos 100 quil\u00f4metros de mar aberto em embarca\u00e7\u00f5es desconhecidas"}]},{"@type":"WebSite","@id":"https:\/\/www.em.com.br\/emfoco\/#website","url":"https:\/\/www.em.com.br\/emfoco\/","name":"Estado de Minas - Em foco","description":"Acompanhe as \u00faltimas not\u00edcias e fique bem informado sobre tudo o que acontece em Minas Gerais, Brasil e no mundo.","potentialAction":[{"@type":"SearchAction","target":{"@type":"EntryPoint","urlTemplate":"https:\/\/www.em.com.br\/emfoco\/?s={search_term_string}"},"query-input":{"@type":"PropertyValueSpecification","valueRequired":true,"valueName":"search_term_string"}}],"inLanguage":"pt-BR"},{"@type":"Person","@id":"https:\/\/www.em.com.br\/emfoco\/#\/schema\/person\/5379e929a4b966c775d121e23f9bb421","name":"Guilherme Ara\u00fajo","image":{"@type":"ImageObject","inLanguage":"pt-BR","@id":"https:\/\/secure.gravatar.com\/avatar\/063bc96e5a2afd1844386c45bd1360efc771eff011a9fab8cd399e2a104c3ecd?s=96&d=mm&r=g","url":"https:\/\/secure.gravatar.com\/avatar\/063bc96e5a2afd1844386c45bd1360efc771eff011a9fab8cd399e2a104c3ecd?s=96&d=mm&r=g","contentUrl":"https:\/\/secure.gravatar.com\/avatar\/063bc96e5a2afd1844386c45bd1360efc771eff011a9fab8cd399e2a104c3ecd?s=96&d=mm&r=g","caption":"Guilherme Ara\u00fajo"},"sameAs":["https:\/\/www.em.com.br\/emfoco"],"url":"https:\/\/www.em.com.br\/emfoco\/author\/guilhermeamyth\/"}]}},"_links":{"self":[{"href":"https:\/\/www.em.com.br\/emfoco\/wp-json\/wp\/v2\/posts\/261929","targetHints":{"allow":["GET"]}}],"collection":[{"href":"https:\/\/www.em.com.br\/emfoco\/wp-json\/wp\/v2\/posts"}],"about":[{"href":"https:\/\/www.em.com.br\/emfoco\/wp-json\/wp\/v2\/types\/post"}],"author":[{"embeddable":true,"href":"https:\/\/www.em.com.br\/emfoco\/wp-json\/wp\/v2\/users\/30"}],"replies":[{"embeddable":true,"href":"https:\/\/www.em.com.br\/emfoco\/wp-json\/wp\/v2\/comments?post=261929"}],"version-history":[{"count":4,"href":"https:\/\/www.em.com.br\/emfoco\/wp-json\/wp\/v2\/posts\/261929\/revisions"}],"predecessor-version":[{"id":262119,"href":"https:\/\/www.em.com.br\/emfoco\/wp-json\/wp\/v2\/posts\/261929\/revisions\/262119"}],"wp:featuredmedia":[{"embeddable":true,"href":"https:\/\/www.em.com.br\/emfoco\/wp-json\/wp\/v2\/media\/261977"}],"wp:attachment":[{"href":"https:\/\/www.em.com.br\/emfoco\/wp-json\/wp\/v2\/media?parent=261929"}],"wp:term":[{"taxonomy":"category","embeddable":true,"href":"https:\/\/www.em.com.br\/emfoco\/wp-json\/wp\/v2\/categories?post=261929"},{"taxonomy":"post_tag","embeddable":true,"href":"https:\/\/www.em.com.br\/emfoco\/wp-json\/wp\/v2\/tags?post=261929"}],"curies":[{"name":"wp","href":"https:\/\/api.w.org\/{rel}","templated":true}]}}