{"id":261909,"date":"2026-09-02T18:29:00","date_gmt":"2026-09-02T21:29:00","guid":{"rendered":"https:\/\/www.em.com.br\/emfoco\/?p=261909"},"modified":"2026-09-02T00:47:56","modified_gmt":"2026-09-02T03:47:56","slug":"a-ameixeira-e-a-arvore-ideal-para-casas-pequenas-tem-raizes-menos-agressivas-da-frutas-no-verao-e-tolera-periodos-de-seca","status":"publish","type":"post","link":"https:\/\/www.em.com.br\/emfoco\/2026\/09\/02\/a-ameixeira-e-a-arvore-ideal-para-casas-pequenas-tem-raizes-menos-agressivas-da-frutas-no-verao-e-tolera-periodos-de-seca\/","title":{"rendered":"A ameixeira \u00e9 a \u00e1rvore ideal para casas pequenas: tem ra\u00edzes menos agressivas, d\u00e1 frutas no ver\u00e3o e tolera per\u00edodos de seca"},"content":{"rendered":"\n<p class=\"wp-block-paragraph\">Em <strong>casas pequenas<\/strong>, quem busca uma frut\u00edfera pode considerar a <strong>ameixeira<\/strong>, mas o sucesso depende muito mais da cultivar do que do tamanho do terreno. A Prunus domestica produz ameixas e pode ser conduzida com poda, por\u00e9m frio de inverno, drenagem, \u00e1gua e poliniza\u00e7\u00e3o precisam combinar com a regi\u00e3o certa.<\/p>\n\n\n\n<h2 class=\"wp-block-heading\">Por que a ameixeira pode caber melhor em casas pequenas?<\/h2>\n\n\n\n<p class=\"wp-block-paragraph\">A <a href=\"https:\/\/pt.wikipedia.org\/wiki\/Prunus_domestica\" target=\"_blank\" rel=\"noopener\"><strong>Prunus domestica<\/strong><\/a> \u00e9 uma frut\u00edfera de porte relativamente manej\u00e1vel e pode ser conduzida com podas de forma\u00e7\u00e3o e produ\u00e7\u00e3o. Isso ajuda a controlar copa e acesso aos frutos, algo \u00fatil quando o espa\u00e7o dispon\u00edvel \u00e9 limitado.<\/p>\n\n\n\n<p class=\"wp-block-paragraph\">\u201cRaiz menos agressiva\u201d n\u00e3o significa raiz sem risco. Cal\u00e7adas, muros, tubula\u00e7\u00f5es e funda\u00e7\u00f5es ainda pedem dist\u00e2ncia adequada. Em quintais pequenos, o melhor resultado vem de <strong>controlar porte e localiza\u00e7\u00e3o<\/strong>, sem plantar a \u00e1rvore encostada em estruturas.<\/p>\n\n\n<div class=\"wp-block-image\">\n<figure class=\"aligncenter size-large\"><img decoding=\"async\" width=\"1024\" height=\"576\" src=\"https:\/\/www.em.com.br\/emfoco\/wp-content\/uploads\/2026\/09\/Plum_tree_in_residential_yard_202609020038-1024x576.jpg\" alt=\"Ameixeira para casas pequenas e quintais compactos\" class=\"wp-image-261922\" srcset=\"https:\/\/www.em.com.br\/emfoco\/wp-content\/uploads\/2026\/09\/Plum_tree_in_residential_yard_202609020038-1024x576.jpg 1024w, https:\/\/www.em.com.br\/emfoco\/wp-content\/uploads\/2026\/09\/Plum_tree_in_residential_yard_202609020038-300x169.jpg 300w, https:\/\/www.em.com.br\/emfoco\/wp-content\/uploads\/2026\/09\/Plum_tree_in_residential_yard_202609020038-768x432.jpg 768w, https:\/\/www.em.com.br\/emfoco\/wp-content\/uploads\/2026\/09\/Plum_tree_in_residential_yard_202609020038-750x422.jpg 750w, https:\/\/www.em.com.br\/emfoco\/wp-content\/uploads\/2026\/09\/Plum_tree_in_residential_yard_202609020038-1140x641.jpg 1140w, https:\/\/www.em.com.br\/emfoco\/wp-content\/uploads\/2026\/09\/Plum_tree_in_residential_yard_202609020038.jpg 1280w\" sizes=\"(max-width: 1024px) 100vw, 1024px\" \/><figcaption class=\"wp-element-caption\">Ameixeira para casas pequenas e quintais compactos<\/figcaption><\/figure>\n<\/div>\n\n\n<h2 class=\"wp-block-heading\">O que o clima brasileiro muda na escolha da cultivar?<\/h2>\n\n\n\n<p class=\"wp-block-paragraph\">A ameixeira precisa de frio de inverno para superar a dorm\u00eancia, mas a exig\u00eancia varia muito entre cultivares. H\u00e1 materiais de baixa e alta necessidade de frio, ent\u00e3o <strong>escolher a cultivar certa<\/strong> \u00e9 mais importante do que simplesmente comprar qualquer muda dispon\u00edvel.<\/p>\n\n\n\n<p class=\"wp-block-paragraph\">Quando a regi\u00e3o n\u00e3o fornece frio suficiente, brota\u00e7\u00e3o e flora\u00e7\u00e3o podem ficar irregulares. A adapta\u00e7\u00e3o tamb\u00e9m muda entre ameixeiras europeias e japonesas. Por isso, o plantio deve combinar <strong>clima local, cultivar e \u00e9poca de flora\u00e7\u00e3o<\/strong> antes de pensar na colheita.<\/p>\n\n\n\n<h2 class=\"wp-block-heading\">Que solo e drenagem favorecem uma ameixeira saud\u00e1vel?<\/h2>\n\n\n\n<p class=\"wp-block-paragraph\">A \u00e1rvore prefere solo profundo, perme\u00e1vel e bem drenado. A <a href=\"https:\/\/www.embrapa.br\/en\/web\/agencia-de-informacao-tecnologica\/cultivos\/ameixa\/pre-producao\/solo\" target=\"_blank\" rel=\"noopener\"><strong>boa drenagem para a ameixeira<\/strong><\/a> \u00e9 especialmente importante porque as ra\u00edzes precisam de aera\u00e7\u00e3o e n\u00e3o trabalham bem em solo permanentemente encharcado.<\/p>\n\n\n\n<p class=\"wp-block-paragraph\">Antes do plantio, vale organizar os <strong>cuidados b\u00e1sicos<\/strong>:<\/p>\n\n\n\n<ul class=\"wp-block-list\">\n<li><strong>Sol direto:<\/strong> escolha uma \u00e1rea aberta e bem iluminada.<\/li>\n\n\n\n<li><strong>Drenagem eficiente:<\/strong> evite pontos onde a \u00e1gua permanece acumulada ap\u00f3s chuva.<\/li>\n\n\n\n<li><strong>Espa\u00e7o para copa:<\/strong> deixe margem para poda e circula\u00e7\u00e3o ao redor da planta.<\/li>\n\n\n\n<li><strong>\u00c1gua regular:<\/strong> n\u00e3o trate resist\u00eancia a per\u00edodos secos como dispensa de irriga\u00e7\u00e3o.<\/li>\n<\/ul>\n\n\n<div class=\"wp-block-image\">\n<figure class=\"aligncenter size-large\"><img decoding=\"async\" width=\"1024\" height=\"576\" src=\"https:\/\/www.em.com.br\/emfoco\/wp-content\/uploads\/2026\/09\/Plum_tree_root_flare_watering_202609020038-1024x576.jpg\" alt=\"Ameixeira para casas pequenas e quintais compactos\" class=\"wp-image-261923\" srcset=\"https:\/\/www.em.com.br\/emfoco\/wp-content\/uploads\/2026\/09\/Plum_tree_root_flare_watering_202609020038-1024x576.jpg 1024w, https:\/\/www.em.com.br\/emfoco\/wp-content\/uploads\/2026\/09\/Plum_tree_root_flare_watering_202609020038-300x169.jpg 300w, https:\/\/www.em.com.br\/emfoco\/wp-content\/uploads\/2026\/09\/Plum_tree_root_flare_watering_202609020038-768x432.jpg 768w, https:\/\/www.em.com.br\/emfoco\/wp-content\/uploads\/2026\/09\/Plum_tree_root_flare_watering_202609020038-750x422.jpg 750w, https:\/\/www.em.com.br\/emfoco\/wp-content\/uploads\/2026\/09\/Plum_tree_root_flare_watering_202609020038-1140x641.jpg 1140w, https:\/\/www.em.com.br\/emfoco\/wp-content\/uploads\/2026\/09\/Plum_tree_root_flare_watering_202609020038.jpg 1280w\" sizes=\"(max-width: 1024px) 100vw, 1024px\" \/><figcaption class=\"wp-element-caption\">Ameixeira para casas pequenas e quintais compactos<\/figcaption><\/figure>\n<\/div>\n\n\n<h2 class=\"wp-block-heading\">A ameixeira realmente tolera seca e frutifica no ver\u00e3o?<\/h2>\n\n\n\n<p class=\"wp-block-paragraph\">Plantas estabelecidas conseguem atravessar per\u00edodos secos curtos melhor do que mudas rec\u00e9m-plantadas, mas estiagens prolongadas reduzem crescimento e produ\u00e7\u00e3o. A ameixeira continua precisando de \u00e1gua ao longo do ciclo. Portanto, <strong>tolerar seca n\u00e3o significa produzir sem irriga\u00e7\u00e3o<\/strong> quando falta chuva por muito tempo.<\/p>\n\n\n\n<p class=\"wp-block-paragraph\">A \u00e9poca de colheita varia entre cultivares e regi\u00f5es, com muitas ameixas amadurecendo entre o fim da primavera e o ver\u00e3o. Para quem busca fruta nessa esta\u00e7\u00e3o, o ponto-chave \u00e9 combinar <strong>ciclo da cultivar<\/strong> com o clima do local.<\/p>\n\n\n\n<p class=\"wp-block-paragraph\">Leia tamb\u00e9m:<a href=\"https:\/\/www.em.com.br\/emfoco\/2026\/08\/12\/cal-e-po-de-marmore-sao-aplicados-em-camadas-e-polidos-a-mao-ate-uma-parede-comum-ganhar-profundidade-manchas-naturais-e-aparencia-de-pedra-sem-receber-nenhuma-placa\/\" target=\"_blank\" rel=\"noreferrer noopener\"> Cal e p\u00f3 de m\u00e1rmore s\u00e3o aplicados em camadas e polidos \u00e0 m\u00e3o at\u00e9 uma parede comum ganhar profundidade, manchas naturais e apar\u00eancia de pedra sem receber nenhuma placa<\/a><\/p>\n\n\n\n<h2 class=\"wp-block-heading\">Uma \u00fanica ameixeira basta para produzir frutas em casa?<\/h2>\n\n\n\n<p class=\"wp-block-paragraph\">Nem sempre. Muitas cultivares precisam de poliniza\u00e7\u00e3o cruzada para produzir de forma satisfat\u00f3ria. As orienta\u00e7\u00f5es sobre <a href=\"https:\/\/www.embrapa.br\/en\/web\/agencia-de-informacao-tecnologica\/cultivos\/ameixa\/pre-producao\/cultivares\/polinizacao\" target=\"_blank\" rel=\"noopener\"><strong>poliniza\u00e7\u00e3o da ameixeira<\/strong><\/a> mostram que compatibilidade e coincid\u00eancia de flora\u00e7\u00e3o precisam ser consideradas.<\/p>\n\n\n\n<p class=\"wp-block-paragraph\">Em um quintal pequeno, isso pode influenciar at\u00e9 a escolha da muda. Uma cultivar com boa adapta\u00e7\u00e3o regional e exig\u00eancia de poliniza\u00e7\u00e3o conhecida evita frustra\u00e7\u00e3o depois. Com <strong>frio, solo, \u00e1gua e poliniza\u00e7\u00e3o<\/strong> alinhados, a ameixeira se torna uma op\u00e7\u00e3o muito mais realista para espa\u00e7os residenciais menores.<\/p>\n\n\n\n<p class=\"wp-block-paragraph\"><\/p>\n","protected":false},"excerpt":{"rendered":"<p>Em casas pequenas, quem busca uma frut\u00edfera pode considerar a ameixeira, mas o sucesso depende muito mais da cultivar do que do tamanho do terreno. A Prunus domestica produz ameixas e pode ser conduzida com poda, por\u00e9m frio de inverno, drenagem, \u00e1gua e poliniza\u00e7\u00e3o precisam combinar com a regi\u00e3o certa. Por que a ameixeira pode [&hellip;]<\/p>\n","protected":false},"author":36,"featured_media":261921,"comment_status":"open","ping_status":"open","sticky":false,"template":"","format":"standard","meta":{"jnews-multi-image_gallery":[],"jnews_single_post":{"format":"standard"},"jnews_primary_category":[],"jnews_social_meta":[],"jnews_override_counter":[],"footnotes":""},"categories":[8819],"tags":[25020,3139,7745,3325],"class_list":["post-261909","post","type-post","status-publish","format-standard","has-post-thumbnail","hentry","category-curiosidades","tag-ameixeira","tag-cultivo","tag-frutiferas","tag-jardim"],"yoast_head":"<!-- This site is optimized with the Yoast SEO plugin v28.3 - https:\/\/yoast.com\/product\/yoast-seo-wordpress\/ -->\n<title>A ameixeira \u00e9 a \u00e1rvore ideal para casas pequenas: tem ra\u00edzes menos agressivas, d\u00e1 frutas no ver\u00e3o e tolera per\u00edodos de seca - Estado de Minas - Em foco<\/title>\n<meta name=\"description\" content=\"Casas pequenas podem receber ameixeira, mas cultivar, frio e poliniza\u00e7\u00e3o mudam tudo. O que observar antes de plantar?\" \/>\n<meta name=\"robots\" content=\"index, follow, max-snippet:-1, max-image-preview:large, max-video-preview:-1\" \/>\n<link rel=\"canonical\" href=\"https:\/\/www.em.com.br\/emfoco\/2026\/09\/02\/a-ameixeira-e-a-arvore-ideal-para-casas-pequenas-tem-raizes-menos-agressivas-da-frutas-no-verao-e-tolera-periodos-de-seca\/\" \/>\n<meta property=\"og:locale\" content=\"pt_BR\" \/>\n<meta property=\"og:type\" content=\"article\" \/>\n<meta property=\"og:title\" content=\"A ameixeira \u00e9 a \u00e1rvore ideal para casas pequenas: tem ra\u00edzes menos agressivas, d\u00e1 frutas no ver\u00e3o e tolera per\u00edodos de seca - Estado de Minas - Em foco\" \/>\n<meta property=\"og:description\" content=\"Casas pequenas podem receber ameixeira, mas cultivar, frio e poliniza\u00e7\u00e3o mudam tudo. O que observar antes de plantar?\" \/>\n<meta property=\"og:url\" content=\"https:\/\/www.em.com.br\/emfoco\/2026\/09\/02\/a-ameixeira-e-a-arvore-ideal-para-casas-pequenas-tem-raizes-menos-agressivas-da-frutas-no-verao-e-tolera-periodos-de-seca\/\" \/>\n<meta property=\"og:site_name\" content=\"Estado de Minas - Em foco\" \/>\n<meta property=\"article:published_time\" content=\"2026-09-02T21:29:00+00:00\" \/>\n<meta property=\"og:image\" content=\"https:\/\/www.em.com.br\/emfoco\/wp-content\/uploads\/2026\/09\/Plum_tree_after_pruning_202609020038.jpg\" \/>\n\t<meta property=\"og:image:width\" content=\"1280\" \/>\n\t<meta property=\"og:image:height\" content=\"720\" \/>\n\t<meta property=\"og:image:type\" content=\"image\/jpeg\" \/>\n<meta name=\"author\" content=\"Paulo\" \/>\n<meta name=\"twitter:card\" content=\"summary_large_image\" \/>\n<meta name=\"twitter:label1\" content=\"Escrito por\" \/>\n\t<meta name=\"twitter:data1\" content=\"Paulo\" \/>\n\t<meta name=\"twitter:label2\" content=\"Est. tempo de leitura\" \/>\n\t<meta name=\"twitter:data2\" content=\"4 minutos\" \/>\n<!-- \/ Yoast SEO plugin. -->","yoast_head_json":{"title":"A ameixeira \u00e9 a \u00e1rvore ideal para casas pequenas: tem ra\u00edzes menos agressivas, d\u00e1 frutas no ver\u00e3o e tolera per\u00edodos de seca - Estado de Minas - Em foco","description":"Casas pequenas podem receber ameixeira, mas cultivar, frio e poliniza\u00e7\u00e3o mudam tudo. O que observar antes de plantar?","robots":{"index":"index","follow":"follow","max-snippet":"max-snippet:-1","max-image-preview":"max-image-preview:large","max-video-preview":"max-video-preview:-1"},"canonical":"https:\/\/www.em.com.br\/emfoco\/2026\/09\/02\/a-ameixeira-e-a-arvore-ideal-para-casas-pequenas-tem-raizes-menos-agressivas-da-frutas-no-verao-e-tolera-periodos-de-seca\/","og_locale":"pt_BR","og_type":"article","og_title":"A ameixeira \u00e9 a \u00e1rvore ideal para casas pequenas: tem ra\u00edzes menos agressivas, d\u00e1 frutas no ver\u00e3o e tolera per\u00edodos de seca - Estado de Minas - Em foco","og_description":"Casas pequenas podem receber ameixeira, mas cultivar, frio e poliniza\u00e7\u00e3o mudam tudo. O que observar antes de plantar?","og_url":"https:\/\/www.em.com.br\/emfoco\/2026\/09\/02\/a-ameixeira-e-a-arvore-ideal-para-casas-pequenas-tem-raizes-menos-agressivas-da-frutas-no-verao-e-tolera-periodos-de-seca\/","og_site_name":"Estado de Minas - Em foco","article_published_time":"2026-09-02T21:29:00+00:00","og_image":[{"width":1280,"height":720,"url":"https:\/\/www.em.com.br\/emfoco\/wp-content\/uploads\/2026\/09\/Plum_tree_after_pruning_202609020038.jpg","type":"image\/jpeg"}],"author":"Paulo","twitter_card":"summary_large_image","twitter_misc":{"Escrito por":"Paulo","Est. tempo de leitura":"4 minutos"},"schema":{"@context":"https:\/\/schema.org","@graph":[{"@type":"Article","@id":"https:\/\/www.em.com.br\/emfoco\/2026\/09\/02\/a-ameixeira-e-a-arvore-ideal-para-casas-pequenas-tem-raizes-menos-agressivas-da-frutas-no-verao-e-tolera-periodos-de-seca\/#article","isPartOf":{"@id":"https:\/\/www.em.com.br\/emfoco\/2026\/09\/02\/a-ameixeira-e-a-arvore-ideal-para-casas-pequenas-tem-raizes-menos-agressivas-da-frutas-no-verao-e-tolera-periodos-de-seca\/"},"author":{"name":"Paulo","@id":"https:\/\/www.em.com.br\/emfoco\/#\/schema\/person\/a40efdfe89a3c3c02a66e4188f4757f9"},"headline":"A ameixeira \u00e9 a \u00e1rvore ideal para casas pequenas: tem ra\u00edzes menos agressivas, d\u00e1 frutas no ver\u00e3o e tolera per\u00edodos de seca","datePublished":"2026-09-02T21:29:00+00:00","mainEntityOfPage":{"@id":"https:\/\/www.em.com.br\/emfoco\/2026\/09\/02\/a-ameixeira-e-a-arvore-ideal-para-casas-pequenas-tem-raizes-menos-agressivas-da-frutas-no-verao-e-tolera-periodos-de-seca\/"},"wordCount":623,"commentCount":0,"image":{"@id":"https:\/\/www.em.com.br\/emfoco\/2026\/09\/02\/a-ameixeira-e-a-arvore-ideal-para-casas-pequenas-tem-raizes-menos-agressivas-da-frutas-no-verao-e-tolera-periodos-de-seca\/#primaryimage"},"thumbnailUrl":"https:\/\/www.em.com.br\/emfoco\/wp-content\/uploads\/2026\/09\/Plum_tree_after_pruning_202609020038.jpg","keywords":["Ameixeira","cultivo","frut\u00edferas","jardim"],"articleSection":["Curiosidades"],"inLanguage":"pt-BR","potentialAction":[{"@type":"CommentAction","name":"Comment","target":["https:\/\/www.em.com.br\/emfoco\/2026\/09\/02\/a-ameixeira-e-a-arvore-ideal-para-casas-pequenas-tem-raizes-menos-agressivas-da-frutas-no-verao-e-tolera-periodos-de-seca\/#respond"]}]},{"@type":"WebPage","@id":"https:\/\/www.em.com.br\/emfoco\/2026\/09\/02\/a-ameixeira-e-a-arvore-ideal-para-casas-pequenas-tem-raizes-menos-agressivas-da-frutas-no-verao-e-tolera-periodos-de-seca\/","url":"https:\/\/www.em.com.br\/emfoco\/2026\/09\/02\/a-ameixeira-e-a-arvore-ideal-para-casas-pequenas-tem-raizes-menos-agressivas-da-frutas-no-verao-e-tolera-periodos-de-seca\/","name":"A ameixeira \u00e9 a \u00e1rvore ideal para casas pequenas: tem ra\u00edzes menos agressivas, d\u00e1 frutas no ver\u00e3o e tolera per\u00edodos de seca - Estado de Minas - Em foco","isPartOf":{"@id":"https:\/\/www.em.com.br\/emfoco\/#website"},"primaryImageOfPage":{"@id":"https:\/\/www.em.com.br\/emfoco\/2026\/09\/02\/a-ameixeira-e-a-arvore-ideal-para-casas-pequenas-tem-raizes-menos-agressivas-da-frutas-no-verao-e-tolera-periodos-de-seca\/#primaryimage"},"image":{"@id":"https:\/\/www.em.com.br\/emfoco\/2026\/09\/02\/a-ameixeira-e-a-arvore-ideal-para-casas-pequenas-tem-raizes-menos-agressivas-da-frutas-no-verao-e-tolera-periodos-de-seca\/#primaryimage"},"thumbnailUrl":"https:\/\/www.em.com.br\/emfoco\/wp-content\/uploads\/2026\/09\/Plum_tree_after_pruning_202609020038.jpg","datePublished":"2026-09-02T21:29:00+00:00","author":{"@id":"https:\/\/www.em.com.br\/emfoco\/#\/schema\/person\/a40efdfe89a3c3c02a66e4188f4757f9"},"description":"Casas pequenas podem receber ameixeira, mas cultivar, frio e poliniza\u00e7\u00e3o mudam tudo. O que observar antes de plantar?","breadcrumb":{"@id":"https:\/\/www.em.com.br\/emfoco\/2026\/09\/02\/a-ameixeira-e-a-arvore-ideal-para-casas-pequenas-tem-raizes-menos-agressivas-da-frutas-no-verao-e-tolera-periodos-de-seca\/#breadcrumb"},"inLanguage":"pt-BR","potentialAction":[{"@type":"ReadAction","target":["https:\/\/www.em.com.br\/emfoco\/2026\/09\/02\/a-ameixeira-e-a-arvore-ideal-para-casas-pequenas-tem-raizes-menos-agressivas-da-frutas-no-verao-e-tolera-periodos-de-seca\/"]}]},{"@type":"ImageObject","inLanguage":"pt-BR","@id":"https:\/\/www.em.com.br\/emfoco\/2026\/09\/02\/a-ameixeira-e-a-arvore-ideal-para-casas-pequenas-tem-raizes-menos-agressivas-da-frutas-no-verao-e-tolera-periodos-de-seca\/#primaryimage","url":"https:\/\/www.em.com.br\/emfoco\/wp-content\/uploads\/2026\/09\/Plum_tree_after_pruning_202609020038.jpg","contentUrl":"https:\/\/www.em.com.br\/emfoco\/wp-content\/uploads\/2026\/09\/Plum_tree_after_pruning_202609020038.jpg","width":1280,"height":720,"caption":"Ameixeira para casas pequenas e quintais compactos"},{"@type":"BreadcrumbList","@id":"https:\/\/www.em.com.br\/emfoco\/2026\/09\/02\/a-ameixeira-e-a-arvore-ideal-para-casas-pequenas-tem-raizes-menos-agressivas-da-frutas-no-verao-e-tolera-periodos-de-seca\/#breadcrumb","itemListElement":[{"@type":"ListItem","position":1,"name":"In\u00edcio","item":"https:\/\/www.em.com.br\/emfoco\/"},{"@type":"ListItem","position":2,"name":"A ameixeira \u00e9 a \u00e1rvore ideal para casas pequenas: tem ra\u00edzes menos agressivas, d\u00e1 frutas no ver\u00e3o e tolera per\u00edodos de seca"}]},{"@type":"WebSite","@id":"https:\/\/www.em.com.br\/emfoco\/#website","url":"https:\/\/www.em.com.br\/emfoco\/","name":"Estado de Minas - Em foco","description":"Acompanhe as \u00faltimas not\u00edcias e fique bem informado sobre tudo o que acontece em Minas Gerais, Brasil e no mundo.","potentialAction":[{"@type":"SearchAction","target":{"@type":"EntryPoint","urlTemplate":"https:\/\/www.em.com.br\/emfoco\/?s={search_term_string}"},"query-input":{"@type":"PropertyValueSpecification","valueRequired":true,"valueName":"search_term_string"}}],"inLanguage":"pt-BR"},{"@type":"Person","@id":"https:\/\/www.em.com.br\/emfoco\/#\/schema\/person\/a40efdfe89a3c3c02a66e4188f4757f9","name":"Paulo","image":{"@type":"ImageObject","inLanguage":"pt-BR","@id":"https:\/\/secure.gravatar.com\/avatar\/e97035e905aa7c91d0d43cb122ce3d29e6f75e431f9c5f20d3d2e46f1e2f5af4?s=96&d=mm&r=g","url":"https:\/\/secure.gravatar.com\/avatar\/e97035e905aa7c91d0d43cb122ce3d29e6f75e431f9c5f20d3d2e46f1e2f5af4?s=96&d=mm&r=g","contentUrl":"https:\/\/secure.gravatar.com\/avatar\/e97035e905aa7c91d0d43cb122ce3d29e6f75e431f9c5f20d3d2e46f1e2f5af4?s=96&d=mm&r=g","caption":"Paulo"},"sameAs":["https:\/\/www.em.com.br\/emfoco"],"url":"https:\/\/www.em.com.br\/emfoco\/author\/paulomyth\/"}]}},"_links":{"self":[{"href":"https:\/\/www.em.com.br\/emfoco\/wp-json\/wp\/v2\/posts\/261909","targetHints":{"allow":["GET"]}}],"collection":[{"href":"https:\/\/www.em.com.br\/emfoco\/wp-json\/wp\/v2\/posts"}],"about":[{"href":"https:\/\/www.em.com.br\/emfoco\/wp-json\/wp\/v2\/types\/post"}],"author":[{"embeddable":true,"href":"https:\/\/www.em.com.br\/emfoco\/wp-json\/wp\/v2\/users\/36"}],"replies":[{"embeddable":true,"href":"https:\/\/www.em.com.br\/emfoco\/wp-json\/wp\/v2\/comments?post=261909"}],"version-history":[{"count":1,"href":"https:\/\/www.em.com.br\/emfoco\/wp-json\/wp\/v2\/posts\/261909\/revisions"}],"predecessor-version":[{"id":261925,"href":"https:\/\/www.em.com.br\/emfoco\/wp-json\/wp\/v2\/posts\/261909\/revisions\/261925"}],"wp:featuredmedia":[{"embeddable":true,"href":"https:\/\/www.em.com.br\/emfoco\/wp-json\/wp\/v2\/media\/261921"}],"wp:attachment":[{"href":"https:\/\/www.em.com.br\/emfoco\/wp-json\/wp\/v2\/media?parent=261909"}],"wp:term":[{"taxonomy":"category","embeddable":true,"href":"https:\/\/www.em.com.br\/emfoco\/wp-json\/wp\/v2\/categories?post=261909"},{"taxonomy":"post_tag","embeddable":true,"href":"https:\/\/www.em.com.br\/emfoco\/wp-json\/wp\/v2\/tags?post=261909"}],"curies":[{"name":"wp","href":"https:\/\/api.w.org\/{rel}","templated":true}]}}