{"id":261908,"date":"2026-09-02T17:00:00","date_gmt":"2026-09-02T20:00:00","guid":{"rendered":"https:\/\/www.em.com.br\/emfoco\/?p=261908"},"modified":"2026-09-02T00:47:43","modified_gmt":"2026-09-02T03:47:43","slug":"adeus-aos-eletrodomesticos-espalhados-pela-bancada-a-nova-tendencia-que-otimiza-o-espaco-na-cozinha","status":"publish","type":"post","link":"https:\/\/www.em.com.br\/emfoco\/2026\/09\/02\/adeus-aos-eletrodomesticos-espalhados-pela-bancada-a-nova-tendencia-que-otimiza-o-espaco-na-cozinha\/","title":{"rendered":"Adeus aos eletrodom\u00e9sticos espalhados pela bancada: a nova tend\u00eancia que otimiza o espa\u00e7o na cozinha"},"content":{"rendered":"\n<p class=\"wp-block-paragraph\">Micro-ondas, cafeteira e forno el\u00e9trico podem consumir quase toda a <strong>bancada<\/strong>, por isso o <strong>m\u00f3vel vertical para eletrodom\u00e9sticos<\/strong> ganhou for\u00e7a em cozinhas compactas. A proposta libera a superf\u00edcie de preparo e concentra aparelhos em nichos, desde que ventila\u00e7\u00e3o, tomadas e altura de uso sejam planejadas antes.<\/p>\n\n\n\n<h2 class=\"wp-block-heading\">Por que tirar aparelhos da bancada para uma torre vertical?<\/h2>\n\n\n\n<p class=\"wp-block-paragraph\">A principal vantagem \u00e9 liberar a superf\u00edcie de preparo para cortar, misturar e servir alimentos. Em vez de aparelhos disputarem cada cent\u00edmetro dispon\u00edvel, a marcenaria cria <strong>nichos dedicados<\/strong> e organiza a cozinha por frequ\u00eancia de uso, tamanho e necessidade de acesso.<\/p>\n\n\n\n<p class=\"wp-block-paragraph\">O <a href=\"https:\/\/pt.wikipedia.org\/wiki\/Forno_de_micro-ondas\" target=\"_blank\" rel=\"noopener\"><strong>forno de micro-ondas<\/strong><\/a>, por exemplo, pode ocupar um nicho pr\u00f3prio, enquanto cafeteira e forno el\u00e9trico ficam em prateleiras separadas. A distribui\u00e7\u00e3o vertical reduz deslocamentos desnecess\u00e1rios e deixa os <strong>eletrodom\u00e9sticos<\/strong> mais previs\u00edveis na rotina.<\/p>\n\n\n<div class=\"wp-block-image\">\n<figure class=\"aligncenter size-large\"><img decoding=\"async\" width=\"1024\" height=\"576\" src=\"https:\/\/www.em.com.br\/emfoco\/wp-content\/uploads\/2026\/09\/Microwave_installed_in_kitchen_c\u2026_202609020037-1024x576.jpg\" alt=\"M\u00f3vel vertical libera a bancada dos eletrodom\u00e9sticos\" class=\"wp-image-261919\" srcset=\"https:\/\/www.em.com.br\/emfoco\/wp-content\/uploads\/2026\/09\/Microwave_installed_in_kitchen_c\u2026_202609020037-1024x576.jpg 1024w, https:\/\/www.em.com.br\/emfoco\/wp-content\/uploads\/2026\/09\/Microwave_installed_in_kitchen_c\u2026_202609020037-300x169.jpg 300w, https:\/\/www.em.com.br\/emfoco\/wp-content\/uploads\/2026\/09\/Microwave_installed_in_kitchen_c\u2026_202609020037-768x432.jpg 768w, https:\/\/www.em.com.br\/emfoco\/wp-content\/uploads\/2026\/09\/Microwave_installed_in_kitchen_c\u2026_202609020037-750x422.jpg 750w, https:\/\/www.em.com.br\/emfoco\/wp-content\/uploads\/2026\/09\/Microwave_installed_in_kitchen_c\u2026_202609020037-1140x641.jpg 1140w, https:\/\/www.em.com.br\/emfoco\/wp-content\/uploads\/2026\/09\/Microwave_installed_in_kitchen_c\u2026_202609020037.jpg 1280w\" sizes=\"(max-width: 1024px) 100vw, 1024px\" \/><figcaption class=\"wp-element-caption\">M\u00f3vel vertical libera a bancada dos eletrodom\u00e9sticos<\/figcaption><\/figure>\n<\/div>\n\n\n<h2 class=\"wp-block-heading\">Quanto espa\u00e7o de ventila\u00e7\u00e3o cada aparelho precisa?<\/h2>\n\n\n\n<p class=\"wp-block-paragraph\">N\u00e3o existe uma folga universal para todos os modelos. A regra pr\u00e1tica \u00e9 seguir as medidas do manual, porque entradas e sa\u00eddas de ar variam bastante. A <a href=\"https:\/\/www.fda.gov\/radiation-emitting-products\/resources-you-radiation-emitting-products\/microwave-ovens\" target=\"_blank\" rel=\"noopener\"><strong>opera\u00e7\u00e3o segura do micro-ondas<\/strong><\/a> tamb\u00e9m depende do uso conforme as instru\u00e7\u00f5es do fabricante.<\/p>\n\n\n\n<p class=\"wp-block-paragraph\">Nichos fechados demais podem reter calor. Por isso, antes de encomendar a marcenaria, anote largura, profundidade, pot\u00eancia e pontos de ventila\u00e7\u00e3o de cada equipamento. O m\u00f3vel precisa permitir <strong>circula\u00e7\u00e3o de ar<\/strong> e acesso para manuten\u00e7\u00e3o sem exigir desmontagens complexas.<\/p>\n\n\n\n<h2 class=\"wp-block-heading\">Como distribuir peso, cabos e tomadas sem improviso?<\/h2>\n\n\n\n<p class=\"wp-block-paragraph\">Prateleiras precisam suportar o peso real do aparelho com margem para uso di\u00e1rio. Em vez de adivinhar a capacidade, o projeto deve considerar material, espessura, v\u00e3o entre apoios e ferragens. Equipamentos mais pesados pedem <strong>base estrutural mais r\u00edgida<\/strong>.<\/p>\n\n\n\n<p class=\"wp-block-paragraph\">Na parte el\u00e9trica, os <strong>cuidados mais \u00fateis<\/strong> s\u00e3o:<\/p>\n\n\n\n<ul class=\"wp-block-list\">\n<li><strong>Tomadas acess\u00edveis:<\/strong> posicione-as perto do aparelho, sem esmagar plugues atr\u00e1s do m\u00f3vel.<\/li>\n\n\n\n<li><strong>Cabos livres:<\/strong> evite prender fios entre fundo, prateleira e equipamento.<\/li>\n\n\n\n<li><strong>Circuitos compat\u00edveis:<\/strong> respeite pot\u00eancia, tens\u00e3o e orienta\u00e7\u00e3o de instala\u00e7\u00e3o de cada aparelho.<\/li>\n\n\n\n<li><strong>Sem sobrecarga:<\/strong> n\u00e3o concentre v\u00e1rios equipamentos potentes em uma solu\u00e7\u00e3o improvisada.<\/li>\n<\/ul>\n\n\n<div class=\"wp-block-image\">\n<figure class=\"aligncenter size-large\"><img decoding=\"async\" width=\"1024\" height=\"576\" src=\"https:\/\/www.em.com.br\/emfoco\/wp-content\/uploads\/2026\/09\/Designing_kitchen_appliance_cabi\u2026_202609020036-1024x576.jpg\" alt=\"M\u00f3vel vertical libera a bancada dos eletrodom\u00e9sticos\" class=\"wp-image-261917\" srcset=\"https:\/\/www.em.com.br\/emfoco\/wp-content\/uploads\/2026\/09\/Designing_kitchen_appliance_cabi\u2026_202609020036-1024x576.jpg 1024w, https:\/\/www.em.com.br\/emfoco\/wp-content\/uploads\/2026\/09\/Designing_kitchen_appliance_cabi\u2026_202609020036-300x169.jpg 300w, https:\/\/www.em.com.br\/emfoco\/wp-content\/uploads\/2026\/09\/Designing_kitchen_appliance_cabi\u2026_202609020036-768x432.jpg 768w, https:\/\/www.em.com.br\/emfoco\/wp-content\/uploads\/2026\/09\/Designing_kitchen_appliance_cabi\u2026_202609020036-750x422.jpg 750w, https:\/\/www.em.com.br\/emfoco\/wp-content\/uploads\/2026\/09\/Designing_kitchen_appliance_cabi\u2026_202609020036-1140x641.jpg 1140w, https:\/\/www.em.com.br\/emfoco\/wp-content\/uploads\/2026\/09\/Designing_kitchen_appliance_cabi\u2026_202609020036.jpg 1280w\" sizes=\"(max-width: 1024px) 100vw, 1024px\" \/><figcaption class=\"wp-element-caption\">M\u00f3vel vertical libera a bancada dos eletrodom\u00e9sticos<\/figcaption><\/figure>\n<\/div>\n\n\n<h2 class=\"wp-block-heading\">Qual altura deixa micro-ondas, forno e cafeteira mais seguros de usar?<\/h2>\n\n\n\n<p class=\"wp-block-paragraph\">A altura deve acompanhar o movimento feito com cada aparelho. Micro-ondas e forno ficam melhores quando voc\u00ea consegue enxergar o interior e retirar recipientes quentes sem erguer os bra\u00e7os acima do necess\u00e1rio. A cafeteira pede <strong>acesso f\u00e1cil ao reservat\u00f3rio<\/strong> e \u00e0 parte superior.<\/p>\n\n\n\n<p class=\"wp-block-paragraph\">Evitar extens\u00f5es e sobrecargas tamb\u00e9m faz parte do projeto. Orienta\u00e7\u00f5es de <a href=\"https:\/\/www.usfa.fema.gov\/prevention\/home-fires\/prevent-fires\/appliance-and-electrical\/\" target=\"_blank\" rel=\"noopener\"><strong>seguran\u00e7a el\u00e9trica para eletrodom\u00e9sticos<\/strong><\/a> refor\u00e7am o uso correto de tomadas e cabos. A posi\u00e7\u00e3o ideal combina alcance confort\u00e1vel, ventila\u00e7\u00e3o e conex\u00e3o el\u00e9trica adequada.<\/p>\n\n\n\n<p class=\"wp-block-paragraph\">Leia tamb\u00e9m:<a href=\"https:\/\/www.em.com.br\/emfoco\/2026\/08\/12\/cal-e-po-de-marmore-sao-aplicados-em-camadas-e-polidos-a-mao-ate-uma-parede-comum-ganhar-profundidade-manchas-naturais-e-aparencia-de-pedra-sem-receber-nenhuma-placa\/\" target=\"_blank\" rel=\"noreferrer noopener\"> Cal e p\u00f3 de m\u00e1rmore s\u00e3o aplicados em camadas e polidos \u00e0 m\u00e3o at\u00e9 uma parede comum ganhar profundidade, manchas naturais e apar\u00eancia de pedra sem receber nenhuma placa<\/a><\/p>\n\n\n\n<h2 class=\"wp-block-heading\">Quando o m\u00f3vel vertical realmente melhora uma cozinha pequena?<\/h2>\n\n\n\n<p class=\"wp-block-paragraph\">Ele funciona melhor quando substitui a dispers\u00e3o por uma l\u00f3gica clara. Aparelhos usados todos os dias ficam na faixa mais acess\u00edvel, enquanto os menos frequentes podem ocupar n\u00edveis superiores ou inferiores. O ganho vem de <strong>organizar por uso<\/strong>, n\u00e3o apenas de empilhar equipamentos.<\/p>\n\n\n\n<p class=\"wp-block-paragraph\">Antes de fechar o desenho, vale simular abrir portas, puxar bandejas, encher reservat\u00f3rios e limpar cada nicho. Quando esses gestos cabem sem esfor\u00e7o, os <strong>eletrodom\u00e9sticos<\/strong> deixam de dominar a bancada e passam a fazer parte de uma cozinha compacta mais organizada.<\/p>\n\n\n\n<p class=\"wp-block-paragraph\"><\/p>\n","protected":false},"excerpt":{"rendered":"<p>Micro-ondas, cafeteira e forno el\u00e9trico podem consumir quase toda a bancada, por isso o m\u00f3vel vertical para eletrodom\u00e9sticos ganhou for\u00e7a em cozinhas compactas. A proposta libera a superf\u00edcie de preparo e concentra aparelhos em nichos, desde que ventila\u00e7\u00e3o, tomadas e altura de uso sejam planejadas antes. Por que tirar aparelhos da bancada para uma torre [&hellip;]<\/p>\n","protected":false},"author":36,"featured_media":261918,"comment_status":"open","ping_status":"open","sticky":false,"template":"","format":"standard","meta":{"jnews-multi-image_gallery":[],"jnews_single_post":{"format":"standard"},"jnews_primary_category":[],"jnews_social_meta":[],"jnews_override_counter":[],"footnotes":""},"categories":[8819],"tags":[16358,3563,5675,22423],"class_list":["post-261908","post","type-post","status-publish","format-standard","has-post-thumbnail","hentry","category-curiosidades","tag-bancada","tag-cozinha","tag-eletrodomesticos","tag-marcenaria"],"yoast_head":"<!-- This site is optimized with the Yoast SEO plugin v28.3 - https:\/\/yoast.com\/product\/yoast-seo-wordpress\/ -->\n<title>Adeus aos eletrodom\u00e9sticos espalhados pela bancada: a nova tend\u00eancia que otimiza o espa\u00e7o na cozinha - Estado de Minas - Em foco<\/title>\n<meta name=\"description\" content=\"Bancada cheia de eletrodom\u00e9sticos? A torre vertical libera espa\u00e7o, mas ventila\u00e7\u00e3o, peso, cabos e altura precisam entrar no projeto.\" \/>\n<meta name=\"robots\" content=\"index, follow, max-snippet:-1, max-image-preview:large, max-video-preview:-1\" \/>\n<link rel=\"canonical\" href=\"https:\/\/www.em.com.br\/emfoco\/2026\/09\/02\/adeus-aos-eletrodomesticos-espalhados-pela-bancada-a-nova-tendencia-que-otimiza-o-espaco-na-cozinha\/\" \/>\n<meta property=\"og:locale\" content=\"pt_BR\" \/>\n<meta property=\"og:type\" content=\"article\" \/>\n<meta property=\"og:title\" content=\"Adeus aos eletrodom\u00e9sticos espalhados pela bancada: a nova tend\u00eancia que otimiza o espa\u00e7o na cozinha - Estado de Minas - Em foco\" \/>\n<meta property=\"og:description\" content=\"Bancada cheia de eletrodom\u00e9sticos? A torre vertical libera espa\u00e7o, mas ventila\u00e7\u00e3o, peso, cabos e altura precisam entrar no projeto.\" \/>\n<meta property=\"og:url\" content=\"https:\/\/www.em.com.br\/emfoco\/2026\/09\/02\/adeus-aos-eletrodomesticos-espalhados-pela-bancada-a-nova-tendencia-que-otimiza-o-espaco-na-cozinha\/\" \/>\n<meta property=\"og:site_name\" content=\"Estado de Minas - Em foco\" \/>\n<meta property=\"article:published_time\" content=\"2026-09-02T20:00:00+00:00\" \/>\n<meta property=\"og:image\" content=\"https:\/\/www.em.com.br\/emfoco\/wp-content\/uploads\/2026\/09\/Compact_kitchen_with_appliance_t\u2026_202609020035.jpg\" \/>\n\t<meta property=\"og:image:width\" content=\"1280\" \/>\n\t<meta property=\"og:image:height\" content=\"720\" \/>\n\t<meta property=\"og:image:type\" content=\"image\/jpeg\" \/>\n<meta name=\"author\" content=\"Paulo\" \/>\n<meta name=\"twitter:card\" content=\"summary_large_image\" \/>\n<meta name=\"twitter:label1\" content=\"Escrito por\" \/>\n\t<meta name=\"twitter:data1\" content=\"Paulo\" \/>\n\t<meta name=\"twitter:label2\" content=\"Est. tempo de leitura\" \/>\n\t<meta name=\"twitter:data2\" content=\"4 minutos\" \/>\n<!-- \/ Yoast SEO plugin. -->","yoast_head_json":{"title":"Adeus aos eletrodom\u00e9sticos espalhados pela bancada: a nova tend\u00eancia que otimiza o espa\u00e7o na cozinha - Estado de Minas - Em foco","description":"Bancada cheia de eletrodom\u00e9sticos? A torre vertical libera espa\u00e7o, mas ventila\u00e7\u00e3o, peso, cabos e altura precisam entrar no projeto.","robots":{"index":"index","follow":"follow","max-snippet":"max-snippet:-1","max-image-preview":"max-image-preview:large","max-video-preview":"max-video-preview:-1"},"canonical":"https:\/\/www.em.com.br\/emfoco\/2026\/09\/02\/adeus-aos-eletrodomesticos-espalhados-pela-bancada-a-nova-tendencia-que-otimiza-o-espaco-na-cozinha\/","og_locale":"pt_BR","og_type":"article","og_title":"Adeus aos eletrodom\u00e9sticos espalhados pela bancada: a nova tend\u00eancia que otimiza o espa\u00e7o na cozinha - Estado de Minas - Em foco","og_description":"Bancada cheia de eletrodom\u00e9sticos? A torre vertical libera espa\u00e7o, mas ventila\u00e7\u00e3o, peso, cabos e altura precisam entrar no projeto.","og_url":"https:\/\/www.em.com.br\/emfoco\/2026\/09\/02\/adeus-aos-eletrodomesticos-espalhados-pela-bancada-a-nova-tendencia-que-otimiza-o-espaco-na-cozinha\/","og_site_name":"Estado de Minas - Em foco","article_published_time":"2026-09-02T20:00:00+00:00","og_image":[{"width":1280,"height":720,"url":"https:\/\/www.em.com.br\/emfoco\/wp-content\/uploads\/2026\/09\/Compact_kitchen_with_appliance_t\u2026_202609020035.jpg","type":"image\/jpeg"}],"author":"Paulo","twitter_card":"summary_large_image","twitter_misc":{"Escrito por":"Paulo","Est. tempo de leitura":"4 minutos"},"schema":{"@context":"https:\/\/schema.org","@graph":[{"@type":"Article","@id":"https:\/\/www.em.com.br\/emfoco\/2026\/09\/02\/adeus-aos-eletrodomesticos-espalhados-pela-bancada-a-nova-tendencia-que-otimiza-o-espaco-na-cozinha\/#article","isPartOf":{"@id":"https:\/\/www.em.com.br\/emfoco\/2026\/09\/02\/adeus-aos-eletrodomesticos-espalhados-pela-bancada-a-nova-tendencia-que-otimiza-o-espaco-na-cozinha\/"},"author":{"name":"Paulo","@id":"https:\/\/www.em.com.br\/emfoco\/#\/schema\/person\/a40efdfe89a3c3c02a66e4188f4757f9"},"headline":"Adeus aos eletrodom\u00e9sticos espalhados pela bancada: a nova tend\u00eancia que otimiza o espa\u00e7o na cozinha","datePublished":"2026-09-02T20:00:00+00:00","mainEntityOfPage":{"@id":"https:\/\/www.em.com.br\/emfoco\/2026\/09\/02\/adeus-aos-eletrodomesticos-espalhados-pela-bancada-a-nova-tendencia-que-otimiza-o-espaco-na-cozinha\/"},"wordCount":635,"commentCount":0,"image":{"@id":"https:\/\/www.em.com.br\/emfoco\/2026\/09\/02\/adeus-aos-eletrodomesticos-espalhados-pela-bancada-a-nova-tendencia-que-otimiza-o-espaco-na-cozinha\/#primaryimage"},"thumbnailUrl":"https:\/\/www.em.com.br\/emfoco\/wp-content\/uploads\/2026\/09\/Compact_kitchen_with_appliance_t\u2026_202609020035.jpg","keywords":["bancada","cozinha","eletrodom\u00e9sticos","marcenaria"],"articleSection":["Curiosidades"],"inLanguage":"pt-BR","potentialAction":[{"@type":"CommentAction","name":"Comment","target":["https:\/\/www.em.com.br\/emfoco\/2026\/09\/02\/adeus-aos-eletrodomesticos-espalhados-pela-bancada-a-nova-tendencia-que-otimiza-o-espaco-na-cozinha\/#respond"]}]},{"@type":"WebPage","@id":"https:\/\/www.em.com.br\/emfoco\/2026\/09\/02\/adeus-aos-eletrodomesticos-espalhados-pela-bancada-a-nova-tendencia-que-otimiza-o-espaco-na-cozinha\/","url":"https:\/\/www.em.com.br\/emfoco\/2026\/09\/02\/adeus-aos-eletrodomesticos-espalhados-pela-bancada-a-nova-tendencia-que-otimiza-o-espaco-na-cozinha\/","name":"Adeus aos eletrodom\u00e9sticos espalhados pela bancada: a nova tend\u00eancia que otimiza o espa\u00e7o na cozinha - Estado de Minas - Em foco","isPartOf":{"@id":"https:\/\/www.em.com.br\/emfoco\/#website"},"primaryImageOfPage":{"@id":"https:\/\/www.em.com.br\/emfoco\/2026\/09\/02\/adeus-aos-eletrodomesticos-espalhados-pela-bancada-a-nova-tendencia-que-otimiza-o-espaco-na-cozinha\/#primaryimage"},"image":{"@id":"https:\/\/www.em.com.br\/emfoco\/2026\/09\/02\/adeus-aos-eletrodomesticos-espalhados-pela-bancada-a-nova-tendencia-que-otimiza-o-espaco-na-cozinha\/#primaryimage"},"thumbnailUrl":"https:\/\/www.em.com.br\/emfoco\/wp-content\/uploads\/2026\/09\/Compact_kitchen_with_appliance_t\u2026_202609020035.jpg","datePublished":"2026-09-02T20:00:00+00:00","author":{"@id":"https:\/\/www.em.com.br\/emfoco\/#\/schema\/person\/a40efdfe89a3c3c02a66e4188f4757f9"},"description":"Bancada cheia de eletrodom\u00e9sticos? A torre vertical libera espa\u00e7o, mas ventila\u00e7\u00e3o, peso, cabos e altura precisam entrar no projeto.","breadcrumb":{"@id":"https:\/\/www.em.com.br\/emfoco\/2026\/09\/02\/adeus-aos-eletrodomesticos-espalhados-pela-bancada-a-nova-tendencia-que-otimiza-o-espaco-na-cozinha\/#breadcrumb"},"inLanguage":"pt-BR","potentialAction":[{"@type":"ReadAction","target":["https:\/\/www.em.com.br\/emfoco\/2026\/09\/02\/adeus-aos-eletrodomesticos-espalhados-pela-bancada-a-nova-tendencia-que-otimiza-o-espaco-na-cozinha\/"]}]},{"@type":"ImageObject","inLanguage":"pt-BR","@id":"https:\/\/www.em.com.br\/emfoco\/2026\/09\/02\/adeus-aos-eletrodomesticos-espalhados-pela-bancada-a-nova-tendencia-que-otimiza-o-espaco-na-cozinha\/#primaryimage","url":"https:\/\/www.em.com.br\/emfoco\/wp-content\/uploads\/2026\/09\/Compact_kitchen_with_appliance_t\u2026_202609020035.jpg","contentUrl":"https:\/\/www.em.com.br\/emfoco\/wp-content\/uploads\/2026\/09\/Compact_kitchen_with_appliance_t\u2026_202609020035.jpg","width":1280,"height":720,"caption":"M\u00f3vel vertical libera a bancada dos eletrodom\u00e9sticos"},{"@type":"BreadcrumbList","@id":"https:\/\/www.em.com.br\/emfoco\/2026\/09\/02\/adeus-aos-eletrodomesticos-espalhados-pela-bancada-a-nova-tendencia-que-otimiza-o-espaco-na-cozinha\/#breadcrumb","itemListElement":[{"@type":"ListItem","position":1,"name":"In\u00edcio","item":"https:\/\/www.em.com.br\/emfoco\/"},{"@type":"ListItem","position":2,"name":"Adeus aos eletrodom\u00e9sticos espalhados pela bancada: a nova tend\u00eancia que otimiza o espa\u00e7o na cozinha"}]},{"@type":"WebSite","@id":"https:\/\/www.em.com.br\/emfoco\/#website","url":"https:\/\/www.em.com.br\/emfoco\/","name":"Estado de Minas - Em foco","description":"Acompanhe as \u00faltimas not\u00edcias e fique bem informado sobre tudo o que acontece em Minas Gerais, Brasil e no mundo.","potentialAction":[{"@type":"SearchAction","target":{"@type":"EntryPoint","urlTemplate":"https:\/\/www.em.com.br\/emfoco\/?s={search_term_string}"},"query-input":{"@type":"PropertyValueSpecification","valueRequired":true,"valueName":"search_term_string"}}],"inLanguage":"pt-BR"},{"@type":"Person","@id":"https:\/\/www.em.com.br\/emfoco\/#\/schema\/person\/a40efdfe89a3c3c02a66e4188f4757f9","name":"Paulo","image":{"@type":"ImageObject","inLanguage":"pt-BR","@id":"https:\/\/secure.gravatar.com\/avatar\/e97035e905aa7c91d0d43cb122ce3d29e6f75e431f9c5f20d3d2e46f1e2f5af4?s=96&d=mm&r=g","url":"https:\/\/secure.gravatar.com\/avatar\/e97035e905aa7c91d0d43cb122ce3d29e6f75e431f9c5f20d3d2e46f1e2f5af4?s=96&d=mm&r=g","contentUrl":"https:\/\/secure.gravatar.com\/avatar\/e97035e905aa7c91d0d43cb122ce3d29e6f75e431f9c5f20d3d2e46f1e2f5af4?s=96&d=mm&r=g","caption":"Paulo"},"sameAs":["https:\/\/www.em.com.br\/emfoco"],"url":"https:\/\/www.em.com.br\/emfoco\/author\/paulomyth\/"}]}},"_links":{"self":[{"href":"https:\/\/www.em.com.br\/emfoco\/wp-json\/wp\/v2\/posts\/261908","targetHints":{"allow":["GET"]}}],"collection":[{"href":"https:\/\/www.em.com.br\/emfoco\/wp-json\/wp\/v2\/posts"}],"about":[{"href":"https:\/\/www.em.com.br\/emfoco\/wp-json\/wp\/v2\/types\/post"}],"author":[{"embeddable":true,"href":"https:\/\/www.em.com.br\/emfoco\/wp-json\/wp\/v2\/users\/36"}],"replies":[{"embeddable":true,"href":"https:\/\/www.em.com.br\/emfoco\/wp-json\/wp\/v2\/comments?post=261908"}],"version-history":[{"count":1,"href":"https:\/\/www.em.com.br\/emfoco\/wp-json\/wp\/v2\/posts\/261908\/revisions"}],"predecessor-version":[{"id":261920,"href":"https:\/\/www.em.com.br\/emfoco\/wp-json\/wp\/v2\/posts\/261908\/revisions\/261920"}],"wp:featuredmedia":[{"embeddable":true,"href":"https:\/\/www.em.com.br\/emfoco\/wp-json\/wp\/v2\/media\/261918"}],"wp:attachment":[{"href":"https:\/\/www.em.com.br\/emfoco\/wp-json\/wp\/v2\/media?parent=261908"}],"wp:term":[{"taxonomy":"category","embeddable":true,"href":"https:\/\/www.em.com.br\/emfoco\/wp-json\/wp\/v2\/categories?post=261908"},{"taxonomy":"post_tag","embeddable":true,"href":"https:\/\/www.em.com.br\/emfoco\/wp-json\/wp\/v2\/tags?post=261908"}],"curies":[{"name":"wp","href":"https:\/\/api.w.org\/{rel}","templated":true}]}}