{"id":261907,"date":"2026-09-02T11:00:00","date_gmt":"2026-09-02T14:00:00","guid":{"rendered":"https:\/\/www.em.com.br\/emfoco\/?p=261907"},"modified":"2026-09-02T00:47:34","modified_gmt":"2026-09-02T03:47:34","slug":"nem-cortina-nem-box-com-porta-a-tendencia-que-se-impoe-nos-banheiros-modernos","status":"publish","type":"post","link":"https:\/\/www.em.com.br\/emfoco\/2026\/09\/02\/nem-cortina-nem-box-com-porta-a-tendencia-que-se-impoe-nos-banheiros-modernos\/","title":{"rendered":"Nem cortina nem box com porta: a tend\u00eancia que se imp\u00f5e nos banheiros modernos"},"content":{"rendered":"\n<p class=\"wp-block-paragraph\">Nos <strong>banheiros modernos<\/strong>, o box tradicional com porta, trilho e v\u00e1rias ferragens come\u00e7a a dividir espa\u00e7o com o <strong>painel fixo de vidro<\/strong>, que deixa a \u00e1rea de banho mais aberta. O modelo funciona bem quando caimento do piso, alcance dos respingos e escolha do vidro s\u00e3o definidos juntos no projeto, sem improviso.<\/p>\n\n\n\n<h2 class=\"wp-block-heading\">Por que os banheiros modernos est\u00e3o adotando o painel fixo?<\/h2>\n\n\n\n<p class=\"wp-block-paragraph\">O sistema elimina porta m\u00f3vel, trilhos e parte das ferragens, criando uma divis\u00e3o mais simples entre banho e restante do ambiente. O pr\u00f3prio conceito de <a href=\"https:\/\/pt.wikipedia.org\/wiki\/Boxe_%28banho%29\" target=\"_blank\" rel=\"noopener\"><strong>box de banho<\/strong><\/a> existe para conter a \u00e1gua, mas o painel fixo faz isso com menos elementos visuais.<\/p>\n\n\n\n<p class=\"wp-block-paragraph\">Essa redu\u00e7\u00e3o de pe\u00e7as tamb\u00e9m simplifica a limpeza di\u00e1ria, j\u00e1 que h\u00e1 menos cantos, roldanas e perfis acumulando res\u00edduos. O resultado \u00e9 uma <strong>\u00e1rea de banho mais aberta<\/strong>, adequada a projetos que priorizam continuidade visual e circula\u00e7\u00e3o direta.<\/p>\n\n\n<div class=\"wp-block-image\">\n<figure class=\"aligncenter size-large\"><img decoding=\"async\" width=\"1024\" height=\"576\" src=\"https:\/\/www.em.com.br\/emfoco\/wp-content\/uploads\/2026\/09\/Modern_compact_bathroom_shower_d\u2026_202609020035-1024x576.jpg\" alt=\"Painel fixo de vidro transforma banheiros modernos\" class=\"wp-image-261914\" srcset=\"https:\/\/www.em.com.br\/emfoco\/wp-content\/uploads\/2026\/09\/Modern_compact_bathroom_shower_d\u2026_202609020035-1024x576.jpg 1024w, https:\/\/www.em.com.br\/emfoco\/wp-content\/uploads\/2026\/09\/Modern_compact_bathroom_shower_d\u2026_202609020035-300x169.jpg 300w, https:\/\/www.em.com.br\/emfoco\/wp-content\/uploads\/2026\/09\/Modern_compact_bathroom_shower_d\u2026_202609020035-768x432.jpg 768w, https:\/\/www.em.com.br\/emfoco\/wp-content\/uploads\/2026\/09\/Modern_compact_bathroom_shower_d\u2026_202609020035-750x422.jpg 750w, https:\/\/www.em.com.br\/emfoco\/wp-content\/uploads\/2026\/09\/Modern_compact_bathroom_shower_d\u2026_202609020035-1140x641.jpg 1140w, https:\/\/www.em.com.br\/emfoco\/wp-content\/uploads\/2026\/09\/Modern_compact_bathroom_shower_d\u2026_202609020035.jpg 1280w\" sizes=\"(max-width: 1024px) 100vw, 1024px\" \/><figcaption class=\"wp-element-caption\">Painel fixo de vidro transforma banheiros modernos<\/figcaption><\/figure>\n<\/div>\n\n\n<h2 class=\"wp-block-heading\">Existe tamanho m\u00ednimo para o painel conter os respingos?<\/h2>\n\n\n\n<p class=\"wp-block-paragraph\">N\u00e3o h\u00e1 uma medida \u00fanica que funcione para todo banheiro. O comprimento depende da posi\u00e7\u00e3o do chuveiro, press\u00e3o da \u00e1gua, largura da \u00e1rea molhada e dire\u00e7\u00e3o dos jatos. Por isso, o <strong>painel precisa ser dimensionado no projeto<\/strong>, e n\u00e3o escolhido apenas pela apar\u00eancia.<\/p>\n\n\n\n<p class=\"wp-block-paragraph\">Quanto mais aberto o acesso, maior a import\u00e2ncia de testar o alcance prov\u00e1vel dos respingos. Em espa\u00e7os pequenos, alguns cent\u00edmetros fazem diferen\u00e7a. O objetivo \u00e9 manter uma <strong>passagem confort\u00e1vel<\/strong> sem deixar curto demais o trecho de vidro que protege o piso seco.<\/p>\n\n\n\n<h2 class=\"wp-block-heading\">Como o piso ajuda o painel fixo de vidro a funcionar melhor?<\/h2>\n\n\n\n<p class=\"wp-block-paragraph\">A conten\u00e7\u00e3o n\u00e3o depende s\u00f3 do vidro. O piso precisa conduzir a \u00e1gua ao ralo, sem criar po\u00e7as na passagem. Em boxes acess\u00edveis, a <a href=\"https:\/\/portalfns.saude.gov.br\/wp-content\/uploads\/2021\/08\/9050-2015.pdf\" target=\"_blank\" rel=\"noopener\"><strong>inclina\u00e7\u00e3o de at\u00e9 2% para escoamento<\/strong><\/a> aparece como refer\u00eancia t\u00e9cnica associada ao banho sem desn\u00edvel.<\/p>\n\n\n\n<p class=\"wp-block-paragraph\">Na pr\u00e1tica, o ralo deve ficar bem posicionado e o caimento precisa trabalhar a favor do painel. Os <strong>pontos principais<\/strong> s\u00e3o:<\/p>\n\n\n\n<ul class=\"wp-block-list\">\n<li><strong>Ralo bem localizado:<\/strong> recebe a \u00e1gua antes que ela avance para a \u00e1rea seca.<\/li>\n\n\n\n<li><strong>Caimento cont\u00ednuo:<\/strong> evita bols\u00f5es de \u00e1gua pr\u00f3ximos \u00e0 passagem.<\/li>\n\n\n\n<li><strong>Piso antiderrapante:<\/strong> melhora a seguran\u00e7a quando a superf\u00edcie est\u00e1 molhada.<\/li>\n\n\n\n<li><strong>Abertura planejada:<\/strong> equilibra acesso e controle dos respingos.<\/li>\n<\/ul>\n\n\n<div class=\"wp-block-image\">\n<figure class=\"aligncenter size-large\"><img decoding=\"async\" width=\"1024\" height=\"576\" src=\"https:\/\/www.em.com.br\/emfoco\/wp-content\/uploads\/2026\/09\/Glass_panel_meeting_shower_floor_202609020035-1024x576.jpg\" alt=\"Painel fixo de vidro transforma banheiros modernos\" class=\"wp-image-261913\" srcset=\"https:\/\/www.em.com.br\/emfoco\/wp-content\/uploads\/2026\/09\/Glass_panel_meeting_shower_floor_202609020035-1024x576.jpg 1024w, https:\/\/www.em.com.br\/emfoco\/wp-content\/uploads\/2026\/09\/Glass_panel_meeting_shower_floor_202609020035-300x169.jpg 300w, https:\/\/www.em.com.br\/emfoco\/wp-content\/uploads\/2026\/09\/Glass_panel_meeting_shower_floor_202609020035-768x432.jpg 768w, https:\/\/www.em.com.br\/emfoco\/wp-content\/uploads\/2026\/09\/Glass_panel_meeting_shower_floor_202609020035-750x422.jpg 750w, https:\/\/www.em.com.br\/emfoco\/wp-content\/uploads\/2026\/09\/Glass_panel_meeting_shower_floor_202609020035-1140x641.jpg 1140w, https:\/\/www.em.com.br\/emfoco\/wp-content\/uploads\/2026\/09\/Glass_panel_meeting_shower_floor_202609020035.jpg 1280w\" sizes=\"(max-width: 1024px) 100vw, 1024px\" \/><figcaption class=\"wp-element-caption\">Painel fixo de vidro transforma banheiros modernos<\/figcaption><\/figure>\n<\/div>\n\n\n<h2 class=\"wp-block-heading\">Qual vidro \u00e9 adequado para uma \u00e1rea de banho aberta?<\/h2>\n\n\n\n<p class=\"wp-block-paragraph\">A escolha n\u00e3o deve ser feita como se fosse uma divis\u00f3ria decorativa comum. A <a href=\"https:\/\/abravidro.org.br\/normas-tecnicas\/tabela-que-vidro-usar\" target=\"_blank\" rel=\"noopener\"><strong>ABNT NBR 7199<\/strong><\/a> orienta aplica\u00e7\u00f5es de vidro na constru\u00e7\u00e3o e deve ser considerada junto \u00e0s exig\u00eancias espec\u00edficas de seguran\u00e7a para boxes de banheiro.<\/p>\n\n\n\n<p class=\"wp-block-paragraph\">O ponto central \u00e9 usar <strong>vidro de seguran\u00e7a compat\u00edvel<\/strong> com a aplica\u00e7\u00e3o, espessura, dimens\u00f5es e sistema de fixa\u00e7\u00e3o definidos. Como o painel fica exposto a impactos acidentais e varia\u00e7\u00f5es t\u00e9rmicas, instala\u00e7\u00e3o e ferragens precisam acompanhar a especifica\u00e7\u00e3o t\u00e9cnica do conjunto.<\/p>\n\n\n\n<p class=\"wp-block-paragraph\">Leia tamb\u00e9m:<a href=\"https:\/\/www.em.com.br\/emfoco\/2026\/08\/12\/cal-e-po-de-marmore-sao-aplicados-em-camadas-e-polidos-a-mao-ate-uma-parede-comum-ganhar-profundidade-manchas-naturais-e-aparencia-de-pedra-sem-receber-nenhuma-placa\/\" target=\"_blank\" rel=\"noreferrer noopener\"> Cal e p\u00f3 de m\u00e1rmore s\u00e3o aplicados em camadas e polidos \u00e0 m\u00e3o at\u00e9 uma parede comum ganhar profundidade, manchas naturais e apar\u00eancia de pedra sem receber nenhuma placa<\/a><\/p>\n\n\n\n<h2 class=\"wp-block-heading\">Quando vale trocar a porta por uma solu\u00e7\u00e3o mais aberta?<\/h2>\n\n\n\n<p class=\"wp-block-paragraph\">O painel fixo funciona melhor quando o banheiro tem espa\u00e7o para controlar respingos sem depender de fechamento total. Ele favorece uma est\u00e9tica limpa, reduz partes m\u00f3veis e pode facilitar a entrada no banho, desde que <strong>\u00e1gua, circula\u00e7\u00e3o e seguran\u00e7a<\/strong> tenham sido resolvidas antes.<\/p>\n\n\n\n<p class=\"wp-block-paragraph\">Em um projeto pequeno, a vantagem n\u00e3o est\u00e1 em simplesmente retirar a porta, mas em redesenhar a \u00e1rea molhada como um conjunto. Quando piso, ralo e vidro trabalham juntos, os <strong>banheiros modernos<\/strong> ganham leveza sem transformar praticidade em improviso.<\/p>\n\n\n\n<p class=\"wp-block-paragraph\"><\/p>\n","protected":false},"excerpt":{"rendered":"<p>Nos banheiros modernos, o box tradicional com porta, trilho e v\u00e1rias ferragens come\u00e7a a dividir espa\u00e7o com o painel fixo de vidro, que deixa a \u00e1rea de banho mais aberta. O modelo funciona bem quando caimento do piso, alcance dos respingos e escolha do vidro s\u00e3o definidos juntos no projeto, sem improviso. Por que os [&hellip;]<\/p>\n","protected":false},"author":36,"featured_media":261915,"comment_status":"open","ping_status":"open","sticky":false,"template":"","format":"standard","meta":{"jnews-multi-image_gallery":[],"jnews_single_post":{"format":"standard"},"jnews_primary_category":[],"jnews_social_meta":[],"jnews_override_counter":[],"footnotes":""},"categories":[8819],"tags":[247,10013,12963,15040],"class_list":["post-261907","post","type-post","status-publish","format-standard","has-post-thumbnail","hentry","category-curiosidades","tag-arquitetura","tag-banheiro","tag-box","tag-vidro"],"yoast_head":"<!-- This site is optimized with the Yoast SEO plugin v28.3 - https:\/\/yoast.com\/product\/yoast-seo-wordpress\/ -->\n<title>Nem cortina nem box com porta: a tend\u00eancia que se imp\u00f5e nos banheiros modernos - Estado de Minas - Em foco<\/title>\n<meta name=\"description\" content=\"Banheiros modernos est\u00e3o trocando portas por pain\u00e9is fixos de vidro. O que precisa ser planejado para conter \u00e1gua e manter seguran\u00e7a?\" \/>\n<meta name=\"robots\" content=\"index, follow, max-snippet:-1, max-image-preview:large, max-video-preview:-1\" \/>\n<link rel=\"canonical\" href=\"https:\/\/www.em.com.br\/emfoco\/2026\/09\/02\/nem-cortina-nem-box-com-porta-a-tendencia-que-se-impoe-nos-banheiros-modernos\/\" \/>\n<meta property=\"og:locale\" content=\"pt_BR\" \/>\n<meta property=\"og:type\" content=\"article\" \/>\n<meta property=\"og:title\" content=\"Nem cortina nem box com porta: a tend\u00eancia que se imp\u00f5e nos banheiros modernos - Estado de Minas - Em foco\" \/>\n<meta property=\"og:description\" content=\"Banheiros modernos est\u00e3o trocando portas por pain\u00e9is fixos de vidro. O que precisa ser planejado para conter \u00e1gua e manter seguran\u00e7a?\" \/>\n<meta property=\"og:url\" content=\"https:\/\/www.em.com.br\/emfoco\/2026\/09\/02\/nem-cortina-nem-box-com-porta-a-tendencia-que-se-impoe-nos-banheiros-modernos\/\" \/>\n<meta property=\"og:site_name\" content=\"Estado de Minas - Em foco\" \/>\n<meta property=\"article:published_time\" content=\"2026-09-02T14:00:00+00:00\" \/>\n<meta property=\"og:image\" content=\"https:\/\/www.em.com.br\/emfoco\/wp-content\/uploads\/2026\/09\/Empty_bathroom_after_shower_202609020035.jpg\" \/>\n\t<meta property=\"og:image:width\" content=\"1280\" \/>\n\t<meta property=\"og:image:height\" content=\"720\" \/>\n\t<meta property=\"og:image:type\" content=\"image\/jpeg\" \/>\n<meta name=\"author\" content=\"Paulo\" \/>\n<meta name=\"twitter:card\" content=\"summary_large_image\" \/>\n<meta name=\"twitter:label1\" content=\"Escrito por\" \/>\n\t<meta name=\"twitter:data1\" content=\"Paulo\" \/>\n\t<meta name=\"twitter:label2\" content=\"Est. tempo de leitura\" \/>\n\t<meta name=\"twitter:data2\" content=\"4 minutos\" \/>\n<!-- \/ Yoast SEO plugin. -->","yoast_head_json":{"title":"Nem cortina nem box com porta: a tend\u00eancia que se imp\u00f5e nos banheiros modernos - Estado de Minas - Em foco","description":"Banheiros modernos est\u00e3o trocando portas por pain\u00e9is fixos de vidro. O que precisa ser planejado para conter \u00e1gua e manter seguran\u00e7a?","robots":{"index":"index","follow":"follow","max-snippet":"max-snippet:-1","max-image-preview":"max-image-preview:large","max-video-preview":"max-video-preview:-1"},"canonical":"https:\/\/www.em.com.br\/emfoco\/2026\/09\/02\/nem-cortina-nem-box-com-porta-a-tendencia-que-se-impoe-nos-banheiros-modernos\/","og_locale":"pt_BR","og_type":"article","og_title":"Nem cortina nem box com porta: a tend\u00eancia que se imp\u00f5e nos banheiros modernos - Estado de Minas - Em foco","og_description":"Banheiros modernos est\u00e3o trocando portas por pain\u00e9is fixos de vidro. O que precisa ser planejado para conter \u00e1gua e manter seguran\u00e7a?","og_url":"https:\/\/www.em.com.br\/emfoco\/2026\/09\/02\/nem-cortina-nem-box-com-porta-a-tendencia-que-se-impoe-nos-banheiros-modernos\/","og_site_name":"Estado de Minas - Em foco","article_published_time":"2026-09-02T14:00:00+00:00","og_image":[{"width":1280,"height":720,"url":"https:\/\/www.em.com.br\/emfoco\/wp-content\/uploads\/2026\/09\/Empty_bathroom_after_shower_202609020035.jpg","type":"image\/jpeg"}],"author":"Paulo","twitter_card":"summary_large_image","twitter_misc":{"Escrito por":"Paulo","Est. tempo de leitura":"4 minutos"},"schema":{"@context":"https:\/\/schema.org","@graph":[{"@type":"Article","@id":"https:\/\/www.em.com.br\/emfoco\/2026\/09\/02\/nem-cortina-nem-box-com-porta-a-tendencia-que-se-impoe-nos-banheiros-modernos\/#article","isPartOf":{"@id":"https:\/\/www.em.com.br\/emfoco\/2026\/09\/02\/nem-cortina-nem-box-com-porta-a-tendencia-que-se-impoe-nos-banheiros-modernos\/"},"author":{"name":"Paulo","@id":"https:\/\/www.em.com.br\/emfoco\/#\/schema\/person\/a40efdfe89a3c3c02a66e4188f4757f9"},"headline":"Nem cortina nem box com porta: a tend\u00eancia que se imp\u00f5e nos banheiros modernos","datePublished":"2026-09-02T14:00:00+00:00","mainEntityOfPage":{"@id":"https:\/\/www.em.com.br\/emfoco\/2026\/09\/02\/nem-cortina-nem-box-com-porta-a-tendencia-que-se-impoe-nos-banheiros-modernos\/"},"wordCount":653,"commentCount":0,"image":{"@id":"https:\/\/www.em.com.br\/emfoco\/2026\/09\/02\/nem-cortina-nem-box-com-porta-a-tendencia-que-se-impoe-nos-banheiros-modernos\/#primaryimage"},"thumbnailUrl":"https:\/\/www.em.com.br\/emfoco\/wp-content\/uploads\/2026\/09\/Empty_bathroom_after_shower_202609020035.jpg","keywords":["Arquitetura","banheiro","Box","vidro"],"articleSection":["Curiosidades"],"inLanguage":"pt-BR","potentialAction":[{"@type":"CommentAction","name":"Comment","target":["https:\/\/www.em.com.br\/emfoco\/2026\/09\/02\/nem-cortina-nem-box-com-porta-a-tendencia-que-se-impoe-nos-banheiros-modernos\/#respond"]}]},{"@type":"WebPage","@id":"https:\/\/www.em.com.br\/emfoco\/2026\/09\/02\/nem-cortina-nem-box-com-porta-a-tendencia-que-se-impoe-nos-banheiros-modernos\/","url":"https:\/\/www.em.com.br\/emfoco\/2026\/09\/02\/nem-cortina-nem-box-com-porta-a-tendencia-que-se-impoe-nos-banheiros-modernos\/","name":"Nem cortina nem box com porta: a tend\u00eancia que se imp\u00f5e nos banheiros modernos - Estado de Minas - Em foco","isPartOf":{"@id":"https:\/\/www.em.com.br\/emfoco\/#website"},"primaryImageOfPage":{"@id":"https:\/\/www.em.com.br\/emfoco\/2026\/09\/02\/nem-cortina-nem-box-com-porta-a-tendencia-que-se-impoe-nos-banheiros-modernos\/#primaryimage"},"image":{"@id":"https:\/\/www.em.com.br\/emfoco\/2026\/09\/02\/nem-cortina-nem-box-com-porta-a-tendencia-que-se-impoe-nos-banheiros-modernos\/#primaryimage"},"thumbnailUrl":"https:\/\/www.em.com.br\/emfoco\/wp-content\/uploads\/2026\/09\/Empty_bathroom_after_shower_202609020035.jpg","datePublished":"2026-09-02T14:00:00+00:00","author":{"@id":"https:\/\/www.em.com.br\/emfoco\/#\/schema\/person\/a40efdfe89a3c3c02a66e4188f4757f9"},"description":"Banheiros modernos est\u00e3o trocando portas por pain\u00e9is fixos de vidro. O que precisa ser planejado para conter \u00e1gua e manter seguran\u00e7a?","breadcrumb":{"@id":"https:\/\/www.em.com.br\/emfoco\/2026\/09\/02\/nem-cortina-nem-box-com-porta-a-tendencia-que-se-impoe-nos-banheiros-modernos\/#breadcrumb"},"inLanguage":"pt-BR","potentialAction":[{"@type":"ReadAction","target":["https:\/\/www.em.com.br\/emfoco\/2026\/09\/02\/nem-cortina-nem-box-com-porta-a-tendencia-que-se-impoe-nos-banheiros-modernos\/"]}]},{"@type":"ImageObject","inLanguage":"pt-BR","@id":"https:\/\/www.em.com.br\/emfoco\/2026\/09\/02\/nem-cortina-nem-box-com-porta-a-tendencia-que-se-impoe-nos-banheiros-modernos\/#primaryimage","url":"https:\/\/www.em.com.br\/emfoco\/wp-content\/uploads\/2026\/09\/Empty_bathroom_after_shower_202609020035.jpg","contentUrl":"https:\/\/www.em.com.br\/emfoco\/wp-content\/uploads\/2026\/09\/Empty_bathroom_after_shower_202609020035.jpg","width":1280,"height":720,"caption":"Painel fixo de vidro transforma banheiros modernos"},{"@type":"BreadcrumbList","@id":"https:\/\/www.em.com.br\/emfoco\/2026\/09\/02\/nem-cortina-nem-box-com-porta-a-tendencia-que-se-impoe-nos-banheiros-modernos\/#breadcrumb","itemListElement":[{"@type":"ListItem","position":1,"name":"In\u00edcio","item":"https:\/\/www.em.com.br\/emfoco\/"},{"@type":"ListItem","position":2,"name":"Nem cortina nem box com porta: a tend\u00eancia que se imp\u00f5e nos banheiros modernos"}]},{"@type":"WebSite","@id":"https:\/\/www.em.com.br\/emfoco\/#website","url":"https:\/\/www.em.com.br\/emfoco\/","name":"Estado de Minas - Em foco","description":"Acompanhe as \u00faltimas not\u00edcias e fique bem informado sobre tudo o que acontece em Minas Gerais, Brasil e no mundo.","potentialAction":[{"@type":"SearchAction","target":{"@type":"EntryPoint","urlTemplate":"https:\/\/www.em.com.br\/emfoco\/?s={search_term_string}"},"query-input":{"@type":"PropertyValueSpecification","valueRequired":true,"valueName":"search_term_string"}}],"inLanguage":"pt-BR"},{"@type":"Person","@id":"https:\/\/www.em.com.br\/emfoco\/#\/schema\/person\/a40efdfe89a3c3c02a66e4188f4757f9","name":"Paulo","image":{"@type":"ImageObject","inLanguage":"pt-BR","@id":"https:\/\/secure.gravatar.com\/avatar\/e97035e905aa7c91d0d43cb122ce3d29e6f75e431f9c5f20d3d2e46f1e2f5af4?s=96&d=mm&r=g","url":"https:\/\/secure.gravatar.com\/avatar\/e97035e905aa7c91d0d43cb122ce3d29e6f75e431f9c5f20d3d2e46f1e2f5af4?s=96&d=mm&r=g","contentUrl":"https:\/\/secure.gravatar.com\/avatar\/e97035e905aa7c91d0d43cb122ce3d29e6f75e431f9c5f20d3d2e46f1e2f5af4?s=96&d=mm&r=g","caption":"Paulo"},"sameAs":["https:\/\/www.em.com.br\/emfoco"],"url":"https:\/\/www.em.com.br\/emfoco\/author\/paulomyth\/"}]}},"_links":{"self":[{"href":"https:\/\/www.em.com.br\/emfoco\/wp-json\/wp\/v2\/posts\/261907","targetHints":{"allow":["GET"]}}],"collection":[{"href":"https:\/\/www.em.com.br\/emfoco\/wp-json\/wp\/v2\/posts"}],"about":[{"href":"https:\/\/www.em.com.br\/emfoco\/wp-json\/wp\/v2\/types\/post"}],"author":[{"embeddable":true,"href":"https:\/\/www.em.com.br\/emfoco\/wp-json\/wp\/v2\/users\/36"}],"replies":[{"embeddable":true,"href":"https:\/\/www.em.com.br\/emfoco\/wp-json\/wp\/v2\/comments?post=261907"}],"version-history":[{"count":1,"href":"https:\/\/www.em.com.br\/emfoco\/wp-json\/wp\/v2\/posts\/261907\/revisions"}],"predecessor-version":[{"id":261916,"href":"https:\/\/www.em.com.br\/emfoco\/wp-json\/wp\/v2\/posts\/261907\/revisions\/261916"}],"wp:featuredmedia":[{"embeddable":true,"href":"https:\/\/www.em.com.br\/emfoco\/wp-json\/wp\/v2\/media\/261915"}],"wp:attachment":[{"href":"https:\/\/www.em.com.br\/emfoco\/wp-json\/wp\/v2\/media?parent=261907"}],"wp:term":[{"taxonomy":"category","embeddable":true,"href":"https:\/\/www.em.com.br\/emfoco\/wp-json\/wp\/v2\/categories?post=261907"},{"taxonomy":"post_tag","embeddable":true,"href":"https:\/\/www.em.com.br\/emfoco\/wp-json\/wp\/v2\/tags?post=261907"}],"curies":[{"name":"wp","href":"https:\/\/api.w.org\/{rel}","templated":true}]}}