{"id":261906,"date":"2026-09-02T08:29:00","date_gmt":"2026-09-02T11:29:00","guid":{"rendered":"https:\/\/www.em.com.br\/emfoco\/?p=261906"},"modified":"2026-09-02T00:47:24","modified_gmt":"2026-09-02T03:47:24","slug":"adeus-a-cadeira-com-roupas-no-quarto-a-nova-tendencia-mais-elegante-e-multifuncional","status":"publish","type":"post","link":"https:\/\/www.em.com.br\/emfoco\/2026\/09\/02\/adeus-a-cadeira-com-roupas-no-quarto-a-nova-tendencia-mais-elegante-e-multifuncional\/","title":{"rendered":"Adeus \u00e0 cadeira com roupas no quarto: a nova tend\u00eancia mais elegante e multifuncional"},"content":{"rendered":"\n<p class=\"wp-block-paragraph\">A <strong>cadeira com roupas<\/strong> virou um ponto de bagun\u00e7a em muitos quartos, mas o <strong>banco-sapateira<\/strong> muda essa l\u00f3gica ao unir assento, apoio e armazenamento fechado. No p\u00e9 da cama ou junto \u00e0 parede, ele separa roupas em uso e cal\u00e7ados sem ocupar a \u00e1rea visual como uma cadeira comum no dia a dia de forma discreta.<\/p>\n\n\n\n<h2 class=\"wp-block-heading\">Por que a cadeira com roupas perde espa\u00e7o para um m\u00f3vel h\u00edbrido?<\/h2>\n\n\n\n<p class=\"wp-block-paragraph\">A troca funciona porque o m\u00f3vel resolve duas tarefas sem ampliar a sensa\u00e7\u00e3o de volume. Um <a href=\"https:\/\/pt.wikipedia.org\/wiki\/Banco_(mobili%C3%A1rio)\" target=\"_blank\" rel=\"noopener\"><strong>banco como mobili\u00e1rio<\/strong><\/a> j\u00e1 oferece apoio para sentar, e a vers\u00e3o com compartimentos acrescenta <strong>armazenamento discreto<\/strong> para o quarto.<\/p>\n\n\n\n<p class=\"wp-block-paragraph\">Em vez de deixar pe\u00e7as penduradas no encosto, o banco cria uma zona pr\u00f3pria para o que ainda ser\u00e1 usado. O ganho principal \u00e9 <strong>reduzir a bagun\u00e7a visual<\/strong> sem obrigar voc\u00ea a misturar imediatamente uma roupa usada \u00e0s pe\u00e7as rec\u00e9m-lavadas.<\/p>\n\n\n<div class=\"wp-block-image\">\n<figure class=\"aligncenter size-large\"><img decoding=\"async\" width=\"1024\" height=\"576\" src=\"https:\/\/www.em.com.br\/emfoco\/wp-content\/uploads\/2026\/09\/Ventilated_bench-shoe_cabinet_ar\u2026_202609020032-1024x576.jpg\" alt=\"Banco-sapateira substitui cadeira com roupas no quarto\" class=\"wp-image-261910\" srcset=\"https:\/\/www.em.com.br\/emfoco\/wp-content\/uploads\/2026\/09\/Ventilated_bench-shoe_cabinet_ar\u2026_202609020032-1024x576.jpg 1024w, https:\/\/www.em.com.br\/emfoco\/wp-content\/uploads\/2026\/09\/Ventilated_bench-shoe_cabinet_ar\u2026_202609020032-300x169.jpg 300w, https:\/\/www.em.com.br\/emfoco\/wp-content\/uploads\/2026\/09\/Ventilated_bench-shoe_cabinet_ar\u2026_202609020032-768x432.jpg 768w, https:\/\/www.em.com.br\/emfoco\/wp-content\/uploads\/2026\/09\/Ventilated_bench-shoe_cabinet_ar\u2026_202609020032-750x422.jpg 750w, https:\/\/www.em.com.br\/emfoco\/wp-content\/uploads\/2026\/09\/Ventilated_bench-shoe_cabinet_ar\u2026_202609020032-1140x641.jpg 1140w, https:\/\/www.em.com.br\/emfoco\/wp-content\/uploads\/2026\/09\/Ventilated_bench-shoe_cabinet_ar\u2026_202609020032.jpg 1280w\" sizes=\"(max-width: 1024px) 100vw, 1024px\" \/><figcaption class=\"wp-element-caption\">Banco-sapateira substitui cadeira com roupas no quarto<\/figcaption><\/figure>\n<\/div>\n\n\n<h2 class=\"wp-block-heading\">Quais medidas fazem o banco-sapateira funcionar em quarto pequeno?<\/h2>\n\n\n\n<p class=\"wp-block-paragraph\">O ponto de partida \u00e9 preservar a circula\u00e7\u00e3o. Em quartos compactos, vale medir o espa\u00e7o livre ao redor da cama antes da compra e escolher profundidade contida. Refer\u00eancias de <a href=\"https:\/\/www.osha.gov\/etools\/computer-workstations\/checklists\/purchasing-guide\" target=\"_blank\" rel=\"noopener\"><strong>altura de assento entre 15 e 22 polegadas<\/strong><\/a> ajudam a indicar uma faixa ergon\u00f4mica, embora o banco n\u00e3o precise ser ajust\u00e1vel.<\/p>\n\n\n\n<p class=\"wp-block-paragraph\">No p\u00e9 da cama, a largura pode acompanhar parte do colch\u00e3o sem ultrapassar suas laterais. Junto \u00e0 parede, um modelo estreito costuma funcionar melhor. O essencial \u00e9 que <strong>sentar e levantar sejam confort\u00e1veis<\/strong> e que portas ou gavetas abram sem bloquear a passagem.<\/p>\n\n\n\n<h2 class=\"wp-block-heading\">Como dividir roupas usadas, sapatos e objetos sem criar outro ponto de ac\u00famulo?<\/h2>\n\n\n\n<p class=\"wp-block-paragraph\">A l\u00f3gica melhora quando cada compartimento tem uma fun\u00e7\u00e3o definida. Roupas usadas, mas ainda aproveit\u00e1veis, ficam separadas dos cal\u00e7ados e das pe\u00e7as limpas. Isso transforma o banco em <strong>esta\u00e7\u00e3o de transi\u00e7\u00e3o<\/strong>, n\u00e3o em dep\u00f3sito improvisado.<\/p>\n\n\n\n<p class=\"wp-block-paragraph\">Uma <strong>divis\u00e3o simples<\/strong> j\u00e1 costuma bastar:<\/p>\n\n\n\n<ul class=\"wp-block-list\">\n<li><strong>Roupas de uso r\u00e1pido:<\/strong> reserve um compartimento para jeans, casacos leves ou pe\u00e7as que voltar\u00e3o ao corpo.<\/li>\n\n\n\n<li><strong>Cal\u00e7ados frequentes:<\/strong> use nichos inferiores ou gavetas f\u00e1ceis de limpar.<\/li>\n\n\n\n<li><strong>Acess\u00f3rios pequenos:<\/strong> mantenha cintos, bolsas ou chinelos em caixas internas.<\/li>\n\n\n\n<li><strong>Pe\u00e7as limpas:<\/strong> deixe fora desse m\u00f3vel para preservar a separa\u00e7\u00e3o da rotina.<\/li>\n<\/ul>\n\n\n<div class=\"wp-block-image\">\n<figure class=\"aligncenter size-large\"><img decoding=\"async\" width=\"1024\" height=\"576\" src=\"https:\/\/www.em.com.br\/emfoco\/wp-content\/uploads\/2026\/09\/Design_shoe_cabinet_diagram_202609020034-1024x576.jpg\" alt=\"Banco-sapateira substitui cadeira com roupas no quarto\" class=\"wp-image-261911\" srcset=\"https:\/\/www.em.com.br\/emfoco\/wp-content\/uploads\/2026\/09\/Design_shoe_cabinet_diagram_202609020034-1024x576.jpg 1024w, https:\/\/www.em.com.br\/emfoco\/wp-content\/uploads\/2026\/09\/Design_shoe_cabinet_diagram_202609020034-300x169.jpg 300w, https:\/\/www.em.com.br\/emfoco\/wp-content\/uploads\/2026\/09\/Design_shoe_cabinet_diagram_202609020034-768x432.jpg 768w, https:\/\/www.em.com.br\/emfoco\/wp-content\/uploads\/2026\/09\/Design_shoe_cabinet_diagram_202609020034-750x422.jpg 750w, https:\/\/www.em.com.br\/emfoco\/wp-content\/uploads\/2026\/09\/Design_shoe_cabinet_diagram_202609020034-1140x641.jpg 1140w, https:\/\/www.em.com.br\/emfoco\/wp-content\/uploads\/2026\/09\/Design_shoe_cabinet_diagram_202609020034.jpg 1280w\" sizes=\"(max-width: 1024px) 100vw, 1024px\" \/><figcaption class=\"wp-element-caption\">Banco-sapateira substitui cadeira com roupas no quarto<\/figcaption><\/figure>\n<\/div>\n\n\n<h2 class=\"wp-block-heading\">O compartimento fechado pode receber qualquer roupa usada?<\/h2>\n\n\n\n<p class=\"wp-block-paragraph\">N\u00e3o conv\u00e9m guardar tecido \u00famido, suado ou molhado em espa\u00e7o fechado. Orienta\u00e7\u00f5es de conserva\u00e7\u00e3o destacam que a <a href=\"https:\/\/www.nal.usda.gov\/exhibits\/ipd\/apronsandkitchens\/items\/show\/8\" target=\"_blank\" rel=\"noopener\"><strong>ventila\u00e7\u00e3o ajuda a controlar odores e umidade<\/strong><\/a>. Antes de fechar o compartimento, deixe a pe\u00e7a secar e arejar.<\/p>\n\n\n\n<p class=\"wp-block-paragraph\">Tamb\u00e9m ajuda evitar excesso de roupas comprimidas. Um compartimento lotado perde praticidade e dificulta a circula\u00e7\u00e3o de ar. Para uso di\u00e1rio, <strong>menos pe\u00e7as e mais rotatividade<\/strong> funcionam melhor do que transformar o banco em um segundo arm\u00e1rio.<\/p>\n\n\n\n<p class=\"wp-block-paragraph\">Leia tamb\u00e9m:<a href=\"https:\/\/www.em.com.br\/emfoco\/2026\/08\/12\/cal-e-po-de-marmore-sao-aplicados-em-camadas-e-polidos-a-mao-ate-uma-parede-comum-ganhar-profundidade-manchas-naturais-e-aparencia-de-pedra-sem-receber-nenhuma-placa\/\" target=\"_blank\" rel=\"noreferrer noopener\"> Cal e p\u00f3 de m\u00e1rmore s\u00e3o aplicados em camadas e polidos \u00e0 m\u00e3o at\u00e9 uma parede comum ganhar profundidade, manchas naturais e apar\u00eancia de pedra sem receber nenhuma placa<\/a><\/p>\n\n\n\n<h2 class=\"wp-block-heading\">Quando essa troca realmente deixa o quarto mais funcional?<\/h2>\n\n\n\n<p class=\"wp-block-paragraph\">O banco-sapateira faz mais sentido quando a cadeira j\u00e1 serve quase apenas como suporte de roupas. Nesse cen\u00e1rio, a substitui\u00e7\u00e3o mant\u00e9m o apoio para cal\u00e7ar sapatos e acrescenta <strong>organiza\u00e7\u00e3o fechada<\/strong>, ocupando uma \u00e1rea que o quarto j\u00e1 usava de qualquer forma.<\/p>\n\n\n\n<p class=\"wp-block-paragraph\">Em quartos menores, o melhor modelo \u00e9 aquele que respeita a circula\u00e7\u00e3o, oferece acesso simples e n\u00e3o incentiva ac\u00famulo. Assim, a <strong>cadeira com roupas<\/strong> deixa de ser um h\u00e1bito visual e d\u00e1 lugar a uma solu\u00e7\u00e3o que organiza sem esconder desordem indefinidamente.<\/p>\n\n\n\n<p class=\"wp-block-paragraph\"><\/p>\n","protected":false},"excerpt":{"rendered":"<p>A cadeira com roupas virou um ponto de bagun\u00e7a em muitos quartos, mas o banco-sapateira muda essa l\u00f3gica ao unir assento, apoio e armazenamento fechado. No p\u00e9 da cama ou junto \u00e0 parede, ele separa roupas em uso e cal\u00e7ados sem ocupar a \u00e1rea visual como uma cadeira comum no dia a dia de forma [&hellip;]<\/p>\n","protected":false},"author":36,"featured_media":261912,"comment_status":"open","ping_status":"open","sticky":false,"template":"","format":"standard","meta":{"jnews-multi-image_gallery":[],"jnews_single_post":{"format":"standard"},"jnews_primary_category":[],"jnews_social_meta":[],"jnews_override_counter":[],"footnotes":""},"categories":[8819],"tags":[35982,14659,4478,13874],"class_list":["post-261906","post","type-post","status-publish","format-standard","has-post-thumbnail","hentry","category-curiosidades","tag-banco-sapateira","tag-moveis","tag-organizacao","tag-quarto"],"yoast_head":"<!-- This site is optimized with the Yoast SEO plugin v28.3 - https:\/\/yoast.com\/product\/yoast-seo-wordpress\/ -->\n<title>Adeus \u00e0 cadeira com roupas no quarto: a nova tend\u00eancia mais elegante e multifuncional - Estado de Minas - Em foco<\/title>\n<meta name=\"description\" content=\"A cadeira com roupas pode sair de cena com um m\u00f3vel que senta, organiza e separa pe\u00e7as usadas. O que muda em quartos pequenos?\" \/>\n<meta name=\"robots\" content=\"index, follow, max-snippet:-1, max-image-preview:large, max-video-preview:-1\" \/>\n<link rel=\"canonical\" href=\"https:\/\/www.em.com.br\/emfoco\/2026\/09\/02\/adeus-a-cadeira-com-roupas-no-quarto-a-nova-tendencia-mais-elegante-e-multifuncional\/\" \/>\n<meta property=\"og:locale\" content=\"pt_BR\" \/>\n<meta property=\"og:type\" content=\"article\" \/>\n<meta property=\"og:title\" content=\"Adeus \u00e0 cadeira com roupas no quarto: a nova tend\u00eancia mais elegante e multifuncional - Estado de Minas - Em foco\" \/>\n<meta property=\"og:description\" content=\"A cadeira com roupas pode sair de cena com um m\u00f3vel que senta, organiza e separa pe\u00e7as usadas. O que muda em quartos pequenos?\" \/>\n<meta property=\"og:url\" content=\"https:\/\/www.em.com.br\/emfoco\/2026\/09\/02\/adeus-a-cadeira-com-roupas-no-quarto-a-nova-tendencia-mais-elegante-e-multifuncional\/\" \/>\n<meta property=\"og:site_name\" content=\"Estado de Minas - Em foco\" \/>\n<meta property=\"article:published_time\" content=\"2026-09-02T11:29:00+00:00\" \/>\n<meta property=\"og:image\" content=\"https:\/\/www.em.com.br\/emfoco\/wp-content\/uploads\/2026\/09\/Empty_bedroom_with_bench_and_202609020032.jpg\" \/>\n\t<meta property=\"og:image:width\" content=\"1280\" \/>\n\t<meta property=\"og:image:height\" content=\"720\" \/>\n\t<meta property=\"og:image:type\" content=\"image\/jpeg\" \/>\n<meta name=\"author\" content=\"Paulo\" \/>\n<meta name=\"twitter:card\" content=\"summary_large_image\" \/>\n<meta name=\"twitter:label1\" content=\"Escrito por\" \/>\n\t<meta name=\"twitter:data1\" content=\"Paulo\" \/>\n\t<meta name=\"twitter:label2\" content=\"Est. tempo de leitura\" \/>\n\t<meta name=\"twitter:data2\" content=\"4 minutos\" \/>\n<!-- \/ Yoast SEO plugin. -->","yoast_head_json":{"title":"Adeus \u00e0 cadeira com roupas no quarto: a nova tend\u00eancia mais elegante e multifuncional - Estado de Minas - Em foco","description":"A cadeira com roupas pode sair de cena com um m\u00f3vel que senta, organiza e separa pe\u00e7as usadas. O que muda em quartos pequenos?","robots":{"index":"index","follow":"follow","max-snippet":"max-snippet:-1","max-image-preview":"max-image-preview:large","max-video-preview":"max-video-preview:-1"},"canonical":"https:\/\/www.em.com.br\/emfoco\/2026\/09\/02\/adeus-a-cadeira-com-roupas-no-quarto-a-nova-tendencia-mais-elegante-e-multifuncional\/","og_locale":"pt_BR","og_type":"article","og_title":"Adeus \u00e0 cadeira com roupas no quarto: a nova tend\u00eancia mais elegante e multifuncional - Estado de Minas - Em foco","og_description":"A cadeira com roupas pode sair de cena com um m\u00f3vel que senta, organiza e separa pe\u00e7as usadas. O que muda em quartos pequenos?","og_url":"https:\/\/www.em.com.br\/emfoco\/2026\/09\/02\/adeus-a-cadeira-com-roupas-no-quarto-a-nova-tendencia-mais-elegante-e-multifuncional\/","og_site_name":"Estado de Minas - Em foco","article_published_time":"2026-09-02T11:29:00+00:00","og_image":[{"width":1280,"height":720,"url":"https:\/\/www.em.com.br\/emfoco\/wp-content\/uploads\/2026\/09\/Empty_bedroom_with_bench_and_202609020032.jpg","type":"image\/jpeg"}],"author":"Paulo","twitter_card":"summary_large_image","twitter_misc":{"Escrito por":"Paulo","Est. tempo de leitura":"4 minutos"},"schema":{"@context":"https:\/\/schema.org","@graph":[{"@type":"Article","@id":"https:\/\/www.em.com.br\/emfoco\/2026\/09\/02\/adeus-a-cadeira-com-roupas-no-quarto-a-nova-tendencia-mais-elegante-e-multifuncional\/#article","isPartOf":{"@id":"https:\/\/www.em.com.br\/emfoco\/2026\/09\/02\/adeus-a-cadeira-com-roupas-no-quarto-a-nova-tendencia-mais-elegante-e-multifuncional\/"},"author":{"name":"Paulo","@id":"https:\/\/www.em.com.br\/emfoco\/#\/schema\/person\/a40efdfe89a3c3c02a66e4188f4757f9"},"headline":"Adeus \u00e0 cadeira com roupas no quarto: a nova tend\u00eancia mais elegante e multifuncional","datePublished":"2026-09-02T11:29:00+00:00","mainEntityOfPage":{"@id":"https:\/\/www.em.com.br\/emfoco\/2026\/09\/02\/adeus-a-cadeira-com-roupas-no-quarto-a-nova-tendencia-mais-elegante-e-multifuncional\/"},"wordCount":640,"commentCount":0,"image":{"@id":"https:\/\/www.em.com.br\/emfoco\/2026\/09\/02\/adeus-a-cadeira-com-roupas-no-quarto-a-nova-tendencia-mais-elegante-e-multifuncional\/#primaryimage"},"thumbnailUrl":"https:\/\/www.em.com.br\/emfoco\/wp-content\/uploads\/2026\/09\/Empty_bedroom_with_bench_and_202609020032.jpg","keywords":["banco-sapateira","m\u00f3veis","Organiza\u00e7\u00e3o","quarto"],"articleSection":["Curiosidades"],"inLanguage":"pt-BR","potentialAction":[{"@type":"CommentAction","name":"Comment","target":["https:\/\/www.em.com.br\/emfoco\/2026\/09\/02\/adeus-a-cadeira-com-roupas-no-quarto-a-nova-tendencia-mais-elegante-e-multifuncional\/#respond"]}]},{"@type":"WebPage","@id":"https:\/\/www.em.com.br\/emfoco\/2026\/09\/02\/adeus-a-cadeira-com-roupas-no-quarto-a-nova-tendencia-mais-elegante-e-multifuncional\/","url":"https:\/\/www.em.com.br\/emfoco\/2026\/09\/02\/adeus-a-cadeira-com-roupas-no-quarto-a-nova-tendencia-mais-elegante-e-multifuncional\/","name":"Adeus \u00e0 cadeira com roupas no quarto: a nova tend\u00eancia mais elegante e multifuncional - Estado de Minas - Em foco","isPartOf":{"@id":"https:\/\/www.em.com.br\/emfoco\/#website"},"primaryImageOfPage":{"@id":"https:\/\/www.em.com.br\/emfoco\/2026\/09\/02\/adeus-a-cadeira-com-roupas-no-quarto-a-nova-tendencia-mais-elegante-e-multifuncional\/#primaryimage"},"image":{"@id":"https:\/\/www.em.com.br\/emfoco\/2026\/09\/02\/adeus-a-cadeira-com-roupas-no-quarto-a-nova-tendencia-mais-elegante-e-multifuncional\/#primaryimage"},"thumbnailUrl":"https:\/\/www.em.com.br\/emfoco\/wp-content\/uploads\/2026\/09\/Empty_bedroom_with_bench_and_202609020032.jpg","datePublished":"2026-09-02T11:29:00+00:00","author":{"@id":"https:\/\/www.em.com.br\/emfoco\/#\/schema\/person\/a40efdfe89a3c3c02a66e4188f4757f9"},"description":"A cadeira com roupas pode sair de cena com um m\u00f3vel que senta, organiza e separa pe\u00e7as usadas. O que muda em quartos pequenos?","breadcrumb":{"@id":"https:\/\/www.em.com.br\/emfoco\/2026\/09\/02\/adeus-a-cadeira-com-roupas-no-quarto-a-nova-tendencia-mais-elegante-e-multifuncional\/#breadcrumb"},"inLanguage":"pt-BR","potentialAction":[{"@type":"ReadAction","target":["https:\/\/www.em.com.br\/emfoco\/2026\/09\/02\/adeus-a-cadeira-com-roupas-no-quarto-a-nova-tendencia-mais-elegante-e-multifuncional\/"]}]},{"@type":"ImageObject","inLanguage":"pt-BR","@id":"https:\/\/www.em.com.br\/emfoco\/2026\/09\/02\/adeus-a-cadeira-com-roupas-no-quarto-a-nova-tendencia-mais-elegante-e-multifuncional\/#primaryimage","url":"https:\/\/www.em.com.br\/emfoco\/wp-content\/uploads\/2026\/09\/Empty_bedroom_with_bench_and_202609020032.jpg","contentUrl":"https:\/\/www.em.com.br\/emfoco\/wp-content\/uploads\/2026\/09\/Empty_bedroom_with_bench_and_202609020032.jpg","width":1280,"height":720,"caption":"Banco-sapateira substitui cadeira com roupas no quarto"},{"@type":"BreadcrumbList","@id":"https:\/\/www.em.com.br\/emfoco\/2026\/09\/02\/adeus-a-cadeira-com-roupas-no-quarto-a-nova-tendencia-mais-elegante-e-multifuncional\/#breadcrumb","itemListElement":[{"@type":"ListItem","position":1,"name":"In\u00edcio","item":"https:\/\/www.em.com.br\/emfoco\/"},{"@type":"ListItem","position":2,"name":"Adeus \u00e0 cadeira com roupas no quarto: a nova tend\u00eancia mais elegante e multifuncional"}]},{"@type":"WebSite","@id":"https:\/\/www.em.com.br\/emfoco\/#website","url":"https:\/\/www.em.com.br\/emfoco\/","name":"Estado de Minas - Em foco","description":"Acompanhe as \u00faltimas not\u00edcias e fique bem informado sobre tudo o que acontece em Minas Gerais, Brasil e no mundo.","potentialAction":[{"@type":"SearchAction","target":{"@type":"EntryPoint","urlTemplate":"https:\/\/www.em.com.br\/emfoco\/?s={search_term_string}"},"query-input":{"@type":"PropertyValueSpecification","valueRequired":true,"valueName":"search_term_string"}}],"inLanguage":"pt-BR"},{"@type":"Person","@id":"https:\/\/www.em.com.br\/emfoco\/#\/schema\/person\/a40efdfe89a3c3c02a66e4188f4757f9","name":"Paulo","image":{"@type":"ImageObject","inLanguage":"pt-BR","@id":"https:\/\/secure.gravatar.com\/avatar\/e97035e905aa7c91d0d43cb122ce3d29e6f75e431f9c5f20d3d2e46f1e2f5af4?s=96&d=mm&r=g","url":"https:\/\/secure.gravatar.com\/avatar\/e97035e905aa7c91d0d43cb122ce3d29e6f75e431f9c5f20d3d2e46f1e2f5af4?s=96&d=mm&r=g","contentUrl":"https:\/\/secure.gravatar.com\/avatar\/e97035e905aa7c91d0d43cb122ce3d29e6f75e431f9c5f20d3d2e46f1e2f5af4?s=96&d=mm&r=g","caption":"Paulo"},"sameAs":["https:\/\/www.em.com.br\/emfoco"],"url":"https:\/\/www.em.com.br\/emfoco\/author\/paulomyth\/"}]}},"_links":{"self":[{"href":"https:\/\/www.em.com.br\/emfoco\/wp-json\/wp\/v2\/posts\/261906","targetHints":{"allow":["GET"]}}],"collection":[{"href":"https:\/\/www.em.com.br\/emfoco\/wp-json\/wp\/v2\/posts"}],"about":[{"href":"https:\/\/www.em.com.br\/emfoco\/wp-json\/wp\/v2\/types\/post"}],"author":[{"embeddable":true,"href":"https:\/\/www.em.com.br\/emfoco\/wp-json\/wp\/v2\/users\/36"}],"replies":[{"embeddable":true,"href":"https:\/\/www.em.com.br\/emfoco\/wp-json\/wp\/v2\/comments?post=261906"}],"version-history":[{"count":1,"href":"https:\/\/www.em.com.br\/emfoco\/wp-json\/wp\/v2\/posts\/261906\/revisions"}],"predecessor-version":[{"id":261924,"href":"https:\/\/www.em.com.br\/emfoco\/wp-json\/wp\/v2\/posts\/261906\/revisions\/261924"}],"wp:featuredmedia":[{"embeddable":true,"href":"https:\/\/www.em.com.br\/emfoco\/wp-json\/wp\/v2\/media\/261912"}],"wp:attachment":[{"href":"https:\/\/www.em.com.br\/emfoco\/wp-json\/wp\/v2\/media?parent=261906"}],"wp:term":[{"taxonomy":"category","embeddable":true,"href":"https:\/\/www.em.com.br\/emfoco\/wp-json\/wp\/v2\/categories?post=261906"},{"taxonomy":"post_tag","embeddable":true,"href":"https:\/\/www.em.com.br\/emfoco\/wp-json\/wp\/v2\/tags?post=261906"}],"curies":[{"name":"wp","href":"https:\/\/api.w.org\/{rel}","templated":true}]}}