{"id":26189,"date":"2025-03-10T08:20:11","date_gmt":"2025-03-10T11:20:11","guid":{"rendered":"https:\/\/www.em.com.br\/emfoco\/?p=26189"},"modified":"2025-03-10T08:20:12","modified_gmt":"2025-03-10T11:20:12","slug":"governo-federal-lanca-comunicado-para-todas-familias-brasileiras","status":"publish","type":"post","link":"https:\/\/www.em.com.br\/emfoco\/2025\/03\/10\/governo-federal-lanca-comunicado-para-todas-familias-brasileiras\/","title":{"rendered":"Governo Federal lan\u00e7a comunicado para todas familias brasileiras!"},"content":{"rendered":"\n<p>Em 2025, o governo brasileiro est\u00e1 intensificando os esfor\u00e7os para garantir que o <strong>Cadastro \u00danico<\/strong>, uma ferramenta vital para a inclus\u00e3o de fam\u00edlias de baixa renda em programas sociais, esteja sempre atualizado. Este ano, cerca de 6,4 milh\u00f5es de fam\u00edlias, tanto benefici\u00e1rias quanto n\u00e3o benefici\u00e1rias de programas como o <strong>Bolsa Fam\u00edlia e a Tarifa Social de Energia El\u00e9trica<\/strong>, precisam atualizar seus dados at\u00e9 fevereiro de 2026. As notifica\u00e7\u00f5es para essa atualiza\u00e7\u00e3o ser\u00e3o realizadas de maneira eficaz, utilizando tecnologias acess\u00edveis \u00e0s fam\u00edlias.<\/p>\n\n\n\n<p>A atualiza\u00e7\u00e3o do Cadastro \u00danico \u00e9 fundamental para assegurar que os programas sociais atinjam aqueles que realmente necessitam. A <strong>A\u00e7\u00e3o de Qualifica\u00e7\u00e3o Cadastral 2025<\/strong>, baseada na <strong><a href=\"https:\/\/www.jusbrasil.com.br\/legislacao\/2972847026\/lei-15077-24\" target=\"_blank\" rel=\"noreferrer noopener\">Lei n\u00ba 15.077\/2024<\/a><\/strong>, visa corrigir inconsist\u00eancias e atualizar informa\u00e7\u00f5es para refletir a realidade das fam\u00edlias. Este esfor\u00e7o \u00e9 parte de uma estrat\u00e9gia maior para otimizar a distribui\u00e7\u00e3o dos recursos e melhorar a gest\u00e3o dos programas sociais.<\/p>\n\n\n\n<h2 class=\"wp-block-heading\">Como as fam\u00edlias ser\u00e3o informadas?<\/h2>\n\n\n\n<p>Para facilitar o processo de atualiza\u00e7\u00e3o, as fam\u00edlias ser\u00e3o notificadas de forma escalonada atrav\u00e9s de mensagens nos aplicativos do <strong>Programa Bolsa Fam\u00edlia<\/strong> e de pagamentos, como o <strong>Caixa Tem<\/strong>. Al\u00e9m disso, mensagens de voz ser\u00e3o disponibilizadas na <strong>Central de Atendimento da CAIXA<\/strong> para auxiliar na comunica\u00e7\u00e3o e orienta\u00e7\u00e3o das fam\u00edlias. Novas tecnologias, como notifica\u00e7\u00f5es via SMS, tamb\u00e9m est\u00e3o sendo consideradas para aumentar ainda mais o alcance e garantir que nenhuma fam\u00edlia fique sem a devida comunica\u00e7\u00e3o.<\/p>\n\n\n\n<p>Essas notifica\u00e7\u00f5es estar\u00e3o dispon\u00edveis no \u00edcone \u201cenvelope\u201d do aplicativo do Cadastro \u00danico. Ap\u00f3s serem informadas, as fam\u00edlias devem procurar o <strong>Centro de Refer\u00eancia de Assist\u00eancia Social (CRAS)<\/strong> ou a gest\u00e3o municipal para atualizar seus dados. Em casos especiais, se necess\u00e1rio, agentes comunit\u00e1rios poder\u00e3o ser mobilizados para ajudar na conscientiza\u00e7\u00e3o e no processo de atualiza\u00e7\u00e3o nas regi\u00f5es mais remotas.<\/p>\n\n\n\n<figure class=\"wp-block-image size-large\"><img loading=\"lazy\" decoding=\"async\" width=\"1024\" height=\"576\" src=\"https:\/\/www.em.com.br\/emfoco\/wp-content\/uploads\/2025\/02\/Bolsa-Familia_1740654969032-1024x576.jpg\" alt=\"Governo faz mudan\u00e7as no bolsa fam\u00edlia 2025 e milh\u00f5es ser\u00e3o afetados\" class=\"wp-image-23355\" srcset=\"https:\/\/www.em.com.br\/emfoco\/wp-content\/uploads\/2025\/02\/Bolsa-Familia_1740654969032-1024x576.jpg 1024w, https:\/\/www.em.com.br\/emfoco\/wp-content\/uploads\/2025\/02\/Bolsa-Familia_1740654969032-300x169.jpg 300w, https:\/\/www.em.com.br\/emfoco\/wp-content\/uploads\/2025\/02\/Bolsa-Familia_1740654969032-768x432.jpg 768w, https:\/\/www.em.com.br\/emfoco\/wp-content\/uploads\/2025\/02\/Bolsa-Familia_1740654969032-750x422.jpg 750w, https:\/\/www.em.com.br\/emfoco\/wp-content\/uploads\/2025\/02\/Bolsa-Familia_1740654969032-1140x641.jpg 1140w, https:\/\/www.em.com.br\/emfoco\/wp-content\/uploads\/2025\/02\/Bolsa-Familia_1740654969032.jpg 1280w\" sizes=\"auto, (max-width: 1024px) 100vw, 1024px\" \/><figcaption class=\"wp-element-caption\">Bolsa Familia &#8211; Cr\u00e9ditos: depositphotos.com \/ joasouza<\/figcaption><\/figure>\n\n\n\n<h2 class=\"wp-block-heading\">Procedimentos para atualiza\u00e7\u00e3o do cadastro<\/h2>\n\n\n\n<p>As fam\u00edlias devem comparecer ao CRAS ou \u00e0 gest\u00e3o municipal do Cadastro \u00danico para atualizar suas informa\u00e7\u00f5es. Para aquelas compostas por apenas uma pessoa, a coleta de dados pode ser realizada no domic\u00edlio. Desde fevereiro de 2025, os munic\u00edpios t\u00eam acesso \u00e0s listagens de fam\u00edlias e aos dados por meio do <strong>Sistema de Gest\u00e3o do Programa Bolsa Fam\u00edlia (SigPBF)<\/strong>. Novos treinamentos est\u00e3o sendo oferecidos aos profissionais respons\u00e1veis pelas atualiza\u00e7\u00f5es, garantindo a precis\u00e3o e a integridade dos dados coletados.<\/p>\n\n\n\n<p>Com a implementa\u00e7\u00e3o do <strong>Novo Sistema de Cadastro \u00danico<\/strong>, as informa\u00e7\u00f5es das fam\u00edlias na <strong>A\u00e7\u00e3o de Qualifica\u00e7\u00e3o Cadastral 2025<\/strong> est\u00e3o dispon\u00edveis exclusivamente no Portal de Gest\u00e3o do Cadastro \u00danico, acess\u00edvel para estados, munic\u00edpios e <strong>Distrito Federal<\/strong>. Esta centraliza\u00e7\u00e3o visa melhorar a efici\u00eancia no acesso e compartilhamento das informa\u00e7\u00f5es entre diferentes esferas do governo.<\/p>\n\n\n\n<h2 class=\"wp-block-heading\">Import\u00e2ncia do Cadastro \u00danico atualizado<\/h2>\n\n\n\n<p>Manter o Cadastro \u00danico atualizado \u00e9 crucial para que as fam\u00edlias continuem a receber benef\u00edcios como o Bolsa Fam\u00edlia e o <strong>Benef\u00edcio de Presta\u00e7\u00e3o Continuada (BPC)<\/strong>. O Cadastro \u00danico \u00e9 o principal instrumento do Estado brasileiro para a sele\u00e7\u00e3o e inclus\u00e3o de fam\u00edlias de baixa renda em programas federais, como o <strong>Programa Minha Casa Minha Vida e o Aux\u00edlio G\u00e1s<\/strong>.<\/p>\n\n\n\n<p>O sistema registra informa\u00e7\u00f5es detalhadas sobre as fam\u00edlias, como endere\u00e7o, composi\u00e7\u00e3o familiar, escolaridade, situa\u00e7\u00e3o de trabalho e renda, entre outros. Isso permite que o governo conhe\u00e7a melhor a realidade da popula\u00e7\u00e3o e direcione os recursos de forma mais eficaz. A atualiza\u00e7\u00e3o constante dos dados contribui para um planejamento mais preciso e para o desenvolvimento de pol\u00edticas p\u00fablicas mais alinhadas com a realidade social do pa\u00eds.<\/p>\n\n\n\n<h2 class=\"wp-block-heading\">O futuro do Cadastro \u00danico e dos programas sociais<\/h2>\n\n\n\n<p>As a\u00e7\u00f5es de qualifica\u00e7\u00e3o cadastral s\u00e3o cont\u00ednuas e visam garantir que o Cadastro \u00danico reflita a realidade das fam\u00edlias em situa\u00e7\u00e3o de vulnerabilidade em todo o pa\u00eds. Com isso, o <strong>Governo Federal <\/strong>pode assegurar que os mais de 40 programas sociais que utilizam o Cadastro \u00danico cheguem a quem mais precisa.<\/p>\n\n\n\n<p>O sucesso dessas a\u00e7\u00f5es depende da colabora\u00e7\u00e3o entre o governo federal, estados, munic\u00edpios e as pr\u00f3prias fam\u00edlias, que devem estar atentas \u00e0s notifica\u00e7\u00f5es e dispostas a atualizar seus dados quando necess\u00e1rio. A implementa\u00e7\u00e3o de novas tecnologias e estrat\u00e9gias de comunica\u00e7\u00e3o \u00e9 essencial para alcan\u00e7ar todo o territ\u00f3rio nacional e garantir que cada fam\u00edlia vulner\u00e1vel seja devidamente cadastrada e atendida.<\/p>\n","protected":false},"excerpt":{"rendered":"<p>Em 2025, o governo brasileiro est\u00e1 intensificando os esfor\u00e7os para garantir que o Cadastro \u00danico, uma ferramenta vital para a inclus\u00e3o de fam\u00edlias de baixa renda em programas sociais, esteja sempre atualizado. Este ano, cerca de 6,4 milh\u00f5es de fam\u00edlias, tanto benefici\u00e1rias quanto n\u00e3o benefici\u00e1rias de programas como o Bolsa Fam\u00edlia e a Tarifa Social [&hellip;]<\/p>\n","protected":false},"author":5,"featured_media":20605,"comment_status":"open","ping_status":"open","sticky":false,"template":"","format":"standard","meta":{"jnews-multi-image_gallery":[],"jnews_single_post":{"format":"standard"},"jnews_primary_category":[],"jnews_social_meta":[],"jnews_override_counter":[],"footnotes":""},"categories":[28,1],"tags":[5977,209,656,164],"class_list":["post-26189","post","type-post","status-publish","format-standard","has-post-thumbnail","hentry","category-economia","category-noticias","tag-atualizacao-de-dados","tag-bolsa-familia","tag-cadastro-unico","tag-programas-sociais"],"yoast_head":"<!-- This site is optimized with the Yoast SEO plugin v23.8 - https:\/\/yoast.com\/wordpress\/plugins\/seo\/ -->\n<title>Governo Federal lan\u00e7a comunicado para todas familias brasileiras! - Estado de Minas - Em foco<\/title>\n<meta name=\"description\" content=\"Governo convoca milh\u00f5es de fam\u00edlias para atualiza\u00e7\u00e3o do Cadastro \u00danico. Evite o bloqueio de benef\u00edcios e confira o prazo final!\" \/>\n<meta name=\"robots\" content=\"index, follow, max-snippet:-1, max-image-preview:large, max-video-preview:-1\" \/>\n<link rel=\"canonical\" href=\"https:\/\/www.em.com.br\/emfoco\/2025\/03\/10\/governo-federal-lanca-comunicado-para-todas-familias-brasileiras\/\" \/>\n<meta property=\"og:locale\" content=\"pt_BR\" \/>\n<meta property=\"og:type\" content=\"article\" \/>\n<meta property=\"og:title\" content=\"Governo Federal lan\u00e7a comunicado para todas familias brasileiras! - Estado de Minas - Em foco\" \/>\n<meta property=\"og:description\" content=\"Governo convoca milh\u00f5es de fam\u00edlias para atualiza\u00e7\u00e3o do Cadastro \u00danico. Evite o bloqueio de benef\u00edcios e confira o prazo final!\" \/>\n<meta property=\"og:url\" content=\"https:\/\/www.em.com.br\/emfoco\/2025\/03\/10\/governo-federal-lanca-comunicado-para-todas-familias-brasileiras\/\" \/>\n<meta property=\"og:site_name\" content=\"Estado de Minas - Em foco\" \/>\n<meta property=\"article:published_time\" content=\"2025-03-10T11:20:11+00:00\" \/>\n<meta property=\"article:modified_time\" content=\"2025-03-10T11:20:12+00:00\" \/>\n<meta property=\"og:image\" content=\"https:\/\/www.em.com.br\/emfoco\/wp-content\/uploads\/2025\/02\/esse-105.jpg\" \/>\n\t<meta property=\"og:image:width\" content=\"1280\" \/>\n\t<meta property=\"og:image:height\" content=\"720\" \/>\n\t<meta property=\"og:image:type\" content=\"image\/jpeg\" \/>\n<meta name=\"author\" content=\"N\u00fabia Rangel\" \/>\n<meta name=\"twitter:card\" content=\"summary_large_image\" \/>\n<meta name=\"twitter:label1\" content=\"Escrito por\" \/>\n\t<meta name=\"twitter:data1\" content=\"N\u00fabia Rangel\" \/>\n\t<meta name=\"twitter:label2\" content=\"Est. tempo de leitura\" \/>\n\t<meta name=\"twitter:data2\" content=\"5 minutos\" \/>\n<!-- \/ Yoast SEO plugin. -->","yoast_head_json":{"title":"Governo Federal lan\u00e7a comunicado para todas familias brasileiras! - Estado de Minas - Em foco","description":"Governo convoca milh\u00f5es de fam\u00edlias para atualiza\u00e7\u00e3o do Cadastro \u00danico. Evite o bloqueio de benef\u00edcios e confira o prazo final!","robots":{"index":"index","follow":"follow","max-snippet":"max-snippet:-1","max-image-preview":"max-image-preview:large","max-video-preview":"max-video-preview:-1"},"canonical":"https:\/\/www.em.com.br\/emfoco\/2025\/03\/10\/governo-federal-lanca-comunicado-para-todas-familias-brasileiras\/","og_locale":"pt_BR","og_type":"article","og_title":"Governo Federal lan\u00e7a comunicado para todas familias brasileiras! - Estado de Minas - Em foco","og_description":"Governo convoca milh\u00f5es de fam\u00edlias para atualiza\u00e7\u00e3o do Cadastro \u00danico. Evite o bloqueio de benef\u00edcios e confira o prazo final!","og_url":"https:\/\/www.em.com.br\/emfoco\/2025\/03\/10\/governo-federal-lanca-comunicado-para-todas-familias-brasileiras\/","og_site_name":"Estado de Minas - Em foco","article_published_time":"2025-03-10T11:20:11+00:00","article_modified_time":"2025-03-10T11:20:12+00:00","og_image":[{"width":1280,"height":720,"url":"https:\/\/www.em.com.br\/emfoco\/wp-content\/uploads\/2025\/02\/esse-105.jpg","type":"image\/jpeg"}],"author":"N\u00fabia Rangel","twitter_card":"summary_large_image","twitter_misc":{"Escrito por":"N\u00fabia Rangel","Est. tempo de leitura":"5 minutos"},"schema":{"@context":"https:\/\/schema.org","@graph":[{"@type":"WebPage","@id":"https:\/\/www.em.com.br\/emfoco\/2025\/03\/10\/governo-federal-lanca-comunicado-para-todas-familias-brasileiras\/","url":"https:\/\/www.em.com.br\/emfoco\/2025\/03\/10\/governo-federal-lanca-comunicado-para-todas-familias-brasileiras\/","name":"Governo Federal lan\u00e7a comunicado para todas familias brasileiras! - Estado de Minas - Em foco","isPartOf":{"@id":"https:\/\/www.em.com.br\/emfoco\/#website"},"primaryImageOfPage":{"@id":"https:\/\/www.em.com.br\/emfoco\/2025\/03\/10\/governo-federal-lanca-comunicado-para-todas-familias-brasileiras\/#primaryimage"},"image":{"@id":"https:\/\/www.em.com.br\/emfoco\/2025\/03\/10\/governo-federal-lanca-comunicado-para-todas-familias-brasileiras\/#primaryimage"},"thumbnailUrl":"https:\/\/www.em.com.br\/emfoco\/wp-content\/uploads\/2025\/02\/esse-105.jpg","datePublished":"2025-03-10T11:20:11+00:00","dateModified":"2025-03-10T11:20:12+00:00","author":{"@id":"https:\/\/www.em.com.br\/emfoco\/#\/schema\/person\/524437ef54f8a5d32591b143307f2e20"},"description":"Governo convoca milh\u00f5es de fam\u00edlias para atualiza\u00e7\u00e3o do Cadastro \u00danico. Evite o bloqueio de benef\u00edcios e confira o prazo final!","breadcrumb":{"@id":"https:\/\/www.em.com.br\/emfoco\/2025\/03\/10\/governo-federal-lanca-comunicado-para-todas-familias-brasileiras\/#breadcrumb"},"inLanguage":"pt-BR","potentialAction":[{"@type":"ReadAction","target":["https:\/\/www.em.com.br\/emfoco\/2025\/03\/10\/governo-federal-lanca-comunicado-para-todas-familias-brasileiras\/"]}]},{"@type":"ImageObject","inLanguage":"pt-BR","@id":"https:\/\/www.em.com.br\/emfoco\/2025\/03\/10\/governo-federal-lanca-comunicado-para-todas-familias-brasileiras\/#primaryimage","url":"https:\/\/www.em.com.br\/emfoco\/wp-content\/uploads\/2025\/02\/esse-105.jpg","contentUrl":"https:\/\/www.em.com.br\/emfoco\/wp-content\/uploads\/2025\/02\/esse-105.jpg","width":1280,"height":720,"caption":"Presidente Lula - Cr\u00e9ditos: depositphotos.com \/ thenews2.com"},{"@type":"BreadcrumbList","@id":"https:\/\/www.em.com.br\/emfoco\/2025\/03\/10\/governo-federal-lanca-comunicado-para-todas-familias-brasileiras\/#breadcrumb","itemListElement":[{"@type":"ListItem","position":1,"name":"In\u00edcio","item":"https:\/\/www.em.com.br\/emfoco\/"},{"@type":"ListItem","position":2,"name":"Governo Federal lan\u00e7a comunicado para todas familias brasileiras!"}]},{"@type":"WebSite","@id":"https:\/\/www.em.com.br\/emfoco\/#website","url":"https:\/\/www.em.com.br\/emfoco\/","name":"Estado de Minas - Em foco","description":"Acompanhe as \u00faltimas not\u00edcias e fique bem informado sobre tudo o que acontece em Minas Gerais, Brasil e no mundo.","potentialAction":[{"@type":"SearchAction","target":{"@type":"EntryPoint","urlTemplate":"https:\/\/www.em.com.br\/emfoco\/?s={search_term_string}"},"query-input":{"@type":"PropertyValueSpecification","valueRequired":true,"valueName":"search_term_string"}}],"inLanguage":"pt-BR"},{"@type":"Person","@id":"https:\/\/www.em.com.br\/emfoco\/#\/schema\/person\/524437ef54f8a5d32591b143307f2e20","name":"N\u00fabia Rangel","image":{"@type":"ImageObject","inLanguage":"pt-BR","@id":"https:\/\/www.em.com.br\/emfoco\/#\/schema\/person\/image\/","url":"https:\/\/secure.gravatar.com\/avatar\/47cff2827a5ba23c37e8068c86817ea4?s=96&d=mm&r=g","contentUrl":"https:\/\/secure.gravatar.com\/avatar\/47cff2827a5ba23c37e8068c86817ea4?s=96&d=mm&r=g","caption":"N\u00fabia Rangel"},"sameAs":["https:\/\/www.em.com.br\/emfoco\/"],"url":"https:\/\/www.em.com.br\/emfoco\/author\/nubiamyth\/"}]}},"_links":{"self":[{"href":"https:\/\/www.em.com.br\/emfoco\/wp-json\/wp\/v2\/posts\/26189","targetHints":{"allow":["GET"]}}],"collection":[{"href":"https:\/\/www.em.com.br\/emfoco\/wp-json\/wp\/v2\/posts"}],"about":[{"href":"https:\/\/www.em.com.br\/emfoco\/wp-json\/wp\/v2\/types\/post"}],"author":[{"embeddable":true,"href":"https:\/\/www.em.com.br\/emfoco\/wp-json\/wp\/v2\/users\/5"}],"replies":[{"embeddable":true,"href":"https:\/\/www.em.com.br\/emfoco\/wp-json\/wp\/v2\/comments?post=26189"}],"version-history":[{"count":2,"href":"https:\/\/www.em.com.br\/emfoco\/wp-json\/wp\/v2\/posts\/26189\/revisions"}],"predecessor-version":[{"id":26197,"href":"https:\/\/www.em.com.br\/emfoco\/wp-json\/wp\/v2\/posts\/26189\/revisions\/26197"}],"wp:featuredmedia":[{"embeddable":true,"href":"https:\/\/www.em.com.br\/emfoco\/wp-json\/wp\/v2\/media\/20605"}],"wp:attachment":[{"href":"https:\/\/www.em.com.br\/emfoco\/wp-json\/wp\/v2\/media?parent=26189"}],"wp:term":[{"taxonomy":"category","embeddable":true,"href":"https:\/\/www.em.com.br\/emfoco\/wp-json\/wp\/v2\/categories?post=26189"},{"taxonomy":"post_tag","embeddable":true,"href":"https:\/\/www.em.com.br\/emfoco\/wp-json\/wp\/v2\/tags?post=26189"}],"curies":[{"name":"wp","href":"https:\/\/api.w.org\/{rel}","templated":true}]}}