{"id":261889,"date":"2026-09-02T20:37:00","date_gmt":"2026-09-02T23:37:00","guid":{"rendered":"https:\/\/www.em.com.br\/emfoco\/?p=261889"},"modified":"2026-09-01T21:53:21","modified_gmt":"2026-09-02T00:53:21","slug":"o-aquario-natural-a-ceu-aberto-vilarejo-alagoano-com-piscinas-de-aguas-tao-cristalinas-que-lembram-o-caribe","status":"publish","type":"post","link":"https:\/\/www.em.com.br\/emfoco\/2026\/09\/02\/o-aquario-natural-a-ceu-aberto-vilarejo-alagoano-com-piscinas-de-aguas-tao-cristalinas-que-lembram-o-caribe\/","title":{"rendered":"O aqu\u00e1rio natural a c\u00e9u aberto: vilarejo alagoano com piscinas de \u00e1guas t\u00e3o cristalinas que lembram o Caribe"},"content":{"rendered":"\n<p class=\"wp-block-paragraph\">No litoral norte de <strong>Alagoas<\/strong>, a cerca de 100 km de <strong>Macei\u00f3<\/strong>, existe uma faixa de costa onde o mar parece recuar pela manh\u00e3 e retornar algumas horas depois. Em <strong>S\u00e3o Miguel dos Milagres<\/strong>, a mar\u00e9 baixa deixa \u00e0 mostra recifes de coral, piscinas naturais de \u00e1guas mornas e uma paisagem que transformou o destino em s\u00edmbolo da <strong>Rota Ecol\u00f3gica<\/strong>. Com mar tranquilo, areia clara e rotina de vila, Milagres se tornou um dos lugares mais desejados do Brasil para quem procura praias bonitas longe da estrutura dos grandes resorts.<\/p>\n\n\n\n<h2 class=\"wp-block-heading\">O que torna S\u00e3o Miguel dos Milagres diferente de outras praias do Nordeste?<\/h2>\n\n\n\n<p class=\"wp-block-paragraph\">S\u00e3o Miguel dos Milagres se diferencia por estar dentro de uma das \u00e1reas marinhas mais importantes do Brasil, onde os recifes de coral transformam completamente a experi\u00eancia \u00e0 beira-mar. O munic\u00edpio integra a <strong>\u00c1rea de Prote\u00e7\u00e3o Ambiental Costa dos Corais (APA Costa dos Corais)<\/strong>, criada em <strong>23 de outubro de 1997<\/strong> por decreto federal e administrada pelo <a href=\"https:\/\/www4.icmbio.gov.br\/apacostadoscorais\/\" target=\"_blank\" rel=\"noreferrer noopener\"><strong>Instituto Chico Mendes de Conserva\u00e7\u00e3o da Biodiversidade (ICMBio)<\/strong><\/a>.<\/p>\n\n\n\n<p class=\"wp-block-paragraph\">Com mais de 413 mil hectares e aproximadamente 120 km de litoral entre <strong>Tamandar\u00e9 (PE)<\/strong> e <strong>Macei\u00f3 (AL)<\/strong>, essa \u00e9 a maior unidade de conserva\u00e7\u00e3o federal marinha costeira do Brasil e abriga a segunda maior barreira de corais em extens\u00e3o do mundo, atr\u00e1s somente da Grande Barreira de Corais da Austr\u00e1lia.<\/p>\n\n\n\n<p class=\"wp-block-paragraph\">\u00c9 justamente essa barreira que ajuda a explicar o cen\u00e1rio local: os recifes funcionam como um quebra-mar natural e deixam as \u00e1guas mais calmas, mornas e transparentes. Na mar\u00e9 baixa, parte das forma\u00e7\u00f5es emerge e cria piscinas rasas onde \u00e9 poss\u00edvel observar peixes coloridos, ouri\u00e7os, estrelas do mar e caranguejos a olho nu. O acesso at\u00e9 essas piscinas \u00e9 feito exclusivamente por jangadas sem motor, conforme determina a legisla\u00e7\u00e3o, ajudando a preservar o sil\u00eancio e os pr\u00f3prios corais.<\/p>\n\n\n<div class=\"wp-block-image\">\n<figure class=\"aligncenter size-large\"><img decoding=\"async\" width=\"1024\" height=\"576\" src=\"https:\/\/www.em.com.br\/emfoco\/wp-content\/uploads\/2026\/04\/Sao-Miguel-dos-Milagres_1775031925418-1024x576.jpg\" alt=\"\" class=\"wp-image-188701\" srcset=\"https:\/\/www.em.com.br\/emfoco\/wp-content\/uploads\/2026\/04\/Sao-Miguel-dos-Milagres_1775031925418-1024x576.jpg 1024w, https:\/\/www.em.com.br\/emfoco\/wp-content\/uploads\/2026\/04\/Sao-Miguel-dos-Milagres_1775031925418-300x169.jpg 300w, https:\/\/www.em.com.br\/emfoco\/wp-content\/uploads\/2026\/04\/Sao-Miguel-dos-Milagres_1775031925418-768x432.jpg 768w, https:\/\/www.em.com.br\/emfoco\/wp-content\/uploads\/2026\/04\/Sao-Miguel-dos-Milagres_1775031925418-750x422.jpg 750w, https:\/\/www.em.com.br\/emfoco\/wp-content\/uploads\/2026\/04\/Sao-Miguel-dos-Milagres_1775031925418-1140x641.jpg 1140w, https:\/\/www.em.com.br\/emfoco\/wp-content\/uploads\/2026\/04\/Sao-Miguel-dos-Milagres_1775031925418.jpg 1280w\" sizes=\"(max-width: 1024px) 100vw, 1024px\" \/><figcaption class=\"wp-element-caption\">S\u00e3o Miguel dos Milagres une o fen\u00f4meno da mar\u00e9 baixa que faz recifes de coral emergirem ao prest\u00edgio de formar dezenas de piscinas naturais \/\/ Cr\u00e9ditos: depositphotos.com \/ Cristian_Lourenco<\/figcaption><\/figure>\n<\/div>\n\n\n<h2 class=\"wp-block-heading\">Por que S\u00e3o Miguel dos Milagres ganhou o apelido de Caribe Brasileiro?<\/h2>\n\n\n\n<p class=\"wp-block-paragraph\">S\u00e3o Miguel dos Milagres ganhou o apelido de Caribe Brasileiro por reunir mar claro, \u00e1guas mornas, areia branca e piscinas naturais reveladas durante a mar\u00e9 baixa. A compara\u00e7\u00e3o acompanha o prest\u00edgio tur\u00edstico do estado: <strong>Alagoas<\/strong> foi eleito o <strong>Melhor Estado do Brasil para Viajar a Lazer (2024\/2025)<\/strong> pela revista <strong>Viagem e Turismo<\/strong>, em novembro de 2024, e Milagres est\u00e1 entre os destinos que ajudam a sustentar essa fama.<\/p>\n\n\n\n<p class=\"wp-block-paragraph\">As praias t\u00eam areia branca e fina, mar variando entre tons de azul e verde, \u00e1guas mornas durante todo o ano e temperatura m\u00e9dia entre 25\u00b0C e 30\u00b0C. Para quem imagina encontrar um Nordeste de ondas fortes e praias muito movimentadas, a tranquilidade de <strong>Milagres<\/strong> costuma surpreender. A <a href=\"https:\/\/site.saomigueldosmilagres.al.gov.br\/\" target=\"_blank\" rel=\"noreferrer noopener\"><strong>Prefeitura de S\u00e3o Miguel dos Milagres<\/strong><\/a> integra o Mapa do Turismo do Minist\u00e9rio do Turismo como parte da rota \u201cCaminhos das Aldeias e da Biodiversidade\u201d.<\/p>\n\n\n<div class=\"wp-block-image\">\n<figure class=\"aligncenter size-large\"><img decoding=\"async\" width=\"1024\" height=\"576\" src=\"https:\/\/www.em.com.br\/emfoco\/wp-content\/uploads\/2026\/04\/Sao-Miguel-dos-Milagres_1775031946231-1024x576.jpg\" alt=\"\" class=\"wp-image-188702\" srcset=\"https:\/\/www.em.com.br\/emfoco\/wp-content\/uploads\/2026\/04\/Sao-Miguel-dos-Milagres_1775031946231-1024x576.jpg 1024w, https:\/\/www.em.com.br\/emfoco\/wp-content\/uploads\/2026\/04\/Sao-Miguel-dos-Milagres_1775031946231-300x169.jpg 300w, https:\/\/www.em.com.br\/emfoco\/wp-content\/uploads\/2026\/04\/Sao-Miguel-dos-Milagres_1775031946231-768x432.jpg 768w, https:\/\/www.em.com.br\/emfoco\/wp-content\/uploads\/2026\/04\/Sao-Miguel-dos-Milagres_1775031946231-750x422.jpg 750w, https:\/\/www.em.com.br\/emfoco\/wp-content\/uploads\/2026\/04\/Sao-Miguel-dos-Milagres_1775031946231-1140x641.jpg 1140w, https:\/\/www.em.com.br\/emfoco\/wp-content\/uploads\/2026\/04\/Sao-Miguel-dos-Milagres_1775031946231.jpg 1280w\" sizes=\"(max-width: 1024px) 100vw, 1024px\" \/><figcaption class=\"wp-element-caption\">S\u00e3o Miguel dos Milagres oferece o cen\u00e1rio de um aqu\u00e1rio natural a c\u00e9u aberto com \u00e1guas mornas e transparentes a cerca de 100 km de Macei\u00f3 \/\/ Cr\u00e9ditos: depositphotos.com \/ Cristian_Lourenco<\/figcaption><\/figure>\n<\/div>\n\n\n<p class=\"wp-block-paragraph\"><strong><strong>Leia tamb\u00e9m: <a href=\"https:\/\/www.em.com.br\/emfoco\/2026\/06\/29\/municipio-de-nome-mais-curioso-do-brasil-virou-escolha-de-familias-que-querem-boa-educacao-e-qualidade-de-vida-longe-do-transito\/\" target=\"_blank\" rel=\"noreferrer noopener\">Munic\u00edpio de nome mais curioso do Brasil virou escolha de fam\u00edlias que querem boa educa\u00e7\u00e3o e qualidade de vida longe do tr\u00e2nsito<\/a><\/strong><\/strong><\/p>\n\n\n\n<h2 class=\"wp-block-heading\">O que conhecer na Rota Ecol\u00f3gica e nos arredores?<\/h2>\n\n\n\n<p class=\"wp-block-paragraph\">Na Rota Ecol\u00f3gica, o roteiro re\u00fane piscinas naturais, praias quase desertas, passeios de jangada, observa\u00e7\u00e3o de peixe-boi e mirantes. Milagres ocupa a parte central dessa faixa litor\u00e2nea, que passa por <strong>Passo de Camaragibe<\/strong>, <strong>S\u00e3o Miguel dos Milagres<\/strong> e <strong>Porto de Pedras<\/strong> ao longo de cerca de 25 km de costa preservada. Entre os principais passeios e atra\u00e7\u00f5es est\u00e3o:<\/p>\n\n\n\n<ul class=\"wp-block-list has-medium-font-size\">\n<li><strong>Piscinas naturais do Toque e de S\u00e3o Miguel<\/strong>: as mais cristalinas da regi\u00e3o, acessadas de jangada a remo ou vela a partir das respectivas praias. O passeio dura cerca de 2h e depende da t\u00e1bua de mar\u00e9s. Leve m\u00e1scara de snorkel.<\/li>\n\n\n\n<li><strong>Praia do Toque<\/strong>: a mais exclusiva de Milagres, com coqueirais, mar calmo e o badalado Milagres do Toque Beach Club para quem quer estrutura \u00e0 beira-mar. Tamb\u00e9m tem piscinas naturais na mar\u00e9 baixa.<\/li>\n\n\n\n<li><strong>Praia do Riacho<\/strong>: a mais tranquila, com coqueiros inclinados sobre a areia e quase nenhum quiosque. Ponto de partida para caminhadas na orla.<\/li>\n\n\n\n<li><strong>Praia do Marceneiro<\/strong> (Passo de Camaragibe): praia quase deserta com a pitoresca <strong>Capela dos Milagres<\/strong> na areia. Visual \u00fanico ao p\u00f4r do sol.<\/li>\n\n\n\n<li><strong>Santu\u00e1rio do Peixe-Boi<\/strong> (Porto de Pedras): passeio de jangada a remo pelo <strong>Rio Tatuamunha<\/strong> para observar o peixe-boi-marinho em seu habitat. Organizado pela <strong>Associa\u00e7\u00e3o Peixe-Boi<\/strong>, com guias credenciados pelo ICMBio. Vagas limitadas com agendamento obrigat\u00f3rio. Segundo o <a href=\"https:\/\/www.gov.br\/icmbio\/pt-br\/assuntos\/noticias\/ultimas-noticias\/peixe-boi-paty-enfrenta-desafios-de-volta-a-natureza\" target=\"_blank\" rel=\"noreferrer noopener\"><strong>ICMBio<\/strong><\/a>, a esp\u00e9cie est\u00e1 em perigo de extin\u00e7\u00e3o no Brasil.<\/li>\n\n\n\n<li><strong>Piscinas naturais do Patacho e da Laje<\/strong> (Porto de Pedras): consideradas as mais preservadas da regi\u00e3o. O passeio parte da praia do Patacho e passa por corais de fogo e grande variedade de vida marinha.<\/li>\n\n\n\n<li><strong>Passeio de buggy pelo T\u00fanel Verde<\/strong>: roteiro cl\u00e1ssico que conecta praias da Rota por um trecho de estrada coberto pelas copas das \u00e1rvores. Inclui as praias de Marceneiro, Milagres, Toque e Tatuamunha.<\/li>\n\n\n\n<li><strong>Mirante Alto do Cruzeiro<\/strong>: morro com vista panor\u00e2mica da praia central, pr\u00f3ximo \u00e0 pra\u00e7a Nossa Senhora do Povo no centro de Milagres.<\/li>\n<\/ul>\n\n\n\n<p class=\"wp-block-paragraph\">Quem deseja relaxar na <strong>Rota Ecol\u00f3gica dos Milagres<\/strong> pode acompanhar este v\u00eddeo selecionado do canal <strong>Rol\u00ea Fam\u00edlia<\/strong>, com mais de <strong>131 mil<\/strong> visualiza\u00e7\u00f5es. Nele, o casal apresenta um roteiro completo de 4 dias, com dicas de piscinas naturais e gastronomia em <strong>S\u00e3o Miguel dos Milagres<\/strong>:<\/p>\n\n\n\n<figure class=\"wp-block-embed is-type-video is-provider-youtube wp-block-embed-youtube wp-embed-aspect-16-9 wp-has-aspect-ratio\"><div class=\"wp-block-embed__wrapper\">\n<div class=\"jeg_video_container jeg_video_content\"><iframe loading=\"lazy\" title=\"AS PRAIAS MAIS LINDAS DE ALAGOAS? | Roteiro de 4 dias em S\u00e3o Miguel dos Milagres e regi\u00e3o\" width=\"500\" height=\"281\" src=\"https:\/\/www.youtube.com\/embed\/S7RXgDJa-eI?feature=oembed\" frameborder=\"0\" allow=\"accelerometer; autoplay; clipboard-write; encrypted-media; gyroscope; picture-in-picture; web-share\" referrerpolicy=\"strict-origin-when-cross-origin\" allowfullscreen><\/iframe><\/div>\n<\/div><\/figure>\n\n\n\n<h2 class=\"wp-block-heading\">Quando \u00e9 melhor visitar as piscinas naturais de Milagres?<\/h2>\n\n\n\n<p class=\"wp-block-paragraph\">O per\u00edodo entre outubro e mar\u00e7o costuma oferecer as melhores condi\u00e7\u00f5es para aproveitar as piscinas naturais de S\u00e3o Miguel dos Milagres, com mais dias de sol, mar mais bonito e menor volume de chuva. Mas escolher o m\u00eas n\u00e3o basta: a fase da lua e a t\u00e1bua de mar\u00e9s interferem diretamente na experi\u00eancia. As piscinas aparecem com mais clareza durante a mar\u00e9 baixa, especialmente nas semanas de lua cheia ou lua nova.<\/p>\n\n\n\n<style>\n    .clima-grid { \n        --cor-primaria: #1a2a57; --cor-secundaria: #1a2a57; --cor-txt-secundaria: #ffffff;\n        display: grid; grid-template-columns: repeat(auto-fit, minmax(190px, 1fr)); gap: 15px; justify-content: center; padding: 10px;\n    }\n\n    .clima-card { border: 5px solid var(--cor-primaria); border-top: 5px solid var(--cor-secundaria); border-radius: 12px; background-color: var(--cor-primaria); background-clip: padding-box; display: flex; flex-direction: column; overflow: hidden; cursor: pointer; box-shadow: 0 6px 12px rgba(0,0,0, 0.2); transition: transform 0.2s ease, box-shadow 0.2s ease; -webkit-tap-highlight-color: transparent; user-select: none; transform: translateZ(0); animation: wmFadeIn 0.6s cubic-bezier(0.2, 0.8, 0.2, 1) backwards; }\n    .clima-card:focus-visible { outline: 3px dashed var(--cor-secundaria); outline-offset: 4px; }\n    .clima-card:nth-child(1) { animation-delay: 0.1s; } .clima-card:nth-child(2) { animation-delay: 0.2s; } .clima-card:nth-child(3) { animation-delay: 0.3s; } .clima-card:nth-child(4) { animation-delay: 0.4s; }\n    @keyframes wmFadeIn { from { opacity: 0; transform: translateY(30px); } to { opacity: 1; transform: translateY(0); } }\n    .clima-card:hover { transform: translateY(-5px); box-shadow: 0 15px 30px rgba(0,0,0, 0.3); }\n    .clima-card:active { transform: translateY(-1px) scale(0.97); box-shadow: 0 3px 6px rgba(0,0,0, 0.2); transition: transform 0.05s ease, box-shadow 0.05s ease; }\n    .clima-header { background: #fdfbf5; padding: 15px 10px; text-align: center; display: flex; flex-direction: column; align-items: center; justify-content: center; }\n    .clima-body { background: #ffffff; padding: 15px; display: flex; flex-direction: column; flex-grow: 1; align-items: center; }\n    .clima-destaque { box-shadow: 0 8px 16px rgba(0,0,0, 0.25); }\n    .clima-destaque:hover { box-shadow: 0 18px 36px rgba(0,0,0, 0.35); }\n    .clima-destaque .clima-header { background: var(--cor-secundaria); }\n    .clima-destaque .clima-header .clima-titulo { color: var(--cor-txt-secundaria) !important; } \n    .clima-pill { display: flex; white-space: normal; max-width: 100%; box-sizing: border-box; justify-content: center; align-items: center; text-align: center; background: #e8ebf2; color: var(--cor-primaria); font-size: 11px; font-weight: 900 !important; letter-spacing: 0.5px; padding: 8px 16px; border-radius: 16px; text-transform: uppercase; line-height: 1.4; box-shadow: 0 4px 8px rgba(0,0,0, 0.15); margin-top: auto; transition: transform 0.2s ease; }\n    .clima-destaque .clima-pill { background: var(--cor-primaria); color: #ffffff; border: 1px solid #ffffff; } \n    .clima-card:hover .clima-pill { transform: scale(1.06); }\n    .clima-pill span { font-weight: 900 !important; color: inherit; } \n    .clima-emoji { font-size: 24px; line-height: 1; margin-bottom: 5px; }\n    .clima-titulo { color: var(--cor-primaria); font-size: 16px; text-transform: uppercase; margin-top: 5px; font-weight: bold; }\n    .clima-mes { font-size: 11px; font-weight: 800; color: var(--cor-primaria); text-transform: uppercase; margin-bottom: 5px; display: block; }\n    .clima-temp { font-size: 26px; font-weight: 900; color: var(--cor-primaria); margin-bottom: 10px; }\n    .clima-desc { font-size: 13px; color: #444; text-align: center; line-height: 1.5; margin-bottom: 15px; flex-grow: 1;}\n    .clima-desc strong { color: #111; }\n    @media (prefers-color-scheme: dark) {\n        .clima-card { border-color: #2b4182; background-color: #2b4182; box-shadow: 0 6px 12px rgba(0,0,0, 0.5); }\n        .clima-header { background: #1a1a1a; } .clima-body { background: #121212; }\n        .clima-destaque .clima-header { background: var(--cor-secundaria); }\n        .clima-destaque .clima-header .clima-titulo { color: var(--cor-txt-secundaria) !important; }\n        .clima-titulo { color: #8da5e8; } .clima-mes { color: #8da5e8; } .clima-temp { color: #8da5e8; } .clima-desc { color: #cccccc; } .clima-desc strong { color: #ffffff; }\n        .clima-pill { background: #2b4182; color: #ffffff; box-shadow: 0 4px 8px rgba(0, 0, 0, 0.5); }\n        .clima-destaque .clima-pill { background: #3b55a0; color: #ffffff; border-color: #8da5e8; }\n    }\n<\/style>\n\n<div class=\"google-auto-ads-ignore clima-grid\" style=\"box-sizing: border-box; width: 100%; max-width: 980px; margin: 30px auto; font-family: 'Segoe UI', Roboto, Helvetica, Arial, sans-serif;\">\n    <div class=\"clima-card clima-destaque\" tabindex=\"0\">\n        <div class=\"clima-header\"><div class=\"clima-emoji\" aria-hidden=\"true\">\u2600\ufe0f<\/div><div class=\"clima-titulo\">Alta temporada (seca)<\/div><\/div>\n        <div class=\"clima-body\">\n            <time class=\"clima-mes\">Outubro a janeiro<\/time><div class=\"clima-temp\">27\u00b0C a 32\u00b0C<\/div>\n            <div class=\"clima-desc\">O sol quente e o tempo firme dominam o litoral alagoano. Melhor per\u00edodo para explorar as <strong>piscinas naturais, a praia e o Santu\u00e1rio do Peixe-Boi<\/strong>.<\/div>\n            <div class=\"clima-pill\"><span>\u2b50 Melhor \u00c9poca \/ Sol<\/span><\/div>\n        <\/div>\n    <\/div>\n    <div class=\"clima-card\" tabindex=\"0\">\n        <div class=\"clima-header\"><div class=\"clima-emoji\" aria-hidden=\"true\">\ud83c\udf34<\/div><div class=\"clima-titulo\">Ver\u00e3o tardio<\/div><\/div>\n        <div class=\"clima-body\">\n            <time class=\"clima-mes\">Fevereiro a mar\u00e7o<\/time><div class=\"clima-temp\">27\u00b0C a 32\u00b0C<\/div>\n            <div class=\"clima-desc\">O mar se mant\u00e9m bonito, mas a temporada de chuvas come\u00e7a a se aproximar. Ainda d\u00e1 para curtir as <strong>praias e piscinas com boas condi\u00e7\u00f5es de banho<\/strong>.<\/div>\n            <div class=\"clima-pill\"><span>\u2601\ufe0f Chuva Crescente<\/span><\/div>\n        <\/div>\n    <\/div>\n    <div class=\"clima-card\" tabindex=\"0\">\n        <div class=\"clima-header\"><div class=\"clima-emoji\" aria-hidden=\"true\">\ud83c\udf27\ufe0f<\/div><div class=\"clima-titulo\">Inverno nordestino<\/div><\/div>\n        <div class=\"clima-body\">\n            <time class=\"clima-mes\">Abril a agosto<\/time><div class=\"clima-temp\">24\u00b0C a 27\u00b0C<\/div>\n            <div class=\"clima-desc\">As \u00e1guas do mar podem ficar mais turvas e as chuvas s\u00e3o mais frequentes. Para quem quer mar cristalino, \u00e9 a fase mais indicada para <strong>evitar a regi\u00e3o por causa da chuva<\/strong>.<\/div>\n            <div class=\"clima-pill\"><span>\ud83d\udeab \u00c9poca a Evitar \/ Chuvas<\/span><\/div>\n        <\/div>\n    <\/div>\n    <div class=\"clima-card\" tabindex=\"0\">\n        <div class=\"clima-header\"><div class=\"clima-emoji\" aria-hidden=\"true\">\ud83c\udfd6\ufe0f<\/div><div class=\"clima-titulo\">Transi\u00e7\u00e3o (pr\u00e9-alta)<\/div><\/div>\n        <div class=\"clima-body\">\n            <time class=\"clima-mes\">Setembro a outubro<\/time><div class=\"clima-temp\">25\u00b0C a 30\u00b0C<\/div>\n            <div class=\"clima-desc\">As chuvas diminuem e as \u00e1guas come\u00e7am a limpar. Per\u00edodo estrat\u00e9gico para curtir as <strong>praias com menos gente e pre\u00e7os mais baixos<\/strong>.<\/div>\n            <div class=\"clima-pill\"><span>\ud83c\udfd6\ufe0f Pre\u00e7os Mais Baixos<\/span><\/div>\n        <\/div>\n    <\/div>\n<\/div>\n\n\n\n<p class=\"wp-block-paragraph\"><em>Temperaturas aproximadas com base no <a href=\"https:\/\/www.climatempo.com.br\/previsao-do-tempo\/15-dias\/cidade\/6831\/saomigueldosmilagres-al\" target=\"_blank\" rel=\"noreferrer noopener\"><strong>Climatempo<\/strong><\/a>. Os passeios \u00e0s piscinas naturais s\u00f3 ocorrem na mar\u00e9 baixa e s\u00e3o melhores nas semanas de lua cheia ou nova. Consulte a t\u00e1bua de mar\u00e9s antes de definir a data da viagem.<\/em><\/p>\n\n\n\n<h2 class=\"wp-block-heading\">Qual \u00e9 a melhor forma de chegar a S\u00e3o Miguel dos Milagres?<\/h2>\n\n\n\n<p class=\"wp-block-paragraph\">O caminho mais utilizado para chegar a S\u00e3o Miguel dos Milagres segue pela <strong>AL-101<\/strong>, partindo de <strong>Macei\u00f3<\/strong>, em um percurso de cerca de <strong>100 km<\/strong> e aproximadamente 2h de carro pelo litoral norte. O aeroporto mais pr\u00f3ximo \u00e9 o <strong>Aeroporto Internacional Zumbi dos Palmares<\/strong>, em Macei\u00f3, de onde o visitante pode seguir de carro alugado ou transfer diretamente para a Rota Ecol\u00f3gica.<\/p>\n\n\n\n<p class=\"wp-block-paragraph\">Para quem parte de <strong>Recife<\/strong>, o trajeto pela <strong>BR-101<\/strong> e AL-101 tem aproximadamente 200 km e costuma levar pouco mais de 2h30. J\u00e1 dentro da Rota Ecol\u00f3gica, os deslocamentos entre as praias podem ser feitos de carro, buggy, bicicleta ou caminhando pela areia. Como n\u00e3o existe transporte p\u00fablico regular entre os vilarejos e aplicativos de carona n\u00e3o operam na regi\u00e3o, carro alugado ou transfer contratado pela pousada costumam ser as alternativas mais pr\u00e1ticas.<\/p>\n\n\n\n<iframe src=\"https:\/\/www.google.com\/maps\/embed?pb=!1m18!1m12!1m3!1d32421.314519677344!2d-35.38142126407793!3d-9.26965337638425!2m3!1f0!2f0!3f0!3m2!1i1024!2i768!4f13.1!3m3!1m2!1s0x700fd3bd24492b9%3A0xdcd9540c15e67784!2sS%C3%A3o%20Miguel%20dos%20Milagres%2C%20AL%2C%2057940-000!5e1!3m2!1spt-BR!2sbr!4v1783111929621!5m2!1spt-BR!2sbr\" width=\"600\" height=\"450\" style=\"border:0;\" allowfullscreen=\"\" loading=\"lazy\" referrerpolicy=\"strict-origin-when-cross-origin\"><\/iframe>\n\n\n\n<h2 class=\"wp-block-heading\">Por que a lua ajuda S\u00e3o Miguel dos Milagres a revelar seu melhor cen\u00e1rio?<\/h2>\n\n\n\n<p class=\"wp-block-paragraph\">S\u00e3o Miguel dos Milagres depende do ritmo da lua porque suas piscinas naturais aparecem plenamente apenas durante a mar\u00e9 baixa, principalmente nos per\u00edodos de lua cheia e lua nova. \u00c9 nesse intervalo que o mar recua, os recifes ficam mais vis\u00edveis e o visitante consegue enxergar o aqu\u00e1rio natural que ajudou a transformar a regi\u00e3o em um dos destinos mais desejados do Nordeste.<\/p>\n\n\n\n<p class=\"wp-block-paragraph\">Parte do encanto de Milagres est\u00e1 justamente no fato de que a paisagem n\u00e3o se apresenta da mesma forma a qualquer hora. O peixe-boi aparece quando quer, as piscinas acompanham o ritmo das mar\u00e9s, algumas praias esvaziam nos momentos certos e o sil\u00eancio ainda permanece entre um trecho e outro da costa. Quem acompanha esse tempo da natureza encontra uma face rara do Atl\u00e2ntico brasileiro, dif\u00edcil de repetir em uma viagem de praia comum.<\/p>\n","protected":false},"excerpt":{"rendered":"<p>No litoral norte de Alagoas, a cerca de 100 km de Macei\u00f3, existe uma faixa de costa onde o mar parece recuar pela manh\u00e3 e retornar algumas horas depois. Em S\u00e3o Miguel dos Milagres, a mar\u00e9 baixa deixa \u00e0 mostra recifes de coral, piscinas naturais de \u00e1guas mornas e uma paisagem que transformou o destino [&hellip;]<\/p>\n","protected":false},"author":30,"featured_media":261896,"comment_status":"open","ping_status":"open","sticky":false,"template":"","format":"standard","meta":{"jnews-multi-image_gallery":[],"jnews_single_post":{"format":"standard"},"jnews_primary_category":[],"jnews_social_meta":[],"jnews_override_counter":[],"footnotes":""},"categories":[26],"tags":[680,11179,16687],"class_list":["post-261889","post","type-post","status-publish","format-standard","has-post-thumbnail","hentry","category-cidades","tag-alagoas","tag-cidade-2","tag-sao-miguel-dos-milagres"],"yoast_head":"<!-- This site is optimized with the Yoast SEO plugin v28.3 - https:\/\/yoast.com\/product\/yoast-seo-wordpress\/ -->\n<title>O aqu\u00e1rio natural a c\u00e9u aberto: vilarejo alagoano com piscinas de \u00e1guas t\u00e3o cristalinas que lembram o Caribe - Estado de Minas - Em foco<\/title>\n<meta name=\"description\" content=\"\u00c1guas cristalinas e piscinas naturais transformam este vilarejo alagoano em um cen\u00e1rio que muita gente compara ao Caribe. Veja o motivo.\" \/>\n<meta name=\"robots\" content=\"index, follow, max-snippet:-1, max-image-preview:large, max-video-preview:-1\" \/>\n<link rel=\"canonical\" href=\"https:\/\/www.em.com.br\/emfoco\/2026\/09\/02\/o-aquario-natural-a-ceu-aberto-vilarejo-alagoano-com-piscinas-de-aguas-tao-cristalinas-que-lembram-o-caribe\/\" \/>\n<meta property=\"og:locale\" content=\"pt_BR\" \/>\n<meta property=\"og:type\" content=\"article\" \/>\n<meta property=\"og:title\" content=\"O aqu\u00e1rio natural a c\u00e9u aberto: vilarejo alagoano com piscinas de \u00e1guas t\u00e3o cristalinas que lembram o Caribe - Estado de Minas - Em foco\" \/>\n<meta property=\"og:description\" content=\"\u00c1guas cristalinas e piscinas naturais transformam este vilarejo alagoano em um cen\u00e1rio que muita gente compara ao Caribe. Veja o motivo.\" \/>\n<meta property=\"og:url\" content=\"https:\/\/www.em.com.br\/emfoco\/2026\/09\/02\/o-aquario-natural-a-ceu-aberto-vilarejo-alagoano-com-piscinas-de-aguas-tao-cristalinas-que-lembram-o-caribe\/\" \/>\n<meta property=\"og:site_name\" content=\"Estado de Minas - Em foco\" \/>\n<meta property=\"article:published_time\" content=\"2026-09-02T23:37:00+00:00\" \/>\n<meta property=\"og:image\" content=\"https:\/\/www.em.com.br\/emfoco\/wp-content\/uploads\/2026\/09\/image-2.png\" \/>\n\t<meta property=\"og:image:width\" content=\"1280\" \/>\n\t<meta property=\"og:image:height\" content=\"720\" \/>\n\t<meta property=\"og:image:type\" content=\"image\/png\" \/>\n<meta name=\"author\" content=\"Guilherme Ara\u00fajo\" \/>\n<meta name=\"twitter:card\" content=\"summary_large_image\" \/>\n<meta name=\"twitter:label1\" content=\"Escrito por\" \/>\n\t<meta name=\"twitter:data1\" content=\"Guilherme Ara\u00fajo\" \/>\n\t<meta name=\"twitter:label2\" content=\"Est. tempo de leitura\" \/>\n\t<meta name=\"twitter:data2\" content=\"9 minutos\" \/>\n<!-- \/ Yoast SEO plugin. -->","yoast_head_json":{"title":"O aqu\u00e1rio natural a c\u00e9u aberto: vilarejo alagoano com piscinas de \u00e1guas t\u00e3o cristalinas que lembram o Caribe - Estado de Minas - Em foco","description":"\u00c1guas cristalinas e piscinas naturais transformam este vilarejo alagoano em um cen\u00e1rio que muita gente compara ao Caribe. Veja o motivo.","robots":{"index":"index","follow":"follow","max-snippet":"max-snippet:-1","max-image-preview":"max-image-preview:large","max-video-preview":"max-video-preview:-1"},"canonical":"https:\/\/www.em.com.br\/emfoco\/2026\/09\/02\/o-aquario-natural-a-ceu-aberto-vilarejo-alagoano-com-piscinas-de-aguas-tao-cristalinas-que-lembram-o-caribe\/","og_locale":"pt_BR","og_type":"article","og_title":"O aqu\u00e1rio natural a c\u00e9u aberto: vilarejo alagoano com piscinas de \u00e1guas t\u00e3o cristalinas que lembram o Caribe - Estado de Minas - Em foco","og_description":"\u00c1guas cristalinas e piscinas naturais transformam este vilarejo alagoano em um cen\u00e1rio que muita gente compara ao Caribe. Veja o motivo.","og_url":"https:\/\/www.em.com.br\/emfoco\/2026\/09\/02\/o-aquario-natural-a-ceu-aberto-vilarejo-alagoano-com-piscinas-de-aguas-tao-cristalinas-que-lembram-o-caribe\/","og_site_name":"Estado de Minas - Em foco","article_published_time":"2026-09-02T23:37:00+00:00","og_image":[{"width":1280,"height":720,"url":"https:\/\/www.em.com.br\/emfoco\/wp-content\/uploads\/2026\/09\/image-2.png","type":"image\/png"}],"author":"Guilherme Ara\u00fajo","twitter_card":"summary_large_image","twitter_misc":{"Escrito por":"Guilherme Ara\u00fajo","Est. tempo de leitura":"9 minutos"},"schema":{"@context":"https:\/\/schema.org","@graph":[{"@type":"Article","@id":"https:\/\/www.em.com.br\/emfoco\/2026\/09\/02\/o-aquario-natural-a-ceu-aberto-vilarejo-alagoano-com-piscinas-de-aguas-tao-cristalinas-que-lembram-o-caribe\/#article","isPartOf":{"@id":"https:\/\/www.em.com.br\/emfoco\/2026\/09\/02\/o-aquario-natural-a-ceu-aberto-vilarejo-alagoano-com-piscinas-de-aguas-tao-cristalinas-que-lembram-o-caribe\/"},"author":{"name":"Guilherme Ara\u00fajo","@id":"https:\/\/www.em.com.br\/emfoco\/#\/schema\/person\/5379e929a4b966c775d121e23f9bb421"},"headline":"O aqu\u00e1rio natural a c\u00e9u aberto: vilarejo alagoano com piscinas de \u00e1guas t\u00e3o cristalinas que lembram o Caribe","datePublished":"2026-09-02T23:37:00+00:00","mainEntityOfPage":{"@id":"https:\/\/www.em.com.br\/emfoco\/2026\/09\/02\/o-aquario-natural-a-ceu-aberto-vilarejo-alagoano-com-piscinas-de-aguas-tao-cristalinas-que-lembram-o-caribe\/"},"wordCount":1597,"commentCount":0,"image":{"@id":"https:\/\/www.em.com.br\/emfoco\/2026\/09\/02\/o-aquario-natural-a-ceu-aberto-vilarejo-alagoano-com-piscinas-de-aguas-tao-cristalinas-que-lembram-o-caribe\/#primaryimage"},"thumbnailUrl":"https:\/\/www.em.com.br\/emfoco\/wp-content\/uploads\/2026\/09\/image-2.png","keywords":["alagoas","Cidade","S\u00e3o Miguel dos Milagres"],"articleSection":["Cidades"],"inLanguage":"pt-BR","potentialAction":[{"@type":"CommentAction","name":"Comment","target":["https:\/\/www.em.com.br\/emfoco\/2026\/09\/02\/o-aquario-natural-a-ceu-aberto-vilarejo-alagoano-com-piscinas-de-aguas-tao-cristalinas-que-lembram-o-caribe\/#respond"]}]},{"@type":"WebPage","@id":"https:\/\/www.em.com.br\/emfoco\/2026\/09\/02\/o-aquario-natural-a-ceu-aberto-vilarejo-alagoano-com-piscinas-de-aguas-tao-cristalinas-que-lembram-o-caribe\/","url":"https:\/\/www.em.com.br\/emfoco\/2026\/09\/02\/o-aquario-natural-a-ceu-aberto-vilarejo-alagoano-com-piscinas-de-aguas-tao-cristalinas-que-lembram-o-caribe\/","name":"O aqu\u00e1rio natural a c\u00e9u aberto: vilarejo alagoano com piscinas de \u00e1guas t\u00e3o cristalinas que lembram o Caribe - Estado de Minas - Em foco","isPartOf":{"@id":"https:\/\/www.em.com.br\/emfoco\/#website"},"primaryImageOfPage":{"@id":"https:\/\/www.em.com.br\/emfoco\/2026\/09\/02\/o-aquario-natural-a-ceu-aberto-vilarejo-alagoano-com-piscinas-de-aguas-tao-cristalinas-que-lembram-o-caribe\/#primaryimage"},"image":{"@id":"https:\/\/www.em.com.br\/emfoco\/2026\/09\/02\/o-aquario-natural-a-ceu-aberto-vilarejo-alagoano-com-piscinas-de-aguas-tao-cristalinas-que-lembram-o-caribe\/#primaryimage"},"thumbnailUrl":"https:\/\/www.em.com.br\/emfoco\/wp-content\/uploads\/2026\/09\/image-2.png","datePublished":"2026-09-02T23:37:00+00:00","author":{"@id":"https:\/\/www.em.com.br\/emfoco\/#\/schema\/person\/5379e929a4b966c775d121e23f9bb421"},"description":"\u00c1guas cristalinas e piscinas naturais transformam este vilarejo alagoano em um cen\u00e1rio que muita gente compara ao Caribe. Veja o motivo.","breadcrumb":{"@id":"https:\/\/www.em.com.br\/emfoco\/2026\/09\/02\/o-aquario-natural-a-ceu-aberto-vilarejo-alagoano-com-piscinas-de-aguas-tao-cristalinas-que-lembram-o-caribe\/#breadcrumb"},"inLanguage":"pt-BR","potentialAction":[{"@type":"ReadAction","target":["https:\/\/www.em.com.br\/emfoco\/2026\/09\/02\/o-aquario-natural-a-ceu-aberto-vilarejo-alagoano-com-piscinas-de-aguas-tao-cristalinas-que-lembram-o-caribe\/"]}]},{"@type":"ImageObject","inLanguage":"pt-BR","@id":"https:\/\/www.em.com.br\/emfoco\/2026\/09\/02\/o-aquario-natural-a-ceu-aberto-vilarejo-alagoano-com-piscinas-de-aguas-tao-cristalinas-que-lembram-o-caribe\/#primaryimage","url":"https:\/\/www.em.com.br\/emfoco\/wp-content\/uploads\/2026\/09\/image-2.png","contentUrl":"https:\/\/www.em.com.br\/emfoco\/wp-content\/uploads\/2026\/09\/image-2.png","width":1280,"height":720,"caption":"A transpar\u00eancia da \u00e1gua transforma o banho de mar em uma experi\u00eancia que lembra um grande aqu\u00e1rio natural (imagem ilustrativa)"},{"@type":"BreadcrumbList","@id":"https:\/\/www.em.com.br\/emfoco\/2026\/09\/02\/o-aquario-natural-a-ceu-aberto-vilarejo-alagoano-com-piscinas-de-aguas-tao-cristalinas-que-lembram-o-caribe\/#breadcrumb","itemListElement":[{"@type":"ListItem","position":1,"name":"In\u00edcio","item":"https:\/\/www.em.com.br\/emfoco\/"},{"@type":"ListItem","position":2,"name":"O aqu\u00e1rio natural a c\u00e9u aberto: vilarejo alagoano com piscinas de \u00e1guas t\u00e3o cristalinas que lembram o Caribe"}]},{"@type":"WebSite","@id":"https:\/\/www.em.com.br\/emfoco\/#website","url":"https:\/\/www.em.com.br\/emfoco\/","name":"Estado de Minas - Em foco","description":"Acompanhe as \u00faltimas not\u00edcias e fique bem informado sobre tudo o que acontece em Minas Gerais, Brasil e no mundo.","potentialAction":[{"@type":"SearchAction","target":{"@type":"EntryPoint","urlTemplate":"https:\/\/www.em.com.br\/emfoco\/?s={search_term_string}"},"query-input":{"@type":"PropertyValueSpecification","valueRequired":true,"valueName":"search_term_string"}}],"inLanguage":"pt-BR"},{"@type":"Person","@id":"https:\/\/www.em.com.br\/emfoco\/#\/schema\/person\/5379e929a4b966c775d121e23f9bb421","name":"Guilherme Ara\u00fajo","image":{"@type":"ImageObject","inLanguage":"pt-BR","@id":"https:\/\/secure.gravatar.com\/avatar\/063bc96e5a2afd1844386c45bd1360efc771eff011a9fab8cd399e2a104c3ecd?s=96&d=mm&r=g","url":"https:\/\/secure.gravatar.com\/avatar\/063bc96e5a2afd1844386c45bd1360efc771eff011a9fab8cd399e2a104c3ecd?s=96&d=mm&r=g","contentUrl":"https:\/\/secure.gravatar.com\/avatar\/063bc96e5a2afd1844386c45bd1360efc771eff011a9fab8cd399e2a104c3ecd?s=96&d=mm&r=g","caption":"Guilherme Ara\u00fajo"},"sameAs":["https:\/\/www.em.com.br\/emfoco"],"url":"https:\/\/www.em.com.br\/emfoco\/author\/guilhermeamyth\/"}]}},"_links":{"self":[{"href":"https:\/\/www.em.com.br\/emfoco\/wp-json\/wp\/v2\/posts\/261889","targetHints":{"allow":["GET"]}}],"collection":[{"href":"https:\/\/www.em.com.br\/emfoco\/wp-json\/wp\/v2\/posts"}],"about":[{"href":"https:\/\/www.em.com.br\/emfoco\/wp-json\/wp\/v2\/types\/post"}],"author":[{"embeddable":true,"href":"https:\/\/www.em.com.br\/emfoco\/wp-json\/wp\/v2\/users\/30"}],"replies":[{"embeddable":true,"href":"https:\/\/www.em.com.br\/emfoco\/wp-json\/wp\/v2\/comments?post=261889"}],"version-history":[{"count":4,"href":"https:\/\/www.em.com.br\/emfoco\/wp-json\/wp\/v2\/posts\/261889\/revisions"}],"predecessor-version":[{"id":261905,"href":"https:\/\/www.em.com.br\/emfoco\/wp-json\/wp\/v2\/posts\/261889\/revisions\/261905"}],"wp:featuredmedia":[{"embeddable":true,"href":"https:\/\/www.em.com.br\/emfoco\/wp-json\/wp\/v2\/media\/261896"}],"wp:attachment":[{"href":"https:\/\/www.em.com.br\/emfoco\/wp-json\/wp\/v2\/media?parent=261889"}],"wp:term":[{"taxonomy":"category","embeddable":true,"href":"https:\/\/www.em.com.br\/emfoco\/wp-json\/wp\/v2\/categories?post=261889"},{"taxonomy":"post_tag","embeddable":true,"href":"https:\/\/www.em.com.br\/emfoco\/wp-json\/wp\/v2\/tags?post=261889"}],"curies":[{"name":"wp","href":"https:\/\/api.w.org\/{rel}","templated":true}]}}