{"id":261888,"date":"2026-09-02T16:37:00","date_gmt":"2026-09-02T19:37:00","guid":{"rendered":"https:\/\/www.em.com.br\/emfoco\/?p=261888"},"modified":"2026-09-01T21:53:36","modified_gmt":"2026-09-02T00:53:36","slug":"sem-asfalto-e-sem-carros-o-vilarejo-nordestino-acessivel-so-por-barco-que-recebe-uma-multidao-de-turistas-em-um-unico-reveillon","status":"publish","type":"post","link":"https:\/\/www.em.com.br\/emfoco\/2026\/09\/02\/sem-asfalto-e-sem-carros-o-vilarejo-nordestino-acessivel-so-por-barco-que-recebe-uma-multidao-de-turistas-em-um-unico-reveillon\/","title":{"rendered":"Sem asfalto e sem carros: o vilarejo nordestino acess\u00edvel s\u00f3 por barco que recebe uma multid\u00e3o de turistas em um \u00fanico r\u00e9veillon"},"content":{"rendered":"\n<p class=\"wp-block-paragraph\">Uma travessia de poucos minutos pelo bra\u00e7o de mar do <strong>Rio Aratu\u00e1<\/strong> separa o continente de um dos vilarejos mais preservados do litoral nordestino. Em <strong>Galinhos<\/strong>, no litoral norte do <strong>Rio Grande do Norte<\/strong>, as charretes ocupam o lugar dos carros, as ruas mant\u00eam um ritmo tranquilo e a paisagem re\u00fane dunas brancas, montanhas de sal, manguezal e mar aberto. Com cerca de 2.500 moradores, a vila mostra como a dificuldade de acesso pode ajudar a preservar um destino especial.<\/p>\n\n\n\n<h2 class=\"wp-block-heading\">Por que quase n\u00e3o h\u00e1 carros circulando pela vila de Galinhos?<\/h2>\n\n\n\n<p class=\"wp-block-paragraph\">Galinhos praticamente n\u00e3o tem carros circulando pela vila porque ocupa uma pen\u00ednsula estreita, separada do continente por um bra\u00e7o de mar. A cidade faz parte do <strong>Polo Tur\u00edstico Costa Branca<\/strong>, cercada pelo Oceano Atl\u00e2ntico de um lado e pelo <strong>Rio Aratu\u00e1<\/strong> do outro. Ve\u00edculos comuns n\u00e3o chegam ao centrinho: \u00e9 preciso deixar o carro no estacionamento gratuito do <strong>Porto de Pratagil<\/strong>, na <strong>RN-402<\/strong>, e atravessar a \u00e1gua em embarca\u00e7\u00f5es que fazem o percurso em cerca de dez minutos.<\/p>\n\n\n\n<p class=\"wp-block-paragraph\">J\u00e1 na pen\u00ednsula, os deslocamentos s\u00e3o feitos de charrete, bugue ou a p\u00e9. O nome da vila surgiu com pescadores atra\u00eddos pela grande quantidade de peixes-galo encontrada na regi\u00e3o. Como os exemplares eram menores que o normal, passaram a ser chamados de \u201cgalinhos\u201d, e o apelido acabou dando nome ao lugar.<\/p>\n\n\n\n<p class=\"wp-block-paragraph\">O munic\u00edpio se emancipou de S\u00e3o Bento do Norte em 1963. Desde ent\u00e3o, uma das mudan\u00e7as mais vis\u00edveis foi a chegada do cal\u00e7amento de paralelep\u00edpedo \u00e0s ruas mais movimentadas. O restante continua preservando a atmosfera de vila pequena, com casas simples, rotina lenta e liga\u00e7\u00e3o direta com o mar.<\/p>\n\n\n<div class=\"wp-block-image\">\n<figure class=\"aligncenter size-large\"><img decoding=\"async\" width=\"1024\" height=\"576\" src=\"https:\/\/www.em.com.br\/emfoco\/wp-content\/uploads\/2026\/04\/ngz-Barcos_de_pesca_em_Galinhos_RN_Brasil-39163-1024x576.jpg\" alt=\"Sem asfalto e sem carros: a pen\u00ednsula do RN acess\u00edvel s\u00f3 por barco que recebe 25 mil turistas em um \u00fanico r\u00e9veillon\" class=\"wp-image-188244\" srcset=\"https:\/\/www.em.com.br\/emfoco\/wp-content\/uploads\/2026\/04\/ngz-Barcos_de_pesca_em_Galinhos_RN_Brasil-39163-1024x576.jpg 1024w, https:\/\/www.em.com.br\/emfoco\/wp-content\/uploads\/2026\/04\/ngz-Barcos_de_pesca_em_Galinhos_RN_Brasil-39163-300x169.jpg 300w, https:\/\/www.em.com.br\/emfoco\/wp-content\/uploads\/2026\/04\/ngz-Barcos_de_pesca_em_Galinhos_RN_Brasil-39163-768x432.jpg 768w, https:\/\/www.em.com.br\/emfoco\/wp-content\/uploads\/2026\/04\/ngz-Barcos_de_pesca_em_Galinhos_RN_Brasil-39163-750x422.jpg 750w, https:\/\/www.em.com.br\/emfoco\/wp-content\/uploads\/2026\/04\/ngz-Barcos_de_pesca_em_Galinhos_RN_Brasil-39163-1140x641.jpg 1140w, https:\/\/www.em.com.br\/emfoco\/wp-content\/uploads\/2026\/04\/ngz-Barcos_de_pesca_em_Galinhos_RN_Brasil-39163.jpg 1280w\" sizes=\"(max-width: 1024px) 100vw, 1024px\" \/><figcaption class=\"wp-element-caption\">Galinhos destaca-se no litoral norte do Rio Grande do Norte como o vilarejo de 2.500 moradores preservado por uma travessia de dez minutos \/\/ Cr\u00e9ditos: Wikipedia \/ Wikimedia Commons<\/figcaption><\/figure>\n<\/div>\n\n\n<h2 class=\"wp-block-heading\">Como Galinhos passou a ganhar espa\u00e7o no turismo nacional?<\/h2>\n\n\n\n<p class=\"wp-block-paragraph\">Galinhos ganhou proje\u00e7\u00e3o no turismo nacional ao transformar isolamento, paisagem preservada e vida simples em uma experi\u00eancia cada vez mais procurada no litoral potiguar. Para um munic\u00edpio pequeno, os n\u00fameros impressionam: o <strong>R\u00e9veillon 2025\/2026<\/strong> recebeu cerca de 25 mil visitantes nos dias 31 de dezembro e 1\u00ba de janeiro, n\u00famero dez vezes maior que a popula\u00e7\u00e3o local, al\u00e9m de movimentar aproximadamente <strong>R$ 2,5 milh\u00f5es<\/strong> na economia em um \u00fanico fim de semana, segundo a <a href=\"https:\/\/www.galinhos.rn.gov.br\/\" target=\"_blank\" rel=\"noreferrer noopener\"><strong>Prefeitura de Galinhos<\/strong><\/a>.<\/p>\n\n\n\n<p class=\"wp-block-paragraph\">No cen\u00e1rio federal, Galinhos conseguiu em 2025 renovar a certifica\u00e7\u00e3o do <strong>Minist\u00e9rio do Turismo<\/strong> pelo <strong>Programa de Regionaliza\u00e7\u00e3o do Turismo (PRT)<\/strong>. Assim, o munic\u00edpio permaneceu no <strong>Mapa do Turismo Brasileiro<\/strong> at\u00e9 julho de 2026, conforme informou a <a href=\"https:\/\/www.galinhos.rn.gov.br\/galinhos-reafirma-presenca-no-mapa-do-turismo-do-brasil\/\" target=\"_blank\" rel=\"noreferrer noopener\"><strong>Prefeitura no site oficial<\/strong><\/a>.<\/p>\n\n\n\n<p class=\"wp-block-paragraph\">Essa certifica\u00e7\u00e3o permite que o munic\u00edpio tenha acesso a recursos federais destinados ao setor e refor\u00e7a a import\u00e2ncia de Galinhos como destino tur\u00edstico do litoral nordestino. A <a href=\"https:\/\/www.galinhos.rn.gov.br\/secretarias\/secretaria-municipal-de-turismo\/\" target=\"_blank\" rel=\"noreferrer noopener\"><strong>Secretaria Municipal de Turismo<\/strong><\/a> \u00e9 respons\u00e1vel por coordenar as a\u00e7\u00f5es de planejamento e incentivo \u00e0 atividade no munic\u00edpio.<\/p>\n\n\n<div class=\"wp-block-image\">\n<figure class=\"aligncenter size-large\"><img decoding=\"async\" width=\"1024\" height=\"576\" src=\"https:\/\/www.em.com.br\/emfoco\/wp-content\/uploads\/2026\/04\/ngz-Galinhos_-_RN_-_panoramio-47545-1024x576.jpg\" alt=\"Sem asfalto e sem carros: a pen\u00ednsula do RN acess\u00edvel s\u00f3 por barco que recebe 25 mil turistas em um \u00fanico r\u00e9veillon\" class=\"wp-image-188245\" srcset=\"https:\/\/www.em.com.br\/emfoco\/wp-content\/uploads\/2026\/04\/ngz-Galinhos_-_RN_-_panoramio-47545-1024x576.jpg 1024w, https:\/\/www.em.com.br\/emfoco\/wp-content\/uploads\/2026\/04\/ngz-Galinhos_-_RN_-_panoramio-47545-300x169.jpg 300w, https:\/\/www.em.com.br\/emfoco\/wp-content\/uploads\/2026\/04\/ngz-Galinhos_-_RN_-_panoramio-47545-768x432.jpg 768w, https:\/\/www.em.com.br\/emfoco\/wp-content\/uploads\/2026\/04\/ngz-Galinhos_-_RN_-_panoramio-47545-750x422.jpg 750w, https:\/\/www.em.com.br\/emfoco\/wp-content\/uploads\/2026\/04\/ngz-Galinhos_-_RN_-_panoramio-47545-1140x641.jpg 1140w, https:\/\/www.em.com.br\/emfoco\/wp-content\/uploads\/2026\/04\/ngz-Galinhos_-_RN_-_panoramio-47545.jpg 1280w\" sizes=\"(max-width: 1024px) 100vw, 1024px\" \/><figcaption class=\"wp-element-caption\">Galinhos une a paisagem de dunas brancas e montanhas de sal ao prest\u00edgio de um manguezal intacto separado do continente pelo Rio Aratu\u00e1 \/\/ Cr\u00e9ditos: Wikipedia \/ Wikimedia Commons<\/figcaption><\/figure>\n<\/div>\n\n\n<p class=\"wp-block-paragraph\"><strong>Leia tamb\u00e9m: <a href=\"https:\/\/www.em.com.br\/emfoco\/2026\/04\/10\/com-mais-de-1-milhao-de-arvores-essa-cidade-no-brasil-conquista-o-posto-de-mais-arborizada-do-planeta\/\" target=\"_blank\" rel=\"noreferrer noopener\">Com mais de 1 milh\u00e3o de \u00e1rvores, essa cidade no Brasil conquista o posto de mais arborizada do planeta<\/a><\/strong><\/p>\n\n\n\n<h2 class=\"wp-block-heading\">O que conhecer em Galinhos al\u00e9m da travessia de barco?<\/h2>\n\n\n\n<p class=\"wp-block-paragraph\">Em Galinhos, o roteiro n\u00e3o termina depois da travessia e combina dunas, salinas, manguezal, lagoas, farol, passeios de bugue e p\u00f4r do sol. A pen\u00ednsula oferece um roteiro compacto, mas com paisagens de grande impacto visual. Entre os principais passeios est\u00e3o:<\/p>\n\n\n\n<ul class=\"wp-block-list has-medium-font-size\">\n<li><strong>Passeio de barco pelo manguezal:<\/strong> roteiro pelo bra\u00e7o de mar com parada nas salinas, observa\u00e7\u00e3o de cavalos-marinhos e gar\u00e7as e almo\u00e7o de frutos do mar no vilarejo de Galos. \u00c9 um dos passeios mais completos da regi\u00e3o.<\/li>\n\n\n\n<li><strong>Dunas do Capim:<\/strong> grandes bancos de areia branca com lagoas de \u00e1gua doce e salgada formadas entre as dunas. Em algumas delas, a salinidade elevada facilita a flutua\u00e7\u00e3o do banhista. O acesso pode ser feito de barco ou bugue.<\/li>\n\n\n\n<li><strong>Dunas do Andr\u00e9:<\/strong> mirante natural com vis\u00e3o ampla da pen\u00ednsula e das torres e\u00f3licas ao fundo. \u00c9 um dos pontos mais procurados para acompanhar e fotografar o p\u00f4r do sol.<\/li>\n\n\n\n<li><strong>Farol de Galinhos:<\/strong> constru\u00eddo em 1931, \u00e9 o oitavo farol erguido no Rio Grande do Norte. Um erro de c\u00e1lculo durante a obra fez com que os engenheiros elevassem a lanterna sobre a varanda, criando uma silhueta incomum. Na mar\u00e9 alta, a base de concreto fica submersa. O acesso pode ser feito a p\u00e9 pela areia ou de charrete.<\/li>\n\n\n\n<li><strong>Salinas:<\/strong> grandes montanhas de sal vistas durante os passeios de barco, que parecem cobertas de neve sob o sol forte do litoral. A \u00e1gua das salinas tem densidade elevada e facilita a flutua\u00e7\u00e3o do corpo.<\/li>\n\n\n\n<li><strong>Passeio de bugue:<\/strong> percurso pelas dunas m\u00f3veis da Costa Branca, com paradas em lagoas de \u00e1gua morna e cristalina que aparecem entre os bancos de areia.<\/li>\n\n\n\n<li><strong>Vila de Galos:<\/strong> distrito vizinho com cerca de 500 moradores, acess\u00edvel de barco ou por uma caminhada de 8 km pela areia. Re\u00fane restaurantes p\u00e9 na areia, praia calma e uma rotina ainda mais silenciosa.<\/li>\n<\/ul>\n\n\n\n<p class=\"wp-block-paragraph\">Quem deseja conhecer um para\u00edso mais isolado no <strong>Nordeste<\/strong> pode acompanhar este v\u00eddeo selecionado do canal <strong>Rol\u00ea Fam\u00edlia<\/strong>, com mais de <strong>481 mil<\/strong> visualiza\u00e7\u00f5es. Nele, os apresentadores mostram as dunas, o parque e\u00f3lico e a rotina tranquila de <strong>Galinhos<\/strong>, no <strong>Rio Grande do Norte<\/strong>:<\/p>\n\n\n\n<figure class=\"wp-block-embed is-type-video is-provider-youtube wp-block-embed-youtube wp-embed-aspect-16-9 wp-has-aspect-ratio\"><div class=\"wp-block-embed__wrapper\">\n<div class=\"jeg_video_container jeg_video_content\"><iframe loading=\"lazy\" title=\"UM PARA\u00cdSO NO BRASIL AINDA POUCO CONHECIDO (Voc\u00ea precisa conhecer!) | Galinhos, RN\" width=\"500\" height=\"281\" src=\"https:\/\/www.youtube.com\/embed\/xzF1zgS90Z4?feature=oembed\" frameborder=\"0\" allow=\"accelerometer; autoplay; clipboard-write; encrypted-media; gyroscope; picture-in-picture; web-share\" referrerpolicy=\"strict-origin-when-cross-origin\" allowfullscreen><\/iframe><\/div>\n<\/div><\/figure>\n\n\n\n<h2 class=\"wp-block-heading\">Quando \u00e9 melhor visitar Galinhos?<\/h2>\n\n\n\n<p class=\"wp-block-paragraph\">O per\u00edodo entre setembro e janeiro costuma ser um dos melhores para visitar Galinhos, quando o tempo fica mais seco, o sol aparece com intensidade e as dunas entregam alguns dos cen\u00e1rios mais bonitos. As temperaturas permanecem altas durante praticamente todo o ano, entre 24\u00b0C e 32\u00b0C. O que muda principalmente \u00e9 a presen\u00e7a de vento e chuva, fatores que definem a experi\u00eancia em cada \u00e9poca. <\/p>\n\n\n\n<style>\n    .clima-grid { \n        --cor-primaria: #1a2a57; --cor-secundaria: #1a2a57; --cor-txt-secundaria: #ffffff;\n        display: grid; grid-template-columns: repeat(auto-fit, minmax(250px, 1fr)); gap: 15px; justify-content: center; padding: 10px;\n    }\n\n    .clima-card { border: 5px solid var(--cor-primaria); border-top: 5px solid var(--cor-secundaria); border-radius: 12px; background-color: var(--cor-primaria); background-clip: padding-box; display: flex; flex-direction: column; overflow: hidden; cursor: pointer; box-shadow: 0 6px 12px rgba(0,0,0, 0.2); transition: transform 0.2s ease, box-shadow 0.2s ease; -webkit-tap-highlight-color: transparent; user-select: none; transform: translateZ(0); animation: wmFadeIn 0.6s cubic-bezier(0.2, 0.8, 0.2, 1) backwards; }\n    .clima-card:focus-visible { outline: 3px dashed var(--cor-secundaria); outline-offset: 4px; }\n    .clima-card:nth-child(1) { animation-delay: 0.1s; } .clima-card:nth-child(2) { animation-delay: 0.2s; } .clima-card:nth-child(3) { animation-delay: 0.3s; }\n    @keyframes wmFadeIn { from { opacity: 0; transform: translateY(30px); } to { opacity: 1; transform: translateY(0); } }\n    .clima-card:hover { transform: translateY(-5px); box-shadow: 0 15px 30px rgba(0,0,0, 0.3); }\n    .clima-card:active { transform: translateY(-1px) scale(0.97); box-shadow: 0 3px 6px rgba(0,0,0, 0.2); transition: transform 0.05s ease, box-shadow 0.05s ease; }\n    .clima-header { background: #fdfbf5; padding: 15px 10px; text-align: center; display: flex; flex-direction: column; align-items: center; justify-content: center; }\n    .clima-body { background: #ffffff; padding: 15px; display: flex; flex-direction: column; flex-grow: 1; align-items: center; }\n    .clima-destaque { box-shadow: 0 8px 16px rgba(0,0,0, 0.25); }\n    .clima-destaque:hover { box-shadow: 0 18px 36px rgba(0,0,0, 0.35); }\n    .clima-destaque .clima-header { background: var(--cor-secundaria); }\n    .clima-destaque .clima-header .clima-titulo { color: var(--cor-txt-secundaria) !important; } \n    .clima-pill { display: flex; white-space: normal; max-width: 100%; box-sizing: border-box; justify-content: center; align-items: center; text-align: center; background: #e8ebf2; color: var(--cor-primaria); font-size: 11px; font-weight: 900 !important; letter-spacing: 0.5px; padding: 8px 16px; border-radius: 16px; text-transform: uppercase; line-height: 1.4; box-shadow: 0 4px 8px rgba(0,0,0, 0.15); margin-top: auto; transition: transform 0.2s ease; }\n    .clima-destaque .clima-pill { background: var(--cor-primaria); color: #ffffff; border: 1px solid #ffffff; } \n    .clima-card:hover .clima-pill { transform: scale(1.06); }\n    .clima-pill span { font-weight: 900 !important; color: inherit; } \n    .clima-emoji { font-size: 24px; line-height: 1; margin-bottom: 5px; }\n    .clima-titulo { color: var(--cor-primaria); font-size: 16px; text-transform: uppercase; margin-top: 5px; font-weight: bold; }\n    .clima-mes { font-size: 11px; font-weight: 800; color: var(--cor-primaria); text-transform: uppercase; margin-bottom: 5px; display: block; }\n    .clima-temp { font-size: 26px; font-weight: 900; color: var(--cor-primaria); margin-bottom: 10px; }\n    .clima-desc { font-size: 13px; color: #444; text-align: center; line-height: 1.5; margin-bottom: 15px; flex-grow: 1;}\n    .clima-desc strong { color: #111; }\n    @media (prefers-color-scheme: dark) {\n        .clima-card { border-color: #2b4182; background-color: #2b4182; box-shadow: 0 6px 12px rgba(0,0,0, 0.5); }\n        .clima-header { background: #1a1a1a; } .clima-body { background: #121212; }\n        .clima-destaque .clima-header { background: var(--cor-secundaria); }\n        .clima-destaque .clima-header .clima-titulo { color: var(--cor-txt-secundaria) !important; }\n        .clima-titulo { color: #8da5e8; } .clima-mes { color: #8da5e8; } .clima-temp { color: #8da5e8; } .clima-desc { color: #cccccc; } .clima-desc strong { color: #ffffff; }\n        .clima-pill { background: #2b4182; color: #ffffff; box-shadow: 0 4px 8px rgba(0, 0, 0, 0.5); }\n        .clima-destaque .clima-pill { background: #3b55a0; color: #ffffff; border-color: #8da5e8; }\n    }\n<\/style>\n\n<div class=\"google-auto-ads-ignore clima-grid\" style=\"box-sizing: border-box; width: 100%; max-width: 980px; margin: 30px auto; font-family: 'Segoe UI', Roboto, Helvetica, Arial, sans-serif;\">\n    <div class=\"clima-card clima-destaque\" tabindex=\"0\">\n        <div class=\"clima-header\"><div class=\"clima-emoji\" aria-hidden=\"true\">\ud83c\udfdc\ufe0f<\/div><div class=\"clima-titulo\">Seca quente<\/div><\/div>\n        <div class=\"clima-body\">\n            <time class=\"clima-mes\">Setembro a janeiro<\/time><div class=\"clima-temp\">26\u00b0C a 32\u00b0C<\/div>\n            <div class=\"clima-desc\">O calor constante \u00e9 o grande trunfo dessa pen\u00ednsula nordestina. Cen\u00e1rio perfeito para passear nas <strong>dunas, ver o p\u00f4r do sol no farol e tomar banho nas lagoas<\/strong>.<\/div>\n            <div class=\"clima-pill\"><span>\u2b50 Melhor \u00c9poca \/ Dunas<\/span><\/div>\n        <\/div>\n    <\/div>\n    <div class=\"clima-card\" tabindex=\"0\">\n        <div class=\"clima-header\"><div class=\"clima-emoji\" aria-hidden=\"true\">\u26f5<\/div><div class=\"clima-titulo\">Chuvas<\/div><\/div>\n        <div class=\"clima-body\">\n            <time class=\"clima-mes\">Fevereiro a maio<\/time><div class=\"clima-temp\">25\u00b0C a 31\u00b0C<\/div>\n            <div class=\"clima-desc\">A umidade do mar aumenta as chuvas na regi\u00e3o. Ainda assim, o visual das <strong>lagoas cheias entre as dunas e os passeios de barco<\/strong> ganha outra for\u00e7a.<\/div>\n            <div class=\"clima-pill\"><span>\ud83d\udca7 Chuva Alta<\/span><\/div>\n        <\/div>\n    <\/div>\n    <div class=\"clima-card clima-destaque\" tabindex=\"0\">\n        <div class=\"clima-header\"><div class=\"clima-emoji\" aria-hidden=\"true\">\ud83e\ude81<\/div><div class=\"clima-titulo\">Ventos<\/div><\/div>\n        <div class=\"clima-body\">\n            <time class=\"clima-mes\">Junho a agosto<\/time><div class=\"clima-temp\">25\u00b0C a 30\u00b0C<\/div>\n            <div class=\"clima-desc\">As chuvas diminuem e os ventos fortes tomam conta da paisagem. \u00c9 uma boa janela para praticar <strong>kitesurf e windsurf<\/strong>.<\/div>\n            <div class=\"clima-pill\"><span>\ud83c\udf2c\ufe0f Temporada de Ventos<\/span><\/div>\n        <\/div>\n    <\/div>\n<\/div>\n\n\n\n<p class=\"wp-block-paragraph\"><em>Temperaturas aproximadas com base em dados hist\u00f3ricos do <a href=\"https:\/\/www.climatempo.com.br\/previsao-do-tempo\/cidade\/6299\/galinhos-rn\" target=\"_blank\" rel=\"noreferrer noopener\">Climatempo<\/a>. Condi\u00e7\u00f5es podem variar.<\/em><\/p>\n\n\n\n<h2 class=\"wp-block-heading\">Qual \u00e9 o caminho para chegar a Galinhos saindo de Natal?<\/h2>\n\n\n\n<p class=\"wp-block-paragraph\">Para chegar a Galinhos partindo de Natal, o trajeto segue pela <strong>BR-406<\/strong> at\u00e9 o <strong>Porto de Pratagil<\/strong>, na <strong>RN-402<\/strong>. A vila est\u00e1 a cerca de 160 km da capital potiguar, em uma viagem de aproximadamente 2 horas de carro. No porto, existe estacionamento gratuito administrado pela prefeitura, e os barcos completam a travessia at\u00e9 a pen\u00ednsula em cerca de 10 a 15 minutos.<\/p>\n\n\n\n<p class=\"wp-block-paragraph\">Ag\u00eancias de turismo receptivo de Natal tamb\u00e9m oferecem passeios de bate-volta com transporte, barco e bugue inclu\u00eddos. J\u00e1 quem parte de <strong>Fortaleza<\/strong> percorre aproximadamente 460 km pela <strong>BR-304<\/strong>, seguindo por Itaj\u00e1 pela RN-118 at\u00e9 alcan\u00e7ar a BR-406.<\/p>\n\n\n\n<iframe src=\"https:\/\/www.google.com\/maps\/embed?pb=!1m18!1m12!1m3!1d53466.77139083515!2d-36.28043654492192!3d-5.1061373481948475!2m3!1f0!2f0!3f0!3m2!1i1024!2i768!4f13.1!3m3!1m2!1s0x7b6c9e8cc4bdfaf%3A0x614fc0d6d17ab833!2sGalinhos%2C%20RN%2C%2059596-000!5e1!3m2!1spt-BR!2sbr!4v1783116845431!5m2!1spt-BR!2sbr\" width=\"600\" height=\"450\" style=\"border:0;\" allowfullscreen=\"\" loading=\"lazy\" referrerpolicy=\"strict-origin-when-cross-origin\"><\/iframe>\n\n\n\n<h2 class=\"wp-block-heading\">O que faz a travessia at\u00e9 Galinhos valer a viagem?<\/h2>\n\n\n\n<p class=\"wp-block-paragraph\">A travessia at\u00e9 Galinhos vale a pena porque, do outro lado, aparece algo cada vez mais dif\u00edcil de encontrar no litoral brasileiro: uma vila pequena, praticamente sem tr\u00e2nsito comum, cercada por dunas, salinas, manguezal e mar aberto. Nesse caso, o isolamento n\u00e3o funciona como problema, mas como parte da pr\u00f3pria experi\u00eancia.<\/p>\n\n\n\n<p class=\"wp-block-paragraph\">Galinhos mostra que um destino n\u00e3o precisa ser f\u00e1cil de alcan\u00e7ar para ficar na mem\u00f3ria. Em muitos momentos, s\u00e3o justamente o barco, a espera, o sil\u00eancio e a falta de carros que deixam a experi\u00eancia diferente. Quem atravessa o Rio Aratu\u00e1 entende rapidamente por que um caminho menos simples pode guardar um dos cen\u00e1rios mais surpreendentes do litoral potiguar.<\/p>\n","protected":false},"excerpt":{"rendered":"<p>Uma travessia de poucos minutos pelo bra\u00e7o de mar do Rio Aratu\u00e1 separa o continente de um dos vilarejos mais preservados do litoral nordestino. Em Galinhos, no litoral norte do Rio Grande do Norte, as charretes ocupam o lugar dos carros, as ruas mant\u00eam um ritmo tranquilo e a paisagem re\u00fane dunas brancas, montanhas de [&hellip;]<\/p>\n","protected":false},"author":30,"featured_media":261895,"comment_status":"open","ping_status":"open","sticky":false,"template":"","format":"standard","meta":{"jnews-multi-image_gallery":[],"jnews_single_post":{"format":"standard"},"jnews_primary_category":[],"jnews_social_meta":[],"jnews_override_counter":[],"footnotes":""},"categories":[26],"tags":[680,183,1870],"class_list":["post-261888","post","type-post","status-publish","format-standard","has-post-thumbnail","hentry","category-cidades","tag-alagoas","tag-cidades","tag-rio-grande-do-norte"],"yoast_head":"<!-- This site is optimized with the Yoast SEO plugin v28.3 - https:\/\/yoast.com\/product\/yoast-seo-wordpress\/ -->\n<title>Sem asfalto e sem carros: o vilarejo nordestino acess\u00edvel s\u00f3 por barco que recebe uma multid\u00e3o de turistas em um \u00fanico r\u00e9veillon - Estado de Minas - Em foco<\/title>\n<meta name=\"description\" content=\"Sem carros nem asfalto, um vilarejo acess\u00edvel por barco muda no r\u00e9veillon. Veja por que tanta gente escolhe passar a virada do ano por ali.\" \/>\n<meta name=\"robots\" content=\"index, follow, max-snippet:-1, max-image-preview:large, max-video-preview:-1\" \/>\n<link rel=\"canonical\" href=\"https:\/\/www.em.com.br\/emfoco\/2026\/09\/02\/sem-asfalto-e-sem-carros-o-vilarejo-nordestino-acessivel-so-por-barco-que-recebe-uma-multidao-de-turistas-em-um-unico-reveillon\/\" \/>\n<meta property=\"og:locale\" content=\"pt_BR\" \/>\n<meta property=\"og:type\" content=\"article\" \/>\n<meta property=\"og:title\" content=\"Sem asfalto e sem carros: o vilarejo nordestino acess\u00edvel s\u00f3 por barco que recebe uma multid\u00e3o de turistas em um \u00fanico r\u00e9veillon - Estado de Minas - Em foco\" \/>\n<meta property=\"og:description\" content=\"Sem carros nem asfalto, um vilarejo acess\u00edvel por barco muda no r\u00e9veillon. Veja por que tanta gente escolhe passar a virada do ano por ali.\" \/>\n<meta property=\"og:url\" content=\"https:\/\/www.em.com.br\/emfoco\/2026\/09\/02\/sem-asfalto-e-sem-carros-o-vilarejo-nordestino-acessivel-so-por-barco-que-recebe-uma-multidao-de-turistas-em-um-unico-reveillon\/\" \/>\n<meta property=\"og:site_name\" content=\"Estado de Minas - Em foco\" \/>\n<meta property=\"article:published_time\" content=\"2026-09-02T19:37:00+00:00\" \/>\n<meta property=\"og:image\" content=\"https:\/\/www.em.com.br\/emfoco\/wp-content\/uploads\/2026\/09\/image-1.png\" \/>\n\t<meta property=\"og:image:width\" content=\"1280\" \/>\n\t<meta property=\"og:image:height\" content=\"720\" \/>\n\t<meta property=\"og:image:type\" content=\"image\/png\" \/>\n<meta name=\"author\" content=\"Guilherme Ara\u00fajo\" \/>\n<meta name=\"twitter:card\" content=\"summary_large_image\" \/>\n<meta name=\"twitter:label1\" content=\"Escrito por\" \/>\n\t<meta name=\"twitter:data1\" content=\"Guilherme Ara\u00fajo\" \/>\n\t<meta name=\"twitter:label2\" content=\"Est. tempo de leitura\" \/>\n\t<meta name=\"twitter:data2\" content=\"8 minutos\" \/>\n<!-- \/ Yoast SEO plugin. -->","yoast_head_json":{"title":"Sem asfalto e sem carros: o vilarejo nordestino acess\u00edvel s\u00f3 por barco que recebe uma multid\u00e3o de turistas em um \u00fanico r\u00e9veillon - Estado de Minas - Em foco","description":"Sem carros nem asfalto, um vilarejo acess\u00edvel por barco muda no r\u00e9veillon. Veja por que tanta gente escolhe passar a virada do ano por ali.","robots":{"index":"index","follow":"follow","max-snippet":"max-snippet:-1","max-image-preview":"max-image-preview:large","max-video-preview":"max-video-preview:-1"},"canonical":"https:\/\/www.em.com.br\/emfoco\/2026\/09\/02\/sem-asfalto-e-sem-carros-o-vilarejo-nordestino-acessivel-so-por-barco-que-recebe-uma-multidao-de-turistas-em-um-unico-reveillon\/","og_locale":"pt_BR","og_type":"article","og_title":"Sem asfalto e sem carros: o vilarejo nordestino acess\u00edvel s\u00f3 por barco que recebe uma multid\u00e3o de turistas em um \u00fanico r\u00e9veillon - Estado de Minas - Em foco","og_description":"Sem carros nem asfalto, um vilarejo acess\u00edvel por barco muda no r\u00e9veillon. Veja por que tanta gente escolhe passar a virada do ano por ali.","og_url":"https:\/\/www.em.com.br\/emfoco\/2026\/09\/02\/sem-asfalto-e-sem-carros-o-vilarejo-nordestino-acessivel-so-por-barco-que-recebe-uma-multidao-de-turistas-em-um-unico-reveillon\/","og_site_name":"Estado de Minas - Em foco","article_published_time":"2026-09-02T19:37:00+00:00","og_image":[{"width":1280,"height":720,"url":"https:\/\/www.em.com.br\/emfoco\/wp-content\/uploads\/2026\/09\/image-1.png","type":"image\/png"}],"author":"Guilherme Ara\u00fajo","twitter_card":"summary_large_image","twitter_misc":{"Escrito por":"Guilherme Ara\u00fajo","Est. tempo de leitura":"8 minutos"},"schema":{"@context":"https:\/\/schema.org","@graph":[{"@type":"Article","@id":"https:\/\/www.em.com.br\/emfoco\/2026\/09\/02\/sem-asfalto-e-sem-carros-o-vilarejo-nordestino-acessivel-so-por-barco-que-recebe-uma-multidao-de-turistas-em-um-unico-reveillon\/#article","isPartOf":{"@id":"https:\/\/www.em.com.br\/emfoco\/2026\/09\/02\/sem-asfalto-e-sem-carros-o-vilarejo-nordestino-acessivel-so-por-barco-que-recebe-uma-multidao-de-turistas-em-um-unico-reveillon\/"},"author":{"name":"Guilherme Ara\u00fajo","@id":"https:\/\/www.em.com.br\/emfoco\/#\/schema\/person\/5379e929a4b966c775d121e23f9bb421"},"headline":"Sem asfalto e sem carros: o vilarejo nordestino acess\u00edvel s\u00f3 por barco que recebe uma multid\u00e3o de turistas em um \u00fanico r\u00e9veillon","datePublished":"2026-09-02T19:37:00+00:00","mainEntityOfPage":{"@id":"https:\/\/www.em.com.br\/emfoco\/2026\/09\/02\/sem-asfalto-e-sem-carros-o-vilarejo-nordestino-acessivel-so-por-barco-que-recebe-uma-multidao-de-turistas-em-um-unico-reveillon\/"},"wordCount":1401,"commentCount":0,"image":{"@id":"https:\/\/www.em.com.br\/emfoco\/2026\/09\/02\/sem-asfalto-e-sem-carros-o-vilarejo-nordestino-acessivel-so-por-barco-que-recebe-uma-multidao-de-turistas-em-um-unico-reveillon\/#primaryimage"},"thumbnailUrl":"https:\/\/www.em.com.br\/emfoco\/wp-content\/uploads\/2026\/09\/image-1.png","keywords":["alagoas","cidades","Rio Grande do Norte"],"articleSection":["Cidades"],"inLanguage":"pt-BR","potentialAction":[{"@type":"CommentAction","name":"Comment","target":["https:\/\/www.em.com.br\/emfoco\/2026\/09\/02\/sem-asfalto-e-sem-carros-o-vilarejo-nordestino-acessivel-so-por-barco-que-recebe-uma-multidao-de-turistas-em-um-unico-reveillon\/#respond"]}]},{"@type":"WebPage","@id":"https:\/\/www.em.com.br\/emfoco\/2026\/09\/02\/sem-asfalto-e-sem-carros-o-vilarejo-nordestino-acessivel-so-por-barco-que-recebe-uma-multidao-de-turistas-em-um-unico-reveillon\/","url":"https:\/\/www.em.com.br\/emfoco\/2026\/09\/02\/sem-asfalto-e-sem-carros-o-vilarejo-nordestino-acessivel-so-por-barco-que-recebe-uma-multidao-de-turistas-em-um-unico-reveillon\/","name":"Sem asfalto e sem carros: o vilarejo nordestino acess\u00edvel s\u00f3 por barco que recebe uma multid\u00e3o de turistas em um \u00fanico r\u00e9veillon - Estado de Minas - Em foco","isPartOf":{"@id":"https:\/\/www.em.com.br\/emfoco\/#website"},"primaryImageOfPage":{"@id":"https:\/\/www.em.com.br\/emfoco\/2026\/09\/02\/sem-asfalto-e-sem-carros-o-vilarejo-nordestino-acessivel-so-por-barco-que-recebe-uma-multidao-de-turistas-em-um-unico-reveillon\/#primaryimage"},"image":{"@id":"https:\/\/www.em.com.br\/emfoco\/2026\/09\/02\/sem-asfalto-e-sem-carros-o-vilarejo-nordestino-acessivel-so-por-barco-que-recebe-uma-multidao-de-turistas-em-um-unico-reveillon\/#primaryimage"},"thumbnailUrl":"https:\/\/www.em.com.br\/emfoco\/wp-content\/uploads\/2026\/09\/image-1.png","datePublished":"2026-09-02T19:37:00+00:00","author":{"@id":"https:\/\/www.em.com.br\/emfoco\/#\/schema\/person\/5379e929a4b966c775d121e23f9bb421"},"description":"Sem carros nem asfalto, um vilarejo acess\u00edvel por barco muda no r\u00e9veillon. Veja por que tanta gente escolhe passar a virada do ano por ali.","breadcrumb":{"@id":"https:\/\/www.em.com.br\/emfoco\/2026\/09\/02\/sem-asfalto-e-sem-carros-o-vilarejo-nordestino-acessivel-so-por-barco-que-recebe-uma-multidao-de-turistas-em-um-unico-reveillon\/#breadcrumb"},"inLanguage":"pt-BR","potentialAction":[{"@type":"ReadAction","target":["https:\/\/www.em.com.br\/emfoco\/2026\/09\/02\/sem-asfalto-e-sem-carros-o-vilarejo-nordestino-acessivel-so-por-barco-que-recebe-uma-multidao-de-turistas-em-um-unico-reveillon\/"]}]},{"@type":"ImageObject","inLanguage":"pt-BR","@id":"https:\/\/www.em.com.br\/emfoco\/2026\/09\/02\/sem-asfalto-e-sem-carros-o-vilarejo-nordestino-acessivel-so-por-barco-que-recebe-uma-multidao-de-turistas-em-um-unico-reveillon\/#primaryimage","url":"https:\/\/www.em.com.br\/emfoco\/wp-content\/uploads\/2026\/09\/image-1.png","contentUrl":"https:\/\/www.em.com.br\/emfoco\/wp-content\/uploads\/2026\/09\/image-1.png","width":1280,"height":720,"caption":"A aus\u00eancia de carros e ruas asfaltadas ajuda a preservar uma rotina muito diferente da encontrada nos grandes destinos (Imagem ilustrativa)"},{"@type":"BreadcrumbList","@id":"https:\/\/www.em.com.br\/emfoco\/2026\/09\/02\/sem-asfalto-e-sem-carros-o-vilarejo-nordestino-acessivel-so-por-barco-que-recebe-uma-multidao-de-turistas-em-um-unico-reveillon\/#breadcrumb","itemListElement":[{"@type":"ListItem","position":1,"name":"In\u00edcio","item":"https:\/\/www.em.com.br\/emfoco\/"},{"@type":"ListItem","position":2,"name":"Sem asfalto e sem carros: o vilarejo nordestino acess\u00edvel s\u00f3 por barco que recebe uma multid\u00e3o de turistas em um \u00fanico r\u00e9veillon"}]},{"@type":"WebSite","@id":"https:\/\/www.em.com.br\/emfoco\/#website","url":"https:\/\/www.em.com.br\/emfoco\/","name":"Estado de Minas - Em foco","description":"Acompanhe as \u00faltimas not\u00edcias e fique bem informado sobre tudo o que acontece em Minas Gerais, Brasil e no mundo.","potentialAction":[{"@type":"SearchAction","target":{"@type":"EntryPoint","urlTemplate":"https:\/\/www.em.com.br\/emfoco\/?s={search_term_string}"},"query-input":{"@type":"PropertyValueSpecification","valueRequired":true,"valueName":"search_term_string"}}],"inLanguage":"pt-BR"},{"@type":"Person","@id":"https:\/\/www.em.com.br\/emfoco\/#\/schema\/person\/5379e929a4b966c775d121e23f9bb421","name":"Guilherme Ara\u00fajo","image":{"@type":"ImageObject","inLanguage":"pt-BR","@id":"https:\/\/secure.gravatar.com\/avatar\/063bc96e5a2afd1844386c45bd1360efc771eff011a9fab8cd399e2a104c3ecd?s=96&d=mm&r=g","url":"https:\/\/secure.gravatar.com\/avatar\/063bc96e5a2afd1844386c45bd1360efc771eff011a9fab8cd399e2a104c3ecd?s=96&d=mm&r=g","contentUrl":"https:\/\/secure.gravatar.com\/avatar\/063bc96e5a2afd1844386c45bd1360efc771eff011a9fab8cd399e2a104c3ecd?s=96&d=mm&r=g","caption":"Guilherme Ara\u00fajo"},"sameAs":["https:\/\/www.em.com.br\/emfoco"],"url":"https:\/\/www.em.com.br\/emfoco\/author\/guilhermeamyth\/"}]}},"_links":{"self":[{"href":"https:\/\/www.em.com.br\/emfoco\/wp-json\/wp\/v2\/posts\/261888","targetHints":{"allow":["GET"]}}],"collection":[{"href":"https:\/\/www.em.com.br\/emfoco\/wp-json\/wp\/v2\/posts"}],"about":[{"href":"https:\/\/www.em.com.br\/emfoco\/wp-json\/wp\/v2\/types\/post"}],"author":[{"embeddable":true,"href":"https:\/\/www.em.com.br\/emfoco\/wp-json\/wp\/v2\/users\/30"}],"replies":[{"embeddable":true,"href":"https:\/\/www.em.com.br\/emfoco\/wp-json\/wp\/v2\/comments?post=261888"}],"version-history":[{"count":5,"href":"https:\/\/www.em.com.br\/emfoco\/wp-json\/wp\/v2\/posts\/261888\/revisions"}],"predecessor-version":[{"id":261904,"href":"https:\/\/www.em.com.br\/emfoco\/wp-json\/wp\/v2\/posts\/261888\/revisions\/261904"}],"wp:featuredmedia":[{"embeddable":true,"href":"https:\/\/www.em.com.br\/emfoco\/wp-json\/wp\/v2\/media\/261895"}],"wp:attachment":[{"href":"https:\/\/www.em.com.br\/emfoco\/wp-json\/wp\/v2\/media?parent=261888"}],"wp:term":[{"taxonomy":"category","embeddable":true,"href":"https:\/\/www.em.com.br\/emfoco\/wp-json\/wp\/v2\/categories?post=261888"},{"taxonomy":"post_tag","embeddable":true,"href":"https:\/\/www.em.com.br\/emfoco\/wp-json\/wp\/v2\/tags?post=261888"}],"curies":[{"name":"wp","href":"https:\/\/api.w.org\/{rel}","templated":true}]}}