{"id":261864,"date":"2026-09-02T14:57:00","date_gmt":"2026-09-02T17:57:00","guid":{"rendered":"https:\/\/www.em.com.br\/emfoco\/?p=261864"},"modified":"2026-09-01T21:29:27","modified_gmt":"2026-09-02T00:29:27","slug":"psicologia-explica-por-que-certas-musicas-ficam-presas-na-cabeca-por-horas-mesmo-quando-voce-nao-gosta-delas","status":"publish","type":"post","link":"https:\/\/www.em.com.br\/emfoco\/2026\/09\/02\/psicologia-explica-por-que-certas-musicas-ficam-presas-na-cabeca-por-horas-mesmo-quando-voce-nao-gosta-delas\/","title":{"rendered":"Psicologia explica por que certas m\u00fasicas ficam presas na cabe\u00e7a por horas, mesmo quando voc\u00ea n\u00e3o gosta delas"},"content":{"rendered":"\n<div class=\"emf-summary google-auto-ads-ignore\">\n  <style>\n    .emf-summary {\n      --emf-navy:#00245a;\n      --emf-navy-soft:#0b3b70;\n      --emf-ink:#1d2731;\n      --emf-muted:#66727e;\n      --emf-line:#d7dde5;\n      --emf-paper:#ffffff;\n      --emf-wash:#f4f6f8;\n      box-sizing:border-box!important;\n      inline-size:min(1100px,100%)!important;\n      max-inline-size:100%!important;\n      margin-inline:auto!important;\n      overflow:hidden!important;\n      color:var(--emf-ink);\n      background:var(--emf-paper);\n      border:1px solid var(--emf-line);\n      border-block-start:5px solid var(--emf-navy);\n      border-radius:6px!important;\n      box-shadow:0 8px 24px rgba(0,36,90,.08);\n      font-family:Arial,Helvetica,sans-serif;\n    }\n\n    .emf-summary *,\n    .emf-summary *::before,\n    .emf-summary *::after {\n      box-sizing:border-box!important;\n    }\n\n    .emf-summary-brand {\n      display:flex;\n      align-items:center;\n      gap:14px;\n      padding:16px 20px;\n      color:#fff;\n      background:linear-gradient(105deg,var(--emf-navy) 0%,var(--emf-navy-soft) 100%);\n      border-block-end:1px solid rgba(255,255,255,.18);\n    }\n\n    .emf-summary-logo {\n      display:grid;\n      place-items:center;\n      inline-size:58px;\n      block-size:58px;\n      flex:0 0 58px;\n      background:rgba(255,255,255,.08);\n      border:1px solid rgba(255,255,255,.35);\n      border-radius:3px!important;\n    }\n\n    .emf-summary-logo img {\n      display:block;\n      inline-size:46px;\n      block-size:46px;\n      max-inline-size:46px;\n      max-block-size:46px;\n      object-fit:contain;\n    }\n\n    .emf-summary-eyebrow {\n      margin:0 0 3px;\n      font-size:11px;\n      font-weight:700;\n      letter-spacing:.18em;\n      line-height:1.2;\n      text-transform:uppercase;\n      opacity:.78;\n    }\n\n    .emf-summary-title {\n      margin:0;\n      font-family:Georgia,\"Times New Roman\",serif;\n      font-size:25px;\n      font-weight:700;\n      line-height:1.15;\n    }\n\n    .emf-summary-grid {\n      display:grid;\n      grid-template-columns:repeat(3,minmax(0,1fr));\n      gap:0;\n      background:var(--emf-wash);\n    }\n\n    .emf-summary-card {\n      position:relative;\n      min-block-size:190px;\n      padding:24px 20px 20px;\n      overflow:hidden!important;\n      background:#fff;\n      border-inline-end:1px solid var(--emf-line);\n    }\n\n    .emf-summary-card:last-child {\n      border-inline-end:0;\n    }\n\n    .emf-summary-number {\n      position:absolute;\n      inset-block-start:13px;\n      inset-inline-end:15px;\n      color:rgba(0,36,90,.10);\n      font-family:Georgia,\"Times New Roman\",serif;\n      font-size:46px;\n      font-weight:700;\n      line-height:1;\n      pointer-events:none;\n    }\n\n    .emf-summary-card-title {\n      position:relative;\n      z-index:1;\n      margin:0 0 11px;\n      padding-block-end:10px;\n      color:var(--emf-navy);\n      border-block-end:2px solid var(--emf-navy);\n      font-family:Georgia,\"Times New Roman\",serif;\n      font-size:18px;\n      font-weight:700;\n      line-height:1.3;\n      overflow-wrap:anywhere;\n    }\n\n    .emf-summary-card-text {\n      position:relative;\n      z-index:1;\n      color:#485560;\n      font-size:13px;\n      line-height:1.6;\n      overflow-wrap:anywhere;\n    }\n\n    .emf-summary-card-meta {\n      position:relative;\n      z-index:1;\n      display:inline-flex;\n      margin-block-start:16px;\n      padding:5px 8px;\n      color:var(--emf-navy);\n      background:#edf1f5;\n      border:1px solid #d9e0e7;\n      border-radius:2px!important;\n      font-size:10px;\n      font-weight:700;\n      letter-spacing:.08em;\n      line-height:1.2;\n      text-transform:uppercase;\n    }\n\n    @media(max-width:760px) {\n      .emf-summary-grid {\n        grid-template-columns:1fr;\n      }\n\n      .emf-summary-card {\n        min-block-size:0;\n        border-inline-end:0;\n        border-block-end:1px solid var(--emf-line);\n      }\n\n      .emf-summary-card:last-child {\n        border-block-end:0;\n      }\n    }\n\n    @media(max-width:480px) {\n      .emf-summary-brand {\n        padding:14px 15px;\n      }\n\n      .emf-summary-logo {\n        inline-size:52px;\n        block-size:52px;\n        flex-basis:52px;\n      }\n\n      .emf-summary-logo img {\n        inline-size:41px;\n        block-size:41px;\n        max-inline-size:41px;\n        max-block-size:41px;\n      }\n\n      .emf-summary-title {\n        font-size:22px;\n      }\n\n      .emf-summary-card {\n        padding:21px 16px 18px;\n      }\n    }\n  <\/style>\n\n  <div class=\"emf-summary-brand\">\n    <div class=\"emf-summary-logo\">\n      <img\n        alt=\"Logo EM Foco\"\n        decoding=\"async\"\n        fetchpriority=\"high\"\n        height=\"46\"\n        loading=\"eager\"\n        referrerpolicy=\"no-referrer\"\n        src=\"https:\/\/www.em.com.br\/emfoco\/wp-content\/uploads\/2026\/08\/em_transparente_3000px-scaled.png\"\n        width=\"46\"\n      >\n    <\/div>\n\n    <div>\n      <div class=\"emf-summary-eyebrow\">EM FOCO<\/div>\n      <div class=\"emf-summary-title\">Resumo da mat\u00e9ria<\/div>\n    <\/div>\n  <\/div>\n\n  <div class=\"emf-summary-grid\">\n    <div class=\"emf-summary-card\">\n      <span aria-hidden=\"true\" class=\"emf-summary-number\">01<\/span>\n      <div aria-level=\"3\" class=\"emf-summary-card-title\" role=\"heading\">\n        Um trecho se repete\n      <\/div>\n      <div class=\"emf-summary-card-text\">\n        A imagem musical involunt\u00e1ria costuma trazer uma pequena parte da m\u00fasica, mesmo sem som tocando no ambiente.\n      <\/div>\n      <div class=\"emf-summary-card-meta\">\n        Experi\u00eancia\n      <\/div>\n    <\/div>\n    <div class=\"emf-summary-card\">\n      <span aria-hidden=\"true\" class=\"emf-summary-number\">02<\/span>\n      <div aria-level=\"3\" class=\"emf-summary-card-title\" role=\"heading\">\n        Popularidade pesa\n      <\/div>\n      <div class=\"emf-summary-card-text\">\n        M\u00fasicas muito conhecidas aparecem mais, mas velocidade, forma da melodia e notas incomuns tamb\u00e9m ajudam a prever a repeti\u00e7\u00e3o.\n      <\/div>\n      <div class=\"emf-summary-card-meta\">\n        Estudo\n      <\/div>\n    <\/div>\n    <div class=\"emf-summary-card\">\n      <span aria-hidden=\"true\" class=\"emf-summary-number\">03<\/span>\n      <div aria-level=\"3\" class=\"emf-summary-card-title\" role=\"heading\">\n        Gostar n\u00e3o \u00e9 requisito\n      <\/div>\n      <div class=\"emf-summary-card-text\">\n        Uma m\u00fasica pode voltar sem convite e at\u00e9 causar inc\u00f4modo; isso n\u00e3o significa que a pessoa escolheu ouvi-la mentalmente.\n      <\/div>\n      <div class=\"emf-summary-card-meta\">\n        Limite\n      <\/div>\n    <\/div>\n\n  <\/div>\n<\/div>\n\n\n\n<p class=\"wp-block-paragraph\">Uma m\u00fasica termina, mas um pequeno trecho continua voltando sem convite. A <strong>m\u00fasica presa na cabe\u00e7a<\/strong> \u00e9 uma forma comum de imagem musical involunt\u00e1ria. Pesquisas indicam que popularidade, andamento e desenho da melodia ajudam a prever quais can\u00e7\u00f5es se repetem, embora gosto pessoal e exposi\u00e7\u00e3o tamb\u00e9m tenham peso.<\/p>\n\n\n\n<h2 class=\"wp-block-heading\">O que \u00e9 uma m\u00fasica presa na cabe\u00e7a?<\/h2>\n\n\n\n<p class=\"wp-block-paragraph\">O fen\u00f4meno ocorre quando uma melodia surge e se repete sem a decis\u00e3o consciente de lembr\u00e1-la. A pessoa n\u00e3o precisa estar ouvindo nenhum aparelho. A <strong>imagem musical involunt\u00e1ria<\/strong> \u00e9 uma experi\u00eancia mental, muitas vezes formada por poucas notas, uma frase cantada ou parte do refr\u00e3o.<\/p>\n\n\n\n<p class=\"wp-block-paragraph\">A p\u00e1gina da <a href=\"https:\/\/pt.wikipedia.org\/wiki\/Earworm\" target=\"_blank\" rel=\"noopener noreferrer\"><strong>Wikip\u00e9dia sobre earworm<\/strong><\/a> re\u00fane nomes usados para essa repeti\u00e7\u00e3o. Ela n\u00e3o deve ser confundida automaticamente com alucina\u00e7\u00e3o auditiva. Em geral, quem vive a experi\u00eancia reconhece que a m\u00fasica est\u00e1 na pr\u00f3pria mente, e n\u00e3o tocando no ambiente.<\/p>\n\n\n<div class=\"wp-block-image\">\n<figure class=\"aligncenter size-large\"><img decoding=\"async\" width=\"1024\" height=\"576\" src=\"https:\/\/www.em.com.br\/emfoco\/wp-content\/uploads\/2026\/09\/estrada-1024x576.jpg\" alt=\"\" class=\"wp-image-261816\" srcset=\"https:\/\/www.em.com.br\/emfoco\/wp-content\/uploads\/2026\/09\/estrada-1024x576.jpg 1024w, https:\/\/www.em.com.br\/emfoco\/wp-content\/uploads\/2026\/09\/estrada-300x169.jpg 300w, https:\/\/www.em.com.br\/emfoco\/wp-content\/uploads\/2026\/09\/estrada-768x432.jpg 768w, https:\/\/www.em.com.br\/emfoco\/wp-content\/uploads\/2026\/09\/estrada-750x421.jpg 750w, https:\/\/www.em.com.br\/emfoco\/wp-content\/uploads\/2026\/09\/estrada-1140x641.jpg 1140w, https:\/\/www.em.com.br\/emfoco\/wp-content\/uploads\/2026\/09\/estrada.jpg 1280w\" sizes=\"(max-width: 1024px) 100vw, 1024px\" \/><figcaption class=\"wp-element-caption\">Gostar da can\u00e7\u00e3o n\u00e3o \u00e9 uma condi\u00e7\u00e3o necess\u00e1ria para que ela fique presa na cabe\u00e7a<\/figcaption><\/figure>\n<\/div>\n\n\n<h2 class=\"wp-block-heading\">O que o estudo encontrou em mais de 3 mil respostas?<\/h2>\n\n\n\n<p class=\"wp-block-paragraph\">O estudo <em>Dissecting an earworm: Melodic features and song popularity predict involuntary musical imagery<\/em> comparou can\u00e7\u00f5es citadas como recorrentes com m\u00fasicas semelhantes que n\u00e3o recebiam tantas men\u00e7\u00f5es. A an\u00e1lise reuniu <strong>mais de 3 mil respostas<\/strong> coletadas em levantamentos pela internet entre 2010 e 2013.<\/p>\n\n\n\n<p class=\"wp-block-paragraph\">As m\u00fasicas recorrentes tendiam a ser mais populares e r\u00e1pidas. Tamb\u00e9m apresentavam <strong>contornos mel\u00f3dicos gerais f\u00e1ceis de lembrar<\/strong>, al\u00e9m de alguns intervalos incomuns ou notas repetidas. Esses tra\u00e7os aumentaram a chance m\u00e9dia de cita\u00e7\u00e3o, mas n\u00e3o permitem prever com certeza a m\u00fasica que ficar\u00e1 na cabe\u00e7a de cada pessoa.<\/p>\n\n\n\n<h2 class=\"wp-block-heading\">Por que somente um peda\u00e7o da m\u00fasica costuma se repetir?<\/h2>\n\n\n\n<p class=\"wp-block-paragraph\">A mem\u00f3ria n\u00e3o precisa reconstruir a grava\u00e7\u00e3o inteira. Ela pode ativar uma unidade curta e conhecida, como o come\u00e7o do refr\u00e3o. Quando esse fragmento chega ao fim, a sequ\u00eancia mental pode voltar ao in\u00edcio. Assim nasce um <strong>ciclo pequeno e repetitivo<\/strong>, sem que a pessoa planeje cantar por dentro.<\/p>\n\n\n\n<p class=\"wp-block-paragraph\">Uma revis\u00e3o cient\u00edfica descreve o earworm como a repeti\u00e7\u00e3o de um pequeno trecho mel\u00f3dico. O tamanho varia, assim como o tempo de dura\u00e7\u00e3o. A repeti\u00e7\u00e3o pode desaparecer e retornar depois. Portanto, <strong>n\u00e3o existe um n\u00famero \u00fanico de segundos<\/strong> capaz de definir todas as experi\u00eancias cotidianas.<\/p>\n\n\n\n<p class=\"myth-list-bridge wp-block-paragraph\">A seguir listamos <strong>cinco caminhos que podem ativar uma m\u00fasica<\/strong> sem que a pessoa decida lembr\u00e1-la:<\/p>\n\n\n\n<ul class=\"wp-block-list myth-bullet-list\">\n<li><strong>Exposi\u00e7\u00e3o:<\/strong> ouvir a can\u00e7\u00e3o recentemente ou encontr\u00e1-la v\u00e1rias vezes.<\/li>\n\n\n\n<li><strong>Palavra:<\/strong> ler uma express\u00e3o ligada ao t\u00edtulo ou \u00e0 letra.<\/li>\n\n\n\n<li><strong>Lugar:<\/strong> voltar a um ambiente associado \u00e0 m\u00fasica.<\/li>\n\n\n\n<li><strong>Emo\u00e7\u00e3o:<\/strong> sentir algo ligado a uma lembran\u00e7a musical.<\/li>\n\n\n\n<li><strong>Sil\u00eancio:<\/strong> ter espa\u00e7o mental para um fragmento conhecido reaparecer.<\/li>\n<\/ul>\n\n\n\n<p class=\"wp-block-paragraph\"><strong>Leia tamb\u00e9m: <a href=\"https:\/\/www.em.com.br\/emfoco\/2026\/07\/25\/a-psicologia-explica-procrastinar-nao-e-preguica-e-dificuldade-de-lidar-com-a-emocao-da-tarefa-e-isso-muda-tudo\/\" target=\"_blank\" rel=\"noreferrer noopener\">A psicologia explica: procrastinar n\u00e3o \u00e9 pregui\u00e7a, \u00e9 dificuldade de lidar com a emo\u00e7\u00e3o da tarefa (e isso muda tudo)<\/a><\/strong><\/p>\n\n\n<div class=\"wp-block-image\">\n<figure class=\"aligncenter size-large\"><img decoding=\"async\" width=\"1024\" height=\"576\" src=\"https:\/\/www.em.com.br\/emfoco\/wp-content\/uploads\/2026\/09\/melodia-1-1024x576.jpg\" alt=\"\" class=\"wp-image-261818\" srcset=\"https:\/\/www.em.com.br\/emfoco\/wp-content\/uploads\/2026\/09\/melodia-1-1024x576.jpg 1024w, https:\/\/www.em.com.br\/emfoco\/wp-content\/uploads\/2026\/09\/melodia-1-300x169.jpg 300w, https:\/\/www.em.com.br\/emfoco\/wp-content\/uploads\/2026\/09\/melodia-1-768x432.jpg 768w, https:\/\/www.em.com.br\/emfoco\/wp-content\/uploads\/2026\/09\/melodia-1-750x421.jpg 750w, https:\/\/www.em.com.br\/emfoco\/wp-content\/uploads\/2026\/09\/melodia-1-1140x641.jpg 1140w, https:\/\/www.em.com.br\/emfoco\/wp-content\/uploads\/2026\/09\/melodia-1.jpg 1280w\" sizes=\"(max-width: 1024px) 100vw, 1024px\" \/><figcaption class=\"wp-element-caption\">Algumas caracter\u00edsticas das melodias podem facilitar a repeti\u00e7\u00e3o involunt\u00e1ria na mem\u00f3ria<\/figcaption><\/figure>\n<\/div>\n\n\n<h2 class=\"wp-block-heading\">Uma m\u00fasica precisa ser boa para ficar presa na cabe\u00e7a?<\/h2>\n\n\n\n<p class=\"wp-block-paragraph\">N\u00e3o. Prefer\u00eancia e repeti\u00e7\u00e3o mental n\u00e3o s\u00e3o a mesma coisa. Uma can\u00e7\u00e3o desagrad\u00e1vel pode ter sido muito ouvida ou apresentar um trecho simples de recuperar. Por isso, <strong>n\u00e3o gostar da m\u00fasica n\u00e3o impede<\/strong> que sua melodia seja ativada por uma palavra, situa\u00e7\u00e3o ou lembran\u00e7a recente.<\/p>\n\n\n\n<p class=\"wp-block-paragraph\">O registro da <a href=\"https:\/\/durham-repository.worktribe.com\/output\/1371466\/dissecting-an-earworm-melodic-features-and-song-popularity-predict-involuntary-musical-imagery\" target=\"_blank\" rel=\"noopener noreferrer\"><strong>Universidade de Durham<\/strong><\/a> identifica Kelly Jakubowski e colaboradores como autores do estudo. A pesquisa encontrou padr\u00f5es entre grupos de m\u00fasicas; ela n\u00e3o mediu uma f\u00f3rmula universal de gosto nem explica sozinha cada epis\u00f3dio individual.<\/p>\n\n\n\n<p class=\"myth-html-bridge wp-block-paragraph\">A seguir listamos <strong>tr\u00eas grupos de fatores<\/strong> que ajudam a separar caracter\u00edsticas da m\u00fasica, exposi\u00e7\u00e3o e experi\u00eancia pessoal:<\/p>\n\n\n\n<div class=\"emf-data-table google-auto-ads-ignore\">\n  <style>\n    .emf-data-table {\n      --emf-navy:#00245a;\n      --emf-navy-soft:#0b3b70;\n      --emf-ink:#1d2731;\n      --emf-muted:#66727e;\n      --emf-line:#d7dde5;\n      --emf-wash:#f4f6f8;\n      box-sizing:border-box!important;\n      inline-size:min(1100px,100%)!important;\n      max-inline-size:100%!important;\n      margin-inline:auto!important;\n      overflow:hidden!important;\n      color:var(--emf-ink);\n      background:#fff;\n      border:1px solid var(--emf-line);\n      border-radius:6px!important;\n      box-shadow:0 8px 24px rgba(0,36,90,.08);\n      font-family:Arial,Helvetica,sans-serif;\n    }\n\n    .emf-data-table *,\n    .emf-data-table *::before,\n    .emf-data-table *::after {\n      box-sizing:border-box!important;\n    }\n\n    .emf-data-table-brand {\n      display:flex;\n      align-items:center;\n      gap:13px;\n      min-block-size:72px;\n      padding:10px 17px;\n      color:#fff;\n      background:linear-gradient(105deg,var(--emf-navy) 0%,var(--emf-navy-soft) 100%);\n      border-block-end:4px solid #c5ced8;\n    }\n\n    .emf-data-table-logo {\n      display:grid;\n      place-items:center;\n      inline-size:52px;\n      block-size:52px;\n      flex:0 0 52px;\n      background:rgba(255,255,255,.08);\n      border:1px solid rgba(255,255,255,.35);\n      border-radius:3px!important;\n    }\n\n    .emf-data-table-logo img {\n      display:block;\n      inline-size:41px;\n      block-size:41px;\n      max-inline-size:41px;\n      max-block-size:41px;\n      object-fit:contain;\n    }\n\n    .emf-data-table-kicker {\n      margin:0 0 2px;\n      font-size:10px;\n      font-weight:700;\n      letter-spacing:.16em;\n      line-height:1.2;\n      text-transform:uppercase;\n      opacity:.78;\n    }\n\n    .emf-data-table-title {\n      margin:0;\n      font-family:Georgia,\"Times New Roman\",serif;\n      font-size:21px;\n      font-weight:700;\n      line-height:1.2;\n    }\n\n    .emf-data-table-scroll {\n      display:block!important;\n      inline-size:100%!important;\n      max-inline-size:100%!important;\n      overflow-x:auto!important;\n      overflow-y:hidden!important;\n      -webkit-overflow-scrolling:touch;\n      overscroll-behavior-inline:contain;\n      scrollbar-width:thin;\n      scrollbar-color:#8798aa #edf1f5;\n    }\n\n    .emf-data-table-scroll:focus-visible {\n      outline:3px solid rgba(0,36,90,.35);\n      outline-offset:-3px;\n    }\n\n    .emf-data-table table {\n      display:table!important;\n      inline-size:100%!important;\n      min-inline-size:680px!important;\n      max-inline-size:none!important;\n      margin:0!important;\n      border:0!important;\n      border-collapse:separate!important;\n      border-spacing:0!important;\n      table-layout:auto!important;\n      background:#fff!important;\n    }\n\n    .emf-data-table caption {\n      position:absolute!important;\n      inline-size:1px!important;\n      block-size:1px!important;\n      padding:0!important;\n      margin:-1px!important;\n      overflow:hidden!important;\n      clip:rect(0,0,0,0)!important;\n      white-space:nowrap!important;\n      border:0!important;\n    }\n\n    .emf-data-table thead {\n      display:table-header-group!important;\n    }\n\n    .emf-data-table tbody {\n      display:table-row-group!important;\n    }\n\n    .emf-data-table tr {\n      display:table-row!important;\n    }\n\n    .emf-data-table th,\n    .emf-data-table td {\n      display:table-cell!important;\n      float:none!important;\n      inline-size:auto!important;\n      max-inline-size:none!important;\n      margin:0!important;\n      border-radius:0!important;\n      text-align:left!important;\n      vertical-align:middle!important;\n    }\n\n    .emf-data-table th {\n      padding:14px 17px!important;\n      color:#fff!important;\n      background:var(--emf-navy)!important;\n      border-block-end:1px solid rgba(255,255,255,.22)!important;\n      border-inline-end:1px solid rgba(255,255,255,.12)!important;\n      font-family:Georgia,\"Times New Roman\",serif;\n      font-size:14px!important;\n      font-weight:700!important;\n      line-height:1.35!important;\n      white-space:nowrap!important;\n    }\n\n    .emf-data-table th:last-child {\n      border-inline-end:0!important;\n    }\n\n    .emf-data-table td {\n      padding:14px 17px!important;\n      color:#43515e!important;\n      background:#fff!important;\n      border-block-end:1px solid var(--emf-line)!important;\n      font-size:14px!important;\n      font-weight:400!important;\n      line-height:1.5!important;\n      overflow-wrap:anywhere;\n    }\n\n    .emf-data-table tbody tr:nth-child(even) td {\n      background:var(--emf-wash)!important;\n    }\n\n    .emf-data-table tbody tr:hover td {\n      background:#eaf0f5!important;\n    }\n\n    .emf-data-table tbody tr:last-child td {\n      border-block-end:0!important;\n    }\n\n    .emf-data-table td:first-child {\n      color:var(--emf-navy)!important;\n      font-weight:700!important;\n    }\n\n    @media(max-width:560px) {\n      .emf-data-table-brand {\n        min-block-size:68px;\n        padding:9px 13px;\n      }\n\n      .emf-data-table-title {\n        font-size:19px;\n      }\n\n      .emf-data-table-scroll {\n        overflow:visible!important;\n      }\n\n      .emf-data-table table,\n      .emf-data-table thead,\n      .emf-data-table tbody,\n      .emf-data-table tr,\n      .emf-data-table th,\n      .emf-data-table td {\n        display:block!important;\n        inline-size:100%!important;\n        min-inline-size:0!important;\n        max-inline-size:100%!important;\n      }\n\n      .emf-data-table table {\n        padding:13px!important;\n      }\n\n      .emf-data-table thead {\n        position:absolute!important;\n        inline-size:1px!important;\n        block-size:1px!important;\n        padding:0!important;\n        margin:-1px!important;\n        overflow:hidden!important;\n        clip:rect(0,0,0,0)!important;\n        white-space:nowrap!important;\n      }\n\n      .emf-data-table tbody {\n        display:grid!important;\n        gap:11px;\n      }\n\n      .emf-data-table tr {\n        overflow:hidden!important;\n        background:#fff!important;\n        border:1px solid var(--emf-line)!important;\n        border-block-start:4px solid var(--emf-navy)!important;\n        border-radius:4px!important;\n        box-shadow:0 4px 12px rgba(0,36,90,.06);\n      }\n\n      .emf-data-table td,\n      .emf-data-table tbody tr:nth-child(even) td,\n      .emf-data-table tbody tr:hover td {\n        display:grid!important;\n        grid-template-columns:minmax(105px,38%) minmax(0,1fr)!important;\n        align-items:start;\n        gap:11px;\n        padding:11px 12px!important;\n        background:#fff!important;\n        border-block-end:1px solid #e2e7ec!important;\n      }\n\n      .emf-data-table td::before {\n        content:attr(data-label);\n        color:var(--emf-muted);\n        font-size:10px;\n        font-weight:700;\n        letter-spacing:.06em;\n        line-height:1.35;\n        text-transform:uppercase;\n      }\n\n      .emf-data-table td:first-child {\n        color:var(--emf-navy)!important;\n        background:#edf1f5!important;\n      }\n\n      .emf-data-table td:last-child {\n        border-block-end:0!important;\n      }\n    }\n  <\/style>\n\n  <div class=\"emf-data-table-brand\">\n    <div class=\"emf-data-table-logo\">\n      <img\n        alt=\"Logo EM Foco\"\n        decoding=\"async\"\n        height=\"41\"\n        loading=\"lazy\"\n        referrerpolicy=\"no-referrer\"\n        src=\"https:\/\/www.em.com.br\/emfoco\/wp-content\/uploads\/2026\/08\/em_transparente_3000px-scaled.png\"\n        width=\"41\"\n      >\n    <\/div>\n\n    <div>\n      <div class=\"emf-data-table-kicker\">DADOS EM FOCO<\/div>\n      <div class=\"emf-data-table-title\">O que pode favorecer a repeti\u00e7\u00e3o<\/div>\n    <\/div>\n  <\/div>\n\n  <div aria-label=\"Fatores ligados a m\u00fasicas presas na cabe\u00e7a\" class=\"emf-data-table-scroll\" role=\"region\" tabindex=\"0\">\n    <table>\n      <caption>Compara\u00e7\u00e3o entre caracter\u00edsticas musicais, contato recente e associa\u00e7\u00f5es pessoais.<\/caption>\n      <thead>\n        <tr>\n          <th scope=\"col\">Grupo<\/th>\n          <th scope=\"col\">Exemplo<\/th>\n          <th scope=\"col\">O que indica<\/th>\n        <\/tr>\n      <\/thead>\n      <tbody>\n        <tr>\n          <td data-label=\"Grupo\">M\u00fasica<\/td>\n          <td data-label=\"Exemplo\">Andamento e desenho mel\u00f3dico<\/td>\n          <td data-label=\"O que indica\">Facilidade m\u00e9dia de lembran\u00e7a<\/td>\n        <\/tr>\n        <tr>\n          <td data-label=\"Grupo\">Exposi\u00e7\u00e3o<\/td>\n          <td data-label=\"Exemplo\">Popularidade e contato recente<\/td>\n          <td data-label=\"O que indica\">Mais oportunidades de ativa\u00e7\u00e3o<\/td>\n        <\/tr>\n        <tr>\n          <td data-label=\"Grupo\">Pessoa<\/td>\n          <td data-label=\"Exemplo\">Mem\u00f3rias e associa\u00e7\u00f5es<\/td>\n          <td data-label=\"O que indica\">Varia\u00e7\u00e3o entre ouvintes<\/td>\n        <\/tr>\n\n      <\/tbody>\n    <\/table>\n  <\/div>\n<\/div>\n\n\n\n<h2 class=\"wp-block-heading\">Quando a repeti\u00e7\u00e3o deixa de ser apenas uma experi\u00eancia comum?<\/h2>\n\n\n\n<p class=\"wp-block-paragraph\">Na maior parte das vezes, a m\u00fasica presa na cabe\u00e7a \u00e9 passageira. Algumas pessoas a consideram agrad\u00e1vel; outras sentem inc\u00f4modo. O estudo sobre caracter\u00edsticas mel\u00f3dicas n\u00e3o avaliou diagn\u00f3stico nem tratamento. Por isso, <strong>uma repeti\u00e7\u00e3o comum n\u00e3o deve receber r\u00f3tulo cl\u00ednico<\/strong> apenas porque durou algumas horas.<\/p>\n\n\n\n<p class=\"wp-block-paragraph\">Se a experi\u00eancia causar sofrimento forte, impedir o sono com frequ\u00eancia ou parecer um som externo, a situa\u00e7\u00e3o merece avalia\u00e7\u00e3o individual. Essas caracter\u00edsticas ficam fora da pauta cotidiana estudada. O ponto seguro \u00e9 simples: <strong>repetir um trecho mentalmente \u00e9 comum<\/strong>, mas intensidade, percep\u00e7\u00e3o e impacto ajudam a distinguir experi\u00eancias diferentes.<\/p>\n","protected":false},"excerpt":{"rendered":"<p>EM FOCO Resumo da mat\u00e9ria 01 Um trecho se repete A imagem musical involunt\u00e1ria costuma trazer uma pequena parte da m\u00fasica, mesmo sem som tocando no ambiente. Experi\u00eancia 02 Popularidade pesa M\u00fasicas muito conhecidas aparecem mais, mas velocidade, forma da melodia e notas incomuns tamb\u00e9m ajudam a prever a repeti\u00e7\u00e3o. Estudo 03 Gostar n\u00e3o \u00e9 [&hellip;]<\/p>\n","protected":false},"author":30,"featured_media":261815,"comment_status":"open","ping_status":"open","sticky":false,"template":"","format":"standard","meta":{"jnews-multi-image_gallery":[],"jnews_single_post":{"format":"standard"},"jnews_primary_category":[],"jnews_social_meta":[],"jnews_override_counter":[],"footnotes":""},"categories":[1],"tags":[35981,5381,185,5155],"class_list":["post-261864","post","type-post","status-publish","format-standard","has-post-thumbnail","hentry","category-noticias","tag-earworm","tag-memoria","tag-musica","tag-psicologia"],"yoast_head":"<!-- This site is optimized with the Yoast SEO plugin v28.3 - https:\/\/yoast.com\/product\/yoast-seo-wordpress\/ -->\n<title>Psicologia explica por que certas m\u00fasicas ficam presas na cabe\u00e7a por horas, mesmo quando voc\u00ea n\u00e3o gosta delas - Estado de Minas - Em foco<\/title>\n<meta name=\"description\" content=\"Uma m\u00fasica pode se repetir na cabe\u00e7a durante horas mesmo quando voc\u00ea nem gosta dela. Entenda por que alguns trechos grudam tanto na mem\u00f3ria.\" \/>\n<meta name=\"robots\" content=\"index, follow, max-snippet:-1, max-image-preview:large, max-video-preview:-1\" \/>\n<link rel=\"canonical\" href=\"https:\/\/www.em.com.br\/emfoco\/2026\/09\/02\/psicologia-explica-por-que-certas-musicas-ficam-presas-na-cabeca-por-horas-mesmo-quando-voce-nao-gosta-delas\/\" \/>\n<meta property=\"og:locale\" content=\"pt_BR\" \/>\n<meta property=\"og:type\" content=\"article\" \/>\n<meta property=\"og:title\" content=\"Psicologia explica por que certas m\u00fasicas ficam presas na cabe\u00e7a por horas, mesmo quando voc\u00ea n\u00e3o gosta delas - Estado de Minas - Em foco\" \/>\n<meta property=\"og:description\" content=\"Uma m\u00fasica pode se repetir na cabe\u00e7a durante horas mesmo quando voc\u00ea nem gosta dela. Entenda por que alguns trechos grudam tanto na mem\u00f3ria.\" \/>\n<meta property=\"og:url\" content=\"https:\/\/www.em.com.br\/emfoco\/2026\/09\/02\/psicologia-explica-por-que-certas-musicas-ficam-presas-na-cabeca-por-horas-mesmo-quando-voce-nao-gosta-delas\/\" \/>\n<meta property=\"og:site_name\" content=\"Estado de Minas - Em foco\" \/>\n<meta property=\"article:published_time\" content=\"2026-09-02T17:57:00+00:00\" \/>\n<meta property=\"og:image\" content=\"https:\/\/www.em.com.br\/emfoco\/wp-content\/uploads\/2026\/09\/musica23.jpg\" \/>\n\t<meta property=\"og:image:width\" content=\"1280\" \/>\n\t<meta property=\"og:image:height\" content=\"720\" \/>\n\t<meta property=\"og:image:type\" content=\"image\/jpeg\" \/>\n<meta name=\"author\" content=\"Guilherme Ara\u00fajo\" \/>\n<meta name=\"twitter:card\" content=\"summary_large_image\" \/>\n<meta name=\"twitter:label1\" content=\"Escrito por\" \/>\n\t<meta name=\"twitter:data1\" content=\"Guilherme Ara\u00fajo\" \/>\n\t<meta name=\"twitter:label2\" content=\"Est. tempo de leitura\" \/>\n\t<meta name=\"twitter:data2\" content=\"6 minutos\" \/>\n<!-- \/ Yoast SEO plugin. -->","yoast_head_json":{"title":"Psicologia explica por que certas m\u00fasicas ficam presas na cabe\u00e7a por horas, mesmo quando voc\u00ea n\u00e3o gosta delas - Estado de Minas - Em foco","description":"Uma m\u00fasica pode se repetir na cabe\u00e7a durante horas mesmo quando voc\u00ea nem gosta dela. Entenda por que alguns trechos grudam tanto na mem\u00f3ria.","robots":{"index":"index","follow":"follow","max-snippet":"max-snippet:-1","max-image-preview":"max-image-preview:large","max-video-preview":"max-video-preview:-1"},"canonical":"https:\/\/www.em.com.br\/emfoco\/2026\/09\/02\/psicologia-explica-por-que-certas-musicas-ficam-presas-na-cabeca-por-horas-mesmo-quando-voce-nao-gosta-delas\/","og_locale":"pt_BR","og_type":"article","og_title":"Psicologia explica por que certas m\u00fasicas ficam presas na cabe\u00e7a por horas, mesmo quando voc\u00ea n\u00e3o gosta delas - Estado de Minas - Em foco","og_description":"Uma m\u00fasica pode se repetir na cabe\u00e7a durante horas mesmo quando voc\u00ea nem gosta dela. Entenda por que alguns trechos grudam tanto na mem\u00f3ria.","og_url":"https:\/\/www.em.com.br\/emfoco\/2026\/09\/02\/psicologia-explica-por-que-certas-musicas-ficam-presas-na-cabeca-por-horas-mesmo-quando-voce-nao-gosta-delas\/","og_site_name":"Estado de Minas - Em foco","article_published_time":"2026-09-02T17:57:00+00:00","og_image":[{"width":1280,"height":720,"url":"https:\/\/www.em.com.br\/emfoco\/wp-content\/uploads\/2026\/09\/musica23.jpg","type":"image\/jpeg"}],"author":"Guilherme Ara\u00fajo","twitter_card":"summary_large_image","twitter_misc":{"Escrito por":"Guilherme Ara\u00fajo","Est. tempo de leitura":"6 minutos"},"schema":{"@context":"https:\/\/schema.org","@graph":[{"@type":"Article","@id":"https:\/\/www.em.com.br\/emfoco\/2026\/09\/02\/psicologia-explica-por-que-certas-musicas-ficam-presas-na-cabeca-por-horas-mesmo-quando-voce-nao-gosta-delas\/#article","isPartOf":{"@id":"https:\/\/www.em.com.br\/emfoco\/2026\/09\/02\/psicologia-explica-por-que-certas-musicas-ficam-presas-na-cabeca-por-horas-mesmo-quando-voce-nao-gosta-delas\/"},"author":{"name":"Guilherme Ara\u00fajo","@id":"https:\/\/www.em.com.br\/emfoco\/#\/schema\/person\/5379e929a4b966c775d121e23f9bb421"},"headline":"Psicologia explica por que certas m\u00fasicas ficam presas na cabe\u00e7a por horas, mesmo quando voc\u00ea n\u00e3o gosta delas","datePublished":"2026-09-02T17:57:00+00:00","mainEntityOfPage":{"@id":"https:\/\/www.em.com.br\/emfoco\/2026\/09\/02\/psicologia-explica-por-que-certas-musicas-ficam-presas-na-cabeca-por-horas-mesmo-quando-voce-nao-gosta-delas\/"},"wordCount":954,"commentCount":0,"image":{"@id":"https:\/\/www.em.com.br\/emfoco\/2026\/09\/02\/psicologia-explica-por-que-certas-musicas-ficam-presas-na-cabeca-por-horas-mesmo-quando-voce-nao-gosta-delas\/#primaryimage"},"thumbnailUrl":"https:\/\/www.em.com.br\/emfoco\/wp-content\/uploads\/2026\/09\/musica23.jpg","keywords":["Earworm","mem\u00f3ria","m\u00fasica","psicologia"],"articleSection":["Not\u00edcias"],"inLanguage":"pt-BR","potentialAction":[{"@type":"CommentAction","name":"Comment","target":["https:\/\/www.em.com.br\/emfoco\/2026\/09\/02\/psicologia-explica-por-que-certas-musicas-ficam-presas-na-cabeca-por-horas-mesmo-quando-voce-nao-gosta-delas\/#respond"]}]},{"@type":"WebPage","@id":"https:\/\/www.em.com.br\/emfoco\/2026\/09\/02\/psicologia-explica-por-que-certas-musicas-ficam-presas-na-cabeca-por-horas-mesmo-quando-voce-nao-gosta-delas\/","url":"https:\/\/www.em.com.br\/emfoco\/2026\/09\/02\/psicologia-explica-por-que-certas-musicas-ficam-presas-na-cabeca-por-horas-mesmo-quando-voce-nao-gosta-delas\/","name":"Psicologia explica por que certas m\u00fasicas ficam presas na cabe\u00e7a por horas, mesmo quando voc\u00ea n\u00e3o gosta delas - Estado de Minas - Em foco","isPartOf":{"@id":"https:\/\/www.em.com.br\/emfoco\/#website"},"primaryImageOfPage":{"@id":"https:\/\/www.em.com.br\/emfoco\/2026\/09\/02\/psicologia-explica-por-que-certas-musicas-ficam-presas-na-cabeca-por-horas-mesmo-quando-voce-nao-gosta-delas\/#primaryimage"},"image":{"@id":"https:\/\/www.em.com.br\/emfoco\/2026\/09\/02\/psicologia-explica-por-que-certas-musicas-ficam-presas-na-cabeca-por-horas-mesmo-quando-voce-nao-gosta-delas\/#primaryimage"},"thumbnailUrl":"https:\/\/www.em.com.br\/emfoco\/wp-content\/uploads\/2026\/09\/musica23.jpg","datePublished":"2026-09-02T17:57:00+00:00","author":{"@id":"https:\/\/www.em.com.br\/emfoco\/#\/schema\/person\/5379e929a4b966c775d121e23f9bb421"},"description":"Uma m\u00fasica pode se repetir na cabe\u00e7a durante horas mesmo quando voc\u00ea nem gosta dela. Entenda por que alguns trechos grudam tanto na mem\u00f3ria.","breadcrumb":{"@id":"https:\/\/www.em.com.br\/emfoco\/2026\/09\/02\/psicologia-explica-por-que-certas-musicas-ficam-presas-na-cabeca-por-horas-mesmo-quando-voce-nao-gosta-delas\/#breadcrumb"},"inLanguage":"pt-BR","potentialAction":[{"@type":"ReadAction","target":["https:\/\/www.em.com.br\/emfoco\/2026\/09\/02\/psicologia-explica-por-que-certas-musicas-ficam-presas-na-cabeca-por-horas-mesmo-quando-voce-nao-gosta-delas\/"]}]},{"@type":"ImageObject","inLanguage":"pt-BR","@id":"https:\/\/www.em.com.br\/emfoco\/2026\/09\/02\/psicologia-explica-por-que-certas-musicas-ficam-presas-na-cabeca-por-horas-mesmo-quando-voce-nao-gosta-delas\/#primaryimage","url":"https:\/\/www.em.com.br\/emfoco\/wp-content\/uploads\/2026\/09\/musica23.jpg","contentUrl":"https:\/\/www.em.com.br\/emfoco\/wp-content\/uploads\/2026\/09\/musica23.jpg","width":1280,"height":720,"caption":"Pequenos trechos podem se repetir mentalmente muito depois de a m\u00fasica ter parado de tocar"},{"@type":"BreadcrumbList","@id":"https:\/\/www.em.com.br\/emfoco\/2026\/09\/02\/psicologia-explica-por-que-certas-musicas-ficam-presas-na-cabeca-por-horas-mesmo-quando-voce-nao-gosta-delas\/#breadcrumb","itemListElement":[{"@type":"ListItem","position":1,"name":"In\u00edcio","item":"https:\/\/www.em.com.br\/emfoco\/"},{"@type":"ListItem","position":2,"name":"Psicologia explica por que certas m\u00fasicas ficam presas na cabe\u00e7a por horas, mesmo quando voc\u00ea n\u00e3o gosta delas"}]},{"@type":"WebSite","@id":"https:\/\/www.em.com.br\/emfoco\/#website","url":"https:\/\/www.em.com.br\/emfoco\/","name":"Estado de Minas - Em foco","description":"Acompanhe as \u00faltimas not\u00edcias e fique bem informado sobre tudo o que acontece em Minas Gerais, Brasil e no mundo.","potentialAction":[{"@type":"SearchAction","target":{"@type":"EntryPoint","urlTemplate":"https:\/\/www.em.com.br\/emfoco\/?s={search_term_string}"},"query-input":{"@type":"PropertyValueSpecification","valueRequired":true,"valueName":"search_term_string"}}],"inLanguage":"pt-BR"},{"@type":"Person","@id":"https:\/\/www.em.com.br\/emfoco\/#\/schema\/person\/5379e929a4b966c775d121e23f9bb421","name":"Guilherme Ara\u00fajo","image":{"@type":"ImageObject","inLanguage":"pt-BR","@id":"https:\/\/secure.gravatar.com\/avatar\/063bc96e5a2afd1844386c45bd1360efc771eff011a9fab8cd399e2a104c3ecd?s=96&d=mm&r=g","url":"https:\/\/secure.gravatar.com\/avatar\/063bc96e5a2afd1844386c45bd1360efc771eff011a9fab8cd399e2a104c3ecd?s=96&d=mm&r=g","contentUrl":"https:\/\/secure.gravatar.com\/avatar\/063bc96e5a2afd1844386c45bd1360efc771eff011a9fab8cd399e2a104c3ecd?s=96&d=mm&r=g","caption":"Guilherme Ara\u00fajo"},"sameAs":["https:\/\/www.em.com.br\/emfoco"],"url":"https:\/\/www.em.com.br\/emfoco\/author\/guilhermeamyth\/"}]}},"_links":{"self":[{"href":"https:\/\/www.em.com.br\/emfoco\/wp-json\/wp\/v2\/posts\/261864","targetHints":{"allow":["GET"]}}],"collection":[{"href":"https:\/\/www.em.com.br\/emfoco\/wp-json\/wp\/v2\/posts"}],"about":[{"href":"https:\/\/www.em.com.br\/emfoco\/wp-json\/wp\/v2\/types\/post"}],"author":[{"embeddable":true,"href":"https:\/\/www.em.com.br\/emfoco\/wp-json\/wp\/v2\/users\/30"}],"replies":[{"embeddable":true,"href":"https:\/\/www.em.com.br\/emfoco\/wp-json\/wp\/v2\/comments?post=261864"}],"version-history":[{"count":2,"href":"https:\/\/www.em.com.br\/emfoco\/wp-json\/wp\/v2\/posts\/261864\/revisions"}],"predecessor-version":[{"id":261879,"href":"https:\/\/www.em.com.br\/emfoco\/wp-json\/wp\/v2\/posts\/261864\/revisions\/261879"}],"wp:attachment":[{"href":"https:\/\/www.em.com.br\/emfoco\/wp-json\/wp\/v2\/media?parent=261864"}],"wp:term":[{"taxonomy":"category","embeddable":true,"href":"https:\/\/www.em.com.br\/emfoco\/wp-json\/wp\/v2\/categories?post=261864"},{"taxonomy":"post_tag","embeddable":true,"href":"https:\/\/www.em.com.br\/emfoco\/wp-json\/wp\/v2\/tags?post=261864"}],"curies":[{"name":"wp","href":"https:\/\/api.w.org\/{rel}","templated":true}]}}