{"id":261770,"date":"2026-09-02T01:07:00","date_gmt":"2026-09-02T04:07:00","guid":{"rendered":"https:\/\/www.em.com.br\/emfoco\/?p=261770"},"modified":"2026-09-01T21:31:44","modified_gmt":"2026-09-02T00:31:44","slug":"familia-pagou-um-plano-funerario-durante-17-anos-mas-no-dia-do-velorio-descobriu-que-jazigo-transporte-e-taxas-do-cemiterio-seriam-cobrados-a-parte","status":"publish","type":"post","link":"https:\/\/www.em.com.br\/emfoco\/2026\/09\/02\/familia-pagou-um-plano-funerario-durante-17-anos-mas-no-dia-do-velorio-descobriu-que-jazigo-transporte-e-taxas-do-cemiterio-seriam-cobrados-a-parte\/","title":{"rendered":"Fam\u00edlia pagou um plano funer\u00e1rio durante 17 anos, mas no dia do vel\u00f3rio descobriu que jazigo, transporte e taxas do cemit\u00e9rio seriam cobrados \u00e0 parte"},"content":{"rendered":"\n<div class=\"emf-summary google-auto-ads-ignore\">\n  <style>\n    .emf-summary {\n      --emf-navy:#00245a;\n      --emf-navy-soft:#0b3b70;\n      --emf-ink:#1d2731;\n      --emf-muted:#66727e;\n      --emf-line:#d7dde5;\n      --emf-paper:#ffffff;\n      --emf-wash:#f4f6f8;\n      box-sizing:border-box!important;\n      inline-size:min(1100px,100%)!important;\n      max-inline-size:100%!important;\n      margin-inline:auto!important;\n      overflow:hidden!important;\n      color:var(--emf-ink);\n      background:var(--emf-paper);\n      border:1px solid var(--emf-line);\n      border-block-start:5px solid var(--emf-navy);\n      border-radius:6px!important;\n      box-shadow:0 8px 24px rgba(0,36,90,.08);\n      font-family:Arial,Helvetica,sans-serif;\n    }\n\n    .emf-summary *,\n    .emf-summary *::before,\n    .emf-summary *::after {\n      box-sizing:border-box!important;\n    }\n\n    .emf-summary-brand {\n      display:flex;\n      align-items:center;\n      gap:14px;\n      padding:16px 20px;\n      color:#fff;\n      background:linear-gradient(105deg,var(--emf-navy) 0%,var(--emf-navy-soft) 100%);\n      border-block-end:1px solid rgba(255,255,255,.18);\n    }\n\n    .emf-summary-logo {\n      display:grid;\n      place-items:center;\n      inline-size:58px;\n      block-size:58px;\n      flex:0 0 58px;\n      background:rgba(255,255,255,.08);\n      border:1px solid rgba(255,255,255,.35);\n      border-radius:3px!important;\n    }\n\n    .emf-summary-logo img {\n      display:block;\n      inline-size:46px;\n      block-size:46px;\n      max-inline-size:46px;\n      max-block-size:46px;\n      object-fit:contain;\n    }\n\n    .emf-summary-eyebrow {\n      margin:0 0 3px;\n      font-size:11px;\n      font-weight:700;\n      letter-spacing:.18em;\n      line-height:1.2;\n      text-transform:uppercase;\n      opacity:.78;\n    }\n\n    .emf-summary-title {\n      margin:0;\n      font-family:Georgia,\"Times New Roman\",serif;\n      font-size:25px;\n      font-weight:700;\n      line-height:1.15;\n    }\n\n    .emf-summary-grid {\n      display:grid;\n      grid-template-columns:repeat(3,minmax(0,1fr));\n      gap:0;\n      background:var(--emf-wash);\n    }\n\n    .emf-summary-card {\n      position:relative;\n      min-block-size:190px;\n      padding:24px 20px 20px;\n      overflow:hidden!important;\n      background:#fff;\n      border-inline-end:1px solid var(--emf-line);\n    }\n\n    .emf-summary-card:last-child {\n      border-inline-end:0;\n    }\n\n    .emf-summary-number {\n      position:absolute;\n      inset-block-start:13px;\n      inset-inline-end:15px;\n      color:rgba(0,36,90,.10);\n      font-family:Georgia,\"Times New Roman\",serif;\n      font-size:46px;\n      font-weight:700;\n      line-height:1;\n      pointer-events:none;\n    }\n\n    .emf-summary-card-title {\n      position:relative;\n      z-index:1;\n      margin:0 0 11px;\n      padding-block-end:10px;\n      color:var(--emf-navy);\n      border-block-end:2px solid var(--emf-navy);\n      font-family:Georgia,\"Times New Roman\",serif;\n      font-size:18px;\n      font-weight:700;\n      line-height:1.3;\n      overflow-wrap:anywhere;\n    }\n\n    .emf-summary-card-text {\n      position:relative;\n      z-index:1;\n      color:#485560;\n      font-size:13px;\n      line-height:1.6;\n      overflow-wrap:anywhere;\n    }\n\n    .emf-summary-card-meta {\n      position:relative;\n      z-index:1;\n      display:inline-flex;\n      margin-block-start:16px;\n      padding:5px 8px;\n      color:var(--emf-navy);\n      background:#edf1f5;\n      border:1px solid #d9e0e7;\n      border-radius:2px!important;\n      font-size:10px;\n      font-weight:700;\n      letter-spacing:.08em;\n      line-height:1.2;\n      text-transform:uppercase;\n    }\n\n    @media(max-width:760px) {\n      .emf-summary-grid {\n        grid-template-columns:1fr;\n      }\n\n      .emf-summary-card {\n        min-block-size:0;\n        border-inline-end:0;\n        border-block-end:1px solid var(--emf-line);\n      }\n\n      .emf-summary-card:last-child {\n        border-block-end:0;\n      }\n    }\n\n    @media(max-width:480px) {\n      .emf-summary-brand {\n        padding:14px 15px;\n      }\n\n      .emf-summary-logo {\n        inline-size:52px;\n        block-size:52px;\n        flex-basis:52px;\n      }\n\n      .emf-summary-logo img {\n        inline-size:41px;\n        block-size:41px;\n        max-inline-size:41px;\n        max-block-size:41px;\n      }\n\n      .emf-summary-title {\n        font-size:22px;\n      }\n\n      .emf-summary-card {\n        padding:21px 16px 18px;\n      }\n    }\n  <\/style>\n\n  <div class=\"emf-summary-brand\">\n    <div class=\"emf-summary-logo\">\n      <img\n        alt=\"Logo EM Foco\"\n        decoding=\"async\"\n        fetchpriority=\"high\"\n        height=\"46\"\n        loading=\"eager\"\n        referrerpolicy=\"no-referrer\"\n        src=\"https:\/\/www.em.com.br\/emfoco\/wp-content\/uploads\/2026\/08\/em_transparente_3000px-scaled.png\"\n        width=\"46\"\n      >\n    <\/div>\n\n    <div>\n      <div class=\"emf-summary-eyebrow\">EM FOCO<\/div>\n      <div class=\"emf-summary-title\">Resumo da mat\u00e9ria<\/div>\n    <\/div>\n  <\/div>\n\n  <div class=\"emf-summary-grid\">\n    <div class=\"emf-summary-card\">\n      <span aria-hidden=\"true\" class=\"emf-summary-number\">01<\/span>\n      <div aria-level=\"3\" class=\"emf-summary-card-title\" role=\"heading\">\n        Relato fict\u00edcio\n      <\/div>\n      <div class=\"emf-summary-card-text\">\n        Fam\u00edlia, empresa, contrato de 17 anos, cobran\u00e7as e funeral foram criados apenas para explicar um conflito poss\u00edvel.\n      <\/div>\n      <div class=\"emf-summary-card-meta\">\n        Transpar\u00eancia\n      <\/div>\n    <\/div>\n    <div class=\"emf-summary-card\">\n      <span aria-hidden=\"true\" class=\"emf-summary-number\">02<\/span>\n      <div aria-level=\"3\" class=\"emf-summary-card-title\" role=\"heading\">\n        Contrato sob press\u00e3o\n      <\/div>\n      <div class=\"emf-summary-card-text\">\n        A urg\u00eancia do vel\u00f3rio aumenta a import\u00e2ncia de guardar an\u00fancio, contrato, boletos, notas e mensagens sobre cada servi\u00e7o.\n      <\/div>\n      <div class=\"emf-summary-card-meta\">\n        Provas\n      <\/div>\n    <\/div>\n    <div class=\"emf-summary-card\">\n      <span aria-hidden=\"true\" class=\"emf-summary-number\">03<\/span>\n      <div aria-level=\"3\" class=\"emf-summary-card-title\" role=\"heading\">\n        Oferta e exclus\u00f5es\n      <\/div>\n      <div class=\"emf-summary-card-text\">\n        A an\u00e1lise jur\u00eddica separa o que foi anunciado, o que o contrato excluiu e quais valores surgiram no atendimento.\n      <\/div>\n      <div class=\"emf-summary-card-meta\">\n        Direitos\n      <\/div>\n    <\/div>\n\n  <\/div>\n<\/div>\n\n\n\n<p class=\"wp-block-paragraph\">Durante <strong>17 anos<\/strong>, uma fam\u00edlia fict\u00edcia pagou um <strong>plano funer\u00e1rio<\/strong> acreditando ter cobertura completa. No vel\u00f3rio fict\u00edcio, surgiram cobran\u00e7as por jazigo, transporte e taxas. O caso foi criado para mostrar como oferta, exclus\u00f5es, contrato e gastos urgentes precisam ser comparados antes de definir qualquer responsabilidade.<\/p>\n\n\n\n<h2 class=\"wp-block-heading\">Como a cobran\u00e7a apareceu no relato fict\u00edcio?<\/h2>\n\n\n\n<p class=\"wp-block-paragraph\">Na situa\u00e7\u00e3o inventada, a fam\u00edlia apresentou a carteirinha assim que chegou \u00e0 funer\u00e1ria. O atendente informou que urna e prepara\u00e7\u00e3o estavam cobertas, mas <strong>jazigo, transporte e taxas do cemit\u00e9rio<\/strong> ficariam fora. Como o sepultamento n\u00e3o podia esperar, os parentes pagaram para evitar interrup\u00e7\u00e3o.<\/p>\n\n\n\n<p class=\"wp-block-paragraph\">Todos os elementos s\u00e3o fict\u00edcios: fam\u00edlia, empresa, per\u00edodo, falecimento, valores e conversa. O conflito serve para organizar documentos e a <a href=\"https:\/\/pt.wikipedia.org\/wiki\/C%C3%B3digo_de_Defesa_do_Consumidor\" target=\"_blank\" rel=\"noopener noreferrer\"><strong>estrutura do CDC<\/strong><\/a>. N\u00e3o existe decis\u00e3o real nem conclus\u00e3o contra fornecedor. A primeira pergunta seria <strong>o que a publicidade prometeu<\/strong> quando o plano foi vendido e renovado.<\/p>\n\n\n<div class=\"wp-block-image\">\n<figure class=\"aligncenter size-large\"><img decoding=\"async\" width=\"1024\" height=\"576\" src=\"https:\/\/www.em.com.br\/emfoco\/wp-content\/uploads\/2026\/09\/contas-1-1024x576.jpg\" alt=\"\" class=\"wp-image-261831\" srcset=\"https:\/\/www.em.com.br\/emfoco\/wp-content\/uploads\/2026\/09\/contas-1-1024x576.jpg 1024w, https:\/\/www.em.com.br\/emfoco\/wp-content\/uploads\/2026\/09\/contas-1-300x169.jpg 300w, https:\/\/www.em.com.br\/emfoco\/wp-content\/uploads\/2026\/09\/contas-1-768x432.jpg 768w, https:\/\/www.em.com.br\/emfoco\/wp-content\/uploads\/2026\/09\/contas-1-750x421.jpg 750w, https:\/\/www.em.com.br\/emfoco\/wp-content\/uploads\/2026\/09\/contas-1-1140x641.jpg 1140w, https:\/\/www.em.com.br\/emfoco\/wp-content\/uploads\/2026\/09\/contas-1.jpg 1280w\" sizes=\"(max-width: 1024px) 100vw, 1024px\" \/><figcaption class=\"wp-element-caption\">A forma como o plano foi oferecido tamb\u00e9m pode ser importante para avaliar as expectativas criadas<\/figcaption><\/figure>\n<\/div>\n\n\n<h2 class=\"wp-block-heading\">Quais documentos mostrariam o que estava realmente inclu\u00eddo?<\/h2>\n\n\n\n<p class=\"wp-block-paragraph\">O ponto de partida seria reunir proposta, an\u00fancio, contrato original, condi\u00e7\u00f5es atualizadas, boletos e carteirinha. Mensagens e grava\u00e7\u00f5es de atendimento tamb\u00e9m poderiam mostrar como a cobertura era apresentada. A <strong>lista exata de servi\u00e7os<\/strong> precisa ser comparada com cada valor cobrado durante o funeral fict\u00edcio.<\/p>\n\n\n\n<p class=\"wp-block-paragraph\">O <a href=\"https:\/\/www.planalto.gov.br\/ccivil_03\/leis\/l8078compilado.htm\" target=\"_blank\" rel=\"noopener noreferrer\"><strong>C\u00f3digo de Defesa do Consumidor<\/strong><\/a> prev\u00ea informa\u00e7\u00e3o adequada e clara e vincula a oferta suficientemente precisa. A aplica\u00e7\u00e3o ao caso dependeria das provas. Uma exclus\u00e3o escrita de modo escondido, gen\u00e9rico ou incompat\u00edvel com a publicidade exigiria an\u00e1lise concreta.<\/p>\n\n\n\n<h2 class=\"wp-block-heading\">O que a fam\u00edlia fict\u00edcia deveria registrar durante a urg\u00eancia?<\/h2>\n\n\n\n<p class=\"wp-block-paragraph\">Mesmo sob press\u00e3o, seria \u00fatil pedir or\u00e7amento discriminado e identifica\u00e7\u00e3o de quem cobrou. Cada recibo deveria separar servi\u00e7o funer\u00e1rio, cemit\u00e9rio, transporte e taxa p\u00fablica ou privada. Essa divis\u00e3o permite saber <strong>quem recebeu cada pagamento<\/strong> e qual item estava ligado ao contrato do plano.<\/p>\n\n\n\n<p class=\"wp-block-paragraph\">Se n\u00e3o fosse poss\u00edvel discutir na hora, a fam\u00edlia poderia registrar por mensagem que pagava para evitar atraso, sem concordar com a cobran\u00e7a. Essa frase n\u00e3o resolve o caso, mas preserva o contexto. Depois, contrato e notas ajudariam a medir <strong>gastos emergenciais comprovados<\/strong>, sem estimativas inventadas.<\/p>\n\n\n\n<p class=\"myth-list-bridge wp-block-paragraph\">A seguir listamos <strong>cinco provas do caso fict\u00edcio<\/strong> que ajudariam a reconstruir a oferta, a cobertura e os gastos:<\/p>\n\n\n\n<ul class=\"wp-block-list myth-bullet-list\">\n<li><strong>Publicidade:<\/strong> folheto ou mensagem que descrevia o plano como completo.<\/li>\n\n\n\n<li><strong>Contrato:<\/strong> vers\u00e3o assinada e eventuais mudan\u00e7as comunicadas.<\/li>\n\n\n\n<li><strong>Boletos:<\/strong> hist\u00f3rico de pagamentos durante os 17 anos fict\u00edcios.<\/li>\n\n\n\n<li><strong>Or\u00e7amento:<\/strong> separa\u00e7\u00e3o dos servi\u00e7os cobrados no vel\u00f3rio.<\/li>\n\n\n\n<li><strong>Recibos:<\/strong> comprova\u00e7\u00e3o de quem recebeu cada valor emergencial.<\/li>\n<\/ul>\n\n\n\n<p class=\"wp-block-paragraph\"><strong>Leia tamb\u00e9m: <a href=\"https:\/\/www.em.com.br\/emfoco\/2026\/08\/07\/tratorista-e-demitido-8-dias-apos-voltar-de-internacao-psiquiatrica-e-justica-manda-reintegra-lo-com-r-6-mil\/\" target=\"_blank\" rel=\"noreferrer noopener\">Tratorista \u00e9 demitido 8 dias ap\u00f3s voltar de interna\u00e7\u00e3o psiqui\u00e1trica, e Justi\u00e7a manda reintegr\u00e1-lo com R$ 6 mil<\/a><\/strong><\/p>\n\n\n<div class=\"wp-block-image\">\n<figure class=\"aligncenter size-large\"><img decoding=\"async\" width=\"1024\" height=\"576\" src=\"https:\/\/www.em.com.br\/emfoco\/wp-content\/uploads\/2026\/09\/carro2-1024x576.jpg\" alt=\"\" class=\"wp-image-261832\" srcset=\"https:\/\/www.em.com.br\/emfoco\/wp-content\/uploads\/2026\/09\/carro2-1024x576.jpg 1024w, https:\/\/www.em.com.br\/emfoco\/wp-content\/uploads\/2026\/09\/carro2-300x169.jpg 300w, https:\/\/www.em.com.br\/emfoco\/wp-content\/uploads\/2026\/09\/carro2-768x432.jpg 768w, https:\/\/www.em.com.br\/emfoco\/wp-content\/uploads\/2026\/09\/carro2-750x421.jpg 750w, https:\/\/www.em.com.br\/emfoco\/wp-content\/uploads\/2026\/09\/carro2-1140x641.jpg 1140w, https:\/\/www.em.com.br\/emfoco\/wp-content\/uploads\/2026\/09\/carro2.jpg 1280w\" sizes=\"(max-width: 1024px) 100vw, 1024px\" \/><figcaption class=\"wp-element-caption\">Cobran\u00e7as apresentadas apenas no momento do vel\u00f3rio colocam a fam\u00edlia em uma situa\u00e7\u00e3o especialmente delicada<\/figcaption><\/figure>\n<\/div>\n\n\n<h2 class=\"wp-block-heading\">Como oferta, exclus\u00e3o e cobran\u00e7a seriam analisadas separadamente?<\/h2>\n\n\n\n<p class=\"wp-block-paragraph\">A oferta mostra a expectativa criada antes da contrata\u00e7\u00e3o. O contrato revela cobertura, car\u00eancia e exclus\u00f5es. A cobran\u00e7a final informa o que foi exigido no momento cr\u00edtico. A an\u00e1lise precisa verificar <strong>coer\u00eancia entre as tr\u00eas etapas<\/strong>, al\u00e9m da clareza usada para explicar limites ao consumidor.<\/p>\n\n\n\n<p class=\"wp-block-paragraph\">A vers\u00e3o acess\u00edvel do <a href=\"https:\/\/www.pcdlegal.com.br\/cdc\/wp-content\/themes\/pcdlegal\/livrodigital\/4\/\" target=\"_blank\" rel=\"noopener noreferrer\"><strong>CDC publicada pelo PCD Legal<\/strong><\/a> ajuda a localizar as regras atuais, mas n\u00e3o decide o relato. Seria necess\u00e1rio saber se jazigo e transporte foram prometidos, exclu\u00eddos com destaque ou prestados por terceiros fora do plano.<\/p>\n\n\n\n<p class=\"myth-html-bridge wp-block-paragraph\">A seguir listamos <strong>tr\u00eas etapas da an\u00e1lise contratual<\/strong> que n\u00e3o devem ser misturadas ao reconstruir a situa\u00e7\u00e3o:<\/p>\n\n\n\n<div class=\"emf-data-table google-auto-ads-ignore\">\n  <style>\n    .emf-data-table {\n      --emf-navy:#00245a;\n      --emf-navy-soft:#0b3b70;\n      --emf-ink:#1d2731;\n      --emf-muted:#66727e;\n      --emf-line:#d7dde5;\n      --emf-wash:#f4f6f8;\n      box-sizing:border-box!important;\n      inline-size:min(1100px,100%)!important;\n      max-inline-size:100%!important;\n      margin-inline:auto!important;\n      overflow:hidden!important;\n      color:var(--emf-ink);\n      background:#fff;\n      border:1px solid var(--emf-line);\n      border-radius:6px!important;\n      box-shadow:0 8px 24px rgba(0,36,90,.08);\n      font-family:Arial,Helvetica,sans-serif;\n    }\n\n    .emf-data-table *,\n    .emf-data-table *::before,\n    .emf-data-table *::after {\n      box-sizing:border-box!important;\n    }\n\n    .emf-data-table-brand {\n      display:flex;\n      align-items:center;\n      gap:13px;\n      min-block-size:72px;\n      padding:10px 17px;\n      color:#fff;\n      background:linear-gradient(105deg,var(--emf-navy) 0%,var(--emf-navy-soft) 100%);\n      border-block-end:4px solid #c5ced8;\n    }\n\n    .emf-data-table-logo {\n      display:grid;\n      place-items:center;\n      inline-size:52px;\n      block-size:52px;\n      flex:0 0 52px;\n      background:rgba(255,255,255,.08);\n      border:1px solid rgba(255,255,255,.35);\n      border-radius:3px!important;\n    }\n\n    .emf-data-table-logo img {\n      display:block;\n      inline-size:41px;\n      block-size:41px;\n      max-inline-size:41px;\n      max-block-size:41px;\n      object-fit:contain;\n    }\n\n    .emf-data-table-kicker {\n      margin:0 0 2px;\n      font-size:10px;\n      font-weight:700;\n      letter-spacing:.16em;\n      line-height:1.2;\n      text-transform:uppercase;\n      opacity:.78;\n    }\n\n    .emf-data-table-title {\n      margin:0;\n      font-family:Georgia,\"Times New Roman\",serif;\n      font-size:21px;\n      font-weight:700;\n      line-height:1.2;\n    }\n\n    .emf-data-table-scroll {\n      display:block!important;\n      inline-size:100%!important;\n      max-inline-size:100%!important;\n      overflow-x:auto!important;\n      overflow-y:hidden!important;\n      -webkit-overflow-scrolling:touch;\n      overscroll-behavior-inline:contain;\n      scrollbar-width:thin;\n      scrollbar-color:#8798aa #edf1f5;\n    }\n\n    .emf-data-table-scroll:focus-visible {\n      outline:3px solid rgba(0,36,90,.35);\n      outline-offset:-3px;\n    }\n\n    .emf-data-table table {\n      display:table!important;\n      inline-size:100%!important;\n      min-inline-size:680px!important;\n      max-inline-size:none!important;\n      margin:0!important;\n      border:0!important;\n      border-collapse:separate!important;\n      border-spacing:0!important;\n      table-layout:auto!important;\n      background:#fff!important;\n    }\n\n    .emf-data-table caption {\n      position:absolute!important;\n      inline-size:1px!important;\n      block-size:1px!important;\n      padding:0!important;\n      margin:-1px!important;\n      overflow:hidden!important;\n      clip:rect(0,0,0,0)!important;\n      white-space:nowrap!important;\n      border:0!important;\n    }\n\n    .emf-data-table thead {\n      display:table-header-group!important;\n    }\n\n    .emf-data-table tbody {\n      display:table-row-group!important;\n    }\n\n    .emf-data-table tr {\n      display:table-row!important;\n    }\n\n    .emf-data-table th,\n    .emf-data-table td {\n      display:table-cell!important;\n      float:none!important;\n      inline-size:auto!important;\n      max-inline-size:none!important;\n      margin:0!important;\n      border-radius:0!important;\n      text-align:left!important;\n      vertical-align:middle!important;\n    }\n\n    .emf-data-table th {\n      padding:14px 17px!important;\n      color:#fff!important;\n      background:var(--emf-navy)!important;\n      border-block-end:1px solid rgba(255,255,255,.22)!important;\n      border-inline-end:1px solid rgba(255,255,255,.12)!important;\n      font-family:Georgia,\"Times New Roman\",serif;\n      font-size:14px!important;\n      font-weight:700!important;\n      line-height:1.35!important;\n      white-space:nowrap!important;\n    }\n\n    .emf-data-table th:last-child {\n      border-inline-end:0!important;\n    }\n\n    .emf-data-table td {\n      padding:14px 17px!important;\n      color:#43515e!important;\n      background:#fff!important;\n      border-block-end:1px solid var(--emf-line)!important;\n      font-size:14px!important;\n      font-weight:400!important;\n      line-height:1.5!important;\n      overflow-wrap:anywhere;\n    }\n\n    .emf-data-table tbody tr:nth-child(even) td {\n      background:var(--emf-wash)!important;\n    }\n\n    .emf-data-table tbody tr:hover td {\n      background:#eaf0f5!important;\n    }\n\n    .emf-data-table tbody tr:last-child td {\n      border-block-end:0!important;\n    }\n\n    .emf-data-table td:first-child {\n      color:var(--emf-navy)!important;\n      font-weight:700!important;\n    }\n\n    @media(max-width:560px) {\n      .emf-data-table-brand {\n        min-block-size:68px;\n        padding:9px 13px;\n      }\n\n      .emf-data-table-title {\n        font-size:19px;\n      }\n\n      .emf-data-table-scroll {\n        overflow:visible!important;\n      }\n\n      .emf-data-table table,\n      .emf-data-table thead,\n      .emf-data-table tbody,\n      .emf-data-table tr,\n      .emf-data-table th,\n      .emf-data-table td {\n        display:block!important;\n        inline-size:100%!important;\n        min-inline-size:0!important;\n        max-inline-size:100%!important;\n      }\n\n      .emf-data-table table {\n        padding:13px!important;\n      }\n\n      .emf-data-table thead {\n        position:absolute!important;\n        inline-size:1px!important;\n        block-size:1px!important;\n        padding:0!important;\n        margin:-1px!important;\n        overflow:hidden!important;\n        clip:rect(0,0,0,0)!important;\n        white-space:nowrap!important;\n      }\n\n      .emf-data-table tbody {\n        display:grid!important;\n        gap:11px;\n      }\n\n      .emf-data-table tr {\n        overflow:hidden!important;\n        background:#fff!important;\n        border:1px solid var(--emf-line)!important;\n        border-block-start:4px solid var(--emf-navy)!important;\n        border-radius:4px!important;\n        box-shadow:0 4px 12px rgba(0,36,90,.06);\n      }\n\n      .emf-data-table td,\n      .emf-data-table tbody tr:nth-child(even) td,\n      .emf-data-table tbody tr:hover td {\n        display:grid!important;\n        grid-template-columns:minmax(105px,38%) minmax(0,1fr)!important;\n        align-items:start;\n        gap:11px;\n        padding:11px 12px!important;\n        background:#fff!important;\n        border-block-end:1px solid #e2e7ec!important;\n      }\n\n      .emf-data-table td::before {\n        content:attr(data-label);\n        color:var(--emf-muted);\n        font-size:10px;\n        font-weight:700;\n        letter-spacing:.06em;\n        line-height:1.35;\n        text-transform:uppercase;\n      }\n\n      .emf-data-table td:first-child {\n        color:var(--emf-navy)!important;\n        background:#edf1f5!important;\n      }\n\n      .emf-data-table td:last-child {\n        border-block-end:0!important;\n      }\n    }\n  <\/style>\n\n  <div class=\"emf-data-table-brand\">\n    <div class=\"emf-data-table-logo\">\n      <img\n        alt=\"Logo EM Foco\"\n        decoding=\"async\"\n        height=\"41\"\n        loading=\"lazy\"\n        referrerpolicy=\"no-referrer\"\n        src=\"https:\/\/www.em.com.br\/emfoco\/wp-content\/uploads\/2026\/08\/em_transparente_3000px-scaled.png\"\n        width=\"41\"\n      >\n    <\/div>\n\n    <div>\n      <div class=\"emf-data-table-kicker\">DADOS EM FOCO<\/div>\n      <div class=\"emf-data-table-title\">Oferta, contrato e cobran\u00e7a<\/div>\n    <\/div>\n  <\/div>\n\n  <div aria-label=\"Etapas de an\u00e1lise do plano funer\u00e1rio fict\u00edcio\" class=\"emf-data-table-scroll\" role=\"region\" tabindex=\"0\">\n    <table>\n      <caption>Compara\u00e7\u00e3o entre a promessa inicial, o documento contratado e os valores exigidos.<\/caption>\n      <thead>\n        <tr>\n          <th scope=\"col\">Etapa<\/th>\n          <th scope=\"col\">Prova principal<\/th>\n          <th scope=\"col\">Pergunta<\/th>\n        <\/tr>\n      <\/thead>\n      <tbody>\n        <tr>\n          <td data-label=\"Etapa\">Oferta<\/td>\n          <td data-label=\"Prova principal\">An\u00fancio e proposta<\/td>\n          <td data-label=\"Pergunta\">O que foi prometido?<\/td>\n        <\/tr>\n        <tr>\n          <td data-label=\"Etapa\">Contrato<\/td>\n          <td data-label=\"Prova principal\">Coberturas e exclus\u00f5es<\/td>\n          <td data-label=\"Pergunta\">O limite estava claro?<\/td>\n        <\/tr>\n        <tr>\n          <td data-label=\"Etapa\">Cobran\u00e7a<\/td>\n          <td data-label=\"Prova principal\">Or\u00e7amento e recibos<\/td>\n          <td data-label=\"Pergunta\">Quem cobrou cada item?<\/td>\n        <\/tr>\n\n      <\/tbody>\n    <\/table>\n  <\/div>\n<\/div>\n\n\n\n<h2 class=\"wp-block-heading\">Que caminhos poderiam ser usados depois do funeral?<\/h2>\n\n\n\n<p class=\"wp-block-paragraph\">Com os documentos reunidos, a fam\u00edlia fict\u00edcia poderia pedir resposta escrita \u00e0 empresa e contestar item por item. Se n\u00e3o houvesse solu\u00e7\u00e3o, canais de defesa do consumidor e o Judici\u00e1rio avaliariam oferta, informa\u00e7\u00e3o, contrato e preju\u00edzo. <strong>Nenhum reembolso seria autom\u00e1tico<\/strong> sem examinar cobertura e prova.<\/p>\n\n\n\n<p class=\"wp-block-paragraph\">O relato termina sem apontar culpado porque a responsabilidade depende do que foi anunciado, contratado e cobrado. A li\u00e7\u00e3o \u00e9 documental: diante de um plano funer\u00e1rio, <strong>cobertura completa precisa ser descrita<\/strong>. Em urg\u00eancia, recibos e mensagens preservam fatos que a mem\u00f3ria pode perder depois do vel\u00f3rio.<\/p>\n","protected":false},"excerpt":{"rendered":"<p>EM FOCO Resumo da mat\u00e9ria 01 Relato fict\u00edcio Fam\u00edlia, empresa, contrato de 17 anos, cobran\u00e7as e funeral foram criados apenas para explicar um conflito poss\u00edvel. Transpar\u00eancia 02 Contrato sob press\u00e3o A urg\u00eancia do vel\u00f3rio aumenta a import\u00e2ncia de guardar an\u00fancio, contrato, boletos, notas e mensagens sobre cada servi\u00e7o. Provas 03 Oferta e exclus\u00f5es A an\u00e1lise [&hellip;]<\/p>\n","protected":false},"author":30,"featured_media":261829,"comment_status":"open","ping_status":"open","sticky":false,"template":"","format":"standard","meta":{"jnews-multi-image_gallery":[],"jnews_single_post":{"format":"standard"},"jnews_primary_category":[],"jnews_social_meta":[],"jnews_override_counter":[],"footnotes":""},"categories":[8819],"tags":[29465,1333,14807,7784],"class_list":["post-261770","post","type-post","status-publish","format-standard","has-post-thumbnail","hentry","category-curiosidades","tag-cobrancas","tag-consumidor","tag-contrato","tag-funeral"],"yoast_head":"<!-- This site is optimized with the Yoast SEO plugin v28.3 - https:\/\/yoast.com\/product\/yoast-seo-wordpress\/ -->\n<title>Fam\u00edlia pagou um plano funer\u00e1rio durante 17 anos, mas no dia do vel\u00f3rio descobriu que jazigo, transporte e taxas do cemit\u00e9rio seriam cobrados \u00e0 parte - Estado de Minas - Em foco<\/title>\n<meta name=\"description\" content=\"Um plano funer\u00e1rio pago por 17 anos pode esconder cobran\u00e7as? Um relato fict\u00edcio separa oferta, contrato, exclus\u00f5es e gastos urgentes.\" \/>\n<meta name=\"robots\" content=\"index, follow, max-snippet:-1, max-image-preview:large, max-video-preview:-1\" \/>\n<link rel=\"canonical\" href=\"https:\/\/www.em.com.br\/emfoco\/2026\/09\/02\/familia-pagou-um-plano-funerario-durante-17-anos-mas-no-dia-do-velorio-descobriu-que-jazigo-transporte-e-taxas-do-cemiterio-seriam-cobrados-a-parte\/\" \/>\n<meta property=\"og:locale\" content=\"pt_BR\" \/>\n<meta property=\"og:type\" content=\"article\" \/>\n<meta property=\"og:title\" content=\"Fam\u00edlia pagou um plano funer\u00e1rio durante 17 anos, mas no dia do vel\u00f3rio descobriu que jazigo, transporte e taxas do cemit\u00e9rio seriam cobrados \u00e0 parte - Estado de Minas - Em foco\" \/>\n<meta property=\"og:description\" content=\"Um plano funer\u00e1rio pago por 17 anos pode esconder cobran\u00e7as? Um relato fict\u00edcio separa oferta, contrato, exclus\u00f5es e gastos urgentes.\" \/>\n<meta property=\"og:url\" content=\"https:\/\/www.em.com.br\/emfoco\/2026\/09\/02\/familia-pagou-um-plano-funerario-durante-17-anos-mas-no-dia-do-velorio-descobriu-que-jazigo-transporte-e-taxas-do-cemiterio-seriam-cobrados-a-parte\/\" \/>\n<meta property=\"og:site_name\" content=\"Estado de Minas - Em foco\" \/>\n<meta property=\"article:published_time\" content=\"2026-09-02T04:07:00+00:00\" \/>\n<meta property=\"og:image\" content=\"https:\/\/www.em.com.br\/emfoco\/wp-content\/uploads\/2026\/09\/funeral1.jpg\" \/>\n\t<meta property=\"og:image:width\" content=\"1280\" \/>\n\t<meta property=\"og:image:height\" content=\"720\" \/>\n\t<meta property=\"og:image:type\" content=\"image\/jpeg\" \/>\n<meta name=\"author\" content=\"Guilherme Ara\u00fajo\" \/>\n<meta name=\"twitter:card\" content=\"summary_large_image\" \/>\n<meta name=\"twitter:label1\" content=\"Escrito por\" \/>\n\t<meta name=\"twitter:data1\" content=\"Guilherme Ara\u00fajo\" \/>\n\t<meta name=\"twitter:label2\" content=\"Est. tempo de leitura\" \/>\n\t<meta name=\"twitter:data2\" content=\"6 minutos\" \/>\n<!-- \/ Yoast SEO plugin. -->","yoast_head_json":{"title":"Fam\u00edlia pagou um plano funer\u00e1rio durante 17 anos, mas no dia do vel\u00f3rio descobriu que jazigo, transporte e taxas do cemit\u00e9rio seriam cobrados \u00e0 parte - Estado de Minas - Em foco","description":"Um plano funer\u00e1rio pago por 17 anos pode esconder cobran\u00e7as? Um relato fict\u00edcio separa oferta, contrato, exclus\u00f5es e gastos urgentes.","robots":{"index":"index","follow":"follow","max-snippet":"max-snippet:-1","max-image-preview":"max-image-preview:large","max-video-preview":"max-video-preview:-1"},"canonical":"https:\/\/www.em.com.br\/emfoco\/2026\/09\/02\/familia-pagou-um-plano-funerario-durante-17-anos-mas-no-dia-do-velorio-descobriu-que-jazigo-transporte-e-taxas-do-cemiterio-seriam-cobrados-a-parte\/","og_locale":"pt_BR","og_type":"article","og_title":"Fam\u00edlia pagou um plano funer\u00e1rio durante 17 anos, mas no dia do vel\u00f3rio descobriu que jazigo, transporte e taxas do cemit\u00e9rio seriam cobrados \u00e0 parte - Estado de Minas - Em foco","og_description":"Um plano funer\u00e1rio pago por 17 anos pode esconder cobran\u00e7as? Um relato fict\u00edcio separa oferta, contrato, exclus\u00f5es e gastos urgentes.","og_url":"https:\/\/www.em.com.br\/emfoco\/2026\/09\/02\/familia-pagou-um-plano-funerario-durante-17-anos-mas-no-dia-do-velorio-descobriu-que-jazigo-transporte-e-taxas-do-cemiterio-seriam-cobrados-a-parte\/","og_site_name":"Estado de Minas - Em foco","article_published_time":"2026-09-02T04:07:00+00:00","og_image":[{"width":1280,"height":720,"url":"https:\/\/www.em.com.br\/emfoco\/wp-content\/uploads\/2026\/09\/funeral1.jpg","type":"image\/jpeg"}],"author":"Guilherme Ara\u00fajo","twitter_card":"summary_large_image","twitter_misc":{"Escrito por":"Guilherme Ara\u00fajo","Est. tempo de leitura":"6 minutos"},"schema":{"@context":"https:\/\/schema.org","@graph":[{"@type":"Article","@id":"https:\/\/www.em.com.br\/emfoco\/2026\/09\/02\/familia-pagou-um-plano-funerario-durante-17-anos-mas-no-dia-do-velorio-descobriu-que-jazigo-transporte-e-taxas-do-cemiterio-seriam-cobrados-a-parte\/#article","isPartOf":{"@id":"https:\/\/www.em.com.br\/emfoco\/2026\/09\/02\/familia-pagou-um-plano-funerario-durante-17-anos-mas-no-dia-do-velorio-descobriu-que-jazigo-transporte-e-taxas-do-cemiterio-seriam-cobrados-a-parte\/"},"author":{"name":"Guilherme Ara\u00fajo","@id":"https:\/\/www.em.com.br\/emfoco\/#\/schema\/person\/5379e929a4b966c775d121e23f9bb421"},"headline":"Fam\u00edlia pagou um plano funer\u00e1rio durante 17 anos, mas no dia do vel\u00f3rio descobriu que jazigo, transporte e taxas do cemit\u00e9rio seriam cobrados \u00e0 parte","datePublished":"2026-09-02T04:07:00+00:00","mainEntityOfPage":{"@id":"https:\/\/www.em.com.br\/emfoco\/2026\/09\/02\/familia-pagou-um-plano-funerario-durante-17-anos-mas-no-dia-do-velorio-descobriu-que-jazigo-transporte-e-taxas-do-cemiterio-seriam-cobrados-a-parte\/"},"wordCount":914,"commentCount":0,"image":{"@id":"https:\/\/www.em.com.br\/emfoco\/2026\/09\/02\/familia-pagou-um-plano-funerario-durante-17-anos-mas-no-dia-do-velorio-descobriu-que-jazigo-transporte-e-taxas-do-cemiterio-seriam-cobrados-a-parte\/#primaryimage"},"thumbnailUrl":"https:\/\/www.em.com.br\/emfoco\/wp-content\/uploads\/2026\/09\/funeral1.jpg","keywords":["cobran\u00e7as","consumidor","contrato","Funeral"],"articleSection":["Curiosidades"],"inLanguage":"pt-BR","potentialAction":[{"@type":"CommentAction","name":"Comment","target":["https:\/\/www.em.com.br\/emfoco\/2026\/09\/02\/familia-pagou-um-plano-funerario-durante-17-anos-mas-no-dia-do-velorio-descobriu-que-jazigo-transporte-e-taxas-do-cemiterio-seriam-cobrados-a-parte\/#respond"]}]},{"@type":"WebPage","@id":"https:\/\/www.em.com.br\/emfoco\/2026\/09\/02\/familia-pagou-um-plano-funerario-durante-17-anos-mas-no-dia-do-velorio-descobriu-que-jazigo-transporte-e-taxas-do-cemiterio-seriam-cobrados-a-parte\/","url":"https:\/\/www.em.com.br\/emfoco\/2026\/09\/02\/familia-pagou-um-plano-funerario-durante-17-anos-mas-no-dia-do-velorio-descobriu-que-jazigo-transporte-e-taxas-do-cemiterio-seriam-cobrados-a-parte\/","name":"Fam\u00edlia pagou um plano funer\u00e1rio durante 17 anos, mas no dia do vel\u00f3rio descobriu que jazigo, transporte e taxas do cemit\u00e9rio seriam cobrados \u00e0 parte - Estado de Minas - Em foco","isPartOf":{"@id":"https:\/\/www.em.com.br\/emfoco\/#website"},"primaryImageOfPage":{"@id":"https:\/\/www.em.com.br\/emfoco\/2026\/09\/02\/familia-pagou-um-plano-funerario-durante-17-anos-mas-no-dia-do-velorio-descobriu-que-jazigo-transporte-e-taxas-do-cemiterio-seriam-cobrados-a-parte\/#primaryimage"},"image":{"@id":"https:\/\/www.em.com.br\/emfoco\/2026\/09\/02\/familia-pagou-um-plano-funerario-durante-17-anos-mas-no-dia-do-velorio-descobriu-que-jazigo-transporte-e-taxas-do-cemiterio-seriam-cobrados-a-parte\/#primaryimage"},"thumbnailUrl":"https:\/\/www.em.com.br\/emfoco\/wp-content\/uploads\/2026\/09\/funeral1.jpg","datePublished":"2026-09-02T04:07:00+00:00","author":{"@id":"https:\/\/www.em.com.br\/emfoco\/#\/schema\/person\/5379e929a4b966c775d121e23f9bb421"},"description":"Um plano funer\u00e1rio pago por 17 anos pode esconder cobran\u00e7as? Um relato fict\u00edcio separa oferta, contrato, exclus\u00f5es e gastos urgentes.","breadcrumb":{"@id":"https:\/\/www.em.com.br\/emfoco\/2026\/09\/02\/familia-pagou-um-plano-funerario-durante-17-anos-mas-no-dia-do-velorio-descobriu-que-jazigo-transporte-e-taxas-do-cemiterio-seriam-cobrados-a-parte\/#breadcrumb"},"inLanguage":"pt-BR","potentialAction":[{"@type":"ReadAction","target":["https:\/\/www.em.com.br\/emfoco\/2026\/09\/02\/familia-pagou-um-plano-funerario-durante-17-anos-mas-no-dia-do-velorio-descobriu-que-jazigo-transporte-e-taxas-do-cemiterio-seriam-cobrados-a-parte\/"]}]},{"@type":"ImageObject","inLanguage":"pt-BR","@id":"https:\/\/www.em.com.br\/emfoco\/2026\/09\/02\/familia-pagou-um-plano-funerario-durante-17-anos-mas-no-dia-do-velorio-descobriu-que-jazigo-transporte-e-taxas-do-cemiterio-seriam-cobrados-a-parte\/#primaryimage","url":"https:\/\/www.em.com.br\/emfoco\/wp-content\/uploads\/2026\/09\/funeral1.jpg","contentUrl":"https:\/\/www.em.com.br\/emfoco\/wp-content\/uploads\/2026\/09\/funeral1.jpg","width":1280,"height":720,"caption":"O contrato pode mostrar quais servi\u00e7os estavam inclu\u00eddos e quais dependiam de pagamento adicional"},{"@type":"BreadcrumbList","@id":"https:\/\/www.em.com.br\/emfoco\/2026\/09\/02\/familia-pagou-um-plano-funerario-durante-17-anos-mas-no-dia-do-velorio-descobriu-que-jazigo-transporte-e-taxas-do-cemiterio-seriam-cobrados-a-parte\/#breadcrumb","itemListElement":[{"@type":"ListItem","position":1,"name":"In\u00edcio","item":"https:\/\/www.em.com.br\/emfoco\/"},{"@type":"ListItem","position":2,"name":"Fam\u00edlia pagou um plano funer\u00e1rio durante 17 anos, mas no dia do vel\u00f3rio descobriu que jazigo, transporte e taxas do cemit\u00e9rio seriam cobrados \u00e0 parte"}]},{"@type":"WebSite","@id":"https:\/\/www.em.com.br\/emfoco\/#website","url":"https:\/\/www.em.com.br\/emfoco\/","name":"Estado de Minas - Em foco","description":"Acompanhe as \u00faltimas not\u00edcias e fique bem informado sobre tudo o que acontece em Minas Gerais, Brasil e no mundo.","potentialAction":[{"@type":"SearchAction","target":{"@type":"EntryPoint","urlTemplate":"https:\/\/www.em.com.br\/emfoco\/?s={search_term_string}"},"query-input":{"@type":"PropertyValueSpecification","valueRequired":true,"valueName":"search_term_string"}}],"inLanguage":"pt-BR"},{"@type":"Person","@id":"https:\/\/www.em.com.br\/emfoco\/#\/schema\/person\/5379e929a4b966c775d121e23f9bb421","name":"Guilherme Ara\u00fajo","image":{"@type":"ImageObject","inLanguage":"pt-BR","@id":"https:\/\/secure.gravatar.com\/avatar\/063bc96e5a2afd1844386c45bd1360efc771eff011a9fab8cd399e2a104c3ecd?s=96&d=mm&r=g","url":"https:\/\/secure.gravatar.com\/avatar\/063bc96e5a2afd1844386c45bd1360efc771eff011a9fab8cd399e2a104c3ecd?s=96&d=mm&r=g","contentUrl":"https:\/\/secure.gravatar.com\/avatar\/063bc96e5a2afd1844386c45bd1360efc771eff011a9fab8cd399e2a104c3ecd?s=96&d=mm&r=g","caption":"Guilherme Ara\u00fajo"},"sameAs":["https:\/\/www.em.com.br\/emfoco"],"url":"https:\/\/www.em.com.br\/emfoco\/author\/guilhermeamyth\/"}]}},"_links":{"self":[{"href":"https:\/\/www.em.com.br\/emfoco\/wp-json\/wp\/v2\/posts\/261770","targetHints":{"allow":["GET"]}}],"collection":[{"href":"https:\/\/www.em.com.br\/emfoco\/wp-json\/wp\/v2\/posts"}],"about":[{"href":"https:\/\/www.em.com.br\/emfoco\/wp-json\/wp\/v2\/types\/post"}],"author":[{"embeddable":true,"href":"https:\/\/www.em.com.br\/emfoco\/wp-json\/wp\/v2\/users\/30"}],"replies":[{"embeddable":true,"href":"https:\/\/www.em.com.br\/emfoco\/wp-json\/wp\/v2\/comments?post=261770"}],"version-history":[{"count":4,"href":"https:\/\/www.em.com.br\/emfoco\/wp-json\/wp\/v2\/posts\/261770\/revisions"}],"predecessor-version":[{"id":261883,"href":"https:\/\/www.em.com.br\/emfoco\/wp-json\/wp\/v2\/posts\/261770\/revisions\/261883"}],"wp:featuredmedia":[{"embeddable":true,"href":"https:\/\/www.em.com.br\/emfoco\/wp-json\/wp\/v2\/media\/261829"}],"wp:attachment":[{"href":"https:\/\/www.em.com.br\/emfoco\/wp-json\/wp\/v2\/media?parent=261770"}],"wp:term":[{"taxonomy":"category","embeddable":true,"href":"https:\/\/www.em.com.br\/emfoco\/wp-json\/wp\/v2\/categories?post=261770"},{"taxonomy":"post_tag","embeddable":true,"href":"https:\/\/www.em.com.br\/emfoco\/wp-json\/wp\/v2\/tags?post=261770"}],"curies":[{"name":"wp","href":"https:\/\/api.w.org\/{rel}","templated":true}]}}