{"id":261758,"date":"2026-09-02T11:27:00","date_gmt":"2026-09-02T14:27:00","guid":{"rendered":"https:\/\/www.em.com.br\/emfoco\/?p=261758"},"modified":"2026-09-01T21:27:15","modified_gmt":"2026-09-02T00:27:15","slug":"jose-saramago-deixou-uma-frase-para-quem-precisa-se-afastar-e-enxergar-a-propria-vida-e-necessario-sair-da-ilha-para-ver-a-ilha-nao-nos-vemos-se-nao-saimos-de-nos","status":"publish","type":"post","link":"https:\/\/www.em.com.br\/emfoco\/2026\/09\/02\/jose-saramago-deixou-uma-frase-para-quem-precisa-se-afastar-e-enxergar-a-propria-vida-e-necessario-sair-da-ilha-para-ver-a-ilha-nao-nos-vemos-se-nao-saimos-de-nos\/","title":{"rendered":"Jos\u00e9 Saramago deixou uma frase para quem precisa se afastar e enxergar a pr\u00f3pria vida: \u201c\u00c9 necess\u00e1rio sair da ilha para ver a ilha. N\u00e3o nos vemos se n\u00e3o sa\u00edmos de n\u00f3s\u201d"},"content":{"rendered":"\n<div class=\"emf-summary google-auto-ads-ignore\">\n  <style>\n    .emf-summary {\n      --emf-navy:#00245a;\n      --emf-navy-soft:#0b3b70;\n      --emf-ink:#1d2731;\n      --emf-muted:#66727e;\n      --emf-line:#d7dde5;\n      --emf-paper:#ffffff;\n      --emf-wash:#f4f6f8;\n      box-sizing:border-box!important;\n      inline-size:min(1100px,100%)!important;\n      max-inline-size:100%!important;\n      margin-inline:auto!important;\n      overflow:hidden!important;\n      color:var(--emf-ink);\n      background:var(--emf-paper);\n      border:1px solid var(--emf-line);\n      border-block-start:5px solid var(--emf-navy);\n      border-radius:6px!important;\n      box-shadow:0 8px 24px rgba(0,36,90,.08);\n      font-family:Arial,Helvetica,sans-serif;\n    }\n\n    .emf-summary *,\n    .emf-summary *::before,\n    .emf-summary *::after {\n      box-sizing:border-box!important;\n    }\n\n    .emf-summary-brand {\n      display:flex;\n      align-items:center;\n      gap:14px;\n      padding:16px 20px;\n      color:#fff;\n      background:linear-gradient(105deg,var(--emf-navy) 0%,var(--emf-navy-soft) 100%);\n      border-block-end:1px solid rgba(255,255,255,.18);\n    }\n\n    .emf-summary-logo {\n      display:grid;\n      place-items:center;\n      inline-size:58px;\n      block-size:58px;\n      flex:0 0 58px;\n      background:rgba(255,255,255,.08);\n      border:1px solid rgba(255,255,255,.35);\n      border-radius:3px!important;\n    }\n\n    .emf-summary-logo img {\n      display:block;\n      inline-size:46px;\n      block-size:46px;\n      max-inline-size:46px;\n      max-block-size:46px;\n      object-fit:contain;\n    }\n\n    .emf-summary-eyebrow {\n      margin:0 0 3px;\n      font-size:11px;\n      font-weight:700;\n      letter-spacing:.18em;\n      line-height:1.2;\n      text-transform:uppercase;\n      opacity:.78;\n    }\n\n    .emf-summary-title {\n      margin:0;\n      font-family:Georgia,\"Times New Roman\",serif;\n      font-size:25px;\n      font-weight:700;\n      line-height:1.15;\n    }\n\n    .emf-summary-grid {\n      display:grid;\n      grid-template-columns:repeat(3,minmax(0,1fr));\n      gap:0;\n      background:var(--emf-wash);\n    }\n\n    .emf-summary-card {\n      position:relative;\n      min-block-size:190px;\n      padding:24px 20px 20px;\n      overflow:hidden!important;\n      background:#fff;\n      border-inline-end:1px solid var(--emf-line);\n    }\n\n    .emf-summary-card:last-child {\n      border-inline-end:0;\n    }\n\n    .emf-summary-number {\n      position:absolute;\n      inset-block-start:13px;\n      inset-inline-end:15px;\n      color:rgba(0,36,90,.10);\n      font-family:Georgia,\"Times New Roman\",serif;\n      font-size:46px;\n      font-weight:700;\n      line-height:1;\n      pointer-events:none;\n    }\n\n    .emf-summary-card-title {\n      position:relative;\n      z-index:1;\n      margin:0 0 11px;\n      padding-block-end:10px;\n      color:var(--emf-navy);\n      border-block-end:2px solid var(--emf-navy);\n      font-family:Georgia,\"Times New Roman\",serif;\n      font-size:18px;\n      font-weight:700;\n      line-height:1.3;\n      overflow-wrap:anywhere;\n    }\n\n    .emf-summary-card-text {\n      position:relative;\n      z-index:1;\n      color:#485560;\n      font-size:13px;\n      line-height:1.6;\n      overflow-wrap:anywhere;\n    }\n\n    .emf-summary-card-meta {\n      position:relative;\n      z-index:1;\n      display:inline-flex;\n      margin-block-start:16px;\n      padding:5px 8px;\n      color:var(--emf-navy);\n      background:#edf1f5;\n      border:1px solid #d9e0e7;\n      border-radius:2px!important;\n      font-size:10px;\n      font-weight:700;\n      letter-spacing:.08em;\n      line-height:1.2;\n      text-transform:uppercase;\n    }\n\n    @media(max-width:760px) {\n      .emf-summary-grid {\n        grid-template-columns:1fr;\n      }\n\n      .emf-summary-card {\n        min-block-size:0;\n        border-inline-end:0;\n        border-block-end:1px solid var(--emf-line);\n      }\n\n      .emf-summary-card:last-child {\n        border-block-end:0;\n      }\n    }\n\n    @media(max-width:480px) {\n      .emf-summary-brand {\n        padding:14px 15px;\n      }\n\n      .emf-summary-logo {\n        inline-size:52px;\n        block-size:52px;\n        flex-basis:52px;\n      }\n\n      .emf-summary-logo img {\n        inline-size:41px;\n        block-size:41px;\n        max-inline-size:41px;\n        max-block-size:41px;\n      }\n\n      .emf-summary-title {\n        font-size:22px;\n      }\n\n      .emf-summary-card {\n        padding:21px 16px 18px;\n      }\n    }\n  <\/style>\n\n  <div class=\"emf-summary-brand\">\n    <div class=\"emf-summary-logo\">\n      <img\n        alt=\"Logo EM Foco\"\n        decoding=\"async\"\n        fetchpriority=\"high\"\n        height=\"46\"\n        loading=\"eager\"\n        referrerpolicy=\"no-referrer\"\n        src=\"https:\/\/www.em.com.br\/emfoco\/wp-content\/uploads\/2026\/08\/em_transparente_3000px-scaled.png\"\n        width=\"46\"\n      >\n    <\/div>\n\n    <div>\n      <div class=\"emf-summary-eyebrow\">EM FOCO<\/div>\n      <div class=\"emf-summary-title\">Resumo da mat\u00e9ria<\/div>\n    <\/div>\n  <\/div>\n\n  <div class=\"emf-summary-grid\">\n    <div class=\"emf-summary-card\">\n      <span aria-hidden=\"true\" class=\"emf-summary-number\">01<\/span>\n      <div aria-level=\"3\" class=\"emf-summary-card-title\" role=\"heading\">\n        Dist\u00e2ncia necess\u00e1ria\n      <\/div>\n      <div class=\"emf-summary-card-text\">\n        A imagem da ilha mostra que proximidade demais pode esconder padr\u00f5es que s\u00f3 aparecem quando mudamos de posi\u00e7\u00e3o.\n      <\/div>\n      <div class=\"emf-summary-card-meta\">\n        Perspectiva\n      <\/div>\n    <\/div>\n    <div class=\"emf-summary-card\">\n      <span aria-hidden=\"true\" class=\"emf-summary-number\">02<\/span>\n      <div aria-level=\"3\" class=\"emf-summary-card-title\" role=\"heading\">\n        Olhar de fora\n      <\/div>\n      <div class=\"emf-summary-card-text\">\n        Uma pausa, uma conversa ou uma mudan\u00e7a de rotina ajudam a enxergar escolhas e rela\u00e7\u00f5es com outros crit\u00e9rios.\n      <\/div>\n      <div class=\"emf-summary-card-meta\">\n        Observa\u00e7\u00e3o\n      <\/div>\n    <\/div>\n    <div class=\"emf-summary-card\">\n      <span aria-hidden=\"true\" class=\"emf-summary-number\">03<\/span>\n      <div aria-level=\"3\" class=\"emf-summary-card-title\" role=\"heading\">\n        Retorno consciente\n      <\/div>\n      <div class=\"emf-summary-card-text\">\n        Afastar-se n\u00e3o exige abandonar tudo. A dist\u00e2ncia pode servir para voltar com limites, perguntas e decis\u00f5es mais n\u00edtidas.\n      <\/div>\n      <div class=\"emf-summary-card-meta\">\n        Retorno\n      <\/div>\n    <\/div>\n\n  <\/div>\n<\/div>\n\n\n\n<p class=\"wp-block-paragraph\">H\u00e1 situa\u00e7\u00f5es que n\u00e3o ficam claras enquanto permanecemos dentro delas. Em <strong>O conto da ilha desconhecida<\/strong>, Jos\u00e9 Saramago transforma dist\u00e2ncia em m\u00e9todo de conhecimento: afastar-se para observ\u00e1-la. A imagem sugere que <strong>sair de n\u00f3s<\/strong> \u00e9 mudar o ponto de observa\u00e7\u00e3o, n\u00e3o abandonar quem somos ou fugir de toda dificuldade.<\/p>\n\n\n\n<h2 class=\"wp-block-heading\">O que significa sair da ilha para ver a ilha?<\/h2>\n\n\n\n<p class=\"wp-block-paragraph\">A ilha funciona como met\u00e1fora para aquilo que nos envolve: rotina, rela\u00e7\u00e3o, trabalho, h\u00e1bito ou identidade. Quando estamos mergulhados numa situa\u00e7\u00e3o, certos detalhes parecem naturais. A <strong>mudan\u00e7a de dist\u00e2ncia<\/strong> permite comparar, nomear inc\u00f4modos e perceber escolhas que antes pareciam inexistentes.<\/p>\n\n\n\n<p class=\"wp-block-paragraph\">A frase pertence a <a href=\"https:\/\/pt.wikipedia.org\/wiki\/O_Conto_da_Ilha_Desconhecida\" target=\"_blank\" rel=\"noopener noreferrer\"><strong>O conto da ilha desconhecida<\/strong><\/a>, narrativa sobre desejo, resist\u00eancia e busca. A Funda\u00e7\u00e3o Jos\u00e9 Saramago destaca justamente o movimento de tomar dist\u00e2ncia para conhecer, ligando a imagem ao olhar cr\u00edtico do escritor.<\/p>\n\n\n<div class=\"wp-block-image\">\n<figure class=\"aligncenter size-large\"><img decoding=\"async\" width=\"1024\" height=\"576\" src=\"https:\/\/www.em.com.br\/emfoco\/wp-content\/uploads\/2026\/09\/cidade2-1-1024x576.jpg\" alt=\"\" class=\"wp-image-261781\" srcset=\"https:\/\/www.em.com.br\/emfoco\/wp-content\/uploads\/2026\/09\/cidade2-1-1024x576.jpg 1024w, https:\/\/www.em.com.br\/emfoco\/wp-content\/uploads\/2026\/09\/cidade2-1-300x169.jpg 300w, https:\/\/www.em.com.br\/emfoco\/wp-content\/uploads\/2026\/09\/cidade2-1-768x432.jpg 768w, https:\/\/www.em.com.br\/emfoco\/wp-content\/uploads\/2026\/09\/cidade2-1-750x421.jpg 750w, https:\/\/www.em.com.br\/emfoco\/wp-content\/uploads\/2026\/09\/cidade2-1-1140x641.jpg 1140w, https:\/\/www.em.com.br\/emfoco\/wp-content\/uploads\/2026\/09\/cidade2-1.jpg 1280w\" sizes=\"(max-width: 1024px) 100vw, 1024px\" \/><figcaption class=\"wp-element-caption\">Olhar para a pr\u00f3pria vida de outra perspectiva pode mudar a forma como entendemos escolhas e caminhos<\/figcaption><\/figure>\n<\/div>\n\n\n<h2 class=\"wp-block-heading\">Por que n\u00e3o nos vemos enquanto estamos envolvidos?<\/h2>\n\n\n\n<p class=\"wp-block-paragraph\">A repeti\u00e7\u00e3o reduz nossa aten\u00e7\u00e3o. Com o tempo, respostas autom\u00e1ticas parecem personalidade, e acordos antigos parecem inevit\u00e1veis. Um <strong>olhar deslocado<\/strong> pergunta quando aquilo come\u00e7ou, a quem serve e qual pre\u00e7o cobra. A pergunta n\u00e3o condena a rotina; apenas devolve a possibilidade de examin\u00e1-la.<\/p>\n\n\n\n<p class=\"wp-block-paragraph\">Tamb\u00e9m enxergamos a n\u00f3s mesmos pelas expectativas de quem est\u00e1 perto. Sair de n\u00f3s pode significar imaginar a cena pelo olhar de outra pessoa ou de um futuro poss\u00edvel. Esse exerc\u00edcio cria <strong>contraste<\/strong>, mas n\u00e3o substitui a responsabilidade por decidir segundo valores pr\u00f3prios.<\/p>\n\n\n\n<h2 class=\"wp-block-heading\">Que tipo de dist\u00e2ncia ajuda a compreender a vida?<\/h2>\n\n\n\n<p class=\"wp-block-paragraph\">Nem toda dist\u00e2ncia precisa ser geogr\u00e1fica ou definitiva. Uma tarde sem notifica\u00e7\u00f5es, alguns dias longe de uma rotina ou uma conversa com algu\u00e9m de confian\u00e7a j\u00e1 alteram o enquadramento. O objetivo \u00e9 criar <strong>espa\u00e7o de observa\u00e7\u00e3o<\/strong>, n\u00e3o fabricar sil\u00eancio para evitar qualquer desconforto.<\/p>\n\n\n\n<p class=\"wp-block-paragraph\">A dist\u00e2ncia \u00fatil tem come\u00e7o e prop\u00f3sito. Ela pode servir para registrar fatos, reconhecer emo\u00e7\u00f5es e testar novos limites. Quando vira desaparecimento sem explica\u00e7\u00e3o ou isolamento prolongado, talvez apenas troque um problema por outro. <strong>Perspectiva exige retorno<\/strong>, ainda que o retorno produza uma decis\u00e3o de partir.<\/p>\n\n\n\n<p class=\"myth-list-bridge wp-block-paragraph\">A seguir propomos <strong>quatro formas de mudar o ponto de vista<\/strong> sem transformar a pausa numa fuga:<\/p>\n\n\n\n<ul class=\"wp-block-list myth-bullet-list\">\n<li><strong>Tempo:<\/strong> adiar uma resposta urgente at\u00e9 que a emo\u00e7\u00e3o diminua.<\/li>\n\n\n\n<li><strong>Registro:<\/strong> anotar fatos, interpreta\u00e7\u00f5es e necessidades separadamente.<\/li>\n\n\n\n<li><strong>Conversa:<\/strong> ouvir algu\u00e9m que n\u00e3o esteja preso ao mesmo conflito.<\/li>\n\n\n\n<li><strong>Experimento:<\/strong> mudar um h\u00e1bito por alguns dias e observar o efeito.<\/li>\n<\/ul>\n\n\n\n<p class=\"wp-block-paragraph\"><strong>Leia tamb\u00e9m: <a href=\"https:\/\/www.em.com.br\/emfoco\/2026\/07\/21\/o-tolo-que-reconhece-sua-tolice-e-sabio-o-proverbio-indiano-que-expoe-o-perigo-das-falsas-certezas\/\" target=\"_blank\" rel=\"noreferrer noopener\">\u201cO tolo que reconhece sua tolice \u00e9 s\u00e1bio\u201d: o prov\u00e9rbio indiano que exp\u00f5e o perigo das falsas certezas<\/a><\/strong><\/p>\n\n\n<div class=\"wp-block-image\">\n<figure class=\"aligncenter size-large\"><img decoding=\"async\" width=\"1024\" height=\"576\" src=\"https:\/\/www.em.com.br\/emfoco\/wp-content\/uploads\/2026\/09\/mu123n123-1024x576.jpg\" alt=\"\" class=\"wp-image-261782\" srcset=\"https:\/\/www.em.com.br\/emfoco\/wp-content\/uploads\/2026\/09\/mu123n123-1024x576.jpg 1024w, https:\/\/www.em.com.br\/emfoco\/wp-content\/uploads\/2026\/09\/mu123n123-300x169.jpg 300w, https:\/\/www.em.com.br\/emfoco\/wp-content\/uploads\/2026\/09\/mu123n123-768x432.jpg 768w, https:\/\/www.em.com.br\/emfoco\/wp-content\/uploads\/2026\/09\/mu123n123-750x421.jpg 750w, https:\/\/www.em.com.br\/emfoco\/wp-content\/uploads\/2026\/09\/mu123n123-1140x641.jpg 1140w, https:\/\/www.em.com.br\/emfoco\/wp-content\/uploads\/2026\/09\/mu123n123.jpg 1280w\" sizes=\"(max-width: 1024px) 100vw, 1024px\" \/><figcaption class=\"wp-element-caption\">Sair de si n\u00e3o significa fugir, mas tentar observar a pr\u00f3pria hist\u00f3ria por outro \u00e2ngulo<\/figcaption><\/figure>\n<\/div>\n\n\n<h2 class=\"wp-block-heading\">Como diferenciar reflex\u00e3o, fuga e isolamento?<\/h2>\n\n\n\n<p class=\"wp-block-paragraph\">A reflex\u00e3o amplia op\u00e7\u00f5es e prepara uma conversa. A fuga evita indefinidamente aquilo que precisa ser enfrentado. J\u00e1 o isolamento reduz refer\u00eancias e apoio. A diferen\u00e7a aparece no prop\u00f3sito: a <strong>pausa reflexiva<\/strong> produz perguntas e crit\u00e9rios, enquanto o afastamento vazio apenas adia o encontro com a decis\u00e3o.<\/p>\n\n\n\n<p class=\"wp-block-paragraph\">A biografia do <a href=\"https:\/\/www.nobelprize.org\/prizes\/literature\/1998\/saramago\/biographical\/\" target=\"_blank\" rel=\"noopener noreferrer\"><strong>Pr\u00eamio Nobel Jos\u00e9 Saramago<\/strong><\/a> ajuda a situar o autor, mas a frase vale como imagem liter\u00e1ria, n\u00e3o como diagn\u00f3stico. Cada contexto pede cuidado, sobretudo quando existem viol\u00eancia, depend\u00eancia ou risco real.<\/p>\n\n\n\n<p class=\"myth-html-bridge wp-block-paragraph\">A seguir organizamos <strong>tr\u00eas sinais pr\u00e1ticos<\/strong> para avaliar se a dist\u00e2ncia est\u00e1 realmente trazendo clareza:<\/p>\n\n\n\n<div class=\"emf-data-table google-auto-ads-ignore\">\n  <style>\n    .emf-data-table {\n      --emf-navy:#00245a;\n      --emf-navy-soft:#0b3b70;\n      --emf-ink:#1d2731;\n      --emf-muted:#66727e;\n      --emf-line:#d7dde5;\n      --emf-wash:#f4f6f8;\n      box-sizing:border-box!important;\n      inline-size:min(1100px,100%)!important;\n      max-inline-size:100%!important;\n      margin-inline:auto!important;\n      overflow:hidden!important;\n      color:var(--emf-ink);\n      background:#fff;\n      border:1px solid var(--emf-line);\n      border-radius:6px!important;\n      box-shadow:0 8px 24px rgba(0,36,90,.08);\n      font-family:Arial,Helvetica,sans-serif;\n    }\n\n    .emf-data-table *,\n    .emf-data-table *::before,\n    .emf-data-table *::after {\n      box-sizing:border-box!important;\n    }\n\n    .emf-data-table-brand {\n      display:flex;\n      align-items:center;\n      gap:13px;\n      min-block-size:72px;\n      padding:10px 17px;\n      color:#fff;\n      background:linear-gradient(105deg,var(--emf-navy) 0%,var(--emf-navy-soft) 100%);\n      border-block-end:4px solid #c5ced8;\n    }\n\n    .emf-data-table-logo {\n      display:grid;\n      place-items:center;\n      inline-size:52px;\n      block-size:52px;\n      flex:0 0 52px;\n      background:rgba(255,255,255,.08);\n      border:1px solid rgba(255,255,255,.35);\n      border-radius:3px!important;\n    }\n\n    .emf-data-table-logo img {\n      display:block;\n      inline-size:41px;\n      block-size:41px;\n      max-inline-size:41px;\n      max-block-size:41px;\n      object-fit:contain;\n    }\n\n    .emf-data-table-kicker {\n      margin:0 0 2px;\n      font-size:10px;\n      font-weight:700;\n      letter-spacing:.16em;\n      line-height:1.2;\n      text-transform:uppercase;\n      opacity:.78;\n    }\n\n    .emf-data-table-title {\n      margin:0;\n      font-family:Georgia,\"Times New Roman\",serif;\n      font-size:21px;\n      font-weight:700;\n      line-height:1.2;\n    }\n\n    .emf-data-table-scroll {\n      display:block!important;\n      inline-size:100%!important;\n      max-inline-size:100%!important;\n      overflow-x:auto!important;\n      overflow-y:hidden!important;\n      -webkit-overflow-scrolling:touch;\n      overscroll-behavior-inline:contain;\n      scrollbar-width:thin;\n      scrollbar-color:#8798aa #edf1f5;\n    }\n\n    .emf-data-table-scroll:focus-visible {\n      outline:3px solid rgba(0,36,90,.35);\n      outline-offset:-3px;\n    }\n\n    .emf-data-table table {\n      display:table!important;\n      inline-size:100%!important;\n      min-inline-size:680px!important;\n      max-inline-size:none!important;\n      margin:0!important;\n      border:0!important;\n      border-collapse:separate!important;\n      border-spacing:0!important;\n      table-layout:auto!important;\n      background:#fff!important;\n    }\n\n    .emf-data-table caption {\n      position:absolute!important;\n      inline-size:1px!important;\n      block-size:1px!important;\n      padding:0!important;\n      margin:-1px!important;\n      overflow:hidden!important;\n      clip:rect(0,0,0,0)!important;\n      white-space:nowrap!important;\n      border:0!important;\n    }\n\n    .emf-data-table thead {\n      display:table-header-group!important;\n    }\n\n    .emf-data-table tbody {\n      display:table-row-group!important;\n    }\n\n    .emf-data-table tr {\n      display:table-row!important;\n    }\n\n    .emf-data-table th,\n    .emf-data-table td {\n      display:table-cell!important;\n      float:none!important;\n      inline-size:auto!important;\n      max-inline-size:none!important;\n      margin:0!important;\n      border-radius:0!important;\n      text-align:left!important;\n      vertical-align:middle!important;\n    }\n\n    .emf-data-table th {\n      padding:14px 17px!important;\n      color:#fff!important;\n      background:var(--emf-navy)!important;\n      border-block-end:1px solid rgba(255,255,255,.22)!important;\n      border-inline-end:1px solid rgba(255,255,255,.12)!important;\n      font-family:Georgia,\"Times New Roman\",serif;\n      font-size:14px!important;\n      font-weight:700!important;\n      line-height:1.35!important;\n      white-space:nowrap!important;\n    }\n\n    .emf-data-table th:last-child {\n      border-inline-end:0!important;\n    }\n\n    .emf-data-table td {\n      padding:14px 17px!important;\n      color:#43515e!important;\n      background:#fff!important;\n      border-block-end:1px solid var(--emf-line)!important;\n      font-size:14px!important;\n      font-weight:400!important;\n      line-height:1.5!important;\n      overflow-wrap:anywhere;\n    }\n\n    .emf-data-table tbody tr:nth-child(even) td {\n      background:var(--emf-wash)!important;\n    }\n\n    .emf-data-table tbody tr:hover td {\n      background:#eaf0f5!important;\n    }\n\n    .emf-data-table tbody tr:last-child td {\n      border-block-end:0!important;\n    }\n\n    .emf-data-table td:first-child {\n      color:var(--emf-navy)!important;\n      font-weight:700!important;\n    }\n\n    @media(max-width:560px) {\n      .emf-data-table-brand {\n        min-block-size:68px;\n        padding:9px 13px;\n      }\n\n      .emf-data-table-title {\n        font-size:19px;\n      }\n\n      .emf-data-table-scroll {\n        overflow:visible!important;\n      }\n\n      .emf-data-table table,\n      .emf-data-table thead,\n      .emf-data-table tbody,\n      .emf-data-table tr,\n      .emf-data-table th,\n      .emf-data-table td {\n        display:block!important;\n        inline-size:100%!important;\n        min-inline-size:0!important;\n        max-inline-size:100%!important;\n      }\n\n      .emf-data-table table {\n        padding:13px!important;\n      }\n\n      .emf-data-table thead {\n        position:absolute!important;\n        inline-size:1px!important;\n        block-size:1px!important;\n        padding:0!important;\n        margin:-1px!important;\n        overflow:hidden!important;\n        clip:rect(0,0,0,0)!important;\n        white-space:nowrap!important;\n      }\n\n      .emf-data-table tbody {\n        display:grid!important;\n        gap:11px;\n      }\n\n      .emf-data-table tr {\n        overflow:hidden!important;\n        background:#fff!important;\n        border:1px solid var(--emf-line)!important;\n        border-block-start:4px solid var(--emf-navy)!important;\n        border-radius:4px!important;\n        box-shadow:0 4px 12px rgba(0,36,90,.06);\n      }\n\n      .emf-data-table td,\n      .emf-data-table tbody tr:nth-child(even) td,\n      .emf-data-table tbody tr:hover td {\n        display:grid!important;\n        grid-template-columns:minmax(105px,38%) minmax(0,1fr)!important;\n        align-items:start;\n        gap:11px;\n        padding:11px 12px!important;\n        background:#fff!important;\n        border-block-end:1px solid #e2e7ec!important;\n      }\n\n      .emf-data-table td::before {\n        content:attr(data-label);\n        color:var(--emf-muted);\n        font-size:10px;\n        font-weight:700;\n        letter-spacing:.06em;\n        line-height:1.35;\n        text-transform:uppercase;\n      }\n\n      .emf-data-table td:first-child {\n        color:var(--emf-navy)!important;\n        background:#edf1f5!important;\n      }\n\n      .emf-data-table td:last-child {\n        border-block-end:0!important;\n      }\n    }\n  <\/style>\n\n  <div class=\"emf-data-table-brand\">\n    <div class=\"emf-data-table-logo\">\n      <img\n        alt=\"Logo EM Foco\"\n        decoding=\"async\"\n        height=\"41\"\n        loading=\"lazy\"\n        referrerpolicy=\"no-referrer\"\n        src=\"https:\/\/www.em.com.br\/emfoco\/wp-content\/uploads\/2026\/08\/em_transparente_3000px-scaled.png\"\n        width=\"41\"\n      >\n    <\/div>\n\n    <div>\n      <div class=\"emf-data-table-kicker\">DADOS EM FOCO<\/div>\n      <div class=\"emf-data-table-title\">A dist\u00e2ncia e seus efeitos<\/div>\n    <\/div>\n  <\/div>\n\n  <div aria-label=\"Compara\u00e7\u00e3o entre reflex\u00e3o, fuga e isolamento\" class=\"emf-data-table-scroll\" role=\"region\" tabindex=\"0\">\n    <table>\n      <caption>Sinais que ajudam a reconhecer o efeito de diferentes formas de afastamento.<\/caption>\n      <thead>\n        <tr>\n          <th scope=\"col\">Movimento<\/th>\n          <th scope=\"col\">Sinal<\/th>\n          <th scope=\"col\">Resultado prov\u00e1vel<\/th>\n        <\/tr>\n      <\/thead>\n      <tbody>\n        <tr>\n          <td data-label=\"Movimento\">Reflex\u00e3o<\/td>\n          <td data-label=\"Sinal\">Tem prop\u00f3sito e prazo<\/td>\n          <td data-label=\"Resultado prov\u00e1vel\">Amplia crit\u00e9rios e op\u00e7\u00f5es<\/td>\n        <\/tr>\n        <tr>\n          <td data-label=\"Movimento\">Fuga<\/td>\n          <td data-label=\"Sinal\">Adia o confronto<\/td>\n          <td data-label=\"Resultado prov\u00e1vel\">Mant\u00e9m o problema sem decis\u00e3o<\/td>\n        <\/tr>\n        <tr>\n          <td data-label=\"Movimento\">Isolamento<\/td>\n          <td data-label=\"Sinal\">Corta refer\u00eancias<\/td>\n          <td data-label=\"Resultado prov\u00e1vel\">Reduz apoio e contraste<\/td>\n        <\/tr>\n\n      <\/tbody>\n    <\/table>\n  <\/div>\n<\/div>\n\n\n\n<h2 class=\"wp-block-heading\">O que fazer depois de enxergar a pr\u00f3pria ilha?<\/h2>\n\n\n\n<p class=\"wp-block-paragraph\">Ver melhor n\u00e3o obriga uma mudan\u00e7a imediata, mas torna dif\u00edcil fingir que nada foi percebido. O passo seguinte \u00e9 transformar observa\u00e7\u00f5es em <strong>crit\u00e9rios concretos<\/strong>: o que precisa continuar, o que pode ser negociado e qual limite n\u00e3o deve mais ser ultrapassado.<\/p>\n\n\n\n<p class=\"wp-block-paragraph\">Sair da ilha s\u00f3 ganha sentido quando o novo \u00e2ngulo modifica a rela\u00e7\u00e3o com ela. Pode haver retorno, reforma ou despedida. Em qualquer caso, a frase de Saramago lembra que <strong>autoconhecimento tamb\u00e9m exige deslocamento<\/strong>: \u00e0s vezes precisamos sair do centro da pr\u00f3pria hist\u00f3ria para finalmente enxergar seu desenho.<\/p>\n","protected":false},"excerpt":{"rendered":"<p>EM FOCO Resumo da mat\u00e9ria 01 Dist\u00e2ncia necess\u00e1ria A imagem da ilha mostra que proximidade demais pode esconder padr\u00f5es que s\u00f3 aparecem quando mudamos de posi\u00e7\u00e3o. Perspectiva 02 Olhar de fora Uma pausa, uma conversa ou uma mudan\u00e7a de rotina ajudam a enxergar escolhas e rela\u00e7\u00f5es com outros crit\u00e9rios. Observa\u00e7\u00e3o 03 Retorno consciente Afastar-se n\u00e3o [&hellip;]<\/p>\n","protected":false},"author":30,"featured_media":261779,"comment_status":"open","ping_status":"open","sticky":false,"template":"","format":"standard","meta":{"jnews-multi-image_gallery":[],"jnews_single_post":{"format":"standard"},"jnews_primary_category":[],"jnews_social_meta":[],"jnews_override_counter":[],"footnotes":""},"categories":[8819],"tags":[665,35972,11460,35973,35971,744],"class_list":["post-261758","post","type-post","status-publish","format-standard","has-post-thumbnail","hentry","category-curiosidades","tag-autoconhecimento","tag-distancia","tag-frases","tag-ilha-desconhecida","tag-jose-saramago","tag-reflexao"],"yoast_head":"<!-- This site is optimized with the Yoast SEO plugin v28.3 - https:\/\/yoast.com\/product\/yoast-seo-wordpress\/ -->\n<title>Jos\u00e9 Saramago deixou uma frase para quem precisa se afastar e enxergar a pr\u00f3pria vida: \u201c\u00c9 necess\u00e1rio sair da ilha para ver a ilha. N\u00e3o nos vemos se n\u00e3o sa\u00edmos de n\u00f3s\u201d - Estado de Minas - Em foco<\/title>\n<meta name=\"description\" content=\"Entenda a frase de Jos\u00e9 Saramago sobre sair da ilha e como a dist\u00e2ncia pode revelar escolhas, rela\u00e7\u00f5es e h\u00e1bitos que n\u00e3o percebemos.\" \/>\n<meta name=\"robots\" content=\"index, follow, max-snippet:-1, max-image-preview:large, max-video-preview:-1\" \/>\n<link rel=\"canonical\" href=\"https:\/\/www.em.com.br\/emfoco\/2026\/09\/02\/jose-saramago-deixou-uma-frase-para-quem-precisa-se-afastar-e-enxergar-a-propria-vida-e-necessario-sair-da-ilha-para-ver-a-ilha-nao-nos-vemos-se-nao-saimos-de-nos\/\" \/>\n<meta property=\"og:locale\" content=\"pt_BR\" \/>\n<meta property=\"og:type\" content=\"article\" \/>\n<meta property=\"og:title\" content=\"Jos\u00e9 Saramago deixou uma frase para quem precisa se afastar e enxergar a pr\u00f3pria vida: \u201c\u00c9 necess\u00e1rio sair da ilha para ver a ilha. N\u00e3o nos vemos se n\u00e3o sa\u00edmos de n\u00f3s\u201d - Estado de Minas - Em foco\" \/>\n<meta property=\"og:description\" content=\"Entenda a frase de Jos\u00e9 Saramago sobre sair da ilha e como a dist\u00e2ncia pode revelar escolhas, rela\u00e7\u00f5es e h\u00e1bitos que n\u00e3o percebemos.\" \/>\n<meta property=\"og:url\" content=\"https:\/\/www.em.com.br\/emfoco\/2026\/09\/02\/jose-saramago-deixou-uma-frase-para-quem-precisa-se-afastar-e-enxergar-a-propria-vida-e-necessario-sair-da-ilha-para-ver-a-ilha-nao-nos-vemos-se-nao-saimos-de-nos\/\" \/>\n<meta property=\"og:site_name\" content=\"Estado de Minas - Em foco\" \/>\n<meta property=\"article:published_time\" content=\"2026-09-02T14:27:00+00:00\" \/>\n<meta property=\"og:image\" content=\"https:\/\/www.em.com.br\/emfoco\/wp-content\/uploads\/2026\/09\/mu123.jpg\" \/>\n\t<meta property=\"og:image:width\" content=\"1280\" \/>\n\t<meta property=\"og:image:height\" content=\"720\" \/>\n\t<meta property=\"og:image:type\" content=\"image\/jpeg\" \/>\n<meta name=\"author\" content=\"Guilherme Ara\u00fajo\" \/>\n<meta name=\"twitter:card\" content=\"summary_large_image\" \/>\n<meta name=\"twitter:label1\" content=\"Escrito por\" \/>\n\t<meta name=\"twitter:data1\" content=\"Guilherme Ara\u00fajo\" \/>\n\t<meta name=\"twitter:label2\" content=\"Est. tempo de leitura\" \/>\n\t<meta name=\"twitter:data2\" content=\"6 minutos\" \/>\n<!-- \/ Yoast SEO plugin. -->","yoast_head_json":{"title":"Jos\u00e9 Saramago deixou uma frase para quem precisa se afastar e enxergar a pr\u00f3pria vida: \u201c\u00c9 necess\u00e1rio sair da ilha para ver a ilha. N\u00e3o nos vemos se n\u00e3o sa\u00edmos de n\u00f3s\u201d - Estado de Minas - Em foco","description":"Entenda a frase de Jos\u00e9 Saramago sobre sair da ilha e como a dist\u00e2ncia pode revelar escolhas, rela\u00e7\u00f5es e h\u00e1bitos que n\u00e3o percebemos.","robots":{"index":"index","follow":"follow","max-snippet":"max-snippet:-1","max-image-preview":"max-image-preview:large","max-video-preview":"max-video-preview:-1"},"canonical":"https:\/\/www.em.com.br\/emfoco\/2026\/09\/02\/jose-saramago-deixou-uma-frase-para-quem-precisa-se-afastar-e-enxergar-a-propria-vida-e-necessario-sair-da-ilha-para-ver-a-ilha-nao-nos-vemos-se-nao-saimos-de-nos\/","og_locale":"pt_BR","og_type":"article","og_title":"Jos\u00e9 Saramago deixou uma frase para quem precisa se afastar e enxergar a pr\u00f3pria vida: \u201c\u00c9 necess\u00e1rio sair da ilha para ver a ilha. N\u00e3o nos vemos se n\u00e3o sa\u00edmos de n\u00f3s\u201d - Estado de Minas - Em foco","og_description":"Entenda a frase de Jos\u00e9 Saramago sobre sair da ilha e como a dist\u00e2ncia pode revelar escolhas, rela\u00e7\u00f5es e h\u00e1bitos que n\u00e3o percebemos.","og_url":"https:\/\/www.em.com.br\/emfoco\/2026\/09\/02\/jose-saramago-deixou-uma-frase-para-quem-precisa-se-afastar-e-enxergar-a-propria-vida-e-necessario-sair-da-ilha-para-ver-a-ilha-nao-nos-vemos-se-nao-saimos-de-nos\/","og_site_name":"Estado de Minas - Em foco","article_published_time":"2026-09-02T14:27:00+00:00","og_image":[{"width":1280,"height":720,"url":"https:\/\/www.em.com.br\/emfoco\/wp-content\/uploads\/2026\/09\/mu123.jpg","type":"image\/jpeg"}],"author":"Guilherme Ara\u00fajo","twitter_card":"summary_large_image","twitter_misc":{"Escrito por":"Guilherme Ara\u00fajo","Est. tempo de leitura":"6 minutos"},"schema":{"@context":"https:\/\/schema.org","@graph":[{"@type":"Article","@id":"https:\/\/www.em.com.br\/emfoco\/2026\/09\/02\/jose-saramago-deixou-uma-frase-para-quem-precisa-se-afastar-e-enxergar-a-propria-vida-e-necessario-sair-da-ilha-para-ver-a-ilha-nao-nos-vemos-se-nao-saimos-de-nos\/#article","isPartOf":{"@id":"https:\/\/www.em.com.br\/emfoco\/2026\/09\/02\/jose-saramago-deixou-uma-frase-para-quem-precisa-se-afastar-e-enxergar-a-propria-vida-e-necessario-sair-da-ilha-para-ver-a-ilha-nao-nos-vemos-se-nao-saimos-de-nos\/"},"author":{"name":"Guilherme Ara\u00fajo","@id":"https:\/\/www.em.com.br\/emfoco\/#\/schema\/person\/5379e929a4b966c775d121e23f9bb421"},"headline":"Jos\u00e9 Saramago deixou uma frase para quem precisa se afastar e enxergar a pr\u00f3pria vida: \u201c\u00c9 necess\u00e1rio sair da ilha para ver a ilha. N\u00e3o nos vemos se n\u00e3o sa\u00edmos de n\u00f3s\u201d","datePublished":"2026-09-02T14:27:00+00:00","mainEntityOfPage":{"@id":"https:\/\/www.em.com.br\/emfoco\/2026\/09\/02\/jose-saramago-deixou-uma-frase-para-quem-precisa-se-afastar-e-enxergar-a-propria-vida-e-necessario-sair-da-ilha-para-ver-a-ilha-nao-nos-vemos-se-nao-saimos-de-nos\/"},"wordCount":899,"commentCount":0,"image":{"@id":"https:\/\/www.em.com.br\/emfoco\/2026\/09\/02\/jose-saramago-deixou-uma-frase-para-quem-precisa-se-afastar-e-enxergar-a-propria-vida-e-necessario-sair-da-ilha-para-ver-a-ilha-nao-nos-vemos-se-nao-saimos-de-nos\/#primaryimage"},"thumbnailUrl":"https:\/\/www.em.com.br\/emfoco\/wp-content\/uploads\/2026\/09\/mu123.jpg","keywords":["autoconhecimento","dist\u00e2ncia","frases","ilha desconhecida","Jos\u00e9 Saramago","reflex\u00e3o"],"articleSection":["Curiosidades"],"inLanguage":"pt-BR","potentialAction":[{"@type":"CommentAction","name":"Comment","target":["https:\/\/www.em.com.br\/emfoco\/2026\/09\/02\/jose-saramago-deixou-uma-frase-para-quem-precisa-se-afastar-e-enxergar-a-propria-vida-e-necessario-sair-da-ilha-para-ver-a-ilha-nao-nos-vemos-se-nao-saimos-de-nos\/#respond"]}]},{"@type":"WebPage","@id":"https:\/\/www.em.com.br\/emfoco\/2026\/09\/02\/jose-saramago-deixou-uma-frase-para-quem-precisa-se-afastar-e-enxergar-a-propria-vida-e-necessario-sair-da-ilha-para-ver-a-ilha-nao-nos-vemos-se-nao-saimos-de-nos\/","url":"https:\/\/www.em.com.br\/emfoco\/2026\/09\/02\/jose-saramago-deixou-uma-frase-para-quem-precisa-se-afastar-e-enxergar-a-propria-vida-e-necessario-sair-da-ilha-para-ver-a-ilha-nao-nos-vemos-se-nao-saimos-de-nos\/","name":"Jos\u00e9 Saramago deixou uma frase para quem precisa se afastar e enxergar a pr\u00f3pria vida: \u201c\u00c9 necess\u00e1rio sair da ilha para ver a ilha. N\u00e3o nos vemos se n\u00e3o sa\u00edmos de n\u00f3s\u201d - Estado de Minas - Em foco","isPartOf":{"@id":"https:\/\/www.em.com.br\/emfoco\/#website"},"primaryImageOfPage":{"@id":"https:\/\/www.em.com.br\/emfoco\/2026\/09\/02\/jose-saramago-deixou-uma-frase-para-quem-precisa-se-afastar-e-enxergar-a-propria-vida-e-necessario-sair-da-ilha-para-ver-a-ilha-nao-nos-vemos-se-nao-saimos-de-nos\/#primaryimage"},"image":{"@id":"https:\/\/www.em.com.br\/emfoco\/2026\/09\/02\/jose-saramago-deixou-uma-frase-para-quem-precisa-se-afastar-e-enxergar-a-propria-vida-e-necessario-sair-da-ilha-para-ver-a-ilha-nao-nos-vemos-se-nao-saimos-de-nos\/#primaryimage"},"thumbnailUrl":"https:\/\/www.em.com.br\/emfoco\/wp-content\/uploads\/2026\/09\/mu123.jpg","datePublished":"2026-09-02T14:27:00+00:00","author":{"@id":"https:\/\/www.em.com.br\/emfoco\/#\/schema\/person\/5379e929a4b966c775d121e23f9bb421"},"description":"Entenda a frase de Jos\u00e9 Saramago sobre sair da ilha e como a dist\u00e2ncia pode revelar escolhas, rela\u00e7\u00f5es e h\u00e1bitos que n\u00e3o percebemos.","breadcrumb":{"@id":"https:\/\/www.em.com.br\/emfoco\/2026\/09\/02\/jose-saramago-deixou-uma-frase-para-quem-precisa-se-afastar-e-enxergar-a-propria-vida-e-necessario-sair-da-ilha-para-ver-a-ilha-nao-nos-vemos-se-nao-saimos-de-nos\/#breadcrumb"},"inLanguage":"pt-BR","potentialAction":[{"@type":"ReadAction","target":["https:\/\/www.em.com.br\/emfoco\/2026\/09\/02\/jose-saramago-deixou-uma-frase-para-quem-precisa-se-afastar-e-enxergar-a-propria-vida-e-necessario-sair-da-ilha-para-ver-a-ilha-nao-nos-vemos-se-nao-saimos-de-nos\/"]}]},{"@type":"ImageObject","inLanguage":"pt-BR","@id":"https:\/\/www.em.com.br\/emfoco\/2026\/09\/02\/jose-saramago-deixou-uma-frase-para-quem-precisa-se-afastar-e-enxergar-a-propria-vida-e-necessario-sair-da-ilha-para-ver-a-ilha-nao-nos-vemos-se-nao-saimos-de-nos\/#primaryimage","url":"https:\/\/www.em.com.br\/emfoco\/wp-content\/uploads\/2026\/09\/mu123.jpg","contentUrl":"https:\/\/www.em.com.br\/emfoco\/wp-content\/uploads\/2026\/09\/mu123.jpg","width":1280,"height":720,"caption":"A imagem da ilha mostra como a dist\u00e2ncia pode revelar detalhes invis\u00edveis para quem est\u00e1 perto demais"},{"@type":"BreadcrumbList","@id":"https:\/\/www.em.com.br\/emfoco\/2026\/09\/02\/jose-saramago-deixou-uma-frase-para-quem-precisa-se-afastar-e-enxergar-a-propria-vida-e-necessario-sair-da-ilha-para-ver-a-ilha-nao-nos-vemos-se-nao-saimos-de-nos\/#breadcrumb","itemListElement":[{"@type":"ListItem","position":1,"name":"In\u00edcio","item":"https:\/\/www.em.com.br\/emfoco\/"},{"@type":"ListItem","position":2,"name":"Jos\u00e9 Saramago deixou uma frase para quem precisa se afastar e enxergar a pr\u00f3pria vida: \u201c\u00c9 necess\u00e1rio sair da ilha para ver a ilha. N\u00e3o nos vemos se n\u00e3o sa\u00edmos de n\u00f3s\u201d"}]},{"@type":"WebSite","@id":"https:\/\/www.em.com.br\/emfoco\/#website","url":"https:\/\/www.em.com.br\/emfoco\/","name":"Estado de Minas - Em foco","description":"Acompanhe as \u00faltimas not\u00edcias e fique bem informado sobre tudo o que acontece em Minas Gerais, Brasil e no mundo.","potentialAction":[{"@type":"SearchAction","target":{"@type":"EntryPoint","urlTemplate":"https:\/\/www.em.com.br\/emfoco\/?s={search_term_string}"},"query-input":{"@type":"PropertyValueSpecification","valueRequired":true,"valueName":"search_term_string"}}],"inLanguage":"pt-BR"},{"@type":"Person","@id":"https:\/\/www.em.com.br\/emfoco\/#\/schema\/person\/5379e929a4b966c775d121e23f9bb421","name":"Guilherme Ara\u00fajo","image":{"@type":"ImageObject","inLanguage":"pt-BR","@id":"https:\/\/secure.gravatar.com\/avatar\/063bc96e5a2afd1844386c45bd1360efc771eff011a9fab8cd399e2a104c3ecd?s=96&d=mm&r=g","url":"https:\/\/secure.gravatar.com\/avatar\/063bc96e5a2afd1844386c45bd1360efc771eff011a9fab8cd399e2a104c3ecd?s=96&d=mm&r=g","contentUrl":"https:\/\/secure.gravatar.com\/avatar\/063bc96e5a2afd1844386c45bd1360efc771eff011a9fab8cd399e2a104c3ecd?s=96&d=mm&r=g","caption":"Guilherme Ara\u00fajo"},"sameAs":["https:\/\/www.em.com.br\/emfoco"],"url":"https:\/\/www.em.com.br\/emfoco\/author\/guilhermeamyth\/"}]}},"_links":{"self":[{"href":"https:\/\/www.em.com.br\/emfoco\/wp-json\/wp\/v2\/posts\/261758","targetHints":{"allow":["GET"]}}],"collection":[{"href":"https:\/\/www.em.com.br\/emfoco\/wp-json\/wp\/v2\/posts"}],"about":[{"href":"https:\/\/www.em.com.br\/emfoco\/wp-json\/wp\/v2\/types\/post"}],"author":[{"embeddable":true,"href":"https:\/\/www.em.com.br\/emfoco\/wp-json\/wp\/v2\/users\/30"}],"replies":[{"embeddable":true,"href":"https:\/\/www.em.com.br\/emfoco\/wp-json\/wp\/v2\/comments?post=261758"}],"version-history":[{"count":5,"href":"https:\/\/www.em.com.br\/emfoco\/wp-json\/wp\/v2\/posts\/261758\/revisions"}],"predecessor-version":[{"id":261873,"href":"https:\/\/www.em.com.br\/emfoco\/wp-json\/wp\/v2\/posts\/261758\/revisions\/261873"}],"wp:featuredmedia":[{"embeddable":true,"href":"https:\/\/www.em.com.br\/emfoco\/wp-json\/wp\/v2\/media\/261779"}],"wp:attachment":[{"href":"https:\/\/www.em.com.br\/emfoco\/wp-json\/wp\/v2\/media?parent=261758"}],"wp:term":[{"taxonomy":"category","embeddable":true,"href":"https:\/\/www.em.com.br\/emfoco\/wp-json\/wp\/v2\/categories?post=261758"},{"taxonomy":"post_tag","embeddable":true,"href":"https:\/\/www.em.com.br\/emfoco\/wp-json\/wp\/v2\/tags?post=261758"}],"curies":[{"name":"wp","href":"https:\/\/api.w.org\/{rel}","templated":true}]}}