{"id":261757,"date":"2026-09-02T11:07:00","date_gmt":"2026-09-02T14:07:00","guid":{"rendered":"https:\/\/www.em.com.br\/emfoco\/?p=261757"},"modified":"2026-09-01T21:27:14","modified_gmt":"2026-09-02T00:27:14","slug":"guimaraes-rosa-resumiu-o-que-precisamos-quando-o-medo-tenta-decidir-por-nos-o-que-a-vida-quer-da-gente-e-coragem","status":"publish","type":"post","link":"https:\/\/www.em.com.br\/emfoco\/2026\/09\/02\/guimaraes-rosa-resumiu-o-que-precisamos-quando-o-medo-tenta-decidir-por-nos-o-que-a-vida-quer-da-gente-e-coragem\/","title":{"rendered":"Guimar\u00e3es Rosa resumiu o que precisamos quando o medo tenta decidir por n\u00f3s: \u201cO que a vida quer da gente \u00e9 coragem\u201d"},"content":{"rendered":"\n<div class=\"emf-summary google-auto-ads-ignore\">\n  <style>\n    .emf-summary {\n      --emf-navy:#00245a;\n      --emf-navy-soft:#0b3b70;\n      --emf-ink:#1d2731;\n      --emf-muted:#66727e;\n      --emf-line:#d7dde5;\n      --emf-paper:#ffffff;\n      --emf-wash:#f4f6f8;\n      box-sizing:border-box!important;\n      inline-size:min(1100px,100%)!important;\n      max-inline-size:100%!important;\n      margin-inline:auto!important;\n      overflow:hidden!important;\n      color:var(--emf-ink);\n      background:var(--emf-paper);\n      border:1px solid var(--emf-line);\n      border-block-start:5px solid var(--emf-navy);\n      border-radius:6px!important;\n      box-shadow:0 8px 24px rgba(0,36,90,.08);\n      font-family:Arial,Helvetica,sans-serif;\n    }\n\n    .emf-summary *,\n    .emf-summary *::before,\n    .emf-summary *::after {\n      box-sizing:border-box!important;\n    }\n\n    .emf-summary-brand {\n      display:flex;\n      align-items:center;\n      gap:14px;\n      padding:16px 20px;\n      color:#fff;\n      background:linear-gradient(105deg,var(--emf-navy) 0%,var(--emf-navy-soft) 100%);\n      border-block-end:1px solid rgba(255,255,255,.18);\n    }\n\n    .emf-summary-logo {\n      display:grid;\n      place-items:center;\n      inline-size:58px;\n      block-size:58px;\n      flex:0 0 58px;\n      background:rgba(255,255,255,.08);\n      border:1px solid rgba(255,255,255,.35);\n      border-radius:3px!important;\n    }\n\n    .emf-summary-logo img {\n      display:block;\n      inline-size:46px;\n      block-size:46px;\n      max-inline-size:46px;\n      max-block-size:46px;\n      object-fit:contain;\n    }\n\n    .emf-summary-eyebrow {\n      margin:0 0 3px;\n      font-size:11px;\n      font-weight:700;\n      letter-spacing:.18em;\n      line-height:1.2;\n      text-transform:uppercase;\n      opacity:.78;\n    }\n\n    .emf-summary-title {\n      margin:0;\n      font-family:Georgia,\"Times New Roman\",serif;\n      font-size:25px;\n      font-weight:700;\n      line-height:1.15;\n    }\n\n    .emf-summary-grid {\n      display:grid;\n      grid-template-columns:repeat(3,minmax(0,1fr));\n      gap:0;\n      background:var(--emf-wash);\n    }\n\n    .emf-summary-card {\n      position:relative;\n      min-block-size:190px;\n      padding:24px 20px 20px;\n      overflow:hidden!important;\n      background:#fff;\n      border-inline-end:1px solid var(--emf-line);\n    }\n\n    .emf-summary-card:last-child {\n      border-inline-end:0;\n    }\n\n    .emf-summary-number {\n      position:absolute;\n      inset-block-start:13px;\n      inset-inline-end:15px;\n      color:rgba(0,36,90,.10);\n      font-family:Georgia,\"Times New Roman\",serif;\n      font-size:46px;\n      font-weight:700;\n      line-height:1;\n      pointer-events:none;\n    }\n\n    .emf-summary-card-title {\n      position:relative;\n      z-index:1;\n      margin:0 0 11px;\n      padding-block-end:10px;\n      color:var(--emf-navy);\n      border-block-end:2px solid var(--emf-navy);\n      font-family:Georgia,\"Times New Roman\",serif;\n      font-size:18px;\n      font-weight:700;\n      line-height:1.3;\n      overflow-wrap:anywhere;\n    }\n\n    .emf-summary-card-text {\n      position:relative;\n      z-index:1;\n      color:#485560;\n      font-size:13px;\n      line-height:1.6;\n      overflow-wrap:anywhere;\n    }\n\n    .emf-summary-card-meta {\n      position:relative;\n      z-index:1;\n      display:inline-flex;\n      margin-block-start:16px;\n      padding:5px 8px;\n      color:var(--emf-navy);\n      background:#edf1f5;\n      border:1px solid #d9e0e7;\n      border-radius:2px!important;\n      font-size:10px;\n      font-weight:700;\n      letter-spacing:.08em;\n      line-height:1.2;\n      text-transform:uppercase;\n    }\n\n    @media(max-width:760px) {\n      .emf-summary-grid {\n        grid-template-columns:1fr;\n      }\n\n      .emf-summary-card {\n        min-block-size:0;\n        border-inline-end:0;\n        border-block-end:1px solid var(--emf-line);\n      }\n\n      .emf-summary-card:last-child {\n        border-block-end:0;\n      }\n    }\n\n    @media(max-width:480px) {\n      .emf-summary-brand {\n        padding:14px 15px;\n      }\n\n      .emf-summary-logo {\n        inline-size:52px;\n        block-size:52px;\n        flex-basis:52px;\n      }\n\n      .emf-summary-logo img {\n        inline-size:41px;\n        block-size:41px;\n        max-inline-size:41px;\n        max-block-size:41px;\n      }\n\n      .emf-summary-title {\n        font-size:22px;\n      }\n\n      .emf-summary-card {\n        padding:21px 16px 18px;\n      }\n    }\n  <\/style>\n\n  <div class=\"emf-summary-brand\">\n    <div class=\"emf-summary-logo\">\n      <img\n        alt=\"Logo EM Foco\"\n        decoding=\"async\"\n        fetchpriority=\"high\"\n        height=\"46\"\n        loading=\"eager\"\n        referrerpolicy=\"no-referrer\"\n        src=\"https:\/\/www.em.com.br\/emfoco\/wp-content\/uploads\/2026\/08\/em_transparente_3000px-scaled.png\"\n        width=\"46\"\n      >\n    <\/div>\n\n    <div>\n      <div class=\"emf-summary-eyebrow\">EM FOCO<\/div>\n      <div class=\"emf-summary-title\">Resumo da mat\u00e9ria<\/div>\n    <\/div>\n  <\/div>\n\n  <div class=\"emf-summary-grid\">\n    <div class=\"emf-summary-card\">\n      <span aria-hidden=\"true\" class=\"emf-summary-number\">01<\/span>\n      <div aria-level=\"3\" class=\"emf-summary-card-title\" role=\"heading\">\n        Coragem com medo\n      <\/div>\n      <div class=\"emf-summary-card-text\">\n        A frase n\u00e3o pede aus\u00eancia de receio. Ela valoriza o passo poss\u00edvel mesmo quando a garantia do resultado n\u00e3o existe.\n      <\/div>\n      <div class=\"emf-summary-card-meta\">\n        Sentido\n      <\/div>\n    <\/div>\n    <div class=\"emf-summary-card\">\n      <span aria-hidden=\"true\" class=\"emf-summary-number\">02<\/span>\n      <div aria-level=\"3\" class=\"emf-summary-card-title\" role=\"heading\">\n        Escolha consciente\n      <\/div>\n      <div class=\"emf-summary-card-text\">\n        Agir com coragem inclui reconhecer riscos, reunir apoio e decidir sem entregar todo o comando \u00e0 inseguran\u00e7a.\n      <\/div>\n      <div class=\"emf-summary-card-meta\">\n        Pr\u00e1tica\n      <\/div>\n    <\/div>\n    <div class=\"emf-summary-card\">\n      <span aria-hidden=\"true\" class=\"emf-summary-number\">03<\/span>\n      <div aria-level=\"3\" class=\"emf-summary-card-title\" role=\"heading\">\n        Travessia di\u00e1ria\n      <\/div>\n      <div class=\"emf-summary-card-text\">\n        Grandes mudan\u00e7as come\u00e7am por atitudes proporcionais ao momento, repetidas at\u00e9 que o caminho deixe de parecer imposs\u00edvel.\n      <\/div>\n      <div class=\"emf-summary-card-meta\">\n        Caminho\n      <\/div>\n    <\/div>\n\n  <\/div>\n<\/div>\n\n\n\n<p class=\"wp-block-paragraph\">Quando o medo cresce, coragem n\u00e3o significa fingir que ele desapareceu. A frase atribu\u00edda a <strong>Guimar\u00e3es Rosa<\/strong> prop\u00f5e outra leitura: reconhecer a incerteza e escolher um passo respons\u00e1vel. Nesse sentido, <strong>o que a vida quer da gente \u00e9 coragem<\/strong> vira um convite \u00e0 a\u00e7\u00e3o poss\u00edvel e consciente, n\u00e3o \u00e0 imprud\u00eancia.<\/p>\n\n\n\n<h2 class=\"wp-block-heading\">O que a frase de Guimar\u00e3es Rosa diz sobre coragem?<\/h2>\n\n\n\n<p class=\"wp-block-paragraph\">A for\u00e7a da frase est\u00e1 no verbo querer. A vida aparece como uma travessia que exige <strong>presen\u00e7a diante do risco<\/strong>, n\u00e3o controle completo do futuro. Coragem, nessa leitura, \u00e9 aceitar que uma escolha importante pode continuar incerta mesmo depois de muita reflex\u00e3o.<\/p>\n\n\n\n<p class=\"wp-block-paragraph\">A obra de <a href=\"https:\/\/pt.wikipedia.org\/wiki\/Guimar%C3%A3es_Rosa\" target=\"_blank\" rel=\"noopener noreferrer\"><strong>Guimar\u00e3es Rosa<\/strong><\/a> costuma aproximar linguagem, conflito e travessia. Por isso, a senten\u00e7a combina com situa\u00e7\u00f5es em que n\u00e3o h\u00e1 sa\u00edda perfeita. Ela n\u00e3o entrega uma f\u00f3rmula; oferece uma postura para atravessar d\u00favidas sem paralisar.<\/p>\n\n\n<div class=\"wp-block-image\">\n<figure class=\"aligncenter size-large\"><img decoding=\"async\" width=\"1024\" height=\"576\" src=\"https:\/\/www.em.com.br\/emfoco\/wp-content\/uploads\/2026\/09\/cap12314-1-1024x576.jpg\" alt=\"\" class=\"wp-image-261776\" srcset=\"https:\/\/www.em.com.br\/emfoco\/wp-content\/uploads\/2026\/09\/cap12314-1-1024x576.jpg 1024w, https:\/\/www.em.com.br\/emfoco\/wp-content\/uploads\/2026\/09\/cap12314-1-300x169.jpg 300w, https:\/\/www.em.com.br\/emfoco\/wp-content\/uploads\/2026\/09\/cap12314-1-768x432.jpg 768w, https:\/\/www.em.com.br\/emfoco\/wp-content\/uploads\/2026\/09\/cap12314-1-1140x641.jpg 1140w, https:\/\/www.em.com.br\/emfoco\/wp-content\/uploads\/2026\/09\/cap12314-1-750x421.jpg 750w, https:\/\/www.em.com.br\/emfoco\/wp-content\/uploads\/2026\/09\/cap12314-1.jpg 1280w\" sizes=\"(max-width: 1024px) 100vw, 1024px\" \/><figcaption class=\"wp-element-caption\">Algumas decis\u00f5es importantes exigem seguir em frente mesmo sem qualquer certeza<\/figcaption><\/figure>\n<\/div>\n\n\n<h2 class=\"wp-block-heading\">Ter coragem significa deixar de sentir medo?<\/h2>\n\n\n\n<p class=\"wp-block-paragraph\">N\u00e3o. O medo pode informar que algo importa, que existe perigo ou que faltam dados. A <strong>coragem respons\u00e1vel<\/strong> escuta esse alerta e decide o que fazer com ele. Eliminar o medo n\u00e3o \u00e9 requisito para conversar, pedir ajuda, recusar um abuso ou mudar de dire\u00e7\u00e3o.<\/p>\n\n\n\n<p class=\"wp-block-paragraph\">Tamb\u00e9m n\u00e3o conv\u00e9m confundir coragem com exposi\u00e7\u00e3o desnecess\u00e1ria. Avan\u00e7ar pode significar preparar recursos, estabelecer limites ou esperar o momento adequado. O elemento decisivo \u00e9 n\u00e3o permitir que a <strong>inseguran\u00e7a decida sozinha<\/strong>, especialmente quando h\u00e1 valores e necessidades importantes em jogo.<\/p>\n\n\n\n<h2 class=\"wp-block-heading\">Como agir quando ainda n\u00e3o existe certeza?<\/h2>\n\n\n\n<p class=\"wp-block-paragraph\">A certeza total raramente acompanha decis\u00f5es relevantes. Uma resposta pr\u00e1tica \u00e9 reduzir a escolha ao <strong>pr\u00f3ximo passo verific\u00e1vel<\/strong>. Em vez de resolver a vida inteira, vale identificar o que pode ser testado hoje, quais riscos s\u00e3o revers\u00edveis e quem pode oferecer uma perspectiva confi\u00e1vel.<\/p>\n\n\n\n<p class=\"wp-block-paragraph\">Coragem tamb\u00e9m aceita revis\u00e3o. Uma decis\u00e3o n\u00e3o perde valor porque precisou ser ajustada. Ao observar efeitos e corrigir a rota, a pessoa transforma <strong>movimento em aprendizado<\/strong>. Isso protege contra dois extremos: ficar im\u00f3vel por perfeccionismo ou insistir apenas para provar for\u00e7a.<\/p>\n\n\n\n<p class=\"myth-list-bridge wp-block-paragraph\">A seguir reunimos <strong>quatro perguntas simples<\/strong> para escolher um primeiro movimento com mais clareza:<\/p>\n\n\n\n<ul class=\"wp-block-list myth-bullet-list\">\n<li><strong>Valor:<\/strong> o que eu estaria protegendo ou construindo ao agir?<\/li>\n\n\n\n<li><strong>Risco:<\/strong> qual consequ\u00eancia merece prepara\u00e7\u00e3o antes do primeiro passo?<\/li>\n\n\n\n<li><strong>Apoio:<\/strong> quem pode ouvir, orientar ou acompanhar essa decis\u00e3o?<\/li>\n\n\n\n<li><strong>A\u00e7\u00e3o:<\/strong> qual movimento pequeno j\u00e1 produziria informa\u00e7\u00e3o \u00fatil?<\/li>\n<\/ul>\n\n\n\n<p class=\"wp-block-paragraph\"><strong>Leia tamb\u00e9m: <a href=\"https:\/\/www.em.com.br\/emfoco\/2026\/07\/21\/o-tolo-que-reconhece-sua-tolice-e-sabio-o-proverbio-indiano-que-expoe-o-perigo-das-falsas-certezas\/\" target=\"_blank\" rel=\"noreferrer noopener\">\u201cO tolo que reconhece sua tolice \u00e9 s\u00e1bio\u201d: o prov\u00e9rbio indiano que exp\u00f5e o perigo das falsas certezas<\/a><\/strong><\/p>\n\n\n<div class=\"wp-block-image\">\n<figure class=\"aligncenter size-large\"><img decoding=\"async\" width=\"1024\" height=\"576\" src=\"https:\/\/www.em.com.br\/emfoco\/wp-content\/uploads\/2026\/09\/mi1i23-1-1024x576.jpg\" alt=\"\" class=\"wp-image-261778\" srcset=\"https:\/\/www.em.com.br\/emfoco\/wp-content\/uploads\/2026\/09\/mi1i23-1-1024x576.jpg 1024w, https:\/\/www.em.com.br\/emfoco\/wp-content\/uploads\/2026\/09\/mi1i23-1-300x169.jpg 300w, https:\/\/www.em.com.br\/emfoco\/wp-content\/uploads\/2026\/09\/mi1i23-1-768x432.jpg 768w, https:\/\/www.em.com.br\/emfoco\/wp-content\/uploads\/2026\/09\/mi1i23-1-750x421.jpg 750w, https:\/\/www.em.com.br\/emfoco\/wp-content\/uploads\/2026\/09\/mi1i23-1-1140x641.jpg 1140w, https:\/\/www.em.com.br\/emfoco\/wp-content\/uploads\/2026\/09\/mi1i23-1.jpg 1280w\" sizes=\"(max-width: 1024px) 100vw, 1024px\" \/><figcaption class=\"wp-element-caption\">A frase transforma uma palavra simples em resposta para momentos de d\u00favida e inseguran\u00e7a<\/figcaption><\/figure>\n<\/div>\n\n\n<h2 class=\"wp-block-heading\">Qual \u00e9 a diferen\u00e7a entre coragem e impulso?<\/h2>\n\n\n\n<p class=\"wp-block-paragraph\">O impulso busca aliviar a tens\u00e3o imediatamente. A coragem pode suportar o desconforto tempo suficiente para escolher melhor. Ela considera consequ\u00eancia, contexto e responsabilidade. Por isso, uma atitude corajosa \u00e0s vezes parece discreta: dizer <strong>n\u00e3o com firmeza<\/strong>, admitir um erro ou pedir tempo.<\/p>\n\n\n\n<p class=\"wp-block-paragraph\">Uma leitura acad\u00eamica da obra lembra que Riobaldo formula a coragem em <a href=\"https:\/\/campomourao.unespar.edu.br\/graduacao\/letras\/dados\/manifestacao-adriana-beloti_2026.pdf\" target=\"_blank\" rel=\"noopener noreferrer\"><strong>Grande Sert\u00e3o: Veredas<\/strong><\/a>. No romance, escolhas convivem com ambiguidade e conflito. A frase ganha profundidade quando n\u00e3o \u00e9 separada dessa experi\u00eancia de travessia.<\/p>\n\n\n\n<p class=\"myth-html-bridge wp-block-paragraph\">A seguir comparamos <strong>tr\u00eas maneiras de responder ao medo<\/strong> e o efeito prov\u00e1vel de cada uma:<\/p>\n\n\n\n<div class=\"emf-data-table google-auto-ads-ignore\">\n  <style>\n    .emf-data-table {\n      --emf-navy:#00245a;\n      --emf-navy-soft:#0b3b70;\n      --emf-ink:#1d2731;\n      --emf-muted:#66727e;\n      --emf-line:#d7dde5;\n      --emf-wash:#f4f6f8;\n      box-sizing:border-box!important;\n      inline-size:min(1100px,100%)!important;\n      max-inline-size:100%!important;\n      margin-inline:auto!important;\n      overflow:hidden!important;\n      color:var(--emf-ink);\n      background:#fff;\n      border:1px solid var(--emf-line);\n      border-radius:6px!important;\n      box-shadow:0 8px 24px rgba(0,36,90,.08);\n      font-family:Arial,Helvetica,sans-serif;\n    }\n\n    .emf-data-table *,\n    .emf-data-table *::before,\n    .emf-data-table *::after {\n      box-sizing:border-box!important;\n    }\n\n    .emf-data-table-brand {\n      display:flex;\n      align-items:center;\n      gap:13px;\n      min-block-size:72px;\n      padding:10px 17px;\n      color:#fff;\n      background:linear-gradient(105deg,var(--emf-navy) 0%,var(--emf-navy-soft) 100%);\n      border-block-end:4px solid #c5ced8;\n    }\n\n    .emf-data-table-logo {\n      display:grid;\n      place-items:center;\n      inline-size:52px;\n      block-size:52px;\n      flex:0 0 52px;\n      background:rgba(255,255,255,.08);\n      border:1px solid rgba(255,255,255,.35);\n      border-radius:3px!important;\n    }\n\n    .emf-data-table-logo img {\n      display:block;\n      inline-size:41px;\n      block-size:41px;\n      max-inline-size:41px;\n      max-block-size:41px;\n      object-fit:contain;\n    }\n\n    .emf-data-table-kicker {\n      margin:0 0 2px;\n      font-size:10px;\n      font-weight:700;\n      letter-spacing:.16em;\n      line-height:1.2;\n      text-transform:uppercase;\n      opacity:.78;\n    }\n\n    .emf-data-table-title {\n      margin:0;\n      font-family:Georgia,\"Times New Roman\",serif;\n      font-size:21px;\n      font-weight:700;\n      line-height:1.2;\n    }\n\n    .emf-data-table-scroll {\n      display:block!important;\n      inline-size:100%!important;\n      max-inline-size:100%!important;\n      overflow-x:auto!important;\n      overflow-y:hidden!important;\n      -webkit-overflow-scrolling:touch;\n      overscroll-behavior-inline:contain;\n      scrollbar-width:thin;\n      scrollbar-color:#8798aa #edf1f5;\n    }\n\n    .emf-data-table-scroll:focus-visible {\n      outline:3px solid rgba(0,36,90,.35);\n      outline-offset:-3px;\n    }\n\n    .emf-data-table table {\n      display:table!important;\n      inline-size:100%!important;\n      min-inline-size:680px!important;\n      max-inline-size:none!important;\n      margin:0!important;\n      border:0!important;\n      border-collapse:separate!important;\n      border-spacing:0!important;\n      table-layout:auto!important;\n      background:#fff!important;\n    }\n\n    .emf-data-table caption {\n      position:absolute!important;\n      inline-size:1px!important;\n      block-size:1px!important;\n      padding:0!important;\n      margin:-1px!important;\n      overflow:hidden!important;\n      clip:rect(0,0,0,0)!important;\n      white-space:nowrap!important;\n      border:0!important;\n    }\n\n    .emf-data-table thead {\n      display:table-header-group!important;\n    }\n\n    .emf-data-table tbody {\n      display:table-row-group!important;\n    }\n\n    .emf-data-table tr {\n      display:table-row!important;\n    }\n\n    .emf-data-table th,\n    .emf-data-table td {\n      display:table-cell!important;\n      float:none!important;\n      inline-size:auto!important;\n      max-inline-size:none!important;\n      margin:0!important;\n      border-radius:0!important;\n      text-align:left!important;\n      vertical-align:middle!important;\n    }\n\n    .emf-data-table th {\n      padding:14px 17px!important;\n      color:#fff!important;\n      background:var(--emf-navy)!important;\n      border-block-end:1px solid rgba(255,255,255,.22)!important;\n      border-inline-end:1px solid rgba(255,255,255,.12)!important;\n      font-family:Georgia,\"Times New Roman\",serif;\n      font-size:14px!important;\n      font-weight:700!important;\n      line-height:1.35!important;\n      white-space:nowrap!important;\n    }\n\n    .emf-data-table th:last-child {\n      border-inline-end:0!important;\n    }\n\n    .emf-data-table td {\n      padding:14px 17px!important;\n      color:#43515e!important;\n      background:#fff!important;\n      border-block-end:1px solid var(--emf-line)!important;\n      font-size:14px!important;\n      font-weight:400!important;\n      line-height:1.5!important;\n      overflow-wrap:anywhere;\n    }\n\n    .emf-data-table tbody tr:nth-child(even) td {\n      background:var(--emf-wash)!important;\n    }\n\n    .emf-data-table tbody tr:hover td {\n      background:#eaf0f5!important;\n    }\n\n    .emf-data-table tbody tr:last-child td {\n      border-block-end:0!important;\n    }\n\n    .emf-data-table td:first-child {\n      color:var(--emf-navy)!important;\n      font-weight:700!important;\n    }\n\n    @media(max-width:560px) {\n      .emf-data-table-brand {\n        min-block-size:68px;\n        padding:9px 13px;\n      }\n\n      .emf-data-table-title {\n        font-size:19px;\n      }\n\n      .emf-data-table-scroll {\n        overflow:visible!important;\n      }\n\n      .emf-data-table table,\n      .emf-data-table thead,\n      .emf-data-table tbody,\n      .emf-data-table tr,\n      .emf-data-table th,\n      .emf-data-table td {\n        display:block!important;\n        inline-size:100%!important;\n        min-inline-size:0!important;\n        max-inline-size:100%!important;\n      }\n\n      .emf-data-table table {\n        padding:13px!important;\n      }\n\n      .emf-data-table thead {\n        position:absolute!important;\n        inline-size:1px!important;\n        block-size:1px!important;\n        padding:0!important;\n        margin:-1px!important;\n        overflow:hidden!important;\n        clip:rect(0,0,0,0)!important;\n        white-space:nowrap!important;\n      }\n\n      .emf-data-table tbody {\n        display:grid!important;\n        gap:11px;\n      }\n\n      .emf-data-table tr {\n        overflow:hidden!important;\n        background:#fff!important;\n        border:1px solid var(--emf-line)!important;\n        border-block-start:4px solid var(--emf-navy)!important;\n        border-radius:4px!important;\n        box-shadow:0 4px 12px rgba(0,36,90,.06);\n      }\n\n      .emf-data-table td,\n      .emf-data-table tbody tr:nth-child(even) td,\n      .emf-data-table tbody tr:hover td {\n        display:grid!important;\n        grid-template-columns:minmax(105px,38%) minmax(0,1fr)!important;\n        align-items:start;\n        gap:11px;\n        padding:11px 12px!important;\n        background:#fff!important;\n        border-block-end:1px solid #e2e7ec!important;\n      }\n\n      .emf-data-table td::before {\n        content:attr(data-label);\n        color:var(--emf-muted);\n        font-size:10px;\n        font-weight:700;\n        letter-spacing:.06em;\n        line-height:1.35;\n        text-transform:uppercase;\n      }\n\n      .emf-data-table td:first-child {\n        color:var(--emf-navy)!important;\n        background:#edf1f5!important;\n      }\n\n      .emf-data-table td:last-child {\n        border-block-end:0!important;\n      }\n    }\n  <\/style>\n\n  <div class=\"emf-data-table-brand\">\n    <div class=\"emf-data-table-logo\">\n      <img\n        alt=\"Logo EM Foco\"\n        decoding=\"async\"\n        height=\"41\"\n        loading=\"lazy\"\n        referrerpolicy=\"no-referrer\"\n        src=\"https:\/\/www.em.com.br\/emfoco\/wp-content\/uploads\/2026\/08\/em_transparente_3000px-scaled.png\"\n        width=\"41\"\n      >\n    <\/div>\n\n    <div>\n      <div class=\"emf-data-table-kicker\">DADOS EM FOCO<\/div>\n      <div class=\"emf-data-table-title\">Tr\u00eas respostas ao medo<\/div>\n    <\/div>\n  <\/div>\n\n  <div aria-label=\"Compara\u00e7\u00e3o entre paralisia, impulso e coragem respons\u00e1vel\" class=\"emf-data-table-scroll\" role=\"region\" tabindex=\"0\">\n    <table>\n      <caption>Diferen\u00e7as pr\u00e1ticas entre respostas comuns diante de uma decis\u00e3o incerta.<\/caption>\n      <thead>\n        <tr>\n          <th scope=\"col\">Resposta<\/th>\n          <th scope=\"col\">Movimento<\/th>\n          <th scope=\"col\">Efeito poss\u00edvel<\/th>\n        <\/tr>\n      <\/thead>\n      <tbody>\n        <tr>\n          <td data-label=\"Resposta\">Paralisia<\/td>\n          <td data-label=\"Movimento\">Adia indefinidamente<\/td>\n          <td data-label=\"Efeito poss\u00edvel\">Mant\u00e9m a decis\u00e3o nas m\u00e3os do medo<\/td>\n        <\/tr>\n        <tr>\n          <td data-label=\"Resposta\">Impulso<\/td>\n          <td data-label=\"Movimento\">Age sem avaliar<\/td>\n          <td data-label=\"Efeito poss\u00edvel\">Cria riscos que poderiam ser preparados<\/td>\n        <\/tr>\n        <tr>\n          <td data-label=\"Resposta\">Coragem<\/td>\n          <td data-label=\"Movimento\">Avan\u00e7a com aten\u00e7\u00e3o<\/td>\n          <td data-label=\"Efeito poss\u00edvel\">Produz experi\u00eancia e permite ajuste<\/td>\n        <\/tr>\n\n      <\/tbody>\n    <\/table>\n  <\/div>\n<\/div>\n\n\n\n<h2 class=\"wp-block-heading\">Como levar essa frase para uma decis\u00e3o de hoje?<\/h2>\n\n\n\n<p class=\"wp-block-paragraph\">Comece nomeando o medo sem transform\u00e1-lo em senten\u00e7a. Depois, separe fato, possibilidade e imagina\u00e7\u00e3o. Essa distin\u00e7\u00e3o cria espa\u00e7o para uma <strong>decis\u00e3o proporcional<\/strong>. Talvez o passo seja enviar uma mensagem, marcar uma conversa, reunir documentos ou apenas formular com honestidade o que precisa mudar.<\/p>\n\n\n\n<p class=\"wp-block-paragraph\">A frase de Guimar\u00e3es Rosa n\u00e3o garante vit\u00f3ria nem elimina perdas. Seu valor est\u00e1 em lembrar que a vida continua pedindo participa\u00e7\u00e3o. Quando o medo tenta ocupar toda a mesa, <strong>coragem \u00e9 reservar uma cadeira para a escolha<\/strong> e come\u00e7ar a travessia pelo passo que cabe agora.<\/p>\n","protected":false},"excerpt":{"rendered":"<p>EM FOCO Resumo da mat\u00e9ria 01 Coragem com medo A frase n\u00e3o pede aus\u00eancia de receio. Ela valoriza o passo poss\u00edvel mesmo quando a garantia do resultado n\u00e3o existe. Sentido 02 Escolha consciente Agir com coragem inclui reconhecer riscos, reunir apoio e decidir sem entregar todo o comando \u00e0 inseguran\u00e7a. Pr\u00e1tica 03 Travessia di\u00e1ria Grandes [&hellip;]<\/p>\n","protected":false},"author":30,"featured_media":261774,"comment_status":"open","ping_status":"open","sticky":false,"template":"","format":"standard","meta":{"jnews-multi-image_gallery":[],"jnews_single_post":{"format":"standard"},"jnews_primary_category":[],"jnews_social_meta":[],"jnews_override_counter":[],"footnotes":""},"categories":[8819],"tags":[1481,11460,35121,5023,744],"class_list":["post-261757","post","type-post","status-publish","format-standard","has-post-thumbnail","hentry","category-curiosidades","tag-coragem","tag-frases","tag-guimaraes-rosa","tag-medo","tag-reflexao"],"yoast_head":"<!-- This site is optimized with the Yoast SEO plugin v28.3 - https:\/\/yoast.com\/product\/yoast-seo-wordpress\/ -->\n<title>Guimar\u00e3es Rosa resumiu o que precisamos quando o medo tenta decidir por n\u00f3s: \u201cO que a vida quer da gente \u00e9 coragem\u201d - Estado de Minas - Em foco<\/title>\n<meta name=\"description\" content=\"Quando o medo tenta decidir por n\u00f3s, uma frase de Guimar\u00e3es Rosa lembra o valor da coragem. Veja por que esse pensamento toca tanta gente.\" \/>\n<meta name=\"robots\" content=\"index, follow, max-snippet:-1, max-image-preview:large, max-video-preview:-1\" \/>\n<link rel=\"canonical\" href=\"https:\/\/www.em.com.br\/emfoco\/2026\/09\/02\/guimaraes-rosa-resumiu-o-que-precisamos-quando-o-medo-tenta-decidir-por-nos-o-que-a-vida-quer-da-gente-e-coragem\/\" \/>\n<meta property=\"og:locale\" content=\"pt_BR\" \/>\n<meta property=\"og:type\" content=\"article\" \/>\n<meta property=\"og:title\" content=\"Guimar\u00e3es Rosa resumiu o que precisamos quando o medo tenta decidir por n\u00f3s: \u201cO que a vida quer da gente \u00e9 coragem\u201d - Estado de Minas - Em foco\" \/>\n<meta property=\"og:description\" content=\"Quando o medo tenta decidir por n\u00f3s, uma frase de Guimar\u00e3es Rosa lembra o valor da coragem. Veja por que esse pensamento toca tanta gente.\" \/>\n<meta property=\"og:url\" content=\"https:\/\/www.em.com.br\/emfoco\/2026\/09\/02\/guimaraes-rosa-resumiu-o-que-precisamos-quando-o-medo-tenta-decidir-por-nos-o-que-a-vida-quer-da-gente-e-coragem\/\" \/>\n<meta property=\"og:site_name\" content=\"Estado de Minas - Em foco\" \/>\n<meta property=\"article:published_time\" content=\"2026-09-02T14:07:00+00:00\" \/>\n<meta property=\"og:image\" content=\"https:\/\/www.em.com.br\/emfoco\/wp-content\/uploads\/2026\/09\/capa123.jpg\" \/>\n\t<meta property=\"og:image:width\" content=\"1280\" \/>\n\t<meta property=\"og:image:height\" content=\"720\" \/>\n\t<meta property=\"og:image:type\" content=\"image\/jpeg\" \/>\n<meta name=\"author\" content=\"Guilherme Ara\u00fajo\" \/>\n<meta name=\"twitter:card\" content=\"summary_large_image\" \/>\n<meta name=\"twitter:label1\" content=\"Escrito por\" \/>\n\t<meta name=\"twitter:data1\" content=\"Guilherme Ara\u00fajo\" \/>\n\t<meta name=\"twitter:label2\" content=\"Est. tempo de leitura\" \/>\n\t<meta name=\"twitter:data2\" content=\"6 minutos\" \/>\n<!-- \/ Yoast SEO plugin. -->","yoast_head_json":{"title":"Guimar\u00e3es Rosa resumiu o que precisamos quando o medo tenta decidir por n\u00f3s: \u201cO que a vida quer da gente \u00e9 coragem\u201d - Estado de Minas - Em foco","description":"Quando o medo tenta decidir por n\u00f3s, uma frase de Guimar\u00e3es Rosa lembra o valor da coragem. Veja por que esse pensamento toca tanta gente.","robots":{"index":"index","follow":"follow","max-snippet":"max-snippet:-1","max-image-preview":"max-image-preview:large","max-video-preview":"max-video-preview:-1"},"canonical":"https:\/\/www.em.com.br\/emfoco\/2026\/09\/02\/guimaraes-rosa-resumiu-o-que-precisamos-quando-o-medo-tenta-decidir-por-nos-o-que-a-vida-quer-da-gente-e-coragem\/","og_locale":"pt_BR","og_type":"article","og_title":"Guimar\u00e3es Rosa resumiu o que precisamos quando o medo tenta decidir por n\u00f3s: \u201cO que a vida quer da gente \u00e9 coragem\u201d - Estado de Minas - Em foco","og_description":"Quando o medo tenta decidir por n\u00f3s, uma frase de Guimar\u00e3es Rosa lembra o valor da coragem. Veja por que esse pensamento toca tanta gente.","og_url":"https:\/\/www.em.com.br\/emfoco\/2026\/09\/02\/guimaraes-rosa-resumiu-o-que-precisamos-quando-o-medo-tenta-decidir-por-nos-o-que-a-vida-quer-da-gente-e-coragem\/","og_site_name":"Estado de Minas - Em foco","article_published_time":"2026-09-02T14:07:00+00:00","og_image":[{"width":1280,"height":720,"url":"https:\/\/www.em.com.br\/emfoco\/wp-content\/uploads\/2026\/09\/capa123.jpg","type":"image\/jpeg"}],"author":"Guilherme Ara\u00fajo","twitter_card":"summary_large_image","twitter_misc":{"Escrito por":"Guilherme Ara\u00fajo","Est. tempo de leitura":"6 minutos"},"schema":{"@context":"https:\/\/schema.org","@graph":[{"@type":"Article","@id":"https:\/\/www.em.com.br\/emfoco\/2026\/09\/02\/guimaraes-rosa-resumiu-o-que-precisamos-quando-o-medo-tenta-decidir-por-nos-o-que-a-vida-quer-da-gente-e-coragem\/#article","isPartOf":{"@id":"https:\/\/www.em.com.br\/emfoco\/2026\/09\/02\/guimaraes-rosa-resumiu-o-que-precisamos-quando-o-medo-tenta-decidir-por-nos-o-que-a-vida-quer-da-gente-e-coragem\/"},"author":{"name":"Guilherme Ara\u00fajo","@id":"https:\/\/www.em.com.br\/emfoco\/#\/schema\/person\/5379e929a4b966c775d121e23f9bb421"},"headline":"Guimar\u00e3es Rosa resumiu o que precisamos quando o medo tenta decidir por n\u00f3s: \u201cO que a vida quer da gente \u00e9 coragem\u201d","datePublished":"2026-09-02T14:07:00+00:00","mainEntityOfPage":{"@id":"https:\/\/www.em.com.br\/emfoco\/2026\/09\/02\/guimaraes-rosa-resumiu-o-que-precisamos-quando-o-medo-tenta-decidir-por-nos-o-que-a-vida-quer-da-gente-e-coragem\/"},"wordCount":853,"commentCount":0,"image":{"@id":"https:\/\/www.em.com.br\/emfoco\/2026\/09\/02\/guimaraes-rosa-resumiu-o-que-precisamos-quando-o-medo-tenta-decidir-por-nos-o-que-a-vida-quer-da-gente-e-coragem\/#primaryimage"},"thumbnailUrl":"https:\/\/www.em.com.br\/emfoco\/wp-content\/uploads\/2026\/09\/capa123.jpg","keywords":["coragem","frases","Guimar\u00e3es Rosa","medo","reflex\u00e3o"],"articleSection":["Curiosidades"],"inLanguage":"pt-BR","potentialAction":[{"@type":"CommentAction","name":"Comment","target":["https:\/\/www.em.com.br\/emfoco\/2026\/09\/02\/guimaraes-rosa-resumiu-o-que-precisamos-quando-o-medo-tenta-decidir-por-nos-o-que-a-vida-quer-da-gente-e-coragem\/#respond"]}]},{"@type":"WebPage","@id":"https:\/\/www.em.com.br\/emfoco\/2026\/09\/02\/guimaraes-rosa-resumiu-o-que-precisamos-quando-o-medo-tenta-decidir-por-nos-o-que-a-vida-quer-da-gente-e-coragem\/","url":"https:\/\/www.em.com.br\/emfoco\/2026\/09\/02\/guimaraes-rosa-resumiu-o-que-precisamos-quando-o-medo-tenta-decidir-por-nos-o-que-a-vida-quer-da-gente-e-coragem\/","name":"Guimar\u00e3es Rosa resumiu o que precisamos quando o medo tenta decidir por n\u00f3s: \u201cO que a vida quer da gente \u00e9 coragem\u201d - Estado de Minas - Em foco","isPartOf":{"@id":"https:\/\/www.em.com.br\/emfoco\/#website"},"primaryImageOfPage":{"@id":"https:\/\/www.em.com.br\/emfoco\/2026\/09\/02\/guimaraes-rosa-resumiu-o-que-precisamos-quando-o-medo-tenta-decidir-por-nos-o-que-a-vida-quer-da-gente-e-coragem\/#primaryimage"},"image":{"@id":"https:\/\/www.em.com.br\/emfoco\/2026\/09\/02\/guimaraes-rosa-resumiu-o-que-precisamos-quando-o-medo-tenta-decidir-por-nos-o-que-a-vida-quer-da-gente-e-coragem\/#primaryimage"},"thumbnailUrl":"https:\/\/www.em.com.br\/emfoco\/wp-content\/uploads\/2026\/09\/capa123.jpg","datePublished":"2026-09-02T14:07:00+00:00","author":{"@id":"https:\/\/www.em.com.br\/emfoco\/#\/schema\/person\/5379e929a4b966c775d121e23f9bb421"},"description":"Quando o medo tenta decidir por n\u00f3s, uma frase de Guimar\u00e3es Rosa lembra o valor da coragem. Veja por que esse pensamento toca tanta gente.","breadcrumb":{"@id":"https:\/\/www.em.com.br\/emfoco\/2026\/09\/02\/guimaraes-rosa-resumiu-o-que-precisamos-quando-o-medo-tenta-decidir-por-nos-o-que-a-vida-quer-da-gente-e-coragem\/#breadcrumb"},"inLanguage":"pt-BR","potentialAction":[{"@type":"ReadAction","target":["https:\/\/www.em.com.br\/emfoco\/2026\/09\/02\/guimaraes-rosa-resumiu-o-que-precisamos-quando-o-medo-tenta-decidir-por-nos-o-que-a-vida-quer-da-gente-e-coragem\/"]}]},{"@type":"ImageObject","inLanguage":"pt-BR","@id":"https:\/\/www.em.com.br\/emfoco\/2026\/09\/02\/guimaraes-rosa-resumiu-o-que-precisamos-quando-o-medo-tenta-decidir-por-nos-o-que-a-vida-quer-da-gente-e-coragem\/#primaryimage","url":"https:\/\/www.em.com.br\/emfoco\/wp-content\/uploads\/2026\/09\/capa123.jpg","contentUrl":"https:\/\/www.em.com.br\/emfoco\/wp-content\/uploads\/2026\/09\/capa123.jpg","width":1280,"height":720,"caption":"A coragem n\u00e3o elimina o medo, mas pode impedir que ele escolha o caminho por n\u00f3s"},{"@type":"BreadcrumbList","@id":"https:\/\/www.em.com.br\/emfoco\/2026\/09\/02\/guimaraes-rosa-resumiu-o-que-precisamos-quando-o-medo-tenta-decidir-por-nos-o-que-a-vida-quer-da-gente-e-coragem\/#breadcrumb","itemListElement":[{"@type":"ListItem","position":1,"name":"In\u00edcio","item":"https:\/\/www.em.com.br\/emfoco\/"},{"@type":"ListItem","position":2,"name":"Guimar\u00e3es Rosa resumiu o que precisamos quando o medo tenta decidir por n\u00f3s: \u201cO que a vida quer da gente \u00e9 coragem\u201d"}]},{"@type":"WebSite","@id":"https:\/\/www.em.com.br\/emfoco\/#website","url":"https:\/\/www.em.com.br\/emfoco\/","name":"Estado de Minas - Em foco","description":"Acompanhe as \u00faltimas not\u00edcias e fique bem informado sobre tudo o que acontece em Minas Gerais, Brasil e no mundo.","potentialAction":[{"@type":"SearchAction","target":{"@type":"EntryPoint","urlTemplate":"https:\/\/www.em.com.br\/emfoco\/?s={search_term_string}"},"query-input":{"@type":"PropertyValueSpecification","valueRequired":true,"valueName":"search_term_string"}}],"inLanguage":"pt-BR"},{"@type":"Person","@id":"https:\/\/www.em.com.br\/emfoco\/#\/schema\/person\/5379e929a4b966c775d121e23f9bb421","name":"Guilherme Ara\u00fajo","image":{"@type":"ImageObject","inLanguage":"pt-BR","@id":"https:\/\/secure.gravatar.com\/avatar\/063bc96e5a2afd1844386c45bd1360efc771eff011a9fab8cd399e2a104c3ecd?s=96&d=mm&r=g","url":"https:\/\/secure.gravatar.com\/avatar\/063bc96e5a2afd1844386c45bd1360efc771eff011a9fab8cd399e2a104c3ecd?s=96&d=mm&r=g","contentUrl":"https:\/\/secure.gravatar.com\/avatar\/063bc96e5a2afd1844386c45bd1360efc771eff011a9fab8cd399e2a104c3ecd?s=96&d=mm&r=g","caption":"Guilherme Ara\u00fajo"},"sameAs":["https:\/\/www.em.com.br\/emfoco"],"url":"https:\/\/www.em.com.br\/emfoco\/author\/guilhermeamyth\/"}]}},"_links":{"self":[{"href":"https:\/\/www.em.com.br\/emfoco\/wp-json\/wp\/v2\/posts\/261757","targetHints":{"allow":["GET"]}}],"collection":[{"href":"https:\/\/www.em.com.br\/emfoco\/wp-json\/wp\/v2\/posts"}],"about":[{"href":"https:\/\/www.em.com.br\/emfoco\/wp-json\/wp\/v2\/types\/post"}],"author":[{"embeddable":true,"href":"https:\/\/www.em.com.br\/emfoco\/wp-json\/wp\/v2\/users\/30"}],"replies":[{"embeddable":true,"href":"https:\/\/www.em.com.br\/emfoco\/wp-json\/wp\/v2\/comments?post=261757"}],"version-history":[{"count":4,"href":"https:\/\/www.em.com.br\/emfoco\/wp-json\/wp\/v2\/posts\/261757\/revisions"}],"predecessor-version":[{"id":261872,"href":"https:\/\/www.em.com.br\/emfoco\/wp-json\/wp\/v2\/posts\/261757\/revisions\/261872"}],"wp:featuredmedia":[{"embeddable":true,"href":"https:\/\/www.em.com.br\/emfoco\/wp-json\/wp\/v2\/media\/261774"}],"wp:attachment":[{"href":"https:\/\/www.em.com.br\/emfoco\/wp-json\/wp\/v2\/media?parent=261757"}],"wp:term":[{"taxonomy":"category","embeddable":true,"href":"https:\/\/www.em.com.br\/emfoco\/wp-json\/wp\/v2\/categories?post=261757"},{"taxonomy":"post_tag","embeddable":true,"href":"https:\/\/www.em.com.br\/emfoco\/wp-json\/wp\/v2\/tags?post=261757"}],"curies":[{"name":"wp","href":"https:\/\/api.w.org\/{rel}","templated":true}]}}