{"id":261680,"date":"2026-09-02T10:37:00","date_gmt":"2026-09-02T13:37:00","guid":{"rendered":"https:\/\/www.em.com.br\/emfoco\/?p=261680"},"modified":"2026-09-01T20:08:12","modified_gmt":"2026-09-01T23:08:12","slug":"po-branco-na-parede-nem-sempre-e-mofo-pode-ser-sinal-de-umidade","status":"publish","type":"post","link":"https:\/\/www.em.com.br\/emfoco\/2026\/09\/02\/po-branco-na-parede-nem-sempre-e-mofo-pode-ser-sinal-de-umidade\/","title":{"rendered":"P\u00f3 branco na parede nem sempre \u00e9 mofo: pode ser sinal de umidade"},"content":{"rendered":"\n<p class=\"wp-block-paragraph\">Um <strong>p\u00f3 branco na parede<\/strong> pode ser efloresc\u00eancia, dep\u00f3sito de sais que aparece quando a \u00e1gua atravessa materiais porosos e evapora na superf\u00edcie. A marca pode voltar enquanto existir entrada de umidade. Antes de pintar por cima, vale identificar se h\u00e1 <strong>infiltra\u00e7\u00e3o, umidade do solo ou falha de veda\u00e7\u00e3o<\/strong> ativa.<\/p>\n\n\n\n<h2 class=\"wp-block-heading\">Como a efloresc\u00eancia forma o p\u00f3 branco na parede?<\/h2>\n\n\n\n<p class=\"wp-block-paragraph\">A <a href=\"https:\/\/pt.wikipedia.org\/wiki\/Efloresc%C3%AAncia\" target=\"_blank\" rel=\"noopener noreferrer\"><strong>efloresc\u00eancia<\/strong><\/a> aparece quando sais sol\u00faveis entram em contato com \u00e1gua dentro de tijolos, concreto, argamassa ou revestimentos. A solu\u00e7\u00e3o caminha pelos poros do material e chega \u00e0 superf\u00edcie. Quando a \u00e1gua evapora, ficam <strong>cristais claros<\/strong> vis\u00edveis.<\/p>\n\n\n\n<p class=\"wp-block-paragraph\">Por isso, o dep\u00f3sito pode parecer p\u00f3, crosta fina ou manchas brancas. O aspecto varia conforme o sal, o material e a quantidade de \u00e1gua. A presen\u00e7a da marca indica que houve <strong>movimento de umidade<\/strong>, mesmo quando a superf\u00edcie j\u00e1 parece seca no momento da observa\u00e7\u00e3o.<\/p>\n\n\n<div class=\"wp-block-image\">\n<figure class=\"aligncenter size-large\"><img decoding=\"async\" width=\"1024\" height=\"576\" src=\"https:\/\/www.em.com.br\/emfoco\/wp-content\/uploads\/2026\/09\/tijolo1-1-1024x576.jpg\" alt=\"\" class=\"wp-image-261725\" srcset=\"https:\/\/www.em.com.br\/emfoco\/wp-content\/uploads\/2026\/09\/tijolo1-1-1024x576.jpg 1024w, https:\/\/www.em.com.br\/emfoco\/wp-content\/uploads\/2026\/09\/tijolo1-1-300x169.jpg 300w, https:\/\/www.em.com.br\/emfoco\/wp-content\/uploads\/2026\/09\/tijolo1-1-768x432.jpg 768w, https:\/\/www.em.com.br\/emfoco\/wp-content\/uploads\/2026\/09\/tijolo1-1-750x421.jpg 750w, https:\/\/www.em.com.br\/emfoco\/wp-content\/uploads\/2026\/09\/tijolo1-1-1140x641.jpg 1140w, https:\/\/www.em.com.br\/emfoco\/wp-content\/uploads\/2026\/09\/tijolo1-1.jpg 1280w\" sizes=\"(max-width: 1024px) 100vw, 1024px\" \/><figcaption class=\"wp-element-caption\">Limpar a marca sem resolver a origem da \u00e1gua pode fazer o problema aparecer novamente<\/figcaption><\/figure>\n<\/div>\n\n\n<h2 class=\"wp-block-heading\">Por que a umidade faz a mancha voltar depois da limpeza?<\/h2>\n\n\n\n<p class=\"wp-block-paragraph\">Limpar a superf\u00edcie remove o dep\u00f3sito que j\u00e1 se formou, mas n\u00e3o muda o caminho da \u00e1gua. Se a alvenaria continua recebendo umidade, novos sais podem se dissolver, migrar e cristalizar. \u00c9 por isso que a <strong>efloresc\u00eancia pode reaparecer<\/strong> depois de dias ou semanas.<\/p>\n\n\n\n<p class=\"wp-block-paragraph\">O <a href=\"https:\/\/nrc-publications.canada.ca\/eng\/view\/object\/?id=780048ff-1370-4e13-8ce1-432b35e3950b\" target=\"_blank\" rel=\"noopener noreferrer\"><strong>National Research Council Canada<\/strong><\/a> destaca duas condi\u00e7\u00f5es b\u00e1sicas: sais sol\u00faveis e umidade capaz de transport\u00e1-los. Corrigir a entrada de \u00e1gua costuma ser mais importante do que apenas esconder a <strong>marca branca<\/strong>.<\/p>\n\n\n\n<h2 class=\"wp-block-heading\">Como diferenciar efloresc\u00eancia de uma mancha que parece mofo?<\/h2>\n\n\n\n<p class=\"wp-block-paragraph\">A efloresc\u00eancia costuma ser seca, clara e mineral, parecendo p\u00f3 ou cristais. Mofo \u00e9 crescimento biol\u00f3gico e pode ter outras cores, cheiros e textura. S\u00f3 a apar\u00eancia n\u00e3o fecha diagn\u00f3stico, mas um dep\u00f3sito que volta junto com sinais de \u00e1gua pede aten\u00e7\u00e3o \u00e0 <strong>umidade da parede<\/strong>.<\/p>\n\n\n\n<p class=\"wp-block-paragraph\">Observe o entorno: rodap\u00e9 \u00famido, tinta estufada, junta deteriorada, calha com falha ou parede externa exposta podem indicar a origem da \u00e1gua. Em vez de usar um produto aleat\u00f3rio, procure primeiro o <strong>caminho da infiltra\u00e7\u00e3o<\/strong> que alimenta o problema.<\/p>\n\n\n\n<p class=\"myth-list-bridge wp-block-paragraph\">A seguir listamos <strong>4 pistas visuais<\/strong> que ajudam a organizar a inspe\u00e7\u00e3o antes de decidir como tratar a parede:<\/p>\n\n\n\n<ul class=\"wp-block-list myth-bullet-list\">\n<li><strong>P\u00f3 branco:<\/strong> pode indicar sais deixados pela evapora\u00e7\u00e3o da \u00e1gua.<\/li>\n\n\n\n<li><strong>Rodap\u00e9 \u00famido:<\/strong> sugere entrada de \u00e1gua pr\u00f3xima ao piso ou ao solo.<\/li>\n\n\n\n<li><strong>Tinta estufada:<\/strong> mostra que h\u00e1 perda de ader\u00eancia na camada superficial.<\/li>\n\n\n\n<li><strong>Marca recorrente:<\/strong> indica que a origem da umidade pode continuar ativa.<\/li>\n<\/ul>\n\n\n\n<p class=\"wp-block-paragraph\"><strong>Leia tamb\u00e9m: <a href=\"https:\/\/www.em.com.br\/emfoco\/2026\/08\/12\/o-segredo-misturado-ao-sabao-em-pasta-que-deixa-suas-panelas-de-aluminio-brilhando-como-um-espelho\/\" target=\"_blank\" rel=\"noreferrer noopener\">O segredo misturado ao sab\u00e3o em pasta que deixa suas panelas de alum\u00ednio brilhando como um espelho<\/a><\/strong><\/p>\n\n\n<div class=\"wp-block-image\">\n<figure class=\"aligncenter size-large\"><img decoding=\"async\" width=\"1024\" height=\"576\" src=\"https:\/\/www.em.com.br\/emfoco\/wp-content\/uploads\/2026\/09\/mofo2-1-1024x576.jpg\" alt=\"\" class=\"wp-image-261727\" srcset=\"https:\/\/www.em.com.br\/emfoco\/wp-content\/uploads\/2026\/09\/mofo2-1-1024x576.jpg 1024w, https:\/\/www.em.com.br\/emfoco\/wp-content\/uploads\/2026\/09\/mofo2-1-300x169.jpg 300w, https:\/\/www.em.com.br\/emfoco\/wp-content\/uploads\/2026\/09\/mofo2-1-768x432.jpg 768w, https:\/\/www.em.com.br\/emfoco\/wp-content\/uploads\/2026\/09\/mofo2-1-750x421.jpg 750w, https:\/\/www.em.com.br\/emfoco\/wp-content\/uploads\/2026\/09\/mofo2-1-1140x641.jpg 1140w, https:\/\/www.em.com.br\/emfoco\/wp-content\/uploads\/2026\/09\/mofo2-1.jpg 1280w\" sizes=\"(max-width: 1024px) 100vw, 1024px\" \/><figcaption class=\"wp-element-caption\">A textura e o local onde o p\u00f3 surge ajudam a diferenciar poss\u00edveis causas<\/figcaption><\/figure>\n<\/div>\n\n\n<h2 class=\"wp-block-heading\">O que deve ser corrigido antes de pintar novamente a parede?<\/h2>\n\n\n\n<p class=\"wp-block-paragraph\">Primeiro, identifique de onde vem a \u00e1gua. Pode haver infiltra\u00e7\u00e3o externa, falha em juntas, problema no telhado, vazamento ou umidade que sobe do solo. Pintar sem interromper essa origem tende a esconder temporariamente a <strong>causa da efloresc\u00eancia<\/strong>, n\u00e3o a resolver.<\/p>\n\n\n\n<p class=\"wp-block-paragraph\">Depois que a fonte estiver controlada e a parede puder secar, o acabamento deve seguir o sistema indicado para aquele material. Em alvenaria hist\u00f3rica ou muito deteriorada, produtos imperme\u00e1veis aplicados sem avalia\u00e7\u00e3o podem prender umidade. Nesses casos, a <strong>compatibilidade do reparo<\/strong> importa.<\/p>\n\n\n\n<p class=\"myth-html-bridge wp-block-paragraph\">A seguir listamos <strong>3 etapas de avalia\u00e7\u00e3o<\/strong> que ajudam a separar a limpeza superficial da corre\u00e7\u00e3o da causa:<\/p>\n\n\n\n<div class=\"emf-data-table google-auto-ads-ignore\">\n  <style>\n    .emf-data-table {\n      --emf-navy:#00245a;\n      --emf-navy-soft:#0b3b70;\n      --emf-ink:#1d2731;\n      --emf-muted:#66727e;\n      --emf-line:#d7dde5;\n      --emf-wash:#f4f6f8;\n      box-sizing:border-box!important;\n      inline-size:min(1100px,100%)!important;\n      max-inline-size:100%!important;\n      margin-inline:auto!important;\n      overflow:hidden!important;\n      color:var(--emf-ink);\n      background:#fff;\n      border:1px solid var(--emf-line);\n      border-radius:6px!important;\n      box-shadow:0 8px 24px rgba(0,36,90,.08);\n      font-family:Arial,Helvetica,sans-serif;\n    }\n\n    .emf-data-table *,\n    .emf-data-table *::before,\n    .emf-data-table *::after {\n      box-sizing:border-box!important;\n    }\n\n    .emf-data-table-brand {\n      display:flex;\n      align-items:center;\n      gap:13px;\n      min-block-size:72px;\n      padding:10px 17px;\n      color:#fff;\n      background:linear-gradient(105deg,var(--emf-navy) 0%,var(--emf-navy-soft) 100%);\n      border-block-end:4px solid #c5ced8;\n    }\n\n    .emf-data-table-logo {\n      display:grid;\n      place-items:center;\n      inline-size:52px;\n      block-size:52px;\n      flex:0 0 52px;\n      background:rgba(255,255,255,.08);\n      border:1px solid rgba(255,255,255,.35);\n      border-radius:3px!important;\n    }\n\n    .emf-data-table-logo img {\n      display:block;\n      inline-size:41px;\n      block-size:41px;\n      max-inline-size:41px;\n      max-block-size:41px;\n      object-fit:contain;\n    }\n\n    .emf-data-table-kicker {\n      margin:0 0 2px;\n      font-size:10px;\n      font-weight:700;\n      letter-spacing:.16em;\n      line-height:1.2;\n      text-transform:uppercase;\n      opacity:.78;\n    }\n\n    .emf-data-table-title {\n      margin:0;\n      font-family:Georgia,\"Times New Roman\",serif;\n      font-size:21px;\n      font-weight:700;\n      line-height:1.2;\n    }\n\n    .emf-data-table-scroll {\n      display:block!important;\n      inline-size:100%!important;\n      max-inline-size:100%!important;\n      overflow-x:auto!important;\n      overflow-y:hidden!important;\n      -webkit-overflow-scrolling:touch;\n      overscroll-behavior-inline:contain;\n      scrollbar-width:thin;\n      scrollbar-color:#8798aa #edf1f5;\n    }\n\n    .emf-data-table-scroll:focus-visible {\n      outline:3px solid rgba(0,36,90,.35);\n      outline-offset:-3px;\n    }\n\n    .emf-data-table table {\n      display:table!important;\n      inline-size:100%!important;\n      min-inline-size:680px!important;\n      max-inline-size:none!important;\n      margin:0!important;\n      border:0!important;\n      border-collapse:separate!important;\n      border-spacing:0!important;\n      table-layout:auto!important;\n      background:#fff!important;\n    }\n\n    .emf-data-table caption {\n      position:absolute!important;\n      inline-size:1px!important;\n      block-size:1px!important;\n      padding:0!important;\n      margin:-1px!important;\n      overflow:hidden!important;\n      clip:rect(0,0,0,0)!important;\n      white-space:nowrap!important;\n      border:0!important;\n    }\n\n    .emf-data-table thead {\n      display:table-header-group!important;\n    }\n\n    .emf-data-table tbody {\n      display:table-row-group!important;\n    }\n\n    .emf-data-table tr {\n      display:table-row!important;\n    }\n\n    .emf-data-table th,\n    .emf-data-table td {\n      display:table-cell!important;\n      float:none!important;\n      inline-size:auto!important;\n      max-inline-size:none!important;\n      margin:0!important;\n      border-radius:0!important;\n      text-align:left!important;\n      vertical-align:middle!important;\n    }\n\n    .emf-data-table th {\n      padding:14px 17px!important;\n      color:#fff!important;\n      background:var(--emf-navy)!important;\n      border-block-end:1px solid rgba(255,255,255,.22)!important;\n      border-inline-end:1px solid rgba(255,255,255,.12)!important;\n      font-family:Georgia,\"Times New Roman\",serif;\n      font-size:14px!important;\n      font-weight:700!important;\n      line-height:1.35!important;\n      white-space:nowrap!important;\n    }\n\n    .emf-data-table th:last-child {\n      border-inline-end:0!important;\n    }\n\n    .emf-data-table td {\n      padding:14px 17px!important;\n      color:#43515e!important;\n      background:#fff!important;\n      border-block-end:1px solid var(--emf-line)!important;\n      font-size:14px!important;\n      font-weight:400!important;\n      line-height:1.5!important;\n      overflow-wrap:anywhere;\n    }\n\n    .emf-data-table tbody tr:nth-child(even) td {\n      background:var(--emf-wash)!important;\n    }\n\n    .emf-data-table tbody tr:hover td {\n      background:#eaf0f5!important;\n    }\n\n    .emf-data-table tbody tr:last-child td {\n      border-block-end:0!important;\n    }\n\n    .emf-data-table td:first-child {\n      color:var(--emf-navy)!important;\n      font-weight:700!important;\n    }\n\n    @media(max-width:560px) {\n      .emf-data-table-brand {\n        min-block-size:68px;\n        padding:9px 13px;\n      }\n\n      .emf-data-table-title {\n        font-size:19px;\n      }\n\n      .emf-data-table-scroll {\n        overflow:visible!important;\n      }\n\n      .emf-data-table table,\n      .emf-data-table thead,\n      .emf-data-table tbody,\n      .emf-data-table tr,\n      .emf-data-table th,\n      .emf-data-table td {\n        display:block!important;\n        inline-size:100%!important;\n        min-inline-size:0!important;\n        max-inline-size:100%!important;\n      }\n\n      .emf-data-table table {\n        padding:13px!important;\n      }\n\n      .emf-data-table thead {\n        position:absolute!important;\n        inline-size:1px!important;\n        block-size:1px!important;\n        padding:0!important;\n        margin:-1px!important;\n        overflow:hidden!important;\n        clip:rect(0,0,0,0)!important;\n        white-space:nowrap!important;\n      }\n\n      .emf-data-table tbody {\n        display:grid!important;\n        gap:11px;\n      }\n\n      .emf-data-table tr {\n        overflow:hidden!important;\n        background:#fff!important;\n        border:1px solid var(--emf-line)!important;\n        border-block-start:4px solid var(--emf-navy)!important;\n        border-radius:4px!important;\n        box-shadow:0 4px 12px rgba(0,36,90,.06);\n      }\n\n      .emf-data-table td,\n      .emf-data-table tbody tr:nth-child(even) td,\n      .emf-data-table tbody tr:hover td {\n        display:grid!important;\n        grid-template-columns:minmax(105px,38%) minmax(0,1fr)!important;\n        align-items:start;\n        gap:11px;\n        padding:11px 12px!important;\n        background:#fff!important;\n        border-block-end:1px solid #e2e7ec!important;\n      }\n\n      .emf-data-table td::before {\n        content:attr(data-label);\n        color:var(--emf-muted);\n        font-size:10px;\n        font-weight:700;\n        letter-spacing:.06em;\n        line-height:1.35;\n        text-transform:uppercase;\n      }\n\n      .emf-data-table td:first-child {\n        color:var(--emf-navy)!important;\n        background:#edf1f5!important;\n      }\n\n      .emf-data-table td:last-child {\n        border-block-end:0!important;\n      }\n    }\n  <\/style>\n\n  <div class=\"emf-data-table-brand\">\n    <div class=\"emf-data-table-logo\">\n      <img\n        alt=\"Logo EM Foco\"\n        decoding=\"async\"\n        height=\"41\"\n        loading=\"lazy\"\n        referrerpolicy=\"no-referrer\"\n        src=\"https:\/\/www.em.com.br\/emfoco\/wp-content\/uploads\/2026\/08\/em_transparente_3000px-scaled.png\"\n        width=\"41\"\n      >\n    <\/div>\n\n    <div>\n      <div class=\"emf-data-table-kicker\">DADOS EM FOCO<\/div>\n      <div class=\"emf-data-table-title\">Da mancha \u00e0 causa<\/div>\n    <\/div>\n  <\/div>\n\n  <div aria-label=\"Etapas para avaliar p\u00f3 branco e umidade em paredes\" class=\"emf-data-table-scroll\" role=\"region\" tabindex=\"0\">\n    <table>\n      <caption>Etapas para avaliar p\u00f3 branco e umidade em paredes<\/caption>\n      <thead>\n        <tr>\n          <th scope=\"col\">Etapa<\/th>\n          <th scope=\"col\">O que observar<\/th>\n          <th scope=\"col\">Objetivo<\/th>\n        <\/tr>\n      <\/thead>\n      <tbody>\n        <tr>\n          <td data-label=\"Etapa\">Superf\u00edcie<\/td>\n          <td data-label=\"O que observar\">P\u00f3, crosta, tinta solta<\/td>\n          <td data-label=\"Objetivo\">Reconhecer o tipo de marca<\/td>\n        <\/tr>\n        <tr>\n          <td data-label=\"Etapa\">Origem da \u00e1gua<\/td>\n          <td data-label=\"O que observar\">Telhado, solo, juntas, vazamentos<\/td>\n          <td data-label=\"Objetivo\">Interromper a entrada de umidade<\/td>\n        <\/tr>\n        <tr>\n          <td data-label=\"Etapa\">Acabamento<\/td>\n          <td data-label=\"O que observar\">Parede seca e material compat\u00edvel<\/td>\n          <td data-label=\"Objetivo\">Evitar esconder um problema ativo<\/td>\n        <\/tr>\n      <\/tbody>\n    <\/table>\n  <\/div>\n<\/div>\n\n\n\n<h2 class=\"wp-block-heading\">Quando o p\u00f3 branco merece uma avalia\u00e7\u00e3o mais cuidadosa?<\/h2>\n\n\n\n<p class=\"wp-block-paragraph\">Se a parede fica constantemente molhada, perde peda\u00e7os, apresenta rachaduras ou o dep\u00f3sito volta rapidamente, <strong>n\u00e3o trate apenas como sujeira<\/strong>. A \u00e1gua pode estar afetando argamassa, tijolos ou concreto. A origem precisa ser localizada antes que novos acabamentos sejam aplicados.<\/p>\n\n\n\n<p class=\"wp-block-paragraph\">O p\u00f3 branco \u00e9 um sinal \u00fatil porque mostra que \u00e1gua e sais passaram pelo material. Limpar pode fazer parte da manuten\u00e7\u00e3o, mas a solu\u00e7\u00e3o duradoura depende de controlar a umidade. Em resumo, <strong>primeiro descubra por onde a \u00e1gua entra<\/strong>, depois cuide da apar\u00eancia da parede.<\/p>\n","protected":false},"excerpt":{"rendered":"<p>Um p\u00f3 branco na parede pode ser efloresc\u00eancia, dep\u00f3sito de sais que aparece quando a \u00e1gua atravessa materiais porosos e evapora na superf\u00edcie. A marca pode voltar enquanto existir entrada de umidade. Antes de pintar por cima, vale identificar se h\u00e1 infiltra\u00e7\u00e3o, umidade do solo ou falha de veda\u00e7\u00e3o ativa. Como a efloresc\u00eancia forma o [&hellip;]<\/p>\n","protected":false},"author":30,"featured_media":261723,"comment_status":"open","ping_status":"open","sticky":false,"template":"","format":"standard","meta":{"jnews-multi-image_gallery":[],"jnews_single_post":{"format":"standard"},"jnews_primary_category":[],"jnews_social_meta":[],"jnews_override_counter":[],"footnotes":""},"categories":[8691],"tags":[2911,35970,17315,2000],"class_list":["post-261680","post","type-post","status-publish","format-standard","has-post-thumbnail","hentry","category-bem-estar","tag-casa","tag-eflorescencia","tag-parede","tag-umidade"],"yoast_head":"<!-- This site is optimized with the Yoast SEO plugin v28.3 - https:\/\/yoast.com\/product\/yoast-seo-wordpress\/ -->\n<title>P\u00f3 branco na parede nem sempre \u00e9 mofo: pode ser sinal de umidade - Estado de Minas - Em foco<\/title>\n<meta name=\"description\" content=\"Limpar o p\u00f3 branco da parede pode resolver apenas a apar\u00eancia quando existe umidade por tr\u00e1s. Saiba o que esse sinal pode indicar na casa.\" \/>\n<meta name=\"robots\" content=\"index, follow, max-snippet:-1, max-image-preview:large, max-video-preview:-1\" \/>\n<link rel=\"canonical\" href=\"https:\/\/www.em.com.br\/emfoco\/2026\/09\/02\/po-branco-na-parede-nem-sempre-e-mofo-pode-ser-sinal-de-umidade\/\" \/>\n<meta property=\"og:locale\" content=\"pt_BR\" \/>\n<meta property=\"og:type\" content=\"article\" \/>\n<meta property=\"og:title\" content=\"P\u00f3 branco na parede nem sempre \u00e9 mofo: pode ser sinal de umidade - Estado de Minas - Em foco\" \/>\n<meta property=\"og:description\" content=\"Limpar o p\u00f3 branco da parede pode resolver apenas a apar\u00eancia quando existe umidade por tr\u00e1s. Saiba o que esse sinal pode indicar na casa.\" \/>\n<meta property=\"og:url\" content=\"https:\/\/www.em.com.br\/emfoco\/2026\/09\/02\/po-branco-na-parede-nem-sempre-e-mofo-pode-ser-sinal-de-umidade\/\" \/>\n<meta property=\"og:site_name\" content=\"Estado de Minas - Em foco\" \/>\n<meta property=\"article:published_time\" content=\"2026-09-02T13:37:00+00:00\" \/>\n<meta property=\"og:image\" content=\"https:\/\/www.em.com.br\/emfoco\/wp-content\/uploads\/2026\/09\/pobrancosom.jpg\" \/>\n\t<meta property=\"og:image:width\" content=\"1280\" \/>\n\t<meta property=\"og:image:height\" content=\"720\" \/>\n\t<meta property=\"og:image:type\" content=\"image\/jpeg\" \/>\n<meta name=\"author\" content=\"Guilherme Ara\u00fajo\" \/>\n<meta name=\"twitter:card\" content=\"summary_large_image\" \/>\n<meta name=\"twitter:label1\" content=\"Escrito por\" \/>\n\t<meta name=\"twitter:data1\" content=\"Guilherme Ara\u00fajo\" \/>\n\t<meta name=\"twitter:label2\" content=\"Est. tempo de leitura\" \/>\n\t<meta name=\"twitter:data2\" content=\"5 minutos\" \/>\n<!-- \/ Yoast SEO plugin. -->","yoast_head_json":{"title":"P\u00f3 branco na parede nem sempre \u00e9 mofo: pode ser sinal de umidade - Estado de Minas - Em foco","description":"Limpar o p\u00f3 branco da parede pode resolver apenas a apar\u00eancia quando existe umidade por tr\u00e1s. Saiba o que esse sinal pode indicar na casa.","robots":{"index":"index","follow":"follow","max-snippet":"max-snippet:-1","max-image-preview":"max-image-preview:large","max-video-preview":"max-video-preview:-1"},"canonical":"https:\/\/www.em.com.br\/emfoco\/2026\/09\/02\/po-branco-na-parede-nem-sempre-e-mofo-pode-ser-sinal-de-umidade\/","og_locale":"pt_BR","og_type":"article","og_title":"P\u00f3 branco na parede nem sempre \u00e9 mofo: pode ser sinal de umidade - Estado de Minas - Em foco","og_description":"Limpar o p\u00f3 branco da parede pode resolver apenas a apar\u00eancia quando existe umidade por tr\u00e1s. Saiba o que esse sinal pode indicar na casa.","og_url":"https:\/\/www.em.com.br\/emfoco\/2026\/09\/02\/po-branco-na-parede-nem-sempre-e-mofo-pode-ser-sinal-de-umidade\/","og_site_name":"Estado de Minas - Em foco","article_published_time":"2026-09-02T13:37:00+00:00","og_image":[{"width":1280,"height":720,"url":"https:\/\/www.em.com.br\/emfoco\/wp-content\/uploads\/2026\/09\/pobrancosom.jpg","type":"image\/jpeg"}],"author":"Guilherme Ara\u00fajo","twitter_card":"summary_large_image","twitter_misc":{"Escrito por":"Guilherme Ara\u00fajo","Est. tempo de leitura":"5 minutos"},"schema":{"@context":"https:\/\/schema.org","@graph":[{"@type":"Article","@id":"https:\/\/www.em.com.br\/emfoco\/2026\/09\/02\/po-branco-na-parede-nem-sempre-e-mofo-pode-ser-sinal-de-umidade\/#article","isPartOf":{"@id":"https:\/\/www.em.com.br\/emfoco\/2026\/09\/02\/po-branco-na-parede-nem-sempre-e-mofo-pode-ser-sinal-de-umidade\/"},"author":{"name":"Guilherme Ara\u00fajo","@id":"https:\/\/www.em.com.br\/emfoco\/#\/schema\/person\/5379e929a4b966c775d121e23f9bb421"},"headline":"P\u00f3 branco na parede nem sempre \u00e9 mofo: pode ser sinal de umidade","datePublished":"2026-09-02T13:37:00+00:00","mainEntityOfPage":{"@id":"https:\/\/www.em.com.br\/emfoco\/2026\/09\/02\/po-branco-na-parede-nem-sempre-e-mofo-pode-ser-sinal-de-umidade\/"},"wordCount":756,"commentCount":0,"image":{"@id":"https:\/\/www.em.com.br\/emfoco\/2026\/09\/02\/po-branco-na-parede-nem-sempre-e-mofo-pode-ser-sinal-de-umidade\/#primaryimage"},"thumbnailUrl":"https:\/\/www.em.com.br\/emfoco\/wp-content\/uploads\/2026\/09\/pobrancosom.jpg","keywords":["Casa","efloresc\u00eancia","parede","umidade"],"articleSection":["Bem Estar"],"inLanguage":"pt-BR","potentialAction":[{"@type":"CommentAction","name":"Comment","target":["https:\/\/www.em.com.br\/emfoco\/2026\/09\/02\/po-branco-na-parede-nem-sempre-e-mofo-pode-ser-sinal-de-umidade\/#respond"]}]},{"@type":"WebPage","@id":"https:\/\/www.em.com.br\/emfoco\/2026\/09\/02\/po-branco-na-parede-nem-sempre-e-mofo-pode-ser-sinal-de-umidade\/","url":"https:\/\/www.em.com.br\/emfoco\/2026\/09\/02\/po-branco-na-parede-nem-sempre-e-mofo-pode-ser-sinal-de-umidade\/","name":"P\u00f3 branco na parede nem sempre \u00e9 mofo: pode ser sinal de umidade - Estado de Minas - Em foco","isPartOf":{"@id":"https:\/\/www.em.com.br\/emfoco\/#website"},"primaryImageOfPage":{"@id":"https:\/\/www.em.com.br\/emfoco\/2026\/09\/02\/po-branco-na-parede-nem-sempre-e-mofo-pode-ser-sinal-de-umidade\/#primaryimage"},"image":{"@id":"https:\/\/www.em.com.br\/emfoco\/2026\/09\/02\/po-branco-na-parede-nem-sempre-e-mofo-pode-ser-sinal-de-umidade\/#primaryimage"},"thumbnailUrl":"https:\/\/www.em.com.br\/emfoco\/wp-content\/uploads\/2026\/09\/pobrancosom.jpg","datePublished":"2026-09-02T13:37:00+00:00","author":{"@id":"https:\/\/www.em.com.br\/emfoco\/#\/schema\/person\/5379e929a4b966c775d121e23f9bb421"},"description":"Limpar o p\u00f3 branco da parede pode resolver apenas a apar\u00eancia quando existe umidade por tr\u00e1s. Saiba o que esse sinal pode indicar na casa.","breadcrumb":{"@id":"https:\/\/www.em.com.br\/emfoco\/2026\/09\/02\/po-branco-na-parede-nem-sempre-e-mofo-pode-ser-sinal-de-umidade\/#breadcrumb"},"inLanguage":"pt-BR","potentialAction":[{"@type":"ReadAction","target":["https:\/\/www.em.com.br\/emfoco\/2026\/09\/02\/po-branco-na-parede-nem-sempre-e-mofo-pode-ser-sinal-de-umidade\/"]}]},{"@type":"ImageObject","inLanguage":"pt-BR","@id":"https:\/\/www.em.com.br\/emfoco\/2026\/09\/02\/po-branco-na-parede-nem-sempre-e-mofo-pode-ser-sinal-de-umidade\/#primaryimage","url":"https:\/\/www.em.com.br\/emfoco\/wp-content\/uploads\/2026\/09\/pobrancosom.jpg","contentUrl":"https:\/\/www.em.com.br\/emfoco\/wp-content\/uploads\/2026\/09\/pobrancosom.jpg","width":1280,"height":720,"caption":"O aspecto esbranqui\u00e7ado pode surgir quando a umidade transporta sais at\u00e9 a superf\u00edcie da parede"},{"@type":"BreadcrumbList","@id":"https:\/\/www.em.com.br\/emfoco\/2026\/09\/02\/po-branco-na-parede-nem-sempre-e-mofo-pode-ser-sinal-de-umidade\/#breadcrumb","itemListElement":[{"@type":"ListItem","position":1,"name":"In\u00edcio","item":"https:\/\/www.em.com.br\/emfoco\/"},{"@type":"ListItem","position":2,"name":"P\u00f3 branco na parede nem sempre \u00e9 mofo: pode ser sinal de umidade"}]},{"@type":"WebSite","@id":"https:\/\/www.em.com.br\/emfoco\/#website","url":"https:\/\/www.em.com.br\/emfoco\/","name":"Estado de Minas - Em foco","description":"Acompanhe as \u00faltimas not\u00edcias e fique bem informado sobre tudo o que acontece em Minas Gerais, Brasil e no mundo.","potentialAction":[{"@type":"SearchAction","target":{"@type":"EntryPoint","urlTemplate":"https:\/\/www.em.com.br\/emfoco\/?s={search_term_string}"},"query-input":{"@type":"PropertyValueSpecification","valueRequired":true,"valueName":"search_term_string"}}],"inLanguage":"pt-BR"},{"@type":"Person","@id":"https:\/\/www.em.com.br\/emfoco\/#\/schema\/person\/5379e929a4b966c775d121e23f9bb421","name":"Guilherme Ara\u00fajo","image":{"@type":"ImageObject","inLanguage":"pt-BR","@id":"https:\/\/secure.gravatar.com\/avatar\/063bc96e5a2afd1844386c45bd1360efc771eff011a9fab8cd399e2a104c3ecd?s=96&d=mm&r=g","url":"https:\/\/secure.gravatar.com\/avatar\/063bc96e5a2afd1844386c45bd1360efc771eff011a9fab8cd399e2a104c3ecd?s=96&d=mm&r=g","contentUrl":"https:\/\/secure.gravatar.com\/avatar\/063bc96e5a2afd1844386c45bd1360efc771eff011a9fab8cd399e2a104c3ecd?s=96&d=mm&r=g","caption":"Guilherme Ara\u00fajo"},"sameAs":["https:\/\/www.em.com.br\/emfoco"],"url":"https:\/\/www.em.com.br\/emfoco\/author\/guilhermeamyth\/"}]}},"_links":{"self":[{"href":"https:\/\/www.em.com.br\/emfoco\/wp-json\/wp\/v2\/posts\/261680","targetHints":{"allow":["GET"]}}],"collection":[{"href":"https:\/\/www.em.com.br\/emfoco\/wp-json\/wp\/v2\/posts"}],"about":[{"href":"https:\/\/www.em.com.br\/emfoco\/wp-json\/wp\/v2\/types\/post"}],"author":[{"embeddable":true,"href":"https:\/\/www.em.com.br\/emfoco\/wp-json\/wp\/v2\/users\/30"}],"replies":[{"embeddable":true,"href":"https:\/\/www.em.com.br\/emfoco\/wp-json\/wp\/v2\/comments?post=261680"}],"version-history":[{"count":4,"href":"https:\/\/www.em.com.br\/emfoco\/wp-json\/wp\/v2\/posts\/261680\/revisions"}],"predecessor-version":[{"id":261754,"href":"https:\/\/www.em.com.br\/emfoco\/wp-json\/wp\/v2\/posts\/261680\/revisions\/261754"}],"wp:featuredmedia":[{"embeddable":true,"href":"https:\/\/www.em.com.br\/emfoco\/wp-json\/wp\/v2\/media\/261723"}],"wp:attachment":[{"href":"https:\/\/www.em.com.br\/emfoco\/wp-json\/wp\/v2\/media?parent=261680"}],"wp:term":[{"taxonomy":"category","embeddable":true,"href":"https:\/\/www.em.com.br\/emfoco\/wp-json\/wp\/v2\/categories?post=261680"},{"taxonomy":"post_tag","embeddable":true,"href":"https:\/\/www.em.com.br\/emfoco\/wp-json\/wp\/v2\/tags?post=261680"}],"curies":[{"name":"wp","href":"https:\/\/api.w.org\/{rel}","templated":true}]}}