{"id":261679,"date":"2026-09-02T09:07:00","date_gmt":"2026-09-02T12:07:00","guid":{"rendered":"https:\/\/www.em.com.br\/emfoco\/?p=261679"},"modified":"2026-09-01T20:08:12","modified_gmt":"2026-09-01T23:08:12","slug":"o-vulcao-de-cascas-no-tronco-pode-enfraquecer-a-arvore","status":"publish","type":"post","link":"https:\/\/www.em.com.br\/emfoco\/2026\/09\/02\/o-vulcao-de-cascas-no-tronco-pode-enfraquecer-a-arvore\/","title":{"rendered":"O \u201cvulc\u00e3o\u201d de cascas no tronco pode enfraquecer a \u00e1rvore"},"content":{"rendered":"\n<p class=\"wp-block-paragraph\">A camada alta de <strong>cascas junto ao tronco<\/strong> parece proteger a \u00e1rvore, mas pode manter a casca \u00famida e esconder a base natural do tronco. O chamado \u201cvulc\u00e3o\u201d de cobertura tamb\u00e9m favorece ra\u00edzes mal posicionadas. O ideal \u00e9 espalhar a <strong>cobertura morta<\/strong> ao redor, deixando espa\u00e7o livre junto ao tronco sempre, j\u00e1.<\/p>\n\n\n\n<h2 class=\"wp-block-heading\">Por que amontoar cascas no tronco pode prejudicar a \u00e1rvore?<\/h2>\n\n\n\n<p class=\"wp-block-paragraph\">A <a href=\"https:\/\/pt.wikipedia.org\/wiki\/Cobertura_morta\" target=\"_blank\" rel=\"noopener noreferrer\"><strong>cobertura morta<\/strong><\/a> ajuda a conservar umidade do solo e reduzir plantas invasoras. O problema aparece quando o material deixa de cobrir o solo e sobe pelo tronco. Esse contato cont\u00ednuo mant\u00e9m a <strong>casca \u00famida<\/strong> por mais tempo.<\/p>\n\n\n\n<p class=\"wp-block-paragraph\">O tronco n\u00e3o funciona como uma raiz enterrada. Quando fica coberto por uma camada espessa, sua base recebe menos ar e permanece \u00famida. Esse ambiente pode favorecer decomposi\u00e7\u00e3o da casca, doen\u00e7as e ra\u00edzes que crescem em locais inadequados, comprometendo o <strong>colo da \u00e1rvore<\/strong>.<\/p>\n\n\n<div class=\"wp-block-image\">\n<figure class=\"aligncenter size-large\"><img decoding=\"async\" width=\"1024\" height=\"576\" src=\"https:\/\/www.em.com.br\/emfoco\/wp-content\/uploads\/2026\/09\/vulcao23-1024x576.jpg\" alt=\"\" class=\"wp-image-261718\" srcset=\"https:\/\/www.em.com.br\/emfoco\/wp-content\/uploads\/2026\/09\/vulcao23-1024x576.jpg 1024w, https:\/\/www.em.com.br\/emfoco\/wp-content\/uploads\/2026\/09\/vulcao23-300x169.jpg 300w, https:\/\/www.em.com.br\/emfoco\/wp-content\/uploads\/2026\/09\/vulcao23-768x432.jpg 768w, https:\/\/www.em.com.br\/emfoco\/wp-content\/uploads\/2026\/09\/vulcao23-750x421.jpg 750w, https:\/\/www.em.com.br\/emfoco\/wp-content\/uploads\/2026\/09\/vulcao23-1140x641.jpg 1140w, https:\/\/www.em.com.br\/emfoco\/wp-content\/uploads\/2026\/09\/vulcao23.jpg 1280w\" sizes=\"(max-width: 1024px) 100vw, 1024px\" \/><figcaption class=\"wp-element-caption\">Umidade constante nessa regi\u00e3o pode favorecer problemas que permanecem escondidos por bastante tempo<\/figcaption><\/figure>\n<\/div>\n\n\n<h2 class=\"wp-block-heading\">O que acontece com as ra\u00edzes sob um \u201cvulc\u00e3o\u201d de cobertura?<\/h2>\n\n\n\n<p class=\"wp-block-paragraph\">Uma camada muito profunda pode reduzir a troca de ar no solo e manter a superf\u00edcie \u00famida por longos per\u00edodos. Algumas ra\u00edzes passam a crescer dentro da cobertura. Quando esse material seca ou se decomp\u00f5e, essas ra\u00edzes ficam mais expostas e podem sofrer com <strong>falta de \u00e1gua<\/strong>.<\/p>\n\n\n\n<p class=\"wp-block-paragraph\">A <a href=\"https:\/\/www.uvm.edu\/extension\/news\/beware-mulch-volcano\" target=\"_blank\" rel=\"noopener noreferrer\"><strong>University of Vermont Extension<\/strong><\/a> explica que o material acumulado tamb\u00e9m pode esconder a abertura natural da base do tronco, chamada de flare. Manter essa regi\u00e3o vis\u00edvel ajuda a preservar <strong>estrutura e ventila\u00e7\u00e3o<\/strong>.<\/p>\n\n\n\n<h2 class=\"wp-block-heading\">Como corrigir uma \u00e1rvore que j\u00e1 tem muita cobertura acumulada?<\/h2>\n\n\n\n<p class=\"wp-block-paragraph\">Comece retirando o excesso aos poucos, com as m\u00e3os ou ferramenta pequena, sem raspar a casca. O objetivo \u00e9 reencontrar a base onde o tronco se alarga para encontrar as ra\u00edzes. Essa regi\u00e3o deve ficar <strong>vis\u00edvel e sem material encostado<\/strong>.<\/p>\n\n\n\n<p class=\"wp-block-paragraph\">Se aparecerem ra\u00edzes grossas enroladas no tronco, n\u00e3o corte por conta pr\u00f3pria. Elas podem ter fun\u00e7\u00e3o importante na sustenta\u00e7\u00e3o e no transporte de \u00e1gua. A corre\u00e7\u00e3o de casos antigos pede avalia\u00e7\u00e3o individual, enquanto o excesso solto pode ser <strong>redistribu\u00eddo sobre o solo<\/strong>.<\/p>\n\n\n\n<p class=\"myth-list-bridge wp-block-paragraph\">A seguir listamos <strong>4 sinais do excesso<\/strong> que ajudam a reconhecer um \u201cvulc\u00e3o\u201d de cobertura antes de ele crescer mais:<\/p>\n\n\n\n<ul class=\"wp-block-list myth-bullet-list\">\n<li><strong>Tronco escondido:<\/strong> a base entra no monte sem mostrar o alargamento natural.<\/li>\n\n\n\n<li><strong>Cobertura alta:<\/strong> o material forma um cone em vez de uma camada baixa.<\/li>\n\n\n\n<li><strong>Casca sempre \u00famida:<\/strong> a regi\u00e3o coberta permanece escura e molhada.<\/li>\n\n\n\n<li><strong>Ra\u00edzes na cobertura:<\/strong> ra\u00edzes finas aparecem dentro do material acumulado.<\/li>\n<\/ul>\n\n\n\n<p class=\"wp-block-paragraph\"><strong>Leia tamb\u00e9m: <a href=\"https:\/\/www.em.com.br\/emfoco\/2026\/08\/12\/o-segredo-misturado-ao-sabao-em-pasta-que-deixa-suas-panelas-de-aluminio-brilhando-como-um-espelho\/\" target=\"_blank\" rel=\"noreferrer noopener\">O segredo misturado ao sab\u00e3o em pasta que deixa suas panelas de alum\u00ednio brilhando como um espelho<\/a><\/strong><\/p>\n\n\n<div class=\"wp-block-image\">\n<figure class=\"aligncenter size-large\"><img decoding=\"async\" width=\"1024\" height=\"576\" src=\"https:\/\/www.em.com.br\/emfoco\/wp-content\/uploads\/2026\/09\/vulcao213-1024x576.jpg\" alt=\"\" class=\"wp-image-261719\" srcset=\"https:\/\/www.em.com.br\/emfoco\/wp-content\/uploads\/2026\/09\/vulcao213-1024x576.jpg 1024w, https:\/\/www.em.com.br\/emfoco\/wp-content\/uploads\/2026\/09\/vulcao213-300x169.jpg 300w, https:\/\/www.em.com.br\/emfoco\/wp-content\/uploads\/2026\/09\/vulcao213-768x432.jpg 768w, https:\/\/www.em.com.br\/emfoco\/wp-content\/uploads\/2026\/09\/vulcao213-750x421.jpg 750w, https:\/\/www.em.com.br\/emfoco\/wp-content\/uploads\/2026\/09\/vulcao213-1140x641.jpg 1140w, https:\/\/www.em.com.br\/emfoco\/wp-content\/uploads\/2026\/09\/vulcao213.jpg 1280w\" sizes=\"(max-width: 1024px) 100vw, 1024px\" \/><figcaption class=\"wp-element-caption\">O formato de montanha tamb\u00e9m pode estimular ra\u00edzes a crescerem em locais inadequados<\/figcaption><\/figure>\n<\/div>\n\n\n<h2 class=\"wp-block-heading\">Qual formato de cobertura funciona melhor ao redor da \u00e1rvore?<\/h2>\n\n\n\n<p class=\"wp-block-paragraph\">Pense em um anel ou em um disco baixo ao redor da \u00e1rvore, e n\u00e3o em um cone. A cobertura deve ocupar a \u00e1rea do solo, mas deixar uma faixa livre junto ao tronco. Esse desenho mant\u00e9m o benef\u00edcio da <strong>umidade no solo<\/strong> sem cobrir a casca.<\/p>\n\n\n\n<p class=\"wp-block-paragraph\">A espessura depende do material e da condi\u00e7\u00e3o do local, mas empilhar mais n\u00e3o significa proteger mais. Camadas moderadas, espalhadas por uma \u00e1rea maior, costumam ser prefer\u00edveis a montes altos. O ponto visual mais importante \u00e9 conseguir enxergar a <strong>base natural do tronco<\/strong>.<\/p>\n\n\n\n<p class=\"myth-html-bridge wp-block-paragraph\">A seguir listamos <strong>3 diferen\u00e7as visuais<\/strong> que ajudam a comparar o \u201cvulc\u00e3o\u201d com uma cobertura bem distribu\u00edda:<\/p>\n\n\n\n<div class=\"emf-data-table google-auto-ads-ignore\">\n  <style>\n    .emf-data-table {\n      --emf-navy:#00245a;\n      --emf-navy-soft:#0b3b70;\n      --emf-ink:#1d2731;\n      --emf-muted:#66727e;\n      --emf-line:#d7dde5;\n      --emf-wash:#f4f6f8;\n      box-sizing:border-box!important;\n      inline-size:min(1100px,100%)!important;\n      max-inline-size:100%!important;\n      margin-inline:auto!important;\n      overflow:hidden!important;\n      color:var(--emf-ink);\n      background:#fff;\n      border:1px solid var(--emf-line);\n      border-radius:6px!important;\n      box-shadow:0 8px 24px rgba(0,36,90,.08);\n      font-family:Arial,Helvetica,sans-serif;\n    }\n\n    .emf-data-table *,\n    .emf-data-table *::before,\n    .emf-data-table *::after {\n      box-sizing:border-box!important;\n    }\n\n    .emf-data-table-brand {\n      display:flex;\n      align-items:center;\n      gap:13px;\n      min-block-size:72px;\n      padding:10px 17px;\n      color:#fff;\n      background:linear-gradient(105deg,var(--emf-navy) 0%,var(--emf-navy-soft) 100%);\n      border-block-end:4px solid #c5ced8;\n    }\n\n    .emf-data-table-logo {\n      display:grid;\n      place-items:center;\n      inline-size:52px;\n      block-size:52px;\n      flex:0 0 52px;\n      background:rgba(255,255,255,.08);\n      border:1px solid rgba(255,255,255,.35);\n      border-radius:3px!important;\n    }\n\n    .emf-data-table-logo img {\n      display:block;\n      inline-size:41px;\n      block-size:41px;\n      max-inline-size:41px;\n      max-block-size:41px;\n      object-fit:contain;\n    }\n\n    .emf-data-table-kicker {\n      margin:0 0 2px;\n      font-size:10px;\n      font-weight:700;\n      letter-spacing:.16em;\n      line-height:1.2;\n      text-transform:uppercase;\n      opacity:.78;\n    }\n\n    .emf-data-table-title {\n      margin:0;\n      font-family:Georgia,\"Times New Roman\",serif;\n      font-size:21px;\n      font-weight:700;\n      line-height:1.2;\n    }\n\n    .emf-data-table-scroll {\n      display:block!important;\n      inline-size:100%!important;\n      max-inline-size:100%!important;\n      overflow-x:auto!important;\n      overflow-y:hidden!important;\n      -webkit-overflow-scrolling:touch;\n      overscroll-behavior-inline:contain;\n      scrollbar-width:thin;\n      scrollbar-color:#8798aa #edf1f5;\n    }\n\n    .emf-data-table-scroll:focus-visible {\n      outline:3px solid rgba(0,36,90,.35);\n      outline-offset:-3px;\n    }\n\n    .emf-data-table table {\n      display:table!important;\n      inline-size:100%!important;\n      min-inline-size:680px!important;\n      max-inline-size:none!important;\n      margin:0!important;\n      border:0!important;\n      border-collapse:separate!important;\n      border-spacing:0!important;\n      table-layout:auto!important;\n      background:#fff!important;\n    }\n\n    .emf-data-table caption {\n      position:absolute!important;\n      inline-size:1px!important;\n      block-size:1px!important;\n      padding:0!important;\n      margin:-1px!important;\n      overflow:hidden!important;\n      clip:rect(0,0,0,0)!important;\n      white-space:nowrap!important;\n      border:0!important;\n    }\n\n    .emf-data-table thead {\n      display:table-header-group!important;\n    }\n\n    .emf-data-table tbody {\n      display:table-row-group!important;\n    }\n\n    .emf-data-table tr {\n      display:table-row!important;\n    }\n\n    .emf-data-table th,\n    .emf-data-table td {\n      display:table-cell!important;\n      float:none!important;\n      inline-size:auto!important;\n      max-inline-size:none!important;\n      margin:0!important;\n      border-radius:0!important;\n      text-align:left!important;\n      vertical-align:middle!important;\n    }\n\n    .emf-data-table th {\n      padding:14px 17px!important;\n      color:#fff!important;\n      background:var(--emf-navy)!important;\n      border-block-end:1px solid rgba(255,255,255,.22)!important;\n      border-inline-end:1px solid rgba(255,255,255,.12)!important;\n      font-family:Georgia,\"Times New Roman\",serif;\n      font-size:14px!important;\n      font-weight:700!important;\n      line-height:1.35!important;\n      white-space:nowrap!important;\n    }\n\n    .emf-data-table th:last-child {\n      border-inline-end:0!important;\n    }\n\n    .emf-data-table td {\n      padding:14px 17px!important;\n      color:#43515e!important;\n      background:#fff!important;\n      border-block-end:1px solid var(--emf-line)!important;\n      font-size:14px!important;\n      font-weight:400!important;\n      line-height:1.5!important;\n      overflow-wrap:anywhere;\n    }\n\n    .emf-data-table tbody tr:nth-child(even) td {\n      background:var(--emf-wash)!important;\n    }\n\n    .emf-data-table tbody tr:hover td {\n      background:#eaf0f5!important;\n    }\n\n    .emf-data-table tbody tr:last-child td {\n      border-block-end:0!important;\n    }\n\n    .emf-data-table td:first-child {\n      color:var(--emf-navy)!important;\n      font-weight:700!important;\n    }\n\n    @media(max-width:560px) {\n      .emf-data-table-brand {\n        min-block-size:68px;\n        padding:9px 13px;\n      }\n\n      .emf-data-table-title {\n        font-size:19px;\n      }\n\n      .emf-data-table-scroll {\n        overflow:visible!important;\n      }\n\n      .emf-data-table table,\n      .emf-data-table thead,\n      .emf-data-table tbody,\n      .emf-data-table tr,\n      .emf-data-table th,\n      .emf-data-table td {\n        display:block!important;\n        inline-size:100%!important;\n        min-inline-size:0!important;\n        max-inline-size:100%!important;\n      }\n\n      .emf-data-table table {\n        padding:13px!important;\n      }\n\n      .emf-data-table thead {\n        position:absolute!important;\n        inline-size:1px!important;\n        block-size:1px!important;\n        padding:0!important;\n        margin:-1px!important;\n        overflow:hidden!important;\n        clip:rect(0,0,0,0)!important;\n        white-space:nowrap!important;\n      }\n\n      .emf-data-table tbody {\n        display:grid!important;\n        gap:11px;\n      }\n\n      .emf-data-table tr {\n        overflow:hidden!important;\n        background:#fff!important;\n        border:1px solid var(--emf-line)!important;\n        border-block-start:4px solid var(--emf-navy)!important;\n        border-radius:4px!important;\n        box-shadow:0 4px 12px rgba(0,36,90,.06);\n      }\n\n      .emf-data-table td,\n      .emf-data-table tbody tr:nth-child(even) td,\n      .emf-data-table tbody tr:hover td {\n        display:grid!important;\n        grid-template-columns:minmax(105px,38%) minmax(0,1fr)!important;\n        align-items:start;\n        gap:11px;\n        padding:11px 12px!important;\n        background:#fff!important;\n        border-block-end:1px solid #e2e7ec!important;\n      }\n\n      .emf-data-table td::before {\n        content:attr(data-label);\n        color:var(--emf-muted);\n        font-size:10px;\n        font-weight:700;\n        letter-spacing:.06em;\n        line-height:1.35;\n        text-transform:uppercase;\n      }\n\n      .emf-data-table td:first-child {\n        color:var(--emf-navy)!important;\n        background:#edf1f5!important;\n      }\n\n      .emf-data-table td:last-child {\n        border-block-end:0!important;\n      }\n    }\n  <\/style>\n\n  <div class=\"emf-data-table-brand\">\n    <div class=\"emf-data-table-logo\">\n      <img\n        alt=\"Logo EM Foco\"\n        decoding=\"async\"\n        height=\"41\"\n        loading=\"lazy\"\n        referrerpolicy=\"no-referrer\"\n        src=\"https:\/\/www.em.com.br\/emfoco\/wp-content\/uploads\/2026\/08\/em_transparente_3000px-scaled.png\"\n        width=\"41\"\n      >\n    <\/div>\n\n    <div>\n      <div class=\"emf-data-table-kicker\">DADOS EM FOCO<\/div>\n      <div class=\"emf-data-table-title\">Cobertura ao redor da \u00e1rvore<\/div>\n    <\/div>\n  <\/div>\n\n  <div aria-label=\"Compara\u00e7\u00e3o entre cobertura em vulc\u00e3o e cobertura correta ao redor do tronco\" class=\"emf-data-table-scroll\" role=\"region\" tabindex=\"0\">\n    <table>\n      <caption>Compara\u00e7\u00e3o entre cobertura em vulc\u00e3o e cobertura correta ao redor do tronco<\/caption>\n      <thead>\n        <tr>\n          <th scope=\"col\">Aspecto<\/th>\n          <th scope=\"col\">Vulc\u00e3o de cascas<\/th>\n          <th scope=\"col\">Cobertura correta<\/th>\n        <\/tr>\n      <\/thead>\n      <tbody>\n        <tr>\n          <td data-label=\"Aspecto\">Contato com tronco<\/td>\n          <td data-label=\"Vulc\u00e3o de cascas\">Material encosta e sobe pela casca<\/td>\n          <td data-label=\"Cobertura correta\">Faixa livre junto ao tronco<\/td>\n        <\/tr>\n        <tr>\n          <td data-label=\"Aspecto\">Formato<\/td>\n          <td data-label=\"Vulc\u00e3o de cascas\">Cone alto e concentrado<\/td>\n          <td data-label=\"Cobertura correta\">Camada baixa e espalhada<\/td>\n        <\/tr>\n        <tr>\n          <td data-label=\"Aspecto\">Base da \u00e1rvore<\/td>\n          <td data-label=\"Vulc\u00e3o de cascas\">Fica escondida<\/td>\n          <td data-label=\"Cobertura correta\">Permanece vis\u00edvel<\/td>\n        <\/tr>\n      <\/tbody>\n    <\/table>\n  <\/div>\n<\/div>\n\n\n\n<h2 class=\"wp-block-heading\">Quando vale buscar ajuda para avaliar a base da \u00e1rvore?<\/h2>\n\n\n\n<p class=\"wp-block-paragraph\">\u00c1rvores antigas, inclinadas, com casca apodrecida ou ra\u00edzes grossas circulando o tronco merecem <strong>avalia\u00e7\u00e3o de um arborista<\/strong>. Remover material solto \u00e9 diferente de cortar ra\u00edzes ou escavar profundamente. Interven\u00e7\u00f5es maiores podem mexer com a estabilidade e precisam de cuidado.<\/p>\n\n\n\n<p class=\"wp-block-paragraph\">A cobertura morta continua sendo \u00fatil quando fica no lugar certo: sobre o solo. Espalhar o material, evitar contato com o tronco e observar a base da \u00e1rvore transforma uma pr\u00e1tica comum em um cuidado simples. O objetivo \u00e9 <strong>proteger o solo sem enterrar o tronco<\/strong>.<\/p>\n","protected":false},"excerpt":{"rendered":"<p>A camada alta de cascas junto ao tronco parece proteger a \u00e1rvore, mas pode manter a casca \u00famida e esconder a base natural do tronco. O chamado \u201cvulc\u00e3o\u201d de cobertura tamb\u00e9m favorece ra\u00edzes mal posicionadas. O ideal \u00e9 espalhar a cobertura morta ao redor, deixando espa\u00e7o livre junto ao tronco sempre, j\u00e1. Por que amontoar [&hellip;]<\/p>\n","protected":false},"author":30,"featured_media":261717,"comment_status":"open","ping_status":"open","sticky":false,"template":"","format":"standard","meta":{"jnews-multi-image_gallery":[],"jnews_single_post":{"format":"standard"},"jnews_primary_category":[],"jnews_social_meta":[],"jnews_override_counter":[],"footnotes":""},"categories":[8691],"tags":[10155,25576,3325,3324],"class_list":["post-261679","post","type-post","status-publish","format-standard","has-post-thumbnail","hentry","category-bem-estar","tag-arvores","tag-cobertura","tag-jardim","tag-plantas"],"yoast_head":"<!-- This site is optimized with the Yoast SEO plugin v28.3 - https:\/\/yoast.com\/product\/yoast-seo-wordpress\/ -->\n<title>O \u201cvulc\u00e3o\u201d de cascas no tronco pode enfraquecer a \u00e1rvore - Estado de Minas - Em foco<\/title>\n<meta name=\"description\" content=\"O monte de cascas parece proteger a \u00e1rvore, mas o formato pode afetar justamente uma das partes mais importantes do tronco.\" \/>\n<meta name=\"robots\" content=\"index, follow, max-snippet:-1, max-image-preview:large, max-video-preview:-1\" \/>\n<link rel=\"canonical\" href=\"https:\/\/www.em.com.br\/emfoco\/2026\/09\/02\/o-vulcao-de-cascas-no-tronco-pode-enfraquecer-a-arvore\/\" \/>\n<meta property=\"og:locale\" content=\"pt_BR\" \/>\n<meta property=\"og:type\" content=\"article\" \/>\n<meta property=\"og:title\" content=\"O \u201cvulc\u00e3o\u201d de cascas no tronco pode enfraquecer a \u00e1rvore - Estado de Minas - Em foco\" \/>\n<meta property=\"og:description\" content=\"O monte de cascas parece proteger a \u00e1rvore, mas o formato pode afetar justamente uma das partes mais importantes do tronco.\" \/>\n<meta property=\"og:url\" content=\"https:\/\/www.em.com.br\/emfoco\/2026\/09\/02\/o-vulcao-de-cascas-no-tronco-pode-enfraquecer-a-arvore\/\" \/>\n<meta property=\"og:site_name\" content=\"Estado de Minas - Em foco\" \/>\n<meta property=\"article:published_time\" content=\"2026-09-02T12:07:00+00:00\" \/>\n<meta property=\"og:image\" content=\"https:\/\/www.em.com.br\/emfoco\/wp-content\/uploads\/2026\/09\/vulcaop1.jpg\" \/>\n\t<meta property=\"og:image:width\" content=\"1280\" \/>\n\t<meta property=\"og:image:height\" content=\"720\" \/>\n\t<meta property=\"og:image:type\" content=\"image\/jpeg\" \/>\n<meta name=\"author\" content=\"Guilherme Ara\u00fajo\" \/>\n<meta name=\"twitter:card\" content=\"summary_large_image\" \/>\n<meta name=\"twitter:label1\" content=\"Escrito por\" \/>\n\t<meta name=\"twitter:data1\" content=\"Guilherme Ara\u00fajo\" \/>\n\t<meta name=\"twitter:label2\" content=\"Est. tempo de leitura\" \/>\n\t<meta name=\"twitter:data2\" content=\"5 minutos\" \/>\n<!-- \/ Yoast SEO plugin. -->","yoast_head_json":{"title":"O \u201cvulc\u00e3o\u201d de cascas no tronco pode enfraquecer a \u00e1rvore - Estado de Minas - Em foco","description":"O monte de cascas parece proteger a \u00e1rvore, mas o formato pode afetar justamente uma das partes mais importantes do tronco.","robots":{"index":"index","follow":"follow","max-snippet":"max-snippet:-1","max-image-preview":"max-image-preview:large","max-video-preview":"max-video-preview:-1"},"canonical":"https:\/\/www.em.com.br\/emfoco\/2026\/09\/02\/o-vulcao-de-cascas-no-tronco-pode-enfraquecer-a-arvore\/","og_locale":"pt_BR","og_type":"article","og_title":"O \u201cvulc\u00e3o\u201d de cascas no tronco pode enfraquecer a \u00e1rvore - Estado de Minas - Em foco","og_description":"O monte de cascas parece proteger a \u00e1rvore, mas o formato pode afetar justamente uma das partes mais importantes do tronco.","og_url":"https:\/\/www.em.com.br\/emfoco\/2026\/09\/02\/o-vulcao-de-cascas-no-tronco-pode-enfraquecer-a-arvore\/","og_site_name":"Estado de Minas - Em foco","article_published_time":"2026-09-02T12:07:00+00:00","og_image":[{"width":1280,"height":720,"url":"https:\/\/www.em.com.br\/emfoco\/wp-content\/uploads\/2026\/09\/vulcaop1.jpg","type":"image\/jpeg"}],"author":"Guilherme Ara\u00fajo","twitter_card":"summary_large_image","twitter_misc":{"Escrito por":"Guilherme Ara\u00fajo","Est. tempo de leitura":"5 minutos"},"schema":{"@context":"https:\/\/schema.org","@graph":[{"@type":"Article","@id":"https:\/\/www.em.com.br\/emfoco\/2026\/09\/02\/o-vulcao-de-cascas-no-tronco-pode-enfraquecer-a-arvore\/#article","isPartOf":{"@id":"https:\/\/www.em.com.br\/emfoco\/2026\/09\/02\/o-vulcao-de-cascas-no-tronco-pode-enfraquecer-a-arvore\/"},"author":{"name":"Guilherme Ara\u00fajo","@id":"https:\/\/www.em.com.br\/emfoco\/#\/schema\/person\/5379e929a4b966c775d121e23f9bb421"},"headline":"O \u201cvulc\u00e3o\u201d de cascas no tronco pode enfraquecer a \u00e1rvore","datePublished":"2026-09-02T12:07:00+00:00","mainEntityOfPage":{"@id":"https:\/\/www.em.com.br\/emfoco\/2026\/09\/02\/o-vulcao-de-cascas-no-tronco-pode-enfraquecer-a-arvore\/"},"wordCount":769,"commentCount":0,"image":{"@id":"https:\/\/www.em.com.br\/emfoco\/2026\/09\/02\/o-vulcao-de-cascas-no-tronco-pode-enfraquecer-a-arvore\/#primaryimage"},"thumbnailUrl":"https:\/\/www.em.com.br\/emfoco\/wp-content\/uploads\/2026\/09\/vulcaop1.jpg","keywords":["\u00e1rvores","cobertura","jardim","plantas"],"articleSection":["Bem Estar"],"inLanguage":"pt-BR","potentialAction":[{"@type":"CommentAction","name":"Comment","target":["https:\/\/www.em.com.br\/emfoco\/2026\/09\/02\/o-vulcao-de-cascas-no-tronco-pode-enfraquecer-a-arvore\/#respond"]}]},{"@type":"WebPage","@id":"https:\/\/www.em.com.br\/emfoco\/2026\/09\/02\/o-vulcao-de-cascas-no-tronco-pode-enfraquecer-a-arvore\/","url":"https:\/\/www.em.com.br\/emfoco\/2026\/09\/02\/o-vulcao-de-cascas-no-tronco-pode-enfraquecer-a-arvore\/","name":"O \u201cvulc\u00e3o\u201d de cascas no tronco pode enfraquecer a \u00e1rvore - Estado de Minas - Em foco","isPartOf":{"@id":"https:\/\/www.em.com.br\/emfoco\/#website"},"primaryImageOfPage":{"@id":"https:\/\/www.em.com.br\/emfoco\/2026\/09\/02\/o-vulcao-de-cascas-no-tronco-pode-enfraquecer-a-arvore\/#primaryimage"},"image":{"@id":"https:\/\/www.em.com.br\/emfoco\/2026\/09\/02\/o-vulcao-de-cascas-no-tronco-pode-enfraquecer-a-arvore\/#primaryimage"},"thumbnailUrl":"https:\/\/www.em.com.br\/emfoco\/wp-content\/uploads\/2026\/09\/vulcaop1.jpg","datePublished":"2026-09-02T12:07:00+00:00","author":{"@id":"https:\/\/www.em.com.br\/emfoco\/#\/schema\/person\/5379e929a4b966c775d121e23f9bb421"},"description":"O monte de cascas parece proteger a \u00e1rvore, mas o formato pode afetar justamente uma das partes mais importantes do tronco.","breadcrumb":{"@id":"https:\/\/www.em.com.br\/emfoco\/2026\/09\/02\/o-vulcao-de-cascas-no-tronco-pode-enfraquecer-a-arvore\/#breadcrumb"},"inLanguage":"pt-BR","potentialAction":[{"@type":"ReadAction","target":["https:\/\/www.em.com.br\/emfoco\/2026\/09\/02\/o-vulcao-de-cascas-no-tronco-pode-enfraquecer-a-arvore\/"]}]},{"@type":"ImageObject","inLanguage":"pt-BR","@id":"https:\/\/www.em.com.br\/emfoco\/2026\/09\/02\/o-vulcao-de-cascas-no-tronco-pode-enfraquecer-a-arvore\/#primaryimage","url":"https:\/\/www.em.com.br\/emfoco\/wp-content\/uploads\/2026\/09\/vulcaop1.jpg","contentUrl":"https:\/\/www.em.com.br\/emfoco\/wp-content\/uploads\/2026\/09\/vulcaop1.jpg","width":1280,"height":720,"caption":"A cobertura pode ser \u00fatil no solo, mas n\u00e3o deve ficar acumulada diretamente contra o tronco"},{"@type":"BreadcrumbList","@id":"https:\/\/www.em.com.br\/emfoco\/2026\/09\/02\/o-vulcao-de-cascas-no-tronco-pode-enfraquecer-a-arvore\/#breadcrumb","itemListElement":[{"@type":"ListItem","position":1,"name":"In\u00edcio","item":"https:\/\/www.em.com.br\/emfoco\/"},{"@type":"ListItem","position":2,"name":"O \u201cvulc\u00e3o\u201d de cascas no tronco pode enfraquecer a \u00e1rvore"}]},{"@type":"WebSite","@id":"https:\/\/www.em.com.br\/emfoco\/#website","url":"https:\/\/www.em.com.br\/emfoco\/","name":"Estado de Minas - Em foco","description":"Acompanhe as \u00faltimas not\u00edcias e fique bem informado sobre tudo o que acontece em Minas Gerais, Brasil e no mundo.","potentialAction":[{"@type":"SearchAction","target":{"@type":"EntryPoint","urlTemplate":"https:\/\/www.em.com.br\/emfoco\/?s={search_term_string}"},"query-input":{"@type":"PropertyValueSpecification","valueRequired":true,"valueName":"search_term_string"}}],"inLanguage":"pt-BR"},{"@type":"Person","@id":"https:\/\/www.em.com.br\/emfoco\/#\/schema\/person\/5379e929a4b966c775d121e23f9bb421","name":"Guilherme Ara\u00fajo","image":{"@type":"ImageObject","inLanguage":"pt-BR","@id":"https:\/\/secure.gravatar.com\/avatar\/063bc96e5a2afd1844386c45bd1360efc771eff011a9fab8cd399e2a104c3ecd?s=96&d=mm&r=g","url":"https:\/\/secure.gravatar.com\/avatar\/063bc96e5a2afd1844386c45bd1360efc771eff011a9fab8cd399e2a104c3ecd?s=96&d=mm&r=g","contentUrl":"https:\/\/secure.gravatar.com\/avatar\/063bc96e5a2afd1844386c45bd1360efc771eff011a9fab8cd399e2a104c3ecd?s=96&d=mm&r=g","caption":"Guilherme Ara\u00fajo"},"sameAs":["https:\/\/www.em.com.br\/emfoco"],"url":"https:\/\/www.em.com.br\/emfoco\/author\/guilhermeamyth\/"}]}},"_links":{"self":[{"href":"https:\/\/www.em.com.br\/emfoco\/wp-json\/wp\/v2\/posts\/261679","targetHints":{"allow":["GET"]}}],"collection":[{"href":"https:\/\/www.em.com.br\/emfoco\/wp-json\/wp\/v2\/posts"}],"about":[{"href":"https:\/\/www.em.com.br\/emfoco\/wp-json\/wp\/v2\/types\/post"}],"author":[{"embeddable":true,"href":"https:\/\/www.em.com.br\/emfoco\/wp-json\/wp\/v2\/users\/30"}],"replies":[{"embeddable":true,"href":"https:\/\/www.em.com.br\/emfoco\/wp-json\/wp\/v2\/comments?post=261679"}],"version-history":[{"count":5,"href":"https:\/\/www.em.com.br\/emfoco\/wp-json\/wp\/v2\/posts\/261679\/revisions"}],"predecessor-version":[{"id":261753,"href":"https:\/\/www.em.com.br\/emfoco\/wp-json\/wp\/v2\/posts\/261679\/revisions\/261753"}],"wp:featuredmedia":[{"embeddable":true,"href":"https:\/\/www.em.com.br\/emfoco\/wp-json\/wp\/v2\/media\/261717"}],"wp:attachment":[{"href":"https:\/\/www.em.com.br\/emfoco\/wp-json\/wp\/v2\/media?parent=261679"}],"wp:term":[{"taxonomy":"category","embeddable":true,"href":"https:\/\/www.em.com.br\/emfoco\/wp-json\/wp\/v2\/categories?post=261679"},{"taxonomy":"post_tag","embeddable":true,"href":"https:\/\/www.em.com.br\/emfoco\/wp-json\/wp\/v2\/tags?post=261679"}],"curies":[{"name":"wp","href":"https:\/\/api.w.org\/{rel}","templated":true}]}}