{"id":261666,"date":"2026-09-02T22:57:00","date_gmt":"2026-09-03T01:57:00","guid":{"rendered":"https:\/\/www.em.com.br\/emfoco\/?p=261666"},"modified":"2026-09-01T20:07:14","modified_gmt":"2026-09-01T23:07:14","slug":"um-assentamento-planejado-de-140-hectares-surgiu-ha-cerca-de-3-600-anos-numa-regiao-associada-a-comunidades-moveis","status":"publish","type":"post","link":"https:\/\/www.em.com.br\/emfoco\/2026\/09\/02\/um-assentamento-planejado-de-140-hectares-surgiu-ha-cerca-de-3-600-anos-numa-regiao-associada-a-comunidades-moveis\/","title":{"rendered":"Um assentamento planejado de 140 hectares surgiu h\u00e1 cerca de 3.600 anos numa regi\u00e3o associada a comunidades m\u00f3veis"},"content":{"rendered":"\n<div class=\"emf-summary google-auto-ads-ignore\">\n  <style>\n    .emf-summary {\n      --emf-navy:#00245a;\n      --emf-navy-soft:#0b3b70;\n      --emf-ink:#1d2731;\n      --emf-muted:#66727e;\n      --emf-line:#d7dde5;\n      --emf-paper:#ffffff;\n      --emf-wash:#f4f6f8;\n      box-sizing:border-box!important;\n      inline-size:min(1100px,100%)!important;\n      max-inline-size:100%!important;\n      margin-inline:auto!important;\n      overflow:hidden!important;\n      color:var(--emf-ink);\n      background:var(--emf-paper);\n      border:1px solid var(--emf-line);\n      border-block-start:5px solid var(--emf-navy);\n      border-radius:6px!important;\n      box-shadow:0 8px 24px rgba(0,36,90,.08);\n      font-family:Arial,Helvetica,sans-serif;\n    }\n\n    .emf-summary *,\n    .emf-summary *::before,\n    .emf-summary *::after {\n      box-sizing:border-box!important;\n    }\n\n    .emf-summary-brand {\n      display:flex;\n      align-items:center;\n      gap:14px;\n      padding:16px 20px;\n      color:#fff;\n      background:linear-gradient(105deg,var(--emf-navy) 0%,var(--emf-navy-soft) 100%);\n      border-block-end:1px solid rgba(255,255,255,.18);\n    }\n\n    .emf-summary-logo {\n      display:grid;\n      place-items:center;\n      inline-size:58px;\n      block-size:58px;\n      flex:0 0 58px;\n      background:rgba(255,255,255,.08);\n      border:1px solid rgba(255,255,255,.35);\n      border-radius:3px!important;\n    }\n\n    .emf-summary-logo img {\n      display:block;\n      inline-size:46px;\n      block-size:46px;\n      max-inline-size:46px;\n      max-block-size:46px;\n      object-fit:contain;\n    }\n\n    .emf-summary-eyebrow {\n      margin:0 0 3px;\n      font-size:11px;\n      font-weight:700;\n      letter-spacing:.18em;\n      line-height:1.2;\n      text-transform:uppercase;\n      opacity:.78;\n    }\n\n    .emf-summary-title {\n      margin:0;\n      font-family:Georgia,\"Times New Roman\",serif;\n      font-size:25px;\n      font-weight:700;\n      line-height:1.15;\n    }\n\n    .emf-summary-grid {\n      display:grid;\n      grid-template-columns:repeat(3,minmax(0,1fr));\n      gap:0;\n      background:var(--emf-wash);\n    }\n\n    .emf-summary-card {\n      position:relative;\n      min-block-size:190px;\n      padding:24px 20px 20px;\n      overflow:hidden!important;\n      background:#fff;\n      border-inline-end:1px solid var(--emf-line);\n    }\n\n    .emf-summary-card:last-child {\n      border-inline-end:0;\n    }\n\n    .emf-summary-number {\n      position:absolute;\n      inset-block-start:13px;\n      inset-inline-end:15px;\n      color:rgba(0,36,90,.10);\n      font-family:Georgia,\"Times New Roman\",serif;\n      font-size:46px;\n      font-weight:700;\n      line-height:1;\n      pointer-events:none;\n    }\n\n    .emf-summary-card-title {\n      position:relative;\n      z-index:1;\n      margin:0 0 11px;\n      padding-block-end:10px;\n      color:var(--emf-navy);\n      border-block-end:2px solid var(--emf-navy);\n      font-family:Georgia,\"Times New Roman\",serif;\n      font-size:18px;\n      font-weight:700;\n      line-height:1.3;\n      overflow-wrap:anywhere;\n    }\n\n    .emf-summary-card-text {\n      position:relative;\n      z-index:1;\n      color:#485560;\n      font-size:13px;\n      line-height:1.6;\n      overflow-wrap:anywhere;\n    }\n\n    .emf-summary-card-meta {\n      position:relative;\n      z-index:1;\n      display:inline-flex;\n      margin-block-start:16px;\n      padding:5px 8px;\n      color:var(--emf-navy);\n      background:#edf1f5;\n      border:1px solid #d9e0e7;\n      border-radius:2px!important;\n      font-size:10px;\n      font-weight:700;\n      letter-spacing:.08em;\n      line-height:1.2;\n      text-transform:uppercase;\n    }\n\n    @media(max-width:760px) {\n      .emf-summary-grid {\n        grid-template-columns:1fr;\n      }\n\n      .emf-summary-card {\n        min-block-size:0;\n        border-inline-end:0;\n        border-block-end:1px solid var(--emf-line);\n      }\n\n      .emf-summary-card:last-child {\n        border-block-end:0;\n      }\n    }\n\n    @media(max-width:480px) {\n      .emf-summary-brand {\n        padding:14px 15px;\n      }\n\n      .emf-summary-logo {\n        inline-size:52px;\n        block-size:52px;\n        flex-basis:52px;\n      }\n\n      .emf-summary-logo img {\n        inline-size:41px;\n        block-size:41px;\n        max-inline-size:41px;\n        max-block-size:41px;\n      }\n\n      .emf-summary-title {\n        font-size:22px;\n      }\n\n      .emf-summary-card {\n        padding:21px 16px 18px;\n      }\n    }\n  <\/style>\n\n  <div class=\"emf-summary-brand\">\n    <div class=\"emf-summary-logo\">\n      <img\n        alt=\"Logo EM Foco\"\n        decoding=\"async\"\n        fetchpriority=\"high\"\n        height=\"46\"\n        loading=\"eager\"\n        referrerpolicy=\"no-referrer\"\n        src=\"https:\/\/www.em.com.br\/emfoco\/wp-content\/uploads\/2026\/08\/em_transparente_3000px-scaled.png\"\n        width=\"46\"\n      >\n    <\/div>\n\n    <div>\n      <div class=\"emf-summary-eyebrow\">EM FOCO<\/div>\n      <div class=\"emf-summary-title\">Resumo da mat\u00e9ria<\/div>\n    <\/div>\n  <\/div>\n\n  <div class=\"emf-summary-grid\">\n    <div class=\"emf-summary-card\">\n      <span aria-hidden=\"true\" class=\"emf-summary-number\">01<\/span>\n      <div aria-level=\"3\" class=\"emf-summary-card-title\" role=\"heading\">\n        Plano de 140 hectares\n      <\/div>\n      <div class=\"emf-summary-card-text\">\n        Semiyarka reuniu estruturas retangulares organizadas numa \u00e1rea muito maior que outros assentamentos conhecidos da regi\u00e3o.\n      <\/div>\n      <div class=\"emf-summary-card-meta\">\n        Escala\n      <\/div>\n    <\/div>\n    <div class=\"emf-summary-card\">\n      <span aria-hidden=\"true\" class=\"emf-summary-number\">02<\/span>\n      <div aria-level=\"3\" class=\"emf-summary-card-title\" role=\"heading\">\n        Centro de bronze\n      <\/div>\n      <div class=\"emf-summary-card-text\">\n        Cadinhos, esc\u00f3ria, min\u00e9rios e objetos apontam para uma zona pr\u00f3pria de produ\u00e7\u00e3o de bronze com estanho.\n      <\/div>\n      <div class=\"emf-summary-card-meta\">\n        Metalurgia\n      <\/div>\n    <\/div>\n    <div class=\"emf-summary-card\">\n      <span aria-hidden=\"true\" class=\"emf-summary-number\">03<\/span>\n      <div aria-level=\"3\" class=\"emf-summary-card-title\" role=\"heading\">\n        Estepe ocupada\n      <\/div>\n      <div class=\"emf-summary-card-text\">\n        O s\u00edtio mostra que comunidades com mobilidade tamb\u00e9m podiam manter constru\u00e7\u00f5es permanentes e atividades produtivas organizadas.\n      <\/div>\n      <div class=\"emf-summary-card-meta\">\n        Novo cen\u00e1rio\n      <\/div>\n    <\/div>\n\n  <\/div>\n<\/div>\n\n\n\n<p class=\"wp-block-paragraph\">Uma cidade poderia nascer onde se esperavam apenas grupos m\u00f3veis? O <strong>assentamento de Semiyarka<\/strong> ocupou cerca de 140 hectares na estepe do Cazaquist\u00e3o por volta de 1600 a.C. Estruturas retangulares, uma constru\u00e7\u00e3o central e uma <strong>zona de bronze<\/strong> revelam planejamento, perman\u00eancia e produ\u00e7\u00e3o organizada de metal.<\/p>\n\n\n\n<h2 class=\"wp-block-heading\">Onde surgiu o grande assentamento de Semiyarka?<\/h2>\n\n\n\n<p class=\"wp-block-paragraph\">Semiyarka fica no nordeste do Cazaquist\u00e3o, sobre uma eleva\u00e7\u00e3o pr\u00f3xima ao rio Irtysh. O s\u00edtio pertence \u00e0 <a href=\"https:\/\/pt.wikipedia.org\/wiki\/Idade_do_Bronze\" target=\"_blank\" rel=\"noopener noreferrer\"><strong>Idade do Bronze<\/strong><\/a> tardia e foi datado de aproximadamente <strong>1600 a.C.<\/strong> Seu nome significa Sete Ravinas, refer\u00eancia aos vales observados ao redor do terreno.<\/p>\n\n\n\n<p class=\"wp-block-paragraph\">O levantamento calculou uma \u00e1rea de cerca de <strong>140 hectares<\/strong>, a maior conhecida para um assentamento planejado desse tipo na regi\u00e3o. A dimens\u00e3o chama aten\u00e7\u00e3o porque a estepe eurasi\u00e1tica costuma ser associada a comunidades pastoris m\u00f3veis, acampamentos tempor\u00e1rios e aldeias menores.<\/p>\n\n\n<div class=\"wp-block-image\">\n<figure class=\"aligncenter size-large\"><img decoding=\"async\" width=\"1024\" height=\"576\" src=\"https:\/\/www.em.com.br\/emfoco\/wp-content\/uploads\/2026\/09\/mnha2-1024x576.jpg\" alt=\"\" class=\"wp-image-261705\" srcset=\"https:\/\/www.em.com.br\/emfoco\/wp-content\/uploads\/2026\/09\/mnha2-1024x576.jpg 1024w, https:\/\/www.em.com.br\/emfoco\/wp-content\/uploads\/2026\/09\/mnha2-300x169.jpg 300w, https:\/\/www.em.com.br\/emfoco\/wp-content\/uploads\/2026\/09\/mnha2-768x432.jpg 768w, https:\/\/www.em.com.br\/emfoco\/wp-content\/uploads\/2026\/09\/mnha2-750x421.jpg 750w, https:\/\/www.em.com.br\/emfoco\/wp-content\/uploads\/2026\/09\/mnha2-1140x641.jpg 1140w, https:\/\/www.em.com.br\/emfoco\/wp-content\/uploads\/2026\/09\/mnha2.jpg 1280w\" sizes=\"(max-width: 1024px) 100vw, 1024px\" \/><figcaption class=\"wp-element-caption\">O planejamento das estruturas indica uma ocupa\u00e7\u00e3o muito mais organizada do que se imaginava<\/figcaption><\/figure>\n<\/div>\n\n\n<h2 class=\"wp-block-heading\">Quais sinais mostram que o lugar foi planejado?<\/h2>\n\n\n\n<p class=\"wp-block-paragraph\">Duas fileiras de montes retangulares formam as bases de conjuntos residenciais com v\u00e1rios c\u00f4modos. A repeti\u00e7\u00e3o das formas e o alinhamento sugerem um <strong>plano comum de constru\u00e7\u00e3o<\/strong>, n\u00e3o um crescimento ao acaso. Esses vest\u00edgios chegam a cerca de um metro de altura em alguns pontos.<\/p>\n\n\n\n<p class=\"wp-block-paragraph\">No centro, uma estrutura tinha aproximadamente o dobro do tamanho das casas. O <a href=\"https:\/\/www.cambridge.org\/core\/journals\/antiquity\/article\/major-city-of-the-kazakh-steppe-investigating-semiyarkas-bronze-age-legacy\/7D20FEEC9B8F7BC60721BF7CA401B788\" target=\"_blank\" rel=\"noopener noreferrer\"><strong>estudo publicado na Antiquity<\/strong><\/a> descreve o edif\u00edcio como potencialmente monumental. Sua fun\u00e7\u00e3o ainda \u00e9 incerta: poderia servir a rituais, reuni\u00f5es coletivas ou uma fam\u00edlia de maior poder.<\/p>\n\n\n\n<h2 class=\"wp-block-heading\">Por que o bronze ocupa lugar central em Semiyarka?<\/h2>\n\n\n\n<p class=\"wp-block-paragraph\">Na parte sudeste, escava\u00e7\u00f5es e levantamentos geof\u00edsicos localizaram uma <strong>zona de metalurgia<\/strong>. Ali apareceram min\u00e9rios, esc\u00f3ria, cadinhos e objetos de bronze com estanho. A concentra\u00e7\u00e3o dos materiais separa a produ\u00e7\u00e3o de outras \u00e1reas e indica um sistema mais amplo que pequenas oficinas familiares isoladas.<\/p>\n\n\n\n<p class=\"wp-block-paragraph\">O bronze combina cobre e estanho, metais encontrados nas proximidades da regi\u00e3o dos Altai. Produzi-lo exige mat\u00e9ria-prima, combust\u00edvel, recipientes resistentes ao calor e trabalhadores com conhecimento t\u00e9cnico. Em Semiyarka, a <strong>escala dos res\u00edduos<\/strong> sugere coordena\u00e7\u00e3o e poss\u00edvel controle sobre uma liga valorizada.<\/p>\n\n\n\n<p class=\"myth-list-bridge wp-block-paragraph\">A seguir listamos <strong>quatro vest\u00edgios da produ\u00e7\u00e3o<\/strong> que sustentam a presen\u00e7a de uma \u00e1rea metal\u00fargica organizada:<\/p>\n\n\n\n<ul class=\"wp-block-list myth-bullet-list\">\n<li><strong>Min\u00e9rios:<\/strong> mat\u00e9rias-primas levadas ao local para alimentar a produ\u00e7\u00e3o.<\/li>\n\n\n\n<li><strong>Cadinhos:<\/strong> recipientes usados para aquecer, misturar ou trabalhar o metal.<\/li>\n\n\n\n<li><strong>Esc\u00f3ria:<\/strong> res\u00edduo deixado pelas etapas de transforma\u00e7\u00e3o em alta temperatura.<\/li>\n\n\n\n<li><strong>Objetos de bronze:<\/strong> pe\u00e7as prontas confirmam o resultado da atividade metal\u00fargica.<\/li>\n<\/ul>\n\n\n<div class=\"wp-block-image\">\n<figure class=\"aligncenter size-large\"><img decoding=\"async\" width=\"1024\" height=\"576\" src=\"https:\/\/www.em.com.br\/emfoco\/wp-content\/uploads\/2026\/09\/manh23-1-1024x576.jpg\" alt=\"\" class=\"wp-image-261707\" srcset=\"https:\/\/www.em.com.br\/emfoco\/wp-content\/uploads\/2026\/09\/manh23-1-1024x576.jpg 1024w, https:\/\/www.em.com.br\/emfoco\/wp-content\/uploads\/2026\/09\/manh23-1-300x169.jpg 300w, https:\/\/www.em.com.br\/emfoco\/wp-content\/uploads\/2026\/09\/manh23-1-768x432.jpg 768w, https:\/\/www.em.com.br\/emfoco\/wp-content\/uploads\/2026\/09\/manh23-1-750x421.jpg 750w, https:\/\/www.em.com.br\/emfoco\/wp-content\/uploads\/2026\/09\/manh23-1-1140x641.jpg 1140w, https:\/\/www.em.com.br\/emfoco\/wp-content\/uploads\/2026\/09\/manh23-1.jpg 1280w\" sizes=\"(max-width: 1024px) 100vw, 1024px\" \/><figcaption class=\"wp-element-caption\">A descoberta levanta novas perguntas sobre mobilidade e perman\u00eancia entre comunidades antigas<\/figcaption><\/figure>\n<\/div>\n\n\n<p class=\"wp-block-paragraph\"><strong>Leia tamb\u00e9m: <a href=\"https:\/\/www.em.com.br\/emfoco\/2026\/07\/16\/novo-monumento-descoberto-no-egito-revela-o-nome-de-uma-autoridade-que-desapareceu-dos-registros-ha-mais-de-3-mil-anos\/\" target=\"_blank\" rel=\"noreferrer noopener\">Novo monumento descoberto no Egito revela o nome de uma autoridade que desapareceu dos registros h\u00e1 mais de 3 mil anos<\/a><\/strong><\/p>\n\n\n\n<h2 class=\"wp-block-heading\">O que o s\u00edtio muda na imagem das comunidades m\u00f3veis?<\/h2>\n\n\n\n<p class=\"wp-block-paragraph\">A descoberta n\u00e3o apaga a mobilidade da estepe. Ela mostra que <strong>movimento e perman\u00eancia<\/strong> podiam coexistir. Grupos ligados ao pastoreio tamb\u00e9m mantinham casas dur\u00e1veis, espa\u00e7os comuns e produ\u00e7\u00e3o especializada. Semiyarka pode ter funcionado como ponto regional de troca, fabrica\u00e7\u00e3o e encontro entre popula\u00e7\u00f5es diferentes.<\/p>\n\n\n\n<p class=\"wp-block-paragraph\">Os objetos encontrados ligam o s\u00edtio principalmente ao grupo Alekseevka-Sargary, conhecido por moradias permanentes, e tamb\u00e9m revelam contatos com outros povos. Essa mistura refor\u00e7a a ideia de <strong>centro regional<\/strong>. Ainda assim, chamar o lugar de cidade exige cautela, pois a popula\u00e7\u00e3o e a administra\u00e7\u00e3o n\u00e3o foram determinadas.<\/p>\n\n\n\n<p class=\"myth-html-bridge wp-block-paragraph\">A seguir listamos <strong>quatro evid\u00eancias do assentamento<\/strong> que ajudam a separar observa\u00e7\u00e3o arqueol\u00f3gica e interpreta\u00e7\u00e3o hist\u00f3rica:<\/p>\n\n\n\n<div class=\"emf-data-table google-auto-ads-ignore\">\n  <style>\n    .emf-data-table {\n      --emf-navy:#00245a;\n      --emf-navy-soft:#0b3b70;\n      --emf-ink:#1d2731;\n      --emf-muted:#66727e;\n      --emf-line:#d7dde5;\n      --emf-wash:#f4f6f8;\n      box-sizing:border-box!important;\n      inline-size:min(1100px,100%)!important;\n      max-inline-size:100%!important;\n      margin-inline:auto!important;\n      overflow:hidden!important;\n      color:var(--emf-ink);\n      background:#fff;\n      border:1px solid var(--emf-line);\n      border-radius:6px!important;\n      box-shadow:0 8px 24px rgba(0,36,90,.08);\n      font-family:Arial,Helvetica,sans-serif;\n    }\n\n    .emf-data-table *,\n    .emf-data-table *::before,\n    .emf-data-table *::after {\n      box-sizing:border-box!important;\n    }\n\n    .emf-data-table-brand {\n      display:flex;\n      align-items:center;\n      gap:13px;\n      min-block-size:72px;\n      padding:10px 17px;\n      color:#fff;\n      background:linear-gradient(105deg,var(--emf-navy) 0%,var(--emf-navy-soft) 100%);\n      border-block-end:4px solid #c5ced8;\n    }\n\n    .emf-data-table-logo {\n      display:grid;\n      place-items:center;\n      inline-size:52px;\n      block-size:52px;\n      flex:0 0 52px;\n      background:rgba(255,255,255,.08);\n      border:1px solid rgba(255,255,255,.35);\n      border-radius:3px!important;\n    }\n\n    .emf-data-table-logo img {\n      display:block;\n      inline-size:41px;\n      block-size:41px;\n      max-inline-size:41px;\n      max-block-size:41px;\n      object-fit:contain;\n    }\n\n    .emf-data-table-kicker {\n      margin:0 0 2px;\n      font-size:10px;\n      font-weight:700;\n      letter-spacing:.16em;\n      line-height:1.2;\n      text-transform:uppercase;\n      opacity:.78;\n    }\n\n    .emf-data-table-title {\n      margin:0;\n      font-family:Georgia,\"Times New Roman\",serif;\n      font-size:21px;\n      font-weight:700;\n      line-height:1.2;\n    }\n\n    .emf-data-table-scroll {\n      display:block!important;\n      inline-size:100%!important;\n      max-inline-size:100%!important;\n      overflow-x:auto!important;\n      overflow-y:hidden!important;\n      -webkit-overflow-scrolling:touch;\n      overscroll-behavior-inline:contain;\n      scrollbar-width:thin;\n      scrollbar-color:#8798aa #edf1f5;\n    }\n\n    .emf-data-table-scroll:focus-visible {\n      outline:3px solid rgba(0,36,90,.35);\n      outline-offset:-3px;\n    }\n\n    .emf-data-table table {\n      display:table!important;\n      inline-size:100%!important;\n      min-inline-size:680px!important;\n      max-inline-size:none!important;\n      margin:0!important;\n      border:0!important;\n      border-collapse:separate!important;\n      border-spacing:0!important;\n      table-layout:auto!important;\n      background:#fff!important;\n    }\n\n    .emf-data-table caption {\n      position:absolute!important;\n      inline-size:1px!important;\n      block-size:1px!important;\n      padding:0!important;\n      margin:-1px!important;\n      overflow:hidden!important;\n      clip:rect(0,0,0,0)!important;\n      white-space:nowrap!important;\n      border:0!important;\n    }\n\n    .emf-data-table thead {\n      display:table-header-group!important;\n    }\n\n    .emf-data-table tbody {\n      display:table-row-group!important;\n    }\n\n    .emf-data-table tr {\n      display:table-row!important;\n    }\n\n    .emf-data-table th,\n    .emf-data-table td {\n      display:table-cell!important;\n      float:none!important;\n      inline-size:auto!important;\n      max-inline-size:none!important;\n      margin:0!important;\n      border-radius:0!important;\n      text-align:left!important;\n      vertical-align:middle!important;\n    }\n\n    .emf-data-table th {\n      padding:14px 17px!important;\n      color:#fff!important;\n      background:var(--emf-navy)!important;\n      border-block-end:1px solid rgba(255,255,255,.22)!important;\n      border-inline-end:1px solid rgba(255,255,255,.12)!important;\n      font-family:Georgia,\"Times New Roman\",serif;\n      font-size:14px!important;\n      font-weight:700!important;\n      line-height:1.35!important;\n      white-space:nowrap!important;\n    }\n\n    .emf-data-table th:last-child {\n      border-inline-end:0!important;\n    }\n\n    .emf-data-table td {\n      padding:14px 17px!important;\n      color:#43515e!important;\n      background:#fff!important;\n      border-block-end:1px solid var(--emf-line)!important;\n      font-size:14px!important;\n      font-weight:400!important;\n      line-height:1.5!important;\n      overflow-wrap:anywhere;\n    }\n\n    .emf-data-table tbody tr:nth-child(even) td {\n      background:var(--emf-wash)!important;\n    }\n\n    .emf-data-table tbody tr:hover td {\n      background:#eaf0f5!important;\n    }\n\n    .emf-data-table tbody tr:last-child td {\n      border-block-end:0!important;\n    }\n\n    .emf-data-table td:first-child {\n      color:var(--emf-navy)!important;\n      font-weight:700!important;\n    }\n\n    @media(max-width:560px) {\n      .emf-data-table-brand {\n        min-block-size:68px;\n        padding:9px 13px;\n      }\n\n      .emf-data-table-title {\n        font-size:19px;\n      }\n\n      .emf-data-table-scroll {\n        overflow:visible!important;\n      }\n\n      .emf-data-table table,\n      .emf-data-table thead,\n      .emf-data-table tbody,\n      .emf-data-table tr,\n      .emf-data-table th,\n      .emf-data-table td {\n        display:block!important;\n        inline-size:100%!important;\n        min-inline-size:0!important;\n        max-inline-size:100%!important;\n      }\n\n      .emf-data-table table {\n        padding:13px!important;\n      }\n\n      .emf-data-table thead {\n        position:absolute!important;\n        inline-size:1px!important;\n        block-size:1px!important;\n        padding:0!important;\n        margin:-1px!important;\n        overflow:hidden!important;\n        clip:rect(0,0,0,0)!important;\n        white-space:nowrap!important;\n      }\n\n      .emf-data-table tbody {\n        display:grid!important;\n        gap:11px;\n      }\n\n      .emf-data-table tr {\n        overflow:hidden!important;\n        background:#fff!important;\n        border:1px solid var(--emf-line)!important;\n        border-block-start:4px solid var(--emf-navy)!important;\n        border-radius:4px!important;\n        box-shadow:0 4px 12px rgba(0,36,90,.06);\n      }\n\n      .emf-data-table td,\n      .emf-data-table tbody tr:nth-child(even) td,\n      .emf-data-table tbody tr:hover td {\n        display:grid!important;\n        grid-template-columns:minmax(105px,38%) minmax(0,1fr)!important;\n        align-items:start;\n        gap:11px;\n        padding:11px 12px!important;\n        background:#fff!important;\n        border-block-end:1px solid #e2e7ec!important;\n      }\n\n      .emf-data-table td::before {\n        content:attr(data-label);\n        color:var(--emf-muted);\n        font-size:10px;\n        font-weight:700;\n        letter-spacing:.06em;\n        line-height:1.35;\n        text-transform:uppercase;\n      }\n\n      .emf-data-table td:first-child {\n        color:var(--emf-navy)!important;\n        background:#edf1f5!important;\n      }\n\n      .emf-data-table td:last-child {\n        border-block-end:0!important;\n      }\n    }\n  <\/style>\n\n  <div class=\"emf-data-table-brand\">\n    <div class=\"emf-data-table-logo\">\n      <img\n        alt=\"Logo EM Foco\"\n        decoding=\"async\"\n        height=\"41\"\n        loading=\"lazy\"\n        referrerpolicy=\"no-referrer\"\n        src=\"https:\/\/www.em.com.br\/emfoco\/wp-content\/uploads\/2026\/08\/em_transparente_3000px-scaled.png\"\n        width=\"41\"\n      >\n    <\/div>\n\n    <div>\n      <div class=\"emf-data-table-kicker\">DADOS EM FOCO<\/div>\n      <div class=\"emf-data-table-title\">O que Semiyarka preservou<\/div>\n    <\/div>\n  <\/div>\n\n  <div aria-label=\"Evid\u00eancias arqueol\u00f3gicas do assentamento de Semiyarka e suas interpreta\u00e7\u00f5es\" class=\"emf-data-table-scroll\" role=\"region\" tabindex=\"0\">\n    <table>\n      <caption>Compara\u00e7\u00e3o entre vest\u00edgios encontrados, observa\u00e7\u00f5es diretas e interpreta\u00e7\u00f5es poss\u00edveis.<\/caption>\n      <thead>\n        <tr>\n          <th scope=\"col\">Vest\u00edgio<\/th>\n          <th scope=\"col\">Observa\u00e7\u00e3o<\/th>\n          <th scope=\"col\">Interpreta\u00e7\u00e3o<\/th>\n        <\/tr>\n      <\/thead>\n      <tbody>\n        <tr>\n          <td data-label=\"Vest\u00edgio\">\u00c1rea total<\/td>\n          <td data-label=\"Observa\u00e7\u00e3o\">Cerca de 140 hectares<\/td>\n          <td data-label=\"Interpreta\u00e7\u00e3o\">Assentamento de grande escala<\/td>\n        <\/tr>\n        <tr>\n          <td data-label=\"Vest\u00edgio\">Casas<\/td>\n          <td data-label=\"Observa\u00e7\u00e3o\">Fileiras retangulares<\/td>\n          <td data-label=\"Interpreta\u00e7\u00e3o\">Constru\u00e7\u00e3o planejada<\/td>\n        <\/tr>\n        <tr>\n          <td data-label=\"Vest\u00edgio\">Estrutura central<\/td>\n          <td data-label=\"Observa\u00e7\u00e3o\">Duas vezes maior<\/td>\n          <td data-label=\"Interpreta\u00e7\u00e3o\">Uso coletivo ou de poder<\/td>\n        <\/tr>\n        <tr>\n          <td data-label=\"Vest\u00edgio\">Zona sudeste<\/td>\n          <td data-label=\"Observa\u00e7\u00e3o\">Res\u00edduos de bronze<\/td>\n          <td data-label=\"Interpreta\u00e7\u00e3o\">Produ\u00e7\u00e3o metal\u00fargica organizada<\/td>\n        <\/tr>\n\n      <\/tbody>\n    <\/table>\n  <\/div>\n<\/div>\n\n\n\n<h2 class=\"wp-block-heading\">Quais respostas ainda dependem de novas escava\u00e7\u00f5es?<\/h2>\n\n\n\n<p class=\"wp-block-paragraph\">Os pr\u00f3ximos trabalhos precisam medir quantas pessoas viveram ali e por quanto tempo. Tamb\u00e9m falta explicar como a <strong>produ\u00e7\u00e3o de bronze<\/strong> era dividida, quem controlava o estanho e para onde iam os objetos. Sepultamentos e acampamentos pr\u00f3ximos podem revelar rela\u00e7\u00f5es entre moradores fixos e grupos em movimento.<\/p>\n\n\n\n<p class=\"wp-block-paragraph\">O que j\u00e1 est\u00e1 firme \u00e9 expressivo: por volta de <strong>3.600 anos atr\u00e1s<\/strong>, Semiyarka combinou 140 hectares, constru\u00e7\u00f5es alinhadas, espa\u00e7o central e metalurgia concentrada. A estepe n\u00e3o era um vazio entre cidades distantes, mas um lugar onde mobilidade, t\u00e9cnica e assentamentos planejados assumiram formas pr\u00f3prias.<\/p>\n","protected":false},"excerpt":{"rendered":"<p>EM FOCO Resumo da mat\u00e9ria 01 Plano de 140 hectares Semiyarka reuniu estruturas retangulares organizadas numa \u00e1rea muito maior que outros assentamentos conhecidos da regi\u00e3o. Escala 02 Centro de bronze Cadinhos, esc\u00f3ria, min\u00e9rios e objetos apontam para uma zona pr\u00f3pria de produ\u00e7\u00e3o de bronze com estanho. Metalurgia 03 Estepe ocupada O s\u00edtio mostra que comunidades [&hellip;]<\/p>\n","protected":false},"author":30,"featured_media":261704,"comment_status":"open","ping_status":"open","sticky":false,"template":"","format":"standard","meta":{"jnews-multi-image_gallery":[],"jnews_single_post":{"format":"standard"},"jnews_primary_category":[],"jnews_social_meta":[],"jnews_override_counter":[],"footnotes":""},"categories":[29],"tags":[675,770,10998,35963],"class_list":["post-261666","post","type-post","status-publish","format-standard","has-post-thumbnail","hentry","category-entretenimento","tag-arqueologia","tag-artesanato","tag-egito-antigo","tag-funerario"],"yoast_head":"<!-- This site is optimized with the Yoast SEO plugin v28.3 - https:\/\/yoast.com\/product\/yoast-seo-wordpress\/ -->\n<title>Um assentamento planejado de 140 hectares surgiu h\u00e1 cerca de 3.600 anos numa regi\u00e3o associada a comunidades m\u00f3veis - Estado de Minas - Em foco<\/title>\n<meta name=\"description\" content=\"Um assentamento de Semiyarka ocupou 140 hectares na estepe. Estruturas alinhadas e res\u00edduos de bronze mudam a imagem da regi\u00e3o.\" \/>\n<meta name=\"robots\" content=\"index, follow, max-snippet:-1, max-image-preview:large, max-video-preview:-1\" \/>\n<link rel=\"canonical\" href=\"https:\/\/www.em.com.br\/emfoco\/2026\/09\/02\/um-assentamento-planejado-de-140-hectares-surgiu-ha-cerca-de-3-600-anos-numa-regiao-associada-a-comunidades-moveis\/\" \/>\n<meta property=\"og:locale\" content=\"pt_BR\" \/>\n<meta property=\"og:type\" content=\"article\" \/>\n<meta property=\"og:title\" content=\"Um assentamento planejado de 140 hectares surgiu h\u00e1 cerca de 3.600 anos numa regi\u00e3o associada a comunidades m\u00f3veis - Estado de Minas - Em foco\" \/>\n<meta property=\"og:description\" content=\"Um assentamento de Semiyarka ocupou 140 hectares na estepe. Estruturas alinhadas e res\u00edduos de bronze mudam a imagem da regi\u00e3o.\" \/>\n<meta property=\"og:url\" content=\"https:\/\/www.em.com.br\/emfoco\/2026\/09\/02\/um-assentamento-planejado-de-140-hectares-surgiu-ha-cerca-de-3-600-anos-numa-regiao-associada-a-comunidades-moveis\/\" \/>\n<meta property=\"og:site_name\" content=\"Estado de Minas - Em foco\" \/>\n<meta property=\"article:published_time\" content=\"2026-09-03T01:57:00+00:00\" \/>\n<meta property=\"og:image\" content=\"https:\/\/www.em.com.br\/emfoco\/wp-content\/uploads\/2026\/09\/mnha1.jpg\" \/>\n\t<meta property=\"og:image:width\" content=\"1280\" \/>\n\t<meta property=\"og:image:height\" content=\"720\" \/>\n\t<meta property=\"og:image:type\" content=\"image\/jpeg\" \/>\n<meta name=\"author\" content=\"Guilherme Ara\u00fajo\" \/>\n<meta name=\"twitter:card\" content=\"summary_large_image\" \/>\n<meta name=\"twitter:label1\" content=\"Escrito por\" \/>\n\t<meta name=\"twitter:data1\" content=\"Guilherme Ara\u00fajo\" \/>\n\t<meta name=\"twitter:label2\" content=\"Est. tempo de leitura\" \/>\n\t<meta name=\"twitter:data2\" content=\"6 minutos\" \/>\n<!-- \/ Yoast SEO plugin. -->","yoast_head_json":{"title":"Um assentamento planejado de 140 hectares surgiu h\u00e1 cerca de 3.600 anos numa regi\u00e3o associada a comunidades m\u00f3veis - Estado de Minas - Em foco","description":"Um assentamento de Semiyarka ocupou 140 hectares na estepe. Estruturas alinhadas e res\u00edduos de bronze mudam a imagem da regi\u00e3o.","robots":{"index":"index","follow":"follow","max-snippet":"max-snippet:-1","max-image-preview":"max-image-preview:large","max-video-preview":"max-video-preview:-1"},"canonical":"https:\/\/www.em.com.br\/emfoco\/2026\/09\/02\/um-assentamento-planejado-de-140-hectares-surgiu-ha-cerca-de-3-600-anos-numa-regiao-associada-a-comunidades-moveis\/","og_locale":"pt_BR","og_type":"article","og_title":"Um assentamento planejado de 140 hectares surgiu h\u00e1 cerca de 3.600 anos numa regi\u00e3o associada a comunidades m\u00f3veis - Estado de Minas - Em foco","og_description":"Um assentamento de Semiyarka ocupou 140 hectares na estepe. Estruturas alinhadas e res\u00edduos de bronze mudam a imagem da regi\u00e3o.","og_url":"https:\/\/www.em.com.br\/emfoco\/2026\/09\/02\/um-assentamento-planejado-de-140-hectares-surgiu-ha-cerca-de-3-600-anos-numa-regiao-associada-a-comunidades-moveis\/","og_site_name":"Estado de Minas - Em foco","article_published_time":"2026-09-03T01:57:00+00:00","og_image":[{"width":1280,"height":720,"url":"https:\/\/www.em.com.br\/emfoco\/wp-content\/uploads\/2026\/09\/mnha1.jpg","type":"image\/jpeg"}],"author":"Guilherme Ara\u00fajo","twitter_card":"summary_large_image","twitter_misc":{"Escrito por":"Guilherme Ara\u00fajo","Est. tempo de leitura":"6 minutos"},"schema":{"@context":"https:\/\/schema.org","@graph":[{"@type":"Article","@id":"https:\/\/www.em.com.br\/emfoco\/2026\/09\/02\/um-assentamento-planejado-de-140-hectares-surgiu-ha-cerca-de-3-600-anos-numa-regiao-associada-a-comunidades-moveis\/#article","isPartOf":{"@id":"https:\/\/www.em.com.br\/emfoco\/2026\/09\/02\/um-assentamento-planejado-de-140-hectares-surgiu-ha-cerca-de-3-600-anos-numa-regiao-associada-a-comunidades-moveis\/"},"author":{"name":"Guilherme Ara\u00fajo","@id":"https:\/\/www.em.com.br\/emfoco\/#\/schema\/person\/5379e929a4b966c775d121e23f9bb421"},"headline":"Um assentamento planejado de 140 hectares surgiu h\u00e1 cerca de 3.600 anos numa regi\u00e3o associada a comunidades m\u00f3veis","datePublished":"2026-09-03T01:57:00+00:00","mainEntityOfPage":{"@id":"https:\/\/www.em.com.br\/emfoco\/2026\/09\/02\/um-assentamento-planejado-de-140-hectares-surgiu-ha-cerca-de-3-600-anos-numa-regiao-associada-a-comunidades-moveis\/"},"wordCount":878,"commentCount":0,"image":{"@id":"https:\/\/www.em.com.br\/emfoco\/2026\/09\/02\/um-assentamento-planejado-de-140-hectares-surgiu-ha-cerca-de-3-600-anos-numa-regiao-associada-a-comunidades-moveis\/#primaryimage"},"thumbnailUrl":"https:\/\/www.em.com.br\/emfoco\/wp-content\/uploads\/2026\/09\/mnha1.jpg","keywords":["arqueologia","artesanato","Egito Antigo","funer\u00e1rio"],"articleSection":["Entretenimento"],"inLanguage":"pt-BR","potentialAction":[{"@type":"CommentAction","name":"Comment","target":["https:\/\/www.em.com.br\/emfoco\/2026\/09\/02\/um-assentamento-planejado-de-140-hectares-surgiu-ha-cerca-de-3-600-anos-numa-regiao-associada-a-comunidades-moveis\/#respond"]}]},{"@type":"WebPage","@id":"https:\/\/www.em.com.br\/emfoco\/2026\/09\/02\/um-assentamento-planejado-de-140-hectares-surgiu-ha-cerca-de-3-600-anos-numa-regiao-associada-a-comunidades-moveis\/","url":"https:\/\/www.em.com.br\/emfoco\/2026\/09\/02\/um-assentamento-planejado-de-140-hectares-surgiu-ha-cerca-de-3-600-anos-numa-regiao-associada-a-comunidades-moveis\/","name":"Um assentamento planejado de 140 hectares surgiu h\u00e1 cerca de 3.600 anos numa regi\u00e3o associada a comunidades m\u00f3veis - Estado de Minas - Em foco","isPartOf":{"@id":"https:\/\/www.em.com.br\/emfoco\/#website"},"primaryImageOfPage":{"@id":"https:\/\/www.em.com.br\/emfoco\/2026\/09\/02\/um-assentamento-planejado-de-140-hectares-surgiu-ha-cerca-de-3-600-anos-numa-regiao-associada-a-comunidades-moveis\/#primaryimage"},"image":{"@id":"https:\/\/www.em.com.br\/emfoco\/2026\/09\/02\/um-assentamento-planejado-de-140-hectares-surgiu-ha-cerca-de-3-600-anos-numa-regiao-associada-a-comunidades-moveis\/#primaryimage"},"thumbnailUrl":"https:\/\/www.em.com.br\/emfoco\/wp-content\/uploads\/2026\/09\/mnha1.jpg","datePublished":"2026-09-03T01:57:00+00:00","author":{"@id":"https:\/\/www.em.com.br\/emfoco\/#\/schema\/person\/5379e929a4b966c775d121e23f9bb421"},"description":"Um assentamento de Semiyarka ocupou 140 hectares na estepe. Estruturas alinhadas e res\u00edduos de bronze mudam a imagem da regi\u00e3o.","breadcrumb":{"@id":"https:\/\/www.em.com.br\/emfoco\/2026\/09\/02\/um-assentamento-planejado-de-140-hectares-surgiu-ha-cerca-de-3-600-anos-numa-regiao-associada-a-comunidades-moveis\/#breadcrumb"},"inLanguage":"pt-BR","potentialAction":[{"@type":"ReadAction","target":["https:\/\/www.em.com.br\/emfoco\/2026\/09\/02\/um-assentamento-planejado-de-140-hectares-surgiu-ha-cerca-de-3-600-anos-numa-regiao-associada-a-comunidades-moveis\/"]}]},{"@type":"ImageObject","inLanguage":"pt-BR","@id":"https:\/\/www.em.com.br\/emfoco\/2026\/09\/02\/um-assentamento-planejado-de-140-hectares-surgiu-ha-cerca-de-3-600-anos-numa-regiao-associada-a-comunidades-moveis\/#primaryimage","url":"https:\/\/www.em.com.br\/emfoco\/wp-content\/uploads\/2026\/09\/mnha1.jpg","contentUrl":"https:\/\/www.em.com.br\/emfoco\/wp-content\/uploads\/2026\/09\/mnha1.jpg","width":1280,"height":720,"caption":"A dimens\u00e3o e a organiza\u00e7\u00e3o do local desafiam uma imagem tradicional sobre quem vivia naquela regi\u00e3o"},{"@type":"BreadcrumbList","@id":"https:\/\/www.em.com.br\/emfoco\/2026\/09\/02\/um-assentamento-planejado-de-140-hectares-surgiu-ha-cerca-de-3-600-anos-numa-regiao-associada-a-comunidades-moveis\/#breadcrumb","itemListElement":[{"@type":"ListItem","position":1,"name":"In\u00edcio","item":"https:\/\/www.em.com.br\/emfoco\/"},{"@type":"ListItem","position":2,"name":"Um assentamento planejado de 140 hectares surgiu h\u00e1 cerca de 3.600 anos numa regi\u00e3o associada a comunidades m\u00f3veis"}]},{"@type":"WebSite","@id":"https:\/\/www.em.com.br\/emfoco\/#website","url":"https:\/\/www.em.com.br\/emfoco\/","name":"Estado de Minas - Em foco","description":"Acompanhe as \u00faltimas not\u00edcias e fique bem informado sobre tudo o que acontece em Minas Gerais, Brasil e no mundo.","potentialAction":[{"@type":"SearchAction","target":{"@type":"EntryPoint","urlTemplate":"https:\/\/www.em.com.br\/emfoco\/?s={search_term_string}"},"query-input":{"@type":"PropertyValueSpecification","valueRequired":true,"valueName":"search_term_string"}}],"inLanguage":"pt-BR"},{"@type":"Person","@id":"https:\/\/www.em.com.br\/emfoco\/#\/schema\/person\/5379e929a4b966c775d121e23f9bb421","name":"Guilherme Ara\u00fajo","image":{"@type":"ImageObject","inLanguage":"pt-BR","@id":"https:\/\/secure.gravatar.com\/avatar\/063bc96e5a2afd1844386c45bd1360efc771eff011a9fab8cd399e2a104c3ecd?s=96&d=mm&r=g","url":"https:\/\/secure.gravatar.com\/avatar\/063bc96e5a2afd1844386c45bd1360efc771eff011a9fab8cd399e2a104c3ecd?s=96&d=mm&r=g","contentUrl":"https:\/\/secure.gravatar.com\/avatar\/063bc96e5a2afd1844386c45bd1360efc771eff011a9fab8cd399e2a104c3ecd?s=96&d=mm&r=g","caption":"Guilherme Ara\u00fajo"},"sameAs":["https:\/\/www.em.com.br\/emfoco"],"url":"https:\/\/www.em.com.br\/emfoco\/author\/guilhermeamyth\/"}]}},"_links":{"self":[{"href":"https:\/\/www.em.com.br\/emfoco\/wp-json\/wp\/v2\/posts\/261666","targetHints":{"allow":["GET"]}}],"collection":[{"href":"https:\/\/www.em.com.br\/emfoco\/wp-json\/wp\/v2\/posts"}],"about":[{"href":"https:\/\/www.em.com.br\/emfoco\/wp-json\/wp\/v2\/types\/post"}],"author":[{"embeddable":true,"href":"https:\/\/www.em.com.br\/emfoco\/wp-json\/wp\/v2\/users\/30"}],"replies":[{"embeddable":true,"href":"https:\/\/www.em.com.br\/emfoco\/wp-json\/wp\/v2\/comments?post=261666"}],"version-history":[{"count":9,"href":"https:\/\/www.em.com.br\/emfoco\/wp-json\/wp\/v2\/posts\/261666\/revisions"}],"predecessor-version":[{"id":261746,"href":"https:\/\/www.em.com.br\/emfoco\/wp-json\/wp\/v2\/posts\/261666\/revisions\/261746"}],"wp:featuredmedia":[{"embeddable":true,"href":"https:\/\/www.em.com.br\/emfoco\/wp-json\/wp\/v2\/media\/261704"}],"wp:attachment":[{"href":"https:\/\/www.em.com.br\/emfoco\/wp-json\/wp\/v2\/media?parent=261666"}],"wp:term":[{"taxonomy":"category","embeddable":true,"href":"https:\/\/www.em.com.br\/emfoco\/wp-json\/wp\/v2\/categories?post=261666"},{"taxonomy":"post_tag","embeddable":true,"href":"https:\/\/www.em.com.br\/emfoco\/wp-json\/wp\/v2\/tags?post=261666"}],"curies":[{"name":"wp","href":"https:\/\/api.w.org\/{rel}","templated":true}]}}