{"id":261664,"date":"2026-09-02T14:37:00","date_gmt":"2026-09-02T17:37:00","guid":{"rendered":"https:\/\/www.em.com.br\/emfoco\/?p=261664"},"modified":"2026-09-01T20:07:11","modified_gmt":"2026-09-01T23:07:11","slug":"marcas-na-bacia-de-um-homem-enterrado-ha-1-800-anos-revelam-a-mordida-de-um-grande-felino-em-contexto-de-arena-romana","status":"publish","type":"post","link":"https:\/\/www.em.com.br\/emfoco\/2026\/09\/02\/marcas-na-bacia-de-um-homem-enterrado-ha-1-800-anos-revelam-a-mordida-de-um-grande-felino-em-contexto-de-arena-romana\/","title":{"rendered":"Marcas na bacia de um homem enterrado h\u00e1 1.800 anos revelam a mordida de um grande felino em contexto de arena romana"},"content":{"rendered":"\n<div class=\"emf-summary google-auto-ads-ignore\">\n  <style>\n    .emf-summary {\n      --emf-navy:#00245a;\n      --emf-navy-soft:#0b3b70;\n      --emf-ink:#1d2731;\n      --emf-muted:#66727e;\n      --emf-line:#d7dde5;\n      --emf-paper:#ffffff;\n      --emf-wash:#f4f6f8;\n      box-sizing:border-box!important;\n      inline-size:min(1100px,100%)!important;\n      max-inline-size:100%!important;\n      margin-inline:auto!important;\n      overflow:hidden!important;\n      color:var(--emf-ink);\n      background:var(--emf-paper);\n      border:1px solid var(--emf-line);\n      border-block-start:5px solid var(--emf-navy);\n      border-radius:6px!important;\n      box-shadow:0 8px 24px rgba(0,36,90,.08);\n      font-family:Arial,Helvetica,sans-serif;\n    }\n\n    .emf-summary *,\n    .emf-summary *::before,\n    .emf-summary *::after {\n      box-sizing:border-box!important;\n    }\n\n    .emf-summary-brand {\n      display:flex;\n      align-items:center;\n      gap:14px;\n      padding:16px 20px;\n      color:#fff;\n      background:linear-gradient(105deg,var(--emf-navy) 0%,var(--emf-navy-soft) 100%);\n      border-block-end:1px solid rgba(255,255,255,.18);\n    }\n\n    .emf-summary-logo {\n      display:grid;\n      place-items:center;\n      inline-size:58px;\n      block-size:58px;\n      flex:0 0 58px;\n      background:rgba(255,255,255,.08);\n      border:1px solid rgba(255,255,255,.35);\n      border-radius:3px!important;\n    }\n\n    .emf-summary-logo img {\n      display:block;\n      inline-size:46px;\n      block-size:46px;\n      max-inline-size:46px;\n      max-block-size:46px;\n      object-fit:contain;\n    }\n\n    .emf-summary-eyebrow {\n      margin:0 0 3px;\n      font-size:11px;\n      font-weight:700;\n      letter-spacing:.18em;\n      line-height:1.2;\n      text-transform:uppercase;\n      opacity:.78;\n    }\n\n    .emf-summary-title {\n      margin:0;\n      font-family:Georgia,\"Times New Roman\",serif;\n      font-size:25px;\n      font-weight:700;\n      line-height:1.15;\n    }\n\n    .emf-summary-grid {\n      display:grid;\n      grid-template-columns:repeat(3,minmax(0,1fr));\n      gap:0;\n      background:var(--emf-wash);\n    }\n\n    .emf-summary-card {\n      position:relative;\n      min-block-size:190px;\n      padding:24px 20px 20px;\n      overflow:hidden!important;\n      background:#fff;\n      border-inline-end:1px solid var(--emf-line);\n    }\n\n    .emf-summary-card:last-child {\n      border-inline-end:0;\n    }\n\n    .emf-summary-number {\n      position:absolute;\n      inset-block-start:13px;\n      inset-inline-end:15px;\n      color:rgba(0,36,90,.10);\n      font-family:Georgia,\"Times New Roman\",serif;\n      font-size:46px;\n      font-weight:700;\n      line-height:1;\n      pointer-events:none;\n    }\n\n    .emf-summary-card-title {\n      position:relative;\n      z-index:1;\n      margin:0 0 11px;\n      padding-block-end:10px;\n      color:var(--emf-navy);\n      border-block-end:2px solid var(--emf-navy);\n      font-family:Georgia,\"Times New Roman\",serif;\n      font-size:18px;\n      font-weight:700;\n      line-height:1.3;\n      overflow-wrap:anywhere;\n    }\n\n    .emf-summary-card-text {\n      position:relative;\n      z-index:1;\n      color:#485560;\n      font-size:13px;\n      line-height:1.6;\n      overflow-wrap:anywhere;\n    }\n\n    .emf-summary-card-meta {\n      position:relative;\n      z-index:1;\n      display:inline-flex;\n      margin-block-start:16px;\n      padding:5px 8px;\n      color:var(--emf-navy);\n      background:#edf1f5;\n      border:1px solid #d9e0e7;\n      border-radius:2px!important;\n      font-size:10px;\n      font-weight:700;\n      letter-spacing:.08em;\n      line-height:1.2;\n      text-transform:uppercase;\n    }\n\n    @media(max-width:760px) {\n      .emf-summary-grid {\n        grid-template-columns:1fr;\n      }\n\n      .emf-summary-card {\n        min-block-size:0;\n        border-inline-end:0;\n        border-block-end:1px solid var(--emf-line);\n      }\n\n      .emf-summary-card:last-child {\n        border-block-end:0;\n      }\n    }\n\n    @media(max-width:480px) {\n      .emf-summary-brand {\n        padding:14px 15px;\n      }\n\n      .emf-summary-logo {\n        inline-size:52px;\n        block-size:52px;\n        flex-basis:52px;\n      }\n\n      .emf-summary-logo img {\n        inline-size:41px;\n        block-size:41px;\n        max-inline-size:41px;\n        max-block-size:41px;\n      }\n\n      .emf-summary-title {\n        font-size:22px;\n      }\n\n      .emf-summary-card {\n        padding:21px 16px 18px;\n      }\n    }\n  <\/style>\n\n  <div class=\"emf-summary-brand\">\n    <div class=\"emf-summary-logo\">\n      <img\n        alt=\"Logo EM Foco\"\n        decoding=\"async\"\n        fetchpriority=\"high\"\n        height=\"46\"\n        loading=\"eager\"\n        referrerpolicy=\"no-referrer\"\n        src=\"https:\/\/www.em.com.br\/emfoco\/wp-content\/uploads\/2026\/08\/em_transparente_3000px-scaled.png\"\n        width=\"46\"\n      >\n    <\/div>\n\n    <div>\n      <div class=\"emf-summary-eyebrow\">EM FOCO<\/div>\n      <div class=\"emf-summary-title\">Resumo da mat\u00e9ria<\/div>\n    <\/div>\n  <\/div>\n\n  <div class=\"emf-summary-grid\">\n    <div class=\"emf-summary-card\">\n      <span aria-hidden=\"true\" class=\"emf-summary-number\">01<\/span>\n      <div aria-level=\"3\" class=\"emf-summary-card-title\" role=\"heading\">\n        Marcas na bacia\n      <\/div>\n      <div class=\"emf-summary-card-text\">\n        Pequenas perfura\u00e7\u00f5es nos dois lados da pelve foram comparadas com mordidas registradas em cole\u00e7\u00f5es zool\u00f3gicas modernas.\n      <\/div>\n      <div class=\"emf-summary-card-meta\">\n        Evid\u00eancia \u00f3ssea\n      <\/div>\n    <\/div>\n    <div class=\"emf-summary-card\">\n      <span aria-hidden=\"true\" class=\"emf-summary-number\">02<\/span>\n      <div aria-level=\"3\" class=\"emf-summary-card-title\" role=\"heading\">\n        Grande felino\n      <\/div>\n      <div class=\"emf-summary-card-text\">\n        O formato combina com dentes de um felino grande, possivelmente um le\u00e3o, mas n\u00e3o permite fechar a esp\u00e9cie.\n      <\/div>\n      <div class=\"emf-summary-card-meta\">\n        Identifica\u00e7\u00e3o\n      <\/div>\n    <\/div>\n    <div class=\"emf-summary-card\">\n      <span aria-hidden=\"true\" class=\"emf-summary-number\">03<\/span>\n      <div aria-level=\"3\" class=\"emf-summary-card-title\" role=\"heading\">\n        Contexto romano\n      <\/div>\n      <div class=\"emf-summary-card-text\">\n        O homem foi enterrado num cemit\u00e9rio de York ligado, com cautela, a combatentes de espet\u00e1culos romanos.\n      <\/div>\n      <div class=\"emf-summary-card-meta\">\n        Arena\n      <\/div>\n    <\/div>\n\n  <\/div>\n<\/div>\n\n\n\n<p class=\"wp-block-paragraph\">O que perfurou a bacia de um homem sepultado h\u00e1 aproximadamente 1.800 anos? A <strong>mordida de grande felino<\/strong> deixou marcas dent\u00e1rias, possivelmente de le\u00e3o. O esqueleto veio de um <strong>cemit\u00e9rio romano de York<\/strong> associado com cautela a combatentes de espet\u00e1culos, por\u00e9m um ataque enquanto ele vivia permanece sem comprova\u00e7\u00e3o.<\/p>\n\n\n\n<h2 class=\"wp-block-heading\">Quem era o homem encontrado no cemit\u00e9rio romano?<\/h2>\n\n\n\n<p class=\"wp-block-paragraph\">O esqueleto recebeu o c\u00f3digo <strong>6DT19<\/strong> e foi escavado em Driffield Terrace, nos arredores de York. A an\u00e1lise indica um homem entre 26 e 35 anos, com cerca de 1,72 metro. A sepultura pertence provavelmente \u00e0 parte m\u00e9dia ou final do s\u00e9culo III.<\/p>\n\n\n\n<p class=\"wp-block-paragraph\">O local re\u00fane muitos homens jovens, traumas e decapita\u00e7\u00f5es, sinais que sustentam a hip\u00f3tese de um grupo ligado a <a href=\"https:\/\/pt.wikipedia.org\/wiki\/Gladiador\" target=\"_blank\" rel=\"noopener noreferrer\"><strong>gladiadores<\/strong><\/a>. Essa identifica\u00e7\u00e3o n\u00e3o \u00e9 absoluta. O estudo trata Driffield Terrace como um poss\u00edvel cemit\u00e9rio de combatentes, n\u00e3o como uma arena j\u00e1 localizada.<\/p>\n\n\n<div class=\"wp-block-image\">\n<figure class=\"aligncenter size-large\"><img decoding=\"async\" width=\"1024\" height=\"576\" src=\"https:\/\/www.em.com.br\/emfoco\/wp-content\/uploads\/2026\/09\/miu3-1-1024x576.jpg\" alt=\"\" class=\"wp-image-261695\" srcset=\"https:\/\/www.em.com.br\/emfoco\/wp-content\/uploads\/2026\/09\/miu3-1-1024x576.jpg 1024w, https:\/\/www.em.com.br\/emfoco\/wp-content\/uploads\/2026\/09\/miu3-1-300x169.jpg 300w, https:\/\/www.em.com.br\/emfoco\/wp-content\/uploads\/2026\/09\/miu3-1-768x432.jpg 768w, https:\/\/www.em.com.br\/emfoco\/wp-content\/uploads\/2026\/09\/miu3-1-750x421.jpg 750w, https:\/\/www.em.com.br\/emfoco\/wp-content\/uploads\/2026\/09\/miu3-1-1140x641.jpg 1140w, https:\/\/www.em.com.br\/emfoco\/wp-content\/uploads\/2026\/09\/miu3-1.jpg 1280w\" sizes=\"(max-width: 1024px) 100vw, 1024px\" \/><figcaption class=\"wp-element-caption\">Os ossos preservaram evid\u00eancias de um epis\u00f3dio violento ocorrido h\u00e1 muitos s\u00e9culos<\/figcaption><\/figure>\n<\/div>\n\n\n<h2 class=\"wp-block-heading\">Como os ossos apontaram para um grande felino?<\/h2>\n\n\n\n<p class=\"wp-block-paragraph\">Os pesquisadores observaram pequenas depress\u00f5es nos dois lados da <strong>bacia<\/strong>, perto da crista il\u00edaca. Algumas tinham poucos mil\u00edmetros de largura e fragmentos de osso pressionados para dentro. O agrupamento e a forma curva n\u00e3o combinavam bem com flecha, arma pontuda, c\u00e3o, javali ou urso.<\/p>\n\n\n\n<p class=\"wp-block-paragraph\">A compara\u00e7\u00e3o reuniu casos m\u00e9dicos, dados forenses e ossos mordidos em institui\u00e7\u00f5es zool\u00f3gicas. O conjunto ficou compat\u00edvel com <strong>dentes de felino grande<\/strong>. Le\u00f5es podem causar danos na pelve e aparecem em cenas romanas, mas a forma \u00f3ssea n\u00e3o entrega uma esp\u00e9cie com certeza.<\/p>\n\n\n\n<h2 class=\"wp-block-heading\">A mordida aconteceu durante um ataque na arena?<\/h2>\n\n\n\n<p class=\"wp-block-paragraph\">Aqui est\u00e1 o limite mais importante. Como as les\u00f5es aparecem apenas na pelve, o estudo considera mais prov\u00e1vel um <strong>consumo do corpo<\/strong> perto da morte do que um ataque direto durante a luta. A decapita\u00e7\u00e3o tamb\u00e9m pode ter ocorrido para encerrar o sofrimento ou cumprir um costume funer\u00e1rio.<\/p>\n\n\n\n<p class=\"wp-block-paragraph\">O v\u00ednculo com um espet\u00e1culo romano surge do contexto do cemit\u00e9rio e das evid\u00eancias hist\u00f3ricas de combates com animais. Assim, <strong>arena e le\u00e3o<\/strong> s\u00e3o interpreta\u00e7\u00f5es fortes, por\u00e9m n\u00e3o uma filmagem do ocorrido. N\u00e3o \u00e9 poss\u00edvel saber se o homem era gladiador, condenado, ca\u00e7ador de feras ou outra pessoa.<\/p>\n\n\n\n<p class=\"myth-list-bridge wp-block-paragraph\">A seguir listamos <strong>quatro n\u00edveis de certeza<\/strong> que separam a prova \u00f3ssea das interpreta\u00e7\u00f5es hist\u00f3ricas:<\/p>\n\n\n\n<ul class=\"wp-block-list myth-bullet-list\">\n<li><strong>Comprovado:<\/strong> as perfura\u00e7\u00f5es foram produzidas por dentes de um grande felino.<\/li>\n\n\n\n<li><strong>Mais prov\u00e1vel:<\/strong> o animal mexeu no corpo perto do momento da morte.<\/li>\n\n\n\n<li><strong>Poss\u00edvel:<\/strong> o felino era um le\u00e3o levado para um espet\u00e1culo romano.<\/li>\n\n\n\n<li><strong>Ainda incerto:<\/strong> a fun\u00e7\u00e3o do homem e a cena exata que levou \u00e0 morte.<\/li>\n<\/ul>\n\n\n\n<p class=\"wp-block-paragraph\"><strong>Leia tamb\u00e9m: <a href=\"https:\/\/www.em.com.br\/emfoco\/2026\/07\/16\/novo-monumento-descoberto-no-egito-revela-o-nome-de-uma-autoridade-que-desapareceu-dos-registros-ha-mais-de-3-mil-anos\/\" target=\"_blank\" rel=\"noreferrer noopener\">Novo monumento descoberto no Egito revela o nome de uma autoridade que desapareceu dos registros h\u00e1 mais de 3 mil anos<\/a><\/strong><\/p>\n\n\n<div class=\"wp-block-image\">\n<figure class=\"aligncenter size-large\"><img decoding=\"async\" width=\"1024\" height=\"576\" src=\"https:\/\/www.em.com.br\/emfoco\/wp-content\/uploads\/2026\/09\/hipotse-1024x576.jpg\" alt=\"\" class=\"wp-image-261696\" srcset=\"https:\/\/www.em.com.br\/emfoco\/wp-content\/uploads\/2026\/09\/hipotse-1024x576.jpg 1024w, https:\/\/www.em.com.br\/emfoco\/wp-content\/uploads\/2026\/09\/hipotse-300x169.jpg 300w, https:\/\/www.em.com.br\/emfoco\/wp-content\/uploads\/2026\/09\/hipotse-768x432.jpg 768w, https:\/\/www.em.com.br\/emfoco\/wp-content\/uploads\/2026\/09\/hipotse-750x421.jpg 750w, https:\/\/www.em.com.br\/emfoco\/wp-content\/uploads\/2026\/09\/hipotse-1140x641.jpg 1140w, https:\/\/www.em.com.br\/emfoco\/wp-content\/uploads\/2026\/09\/hipotse.jpg 1280w\" sizes=\"(max-width: 1024px) 100vw, 1024px\" \/><figcaption class=\"wp-element-caption\">O contexto do sepultamento ajudou pesquisadores a relacionar as marcas ao mundo das arenas<\/figcaption><\/figure>\n<\/div>\n\n\n<h2 class=\"wp-block-heading\">Por que York combina com um espet\u00e1culo de animais?<\/h2>\n\n\n\n<p class=\"wp-block-paragraph\">A York romana, chamada Eboracum, foi fortaleza legion\u00e1ria, col\u00f4nia e centro provincial. Uma cidade com esse peso provavelmente possu\u00eda um <strong>anfiteatro<\/strong>, embora sua posi\u00e7\u00e3o ainda n\u00e3o tenha sido encontrada. Imagens e objetos brit\u00e2nicos mostram ca\u00e7adas encenadas, felinos e lutadores em diferentes pontos do territ\u00f3rio romano.<\/p>\n\n\n\n<p class=\"wp-block-paragraph\">A <a href=\"https:\/\/www.maynoothuniversity.ie\/news-events\/mu-led-study-finds-evidence-gladiator-animal-combat-roman-period\" target=\"_blank\" rel=\"noopener noreferrer\"><strong>Universidade de Maynooth<\/strong><\/a> classifica as les\u00f5es como a primeira confirma\u00e7\u00e3o \u00f3ssea desse contato em contexto de combate ou entretenimento romano. O achado tamb\u00e9m mostra a log\u00edstica necess\u00e1ria para transportar animais ex\u00f3ticos at\u00e9 o norte da Europa.<\/p>\n\n\n\n<p class=\"myth-html-bridge wp-block-paragraph\">A seguir listamos <strong>quatro pe\u00e7as da an\u00e1lise<\/strong> que ligam o osso ao contexto de espet\u00e1culo romano:<\/p>\n\n\n\n<div class=\"emf-data-table google-auto-ads-ignore\">\n  <style>\n    .emf-data-table {\n      --emf-navy:#00245a;\n      --emf-navy-soft:#0b3b70;\n      --emf-ink:#1d2731;\n      --emf-muted:#66727e;\n      --emf-line:#d7dde5;\n      --emf-wash:#f4f6f8;\n      box-sizing:border-box!important;\n      inline-size:min(1100px,100%)!important;\n      max-inline-size:100%!important;\n      margin-inline:auto!important;\n      overflow:hidden!important;\n      color:var(--emf-ink);\n      background:#fff;\n      border:1px solid var(--emf-line);\n      border-radius:6px!important;\n      box-shadow:0 8px 24px rgba(0,36,90,.08);\n      font-family:Arial,Helvetica,sans-serif;\n    }\n\n    .emf-data-table *,\n    .emf-data-table *::before,\n    .emf-data-table *::after {\n      box-sizing:border-box!important;\n    }\n\n    .emf-data-table-brand {\n      display:flex;\n      align-items:center;\n      gap:13px;\n      min-block-size:72px;\n      padding:10px 17px;\n      color:#fff;\n      background:linear-gradient(105deg,var(--emf-navy) 0%,var(--emf-navy-soft) 100%);\n      border-block-end:4px solid #c5ced8;\n    }\n\n    .emf-data-table-logo {\n      display:grid;\n      place-items:center;\n      inline-size:52px;\n      block-size:52px;\n      flex:0 0 52px;\n      background:rgba(255,255,255,.08);\n      border:1px solid rgba(255,255,255,.35);\n      border-radius:3px!important;\n    }\n\n    .emf-data-table-logo img {\n      display:block;\n      inline-size:41px;\n      block-size:41px;\n      max-inline-size:41px;\n      max-block-size:41px;\n      object-fit:contain;\n    }\n\n    .emf-data-table-kicker {\n      margin:0 0 2px;\n      font-size:10px;\n      font-weight:700;\n      letter-spacing:.16em;\n      line-height:1.2;\n      text-transform:uppercase;\n      opacity:.78;\n    }\n\n    .emf-data-table-title {\n      margin:0;\n      font-family:Georgia,\"Times New Roman\",serif;\n      font-size:21px;\n      font-weight:700;\n      line-height:1.2;\n    }\n\n    .emf-data-table-scroll {\n      display:block!important;\n      inline-size:100%!important;\n      max-inline-size:100%!important;\n      overflow-x:auto!important;\n      overflow-y:hidden!important;\n      -webkit-overflow-scrolling:touch;\n      overscroll-behavior-inline:contain;\n      scrollbar-width:thin;\n      scrollbar-color:#8798aa #edf1f5;\n    }\n\n    .emf-data-table-scroll:focus-visible {\n      outline:3px solid rgba(0,36,90,.35);\n      outline-offset:-3px;\n    }\n\n    .emf-data-table table {\n      display:table!important;\n      inline-size:100%!important;\n      min-inline-size:680px!important;\n      max-inline-size:none!important;\n      margin:0!important;\n      border:0!important;\n      border-collapse:separate!important;\n      border-spacing:0!important;\n      table-layout:auto!important;\n      background:#fff!important;\n    }\n\n    .emf-data-table caption {\n      position:absolute!important;\n      inline-size:1px!important;\n      block-size:1px!important;\n      padding:0!important;\n      margin:-1px!important;\n      overflow:hidden!important;\n      clip:rect(0,0,0,0)!important;\n      white-space:nowrap!important;\n      border:0!important;\n    }\n\n    .emf-data-table thead {\n      display:table-header-group!important;\n    }\n\n    .emf-data-table tbody {\n      display:table-row-group!important;\n    }\n\n    .emf-data-table tr {\n      display:table-row!important;\n    }\n\n    .emf-data-table th,\n    .emf-data-table td {\n      display:table-cell!important;\n      float:none!important;\n      inline-size:auto!important;\n      max-inline-size:none!important;\n      margin:0!important;\n      border-radius:0!important;\n      text-align:left!important;\n      vertical-align:middle!important;\n    }\n\n    .emf-data-table th {\n      padding:14px 17px!important;\n      color:#fff!important;\n      background:var(--emf-navy)!important;\n      border-block-end:1px solid rgba(255,255,255,.22)!important;\n      border-inline-end:1px solid rgba(255,255,255,.12)!important;\n      font-family:Georgia,\"Times New Roman\",serif;\n      font-size:14px!important;\n      font-weight:700!important;\n      line-height:1.35!important;\n      white-space:nowrap!important;\n    }\n\n    .emf-data-table th:last-child {\n      border-inline-end:0!important;\n    }\n\n    .emf-data-table td {\n      padding:14px 17px!important;\n      color:#43515e!important;\n      background:#fff!important;\n      border-block-end:1px solid var(--emf-line)!important;\n      font-size:14px!important;\n      font-weight:400!important;\n      line-height:1.5!important;\n      overflow-wrap:anywhere;\n    }\n\n    .emf-data-table tbody tr:nth-child(even) td {\n      background:var(--emf-wash)!important;\n    }\n\n    .emf-data-table tbody tr:hover td {\n      background:#eaf0f5!important;\n    }\n\n    .emf-data-table tbody tr:last-child td {\n      border-block-end:0!important;\n    }\n\n    .emf-data-table td:first-child {\n      color:var(--emf-navy)!important;\n      font-weight:700!important;\n    }\n\n    @media(max-width:560px) {\n      .emf-data-table-brand {\n        min-block-size:68px;\n        padding:9px 13px;\n      }\n\n      .emf-data-table-title {\n        font-size:19px;\n      }\n\n      .emf-data-table-scroll {\n        overflow:visible!important;\n      }\n\n      .emf-data-table table,\n      .emf-data-table thead,\n      .emf-data-table tbody,\n      .emf-data-table tr,\n      .emf-data-table th,\n      .emf-data-table td {\n        display:block!important;\n        inline-size:100%!important;\n        min-inline-size:0!important;\n        max-inline-size:100%!important;\n      }\n\n      .emf-data-table table {\n        padding:13px!important;\n      }\n\n      .emf-data-table thead {\n        position:absolute!important;\n        inline-size:1px!important;\n        block-size:1px!important;\n        padding:0!important;\n        margin:-1px!important;\n        overflow:hidden!important;\n        clip:rect(0,0,0,0)!important;\n        white-space:nowrap!important;\n      }\n\n      .emf-data-table tbody {\n        display:grid!important;\n        gap:11px;\n      }\n\n      .emf-data-table tr {\n        overflow:hidden!important;\n        background:#fff!important;\n        border:1px solid var(--emf-line)!important;\n        border-block-start:4px solid var(--emf-navy)!important;\n        border-radius:4px!important;\n        box-shadow:0 4px 12px rgba(0,36,90,.06);\n      }\n\n      .emf-data-table td,\n      .emf-data-table tbody tr:nth-child(even) td,\n      .emf-data-table tbody tr:hover td {\n        display:grid!important;\n        grid-template-columns:minmax(105px,38%) minmax(0,1fr)!important;\n        align-items:start;\n        gap:11px;\n        padding:11px 12px!important;\n        background:#fff!important;\n        border-block-end:1px solid #e2e7ec!important;\n      }\n\n      .emf-data-table td::before {\n        content:attr(data-label);\n        color:var(--emf-muted);\n        font-size:10px;\n        font-weight:700;\n        letter-spacing:.06em;\n        line-height:1.35;\n        text-transform:uppercase;\n      }\n\n      .emf-data-table td:first-child {\n        color:var(--emf-navy)!important;\n        background:#edf1f5!important;\n      }\n\n      .emf-data-table td:last-child {\n        border-block-end:0!important;\n      }\n    }\n  <\/style>\n\n  <div class=\"emf-data-table-brand\">\n    <div class=\"emf-data-table-logo\">\n      <img\n        alt=\"Logo EM Foco\"\n        decoding=\"async\"\n        height=\"41\"\n        loading=\"lazy\"\n        referrerpolicy=\"no-referrer\"\n        src=\"https:\/\/www.em.com.br\/emfoco\/wp-content\/uploads\/2026\/08\/em_transparente_3000px-scaled.png\"\n        width=\"41\"\n      >\n    <\/div>\n\n    <div>\n      <div class=\"emf-data-table-kicker\">DADOS EM FOCO<\/div>\n      <div class=\"emf-data-table-title\">Da marca \u00e0 interpreta\u00e7\u00e3o<\/div>\n    <\/div>\n  <\/div>\n\n  <div aria-label=\"Evid\u00eancias e limites da an\u00e1lise do esqueleto romano de York\" class=\"emf-data-table-scroll\" role=\"region\" tabindex=\"0\">\n    <table>\n      <caption>Compara\u00e7\u00e3o entre observa\u00e7\u00f5es no esqueleto, for\u00e7a da evid\u00eancia e interpreta\u00e7\u00e3o poss\u00edvel.<\/caption>\n      <thead>\n        <tr>\n          <th scope=\"col\">Elemento<\/th>\n          <th scope=\"col\">For\u00e7a da prova<\/th>\n          <th scope=\"col\">Interpreta\u00e7\u00e3o<\/th>\n        <\/tr>\n      <\/thead>\n      <tbody>\n        <tr>\n          <td data-label=\"Elemento\">Perfura\u00e7\u00f5es na pelve<\/td>\n          <td data-label=\"For\u00e7a da prova\">Direta<\/td>\n          <td data-label=\"Interpreta\u00e7\u00e3o\">Dentes de grande felino<\/td>\n        <\/tr>\n        <tr>\n          <td data-label=\"Elemento\">Posi\u00e7\u00e3o das marcas<\/td>\n          <td data-label=\"For\u00e7a da prova\">Forte<\/td>\n          <td data-label=\"Interpreta\u00e7\u00e3o\">Consumo perto da morte<\/td>\n        <\/tr>\n        <tr>\n          <td data-label=\"Elemento\">Esp\u00e9cie do animal<\/td>\n          <td data-label=\"For\u00e7a da prova\">Prov\u00e1vel<\/td>\n          <td data-label=\"Interpreta\u00e7\u00e3o\">Le\u00e3o ou felino semelhante<\/td>\n        <\/tr>\n        <tr>\n          <td data-label=\"Elemento\">Cemit\u00e9rio de York<\/td>\n          <td data-label=\"For\u00e7a da prova\">Contextual<\/td>\n          <td data-label=\"Interpreta\u00e7\u00e3o\">Poss\u00edveis combatentes de arena<\/td>\n        <\/tr>\n\n      <\/tbody>\n    <\/table>\n  <\/div>\n<\/div>\n\n\n\n<h2 class=\"wp-block-heading\">O que esse esqueleto acrescenta \u00e0 hist\u00f3ria romana?<\/h2>\n\n\n\n<p class=\"wp-block-paragraph\">Textos, mosaicos e relevos j\u00e1 mostravam pessoas diante de le\u00f5es e leopardos. O esqueleto oferece <strong>evid\u00eancia f\u00edsica direta<\/strong>, algo muito mais raro. Ele transforma uma cena conhecida pela arte em vest\u00edgio biol\u00f3gico e refor\u00e7a que espet\u00e1culos com grandes animais alcan\u00e7aram regi\u00f5es distantes de Roma.<\/p>\n\n\n\n<p class=\"wp-block-paragraph\">Ainda \u00e9 preciso manter a diferen\u00e7a entre fato e reconstru\u00e7\u00e3o. Os ossos confirmam <strong>mordidas de grande felino<\/strong>, enquanto a esp\u00e9cie, a fun\u00e7\u00e3o do homem e o momento exato permanecem abertos. Mesmo com esses limites, a bacia de 6DT19 preservou um encontro romano que antes existia apenas em imagens.<\/p>\n","protected":false},"excerpt":{"rendered":"<p>EM FOCO Resumo da mat\u00e9ria 01 Marcas na bacia Pequenas perfura\u00e7\u00f5es nos dois lados da pelve foram comparadas com mordidas registradas em cole\u00e7\u00f5es zool\u00f3gicas modernas. Evid\u00eancia \u00f3ssea 02 Grande felino O formato combina com dentes de um felino grande, possivelmente um le\u00e3o, mas n\u00e3o permite fechar a esp\u00e9cie. Identifica\u00e7\u00e3o 03 Contexto romano O homem foi [&hellip;]<\/p>\n","protected":false},"author":30,"featured_media":261693,"comment_status":"open","ping_status":"open","sticky":false,"template":"","format":"standard","meta":{"jnews-multi-image_gallery":[],"jnews_single_post":{"format":"standard"},"jnews_primary_category":[],"jnews_social_meta":[],"jnews_override_counter":[],"footnotes":""},"categories":[29],"tags":[675,35964,1143,35965],"class_list":["post-261664","post","type-post","status-publish","format-standard","has-post-thumbnail","hentry","category-entretenimento","tag-arqueologia","tag-gladiadores","tag-roma-antiga","tag-york"],"yoast_head":"<!-- This site is optimized with the Yoast SEO plugin v28.3 - https:\/\/yoast.com\/product\/yoast-seo-wordpress\/ -->\n<title>Marcas na bacia de um homem enterrado h\u00e1 1.800 anos revelam a mordida de um grande felino em contexto de arena romana - Estado de Minas - Em foco<\/title>\n<meta name=\"description\" content=\"Marcas na bacia de um homem enterrado em York apontam para mordida de felino. O que os ossos provam sobre os espet\u00e1culos romanos?\" \/>\n<meta name=\"robots\" content=\"index, follow, max-snippet:-1, max-image-preview:large, max-video-preview:-1\" \/>\n<link rel=\"canonical\" href=\"https:\/\/www.em.com.br\/emfoco\/2026\/09\/02\/marcas-na-bacia-de-um-homem-enterrado-ha-1-800-anos-revelam-a-mordida-de-um-grande-felino-em-contexto-de-arena-romana\/\" \/>\n<meta property=\"og:locale\" content=\"pt_BR\" \/>\n<meta property=\"og:type\" content=\"article\" \/>\n<meta property=\"og:title\" content=\"Marcas na bacia de um homem enterrado h\u00e1 1.800 anos revelam a mordida de um grande felino em contexto de arena romana - Estado de Minas - Em foco\" \/>\n<meta property=\"og:description\" content=\"Marcas na bacia de um homem enterrado em York apontam para mordida de felino. O que os ossos provam sobre os espet\u00e1culos romanos?\" \/>\n<meta property=\"og:url\" content=\"https:\/\/www.em.com.br\/emfoco\/2026\/09\/02\/marcas-na-bacia-de-um-homem-enterrado-ha-1-800-anos-revelam-a-mordida-de-um-grande-felino-em-contexto-de-arena-romana\/\" \/>\n<meta property=\"og:site_name\" content=\"Estado de Minas - Em foco\" \/>\n<meta property=\"article:published_time\" content=\"2026-09-02T17:37:00+00:00\" \/>\n<meta property=\"og:image\" content=\"https:\/\/www.em.com.br\/emfoco\/wp-content\/uploads\/2026\/09\/mu2.jpg\" \/>\n\t<meta property=\"og:image:width\" content=\"1280\" \/>\n\t<meta property=\"og:image:height\" content=\"720\" \/>\n\t<meta property=\"og:image:type\" content=\"image\/jpeg\" \/>\n<meta name=\"author\" content=\"Guilherme Ara\u00fajo\" \/>\n<meta name=\"twitter:card\" content=\"summary_large_image\" \/>\n<meta name=\"twitter:label1\" content=\"Escrito por\" \/>\n\t<meta name=\"twitter:data1\" content=\"Guilherme Ara\u00fajo\" \/>\n\t<meta name=\"twitter:label2\" content=\"Est. tempo de leitura\" \/>\n\t<meta name=\"twitter:data2\" content=\"6 minutos\" \/>\n<!-- \/ Yoast SEO plugin. -->","yoast_head_json":{"title":"Marcas na bacia de um homem enterrado h\u00e1 1.800 anos revelam a mordida de um grande felino em contexto de arena romana - Estado de Minas - Em foco","description":"Marcas na bacia de um homem enterrado em York apontam para mordida de felino. O que os ossos provam sobre os espet\u00e1culos romanos?","robots":{"index":"index","follow":"follow","max-snippet":"max-snippet:-1","max-image-preview":"max-image-preview:large","max-video-preview":"max-video-preview:-1"},"canonical":"https:\/\/www.em.com.br\/emfoco\/2026\/09\/02\/marcas-na-bacia-de-um-homem-enterrado-ha-1-800-anos-revelam-a-mordida-de-um-grande-felino-em-contexto-de-arena-romana\/","og_locale":"pt_BR","og_type":"article","og_title":"Marcas na bacia de um homem enterrado h\u00e1 1.800 anos revelam a mordida de um grande felino em contexto de arena romana - Estado de Minas - Em foco","og_description":"Marcas na bacia de um homem enterrado em York apontam para mordida de felino. O que os ossos provam sobre os espet\u00e1culos romanos?","og_url":"https:\/\/www.em.com.br\/emfoco\/2026\/09\/02\/marcas-na-bacia-de-um-homem-enterrado-ha-1-800-anos-revelam-a-mordida-de-um-grande-felino-em-contexto-de-arena-romana\/","og_site_name":"Estado de Minas - Em foco","article_published_time":"2026-09-02T17:37:00+00:00","og_image":[{"width":1280,"height":720,"url":"https:\/\/www.em.com.br\/emfoco\/wp-content\/uploads\/2026\/09\/mu2.jpg","type":"image\/jpeg"}],"author":"Guilherme Ara\u00fajo","twitter_card":"summary_large_image","twitter_misc":{"Escrito por":"Guilherme Ara\u00fajo","Est. tempo de leitura":"6 minutos"},"schema":{"@context":"https:\/\/schema.org","@graph":[{"@type":"Article","@id":"https:\/\/www.em.com.br\/emfoco\/2026\/09\/02\/marcas-na-bacia-de-um-homem-enterrado-ha-1-800-anos-revelam-a-mordida-de-um-grande-felino-em-contexto-de-arena-romana\/#article","isPartOf":{"@id":"https:\/\/www.em.com.br\/emfoco\/2026\/09\/02\/marcas-na-bacia-de-um-homem-enterrado-ha-1-800-anos-revelam-a-mordida-de-um-grande-felino-em-contexto-de-arena-romana\/"},"author":{"name":"Guilherme Ara\u00fajo","@id":"https:\/\/www.em.com.br\/emfoco\/#\/schema\/person\/5379e929a4b966c775d121e23f9bb421"},"headline":"Marcas na bacia de um homem enterrado h\u00e1 1.800 anos revelam a mordida de um grande felino em contexto de arena romana","datePublished":"2026-09-02T17:37:00+00:00","mainEntityOfPage":{"@id":"https:\/\/www.em.com.br\/emfoco\/2026\/09\/02\/marcas-na-bacia-de-um-homem-enterrado-ha-1-800-anos-revelam-a-mordida-de-um-grande-felino-em-contexto-de-arena-romana\/"},"wordCount":912,"commentCount":0,"image":{"@id":"https:\/\/www.em.com.br\/emfoco\/2026\/09\/02\/marcas-na-bacia-de-um-homem-enterrado-ha-1-800-anos-revelam-a-mordida-de-um-grande-felino-em-contexto-de-arena-romana\/#primaryimage"},"thumbnailUrl":"https:\/\/www.em.com.br\/emfoco\/wp-content\/uploads\/2026\/09\/mu2.jpg","keywords":["arqueologia","gladiadores","Roma Antiga","York"],"articleSection":["Entretenimento"],"inLanguage":"pt-BR","potentialAction":[{"@type":"CommentAction","name":"Comment","target":["https:\/\/www.em.com.br\/emfoco\/2026\/09\/02\/marcas-na-bacia-de-um-homem-enterrado-ha-1-800-anos-revelam-a-mordida-de-um-grande-felino-em-contexto-de-arena-romana\/#respond"]}]},{"@type":"WebPage","@id":"https:\/\/www.em.com.br\/emfoco\/2026\/09\/02\/marcas-na-bacia-de-um-homem-enterrado-ha-1-800-anos-revelam-a-mordida-de-um-grande-felino-em-contexto-de-arena-romana\/","url":"https:\/\/www.em.com.br\/emfoco\/2026\/09\/02\/marcas-na-bacia-de-um-homem-enterrado-ha-1-800-anos-revelam-a-mordida-de-um-grande-felino-em-contexto-de-arena-romana\/","name":"Marcas na bacia de um homem enterrado h\u00e1 1.800 anos revelam a mordida de um grande felino em contexto de arena romana - Estado de Minas - Em foco","isPartOf":{"@id":"https:\/\/www.em.com.br\/emfoco\/#website"},"primaryImageOfPage":{"@id":"https:\/\/www.em.com.br\/emfoco\/2026\/09\/02\/marcas-na-bacia-de-um-homem-enterrado-ha-1-800-anos-revelam-a-mordida-de-um-grande-felino-em-contexto-de-arena-romana\/#primaryimage"},"image":{"@id":"https:\/\/www.em.com.br\/emfoco\/2026\/09\/02\/marcas-na-bacia-de-um-homem-enterrado-ha-1-800-anos-revelam-a-mordida-de-um-grande-felino-em-contexto-de-arena-romana\/#primaryimage"},"thumbnailUrl":"https:\/\/www.em.com.br\/emfoco\/wp-content\/uploads\/2026\/09\/mu2.jpg","datePublished":"2026-09-02T17:37:00+00:00","author":{"@id":"https:\/\/www.em.com.br\/emfoco\/#\/schema\/person\/5379e929a4b966c775d121e23f9bb421"},"description":"Marcas na bacia de um homem enterrado em York apontam para mordida de felino. O que os ossos provam sobre os espet\u00e1culos romanos?","breadcrumb":{"@id":"https:\/\/www.em.com.br\/emfoco\/2026\/09\/02\/marcas-na-bacia-de-um-homem-enterrado-ha-1-800-anos-revelam-a-mordida-de-um-grande-felino-em-contexto-de-arena-romana\/#breadcrumb"},"inLanguage":"pt-BR","potentialAction":[{"@type":"ReadAction","target":["https:\/\/www.em.com.br\/emfoco\/2026\/09\/02\/marcas-na-bacia-de-um-homem-enterrado-ha-1-800-anos-revelam-a-mordida-de-um-grande-felino-em-contexto-de-arena-romana\/"]}]},{"@type":"ImageObject","inLanguage":"pt-BR","@id":"https:\/\/www.em.com.br\/emfoco\/2026\/09\/02\/marcas-na-bacia-de-um-homem-enterrado-ha-1-800-anos-revelam-a-mordida-de-um-grande-felino-em-contexto-de-arena-romana\/#primaryimage","url":"https:\/\/www.em.com.br\/emfoco\/wp-content\/uploads\/2026\/09\/mu2.jpg","contentUrl":"https:\/\/www.em.com.br\/emfoco\/wp-content\/uploads\/2026\/09\/mu2.jpg","width":1280,"height":720,"caption":"O formato das marcas permitiu investigar qual tipo de animal poderia ter provocado as les\u00f5es"},{"@type":"BreadcrumbList","@id":"https:\/\/www.em.com.br\/emfoco\/2026\/09\/02\/marcas-na-bacia-de-um-homem-enterrado-ha-1-800-anos-revelam-a-mordida-de-um-grande-felino-em-contexto-de-arena-romana\/#breadcrumb","itemListElement":[{"@type":"ListItem","position":1,"name":"In\u00edcio","item":"https:\/\/www.em.com.br\/emfoco\/"},{"@type":"ListItem","position":2,"name":"Marcas na bacia de um homem enterrado h\u00e1 1.800 anos revelam a mordida de um grande felino em contexto de arena romana"}]},{"@type":"WebSite","@id":"https:\/\/www.em.com.br\/emfoco\/#website","url":"https:\/\/www.em.com.br\/emfoco\/","name":"Estado de Minas - Em foco","description":"Acompanhe as \u00faltimas not\u00edcias e fique bem informado sobre tudo o que acontece em Minas Gerais, Brasil e no mundo.","potentialAction":[{"@type":"SearchAction","target":{"@type":"EntryPoint","urlTemplate":"https:\/\/www.em.com.br\/emfoco\/?s={search_term_string}"},"query-input":{"@type":"PropertyValueSpecification","valueRequired":true,"valueName":"search_term_string"}}],"inLanguage":"pt-BR"},{"@type":"Person","@id":"https:\/\/www.em.com.br\/emfoco\/#\/schema\/person\/5379e929a4b966c775d121e23f9bb421","name":"Guilherme Ara\u00fajo","image":{"@type":"ImageObject","inLanguage":"pt-BR","@id":"https:\/\/secure.gravatar.com\/avatar\/063bc96e5a2afd1844386c45bd1360efc771eff011a9fab8cd399e2a104c3ecd?s=96&d=mm&r=g","url":"https:\/\/secure.gravatar.com\/avatar\/063bc96e5a2afd1844386c45bd1360efc771eff011a9fab8cd399e2a104c3ecd?s=96&d=mm&r=g","contentUrl":"https:\/\/secure.gravatar.com\/avatar\/063bc96e5a2afd1844386c45bd1360efc771eff011a9fab8cd399e2a104c3ecd?s=96&d=mm&r=g","caption":"Guilherme Ara\u00fajo"},"sameAs":["https:\/\/www.em.com.br\/emfoco"],"url":"https:\/\/www.em.com.br\/emfoco\/author\/guilhermeamyth\/"}]}},"_links":{"self":[{"href":"https:\/\/www.em.com.br\/emfoco\/wp-json\/wp\/v2\/posts\/261664","targetHints":{"allow":["GET"]}}],"collection":[{"href":"https:\/\/www.em.com.br\/emfoco\/wp-json\/wp\/v2\/posts"}],"about":[{"href":"https:\/\/www.em.com.br\/emfoco\/wp-json\/wp\/v2\/types\/post"}],"author":[{"embeddable":true,"href":"https:\/\/www.em.com.br\/emfoco\/wp-json\/wp\/v2\/users\/30"}],"replies":[{"embeddable":true,"href":"https:\/\/www.em.com.br\/emfoco\/wp-json\/wp\/v2\/comments?post=261664"}],"version-history":[{"count":5,"href":"https:\/\/www.em.com.br\/emfoco\/wp-json\/wp\/v2\/posts\/261664\/revisions"}],"predecessor-version":[{"id":261748,"href":"https:\/\/www.em.com.br\/emfoco\/wp-json\/wp\/v2\/posts\/261664\/revisions\/261748"}],"wp:featuredmedia":[{"embeddable":true,"href":"https:\/\/www.em.com.br\/emfoco\/wp-json\/wp\/v2\/media\/261693"}],"wp:attachment":[{"href":"https:\/\/www.em.com.br\/emfoco\/wp-json\/wp\/v2\/media?parent=261664"}],"wp:term":[{"taxonomy":"category","embeddable":true,"href":"https:\/\/www.em.com.br\/emfoco\/wp-json\/wp\/v2\/categories?post=261664"},{"taxonomy":"post_tag","embeddable":true,"href":"https:\/\/www.em.com.br\/emfoco\/wp-json\/wp\/v2\/tags?post=261664"}],"curies":[{"name":"wp","href":"https:\/\/api.w.org\/{rel}","templated":true}]}}