{"id":26151,"date":"2025-03-17T20:00:00","date_gmt":"2025-03-17T23:00:00","guid":{"rendered":"https:\/\/www.em.com.br\/emfoco\/?p=26151"},"modified":"2025-06-14T12:07:02","modified_gmt":"2025-06-14T15:07:02","slug":"mini-suv-mais-barato-do-brasil-consegue-rodar-30km-por-litro","status":"publish","type":"post","link":"https:\/\/www.em.com.br\/emfoco\/2025\/03\/17\/mini-suv-mais-barato-do-brasil-consegue-rodar-30km-por-litro\/","title":{"rendered":"Mini SUV mais barato do Brasil consegue rodar 30km por litro"},"content":{"rendered":"\n<p>A <a href=\"https:\/\/www.toyota.com.br\/\" target=\"_blank\" rel=\"noreferrer noopener\"><strong>Toyota<\/strong> <\/a>est\u00e1 preparando uma revolu\u00e7\u00e3o no segmento de SUVs compactos brasileiros. O <strong>Yaris Cross<\/strong> chega em 2025 como primeiro SUV h\u00edbrido verdadeiramente acess\u00edvel do <strong>pa\u00eds<\/strong>, prometendo at\u00e9 30 km\/l de efici\u00eancia. N\u00e3o \u00e9 apenas mais um lan\u00e7amento, mas marco que pode acelerar transi\u00e7\u00e3o para mobilidade sustent\u00e1vel no mercado nacional. Com investimento de R$ 1,7 bilh\u00f5es na planta de <strong>Sorocaba<\/strong>, a marca japonesa demonstra compromisso s\u00e9rio com eletrifica\u00e7\u00e3o local.<\/p>\n\n\n\n<p>Constru\u00eddo sobre plataforma <strong>DNGA<\/strong> que prioriza leveza e efici\u00eancia, o modelo combina <strong><a href=\"https:\/\/www.em.com.br\/emfoco\/2025\/05\/16\/novo-audi-a6-e-tron-chega-ao-brasil-para-revolucionar-o-mercado-de-sedans-eletricos\/\" target=\"_blank\" rel=\"noreferrer noopener\">motor <\/a><\/strong>1.5 16V flex <strong>Atkinson<\/strong> com motor el\u00e9trico, gerando 113 cavalos de pot\u00eancia combinada. Transmiss\u00e3o <strong>eCVT<\/strong> e sistema de regenera\u00e7\u00e3o de energia durante frenagem completam tecnologia h\u00edbrida que pode transformar percep\u00e7\u00e3o brasileira sobre carros sustent\u00e1veis. \u00c9 proposta que equilibra inova\u00e7\u00e3o com praticidade, essencial para conquistar consumidores ainda c\u00e9ticos sobre eletrifica\u00e7\u00e3o.<\/p>\n\n\n\n<h2 class=\"wp-block-heading\">Por que as dimens\u00f5es compactas s\u00e3o estrat\u00e9gicas?<\/h2>\n\n\n\n<p><strong>Yaris Cross<\/strong> mede 4,31 metros de comprimento e pesa apenas 1.150 kg, dimens\u00f5es ideais para a realidade urbana brasileira. \u00c9 SUV que oferece posi\u00e7\u00e3o de dirigir elevada sem penalizar agilidade no tr\u00e2nsito ou facilidade para estacionar. Tanque de 36 litros pode parecer pequeno, mas sistema h\u00edbrido garante autonomia superior a SUVs convencionais maiores. \u00c9 intelig\u00eancia aplicada que maximiza efici\u00eancia sem sacrificar funcionalidade.<\/p>\n\n\n\n<p>Leveza estrutural da plataforma <strong>DNGA<\/strong> permite que o motor h\u00edbrido trabalhe com m\u00e1xima efici\u00eancia, reduzindo consumo e emiss\u00f5es significativamente. Para consumidores acostumados com SUVs pesados e sedentos, <strong>Yaris Cross<\/strong> representa mudan\u00e7a de paradigma onde menos pode ser definitivamente mais. \u00c9 conceito que pode influenciar toda a ind\u00fastria nacional.<\/p>\n\n\n\n<figure class=\"wp-block-image size-large\"><img loading=\"lazy\" decoding=\"async\" width=\"1024\" height=\"576\" src=\"https:\/\/www.em.com.br\/emfoco\/wp-content\/uploads\/2024\/12\/carros-brazil_1733234984153-1024x576.jpg\" alt=\"As Cidades Brasileiras que Lideram em Carros El\u00e9tricos!\" class=\"wp-image-2966\" srcset=\"https:\/\/www.em.com.br\/emfoco\/wp-content\/uploads\/2024\/12\/carros-brazil_1733234984153-1024x576.jpg 1024w, https:\/\/www.em.com.br\/emfoco\/wp-content\/uploads\/2024\/12\/carros-brazil_1733234984153-300x169.jpg 300w, https:\/\/www.em.com.br\/emfoco\/wp-content\/uploads\/2024\/12\/carros-brazil_1733234984153-768x432.jpg 768w, https:\/\/www.em.com.br\/emfoco\/wp-content\/uploads\/2024\/12\/carros-brazil_1733234984153-750x422.jpg 750w, https:\/\/www.em.com.br\/emfoco\/wp-content\/uploads\/2024\/12\/carros-brazil_1733234984153-1140x641.jpg 1140w, https:\/\/www.em.com.br\/emfoco\/wp-content\/uploads\/2024\/12\/carros-brazil_1733234984153.jpg 1280w\" sizes=\"auto, (max-width: 1024px) 100vw, 1024px\" \/><figcaption class=\"wp-element-caption\">Imagem Ilustrativa de Carros &#8211; Cr\u00e9ditos: depositphotos.com \/ vbacarin<\/figcaption><\/figure>\n\n\n\n<h2 class=\"wp-block-heading\">Que tecnologias de seguran\u00e7a o tornam competitivo?<\/h2>\n\n\n\n<p>Equipamento de seguran\u00e7a do <strong>Yaris Cross<\/strong> impressiona pela completude: seis airbags, freios a disco nas quatro rodas, sistema de pr\u00e9-colis\u00e3o e assist\u00eancia de perman\u00eancia em faixa. S\u00e3o recursos que antes eram exclusivos de SUVs premium, agora democratizados em modelo acess\u00edvel. <strong>Toyota<\/strong> entende que seguran\u00e7a n\u00e3o pode ser luxo opcional, especialmente em pa\u00eds com tr\u00e2nsito desafiador como <strong>Brasil<\/strong>.<\/p>\n\n\n\n<p>Interior moderno com painel digital de 7 polegadas e central multim\u00eddia de 10,1 polegadas compat\u00edvel com <strong>Android Auto<\/strong> e <strong>Apple CarPlay<\/strong> completa experi\u00eancia tecnol\u00f3gica. \u00c9 combina\u00e7\u00e3o de praticidade e conectividade que atende expectativas de consumidores modernos. N\u00e3o s\u00e3o apenas especifica\u00e7\u00f5es t\u00e9cnicas, mas elementos que tornam o uso di\u00e1rio mais seguro e agrad\u00e1vel.<\/p>\n\n\n\n<h2 class=\"wp-block-heading\">Como o pre\u00e7o pode revolucionar mercado h\u00edbrido?<\/h2>\n\n\n\n<p>Pre\u00e7os estimados de R$ 150.000 para vers\u00e3o convencional e R$ 165.000 para h\u00edbrida colocam <strong>Yaris Cross<\/strong> em territ\u00f3rio competitivo com SUVs tradicionais. Diferen\u00e7a de apenas R$ 15.000 entre vers\u00f5es pode ser crucial para democratizar tecnologia h\u00edbrida. Quando economia de combust\u00edvel \u00e9 considerada, a vers\u00e3o h\u00edbrida pode se pagar sozinha ao longo dos anos de uso.<\/p>\n\n\n\n<p>Produ\u00e7\u00e3o nacional em <strong>Sorocaba<\/strong> elimina custos de importa\u00e7\u00e3o que tornariam o modelo invi\u00e1vel financeiramente. <strong>Toyota<\/strong> aplicou estrat\u00e9gia inteligente de localizar produ\u00e7\u00e3o para oferecer tecnologia avan\u00e7ada sem pre\u00e7os proibitivos. \u00c9 abordagem que pode servir de modelo para outras montadoras interessadas em eletrificar ofertas nacionais.<\/p>\n\n\n\n<h2 class=\"wp-block-heading\">Qual impacto na populariza\u00e7\u00e3o de ve\u00edculos sustent\u00e1veis?<\/h2>\n\n\n\n<p><strong>Yaris Cross<\/strong> pode ser catalisador que acelera a ado\u00e7\u00e3o de ve\u00edculos h\u00edbridos no <strong>Brasil<\/strong>. <strong>Toyota<\/strong> possui experi\u00eancia consolidada em tecnologia h\u00edbrida mundial, credibilidade que pode superar o ceticismo inicial dos consumidores brasileiros. Sucesso do modelo pode encorajar outras montadoras a investirem em tecnologias similares, criando c\u00edrculo virtuoso de inova\u00e7\u00e3o e competi\u00e7\u00e3o.<\/p>\n\n\n\n<p>Contribui\u00e7\u00e3o para redu\u00e7\u00e3o de emiss\u00f5es de carbono alinha <strong>Brasil<\/strong> com metas globais de sustentabilidade. Cada <strong>Yaris Cross<\/strong> vendido representa passo concreto em dire\u00e7\u00e3o a mobilidade mais limpa. \u00c9 impacto que vai al\u00e9m de vendas individuais, influenciando consci\u00eancia coletiva sobre a import\u00e2ncia de escolhas sustent\u00e1veis.<\/p>\n\n\n\n<h2 class=\"wp-block-heading\">O Yaris Cross pode transformar percep\u00e7\u00e3o sobre SUVs no Brasil?<\/h2>\n\n\n\n<p><strong>Toyota Yaris Cross<\/strong> chega num momento perfeito para redefinir expectativas sobre SUVs compactos brasileiros. Combina\u00e7\u00e3o de efici\u00eancia energ\u00e9tica, tecnologia avan\u00e7ada e pre\u00e7o competitivo cria proposta de valor \u00fanica no mercado nacional. \u00c9 modelo que prova que sustentabilidade e praticidade podem coexistir harmoniosamente.<\/p>\n\n\n\n<p>Se <strong>Toyota<\/strong> conseguir replicar sucesso global da tecnologia h\u00edbrida no <strong>Brasil<\/strong>, <strong>Yaris Cross<\/strong> pode ser lembrado como marco na transi\u00e7\u00e3o energ\u00e9tica da mobilidade nacional. \u00c9 oportunidade hist\u00f3rica de democratizar acesso a ve\u00edculos sustent\u00e1veis, transformando <strong>Brasil<\/strong> de seguidor em mercado relevante para inova\u00e7\u00e3o automotiva global. O futuro da mobilidade brasileira pode come\u00e7ar com este SUV compacto que promete muito mais que apenas economia de combust\u00edvel.<\/p>\n","protected":false},"excerpt":{"rendered":"<p>A Toyota est\u00e1 preparando uma revolu\u00e7\u00e3o no segmento de SUVs compactos brasileiros. O Yaris Cross chega em 2025 como primeiro SUV h\u00edbrido verdadeiramente acess\u00edvel do pa\u00eds, prometendo at\u00e9 30 km\/l de efici\u00eancia. N\u00e3o \u00e9 apenas mais um lan\u00e7amento, mas marco que pode acelerar transi\u00e7\u00e3o para mobilidade sustent\u00e1vel no mercado nacional. Com investimento de R$ 1,7 [&hellip;]<\/p>\n","protected":false},"author":5,"featured_media":9914,"comment_status":"open","ping_status":"open","sticky":false,"template":"","format":"standard","meta":{"jnews-multi-image_gallery":[],"jnews_single_post":{"format":"standard"},"jnews_primary_category":[],"jnews_social_meta":[],"jnews_override_counter":[],"footnotes":""},"categories":[27,1],"tags":[2075,1204,2074,5970],"class_list":["post-26151","post","type-post","status-publish","format-standard","has-post-thumbnail","hentry","category-carros","category-noticias","tag-hibrido","tag-suv-compacto","tag-veiculo-eletrico","tag-yaris-cross"],"yoast_head":"<!-- This site is optimized with the Yoast SEO plugin v23.8 - https:\/\/yoast.com\/wordpress\/plugins\/seo\/ -->\n<title>Mini SUV mais barato do Brasil consegue rodar 30km por litro - Estado de Minas - Em foco<\/title>\n<meta name=\"description\" content=\"Toyota lan\u00e7a o Yaris Cross no Brasil com motoriza\u00e7\u00e3o h\u00edbrida, painel digital e central multim\u00eddia. Confira tudo sobre o novo SUV compacto!\" \/>\n<meta name=\"robots\" content=\"index, follow, max-snippet:-1, max-image-preview:large, max-video-preview:-1\" \/>\n<link rel=\"canonical\" href=\"https:\/\/www.em.com.br\/emfoco\/2025\/03\/17\/mini-suv-mais-barato-do-brasil-consegue-rodar-30km-por-litro\/\" \/>\n<meta property=\"og:locale\" content=\"pt_BR\" \/>\n<meta property=\"og:type\" content=\"article\" \/>\n<meta property=\"og:title\" content=\"Mini SUV mais barato do Brasil consegue rodar 30km por litro - Estado de Minas - Em foco\" \/>\n<meta property=\"og:description\" content=\"Toyota lan\u00e7a o Yaris Cross no Brasil com motoriza\u00e7\u00e3o h\u00edbrida, painel digital e central multim\u00eddia. Confira tudo sobre o novo SUV compacto!\" \/>\n<meta property=\"og:url\" content=\"https:\/\/www.em.com.br\/emfoco\/2025\/03\/17\/mini-suv-mais-barato-do-brasil-consegue-rodar-30km-por-litro\/\" \/>\n<meta property=\"og:site_name\" content=\"Estado de Minas - Em foco\" \/>\n<meta property=\"article:published_time\" content=\"2025-03-17T23:00:00+00:00\" \/>\n<meta property=\"article:modified_time\" content=\"2025-06-14T15:07:02+00:00\" \/>\n<meta property=\"og:image\" content=\"https:\/\/www.em.com.br\/emfoco\/wp-content\/uploads\/2025\/01\/Toyota_1736604928209.jpg\" \/>\n\t<meta property=\"og:image:width\" content=\"1280\" \/>\n\t<meta property=\"og:image:height\" content=\"720\" \/>\n\t<meta property=\"og:image:type\" content=\"image\/jpeg\" \/>\n<meta name=\"author\" content=\"N\u00fabia Rangel\" \/>\n<meta name=\"twitter:card\" content=\"summary_large_image\" \/>\n<meta name=\"twitter:label1\" content=\"Escrito por\" \/>\n\t<meta name=\"twitter:data1\" content=\"N\u00fabia Rangel\" \/>\n\t<meta name=\"twitter:label2\" content=\"Est. tempo de leitura\" \/>\n\t<meta name=\"twitter:data2\" content=\"5 minutos\" \/>\n<!-- \/ Yoast SEO plugin. -->","yoast_head_json":{"title":"Mini SUV mais barato do Brasil consegue rodar 30km por litro - Estado de Minas - Em foco","description":"Toyota lan\u00e7a o Yaris Cross no Brasil com motoriza\u00e7\u00e3o h\u00edbrida, painel digital e central multim\u00eddia. Confira tudo sobre o novo SUV compacto!","robots":{"index":"index","follow":"follow","max-snippet":"max-snippet:-1","max-image-preview":"max-image-preview:large","max-video-preview":"max-video-preview:-1"},"canonical":"https:\/\/www.em.com.br\/emfoco\/2025\/03\/17\/mini-suv-mais-barato-do-brasil-consegue-rodar-30km-por-litro\/","og_locale":"pt_BR","og_type":"article","og_title":"Mini SUV mais barato do Brasil consegue rodar 30km por litro - Estado de Minas - Em foco","og_description":"Toyota lan\u00e7a o Yaris Cross no Brasil com motoriza\u00e7\u00e3o h\u00edbrida, painel digital e central multim\u00eddia. Confira tudo sobre o novo SUV compacto!","og_url":"https:\/\/www.em.com.br\/emfoco\/2025\/03\/17\/mini-suv-mais-barato-do-brasil-consegue-rodar-30km-por-litro\/","og_site_name":"Estado de Minas - Em foco","article_published_time":"2025-03-17T23:00:00+00:00","article_modified_time":"2025-06-14T15:07:02+00:00","og_image":[{"width":1280,"height":720,"url":"https:\/\/www.em.com.br\/emfoco\/wp-content\/uploads\/2025\/01\/Toyota_1736604928209.jpg","type":"image\/jpeg"}],"author":"N\u00fabia Rangel","twitter_card":"summary_large_image","twitter_misc":{"Escrito por":"N\u00fabia Rangel","Est. tempo de leitura":"5 minutos"},"schema":{"@context":"https:\/\/schema.org","@graph":[{"@type":"WebPage","@id":"https:\/\/www.em.com.br\/emfoco\/2025\/03\/17\/mini-suv-mais-barato-do-brasil-consegue-rodar-30km-por-litro\/","url":"https:\/\/www.em.com.br\/emfoco\/2025\/03\/17\/mini-suv-mais-barato-do-brasil-consegue-rodar-30km-por-litro\/","name":"Mini SUV mais barato do Brasil consegue rodar 30km por litro - Estado de Minas - Em foco","isPartOf":{"@id":"https:\/\/www.em.com.br\/emfoco\/#website"},"primaryImageOfPage":{"@id":"https:\/\/www.em.com.br\/emfoco\/2025\/03\/17\/mini-suv-mais-barato-do-brasil-consegue-rodar-30km-por-litro\/#primaryimage"},"image":{"@id":"https:\/\/www.em.com.br\/emfoco\/2025\/03\/17\/mini-suv-mais-barato-do-brasil-consegue-rodar-30km-por-litro\/#primaryimage"},"thumbnailUrl":"https:\/\/www.em.com.br\/emfoco\/wp-content\/uploads\/2025\/01\/Toyota_1736604928209.jpg","datePublished":"2025-03-17T23:00:00+00:00","dateModified":"2025-06-14T15:07:02+00:00","author":{"@id":"https:\/\/www.em.com.br\/emfoco\/#\/schema\/person\/524437ef54f8a5d32591b143307f2e20"},"description":"Toyota lan\u00e7a o Yaris Cross no Brasil com motoriza\u00e7\u00e3o h\u00edbrida, painel digital e central multim\u00eddia. Confira tudo sobre o novo SUV compacto!","breadcrumb":{"@id":"https:\/\/www.em.com.br\/emfoco\/2025\/03\/17\/mini-suv-mais-barato-do-brasil-consegue-rodar-30km-por-litro\/#breadcrumb"},"inLanguage":"pt-BR","potentialAction":[{"@type":"ReadAction","target":["https:\/\/www.em.com.br\/emfoco\/2025\/03\/17\/mini-suv-mais-barato-do-brasil-consegue-rodar-30km-por-litro\/"]}]},{"@type":"ImageObject","inLanguage":"pt-BR","@id":"https:\/\/www.em.com.br\/emfoco\/2025\/03\/17\/mini-suv-mais-barato-do-brasil-consegue-rodar-30km-por-litro\/#primaryimage","url":"https:\/\/www.em.com.br\/emfoco\/wp-content\/uploads\/2025\/01\/Toyota_1736604928209.jpg","contentUrl":"https:\/\/www.em.com.br\/emfoco\/wp-content\/uploads\/2025\/01\/Toyota_1736604928209.jpg","width":1280,"height":720,"caption":"Logo da Toyota - Cr\u00e9ditos: depositphotos.com \/ mediavn"},{"@type":"BreadcrumbList","@id":"https:\/\/www.em.com.br\/emfoco\/2025\/03\/17\/mini-suv-mais-barato-do-brasil-consegue-rodar-30km-por-litro\/#breadcrumb","itemListElement":[{"@type":"ListItem","position":1,"name":"In\u00edcio","item":"https:\/\/www.em.com.br\/emfoco\/"},{"@type":"ListItem","position":2,"name":"Mini SUV mais barato do Brasil consegue rodar 30km por litro"}]},{"@type":"WebSite","@id":"https:\/\/www.em.com.br\/emfoco\/#website","url":"https:\/\/www.em.com.br\/emfoco\/","name":"Estado de Minas - Em foco","description":"Acompanhe as \u00faltimas not\u00edcias e fique bem informado sobre tudo o que acontece em Minas Gerais, Brasil e no mundo.","potentialAction":[{"@type":"SearchAction","target":{"@type":"EntryPoint","urlTemplate":"https:\/\/www.em.com.br\/emfoco\/?s={search_term_string}"},"query-input":{"@type":"PropertyValueSpecification","valueRequired":true,"valueName":"search_term_string"}}],"inLanguage":"pt-BR"},{"@type":"Person","@id":"https:\/\/www.em.com.br\/emfoco\/#\/schema\/person\/524437ef54f8a5d32591b143307f2e20","name":"N\u00fabia Rangel","image":{"@type":"ImageObject","inLanguage":"pt-BR","@id":"https:\/\/www.em.com.br\/emfoco\/#\/schema\/person\/image\/","url":"https:\/\/secure.gravatar.com\/avatar\/47cff2827a5ba23c37e8068c86817ea4?s=96&d=mm&r=g","contentUrl":"https:\/\/secure.gravatar.com\/avatar\/47cff2827a5ba23c37e8068c86817ea4?s=96&d=mm&r=g","caption":"N\u00fabia Rangel"},"sameAs":["https:\/\/www.em.com.br\/emfoco\/"],"url":"https:\/\/www.em.com.br\/emfoco\/author\/nubiamyth\/"}]}},"_links":{"self":[{"href":"https:\/\/www.em.com.br\/emfoco\/wp-json\/wp\/v2\/posts\/26151","targetHints":{"allow":["GET"]}}],"collection":[{"href":"https:\/\/www.em.com.br\/emfoco\/wp-json\/wp\/v2\/posts"}],"about":[{"href":"https:\/\/www.em.com.br\/emfoco\/wp-json\/wp\/v2\/types\/post"}],"author":[{"embeddable":true,"href":"https:\/\/www.em.com.br\/emfoco\/wp-json\/wp\/v2\/users\/5"}],"replies":[{"embeddable":true,"href":"https:\/\/www.em.com.br\/emfoco\/wp-json\/wp\/v2\/comments?post=26151"}],"version-history":[{"count":4,"href":"https:\/\/www.em.com.br\/emfoco\/wp-json\/wp\/v2\/posts\/26151\/revisions"}],"predecessor-version":[{"id":60630,"href":"https:\/\/www.em.com.br\/emfoco\/wp-json\/wp\/v2\/posts\/26151\/revisions\/60630"}],"wp:featuredmedia":[{"embeddable":true,"href":"https:\/\/www.em.com.br\/emfoco\/wp-json\/wp\/v2\/media\/9914"}],"wp:attachment":[{"href":"https:\/\/www.em.com.br\/emfoco\/wp-json\/wp\/v2\/media?parent=26151"}],"wp:term":[{"taxonomy":"category","embeddable":true,"href":"https:\/\/www.em.com.br\/emfoco\/wp-json\/wp\/v2\/categories?post=26151"},{"taxonomy":"post_tag","embeddable":true,"href":"https:\/\/www.em.com.br\/emfoco\/wp-json\/wp\/v2\/tags?post=26151"}],"curies":[{"name":"wp","href":"https:\/\/api.w.org\/{rel}","templated":true}]}}