{"id":26119,"date":"2025-03-17T18:40:00","date_gmt":"2025-03-17T21:40:00","guid":{"rendered":"https:\/\/www.em.com.br\/emfoco\/?p=26119"},"modified":"2025-06-14T19:06:42","modified_gmt":"2025-06-14T22:06:42","slug":"nunca-fiquei-tao-assustado-diz-bill-skarsgard-sobre-papel-em-nosferatu","status":"publish","type":"post","link":"https:\/\/www.em.com.br\/emfoco\/2025\/03\/17\/nunca-fiquei-tao-assustado-diz-bill-skarsgard-sobre-papel-em-nosferatu\/","title":{"rendered":"\u201cNunca fiquei t\u00e3o assustado\u201d, diz Bill Skarsg\u00e5rd sobre papel em \u201cNosferatu\u201d"},"content":{"rendered":"\n<p><strong><a href=\"https:\/\/pt.wikipedia.org\/wiki\/Bill_Skarsg%C3%A5rd\" target=\"_blank\" rel=\"noreferrer noopener\">Bill Skarsg\u00e5rd<\/a><\/strong> j\u00e1 assustou muita gente como Pennywise em <strong>It &#8211; A Coisa<\/strong>. Mas agora ele diz que encontrou algo ainda mais aterrorizante. No novo <strong>Nosferatu<\/strong>, ele interpreta o Conde Orlok. E garante que nunca passou por nada t\u00e3o intenso na carreira.<\/p>\n\n\n\n<p>O ator sueco de 34 anos teve que se transformar completamente para o papel. N\u00e3o foi s\u00f3 quest\u00e3o de maquiagem ou figurino. Foi mexer com a mente mesmo. Ele conta que precisou ir a lugares emocionais que nunca havia explorado antes.<\/p>\n\n\n\n<p>O <strong><a href=\"https:\/\/www.em.com.br\/emfoco\/2025\/02\/05\/filme-emocionante-com-95-de-aprovacao-chega-a-netflix-uma-historia-que-vai-tocar-sua-alma\/\" target=\"_blank\" rel=\"noreferrer noopener\">filme <\/a><\/strong>estreou em 2025 e \u00e9 uma nova vers\u00e3o do cl\u00e1ssico do terror g\u00f3tico. <strong>Robert Eggers<\/strong> dirigiu, e voc\u00ea j\u00e1 sabe que ele n\u00e3o facilita para ningu\u00e9m. O cara \u00e9 conhecido por ser perfeccionista e exigir o m\u00e1ximo dos atores.<\/p>\n\n\n\n<h2 class=\"wp-block-heading\">Como ele criou a voz assombrada do vampiro?<\/h2>\n\n\n\n<p>A parte mais complicada foi criar a voz do Conde Orlok. <strong>Skarsg\u00e5rd<\/strong> precisava soar amea\u00e7ador, mas sem parecer for\u00e7ado. A solu\u00e7\u00e3o veio de um lugar inesperado: ele trabalhou com um cantor de \u00f3pera para desenvolver um tom grave e sobrenatural.<\/p>\n\n\n\n<p>O processo foi f\u00edsico e mental. Manter aquela voz por horas de filmagem era exaustivo. <strong>Skarsg\u00e5rd<\/strong> diz que chegava em casa completamente esgotado. Era como se o personagem sugasse sua energia de verdade.<\/p>\n\n\n\n<p><strong>Robert Eggers<\/strong> queria algo que fosse al\u00e9m do humano. Uma voz que desse arrepios s\u00f3 de ouvir. <strong>Skarsg\u00e5rd<\/strong> teve que relaxar completamente para deixar sua voz descer a tons que nem sabia que conseguia alcan\u00e7ar.<\/p>\n\n\n\n<p>O resultado impressionou at\u00e9 os colegas de set. <strong>Nicholas Hoult<\/strong>, que contracenou com ele, disse que \u00e0s vezes ficava genuinamente intimidado. Era dif\u00edcil separar o ator do monstro que ele estava interpretando.<\/p>\n\n\n\n<figure class=\"wp-block-embed is-type-video is-provider-youtube wp-block-embed-youtube wp-embed-aspect-16-9 wp-has-aspect-ratio\"><div class=\"wp-block-embed__wrapper\">\n<div class=\"jeg_video_container jeg_video_content\"><iframe loading=\"lazy\" title=\"NOSFERATU - Official Trailer [HD] - Only In Theaters December 25\" width=\"500\" height=\"281\" src=\"https:\/\/www.youtube.com\/embed\/nulvWqYUM8k?feature=oembed\" frameborder=\"0\" allow=\"accelerometer; autoplay; clipboard-write; encrypted-media; gyroscope; picture-in-picture; web-share\" referrerpolicy=\"strict-origin-when-cross-origin\" allowfullscreen><\/iframe><\/div>\n<\/div><\/figure>\n\n\n\n<h2 class=\"wp-block-heading\">Que desafios ele enfrentou durante as filmagens?<\/h2>\n\n\n\n<p>Permanecer no personagem foi mais dif\u00edcil do que <strong>Skarsg\u00e5rd<\/strong> imaginava. O Conde Orlok n\u00e3o \u00e9 s\u00f3 um vil\u00e3o comum. \u00c9 uma criatura antiga, carregada de s\u00e9culos de dor e sede. Incorporar isso por meses de filmagem mexeu com a cabe\u00e7a do ator.<\/p>\n\n\n\n<p>Ele precisava encontrar momentos para &#8220;sair&#8221; do personagem e respirar. Caso contr\u00e1rio, corria o risco de levar aquela energia sombria para casa. Era um equil\u00edbrio delicado entre dar tudo de si e preservar sua sa\u00fade mental.<\/p>\n\n\n\n<p>Os colegas de elenco ajudaram nesse processo. <strong>Lily-Rose Depp<\/strong>, <strong>Willem Dafoe<\/strong>, <strong>Emma Corrin<\/strong> e <strong>Aaron-Taylor Johnson<\/strong> formavam um time unido. Todos entendiam a intensidade do projeto e se apoiavam mutuamente.<\/p>\n\n\n\n<p><strong>Eggers<\/strong> tamb\u00e9m foi fundamental. O diretor sabia quando pressionar e quando dar espa\u00e7o. Ele queria autenticidade, mas n\u00e3o ao custo de destruir seu ator principal.<\/p>\n\n\n\n<h2 class=\"wp-block-heading\">Por que esse Nosferatu pode mudar o terror?<\/h2>\n\n\n\n<p>Este n\u00e3o \u00e9 apenas mais um remake. <strong>Eggers<\/strong> tem hist\u00f3rico de reinventar cl\u00e1ssicos do horror. <strong>A Bruxa<\/strong> e <strong>O Farol<\/strong> provaram que ele sabe mexer com os medos mais profundos das pessoas.<\/p>\n\n\n\n<p>Com <strong>Nosferatu<\/strong>, ele est\u00e1 revisitando um \u00edcone do cinema mudo. Mas trazendo para os dias de hoje toda a sofistica\u00e7\u00e3o t\u00e9cnica e narrativa que n\u00e3o existia na \u00e9poca. O resultado promete ser visceral e elegante ao mesmo tempo.<\/p>\n\n\n\n<p>O elenco \u00e9 de primeira linha. Cada ator foi escolhido n\u00e3o s\u00f3 pelo talento, mas pela capacidade de mergulhar fundo em personagens complexos. \u00c9 o tipo de filme que pode redefinir como o p\u00fablico v\u00ea vampiros no cinema.<\/p>\n\n\n\n<h2 class=\"wp-block-heading\">Ser\u00e1 que Skarsg\u00e5rd se superou desta vez?<\/h2>\n\n\n\n<p>Depois de Pennywise, muita gente achava que <strong>Skarsg\u00e5rd<\/strong> havia chegado ao seu limite no horror. Mas parece que ele ainda tinha cartas na manga. O Conde Orlok exigiu dele algo diferente &#8211; menos teatral, mais psicol\u00f3gico.<\/p>\n\n\n\n<p>O ator admite que teve momentos de d\u00favida durante a produ\u00e7\u00e3o. Questionou se conseguiria sustentar a intensidade necess\u00e1ria. Mas a equipe e principalmente <strong>Eggers<\/strong> o ajudaram a encontrar o caminho.<\/p>\n\n\n\n<p>O resultado promete surpreender at\u00e9 quem j\u00e1 conhece o trabalho de <strong>Skarsg\u00e5rd<\/strong>. \u00c9 uma performance que pode estabelecer novos padr\u00f5es para atua\u00e7\u00e3o no g\u00eanero terror.<\/p>\n\n\n\n<h2 class=\"wp-block-heading\">Vale a pena toda essa intensidade?<\/h2>\n\n\n\n<p>Para <strong>Skarsg\u00e5rd<\/strong>, a resposta \u00e9 sim. Ele diz que projetos assim s\u00e3o raros e preciosos. A chance de trabalhar com <strong>Eggers<\/strong> e interpretar um personagem t\u00e3o ic\u00f4nico n\u00e3o aparece todo dia.<\/p>\n\n\n\n<p>O ator tamb\u00e9m sente que cresceu profissionalmente e pessoalmente. Descobriu limites que n\u00e3o sabia que tinha. E principalmente, aprendeu a navegar por territ\u00f3rios emocionais perigosos sem se perder neles.<\/p>\n\n\n\n<p>Para o p\u00fablico, significa a chance de ver uma nova vers\u00e3o de uma hist\u00f3ria cl\u00e1ssica. Com toda a qualidade t\u00e9cnica e art\u00edstica que esperamos de produ\u00e7\u00f5es modernas, mas sem perder a ess\u00eancia que tornou <strong>Nosferatu<\/strong> um marco do cinema.<\/p>\n\n\n\n<h2 class=\"wp-block-heading\">Nosferatu vai assustar mais que It?<\/h2>\n\n\n\n<p>Essa \u00e9 a pergunta que n\u00e3o quer calar. <strong>Skarsg\u00e5rd<\/strong> evita fazer compara\u00e7\u00f5es diretas, mas admite que s\u00e3o tipos diferentes de medo. Pennywise era mais direto, mais na cara. Orlok \u00e9 sutil, psicol\u00f3gico, inquietante.<\/p>\n\n\n\n<p>O pr\u00f3prio ator parece mais orgulhoso desta performance. Talvez porque foi mais desafiadora. Ou porque permitiu que ele explorasse nuances que Pennywise n\u00e3o oferecia.<\/p>\n\n\n\n<p>Uma coisa \u00e9 certa: quem gostou de <strong>It<\/strong> vai querer ver <strong>Nosferatu<\/strong>. E quem curte terror de qualidade tem um novo filme para marcar no calend\u00e1rio.<\/p>\n","protected":false},"excerpt":{"rendered":"<p>Bill Skarsg\u00e5rd j\u00e1 assustou muita gente como Pennywise em It &#8211; A Coisa. Mas agora ele diz que encontrou algo ainda mais aterrorizante. No novo Nosferatu, ele interpreta o Conde Orlok. E garante que nunca passou por nada t\u00e3o intenso na carreira. O ator sueco de 34 anos teve que se transformar completamente para o [&hellip;]<\/p>\n","protected":false},"author":5,"featured_media":25512,"comment_status":"open","ping_status":"open","sticky":false,"template":"","format":"standard","meta":{"jnews-multi-image_gallery":[],"jnews_single_post":{"format":"standard"},"jnews_primary_category":[],"jnews_social_meta":[],"jnews_override_counter":[],"footnotes":""},"categories":[29,137,1],"tags":[5968,5967,3422,3152],"class_list":["post-26119","post","type-post","status-publish","format-standard","has-post-thumbnail","hentry","category-entretenimento","category-filmes","category-noticias","tag-bill-skarsgard","tag-cinema-de-terror","tag-nosferatu","tag-vampiros"],"yoast_head":"<!-- This site is optimized with the Yoast SEO plugin v23.8 - https:\/\/yoast.com\/wordpress\/plugins\/seo\/ -->\n<title>\u201cNunca fiquei t\u00e3o assustado\u201d, diz Bill Skarsg\u00e5rd sobre papel em \u201cNosferatu\u201d - Estado de Minas - Em foco<\/title>\n<meta name=\"description\" content=\"Bill Skarsg\u00e5rd cria uma voz aterrorizante para o Conde Orlok em &#039;Nosferatu&#039; (2024). Saiba como ele levou sua performance ao limite.\" \/>\n<meta name=\"robots\" content=\"index, follow, max-snippet:-1, max-image-preview:large, max-video-preview:-1\" \/>\n<link rel=\"canonical\" href=\"https:\/\/www.em.com.br\/emfoco\/2025\/03\/17\/nunca-fiquei-tao-assustado-diz-bill-skarsgard-sobre-papel-em-nosferatu\/\" \/>\n<meta property=\"og:locale\" content=\"pt_BR\" \/>\n<meta property=\"og:type\" content=\"article\" \/>\n<meta property=\"og:title\" content=\"\u201cNunca fiquei t\u00e3o assustado\u201d, diz Bill Skarsg\u00e5rd sobre papel em \u201cNosferatu\u201d - Estado de Minas - Em foco\" \/>\n<meta property=\"og:description\" content=\"Bill Skarsg\u00e5rd cria uma voz aterrorizante para o Conde Orlok em &#039;Nosferatu&#039; (2024). Saiba como ele levou sua performance ao limite.\" \/>\n<meta property=\"og:url\" content=\"https:\/\/www.em.com.br\/emfoco\/2025\/03\/17\/nunca-fiquei-tao-assustado-diz-bill-skarsgard-sobre-papel-em-nosferatu\/\" \/>\n<meta property=\"og:site_name\" content=\"Estado de Minas - Em foco\" \/>\n<meta property=\"article:published_time\" content=\"2025-03-17T21:40:00+00:00\" \/>\n<meta property=\"article:modified_time\" content=\"2025-06-14T22:06:42+00:00\" \/>\n<meta property=\"og:image\" content=\"https:\/\/www.em.com.br\/emfoco\/wp-content\/uploads\/2025\/03\/Bill-Skarsgard-_1741183229695.jpg\" \/>\n\t<meta property=\"og:image:width\" content=\"1279\" \/>\n\t<meta property=\"og:image:height\" content=\"720\" \/>\n\t<meta property=\"og:image:type\" content=\"image\/jpeg\" \/>\n<meta name=\"author\" content=\"N\u00fabia Rangel\" \/>\n<meta name=\"twitter:card\" content=\"summary_large_image\" \/>\n<meta name=\"twitter:label1\" content=\"Escrito por\" \/>\n\t<meta name=\"twitter:data1\" content=\"N\u00fabia Rangel\" \/>\n\t<meta name=\"twitter:label2\" content=\"Est. tempo de leitura\" \/>\n\t<meta name=\"twitter:data2\" content=\"5 minutos\" \/>\n<!-- \/ Yoast SEO plugin. -->","yoast_head_json":{"title":"\u201cNunca fiquei t\u00e3o assustado\u201d, diz Bill Skarsg\u00e5rd sobre papel em \u201cNosferatu\u201d - Estado de Minas - Em foco","description":"Bill Skarsg\u00e5rd cria uma voz aterrorizante para o Conde Orlok em 'Nosferatu' (2024). Saiba como ele levou sua performance ao limite.","robots":{"index":"index","follow":"follow","max-snippet":"max-snippet:-1","max-image-preview":"max-image-preview:large","max-video-preview":"max-video-preview:-1"},"canonical":"https:\/\/www.em.com.br\/emfoco\/2025\/03\/17\/nunca-fiquei-tao-assustado-diz-bill-skarsgard-sobre-papel-em-nosferatu\/","og_locale":"pt_BR","og_type":"article","og_title":"\u201cNunca fiquei t\u00e3o assustado\u201d, diz Bill Skarsg\u00e5rd sobre papel em \u201cNosferatu\u201d - Estado de Minas - Em foco","og_description":"Bill Skarsg\u00e5rd cria uma voz aterrorizante para o Conde Orlok em 'Nosferatu' (2024). Saiba como ele levou sua performance ao limite.","og_url":"https:\/\/www.em.com.br\/emfoco\/2025\/03\/17\/nunca-fiquei-tao-assustado-diz-bill-skarsgard-sobre-papel-em-nosferatu\/","og_site_name":"Estado de Minas - Em foco","article_published_time":"2025-03-17T21:40:00+00:00","article_modified_time":"2025-06-14T22:06:42+00:00","og_image":[{"width":1279,"height":720,"url":"https:\/\/www.em.com.br\/emfoco\/wp-content\/uploads\/2025\/03\/Bill-Skarsgard-_1741183229695.jpg","type":"image\/jpeg"}],"author":"N\u00fabia Rangel","twitter_card":"summary_large_image","twitter_misc":{"Escrito por":"N\u00fabia Rangel","Est. tempo de leitura":"5 minutos"},"schema":{"@context":"https:\/\/schema.org","@graph":[{"@type":"WebPage","@id":"https:\/\/www.em.com.br\/emfoco\/2025\/03\/17\/nunca-fiquei-tao-assustado-diz-bill-skarsgard-sobre-papel-em-nosferatu\/","url":"https:\/\/www.em.com.br\/emfoco\/2025\/03\/17\/nunca-fiquei-tao-assustado-diz-bill-skarsgard-sobre-papel-em-nosferatu\/","name":"\u201cNunca fiquei t\u00e3o assustado\u201d, diz Bill Skarsg\u00e5rd sobre papel em \u201cNosferatu\u201d - Estado de Minas - Em foco","isPartOf":{"@id":"https:\/\/www.em.com.br\/emfoco\/#website"},"primaryImageOfPage":{"@id":"https:\/\/www.em.com.br\/emfoco\/2025\/03\/17\/nunca-fiquei-tao-assustado-diz-bill-skarsgard-sobre-papel-em-nosferatu\/#primaryimage"},"image":{"@id":"https:\/\/www.em.com.br\/emfoco\/2025\/03\/17\/nunca-fiquei-tao-assustado-diz-bill-skarsgard-sobre-papel-em-nosferatu\/#primaryimage"},"thumbnailUrl":"https:\/\/www.em.com.br\/emfoco\/wp-content\/uploads\/2025\/03\/Bill-Skarsgard-_1741183229695.jpg","datePublished":"2025-03-17T21:40:00+00:00","dateModified":"2025-06-14T22:06:42+00:00","author":{"@id":"https:\/\/www.em.com.br\/emfoco\/#\/schema\/person\/524437ef54f8a5d32591b143307f2e20"},"description":"Bill Skarsg\u00e5rd cria uma voz aterrorizante para o Conde Orlok em 'Nosferatu' (2024). Saiba como ele levou sua performance ao limite.","breadcrumb":{"@id":"https:\/\/www.em.com.br\/emfoco\/2025\/03\/17\/nunca-fiquei-tao-assustado-diz-bill-skarsgard-sobre-papel-em-nosferatu\/#breadcrumb"},"inLanguage":"pt-BR","potentialAction":[{"@type":"ReadAction","target":["https:\/\/www.em.com.br\/emfoco\/2025\/03\/17\/nunca-fiquei-tao-assustado-diz-bill-skarsgard-sobre-papel-em-nosferatu\/"]}]},{"@type":"ImageObject","inLanguage":"pt-BR","@id":"https:\/\/www.em.com.br\/emfoco\/2025\/03\/17\/nunca-fiquei-tao-assustado-diz-bill-skarsgard-sobre-papel-em-nosferatu\/#primaryimage","url":"https:\/\/www.em.com.br\/emfoco\/wp-content\/uploads\/2025\/03\/Bill-Skarsgard-_1741183229695.jpg","contentUrl":"https:\/\/www.em.com.br\/emfoco\/wp-content\/uploads\/2025\/03\/Bill-Skarsgard-_1741183229695.jpg","width":1279,"height":720,"caption":"Bill Skarsg\u00e5rd - Cr\u00e9ditos: depositphotos.com \/ Featureflash"},{"@type":"BreadcrumbList","@id":"https:\/\/www.em.com.br\/emfoco\/2025\/03\/17\/nunca-fiquei-tao-assustado-diz-bill-skarsgard-sobre-papel-em-nosferatu\/#breadcrumb","itemListElement":[{"@type":"ListItem","position":1,"name":"In\u00edcio","item":"https:\/\/www.em.com.br\/emfoco\/"},{"@type":"ListItem","position":2,"name":"\u201cNunca fiquei t\u00e3o assustado\u201d, diz Bill Skarsg\u00e5rd sobre papel em \u201cNosferatu\u201d"}]},{"@type":"WebSite","@id":"https:\/\/www.em.com.br\/emfoco\/#website","url":"https:\/\/www.em.com.br\/emfoco\/","name":"Estado de Minas - Em foco","description":"Acompanhe as \u00faltimas not\u00edcias e fique bem informado sobre tudo o que acontece em Minas Gerais, Brasil e no mundo.","potentialAction":[{"@type":"SearchAction","target":{"@type":"EntryPoint","urlTemplate":"https:\/\/www.em.com.br\/emfoco\/?s={search_term_string}"},"query-input":{"@type":"PropertyValueSpecification","valueRequired":true,"valueName":"search_term_string"}}],"inLanguage":"pt-BR"},{"@type":"Person","@id":"https:\/\/www.em.com.br\/emfoco\/#\/schema\/person\/524437ef54f8a5d32591b143307f2e20","name":"N\u00fabia Rangel","image":{"@type":"ImageObject","inLanguage":"pt-BR","@id":"https:\/\/www.em.com.br\/emfoco\/#\/schema\/person\/image\/","url":"https:\/\/secure.gravatar.com\/avatar\/47cff2827a5ba23c37e8068c86817ea4?s=96&d=mm&r=g","contentUrl":"https:\/\/secure.gravatar.com\/avatar\/47cff2827a5ba23c37e8068c86817ea4?s=96&d=mm&r=g","caption":"N\u00fabia Rangel"},"sameAs":["https:\/\/www.em.com.br\/emfoco\/"],"url":"https:\/\/www.em.com.br\/emfoco\/author\/nubiamyth\/"}]}},"_links":{"self":[{"href":"https:\/\/www.em.com.br\/emfoco\/wp-json\/wp\/v2\/posts\/26119","targetHints":{"allow":["GET"]}}],"collection":[{"href":"https:\/\/www.em.com.br\/emfoco\/wp-json\/wp\/v2\/posts"}],"about":[{"href":"https:\/\/www.em.com.br\/emfoco\/wp-json\/wp\/v2\/types\/post"}],"author":[{"embeddable":true,"href":"https:\/\/www.em.com.br\/emfoco\/wp-json\/wp\/v2\/users\/5"}],"replies":[{"embeddable":true,"href":"https:\/\/www.em.com.br\/emfoco\/wp-json\/wp\/v2\/comments?post=26119"}],"version-history":[{"count":3,"href":"https:\/\/www.em.com.br\/emfoco\/wp-json\/wp\/v2\/posts\/26119\/revisions"}],"predecessor-version":[{"id":60885,"href":"https:\/\/www.em.com.br\/emfoco\/wp-json\/wp\/v2\/posts\/26119\/revisions\/60885"}],"wp:featuredmedia":[{"embeddable":true,"href":"https:\/\/www.em.com.br\/emfoco\/wp-json\/wp\/v2\/media\/25512"}],"wp:attachment":[{"href":"https:\/\/www.em.com.br\/emfoco\/wp-json\/wp\/v2\/media?parent=26119"}],"wp:term":[{"taxonomy":"category","embeddable":true,"href":"https:\/\/www.em.com.br\/emfoco\/wp-json\/wp\/v2\/categories?post=26119"},{"taxonomy":"post_tag","embeddable":true,"href":"https:\/\/www.em.com.br\/emfoco\/wp-json\/wp\/v2\/tags?post=26119"}],"curies":[{"name":"wp","href":"https:\/\/api.w.org\/{rel}","templated":true}]}}